{"id":3313,"date":"2018-07-04T14:54:57","date_gmt":"2018-07-04T14:54:57","guid":{"rendered":"http:\/\/www.campa.com.mx\/site\/?p=3313"},"modified":"2018-07-04T14:54:57","modified_gmt":"2018-07-04T14:54:57","slug":"este-es-el-gabinete-de-economia-para-el-2019","status":"publish","type":"post","link":"https:\/\/www.campa.com.mx\/site\/este-es-el-gabinete-de-economia-para-el-2019\/","title":{"rendered":"\u00c9ste es el gabinete de econom\u00eda para el 2019"},"content":{"rendered":"<p>Desde hace meses,\u00a0Andr\u00e9s Manuel L\u00f3pez Obrador present\u00f3 al que ser\u00e1 su gabinete presidencial, el cual respald\u00f3 tras su virtual triunfo en los comicios electorales\u00a0de este domingo.<\/p>\n<p>Aqu\u00ed te presentamos al grupo de personas que acompa\u00f1ar\u00e1n a L\u00f3pez Obrador a lo largo de su administraci\u00f3n en temas econ\u00f3micos y que desde su llegada deber\u00e1n enfrentar temas \u00e1lgidos como la renegociaci\u00f3n del Tratado de Libre Comercio de Am\u00e9rica del Norte (TLCAN).<\/p>\n<p>Carlos Manuel Urz\u00faa &#8211; Secretario de Hacienda<\/p>\n<p>Investigador en el Colegio M\u00e9xico, es experto en pol\u00edtica econ\u00f3mica del desarrollo y fiscal. Es integrante de la Academia Mexicana de Ciencias. Fue secretario de Finanzas del entonces Distrito Federal entre 2000 y 2003. Ayud\u00f3 a instrumentar la pensi\u00f3n universal para adultos mayores. Como titular de Hacienda, propone reorientar el gasto p\u00fablico y mejorar la recaudaci\u00f3n.<\/p>\n<p>&nbsp;<\/p>\n<p>Graciela M\u00e1rquez Col\u00edn \u2013 Secretaria de Econom\u00eda<\/p>\n<p>Ha sido profesora investigadora del Colegio M\u00e9xico y de la Universidad de Chicago. Es experta en historia del desarrollo econ\u00f3mico de M\u00e9xico y de desigualdad regional. Pertenece al Sistema Nacional de Investigadores (SNI). Escribe sobre historia fiscal, empresarial y de econom\u00eda comparada. Propone incrementar y diversificar las exportaciones, as\u00ed como impulsar la creaci\u00f3n de nuevas empresas.<\/p>\n<p>&nbsp;<\/p>\n<p>Javier Jim\u00e9nez Espri\u00fa \u2013 Secretario de Comunicaciones y Transportes<\/p>\n<p>Es ingeniero mec\u00e1nico electricista por la UNAM y tiene estudios de postgrado en el Conservatoire des Arts et Metiers en Par\u00eds. Fue director de la Facultad de Ingenier\u00eda de la UNAM y director de Mexicana de Aviaci\u00f3n, as\u00ed como subdirector comercial de Pemex. Es miembro de la Real Academia de Ingenier\u00eda de Suecia y de la Academia Internacional de Astron\u00e1utica, secci\u00f3n Ingenier\u00eda. Como titular de la SCT pretende impulsar la ingenier\u00eda mexicana y crear infraestructura para todo el pa\u00eds.<\/p>\n<p>&nbsp;<\/p>\n<p>Roc\u00edo Nahle Garc\u00eda \u2013 Secretaria de Energ\u00eda<\/p>\n<p>Es ingeniera qu\u00edmica por la Universidad Aut\u00f3noma de Zacatecas, con especialidad en petroqu\u00edmica. Conoce los procesos administrativos, financieros y de planeaci\u00f3n de la industria petrolera y petroqu\u00edmica. Trabaj\u00f3 en las plantas de Pajaritos, Cangrejera y Morelos de Pemex. Desde 2015 es diputada por Veracruz y es la actual coordinadora de bancada de Morena. Ha dicho que defender\u00e1 la soberan\u00eda energ\u00e9tica y la transici\u00f3n hacia energ\u00edas limpias y renovables.<\/p>\n<p>&nbsp;<\/p>\n<p>V\u00edctor Villalobos \u2013 Secretario de Agricultura<\/p>\n<p>Ingeniero agr\u00f3nomo y maestro por la Escuela Nacional de de Agricultura de la Universidad de Chapingo, as\u00ed como doctor por la Universidad de Alberta, Canad\u00e1. Trabaj\u00f3 en las secretar\u00edas de Agricultura y en la de Ganader\u00eda en la d\u00e9cada de los 90. Propone democratizar el acceso al financiamiento agrario, diferenciando conforme a la actividad y la regi\u00f3n.<\/p>\n<p>&nbsp;<\/p>\n<p>Miguel Torruco Marqu\u00e9s \u2013 Secretario de Turismo<\/p>\n<p>Realiz\u00f3 estudios sobre hoteler\u00eda en la Universidad de Cornell, Ithaca, Nueva York y es licenciado en Administraci\u00f3n Hotelera y Restaurantera por la Escuela Mexicana de Turismo, donde tambi\u00e9n ejerci\u00f3 como catedr\u00e1tico y subdirector. Con respecto a su trayectoria en el sector privado, fungi\u00f3 en dos administraciones como vicepresidente de Turismo de la Concanaco-Servytur. Tambi\u00e9n fue presidente nacional de la Asociaci\u00f3n Mexicana de Hoteles y Moteles y de la Confederaci\u00f3n Nacional Tur\u00edstica (CNT). Fue secretario de Turismo de la Ciudad de M\u00e9xico del 2012 a 2017. Es autor de 9 libros.<\/p>\n<p>&nbsp;<\/p>\n<p>Luisa Mar\u00eda Alcalde &#8211; Secretaria del Trabajo<\/p>\n<p>Tiene una maestr\u00eda en Derecho por la Universidad de Berkeley y una licenciatura en Derecho por la Universidad Nacional Aut\u00f3noma de M\u00e9xico (UNAM). Ha sido diputada federal por Morena en la LXII Legislatura (2014-2015) y diputada federal plurinominal en la LXII Legislatura, durante la dirigencia de Ricardo Monreal en la bancada de Movimiento Ciudadano (2012-2014).<\/p>\n","protected":false},"excerpt":{"rendered":"<p>Desde hace meses,\u00a0Andr\u00e9s Manuel L\u00f3pez Obrador present\u00f3 al que ser\u00e1 su gabinete presidencial, el cual respald\u00f3 tras su virtual triunfo en los comicios electorales\u00a0de este domingo. Aqu\u00ed te presentamos al grupo de personas que acompa\u00f1ar\u00e1n a L\u00f3pez Obrador a lo [&hellip;]<\/p>\n","protected":false},"author":1,"featured_media":3314,"comment_status":"open","ping_status":"open","sticky":false,"template":"","format":"standard","meta":{"inline_featured_image":false,"_jetpack_memberships_contains_paid_content":false,"footnotes":""},"categories":[173],"tags":[607,750,752,749,751,748],"class_list":["post-3313","post","type-post","status-publish","format-standard","has-post-thumbnail","hentry","category-comercio-exterior","tag-andres-manuel-lopez-obrador","tag-secretaria-de-energia","tag-secretaria-del-trabajo","tag-secretario-de-comunicaciones-y-transportes","tag-secretario-de-turismo","tag-tratado-de-libre-comercio-de-america-del-norte-tlcan"],"yoast_head":"<!-- This site is optimized with the Yoast SEO plugin v20.9 - https:\/\/yoast.com\/wordpress\/plugins\/seo\/ -->\n<title>\u00c9ste es el gabinete de econom\u00eda para el 2019 - Campa<\/title>\n<meta name=\"robots\" content=\"index, follow, max-snippet:-1, max-image-preview:large, max-video-preview:-1\" \/>\n<link rel=\"canonical\" href=\"https:\/\/www.campa.com.mx\/site\/este-es-el-gabinete-de-economia-para-el-2019\/\" \/>\n<meta property=\"og:locale\" content=\"es_ES\" \/>\n<meta property=\"og:type\" content=\"article\" \/>\n<meta property=\"og:title\" content=\"\u00c9ste es el gabinete de econom\u00eda para el 2019 - Campa\" \/>\n<meta property=\"og:description\" content=\"Desde hace meses,\u00a0Andr\u00e9s Manuel L\u00f3pez Obrador present\u00f3 al que ser\u00e1 su gabinete presidencial, el cual respald\u00f3 tras su virtual triunfo en los comicios electorales\u00a0de este domingo. Aqu\u00ed te presentamos al grupo de personas que acompa\u00f1ar\u00e1n a L\u00f3pez Obrador a lo [&hellip;]\" \/>\n<meta property=\"og:url\" content=\"https:\/\/www.campa.com.mx\/site\/este-es-el-gabinete-de-economia-para-el-2019\/\" \/>\n<meta property=\"og:site_name\" content=\"Campa\" \/>\n<meta property=\"article:publisher\" content=\"https:\/\/www.facebook.com\/MovimientoAnexo24\" \/>\n<meta property=\"article:published_time\" content=\"2018-07-04T14:54:57+00:00\" \/>\n<meta property=\"og:image\" content=\"https:\/\/www.campa.com.mx\/site\/wp-content\/uploads\/2018\/07\/E\u0301ste-es-el-gabinete-econo\u0301mico-de-AMLO.png\" \/>\n\t<meta property=\"og:image:width\" content=\"1195\" \/>\n\t<meta property=\"og:image:height\" content=\"624\" \/>\n\t<meta property=\"og:image:type\" content=\"image\/png\" \/>\n<meta name=\"author\" content=\"campa\" \/>\n<meta name=\"twitter:card\" content=\"summary_large_image\" \/>\n<meta name=\"twitter:creator\" content=\"@artycampa\" \/>\n<meta name=\"twitter:site\" content=\"@artycampa\" \/>\n<meta name=\"twitter:label1\" content=\"Escrito por\" \/>\n\t<meta name=\"twitter:data1\" content=\"campa\" \/>\n\t<meta name=\"twitter:label2\" content=\"Tiempo de lectura\" \/>\n\t<meta name=\"twitter:data2\" content=\"3 minutos\" \/>\n<script type=\"application\/ld+json\" class=\"yoast-schema-graph\">{\"@context\":\"https:\/\/schema.org\",\"@graph\":[{\"@type\":\"WebPage\",\"@id\":\"https:\/\/www.campa.com.mx\/site\/este-es-el-gabinete-de-economia-para-el-2019\/\",\"url\":\"https:\/\/www.campa.com.mx\/site\/este-es-el-gabinete-de-economia-para-el-2019\/\",\"name\":\"\u00c9ste es el gabinete de econom\u00eda para el 2019 - Campa\",\"isPartOf\":{\"@id\":\"https:\/\/www.campa.com.mx\/site\/#website\"},\"datePublished\":\"2018-07-04T14:54:57+00:00\",\"dateModified\":\"2018-07-04T14:54:57+00:00\",\"author\":{\"@id\":\"https:\/\/www.campa.com.mx\/site\/#\/schema\/person\/5bf1874b81661ed013f5aa29df30761c\"},\"breadcrumb\":{\"@id\":\"https:\/\/www.campa.com.mx\/site\/este-es-el-gabinete-de-economia-para-el-2019\/#breadcrumb\"},\"inLanguage\":\"es\",\"potentialAction\":[{\"@type\":\"ReadAction\",\"target\":[\"https:\/\/www.campa.com.mx\/site\/este-es-el-gabinete-de-economia-para-el-2019\/\"]}]},{\"@type\":\"BreadcrumbList\",\"@id\":\"https:\/\/www.campa.com.mx\/site\/este-es-el-gabinete-de-economia-para-el-2019\/#breadcrumb\",\"itemListElement\":[{\"@type\":\"ListItem\",\"position\":1,\"name\":\"Portada\",\"item\":\"https:\/\/www.campa.com.mx\/site\/\"},{\"@type\":\"ListItem\",\"position\":2,\"name\":\"\u00c9ste es el gabinete de econom\u00eda para el 2019\"}]},{\"@type\":\"WebSite\",\"@id\":\"https:\/\/www.campa.com.mx\/site\/#website\",\"url\":\"https:\/\/www.campa.com.mx\/site\/\",\"name\":\"Campa\",\"description\":\"Tecnolog\u00eda - Comercio Exterior - Servicios\",\"potentialAction\":[{\"@type\":\"SearchAction\",\"target\":{\"@type\":\"EntryPoint\",\"urlTemplate\":\"https:\/\/www.campa.com.mx\/site\/?s={search_term_string}\"},\"query-input\":\"required name=search_term_string\"}],\"inLanguage\":\"es\"},{\"@type\":\"Person\",\"@id\":\"https:\/\/www.campa.com.mx\/site\/#\/schema\/person\/5bf1874b81661ed013f5aa29df30761c\",\"name\":\"campa\",\"image\":{\"@type\":\"ImageObject\",\"inLanguage\":\"es\",\"@id\":\"https:\/\/www.campa.com.mx\/site\/#\/schema\/person\/image\/\",\"url\":\"https:\/\/secure.gravatar.com\/avatar\/921e6e5cffb9d78857948e938192591b9fd4168d0b55cc795582b49d9dc52bb1?s=96&d=mm&r=g\",\"contentUrl\":\"https:\/\/secure.gravatar.com\/avatar\/921e6e5cffb9d78857948e938192591b9fd4168d0b55cc795582b49d9dc52bb1?s=96&d=mm&r=g\",\"caption\":\"campa\"}}]}<\/script>\n<!-- \/ Yoast SEO plugin. -->","yoast_head_json":{"title":"\u00c9ste es el gabinete de econom\u00eda para el 2019 - Campa","robots":{"index":"index","follow":"follow","max-snippet":"max-snippet:-1","max-image-preview":"max-image-preview:large","max-video-preview":"max-video-preview:-1"},"canonical":"https:\/\/www.campa.com.mx\/site\/este-es-el-gabinete-de-economia-para-el-2019\/","og_locale":"es_ES","og_type":"article","og_title":"\u00c9ste es el gabinete de econom\u00eda para el 2019 - Campa","og_description":"Desde hace meses,\u00a0Andr\u00e9s Manuel L\u00f3pez Obrador present\u00f3 al que ser\u00e1 su gabinete presidencial, el cual respald\u00f3 tras su virtual triunfo en los comicios electorales\u00a0de este domingo. Aqu\u00ed te presentamos al grupo de personas que acompa\u00f1ar\u00e1n a L\u00f3pez Obrador a lo [&hellip;]","og_url":"https:\/\/www.campa.com.mx\/site\/este-es-el-gabinete-de-economia-para-el-2019\/","og_site_name":"Campa","article_publisher":"https:\/\/www.facebook.com\/MovimientoAnexo24","article_published_time":"2018-07-04T14:54:57+00:00","og_image":[{"width":1195,"height":624,"url":"https:\/\/www.campa.com.mx\/site\/wp-content\/uploads\/2018\/07\/E\u0301ste-es-el-gabinete-econo\u0301mico-de-AMLO.png","type":"image\/png"}],"author":"campa","twitter_card":"summary_large_image","twitter_creator":"@artycampa","twitter_site":"@artycampa","twitter_misc":{"Escrito por":"campa","Tiempo de lectura":"3 minutos"},"schema":{"@context":"https:\/\/schema.org","@graph":[{"@type":"WebPage","@id":"https:\/\/www.campa.com.mx\/site\/este-es-el-gabinete-de-economia-para-el-2019\/","url":"https:\/\/www.campa.com.mx\/site\/este-es-el-gabinete-de-economia-para-el-2019\/","name":"\u00c9ste es el gabinete de econom\u00eda para el 2019 - Campa","isPartOf":{"@id":"https:\/\/www.campa.com.mx\/site\/#website"},"datePublished":"2018-07-04T14:54:57+00:00","dateModified":"2018-07-04T14:54:57+00:00","author":{"@id":"https:\/\/www.campa.com.mx\/site\/#\/schema\/person\/5bf1874b81661ed013f5aa29df30761c"},"breadcrumb":{"@id":"https:\/\/www.campa.com.mx\/site\/este-es-el-gabinete-de-economia-para-el-2019\/#breadcrumb"},"inLanguage":"es","potentialAction":[{"@type":"ReadAction","target":["https:\/\/www.campa.com.mx\/site\/este-es-el-gabinete-de-economia-para-el-2019\/"]}]},{"@type":"BreadcrumbList","@id":"https:\/\/www.campa.com.mx\/site\/este-es-el-gabinete-de-economia-para-el-2019\/#breadcrumb","itemListElement":[{"@type":"ListItem","position":1,"name":"Portada","item":"https:\/\/www.campa.com.mx\/site\/"},{"@type":"ListItem","position":2,"name":"\u00c9ste es el gabinete de econom\u00eda para el 2019"}]},{"@type":"WebSite","@id":"https:\/\/www.campa.com.mx\/site\/#website","url":"https:\/\/www.campa.com.mx\/site\/","name":"Campa","description":"Tecnolog\u00eda - Comercio Exterior - Servicios","potentialAction":[{"@type":"SearchAction","target":{"@type":"EntryPoint","urlTemplate":"https:\/\/www.campa.com.mx\/site\/?s={search_term_string}"},"query-input":"required name=search_term_string"}],"inLanguage":"es"},{"@type":"Person","@id":"https:\/\/www.campa.com.mx\/site\/#\/schema\/person\/5bf1874b81661ed013f5aa29df30761c","name":"campa","image":{"@type":"ImageObject","inLanguage":"es","@id":"https:\/\/www.campa.com.mx\/site\/#\/schema\/person\/image\/","url":"https:\/\/secure.gravatar.com\/avatar\/921e6e5cffb9d78857948e938192591b9fd4168d0b55cc795582b49d9dc52bb1?s=96&d=mm&r=g","contentUrl":"https:\/\/secure.gravatar.com\/avatar\/921e6e5cffb9d78857948e938192591b9fd4168d0b55cc795582b49d9dc52bb1?s=96&d=mm&r=g","caption":"campa"}}]}},"jetpack_featured_media_url":"https:\/\/www.campa.com.mx\/site\/wp-content\/uploads\/2018\/07\/E\u0301ste-es-el-gabinete-econo\u0301mico-de-AMLO.png","jetpack_sharing_enabled":true,"_links":{"self":[{"href":"https:\/\/www.campa.com.mx\/site\/wp-json\/wp\/v2\/posts\/3313","targetHints":{"allow":["GET"]}}],"collection":[{"href":"https:\/\/www.campa.com.mx\/site\/wp-json\/wp\/v2\/posts"}],"about":[{"href":"https:\/\/www.campa.com.mx\/site\/wp-json\/wp\/v2\/types\/post"}],"author":[{"embeddable":true,"href":"https:\/\/www.campa.com.mx\/site\/wp-json\/wp\/v2\/users\/1"}],"replies":[{"embeddable":true,"href":"https:\/\/www.campa.com.mx\/site\/wp-json\/wp\/v2\/comments?post=3313"}],"version-history":[{"count":1,"href":"https:\/\/www.campa.com.mx\/site\/wp-json\/wp\/v2\/posts\/3313\/revisions"}],"predecessor-version":[{"id":3315,"href":"https:\/\/www.campa.com.mx\/site\/wp-json\/wp\/v2\/posts\/3313\/revisions\/3315"}],"wp:featuredmedia":[{"embeddable":true,"href":"https:\/\/www.campa.com.mx\/site\/wp-json\/wp\/v2\/media\/3314"}],"wp:attachment":[{"href":"https:\/\/www.campa.com.mx\/site\/wp-json\/wp\/v2\/media?parent=3313"}],"wp:term":[{"taxonomy":"category","embeddable":true,"href":"https:\/\/www.campa.com.mx\/site\/wp-json\/wp\/v2\/categories?post=3313"},{"taxonomy":"post_tag","embeddable":true,"href":"https:\/\/www.campa.com.mx\/site\/wp-json\/wp\/v2\/tags?post=3313"}],"curies":[{"name":"wp","href":"https:\/\/api.w.org\/{rel}","templated":true}]}}