{"id":3370,"date":"2018-07-18T14:23:53","date_gmt":"2018-07-18T14:23:53","guid":{"rendered":"http:\/\/www.campa.com.mx\/site\/?p=3370"},"modified":"2018-07-18T14:23:53","modified_gmt":"2018-07-18T14:23:53","slug":"la-ue-y-japon-sellan-acuerdo-de-libre-comercio","status":"publish","type":"post","link":"https:\/\/www.campa.com.mx\/site\/la-ue-y-japon-sellan-acuerdo-de-libre-comercio\/","title":{"rendered":"La UE y Jap\u00f3n sellan, acuerdo de Libre Comercio"},"content":{"rendered":"<p class=\"story-leaf-subtitle-item col-md-10 pull-right\">El pacto permitir\u00e1 ahorrar 1.000 millones de euros anuales en aduanas a los exportadores europeos.<\/p>\n<p>La\u00a0<b>Uni\u00f3n Europea<\/b>\u00a0y\u00a0<b>Jap\u00f3n\u00a0<\/b>han firmado este martes en\u00a0<b>Tokio\u00a0<\/b>el\u00a0<b>acuerdo de libre comercio\u00a0<\/b>que ambas partes pactaron hace un a\u00f1o y que prev\u00e9 la eliminaci\u00f3n de la mayor\u00eda de los aranceles sobre productos comerciados y ahorrar\u00e1 1.000 millones de euros anuales en derechos de aduana a los exportadores europeos.<\/p>\n<p>El tratado ha sido rubricado por el jefe del Ejecutivo comunitario,\u00a0<b>Jean-Claude Juncker<\/b>, y el presidente del Consejo europeo,\u00a0<b>Donald Tusk<\/b>, por parte de la UE, mientras que el primer ministro japon\u00e9s\u00a0<b>Shinzo Abe<\/b>\u00a0ha firmado el acuerdo en nombre del pa\u00eds asi\u00e1tico. La firma llega en un momento en el que el proteccionismo acecha sobre los intercambios por el empuje del presidente de Estados Unidos,\u00a0<b>Donald Trump<\/b>.<\/p>\n<p>El presidente del Consejo europeo, Donald Tusk, ha calificado el acuerdo como \u201cel m\u00e1s grande de la historia\u201d, y ha subrayado que manda \u201cun mensaje claro\u201d contra el proteccionismo en un momento en el que \u201calgunos est\u00e1n cuestionando\u201d las normas comerciales internacionales.<\/p>\n<p>\u201cEstamos mandando el mensaje claro de que estamos juntos contra el proteccionismo\u201d, ha afirmado el polaco en una rueda de prensa tras la firma del tratado, sin nombrar directamente a Trump.<\/p>\n<p>Al igual que Tusk, Juncker ha garantizado que el tratado entre la UE y Jap\u00f3n \u201cva m\u00e1s all\u00e1 de sus costas\u201d al ser \u201cuna declaraci\u00f3n sobre el futuro del comercio libre y justo\u201d. \u201cNo hay protecci\u00f3n en el proteccionismo, y no hay unidad donde hay unilateralismo\u201d, ha manifestado Juncker.<\/p>\n<p>El tratado comercial no entrar\u00e1 en vigor hasta principios de 2019, una vez que el Parlamento Europeo de su consentimiento en oto\u00f1o de este a\u00f1o y Jap\u00f3n cumpla con sus procedimientos nacionales. A nivel europeo el acuerdo con Jap\u00f3n no necesita ser ratificado por los parlamentos nacionales.<\/p>\n<p>El acuerdo econ\u00f3mico cubre tanto productos como servicios, incluidos los financieros, y con su entrada en vigor se eliminar\u00e1n m\u00e1s del 90% de los aranceles que Jap\u00f3n aplica a las importaciones procedentes de la UE. Una vez que finalicen los periodos transitorios, el pa\u00eds asi\u00e1tico habr\u00e1 eliminado los derechos de aduana al 97% de los productos y habr\u00e1 liberalizado parcialmente el resto por medio de contingentes.<\/p>\n<p>En la actualidad, las compa\u00f1\u00edas europeas pagan 1.000 millones de euros al a\u00f1o en derechos de aduana por exportar productos a Jap\u00f3n, seg\u00fan calcula la Comisi\u00f3n Europea. Las exportaciones europeas se elevan a 58.000 millones de euros y a 28.000 millones en el caso de los servicios<\/p>\n<p>El acuerdo eliminar\u00e1 \u201cdr\u00e1sticamente\u201d los derechos de productos agr\u00edcolas. Bruselas calcula que, cuando se aplique totalmente el tratado, el 85% de los productos agroalimentarios de la UE podr\u00e1n entrar en el pa\u00eds asi\u00e1tico libres de aranceles.<\/p>\n<p>En el caso del cerdo, el producto agr\u00edcola m\u00e1s exportado a Jap\u00f3n, se garantizar\u00e1n las exportaciones libres de derechos de carne de cerdo transformada, mientras que las exportaciones de carne fresca de este animal estar\u00e1n \u201cpr\u00e1cticamente libres\u201d de derechos. Con respecto al vino, el segundo producto agr\u00edcola m\u00e1s exportado, los aranceles se eliminar\u00e1n desde el 15% que se aplica actualmente, al igual que los de otras bebidas alcoh\u00f3licas.<\/p>\n<p>En materia de contrataci\u00f3n p\u00fablica, las empresas europeas podr\u00e1n participar en las mismas condiciones que las firmas niponas en las licitaciones p\u00fablicas de las 48 \u201cciudades n\u00facleo\u201d japonesas, cuya poblaci\u00f3n es de entre 300.000 y 500.000 habitantes. El acuerdo tambi\u00e9n eliminar\u00e1 los obst\u00e1culos existentes en la contrataci\u00f3n p\u00fablica del sector del ferrocarril.<\/p>\n<p>Tokio y Bruselas pactaron un periodo de transici\u00f3n para eliminar los aranceles en el sector del autom\u00f3vil, mientras que el proceso de liberalizaci\u00f3n en el sector de componentes y piezas de veh\u00edculos ser\u00e1 m\u00e1s r\u00e1pido.<\/p>\n<p>Fuente:lavanguardia<\/p>\n<p>&nbsp;<\/p>\n","protected":false},"excerpt":{"rendered":"<p>El pacto permitir\u00e1 ahorrar 1.000 millones de euros anuales en aduanas a los exportadores europeos. La\u00a0Uni\u00f3n Europea\u00a0y\u00a0Jap\u00f3n\u00a0han firmado este martes en\u00a0Tokio\u00a0el\u00a0acuerdo de libre comercio\u00a0que ambas partes pactaron hace un a\u00f1o y que prev\u00e9 la eliminaci\u00f3n de la mayor\u00eda de los [&hellip;]<\/p>\n","protected":false},"author":1,"featured_media":3371,"comment_status":"open","ping_status":"open","sticky":false,"template":"","format":"standard","meta":{"inline_featured_image":false,"_jetpack_memberships_contains_paid_content":false,"footnotes":""},"categories":[173],"tags":[822,821,819,386,823,818,820,817],"class_list":["post-3370","post","type-post","status-publish","format-standard","has-post-thumbnail","hentry","category-comercio-exterior","tag-acuerdo-de-libre-comercio","tag-donald-tusk","tag-firma-del-tratado","tag-japon","tag-jean-claude-juncker","tag-juncker","tag-trump","tag-union-europea"],"yoast_head":"<!-- This site is optimized with the Yoast SEO plugin v20.9 - https:\/\/yoast.com\/wordpress\/plugins\/seo\/ -->\n<title>La UE y Jap\u00f3n sellan, acuerdo de Libre Comercio - Campa<\/title>\n<meta name=\"robots\" content=\"index, follow, max-snippet:-1, max-image-preview:large, max-video-preview:-1\" \/>\n<link rel=\"canonical\" href=\"https:\/\/www.campa.com.mx\/site\/la-ue-y-japon-sellan-acuerdo-de-libre-comercio\/\" \/>\n<meta property=\"og:locale\" content=\"es_ES\" \/>\n<meta property=\"og:type\" content=\"article\" \/>\n<meta property=\"og:title\" content=\"La UE y Jap\u00f3n sellan, acuerdo de Libre Comercio - Campa\" \/>\n<meta property=\"og:description\" content=\"El pacto permitir\u00e1 ahorrar 1.000 millones de euros anuales en aduanas a los exportadores europeos. La\u00a0Uni\u00f3n Europea\u00a0y\u00a0Jap\u00f3n\u00a0han firmado este martes en\u00a0Tokio\u00a0el\u00a0acuerdo de libre comercio\u00a0que ambas partes pactaron hace un a\u00f1o y que prev\u00e9 la eliminaci\u00f3n de la mayor\u00eda de los [&hellip;]\" \/>\n<meta property=\"og:url\" content=\"https:\/\/www.campa.com.mx\/site\/la-ue-y-japon-sellan-acuerdo-de-libre-comercio\/\" \/>\n<meta property=\"og:site_name\" content=\"Campa\" \/>\n<meta property=\"article:publisher\" content=\"https:\/\/www.facebook.com\/MovimientoAnexo24\" \/>\n<meta property=\"article:published_time\" content=\"2018-07-18T14:23:53+00:00\" \/>\n<meta property=\"og:image\" content=\"https:\/\/www.campa.com.mx\/site\/wp-content\/uploads\/2018\/07\/La-UE-y-Japo\u0301n-sellan-su-acuerdo-de-libre-comercio.png\" \/>\n\t<meta property=\"og:image:width\" content=\"1196\" \/>\n\t<meta property=\"og:image:height\" content=\"623\" \/>\n\t<meta property=\"og:image:type\" content=\"image\/png\" \/>\n<meta name=\"author\" content=\"campa\" \/>\n<meta name=\"twitter:card\" content=\"summary_large_image\" \/>\n<meta name=\"twitter:creator\" content=\"@artycampa\" \/>\n<meta name=\"twitter:site\" content=\"@artycampa\" \/>\n<meta name=\"twitter:label1\" content=\"Escrito por\" \/>\n\t<meta name=\"twitter:data1\" content=\"campa\" \/>\n\t<meta name=\"twitter:label2\" content=\"Tiempo de lectura\" \/>\n\t<meta name=\"twitter:data2\" content=\"3 minutos\" \/>\n<script type=\"application\/ld+json\" class=\"yoast-schema-graph\">{\"@context\":\"https:\/\/schema.org\",\"@graph\":[{\"@type\":\"WebPage\",\"@id\":\"https:\/\/www.campa.com.mx\/site\/la-ue-y-japon-sellan-acuerdo-de-libre-comercio\/\",\"url\":\"https:\/\/www.campa.com.mx\/site\/la-ue-y-japon-sellan-acuerdo-de-libre-comercio\/\",\"name\":\"La UE y Jap\u00f3n sellan, acuerdo de Libre Comercio - Campa\",\"isPartOf\":{\"@id\":\"https:\/\/www.campa.com.mx\/site\/#website\"},\"datePublished\":\"2018-07-18T14:23:53+00:00\",\"dateModified\":\"2018-07-18T14:23:53+00:00\",\"author\":{\"@id\":\"https:\/\/www.campa.com.mx\/site\/#\/schema\/person\/5bf1874b81661ed013f5aa29df30761c\"},\"breadcrumb\":{\"@id\":\"https:\/\/www.campa.com.mx\/site\/la-ue-y-japon-sellan-acuerdo-de-libre-comercio\/#breadcrumb\"},\"inLanguage\":\"es\",\"potentialAction\":[{\"@type\":\"ReadAction\",\"target\":[\"https:\/\/www.campa.com.mx\/site\/la-ue-y-japon-sellan-acuerdo-de-libre-comercio\/\"]}]},{\"@type\":\"BreadcrumbList\",\"@id\":\"https:\/\/www.campa.com.mx\/site\/la-ue-y-japon-sellan-acuerdo-de-libre-comercio\/#breadcrumb\",\"itemListElement\":[{\"@type\":\"ListItem\",\"position\":1,\"name\":\"Portada\",\"item\":\"https:\/\/www.campa.com.mx\/site\/\"},{\"@type\":\"ListItem\",\"position\":2,\"name\":\"La UE y Jap\u00f3n sellan, acuerdo de Libre Comercio\"}]},{\"@type\":\"WebSite\",\"@id\":\"https:\/\/www.campa.com.mx\/site\/#website\",\"url\":\"https:\/\/www.campa.com.mx\/site\/\",\"name\":\"Campa\",\"description\":\"Tecnolog\u00eda - Comercio Exterior - Servicios\",\"potentialAction\":[{\"@type\":\"SearchAction\",\"target\":{\"@type\":\"EntryPoint\",\"urlTemplate\":\"https:\/\/www.campa.com.mx\/site\/?s={search_term_string}\"},\"query-input\":\"required name=search_term_string\"}],\"inLanguage\":\"es\"},{\"@type\":\"Person\",\"@id\":\"https:\/\/www.campa.com.mx\/site\/#\/schema\/person\/5bf1874b81661ed013f5aa29df30761c\",\"name\":\"campa\",\"image\":{\"@type\":\"ImageObject\",\"inLanguage\":\"es\",\"@id\":\"https:\/\/www.campa.com.mx\/site\/#\/schema\/person\/image\/\",\"url\":\"https:\/\/secure.gravatar.com\/avatar\/921e6e5cffb9d78857948e938192591b9fd4168d0b55cc795582b49d9dc52bb1?s=96&d=mm&r=g\",\"contentUrl\":\"https:\/\/secure.gravatar.com\/avatar\/921e6e5cffb9d78857948e938192591b9fd4168d0b55cc795582b49d9dc52bb1?s=96&d=mm&r=g\",\"caption\":\"campa\"}}]}<\/script>\n<!-- \/ Yoast SEO plugin. -->","yoast_head_json":{"title":"La UE y Jap\u00f3n sellan, acuerdo de Libre Comercio - Campa","robots":{"index":"index","follow":"follow","max-snippet":"max-snippet:-1","max-image-preview":"max-image-preview:large","max-video-preview":"max-video-preview:-1"},"canonical":"https:\/\/www.campa.com.mx\/site\/la-ue-y-japon-sellan-acuerdo-de-libre-comercio\/","og_locale":"es_ES","og_type":"article","og_title":"La UE y Jap\u00f3n sellan, acuerdo de Libre Comercio - Campa","og_description":"El pacto permitir\u00e1 ahorrar 1.000 millones de euros anuales en aduanas a los exportadores europeos. La\u00a0Uni\u00f3n Europea\u00a0y\u00a0Jap\u00f3n\u00a0han firmado este martes en\u00a0Tokio\u00a0el\u00a0acuerdo de libre comercio\u00a0que ambas partes pactaron hace un a\u00f1o y que prev\u00e9 la eliminaci\u00f3n de la mayor\u00eda de los [&hellip;]","og_url":"https:\/\/www.campa.com.mx\/site\/la-ue-y-japon-sellan-acuerdo-de-libre-comercio\/","og_site_name":"Campa","article_publisher":"https:\/\/www.facebook.com\/MovimientoAnexo24","article_published_time":"2018-07-18T14:23:53+00:00","og_image":[{"width":1196,"height":623,"url":"https:\/\/www.campa.com.mx\/site\/wp-content\/uploads\/2018\/07\/La-UE-y-Japo\u0301n-sellan-su-acuerdo-de-libre-comercio.png","type":"image\/png"}],"author":"campa","twitter_card":"summary_large_image","twitter_creator":"@artycampa","twitter_site":"@artycampa","twitter_misc":{"Escrito por":"campa","Tiempo de lectura":"3 minutos"},"schema":{"@context":"https:\/\/schema.org","@graph":[{"@type":"WebPage","@id":"https:\/\/www.campa.com.mx\/site\/la-ue-y-japon-sellan-acuerdo-de-libre-comercio\/","url":"https:\/\/www.campa.com.mx\/site\/la-ue-y-japon-sellan-acuerdo-de-libre-comercio\/","name":"La UE y Jap\u00f3n sellan, acuerdo de Libre Comercio - Campa","isPartOf":{"@id":"https:\/\/www.campa.com.mx\/site\/#website"},"datePublished":"2018-07-18T14:23:53+00:00","dateModified":"2018-07-18T14:23:53+00:00","author":{"@id":"https:\/\/www.campa.com.mx\/site\/#\/schema\/person\/5bf1874b81661ed013f5aa29df30761c"},"breadcrumb":{"@id":"https:\/\/www.campa.com.mx\/site\/la-ue-y-japon-sellan-acuerdo-de-libre-comercio\/#breadcrumb"},"inLanguage":"es","potentialAction":[{"@type":"ReadAction","target":["https:\/\/www.campa.com.mx\/site\/la-ue-y-japon-sellan-acuerdo-de-libre-comercio\/"]}]},{"@type":"BreadcrumbList","@id":"https:\/\/www.campa.com.mx\/site\/la-ue-y-japon-sellan-acuerdo-de-libre-comercio\/#breadcrumb","itemListElement":[{"@type":"ListItem","position":1,"name":"Portada","item":"https:\/\/www.campa.com.mx\/site\/"},{"@type":"ListItem","position":2,"name":"La UE y Jap\u00f3n sellan, acuerdo de Libre Comercio"}]},{"@type":"WebSite","@id":"https:\/\/www.campa.com.mx\/site\/#website","url":"https:\/\/www.campa.com.mx\/site\/","name":"Campa","description":"Tecnolog\u00eda - Comercio Exterior - Servicios","potentialAction":[{"@type":"SearchAction","target":{"@type":"EntryPoint","urlTemplate":"https:\/\/www.campa.com.mx\/site\/?s={search_term_string}"},"query-input":"required name=search_term_string"}],"inLanguage":"es"},{"@type":"Person","@id":"https:\/\/www.campa.com.mx\/site\/#\/schema\/person\/5bf1874b81661ed013f5aa29df30761c","name":"campa","image":{"@type":"ImageObject","inLanguage":"es","@id":"https:\/\/www.campa.com.mx\/site\/#\/schema\/person\/image\/","url":"https:\/\/secure.gravatar.com\/avatar\/921e6e5cffb9d78857948e938192591b9fd4168d0b55cc795582b49d9dc52bb1?s=96&d=mm&r=g","contentUrl":"https:\/\/secure.gravatar.com\/avatar\/921e6e5cffb9d78857948e938192591b9fd4168d0b55cc795582b49d9dc52bb1?s=96&d=mm&r=g","caption":"campa"}}]}},"jetpack_featured_media_url":"https:\/\/www.campa.com.mx\/site\/wp-content\/uploads\/2018\/07\/La-UE-y-Japo\u0301n-sellan-su-acuerdo-de-libre-comercio.png","jetpack_sharing_enabled":true,"_links":{"self":[{"href":"https:\/\/www.campa.com.mx\/site\/wp-json\/wp\/v2\/posts\/3370","targetHints":{"allow":["GET"]}}],"collection":[{"href":"https:\/\/www.campa.com.mx\/site\/wp-json\/wp\/v2\/posts"}],"about":[{"href":"https:\/\/www.campa.com.mx\/site\/wp-json\/wp\/v2\/types\/post"}],"author":[{"embeddable":true,"href":"https:\/\/www.campa.com.mx\/site\/wp-json\/wp\/v2\/users\/1"}],"replies":[{"embeddable":true,"href":"https:\/\/www.campa.com.mx\/site\/wp-json\/wp\/v2\/comments?post=3370"}],"version-history":[{"count":1,"href":"https:\/\/www.campa.com.mx\/site\/wp-json\/wp\/v2\/posts\/3370\/revisions"}],"predecessor-version":[{"id":3372,"href":"https:\/\/www.campa.com.mx\/site\/wp-json\/wp\/v2\/posts\/3370\/revisions\/3372"}],"wp:featuredmedia":[{"embeddable":true,"href":"https:\/\/www.campa.com.mx\/site\/wp-json\/wp\/v2\/media\/3371"}],"wp:attachment":[{"href":"https:\/\/www.campa.com.mx\/site\/wp-json\/wp\/v2\/media?parent=3370"}],"wp:term":[{"taxonomy":"category","embeddable":true,"href":"https:\/\/www.campa.com.mx\/site\/wp-json\/wp\/v2\/categories?post=3370"},{"taxonomy":"post_tag","embeddable":true,"href":"https:\/\/www.campa.com.mx\/site\/wp-json\/wp\/v2\/tags?post=3370"}],"curies":[{"name":"wp","href":"https:\/\/api.w.org\/{rel}","templated":true}]}}