{"id":3384,"date":"2018-07-26T14:20:40","date_gmt":"2018-07-26T14:20:40","guid":{"rendered":"http:\/\/www.campa.com.mx\/site\/?p=3384"},"modified":"2018-07-26T14:20:40","modified_gmt":"2018-07-26T14:20:40","slug":"mexico-sera-sede-del-v-encuentro-empresarial-de-la-alianza-del-pacifico","status":"publish","type":"post","link":"https:\/\/www.campa.com.mx\/site\/mexico-sera-sede-del-v-encuentro-empresarial-de-la-alianza-del-pacifico\/","title":{"rendered":"M\u00c9XICO SER\u00c1 SEDE DEL V ENCUENTRO EMPRESARIAL DE LA ALIANZA DEL PAC\u00cdFICO"},"content":{"rendered":"<p>Asistir\u00e1n al evento los presidentes de los cuatro pa\u00edses de la Alianza del Pac\u00edfico.<br \/>\nM\u00e1s de 250 empresarios de alto nivel se dar\u00e1n cita en el encuentro.<br \/>\nLa Alianza del Pac\u00edfico en su conjunto representa la octava econom\u00eda del mundo.<\/p>\n<p>Ciudad de M\u00e9xico. La V edici\u00f3n del Encuentro Empresarial de la Alianza del Pac\u00edfico \u2014organizado por la Secretar\u00eda de Econom\u00eda, a trav\u00e9s de ProM\u00e9xico, con el apoyo de ProChile, Procolombia y PromPer\u00fa, as\u00ed como el Banco Interamericano de Desarrollo y el Consejo Empresarial de la Alianza del Pac\u00edfico y el Consejo Empresarial Mexicano de Comercio Exterior, Inversi\u00f3n y Tecnolog\u00eda\u2014 se llevar\u00e1 a cabo del 22 al 23 de julio de 2018 en Puerto Vallarta, Jalisco.<\/p>\n<p>El encuentro, que tendr\u00e1 lugar en el marco de la XIII Cumbre Presidencial, contar\u00e1 con la presencia de los mandatarios Sebasti\u00e1n Pi\u00f1era, de Chile; Juan Manuel Santos, de Colombia; Enrique Pe\u00f1a Nieto, de M\u00e9xico; y Mart\u00edn Vizcarra, de Per\u00fa. Asimismo, han sido invitados los presidentes del Mercado Com\u00fan del Sur (Mercosur) y se dar\u00e1n cita durante el evento m\u00e1s de 250 empresarios de alto nivel de los cuatro pa\u00edses de la Alianza del Pac\u00edfico, 56 ministros de Estados Observadores y de candidatos a Estados Asociados, as\u00ed como m\u00e1s de 50 funcionarios de gobierno de los cuatro pa\u00edses del bloque, entre otros.<\/p>\n<p>El objetivo del evento ser\u00e1 promover la visi\u00f3n 2030 de la Alianza del Pac\u00edfico en su proceso de integraci\u00f3n profunda con el entorno internacional y dar a conocer los avances en materia de inversi\u00f3n, comercio, agenda digital, integraci\u00f3n financiera y log\u00edstica, entre otros.<\/p>\n<p>Sobre los objetivos del encuentro, el director de ProChile, Jorge O\u00b4Ryan Sch\u00fctz, coment\u00f3: \u201cQueremos seguir trabajando para aumentar y diversificar el intercambio comercial con nuestros socios al interior de la Alianza del Pac\u00edfico; y hacer part\u00edcipes de nuestras discusiones a Australia, Canad\u00e1, Nueva Zelandia y Singapur, con quienes estamos negociando un acuerdo comercial como bloque, a trav\u00e9s de la figura de candidatos a Estado Asociado. Apuntando a ser un bloque que incorpore dentro de su eje central el fomento en \u00e1reas de servicios, innovaci\u00f3n y tecnolog\u00edas\u201d.<\/p>\n<p>Por su parte, el presidente de ProColombia, Felipe Jaramillo, expres\u00f3: \u201cdurante este a\u00f1o que Colombia ha ejercido la presidencia ProTempore, los cuatro pa\u00edses que conformamos la Alianza del Pac\u00edfico hemos creado estrategias orientadas a difundir eficientemente los beneficios de Protocolo Comercial para que los empresarios aprovechen m\u00e1s las oportunidades comerciales que este mecanismo de integraci\u00f3n brinda y as\u00ed se sigan impulsando las exportaciones intraalianza y la diversificaci\u00f3n de mercados, adem\u00e1s de atraer mayor Inversi\u00f3n Extranjera Directa (IED) y m\u00e1s turistas desde China. Compartimos visiones afines de libre comercio, econom\u00eda y desarrollo, lo que ha llevado a que el mundo nos reconozca como un ejemplo de integraci\u00f3n econ\u00f3mica que ofrece m\u00faltiples ventajas competitivas para propiciar la inversi\u00f3n y los negocios en Am\u00e9rica Latina. Por esta raz\u00f3n, en este Encuentro Empresarial seguiremos fortaleciendo nuestro trabajo en equipo, a trav\u00e9s de la promoci\u00f3n de una mayor internacionalizaci\u00f3n de nuestros pa\u00edses, fundamentada en la innovaci\u00f3n y el valor agregado.\u201d<\/p>\n<p>En tanto, el director general de ProM\u00e9xico, Paulo Carre\u00f1o King, afirm\u00f3 que \u201centre los objetivos de esta edici\u00f3n del Encuentro Empresarial de la Alianza del Pac\u00edfico es destacar al bloque regional como un espacio de oportunidades para las empresas de los pa\u00edses miembros; consolidar una visi\u00f3n com\u00fan donde se generen propuestas en beneficio de las empresas; dar a conocer herramientas \u00fatiles para las pymes de los cuatro pa\u00edses, que impulsen su desarrollo econ\u00f3mico intrarregional; realizar actividades conjuntas orientadas a promover el comercio exterior y la inversi\u00f3n; y reforzar acciones comerciales conjuntas y en especial la cooperaci\u00f3n destinada al fortalecimiento de la competitividad e innovaci\u00f3n de las pymes\u201d.<\/p>\n<p>Finalmente, el director de Exportaciones de PromPer\u00fa, Luis Torres Paz, asegur\u00f3 que \u201ctodo el dinamismo del sector empresarial de los pa\u00edses que integran la Alianza del Pac\u00edfico se pondr\u00e1 en evidencia en la pr\u00f3xima realizaci\u00f3n del Encuentro Empresarial, que, en cada edici\u00f3n, ha contribuido al intercambio comercial entre sus miembros y esperamos que cada a\u00f1o vaya creciendo en proporciones mayores. Adem\u00e1s, Per\u00fa recibe expectante en esta edici\u00f3n, la presidencia del bloque, con el compromiso de hacer los mayores esfuerzos para que el proceso de integraci\u00f3n sea mayor y se refleje en el desarrollo y beneficio de nuestros ciudadanos. El \u00e9xito de este bloque queda demostrado con el inter\u00e9s de otras naciones en querer participar como Estados Asociados, como es el caso de Canad\u00e1, Australia, Nueva Zelanda y Singapur. Y estamos seguro que nos encontramos en el camino correcto de la integraci\u00f3n econ\u00f3mica y comercial con Asia-Pac\u00edfico, la regi\u00f3n m\u00e1s din\u00e1mica del mundo\u201d.<\/p>\n<p>Asimismo, en el marco del evento, se llevar\u00e1 a cabo la sesi\u00f3n plenaria del Consejo Empresarial de la Alianza del Pac\u00edfico (CEAP), con el objetivo de fortalecer la integraci\u00f3n econ\u00f3mica del bloque, as\u00ed como presentar avances y propuestas para el siguiente periodo. El CEAP fue constituido el 29 agosto de 2012 y est\u00e1 integrado por empresarios y gremios representativos de los cuatro pa\u00edses: Chile, Colombia, M\u00e9xico y Per\u00fa. El cap\u00edtulo mexicano es presidido por Valent\u00edn Diez Morodo; el sherpa es Sergio Contreras; y el presidente de la Secretar\u00eda T\u00e9cnica es Paulo Carre\u00f1o King.<\/p>\n<p>Actualmente, la Alianza del Pacifico representa la octava econom\u00eda del mundo, con una poblaci\u00f3n de 223 millones de personas. Chile, Colombia, M\u00e9xico y Per\u00fa son las cuatro econom\u00edas m\u00e1s competitivas de la regi\u00f3n, seg\u00fan el \u00cdndice Doing Business del Banco Mundial. El bloque constituye el 38% del total del PIB y el 50% del comercio total de Am\u00e9rica Latina. Asimismo, la Alianza del Pac\u00edfico es la principal exportadora global de trucha, aguacates, ar\u00e1ndanos, guayabas, mangos, uvas, hortalizas, esp\u00e1rragos, cobre, molibdeno, plomo y cinc.<\/p>\n<p>Como bloque, la Alianza del Pac\u00edfico es el 5\u00ba receptor de inversi\u00f3n extranjera directa a nivel global y atrae el 43% de la IED de toda Am\u00e9rica Latina y el Caribe. Atrae 71% de los proyectos de inversi\u00f3n de la regi\u00f3n del sector automotriz; el 58% de textiles, confecciones y dise\u00f1o de modas; el 57% de log\u00edstica; y el 59% de maquinaria y equipo, por nombrar solo algunos.<\/p>\n<p>Fuente:promexico<\/p>\n","protected":false},"excerpt":{"rendered":"<p>Asistir\u00e1n al evento los presidentes de los cuatro pa\u00edses de la Alianza del Pac\u00edfico. M\u00e1s de 250 empresarios de alto nivel se dar\u00e1n cita en el encuentro. La Alianza del Pac\u00edfico en su conjunto representa la octava econom\u00eda del mundo. [&hellip;]<\/p>\n","protected":false},"author":1,"featured_media":3385,"comment_status":"open","ping_status":"open","sticky":false,"template":"","format":"standard","meta":{"inline_featured_image":false,"_jetpack_memberships_contains_paid_content":false,"footnotes":""},"categories":[173],"tags":[827,828,829],"class_list":["post-3384","post","type-post","status-publish","format-standard","has-post-thumbnail","hentry","category-comercio-exterior","tag-encuentro-empresarial-de-la-alianza-del-pacifico","tag-mexico-sera-sede-del-v-encuentro-empresarial-de-la-alianza-del-pacifico","tag-v-edicion-del-encuentro-empresarial-de-la-alianza-del-pacifico"],"yoast_head":"<!-- This site is optimized with the Yoast SEO plugin v20.9 - https:\/\/yoast.com\/wordpress\/plugins\/seo\/ -->\n<title>M\u00c9XICO SER\u00c1 SEDE DEL V ENCUENTRO EMPRESARIAL DE LA ALIANZA DEL PAC\u00cdFICO - Campa<\/title>\n<meta name=\"robots\" content=\"index, follow, max-snippet:-1, max-image-preview:large, max-video-preview:-1\" \/>\n<link rel=\"canonical\" href=\"https:\/\/www.campa.com.mx\/site\/mexico-sera-sede-del-v-encuentro-empresarial-de-la-alianza-del-pacifico\/\" \/>\n<meta property=\"og:locale\" content=\"es_ES\" \/>\n<meta property=\"og:type\" content=\"article\" \/>\n<meta property=\"og:title\" content=\"M\u00c9XICO SER\u00c1 SEDE DEL V ENCUENTRO EMPRESARIAL DE LA ALIANZA DEL PAC\u00cdFICO - Campa\" \/>\n<meta property=\"og:description\" content=\"Asistir\u00e1n al evento los presidentes de los cuatro pa\u00edses de la Alianza del Pac\u00edfico. M\u00e1s de 250 empresarios de alto nivel se dar\u00e1n cita en el encuentro. La Alianza del Pac\u00edfico en su conjunto representa la octava econom\u00eda del mundo. [&hellip;]\" \/>\n<meta property=\"og:url\" content=\"https:\/\/www.campa.com.mx\/site\/mexico-sera-sede-del-v-encuentro-empresarial-de-la-alianza-del-pacifico\/\" \/>\n<meta property=\"og:site_name\" content=\"Campa\" \/>\n<meta property=\"article:publisher\" content=\"https:\/\/www.facebook.com\/MovimientoAnexo24\" \/>\n<meta property=\"article:published_time\" content=\"2018-07-26T14:20:40+00:00\" \/>\n<meta property=\"og:image\" content=\"https:\/\/www.campa.com.mx\/site\/wp-content\/uploads\/2018\/07\/ENCUENTRO-EMPRESARIAL-DE-LA-ALIANZA-DEL-PACI\u0301FICO.png\" \/>\n\t<meta property=\"og:image:width\" content=\"1195\" \/>\n\t<meta property=\"og:image:height\" content=\"622\" \/>\n\t<meta property=\"og:image:type\" content=\"image\/png\" \/>\n<meta name=\"author\" content=\"campa\" \/>\n<meta name=\"twitter:card\" content=\"summary_large_image\" \/>\n<meta name=\"twitter:creator\" content=\"@artycampa\" \/>\n<meta name=\"twitter:site\" content=\"@artycampa\" \/>\n<meta name=\"twitter:label1\" content=\"Escrito por\" \/>\n\t<meta name=\"twitter:data1\" content=\"campa\" \/>\n\t<meta name=\"twitter:label2\" content=\"Tiempo de lectura\" \/>\n\t<meta name=\"twitter:data2\" content=\"6 minutos\" \/>\n<script type=\"application\/ld+json\" class=\"yoast-schema-graph\">{\"@context\":\"https:\/\/schema.org\",\"@graph\":[{\"@type\":\"WebPage\",\"@id\":\"https:\/\/www.campa.com.mx\/site\/mexico-sera-sede-del-v-encuentro-empresarial-de-la-alianza-del-pacifico\/\",\"url\":\"https:\/\/www.campa.com.mx\/site\/mexico-sera-sede-del-v-encuentro-empresarial-de-la-alianza-del-pacifico\/\",\"name\":\"M\u00c9XICO SER\u00c1 SEDE DEL V ENCUENTRO EMPRESARIAL DE LA ALIANZA DEL PAC\u00cdFICO - Campa\",\"isPartOf\":{\"@id\":\"https:\/\/www.campa.com.mx\/site\/#website\"},\"datePublished\":\"2018-07-26T14:20:40+00:00\",\"dateModified\":\"2018-07-26T14:20:40+00:00\",\"author\":{\"@id\":\"https:\/\/www.campa.com.mx\/site\/#\/schema\/person\/5bf1874b81661ed013f5aa29df30761c\"},\"breadcrumb\":{\"@id\":\"https:\/\/www.campa.com.mx\/site\/mexico-sera-sede-del-v-encuentro-empresarial-de-la-alianza-del-pacifico\/#breadcrumb\"},\"inLanguage\":\"es\",\"potentialAction\":[{\"@type\":\"ReadAction\",\"target\":[\"https:\/\/www.campa.com.mx\/site\/mexico-sera-sede-del-v-encuentro-empresarial-de-la-alianza-del-pacifico\/\"]}]},{\"@type\":\"BreadcrumbList\",\"@id\":\"https:\/\/www.campa.com.mx\/site\/mexico-sera-sede-del-v-encuentro-empresarial-de-la-alianza-del-pacifico\/#breadcrumb\",\"itemListElement\":[{\"@type\":\"ListItem\",\"position\":1,\"name\":\"Portada\",\"item\":\"https:\/\/www.campa.com.mx\/site\/\"},{\"@type\":\"ListItem\",\"position\":2,\"name\":\"M\u00c9XICO SER\u00c1 SEDE DEL V ENCUENTRO EMPRESARIAL DE LA ALIANZA DEL PAC\u00cdFICO\"}]},{\"@type\":\"WebSite\",\"@id\":\"https:\/\/www.campa.com.mx\/site\/#website\",\"url\":\"https:\/\/www.campa.com.mx\/site\/\",\"name\":\"Campa\",\"description\":\"Tecnolog\u00eda - Comercio Exterior - Servicios\",\"potentialAction\":[{\"@type\":\"SearchAction\",\"target\":{\"@type\":\"EntryPoint\",\"urlTemplate\":\"https:\/\/www.campa.com.mx\/site\/?s={search_term_string}\"},\"query-input\":\"required name=search_term_string\"}],\"inLanguage\":\"es\"},{\"@type\":\"Person\",\"@id\":\"https:\/\/www.campa.com.mx\/site\/#\/schema\/person\/5bf1874b81661ed013f5aa29df30761c\",\"name\":\"campa\",\"image\":{\"@type\":\"ImageObject\",\"inLanguage\":\"es\",\"@id\":\"https:\/\/www.campa.com.mx\/site\/#\/schema\/person\/image\/\",\"url\":\"https:\/\/secure.gravatar.com\/avatar\/921e6e5cffb9d78857948e938192591b9fd4168d0b55cc795582b49d9dc52bb1?s=96&d=mm&r=g\",\"contentUrl\":\"https:\/\/secure.gravatar.com\/avatar\/921e6e5cffb9d78857948e938192591b9fd4168d0b55cc795582b49d9dc52bb1?s=96&d=mm&r=g\",\"caption\":\"campa\"}}]}<\/script>\n<!-- \/ Yoast SEO plugin. -->","yoast_head_json":{"title":"M\u00c9XICO SER\u00c1 SEDE DEL V ENCUENTRO EMPRESARIAL DE LA ALIANZA DEL PAC\u00cdFICO - Campa","robots":{"index":"index","follow":"follow","max-snippet":"max-snippet:-1","max-image-preview":"max-image-preview:large","max-video-preview":"max-video-preview:-1"},"canonical":"https:\/\/www.campa.com.mx\/site\/mexico-sera-sede-del-v-encuentro-empresarial-de-la-alianza-del-pacifico\/","og_locale":"es_ES","og_type":"article","og_title":"M\u00c9XICO SER\u00c1 SEDE DEL V ENCUENTRO EMPRESARIAL DE LA ALIANZA DEL PAC\u00cdFICO - Campa","og_description":"Asistir\u00e1n al evento los presidentes de los cuatro pa\u00edses de la Alianza del Pac\u00edfico. M\u00e1s de 250 empresarios de alto nivel se dar\u00e1n cita en el encuentro. La Alianza del Pac\u00edfico en su conjunto representa la octava econom\u00eda del mundo. [&hellip;]","og_url":"https:\/\/www.campa.com.mx\/site\/mexico-sera-sede-del-v-encuentro-empresarial-de-la-alianza-del-pacifico\/","og_site_name":"Campa","article_publisher":"https:\/\/www.facebook.com\/MovimientoAnexo24","article_published_time":"2018-07-26T14:20:40+00:00","og_image":[{"width":1195,"height":622,"url":"https:\/\/www.campa.com.mx\/site\/wp-content\/uploads\/2018\/07\/ENCUENTRO-EMPRESARIAL-DE-LA-ALIANZA-DEL-PACI\u0301FICO.png","type":"image\/png"}],"author":"campa","twitter_card":"summary_large_image","twitter_creator":"@artycampa","twitter_site":"@artycampa","twitter_misc":{"Escrito por":"campa","Tiempo de lectura":"6 minutos"},"schema":{"@context":"https:\/\/schema.org","@graph":[{"@type":"WebPage","@id":"https:\/\/www.campa.com.mx\/site\/mexico-sera-sede-del-v-encuentro-empresarial-de-la-alianza-del-pacifico\/","url":"https:\/\/www.campa.com.mx\/site\/mexico-sera-sede-del-v-encuentro-empresarial-de-la-alianza-del-pacifico\/","name":"M\u00c9XICO SER\u00c1 SEDE DEL V ENCUENTRO EMPRESARIAL DE LA ALIANZA DEL PAC\u00cdFICO - Campa","isPartOf":{"@id":"https:\/\/www.campa.com.mx\/site\/#website"},"datePublished":"2018-07-26T14:20:40+00:00","dateModified":"2018-07-26T14:20:40+00:00","author":{"@id":"https:\/\/www.campa.com.mx\/site\/#\/schema\/person\/5bf1874b81661ed013f5aa29df30761c"},"breadcrumb":{"@id":"https:\/\/www.campa.com.mx\/site\/mexico-sera-sede-del-v-encuentro-empresarial-de-la-alianza-del-pacifico\/#breadcrumb"},"inLanguage":"es","potentialAction":[{"@type":"ReadAction","target":["https:\/\/www.campa.com.mx\/site\/mexico-sera-sede-del-v-encuentro-empresarial-de-la-alianza-del-pacifico\/"]}]},{"@type":"BreadcrumbList","@id":"https:\/\/www.campa.com.mx\/site\/mexico-sera-sede-del-v-encuentro-empresarial-de-la-alianza-del-pacifico\/#breadcrumb","itemListElement":[{"@type":"ListItem","position":1,"name":"Portada","item":"https:\/\/www.campa.com.mx\/site\/"},{"@type":"ListItem","position":2,"name":"M\u00c9XICO SER\u00c1 SEDE DEL V ENCUENTRO EMPRESARIAL DE LA ALIANZA DEL PAC\u00cdFICO"}]},{"@type":"WebSite","@id":"https:\/\/www.campa.com.mx\/site\/#website","url":"https:\/\/www.campa.com.mx\/site\/","name":"Campa","description":"Tecnolog\u00eda - Comercio Exterior - Servicios","potentialAction":[{"@type":"SearchAction","target":{"@type":"EntryPoint","urlTemplate":"https:\/\/www.campa.com.mx\/site\/?s={search_term_string}"},"query-input":"required name=search_term_string"}],"inLanguage":"es"},{"@type":"Person","@id":"https:\/\/www.campa.com.mx\/site\/#\/schema\/person\/5bf1874b81661ed013f5aa29df30761c","name":"campa","image":{"@type":"ImageObject","inLanguage":"es","@id":"https:\/\/www.campa.com.mx\/site\/#\/schema\/person\/image\/","url":"https:\/\/secure.gravatar.com\/avatar\/921e6e5cffb9d78857948e938192591b9fd4168d0b55cc795582b49d9dc52bb1?s=96&d=mm&r=g","contentUrl":"https:\/\/secure.gravatar.com\/avatar\/921e6e5cffb9d78857948e938192591b9fd4168d0b55cc795582b49d9dc52bb1?s=96&d=mm&r=g","caption":"campa"}}]}},"jetpack_featured_media_url":"https:\/\/www.campa.com.mx\/site\/wp-content\/uploads\/2018\/07\/ENCUENTRO-EMPRESARIAL-DE-LA-ALIANZA-DEL-PACI\u0301FICO.png","jetpack_sharing_enabled":true,"_links":{"self":[{"href":"https:\/\/www.campa.com.mx\/site\/wp-json\/wp\/v2\/posts\/3384","targetHints":{"allow":["GET"]}}],"collection":[{"href":"https:\/\/www.campa.com.mx\/site\/wp-json\/wp\/v2\/posts"}],"about":[{"href":"https:\/\/www.campa.com.mx\/site\/wp-json\/wp\/v2\/types\/post"}],"author":[{"embeddable":true,"href":"https:\/\/www.campa.com.mx\/site\/wp-json\/wp\/v2\/users\/1"}],"replies":[{"embeddable":true,"href":"https:\/\/www.campa.com.mx\/site\/wp-json\/wp\/v2\/comments?post=3384"}],"version-history":[{"count":1,"href":"https:\/\/www.campa.com.mx\/site\/wp-json\/wp\/v2\/posts\/3384\/revisions"}],"predecessor-version":[{"id":3386,"href":"https:\/\/www.campa.com.mx\/site\/wp-json\/wp\/v2\/posts\/3384\/revisions\/3386"}],"wp:featuredmedia":[{"embeddable":true,"href":"https:\/\/www.campa.com.mx\/site\/wp-json\/wp\/v2\/media\/3385"}],"wp:attachment":[{"href":"https:\/\/www.campa.com.mx\/site\/wp-json\/wp\/v2\/media?parent=3384"}],"wp:term":[{"taxonomy":"category","embeddable":true,"href":"https:\/\/www.campa.com.mx\/site\/wp-json\/wp\/v2\/categories?post=3384"},{"taxonomy":"post_tag","embeddable":true,"href":"https:\/\/www.campa.com.mx\/site\/wp-json\/wp\/v2\/tags?post=3384"}],"curies":[{"name":"wp","href":"https:\/\/api.w.org\/{rel}","templated":true}]}}