{"id":3425,"date":"2018-08-17T09:20:31","date_gmt":"2018-08-17T09:20:31","guid":{"rendered":"http:\/\/www.campa.com.mx\/site\/?p=3425"},"modified":"2018-08-17T14:17:12","modified_gmt":"2018-08-17T14:17:12","slug":"clausula-sunset-seria-tema-final-en-renegociacion-del-tlcan","status":"publish","type":"post","link":"https:\/\/www.campa.com.mx\/site\/clausula-sunset-seria-tema-final-en-renegociacion-del-tlcan\/","title":{"rendered":"Cl\u00e1usula \u2018Sunset\u2019 ser\u00eda tema final en renegociaci\u00f3n del TLCAN"},"content":{"rendered":"<p>A nueve d\u00edas de la fecha l\u00edmite para que M\u00e9xico y Estados Unidos logren un acuerdo sobre el Tratado de Libre Comercio de Am\u00e9rica del Norte (TLCAN) para ser firmado por la actual administraci\u00f3n mexicana, algunos de los temas espinosos se mantienen intocables.<\/p>\n<p>El secretario de Econom\u00eda de M\u00e9xico, Ildefonso Guajardo, puntualiz\u00f3 que uno de esos temas, la cl\u00e1usula \u201cSunset\u201d, a\u00fan no ha sido abordada, con la nueva ronda ministerial bilateral enfilando hacia su quinta semana, detall\u00f3 Notimex.<\/p>\n<p>\u201cCreo que si no es al final, ser\u00e1 uno de los temas finales (a discutir)\u201d, destac\u00f3 al ser interrogado por reporteros a su salida de la sede de la representaci\u00f3n comercial estadunidense (USTR), al concluir las pl\u00e1ticas de este jueves.<\/p>\n<div class=\"f4_ad__ep cf\"><small>PUBLICIDAD<\/small><\/p>\n<figure class=\" lazyloaded\" data-dimensions=\"300x250\"><\/figure>\n<\/div>\n<p>La cl\u00e1usula, propuesta por Estados Unidos, permitir\u00eda abrir el acuerdo a revisi\u00f3n cada cinco a\u00f1os, si alguno de los tres socios as\u00ed lo quisiera, o dejarlo expirar, algo a lo que tanto M\u00e9xico como Canad\u00e1 se oponen vehementemente.<\/p>\n<p>Guajardo dijo que adem\u00e1s de los temas pendientes, el reto actual es cerrar todos los pendientes, y aunque durante las pasadas tres semanas se han logrado avances \u201cno estamos ah\u00ed todav\u00eda\u201d.<\/p>\n<p>Sobre los prospectos de lograr un acuerdo preliminar para este 25 de agosto, para poder cumplir con los plazos que permitir\u00edan al actual gobierno mexicano firmar el acuerdo, el funcionario evit\u00f3 ser optimista.<\/p>\n<p>\u201cNuestro compromiso es mantenernos involucrados y tratar de hacer cosas. No podemos garantizarlo, pero se est\u00e1 haciendo el esfuerzo\u201d, dijo al finalizar el primero de los dos encuentros de este d\u00eda.<\/p>\n<p>Esta tarde, Guajardo mantuvo tambi\u00e9n indefinida la eventual incorporaci\u00f3n de Canad\u00e1 a la discusi\u00f3n.<\/p>\n<p>\u201cMi punto de vista es qu\u00e9 hay temas Mexico-Estados Unidos que tienen que ser resueltos, y entonces estaremos listos para una discusi\u00f3n trilateral\u201d, precis\u00f3.<\/p>\n<p>Dijo que por esa raz\u00f3n los temas de car\u00e1cter trilaterales como los cap\u00edtulos 19 y 20 no ser\u00e1n abordados en las actuales pl\u00e1ticas. \u201cLa idea es llegar y solucionar las discusiones trilaterales en un marco trilateral\u201d.<\/p>\n<p>&nbsp;<\/p>\n<p>Fuente:forbes<\/p>\n","protected":false},"excerpt":{"rendered":"<p>A nueve d\u00edas de la fecha l\u00edmite para que M\u00e9xico y Estados Unidos logren un acuerdo sobre el Tratado de Libre Comercio de Am\u00e9rica del Norte (TLCAN) para ser firmado por la actual administraci\u00f3n mexicana, algunos de los temas espinosos [&hellip;]<\/p>\n","protected":false},"author":1,"featured_media":3426,"comment_status":"open","ping_status":"open","sticky":false,"template":"","format":"standard","meta":{"inline_featured_image":false,"_jetpack_memberships_contains_paid_content":false,"footnotes":""},"categories":[1],"tags":[878,876,877,233,159,610,875,108,190],"class_list":["post-3425","post","type-post","status-publish","format-standard","has-post-thumbnail","hentry","category-campa","tag-clausula-sunset","tag-clausula-sunset-seria-tema-final-en-renegociacion-del-tlcan","tag-enegociacion-del-tlcan","tag-ildefonso-guajardo","tag-mexico-y-estados-unidos","tag-secretario-de-economia-de-mexico","tag-sunset","tag-tlcan","tag-tratado-de-libre-comercio-de-america-del-norte"],"yoast_head":"<!-- This site is optimized with the Yoast SEO plugin v20.9 - https:\/\/yoast.com\/wordpress\/plugins\/seo\/ -->\n<title>Cl\u00e1usula \u2018Sunset\u2019 ser\u00eda tema final en renegociaci\u00f3n del TLCAN - Campa<\/title>\n<meta name=\"robots\" content=\"index, follow, max-snippet:-1, max-image-preview:large, max-video-preview:-1\" \/>\n<link rel=\"canonical\" href=\"https:\/\/www.campa.com.mx\/site\/clausula-sunset-seria-tema-final-en-renegociacion-del-tlcan\/\" \/>\n<meta property=\"og:locale\" content=\"es_ES\" \/>\n<meta property=\"og:type\" content=\"article\" \/>\n<meta property=\"og:title\" content=\"Cl\u00e1usula \u2018Sunset\u2019 ser\u00eda tema final en renegociaci\u00f3n del TLCAN - Campa\" \/>\n<meta property=\"og:description\" content=\"A nueve d\u00edas de la fecha l\u00edmite para que M\u00e9xico y Estados Unidos logren un acuerdo sobre el Tratado de Libre Comercio de Am\u00e9rica del Norte (TLCAN) para ser firmado por la actual administraci\u00f3n mexicana, algunos de los temas espinosos [&hellip;]\" \/>\n<meta property=\"og:url\" content=\"https:\/\/www.campa.com.mx\/site\/clausula-sunset-seria-tema-final-en-renegociacion-del-tlcan\/\" \/>\n<meta property=\"og:site_name\" content=\"Campa\" \/>\n<meta property=\"article:publisher\" content=\"https:\/\/www.facebook.com\/MovimientoAnexo24\" \/>\n<meta property=\"article:published_time\" content=\"2018-08-17T09:20:31+00:00\" \/>\n<meta property=\"article:modified_time\" content=\"2018-08-17T14:17:12+00:00\" \/>\n<meta property=\"og:image\" content=\"https:\/\/www.campa.com.mx\/site\/wp-content\/uploads\/2018\/08\/Cla\u0301usula-\u2018Sunset\u2019-seri\u0301a-tema-final-en-renegociacio\u0301n-del-TLCAN.png\" \/>\n\t<meta property=\"og:image:width\" content=\"1194\" \/>\n\t<meta property=\"og:image:height\" content=\"621\" \/>\n\t<meta property=\"og:image:type\" content=\"image\/png\" \/>\n<meta name=\"author\" content=\"campa\" \/>\n<meta name=\"twitter:card\" content=\"summary_large_image\" \/>\n<meta name=\"twitter:creator\" content=\"@artycampa\" \/>\n<meta name=\"twitter:site\" content=\"@artycampa\" \/>\n<meta name=\"twitter:label1\" content=\"Escrito por\" \/>\n\t<meta name=\"twitter:data1\" content=\"campa\" \/>\n\t<meta name=\"twitter:label2\" content=\"Tiempo de lectura\" \/>\n\t<meta name=\"twitter:data2\" content=\"2 minutos\" \/>\n<script type=\"application\/ld+json\" class=\"yoast-schema-graph\">{\"@context\":\"https:\/\/schema.org\",\"@graph\":[{\"@type\":\"WebPage\",\"@id\":\"https:\/\/www.campa.com.mx\/site\/clausula-sunset-seria-tema-final-en-renegociacion-del-tlcan\/\",\"url\":\"https:\/\/www.campa.com.mx\/site\/clausula-sunset-seria-tema-final-en-renegociacion-del-tlcan\/\",\"name\":\"Cl\u00e1usula \u2018Sunset\u2019 ser\u00eda tema final en renegociaci\u00f3n del TLCAN - Campa\",\"isPartOf\":{\"@id\":\"https:\/\/www.campa.com.mx\/site\/#website\"},\"datePublished\":\"2018-08-17T09:20:31+00:00\",\"dateModified\":\"2018-08-17T14:17:12+00:00\",\"author\":{\"@id\":\"https:\/\/www.campa.com.mx\/site\/#\/schema\/person\/5bf1874b81661ed013f5aa29df30761c\"},\"breadcrumb\":{\"@id\":\"https:\/\/www.campa.com.mx\/site\/clausula-sunset-seria-tema-final-en-renegociacion-del-tlcan\/#breadcrumb\"},\"inLanguage\":\"es\",\"potentialAction\":[{\"@type\":\"ReadAction\",\"target\":[\"https:\/\/www.campa.com.mx\/site\/clausula-sunset-seria-tema-final-en-renegociacion-del-tlcan\/\"]}]},{\"@type\":\"BreadcrumbList\",\"@id\":\"https:\/\/www.campa.com.mx\/site\/clausula-sunset-seria-tema-final-en-renegociacion-del-tlcan\/#breadcrumb\",\"itemListElement\":[{\"@type\":\"ListItem\",\"position\":1,\"name\":\"Portada\",\"item\":\"https:\/\/www.campa.com.mx\/site\/\"},{\"@type\":\"ListItem\",\"position\":2,\"name\":\"Cl\u00e1usula \u2018Sunset\u2019 ser\u00eda tema final en renegociaci\u00f3n del TLCAN\"}]},{\"@type\":\"WebSite\",\"@id\":\"https:\/\/www.campa.com.mx\/site\/#website\",\"url\":\"https:\/\/www.campa.com.mx\/site\/\",\"name\":\"Campa\",\"description\":\"Tecnolog\u00eda - Comercio Exterior - Servicios\",\"potentialAction\":[{\"@type\":\"SearchAction\",\"target\":{\"@type\":\"EntryPoint\",\"urlTemplate\":\"https:\/\/www.campa.com.mx\/site\/?s={search_term_string}\"},\"query-input\":\"required name=search_term_string\"}],\"inLanguage\":\"es\"},{\"@type\":\"Person\",\"@id\":\"https:\/\/www.campa.com.mx\/site\/#\/schema\/person\/5bf1874b81661ed013f5aa29df30761c\",\"name\":\"campa\",\"image\":{\"@type\":\"ImageObject\",\"inLanguage\":\"es\",\"@id\":\"https:\/\/www.campa.com.mx\/site\/#\/schema\/person\/image\/\",\"url\":\"https:\/\/secure.gravatar.com\/avatar\/921e6e5cffb9d78857948e938192591b9fd4168d0b55cc795582b49d9dc52bb1?s=96&d=mm&r=g\",\"contentUrl\":\"https:\/\/secure.gravatar.com\/avatar\/921e6e5cffb9d78857948e938192591b9fd4168d0b55cc795582b49d9dc52bb1?s=96&d=mm&r=g\",\"caption\":\"campa\"}}]}<\/script>\n<!-- \/ Yoast SEO plugin. -->","yoast_head_json":{"title":"Cl\u00e1usula \u2018Sunset\u2019 ser\u00eda tema final en renegociaci\u00f3n del TLCAN - Campa","robots":{"index":"index","follow":"follow","max-snippet":"max-snippet:-1","max-image-preview":"max-image-preview:large","max-video-preview":"max-video-preview:-1"},"canonical":"https:\/\/www.campa.com.mx\/site\/clausula-sunset-seria-tema-final-en-renegociacion-del-tlcan\/","og_locale":"es_ES","og_type":"article","og_title":"Cl\u00e1usula \u2018Sunset\u2019 ser\u00eda tema final en renegociaci\u00f3n del TLCAN - Campa","og_description":"A nueve d\u00edas de la fecha l\u00edmite para que M\u00e9xico y Estados Unidos logren un acuerdo sobre el Tratado de Libre Comercio de Am\u00e9rica del Norte (TLCAN) para ser firmado por la actual administraci\u00f3n mexicana, algunos de los temas espinosos [&hellip;]","og_url":"https:\/\/www.campa.com.mx\/site\/clausula-sunset-seria-tema-final-en-renegociacion-del-tlcan\/","og_site_name":"Campa","article_publisher":"https:\/\/www.facebook.com\/MovimientoAnexo24","article_published_time":"2018-08-17T09:20:31+00:00","article_modified_time":"2018-08-17T14:17:12+00:00","og_image":[{"width":1194,"height":621,"url":"https:\/\/www.campa.com.mx\/site\/wp-content\/uploads\/2018\/08\/Cla\u0301usula-\u2018Sunset\u2019-seri\u0301a-tema-final-en-renegociacio\u0301n-del-TLCAN.png","type":"image\/png"}],"author":"campa","twitter_card":"summary_large_image","twitter_creator":"@artycampa","twitter_site":"@artycampa","twitter_misc":{"Escrito por":"campa","Tiempo de lectura":"2 minutos"},"schema":{"@context":"https:\/\/schema.org","@graph":[{"@type":"WebPage","@id":"https:\/\/www.campa.com.mx\/site\/clausula-sunset-seria-tema-final-en-renegociacion-del-tlcan\/","url":"https:\/\/www.campa.com.mx\/site\/clausula-sunset-seria-tema-final-en-renegociacion-del-tlcan\/","name":"Cl\u00e1usula \u2018Sunset\u2019 ser\u00eda tema final en renegociaci\u00f3n del TLCAN - Campa","isPartOf":{"@id":"https:\/\/www.campa.com.mx\/site\/#website"},"datePublished":"2018-08-17T09:20:31+00:00","dateModified":"2018-08-17T14:17:12+00:00","author":{"@id":"https:\/\/www.campa.com.mx\/site\/#\/schema\/person\/5bf1874b81661ed013f5aa29df30761c"},"breadcrumb":{"@id":"https:\/\/www.campa.com.mx\/site\/clausula-sunset-seria-tema-final-en-renegociacion-del-tlcan\/#breadcrumb"},"inLanguage":"es","potentialAction":[{"@type":"ReadAction","target":["https:\/\/www.campa.com.mx\/site\/clausula-sunset-seria-tema-final-en-renegociacion-del-tlcan\/"]}]},{"@type":"BreadcrumbList","@id":"https:\/\/www.campa.com.mx\/site\/clausula-sunset-seria-tema-final-en-renegociacion-del-tlcan\/#breadcrumb","itemListElement":[{"@type":"ListItem","position":1,"name":"Portada","item":"https:\/\/www.campa.com.mx\/site\/"},{"@type":"ListItem","position":2,"name":"Cl\u00e1usula \u2018Sunset\u2019 ser\u00eda tema final en renegociaci\u00f3n del TLCAN"}]},{"@type":"WebSite","@id":"https:\/\/www.campa.com.mx\/site\/#website","url":"https:\/\/www.campa.com.mx\/site\/","name":"Campa","description":"Tecnolog\u00eda - Comercio Exterior - Servicios","potentialAction":[{"@type":"SearchAction","target":{"@type":"EntryPoint","urlTemplate":"https:\/\/www.campa.com.mx\/site\/?s={search_term_string}"},"query-input":"required name=search_term_string"}],"inLanguage":"es"},{"@type":"Person","@id":"https:\/\/www.campa.com.mx\/site\/#\/schema\/person\/5bf1874b81661ed013f5aa29df30761c","name":"campa","image":{"@type":"ImageObject","inLanguage":"es","@id":"https:\/\/www.campa.com.mx\/site\/#\/schema\/person\/image\/","url":"https:\/\/secure.gravatar.com\/avatar\/921e6e5cffb9d78857948e938192591b9fd4168d0b55cc795582b49d9dc52bb1?s=96&d=mm&r=g","contentUrl":"https:\/\/secure.gravatar.com\/avatar\/921e6e5cffb9d78857948e938192591b9fd4168d0b55cc795582b49d9dc52bb1?s=96&d=mm&r=g","caption":"campa"}}]}},"jetpack_featured_media_url":"https:\/\/www.campa.com.mx\/site\/wp-content\/uploads\/2018\/08\/Cla\u0301usula-\u2018Sunset\u2019-seri\u0301a-tema-final-en-renegociacio\u0301n-del-TLCAN.png","jetpack_sharing_enabled":true,"_links":{"self":[{"href":"https:\/\/www.campa.com.mx\/site\/wp-json\/wp\/v2\/posts\/3425","targetHints":{"allow":["GET"]}}],"collection":[{"href":"https:\/\/www.campa.com.mx\/site\/wp-json\/wp\/v2\/posts"}],"about":[{"href":"https:\/\/www.campa.com.mx\/site\/wp-json\/wp\/v2\/types\/post"}],"author":[{"embeddable":true,"href":"https:\/\/www.campa.com.mx\/site\/wp-json\/wp\/v2\/users\/1"}],"replies":[{"embeddable":true,"href":"https:\/\/www.campa.com.mx\/site\/wp-json\/wp\/v2\/comments?post=3425"}],"version-history":[{"count":1,"href":"https:\/\/www.campa.com.mx\/site\/wp-json\/wp\/v2\/posts\/3425\/revisions"}],"predecessor-version":[{"id":3427,"href":"https:\/\/www.campa.com.mx\/site\/wp-json\/wp\/v2\/posts\/3425\/revisions\/3427"}],"wp:featuredmedia":[{"embeddable":true,"href":"https:\/\/www.campa.com.mx\/site\/wp-json\/wp\/v2\/media\/3426"}],"wp:attachment":[{"href":"https:\/\/www.campa.com.mx\/site\/wp-json\/wp\/v2\/media?parent=3425"}],"wp:term":[{"taxonomy":"category","embeddable":true,"href":"https:\/\/www.campa.com.mx\/site\/wp-json\/wp\/v2\/categories?post=3425"},{"taxonomy":"post_tag","embeddable":true,"href":"https:\/\/www.campa.com.mx\/site\/wp-json\/wp\/v2\/tags?post=3425"}],"curies":[{"name":"wp","href":"https:\/\/api.w.org\/{rel}","templated":true}]}}