{"id":3444,"date":"2018-08-17T10:27:58","date_gmt":"2018-08-17T15:27:58","guid":{"rendered":"http:\/\/www.campa.com.mx\/site\/?p=3444"},"modified":"2018-08-17T10:27:58","modified_gmt":"2018-08-17T15:27:58","slug":"dof-decreto-por-el-que-se-modifica-la-tarifa-de-la-ley-de-los-impuestos-generales-de-importacion-y-de-exportacion","status":"publish","type":"post","link":"https:\/\/www.campa.com.mx\/site\/dof-decreto-por-el-que-se-modifica-la-tarifa-de-la-ley-de-los-impuestos-generales-de-importacion-y-de-exportacion\/","title":{"rendered":"DOF: DECRETO por el que se modifica la Tarifa de la Ley de los Impuestos Generales de Importaci\u00f3n y de Exportaci\u00f3n."},"content":{"rendered":"<p>DOF: DECRETO por el que se modifica la Tarifa de la Ley de los Impuestos Generales de Importaci\u00f3n y de Exportaci\u00f3n.<\/p>\n<p>En virtud de que el incremento del arancel demostr\u00f3, tener un impacto positivo en la redistribuci\u00f3n de los pa\u00edses originarios de donde se importan los productos de acero a M\u00e9xico, resulta urgente y necesario establecer un aumento temporal del impuesto general de importaci\u00f3n, por un periodo que permita monitorear su come<span class=\"text_exposed_show\">rcio.<\/span><\/p>\n<div class=\"text_exposed_show\">\n<p>En esta publicaci\u00f3n :<br \/>\nSe incrementa a un 15% el arancel del IGI para las siguientes fracciones: 7207.12.01, 7207.12.99 y 7224.90.02<\/p>\n<p>Se crean las siguientes fracciones: 7216.32.04 y 7216.33.02.<\/p>\n<p>Se modifica la descripci\u00f3n de la fracci\u00f3n 7216.33.01 ( Perfiles en H, excepto lo comprendido en la fracci\u00f3n 7216.33.02.)<\/p>\n<p>El presente Decreto entrar\u00e1 en vigor el d\u00eda siguiente al de su publicaci\u00f3n en el DOF<\/p>\n<\/div>\n<div class=\"ANOTACION\">DECRETO<\/div>\n<div class=\"Texto\">ART\u00cdCULO 1.-\u00a0Se\u00a0modifican\u00a0los aranceles de la Tarifa de la Ley de los Impuestos Generales de\u00a0Importaci\u00f3n y de Exportaci\u00f3n, publicada en el Diario Oficial de la Federaci\u00f3n el 18 de junio de 2007 y sus\u00a0modificaciones posteriores, \u00fanicamente en lo que se refiere a las siguientes fracciones arancelarias:<\/div>\n<table>\n<tbody>\n<tr>\n<td rowspan=\"2\">\n<div class=\"Texto\">C\u00d3DIGO<\/div>\n<\/td>\n<td rowspan=\"2\">\n<div class=\"Texto\">DESCRIPCI\u00d3N<\/div>\n<\/td>\n<td rowspan=\"2\">\n<div class=\"Texto\">UNIDAD<\/div>\n<\/td>\n<td colspan=\"2\">\n<div class=\"Texto\">IMPUESTO<\/div>\n<\/td>\n<\/tr>\n<tr>\n<td>\n<div class=\"Texto\">IMP.<\/div>\n<\/td>\n<td>\n<div class=\"Texto\">EXP.<\/div>\n<\/td>\n<\/tr>\n<tr>\n<td>\n<div class=\"Texto\">7207.12.01<\/div>\n<\/td>\n<td>\n<div class=\"Texto\">Con espesor inferior o igual a 185 mm.<\/div>\n<\/td>\n<td>\n<div class=\"Texto\">Kg<\/div>\n<\/td>\n<td>\n<div class=\"Texto\">15<\/div>\n<\/td>\n<td>\n<div class=\"Texto\">Ex.<\/div>\n<\/td>\n<\/tr>\n<tr>\n<td>\n<div class=\"Texto\">7207.12.99<\/div>\n<\/td>\n<td>\n<div class=\"Texto\">Los dem\u00e1s.<\/div>\n<\/td>\n<td>\n<div class=\"Texto\">Kg<\/div>\n<\/td>\n<td>\n<div class=\"Texto\">15<\/div>\n<\/td>\n<td>\n<div class=\"Texto\">Ex.<\/div>\n<\/td>\n<\/tr>\n<tr>\n<td>\n<div class=\"Texto\">7224.90.02<\/div>\n<\/td>\n<td>\n<div class=\"Texto\">Productos intermedios, con un contenido de carbono inferior o\u00a0igual a 0.006% en peso.<\/div>\n<\/td>\n<td>\n<div class=\"Texto\">Kg<\/div>\n<\/td>\n<td>\n<div class=\"Texto\">15<\/div>\n<\/td>\n<td>\n<div class=\"Texto\">Ex.<\/div>\n<\/td>\n<\/tr>\n<\/tbody>\n<\/table>\n<div class=\"Texto\"><\/div>\n<div class=\"Texto\">ART\u00cdCULO 2.-\u00a0Se\u00a0crean\u00a0las fracciones arancelarias de la Tarifa de la Ley de los Impuestos Generales de\u00a0Importaci\u00f3n y de Exportaci\u00f3n, publicada en el Diario Oficial de la Federaci\u00f3n el 18 de junio de 2007 y sus\u00a0modificaciones posteriores, que a continuaci\u00f3n se indican:<\/div>\n<table>\n<tbody>\n<tr>\n<td rowspan=\"2\">\n<div class=\"Texto\">C\u00d3DIGO<\/div>\n<\/td>\n<td rowspan=\"2\">\n<div class=\"Texto\">DESCRIPCI\u00d3N<\/div>\n<\/td>\n<td rowspan=\"2\">\n<div class=\"Texto\">UNIDAD<\/div>\n<\/td>\n<td colspan=\"2\">\n<div class=\"Texto\">IMPUESTO<\/div>\n<\/td>\n<\/tr>\n<tr>\n<td>\n<div class=\"Texto\">IMP.<\/div>\n<\/td>\n<td>\n<div class=\"Texto\">EXP.<\/div>\n<\/td>\n<\/tr>\n<tr>\n<td>\n<div class=\"Texto\">7216.32.04<\/div>\n<\/td>\n<td>\n<div class=\"Texto\">Cuyo pat\u00edn (ancho de las secciones paralelas) sea superior a270 mm y su peso sea superior a 190 kg por metro lineal.<\/div>\n<\/td>\n<td>\n<div class=\"Texto\">Kg<\/div>\n<\/td>\n<td>\n<div class=\"Texto\">Ex.<\/div>\n<\/td>\n<td>\n<div class=\"Texto\">Ex.<\/div>\n<\/td>\n<\/tr>\n<tr>\n<td>\n<div class=\"Texto\">7216.33.02<\/div>\n<\/td>\n<td>\n<div class=\"Texto\">Cuyo pat\u00edn (ancho de las secciones paralelas) sea superior a300 mm.<\/div>\n<\/td>\n<td>\n<div class=\"Texto\">Kg<\/div>\n<\/td>\n<td>\n<div class=\"Texto\">Ex.<\/div>\n<\/td>\n<td>\n<div class=\"Texto\">Ex.<\/div>\n<\/td>\n<\/tr>\n<\/tbody>\n<\/table>\n<div class=\"Texto\"><\/div>\n<div class=\"Texto\">ART\u00cdCULO 3.-\u00a0Se\u00a0modifica\u00a0la descripci\u00f3n de la fracci\u00f3n arancelaria de la Tarifa de la Ley de los\u00a0Impuestos Generales de Importaci\u00f3n y de Exportaci\u00f3n, publicada en el Diario Oficial de la Federaci\u00f3n el 18 de\u00a0junio de 2007 y sus modificaciones posteriores, que a continuaci\u00f3n se indica:<\/div>\n<table>\n<tbody>\n<tr>\n<td rowspan=\"2\">\n<div class=\"Texto\">C\u00d3DIGO<\/div>\n<\/td>\n<td rowspan=\"2\">\n<div class=\"Texto\">DESCRIPCI\u00d3N<\/div>\n<\/td>\n<td rowspan=\"2\">\n<div class=\"Texto\">UNIDAD<\/div>\n<\/td>\n<td colspan=\"2\">\n<div class=\"Texto\">IMPUESTO<\/div>\n<\/td>\n<\/tr>\n<tr>\n<td>\n<div class=\"Texto\">IMP.<\/div>\n<\/td>\n<td>\n<div class=\"Texto\">EXP.<\/div>\n<\/td>\n<\/tr>\n<tr>\n<td>\n<div class=\"Texto\">7216.33.01<\/div>\n<\/td>\n<td>\n<div class=\"Texto\">Perfiles en H, excepto lo comprendido en la fracci\u00f3n7216.33.02.<\/div>\n<\/td>\n<td>\n<div class=\"Texto\">Kg<\/div>\n<\/td>\n<td>\n<div class=\"Texto\">15<\/div>\n<\/td>\n<td>\n<div class=\"Texto\">Ex.<\/div>\n<\/td>\n<\/tr>\n<\/tbody>\n<\/table>\n<div class=\"Texto\"><\/div>\n<p>Fuente:https:\/\/www.dof.gob.mx\/nota_detalle.php?codigo=5535213&amp;fecha=17\/08\/2018<\/p>\n","protected":false},"excerpt":{"rendered":"<p>DOF: DECRETO por el que se modifica la Tarifa de la Ley de los Impuestos Generales de Importaci\u00f3n y de Exportaci\u00f3n. En virtud de que el incremento del arancel demostr\u00f3, tener un impacto positivo en la redistribuci\u00f3n de los pa\u00edses [&hellip;]<\/p>\n","protected":false},"author":1,"featured_media":2752,"comment_status":"open","ping_status":"open","sticky":false,"template":"","format":"standard","meta":{"inline_featured_image":false,"_jetpack_memberships_contains_paid_content":false,"footnotes":""},"categories":[174],"tags":[226,258,201,895,332,256],"class_list":["post-3444","post","type-post","status-publish","format-standard","has-post-thumbnail","hentry","category-publicaciones-d-o-f","tag-diario-oficial-de-la-federacion","tag-diario-oficial-de-la-federacion-dof","tag-dof","tag-dof-decreto-por-el-que-se-modifica-la-tarifa-de-la-ley-de-los-impuestos-generales-de-importacion-y-de-exportacion","tag-publicaciones-dof","tag-tarifa-de-la-ley-de-los-impuestos-generales-de-importacion-y-de-exportacion"],"yoast_head":"<!-- This site is optimized with the Yoast SEO plugin v20.9 - https:\/\/yoast.com\/wordpress\/plugins\/seo\/ -->\n<title>DOF: DECRETO por el que se modifica la Tarifa de la Ley de los Impuestos Generales de Importaci\u00f3n y de Exportaci\u00f3n. - Campa<\/title>\n<meta name=\"robots\" content=\"index, follow, max-snippet:-1, max-image-preview:large, max-video-preview:-1\" \/>\n<link rel=\"canonical\" href=\"https:\/\/www.campa.com.mx\/site\/dof-decreto-por-el-que-se-modifica-la-tarifa-de-la-ley-de-los-impuestos-generales-de-importacion-y-de-exportacion\/\" \/>\n<meta property=\"og:locale\" content=\"es_ES\" \/>\n<meta property=\"og:type\" content=\"article\" \/>\n<meta property=\"og:title\" content=\"DOF: DECRETO por el que se modifica la Tarifa de la Ley de los Impuestos Generales de Importaci\u00f3n y de Exportaci\u00f3n. - Campa\" \/>\n<meta property=\"og:description\" content=\"DOF: DECRETO por el que se modifica la Tarifa de la Ley de los Impuestos Generales de Importaci\u00f3n y de Exportaci\u00f3n. En virtud de que el incremento del arancel demostr\u00f3, tener un impacto positivo en la redistribuci\u00f3n de los pa\u00edses [&hellip;]\" \/>\n<meta property=\"og:url\" content=\"https:\/\/www.campa.com.mx\/site\/dof-decreto-por-el-que-se-modifica-la-tarifa-de-la-ley-de-los-impuestos-generales-de-importacion-y-de-exportacion\/\" \/>\n<meta property=\"og:site_name\" content=\"Campa\" \/>\n<meta property=\"article:publisher\" content=\"https:\/\/www.facebook.com\/MovimientoAnexo24\" \/>\n<meta property=\"article:published_time\" content=\"2018-08-17T15:27:58+00:00\" \/>\n<meta property=\"og:image\" content=\"https:\/\/www.campa.com.mx\/site\/wp-content\/uploads\/2018\/02\/publicaciones-DOF-diario-oficial-de-la-federacion-dof.png\" \/>\n\t<meta property=\"og:image:width\" content=\"847\" \/>\n\t<meta property=\"og:image:height\" content=\"356\" \/>\n\t<meta property=\"og:image:type\" content=\"image\/png\" \/>\n<meta name=\"author\" content=\"campa\" \/>\n<meta name=\"twitter:card\" content=\"summary_large_image\" \/>\n<meta name=\"twitter:creator\" content=\"@artycampa\" \/>\n<meta name=\"twitter:site\" content=\"@artycampa\" \/>\n<meta name=\"twitter:label1\" content=\"Escrito por\" \/>\n\t<meta name=\"twitter:data1\" content=\"campa\" \/>\n\t<meta name=\"twitter:label2\" content=\"Tiempo de lectura\" \/>\n\t<meta name=\"twitter:data2\" content=\"2 minutos\" \/>\n<script type=\"application\/ld+json\" class=\"yoast-schema-graph\">{\"@context\":\"https:\/\/schema.org\",\"@graph\":[{\"@type\":\"WebPage\",\"@id\":\"https:\/\/www.campa.com.mx\/site\/dof-decreto-por-el-que-se-modifica-la-tarifa-de-la-ley-de-los-impuestos-generales-de-importacion-y-de-exportacion\/\",\"url\":\"https:\/\/www.campa.com.mx\/site\/dof-decreto-por-el-que-se-modifica-la-tarifa-de-la-ley-de-los-impuestos-generales-de-importacion-y-de-exportacion\/\",\"name\":\"DOF: DECRETO por el que se modifica la Tarifa de la Ley de los Impuestos Generales de Importaci\u00f3n y de Exportaci\u00f3n. - Campa\",\"isPartOf\":{\"@id\":\"https:\/\/www.campa.com.mx\/site\/#website\"},\"datePublished\":\"2018-08-17T15:27:58+00:00\",\"dateModified\":\"2018-08-17T15:27:58+00:00\",\"author\":{\"@id\":\"https:\/\/www.campa.com.mx\/site\/#\/schema\/person\/5bf1874b81661ed013f5aa29df30761c\"},\"breadcrumb\":{\"@id\":\"https:\/\/www.campa.com.mx\/site\/dof-decreto-por-el-que-se-modifica-la-tarifa-de-la-ley-de-los-impuestos-generales-de-importacion-y-de-exportacion\/#breadcrumb\"},\"inLanguage\":\"es\",\"potentialAction\":[{\"@type\":\"ReadAction\",\"target\":[\"https:\/\/www.campa.com.mx\/site\/dof-decreto-por-el-que-se-modifica-la-tarifa-de-la-ley-de-los-impuestos-generales-de-importacion-y-de-exportacion\/\"]}]},{\"@type\":\"BreadcrumbList\",\"@id\":\"https:\/\/www.campa.com.mx\/site\/dof-decreto-por-el-que-se-modifica-la-tarifa-de-la-ley-de-los-impuestos-generales-de-importacion-y-de-exportacion\/#breadcrumb\",\"itemListElement\":[{\"@type\":\"ListItem\",\"position\":1,\"name\":\"Portada\",\"item\":\"https:\/\/www.campa.com.mx\/site\/\"},{\"@type\":\"ListItem\",\"position\":2,\"name\":\"DOF: DECRETO por el que se modifica la Tarifa de la Ley de los Impuestos Generales de Importaci\u00f3n y de Exportaci\u00f3n.\"}]},{\"@type\":\"WebSite\",\"@id\":\"https:\/\/www.campa.com.mx\/site\/#website\",\"url\":\"https:\/\/www.campa.com.mx\/site\/\",\"name\":\"Campa\",\"description\":\"Tecnolog\u00eda - Comercio Exterior - Servicios\",\"potentialAction\":[{\"@type\":\"SearchAction\",\"target\":{\"@type\":\"EntryPoint\",\"urlTemplate\":\"https:\/\/www.campa.com.mx\/site\/?s={search_term_string}\"},\"query-input\":\"required name=search_term_string\"}],\"inLanguage\":\"es\"},{\"@type\":\"Person\",\"@id\":\"https:\/\/www.campa.com.mx\/site\/#\/schema\/person\/5bf1874b81661ed013f5aa29df30761c\",\"name\":\"campa\",\"image\":{\"@type\":\"ImageObject\",\"inLanguage\":\"es\",\"@id\":\"https:\/\/www.campa.com.mx\/site\/#\/schema\/person\/image\/\",\"url\":\"https:\/\/secure.gravatar.com\/avatar\/921e6e5cffb9d78857948e938192591b9fd4168d0b55cc795582b49d9dc52bb1?s=96&d=mm&r=g\",\"contentUrl\":\"https:\/\/secure.gravatar.com\/avatar\/921e6e5cffb9d78857948e938192591b9fd4168d0b55cc795582b49d9dc52bb1?s=96&d=mm&r=g\",\"caption\":\"campa\"}}]}<\/script>\n<!-- \/ Yoast SEO plugin. -->","yoast_head_json":{"title":"DOF: DECRETO por el que se modifica la Tarifa de la Ley de los Impuestos Generales de Importaci\u00f3n y de Exportaci\u00f3n. - Campa","robots":{"index":"index","follow":"follow","max-snippet":"max-snippet:-1","max-image-preview":"max-image-preview:large","max-video-preview":"max-video-preview:-1"},"canonical":"https:\/\/www.campa.com.mx\/site\/dof-decreto-por-el-que-se-modifica-la-tarifa-de-la-ley-de-los-impuestos-generales-de-importacion-y-de-exportacion\/","og_locale":"es_ES","og_type":"article","og_title":"DOF: DECRETO por el que se modifica la Tarifa de la Ley de los Impuestos Generales de Importaci\u00f3n y de Exportaci\u00f3n. - Campa","og_description":"DOF: DECRETO por el que se modifica la Tarifa de la Ley de los Impuestos Generales de Importaci\u00f3n y de Exportaci\u00f3n. En virtud de que el incremento del arancel demostr\u00f3, tener un impacto positivo en la redistribuci\u00f3n de los pa\u00edses [&hellip;]","og_url":"https:\/\/www.campa.com.mx\/site\/dof-decreto-por-el-que-se-modifica-la-tarifa-de-la-ley-de-los-impuestos-generales-de-importacion-y-de-exportacion\/","og_site_name":"Campa","article_publisher":"https:\/\/www.facebook.com\/MovimientoAnexo24","article_published_time":"2018-08-17T15:27:58+00:00","og_image":[{"width":847,"height":356,"url":"https:\/\/www.campa.com.mx\/site\/wp-content\/uploads\/2018\/02\/publicaciones-DOF-diario-oficial-de-la-federacion-dof.png","type":"image\/png"}],"author":"campa","twitter_card":"summary_large_image","twitter_creator":"@artycampa","twitter_site":"@artycampa","twitter_misc":{"Escrito por":"campa","Tiempo de lectura":"2 minutos"},"schema":{"@context":"https:\/\/schema.org","@graph":[{"@type":"WebPage","@id":"https:\/\/www.campa.com.mx\/site\/dof-decreto-por-el-que-se-modifica-la-tarifa-de-la-ley-de-los-impuestos-generales-de-importacion-y-de-exportacion\/","url":"https:\/\/www.campa.com.mx\/site\/dof-decreto-por-el-que-se-modifica-la-tarifa-de-la-ley-de-los-impuestos-generales-de-importacion-y-de-exportacion\/","name":"DOF: DECRETO por el que se modifica la Tarifa de la Ley de los Impuestos Generales de Importaci\u00f3n y de Exportaci\u00f3n. - Campa","isPartOf":{"@id":"https:\/\/www.campa.com.mx\/site\/#website"},"datePublished":"2018-08-17T15:27:58+00:00","dateModified":"2018-08-17T15:27:58+00:00","author":{"@id":"https:\/\/www.campa.com.mx\/site\/#\/schema\/person\/5bf1874b81661ed013f5aa29df30761c"},"breadcrumb":{"@id":"https:\/\/www.campa.com.mx\/site\/dof-decreto-por-el-que-se-modifica-la-tarifa-de-la-ley-de-los-impuestos-generales-de-importacion-y-de-exportacion\/#breadcrumb"},"inLanguage":"es","potentialAction":[{"@type":"ReadAction","target":["https:\/\/www.campa.com.mx\/site\/dof-decreto-por-el-que-se-modifica-la-tarifa-de-la-ley-de-los-impuestos-generales-de-importacion-y-de-exportacion\/"]}]},{"@type":"BreadcrumbList","@id":"https:\/\/www.campa.com.mx\/site\/dof-decreto-por-el-que-se-modifica-la-tarifa-de-la-ley-de-los-impuestos-generales-de-importacion-y-de-exportacion\/#breadcrumb","itemListElement":[{"@type":"ListItem","position":1,"name":"Portada","item":"https:\/\/www.campa.com.mx\/site\/"},{"@type":"ListItem","position":2,"name":"DOF: DECRETO por el que se modifica la Tarifa de la Ley de los Impuestos Generales de Importaci\u00f3n y de Exportaci\u00f3n."}]},{"@type":"WebSite","@id":"https:\/\/www.campa.com.mx\/site\/#website","url":"https:\/\/www.campa.com.mx\/site\/","name":"Campa","description":"Tecnolog\u00eda - Comercio Exterior - Servicios","potentialAction":[{"@type":"SearchAction","target":{"@type":"EntryPoint","urlTemplate":"https:\/\/www.campa.com.mx\/site\/?s={search_term_string}"},"query-input":"required name=search_term_string"}],"inLanguage":"es"},{"@type":"Person","@id":"https:\/\/www.campa.com.mx\/site\/#\/schema\/person\/5bf1874b81661ed013f5aa29df30761c","name":"campa","image":{"@type":"ImageObject","inLanguage":"es","@id":"https:\/\/www.campa.com.mx\/site\/#\/schema\/person\/image\/","url":"https:\/\/secure.gravatar.com\/avatar\/921e6e5cffb9d78857948e938192591b9fd4168d0b55cc795582b49d9dc52bb1?s=96&d=mm&r=g","contentUrl":"https:\/\/secure.gravatar.com\/avatar\/921e6e5cffb9d78857948e938192591b9fd4168d0b55cc795582b49d9dc52bb1?s=96&d=mm&r=g","caption":"campa"}}]}},"jetpack_featured_media_url":"https:\/\/www.campa.com.mx\/site\/wp-content\/uploads\/2018\/02\/publicaciones-DOF-diario-oficial-de-la-federacion-dof.png","jetpack_sharing_enabled":true,"_links":{"self":[{"href":"https:\/\/www.campa.com.mx\/site\/wp-json\/wp\/v2\/posts\/3444","targetHints":{"allow":["GET"]}}],"collection":[{"href":"https:\/\/www.campa.com.mx\/site\/wp-json\/wp\/v2\/posts"}],"about":[{"href":"https:\/\/www.campa.com.mx\/site\/wp-json\/wp\/v2\/types\/post"}],"author":[{"embeddable":true,"href":"https:\/\/www.campa.com.mx\/site\/wp-json\/wp\/v2\/users\/1"}],"replies":[{"embeddable":true,"href":"https:\/\/www.campa.com.mx\/site\/wp-json\/wp\/v2\/comments?post=3444"}],"version-history":[{"count":1,"href":"https:\/\/www.campa.com.mx\/site\/wp-json\/wp\/v2\/posts\/3444\/revisions"}],"predecessor-version":[{"id":3445,"href":"https:\/\/www.campa.com.mx\/site\/wp-json\/wp\/v2\/posts\/3444\/revisions\/3445"}],"wp:featuredmedia":[{"embeddable":true,"href":"https:\/\/www.campa.com.mx\/site\/wp-json\/wp\/v2\/media\/2752"}],"wp:attachment":[{"href":"https:\/\/www.campa.com.mx\/site\/wp-json\/wp\/v2\/media?parent=3444"}],"wp:term":[{"taxonomy":"category","embeddable":true,"href":"https:\/\/www.campa.com.mx\/site\/wp-json\/wp\/v2\/categories?post=3444"},{"taxonomy":"post_tag","embeddable":true,"href":"https:\/\/www.campa.com.mx\/site\/wp-json\/wp\/v2\/tags?post=3444"}],"curies":[{"name":"wp","href":"https:\/\/api.w.org\/{rel}","templated":true}]}}