{"id":3450,"date":"2018-08-29T09:36:00","date_gmt":"2018-08-29T14:36:00","guid":{"rendered":"http:\/\/www.campa.com.mx\/site\/?p=3450"},"modified":"2018-08-29T09:38:20","modified_gmt":"2018-08-29T14:38:20","slug":"acuerdo-por-el-que-se-da-a-conocer-la-decision-no-95-de-la-comision-administradora-del-tratado-de-libre-comercio-entre-los-estados-unidos-mexicanos-y-la-republica-de-colombia-adoptada-el-3-de-agosto","status":"publish","type":"post","link":"https:\/\/www.campa.com.mx\/site\/acuerdo-por-el-que-se-da-a-conocer-la-decision-no-95-de-la-comision-administradora-del-tratado-de-libre-comercio-entre-los-estados-unidos-mexicanos-y-la-republica-de-colombia-adoptada-el-3-de-agosto\/","title":{"rendered":"ACUERDO por el que se da a conocer la Decisi\u00f3n No. 95 de la Comisi\u00f3n Administradora del Tratado de Libre Comercio entre los Estados Unidos Mexicanos y la Rep\u00fablica de Colombia, adoptada el 3 de agosto de 2018."},"content":{"rendered":"<div class=\"Texto\">Se da a conocer la Decisi\u00f3n No. 95 de la Comisi\u00f3n Administradora del Tratado de Libre Comercio\u00a0entre los Estados Unidos Mexicanos y la Rep\u00fablica de Colombia, por la que se otorga una dispensa temporal\u00a0para la utilizaci\u00f3n de ciertos materiales producidos u obtenidos fuera de la zona de libre comercio para que\u00a0determinados bienes textiles y del vestido reciban el trato arancelario preferencial establecido en el Tratado de\u00a0Libre Comercio entre los Estados Unidos Mexicanos y la Rep\u00fablica de Colombia, adoptada el 3 de agosto\u00a0de\u00a02018:<\/div>\n<div class=\"Texto\">&#8220;DECISI\u00d3N No. 95<\/div>\n<div class=\"Texto\">Dispensa temporal para la utilizaci\u00f3n de materiales producidos u obtenidos fuera de la zona de\u00a0libre comercio para que determinados bienes textiles y del vestido reciban el trato arancelario\u00a0preferencial establecido en el Tratado de Libre Comercio entre los Estados Unidos Mexicanos y la\u00a0Rep\u00fablica de Colombia.<\/div>\n<div class=\"Texto\">La Comisi\u00f3n Administradora del Tratado de Libre Comercio entre los Estados Unidos Mexicanos y la\u00a0Rep\u00fablica de Colombia (el Tratado), en cumplimiento con lo establecido en los art\u00edculos 6-24 y 20-01 del\u00a0mismo; tomando en consideraci\u00f3n el Dictamen presentado por el Comit\u00e9 de Integraci\u00f3n Regional de Insumos\u00a0(CIRI), de fecha 31 de julio de 2018, conforme al Art\u00edculo 6-23 del Tratado, mediante el cual se determina la\u00a0incapacidad del productor de disponer de los materiales indicados en el p\u00e1rrafo 1 del Art\u00edculo 6-21, los montos\u00a0y t\u00e9rminos de la dispensa requerida para que un bien pueda recibir el trato arancelario preferencial,<\/div>\n<div class=\"Texto\">DECIDE:<\/div>\n<div class=\"ROMANOS\">1.\u00a0\u00a0\u00a0\u00a0\u00a0Otorgar por el per\u00edodo del 4 de septiembre de 2018 al 3 de septiembre de 2020 una\u00a0dispensa\u00a0temporal para nuevos productos de conformidad con lo dispuesto en los p\u00e1rrafos 2 y 4 del Art\u00edculo 6-24 del Tratado, mediante la cual los Estados Unidos Mexicanos aplicar\u00e1n el arancel\u00a0de importaci\u00f3n\u00a0correspondiente a los bienes originarios previsto en su calendario de desgravaci\u00f3n del Anexo 1 al\u00a0Art\u00edculo 3-04 del Tratado a:<\/div>\n<div class=\"Texto\"><span class=\"listStyle_1625842998_level_1\">\u00b7<\/span>\u00a0\u00a0Ciertos bienes textiles clasificados en las subpartidas del Sistema Armonizado de Designaci\u00f3n y\u00a0Codificaci\u00f3n de Mercanc\u00edas: 6107.11, 6108.21, 6108.22, 6114.30, 6212.10, 6212.20, 6212.30 y\u00a06212.90 elaborados totalmente en la Rep\u00fablica de Colombia utilizando los materiales producidos\u00a0u obtenidos fuera de la zona de libre comercio, cuya descripci\u00f3n y clasificaci\u00f3n a nivel de\u00a0fracci\u00f3n arancelaria se mencionan en las columnas A y B de la Tabla de esta Decisi\u00f3n; y que\u00a0cumplan con los dem\u00e1s requisitos establecidos en la regla de origen correspondiente, as\u00ed como<\/div>\n<div class=\"Texto\">con las dem\u00e1s condiciones aplicables para el trato arancelario preferencial de conformidad con\u00a0el Tratado.<\/div>\n<div class=\"ROMANOS\">2\u00a0\u00a0\u00a0\u00a0\u00a0\u00a0Los bienes antes descritos quedan sujetos a los mecanismos de verificaci\u00f3n y certificaci\u00f3n del\u00a0Cap\u00edtulo VII del Tratado.<\/div>\n<div class=\"ROMANOS\">3\u00a0\u00a0\u00a0\u00a0\u00a0En la Rep\u00fablica de Colombia se podr\u00e1n utilizar los materiales que se describen en esta Decisi\u00f3n,\u00a0producidos u obtenidos fuera de la zona de libre comercio, en la cantidad m\u00e1xima se\u00f1alada en la\u00a0columna\u00a0&#8220;C&#8221;\u00a0de la siguiente Tabla.<\/div>\n<div class=\"Texto\">Tabla<\/div>\n<div class=\"Normal\">\n<img loading=\"lazy\" decoding=\"async\" class=\"size-full wp-image-3453 aligncenter\" src=\"http:\/\/www.campa.com.mx\/site\/wp-content\/uploads\/2018\/08\/Captura-de-pantalla-2018-08-29-a-las-09.36.41.png\" alt=\"\" width=\"528\" height=\"500\" srcset=\"https:\/\/www.campa.com.mx\/site\/wp-content\/uploads\/2018\/08\/Captura-de-pantalla-2018-08-29-a-las-09.36.41.png 528w, https:\/\/www.campa.com.mx\/site\/wp-content\/uploads\/2018\/08\/Captura-de-pantalla-2018-08-29-a-las-09.36.41-300x284.png 300w\" sizes=\"auto, (max-width: 528px) 100vw, 528px\" \/><\/div>\n<div class=\"Normal\"><img loading=\"lazy\" decoding=\"async\" class=\"size-large wp-image-3454 aligncenter\" src=\"http:\/\/www.campa.com.mx\/site\/wp-content\/uploads\/2018\/08\/Captura-de-pantalla-2018-08-29-a-las-09.36.53.png\" alt=\"\" width=\"521\" height=\"622\" srcset=\"https:\/\/www.campa.com.mx\/site\/wp-content\/uploads\/2018\/08\/Captura-de-pantalla-2018-08-29-a-las-09.36.53.png 521w, https:\/\/www.campa.com.mx\/site\/wp-content\/uploads\/2018\/08\/Captura-de-pantalla-2018-08-29-a-las-09.36.53-251x300.png 251w\" sizes=\"auto, (max-width: 521px) 100vw, 521px\" \/><\/div>\n<div class=\"Texto\">4.\u00a0\u00a0\u00a0\u00a0\u00a0La autoridad competente de la Rep\u00fablica de Colombia deber\u00e1 asegurar que el certificado de origen,\u00a0llenado y firmado por el exportador, indique en el campo de observaciones la siguiente frase:\u00a0&#8220;el bien\u00a0cumple con lo establecido en la Decisi\u00f3n No. 95 de la Comisi\u00f3n Administradora del Tratado y utiliz\u00f3\u00a0(monto(s)) kgs. de la dispensa otorgada a (nombre del (de los) material(es) utilizado(s)),\u00a0clasificado(s) en la fracci\u00f3n (fracciones) arancelaria(s) _______.&#8221;<\/div>\n<div class=\"ROMANOS\">5.\u00a0\u00a0\u00a0\u00a0\u00a0Para los productos que se beneficien de la dispensa establecida en la presente Decisi\u00f3n, el\u00a0certificado de origen deber\u00e1 amparar s\u00f3lo productos clasificados en una misma subpartida (a nivel de\u00a06 d\u00edgitos). Por ello, si un exportador env\u00eda productos clasificados en diferentes subpartidas, \u00e9ste\u00a0deber\u00e1 llenar un certificado para cada una de ellas.<\/div>\n<div class=\"ROMANOS\">6.\u00a0\u00a0\u00a0\u00a0\u00a0Los Estados Unidos Mexicanos podr\u00e1n solicitar a la Rep\u00fablica de Colombia, en cualquier momento,\u00a0informaci\u00f3n que permita comprobar la utilizaci\u00f3n de la dispensa establecida en la presente Decisi\u00f3n,\u00a0as\u00ed como la correcta aplicaci\u00f3n de lo dispuesto en el Dictamen presentado por el CIRI a la Comisi\u00f3n\u00a0Administradora del Tratado, conforme a los t\u00e9rminos establecidos en el Dictamen.<\/div>\n<div class=\"ROMANOS\">7.\u00a0\u00a0\u00a0\u00a0\u00a0Cualquier solicitud de pr\u00f3rroga o aumento a los montos determinados para alguno de los materiales\u00a0descritos en la Tabla de esta Decisi\u00f3n, se efectuar\u00e1 conforme a lo dispuesto en el Tratado y el\u00a0Reglamento de Operaci\u00f3n del CIRI adoptado por la Comisi\u00f3n Administradora del Tratado mediante la\u00a0Decisi\u00f3n No. 61 de fecha 7 de abril de 2010. En su caso, cualquier pr\u00f3rroga o aumento se dar\u00e1 a\u00a0conocer a trav\u00e9s de la gaceta oficial de los Estados Unidos Mexicanos y la p\u00e1gina web del Ministerio\u00a0de Comercio, Industria y Turismo de la Rep\u00fablica de Colombia.&#8221;<\/div>\n<div class=\"ANOTACION\">TRANSITORIOS<\/div>\n<div class=\"Texto\">PRIMERO.-\u00a0El presente Acuerdo entrar\u00e1 en vigor el d\u00eda de su publicaci\u00f3n en el Diario Oficial\u00a0de la\u00a0Federaci\u00f3n.<\/div>\n<div class=\"Texto\">SEGUNDO.-\u00a0De conformidad con el p\u00e1rrafo 1 de la Decisi\u00f3n No. 95 de la Comisi\u00f3n Administradora\u00a0del\u00a0Tratado de Libre Comercio entre los Estados Unidos Mexicanos y la Rep\u00fablica de Colombia, adoptada el\u00a03 de\u00a0agosto de 2018, la dispensa temporal a que se refiere dicho p\u00e1rrafo entrar\u00e1 en vigor a partir del\u00a04 de\u00a0septiembre de 2018 y concluir\u00e1 su vigencia el 3 de septiembre de 2020.<\/div>\n<div class=\"Texto\">Ciudad de M\u00e9xico, a 20 de agosto de 2018.-\u00a0El Secretario de Econom\u00eda,\u00a0Ildefonso Guajardo Villarreal.-\u00a0R\u00fabrica.<\/div>\n","protected":false},"excerpt":{"rendered":"<p>Se da a conocer la Decisi\u00f3n No. 95 de la Comisi\u00f3n Administradora del Tratado de Libre Comercio\u00a0entre los Estados Unidos Mexicanos y la Rep\u00fablica de Colombia, por la que se otorga una dispensa temporal\u00a0para la utilizaci\u00f3n de ciertos materiales producidos [&hellip;]<\/p>\n","protected":false},"author":1,"featured_media":2512,"comment_status":"open","ping_status":"open","sticky":false,"template":"","format":"standard","meta":{"inline_featured_image":false,"_jetpack_memberships_contains_paid_content":false,"footnotes":""},"categories":[174],"tags":[897],"class_list":["post-3450","post","type-post","status-publish","format-standard","has-post-thumbnail","hentry","category-publicaciones-d-o-f","tag-comision-administradora-del-tratado-de-libre-comercio-entre-los-estados-unidos-mexicanos-y-la-republica-de-colombia"],"yoast_head":"<!-- This site is optimized with the Yoast SEO plugin v20.9 - https:\/\/yoast.com\/wordpress\/plugins\/seo\/ -->\n<title>ACUERDO por el que se da a conocer la Decisi\u00f3n No. 95 de la Comisi\u00f3n Administradora del Tratado de Libre Comercio entre los Estados Unidos Mexicanos y la Rep\u00fablica de Colombia, adoptada el 3 de agosto de 2018. - Campa<\/title>\n<meta name=\"robots\" content=\"index, follow, max-snippet:-1, max-image-preview:large, max-video-preview:-1\" \/>\n<link rel=\"canonical\" href=\"https:\/\/www.campa.com.mx\/site\/acuerdo-por-el-que-se-da-a-conocer-la-decision-no-95-de-la-comision-administradora-del-tratado-de-libre-comercio-entre-los-estados-unidos-mexicanos-y-la-republica-de-colombia-adoptada-el-3-de-agosto\/\" \/>\n<meta property=\"og:locale\" content=\"es_ES\" \/>\n<meta property=\"og:type\" content=\"article\" \/>\n<meta property=\"og:title\" content=\"ACUERDO por el que se da a conocer la Decisi\u00f3n No. 95 de la Comisi\u00f3n Administradora del Tratado de Libre Comercio entre los Estados Unidos Mexicanos y la Rep\u00fablica de Colombia, adoptada el 3 de agosto de 2018. - Campa\" \/>\n<meta property=\"og:description\" content=\"Se da a conocer la Decisi\u00f3n No. 95 de la Comisi\u00f3n Administradora del Tratado de Libre Comercio\u00a0entre los Estados Unidos Mexicanos y la Rep\u00fablica de Colombia, por la que se otorga una dispensa temporal\u00a0para la utilizaci\u00f3n de ciertos materiales producidos [&hellip;]\" \/>\n<meta property=\"og:url\" content=\"https:\/\/www.campa.com.mx\/site\/acuerdo-por-el-que-se-da-a-conocer-la-decision-no-95-de-la-comision-administradora-del-tratado-de-libre-comercio-entre-los-estados-unidos-mexicanos-y-la-republica-de-colombia-adoptada-el-3-de-agosto\/\" \/>\n<meta property=\"og:site_name\" content=\"Campa\" \/>\n<meta property=\"article:publisher\" content=\"https:\/\/www.facebook.com\/MovimientoAnexo24\" \/>\n<meta property=\"article:published_time\" content=\"2018-08-29T14:36:00+00:00\" \/>\n<meta property=\"article:modified_time\" content=\"2018-08-29T14:38:20+00:00\" \/>\n<meta property=\"og:image\" content=\"https:\/\/www.campa.com.mx\/site\/wp-content\/uploads\/2017\/12\/0dof.png\" \/>\n\t<meta property=\"og:image:width\" content=\"1200\" \/>\n\t<meta property=\"og:image:height\" content=\"700\" \/>\n\t<meta property=\"og:image:type\" content=\"image\/png\" \/>\n<meta name=\"author\" content=\"campa\" \/>\n<meta name=\"twitter:card\" content=\"summary_large_image\" \/>\n<meta name=\"twitter:creator\" content=\"@artycampa\" \/>\n<meta name=\"twitter:site\" content=\"@artycampa\" \/>\n<meta name=\"twitter:label1\" content=\"Escrito por\" \/>\n\t<meta name=\"twitter:data1\" content=\"campa\" \/>\n\t<meta name=\"twitter:label2\" content=\"Tiempo de lectura\" \/>\n\t<meta name=\"twitter:data2\" content=\"4 minutos\" \/>\n<script type=\"application\/ld+json\" class=\"yoast-schema-graph\">{\"@context\":\"https:\/\/schema.org\",\"@graph\":[{\"@type\":\"WebPage\",\"@id\":\"https:\/\/www.campa.com.mx\/site\/acuerdo-por-el-que-se-da-a-conocer-la-decision-no-95-de-la-comision-administradora-del-tratado-de-libre-comercio-entre-los-estados-unidos-mexicanos-y-la-republica-de-colombia-adoptada-el-3-de-agosto\/\",\"url\":\"https:\/\/www.campa.com.mx\/site\/acuerdo-por-el-que-se-da-a-conocer-la-decision-no-95-de-la-comision-administradora-del-tratado-de-libre-comercio-entre-los-estados-unidos-mexicanos-y-la-republica-de-colombia-adoptada-el-3-de-agosto\/\",\"name\":\"ACUERDO por el que se da a conocer la Decisi\u00f3n No. 95 de la Comisi\u00f3n Administradora del Tratado de Libre Comercio entre los Estados Unidos Mexicanos y la Rep\u00fablica de Colombia, adoptada el 3 de agosto de 2018. - Campa\",\"isPartOf\":{\"@id\":\"https:\/\/www.campa.com.mx\/site\/#website\"},\"datePublished\":\"2018-08-29T14:36:00+00:00\",\"dateModified\":\"2018-08-29T14:38:20+00:00\",\"author\":{\"@id\":\"https:\/\/www.campa.com.mx\/site\/#\/schema\/person\/5bf1874b81661ed013f5aa29df30761c\"},\"breadcrumb\":{\"@id\":\"https:\/\/www.campa.com.mx\/site\/acuerdo-por-el-que-se-da-a-conocer-la-decision-no-95-de-la-comision-administradora-del-tratado-de-libre-comercio-entre-los-estados-unidos-mexicanos-y-la-republica-de-colombia-adoptada-el-3-de-agosto\/#breadcrumb\"},\"inLanguage\":\"es\",\"potentialAction\":[{\"@type\":\"ReadAction\",\"target\":[\"https:\/\/www.campa.com.mx\/site\/acuerdo-por-el-que-se-da-a-conocer-la-decision-no-95-de-la-comision-administradora-del-tratado-de-libre-comercio-entre-los-estados-unidos-mexicanos-y-la-republica-de-colombia-adoptada-el-3-de-agosto\/\"]}]},{\"@type\":\"BreadcrumbList\",\"@id\":\"https:\/\/www.campa.com.mx\/site\/acuerdo-por-el-que-se-da-a-conocer-la-decision-no-95-de-la-comision-administradora-del-tratado-de-libre-comercio-entre-los-estados-unidos-mexicanos-y-la-republica-de-colombia-adoptada-el-3-de-agosto\/#breadcrumb\",\"itemListElement\":[{\"@type\":\"ListItem\",\"position\":1,\"name\":\"Portada\",\"item\":\"https:\/\/www.campa.com.mx\/site\/\"},{\"@type\":\"ListItem\",\"position\":2,\"name\":\"ACUERDO por el que se da a conocer la Decisi\u00f3n No. 95 de la Comisi\u00f3n Administradora del Tratado de Libre Comercio entre los Estados Unidos Mexicanos y la Rep\u00fablica de Colombia, adoptada el 3 de agosto de 2018.\"}]},{\"@type\":\"WebSite\",\"@id\":\"https:\/\/www.campa.com.mx\/site\/#website\",\"url\":\"https:\/\/www.campa.com.mx\/site\/\",\"name\":\"Campa\",\"description\":\"Tecnolog\u00eda - Comercio Exterior - Servicios\",\"potentialAction\":[{\"@type\":\"SearchAction\",\"target\":{\"@type\":\"EntryPoint\",\"urlTemplate\":\"https:\/\/www.campa.com.mx\/site\/?s={search_term_string}\"},\"query-input\":\"required name=search_term_string\"}],\"inLanguage\":\"es\"},{\"@type\":\"Person\",\"@id\":\"https:\/\/www.campa.com.mx\/site\/#\/schema\/person\/5bf1874b81661ed013f5aa29df30761c\",\"name\":\"campa\",\"image\":{\"@type\":\"ImageObject\",\"inLanguage\":\"es\",\"@id\":\"https:\/\/www.campa.com.mx\/site\/#\/schema\/person\/image\/\",\"url\":\"https:\/\/secure.gravatar.com\/avatar\/921e6e5cffb9d78857948e938192591b9fd4168d0b55cc795582b49d9dc52bb1?s=96&d=mm&r=g\",\"contentUrl\":\"https:\/\/secure.gravatar.com\/avatar\/921e6e5cffb9d78857948e938192591b9fd4168d0b55cc795582b49d9dc52bb1?s=96&d=mm&r=g\",\"caption\":\"campa\"}}]}<\/script>\n<!-- \/ Yoast SEO plugin. -->","yoast_head_json":{"title":"ACUERDO por el que se da a conocer la Decisi\u00f3n No. 95 de la Comisi\u00f3n Administradora del Tratado de Libre Comercio entre los Estados Unidos Mexicanos y la Rep\u00fablica de Colombia, adoptada el 3 de agosto de 2018. - Campa","robots":{"index":"index","follow":"follow","max-snippet":"max-snippet:-1","max-image-preview":"max-image-preview:large","max-video-preview":"max-video-preview:-1"},"canonical":"https:\/\/www.campa.com.mx\/site\/acuerdo-por-el-que-se-da-a-conocer-la-decision-no-95-de-la-comision-administradora-del-tratado-de-libre-comercio-entre-los-estados-unidos-mexicanos-y-la-republica-de-colombia-adoptada-el-3-de-agosto\/","og_locale":"es_ES","og_type":"article","og_title":"ACUERDO por el que se da a conocer la Decisi\u00f3n No. 95 de la Comisi\u00f3n Administradora del Tratado de Libre Comercio entre los Estados Unidos Mexicanos y la Rep\u00fablica de Colombia, adoptada el 3 de agosto de 2018. - Campa","og_description":"Se da a conocer la Decisi\u00f3n No. 95 de la Comisi\u00f3n Administradora del Tratado de Libre Comercio\u00a0entre los Estados Unidos Mexicanos y la Rep\u00fablica de Colombia, por la que se otorga una dispensa temporal\u00a0para la utilizaci\u00f3n de ciertos materiales producidos [&hellip;]","og_url":"https:\/\/www.campa.com.mx\/site\/acuerdo-por-el-que-se-da-a-conocer-la-decision-no-95-de-la-comision-administradora-del-tratado-de-libre-comercio-entre-los-estados-unidos-mexicanos-y-la-republica-de-colombia-adoptada-el-3-de-agosto\/","og_site_name":"Campa","article_publisher":"https:\/\/www.facebook.com\/MovimientoAnexo24","article_published_time":"2018-08-29T14:36:00+00:00","article_modified_time":"2018-08-29T14:38:20+00:00","og_image":[{"width":1200,"height":700,"url":"https:\/\/www.campa.com.mx\/site\/wp-content\/uploads\/2017\/12\/0dof.png","type":"image\/png"}],"author":"campa","twitter_card":"summary_large_image","twitter_creator":"@artycampa","twitter_site":"@artycampa","twitter_misc":{"Escrito por":"campa","Tiempo de lectura":"4 minutos"},"schema":{"@context":"https:\/\/schema.org","@graph":[{"@type":"WebPage","@id":"https:\/\/www.campa.com.mx\/site\/acuerdo-por-el-que-se-da-a-conocer-la-decision-no-95-de-la-comision-administradora-del-tratado-de-libre-comercio-entre-los-estados-unidos-mexicanos-y-la-republica-de-colombia-adoptada-el-3-de-agosto\/","url":"https:\/\/www.campa.com.mx\/site\/acuerdo-por-el-que-se-da-a-conocer-la-decision-no-95-de-la-comision-administradora-del-tratado-de-libre-comercio-entre-los-estados-unidos-mexicanos-y-la-republica-de-colombia-adoptada-el-3-de-agosto\/","name":"ACUERDO por el que se da a conocer la Decisi\u00f3n No. 95 de la Comisi\u00f3n Administradora del Tratado de Libre Comercio entre los Estados Unidos Mexicanos y la Rep\u00fablica de Colombia, adoptada el 3 de agosto de 2018. - Campa","isPartOf":{"@id":"https:\/\/www.campa.com.mx\/site\/#website"},"datePublished":"2018-08-29T14:36:00+00:00","dateModified":"2018-08-29T14:38:20+00:00","author":{"@id":"https:\/\/www.campa.com.mx\/site\/#\/schema\/person\/5bf1874b81661ed013f5aa29df30761c"},"breadcrumb":{"@id":"https:\/\/www.campa.com.mx\/site\/acuerdo-por-el-que-se-da-a-conocer-la-decision-no-95-de-la-comision-administradora-del-tratado-de-libre-comercio-entre-los-estados-unidos-mexicanos-y-la-republica-de-colombia-adoptada-el-3-de-agosto\/#breadcrumb"},"inLanguage":"es","potentialAction":[{"@type":"ReadAction","target":["https:\/\/www.campa.com.mx\/site\/acuerdo-por-el-que-se-da-a-conocer-la-decision-no-95-de-la-comision-administradora-del-tratado-de-libre-comercio-entre-los-estados-unidos-mexicanos-y-la-republica-de-colombia-adoptada-el-3-de-agosto\/"]}]},{"@type":"BreadcrumbList","@id":"https:\/\/www.campa.com.mx\/site\/acuerdo-por-el-que-se-da-a-conocer-la-decision-no-95-de-la-comision-administradora-del-tratado-de-libre-comercio-entre-los-estados-unidos-mexicanos-y-la-republica-de-colombia-adoptada-el-3-de-agosto\/#breadcrumb","itemListElement":[{"@type":"ListItem","position":1,"name":"Portada","item":"https:\/\/www.campa.com.mx\/site\/"},{"@type":"ListItem","position":2,"name":"ACUERDO por el que se da a conocer la Decisi\u00f3n No. 95 de la Comisi\u00f3n Administradora del Tratado de Libre Comercio entre los Estados Unidos Mexicanos y la Rep\u00fablica de Colombia, adoptada el 3 de agosto de 2018."}]},{"@type":"WebSite","@id":"https:\/\/www.campa.com.mx\/site\/#website","url":"https:\/\/www.campa.com.mx\/site\/","name":"Campa","description":"Tecnolog\u00eda - Comercio Exterior - Servicios","potentialAction":[{"@type":"SearchAction","target":{"@type":"EntryPoint","urlTemplate":"https:\/\/www.campa.com.mx\/site\/?s={search_term_string}"},"query-input":"required name=search_term_string"}],"inLanguage":"es"},{"@type":"Person","@id":"https:\/\/www.campa.com.mx\/site\/#\/schema\/person\/5bf1874b81661ed013f5aa29df30761c","name":"campa","image":{"@type":"ImageObject","inLanguage":"es","@id":"https:\/\/www.campa.com.mx\/site\/#\/schema\/person\/image\/","url":"https:\/\/secure.gravatar.com\/avatar\/921e6e5cffb9d78857948e938192591b9fd4168d0b55cc795582b49d9dc52bb1?s=96&d=mm&r=g","contentUrl":"https:\/\/secure.gravatar.com\/avatar\/921e6e5cffb9d78857948e938192591b9fd4168d0b55cc795582b49d9dc52bb1?s=96&d=mm&r=g","caption":"campa"}}]}},"jetpack_featured_media_url":"https:\/\/www.campa.com.mx\/site\/wp-content\/uploads\/2017\/12\/0dof.png","jetpack_sharing_enabled":true,"_links":{"self":[{"href":"https:\/\/www.campa.com.mx\/site\/wp-json\/wp\/v2\/posts\/3450","targetHints":{"allow":["GET"]}}],"collection":[{"href":"https:\/\/www.campa.com.mx\/site\/wp-json\/wp\/v2\/posts"}],"about":[{"href":"https:\/\/www.campa.com.mx\/site\/wp-json\/wp\/v2\/types\/post"}],"author":[{"embeddable":true,"href":"https:\/\/www.campa.com.mx\/site\/wp-json\/wp\/v2\/users\/1"}],"replies":[{"embeddable":true,"href":"https:\/\/www.campa.com.mx\/site\/wp-json\/wp\/v2\/comments?post=3450"}],"version-history":[{"count":3,"href":"https:\/\/www.campa.com.mx\/site\/wp-json\/wp\/v2\/posts\/3450\/revisions"}],"predecessor-version":[{"id":3455,"href":"https:\/\/www.campa.com.mx\/site\/wp-json\/wp\/v2\/posts\/3450\/revisions\/3455"}],"wp:featuredmedia":[{"embeddable":true,"href":"https:\/\/www.campa.com.mx\/site\/wp-json\/wp\/v2\/media\/2512"}],"wp:attachment":[{"href":"https:\/\/www.campa.com.mx\/site\/wp-json\/wp\/v2\/media?parent=3450"}],"wp:term":[{"taxonomy":"category","embeddable":true,"href":"https:\/\/www.campa.com.mx\/site\/wp-json\/wp\/v2\/categories?post=3450"},{"taxonomy":"post_tag","embeddable":true,"href":"https:\/\/www.campa.com.mx\/site\/wp-json\/wp\/v2\/tags?post=3450"}],"curies":[{"name":"wp","href":"https:\/\/api.w.org\/{rel}","templated":true}]}}