{"id":3501,"date":"2018-09-21T10:34:29","date_gmt":"2018-09-21T15:34:29","guid":{"rendered":"http:\/\/www.campa.com.mx\/site\/?p=3501"},"modified":"2018-09-21T10:34:29","modified_gmt":"2018-09-21T15:34:29","slug":"segunda-resolucion-de-modificaciones-a-las-reglas-generales-de-comercio-exterior-para-2018","status":"publish","type":"post","link":"https:\/\/www.campa.com.mx\/site\/segunda-resolucion-de-modificaciones-a-las-reglas-generales-de-comercio-exterior-para-2018\/","title":{"rendered":"SEGUNDA RESOLUCI\u00d3N DE MODIFICACIONES A LAS REGLAS GENERALES DE COMERCIO EXTERIOR PARA 2018."},"content":{"rendered":"<div class=\"texto\">Con fundamento en los art\u00edculos 16 y 31 de la Ley Org\u00e1nica de la Administraci\u00f3n P\u00fablica Federal; 1\u00ba y 144\u00a0de la Ley Aduanera; 33, fracci\u00f3n I, inciso g), del C\u00f3digo Fiscal de la Federaci\u00f3n; 14, fracci\u00f3n III, de la Ley del\u00a0Servicio de Administraci\u00f3n Tributaria y 8, primer p\u00e1rrafo, del Reglamento Interior del Servicio de\u00a0Administraci\u00f3n Tributaria vigente, el Servicio de Administraci\u00f3n Tributaria resuelve expedir la siguiente:<\/div>\n<div class=\"texto\">SEGUNDA RESOLUCI\u00d3N DE MODIFICACIONES A LAS REGLAS GENERALES DE COMERCIO\u00a0EXTERIOR PARA 2018.<\/div>\n<div class=\"texto\">Primero.\u00a0Se modifica el\u00a0&#8220;Glosario&#8221;:<\/div>\n<div class=\"texto\">I.\u00a0\u00a0\u00a0\u00a0\u00a0Para adicionar el numeral 5 bis., con un inciso a) y b), a la fracci\u00f3n I\u00a0&#8220;ACR\u00d3NIMOS DE\u00a0AUTORIDADES&#8221;.<\/div>\n<div class=\"texto\">II.\u00a0\u00a0\u00a0\u00a0\u00a0Para modificar el numeral 15 de la fracci\u00f3n III\u00a0&#8220;DEFINICIONES&#8221;.<\/div>\n<div class=\"texto\">La adici\u00f3n y modificaci\u00f3n anterior quedan como sigue:<\/div>\n<div class=\"texto\">Glosario<\/div>\n<div class=\"texto\">&#8230;&#8230;&#8230;&#8230;&#8230;&#8230;&#8230;&#8230;&#8230;&#8230;&#8230;&#8230;&#8230;&#8230;&#8230;&#8230;&#8230;&#8230;&#8230;&#8230;&#8230;&#8230;&#8230;&#8230;&#8230;&#8230;&#8230;&#8230;&#8230;&#8230;&#8230;&#8230;&#8230;&#8230;&#8230;&#8230;&#8230;&#8230;&#8230;&#8230;&#8230;&#8230;&#8230;&#8230;&#8230;&#8230;&#8230;&#8230;&#8230;&#8230;&#8230;&#8230;&#8230;&#8230;&#8230;&#8230;.<\/div>\n<div class=\"texto\">I.\u00a0\u00a0\u00a0\u00a0\u00a0ACR\u00d3NIMOS DE AUTORIDADES:<\/div>\n<div class=\"texto\">&#8230;&#8230;&#8230;&#8230;&#8230;&#8230;&#8230;&#8230;&#8230;&#8230;&#8230;&#8230;&#8230;&#8230;&#8230;&#8230;&#8230;&#8230;&#8230;&#8230;&#8230;&#8230;&#8230;&#8230;&#8230;&#8230;&#8230;&#8230;&#8230;&#8230;&#8230;&#8230;&#8230;&#8230;&#8230;&#8230;&#8230;&#8230;&#8230;&#8230;&#8230;&#8230;&#8230;&#8230;&#8230;&#8230;&#8230;&#8230;&#8230;&#8230;&#8230;&#8230;&#8230;&#8230;&#8230;&#8230;.<\/div>\n<div class=\"texto\">5 bis.\u00a0\u00a0\u00a0\u00a0AGH.\u00a0Administraci\u00f3n General de Hidrocarburos, sita en Valerio Trujano 15, m\u00f3dulo VIII, planta\u00a0baja, colonia Guerrero, Delegaci\u00f3n Cuauht\u00e9moc, C.P. 06300, Ciudad de M\u00e9xico.<\/div>\n<div class=\"texto\">a)\u00a0\u00a0\u00a0ACAJNH.\u00a0Administraci\u00f3n Central de Apoyo Jur\u00eddico y Normatividad de Hidrocarburos, sita en\u00a0Valerio Trujano 15, m\u00f3dulo VIII, planta baja, colonia Guerrero, Delegaci\u00f3n Cuauht\u00e9moc,\u00a0C.P\u00a006300, Ciudad de M\u00e9xico.<\/div>\n<div class=\"texto\">b)\u00a0\u00a0\u00a0ACPPH.\u00a0Administraci\u00f3n Central de Planeaci\u00f3n y Programaci\u00f3n de Hidrocarburos, sita en\u00a0Valerio Trujano 15, m\u00f3dulo VIII, planta baja, colonia Guerrero, Delegaci\u00f3n Cuauht\u00e9moc,\u00a0C.P\u00a006300, Ciudad de M\u00e9xico.<\/div>\n<div class=\"texto\">&#8230;&#8230;&#8230;&#8230;&#8230;&#8230;&#8230;&#8230;&#8230;&#8230;&#8230;&#8230;&#8230;&#8230;&#8230;&#8230;&#8230;&#8230;&#8230;&#8230;&#8230;&#8230;&#8230;&#8230;&#8230;&#8230;&#8230;&#8230;&#8230;&#8230;&#8230;&#8230;&#8230;&#8230;&#8230;&#8230;&#8230;&#8230;&#8230;&#8230;&#8230;&#8230;&#8230;&#8230;&#8230;&#8230;&#8230;&#8230;&#8230;&#8230;&#8230;&#8230;&#8230;&#8230;&#8230;&#8230;.<\/div>\n<div class=\"texto\">III.\u00a0\u00a0\u00a0\u00a0DEFINICIONES:<\/div>\n<div class=\"texto\">&#8230;&#8230;&#8230;&#8230;&#8230;&#8230;&#8230;&#8230;&#8230;&#8230;&#8230;&#8230;&#8230;&#8230;&#8230;&#8230;&#8230;&#8230;&#8230;&#8230;&#8230;&#8230;&#8230;&#8230;&#8230;&#8230;&#8230;&#8230;&#8230;&#8230;&#8230;&#8230;&#8230;&#8230;&#8230;&#8230;&#8230;&#8230;&#8230;&#8230;&#8230;&#8230;&#8230;&#8230;&#8230;&#8230;&#8230;&#8230;&#8230;&#8230;&#8230;&#8230;&#8230;&#8230;&#8230;&#8230;.<\/div>\n<div class=\"texto\">15.\u00a0\u00a0\u00a0\u00a0\u00a0\u00a0\u00a0Empresas certificadas para efectos del art\u00edculo 2, fracci\u00f3n I del Decreto IMMEX.\u00a0Empresas\u00a0que cuentan tanto con un Programa IMMEX como con la certificaci\u00f3n en materia de IVA e IEPS o\u00a0el Registro en el Esquema de Certificaci\u00f3n de Empresas, modalidad IVA e IEPS, vigente, en las\u00a0que para efectos de \u00e9stas \u00faltimas tengan contempladas o autorizadas las mercanc\u00edas se\u00f1aladas\u00a0en el Anexo II del referido Decreto IMMEX.<\/div>\n<div class=\"texto\">&#8230;&#8230;&#8230;&#8230;&#8230;&#8230;&#8230;&#8230;&#8230;&#8230;&#8230;&#8230;&#8230;&#8230;&#8230;&#8230;&#8230;&#8230;&#8230;&#8230;&#8230;&#8230;&#8230;&#8230;&#8230;&#8230;&#8230;&#8230;&#8230;&#8230;&#8230;&#8230;&#8230;&#8230;&#8230;&#8230;&#8230;&#8230;&#8230;&#8230;&#8230;&#8230;&#8230;&#8230;&#8230;&#8230;&#8230;&#8230;&#8230;&#8230;&#8230;&#8230;&#8230;&#8230;&#8230;&#8230;.<\/div>\n<div class=\"texto\">Segundo.\u00a0Se realizan las siguientes modificaciones, adiciones y derogaciones a la Resoluci\u00f3n que\u00a0establece las RGCE para 2018, publicada en el DOF el 18 de diciembre de 2017:<\/div>\n<div class=\"texto\">A.\u00a0\u00a0\u00a0\u00a0Se modifican las siguientes reglas:<\/div>\n<div class=\"texto\">&#8211;\u00a0\u00a0\u00a0\u00a0\u00a01.3.3., fracciones XXXXV para quedar como XXXV; XL, y segundo p\u00e1rrafo de la regla.<\/div>\n<div class=\"texto\">&#8211;\u00a0\u00a0\u00a0\u00a0\u00a01.3.4., segundo p\u00e1rrafo.<\/div>\n<div class=\"texto\">&#8211;\u00a0\u00a0\u00a0\u00a0\u00a01.4.3.<\/div>\n<div class=\"texto\">&#8211;\u00a0\u00a0\u00a0\u00a0\u00a01.6.22., fracci\u00f3n II, tercer p\u00e1rrafo.<\/div>\n<div class=\"texto\">&#8211;\u00a0\u00a0\u00a0\u00a0\u00a01.7.3., fracci\u00f3n VII.<\/div>\n<div class=\"texto\">&#8211;\u00a0\u00a0\u00a0\u00a0\u00a01.8.1., sexto p\u00e1rrafo.<\/div>\n<div class=\"texto\">&#8211;\u00a0\u00a0\u00a0\u00a0\u00a01.9.6.<\/div>\n<div class=\"texto\"><\/div>\n<div class=\"texto\">&#8211;\u00a0\u00a0\u00a0\u00a0\u00a01.9.10., sexto p\u00e1rrafo, fracciones I y II.<\/div>\n<div class=\"texto\">&#8211;\u00a0\u00a0\u00a0\u00a0\u00a01.9.17.<\/div>\n<div class=\"texto\">&#8211;\u00a0\u00a0\u00a0\u00a0\u00a01.11.2., cuarto y sexto p\u00e1rrafos.<\/div>\n<div class=\"texto\">&#8211;\u00a0\u00a0\u00a0\u00a0\u00a02.2.5., segundo, tercero y cuarto p\u00e1rrafos.<\/div>\n<div class=\"texto\">&#8211;\u00a0\u00a0\u00a0\u00a0\u00a02.3.2., tercer p\u00e1rrafo.<\/div>\n<div class=\"texto\">&#8211;\u00a0\u00a0\u00a0\u00a0\u00a02.4.1., segundo p\u00e1rrafo.<\/div>\n<div class=\"texto\">&#8211;\u00a0\u00a0\u00a0\u00a0\u00a02.4.11.<\/div>\n<div class=\"texto\">&#8211;\u00a0\u00a0\u00a0\u00a0\u00a03.1.28.<\/div>\n<div class=\"texto\">&#8211;\u00a0\u00a0\u00a0\u00a0\u00a03.2.3., tercer p\u00e1rrafo.<\/div>\n<div class=\"texto\">&#8211;\u00a0\u00a0\u00a0\u00a0\u00a03.4.6., tercer p\u00e1rrafo.<\/div>\n<div class=\"texto\">&#8211;\u00a0\u00a0\u00a0\u00a0\u00a03.7.8.<\/div>\n<div class=\"texto\">&#8211;\u00a0\u00a0\u00a0\u00a0\u00a03.7.18., fracciones II y IV.<\/div>\n<div class=\"texto\">&#8211;\u00a0\u00a0\u00a0\u00a0\u00a04.2.5., primer y noveno p\u00e1rrafos.<\/div>\n<div class=\"texto\">&#8211;\u00a0\u00a0\u00a0\u00a0\u00a04.2.6., primer p\u00e1rrafo.<\/div>\n<div class=\"texto\">&#8211;\u00a0\u00a0\u00a0\u00a0\u00a04.2.7., primer p\u00e1rrafo.<\/div>\n<div class=\"texto\">&#8211;\u00a0\u00a0\u00a0\u00a0\u00a04.5.9., primer p\u00e1rrafo.<\/div>\n<div class=\"texto\">&#8211;\u00a0\u00a0\u00a0\u00a0\u00a04.5.17., primer p\u00e1rrafo.<\/div>\n<div class=\"texto\">&#8211;\u00a0\u00a0\u00a0\u00a0\u00a04.5.31., fracci\u00f3n VIII, primer p\u00e1rrafo e inciso a) de dicho p\u00e1rrafo.<\/div>\n<div class=\"texto\">&#8211;\u00a0\u00a0\u00a0\u00a0\u00a04.6.7., primer p\u00e1rrafo, fracci\u00f3n I, inciso g).<\/div>\n<div class=\"texto\">&#8211;\u00a0\u00a0\u00a0\u00a0\u00a06.2.1., primer p\u00e1rrafo.<\/div>\n<div class=\"texto\">&#8211;\u00a0\u00a0\u00a0\u00a0\u00a07.1.1., fracci\u00f3n IV.<\/div>\n<div class=\"texto\">&#8211;\u00a0\u00a0\u00a0\u00a0\u00a07.1.2., primer p\u00e1rrafo, fracci\u00f3n V.<\/div>\n<div class=\"texto\">&#8211;\u00a0\u00a0\u00a0\u00a0\u00a07.1.9., fracci\u00f3n I, del Apartado B.<\/div>\n<div class=\"texto\">&#8211;\u00a0\u00a0\u00a0\u00a0\u00a07.1.10., fracci\u00f3n II, inciso f).<\/div>\n<div class=\"texto\">&#8211;\u00a0\u00a0\u00a0\u00a0\u00a07.2.1., quinto p\u00e1rrafo.<\/div>\n<div class=\"texto\">&#8211;\u00a0\u00a0\u00a0\u00a0\u00a07.2.2., Apartado A, fracci\u00f3n III, y Apartado B, fracci\u00f3n IX.<\/div>\n<div class=\"texto\">&#8211;\u00a0\u00a0\u00a0\u00a0\u00a07.2.3., d\u00e9cimo p\u00e1rrafo.<\/div>\n<div class=\"texto\">&#8211;\u00a0\u00a0\u00a0\u00a0\u00a07.2.5., fracci\u00f3n VI.<\/div>\n<div class=\"texto\">&#8211;\u00a0\u00a0\u00a0\u00a0\u00a07.2.10., primer p\u00e1rrafo.<\/div>\n<div class=\"texto\">&#8211;\u00a0\u00a0\u00a0\u00a0\u00a07.3.1., Apartado A, fracci\u00f3n III, segundo p\u00e1rrafo y\u00a0fracci\u00f3n XII, primer p\u00e1rrafo; y segundo p\u00e1rrafo\u00a0de la regla.<\/div>\n<div class=\"texto\">&#8211;\u00a0\u00a0\u00a0\u00a0\u00a07.3.2.<\/div>\n<div class=\"texto\">&#8211;\u00a0\u00a0\u00a0\u00a0\u00a07.3.3., fracci\u00f3n I.<\/div>\n<div class=\"texto\">&#8211;\u00a0\u00a0\u00a0\u00a0\u00a07.4.2., fracci\u00f3n III.<\/div>\n<div class=\"texto\">&#8211;\u00a0\u00a0\u00a0\u00a0\u00a07.4.4., primer p\u00e1rrafo.<\/div>\n<div class=\"texto\">&#8211;\u00a0\u00a0\u00a0\u00a0\u00a07.5.1., fracci\u00f3n V.<\/div>\n<div class=\"texto\">&#8211;\u00a0\u00a0\u00a0\u00a0\u00a07.5.3., fracci\u00f3n II.<\/div>\n<div class=\"texto\">B.\u00a0\u00a0\u00a0\u00a0Se adicionan las siguientes reglas:<\/div>\n<div class=\"texto\">&#8211;\u00a0\u00a0\u00a0\u00a0\u00a01.9.10., con un d\u00e9cimo p\u00e1rrafo, pasando el actual d\u00e9cimo p\u00e1rrafo a ser d\u00e9cimo primero, y as\u00ed\u00a0sucesivamente.<\/div>\n<div class=\"texto\"><\/div>\n<div class=\"texto\">&#8211;\u00a0\u00a0\u00a0\u00a0\u00a03.1.38.<\/div>\n<div class=\"texto\">&#8211;\u00a0\u00a0\u00a0\u00a0\u00a03.2.11.<\/div>\n<div class=\"texto\">&#8211;\u00a0\u00a0\u00a0\u00a0\u00a04.2.5., con un d\u00e9cimo primero, d\u00e9cimo segundo y d\u00e9cimo tercer p\u00e1rrafo.<\/div>\n<div class=\"texto\">&#8211;\u00a0\u00a0\u00a0\u00a0\u00a04.3.21.<\/div>\n<div class=\"texto\">&#8211;\u00a0\u00a0\u00a0\u00a0\u00a04.3.22.<\/div>\n<div class=\"texto\">&#8211;\u00a0\u00a0\u00a0\u00a0\u00a04.6.19., con un segundo p\u00e1rrafo a la fracci\u00f3n I.<\/div>\n<div class=\"texto\">&#8211;\u00a0\u00a0\u00a0\u00a0\u00a04.7.2.<\/div>\n<div class=\"texto\">&#8211;\u00a0\u00a0\u00a0\u00a0\u00a04.8.17.<\/div>\n<div class=\"texto\">&#8211;\u00a0\u00a0\u00a0\u00a0\u00a07.1.2., con las fracciones III, IV y V, al Apartado C y las fracciones III, IV y V, al Apartado D.<\/div>\n<div class=\"texto\">&#8211;\u00a0\u00a0\u00a0\u00a0\u00a07.1.6., con un octavo p\u00e1rrafo.<\/div>\n<div class=\"ROMANOS\">C.\u00a0\u00a0\u00a0\u00a0Se derogan las siguientes reglas:<\/div>\n<div class=\"texto\">&#8211;\u00a0\u00a0\u00a0\u00a0\u00a01.3.8.<\/div>\n<div class=\"texto\">&#8211;\u00a0\u00a0\u00a0\u00a0\u00a03.1.23.<\/div>\n<div class=\"texto\">&#8211;\u00a0\u00a0\u00a0\u00a0\u00a07.3.3., fracci\u00f3n V.<\/div>\n<div class=\"texto\">&#8211;\u00a0\u00a0\u00a0\u00a0\u00a07.3.12.<\/div>\n<div class=\"texto\">Las modificaciones, adiciones y derogaciones anteriores quedan como sigue:<\/div>\n<div class=\"texto\">\u00a0\u00a0\u00a0\u00a0\u00a0\u00a0\u00a0\u00a0\u00a0\u00a0\u00a0\u00a0\u00a0\u00a0Causales de suspensi\u00f3n en los padrones<\/div>\n<div class=\"texto\">1.3.3.\u00a0\u00a0\u00a0\u00a0\u00a0\u00a0\u00a0&#8230;&#8230;&#8230;&#8230;&#8230;&#8230;&#8230;&#8230;&#8230;&#8230;&#8230;&#8230;&#8230;&#8230;&#8230;&#8230;&#8230;&#8230;&#8230;&#8230;&#8230;&#8230;&#8230;&#8230;&#8230;&#8230;&#8230;&#8230;&#8230;&#8230;&#8230;&#8230;&#8230;&#8230;&#8230;&#8230;&#8230;&#8230;&#8230;&#8230;&#8230;.<\/div>\n<div class=\"texto\">XXXV.\u00a0\u00a0\u00a0\u00a0\u00a0&#8230;&#8230;&#8230;&#8230;&#8230;&#8230;&#8230;&#8230;&#8230;&#8230;&#8230;&#8230;&#8230;&#8230;&#8230;&#8230;&#8230;&#8230;&#8230;&#8230;&#8230;&#8230;&#8230;&#8230;&#8230;&#8230;&#8230;&#8230;&#8230;&#8230;&#8230;&#8230;&#8230;&#8230;&#8230;&#8230;..<\/div>\n<div class=\"texto\">\u00a0\u00a0\u00a0\u00a0\u00a0\u00a0\u00a0\u00a0\u00a0\u00a0\u00a0\u00a0\u00a0\u00a0&#8230;&#8230;&#8230;&#8230;&#8230;&#8230;&#8230;&#8230;&#8230;&#8230;&#8230;&#8230;&#8230;&#8230;&#8230;&#8230;&#8230;&#8230;&#8230;&#8230;&#8230;&#8230;&#8230;&#8230;&#8230;&#8230;&#8230;&#8230;&#8230;&#8230;&#8230;&#8230;&#8230;&#8230;&#8230;&#8230;&#8230;&#8230;&#8230;&#8230;&#8230;.<\/div>\n<div class=\"texto\">XL.\u00a0\u00a0\u00a0\u00a0\u00a0\u00a0\u00a0\u00a0\u00a0Los contribuyentes inscritos en el Sector 13\u00a0&#8220;Hidrocarburos y Combustibles&#8221;, del\u00a0Apartado A, del Anexo 10, no cuenten con los permisos vigentes a que se refiere la\u00a0Ley de Hidrocarburos, publicada en el DOF el 11 de agosto de 2014, as\u00ed como que\u00a0tales contribuyentes realicen o hayan realizado operaciones o contratado servicios\u00a0con sujetos que no cuenten con los permisos respectivos, trat\u00e1ndose de actividadesreguladas en t\u00e9rminos de la citada Ley, o cuando el contribuyente no presente, antes\u00a0de la primera importaci\u00f3n de la mercanc\u00eda por la que se solicit\u00f3 la inscripci\u00f3n, de\u00a0conformidad con la ficha 6\/LA, copia de los contratos y, trat\u00e1ndose de importaci\u00f3n por\u00a0ductos, de la\u00a0&#8220;Autorizaci\u00f3n para introducci\u00f3n o extracci\u00f3n de mercanc\u00edas de territorio\u00a0nacional, mediante tuber\u00edas, ductos, cables u otros medios susceptibles de\u00a0conducirlas&#8221;, expedida por la ACAJA, en los t\u00e9rminos del art\u00edculo 39 del Reglamento,\u00a0la regla 2.4.3., y la ficha de tr\u00e1mite 35\/LA.<\/div>\n<div class=\"texto\">\u00a0\u00a0\u00a0\u00a0\u00a0\u00a0\u00a0\u00a0\u00a0\u00a0\u00a0\u00a0\u00a0\u00a0&#8230;&#8230;&#8230;&#8230;&#8230;&#8230;&#8230;&#8230;&#8230;&#8230;&#8230;&#8230;&#8230;&#8230;&#8230;&#8230;&#8230;&#8230;&#8230;&#8230;&#8230;&#8230;&#8230;&#8230;&#8230;&#8230;&#8230;&#8230;&#8230;&#8230;&#8230;&#8230;&#8230;&#8230;&#8230;&#8230;&#8230;&#8230;&#8230;&#8230;&#8230;&#8230;..<\/div>\n<div class=\"texto\">\u00a0\u00a0\u00a0\u00a0\u00a0\u00a0\u00a0\u00a0\u00a0\u00a0\u00a0\u00a0\u00a0\u00a0Cuando la ACIA o la ACAJNH, en el \u00e1mbito de su competencia, tengan conocimiento de que se\u00a0incurri\u00f3 en alguna de las causales a que se refiere el art\u00edculo 84 del Reglamento o cualquiera\u00a0de la presente regla, notificar\u00e1n dentro de los 5 d\u00edas siguientes, la causa que motiva la\u00a0suspensi\u00f3n inmediata, a trav\u00e9s del Buz\u00f3n Tributario u otros medios electr\u00f3nicos, a los\u00a0contribuyentes inscritos en el Padr\u00f3n de Importadores o, en su caso, de Importadores deSectores Espec\u00edficos; y a trav\u00e9s del Buz\u00f3n Tributario o en t\u00e9rminos del art\u00edculo 134 del CFF, a\u00a0los contribuyentes inscritos en el Padr\u00f3n de Exportadores Sectorial.<\/div>\n<div class=\"texto\">\u00a0\u00a0\u00a0\u00a0\u00a0\u00a0\u00a0\u00a0\u00a0\u00a0\u00a0\u00a0\u00a0\u00a0&#8230;&#8230;&#8230;&#8230;&#8230;&#8230;&#8230;&#8230;&#8230;&#8230;&#8230;&#8230;&#8230;&#8230;&#8230;&#8230;&#8230;&#8230;&#8230;&#8230;&#8230;&#8230;&#8230;&#8230;&#8230;&#8230;&#8230;&#8230;&#8230;&#8230;&#8230;&#8230;&#8230;&#8230;&#8230;&#8230;&#8230;&#8230;&#8230;&#8230;&#8230;<\/div>\n<div class=\"texto\">\u00a0\u00a0\u00a0\u00a0\u00a0\u00a0\u00a0\u00a0\u00a0\u00a0\u00a0\u00a0\u00a0\u00a0Ley 36-A, 37-A, 59-IV, 59-A, 86-A, 119, 158-I, 176, 177, 179, 182-II, LFPIORPI 17-XVI, CPF\u00a0193, CFF 27, 42, 134, Decreto de veh\u00edculos usados 9, Decreto IMMEX 7, 24-VI, 27, TIGIE\u00a0Cap\u00edtulos 50 al 64, Reglamento 39, 84, 87, RGCE 1.2.1., 1.2.2., 1.3.2., 1.3.4., 1.3.7., 2.4.3.,\u00a03.1.17., 7.1.2., 7.1.3., 7.2.1., 7.4.1., 7.4.3., Anexo 1, 1-A, 10, Anexo 11 de la RMF<\/div>\n<div class=\"texto\">\u00a0\u00a0\u00a0\u00a0\u00a0\u00a0\u00a0\u00a0\u00a0\u00a0\u00a0\u00a0\u00a0\u00a0Reincorporaci\u00f3n en los Padrones<\/div>\n<div class=\"texto\">1.3.4.\u00a0\u00a0\u00a0\u00a0\u00a0\u00a0\u00a0&#8230;&#8230;&#8230;&#8230;&#8230;&#8230;&#8230;&#8230;&#8230;&#8230;&#8230;&#8230;&#8230;&#8230;&#8230;&#8230;&#8230;&#8230;&#8230;&#8230;&#8230;&#8230;&#8230;&#8230;&#8230;&#8230;&#8230;&#8230;&#8230;&#8230;&#8230;&#8230;&#8230;&#8230;&#8230;&#8230;&#8230;&#8230;&#8230;&#8230;&#8230;<\/div>\n<div class=\"texto\"><\/div>\n<div class=\"texto\">\u00a0\u00a0\u00a0\u00a0\u00a0\u00a0\u00a0\u00a0\u00a0\u00a0\u00a0\u00a0\u00a0\u00a0En el caso de que la ACIA o la ACAJNH, en el \u00e1mbito de su competencia, no tengan los\u00a0elementos o medios suficientes para corroborar si el contribuyente desvirtu\u00f3 o subsan\u00f3 la\u00a0irregularidad por la cual fue suspendido, se remitir\u00e1n a la unidad administrativa que haya\u00a0generado la informaci\u00f3n que suscit\u00f3 la suspensi\u00f3n, las pruebas, alegatos y elementos\u00a0aportados por el contribuyente, a efecto de que esta \u00faltima lleve a cabo el an\u00e1lisis y valoraci\u00f3n\u00a0de los mismos, e informe por escrito a la ACIA o la ACAJNH, en el \u00e1mbito de su competencia,\u00a0en un plazo no mayor a 15 d\u00edas naturales, si es que efectivamente se subsanan o corrigen las\u00a0omisiones o inconsistencias reportadas, indicando si resultar\u00eda procedente o no, que se\u00a0reincorpore al contribuyente en el Padr\u00f3n de Importadores y\/o Padr\u00f3n de Importadores de\u00a0Sectores Espec\u00edficos, siempre que previamente la ACIA o la ACAJNH, en el \u00e1mbito de su\u00a0competencia, hayan verificado el cumplimiento de los dem\u00e1s requisitos.<\/div>\n<div class=\"texto\">\u00a0\u00a0\u00a0\u00a0\u00a0\u00a0\u00a0\u00a0\u00a0\u00a0\u00a0\u00a0\u00a0\u00a0&#8230;&#8230;&#8230;&#8230;&#8230;&#8230;&#8230;&#8230;&#8230;&#8230;&#8230;&#8230;&#8230;&#8230;&#8230;&#8230;&#8230;&#8230;&#8230;&#8230;&#8230;&#8230;&#8230;&#8230;&#8230;&#8230;&#8230;&#8230;&#8230;&#8230;&#8230;&#8230;&#8230;&#8230;&#8230;&#8230;&#8230;&#8230;&#8230;&#8230;&#8230;.<\/div>\n<div class=\"texto\">\u00a0\u00a0\u00a0\u00a0\u00a0\u00a0\u00a0\u00a0\u00a0\u00a0\u00a0\u00a0\u00a0\u00a0Ley 59-IV, Reglamento 84, 85, RGCE 1.2.2., 1.3.3., Anexo 1-A<\/div>\n<div class=\"texto\">\u00a0\u00a0\u00a0\u00a0\u00a0\u00a0\u00a0\u00a0\u00a0\u00a0\u00a0\u00a0\u00a0\u00a0Inscripci\u00f3n en el Sector 13<\/div>\n<div class=\"texto\">1.3.8.\u00a0\u00a0\u00a0\u00a0\u00a0\u00a0\u00a0Se deroga.<\/div>\n<div class=\"texto\">\u00a0\u00a0\u00a0\u00a0\u00a0\u00a0\u00a0\u00a0\u00a0\u00a0\u00a0\u00a0\u00a0\u00a0Autorizaci\u00f3n y pr\u00f3rroga de mandatario de agente aduanal<\/div>\n<div class=\"texto\">1.4.3.\u00a0\u00a0\u00a0\u00a0\u00a0\u00a0\u00a0Para los efectos de lo dispuesto en el art\u00edculo 160, fracci\u00f3n VI, de la Ley, los agentes aduanales\u00a0deber\u00e1n presentar solicitud ante la ACAJA, en el Portal del SAT, accediendo a la Ventanilla\u00a0Digital, y cumplir con lo establecido en la ficha de tr\u00e1mite 10\/LA.<\/div>\n<div class=\"texto\">\u00a0\u00a0\u00a0\u00a0\u00a0\u00a0\u00a0\u00a0\u00a0\u00a0\u00a0\u00a0\u00a0\u00a0Los aspirantes deber\u00e1n sustentar un examen que constar\u00e1 de dos etapas, una de\u00a0conocimientos y la otra psicot\u00e9cnica que aplicar\u00e1 el SAT, o \u00fanicamente la etapa psicot\u00e9cnica\u00a0que determine el SAT, siempre que el aspirante cuente con la certificaci\u00f3n de la Norma T\u00e9cnica\u00a0de Competencia Laboral, emitida mediante publicaci\u00f3n en el DOF por el Consejo Nacional de\u00a0Normalizaci\u00f3n y Certificaci\u00f3n de Competencias Laborales (CONOCER).<\/div>\n<div class=\"texto\">\u00a0\u00a0\u00a0\u00a0\u00a0\u00a0\u00a0\u00a0\u00a0\u00a0\u00a0\u00a0\u00a0\u00a0Ley 160-VI, 162, LFD 40, Reglamento 218, RGCE 1.1.6., 1.2.2., Anexo 1-A<\/div>\n<div class=\"texto\">\u00a0\u00a0\u00a0\u00a0\u00a0\u00a0\u00a0\u00a0\u00a0\u00a0\u00a0\u00a0\u00a0\u00a0Oficinas autorizadas para pago de contribuciones y cuotas compensatorias<\/div>\n<div class=\"texto\">1.6.22.\u00a0\u00a0\u00a0\u00a0\u00a0&#8230;&#8230;&#8230;&#8230;&#8230;&#8230;&#8230;&#8230;&#8230;&#8230;&#8230;&#8230;&#8230;&#8230;&#8230;&#8230;&#8230;&#8230;&#8230;&#8230;&#8230;&#8230;&#8230;&#8230;&#8230;&#8230;&#8230;&#8230;&#8230;&#8230;&#8230;&#8230;&#8230;&#8230;&#8230;&#8230;&#8230;&#8230;&#8230;&#8230;&#8230;&#8230;..<\/div>\n<div class=\"texto\">II.\u00a0\u00a0\u00a0\u00a0\u00a0\u00a0&#8230;&#8230;&#8230;&#8230;&#8230;&#8230;&#8230;&#8230;&#8230;&#8230;&#8230;&#8230;&#8230;&#8230;&#8230;&#8230;&#8230;&#8230;&#8230;&#8230;&#8230;&#8230;&#8230;&#8230;&#8230;&#8230;&#8230;&#8230;&#8230;&#8230;&#8230;&#8230;&#8230;&#8230;&#8230;&#8230;&#8230;&#8230;&#8230;&#8230;&#8230;<\/div>\n<div class=\"texto\">\u00a0\u00a0\u00a0\u00a0\u00a0\u00a0\u00a0\u00a0\u00a0Los cheques a que se refiere esta fracci\u00f3n deber\u00e1n cumplir con lo indicado en la regla\u00a01.6.2., debiendo expedirse a favor de la TESOFE y ser de la cuenta del contribuyente o\u00a0del almac\u00e9n general de dep\u00f3sito que efect\u00fae el pago, cumpliendo para tal efecto con los\u00a0requisitos previstos en el art\u00edculo 14 del Reglamento del CFF.<\/div>\n<div class=\"texto\">\u00a0\u00a0\u00a0\u00a0\u00a0\u00a0\u00a0\u00a0\u00a0\u00a0\u00a0\u00a0\u00a0\u00a0Ley 83, 120, CFF 21, Reglamento del CFF 14, RGCE 1.6.2.<\/div>\n<div class=\"texto\">\u00a0\u00a0\u00a0\u00a0\u00a0\u00a0\u00a0\u00a0\u00a0\u00a0\u00a0\u00a0\u00a0\u00a0Operaciones exentas del uso de candados oficiales<\/div>\n<div class=\"texto\">1.7.3.\u00a0\u00a0\u00a0\u00a0\u00a0\u00a0\u00a0&#8230;&#8230;&#8230;&#8230;&#8230;&#8230;&#8230;&#8230;&#8230;&#8230;&#8230;&#8230;&#8230;&#8230;&#8230;&#8230;&#8230;&#8230;&#8230;&#8230;&#8230;&#8230;&#8230;&#8230;&#8230;&#8230;&#8230;&#8230;&#8230;&#8230;&#8230;&#8230;&#8230;&#8230;&#8230;&#8230;&#8230;&#8230;&#8230;&#8230;&#8230;&#8230;&#8230;&#8230;&#8230;&#8230;&#8230;&#8230;&#8230;&#8230;&#8230;<\/div>\n<div class=\"texto\">VII.\u00a0\u00a0\u00a0\u00a0Trat\u00e1ndose de reg\u00edmenes aduaneros de importaci\u00f3n definitiva o temporal de mercanc\u00edas\u00a0que se despachen por ferrocarril, as\u00ed como en tr\u00e1nsito interno a la importaci\u00f3n, tr\u00e1nsito\u00a0internacional o de mercanc\u00edas destinadas al r\u00e9gimen de dep\u00f3sito fiscal que sean\u00a0transportadas en contenedores sobre equipo ferroviario doble estiba, que est\u00e9\u00a0acondicionado para cargar estiba sencilla o doble estiba, sin perjuicio de lo establecido\u00a0en la regla 1.7.6. Asimismo, en las operaciones de tr\u00e1nsito interno a la exportaci\u00f3n por\u00a0ferrocarril de las empresas de la industria automotriz o manufacturera de veh\u00edculos de\u00a0autotransporte, cuando inicien en aduanas interiores o de tr\u00e1fico mar\u00edtimo.<\/div>\n<div class=\"texto\">\u00a0\u00a0\u00a0\u00a0\u00a0\u00a0\u00a0\u00a0\u00a0\u00a0\u00a0\u00a0\u00a0\u00a0Ley 59-B-V, 160-X, Reglamento 248, RGCE 1.7.6.<\/div>\n<div class=\"texto\">\u00a0\u00a0\u00a0\u00a0\u00a0\u00a0\u00a0\u00a0\u00a0\u00a0\u00a0\u00a0\u00a0\u00a0Autorizaci\u00f3n para prestar los servicios de prevalidaci\u00f3n electr\u00f3nica<\/div>\n<div class=\"texto\">1.8.1.\u00a0\u00a0\u00a0\u00a0\u00a0\u00a0\u00a0&#8230;&#8230;&#8230;&#8230;&#8230;&#8230;&#8230;&#8230;&#8230;&#8230;&#8230;&#8230;&#8230;&#8230;&#8230;&#8230;&#8230;&#8230;&#8230;&#8230;&#8230;&#8230;&#8230;&#8230;&#8230;&#8230;&#8230;&#8230;&#8230;&#8230;&#8230;&#8230;&#8230;&#8230;&#8230;&#8230;&#8230;&#8230;&#8230;&#8230;&#8230;&#8230;..<\/div>\n<div class=\"texto\"><\/div>\n<div class=\"texto\">\u00a0\u00a0\u00a0\u00a0\u00a0\u00a0\u00a0\u00a0\u00a0\u00a0\u00a0\u00a0\u00a0\u00a0Quienes cuenten con la autorizaci\u00f3n a que se refiere la presente regla, incluso los almacenes\u00a0generales de dep\u00f3sito y empresas de mensajer\u00eda, deber\u00e1n cumplir con lo dispuesto en las\u00a0fracciones X y XV de la regla 1.8.2., en un plazo que no exceda del 31 de diciembre de 2018.<\/div>\n<div class=\"texto\">\u00a0\u00a0\u00a0\u00a0\u00a0\u00a0\u00a0\u00a0\u00a0\u00a0\u00a0\u00a0\u00a0\u00a0&#8230;&#8230;&#8230;&#8230;&#8230;&#8230;&#8230;&#8230;&#8230;&#8230;&#8230;&#8230;&#8230;&#8230;&#8230;&#8230;&#8230;&#8230;&#8230;&#8230;&#8230;&#8230;&#8230;&#8230;&#8230;&#8230;&#8230;&#8230;&#8230;&#8230;&#8230;&#8230;&#8230;&#8230;&#8230;&#8230;&#8230;&#8230;&#8230;&#8230;&#8230;.<\/div>\n<div class=\"texto\">\u00a0\u00a0\u00a0\u00a0\u00a0\u00a0\u00a0\u00a0\u00a0\u00a0\u00a0\u00a0\u00a0\u00a0Ley 16, 16-A, 144-A-V, Reglamento 13, RGCE 1.2.2., 1.8.2., Anexo 1-A<\/div>\n<div class=\"texto\">\u00a0\u00a0\u00a0\u00a0\u00a0\u00a0\u00a0\u00a0\u00a0\u00a0\u00a0\u00a0\u00a0\u00a0Informaci\u00f3n a transmitir por empresas a\u00e9reas en vuelos no regulares<\/div>\n<div class=\"texto\">1.9.6.\u00a0\u00a0\u00a0\u00a0\u00a0\u00a0\u00a0Para los efectos del art\u00edculo 30 del Reglamento, las empresas que presten el servicio de\u00a0transporte a\u00e9reo internacional no regular de pasajeros, entre ellas, taxis a\u00e9reos, de fletamento y\u00a0vuelos privados deber\u00e1n transmitir electr\u00f3nicamente, de manera anticipada, la informaci\u00f3n\u00a0relativa a los pasajeros, la tripulaci\u00f3n y a la empresa a que se refiere la presente regla, hasta 30\u00a0minutos antes que la aeronave despegue del \u00faltimo aeropuerto en el extranjero con destino\u00a0directo a territorio nacional o del territorio nacional hacia el extranjero, conforme a loslineamientos que establezca la AGA, mismos que se dar\u00e1n a conocer en el Portal del SAT.<\/div>\n<div class=\"texto\">\u00a0\u00a0\u00a0\u00a0\u00a0\u00a0\u00a0\u00a0\u00a0\u00a0\u00a0\u00a0\u00a0\u00a0La informaci\u00f3n que se trasmita electr\u00f3nicamente deber\u00e1 contener los siguientes datos:<\/div>\n<div class=\"texto\">I.\u00a0\u00a0\u00a0\u00a0\u00a0\u00a0\u00a0De la empresa:<\/div>\n<div class=\"texto\">a)\u00a0\u00a0\u00a0Denominaci\u00f3n o raz\u00f3n social.<\/div>\n<div class=\"texto\">b)\u00a0\u00a0\u00a0RFC.<\/div>\n<div class=\"texto\">c)\u00a0\u00a0\u00a0Domicilio.<\/div>\n<div class=\"texto\">d)\u00a0\u00a0\u00a0Tel\u00e9fono.<\/div>\n<div class=\"texto\">II.\u00a0\u00a0\u00a0\u00a0\u00a0\u00a0De las aeronaves:<\/div>\n<div class=\"texto\">a)\u00a0\u00a0\u00a0Matr\u00edcula de cada una de sus aeronaves.<\/div>\n<div class=\"texto\">III.\u00a0\u00a0\u00a0\u00a0\u00a0De cada pasajero transportado en cada vuelo que se realice:<\/div>\n<div class=\"texto\">a)\u00a0\u00a0\u00a0Nombre completo.<\/div>\n<div class=\"texto\">b)\u00a0\u00a0\u00a0Fecha de nacimiento.<\/div>\n<div class=\"texto\">c)\u00a0\u00a0\u00a0Nacionalidad.<\/div>\n<div class=\"texto\">d)\u00a0\u00a0\u00a0Las ciudades de salida y destino de su vuelo.<\/div>\n<div class=\"texto\">e)\u00a0\u00a0\u00a0N\u00famero de pasaporte.<\/div>\n<div class=\"texto\">f)\u00a0\u00a0\u00a0\u00a0Fecha de expiraci\u00f3n.<\/div>\n<div class=\"texto\">IV.\u00a0\u00a0\u00a0\u00a0\u00a0De la tripulaci\u00f3n:<\/div>\n<div class=\"texto\">a)\u00a0\u00a0\u00a0Nombre completo.<\/div>\n<div class=\"texto\">b)\u00a0\u00a0\u00a0Fecha de nacimiento.<\/div>\n<div class=\"texto\">c)\u00a0\u00a0\u00a0Nacionalidad.<\/div>\n<div class=\"texto\">d)\u00a0\u00a0\u00a0N\u00famero de pasaporte.<\/div>\n<div class=\"texto\">e)\u00a0\u00a0\u00a0Fecha de expiraci\u00f3n.<\/div>\n<div class=\"texto\">f)\u00a0\u00a0\u00a0\u00a0N\u00famero de licencia.<\/div>\n<div class=\"texto\">g)\u00a0\u00a0\u00a0Fecha de vencimiento.<\/div>\n<div class=\"texto\">V.\u00a0\u00a0\u00a0\u00a0\u00a0\u00a0Del vuelo:<\/div>\n<div class=\"texto\">a)\u00a0\u00a0\u00a0Fecha y hora estimada de salida.<\/div>\n<div class=\"texto\">b)\u00a0\u00a0\u00a0Fecha y hora estimada de arribo.<\/div>\n<div class=\"texto\">\u00a0\u00a0\u00a0\u00a0\u00a0\u00a0\u00a0\u00a0\u00a0\u00a0\u00a0\u00a0\u00a0\u00a0Las empresas a que se refiere la presente regla, podr\u00e1n transmitir modificaciones a la\u00a0informaci\u00f3n correspondiente durante el tiempo del vuelo.<\/div>\n<div class=\"texto\">\u00a0\u00a0\u00a0\u00a0\u00a0\u00a0\u00a0\u00a0\u00a0\u00a0\u00a0\u00a0\u00a0\u00a0Ley 6, 7, Reglamento 30<\/div>\n<div class=\"texto\">\u00a0\u00a0\u00a0\u00a0\u00a0\u00a0\u00a0\u00a0\u00a0\u00a0\u00a0\u00a0\u00a0\u00a0Aviso de informaci\u00f3n de carga a\u00e9rea<\/div>\n<div class=\"texto\">1.9.10.\u00a0\u00a0\u00a0\u00a0\u00a0&#8230;&#8230;&#8230;&#8230;&#8230;&#8230;&#8230;&#8230;&#8230;&#8230;&#8230;&#8230;&#8230;&#8230;&#8230;&#8230;&#8230;&#8230;&#8230;&#8230;&#8230;&#8230;&#8230;&#8230;&#8230;&#8230;&#8230;&#8230;&#8230;&#8230;&#8230;&#8230;&#8230;&#8230;&#8230;&#8230;&#8230;&#8230;&#8230;&#8230;&#8230;<\/div>\n<div class=\"texto\"><\/div>\n<div class=\"texto\">I.\u00a0\u00a0\u00a0\u00a0\u00a0\u00a0\u00a0Para la Gu\u00eda A\u00e9rea M\u00e1ster:<\/div>\n<div class=\"texto\">a)\u00a0\u00a0\u00a0Transmisor (CAAT, usuario y contrase\u00f1a).<\/div>\n<div class=\"texto\">b)\u00a0\u00a0\u00a0N\u00famero de Gu\u00eda A\u00e9rea M\u00e1ster.<\/div>\n<div class=\"texto\">c)\u00a0\u00a0\u00a0Lugar de origen (Ciudad y Pa\u00eds).<\/div>\n<div class=\"texto\">d)\u00a0\u00a0\u00a0Lugar de destino (Ciudad y Pa\u00eds).<\/div>\n<div class=\"texto\">e)\u00a0\u00a0\u00a0Nombre y domicilio (calle, n\u00famero, c\u00f3digo postal, ciudad y pa\u00eds) del Embarcador.<\/div>\n<div class=\"texto\">f)\u00a0\u00a0\u00a0\u00a0Tel\u00e9fono del Embarcador.<\/div>\n<div class=\"texto\">g)\u00a0\u00a0\u00a0Correo electr\u00f3nico del Embarcador.<\/div>\n<div class=\"texto\">h)\u00a0\u00a0\u00a0Contacto\/compa\u00f1\u00eda del Embarcador.<\/div>\n<div class=\"texto\">i)\u00a0\u00a0\u00a0\u00a0Nombre y domicilio (calle, n\u00famero, c\u00f3digo postal, ciudad y pa\u00eds) del Consignatario.<\/div>\n<div class=\"texto\">j)\u00a0\u00a0\u00a0\u00a0Tel\u00e9fono del Consignatario.<\/div>\n<div class=\"texto\">k)\u00a0\u00a0\u00a0Correo electr\u00f3nico del Consignatario.<\/div>\n<div class=\"texto\">l)\u00a0\u00a0\u00a0\u00a0Contacto\/compa\u00f1\u00eda del Consignatario.<\/div>\n<div class=\"texto\">m)\u00a0\u00a0Lugar programado de despegue (Ciudad y Pa\u00eds).<\/div>\n<div class=\"texto\">n)\u00a0\u00a0\u00a0Fecha y hora programada de despegue.<\/div>\n<div class=\"texto\">o)\u00a0\u00a0\u00a0Lugar programado de arribo (Ciudad y Pa\u00eds).<\/div>\n<div class=\"texto\">p)\u00a0\u00a0\u00a0Fecha y hora programada de arribo.<\/div>\n<div class=\"texto\">q)\u00a0\u00a0\u00a0Tipo de movimiento (Importaci\u00f3n, exportaci\u00f3n o transbordo).<\/div>\n<div class=\"texto\">r)\u00a0\u00a0\u00a0\u00a0Moneda origen.<\/div>\n<div class=\"texto\">s)\u00a0\u00a0\u00a0Informaci\u00f3n por cada partida de mercanc\u00edas:<\/div>\n<div class=\"texto\">1.\u00a0\u00a0\u00a0Descripci\u00f3n de la mercanc\u00eda.<\/div>\n<div class=\"texto\">2.\u00a0\u00a0\u00a0N\u00famero de piezas.<\/div>\n<div class=\"texto\">3.\u00a0\u00a0\u00a0Peso bruto.<\/div>\n<div class=\"texto\">4.\u00a0\u00a0\u00a0Unidad de medida.<\/div>\n<div class=\"texto\">5.\u00a0\u00a0\u00a0Valor declarado.<\/div>\n<div class=\"texto\">6.\u00a0\u00a0\u00a0Moneda.<\/div>\n<div class=\"texto\">7.\u00a0\u00a0\u00a0Informaci\u00f3n complementaria (Handling information), s\u00f3lo se declara si se trata\u00a0de mercanc\u00eda peligrosa, valija diplom\u00e1tica, animales vivos, restos humanos, etc.<\/div>\n<div class=\"texto\">t)\u00a0\u00a0\u00a0\u00a0N\u00famero total de piezas.<\/div>\n<div class=\"texto\">u)\u00a0\u00a0\u00a0Peso bruto total.<\/div>\n<div class=\"texto\">II.\u00a0\u00a0\u00a0\u00a0\u00a0\u00a0Para el Manifiesto de Carga A\u00e9reo:<\/div>\n<div class=\"texto\">a)\u00a0\u00a0\u00a0Transmisor (CAAT, usuario y contrase\u00f1a).<\/div>\n<div class=\"texto\">b)\u00a0\u00a0\u00a0N\u00famero de manifiesto.<\/div>\n<div class=\"texto\">c)\u00a0\u00a0\u00a0N\u00famero de vuelo.<\/div>\n<div class=\"texto\">d)\u00a0\u00a0\u00a0Lugar de carga.<\/div>\n<div class=\"texto\">e)\u00a0\u00a0\u00a0Fecha y Hora de la carga.<\/div>\n<div class=\"texto\">f)\u00a0\u00a0\u00a0\u00a0Lugar programado de arribo.<\/div>\n<div class=\"texto\">g)\u00a0\u00a0\u00a0Fecha y hora programada de arribo.<\/div>\n<div class=\"texto\">h)\u00a0\u00a0\u00a0Informaci\u00f3n requerida por cada Gu\u00eda A\u00e9rea M\u00e1ster:<\/div>\n<div class=\"texto\"><\/div>\n<div class=\"texto\">1.\u00a0\u00a0\u00a0N\u00famero de documento a\u00e9reo o Gu\u00eda A\u00e9rea M\u00e1ster.<\/div>\n<div class=\"texto\">2.\u00a0\u00a0\u00a0Lugar de origen (Ciudad y Pa\u00eds).<\/div>\n<div class=\"texto\">3.\u00a0\u00a0\u00a0Lugar de destino (Ciudad y Pa\u00eds).<\/div>\n<div class=\"texto\">4.\u00a0\u00a0\u00a0Descripci\u00f3n de la mercanc\u00eda.<\/div>\n<div class=\"texto\">5.\u00a0\u00a0\u00a0Tipo de env\u00edo (Split o carga completa).<\/div>\n<div class=\"texto\">6.\u00a0\u00a0\u00a0N\u00famero de piezas.<\/div>\n<div class=\"texto\">7.\u00a0\u00a0\u00a0Peso bruto.<\/div>\n<div class=\"texto\">8.\u00a0\u00a0\u00a0Tipo de movimiento (Importaci\u00f3n, exportaci\u00f3n o transbordo).<\/div>\n<div class=\"texto\">9.\u00a0\u00a0\u00a0Informaci\u00f3n complementaria (Handling information), s\u00f3lo se declara si se trata\u00a0de mercanc\u00eda peligrosa, valija diplom\u00e1tica, animales vivos, restos humanos, etc.<\/div>\n<div class=\"texto\">i)\u00a0\u00a0\u00a0\u00a0N\u00famero total de piezas.<\/div>\n<div class=\"texto\">j)\u00a0\u00a0\u00a0\u00a0Peso total de la carga.<\/div>\n<div class=\"texto\">\u00a0\u00a0\u00a0\u00a0\u00a0\u00a0\u00a0\u00a0\u00a0\u00a0\u00a0\u00a0\u00a0\u00a0&#8230;&#8230;&#8230;&#8230;&#8230;&#8230;&#8230;&#8230;&#8230;&#8230;&#8230;&#8230;&#8230;&#8230;&#8230;&#8230;&#8230;&#8230;&#8230;&#8230;&#8230;&#8230;&#8230;&#8230;&#8230;&#8230;&#8230;&#8230;&#8230;&#8230;&#8230;&#8230;&#8230;&#8230;&#8230;&#8230;&#8230;&#8230;&#8230;&#8230;&#8230;.<\/div>\n<div class=\"texto\">\u00a0\u00a0\u00a0\u00a0\u00a0\u00a0\u00a0\u00a0\u00a0\u00a0\u00a0\u00a0\u00a0\u00a0Cuando se traten de cargas consolidadas, se deber\u00e1n declarar cada una de las mercanc\u00edas de\u00a0manera individual, detallando los datos a los que hace menci\u00f3n la regla 1.9.17.<\/div>\n<div class=\"texto\">\u00a0\u00a0\u00a0\u00a0\u00a0\u00a0\u00a0\u00a0\u00a0\u00a0\u00a0\u00a0\u00a0\u00a0&#8230;&#8230;&#8230;&#8230;&#8230;&#8230;&#8230;&#8230;&#8230;&#8230;&#8230;&#8230;&#8230;&#8230;&#8230;&#8230;&#8230;&#8230;&#8230;&#8230;&#8230;&#8230;&#8230;&#8230;&#8230;&#8230;&#8230;&#8230;&#8230;&#8230;&#8230;&#8230;&#8230;&#8230;&#8230;&#8230;&#8230;&#8230;&#8230;&#8230;&#8230;<\/div>\n<div class=\"texto\">\u00a0\u00a0\u00a0\u00a0\u00a0\u00a0\u00a0\u00a0\u00a0\u00a0\u00a0\u00a0\u00a0\u00a0Ley 6, 7, 20-II, VII, 36-A-I, Reglamento 5, RGCE 1.9.17., 2.4.4.<\/div>\n<div class=\"texto\">\u00a0\u00a0\u00a0\u00a0\u00a0\u00a0\u00a0\u00a0\u00a0\u00a0\u00a0\u00a0\u00a0\u00a0Gu\u00eda a\u00e9rea electr\u00f3nica<\/div>\n<div class=\"texto\">1.9.17.\u00a0\u00a0\u00a0\u00a0\u00a0Para los efectos de lo dispuesto por los art\u00edculos 6o., 7o., segundo p\u00e1rrafo, 20, fracciones II y\u00a0VII; y 36-A, fracci\u00f3n I, inciso b), de la Ley, se estar\u00e1 a lo siguiente:<\/div>\n<div class=\"texto\">\u00a0\u00a0\u00a0\u00a0\u00a0\u00a0\u00a0\u00a0\u00a0\u00a0\u00a0\u00a0\u00a0\u00a0Los agentes internacionales de carga y las empresas de mensajer\u00eda, deber\u00e1n proporcionar la\u00a0informaci\u00f3n relativa a las mercanc\u00edas que transporten consignadas en la Gu\u00eda A\u00e9rea House,\u00a0mediante la transmisi\u00f3n electr\u00f3nica de datos a la Ventanilla Digital, sin que sea necesaria la\u00a0presentaci\u00f3n de la gu\u00eda a\u00e9rea ante la aduana, para lo cual, podr\u00e1n optar por proporcionar la\u00a0informaci\u00f3n en idioma espa\u00f1ol o ingl\u00e9s.<\/div>\n<div class=\"texto\">\u00a0\u00a0\u00a0\u00a0\u00a0\u00a0\u00a0\u00a0\u00a0\u00a0\u00a0\u00a0\u00a0\u00a0Trat\u00e1ndose de importaci\u00f3n, la informaci\u00f3n a que se refiere el p\u00e1rrafo anterior deber\u00e1\u00a0transmitirse dentro de los siguientes plazos:<\/div>\n<div class=\"texto\">I.\u00a0\u00a0\u00a0\u00a0\u00a0\u00a0\u00a0Para todos aquellos vuelos provenientes del extranjero de pa\u00edses de Am\u00e9rica del Norte,\u00a0Am\u00e9rica Central, el Caribe y Sudam\u00e9rica (al norte del Ecuador) la informaci\u00f3n deber\u00e1\u00a0transmitirse entre el momento en que se genere y hasta el momento de despegar del\u00a0\u00faltimo aeropuerto en el extranjero con destino a territorio nacional; y<\/div>\n<div class=\"texto\">II.\u00a0\u00a0\u00a0\u00a0\u00a0\u00a0Para todos aquellos vuelos provenientes de pa\u00edses distintos de los se\u00f1alados en la\u00a0fracci\u00f3n anterior, la informaci\u00f3n deber\u00e1 ser transmitida entre el momento en que se\u00a0genere y hasta cuatro horas antes del arribo del avi\u00f3n al primer aeropuerto en territorio\u00a0nacional.<\/div>\n<div class=\"texto\">El aviso a que se refieren los art\u00edculos 7o., segundo p\u00e1rrafo, de la Ley y 5o. del Reglamento,\u00a0deber\u00e1 transmitirse de manera electr\u00f3nica.<\/div>\n<div class=\"texto\">Para efectos de realizar la transmisi\u00f3n electr\u00f3nica a que se refiere el segundo p\u00e1rrafo de la\u00a0presente regla, los agentes internacionales de carga y las empresas de mensajer\u00eda a\u00e9rea\u00a0deber\u00e1n estar registrados en el CAAT en los t\u00e9rminos y condiciones se\u00f1alados en la regla\u00a02.4.4.<\/div>\n<div class=\"texto\">La informaci\u00f3n que aparece en la Gu\u00eda A\u00e9rea House deber\u00e1 transmitirse mediante la Ventanilla\u00a0Digital, conforme a lo establecido en los\u00a0&#8220;Lineamientos para la transmisi\u00f3n electr\u00f3nica del<\/div>\n<div class=\"texto\">Manifiesto de Carga y Gu\u00edas A\u00e9reas House y Master a la Ventanilla Digital&#8221;\u00a0emitidos por la\u00a0AGA, mismos que se podr\u00e1n consultar en el Portal del SAT, con los siguientes datos:<\/div>\n<div class=\"texto\">I.\u00a0\u00a0\u00a0\u00a0\u00a0\u00a0\u00a0Transmisor (CAAT, usuario y contrase\u00f1a).<\/div>\n<div class=\"texto\">II.\u00a0\u00a0\u00a0\u00a0\u00a0\u00a0N\u00famero de Gu\u00eda A\u00e9rea House.<\/div>\n<div class=\"texto\">III.\u00a0\u00a0\u00a0\u00a0\u00a0Lugar de Origen (Ciudad y Pa\u00eds).<\/div>\n<div class=\"texto\">IV.\u00a0\u00a0\u00a0\u00a0\u00a0Lugar de Destino (Ciudad y Pa\u00eds).<\/div>\n<div class=\"texto\">V.\u00a0\u00a0\u00a0\u00a0\u00a0\u00a0N\u00famero de Gu\u00eda A\u00e9rea M\u00e1ster de referencia.<\/div>\n<div class=\"texto\">VI.\u00a0\u00a0\u00a0\u00a0\u00a0Nombre y domicilio (calle, n\u00famero, c\u00f3digo postal, ciudad y pa\u00eds) del Embarcador.<\/div>\n<div class=\"texto\">VII.\u00a0\u00a0\u00a0\u00a0Tel\u00e9fono del embarcador.<\/div>\n<div class=\"texto\">VIII.\u00a0\u00a0\u00a0\u00a0Correo electr\u00f3nico del embarcador.<\/div>\n<div class=\"texto\">IX.\u00a0\u00a0\u00a0\u00a0\u00a0Contacto\/compa\u00f1\u00eda del embarcador.<\/div>\n<div class=\"texto\">X.\u00a0\u00a0\u00a0\u00a0\u00a0\u00a0Nombre y domicilio (calle y n\u00famero, c\u00f3digo postal, ciudad y pa\u00eds) del Consignatario.<\/div>\n<div class=\"texto\">XI.\u00a0\u00a0\u00a0\u00a0\u00a0Tel\u00e9fono del consignatario.<\/div>\n<div class=\"texto\">XII.\u00a0\u00a0\u00a0\u00a0Correo electr\u00f3nico del consignatario.<\/div>\n<div class=\"texto\">XIII.\u00a0\u00a0\u00a0\u00a0Contacto\/compa\u00f1\u00eda del consignatario.<\/div>\n<div class=\"texto\">XIV.\u00a0\u00a0\u00a0C\u00f3digo de Agente CAAT.<\/div>\n<div class=\"texto\">XV.\u00a0\u00a0\u00a0\u00a0Lugar programado de despegue (Ciudad y Pa\u00eds).<\/div>\n<div class=\"texto\">XVI.\u00a0\u00a0\u00a0Fecha y hora programada de despegue.<\/div>\n<div class=\"texto\">XVII.\u00a0\u00a0Lugar estimado de arribo (Ciudad y Pa\u00eds).<\/div>\n<div class=\"texto\">XVIII.\u00a0\u00a0Fecha y hora estimada de arribo.<\/div>\n<div class=\"texto\">XIX.\u00a0\u00a0\u00a0Tipo de Movimiento (Importaci\u00f3n, exportaci\u00f3n o transbordo).<\/div>\n<div class=\"texto\">XX.\u00a0\u00a0\u00a0\u00a0Moneda origen.<\/div>\n<div class=\"texto\">XXI.\u00a0\u00a0\u00a0Informaci\u00f3n por cada partida de mercanc\u00edas:<\/div>\n<div class=\"texto\">a)\u00a0\u00a0\u00a0Consecutivo de la mercanc\u00eda.<\/div>\n<div class=\"texto\">b)\u00a0\u00a0\u00a0Descripci\u00f3n del producto.<\/div>\n<div class=\"texto\">c)\u00a0\u00a0\u00a0N\u00famero de piezas.<\/div>\n<div class=\"texto\">d)\u00a0\u00a0\u00a0Peso bruto.<\/div>\n<div class=\"texto\">e)\u00a0\u00a0\u00a0Peso neto.<\/div>\n<div class=\"texto\">f)\u00a0\u00a0\u00a0\u00a0Unidad de medida.<\/div>\n<div class=\"texto\">g)\u00a0\u00a0\u00a0Valor declarado.<\/div>\n<div class=\"texto\">h)\u00a0\u00a0\u00a0Moneda.<\/div>\n<div class=\"texto\">i)\u00a0\u00a0\u00a0\u00a0Informaci\u00f3n complementaria (Handling information), s\u00f3lo se declara si se trata de\u00a0mercanc\u00eda peligrosa, valija diplom\u00e1tica, animales vivos, restos humanos, etc.<\/div>\n<div class=\"texto\">XXII.\u00a0\u00a0N\u00famero total de piezas.<\/div>\n<div class=\"texto\">XXIII.\u00a0\u00a0Descripci\u00f3n de la mercanc\u00eda.<\/div>\n<div class=\"texto\">XXIV.\u00a0Peso bruto total.<\/div>\n<div class=\"texto\">XXV.\u00a0\u00a0Unidad de medida.<\/div>\n<div class=\"texto\">\u00a0\u00a0\u00a0\u00a0\u00a0\u00a0\u00a0\u00a0\u00a0\u00a0\u00a0\u00a0\u00a0\u00a0Trat\u00e1ndose de importaciones, se podr\u00e1n rectificar los datos que hubieren transmitido<\/div>\n<div class=\"texto\">electr\u00f3nicamente a la Ventanilla Digital mediante la Gu\u00eda A\u00e9rea House cuantas veces sea\u00a0necesario, hasta antes de que se realice la transmisi\u00f3n del manifiesto de carga a\u00e9reo en el cual\u00a0va declarada la Gu\u00eda A\u00e9rea M\u00e1ster relacionada a la Gu\u00eda A\u00e9rea House.<\/div>\n<div class=\"texto\">\u00a0\u00a0\u00a0\u00a0\u00a0\u00a0\u00a0\u00a0\u00a0\u00a0\u00a0\u00a0\u00a0\u00a0Para efectos de los art\u00edculos 6o., 20, fracci\u00f3n VII y 36-A, fracci\u00f3n I, inciso b), de la Ley, una vez\u00a0que la Ventanilla Digital, env\u00ede el mensaje de aceptaci\u00f3n, se deber\u00e1 declarar en el pedimento el\u00a0n\u00famero del documento de transporte que corresponda.<\/div>\n<div class=\"texto\">\u00a0\u00a0\u00a0\u00a0\u00a0\u00a0\u00a0\u00a0\u00a0\u00a0\u00a0\u00a0\u00a0\u00a0Ley 6, 7, 20-II, VII, 36-A-I, Reglamento 5, RGCE 2.4.4.<\/div>\n<div class=\"texto\">\u00a0\u00a0\u00a0\u00a0\u00a0\u00a0\u00a0\u00a0\u00a0\u00a0\u00a0\u00a0\u00a0\u00a0Normas de operaci\u00f3n del Consejo<\/div>\n<div class=\"texto\">1.11.2.\u00a0\u00a0\u00a0\u00a0\u00a0&#8230;&#8230;&#8230;&#8230;&#8230;&#8230;&#8230;&#8230;&#8230;&#8230;&#8230;&#8230;&#8230;&#8230;&#8230;&#8230;&#8230;&#8230;&#8230;&#8230;&#8230;&#8230;&#8230;&#8230;&#8230;&#8230;&#8230;&#8230;&#8230;&#8230;&#8230;&#8230;&#8230;&#8230;&#8230;&#8230;&#8230;&#8230;&#8230;&#8230;&#8230;.<\/div>\n<div class=\"texto\">\u00a0\u00a0\u00a0\u00a0\u00a0\u00a0\u00a0\u00a0\u00a0\u00a0\u00a0\u00a0\u00a0\u00a0El Consejo podr\u00e1 convocar a los invitados especiales, que ser\u00e1n aquellos necesarios, que\u00a0cuenten con conocimientos espec\u00edficos respecto de la materia de clasificaci\u00f3n arancelaria o\u00a0af\u00edn, as\u00ed como, particulares con conocimientos de merceolog\u00eda respecto de las mercanc\u00edas\u00a0objeto de an\u00e1lisis. Asimismo, el Consejo podr\u00e1 invitar a los Titulares de las administraciones\u00a0centrales del SAT, Directores Generales Adjuntos de la SHCP u hom\u00f3logos de cualquier otra\u00a0dependencia o entidad.<\/div>\n<div class=\"texto\">\u00a0\u00a0\u00a0\u00a0\u00a0\u00a0\u00a0\u00a0\u00a0\u00a0\u00a0\u00a0\u00a0\u00a0&#8230;&#8230;&#8230;&#8230;&#8230;&#8230;&#8230;&#8230;&#8230;&#8230;&#8230;&#8230;&#8230;&#8230;&#8230;&#8230;&#8230;&#8230;&#8230;&#8230;&#8230;&#8230;&#8230;&#8230;&#8230;&#8230;&#8230;&#8230;&#8230;&#8230;&#8230;&#8230;&#8230;&#8230;&#8230;&#8230;&#8230;&#8230;&#8230;&#8230;&#8230;<\/div>\n<div class=\"texto\">\u00a0\u00a0\u00a0\u00a0\u00a0\u00a0\u00a0\u00a0\u00a0\u00a0\u00a0\u00a0\u00a0\u00a0Las funciones de cada uno de los miembros del Consejo, t\u00e9rminos y condiciones respecto de la\u00a0operaci\u00f3n del mismo, ser\u00e1n las que establezca el SAT mediante las\u00a0&#8220;Reglas de Operaci\u00f3n del\u00a0Consejo de Clasificaci\u00f3n Arancelaria&#8221;, previstas en el Anexo 6.<\/div>\n<div class=\"texto\">\u00a0\u00a0\u00a0\u00a0\u00a0\u00a0\u00a0\u00a0\u00a0\u00a0\u00a0\u00a0\u00a0\u00a0Ley 48, RGCE 1.11.1., Anexo 6<\/div>\n<div class=\"texto\">\u00a0\u00a0\u00a0\u00a0\u00a0\u00a0\u00a0\u00a0\u00a0\u00a0\u00a0\u00a0\u00a0\u00a0Procedimiento para la recuperaci\u00f3n de abandonos<\/div>\n<div class=\"texto\">2.2.5.\u00a0\u00a0\u00a0\u00a0\u00a0\u00a0\u00a0&#8230;&#8230;&#8230;&#8230;&#8230;&#8230;&#8230;&#8230;&#8230;&#8230;&#8230;&#8230;&#8230;&#8230;&#8230;&#8230;&#8230;&#8230;&#8230;&#8230;&#8230;&#8230;&#8230;&#8230;&#8230;&#8230;&#8230;&#8230;&#8230;&#8230;&#8230;&#8230;&#8230;&#8230;&#8230;&#8230;&#8230;&#8230;&#8230;&#8230;&#8230;<\/div>\n<div class=\"texto\">\u00a0\u00a0\u00a0\u00a0\u00a0\u00a0\u00a0\u00a0\u00a0\u00a0\u00a0\u00a0\u00a0\u00a0Las personas que hubieran obtenido la autorizaci\u00f3n prevista en la presente regla, contar\u00e1n con\u00a0el plazo de un mes o bien, de 15 d\u00edas naturales trat\u00e1ndose de petrol\u00edferos a que se refiere el\u00a0Anexo 29 en los casos en que se cuente con instalaciones para su mantenimiento y\u00a0conservaci\u00f3n, contado a partir del d\u00eda siguiente en que surta efectos su notificaci\u00f3n, para retirar\u00a0las mercanc\u00edas del recinto fiscal o fiscalizado en el que se encuentren y presentarlas ante la\u00a0aduana para su despacho, aun cuando se hubiera solicitado su transferencia al SAE, en cuyo\u00a0caso, deber\u00e1 cancelar parcial o totalmente los oficios de transferencia.<\/div>\n<div class=\"texto\">\u00a0\u00a0\u00a0\u00a0\u00a0\u00a0\u00a0\u00a0\u00a0\u00a0\u00a0\u00a0\u00a0\u00a0Trat\u00e1ndose de petrol\u00edferos a que se refiere el Anexo 29, mercanc\u00edas explosivas, inflamables,\u00a0contaminantes, radioactivas o corrosivas, as\u00ed como de animales vivos, que impliquen alg\u00fan\u00a0riesgo inminente en materia de sanidad animal, vegetal y salud p\u00fablica, se podr\u00e1 realizar el\u00a0retorno de la mercanc\u00eda, siempre que el interesado presente la solicitud de autorizaci\u00f3n a que\u00a0se refiere el primer p\u00e1rrafo de la presente regla.<\/div>\n<div class=\"texto\">\u00a0\u00a0\u00a0\u00a0\u00a0\u00a0\u00a0\u00a0\u00a0\u00a0\u00a0\u00a0\u00a0\u00a0Para efectos del p\u00e1rrafo anterior, los interesados contar\u00e1n con un plazo de 15 d\u00edas naturales, o\u00a0bien, de 10 d\u00edas naturales trat\u00e1ndose de petrol\u00edferos a que se refiere el Anexo 29, contado a\u00a0partir del d\u00eda siguiente en que surta efectos su notificaci\u00f3n de la autorizaci\u00f3n, para efectuar el\u00a0retorno de la mercanc\u00eda. La aduana deber\u00e1 cancelar, en su caso, el oficio de instrucci\u00f3n de\u00a0destrucci\u00f3n al recinto fiscalizado o de puesta a disposici\u00f3n de asignaci\u00f3n o donaci\u00f3n de la\u00a0mercanc\u00eda.<\/div>\n<div class=\"texto\">\u00a0\u00a0\u00a0\u00a0\u00a0\u00a0\u00a0\u00a0\u00a0\u00a0\u00a0\u00a0\u00a0\u00a0Ley 29, 30, 32, Reglamento 57, 62, RGCE 1.2.2., Anexo 1-A, 29<\/div>\n<div class=\"texto\"><\/div>\n<div class=\"texto\">\u00a0\u00a0\u00a0\u00a0\u00a0\u00a0\u00a0\u00a0\u00a0\u00a0\u00a0\u00a0\u00a0\u00a0Habilitaci\u00f3n y pr\u00f3rroga de Recintos Fiscalizados Estrat\u00e9gicos<\/div>\n<div class=\"texto\">2.3.2.\u00a0\u00a0\u00a0\u00a0\u00a0\u00a0\u00a0&#8230;&#8230;&#8230;&#8230;&#8230;&#8230;&#8230;&#8230;&#8230;&#8230;&#8230;&#8230;&#8230;&#8230;&#8230;&#8230;&#8230;&#8230;&#8230;&#8230;&#8230;&#8230;&#8230;&#8230;&#8230;&#8230;&#8230;&#8230;&#8230;&#8230;&#8230;&#8230;&#8230;&#8230;&#8230;&#8230;&#8230;&#8230;&#8230;&#8230;&#8230;&#8230;&#8230;&#8230;&#8230;&#8230;&#8230;&#8230;&#8230;&#8230;..<\/div>\n<div class=\"texto\">\u00a0\u00a0\u00a0\u00a0\u00a0\u00a0\u00a0\u00a0\u00a0\u00a0\u00a0\u00a0\u00a0\u00a0Para la emisi\u00f3n de la autorizaci\u00f3n se requerir\u00e1 el visto bueno de la ACEIA, en relaci\u00f3n con el\u00a0cumplimiento de las medidas de seguridad, control, vigilancia, v\u00edas de acceso, infraestructura,\u00a0instalaciones, sistemas y equipamiento de la superficie sujetas a habilitaci\u00f3n. Asimismo, el\u00a0inmueble deber\u00e1 contar con los sistemas electr\u00f3nicos para el control de las mercanc\u00edas,\u00a0personas y veh\u00edculos que ingresen, permanezcan o se retiren del recinto fiscalizadoestrat\u00e9gico.<\/div>\n<div class=\"texto\">\u00a0\u00a0\u00a0\u00a0\u00a0\u00a0\u00a0\u00a0\u00a0\u00a0\u00a0\u00a0\u00a0\u00a0Ley 14-D, Reglamento 190, RGCE 1.2.2., Anexos 1-A, 22<\/div>\n<div class=\"texto\">\u00a0\u00a0\u00a0\u00a0\u00a0\u00a0\u00a0\u00a0\u00a0\u00a0\u00a0\u00a0\u00a0\u00a0Autorizaci\u00f3n para el despacho en lugar distinto al autorizado<\/div>\n<div class=\"texto\">2.4.1.\u00a0\u00a0\u00a0\u00a0\u00a0\u00a0\u00a0&#8230;&#8230;&#8230;&#8230;&#8230;&#8230;&#8230;&#8230;&#8230;&#8230;&#8230;&#8230;&#8230;&#8230;&#8230;&#8230;&#8230;&#8230;&#8230;&#8230;&#8230;&#8230;&#8230;&#8230;&#8230;&#8230;&#8230;&#8230;&#8230;&#8230;&#8230;&#8230;&#8230;&#8230;&#8230;&#8230;&#8230;&#8230;&#8230;&#8230;&#8230;&#8230;&#8230;.<\/div>\n<div class=\"texto\">\u00a0\u00a0\u00a0\u00a0\u00a0\u00a0\u00a0\u00a0\u00a0\u00a0\u00a0\u00a0\u00a0\u00a0Trat\u00e1ndose de empresas cuya actividad sea la distribuci\u00f3n, comercializaci\u00f3n y almacenamiento\u00a0de gas licuado de petr\u00f3leo, que se clasifique en la fracci\u00f3n arancelaria 2711.13.01 o de gas\u00a0natural que se clasifique en las fracciones arancelarias 2711.11.01 y 2711.21.01 de la TIGIE,\u00a0podr\u00e1n obtener la autorizaci\u00f3n a que se refiere la presente regla, para destinar dichas\u00a0mercanc\u00edas al r\u00e9gimen de dep\u00f3sito fiscal, siempre que se encuentren habilitadas en lost\u00e9rminos de la regla 4.5.1.<\/div>\n<div class=\"texto\">\u00a0\u00a0\u00a0\u00a0\u00a0\u00a0\u00a0\u00a0\u00a0\u00a0\u00a0\u00a0\u00a0\u00a0&#8230;&#8230;&#8230;&#8230;&#8230;&#8230;&#8230;&#8230;&#8230;&#8230;&#8230;&#8230;&#8230;&#8230;&#8230;&#8230;&#8230;&#8230;&#8230;&#8230;&#8230;&#8230;&#8230;&#8230;&#8230;&#8230;&#8230;&#8230;&#8230;&#8230;&#8230;&#8230;&#8230;&#8230;&#8230;&#8230;&#8230;&#8230;&#8230;&#8230;&#8230;<\/div>\n<div class=\"texto\">\u00a0\u00a0\u00a0\u00a0\u00a0\u00a0\u00a0\u00a0\u00a0\u00a0\u00a0\u00a0\u00a0\u00a0Ley 10, 19, 40, 130, 131, LFD 4, 40, Reglamento 11, 12, 14, RGCE 1.2.2., 2.4.10., 4.5.1.,\u00a04.6.11., Anexos 1-A, 15, Anexo 19 de la RMF<\/div>\n<div class=\"texto\">\u00a0\u00a0\u00a0\u00a0\u00a0\u00a0\u00a0\u00a0\u00a0\u00a0\u00a0\u00a0\u00a0\u00a0Despacho de mercanc\u00edas mediante transmisi\u00f3n de informaci\u00f3n<\/div>\n<div class=\"texto\">2.4.11.\u00a0\u00a0\u00a0\u00a0\u00a0Para los efectos de los art\u00edculos 35, 36, primer p\u00e1rrafo, 36-A, pen\u00faltimo p\u00e1rrafo, 37-A, fracci\u00f3n\u00a0II, 43 de la Ley y 64 del Reglamento, la activaci\u00f3n del mecanismo de selecci\u00f3n automatizado\u00a0para el despacho de las mercanc\u00edas, se podr\u00e1 efectuar sin que se requiera presentar la\u00a0impresi\u00f3n del\u00a0&#8220;Pedimento&#8221;,\u00a0&#8220;Formato de Impresi\u00f3n Simplificada del Pedimento&#8221;, impresi\u00f3n del\u00a0&#8220;Aviso consolidado&#8221;, Pedimento Parte II, o copia simple del pedimento a que se refiere la regla\u00a03.1.18., o el documento\u00a0a que se refiere la regla 3.1.31., siempre que los representantes legales\u00a0acreditados, los agentes o apoderados aduanales, cumplan con lo siguiente:<\/div>\n<div class=\"texto\">I.\u00a0\u00a0\u00a0\u00a0\u00a0\u00a0\u00a0Generar el n\u00famero de integraci\u00f3n en el SEA, mediante la transmisi\u00f3n del documento\u00a0electr\u00f3nico a que se refiere la regla 3.1.31., fracci\u00f3n I, cumpliendo las especificaciones\u00a0se\u00f1aladas en los\u00a0&#8220;Lineamientos con las especificaciones tecnol\u00f3gicas para realizar el\u00a0despacho aduanero de mercanc\u00edas con medio de control o con documento de operaci\u00f3n\u00a0para el despacho aduanero&#8221;, emitidos por la AGA, mismos que se podr\u00e1n consultar en el\u00a0Portal del SAT.<\/div>\n<div class=\"texto\">II.\u00a0\u00a0\u00a0\u00a0\u00a0\u00a0Asociar el n\u00famero de integraci\u00f3n con el medio de control de conformidad con los\u00a0&#8220;Lineamientos de operaci\u00f3n para el despecho aduanero con medio de control, emitidos\u00a0por la AGA&#8221;, mismos que se podr\u00e1n consultar en el Portal del SAT.<\/div>\n<div class=\"texto\">\u00a0\u00a0\u00a0\u00a0\u00a0\u00a0\u00a0\u00a0\u00a0Cuando se transmitan varios documentos electr\u00f3nicos en los que se hayan declarado el\u00a0mismo n\u00famero de medios de control, se deber\u00e1n seleccionar el n\u00famero de integraci\u00f3n\u00a0de la operaci\u00f3n que se presentar\u00e1 a activar el mecanismo de selecci\u00f3n automatizado,\u00a0a\u00a0trav\u00e9s de la aplicaci\u00f3n m\u00f3vil que se se\u00f1ala en los lineamientos se\u00f1alados en la fracci\u00f3n\u00a0I, de la presente regla.<\/div>\n<div class=\"texto\">III.\u00a0\u00a0\u00a0\u00a0\u00a0\u00a0Efectuar el despacho aduanero, presentando el medio de control junto con las\u00a0mercanc\u00edas.<\/div>\n<div class=\"texto\">\u00a0\u00a0\u00a0\u00a0\u00a0\u00a0\u00a0\u00a0\u00a0Los componentes de integraci\u00f3n tecnol\u00f3gica realizar\u00e1n la lectura del medio de control\u00a0activando el mecanismo de selecci\u00f3n automatizado de la \u00faltima operaci\u00f3n seleccionada,\u00a0conforme a la fracci\u00f3n II de la presente regla.<\/div>\n<div class=\"texto\"><\/div>\n<div class=\"texto\">\u00a0\u00a0\u00a0\u00a0\u00a0\u00a0\u00a0\u00a0\u00a0\u00a0\u00a0\u00a0\u00a0\u00a0En aquellas operaciones en las que se requiera tramitar un pedimento, y la presentaci\u00f3n f\u00edsica\u00a0de una constancia, aviso o solicitud de autorizaci\u00f3n a que se refiere el Anexo 1, \u00e9sta no ser\u00e1\u00a0necesaria de presentaci\u00f3n, siempre que se declare en el identificador que corresponda\u00a0conforme al Ap\u00e9ndice 8 del Anexo 22, el n\u00famero de folio de tr\u00e1mite generado en la Ventanilla\u00a0Digital, en los t\u00e9rminos que establezcan los\u00a0&#8220;Lineamientos con las especificacionestecnol\u00f3gicas para realizar el despacho aduanero de mercanc\u00edas con medio de control o con\u00a0documento de operaci\u00f3n para el despacho aduanero&#8221;, emitidos por la AGA, mismos que se\u00a0podr\u00e1n consultar en el Portal del SAT.<\/div>\n<div class=\"texto\">\u00a0\u00a0\u00a0\u00a0\u00a0\u00a0\u00a0\u00a0\u00a0\u00a0\u00a0\u00a0\u00a0\u00a0Trat\u00e1ndose de las operaciones donde no se requiera tramitar un pedimento para realizar el\u00a0despacho aduanero de las mercanc\u00edas y en su lugar se utilice una constancia, aviso o solicitud\u00a0de autorizaci\u00f3n a que se refiere el Anexo 1, no ser\u00e1 necesaria la presentaci\u00f3n de los mismos,\u00a0siempre que se genere el n\u00famero de folio de tr\u00e1mite en la Ventanilla Digital y se grabe en el\u00a0medio de control que cumpla con las caracter\u00edsticas tecnol\u00f3gicas que se se\u00f1alan en el\u00a0Apartado A, del Ap\u00e9ndice 22, del Anexo 22, en los t\u00e9rminos que establezcan los lineamientos a\u00a0que se refiere el p\u00e1rrafo anterior.<\/div>\n<div class=\"texto\">\u00a0\u00a0\u00a0\u00a0\u00a0\u00a0\u00a0\u00a0\u00a0\u00a0\u00a0\u00a0\u00a0\u00a0Los documentos que deban presentarse en conjunto con las mercanc\u00edas para su despacho,\u00a0para acreditar el cumplimiento de regulaciones y restricciones no arancelarias, NOM&#8217;s y dem\u00e1s\u00a0obligaciones que correspondan, se deber\u00e1n enviar de conformidad con las disposiciones\u00a0jur\u00eddicas emitidas para tales efectos por las autoridades competentes, en forma electr\u00f3nica o en\u00a0forma digital al SEA, a trav\u00e9s de la Ventanilla Digital, salvo el documento que exprese el valor\u00a0de las mercanc\u00edas conforme a la regla 3.1.7.<\/div>\n<div class=\"texto\">\u00a0\u00a0\u00a0\u00a0\u00a0\u00a0\u00a0\u00a0\u00a0\u00a0\u00a0\u00a0\u00a0\u00a0Para efectos de la presente regla, el resultado de la activaci\u00f3n del mecanismo de selecci\u00f3n\u00a0automatizado, se podr\u00e1 consultar a trav\u00e9s del Portal del SAT.<\/div>\n<div class=\"texto\">\u00a0\u00a0\u00a0\u00a0\u00a0\u00a0\u00a0\u00a0\u00a0\u00a0\u00a0\u00a0\u00a0\u00a0Lo dispuesto en la presente regla, ser\u00e1 aplicable \u00fanicamente en las aduanas y secciones\u00a0aduaneras que cuenten con los componentes de integraci\u00f3n tecnol\u00f3gica para el uso del medio\u00a0de control, mismas que se dar\u00e1n a conocer a trav\u00e9s del Portal del SAT.<\/div>\n<div class=\"texto\">\u00a0\u00a0\u00a0\u00a0\u00a0\u00a0\u00a0\u00a0\u00a0\u00a0\u00a0\u00a0\u00a0\u00a0Ley 35, 36, 36-A, 37-A-II, 43, Reglamento 64, RGCE 1.2.1., 3.1.7., 3.1.18., 3.1.31., Anexo 1, 22<\/div>\n<div class=\"texto\">\u00a0\u00a0\u00a0\u00a0\u00a0\u00a0\u00a0\u00a0\u00a0\u00a0\u00a0\u00a0\u00a0\u00a0Procedimiento para la importaci\u00f3n de di\u00e9sel por empresas con Programa IMMEX<\/div>\n<div class=\"texto\">3.1.23.\u00a0\u00a0\u00a0\u00a0\u00a0Se deroga.<\/div>\n<div class=\"texto\">\u00a0\u00a0\u00a0\u00a0\u00a0\u00a0\u00a0\u00a0\u00a0\u00a0\u00a0\u00a0\u00a0\u00a0Utilizaci\u00f3n de carril\u00a0&#8220;FAST&#8221;\u00a0en las aduanas ubicadas en la frontera norte para\u00a0exportaciones siempre que cumplan con diversos requisitos<\/div>\n<div class=\"texto\">3.1.28.\u00a0\u00a0\u00a0\u00a0\u00a0Podr\u00e1n efectuar el despacho aduanero de mercanc\u00edas para su exportaci\u00f3n, utilizando los\u00a0carriles exclusivos\u00a0&#8220;FAST&#8221;, los exportadores que est\u00e9n registrados en la Oficina de Aduanas y\u00a0Protecci\u00f3n Fronteriza de los Estados Unidos de Am\u00e9rica y que utilicen los servicios de\u00a0transportistas y conductores que est\u00e9n registrados en el programa\u00a0&#8220;FAST&#8221;, siempre que los\u00a0conductores de los veh\u00edculos presenten ante el m\u00f3dulo de selecci\u00f3n automatizada la credencialque compruebe que est\u00e1n registrados en el programa\u00a0&#8220;FAST&#8221;\u00a0para conductores de la Oficina de\u00a0Aduanas y Protecci\u00f3n Fronteriza de los Estados Unidos de Am\u00e9rica.<\/div>\n<div class=\"texto\">\u00a0\u00a0\u00a0\u00a0\u00a0\u00a0\u00a0\u00a0\u00a0\u00a0\u00a0\u00a0\u00a0\u00a0Ley 35, 102, 113<\/div>\n<div class=\"texto\">\u00a0\u00a0\u00a0\u00a0\u00a0\u00a0\u00a0\u00a0\u00a0\u00a0\u00a0\u00a0\u00a0\u00a0Casos en que se considera desvirtuada la irregularidad que motiva el embargo\u00a0precautorio en t\u00e9rminos del art\u00edculo 151, fracci\u00f3n VI de la Ley<\/div>\n<div class=\"texto\">3.1.38.\u00a0\u00a0\u00a0\u00a0\u00a0Para efectos del art\u00edculo 151, fracci\u00f3n VI de la Ley, no se considerar\u00e1 que el domicilio fiscal del\u00a0importador se\u00f1alado en el pedimento, o bien, en la transmisi\u00f3n electr\u00f3nica o en el aviso\u00a0consolidado a que se refieren los art\u00edculos 36-A, 37-A, fracci\u00f3n I y 59-A de la Ley, son falsos o\u00a0inexistentes, cuando en el pedimento se declare un domicilio diferente al registrado en el RFC,\u00a0siempre y cuando cumpla con lo establecido en la ficha de tr\u00e1mite 104\/LA y se trate de alguno\u00a0de los siguientes supuestos:<\/div>\n<div class=\"texto\">I.\u00a0\u00a0\u00a0\u00a0\u00a0\u00a0\u00a0El domicilio hubiera sido registrado por el importador ante el RFC con anterioridad a la\u00a0operaci\u00f3n de comercio exterior, y se cumpla con lo siguiente:<\/div>\n<div class=\"texto\">a)\u00a0\u00a0\u00a0Compruebe que el domicilio declarado en el pedimento, corresponde a uno anterior,\u00a0declarado ante el RFC, o bien, que se trata de su actual sucursal, registrado ante\u00a0el\u00a0RFC,<\/div>\n<div class=\"texto\"><\/div>\n<div class=\"texto\">b)\u00a0\u00a0\u00a0Acredite que se encuentra localizado en el domicilio fiscal vigente registrado ante el\u00a0RFC y adem\u00e1s se cumpla con lo dispuesto por el art\u00edculo 10 del CFF,<\/div>\n<div class=\"texto\">c)\u00a0\u00a0\u00a0Se haya presentado el aviso de cambio de domicilio fiscal en el plazo previsto en el\u00a0art\u00edculo 27 del CFF,<\/div>\n<div class=\"texto\">II.\u00a0\u00a0\u00a0\u00a0\u00a0\u00a0El domicilio declarado en el pedimento sea inexacto debido a errores evidentes de\u00a0ortograf\u00eda, gram\u00e1tica o sintaxis, o bien, se deban a la inversi\u00f3n de d\u00edgitos num\u00e9ricos o\u00a0alfab\u00e9ticos, siempre que acredite que se encuentra localizado en el domicilio fiscal\u00a0registrado ante el RFC y adem\u00e1s se cumpla con lo dispuesto por el art\u00edculo 10 del CFF.<\/div>\n<div class=\"texto\">\u00a0\u00a0\u00a0\u00a0\u00a0\u00a0\u00a0\u00a0\u00a0\u00a0\u00a0\u00a0\u00a0\u00a0En caso de cumplir con lo previsto en la presente regla, la autoridad aduanera pondr\u00e1 a\u00a0disposici\u00f3n del importador las mercanc\u00edas objeto del PAMA, dando por concluida la diligencia,\u00a0sin necesidad de agotar los procedimientos y formalidades previstos en la Ley.<\/div>\n<div class=\"texto\">\u00a0\u00a0\u00a0\u00a0\u00a0\u00a0\u00a0\u00a0\u00a0\u00a0\u00a0\u00a0\u00a0\u00a0Ley 36, 36-A, 37, 37-A, 151-VI, CFF 10, 27, RCFF 29, RGCE 1.2.2., Anexo 1 RMF, Anexo 1-A<\/div>\n<div class=\"texto\">\u00a0\u00a0\u00a0\u00a0\u00a0\u00a0\u00a0\u00a0\u00a0\u00a0\u00a0\u00a0\u00a0\u00a0Franquicia de pasajeros<\/div>\n<div class=\"texto\">3.2.3.\u00a0\u00a0\u00a0\u00a0\u00a0\u00a0\u00a0&#8230;&#8230;&#8230;&#8230;&#8230;&#8230;&#8230;&#8230;&#8230;&#8230;&#8230;&#8230;&#8230;&#8230;&#8230;&#8230;&#8230;&#8230;&#8230;&#8230;&#8230;&#8230;&#8230;&#8230;&#8230;&#8230;&#8230;&#8230;&#8230;&#8230;&#8230;&#8230;&#8230;&#8230;&#8230;&#8230;&#8230;&#8230;&#8230;&#8230;&#8230;&#8230;..<\/div>\n<div class=\"texto\">\u00a0\u00a0\u00a0\u00a0\u00a0\u00a0\u00a0\u00a0\u00a0\u00a0\u00a0\u00a0\u00a0\u00a0El equipaje deber\u00e1 ser portado por los pasajeros, y adem\u00e1s podr\u00e1n introducir las mercanc\u00edas\u00a0distintas de su equipaje como franquicia, conforme a lo siguiente:<\/div>\n<div class=\"texto\">\u00a0\u00a0\u00a0\u00a0\u00a0\u00a0\u00a0\u00a0\u00a0\u00a0\u00a0\u00a0\u00a0\u00a0&#8230;&#8230;&#8230;&#8230;&#8230;&#8230;&#8230;&#8230;&#8230;&#8230;&#8230;&#8230;&#8230;&#8230;&#8230;&#8230;&#8230;&#8230;&#8230;&#8230;&#8230;&#8230;&#8230;&#8230;&#8230;&#8230;&#8230;&#8230;&#8230;&#8230;&#8230;&#8230;&#8230;&#8230;&#8230;&#8230;&#8230;&#8230;&#8230;&#8230;&#8230;&#8230;..<\/div>\n<div class=\"texto\">\u00a0\u00a0\u00a0\u00a0\u00a0\u00a0\u00a0\u00a0\u00a0\u00a0\u00a0\u00a0\u00a0\u00a0Ley 61-VI, 178-I, Reglamento 98, 194<\/div>\n<div class=\"texto\">\u00a0\u00a0\u00a0\u00a0\u00a0\u00a0\u00a0\u00a0\u00a0\u00a0\u00a0\u00a0\u00a0\u00a0Autorizaci\u00f3n para la importaci\u00f3n de menaje de casa que se encuentre en el extranjero de\u00a0una persona que fallezca<\/div>\n<div class=\"texto\">3.2.11.\u00a0\u00a0\u00a0\u00a0\u00a0Para los efectos de los art\u00edculos 100 y 101 del Reglamento, los herederos, el albacea o\u00a0cualquier otra persona, que de conformidad con el proceso sucesorio y la legislaci\u00f3n aplicable,\u00a0pueda disponer del menaje de casa que se encuentre en el extranjero de una persona que\u00a0fallezca, podr\u00e1n solicitar a la ACNCEA, autorizaci\u00f3n para la importaci\u00f3n del menaje de casa\u00a0que perteneci\u00f3 a dicho fallecido, sin el pago de los impuestos al comercio exterior, sin que sea\u00a0necesario la presentaci\u00f3n de la declaraci\u00f3n certificada por el consulado mexicano del lugar en\u00a0donde residi\u00f3, siempre que cumplan con lo previsto en la ficha de tr\u00e1mite 103\/LA.<\/div>\n<div class=\"texto\">\u00a0\u00a0\u00a0\u00a0\u00a0\u00a0\u00a0\u00a0\u00a0\u00a0\u00a0\u00a0\u00a0\u00a0Para efectos de la presente regla, el menaje de casa comprende los bienes a que se refiere al\u00a0art\u00edculo 100 del Reglamento, transmitidos por sucesi\u00f3n.<\/div>\n<div class=\"texto\">\u00a0\u00a0\u00a0\u00a0\u00a0\u00a0\u00a0\u00a0\u00a0\u00a0\u00a0\u00a0\u00a0\u00a0Ley 61-VII, Reglamento 100, 101, RGCE 1.2.2., Anexo 1-A<\/div>\n<div class=\"texto\">\u00a0\u00a0\u00a0\u00a0\u00a0\u00a0\u00a0\u00a0\u00a0\u00a0\u00a0\u00a0\u00a0\u00a0Internaci\u00f3n temporal de veh\u00edculos fronterizos<\/div>\n<div class=\"texto\">3.4.6.\u00a0\u00a0\u00a0\u00a0\u00a0\u00a0\u00a0&#8230;&#8230;&#8230;&#8230;&#8230;&#8230;&#8230;&#8230;&#8230;&#8230;&#8230;&#8230;&#8230;&#8230;&#8230;&#8230;&#8230;&#8230;&#8230;&#8230;&#8230;&#8230;&#8230;&#8230;&#8230;&#8230;&#8230;&#8230;&#8230;&#8230;&#8230;&#8230;&#8230;&#8230;&#8230;&#8230;&#8230;&#8230;&#8230;&#8230;&#8230;&#8230;&#8230;&#8230;&#8230;&#8230;&#8230;&#8230;&#8230;&#8230;..<\/div>\n<div class=\"texto\">\u00a0\u00a0\u00a0\u00a0\u00a0\u00a0\u00a0\u00a0\u00a0\u00a0\u00a0\u00a0\u00a0\u00a0Para los efectos de la presente regla, se autoriza a BANJERCITO, a recibir el pago por\u00a0concepto de tr\u00e1mite por la internaci\u00f3n temporal de veh\u00edculos, as\u00ed como para emitir los\u00a0documentos que amparan, la internaci\u00f3n temporal del veh\u00edculo y su retorno.<\/div>\n<div class=\"texto\">\u00a0\u00a0\u00a0\u00a0\u00a0\u00a0\u00a0\u00a0\u00a0\u00a0\u00a0\u00a0\u00a0\u00a0Ley 62-II, 137 bis 7, CFF 29-A, Decreto de veh\u00edculos usados 11, Reglamento 198,\u00a0RGCE\u00a03.5.5., 3.5.6.<\/div>\n<div class=\"texto\">\u00a0\u00a0\u00a0\u00a0\u00a0\u00a0\u00a0\u00a0\u00a0\u00a0\u00a0\u00a0\u00a0\u00a0Obtenci\u00f3n de GLOSA aduanera<\/div>\n<div class=\"texto\">3.7.8.\u00a0\u00a0\u00a0\u00a0\u00a0\u00a0\u00a0Para los efectos del art\u00edculo 144, fracci\u00f3n XXVI de la Ley, las C\u00e1maras y Asociaciones\u00a0Industriales agrupadas por la Confederaci\u00f3n que participen en el Programa de Control\u00a0Aduanero y Fiscalizaci\u00f3n por Sector Industrial con el SAT, podr\u00e1n solicitar a la AGA la\u00a0informaci\u00f3n de los pedimentos de importaci\u00f3n que corresponda a su sector industrial, de\u00a0conformidad con los convenios suscritos, siempre que se cumpla con los lineamientos que para\u00a0tal efecto se expidan y con lo dispuesto en el art\u00edculo 69, primer p\u00e1rrafo del CFF.<\/div>\n<div class=\"texto\">\u00a0\u00a0\u00a0\u00a0\u00a0\u00a0\u00a0\u00a0\u00a0\u00a0\u00a0\u00a0\u00a0\u00a0Ley 35, 36, 144-XXVI, CFF 63, 69<\/div>\n<div class=\"texto\"><\/div>\n<div class=\"texto\">\u00a0\u00a0\u00a0\u00a0\u00a0\u00a0\u00a0\u00a0\u00a0\u00a0\u00a0\u00a0\u00a0\u00a0Acta de inicio de PAMA por irregularidades en Recintos Fiscales<\/div>\n<div class=\"texto\">3.7.18.\u00a0\u00a0\u00a0\u00a0\u00a0&#8230;&#8230;&#8230;&#8230;&#8230;&#8230;&#8230;&#8230;&#8230;&#8230;&#8230;&#8230;&#8230;&#8230;&#8230;&#8230;&#8230;&#8230;&#8230;&#8230;&#8230;&#8230;&#8230;&#8230;&#8230;&#8230;&#8230;&#8230;&#8230;&#8230;&#8230;&#8230;&#8230;&#8230;&#8230;&#8230;&#8230;&#8230;&#8230;&#8230;&#8230;&#8230;&#8230;&#8230;&#8230;&#8230;&#8230;&#8230;&#8230;&#8230;..<\/div>\n<div class=\"texto\">II.\u00a0\u00a0\u00a0\u00a0\u00a0\u00a0El documento aduanero se presente sin c\u00f3digo de barras, se encuentre mal impreso o el\u00a0medio de control se\u00f1alado en la regla 2.4.11., no se pueda leer, no tenga asociado el\u00a0n\u00famero de integraci\u00f3n o grabado el n\u00famero de folio del tr\u00e1mite o se encuentren mal\u00a0asociados o grabados. En este caso, se aplicar\u00e1 la multa a que se refiere el art\u00edculo 185,\u00a0fracciones V o VI, de la Ley, seg\u00fan corresponda, por incurrir en la infracci\u00f3n prevista en\u00a0el art\u00edculo 184, fracciones VI o VII de la Ley, respectivamente.<\/div>\n<div class=\"texto\">&#8230;&#8230;&#8230;&#8230;&#8230;&#8230;&#8230;&#8230;&#8230;&#8230;&#8230;&#8230;&#8230;&#8230;&#8230;&#8230;&#8230;&#8230;&#8230;&#8230;&#8230;&#8230;&#8230;&#8230;&#8230;&#8230;&#8230;&#8230;&#8230;&#8230;&#8230;&#8230;&#8230;&#8230;&#8230;&#8230;&#8230;&#8230;&#8230;&#8230;&#8230;&#8230;.<\/div>\n<div class=\"texto\">IV.\u00a0\u00a0\u00a0\u00a0\u00a0El pedimento, el n\u00famero de integraci\u00f3n generado por el SEA asociado o el n\u00famero de\u00a0folio del tr\u00e1mite grabado en el medio de control se\u00f1alado en la regla 2.4.11., presentado\u00a0ante el mecanismo de selecci\u00f3n automatizado no corresponda a la operaci\u00f3n de\u00a0comercio exterior que se despacha, siempre que el pedimento correspondiente haya\u00a0sido debidamente pagado y validado con anterioridad a la presentaci\u00f3n de la mercanc\u00eda\u00a0ante dicho mecanismo. En este caso corresponde la multa a que se refiere el art\u00edculo\u00a0185, fracci\u00f3n V de la Ley, por incurrir en la infracci\u00f3n prevista en los art\u00edculos 176,\u00a0fracci\u00f3n X y 178, fracci\u00f3n IX de la Ley.<\/div>\n<div class=\"texto\">\u00a0\u00a0\u00a0\u00a0\u00a0\u00a0\u00a0\u00a0\u00a0\u00a0\u00a0\u00a0\u00a0\u00a0&#8230;&#8230;&#8230;&#8230;&#8230;&#8230;&#8230;&#8230;&#8230;&#8230;&#8230;&#8230;&#8230;&#8230;&#8230;&#8230;&#8230;&#8230;&#8230;&#8230;&#8230;&#8230;&#8230;&#8230;&#8230;&#8230;&#8230;&#8230;&#8230;&#8230;&#8230;&#8230;&#8230;&#8230;&#8230;&#8230;&#8230;&#8230;&#8230;&#8230;&#8230;&#8230;..<\/div>\n<div class=\"texto\">\u00a0\u00a0\u00a0\u00a0\u00a0\u00a0\u00a0\u00a0\u00a0\u00a0\u00a0\u00a0\u00a0\u00a0Ley 14, 46, 89, 144-II, VIII, IX, XVI, 150, 152, 176-X, 178-IX, 180, 180-A, 181, 184-I, III, VI, VII,\u00a0XI, 185-I, II, V, VI, X, 190-IV, 191-III, 192-I, II, 193-I, II, Reglamento 200, RGCE 2.4.11.,\u00a0Anexo\u00a022<\/div>\n<div class=\"texto\">\u00a0\u00a0\u00a0\u00a0\u00a0\u00a0\u00a0\u00a0\u00a0\u00a0\u00a0\u00a0\u00a0\u00a0Importaci\u00f3n temporal de embarcaciones de recreo y deportivas<\/div>\n<div class=\"texto\">4.2.5.\u00a0\u00a0\u00a0\u00a0\u00a0\u00a0\u00a0Para los efectos de los art\u00edculos 106, fracci\u00f3n V, inciso c), de la Ley y 161 del Reglamento, se\u00a0autoriza a BANJERCITO para operar los M\u00f3dulos CIITEV, realizar el tr\u00e1mite, registro y control\u00a0de las importaciones temporales de embarcaciones de recreo y deportivas, del tipo lancha, yate\u00a0o velero, de m\u00e1s de cuatro y medio metros de eslora incluyendo los remolques para su\u00a0transporte, y recibir el pago por concepto de tr\u00e1mite de la importaci\u00f3n temporal.<\/div>\n<div class=\"texto\">\u00a0\u00a0\u00a0\u00a0\u00a0\u00a0\u00a0\u00a0\u00a0\u00a0\u00a0\u00a0\u00a0\u00a0&#8230;&#8230;&#8230;&#8230;&#8230;&#8230;&#8230;&#8230;&#8230;&#8230;&#8230;&#8230;&#8230;&#8230;&#8230;&#8230;&#8230;&#8230;&#8230;&#8230;&#8230;&#8230;&#8230;&#8230;&#8230;&#8230;&#8230;&#8230;&#8230;&#8230;&#8230;&#8230;&#8230;&#8230;&#8230;&#8230;&#8230;&#8230;&#8230;&#8230;&#8230;&#8230;..<\/div>\n<div class=\"texto\">\u00a0\u00a0\u00a0\u00a0\u00a0\u00a0\u00a0\u00a0\u00a0\u00a0\u00a0\u00a0\u00a0\u00a0La importaci\u00f3n temporal, env\u00edo o retorno al extranjero de las refacciones, partes y accesorios\u00a0de embarcaciones importadas temporalmente conforme a la presente regla, podr\u00e1 efectuarse\u00a0por empresas de mensajer\u00eda y paqueter\u00eda que cuenten con el Registro en el Esquema de\u00a0Certificaci\u00f3n de Empresas de conformidad con la regla 7.1.5., en la modalidad de Socio\u00a0Comercial Certificado, siempre que estas \u00faltimas realicen el despacho de dichas mercanc\u00edas.<\/div>\n<div class=\"texto\">\u00a0\u00a0\u00a0\u00a0\u00a0\u00a0\u00a0\u00a0\u00a0\u00a0\u00a0\u00a0\u00a0\u00a0&#8230;&#8230;&#8230;&#8230;&#8230;&#8230;&#8230;&#8230;&#8230;&#8230;&#8230;&#8230;&#8230;&#8230;&#8230;&#8230;&#8230;&#8230;&#8230;&#8230;&#8230;&#8230;&#8230;&#8230;&#8230;&#8230;&#8230;&#8230;&#8230;&#8230;&#8230;&#8230;&#8230;&#8230;&#8230;&#8230;&#8230;&#8230;&#8230;&#8230;&#8230;&#8230;..<\/div>\n<div class=\"texto\">\u00a0\u00a0\u00a0\u00a0\u00a0\u00a0\u00a0\u00a0\u00a0\u00a0\u00a0\u00a0\u00a0\u00a0Los permisos de importaci\u00f3n temporal de embarcaci\u00f3n vigentes podr\u00e1n modificarse mediante\u00a0sustituci\u00f3n, incluso cuando se est\u00e9 en facultades de comprobaci\u00f3n, respecto de los datos de la\u00a0embarcaci\u00f3n o del importador, por los datos correctos o del propietario que efectivamente\u00a0realiz\u00f3 la importaci\u00f3n, para ello el interesado deber\u00e1 cumplir ante BANJERCITO con lo\u00a0siguiente:<\/div>\n<div class=\"texto\">I.\u00a0\u00a0\u00a0\u00a0\u00a0\u00a0\u00a0El holograma y el permiso de importaci\u00f3n temporal vigente o, en su caso, escrito libre en\u00a0t\u00e9rminos de la regla 1.2.2., en el cual se indique la causa por la cual no se presenta\u00a0alguno o ambos de estos documentos.<\/div>\n<div class=\"texto\">II.\u00a0\u00a0\u00a0\u00a0\u00a0\u00a0La documentaci\u00f3n se\u00f1alada en el segundo p\u00e1rrafo, fracci\u00f3n I, de la presente regla,\u00a0donde se acrediten los datos correctos de la embarcaci\u00f3n o del propietario y del\u00a0tramitador que efectivamente realiz\u00f3 la importaci\u00f3n y aqu\u00e9lla con la que acredite la\u00a0propiedad de la embarcaci\u00f3n desde que se efectu\u00f3 la importaci\u00f3n temporal.<\/div>\n<div class=\"texto\">III.\u00a0\u00a0\u00a0\u00a0\u00a0Pagar la cantidad equivalente en moneda nacional a 51 d\u00f3lares m\u00e1s IVA, por concepto\u00a0del tr\u00e1mite. En estos casos, se entender\u00e1 que los datos del tramitador ser\u00e1n los del\u00a0capit\u00e1n de la embarcaci\u00f3n o cualquier persona que, en representaci\u00f3n del importador,\u00a0llev\u00f3 a cabo el tr\u00e1mite.<\/div>\n<div class=\"texto\">\u00a0\u00a0\u00a0\u00a0\u00a0\u00a0\u00a0\u00a0\u00a0\u00a0\u00a0\u00a0\u00a0\u00a0La vigencia del nuevo permiso de importaci\u00f3n temporal que al efecto emita BANJERCITO, ser\u00e1\u00a0por el tiempo que reste a la vigencia del permiso anterior, quedando este \u00faltimo cancelado en la\u00a0fecha en que se realice el presente tr\u00e1mite.<\/div>\n<div class=\"texto\"><\/div>\n<div class=\"texto\">\u00a0\u00a0\u00a0\u00a0\u00a0\u00a0\u00a0\u00a0\u00a0\u00a0\u00a0\u00a0\u00a0\u00a0En caso de estar sujeto a facultades de comprobaci\u00f3n de las autoridades aduaneras, se\u00a0considerar\u00e1 cometida la infracci\u00f3n prevista en el art\u00edculo 184, fracci\u00f3n I de la Ley, en\u00a0consecuencia, aplicable la sanci\u00f3n del art\u00edculo 185, fracci\u00f3n I de la Ley, siempre que no haya\u00a0cambio de propietario de la embarcaci\u00f3n desde la fecha de su ingreso a territorio nacional, no\u00a0se haya emitido resoluci\u00f3n determinante y se cumpla con lo siguiente:<\/div>\n<div class=\"texto\">I.\u00a0\u00a0\u00a0\u00a0\u00a0\u00a0\u00a0Tramitar un nuevo\u00a0&#8220;Permiso de importaci\u00f3n temporal de embarcaci\u00f3n&#8221;, cuando el\u00a0permiso este vencido y existan entre la conclusi\u00f3n del r\u00e9gimen de importaci\u00f3n temporal y\u00a0el inicio de las facultades de comprobaci\u00f3n menos de 6 meses, lo cual se corroborar\u00e1\u00a0mediante acta u oficio que dieron inicio al procedimiento correspondiente y la\u00a0documentaci\u00f3n respectiva de la importaci\u00f3n temporal,\u00a0pudiendo ser el\u00a0&#8220;Permiso deimportaci\u00f3n temporal de embarcaci\u00f3n&#8221;,\u00a0&#8220;Pedimento de importaci\u00f3n temporal&#8221;\u00a0o el\u00a0formato denominado\u00a0&#8220;Autorizaci\u00f3n de importaci\u00f3n temporal de embarcaciones\u00a0\/\u00a0Authorization for temporal importation of boats&#8221;.<\/div>\n<div class=\"texto\">II.\u00a0\u00a0\u00a0\u00a0\u00a0\u00a0Tramitar el permiso correspondiente a nombre del propietario de la embarcaci\u00f3n, cuando\u00a0entre el inicio de las facultades de comprobaci\u00f3n y la fecha de ingreso a territorio\u00a0nacional no hubieran transcurrido m\u00e1s de 6 meses y a\u00fan no se hubiere realizado el\u00a0tr\u00e1mite para su importaci\u00f3n temporal en t\u00e9rminos del art\u00edculo 53 del Reglamento de la\u00a0Ley de Puertos; para ello la fecha de ingreso a territorio nacional se podr\u00e1 comprobar\u00a0con el contrato de prestaci\u00f3n de servicios celebrado con la marina o con cualquier\u00a0documento en el cual se desprenda su ingreso al pa\u00eds.<\/div>\n<div class=\"texto\">\u00a0\u00a0\u00a0\u00a0\u00a0\u00a0\u00a0\u00a0\u00a0\u00a0\u00a0\u00a0\u00a0\u00a0Ley 89, 106-V, 107, Reglamento 161-II, 163, RGCE 4.2.7., 7.1.5.<\/div>\n<div class=\"texto\">\u00a0\u00a0\u00a0\u00a0\u00a0\u00a0\u00a0\u00a0\u00a0\u00a0\u00a0\u00a0\u00a0\u00a0Importaci\u00f3n temporal de casas rodantes<\/div>\n<div class=\"texto\">4.2.6.\u00a0\u00a0\u00a0\u00a0\u00a0\u00a0\u00a0Para los efectos del art\u00edculo 106, fracci\u00f3n V, inciso d), de la Ley y 162 del Reglamento, se\u00a0autoriza al BANJERCITO para operar los M\u00f3dulos CIITEV, realizar el tr\u00e1mite y control de las\u00a0importaciones temporales de casas rodantes y, en su caso, recibir el pago por concepto de\u00a0tr\u00e1mite de la importaci\u00f3n temporal.<\/div>\n<div class=\"texto\">\u00a0\u00a0\u00a0\u00a0\u00a0\u00a0\u00a0\u00a0\u00a0\u00a0\u00a0\u00a0\u00a0\u00a0&#8230;&#8230;&#8230;&#8230;&#8230;&#8230;&#8230;&#8230;&#8230;&#8230;&#8230;&#8230;&#8230;&#8230;&#8230;&#8230;&#8230;&#8230;&#8230;&#8230;&#8230;&#8230;&#8230;&#8230;&#8230;&#8230;&#8230;&#8230;&#8230;&#8230;&#8230;&#8230;&#8230;&#8230;&#8230;&#8230;&#8230;&#8230;&#8230;&#8230;&#8230;&#8230;..<\/div>\n<div class=\"texto\">\u00a0\u00a0\u00a0\u00a0\u00a0\u00a0\u00a0\u00a0\u00a0\u00a0\u00a0\u00a0\u00a0\u00a0Ley 106-V, Reglamento 162, RGCE 1.2.2., 4.2.5., 4.2.7.<\/div>\n<div class=\"texto\">\u00a0\u00a0\u00a0\u00a0\u00a0\u00a0\u00a0\u00a0\u00a0\u00a0\u00a0\u00a0\u00a0\u00a0Importaci\u00f3n temporal de veh\u00edculos de visitantes y paisanos<\/div>\n<div class=\"texto\">4.2.7.\u00a0\u00a0\u00a0\u00a0\u00a0\u00a0\u00a0Para los efectos de los art\u00edculos 61, fracci\u00f3n III, 106, fracciones II, inciso e) y IV, inciso a), de la\u00a0Ley, 108, fracci\u00f3n V y 158 del Reglamento, se autoriza a BANJERCITO para operar los\u00a0M\u00f3dulos CIITEV, realizar los tr\u00e1mites y control de las importaciones temporales de veh\u00edculos,\u00a0emitir la documentaci\u00f3n aduanera correspondiente, recibir el pago por concepto de tr\u00e1mite para\u00a0la importaci\u00f3n temporal de veh\u00edculos y la garant\u00eda aplicable.<\/div>\n<div class=\"texto\">\u00a0\u00a0\u00a0\u00a0\u00a0\u00a0\u00a0\u00a0\u00a0\u00a0\u00a0\u00a0\u00a0\u00a0&#8230;&#8230;&#8230;&#8230;&#8230;&#8230;&#8230;&#8230;&#8230;&#8230;&#8230;&#8230;&#8230;&#8230;&#8230;&#8230;&#8230;&#8230;&#8230;&#8230;&#8230;&#8230;&#8230;&#8230;&#8230;&#8230;&#8230;&#8230;&#8230;&#8230;&#8230;&#8230;&#8230;&#8230;&#8230;&#8230;&#8230;&#8230;&#8230;&#8230;&#8230;&#8230;..<\/div>\n<div class=\"texto\">\u00a0\u00a0\u00a0\u00a0\u00a0\u00a0\u00a0\u00a0\u00a0\u00a0\u00a0\u00a0\u00a0\u00a0Ley 61-III, 106-II, IV, 182-I, Reglamento 108-V, 158, CFF 105-VI, RGCE 1.2.2., 3.5.1.<\/div>\n<div class=\"texto\">\u00a0\u00a0\u00a0\u00a0\u00a0\u00a0\u00a0\u00a0\u00a0\u00a0\u00a0\u00a0\u00a0\u00a0Garant\u00eda del pago de contribuciones por la importaci\u00f3n temporal de las mercanc\u00edas\u00a0se\u00f1aladas en el Anexo II del Decreto IMMEX<\/div>\n<div class=\"texto\">4.3.21.\u00a0\u00a0\u00a0\u00a0\u00a0Para los efectos del art\u00edculo 108, de la Ley, en relaci\u00f3n con lo previsto en el\u00a0&#8220;Acuerdo por el que\u00a0la Secretar\u00eda de Econom\u00eda emite reglas y criterios de car\u00e1cter general en materia de Comercio\u00a0Exterior&#8221;, publicado en el DOF el 31 de diciembre de 2012 y sus posteriores modificaciones, las\u00a0empresas que cuenten con Programa IMMEX y que importen temporalmente mercanc\u00edas\u00a0sensibles del Anexo II al amparo de su Programa, podr\u00e1n garantizar el pago de las\u00a0contribuciones por la importaci\u00f3n temporal de dichas mercanc\u00edas, a trav\u00e9s de las p\u00f3lizas de\u00a0fianza que emitan las afianzadoras, las cuales deber\u00e1n transmitirse de manera electr\u00f3nica, y\u00a0contener la siguiente informaci\u00f3n:<\/div>\n<div class=\"texto\">I.\u00a0\u00a0\u00a0\u00a0\u00a0\u00a0\u00a0Denominaci\u00f3n o raz\u00f3n social, RFC del contribuyente y domicilio fiscal.<\/div>\n<div class=\"texto\">II.\u00a0\u00a0\u00a0\u00a0\u00a0\u00a0Fecha de expedici\u00f3n y n\u00famero de folio.<\/div>\n<div class=\"texto\">III.\u00a0\u00a0\u00a0\u00a0\u00a0El importe total por el que se expide (con n\u00famero y letra).<\/div>\n<div class=\"texto\">IV.\u00a0\u00a0\u00a0\u00a0\u00a0Se\u00f1alar que el motivo por el que se expide es para garantizar el inter\u00e9s fiscal a que se\u00a0refiere el art\u00edculo 5, fracci\u00f3n IV del Decreto IMMEX.<\/div>\n<div class=\"texto\">V.\u00a0\u00a0\u00a0\u00a0\u00a0\u00a0Deber\u00e1 incluir en la respectiva p\u00f3liza el siguiente texto:<\/div>\n<div class=\"texto\"><\/div>\n<div class=\"texto\">\u00a0\u00a0\u00a0\u00a0\u00a0\u00a0\u00a0\u00a0\u00a0&#8220;Esta instituci\u00f3n en t\u00e9rminos de la autorizaci\u00f3n que le fue otorgada por la SHCP, se\u00a0obliga a cubrir la cantidad procedente por el incumplimiento de su fiado, hasta por el\u00a0monto se\u00f1alado en la presente p\u00f3liza, las contribuciones y aprovechamientos que\u00a0deriven del incumplimiento de las obligaciones fiscales y\/o aduaneras inherentes a la\u00a0importaci\u00f3n temporal de las mercanc\u00edas a que refiere el Anexo II del Decreto IMMEX; las\u00a0que se se\u00f1alen en el\u00a0&#8220;Acuerdo por el que la Secretar\u00eda de Econom\u00eda emite reglas y\u00a0criterios de car\u00e1cter general en materia de Comercio Exterior&#8221;; lo anterior en relaci\u00f3n con\u00a0su Programa autorizado al amparo del Decreto IMMEX, en cualquiera de sus\u00a0modalidades; de conformidad con el art\u00edculo 5, fracci\u00f3n IV del Decreto IMMEX; cuando la\u00a0autoridad determine que el contribuyente no ha cumplido con las disposiciones fiscales y\u00a0aduaneras aplicables, respecto de las contribuciones y aprovechamientos garantizados,\u00a0adem\u00e1s de los accesorios causados, actualizaciones y recargos generados desde el\u00a0mes en que debi\u00f3 realizarse el cumplimiento de la obligaci\u00f3n y hasta que se efectu\u00e9 su\u00a0pago, en t\u00e9rminos de los art\u00edculos 17-A, 20, 21 y 141, segundo p\u00e1rrafo y 143, \u00faltimo\u00a0p\u00e1rrafo del CFF, en relaci\u00f3n al art\u00edculo 282, primer p\u00e1rrafo de la Ley de Instituciones de\u00a0Seguros y de Fianzas.<\/div>\n<div class=\"texto\">\u00a0\u00a0\u00a0\u00a0\u00a0\u00a0\u00a0\u00a0\u00a0\u00a0\u00a0\u00a0\u00a0\u00a0\u00a0\u00a0\u00a0\u00a0\u00a0\u00a0\u00a0\u00a0\u00a0Esta fianza es de naturaleza revolvente, por un periodo de 12 meses, contados a partir\u00a0de su emisi\u00f3n.<\/div>\n<div class=\"texto\">\u00a0\u00a0\u00a0\u00a0\u00a0\u00a0\u00a0\u00a0\u00a0\u00a0\u00a0\u00a0\u00a0\u00a0\u00a0\u00a0\u00a0\u00a0\u00a0\u00a0\u00a0\u00a0\u00a0La presente fianza ser\u00e1 vigente desde la fecha de su expedici\u00f3n y hasta en tanto no se\u00a0extingan las facultades de la autoridad para la determinaci\u00f3n del incumplimiento de las\u00a0obligaciones fiscales y\/o aduaneras y su cobro y, en su caso, hasta la substanciaci\u00f3n de\u00a0todos los recursos legales o juicios que se interpongan y queden firmes.<\/div>\n<div class=\"texto\">\u00a0\u00a0\u00a0\u00a0\u00a0\u00a0\u00a0\u00a0\u00a0\u00a0\u00a0\u00a0\u00a0\u00a0\u00a0\u00a0\u00a0\u00a0\u00a0\u00a0\u00a0\u00a0\u00a0Esta fianza ser\u00e1 exigible cuando la autoridad en el ejercicio de sus facultades de\u00a0comprobaci\u00f3n determine que el contribuyente no ha cumplido con las disposiciones\u00a0fiscales y aduaneras aplicables, respecto de las contribuciones y aprovechamientos\u00a0garantizados, adem\u00e1s de los accesorios causados, actualizaciones\u00a0y recargos\u00a0generados desde el mes en que debi\u00f3 realizarse el cumplimiento de la obligaci\u00f3n y hasta\u00a0que se efect\u00fae su pago, en t\u00e9rminos de los art\u00edculos 17-A, 20, 21, 141, segundo p\u00e1rrafo\u00a0y 143 \u00faltimo p\u00e1rrafo del CFF, en relaci\u00f3n al art\u00edculo 282, primer p\u00e1rrafo de la Ley de\u00a0Instituciones de Seguros y de Fianzas.<\/div>\n<div class=\"texto\">\u00a0\u00a0\u00a0\u00a0\u00a0\u00a0\u00a0\u00a0\u00a0\u00a0\u00a0\u00a0\u00a0\u00a0\u00a0\u00a0\u00a0\u00a0\u00a0\u00a0\u00a0\u00a0\u00a0En caso de designar a un apoderado distinto al se\u00f1alado en la presente p\u00f3liza de fianza,\u00a0la instituci\u00f3n se compromete a dar aviso a la autoridad ejecutora dentro de los 15 d\u00edas\u00a0anteriores a la fecha en que surta efectos dicho cambio.<\/div>\n<div class=\"texto\">\u00a0\u00a0\u00a0\u00a0\u00a0\u00a0\u00a0\u00a0\u00a0\u00a0\u00a0\u00a0\u00a0\u00a0\u00a0\u00a0\u00a0\u00a0\u00a0\u00a0\u00a0\u00a0\u00a0En caso de que se haga exigible la garant\u00eda, si la instituci\u00f3n no cumple con el pago de\u00a0las obligaciones se\u00f1aladas en la p\u00f3liza dentro del plazo de 15 d\u00edas contados a partir del\u00a0d\u00eda siguiente a la fecha en que surte efectos la notificaci\u00f3n del requerimiento, de\u00a0conformidad con el art\u00edculo 143, inciso b) y \u00faltimo p\u00e1rrafo del CFF, deber\u00e1 cubrir a favor\u00a0de la TESOFE una indemnizaci\u00f3n por mora sobre la cantidad requerida, en relaci\u00f3n con\u00a0el art\u00edculo 283, fracci\u00f3n VIII de la Ley de Instituciones de Seguros y de Fianzas, es decir,\u00a0las cantidades requeridas de pago deber\u00e1n pagarse actualizadas por el periodo\u00a0comprendido entre la fecha en que debi\u00f3 hacerse el pago y la fecha en que \u00e9ste se\u00a0efect\u00fae. Asimismo, causar\u00e1n recargos por concepto de indemnizaci\u00f3n al Fisco Federal\u00a0por falta de pago oportuno, mismos que se calcular\u00e1n sobre las cantidades garantizadas\u00a0actualizadas por el periodo mencionado con anterioridad, aplicando la tasa que resulte\u00a0de sumar las aplicables en cada a\u00f1o para cada uno de los meses transcurridos en el\u00a0periodo de actualizaci\u00f3n citado. La tasa de recargos para cada uno de los meses del\u00a0periodo mencionado, ser\u00e1 la que resulte de incrementar en 50% a la que mediante ley\u00a0fije anualmente el Congreso de la Uni\u00f3n, y se causar\u00e1n por cada mes o fracci\u00f3n que\u00a0transcurra a partir de que debi\u00f3 hacerse el pago y hasta que el mismo se efect\u00fae. Losrecargos mencionados se causar\u00e1n hasta por 5 a\u00f1os, de conformidad con el art\u00edculo 21,\u00a0segundo p\u00e1rrafo del CFF, salvo los casos a que se refiere el art\u00edculo 67 del mismo\u00a0ordenamiento; supuestos en los cuales los recargos se causar\u00e1n hasta en tanto no se\u00a0extingan las facultades de las autoridades fiscales para determinar las contribuciones o\u00a0aprovechamientos omitidos y sus accesorios.<\/div>\n<div class=\"texto\">\u00a0\u00a0\u00a0\u00a0\u00a0\u00a0\u00a0\u00a0\u00a0\u00a0\u00a0\u00a0\u00a0\u00a0\u00a0\u00a0\u00a0\u00a0\u00a0\u00a0\u00a0\u00a0\u00a0En caso de que esta instituci\u00f3n pague el requerimiento de pago a satisfacci\u00f3n de la\u00a0autoridad exactora, la presente fianza ser\u00e1 cancelada y devuelta; el monto de la misma\u00a0no se rehabilitar\u00e1 en forma autom\u00e1tica, el car\u00e1cter de revolvente de la fianza se extingue\u00a0con el pago del monto de la p\u00f3liza de fianza.<\/div>\n<div class=\"texto\"><\/div>\n<div class=\"texto\">\u00a0\u00a0\u00a0\u00a0\u00a0\u00a0\u00a0\u00a0\u00a0\u00a0\u00a0\u00a0\u00a0\u00a0\u00a0\u00a0\u00a0\u00a0\u00a0\u00a0\u00a0\u00a0\u00a0En los casos de fusi\u00f3n o escisi\u00f3n de sociedades, la sociedad que subsista, la que surja\u00a0con motivo de la fusi\u00f3n o la escindida que se designe, tomar\u00e1 a su cargo los derechos y\u00a0las obligaciones de la(s) sociedad(es) extinguida(s) que haya(n) constituido la presente\u00a0p\u00f3liza de fianza, en los mismos t\u00e9rminos y condiciones vigentes pactados o, en su caso,\u00a0deber\u00e1 presentar garant\u00eda solidar\u00eda a satisfacci\u00f3n del acreedor. El proceso de fusi\u00f3n o\u00a0escisi\u00f3n de ninguna manera modificar\u00e1 los t\u00e9rminos y condiciones vigentes pactados en\u00a0la presente p\u00f3liza de fianza. En todo caso, para su modificaci\u00f3n ser\u00e1 necesaria la\u00a0manifestaci\u00f3n de la voluntad de todas las partes interesadas en este sentido&#8221;.<\/div>\n<div class=\"texto\">\u00a0\u00a0\u00a0\u00a0\u00a0\u00a0\u00a0\u00a0\u00a0\u00a0\u00a0\u00a0\u00a0\u00a0En el supuesto que se determine que el texto de una p\u00f3liza de fianza no satisface los t\u00e9rminos\u00a0en que fuera solicitada al fiado, la autoridad requerir\u00e1 al oferente que se lleve a cabo la\u00a0correcci\u00f3n o modificaci\u00f3n que corresponda a fin de que cumpla con el requisito que omiti\u00f3\u00a0satisfacer. En el caso de que no sea desahogado el requerimiento en el plazo que para tal\u00a0efecto determine la autoridad fiscal, contados a partir del d\u00eda siguiente de aqu\u00e9l en que fue\u00a0notificado el fiado, la autoridad se abstendr\u00e1 de aceptar la p\u00f3liza de fianza, notificando su\u00a0rechazo a la instituci\u00f3n afianzadora.<\/div>\n<div class=\"texto\">\u00a0\u00a0\u00a0\u00a0\u00a0\u00a0\u00a0\u00a0\u00a0\u00a0\u00a0\u00a0\u00a0\u00a0Para efectos de la cancelaci\u00f3n de la fianza, la devoluci\u00f3n se realizar\u00e1 de conformidad con el\u00a0procedimiento que para tales efectos establezca el SAT mediante reglas.<\/div>\n<div class=\"texto\">\u00a0\u00a0\u00a0\u00a0\u00a0\u00a0\u00a0\u00a0\u00a0\u00a0\u00a0\u00a0\u00a0\u00a0Las instituciones de fianzas proporcionar\u00e1n de conformidad con la ficha 215\/CFF\u00a0&#8220;Informe de\u00a0funcionarios autorizados para recibir requerimiento de pago&#8221;, contenida en el Anexo 1-A de la\u00a0RMF, un reporte con los cambios que se presenten respecto a la designaci\u00f3n del apoderado\u00a0para recibir los requerimientos de pago.<\/div>\n<div class=\"texto\">\u00a0\u00a0\u00a0\u00a0\u00a0\u00a0\u00a0\u00a0\u00a0\u00a0\u00a0\u00a0\u00a0\u00a0Ley 108, CFF 17-A, 20, 21, 67, 74, 141-III, 143, Reglamento 77, 82, RMF Anexo 1-A<\/div>\n<div class=\"texto\">\u00a0\u00a0\u00a0\u00a0\u00a0\u00a0\u00a0\u00a0\u00a0\u00a0\u00a0\u00a0\u00a0\u00a0Mercanc\u00edas que no pueden destinarse al r\u00e9gimen aduanero temporal de importaci\u00f3n para\u00a0elaboraci\u00f3n, transformaci\u00f3n o reparaci\u00f3n (Anexo 29)<\/div>\n<div class=\"texto\">4.3.22.\u00a0\u00a0\u00a0\u00a0\u00a0Para los efectos de lo dispuesto en el art\u00edculo 108, sexto p\u00e1rrafo de la Ley, no podr\u00e1n ser objeto\u00a0del r\u00e9gimen aduanero temporal para la elaboraci\u00f3n, transformaci\u00f3n o reparaci\u00f3n en programas\u00a0de maquila o de exportaci\u00f3n, las mercanc\u00edas clasificadas en las fracciones arancelarias que se\u00a0se\u00f1alan en el Anexo 29.<\/div>\n<div class=\"texto\">\u00a0\u00a0\u00a0\u00a0\u00a0\u00a0\u00a0\u00a0\u00a0\u00a0\u00a0\u00a0\u00a0\u00a0Ley 90, 108, Anexo 29<\/div>\n<div class=\"texto\">\u00a0\u00a0\u00a0\u00a0\u00a0\u00a0\u00a0\u00a0\u00a0\u00a0\u00a0\u00a0\u00a0\u00a0Mercanc\u00edas no susceptibles de dep\u00f3sito fiscal<\/div>\n<div class=\"texto\">4.5.9.\u00a0\u00a0\u00a0\u00a0\u00a0\u00a0\u00a0Para los efectos del art\u00edculo 123 de la Ley, no podr\u00e1n ser objeto del r\u00e9gimen aduanero de\u00a0dep\u00f3sito fiscal las armas, municiones, mercanc\u00edas explosivas, radiactivas, nucleares y\u00a0contaminantes; precursores qu\u00edmicos y qu\u00edmicos esenciales; los diamantes, brillantes, rub\u00edes,\u00a0zafiros, esmeraldas y perlas naturales o cultivadas o las manufacturas de joyer\u00eda hechas con\u00a0metales preciosos o con las piedras o perlas mencionadas; relojes; los art\u00edculos de jade, coral,\u00a0marfil y \u00e1mbar; la se\u00f1alada en el Anexo 10, Apartado A, Sector 9\u00a0&#8220;Cigarros&#8221;; ni veh\u00edculos,\u00a0excepto los veh\u00edculos clasificados en las fracciones arancelarias 8703.21.01 y 8704.31.02, y en\u00a0la partida 87.11 de la TIGIE, as\u00ed como los clasificados en las fracciones arancelarias\u00a08703.10.02, 8709.11.01, 8709.19.01, 8709.19.02, 8709.19.99, 8709.90.01, 8713.10.01,\u00a08713.90.99, 8715.00.01, 8715.00.02, siempre que las empresas que introduzcan \u00e9stas \u00faltimas\u00a0fracciones arancelarias a dep\u00f3sito fiscal, cuenten con el Registro en el Esquema de\u00a0Certificaci\u00f3n de Empresas, cualquier modalidad; ni mercanc\u00edas clasificadas en las fracciones\u00a0arancelarias del Anexo 29 y en los cap\u00edtulos 50 a 64 de la TIGIE.<\/div>\n<div class=\"texto\">\u00a0\u00a0\u00a0\u00a0\u00a0\u00a0\u00a0\u00a0\u00a0\u00a0\u00a0\u00a0\u00a0\u00a0&#8230;&#8230;&#8230;&#8230;&#8230;&#8230;&#8230;&#8230;&#8230;&#8230;&#8230;&#8230;&#8230;&#8230;&#8230;&#8230;&#8230;&#8230;&#8230;&#8230;&#8230;&#8230;&#8230;&#8230;&#8230;&#8230;&#8230;&#8230;&#8230;&#8230;&#8230;&#8230;&#8230;&#8230;&#8230;&#8230;&#8230;&#8230;&#8230;&#8230;&#8230;&#8230;..<\/div>\n<div class=\"texto\">\u00a0\u00a0\u00a0\u00a0\u00a0\u00a0\u00a0\u00a0\u00a0\u00a0\u00a0\u00a0\u00a0\u00a0Ley 119, 123, Reglamento 177, 229-II, RGCE 7.1.1., Anexo 10, 29<\/div>\n<div class=\"texto\">\u00a0\u00a0\u00a0\u00a0\u00a0\u00a0\u00a0\u00a0\u00a0\u00a0\u00a0\u00a0\u00a0\u00a0Autorizaci\u00f3n de dep\u00f3sito fiscal para la exposici\u00f3n y venta de mercanc\u00edas nacionales y\u00a0extranjeras libres de impuestos<\/div>\n<div class=\"texto\">4.5.17.\u00a0\u00a0\u00a0\u00a0\u00a0Para los efectos del art\u00edculo 121, fracci\u00f3n I, de la Ley, las personas morales interesadas en\u00a0obtener autorizaci\u00f3n para el establecimiento de dep\u00f3sitos fiscales para la exposici\u00f3n y venta de\u00a0mercanc\u00edas extranjeras y nacionales en puertos a\u00e9reos internacionales, fronterizos y mar\u00edtimos,\u00a0adem\u00e1s de cumplir con los requisitos establecidos en los art\u00edculos 121, fracci\u00f3n I, de la Ley y\u00a0180 del Reglamento, deber\u00e1n estar al corriente en el cumplimiento de sus obligaciones fiscales\u00a0derivadas del r\u00e9gimen bajo el que tributen, acreditando dicha circunstancia a trav\u00e9s de laopini\u00f3n positiva sobre el cumplimiento de las mismas, asimismo no deber\u00e1n encontrarse, en las\u00a0publicaciones a que hacen referencia los art\u00edculos 17-H, fracci\u00f3n X, 69 con excepci\u00f3n de lo\u00a0dispuesto en la fracci\u00f3n VI, y 69-B, cuarto p\u00e1rrafo del CFF:<\/div>\n<div class=\"texto\"><\/div>\n<div class=\"texto\">\u00a0\u00a0\u00a0\u00a0\u00a0\u00a0\u00a0\u00a0\u00a0\u00a0\u00a0\u00a0\u00a0\u00a0&#8230;&#8230;&#8230;&#8230;&#8230;&#8230;&#8230;&#8230;&#8230;&#8230;&#8230;&#8230;&#8230;&#8230;&#8230;&#8230;&#8230;&#8230;&#8230;&#8230;&#8230;&#8230;&#8230;&#8230;&#8230;&#8230;&#8230;&#8230;&#8230;&#8230;&#8230;&#8230;&#8230;&#8230;&#8230;&#8230;&#8230;&#8230;&#8230;&#8230;&#8230;&#8230;..<\/div>\n<div class=\"texto\">\u00a0\u00a0\u00a0\u00a0\u00a0\u00a0\u00a0\u00a0\u00a0\u00a0\u00a0\u00a0\u00a0\u00a0Ley 59-I, 121-I, CFF 17-H-X, 69, 69-B, 141, LFD 40, Ley de Puertos 9-II, LFDC 2-VI,\u00a0Reglamento 180, RGCE 1.1.6., 1.2.1., Anexo 1-A<\/div>\n<div class=\"texto\">\u00a0\u00a0\u00a0\u00a0\u00a0\u00a0\u00a0\u00a0\u00a0\u00a0\u00a0\u00a0\u00a0\u00a0Beneficios para la industria automotriz<\/div>\n<div class=\"texto\">4.5.31.\u00a0\u00a0\u00a0\u00a0\u00a0&#8230;&#8230;&#8230;&#8230;&#8230;&#8230;&#8230;&#8230;&#8230;&#8230;&#8230;&#8230;&#8230;&#8230;&#8230;&#8230;&#8230;&#8230;&#8230;&#8230;&#8230;&#8230;&#8230;&#8230;&#8230;&#8230;&#8230;&#8230;&#8230;&#8230;&#8230;&#8230;&#8230;&#8230;&#8230;&#8230;&#8230;&#8230;&#8230;&#8230;&#8230;&#8230;..<\/div>\n<div class=\"texto\">VIII.\u00a0\u00a0\u00a0\u00a0Las empresas de la industria automotriz terminal o manufacturera de veh\u00edculos de\u00a0autotransporte podr\u00e1n destinar al r\u00e9gimen de dep\u00f3sito fiscal por un plazo de 6 meses los\u00a0racks, palets, separadores, embalaje reutilizable o envases vac\u00edos o conteniendo\u00a0mercanc\u00eda, conforme a lo siguiente:<\/div>\n<div class=\"texto\">a)\u00a0\u00a0\u00a0Podr\u00e1n declarar como valor de las mercanc\u00edas, en el pedimento o factura o aviso\u00a0consolidado de introducci\u00f3n o extracci\u00f3n de dep\u00f3sito fiscal, una cantidad igual a un\u00a0d\u00f3lar, por cada uno de los embarques y como descripci\u00f3n comercial de las\u00a0mercanc\u00edas\u00a0&#8220;un lote de racks, palets, separadores, embalaje reutilizable o envases\u00a0vac\u00edos o conteniendo mercanc\u00eda&#8221;, seg\u00fan corresponda, sin que sea necesario incluir\u00a0el n\u00famero de piezas de dichas mercanc\u00edas.<\/div>\n<div class=\"texto\">&#8230;&#8230;&#8230;&#8230;&#8230;&#8230;&#8230;&#8230;&#8230;&#8230;&#8230;&#8230;&#8230;&#8230;&#8230;&#8230;&#8230;&#8230;&#8230;&#8230;&#8230;&#8230;&#8230;&#8230;&#8230;&#8230;&#8230;&#8230;&#8230;&#8230;&#8230;&#8230;&#8230;&#8230;&#8230;&#8230;&#8230;&#8230;&#8230;&#8230;&#8230;&#8230;&#8230;&#8230;&#8230;&#8230;&#8230;.<\/div>\n<div class=\"texto\">\u00a0\u00a0\u00a0\u00a0\u00a0\u00a0\u00a0\u00a0\u00a0\u00a0\u00a0\u00a0\u00a0\u00a0&#8230;&#8230;&#8230;&#8230;&#8230;&#8230;&#8230;&#8230;&#8230;&#8230;&#8230;&#8230;&#8230;&#8230;&#8230;&#8230;&#8230;&#8230;&#8230;&#8230;&#8230;&#8230;&#8230;&#8230;&#8230;&#8230;&#8230;&#8230;&#8230;&#8230;&#8230;&#8230;&#8230;&#8230;&#8230;&#8230;&#8230;&#8230;&#8230;&#8230;&#8230;.<\/div>\n<div class=\"texto\">\u00a0\u00a0\u00a0\u00a0\u00a0\u00a0\u00a0\u00a0\u00a0\u00a0\u00a0\u00a0\u00a0\u00a0Ley 36, 36-A-II, 106-III, 116-II, 146, 151, Ley del ISR 34, 35, CFF 29-A, Reglamento 42, 138-IV,\u00a0157, Reglamento de la Ley del ISR 107, 108, RGCE 1.1.8., 1.2.1., 1.2.2., 1.3.2., 1.5.1., 1.6.15.,\u00a01.7.6., 1.9.12., 1.9.18., 2.1.2., 2.4.1., 2.4.2., 2.5.1., 3.1.11., 3.1.15., 3.1.34., 3.1.35., 4.3.15.,\u00a04.5.30., 7.1.4., Anexo 1, 1-A, 10, 21, 22<\/div>\n<div class=\"texto\">\u00a0\u00a0\u00a0\u00a0\u00a0\u00a0\u00a0\u00a0\u00a0\u00a0\u00a0\u00a0\u00a0\u00a0Procedimiento para el tr\u00e1nsito interno por ferrocarril<\/div>\n<div class=\"texto\">4.6.7.\u00a0\u00a0\u00a0\u00a0\u00a0\u00a0\u00a0&#8230;&#8230;&#8230;&#8230;&#8230;&#8230;&#8230;&#8230;&#8230;&#8230;&#8230;&#8230;&#8230;&#8230;&#8230;&#8230;&#8230;&#8230;&#8230;&#8230;&#8230;&#8230;&#8230;&#8230;&#8230;&#8230;&#8230;&#8230;&#8230;&#8230;&#8230;&#8230;&#8230;&#8230;&#8230;&#8230;&#8230;&#8230;&#8230;&#8230;&#8230;.<\/div>\n<div class=\"texto\">I.\u00a0\u00a0\u00a0\u00a0\u00a0\u00a0\u00a0&#8230;&#8230;&#8230;&#8230;&#8230;&#8230;&#8230;&#8230;&#8230;&#8230;&#8230;&#8230;&#8230;&#8230;&#8230;&#8230;&#8230;&#8230;&#8230;&#8230;&#8230;&#8230;&#8230;&#8230;&#8230;&#8230;&#8230;&#8230;&#8230;&#8230;&#8230;&#8230;&#8230;&#8230;&#8230;&#8230;&#8230;&#8230;.<\/div>\n<div class=\"texto\">g)\u00a0\u00a0\u00a0En el caso de que la cantidad o descripci\u00f3n de las mercanc\u00edas en el pedimento no\u00a0coincida con las que se transportan, proceder\u00e1 la rectificaci\u00f3n del pedimento en los\u00a0t\u00e9rminos de la regla 4.6.13.<\/div>\n<div class=\"texto\">\u00a0\u00a0\u00a0\u00a0\u00a0\u00a0\u00a0\u00a0\u00a0\u00a0\u00a0\u00a0\u00a0\u00a0&#8230;&#8230;&#8230;&#8230;&#8230;&#8230;&#8230;&#8230;&#8230;&#8230;&#8230;&#8230;&#8230;&#8230;&#8230;&#8230;&#8230;&#8230;&#8230;&#8230;&#8230;&#8230;&#8230;&#8230;&#8230;&#8230;&#8230;&#8230;&#8230;&#8230;&#8230;&#8230;&#8230;&#8230;&#8230;&#8230;&#8230;&#8230;&#8230;&#8230;&#8230;.<\/div>\n<div class=\"texto\">\u00a0\u00a0\u00a0\u00a0\u00a0\u00a0\u00a0\u00a0\u00a0\u00a0\u00a0\u00a0\u00a0\u00a0Ley 37, 37-A, 125, 127, Reglamento 187, RGCE 4.6.13., Anexo 22<\/div>\n<div class=\"texto\">\u00a0\u00a0\u00a0\u00a0\u00a0\u00a0\u00a0\u00a0\u00a0\u00a0\u00a0\u00a0\u00a0\u00a0Tr\u00e1nsitos internacionales permitidos (Anexo 17)<\/div>\n<div class=\"texto\">4.6.19.\u00a0\u00a0\u00a0\u00a0\u00a0&#8230;&#8230;&#8230;&#8230;&#8230;&#8230;&#8230;&#8230;&#8230;&#8230;&#8230;&#8230;&#8230;&#8230;&#8230;&#8230;&#8230;&#8230;&#8230;&#8230;&#8230;&#8230;&#8230;&#8230;&#8230;&#8230;&#8230;&#8230;&#8230;&#8230;&#8230;&#8230;&#8230;&#8230;&#8230;&#8230;&#8230;&#8230;&#8230;&#8230;&#8230;.<\/div>\n<div class=\"texto\">I.\u00a0\u00a0\u00a0\u00a0\u00a0\u00a0\u00a0&#8230;&#8230;&#8230;&#8230;&#8230;&#8230;&#8230;&#8230;&#8230;&#8230;&#8230;&#8230;&#8230;&#8230;&#8230;&#8230;&#8230;&#8230;&#8230;&#8230;&#8230;&#8230;&#8230;&#8230;&#8230;&#8230;&#8230;&#8230;&#8230;&#8230;&#8230;&#8230;&#8230;&#8230;&#8230;&#8230;&#8230;&#8230;.<\/div>\n<div class=\"texto\">\u00a0\u00a0\u00a0\u00a0\u00a0\u00a0\u00a0\u00a0\u00a0\u00a0\u00a0\u00a0\u00a0\u00a0\u00a0\u00a0\u00a0\u00a0\u00a0\u00a0\u00a0\u00a0\u00a0Para los efectos de esta fracci\u00f3n, se podr\u00e1 declarar la informaci\u00f3n del valor de las\u00a0mercanc\u00edas como se se\u00f1al\u00f3 en el conocimiento de embarque, factura que las ampare, o\u00a0del valor declarado para efectos del contrato de seguro de transporte de las mercanc\u00edas\u00a0en el pedimento, excepto trat\u00e1ndose de las operaciones tramitadas de conformidad con\u00a0la regla 3.2.7., en las que se declare la clave T9 del ap\u00e9ndice 2, del anexo 22.<\/div>\n<div class=\"texto\">\u00a0\u00a0\u00a0\u00a0\u00a0\u00a0\u00a0\u00a0\u00a0\u00a0\u00a0\u00a0\u00a0\u00a0&#8230;&#8230;&#8230;&#8230;&#8230;&#8230;&#8230;&#8230;&#8230;&#8230;&#8230;&#8230;&#8230;&#8230;&#8230;&#8230;&#8230;&#8230;&#8230;&#8230;&#8230;&#8230;&#8230;&#8230;&#8230;&#8230;&#8230;&#8230;&#8230;&#8230;&#8230;&#8230;&#8230;&#8230;&#8230;&#8230;&#8230;&#8230;&#8230;&#8230;&#8230;<\/div>\n<div class=\"texto\">\u00a0\u00a0\u00a0\u00a0\u00a0\u00a0\u00a0\u00a0\u00a0\u00a0\u00a0\u00a0\u00a0\u00a0Ley 130, 131, 132, RGCE 3.2.7., 4.6.21., Anexo 17, 22<\/div>\n<div class=\"texto\">\u00a0\u00a0\u00a0\u00a0\u00a0\u00a0\u00a0\u00a0\u00a0\u00a0\u00a0\u00a0\u00a0\u00a0Mercanc\u00edas que no pueden destinarse al r\u00e9gimen aduanero de elaboraci\u00f3n,\u00a0transformaci\u00f3n o reparaci\u00f3n en Recinto Fiscalizado (Anexo 29)<\/div>\n<div class=\"texto\">4.7.2.\u00a0\u00a0\u00a0\u00a0\u00a0\u00a0\u00a0Para los efectos de lo dispuesto en el art\u00edculo 135, d\u00e9cimo p\u00e1rrafo de la Ley, no podr\u00e1n ser\u00a0objeto del r\u00e9gimenaduanero de elaboraci\u00f3n, transformaci\u00f3n o reparaci\u00f3n en Recinto\u00a0Fiscalizado, las mercanc\u00edas clasificadas en las fracciones arancelarias que se se\u00f1alan en el\u00a0Anexo 29.<\/div>\n<div class=\"texto\">\u00a0\u00a0\u00a0\u00a0\u00a0\u00a0\u00a0\u00a0\u00a0\u00a0\u00a0\u00a0\u00a0\u00a0Ley 90, 135, Anexo 29<\/div>\n<div class=\"texto\">\u00a0\u00a0\u00a0\u00a0\u00a0\u00a0\u00a0\u00a0\u00a0\u00a0\u00a0\u00a0\u00a0\u00a0Mercanc\u00edas que no pueden destinarse al r\u00e9gimen aduanero de Recinto Fiscalizado\u00a0Estrat\u00e9gico (Anexo 29)<\/div>\n<div class=\"texto\">4.8.17.\u00a0\u00a0\u00a0\u00a0\u00a0Para los efectos de lo dispuesto en el art\u00edculo 135-B, cuarto p\u00e1rrafo de la Ley, no podr\u00e1n ser\u00a0objeto del r\u00e9gimen aduanero\u00a0de Recinto Fiscalizado Estrat\u00e9gico, las mercanc\u00edas clasificadas en\u00a0las fracciones arancelarias que se se\u00f1alan en el Anexo 29.<\/div>\n<div class=\"texto\">\u00a0\u00a0\u00a0\u00a0\u00a0\u00a0\u00a0\u00a0\u00a0\u00a0\u00a0\u00a0\u00a0\u00a0Ley 90, 135-B, Anexo 29<\/div>\n<div class=\"texto\"><\/div>\n<div class=\"texto\">\u00a0\u00a0\u00a0\u00a0\u00a0\u00a0\u00a0\u00a0\u00a0\u00a0\u00a0\u00a0\u00a0\u00a0Pago anual por contribuciones aduanales pendientes<\/div>\n<div class=\"texto\">6.2.1.\u00a0\u00a0\u00a0\u00a0\u00a0\u00a0\u00a0Para efectos de ajustar el valor en aduana asentado en los pedimentos de importaci\u00f3n\u00a0definitiva tramitados durante un ejercicio fiscal, se podr\u00e1 realizar un pedimento global\u00a0complementario del ejercicio fiscal al que correspondan, siempre que no existan saldos a favor\u00a0de contribuciones de comercio exterior y se realice lo siguiente:<\/div>\n<div class=\"texto\">\u00a0\u00a0\u00a0\u00a0\u00a0\u00a0\u00a0\u00a0\u00a0\u00a0\u00a0\u00a0\u00a0\u00a0&#8230;&#8230;&#8230;&#8230;&#8230;&#8230;&#8230;&#8230;&#8230;&#8230;&#8230;&#8230;&#8230;&#8230;&#8230;&#8230;&#8230;&#8230;&#8230;&#8230;&#8230;&#8230;&#8230;&#8230;&#8230;&#8230;&#8230;&#8230;&#8230;&#8230;&#8230;&#8230;&#8230;&#8230;&#8230;&#8230;&#8230;&#8230;&#8230;&#8230;&#8230;<\/div>\n<div class=\"texto\">\u00a0\u00a0\u00a0\u00a0\u00a0\u00a0\u00a0\u00a0\u00a0\u00a0\u00a0\u00a0\u00a0\u00a0Ley 184-III, 185-II, CFF 17-A, 21, Anexo 22<\/div>\n<div class=\"texto\">\u00a0\u00a0\u00a0\u00a0\u00a0\u00a0\u00a0\u00a0\u00a0\u00a0\u00a0\u00a0\u00a0\u00a0Requisitos generales para la obtenci\u00f3n del Registro en el Esquema de Certificaci\u00f3n de\u00a0Empresas<\/div>\n<div class=\"texto\">7.1.1.\u00a0\u00a0\u00a0\u00a0\u00a0\u00a0\u00a0&#8230;&#8230;&#8230;&#8230;&#8230;&#8230;&#8230;&#8230;&#8230;&#8230;&#8230;&#8230;&#8230;&#8230;&#8230;&#8230;&#8230;&#8230;&#8230;&#8230;&#8230;&#8230;&#8230;&#8230;&#8230;&#8230;&#8230;&#8230;&#8230;&#8230;&#8230;&#8230;&#8230;&#8230;&#8230;&#8230;&#8230;&#8230;&#8230;&#8230;&#8230;.<\/div>\n<div class=\"texto\">IV.\u00a0\u00a0\u00a0\u00a0\u00a0No encontrarse en el listado de empresas publicadas por el SAT en t\u00e9rminos de los\u00a0art\u00edculos 69 con excepci\u00f3n de lo dispuesto en la fracci\u00f3n VI, y 69-B, cuarto p\u00e1rrafo del\u00a0CFF.<\/div>\n<div class=\"texto\">\u00a0\u00a0\u00a0\u00a0\u00a0\u00a0\u00a0\u00a0\u00a0\u00a0\u00a0\u00a0\u00a0\u00a0&#8230;&#8230;&#8230;&#8230;&#8230;&#8230;&#8230;&#8230;&#8230;&#8230;&#8230;&#8230;&#8230;&#8230;&#8230;&#8230;&#8230;&#8230;&#8230;&#8230;&#8230;&#8230;&#8230;&#8230;&#8230;&#8230;&#8230;&#8230;&#8230;&#8230;&#8230;&#8230;&#8230;&#8230;&#8230;&#8230;&#8230;&#8230;&#8230;&#8230;&#8230;<\/div>\n<div class=\"texto\">\u00a0\u00a0\u00a0\u00a0\u00a0\u00a0\u00a0\u00a0\u00a0\u00a0\u00a0\u00a0\u00a0\u00a0Ley 59-I, 100-A, Ley del IVA 28-A, Ley del IEPS 15-A, LFT 15-A, 15-B, 15-C, 15-D, CFF 17-K,\u00a017-H-X, 27, 28-III-IV, 69, 69-B, 134, Reglamento del CFF 29-VII, RGCE 7.2.4., 7.2.5., RMF\u00a02.1.27, 2.8.1.6, 2.8.1.7<\/div>\n<div class=\"texto\">\u00a0\u00a0\u00a0\u00a0\u00a0\u00a0\u00a0\u00a0\u00a0\u00a0\u00a0\u00a0\u00a0\u00a0Requisitos que deber\u00e1n acreditar los interesados en obtener la modalidad de IVA e IEPS,\u00a0rubro A<\/div>\n<div class=\"texto\">7.1.2.\u00a0\u00a0\u00a0\u00a0\u00a0\u00a0\u00a0&#8230;&#8230;&#8230;&#8230;&#8230;&#8230;&#8230;&#8230;&#8230;&#8230;&#8230;&#8230;&#8230;&#8230;&#8230;&#8230;&#8230;&#8230;&#8230;&#8230;&#8230;&#8230;&#8230;&#8230;&#8230;&#8230;&#8230;&#8230;&#8230;&#8230;&#8230;&#8230;&#8230;&#8230;&#8230;&#8230;&#8230;&#8230;&#8230;&#8230;&#8230;.<\/div>\n<div class=\"texto\">V.\u00a0\u00a0\u00a0\u00a0\u00a0\u00a0Que sus proveedores no se encuentren en el listado de empresas publicadas por el\u00a0SAT\u00a0en t\u00e9rminos del art\u00edculo 69-B, cuarto p\u00e1rrafo del CFF.<\/div>\n<div class=\"texto\">\u00a0\u00a0\u00a0\u00a0\u00a0\u00a0\u00a0\u00a0\u00a0\u00a0\u00a0\u00a0\u00a0\u00a0&#8230;&#8230;&#8230;&#8230;&#8230;&#8230;&#8230;&#8230;&#8230;&#8230;&#8230;&#8230;&#8230;&#8230;&#8230;&#8230;&#8230;&#8230;&#8230;&#8230;&#8230;&#8230;&#8230;&#8230;&#8230;&#8230;&#8230;&#8230;&#8230;&#8230;&#8230;&#8230;&#8230;&#8230;&#8230;&#8230;&#8230;&#8230;&#8230;&#8230;&#8230;<\/div>\n<div class=\"texto\">C.\u00a0\u00a0\u00a0\u00a0\u00a0\u00a0&#8230;&#8230;&#8230;&#8230;&#8230;&#8230;&#8230;&#8230;&#8230;&#8230;&#8230;&#8230;&#8230;&#8230;&#8230;&#8230;&#8230;&#8230;&#8230;&#8230;&#8230;&#8230;&#8230;&#8230;&#8230;&#8230;&#8230;&#8230;&#8230;&#8230;&#8230;&#8230;&#8230;&#8230;&#8230;&#8230;&#8230;&#8230;.<\/div>\n<div class=\"texto\">III.\u00a0\u00a0\u00a0Contar con la infraestructura necesaria para realizar la operaci\u00f3n de su r\u00e9gimen, por\u00a0lo que la autoridad aduanera podr\u00e1 realizar en todo momento, inspecciones en los\u00a0domicilios o establecimientos en los que se realizan operaciones.<\/div>\n<div class=\"texto\">IV.\u00a0\u00a0Describir las actividades relacionadas con los procesos productivos o prestaci\u00f3n de\u00a0servicios conforme a su r\u00e9gimen, desde el arribo de la mercanc\u00eda, su\u00a0almacenamiento, su proceso productivo y retorno.<\/div>\n<div class=\"texto\">V.\u00a0\u00a0\u00a0Contar con un contrato de maquila, de compraventa, orden de compra o de\u00a0servicios, o pedidos en firme con el que acrediten la continuidad del proyecto de\u00a0exportaci\u00f3n.<\/div>\n<div class=\"texto\">D.\u00a0\u00a0\u00a0\u00a0\u00a0\u00a0&#8230;&#8230;&#8230;&#8230;&#8230;&#8230;&#8230;&#8230;&#8230;&#8230;&#8230;&#8230;&#8230;&#8230;&#8230;&#8230;&#8230;&#8230;&#8230;&#8230;&#8230;&#8230;&#8230;&#8230;&#8230;&#8230;&#8230;&#8230;&#8230;&#8230;&#8230;&#8230;&#8230;&#8230;&#8230;&#8230;&#8230;&#8230;.<\/div>\n<div class=\"texto\">III.\u00a0\u00a0\u00a0Contar con la infraestructura necesaria para realizar la operaci\u00f3n de su r\u00e9gimen, por\u00a0lo que la autoridad aduanera podr\u00e1 realizar en todo momento, inspecciones en los\u00a0domicilios o establecimientos en los que se realizan operaciones.<\/div>\n<div class=\"texto\">IV.\u00a0\u00a0Describir las actividades relacionadas con los procesos productivos o prestaci\u00f3n de\u00a0servicios conforme a su r\u00e9gimen, desde el arribo de la mercanc\u00eda, su\u00a0almacenamiento, su proceso productivo y retorno.<\/div>\n<div class=\"texto\">V.\u00a0\u00a0\u00a0Contar con un contrato de maquila, de compraventa, orden de compra o de\u00a0servicios, o pedidos en firme con el que acrediten la continuidad del proyecto de\u00a0exportaci\u00f3n.<\/div>\n<div class=\"texto\">\u00a0\u00a0\u00a0\u00a0\u00a0\u00a0\u00a0\u00a0\u00a0\u00a0\u00a0\u00a0\u00a0\u00a0\u00a0\u00a0\u00a0\u00a0\u00a0\u00a0\u00a0\u00a0\u00a0&#8230;&#8230;&#8230;&#8230;&#8230;&#8230;&#8230;&#8230;&#8230;&#8230;&#8230;&#8230;&#8230;&#8230;&#8230;&#8230;&#8230;&#8230;&#8230;&#8230;&#8230;&#8230;&#8230;&#8230;&#8230;&#8230;&#8230;&#8230;&#8230;&#8230;&#8230;&#8230;&#8230;&#8230;&#8230;&#8230;&#8230;&#8230;.<\/div>\n<div class=\"texto\">\u00a0\u00a0\u00a0\u00a0\u00a0\u00a0\u00a0\u00a0\u00a0\u00a0\u00a0\u00a0\u00a0\u00a0&#8230;&#8230;&#8230;&#8230;&#8230;&#8230;&#8230;&#8230;&#8230;&#8230;&#8230;&#8230;&#8230;&#8230;&#8230;&#8230;&#8230;&#8230;&#8230;&#8230;&#8230;&#8230;&#8230;&#8230;&#8230;&#8230;&#8230;&#8230;&#8230;&#8230;&#8230;&#8230;&#8230;&#8230;&#8230;&#8230;&#8230;&#8230;&#8230;&#8230;&#8230;<\/div>\n<div class=\"texto\">\u00a0\u00a0\u00a0\u00a0\u00a0\u00a0\u00a0\u00a0\u00a0\u00a0\u00a0\u00a0\u00a0\u00a0Ley 135-A, Ley del IVA 28-A, Ley del IEPS 15-A, LFT 15-A, 15-B, 15-C, 15-D, CFF 69-B, Anexo\u00a0II del Decreto IMMEX, RGCE 1.2.1., 1.2.2., 4.5.30., 4.5.32., 4.8.12., 7.1.1., 7.1.3., 7.1.6., 7.2.7.,\u00a0Anexos 1, 1-A, 28, 31<\/div>\n<div class=\"texto\"><\/div>\n<div class=\"texto\">\u00a0\u00a0\u00a0\u00a0\u00a0\u00a0\u00a0\u00a0\u00a0\u00a0\u00a0\u00a0\u00a0\u00a0Resoluciones del Registro en el Esquema de Certificaci\u00f3n de Empresas<\/div>\n<div class=\"texto\">7.1.6.\u00a0\u00a0\u00a0\u00a0\u00a0\u00a0\u00a0&#8230;&#8230;&#8230;&#8230;&#8230;&#8230;&#8230;&#8230;&#8230;&#8230;&#8230;&#8230;&#8230;&#8230;&#8230;&#8230;&#8230;&#8230;&#8230;&#8230;&#8230;&#8230;&#8230;&#8230;&#8230;&#8230;&#8230;&#8230;&#8230;&#8230;&#8230;&#8230;&#8230;&#8230;&#8230;&#8230;&#8230;&#8230;&#8230;&#8230;&#8230;.<\/div>\n<div class=\"texto\">\u00a0\u00a0\u00a0\u00a0\u00a0\u00a0\u00a0\u00a0\u00a0\u00a0\u00a0\u00a0\u00a0\u00a0Para efectos de la solicitud de autorizaci\u00f3n establecida en la regla 7.1.2., p\u00e1rrafo s\u00e9ptimo, la\u00a0AGACE emitir\u00e1 la resoluci\u00f3n correspondiente en un plazo no mayor a 30 d\u00edas, contados a partir\u00a0del d\u00eda siguiente a la fecha del acuse de recepci\u00f3n, siempre que hayan cubierto la totalidad de\u00a0los requisitos. En el caso de que la autoridad aduanera detecte la falta de alg\u00fan requisito, le\u00a0requerir\u00e1 por \u00fanica ocasi\u00f3n al solicitante la informaci\u00f3n o documentaci\u00f3n faltante.<\/div>\n<div class=\"texto\">\u00a0\u00a0\u00a0\u00a0\u00a0\u00a0\u00a0\u00a0\u00a0\u00a0\u00a0\u00a0\u00a0\u00a0Ley 9-A, 9-B, CFF 38, 134, RGCE 7.1.2., 7.1.3., 7.1.4., 7.1.5., 7.1.7., 7.1.8., 7.2.3., Anexo 1-A<\/div>\n<div class=\"texto\">\u00a0\u00a0\u00a0\u00a0\u00a0\u00a0\u00a0\u00a0\u00a0\u00a0\u00a0\u00a0\u00a0\u00a0Generalidades de empresas certificadas conforme a las RGCE para 2016<\/div>\n<div class=\"texto\">7.1.9.\u00a0\u00a0\u00a0\u00a0\u00a0\u00a0\u00a0&#8230;&#8230;&#8230;&#8230;&#8230;&#8230;&#8230;&#8230;&#8230;&#8230;&#8230;&#8230;&#8230;&#8230;&#8230;&#8230;&#8230;&#8230;&#8230;&#8230;&#8230;&#8230;&#8230;&#8230;&#8230;&#8230;&#8230;&#8230;&#8230;&#8230;&#8230;&#8230;&#8230;&#8230;&#8230;&#8230;&#8230;&#8230;&#8230;&#8230;&#8230;.<\/div>\n<div class=\"texto\">B.\u00a0\u00a0\u00a0\u00a0\u00a0\u00a0&#8230;&#8230;&#8230;&#8230;&#8230;&#8230;&#8230;&#8230;&#8230;&#8230;&#8230;&#8230;&#8230;&#8230;&#8230;&#8230;&#8230;&#8230;&#8230;&#8230;&#8230;&#8230;&#8230;&#8230;&#8230;&#8230;&#8230;&#8230;&#8230;&#8230;&#8230;&#8230;&#8230;&#8230;&#8230;&#8230;&#8230;&#8230;.<\/div>\n<div class=\"texto\">I.\u00a0\u00a0\u00a0\u00a0Para los efectos de los art\u00edculos 28-A, \u00faltimo p\u00e1rrafo de la Ley del IVA y 15-A, \u00faltimo\u00a0p\u00e1rrafo de la Ley del IEPS, las solicitudes para obtener la certificaci\u00f3n en materia de\u00a0IVA e IEPS y su renovaci\u00f3n, as\u00ed como los requerimientos de informaci\u00f3n y\u00a0documentaci\u00f3n para cumplir con el tr\u00e1mite de la certificaci\u00f3n y los procedimientos\u00a0de cancelaci\u00f3n, ser\u00e1n resueltos de conformidad con las reglas vigentes a la fecha\u00a0de presentaci\u00f3n de la solicitud de certificaci\u00f3n.<\/div>\n<div class=\"texto\">\u00a0\u00a0\u00a0\u00a0\u00a0\u00a0\u00a0\u00a0\u00a0\u00a0\u00a0\u00a0\u00a0\u00a0\u00a0\u00a0\u00a0\u00a0\u00a0\u00a0\u00a0\u00a0\u00a0&#8230;&#8230;&#8230;&#8230;&#8230;&#8230;&#8230;&#8230;&#8230;&#8230;&#8230;&#8230;&#8230;&#8230;&#8230;&#8230;&#8230;&#8230;&#8230;&#8230;&#8230;&#8230;&#8230;&#8230;&#8230;&#8230;&#8230;&#8230;&#8230;&#8230;&#8230;&#8230;&#8230;&#8230;&#8230;&#8230;&#8230;&#8230;.<\/div>\n<div class=\"texto\">\u00a0\u00a0\u00a0\u00a0\u00a0\u00a0\u00a0\u00a0\u00a0\u00a0\u00a0\u00a0\u00a0\u00a0Ley del IVA 28-A, Ley del IEPS 15-A, CFF 134, RGCE 4.3.19., 4.8.12., 7.1.2., 7.1.3., 7.3.1.,\u00a07.3.3., 7.3.7., Anexo 22<\/div>\n<div class=\"texto\">\u00a0\u00a0\u00a0\u00a0\u00a0\u00a0\u00a0\u00a0\u00a0\u00a0\u00a0\u00a0\u00a0\u00a0Inscripci\u00f3n inmediata en el Registro en el Esquema de Certificaci\u00f3n de Empresas bajo la\u00a0modalidad de IVA e IEPS en los rubros A, AA o AAA<\/div>\n<div class=\"texto\">7.1.10.\u00a0\u00a0\u00a0\u00a0\u00a0&#8230;&#8230;&#8230;&#8230;&#8230;&#8230;&#8230;&#8230;&#8230;&#8230;&#8230;&#8230;&#8230;&#8230;&#8230;&#8230;&#8230;&#8230;&#8230;&#8230;&#8230;&#8230;&#8230;&#8230;&#8230;&#8230;&#8230;&#8230;&#8230;&#8230;&#8230;&#8230;&#8230;&#8230;&#8230;&#8230;&#8230;&#8230;&#8230;&#8230;&#8230;.<\/div>\n<div class=\"texto\">II.\u00a0\u00a0\u00a0\u00a0\u00a0\u00a0\u00a0&#8230;&#8230;&#8230;&#8230;&#8230;&#8230;&#8230;&#8230;&#8230;&#8230;&#8230;&#8230;&#8230;&#8230;&#8230;&#8230;&#8230;&#8230;&#8230;&#8230;&#8230;&#8230;&#8230;&#8230;&#8230;&#8230;&#8230;&#8230;&#8230;&#8230;&#8230;&#8230;&#8230;&#8230;&#8230;&#8230;&#8230;&#8230;..<\/div>\n<div class=\"texto\">f)\u00a0\u00a0\u00a0\u00a0Que sus proveedores no se encuentren en el listado de empresas publicadas por el\u00a0SAT en t\u00e9rminos del art\u00edculo 69-B, cuarto p\u00e1rrafo del CFF.<\/div>\n<div class=\"texto\">\u00a0\u00a0\u00a0\u00a0\u00a0\u00a0\u00a0\u00a0\u00a0\u00a0\u00a0\u00a0\u00a0\u00a0&#8230;&#8230;&#8230;&#8230;&#8230;&#8230;&#8230;&#8230;&#8230;&#8230;&#8230;&#8230;&#8230;&#8230;&#8230;&#8230;&#8230;&#8230;&#8230;&#8230;&#8230;&#8230;&#8230;&#8230;&#8230;&#8230;&#8230;&#8230;&#8230;&#8230;&#8230;&#8230;&#8230;&#8230;&#8230;&#8230;&#8230;&#8230;&#8230;&#8230;&#8230;<\/div>\n<div class=\"texto\">\u00a0\u00a0\u00a0\u00a0\u00a0\u00a0\u00a0\u00a0\u00a0\u00a0\u00a0\u00a0\u00a0\u00a0Ley del IVA 28-A, Ley del IEPS 15-A, CFF 28-III-IV, 69-B, RGCE 1.2.1., 7.1.1., 7.1.2., 7.1.3.,\u00a0RMF 2.1.27., 2.8.1.6., 2.8.1.7., Anexo 1, 28<\/div>\n<div class=\"texto\">\u00a0\u00a0\u00a0\u00a0\u00a0\u00a0\u00a0\u00a0\u00a0\u00a0\u00a0\u00a0\u00a0\u00a0Obligaciones en el Registro en el Esquema de Certificaci\u00f3n de Empresas<\/div>\n<div class=\"texto\">7.2.1.\u00a0\u00a0\u00a0\u00a0\u00a0\u00a0\u00a0&#8230;&#8230;&#8230;&#8230;&#8230;&#8230;&#8230;&#8230;&#8230;&#8230;&#8230;&#8230;&#8230;&#8230;&#8230;&#8230;&#8230;&#8230;&#8230;&#8230;&#8230;&#8230;&#8230;&#8230;&#8230;&#8230;&#8230;&#8230;&#8230;&#8230;&#8230;&#8230;&#8230;&#8230;&#8230;&#8230;&#8230;&#8230;&#8230;&#8230;&#8230;.<\/div>\n<div class=\"texto\">\u00a0\u00a0\u00a0\u00a0\u00a0\u00a0\u00a0\u00a0\u00a0\u00a0\u00a0\u00a0\u00a0\u00a0Los avisos a que se refiere la presente regla, se tendr\u00e1n por cumplidos al momento de su\u00a0presentaci\u00f3n, lo que podr\u00e1 acreditarse con el acuse correspondiente. Cuando la autoridad\u00a0detecte inconsistencias en la informaci\u00f3n y\/o documentaci\u00f3n presentada, requerir\u00e1 al\u00a0contribuyente, a fin de que en un plazo de 20 d\u00edas contados a partir del d\u00eda siguiente en que\u00a0surta efectos la notificaci\u00f3n, subsane dichas inconsistencias. En caso de no subsanar lasinconsistencias en dicho plazo, se tendr\u00e1 por no presentado el aviso correspondiente y se dar\u00e1\u00a0inicio al procedimiento de cancelaci\u00f3n respecto del Registro en el Esquema de Certificaci\u00f3n de\u00a0Empresas que se encuentre vigente, de conformidad con las reglas 7.2.4., o 7.2.5., seg\u00fan\u00a0corresponda.<\/div>\n<div class=\"texto\">\u00a0\u00a0\u00a0\u00a0\u00a0\u00a0\u00a0\u00a0\u00a0\u00a0\u00a0\u00a0\u00a0\u00a0Ley 100-A, Ley del IVA 28-A, Ley del IEPS 15-A, LFD 40, LFT 15-A, 15-B, 15-C, 15-D, CFF 4,\u00a032-D, RGCE 1.2.1., 1.2.2., 7.1.2., 7.1.3., 7.1.4., 7.1.5., 7.2.4., 7.2.5., 7.3.1.-XIII, Anexo 1, 22, 31<\/div>\n<div class=\"texto\">\u00a0\u00a0\u00a0\u00a0\u00a0\u00a0\u00a0\u00a0\u00a0\u00a0\u00a0\u00a0\u00a0\u00a0Causales de requerimiento para el Registro en el Esquema de Certificaci\u00f3n de Empresas<\/div>\n<div class=\"texto\">7.2.2.\u00a0\u00a0\u00a0\u00a0\u00a0\u00a0\u00a0&#8230;&#8230;&#8230;&#8230;&#8230;&#8230;&#8230;&#8230;&#8230;&#8230;&#8230;&#8230;&#8230;&#8230;&#8230;&#8230;&#8230;&#8230;&#8230;&#8230;&#8230;&#8230;&#8230;&#8230;&#8230;&#8230;&#8230;&#8230;&#8230;&#8230;&#8230;&#8230;&#8230;&#8230;&#8230;&#8230;&#8230;&#8230;&#8230;&#8230;&#8230;.<\/div>\n<div class=\"texto\">A.\u00a0\u00a0\u00a0\u00a0\u00a0\u00a0&#8230;&#8230;&#8230;&#8230;&#8230;&#8230;&#8230;&#8230;&#8230;&#8230;&#8230;&#8230;&#8230;&#8230;&#8230;&#8230;&#8230;&#8230;&#8230;&#8230;&#8230;&#8230;&#8230;&#8230;&#8230;&#8230;&#8230;&#8230;&#8230;&#8230;&#8230;&#8230;&#8230;&#8230;&#8230;&#8230;&#8230;&#8230;.<\/div>\n<div class=\"texto\">III.\u00a0\u00a0\u00a0Se ubique en la lista publicada por el SAT en t\u00e9rminos de los art\u00edculos 69 con\u00a0excepci\u00f3n de lo dispuesto en la fracci\u00f3n VI, y 69-B, cuarto p\u00e1rrafo del CFF.<\/div>\n<div class=\"texto\">\u00a0\u00a0\u00a0\u00a0\u00a0\u00a0\u00a0\u00a0\u00a0\u00a0\u00a0\u00a0\u00a0\u00a0\u00a0\u00a0\u00a0\u00a0\u00a0\u00a0\u00a0\u00a0\u00a0&#8230;&#8230;&#8230;&#8230;&#8230;&#8230;&#8230;&#8230;&#8230;&#8230;&#8230;&#8230;&#8230;&#8230;&#8230;&#8230;&#8230;&#8230;&#8230;&#8230;&#8230;&#8230;&#8230;&#8230;&#8230;&#8230;&#8230;&#8230;&#8230;&#8230;&#8230;&#8230;&#8230;&#8230;&#8230;&#8230;&#8230;&#8230;.<\/div>\n<div class=\"texto\">B.\u00a0\u00a0\u00a0\u00a0\u00a0\u00a0&#8230;&#8230;&#8230;&#8230;&#8230;&#8230;&#8230;&#8230;&#8230;&#8230;&#8230;&#8230;&#8230;&#8230;&#8230;&#8230;&#8230;&#8230;&#8230;&#8230;&#8230;&#8230;&#8230;&#8230;&#8230;&#8230;&#8230;&#8230;&#8230;&#8230;&#8230;&#8230;&#8230;&#8230;&#8230;&#8230;&#8230;&#8230;.<\/div>\n<div class=\"texto\"><\/div>\n<div class=\"texto\">IX.\u00a0\u00a0Que sus proveedores se encuentren en el listado de empresas publicadas por el\u00a0SAT en t\u00e9rminos del art\u00edculo 69-B, cuarto p\u00e1rrafo del CFF.<\/div>\n<div class=\"texto\">\u00a0\u00a0\u00a0\u00a0\u00a0\u00a0\u00a0\u00a0\u00a0\u00a0\u00a0\u00a0\u00a0\u00a0&#8230;&#8230;&#8230;&#8230;&#8230;&#8230;&#8230;&#8230;&#8230;&#8230;&#8230;&#8230;&#8230;&#8230;&#8230;&#8230;&#8230;&#8230;&#8230;&#8230;&#8230;&#8230;&#8230;&#8230;&#8230;&#8230;&#8230;&#8230;&#8230;&#8230;&#8230;&#8230;&#8230;&#8230;&#8230;&#8230;&#8230;&#8230;&#8230;&#8230;&#8230;<\/div>\n<div class=\"texto\">\u00a0\u00a0\u00a0\u00a0\u00a0\u00a0\u00a0\u00a0\u00a0\u00a0\u00a0\u00a0\u00a0\u00a0Ley, 9-A, 9-B, 59, LFD 4, 40, CPF 193, CFF 17-H-X, 69, 69-B, 134, Reglamento del CFF 70,\u00a0RGCE 1.2.1., 7.1.2., 7.1.3., 7.1.4., 7.1.5., 7.1.6., 7.2.1., 7.2.4., 7.2.5.<\/div>\n<div class=\"texto\">\u00a0\u00a0\u00a0\u00a0\u00a0\u00a0\u00a0\u00a0\u00a0\u00a0\u00a0\u00a0\u00a0\u00a0Renovaciones para el Registro en el Esquema de Certificaci\u00f3n de Empresas<\/div>\n<div class=\"texto\">7.2.3.\u00a0\u00a0\u00a0\u00a0\u00a0\u00a0\u00a0&#8230;&#8230;&#8230;&#8230;&#8230;&#8230;&#8230;&#8230;&#8230;&#8230;&#8230;&#8230;&#8230;&#8230;&#8230;&#8230;&#8230;&#8230;&#8230;&#8230;&#8230;&#8230;&#8230;&#8230;&#8230;&#8230;&#8230;&#8230;&#8230;&#8230;&#8230;&#8230;&#8230;&#8230;&#8230;&#8230;&#8230;&#8230;&#8230;&#8230;&#8230;.<\/div>\n<div class=\"texto\">\u00a0\u00a0\u00a0\u00a0\u00a0\u00a0\u00a0\u00a0\u00a0\u00a0\u00a0\u00a0\u00a0\u00a0Asimismo, respecto de las empresas que no subsanen o desvirt\u00faen las inconsistencias, la\u00a0AGACE proceder\u00e1 al inicio del procedimiento de cancelaci\u00f3n respecto del Registro en el\u00a0Esquema de Certificaci\u00f3n de Empresas que se encuentre vigente, de conformidad con las\u00a0reglas 7.2.4. o 7.2.5., o bien har\u00e1 del conocimiento de la empresa el rubro que se le asigna por\u00a0dicha situaci\u00f3n.<\/div>\n<div class=\"texto\">\u00a0\u00a0\u00a0\u00a0\u00a0\u00a0\u00a0\u00a0\u00a0\u00a0\u00a0\u00a0\u00a0\u00a0LFD 40, RGCE 1.2.1., 7.1.2., 7.1.3., 7.1.4., 7.1.5., 7.1.6., 7.2.2., 7.2.4., 7.2.5., Anexo 1, 31<\/div>\n<div class=\"texto\">\u00a0\u00a0\u00a0\u00a0\u00a0\u00a0\u00a0\u00a0\u00a0\u00a0\u00a0\u00a0\u00a0\u00a0Causales de cancelaci\u00f3n del Registro en el Esquema de Certificaci\u00f3n de Empresas en las\u00a0modalidades de Comercializadora e Importadora y Operador Econ\u00f3mico Autorizado<\/div>\n<div class=\"texto\">7.2.5.\u00a0\u00a0\u00a0\u00a0\u00a0\u00a0\u00a0&#8230;&#8230;&#8230;&#8230;&#8230;&#8230;&#8230;&#8230;&#8230;&#8230;&#8230;&#8230;&#8230;&#8230;&#8230;&#8230;&#8230;&#8230;&#8230;&#8230;&#8230;&#8230;&#8230;&#8230;&#8230;&#8230;&#8230;&#8230;&#8230;&#8230;&#8230;&#8230;&#8230;&#8230;&#8230;&#8230;&#8230;&#8230;&#8230;&#8230;&#8230;.<\/div>\n<div class=\"texto\">VI.\u00a0\u00a0\u00a0\u00a0\u00a0Presente y\/o declare documentaci\u00f3n o informaci\u00f3n falsa, alterada o con datos falsos en\u00a0cualquier procedimiento o tr\u00e1mite relacionado con el Registro en el Esquema de\u00a0Certificaci\u00f3n de Empresas y\/o al realizar operaciones de comercio exterior.<\/div>\n<div class=\"texto\">\u00a0\u00a0\u00a0\u00a0\u00a0\u00a0\u00a0\u00a0\u00a0\u00a0\u00a0\u00a0\u00a0\u00a0&#8230;&#8230;&#8230;&#8230;&#8230;&#8230;&#8230;&#8230;&#8230;&#8230;&#8230;&#8230;&#8230;&#8230;&#8230;&#8230;&#8230;&#8230;&#8230;&#8230;&#8230;&#8230;&#8230;&#8230;&#8230;&#8230;&#8230;&#8230;&#8230;&#8230;&#8230;&#8230;&#8230;&#8230;&#8230;&#8230;&#8230;&#8230;&#8230;&#8230;&#8230;<\/div>\n<div class=\"texto\">\u00a0\u00a0\u00a0\u00a0\u00a0\u00a0\u00a0\u00a0\u00a0\u00a0\u00a0\u00a0\u00a0\u00a0Ley 59, 100-A, 100-B, 100-C, 144-A, CFF 28, 83-II, 84-II, Reglamento 79, RGCE 1.2.1., 1.3.3.,\u00a07.1.4., 7.2.1., Anexo 1, 28<\/div>\n<div class=\"texto\">\u00a0\u00a0\u00a0\u00a0\u00a0\u00a0\u00a0\u00a0\u00a0\u00a0\u00a0\u00a0\u00a0\u00a0Descargo de saldo pendiente en el SCCCyG de empresas certificadas a un nuevo\u00a0Registro en el Esquema de Certificaci\u00f3n de Empresas modalidad IVA e IEPS<\/div>\n<div class=\"texto\">7.2.10.\u00a0\u00a0\u00a0\u00a0\u00a0Las empresas que hayan perdido su certificaci\u00f3n en materia de IVA e IEPS, que no se\u00a0encuentren impedidas para solicitar un nuevo Registro en el Esquema de Certificaci\u00f3n de\u00a0Empresas en el periodo de 2 a\u00f1os, y cuenten con un saldo pendiente de descargo en el\u00a0SCCCyG, podr\u00e1n optar por solicitar el Registro en el Esquema de Certificaci\u00f3n de Empresas,\u00a0en la modalidad de IVA e IEPS, dentro del plazo de 60 d\u00edas naturales, contados a partir del d\u00edasiguiente al que termine su certificaci\u00f3n. En caso de que se les otorgue el Registro en el\u00a0Esquema de Certificaci\u00f3n de Empresas, podr\u00e1n hacer la transferencia del saldo del cr\u00e9dito\u00a0pendiente en el SCCCyG correspondiente a la certificaci\u00f3n vencida, al nuevo Registro en el\u00a0Esquema de Certificaci\u00f3n de Empresas, en la modalidad de IVA e IEPS.<\/div>\n<div class=\"texto\">\u00a0\u00a0\u00a0\u00a0\u00a0\u00a0\u00a0\u00a0\u00a0\u00a0\u00a0\u00a0\u00a0\u00a0&#8230;&#8230;&#8230;&#8230;&#8230;&#8230;&#8230;&#8230;&#8230;&#8230;&#8230;&#8230;&#8230;&#8230;&#8230;&#8230;&#8230;&#8230;&#8230;&#8230;&#8230;&#8230;&#8230;&#8230;&#8230;&#8230;&#8230;&#8230;&#8230;&#8230;&#8230;&#8230;&#8230;&#8230;&#8230;&#8230;&#8230;&#8230;&#8230;&#8230;&#8230;<\/div>\n<div class=\"texto\">\u00a0\u00a0\u00a0\u00a0\u00a0\u00a0\u00a0\u00a0\u00a0\u00a0\u00a0\u00a0\u00a0\u00a0RGCE 7.1.9., 7.2.8., 7.2.9., Anexo 31<\/div>\n<div class=\"texto\">\u00a0\u00a0\u00a0\u00a0\u00a0\u00a0\u00a0\u00a0\u00a0\u00a0\u00a0\u00a0\u00a0\u00a0Beneficios del Registro en el Esquema de Certificaci\u00f3n de Empresas en la modalidad de\u00a0IVA e IEPS<\/div>\n<div class=\"texto\">7.3.1.\u00a0\u00a0\u00a0\u00a0\u00a0\u00a0\u00a0&#8230;&#8230;&#8230;&#8230;&#8230;&#8230;&#8230;&#8230;&#8230;&#8230;&#8230;&#8230;&#8230;&#8230;&#8230;&#8230;&#8230;&#8230;&#8230;&#8230;&#8230;&#8230;&#8230;&#8230;&#8230;&#8230;&#8230;&#8230;&#8230;&#8230;&#8230;&#8230;&#8230;&#8230;&#8230;&#8230;&#8230;&#8230;&#8230;&#8230;&#8230;.<\/div>\n<div class=\"texto\">A.\u00a0\u00a0\u00a0\u00a0\u00a0\u00a0&#8230;&#8230;&#8230;&#8230;&#8230;&#8230;&#8230;&#8230;&#8230;&#8230;&#8230;&#8230;&#8230;&#8230;&#8230;&#8230;&#8230;&#8230;&#8230;&#8230;&#8230;&#8230;&#8230;&#8230;&#8230;&#8230;&#8230;&#8230;&#8230;&#8230;&#8230;&#8230;&#8230;&#8230;&#8230;&#8230;&#8230;&#8230;.<\/div>\n<div class=\"texto\">III.\u00a0\u00a0\u00a0&#8230;&#8230;&#8230;&#8230;&#8230;&#8230;&#8230;&#8230;&#8230;&#8230;&#8230;&#8230;&#8230;&#8230;&#8230;&#8230;&#8230;&#8230;&#8230;&#8230;&#8230;&#8230;&#8230;&#8230;&#8230;&#8230;&#8230;&#8230;&#8230;&#8230;&#8230;&#8230;&#8230;&#8230;&#8230;&#8230;.<\/div>\n<div class=\"texto\">\u00a0\u00a0\u00a0\u00a0\u00a0\u00a0Asimismo, proceder\u00e1 la inscripci\u00f3n de manera inmediata en el Padr\u00f3n de\u00a0Exportadores Sectorial, en los Sectores 10\u00a0&#8220;Pl\u00e1sticos&#8221;, 11\u00a0&#8220;Caucho&#8221;, 12\u00a0&#8220;Madera y\u00a0papel&#8221;, 13\u00a0&#8220;Vidrio&#8221;, 14\u00a0&#8220;Hierro y Acero&#8221;\u00a0y 15\u00a0&#8220;Aluminio&#8221;\u00a0del Apartado B del Anexo 10,\u00a0, siempre que se presente la solicitud a que se refiere el primer p\u00e1rrafo, de la regla\u00a01.3.7., anexando las documentales que acrediten el inter\u00e9s jur\u00eddico delrepresentante legal, as\u00ed como la copia del oficio en el que la AGACE otorg\u00f3 la\u00a0autorizaci\u00f3n al registro de empresa, sin ser necesario cumplir con los requisitos\u00a0adicionales por Sector, establecidos en el Apartado A del\u00a0&#8220;Instructivo de tr\u00e1mite de\u00a0la Autorizaci\u00f3n de inscripci\u00f3n para el padr\u00f3n de exportadores sectorial (Regla 1.3.7.)&#8221;\u00a0de la\u00a0&#8220;Autorizaci\u00f3n de inscripci\u00f3n para el padr\u00f3n de exportadores sectorial (Regla\u00a01.3.7.)&#8221;.<\/div>\n<div class=\"texto\">\u00a0\u00a0\u00a0\u00a0\u00a0\u00a0\u00a0\u00a0\u00a0\u00a0\u00a0\u00a0\u00a0\u00a0\u00a0\u00a0\u00a0\u00a0\u00a0\u00a0\u00a0\u00a0\u00a0&#8230;&#8230;&#8230;&#8230;&#8230;&#8230;&#8230;&#8230;&#8230;&#8230;&#8230;&#8230;&#8230;&#8230;&#8230;&#8230;&#8230;&#8230;&#8230;&#8230;&#8230;&#8230;&#8230;&#8230;&#8230;&#8230;&#8230;&#8230;&#8230;&#8230;&#8230;&#8230;&#8230;&#8230;&#8230;&#8230;&#8230;&#8230;.<\/div>\n<div class=\"texto\"><\/div>\n<div class=\"texto\">XII.\u00a0Para los efectos del art\u00edculo 36-A, fracci\u00f3n I, de la Ley, en el caso de mercanc\u00edas\u00a0susceptibles de ser identificadas individualmente, las empresas con Programa\u00a0IMMEX que bajo su Programa fabriquen bienes del sector el\u00e9ctrico y electr\u00f3nico,\u00a0podr\u00e1n efectuar el despacho aduanero de las mercanc\u00edas para su importaci\u00f3n, sin\u00a0anotar en el pedimento, en la factura, acuse de valor, en el documento de embarqueo en relaci\u00f3n anexa, los n\u00fameros de serie, parte, marca y modelo, siempre que\u00a0lleven un registro actualizado de dicha informaci\u00f3n, en el sistema de control de\u00a0inventarios a que se refieren los art\u00edculos 59, fracci\u00f3n I, de la Ley y 24, fracci\u00f3n IX,\u00a0del Decreto IMMEX.<\/div>\n<div class=\"texto\">\u00a0\u00a0\u00a0\u00a0\u00a0\u00a0\u00a0\u00a0\u00a0\u00a0\u00a0\u00a0\u00a0\u00a0\u00a0\u00a0\u00a0\u00a0\u00a0\u00a0\u00a0\u00a0\u00a0\u00a0\u00a0\u00a0\u00a0\u00a0\u00a0&#8230;&#8230;&#8230;&#8230;&#8230;&#8230;&#8230;&#8230;&#8230;&#8230;&#8230;&#8230;&#8230;&#8230;&#8230;&#8230;&#8230;&#8230;&#8230;&#8230;&#8230;&#8230;&#8230;&#8230;&#8230;&#8230;&#8230;&#8230;&#8230;&#8230;&#8230;&#8230;&#8230;&#8230;&#8230;&#8230;.<\/div>\n<div class=\"texto\">\u00a0\u00a0\u00a0\u00a0\u00a0\u00a0\u00a0\u00a0\u00a0\u00a0\u00a0\u00a0\u00a0\u00a0\u00a0\u00a0\u00a0\u00a0\u00a0\u00a0\u00a0\u00a0\u00a0&#8230;&#8230;&#8230;&#8230;&#8230;&#8230;&#8230;&#8230;&#8230;&#8230;&#8230;&#8230;&#8230;&#8230;&#8230;&#8230;&#8230;&#8230;&#8230;&#8230;&#8230;&#8230;&#8230;&#8230;&#8230;&#8230;&#8230;&#8230;&#8230;&#8230;&#8230;&#8230;&#8230;&#8230;&#8230;&#8230;&#8230;&#8230;.<\/div>\n<div class=\"texto\">\u00a0\u00a0\u00a0\u00a0\u00a0\u00a0\u00a0\u00a0\u00a0\u00a0\u00a0\u00a0\u00a0\u00a0Para los supuestos previstos en las fracciones IV, del Apartado A y I de los Apartados B y C de\u00a0la presente regla, la ACIA o la ACAJNH, en el \u00e1mbito de su competencia, notificar\u00e1n al\u00a0contribuyente las causas que motivaron el inicio del procedimiento de suspensi\u00f3n en el Padr\u00f3n\u00a0de Importadores y\/o Padr\u00f3n de Importadores de Sectores Espec\u00edficos y\/o Padr\u00f3n de\u00a0Exportadores Sectorial, seg\u00fan sea el caso, concedi\u00e9ndole un plazo de 10 d\u00edas contados a partir\u00a0del d\u00eda siguiente a aqu\u00e9l en que surta efectos la notificaci\u00f3n, para ofrecer las pruebas y\u00a0alegatos que a su derecho convenga. En caso de que el contribuyente presente pruebas dentro\u00a0del plazo se\u00f1alado, la ACIA o la ACAJNH, en el \u00e1mbito de su competencia,\u00a0remitir\u00e1n dichas\u00a0pruebas y\/o alegatos a la autoridad que haya realizado la investigaci\u00f3n que gener\u00f3 el inicio del\u00a0procedimiento de suspensi\u00f3n, con el fin de que esta \u00faltima, en un plazo no mayor a 10 d\u00edas las\u00a0analice y comunique a la ACIA o la ACAJNH, en el \u00e1mbito de su competencia,\u00a0si la causal desuspensi\u00f3n fue desvirtuada o indique de manera expresa si debe proceder la suspensi\u00f3n. En el\u00a0caso de que el contribuyente no ofrezca las pruebas o alegatos dentro del plazo establecido, la\u00a0ACIA o la ACAJNH, en el \u00e1mbito de su competencia, proceder\u00e1 a la suspensi\u00f3n\u00a0correspondiente, notific\u00e1ndola al contribuyente, conforme a lo dispuesto en el art\u00edculo 134 del\u00a0CFF.<\/div>\n<div class=\"texto\">\u00a0\u00a0\u00a0\u00a0\u00a0\u00a0\u00a0\u00a0\u00a0\u00a0\u00a0\u00a0\u00a0\u00a0Ley 10, 35, 36, 36-A, 37, 37-A, 59-I, III, 63-A, 97, 106-V, 108-I, 109, 112, 144-XXXIII, 154, 185-I,\u00a0Ley del IVA 1-A-III, 29-I, IV, CFF 22, 73, 134, Decreto IMMEX 4, 8, 14, 24, Reglamento 150,\u00a0RGCE 1.2.1., 1.2.2., 1.3.2., 1.3.3., 1.3.7., 1.5.1., 1.6.12., 1.9.10., 1.9.17., 2.3.5., 3.1.6., 3.1.18.,\u00a04.2.5., 4.3.1., 4.3.9., 4.3.11., 4.3.12., 4.3.14., 4.3.19., 4.5.30., 6.1.1., 7.1.4., 7.1.5., 7.1.7.,\u00a0RMF\u00a02.3.5., Anexo 1, 1-A, 10, 22, 24<\/div>\n<div class=\"texto\">\u00a0\u00a0\u00a0\u00a0\u00a0\u00a0\u00a0\u00a0\u00a0\u00a0\u00a0\u00a0\u00a0\u00a0Beneficios del Registro en el Esquema de Certificaci\u00f3n de Empresas en la modalidad de\u00a0Comercializadora e Importadora<\/div>\n<div class=\"texto\">7.3.2.\u00a0\u00a0\u00a0\u00a0\u00a0\u00a0\u00a0Las empresas que cuenten con el Registro en el Esquema de Certificaci\u00f3n de Empresas,\u00a0modalidad Comercializadora e Importadora, tendr\u00e1n el beneficio establecido en la regla 7.3.7.,\u00a0fracci\u00f3n III.<\/div>\n<div class=\"texto\">\u00a0\u00a0\u00a0\u00a0\u00a0\u00a0\u00a0\u00a0\u00a0\u00a0\u00a0\u00a0\u00a0\u00a0RGCE 4.3.9., 4.3.11., 7.1.4., 7.3.7.<\/div>\n<div class=\"texto\">\u00a0\u00a0\u00a0\u00a0\u00a0\u00a0\u00a0\u00a0\u00a0\u00a0\u00a0\u00a0\u00a0\u00a0Beneficios de las empresas que cuenten con el Registro en el Esquema de Certificaci\u00f3n\u00a0de Empresas en la modalidad de Operador Econ\u00f3mico Autorizado<\/div>\n<div class=\"texto\">7.3.3.\u00a0\u00a0\u00a0\u00a0\u00a0\u00a0\u00a0&#8230;&#8230;&#8230;&#8230;&#8230;&#8230;&#8230;&#8230;&#8230;&#8230;&#8230;&#8230;&#8230;&#8230;&#8230;&#8230;&#8230;&#8230;&#8230;&#8230;&#8230;&#8230;&#8230;&#8230;&#8230;&#8230;&#8230;&#8230;&#8230;&#8230;&#8230;&#8230;&#8230;&#8230;&#8230;&#8230;&#8230;&#8230;&#8230;&#8230;&#8230;.<\/div>\n<div class=\"texto\">I.\u00a0\u00a0\u00a0\u00a0\u00a0\u00a0\u00a0Para los efectos del art\u00edculo 36-A, fracci\u00f3n I, segundo p\u00e1rrafo de la Ley, en el caso de\u00a0mercanc\u00edas susceptibles de ser identificadas individualmente, podr\u00e1n efectuar el\u00a0despacho aduanero de las mercanc\u00edas para su importaci\u00f3n, sin anotar en el pedimento,\u00a0en la factura o\u00a0&#8220;Aviso consolidado&#8221;, acuse de valor, en el documento de embarque o\u00a0documento de transporte que corresponda, o en relaci\u00f3n anexa, los n\u00fameros de serie,\u00a0parte, marca y modelo, siempre que lleven un registro actualizado de dicha informaci\u00f3n,\u00a0en el sistema de control de inventarios a que se refiere el art\u00edculo 59, fracci\u00f3n I de la Ley.<\/div>\n<div class=\"texto\">\u00a0\u00a0\u00a0\u00a0\u00a0\u00a0\u00a0\u00a0\u00a0\u00a0\u00a0\u00a0\u00a0\u00a0&#8230;&#8230;&#8230;&#8230;&#8230;&#8230;&#8230;&#8230;&#8230;&#8230;&#8230;&#8230;&#8230;&#8230;&#8230;&#8230;&#8230;&#8230;&#8230;&#8230;&#8230;&#8230;&#8230;&#8230;&#8230;&#8230;&#8230;&#8230;&#8230;&#8230;&#8230;&#8230;&#8230;&#8230;&#8230;&#8230;&#8230;&#8230;&#8230;&#8230;&#8230;<\/div>\n<div class=\"texto\">V.\u00a0\u00a0\u00a0\u00a0\u00a0\u00a0Se deroga.<\/div>\n<div class=\"texto\">\u00a0\u00a0\u00a0\u00a0\u00a0\u00a0\u00a0\u00a0\u00a0\u00a0\u00a0\u00a0\u00a0\u00a0&#8230;&#8230;&#8230;&#8230;&#8230;&#8230;&#8230;&#8230;&#8230;&#8230;&#8230;&#8230;&#8230;&#8230;&#8230;&#8230;&#8230;&#8230;&#8230;&#8230;&#8230;&#8230;&#8230;&#8230;&#8230;&#8230;&#8230;&#8230;&#8230;&#8230;&#8230;&#8230;&#8230;&#8230;&#8230;&#8230;&#8230;&#8230;&#8230;&#8230;&#8230;<\/div>\n<div class=\"texto\">\u00a0\u00a0\u00a0\u00a0\u00a0\u00a0\u00a0\u00a0\u00a0\u00a0\u00a0\u00a0\u00a0\u00a0Ley, 36, 36-A, 37, 37-A, 45, 46, 59-I, 97, 98, 99, 108, 109, 110, 114, 124, 150, 152, 168-II,\u00a0184-I, 185-I, II, Ley del IVA 1-A, 10, CFF 21, Decreto por el que se otorgan facilidades\u00a0administrativas en Materia Aduanera y de Comercio Exterior 2-I, Decreto IMMEX 4, 8, 24,\u00a0Reglamento 170, RGCE 1.2.1., 1.6.13., 1.6.14., 1.6.15., 2.2.7., 3.1.3., 3.1.31., 4.3.1., 4.3.9.,\u00a04.3.19., 4.6.26., 6.1.1., 7.3.1.-VIII a la XIII, Anexo 1, 10, 15, 22<\/div>\n<div class=\"texto\"><\/div>\n<div class=\"texto\">\u00a0\u00a0\u00a0\u00a0\u00a0\u00a0\u00a0\u00a0\u00a0\u00a0\u00a0\u00a0\u00a0\u00a0Uso de carriles exclusivo\u00a0&#8220;FAST&#8221;<\/div>\n<div class=\"texto\">7.3.12.\u00a0\u00a0\u00a0\u00a0\u00a0Se deroga.<\/div>\n<div class=\"texto\">\u00a0\u00a0\u00a0\u00a0\u00a0\u00a0\u00a0\u00a0\u00a0\u00a0\u00a0\u00a0\u00a0\u00a0Requisitos para la aceptaci\u00f3n de la garant\u00eda<\/div>\n<div class=\"texto\">7.4.2.\u00a0\u00a0\u00a0\u00a0\u00a0\u00a0\u00a0&#8230;&#8230;&#8230;&#8230;&#8230;&#8230;&#8230;&#8230;&#8230;&#8230;&#8230;&#8230;&#8230;&#8230;&#8230;&#8230;&#8230;&#8230;&#8230;&#8230;&#8230;&#8230;&#8230;&#8230;&#8230;&#8230;&#8230;&#8230;&#8230;&#8230;&#8230;&#8230;&#8230;&#8230;&#8230;&#8230;&#8230;&#8230;&#8230;&#8230;&#8230;.<\/div>\n<div class=\"texto\">III.\u00a0\u00a0\u00a0\u00a0\u00a0No encontrarse al momento de ingresar la solicitud en el listado de empresas publicadas\u00a0por el SAT, en t\u00e9rminos de los art\u00edculos 69 con excepci\u00f3n de lo dispuesto en las\u00a0fracciones II y VI, y 69-B, cuarto p\u00e1rrafo del CFF.<\/div>\n<div class=\"texto\">\u00a0\u00a0\u00a0\u00a0\u00a0\u00a0\u00a0\u00a0\u00a0\u00a0\u00a0\u00a0\u00a0\u00a0&#8230;&#8230;&#8230;&#8230;&#8230;&#8230;&#8230;&#8230;&#8230;&#8230;&#8230;&#8230;&#8230;&#8230;&#8230;&#8230;&#8230;&#8230;&#8230;&#8230;&#8230;&#8230;&#8230;&#8230;&#8230;&#8230;&#8230;&#8230;&#8230;&#8230;&#8230;&#8230;&#8230;&#8230;&#8230;&#8230;&#8230;&#8230;&#8230;&#8230;&#8230;<\/div>\n<div class=\"texto\">\u00a0\u00a0\u00a0\u00a0\u00a0\u00a0\u00a0\u00a0\u00a0\u00a0\u00a0\u00a0\u00a0\u00a0Ley del IVA 28-A, Ley del IEPS 15-A, CFF 17-H-X, 28-III, IV, 69, 69-B, RGCE 1.2.1., 7.4.1.,\u00a07.4.7., Anexo 1, RMF 2.1.27., 2.8.1.6., y 2.8.1.7.<\/div>\n<div class=\"texto\">\u00a0\u00a0\u00a0\u00a0\u00a0\u00a0\u00a0\u00a0\u00a0\u00a0\u00a0\u00a0\u00a0\u00a0Renovaci\u00f3n de la fianza o la ampliaci\u00f3n de la vigencia de la carta de cr\u00e9dito<\/div>\n<div class=\"texto\">7.4.4.\u00a0\u00a0\u00a0\u00a0\u00a0\u00a0\u00a0Los contribuyentes que hubieran obtenido la aceptaci\u00f3n para garantizar el inter\u00e9s fiscal previsto\u00a0en las reglas 7.4.1., y 7.4.7., deber\u00e1n presentar a trav\u00e9s de la Ventanilla Digital la renovaci\u00f3n\u00a0de la fianza o la ampliaci\u00f3n de la vigencia de la carta de cr\u00e9dito, al menos 20 d\u00edas antes de la\u00a0fecha de vencimiento de la garant\u00eda, mediante el\u00a0&#8220;Formato \u00danico de Garant\u00edas en materia de\u00a0IVA e IEPS&#8221;.<\/div>\n<div class=\"texto\">\u00a0\u00a0\u00a0\u00a0\u00a0\u00a0\u00a0\u00a0\u00a0\u00a0\u00a0\u00a0\u00a0\u00a0&#8230;&#8230;&#8230;&#8230;&#8230;&#8230;&#8230;&#8230;&#8230;&#8230;&#8230;&#8230;&#8230;&#8230;&#8230;&#8230;&#8230;&#8230;&#8230;&#8230;&#8230;&#8230;&#8230;&#8230;&#8230;&#8230;&#8230;&#8230;&#8230;&#8230;&#8230;&#8230;&#8230;&#8230;&#8230;&#8230;&#8230;&#8230;&#8230;&#8230;&#8230;<\/div>\n<div class=\"texto\">\u00a0\u00a0\u00a0\u00a0\u00a0\u00a0\u00a0\u00a0\u00a0\u00a0\u00a0\u00a0\u00a0\u00a0RGCE 1.2.1., 7.4.1., 7.4.7., Anexo 1<\/div>\n<div class=\"texto\">\u00a0\u00a0\u00a0\u00a0\u00a0\u00a0\u00a0\u00a0\u00a0\u00a0\u00a0\u00a0\u00a0\u00a0Requisitos para la obtenci\u00f3n del Registro del Despacho de Mercanc\u00edas de las Empresas<\/div>\n<div class=\"texto\">7.5.1.\u00a0\u00a0\u00a0\u00a0\u00a0\u00a0\u00a0&#8230;&#8230;&#8230;&#8230;&#8230;&#8230;&#8230;&#8230;&#8230;&#8230;&#8230;&#8230;&#8230;&#8230;&#8230;&#8230;&#8230;&#8230;&#8230;&#8230;&#8230;&#8230;&#8230;&#8230;&#8230;&#8230;&#8230;&#8230;&#8230;&#8230;&#8230;&#8230;&#8230;&#8230;&#8230;&#8230;&#8230;&#8230;&#8230;&#8230;&#8230;.<\/div>\n<div class=\"texto\">V.\u00a0\u00a0\u00a0\u00a0\u00a0\u00a0No encontrarse al momento de ingresar la solicitud en el listado de empresas publicadas\u00a0por el SAT en t\u00e9rminos de los art\u00edculos 69 con excepci\u00f3n de lo dispuesto en la fracci\u00f3n\u00a0VI y 69-B, cuarto p\u00e1rrafo del CFF.<\/div>\n<div class=\"texto\">\u00a0\u00a0\u00a0\u00a0\u00a0\u00a0\u00a0\u00a0\u00a0\u00a0\u00a0\u00a0\u00a0\u00a0&#8230;&#8230;&#8230;&#8230;&#8230;&#8230;&#8230;&#8230;&#8230;&#8230;&#8230;&#8230;&#8230;&#8230;&#8230;&#8230;&#8230;&#8230;&#8230;&#8230;&#8230;&#8230;&#8230;&#8230;&#8230;&#8230;&#8230;&#8230;&#8230;&#8230;&#8230;&#8230;&#8230;&#8230;&#8230;&#8230;&#8230;&#8230;&#8230;&#8230;&#8230;.<\/div>\n<div class=\"texto\">\u00a0\u00a0\u00a0\u00a0\u00a0\u00a0\u00a0\u00a0\u00a0\u00a0\u00a0\u00a0\u00a0\u00a0Ley 59-I, 98, 100, LFD 40, 100, CFF 17-H-X, 28-III, IV, 69, 69-B, Reglamento 144-III, RGCE\u00a01.2.1., Anexo 1, RMF 2.1.27., 2.8.1.6., 2.8.1.7.<\/div>\n<div class=\"texto\">\u00a0\u00a0\u00a0\u00a0\u00a0\u00a0\u00a0\u00a0\u00a0\u00a0\u00a0\u00a0\u00a0\u00a0Requerimientos para las empresas que cuenten con el Registro del Despacho de\u00a0Mercanc\u00edas de las Empresas<\/div>\n<div class=\"texto\">7.5.3.\u00a0\u00a0\u00a0\u00a0\u00a0\u00a0\u00a0&#8230;&#8230;&#8230;&#8230;&#8230;&#8230;&#8230;&#8230;&#8230;&#8230;&#8230;&#8230;&#8230;&#8230;&#8230;&#8230;&#8230;&#8230;&#8230;&#8230;&#8230;&#8230;&#8230;&#8230;&#8230;&#8230;&#8230;&#8230;&#8230;&#8230;&#8230;&#8230;&#8230;&#8230;&#8230;&#8230;&#8230;&#8230;&#8230;&#8230;&#8230;.<\/div>\n<div class=\"texto\">II.\u00a0\u00a0\u00a0\u00a0\u00a0\u00a0Se ubique en la lista publicada por el SAT, en t\u00e9rminos de los art\u00edculos 69 con excepci\u00f3n\u00a0de lo dispuesto en la fracci\u00f3n VI y 69-B, cuarto p\u00e1rrafo, del CFF.<\/div>\n<div class=\"texto\">\u00a0\u00a0\u00a0\u00a0\u00a0\u00a0\u00a0\u00a0\u00a0\u00a0\u00a0\u00a0\u00a0\u00a0&#8230;&#8230;&#8230;&#8230;&#8230;&#8230;&#8230;&#8230;&#8230;&#8230;&#8230;&#8230;&#8230;&#8230;&#8230;&#8230;&#8230;&#8230;&#8230;&#8230;&#8230;&#8230;&#8230;&#8230;&#8230;&#8230;&#8230;&#8230;&#8230;&#8230;&#8230;&#8230;&#8230;&#8230;&#8230;&#8230;&#8230;&#8230;&#8230;&#8230;&#8230;<\/div>\n<div class=\"texto\">\u00a0\u00a0\u00a0\u00a0\u00a0\u00a0\u00a0\u00a0\u00a0\u00a0\u00a0\u00a0\u00a0\u00a0Ley 98, 100, CFF 17-H-X, 69, 69-B, 134, RGCE 7.5.1., 7.5.2., 7.5.5.<\/div>\n<div class=\"texto\">Tercero.\u00a0Se modifica el Anexo 1\u00a0&#8220;Formatos de Comercio Exterior&#8221;<\/div>\n<div class=\"texto\">I.\u00a0\u00a0\u00a0\u00a0\u00a0\u00a0Para modificar el Apartado A\u00a0&#8220;Autorizaciones&#8221;:<\/div>\n<div class=\"texto\">a)\u00a0\u00a0\u00a0Para modificar la respuesta al cuestionamiento \u00bfCu\u00e1ndo se presenta la solicitud de\u00a0autorizaci\u00f3n?, el inciso d), del cuestionamiento \u00bfC\u00f3mo se presenta?, y la respuesta al\u00a0cuestionamiento \u00bfEn qu\u00e9 plazo se emite la autorizaci\u00f3n?, todos del\u00a0&#8220;Instructivo de tr\u00e1mite\u00a0de la Autorizaci\u00f3n para importar mercanc\u00eda por \u00fanica vez, sin haber concluido el tr\u00e1mite de\u00a0inscripci\u00f3n o estando suspendidos en el padr\u00f3n de importadores, (Regla 1.3.5.)&#8221;, del\u00a0formato A4\u00a0&#8220;Autorizaci\u00f3n para importar mercanc\u00eda por \u00fanica vez, sin haber concluido el\u00a0tr\u00e1mite de inscripci\u00f3n o estando suspendidos en el padr\u00f3n de importadores, (Regla 1.3.5.)&#8221;.<\/div>\n<div class=\"texto\">b)\u00a0\u00a0\u00a0Para modificar el numeral 6 del Apartado\u00a0&#8220;Requisitos&#8221;\u00a0del\u00a0&#8220;Instructivo de tr\u00e1mite de la\u00a0autorizaci\u00f3n a personas f\u00edsicas para importar mercanc\u00eda por \u00fanica vez, sin estar inscrito en\u00a0el padr\u00f3n de importadores, (Regla 1.3.6.)&#8221;, del formato A5\u00a0&#8220;Autorizaci\u00f3n a personas f\u00edsicas\u00a0para importar mercanc\u00eda por \u00fanica vez, sin estar inscrito en el padr\u00f3n de importadores,\u00a0(Regla 1.3.6.)&#8221;.<\/div>\n<div class=\"texto\">c)\u00a0\u00a0\u00a0Para modificar el numeral 5 del Apartado\u00a0&#8220;Condiciones&#8221;\u00a0del\u00a0&#8220;Instructivo de tr\u00e1mite para la\u00a0inscripci\u00f3n en el padr\u00f3n de exportadores sectorial (Regla 1.3.7.)&#8221;, del formato A6\u00a0&#8220;Autorizaci\u00f3n de inscripci\u00f3n para el padr\u00f3n de exportadores sectorial (Regla 1.3.7.)&#8221;.<\/div>\n<div class=\"texto\"><\/div>\n<div class=\"texto\">II.\u00a0\u00a0\u00a0\u00a0\u00a0Para modificar el Apartado B\u00a0&#8220;Avisos&#8221;:<\/div>\n<div class=\"texto\">a)\u00a0\u00a0\u00a0Para modificar el formato B6\u00a0&#8220;Aviso \u00fanico de renovaci\u00f3n en el registro del despacho de\u00a0mercanc\u00edas&#8221;.<\/div>\n<div class=\"texto\">III.\u00a0\u00a0\u00a0\u00a0Para modificar el Apartado E\u00a0&#8220;Formatos&#8221;:<\/div>\n<div class=\"texto\">a)\u00a0\u00a0\u00a0Para modificar el formato E12\u00a0&#8220;Formato \u00danico de Garant\u00edas en materia de IVA e IEPS&#8221;.<\/div>\n<div class=\"texto\">IV.\u00a0\u00a0\u00a0\u00a0Para modificar el Apartado F\u00a0&#8220;Solicitudes&#8221;:<\/div>\n<div class=\"texto\">a)\u00a0\u00a0\u00a0Para modificar el formato F2\u00a0&#8220;Solicitud de registro del despacho de mercanc\u00edas de las\u00a0empresas&#8221;.<\/div>\n<div class=\"texto\">b)\u00a0\u00a0\u00a0Para modificar el formato F3\u00a0&#8220;Solicitud de Registro en el Esquema de Certificaci\u00f3n de\u00a0Empresas&#8221;, y el F3.1\u00a0&#8220;Instructivo de tr\u00e1mite para obtener el Registro en el Esquema de\u00a0Certificaci\u00f3n de Empresas en la modalidad IVA e IEPS&#8221;.<\/div>\n<div class=\"texto\">V.\u00a0\u00a0\u00a0\u00a0\u00a0Para modificar el Apartado G\u00a0&#8220;Pedimentos y Anexos&#8221;:<\/div>\n<div class=\"texto\">a)\u00a0\u00a0\u00a0Para modificar el formato G7\u00a0&#8220;Documento de operaci\u00f3n para despacho aduanero&#8221;.<\/div>\n<div class=\"texto\">Cuarto.\u00a0Se modifica el Anexo 1-A\u00a0&#8220;Tr\u00e1mites de Comercio Exterior&#8221;<\/div>\n<div class=\"texto\">I.\u00a0\u00a0\u00a0\u00a0\u00a0\u00a0Para modificar la\u00a0&#8220;Autoridad ante la que se presenta&#8221;, de las fichas 6\/LA\u00a0&#8220;Instructivo de tr\u00e1mite\u00a0para inscribirse en el Padr\u00f3n de Importadores de Sectores Espec\u00edficos (Regla 1.3.2., primer\u00a0p\u00e1rrafo)&#8221;\u00a0y 7\/LA\u00a0&#8220;Instructivo de tr\u00e1mite para dejar sin efectos la suspensi\u00f3n en el Padr\u00f3n de\u00a0Importadores y\/o Padr\u00f3n de Importadores de Sectores Espec\u00edficos (Regla 1.3.4., primer\u00a0p\u00e1rrafo)&#8221;.<\/div>\n<div class=\"texto\">II.\u00a0\u00a0\u00a0\u00a0\u00a0Para modificar los numerales 3, 5 y 6, inciso b), del Apartado\u00a0&#8220;Requisitos&#8221;, el numeral 4 del\u00a0Apartado\u00a0&#8220;Condiciones&#8221;y el Apartado\u00a0&#8220;Informaci\u00f3n Adicional&#8221;, de la ficha de tr\u00e1mite 6\/LA\u00a0&#8220;Instructivo de tr\u00e1mite para inscribirse en el Padr\u00f3n de Importadores de Sectores Espec\u00edficos\u00a0(Regla 1.3.2., primer p\u00e1rrafo)&#8221;.<\/div>\n<div class=\"texto\">III.\u00a0\u00a0\u00a0\u00a0Para modificar los numerales 4, 6 y 7, inciso b), del Apartado\u00a0&#8220;Requisitos&#8221;, el numeral 6 del\u00a0Apartado\u00a0&#8220;Condiciones&#8221;y el Apartado\u00a0&#8220;Informaci\u00f3n Adicional&#8221;, de la ficha de tr\u00e1mite 7\/LA\u00a0&#8220;Instructivo de tr\u00e1mite para dejar sin efectos la suspensi\u00f3n en el Padr\u00f3n de Importadores y\/o\u00a0Padr\u00f3n de Importadores de Sectores Espec\u00edficos (Regla 1.3.4., primer p\u00e1rrafo)&#8221;.<\/div>\n<div class=\"texto\">IV.\u00a0\u00a0\u00a0\u00a0Para modificar la ficha de tr\u00e1mite 10\/LA\u00a0&#8220;Instructivo de tr\u00e1mite para la autorizaci\u00f3n y pr\u00f3rroga\u00a0de mandatarios (Regla 1.4.3.)&#8221;.<\/div>\n<div class=\"texto\">V.\u00a0\u00a0\u00a0\u00a0\u00a0Para modificar los numerales 2 y 9 del Apartado\u00a0&#8220;Requisitos&#8221;\u00a0de la ficha de tr\u00e1mite 24\/LA\u00a0&#8220;Instructivo de tr\u00e1mite para prestar los servicios de prevalidaci\u00f3n electr\u00f3nica de datos\u00a0contenidos en los pedimentos (Regla 1.8.1.)&#8221;.<\/div>\n<div class=\"texto\">VI.\u00a0\u00a0\u00a0\u00a0Para modificar el inciso a), del numeral 4, de\u00a0&#8220;Requisitos&#8221;\u00a0del Apartado D de la ficha de tr\u00e1mite\u00a026\/LA\u00a0&#8220;Instructivo de tr\u00e1mite para despacho directo, acreditaci\u00f3n de representante legal y\u00a0auxiliares (Regla 1.10.1.)&#8221;.<\/div>\n<div class=\"texto\">VII.\u00a0\u00a0\u00a0Para derogar el numeral 1 del Apartado\u00a0&#8220;Requisitos&#8221;\u00a0de la ficha de tr\u00e1mite 66\/LA\u00a0&#8220;Instructivo de\u00a0tr\u00e1mite para la importaci\u00f3n temporal de mercanc\u00edas destinadas a la producci\u00f3n de filmaciones\u00a0(Regla 4.2.8., fracci\u00f3n II, primer p\u00e1rrafo)&#8221;.<\/div>\n<div class=\"texto\">VIII.\u00a0\u00a0Para derogar el numeral 2 del Apartado\u00a0&#8220;Requisitos&#8221;, as\u00ed como el numeral 2 del Apartado\u00a0&#8220;Condiciones&#8221;\u00a0de la ficha de tr\u00e1mite 67\/LA\u00a0&#8220;Instructivo de tr\u00e1mite para la importaci\u00f3n temporal\u00a0de veh\u00edculos especializados y medios de transporte que sean utilizados para producci\u00f3n de\u00a0filmaciones de la industria cinematogr\u00e1fica (Regla 4.2.8., fracci\u00f3n II, primer p\u00e1rrafo)&#8221;.<\/div>\n<div class=\"texto\">IX.\u00a0\u00a0\u00a0\u00a0Para adicionar un segundo p\u00e1rrafo al numeral 4 del Apartado de\u00a0&#8220;Condiciones&#8221;\u00a0y modificar el\u00a0numeral 1 del Apartado\u00a0&#8220;Informaci\u00f3n adicional&#8221;, de la ficha de tr\u00e1mite 83\/LA\u00a0&#8220;Instructivo para la\u00a0adici\u00f3n, modificaci\u00f3n y\/o exclusi\u00f3n de instalaciones para prestar el servicio de almacenamiento\u00a0de mercanc\u00edas en dep\u00f3sito fiscal y\/o colocar marbetes o precintos (Regla 4.5.2.)&#8221;.<\/div>\n<div class=\"texto\">X.\u00a0\u00a0\u00a0\u00a0\u00a0Para modificar el Apartado\u00a0&#8220;Informaci\u00f3n Adicional&#8221;\u00a0de la ficha de tr\u00e1mite 93\/LA\u00a0&#8220;Instructivo de\u00a0tr\u00e1mite para solicitar la autorizaci\u00f3n para importar temporalmente mercanc\u00edas de las fracciones\u00a0arancelarias listadas en el Anexo II del Decreto IMMEX y\/o en el Anexo 28 (Regla 7.1.2.,\u00a0s\u00e9ptimo p\u00e1rrafo)&#8221;.<\/div>\n<div class=\"texto\">XI.\u00a0\u00a0\u00a0\u00a0Para modificar el inciso c), del numeral 1, del Apartado\u00a0&#8220;Requisitos&#8221;\u00a0de la ficha de tr\u00e1mite 94\/LA\u00a0&#8220;Instructivo de tr\u00e1mite para obtener inscripci\u00f3n inmediata en el Registro en el Esquema de\u00a0Certificaci\u00f3n de Empresas bajo la modalidad de Comercializadora e Importadora, Operador\u00a0Econ\u00f3mico Autorizado o Socio Comercial Certificado (7.1.11.)&#8221;.<\/div>\n<div class=\"texto\"><\/div>\n<div class=\"texto\">XII.\u00a0\u00a0\u00a0Para modificar la ficha de tr\u00e1mite 99\/LA\u00a0&#8220;Instructivo de tr\u00e1mite para la acreditaci\u00f3n de invitados\u00a0permanentes ante el Consejo (Regla 1.11.1.)&#8221;.<\/div>\n<div class=\"texto\">XIII.\u00a0\u00a0Para adicionar la ficha de tr\u00e1mite 103\/LA\u00a0&#8220;Instructivo de tr\u00e1mite para obtener la autorizaci\u00f3n\u00a0para la importaci\u00f3n de menaje de casa que se encuentre en el extranjero de una persona que\u00a0fallezca (Regla 3.2.11.)&#8221;.<\/div>\n<div class=\"texto\">XIV.\u00a0Para adicionar la ficha de tr\u00e1mite 104\/LA\u00a0&#8220;Instructivo de tr\u00e1mite para solicitar el beneficio a que\u00a0se refiere la regla 3.1.38. (Regla 3.1.38.)&#8221;.<\/div>\n<div class=\"texto\">Quinto.\u00a0Se modifica el Anexo 4\u00a0&#8220;Horario de las aduanas&#8221;:<\/div>\n<div class=\"texto\">I.\u00a0\u00a0\u00a0\u00a0\u00a0\u00a0Para\u00a0modificar el horario en el que opera la Aduana de Ensenada.<\/div>\n<div class=\"texto\">II.\u00a0\u00a0\u00a0\u00a0\u00a0Para modificar el horario en el que opera la Aduana de Guadalajara.<\/div>\n<div class=\"texto\">III.\u00a0\u00a0\u00a0\u00a0Para adicionar la Secci\u00f3n Aduanera del Aeropuerto Internacional de Tapachula a la Aduana de\u00a0Ciudad Hidalgo.<\/div>\n<div class=\"texto\">IV.\u00a0\u00a0\u00a0\u00a0Para modificar el horario en el que opera la Aduana de Progreso.<\/div>\n<div class=\"texto\">Sexto.\u00a0Se adiciona el Ap\u00e9ndice 1\u00a0&#8220;REGLAS DE OPERACI\u00d3N DEL CONSEJO DE CLASIFICACI\u00d3N\u00a0ARANCELARIA&#8221;\u00a0al Anexo 6\u00a0&#8220;Criterios de Clasificaci\u00f3n Arancelaria&#8221;.<\/div>\n<div class=\"texto\">S\u00e9ptimo.\u00a0Se modifica el Anexo 10\u00a0&#8220;Sectores y fracciones arancelarias&#8221;:<\/div>\n<div class=\"texto\">I.\u00a0\u00a0\u00a0\u00a0\u00a0\u00a0Para modificar la denominaci\u00f3n del Sector 13\u00a0&#8220;Hidrocarburos&#8221;\u00a0del Apartado A\u00a0&#8220;Padr\u00f3n de\u00a0Importadores de Sectores Espec\u00edficos, para quedar como Sector 13\u00a0&#8220;Hidrocarburos y\u00a0Combustibles&#8221;.<\/div>\n<div class=\"texto\">II.\u00a0\u00a0\u00a0\u00a0\u00a0Para adicionar las fracciones arancelarias 2207.10.01 y 2207.20.01, al Sector 13\u00a0&#8220;Hidrocarburos y Combustibles&#8221;, del Apartado A\u00a0&#8220;Padr\u00f3n de Importadores de Sectores\u00a0Espec\u00edficos&#8221;.<\/div>\n<div class=\"texto\">III.\u00a0\u00a0\u00a0\u00a0Para adicionar la referencia indicativa a los Sectores 12\u00a0&#8220;Alcohol Et\u00edlico&#8221;\u00a0y 13\u00a0&#8220;Hidrocarburos y\u00a0Combustibles&#8221;, del Apartado A\u00a0&#8220;Padr\u00f3n de Importadores de Sectores Espec\u00edficos&#8221;.<\/div>\n<div class=\"texto\">IV.\u00a0\u00a0\u00a0\u00a0Para eliminar las fracciones arancelarias 7210.49.01, 7210.49.02 y 7210.49.04, del Sector 15\u00a0&#8220;Productos Sider\u00fargicos&#8221;, del Apartado A\u00a0&#8220;Padr\u00f3n de Importadores de Sectores Espec\u00edficos&#8221;.<\/div>\n<div class=\"texto\">Octavo.\u00a0Se modifica el Anexo 21\u00a0&#8220;Aduanas autorizadas para tramitar el despacho aduanero de\u00a0determinado tipo de mercanc\u00edas&#8221;:<\/div>\n<div class=\"texto\">I.\u00a0\u00a0\u00a0\u00a0\u00a0\u00a0Para modificar el primer p\u00e1rrafo de la fracci\u00f3n VI, del Apartado A.<\/div>\n<div class=\"texto\">II.\u00a0\u00a0\u00a0\u00a0\u00a0Para adicionar la aduana de Ciudad Camargo, a la fracci\u00f3n VI, del Apartado A.<\/div>\n<div class=\"texto\">Noveno.\u00a0Se modifica el Anexo 22\u00a0&#8220;Instructivo para el llenado del Pedimento&#8221;:<\/div>\n<div class=\"texto\">I.\u00a0\u00a0\u00a0\u00a0\u00a0\u00a0Para derogar el numeral 50 de la columna\u00a0&#8220;Aduana&#8221;, con denominaci\u00f3n SONORA, PITIQUITO,\u00a0SONORA, del Ap\u00e9ndice 1\u00a0&#8220;ADUANA-SECCION&#8221;.<\/div>\n<div class=\"texto\">II.\u00a0\u00a0\u00a0\u00a0\u00a0Para modificar la clave y supuesto de aplicaci\u00f3n de la clave\u00a0&#8220;BA&#8221;, del Apartado\u00a0&#8220;TEMPORALES&#8221;\u00a0del Ap\u00e9ndice 2\u00a0&#8220;Claves de Pedimento&#8221;.<\/div>\n<div class=\"texto\">III.\u00a0\u00a0\u00a0\u00a0Para modificar el Ap\u00e9ndice 6\u00a0&#8220;RECINTOS FISCALIZADOS&#8221;:<\/div>\n<div class=\"texto\">a)\u00a0\u00a0\u00a0Para suprimir el recinto fiscalizado\u00a0&#8220;M\u00e9xico Cargo Handling, S.A. de C.V.&#8221;, con clave 5, de\u00a0la aduana del Aeropuerto Internacional de la Ciudad de M\u00e9xico.<\/div>\n<div class=\"texto\">b)\u00a0\u00a0\u00a0Para incluir el recinto fiscalizado\u00a0&#8220;M\u00e9xico Cargo Handling, S.A. de C.V.&#8221;, con clave 266, a la\u00a0aduana del Aeropuerto Internacional de la Ciudad de M\u00e9xico.<\/div>\n<div class=\"texto\">c)\u00a0\u00a0\u00a0Para suprimir el recinto fiscalizado\u00a0&#8220;Corporativo de Servicios del Sureste, S.A. de C.V.&#8221;,\u00a0con clave 155, de la Aduana de Ciudad Hidalgo.<\/div>\n<div class=\"texto\">d)\u00a0\u00a0\u00a0Para incluir el recinto fiscalizado\u00a0&#8220;GTO Logistics Center, S.A. de C.V.&#8221;, con clave 265, a la\u00a0aduana de Guanajuato.<\/div>\n<div class=\"texto\">e)\u00a0\u00a0\u00a0Para suprimir el recinto fiscalizado\u00a0&#8220;Consultores de Log\u00edstica en Comercio Exterior, S.A. de\u00a0C.V.&#8221;, con clave 212, de la aduana de Piedras Negras.<\/div>\n<div class=\"texto\">f)\u00a0\u00a0\u00a0\u00a0Para incluir el recinto fiscalizado\u00a0&#8220;Consultores de Log\u00edstica en Comercio Exterior, S.A. de\u00a0C.V.&#8221;, con clave 267, a la aduana de Piedras Negras.<\/div>\n<div class=\"texto\">g)\u00a0\u00a0\u00a0Para incluir el recinto fiscalizado\u00a0&#8220;Cargo RF, S.A. de C.V.&#8221;, con clave 264, a la aduana de\u00a0Progreso.<\/div>\n<div class=\"texto\"><\/div>\n<div class=\"texto\">h)\u00a0\u00a0\u00a0Para suprimir el recinto fiscalizado\u00a0&#8220;Terminal Logistic, S.A. de C.V.&#8221;, con clave 258, de la\u00a0aduana de Quer\u00e9taro.<\/div>\n<div class=\"texto\">i)\u00a0\u00a0\u00a0\u00a0Para incluir la aduana de Tijuana, as\u00ed como el recinto fiscalizado\u00a0&#8220;Carga A\u00e9rea Matrix,\u00a0S.\u00a0de R.L. de C.V.&#8221;, con clave 269.<\/div>\n<div class=\"texto\">j)\u00a0\u00a0\u00a0\u00a0Para modificar el recinto fiscalizado\u00a0&#8220;Federal Express Holdings (M\u00e9xico) y Compa\u00f1\u00eda,\u00a0S.N.C. de C.V.&#8221;\u00a0para quedar como\u00a0&#8220;Federal Express Holdings (M\u00e9xico) y Compa\u00f1\u00eda,\u00a0Sociedad en Nombre Colectivo de Capital Variable&#8221;, con clave 57, de la aduana de Toluca.<\/div>\n<div class=\"texto\">IV.\u00a0\u00a0\u00a0\u00a0Para modificar el Ap\u00e9ndice 8\u00a0&#8220;IDENTIFICADORES&#8221;:<\/div>\n<div class=\"texto\">a)\u00a0\u00a0\u00a0Para modificar el numeral 22, del\u00a0&#8220;Complemento 1&#8221;, de la Clave\u00a0&#8220;DT&#8221;.<\/div>\n<div class=\"texto\">b)\u00a0\u00a0\u00a0Para modificar el identificador\u00a0&#8220;FT&#8221;.<\/div>\n<div class=\"texto\">c)\u00a0\u00a0\u00a0Para modificar el\u00a0&#8220;Complemento 1&#8221;, de la Clave\u00a0&#8220;HC&#8221;.<\/div>\n<div class=\"texto\">d)\u00a0\u00a0\u00a0Para modificar el Supuesto de Aplicaci\u00f3n de la Clave\u00a0&#8220;MA&#8221;.<\/div>\n<div class=\"texto\">e)\u00a0\u00a0\u00a0Para derogar la Clave\u00a0&#8220;RE&#8221;.<\/div>\n<div class=\"texto\">f)\u00a0\u00a0\u00a0\u00a0Para modificar la Clave\u00a0&#8220;RP&#8221;.<\/div>\n<div class=\"texto\">g)\u00a0\u00a0\u00a0Para modificar el numeral 22, del\u00a0&#8220;Complemento 1&#8221;\u00a0de la Clave\u00a0&#8220;ST&#8221;.<\/div>\n<div class=\"texto\">h)\u00a0\u00a0\u00a0Para modificar el numeral 4, del\u00a0&#8220;Complemento 1&#8221;\u00a0de la Clave\u00a0&#8220;TD&#8221;.<\/div>\n<div class=\"texto\">i)\u00a0\u00a0\u00a0\u00a0Para derogar la Clave\u00a0&#8220;TF&#8221;.<\/div>\n<div class=\"texto\">j)\u00a0\u00a0\u00a0\u00a0Para modificar el Supuesto de Aplicaci\u00f3n de la Clave\u00a0&#8220;VF&#8221;.<\/div>\n<div class=\"texto\">V.\u00a0\u00a0\u00a0\u00a0\u00a0Para modificar el Ap\u00e9ndice 21\u00a0&#8220;RECINTOS FISCALIZADOS ESTRATEGICOS&#8221;:<\/div>\n<div class=\"texto\">a)\u00a0\u00a0\u00a0Para incluir como inmueble habilitado para recinto fiscalizado estrat\u00e9gico a\u00a0&#8220;Chronos\u00a0Almacenaje, S.A. de C.V.&#8221;, en la aduana de Aguascalientes.<\/div>\n<div class=\"texto\">b)\u00a0\u00a0\u00a0Para incluir como inmueble habilitado para recinto fiscalizado estrat\u00e9gico a\u00a0&#8220;Gobierno de\u00a0Zacatecas&#8221;, en la aduana de Aguascalientes.<\/div>\n<div class=\"texto\">c)\u00a0\u00a0\u00a0Para incluir como inmueble habilitado para recinto fiscalizado estrat\u00e9gico a\u00a0&#8220;Comercializadora Sysexporta, S.A. de C.V.&#8221;, en la aduana de Altamira.<\/div>\n<div class=\"texto\">d)\u00a0\u00a0\u00a0Para suprimir el inmueble habilitado para recinto fiscalizado estrat\u00e9gico\u00a0&#8220;Corporaci\u00f3n\u00a0Inmobiliaria San Jer\u00f3nimo, S. de R.L. de CV&#8221;, de la aduana de Ciudad Ju\u00e1rez.<\/div>\n<div class=\"texto\">e)\u00a0\u00a0\u00a0Para incluir en la columna\u00a0&#8220;Aduana&#8221;\u00a0a la Aduana de Colombia, as\u00ed como el inmueble\u00a0habilitado para recinto fiscalizado estrat\u00e9gico a\u00a0&#8220;Mex Securit, S.A. de C.V.&#8221;.<\/div>\n<div class=\"texto\">f)\u00a0\u00a0\u00a0\u00a0Para incluir en la columna\u00a0&#8220;Aduana&#8221;\u00a0a la Aduana de Guanajuato, as\u00ed como el inmueble\u00a0habilitado para recinto fiscalizado estrat\u00e9gico a\u00a0&#8220;Recinto Estrat\u00e9gico Santa Fe, S. de R.L.\u00a0de C.V.&#8221;.<\/div>\n<div class=\"texto\">g)\u00a0\u00a0\u00a0Para incluir en la columna\u00a0&#8220;Aduana&#8221;\u00a0a la Aduana de Manzanillo, as\u00ed como el inmueble\u00a0habilitado para recinto fiscalizado estrat\u00e9gico a\u00a0&#8220;Sukarga, S.A. de C.V.&#8221;.<\/div>\n<div class=\"texto\">h)\u00a0\u00a0\u00a0Para incluir en la columna\u00a0&#8220;Aduana&#8221;\u00a0a la Aduana de Mexicali, as\u00ed como los inmuebles\u00a0habilitados para recinto fiscalizado estrat\u00e9gico a\u00a0&#8220;International Supply Chain Solutions and\u00a0Outsourcing, S de R.L. de C.V.&#8221;\u00a0y a\u00a0&#8220;International Supply Chain Solutions and Outsourcing,\u00a0S.A.\u00a0de C.V.&#8221;.<\/div>\n<div class=\"texto\">i)\u00a0\u00a0\u00a0\u00a0Para incluir en la columna\u00a0&#8220;Aduana&#8221;\u00a0a la Aduana de M\u00e9xico, as\u00ed como el inmueble\u00a0habilitado para recinto fiscalizado estrat\u00e9gico a\u00a0&#8220;AMZ Operadora de Comercio de M\u00e9xico,\u00a0S. de R.L. de C.V.&#8221;.<\/div>\n<div class=\"texto\">j)\u00a0\u00a0\u00a0\u00a0Para incluir en la columna\u00a0&#8220;Aduana&#8221;\u00a0a la Aduana de Monterrey, as\u00ed como el inmueble\u00a0habilitado para recinto fiscalizado estrat\u00e9gico a\u00a0&#8220;M\u00e1ximum Grandeur, S.A. de C.V.&#8221;.<\/div>\n<div class=\"texto\">k)\u00a0\u00a0\u00a0Para incluir en la columna\u00a0&#8220;Aduana&#8221;\u00a0a la Aduana de Subteniente L\u00f3pez, as\u00ed como el\u00a0inmueble habilitado para recinto fiscalizado estrat\u00e9gico a\u00a0&#8220;Gobierno del Estado Libre y\u00a0Soberano de Quintana Roo&#8221;.<\/div>\n<div class=\"texto\">VI.\u00a0\u00a0\u00a0\u00a0Para modificar el primer p\u00e1rrafo del Apartado A del Ap\u00e9ndice 22\u00a0&#8220;CARACTERISTICAS\u00a0TECNOLOGICAS DE DISPOSITIVOS CON TECNOLOG\u00cdA DE RADIOFRECUENCIA&#8221;.<\/div>\n<div class=\"texto\"><\/div>\n<div class=\"texto\">D\u00e9cimo.\u00a0Se modifica el Anexo 27\u00a0&#8220;Fracciones arancelarias de la TIGIE, por cuya importaci\u00f3n no se est\u00e1\u00a0obligado al pago del IVA&#8221;:<\/div>\n<div class=\"texto\">I.\u00a0\u00a0\u00a0\u00a0\u00a0\u00a0Para modificar su denominaci\u00f3n para quedar como\u00a0&#8220;Fracciones arancelarias de la TIGIE, por\u00a0cuya importaci\u00f3n no se est\u00e1 obligado al pago del IVA, de conformidad con el art\u00edculo 25,\u00a0fracci\u00f3n III, en relaci\u00f3n con el art\u00edculo 2-A, fracci\u00f3n I de la Ley del IVA&#8221;.<\/div>\n<div class=\"texto\">II.\u00a0\u00a0\u00a0\u00a0\u00a0Para adicionar las fracciones arancelarias 1210.10.01 y 1210.20.01 al cap\u00edtulo 12\u00a0&#8220;Semillas y\u00a0frutos oleaginosos; semillas y frutos diversos; plantas industriales o medicinales; paja y forraje&#8221;.<\/div>\n<div class=\"texto\">III.\u00a0\u00a0\u00a0\u00a0Para adicionar la fracci\u00f3n arancelaria 1601.00.02, al cap\u00edtulo 16\u00a0&#8220;Preparaciones de carne,\u00a0pescado o de crust\u00e1ceos, moluscos o dem\u00e1s invertebrados acu\u00e1ticos&#8221;.<\/div>\n<div class=\"texto\">IV.\u00a0\u00a0\u00a0\u00a0Para modificar el\u00a0&#8220;fundamento Jur\u00eddico Ley del IVA, art\u00edculo&#8221;, de la fracci\u00f3n arancelaria\u00a03002.90.03 del cap\u00edtulo 30\u00a0&#8220;Productos farmac\u00e9uticos&#8221;.<\/div>\n<div class=\"texto\">D\u00e9cimo primero.\u00a0Se adiciona el Anexo 29\u00a0&#8220;Fracciones arancelarias que no pueden destinarse a los\u00a0reg\u00edmenes temporal de importaci\u00f3n para elaboraci\u00f3n, transformaci\u00f3n o reparaci\u00f3n en programas de maquila o\u00a0de exportaci\u00f3n; de Dep\u00f3sito fiscal; de Elaboraci\u00f3n, transformaci\u00f3n o reparaci\u00f3n en recinto fiscalizado; y de\u00a0Recinto fiscalizado estrat\u00e9gico&#8221;.<\/div>\n<div class=\"ANOTACION\">Transitorio<\/div>\n<div class=\"texto\">\u00danico.\u00a0La presente resoluci\u00f3n entrar\u00e1 en vigor al d\u00eda siguiente de su publicaci\u00f3n, con excepci\u00f3n de lo\u00a0siguiente:<\/div>\n<div class=\"texto\">I.\u00a0\u00a0\u00a0\u00a0\u00a0Para efectos de la regla 1.1.2., lo dispuesto en las siguientes reglas de acuerdo a su publicaci\u00f3n en el\u00a0Portal del SAT el 1 de junio de 2018, ser\u00e1n aplicables a partir del:<\/div>\n<div class=\"texto\">a)\u00a0\u00a0\u00a0\u00a0\u00a04 de junio de 2018:<\/div>\n<div class=\"texto\">i)\u00a0\u00a0\u00a0\u00a0\u00a0La modificaci\u00f3n a la fracci\u00f3n VII, de la regla 1.7.3.<\/div>\n<div class=\"texto\">ii)\u00a0\u00a0\u00a0\u00a0\u00a0La modificaci\u00f3n del cuarto y sexto p\u00e1rrafos de la regla 1.11.2.<\/div>\n<div class=\"texto\">iii)\u00a0\u00a0\u00a0\u00a0La adici\u00f3n de la regla 3.2.11.<\/div>\n<div class=\"texto\">iv)\u00a0\u00a0\u00a0\u00a0La adici\u00f3n de un segundo p\u00e1rrafo a la fracci\u00f3n I, de la regla 4.6.19.<\/div>\n<div class=\"texto\">v)\u00a0\u00a0\u00a0\u00a0\u00a0El Resolutivo Cuarto, fracciones XII y XIII.<\/div>\n<div class=\"texto\">vi)\u00a0\u00a0\u00a0\u00a0El Resolutivo Sexto.<\/div>\n<div class=\"texto\">vii)\u00a0\u00a0\u00a0El Resolutivo D\u00e9cimo, fracciones I, II y IV.<\/div>\n<div class=\"texto\">II.\u00a0\u00a0\u00a0\u00a0Para efectos de la regla 1.1.2., lo dispuesto en las siguientes reglas de acuerdo a su publicaci\u00f3n en el\u00a0Portal del SAT el 13 de julio de 2018, ser\u00e1n aplicables a partir del:<\/div>\n<div class=\"texto\">a)\u00a0\u00a0\u00a0\u00a0\u00a016 de julio de 2018:<\/div>\n<div class=\"texto\">i)\u00a0\u00a0\u00a0\u00a0\u00a0La modificaci\u00f3n de la regla 1.4.3.<\/div>\n<div class=\"texto\">ii)\u00a0\u00a0\u00a0\u00a0\u00a0El Resolutivo Cuarto, fracciones\u00a0IV y IX.<\/div>\n<div class=\"texto\">III.\u00a0\u00a0\u00a0\u00a0Trat\u00e1ndose de la mercanc\u00eda clasificada en las fracciones arancelarias 2711.12.01 y 2711.19.01, que\u00a0hubiese ingresado al territorio nacional por lugar distinto al autorizado para destinarla al r\u00e9gimen aduanero de\u00a0dep\u00f3sito fiscal, con anterioridad a la entrada en vigor de la modificaci\u00f3n de la regla 2.4.1., segundo p\u00e1rrafo, al\u00a0amparo de la autorizaci\u00f3n vigente emitida por la autoridad competente, se permitir\u00e1 su retiro del lugar de\u00a0almacenamiento en t\u00e9rminos del art\u00edculo 120 de la Ley y dem\u00e1s disposiciones aplicables.<\/div>\n<div class=\"texto\">IV.\u00a0\u00a0\u00a0La adici\u00f3n de la regla 4.3.21., entrar\u00e1 en vigor el 1 de noviembre de 2018.<\/div>\n<div class=\"texto\">V.\u00a0\u00a0\u00a0\u00a0Para efectos de las fichas de tr\u00e1mite 6\/LA y 7\/LA, los contribuyentes que hayan sido inscritos en el\u00a0Sector 13\u00a0&#8220;Hidrocarburos y Combustibles&#8221;\u00a0respecto de mercanc\u00eda amparada en una o m\u00e1s fracciones\u00a0arancelarias y requieran presentar una nueva solicitud para la importaci\u00f3n de mercanc\u00edas amparadas en otras\u00a0fracciones arancelarias del mismo sector, deber\u00e1n presentar su solicitud mediante\u00a0el caso de aclaraci\u00f3n\u00a0denominado INSCRIPCION_PGIYSE_EXS, previsto en la referida ficha de tr\u00e1mite 6\/LA, para lo cual se\u00a0deber\u00e1 anexar la documentaci\u00f3n soporte que corresponda en los t\u00e9rminos de la ficha indicada, lo anterior\u00a0hasta en tanto el sistema contenido en el Apartado de: Tr\u00e1mites\/RFC\/Importadores y Sectores Espec\u00edficos,\u00a0permita su presentaci\u00f3n por dicho medio.<\/div>\n<div class=\"texto\">Atentamente,<\/div>\n<div class=\"texto\">Ciudad de M\u00e9xico, a 11 de septiembre de 2018.-\u00a0El Jefe del Servicio de Administraci\u00f3n Tributaria,<\/div>\n<div class=\"texto\">Osvaldo Antonio Sant\u00edn Quiroz.- R\u00fabrica.<\/div>\n<div class=\"ANOTACION\">ANEXO 1 DE LAS REGLAS GENERALES DE COMERCIO EXTERIOR PARA 2018<\/div>\n<div class=\"Texto\">Formatos de Comercio Exterior<\/div>\n<div class=\"Texto\">Contenido<\/div>\n<div class=\"ROMANOS\">A.\u00a0\u00a0\u00a0\u00a0Autorizaciones.<\/div>\n<div class=\"ROMANOS\">B.\u00a0\u00a0\u00a0\u00a0Avisos.<\/div>\n<div class=\"ROMANOS\">&#8230;&#8230;&#8230;&#8230;&#8230;&#8230;&#8230;&#8230;&#8230;&#8230;&#8230;&#8230;&#8230;&#8230;&#8230;&#8230;&#8230;&#8230;&#8230;&#8230;&#8230;&#8230;&#8230;&#8230;&#8230;&#8230;&#8230;&#8230;&#8230;&#8230;&#8230;&#8230;&#8230;&#8230;&#8230;&#8230;&#8230;&#8230;&#8230;&#8230;&#8230;&#8230;&#8230;&#8230;&#8230;&#8230;&#8230;&#8230;&#8230;&#8230;&#8230;&#8230;&#8230;&#8230;&#8230;&#8230;.<\/div>\n<div class=\"ROMANOS\">E.\u00a0\u00a0\u00a0\u00a0Formatos.<\/div>\n<div class=\"ROMANOS\">F.\u00a0\u00a0\u00a0\u00a0Solicitudes.<\/div>\n<div class=\"Texto\">G.\u00a0\u00a0\u00a0\u00a0Pedimentos y Anexos.<\/div>\n<table>\n<tbody>\n<tr>\n<td colspan=\"2\">\n<div class=\"Texto\">Referencias<br \/>\nindicativas<\/div>\n<\/td>\n<td>\n<div class=\"Texto\">A. Autorizaciones<\/div>\n<div class=\"Texto\">Nombre de la Autorizaci\u00f3n<\/div>\n<\/td>\n<td colspan=\"2\">\n<div class=\"Texto\">Autoridad ante la<br \/>\nque se presenta<\/div>\n<\/td>\n<td>\n<div class=\"Texto\">Medio de<br \/>\npresentaci\u00f3n<\/div>\n<\/td>\n<\/tr>\n<tr>\n<td colspan=\"2\">\n<div class=\"Texto\">&#8230;&#8230;&#8230;&#8230;&#8230;&#8230;&#8230;.<\/div>\n<\/td>\n<td>\n<div class=\"Texto\">&#8230;&#8230;&#8230;&#8230;&#8230;&#8230;&#8230;&#8230;&#8230;&#8230;&#8230;&#8230;&#8230;&#8230;&#8230;&#8230;&#8230;&#8230;&#8230;&#8230;&#8230;&#8230;&#8230;&#8230;&#8230;..<\/div>\n<\/td>\n<td colspan=\"2\">\n<div class=\"Texto\">&#8230;&#8230;&#8230;&#8230;&#8230;&#8230;&#8230;&#8230;&#8230;..<\/div>\n<\/td>\n<td>\n<div class=\"Texto\">&#8230;&#8230;&#8230;&#8230;&#8230;&#8230;&#8230;&#8230;&#8230;.<\/div>\n<\/td>\n<\/tr>\n<tr>\n<td colspan=\"2\">\n<div class=\"Texto\">A4.<\/div>\n<\/td>\n<td>\n<div class=\"Texto\">Autorizaci\u00f3n para importar mercanc\u00eda por \u00fanica vez, sinhaber concluido el tr\u00e1mite de inscripci\u00f3n o estandosuspendidos en el padr\u00f3n de importadores, (Regla1.3.5.).<\/div>\n<\/td>\n<td colspan=\"2\">\n<div class=\"Texto\">ACOA<\/div>\n<\/td>\n<td>\n<div class=\"Texto\">Escrito libre<\/div>\n<\/td>\n<\/tr>\n<tr>\n<td colspan=\"2\">\n<div class=\"Texto\">A5.<\/div>\n<\/td>\n<td>\n<div class=\"Texto\">Autorizaci\u00f3n a personas f\u00edsicas para importar\u00a0mercanc\u00eda por \u00fanica vez, sin estar inscrito en el padr\u00f3n\u00a0de importadores, (Regla 1.3.6.).<\/div>\n<\/td>\n<td colspan=\"2\">\n<div class=\"Texto\">ACNCEA \/ ADJ<\/div>\n<div class=\"Texto\">que corresponda<\/div>\n<\/td>\n<td>\n<div class=\"Texto\">Escrito libre<\/div>\n<\/td>\n<\/tr>\n<tr>\n<td colspan=\"2\">\n<div class=\"Texto\">A6.<\/div>\n<\/td>\n<td>\n<div class=\"Texto\">Autorizaci\u00f3n de inscripci\u00f3n para el padr\u00f3n deexportadores sectorial (Regla 1.3.7.).<\/div>\n<\/td>\n<td colspan=\"2\">\n<div class=\"Texto\">ACIA\/ADSC<\/div>\n<\/td>\n<td>\n<div class=\"Texto\">Escrito libre<\/div>\n<\/td>\n<\/tr>\n<tr>\n<td>\n<div class=\"Texto\"><\/div>\n<\/td>\n<td colspan=\"2\">\n<div class=\"Texto\">B. Avisos<\/div>\n<div class=\"Texto\">Nombre del Aviso<\/div>\n<\/td>\n<td>\n<div class=\"Texto\"><\/div>\n<\/td>\n<td colspan=\"2\">\n<div class=\"Texto\"><\/div>\n<\/td>\n<\/tr>\n<tr>\n<td>\n<div class=\"Texto\">&#8230;&#8230;&#8230;&#8230;&#8230;.<\/div>\n<\/td>\n<td colspan=\"2\">\n<div class=\"Texto\">&#8230;&#8230;&#8230;&#8230;&#8230;&#8230;&#8230;&#8230;&#8230;&#8230;&#8230;&#8230;&#8230;&#8230;&#8230;&#8230;&#8230;&#8230;&#8230;&#8230;&#8230;<\/div>\n<\/td>\n<td>\n<div class=\"Texto\">&#8230;&#8230;&#8230;&#8230;&#8230;&#8230;&#8230;&#8230;<\/div>\n<\/td>\n<td colspan=\"2\">\n<div class=\"Texto\">&#8230;&#8230;&#8230;&#8230;&#8230;&#8230;&#8230;<\/div>\n<\/td>\n<\/tr>\n<tr>\n<td>\n<div class=\"Texto\">B6.<\/div>\n<\/td>\n<td colspan=\"2\">\n<div class=\"Texto\">Aviso \u00fanico de renovaci\u00f3n en el registro del despacho<br \/>\nde mercanc\u00edas.<\/div>\n<\/td>\n<td>\n<div class=\"Texto\">AGACE<\/div>\n<\/td>\n<td colspan=\"2\">\n<div class=\"Texto\">Ventanilla Digital<\/div>\n<\/td>\n<\/tr>\n<tr>\n<td>\n<div class=\"Texto\">&#8230;&#8230;&#8230;&#8230;&#8230;.<\/div>\n<\/td>\n<td colspan=\"2\">\n<div class=\"Texto\">&#8230;&#8230;&#8230;&#8230;&#8230;&#8230;&#8230;&#8230;&#8230;&#8230;&#8230;&#8230;&#8230;&#8230;&#8230;&#8230;&#8230;&#8230;&#8230;&#8230;&#8230;<\/div>\n<\/td>\n<td>\n<div class=\"Texto\">&#8230;&#8230;&#8230;&#8230;&#8230;&#8230;&#8230;&#8230;<\/div>\n<\/td>\n<td colspan=\"2\">\n<div class=\"Texto\">&#8230;&#8230;&#8230;&#8230;&#8230;&#8230;&#8230;<\/div>\n<\/td>\n<\/tr>\n<tr>\n<td colspan=\"2\">\n<div class=\"Texto\"><\/div>\n<\/td>\n<td>\n<div class=\"Texto\">E. Formatos<\/div>\n<div class=\"Texto\">Nombre del Formato<\/div>\n<\/td>\n<td colspan=\"2\">\n<div class=\"Texto\"><\/div>\n<\/td>\n<td>\n<div class=\"Texto\"><\/div>\n<\/td>\n<\/tr>\n<tr>\n<td colspan=\"2\">\n<div class=\"Texto\">&#8230;&#8230;&#8230;&#8230;&#8230;&#8230;&#8230;.<\/div>\n<\/td>\n<td>\n<div class=\"Texto\">&#8230;&#8230;&#8230;&#8230;&#8230;&#8230;&#8230;&#8230;&#8230;&#8230;&#8230;&#8230;&#8230;&#8230;&#8230;&#8230;&#8230;&#8230;&#8230;&#8230;&#8230;&#8230;&#8230;&#8230;&#8230;..<\/div>\n<\/td>\n<td colspan=\"2\">\n<div class=\"Texto\">&#8230;&#8230;&#8230;&#8230;&#8230;&#8230;&#8230;&#8230;&#8230;..<\/div>\n<\/td>\n<td>\n<div class=\"Texto\">&#8230;&#8230;&#8230;&#8230;&#8230;&#8230;&#8230;&#8230;&#8230;.<\/div>\n<\/td>\n<\/tr>\n<tr>\n<td colspan=\"2\">\n<div class=\"Texto\">E12.<\/div>\n<\/td>\n<td>\n<div class=\"Texto\">Formato \u00danico de Garant\u00edas en materia de IVA e IEPS.<\/div>\n<\/td>\n<td colspan=\"2\">\n<div class=\"Texto\">AGACE<\/div>\n<\/td>\n<td>\n<div class=\"Texto\">Ventanilla Digital<\/div>\n<\/td>\n<\/tr>\n<tr>\n<td colspan=\"2\">\n<div class=\"Texto\">&#8230;&#8230;&#8230;&#8230;&#8230;&#8230;<\/div>\n<\/td>\n<td>\n<div class=\"Texto\">&#8230;&#8230;&#8230;&#8230;&#8230;&#8230;&#8230;&#8230;&#8230;&#8230;&#8230;&#8230;&#8230;&#8230;&#8230;&#8230;&#8230;&#8230;&#8230;&#8230;&#8230;<\/div>\n<\/td>\n<td colspan=\"2\">\n<div class=\"Texto\">&#8230;&#8230;&#8230;&#8230;&#8230;&#8230;&#8230;&#8230;<\/div>\n<\/td>\n<td>\n<div class=\"Texto\">&#8230;&#8230;&#8230;&#8230;&#8230;&#8230;&#8230;&#8230;<\/div>\n<\/td>\n<\/tr>\n<tr>\n<td colspan=\"2\">\n<div class=\"Texto\"><\/div>\n<\/td>\n<td>\n<div class=\"Texto\">F. Solicitudes<\/div>\n<div class=\"Texto\">Nombre de la Solicitud<\/div>\n<\/td>\n<td colspan=\"2\">\n<div class=\"Texto\"><\/div>\n<\/td>\n<td>\n<div class=\"Texto\"><\/div>\n<\/td>\n<\/tr>\n<tr>\n<td colspan=\"2\">\n<div class=\"Texto\">&#8230;&#8230;&#8230;&#8230;&#8230;&#8230;<\/div>\n<\/td>\n<td>\n<div class=\"Texto\">&#8230;&#8230;&#8230;&#8230;&#8230;&#8230;&#8230;&#8230;&#8230;&#8230;&#8230;&#8230;&#8230;&#8230;&#8230;&#8230;&#8230;&#8230;&#8230;&#8230;&#8230;<\/div>\n<\/td>\n<td colspan=\"2\">\n<div class=\"Texto\">&#8230;&#8230;&#8230;&#8230;&#8230;&#8230;&#8230;&#8230;<\/div>\n<\/td>\n<td>\n<div class=\"Texto\">&#8230;&#8230;&#8230;&#8230;&#8230;&#8230;&#8230;&#8230;<\/div>\n<\/td>\n<\/tr>\n<tr>\n<td colspan=\"2\">\n<div class=\"Texto\">F2<\/div>\n<\/td>\n<td>\n<div class=\"Texto\">Solicitud de registro del despacho de mercanc\u00edas de lasempresas.<\/div>\n<\/td>\n<td colspan=\"2\">\n<div class=\"Texto\">AGACE<\/div>\n<\/td>\n<td>\n<div class=\"Texto\">Ventanilla Digital<\/div>\n<\/td>\n<\/tr>\n<tr>\n<td colspan=\"2\">\n<div class=\"Texto\">F3<\/div>\n<\/td>\n<td>\n<div class=\"Texto\">Solicitud de Registro en el Esquema de Certificaci\u00f3n deEmpresas.<\/div>\n<\/td>\n<td colspan=\"2\">\n<div class=\"Texto\">AGACE<\/div>\n<\/td>\n<td>\n<div class=\"Texto\">Escrito libre \/<br \/>\nVentanilla Digital<\/div>\n<\/td>\n<\/tr>\n<tr>\n<td colspan=\"2\">\n<div class=\"Texto\">F3.1<\/div>\n<\/td>\n<td>\n<div class=\"Texto\">Instructivo de tr\u00e1mite para obtener el Registro en elEsquema de Certificaci\u00f3n de Empresas en la\u00a0modalidad IVA e IEPS.<\/div>\n<\/td>\n<td colspan=\"2\">\n<div class=\"Texto\">AGACE<\/div>\n<\/td>\n<td>\n<div class=\"Texto\">Ventanilla Digital<\/div>\n<\/td>\n<\/tr>\n<tr>\n<td colspan=\"2\">\n<div class=\"Texto\">&#8230;&#8230;&#8230;&#8230;&#8230;&#8230;<\/div>\n<\/td>\n<td>\n<div class=\"Texto\">&#8230;&#8230;&#8230;&#8230;&#8230;&#8230;&#8230;&#8230;&#8230;&#8230;&#8230;&#8230;&#8230;&#8230;&#8230;&#8230;&#8230;&#8230;&#8230;&#8230;&#8230;<\/div>\n<\/td>\n<td colspan=\"2\">\n<div class=\"Texto\">&#8230;&#8230;&#8230;&#8230;&#8230;&#8230;&#8230;&#8230;<\/div>\n<\/td>\n<td>\n<div class=\"Texto\">&#8230;&#8230;&#8230;&#8230;&#8230;&#8230;&#8230;&#8230;<\/div>\n<\/td>\n<\/tr>\n<tr>\n<td colspan=\"2\">\n<div class=\"Texto\"><\/div>\n<\/td>\n<td>\n<div class=\"Texto\">G. Pedimentos y anexos<\/div>\n<div class=\"Texto\">Nombre del pedimento o anexo<\/div>\n<\/td>\n<td colspan=\"2\">\n<div class=\"Texto\"><\/div>\n<\/td>\n<td>\n<div class=\"Texto\"><\/div>\n<\/td>\n<\/tr>\n<tr>\n<td colspan=\"2\">\n<div class=\"Texto\">&#8230;&#8230;&#8230;&#8230;&#8230;&#8230;&#8230;.<\/div>\n<\/td>\n<td>\n<div class=\"Texto\">&#8230;&#8230;&#8230;&#8230;&#8230;&#8230;&#8230;&#8230;&#8230;&#8230;&#8230;&#8230;&#8230;&#8230;&#8230;&#8230;&#8230;&#8230;&#8230;&#8230;&#8230;&#8230;&#8230;&#8230;&#8230;..<\/div>\n<\/td>\n<td colspan=\"2\">\n<div class=\"Texto\">&#8230;&#8230;&#8230;&#8230;&#8230;&#8230;&#8230;&#8230;&#8230;..<\/div>\n<\/td>\n<td>\n<div class=\"Texto\">&#8230;&#8230;&#8230;&#8230;&#8230;&#8230;&#8230;&#8230;&#8230;.<\/div>\n<\/td>\n<\/tr>\n<\/tbody>\n<\/table>\n<table>\n<tbody>\n<tr>\n<td colspan=\"2\">\n<div class=\"Texto\">G7.<\/div>\n<\/td>\n<td>\n<div class=\"Texto\">Documento de operaci\u00f3n para despacho aduanero.<\/div>\n<\/td>\n<td colspan=\"2\">\n<div class=\"Texto\">Aduana que<br \/>\ncorresponda<\/div>\n<\/td>\n<td>\n<div class=\"Texto\">Escrito libre<\/div>\n<\/td>\n<\/tr>\n<\/tbody>\n<\/table>\n<div class=\"Texto\">A4.<\/div>\n<table>\n<tbody>\n<tr>\n<td>\n<div class=\"Normal\"><img decoding=\"async\" src=\"http:\/\/www.dof.gob.mx\/imagenes_diarios\/2018\/09\/20\/MAT\/shcp2a11_Cimg_5096.png\" \/><\/div>\n<\/td>\n<td>\n<div class=\"Normal\">Autorizaci\u00f3n para importar mercanc\u00eda por \u00fanica vez, sin<br \/>\nhaber concluido el tr\u00e1mite de inscripci\u00f3n o estando<br \/>\nsuspendidos en el padr\u00f3n de importadores, (Regla 1.3.5.).<\/div>\n<\/td>\n<td>\n<div class=\"Normal\"><img decoding=\"async\" src=\"http:\/\/www.dof.gob.mx\/imagenes_diarios\/2018\/09\/20\/MAT\/shcp2a11_Cimg_9686.png\" \/><\/div>\n<\/td>\n<\/tr>\n<\/tbody>\n<\/table>\n<div class=\"Texto\"><\/div>\n<div class=\"Texto\">&#8230;&#8230;&#8230;&#8230;&#8230;&#8230;&#8230;&#8230;&#8230;&#8230;&#8230;&#8230;&#8230;&#8230;&#8230;&#8230;&#8230;&#8230;&#8230;&#8230;&#8230;&#8230;&#8230;&#8230;&#8230;&#8230;&#8230;&#8230;&#8230;&#8230;&#8230;&#8230;&#8230;&#8230;&#8230;&#8230;&#8230;&#8230;&#8230;&#8230;&#8230;&#8230;&#8230;&#8230;&#8230;&#8230;&#8230;&#8230;&#8230;&#8230;&#8230;&#8230;&#8230;&#8230;&#8230;&#8230;.<\/div>\n<div class=\"Texto\">Instructivo de tr\u00e1mite de la Autorizaci\u00f3n para importar mercanc\u00eda por \u00fanica vez, sin haber concluido el<br \/>\ntr\u00e1mite de inscripci\u00f3n o estando suspendidos en el padr\u00f3n de importadores, (Regla 1.3.5.)<\/div>\n<table>\n<tbody>\n<tr>\n<td>\n<div class=\"Texto\">&#8230;&#8230;&#8230;&#8230;&#8230;&#8230;&#8230;&#8230;&#8230;&#8230;&#8230;&#8230;&#8230;&#8230;&#8230;&#8230;&#8230;&#8230;&#8230;&#8230;&#8230;&#8230;&#8230;&#8230;&#8230;&#8230;&#8230;&#8230;&#8230;&#8230;&#8230;&#8230;&#8230;&#8230;&#8230;&#8230;&#8230;&#8230;&#8230;&#8230;&#8230;&#8230;&#8230;&#8230;&#8230;&#8230;&#8230;<\/div>\n<\/td>\n<\/tr>\n<tr>\n<td>\n<div class=\"Texto\">\u00bfCu\u00e1ndo se presenta la solicitud de autorizaci\u00f3n?<\/div>\n<div class=\"Texto\">Despu\u00e9s de transcurridos 5 d\u00edas de haber presentado a trav\u00e9s del Portal del SAT, la solicitud de\u00a0inscripci\u00f3n al Padr\u00f3n de Importadores o en el caso de estar suspendidos, la solicitud para dejar sin efectos\u00a0dicha suspensi\u00f3n en el Padr\u00f3n de Importadores, conforme a las fichas de tr\u00e1mite 5\/LA y 7\/LA.<\/div>\n<\/td>\n<\/tr>\n<tr>\n<td>\n<div class=\"Texto\">\u00bfC\u00f3mo se presenta?<\/div>\n<div class=\"Texto\">&#8230;&#8230;&#8230;&#8230;&#8230;&#8230;&#8230;&#8230;&#8230;&#8230;&#8230;&#8230;&#8230;&#8230;&#8230;&#8230;&#8230;&#8230;&#8230;&#8230;&#8230;&#8230;&#8230;&#8230;&#8230;&#8230;&#8230;&#8230;&#8230;&#8230;&#8230;&#8230;&#8230;&#8230;&#8230;&#8230;&#8230;&#8230;&#8230;&#8230;&#8230;&#8230;&#8230;&#8230;&#8230;&#8230;&#8230;..<\/div>\n<div class=\"Texto\">d)\u00a0\u00a0\u00a0\u00a0Copia del folio de registro de la solicitud de inscripci\u00f3n al Padr\u00f3n de Importadores o en el caso de\u00a0estar suspendidos, de la solicitud para dejar sin efectos dicha suspensi\u00f3n en el Padr\u00f3n de\u00a0Importadores, que se presenta electr\u00f3nicamente en el Portal del SAT, conforme a las fichas de\u00a0tr\u00e1mite 5\/LA y 7\/LA, en el que conste la fecha de env\u00edo.<\/div>\n<div class=\"Texto\">&#8230;&#8230;&#8230;&#8230;&#8230;&#8230;&#8230;&#8230;&#8230;&#8230;&#8230;&#8230;&#8230;&#8230;&#8230;&#8230;&#8230;&#8230;&#8230;&#8230;&#8230;&#8230;&#8230;&#8230;&#8230;&#8230;&#8230;&#8230;&#8230;&#8230;&#8230;&#8230;&#8230;&#8230;&#8230;&#8230;&#8230;&#8230;&#8230;&#8230;&#8230;&#8230;&#8230;&#8230;&#8230;&#8230;&#8230;..<\/div>\n<\/td>\n<\/tr>\n<tr>\n<td>\n<div class=\"Texto\">&#8230;&#8230;&#8230;&#8230;&#8230;&#8230;&#8230;&#8230;&#8230;&#8230;&#8230;&#8230;&#8230;&#8230;&#8230;&#8230;&#8230;&#8230;&#8230;&#8230;&#8230;&#8230;&#8230;&#8230;&#8230;&#8230;&#8230;&#8230;&#8230;&#8230;&#8230;&#8230;&#8230;&#8230;&#8230;&#8230;&#8230;&#8230;&#8230;&#8230;&#8230;&#8230;&#8230;&#8230;&#8230;&#8230;&#8230;.<\/div>\n<\/td>\n<\/tr>\n<tr>\n<td>\n<div class=\"Texto\">\u00bfEn qu\u00e9 plazo se emite la autorizaci\u00f3n?<\/div>\n<div class=\"Texto\">En un plazo no mayor a 3 meses, contados a partir de la fecha en que se haya presentado la solicituddebidamente llenada junto con la documentaci\u00f3n correspondiente.<\/div>\n<\/td>\n<\/tr>\n<tr>\n<td>\n<div class=\"Texto\">&#8230;&#8230;&#8230;&#8230;&#8230;&#8230;&#8230;&#8230;&#8230;&#8230;&#8230;&#8230;&#8230;&#8230;&#8230;&#8230;&#8230;&#8230;&#8230;&#8230;&#8230;&#8230;&#8230;&#8230;&#8230;&#8230;&#8230;&#8230;&#8230;&#8230;&#8230;&#8230;&#8230;&#8230;&#8230;&#8230;&#8230;&#8230;&#8230;&#8230;&#8230;&#8230;&#8230;&#8230;&#8230;&#8230;&#8230;.<\/div>\n<\/td>\n<\/tr>\n<\/tbody>\n<\/table>\n<div class=\"Normal\"><\/div>\n<div class=\"Texto\">A5.<\/div>\n<table>\n<tbody>\n<tr>\n<td>\n<div class=\"Normal\"><img decoding=\"async\" src=\"http:\/\/www.dof.gob.mx\/imagenes_diarios\/2018\/09\/20\/MAT\/shcp2a11_Cimg_14899.png\" \/><\/div>\n<\/td>\n<td>\n<div class=\"Normal\">Autorizaci\u00f3n a personas f\u00edsicas para importar<br \/>\nmercanc\u00eda por \u00fanica vez, sin estar inscrito en el<br \/>\npadr\u00f3n de importadores, (Regla 1.3.6.).<\/div>\n<\/td>\n<td>\n<div class=\"Normal\"><img decoding=\"async\" src=\"http:\/\/www.dof.gob.mx\/imagenes_diarios\/2018\/09\/20\/MAT\/shcp2a11_Cimg_19489.png\" \/><\/div>\n<\/td>\n<\/tr>\n<\/tbody>\n<\/table>\n<div class=\"Texto\"><\/div>\n<div class=\"Texto\">&#8230;&#8230;&#8230;&#8230;&#8230;&#8230;&#8230;&#8230;&#8230;&#8230;&#8230;&#8230;&#8230;&#8230;&#8230;&#8230;&#8230;&#8230;&#8230;&#8230;&#8230;&#8230;&#8230;&#8230;&#8230;&#8230;&#8230;&#8230;&#8230;&#8230;&#8230;&#8230;&#8230;&#8230;&#8230;&#8230;&#8230;&#8230;&#8230;&#8230;&#8230;&#8230;&#8230;&#8230;&#8230;&#8230;&#8230;&#8230;&#8230;&#8230;&#8230;&#8230;&#8230;&#8230;&#8230;&#8230;.<\/div>\n<table>\n<tbody>\n<tr>\n<td>\n<div class=\"Texto\">Instructivo de tr\u00e1mite de la Autorizaci\u00f3n a personas f\u00edsicas para importar mercanc\u00eda por \u00fanica vez,sin estar inscrito en el padr\u00f3n de importadores, (Regla 1.3.6.)<\/div>\n<\/td>\n<\/tr>\n<tr>\n<td>\n<div class=\"Texto\">&#8230;&#8230;&#8230;&#8230;&#8230;&#8230;&#8230;&#8230;&#8230;&#8230;&#8230;&#8230;&#8230;&#8230;&#8230;&#8230;&#8230;&#8230;&#8230;&#8230;&#8230;&#8230;&#8230;&#8230;&#8230;&#8230;&#8230;&#8230;&#8230;&#8230;&#8230;&#8230;&#8230;&#8230;&#8230;&#8230;&#8230;&#8230;&#8230;&#8230;&#8230;&#8230;&#8230;&#8230;&#8230;&#8230;&#8230;&#8230;&#8230;&#8230;&#8230;&#8230;&#8230;&#8230;&#8230;&#8230;&#8230;<\/div>\n<\/td>\n<\/tr>\n<tr>\n<td>\n<div class=\"Texto\">Requisitos:<\/div>\n<div class=\"Texto\">&#8230;&#8230;&#8230;&#8230;&#8230;&#8230;&#8230;&#8230;&#8230;&#8230;&#8230;&#8230;&#8230;&#8230;&#8230;&#8230;&#8230;&#8230;&#8230;&#8230;&#8230;&#8230;&#8230;&#8230;&#8230;&#8230;&#8230;&#8230;&#8230;&#8230;&#8230;&#8230;&#8230;&#8230;&#8230;&#8230;&#8230;&#8230;&#8230;&#8230;&#8230;&#8230;&#8230;&#8230;&#8230;&#8230;&#8230;&#8230;&#8230;&#8230;&#8230;&#8230;&#8230;&#8230;&#8230;&#8230;&#8230;<\/div>\n<div class=\"Texto\">6.\u00a0\u00a0\u00a0\u00a0\u00a0Adicionalmente la documentaci\u00f3n con la que se acredite el valor de la mercanc\u00eda, en caso del\u00a0supuesto previsto en el p\u00e1rrafo tercero de la regla 1.3.6.<\/div>\n<div class=\"Texto\">&#8230;&#8230;&#8230;&#8230;&#8230;&#8230;&#8230;&#8230;&#8230;&#8230;&#8230;&#8230;&#8230;&#8230;&#8230;&#8230;&#8230;&#8230;&#8230;&#8230;&#8230;&#8230;&#8230;&#8230;&#8230;&#8230;&#8230;&#8230;&#8230;&#8230;&#8230;&#8230;&#8230;&#8230;&#8230;&#8230;&#8230;&#8230;&#8230;&#8230;&#8230;&#8230;&#8230;&#8230;&#8230;&#8230;&#8230;&#8230;&#8230;&#8230;&#8230;&#8230;&#8230;&#8230;&#8230;&#8230;&#8230;<\/div>\n<\/td>\n<\/tr>\n<\/tbody>\n<\/table>\n<table>\n<tbody>\n<tr>\n<td>\n<div class=\"Texto\">&#8230;&#8230;&#8230;&#8230;&#8230;&#8230;&#8230;&#8230;&#8230;&#8230;&#8230;&#8230;&#8230;&#8230;&#8230;&#8230;&#8230;&#8230;&#8230;&#8230;&#8230;&#8230;&#8230;&#8230;&#8230;&#8230;&#8230;&#8230;&#8230;&#8230;&#8230;&#8230;&#8230;&#8230;&#8230;&#8230;&#8230;&#8230;&#8230;&#8230;&#8230;&#8230;&#8230;&#8230;&#8230;&#8230;&#8230;&#8230;&#8230;&#8230;&#8230;&#8230;&#8230;&#8230;&#8230;&#8230;&#8230;<\/div>\n<\/td>\n<\/tr>\n<\/tbody>\n<\/table>\n<div class=\"Normal\"><\/div>\n<div class=\"Texto\">A6.<\/div>\n<table>\n<tbody>\n<tr>\n<td>\n<div class=\"Texto\"><img decoding=\"async\" src=\"http:\/\/www.dof.gob.mx\/imagenes_diarios\/2018\/09\/20\/MAT\/shcp2a11_Cimg_24475.png\" \/><\/div>\n<\/td>\n<td>\n<div class=\"Texto\">Autorizaci\u00f3n de inscripci\u00f3n para el padr\u00f3n de exportadores<br \/>\nsectorial (Regla 1.3.7.).<\/div>\n<\/td>\n<td>\n<div class=\"Texto\"><img decoding=\"async\" src=\"http:\/\/www.dof.gob.mx\/imagenes_diarios\/2018\/09\/20\/MAT\/shcp2a11_Cimg_29067.png\" \/><\/div>\n<\/td>\n<\/tr>\n<\/tbody>\n<\/table>\n<div class=\"Texto\">&#8230;&#8230;&#8230;&#8230;&#8230;&#8230;&#8230;&#8230;&#8230;&#8230;&#8230;&#8230;&#8230;&#8230;&#8230;&#8230;&#8230;&#8230;&#8230;&#8230;&#8230;&#8230;&#8230;&#8230;&#8230;&#8230;&#8230;&#8230;&#8230;&#8230;&#8230;&#8230;&#8230;&#8230;&#8230;&#8230;&#8230;&#8230;&#8230;&#8230;&#8230;&#8230;&#8230;&#8230;&#8230;&#8230;&#8230;&#8230;..<\/div>\n<div class=\"Texto\">Instructivo de tr\u00e1mite para la inscripci\u00f3n en el padr\u00f3n de exportadores sectorial (Regla 1.3.7.)<\/div>\n<table>\n<tbody>\n<tr>\n<td>\n<div class=\"Texto\">A. Inscripci\u00f3n en el padr\u00f3n de exportadores sectorial.<\/div>\n<\/td>\n<\/tr>\n<tr>\n<td>\n<div class=\"Texto\">&#8230;&#8230;&#8230;&#8230;&#8230;&#8230;&#8230;&#8230;&#8230;&#8230;&#8230;&#8230;&#8230;&#8230;&#8230;&#8230;&#8230;&#8230;&#8230;&#8230;&#8230;&#8230;&#8230;&#8230;&#8230;&#8230;&#8230;&#8230;&#8230;&#8230;&#8230;&#8230;&#8230;&#8230;&#8230;&#8230;&#8230;&#8230;&#8230;&#8230;&#8230;&#8230;&#8230;&#8230;&#8230;&#8230;&#8230;..<\/div>\n<\/td>\n<\/tr>\n<tr>\n<td>\n<div class=\"Texto\">Condiciones:<\/div>\n<div class=\"Texto\">&#8230;&#8230;&#8230;&#8230;&#8230;&#8230;&#8230;&#8230;&#8230;&#8230;&#8230;&#8230;&#8230;&#8230;&#8230;&#8230;&#8230;&#8230;&#8230;&#8230;&#8230;&#8230;&#8230;&#8230;&#8230;&#8230;&#8230;&#8230;&#8230;&#8230;&#8230;&#8230;&#8230;&#8230;&#8230;&#8230;&#8230;&#8230;&#8230;&#8230;&#8230;&#8230;&#8230;&#8230;&#8230;&#8230;&#8230;..<\/div>\n<div class=\"Texto\">5.\u00a0\u00a0\u00a0\u00a0\u00a0No encontrarse al momento de ingresar la solicitud en el listado de empresas publicadas por el SAT\u00a0en t\u00e9rminos de los art\u00edculos 69 y 69-B, cuarto p\u00e1rrafo, del CFF, con excepci\u00f3n de lo dispuesto en lafracci\u00f3n VI, del referido art\u00edculo 69.<\/div>\n<div class=\"Texto\">&#8230;&#8230;&#8230;&#8230;&#8230;&#8230;&#8230;&#8230;&#8230;&#8230;&#8230;&#8230;&#8230;&#8230;&#8230;&#8230;&#8230;&#8230;&#8230;&#8230;&#8230;&#8230;&#8230;&#8230;&#8230;&#8230;&#8230;&#8230;&#8230;&#8230;&#8230;&#8230;&#8230;&#8230;&#8230;&#8230;&#8230;&#8230;&#8230;&#8230;&#8230;&#8230;&#8230;&#8230;&#8230;&#8230;&#8230;.<\/div>\n<\/td>\n<\/tr>\n<tr>\n<td>\n<div class=\"Texto\">&#8230;&#8230;&#8230;&#8230;&#8230;&#8230;&#8230;&#8230;&#8230;&#8230;&#8230;&#8230;&#8230;&#8230;&#8230;&#8230;&#8230;&#8230;&#8230;&#8230;&#8230;&#8230;&#8230;&#8230;&#8230;&#8230;&#8230;&#8230;&#8230;&#8230;&#8230;&#8230;&#8230;&#8230;&#8230;&#8230;&#8230;&#8230;&#8230;&#8230;&#8230;&#8230;&#8230;&#8230;&#8230;&#8230;&#8230;..<\/div>\n<\/td>\n<\/tr>\n<\/tbody>\n<\/table>\n<div class=\"Normal\">&#8230;&#8230;&#8230;&#8230;&#8230;&#8230;&#8230;&#8230;&#8230;&#8230;&#8230;&#8230;&#8230;&#8230;&#8230;&#8230;&#8230;&#8230;&#8230;&#8230;&#8230;&#8230;&#8230;&#8230;&#8230;&#8230;&#8230;&#8230;&#8230;&#8230;&#8230;&#8230;&#8230;&#8230;&#8230;&#8230;&#8230;&#8230;&#8230;&#8230;&#8230;&#8230;&#8230;&#8230;&#8230;&#8230;&#8230;&#8230;&#8230;&#8230;&#8230;&#8230;&#8230;&#8230;&#8230;&#8230;&#8230;&#8230;.<\/div>\n<div class=\"Texto\">B6.<\/div>\n<table>\n<tbody>\n<tr>\n<td>\n<div class=\"Texto\"><img decoding=\"async\" src=\"http:\/\/www.dof.gob.mx\/imagenes_diarios\/2018\/09\/20\/MAT\/shcp2a11_Cimg_34063.png\" \/><\/div>\n<\/td>\n<td>\n<div class=\"Texto\">Aviso \u00fanico de renovaci\u00f3n en el registro del despacho de<br \/>\nmercanc\u00edas.<\/div>\n<\/td>\n<td>\n<div class=\"Texto\"><img decoding=\"async\" src=\"http:\/\/www.dof.gob.mx\/imagenes_diarios\/2018\/09\/20\/MAT\/shcp2a11_Cimg_38653.png\" \/><\/div>\n<\/td>\n<\/tr>\n<\/tbody>\n<\/table>\n<div class=\"Texto\"><\/div>\n<table>\n<tbody>\n<tr>\n<td>\n<div class=\"Texto\">1. Nombre, Denominaci\u00f3n y\/o Raz\u00f3n social.<\/div>\n<\/td>\n<\/tr>\n<\/tbody>\n<\/table>\n<div class=\"Texto\"><\/div>\n<table>\n<tbody>\n<tr>\n<td>\n<div class=\"Texto\">RFC incluyendo la homoclave<\/div>\n<\/td>\n<td>\n<div class=\"Texto\"><\/div>\n<\/td>\n<td>\n<div class=\"Texto\"><\/div>\n<\/td>\n<td>\n<div class=\"Texto\"><\/div>\n<\/td>\n<td>\n<div class=\"Texto\"><\/div>\n<\/td>\n<td>\n<div class=\"Texto\"><\/div>\n<\/td>\n<td>\n<div class=\"Texto\"><\/div>\n<\/td>\n<td>\n<div class=\"Texto\"><\/div>\n<\/td>\n<td>\n<div class=\"Texto\"><\/div>\n<\/td>\n<td>\n<div class=\"Texto\"><\/div>\n<\/td>\n<td>\n<div class=\"Texto\"><\/div>\n<\/td>\n<td>\n<div class=\"Texto\"><\/div>\n<\/td>\n<td>\n<div class=\"Texto\"><\/div>\n<\/td>\n<td>\n<div class=\"Texto\"><\/div>\n<\/td>\n<td>\n<div class=\"Texto\"><\/div>\n<\/td>\n<\/tr>\n<\/tbody>\n<\/table>\n<div class=\"Texto\"><\/div>\n<table>\n<tbody>\n<tr>\n<td colspan=\"3\">\n<div class=\"Texto\">2. Domicilio para o\u00edr y recibir notificaciones.<\/div>\n<\/td>\n<\/tr>\n<tr>\n<td colspan=\"3\">\n<div class=\"Texto\"><\/div>\n<div class=\"Texto\"><\/div>\n<\/td>\n<\/tr>\n<tr>\n<td colspan=\"3\">\n<div class=\"Texto\">Calle\u00a0\u00a0\u00a0\u00a0\u00a0\u00a0\u00a0\u00a0\u00a0\u00a0\u00a0\u00a0\u00a0\u00a0\u00a0\u00a0\u00a0\u00a0\u00a0\u00a0\u00a0\u00a0\u00a0\u00a0\u00a0\u00a0\u00a0N\u00famero y\/o letra exterior\u00a0\u00a0\u00a0\u00a0\u00a0\u00a0\u00a0\u00a0\u00a0\u00a0\u00a0\u00a0\u00a0\u00a0\u00a0\u00a0\u00a0\u00a0\u00a0\u00a0\u00a0\u00a0\u00a0\u00a0\u00a0\u00a0\u00a0\u00a0\u00a0\u00a0\u00a0\u00a0\u00a0\u00a0N\u00famero y\/o letra interior<\/div>\n<\/td>\n<\/tr>\n<tr>\n<td colspan=\"3\">\n<div class=\"Texto\"><\/div>\n<\/td>\n<\/tr>\n<tr>\n<td colspan=\"3\">\n<div class=\"Texto\">Colonia\u00a0\u00a0\u00a0\u00a0\u00a0\u00a0\u00a0\u00a0\u00a0\u00a0\u00a0\u00a0\u00a0\u00a0\u00a0C.P.\u00a0\u00a0\u00a0\u00a0\u00a0\u00a0\u00a0\u00a0\u00a0\u00a0\u00a0\u00a0\u00a0\u00a0\u00a0\u00a0\u00a0\u00a0\u00a0\u00a0\u00a0Municipio\/Delegaci\u00f3n\u00a0\u00a0\u00a0\u00a0\u00a0\u00a0\u00a0\u00a0\u00a0\u00a0\u00a0\u00a0\u00a0\u00a0\u00a0\u00a0\u00a0\u00a0\u00a0\u00a0\u00a0\u00a0\u00a0\u00a0\u00a0\u00a0\u00a0\u00a0\u00a0\u00a0\u00a0\u00a0\u00a0Entidad Federativa<\/div>\n<\/td>\n<\/tr>\n<tr>\n<td>\n<div class=\"Texto\"><\/div>\n<\/td>\n<td>\n<div class=\"Texto\"><\/div>\n<\/td>\n<td>\n<div class=\"Texto\"><\/div>\n<\/td>\n<\/tr>\n<tr>\n<td>\n<div class=\"Texto\">Tel\u00e9fono<\/div>\n<\/td>\n<td>\n<div class=\"Texto\">Correo electr\u00f3nico<\/div>\n<\/td>\n<td>\n<div class=\"Texto\"><\/div>\n<\/td>\n<\/tr>\n<\/tbody>\n<\/table>\n<div class=\"Texto\"><\/div>\n<div class=\"Texto\">DATOS DEL REPRESENTANTE LEGAL DE LA PERSONA MORAL SOLICITANTE.<\/div>\n<table>\n<tbody>\n<tr>\n<td colspan=\"17\">\n<div class=\"Texto\">3. Datos del representante legal de la persona moral solicitante<\/div>\n<\/td>\n<\/tr>\n<tr>\n<td colspan=\"17\">\n<div class=\"Texto\"><\/div>\n<\/td>\n<\/tr>\n<tr>\n<td colspan=\"17\">\n<div class=\"Texto\">Apellido paterno\u00a0\u00a0\u00a0\u00a0\u00a0\u00a0\u00a0\u00a0\u00a0\u00a0\u00a0\u00a0\u00a0\u00a0\u00a0\u00a0\u00a0\u00a0\u00a0\u00a0\u00a0\u00a0\u00a0\u00a0\u00a0\u00a0\u00a0\u00a0\u00a0\u00a0\u00a0\u00a0\u00a0Apellido materno\u00a0\u00a0\u00a0\u00a0\u00a0\u00a0\u00a0\u00a0\u00a0\u00a0\u00a0\u00a0\u00a0\u00a0\u00a0\u00a0\u00a0\u00a0\u00a0\u00a0\u00a0\u00a0\u00a0\u00a0\u00a0\u00a0\u00a0\u00a0\u00a0\u00a0\u00a0\u00a0\u00a0\u00a0Nombre<\/div>\n<\/td>\n<\/tr>\n<tr>\n<td colspan=\"17\">\n<div class=\"Texto\"><\/div>\n<\/td>\n<\/tr>\n<tr>\n<td colspan=\"2\">\n<div class=\"Texto\">RFC incluyendo la homoclave<\/div>\n<\/td>\n<td>\n<div class=\"Texto\"><\/div>\n<\/td>\n<td>\n<div class=\"Texto\"><\/div>\n<\/td>\n<td>\n<div class=\"Texto\"><\/div>\n<\/td>\n<td>\n<div class=\"Texto\"><\/div>\n<\/td>\n<td>\n<div class=\"Texto\"><\/div>\n<\/td>\n<td>\n<div class=\"Texto\"><\/div>\n<\/td>\n<td>\n<div class=\"Texto\"><\/div>\n<\/td>\n<td>\n<div class=\"Texto\"><\/div>\n<\/td>\n<td>\n<div class=\"Texto\"><\/div>\n<\/td>\n<td>\n<div class=\"Texto\"><\/div>\n<\/td>\n<td>\n<div class=\"Texto\"><\/div>\n<\/td>\n<td>\n<div class=\"Texto\"><\/div>\n<\/td>\n<td colspan=\"3\">\n<div class=\"Texto\"><\/div>\n<\/td>\n<\/tr>\n<tr>\n<td>\n<div class=\"Texto\"><\/div>\n<\/td>\n<td colspan=\"16\">\n<div class=\"Texto\"><\/div>\n<\/td>\n<\/tr>\n<tr>\n<td>\n<div class=\"Texto\">Tel\u00e9fono<\/div>\n<\/td>\n<td colspan=\"16\">\n<div class=\"Texto\">Correo electr\u00f3nico<\/div>\n<\/td>\n<\/tr>\n<\/tbody>\n<\/table>\n<div class=\"Texto\"><\/div>\n<div class=\"Texto\">DATOS DE LAS PERSONAS AUTORIZADAS PARA OIR Y RECIBIR NOTIFICACIONES.<\/div>\n<table>\n<tbody>\n<tr>\n<td colspan=\"16\">\n<div class=\"Texto\">4. Persona autorizada para o\u00edr y recibir notificaciones.<\/div>\n<\/td>\n<\/tr>\n<tr>\n<td colspan=\"16\">\n<div class=\"Texto\"><\/div>\n<\/td>\n<\/tr>\n<tr>\n<td colspan=\"16\">\n<div class=\"Texto\">Apellido paterno\u00a0\u00a0\u00a0\u00a0\u00a0\u00a0\u00a0\u00a0\u00a0\u00a0\u00a0\u00a0\u00a0\u00a0\u00a0\u00a0\u00a0\u00a0\u00a0\u00a0\u00a0\u00a0\u00a0\u00a0\u00a0\u00a0\u00a0\u00a0\u00a0\u00a0\u00a0\u00a0\u00a0Apellido materno\u00a0\u00a0\u00a0\u00a0\u00a0\u00a0\u00a0\u00a0\u00a0\u00a0\u00a0\u00a0\u00a0\u00a0\u00a0\u00a0\u00a0\u00a0\u00a0\u00a0\u00a0\u00a0\u00a0\u00a0\u00a0\u00a0\u00a0\u00a0\u00a0\u00a0\u00a0\u00a0\u00a0\u00a0Nombre<\/div>\n<\/td>\n<\/tr>\n<tr>\n<td colspan=\"2\">\n<div class=\"Texto\">RFC incluyendo la homoclave<\/div>\n<\/td>\n<td>\n<div class=\"Texto\"><\/div>\n<\/td>\n<td>\n<div class=\"Texto\"><\/div>\n<\/td>\n<td>\n<div class=\"Texto\"><\/div>\n<\/td>\n<td>\n<div class=\"Texto\"><\/div>\n<\/td>\n<td>\n<div class=\"Texto\"><\/div>\n<\/td>\n<td>\n<div class=\"Texto\"><\/div>\n<\/td>\n<td>\n<div class=\"Texto\"><\/div>\n<\/td>\n<td>\n<div class=\"Texto\"><\/div>\n<\/td>\n<td>\n<div class=\"Texto\"><\/div>\n<\/td>\n<td>\n<div class=\"Texto\"><\/div>\n<\/td>\n<td>\n<div class=\"Texto\"><\/div>\n<\/td>\n<td>\n<div class=\"Texto\"><\/div>\n<\/td>\n<td colspan=\"2\">\n<div class=\"Texto\"><\/div>\n<\/td>\n<\/tr>\n<tr>\n<td>\n<div class=\"Texto\"><\/div>\n<div class=\"Texto\"><\/div>\n<\/td>\n<td colspan=\"15\">\n<div class=\"Texto\"><\/div>\n<\/td>\n<\/tr>\n<tr>\n<td>\n<div class=\"Texto\">Tel\u00e9fono<\/div>\n<\/td>\n<td colspan=\"15\">\n<div class=\"Texto\">Correo electr\u00f3nico<\/div>\n<\/td>\n<\/tr>\n<tr>\n<td>\n<div class=\"Texto\"><\/div>\n<\/td>\n<td colspan=\"15\">\n<div class=\"Texto\"><\/div>\n<\/td>\n<\/tr>\n<tr>\n<td colspan=\"16\">\n<div class=\"Texto\">4.1. Persona autorizada para o\u00edr y recibir notificaciones.<\/div>\n<\/td>\n<\/tr>\n<tr>\n<td colspan=\"16\">\n<div class=\"Texto\"><\/div>\n<\/td>\n<\/tr>\n<tr>\n<td colspan=\"16\">\n<div class=\"Texto\">Apellido paterno\u00a0\u00a0\u00a0\u00a0\u00a0\u00a0\u00a0\u00a0\u00a0\u00a0\u00a0\u00a0\u00a0\u00a0\u00a0\u00a0\u00a0\u00a0\u00a0\u00a0\u00a0\u00a0\u00a0\u00a0\u00a0\u00a0\u00a0\u00a0\u00a0\u00a0\u00a0\u00a0\u00a0Apellido materno\u00a0\u00a0\u00a0\u00a0\u00a0\u00a0\u00a0\u00a0\u00a0\u00a0\u00a0\u00a0\u00a0\u00a0\u00a0\u00a0\u00a0\u00a0\u00a0\u00a0\u00a0\u00a0\u00a0\u00a0\u00a0\u00a0\u00a0\u00a0\u00a0\u00a0\u00a0\u00a0\u00a0\u00a0Nombre<\/div>\n<\/td>\n<\/tr>\n<tr>\n<td colspan=\"2\">\n<div class=\"Texto\">RFC incluyendo la homoclave<\/div>\n<\/td>\n<td>\n<div class=\"Texto\"><\/div>\n<\/td>\n<td>\n<div class=\"Texto\"><\/div>\n<\/td>\n<td>\n<div class=\"Texto\"><\/div>\n<\/td>\n<td>\n<div class=\"Texto\"><\/div>\n<\/td>\n<td>\n<div class=\"Texto\"><\/div>\n<\/td>\n<td>\n<div class=\"Texto\"><\/div>\n<\/td>\n<td>\n<div class=\"Texto\"><\/div>\n<\/td>\n<td>\n<div class=\"Texto\"><\/div>\n<\/td>\n<td>\n<div class=\"Texto\"><\/div>\n<\/td>\n<td>\n<div class=\"Texto\"><\/div>\n<\/td>\n<td>\n<div class=\"Texto\"><\/div>\n<\/td>\n<td>\n<div class=\"Texto\"><\/div>\n<\/td>\n<td colspan=\"2\">\n<div class=\"Texto\"><\/div>\n<\/td>\n<\/tr>\n<\/tbody>\n<\/table>\n<div class=\"Texto\"><\/div>\n<table>\n<tbody>\n<tr>\n<td>\n<div class=\"Texto\"><\/div>\n<\/td>\n<td colspan=\"15\">\n<div class=\"Texto\"><\/div>\n<\/td>\n<\/tr>\n<tr>\n<td>\n<div class=\"Texto\">Tel\u00e9fono<\/div>\n<\/td>\n<td colspan=\"15\">\n<div class=\"Texto\">Correo electr\u00f3nico<\/div>\n<\/td>\n<\/tr>\n<tr>\n<td>\n<div class=\"Texto\"><\/div>\n<\/td>\n<td colspan=\"15\">\n<div class=\"Texto\"><\/div>\n<\/td>\n<\/tr>\n<tr>\n<td colspan=\"16\">\n<div class=\"Texto\">4.2. Persona autorizada para o\u00edr y recibir notificaciones.<\/div>\n<\/td>\n<\/tr>\n<tr>\n<td colspan=\"16\">\n<div class=\"Texto\"><\/div>\n<\/td>\n<\/tr>\n<tr>\n<td colspan=\"16\">\n<div class=\"Texto\">Apellido paterno\u00a0\u00a0\u00a0\u00a0\u00a0\u00a0\u00a0\u00a0\u00a0\u00a0\u00a0\u00a0\u00a0\u00a0\u00a0\u00a0\u00a0\u00a0\u00a0\u00a0\u00a0\u00a0\u00a0\u00a0\u00a0\u00a0\u00a0\u00a0\u00a0\u00a0\u00a0\u00a0\u00a0Apellido materno\u00a0\u00a0\u00a0\u00a0\u00a0\u00a0\u00a0\u00a0\u00a0\u00a0\u00a0\u00a0\u00a0\u00a0\u00a0\u00a0\u00a0\u00a0\u00a0\u00a0\u00a0\u00a0\u00a0\u00a0\u00a0\u00a0\u00a0\u00a0\u00a0\u00a0\u00a0\u00a0\u00a0\u00a0Nombre<\/div>\n<\/td>\n<\/tr>\n<tr>\n<td colspan=\"2\">\n<div class=\"Texto\">RFC incluyendo la homoclave<\/div>\n<\/td>\n<td>\n<div class=\"Texto\"><\/div>\n<\/td>\n<td>\n<div class=\"Texto\"><\/div>\n<\/td>\n<td>\n<div class=\"Texto\"><\/div>\n<\/td>\n<td>\n<div class=\"Texto\"><\/div>\n<\/td>\n<td>\n<div class=\"Texto\"><\/div>\n<\/td>\n<td>\n<div class=\"Texto\"><\/div>\n<\/td>\n<td>\n<div class=\"Texto\"><\/div>\n<\/td>\n<td>\n<div class=\"Texto\"><\/div>\n<\/td>\n<td>\n<div class=\"Texto\"><\/div>\n<\/td>\n<td>\n<div class=\"Texto\"><\/div>\n<\/td>\n<td>\n<div class=\"Texto\"><\/div>\n<\/td>\n<td>\n<div class=\"Texto\"><\/div>\n<\/td>\n<td colspan=\"2\">\n<div class=\"Texto\"><\/div>\n<\/td>\n<\/tr>\n<tr>\n<td>\n<div class=\"Texto\"><\/div>\n<div class=\"Texto\"><\/div>\n<\/td>\n<td colspan=\"15\">\n<div class=\"Texto\"><\/div>\n<\/td>\n<\/tr>\n<tr>\n<td>\n<div class=\"Texto\">Tel\u00e9fono<\/div>\n<\/td>\n<td colspan=\"15\">\n<div class=\"Texto\">Correo electr\u00f3nico<\/div>\n<\/td>\n<\/tr>\n<\/tbody>\n<\/table>\n<div class=\"Texto\"><\/div>\n<table>\n<tbody>\n<tr>\n<td>\n<div class=\"Texto\">5. Requisitos aplicables.<\/div>\n<\/td>\n<\/tr>\n<\/tbody>\n<\/table>\n<div class=\"Texto\"><\/div>\n<div class=\"Texto\">5.1.\u00a0Se\u00f1ale si al momento de ingresar su solicitud se encuentra al corriente en el cumplimiento de sus obligaciones\u00a0fiscales y aduaneras.<\/div>\n<table>\n<tbody>\n<tr>\n<td>\n<div class=\"Texto\"><\/div>\n<\/td>\n<td>\n<div class=\"Texto\">SI<\/div>\n<\/td>\n<td>\n<div class=\"Texto\"><\/div>\n<\/td>\n<td>\n<div class=\"Texto\">NO<\/div>\n<\/td>\n<\/tr>\n<\/tbody>\n<\/table>\n<div class=\"texto\"><\/div>\n<div class=\"Texto\">5.2.\u00a0Indique si autoriz\u00f3 al SAT hacer p\u00fablica su opini\u00f3n positiva sobre el cumplimiento de obligaciones fiscales.<\/div>\n<table>\n<tbody>\n<tr>\n<td>\n<div class=\"Texto\"><\/div>\n<\/td>\n<td>\n<div class=\"Texto\">SI<\/div>\n<\/td>\n<td>\n<div class=\"Texto\"><\/div>\n<\/td>\n<td>\n<div class=\"Texto\">NO<\/div>\n<\/td>\n<\/tr>\n<\/tbody>\n<\/table>\n<div class=\"texto\"><\/div>\n<div class=\"Texto\">5.3.\u00a0Se\u00f1ale los datos de la constancia de pago del derecho.<\/div>\n<table>\n<tbody>\n<tr>\n<td colspan=\"56\">\n<div class=\"Texto\"><\/div>\n<\/td>\n<\/tr>\n<tr>\n<td colspan=\"2\">\n<div class=\"Texto\"><\/div>\n<\/td>\n<td colspan=\"2\">\n<div class=\"Texto\"><\/div>\n<\/td>\n<td>\n<div class=\"Texto\"><\/div>\n<\/td>\n<td>\n<div class=\"Texto\"><\/div>\n<\/td>\n<td colspan=\"2\">\n<div class=\"Texto\"><\/div>\n<\/td>\n<td colspan=\"2\">\n<div class=\"Texto\"><\/div>\n<\/td>\n<td colspan=\"2\">\n<div class=\"Texto\"><\/div>\n<\/td>\n<td colspan=\"2\">\n<div class=\"Texto\"><\/div>\n<\/td>\n<td colspan=\"2\">\n<div class=\"Texto\"><\/div>\n<\/td>\n<td colspan=\"2\">\n<div class=\"Texto\"><\/div>\n<\/td>\n<td colspan=\"3\">\n<div class=\"Texto\"><\/div>\n<\/td>\n<td colspan=\"2\">\n<div class=\"Texto\">$<\/div>\n<\/td>\n<td colspan=\"2\">\n<div class=\"Texto\"><\/div>\n<\/td>\n<td colspan=\"2\">\n<div class=\"Texto\"><\/div>\n<\/td>\n<td colspan=\"3\">\n<div class=\"Texto\"><\/div>\n<\/td>\n<td colspan=\"2\">\n<div class=\"Texto\"><\/div>\n<\/td>\n<td colspan=\"2\">\n<div class=\"Texto\">.<\/div>\n<\/td>\n<td colspan=\"2\">\n<div class=\"Texto\"><\/div>\n<\/td>\n<td colspan=\"2\">\n<div class=\"Texto\"><\/div>\n<\/td>\n<td colspan=\"2\">\n<div class=\"Texto\"><\/div>\n<\/td>\n<td colspan=\"2\">\n<div class=\"Texto\"><\/div>\n<\/td>\n<td colspan=\"2\">\n<div class=\"Texto\"><\/div>\n<\/td>\n<td colspan=\"2\">\n<div class=\"Texto\"><\/div>\n<\/td>\n<td>\n<div class=\"Texto\"><\/div>\n<\/td>\n<td>\n<div class=\"Texto\"><\/div>\n<\/td>\n<td colspan=\"2\">\n<div class=\"Texto\"><\/div>\n<\/td>\n<td colspan=\"2\">\n<div class=\"Texto\"><\/div>\n<\/td>\n<td colspan=\"2\">\n<div class=\"Texto\"><\/div>\n<\/td>\n<td colspan=\"2\">\n<div class=\"Texto\"><\/div>\n<\/td>\n<\/tr>\n<\/tbody>\n<\/table>\n<table>\n<tbody>\n<tr>\n<td colspan=\"19\">\n<div class=\"Texto\">\u00a0\u00a0\u00a0\u00a0Fecha de pago<\/div>\n<div class=\"Texto\">\u00a0\u00a0\u00a0\u00a0\u00a0\u00a0(dd\/mm\/aa)<\/div>\n<\/td>\n<td colspan=\"37\">\n<div class=\"Texto\">\u00a0\u00a0\u00a0\u00a0\u00a0\u00a0\u00a0Monto en moneda nacional<\/div>\n<\/td>\n<\/tr>\n<tr>\n<td colspan=\"56\">\n<div class=\"Texto\"><\/div>\n<\/td>\n<\/tr>\n<tr>\n<td>\n<div class=\"Texto\"><\/div>\n<\/td>\n<td colspan=\"2\">\n<div class=\"Texto\"><\/div>\n<\/td>\n<td colspan=\"2\">\n<div class=\"Texto\"><\/div>\n<\/td>\n<td colspan=\"2\">\n<div class=\"Texto\"><\/div>\n<\/td>\n<td colspan=\"2\">\n<div class=\"Texto\"><\/div>\n<\/td>\n<td colspan=\"2\">\n<div class=\"Texto\"><\/div>\n<\/td>\n<td colspan=\"2\">\n<div class=\"Texto\"><\/div>\n<\/td>\n<td colspan=\"2\">\n<div class=\"Texto\"><\/div>\n<\/td>\n<td colspan=\"2\">\n<div class=\"Texto\"><\/div>\n<\/td>\n<td colspan=\"2\">\n<div class=\"Texto\"><\/div>\n<\/td>\n<td>\n<div class=\"Texto\"><\/div>\n<\/td>\n<td colspan=\"2\">\n<div class=\"Texto\"><\/div>\n<\/td>\n<td colspan=\"2\">\n<div class=\"Texto\"><\/div>\n<\/td>\n<td colspan=\"2\">\n<div class=\"Texto\"><\/div>\n<\/td>\n<td colspan=\"3\">\n<div class=\"Texto\"><\/div>\n<\/td>\n<td colspan=\"2\">\n<div class=\"Texto\"><\/div>\n<\/td>\n<td colspan=\"2\">\n<div class=\"Texto\"><\/div>\n<\/td>\n<td colspan=\"2\">\n<div class=\"Texto\"><\/div>\n<\/td>\n<td colspan=\"2\">\n<div class=\"Texto\"><\/div>\n<\/td>\n<td colspan=\"2\">\n<div class=\"Texto\"><\/div>\n<\/td>\n<td colspan=\"2\">\n<div class=\"Texto\"><\/div>\n<\/td>\n<td colspan=\"2\">\n<div class=\"Texto\"><\/div>\n<\/td>\n<td colspan=\"2\">\n<div class=\"Texto\"><\/div>\n<\/td>\n<td colspan=\"2\">\n<div class=\"Texto\"><\/div>\n<\/td>\n<td colspan=\"2\">\n<div class=\"Texto\"><\/div>\n<\/td>\n<td colspan=\"2\">\n<div class=\"Texto\"><\/div>\n<\/td>\n<td colspan=\"2\">\n<div class=\"Texto\"><\/div>\n<\/td>\n<td colspan=\"2\">\n<div class=\"Texto\"><\/div>\n<\/td>\n<td>\n<div class=\"Texto\"><\/div>\n<\/td>\n<\/tr>\n<tr>\n<td colspan=\"28\">\n<div class=\"Texto\">N\u00famero de Operaci\u00f3n Bancaria<\/div>\n<\/td>\n<td colspan=\"28\">\n<div class=\"Texto\">Llave de Pago<\/div>\n<\/td>\n<\/tr>\n<tr>\n<td colspan=\"56\">\n<div class=\"Texto\"><\/div>\n<\/td>\n<\/tr>\n<tr>\n<td colspan=\"56\">\n<div class=\"Texto\">Denominaci\u00f3n o raz\u00f3n social de la instituci\u00f3n en la cual se realiz\u00f3 el pago<\/div>\n<\/td>\n<\/tr>\n<\/tbody>\n<\/table>\n<div class=\"Texto\">5.4.\u00a0Se\u00f1ale si al momento de ingresar su solicitud sus certificados de sellos digitales est\u00e1n vigentes.<\/div>\n<table>\n<tbody>\n<tr>\n<td>\n<div class=\"Texto\"><\/div>\n<\/td>\n<td>\n<div class=\"Texto\">SI<\/div>\n<\/td>\n<td>\n<div class=\"Texto\"><\/div>\n<\/td>\n<td>\n<div class=\"Texto\">NO<\/div>\n<\/td>\n<\/tr>\n<\/tbody>\n<\/table>\n<div class=\"texto\"><\/div>\n<div class=\"Texto\">En caso afirmativo se\u00f1ale si durante los \u00faltimos 12 meses, infringi\u00f3 alguno de los supuestos previstos en el art\u00edculo\u00a017-H, fracci\u00f3n X, del CFF.<\/div>\n<table>\n<tbody>\n<tr>\n<td>\n<div class=\"Texto\"><\/div>\n<\/td>\n<td>\n<div class=\"Texto\">SI<\/div>\n<\/td>\n<td>\n<div class=\"Texto\"><\/div>\n<\/td>\n<td>\n<div class=\"Texto\">NO<\/div>\n<\/td>\n<\/tr>\n<\/tbody>\n<\/table>\n<div class=\"texto\"><\/div>\n<div class=\"Texto\">5.5.\u00a0Indiqu\u00e9 si al momento de ingresar la solicitud se encuentra en el listado de empresas publicadas por el SAT en\u00a0t\u00e9rminos de los art\u00edculos 69 con excepci\u00f3n de lo dispuesto en la fracci\u00f3n VI, y 69-B, cuarto p\u00e1rrafo, del CFF.<\/div>\n<table>\n<tbody>\n<tr>\n<td>\n<div class=\"Texto\"><\/div>\n<\/td>\n<td>\n<div class=\"Texto\">SI<\/div>\n<\/td>\n<td>\n<div class=\"Texto\"><\/div>\n<\/td>\n<td>\n<div class=\"Texto\">NO<\/div>\n<\/td>\n<\/tr>\n<\/tbody>\n<\/table>\n<div class=\"texto\"><\/div>\n<div class=\"Texto\">5.6.\u00a0Se\u00f1ale si al momento de ingresar su solicitud tiene actualizado su correo electr\u00f3nico para efectos del buz\u00f3n\u00a0tributario.<\/div>\n<table>\n<tbody>\n<tr>\n<td>\n<div class=\"Texto\"><\/div>\n<\/td>\n<td>\n<div class=\"Texto\">SI<\/div>\n<\/td>\n<td>\n<div class=\"Texto\"><\/div>\n<\/td>\n<td>\n<div class=\"Texto\">NO<\/div>\n<\/td>\n<\/tr>\n<\/tbody>\n<\/table>\n<div class=\"texto\"><\/div>\n<div class=\"Texto\">5.7.\u00a0Indique si la persona moral solicitante cuenta con Programa IMMEX.<\/div>\n<table>\n<tbody>\n<tr>\n<td colspan=\"3\">\n<div class=\"Texto\"><\/div>\n<\/td>\n<td colspan=\"4\">\n<div class=\"Texto\"><\/div>\n<\/td>\n<\/tr>\n<tr>\n<td>\n<div class=\"Texto\"><\/div>\n<\/td>\n<td>\n<div class=\"Texto\">SI<\/div>\n<\/td>\n<td>\n<div class=\"Texto\">Se\u00f1ale por favor el n\u00famero del programa<\/div>\n<\/td>\n<td>\n<div class=\"Texto\"><\/div>\n<\/td>\n<td>\n<div class=\"Texto\"><\/div>\n<\/td>\n<td colspan=\"2\">\n<div class=\"Texto\">NO<\/div>\n<\/td>\n<\/tr>\n<tr>\n<td>\n<div class=\"Texto\"><\/div>\n<\/td>\n<td>\n<div class=\"Texto\"><\/div>\n<\/td>\n<td>\n<div class=\"Texto\"><\/div>\n<\/td>\n<td>\n<div class=\"Texto\"><\/div>\n<\/td>\n<td>\n<div class=\"Texto\"><\/div>\n<\/td>\n<td colspan=\"2\">\n<div class=\"Texto\"><\/div>\n<\/td>\n<\/tr>\n<\/tbody>\n<\/table>\n<div class=\"Texto\"><\/div>\n<div class=\"Texto\">Si no cuenta con Programa IMMEX por favor proporcione la siguiente informaci\u00f3n:<\/div>\n<div class=\"Texto\"><\/div>\n<table>\n<tbody>\n<tr>\n<td colspan=\"2\">\n<div class=\"Texto\">Por favor marque con una\u00a0&#8220;X&#8221;\u00a0el supuesto en que se ubica la persona moral solicitante:<\/div>\n<\/td>\n<\/tr>\n<tr>\n<td>\n<div class=\"Texto\"><\/div>\n<\/td>\n<td>\n<div class=\"Texto\">Realiz\u00f3 importaciones con un valor mayor a $106,705, 330.00., en el a\u00f1o de calendario anterior al que se presenta\u00a0la solicitud.<\/div>\n<\/td>\n<\/tr>\n<\/tbody>\n<\/table>\n<div class=\"Texto\"><\/div>\n<table>\n<tbody>\n<tr>\n<td>\n<div class=\"Texto\"><\/div>\n<\/td>\n<td>\n<div class=\"Texto\">Inicia sus operaciones y estima efectuar en el ejercicio de inicio importaciones con valor superior a\u00a0$106,705,330.00.<\/div>\n<\/td>\n<\/tr>\n<\/tbody>\n<\/table>\n<div class=\"Texto\"><\/div>\n<div class=\"Texto\">5.8.\u00a0Se\u00f1ale si al momento de ingresar su solicitud se encuentra suspendida en el Padr\u00f3n de Importadores o en el\u00a0Padr\u00f3n de Importadores de Sectores Espec\u00edficos o Padr\u00f3n de Exportadores Sectorial.<\/div>\n<table>\n<tbody>\n<tr>\n<td>\n<div class=\"Texto\"><\/div>\n<\/td>\n<td>\n<div class=\"Texto\">SI<\/div>\n<\/td>\n<td>\n<div class=\"Texto\"><\/div>\n<\/td>\n<td>\n<div class=\"Texto\">NO<\/div>\n<\/td>\n<\/tr>\n<\/tbody>\n<\/table>\n<div class=\"texto\"><\/div>\n<div class=\"Texto\">5.9.\u00a0Indique si cuenta con un sistema de control de inventarios, para el registro de sus operaciones de comercio\u00a0exterior.<\/div>\n<table>\n<tbody>\n<tr>\n<td>\n<div class=\"Texto\"><\/div>\n<\/td>\n<td>\n<div class=\"Texto\">SI<\/div>\n<\/td>\n<td>\n<div class=\"Texto\"><\/div>\n<\/td>\n<td>\n<div class=\"Texto\">NO<\/div>\n<\/td>\n<\/tr>\n<\/tbody>\n<\/table>\n<div class=\"texto\"><\/div>\n<div class=\"Texto\">Indique, en su caso, si cuenta con un sistema de control de inventarios de conformidad con las disposiciones previstas\u00a0por el Anexo 24.<\/div>\n<table>\n<tbody>\n<tr>\n<td>\n<div class=\"Texto\"><\/div>\n<\/td>\n<td>\n<div class=\"Texto\">SI<\/div>\n<\/td>\n<td>\n<div class=\"Texto\"><\/div>\n<\/td>\n<td>\n<div class=\"Texto\">NO<\/div>\n<\/td>\n<\/tr>\n<\/tbody>\n<\/table>\n<div class=\"texto\"><\/div>\n<table>\n<tbody>\n<tr>\n<td>\n<div class=\"Texto\">En caso afirmativo, anexe un archivo con el reporte de saldos de mercanc\u00eda de importaci\u00f3n temporal o de mercanc\u00edasobjeto de operaciones de comercio exterior, de un periodo de un mes, que se encuentre dentro de los tres mesesanteriores a la fecha de la solicitud de registro del despacho de mercanc\u00edas de las empresas<\/div>\n<\/td>\n<\/tr>\n<\/tbody>\n<\/table>\n<div class=\"Texto\">En cualquier caso, se\u00f1ale la siguiente informaci\u00f3n:<\/div>\n<table>\n<tbody>\n<tr>\n<td>\n<div class=\"Texto\">Nombre del sistema o datos para su identificaci\u00f3n:<\/div>\n<\/td>\n<td>\n<div class=\"Texto\"><\/div>\n<\/td>\n<\/tr>\n<tr>\n<td>\n<div class=\"Texto\">Lugar de radicaci\u00f3n:<\/div>\n<\/td>\n<td>\n<div class=\"Texto\">(Domicilio (s) en M\u00e9xico con acceso a todas sus funciones<br \/>\ndel sistema)<\/div>\n<\/td>\n<\/tr>\n<\/tbody>\n<\/table>\n<div class=\"Texto\"><\/div>\n<div class=\"Texto\">5.10.\u00a0Se\u00f1ale si al momento de ingresar su solicitud el SAT ha interpuesto querella o denuncia penal en contra de los\u00a0socios, accionistas, seg\u00fan corresponda, representante legal e integrantes de la administraci\u00f3n de la empresa solicitante o\u00a0declaratoria de perjuicio, durante los \u00faltimos tres a\u00f1os anteriores a la presentaci\u00f3n de la solicitud.<\/div>\n<table>\n<tbody>\n<tr>\n<td>\n<div class=\"Texto\"><\/div>\n<\/td>\n<td>\n<div class=\"Texto\">SI<\/div>\n<\/td>\n<td>\n<div class=\"Texto\"><\/div>\n<\/td>\n<td>\n<div class=\"Texto\">NO<\/div>\n<\/td>\n<\/tr>\n<\/tbody>\n<\/table>\n<div class=\"texto\"><\/div>\n<div class=\"Texto\">5.11.\u00a0Se\u00f1ale si al momento de ingresar su solicitud lleva la contabilidad en medios electr\u00f3nicos de conformidad con el\u00a0art\u00edculo 28, fracci\u00f3n III, del CFF y la regla 2.8.1.6 de la RMF.<\/div>\n<table>\n<tbody>\n<tr>\n<td>\n<div class=\"Texto\"><\/div>\n<\/td>\n<td>\n<div class=\"Texto\">SI<\/div>\n<\/td>\n<td>\n<div class=\"Texto\"><\/div>\n<\/td>\n<td>\n<div class=\"Texto\">NO<\/div>\n<\/td>\n<\/tr>\n<\/tbody>\n<\/table>\n<div class=\"texto\"><\/div>\n<div class=\"Texto\">5.12.\u00a0Se\u00f1ale si ingresa mensualmente su informaci\u00f3n contable a trav\u00e9s del portal del SAT, de conformidad con el\u00a0art\u00edculo 28, fracci\u00f3n IV, del CFF y la regla 2.8.1.7 de la RMF.<\/div>\n<table>\n<tbody>\n<tr>\n<td>\n<div class=\"Texto\"><\/div>\n<\/td>\n<td>\n<div class=\"Texto\">SI<\/div>\n<\/td>\n<td>\n<div class=\"Texto\"><\/div>\n<\/td>\n<td>\n<div class=\"Texto\">NO<\/div>\n<\/td>\n<\/tr>\n<\/tbody>\n<\/table>\n<div class=\"texto\"><\/div>\n<table>\n<tbody>\n<tr>\n<td>\n<div class=\"Texto\">6. Manifiesto para su renovaci\u00f3n en el Registro del Despacho de Mercanc\u00edas<\/div>\n<\/td>\n<\/tr>\n<\/tbody>\n<\/table>\n<div class=\"Texto\"><\/div>\n<table>\n<tbody>\n<tr>\n<td>\n<div class=\"Texto\">6.1.\u00a0\u00a0\u00a0\u00a0\u00a0Se\u00f1alar el n\u00famero de oficio y fecha en que se\u00a0otorg\u00f3 su registro de despacho de mercanc\u00edas, y\u00a0en su caso, de la \u00faltima renovaci\u00f3n:<\/div>\n<\/td>\n<td>\n<div class=\"Texto\"><\/div>\n<\/td>\n<td>\n<div class=\"Texto\"><\/div>\n<\/td>\n<\/tr>\n<\/tbody>\n<\/table>\n<div class=\"Texto\"><\/div>\n<table>\n<tbody>\n<tr>\n<td>\n<div class=\"Texto\">6.2.\u00a0\u00a0\u00a0\u00a0\u00a0Manifestar que se contin\u00faa cumpliendo con las obligaciones inherentes a\u00a0la autorizaci\u00f3n y con los requisitos previstos para el otorgamiento de laautorizaci\u00f3n.<\/div>\n<\/td>\n<td>\n<div class=\"Texto\"><\/div>\n<\/td>\n<td>\n<div class=\"Texto\"><\/div>\n<\/td>\n<td>\n<div class=\"Texto\">SI<\/div>\n<\/td>\n<td>\n<div class=\"Texto\"><\/div>\n<\/td>\n<td>\n<div class=\"Texto\">NO<\/div>\n<\/td>\n<td>\n<div class=\"Texto\"><\/div>\n<\/td>\n<\/tr>\n<\/tbody>\n<\/table>\n<div class=\"texto\"><\/div>\n<table>\n<tbody>\n<tr>\n<td>\n<div class=\"Texto\">Documentos que se deben anexar a la solicitud.<\/div>\n<\/td>\n<\/tr>\n<tr>\n<td>\n<div class=\"Texto\">Cuando se trate de persona distinta a la acreditada en tr\u00e1mites anteriores, se deber\u00e1 anexar a la solicitud copia\u00a0certificada del documento notarial con el que el firmante acredite sus facultades para realizar actos de administraci\u00f3n.<\/div>\n<\/td>\n<\/tr>\n<\/tbody>\n<\/table>\n<div class=\"Texto\"><\/div>\n<div class=\"Texto\">Bajo protesta de decir verdad, manifiesto que los datos asentados en el presente documento son ciertos y que las<br \/>\nfacultades que me fueron otorgadas no me han sido modificadas y\/o revocadas.<\/div>\n<div class=\"Texto\"><\/div>\n<table>\n<tbody>\n<tr>\n<td>\n<div class=\"Texto\">NOMBRE DEL REPRESENTANTE LEGAL DEL SOLICITANTE<\/div>\n<\/td>\n<\/tr>\n<\/tbody>\n<\/table>\n<div class=\"Texto\">Presente esta solicitud a trav\u00e9s de Ventanilla Digital.<\/div>\n<div class=\"Texto\">INSTRUCCIONES<\/div>\n<table>\n<tbody>\n<tr>\n<td>\n<div class=\"Texto\">Para los efectos de los art\u00edculos 98, 100 de la Ley y 144 del Reglamento, las personas morales interesadas en obtener\u00a0la renovaci\u00f3n en el registro del despacho de mercanc\u00edas, deber\u00e1n cumplir con lo siguiente:<\/div>\n<div class=\"Texto\">1.\u00a0\u00a0\u00a0\u00a0\u00a0Datos de la persona moral.<\/div>\n<div class=\"Texto\">\u00a0\u00a0\u00a0\u00a0\u00a0\u00a0\u00a0Se deber\u00e1 asentar su Nombre, Denominaci\u00f3n y\/o Raz\u00f3n social y RFC con homoclave.<\/div>\n<div class=\"Texto\">2.\u00a0\u00a0\u00a0\u00a0\u00a0Domicilio para o\u00edr y recibir notificaciones.<\/div>\n<div class=\"Texto\">\u00a0\u00a0\u00a0\u00a0\u00a0\u00a0\u00a0Deber\u00e1 se\u00f1alar el domicilio para o\u00edr y recibir notificaciones, s\u00f3lo en el caso que sea distinto a su domicilio fiscal.<\/div>\n<div class=\"Texto\">3.\u00a0\u00a0\u00a0\u00a0\u00a0Datos del representante legal de la persona moral solicitante.<\/div>\n<div class=\"Texto\">\u00a0\u00a0\u00a0\u00a0\u00a0\u00a0\u00a0Deber\u00e1 proporcionar el nombre completo, RFC, tel\u00e9fono y correo electr\u00f3nico del representante legal de la\u00a0persona moral solicitante.<\/div>\n<div class=\"Texto\">4.\u00a0\u00a0\u00a0\u00a0\u00a0Persona autorizada para o\u00edr y recibir notificaciones.<\/div>\n<div class=\"Texto\">\u00a0\u00a0\u00a0\u00a0\u00a0\u00a0\u00a0Deber\u00e1 proporcionar el nombre completo, RFC, tel\u00e9fono y correo electr\u00f3nico de la persona designada para o\u00edr yrecibir notificaciones.<\/div>\n<div class=\"Texto\">\u00a0\u00a0\u00a0\u00a0\u00a0\u00a0\u00a0En caso de requerirlo, podr\u00e1 agregar los campos necesarios para declarar a m\u00e1s de una persona autorizada para\u00a0o\u00edr y recibir notificaciones.<\/div>\n<div class=\"Texto\">5.\u00a0\u00a0\u00a0\u00a0\u00a0Requisitos aplicables.<\/div>\n<div class=\"Texto\">5.1.\u00a0\u00a0\u00a0Se\u00f1alar si al momento de ingresar su solicitud si se encuentra al corriente en el cumplimiento de susobligaciones fiscales y aduaneras<\/div>\n<div class=\"Texto\">\u00a0\u00a0\u00a0\u00a0\u00a0\u00a0\u00a0Deber\u00e1 manifestar lo que corresponda.<\/div>\n<div class=\"Texto\">5.2.\u00a0\u00a0\u00a0Indicar si autoriz\u00f3 al SAT hacer p\u00fablica su opini\u00f3n positiva sobre el cumplimiento de obligaciones fiscales.<\/div>\n<div class=\"Texto\">\u00a0\u00a0\u00a0\u00a0\u00a0\u00a0\u00a0Deber\u00e1 contestar lo que corresponda.<\/div>\n<div class=\"Texto\">5.3.\u00a0\u00a0\u00a0Se\u00f1alar los datos de la constancia de pago del derecho.<\/div>\n<div class=\"Texto\">\u00a0\u00a0\u00a0\u00a0\u00a0\u00a0\u00a0Indicando la fecha de pago, monto, n\u00famero de la operaci\u00f3n, llave de pago y nombre de la Instituci\u00f3n deCr\u00e9dito.<\/div>\n<\/td>\n<\/tr>\n<\/tbody>\n<\/table>\n<div class=\"Normal\"><\/div>\n<table>\n<tbody>\n<tr>\n<td>\n<div class=\"Texto\">5.4.\u00a0\u00a0\u00a0Indicar si al momento de ingresar su solicitud sus certificados de sellos digitales est\u00e1n vigentes.<\/div>\n<div class=\"Texto\">\u00a0\u00a0\u00a0\u00a0\u00a0\u00a0\u00a0Deber\u00e1 contestar lo que corresponda.<\/div>\n<div class=\"Texto\">\u00a0\u00a0\u00a0\u00a0\u00a0\u00a0\u00a0En caso\u00a0afirmativo\u00a0se\u00f1ale si se infringi\u00f3 alguno de los supuestos previstos en el art\u00edculo 17-H, fracci\u00f3n X,\u00a0del CFF, durante los \u00faltimos 12 meses.<\/div>\n<div class=\"Texto\">\u00a0\u00a0\u00a0\u00a0\u00a0\u00a0\u00a0Deber\u00e1 contestar lo que corresponda.<\/div>\n<div class=\"Texto\">5.5.\u00a0\u00a0\u00a0Indiqu\u00e9 si al momento de ingresar la solicitud se encuentra en el listado de empresas publicadas por el\u00a0SAT, en t\u00e9rminos de los art\u00edculos 69 con excepci\u00f3n de lo dispuesto en la fracci\u00f3n VI y 69-B, cuarto p\u00e1rrafo,\u00a0del CFF.<\/div>\n<div class=\"Texto\">5.6.\u00a0\u00a0\u00a0Se\u00f1ale si al momento de ingresar su solicitud tiene actualizado su correo electr\u00f3nico para efectos del\u00a0buz\u00f3n tributario.<\/div>\n<div class=\"Texto\">\u00a0\u00a0\u00a0\u00a0\u00a0\u00a0\u00a0Deber\u00e1 contestar lo que corresponda.<\/div>\n<div class=\"Texto\">5.7.\u00a0\u00a0\u00a0Indicar si la persona moral solicitante cuenta con Programa IMMEX.<\/div>\n<div class=\"Texto\">\u00a0\u00a0Deber\u00e1 se\u00f1alar por favor el n\u00famero del programa.<\/div>\n<div class=\"Texto\">\u00a0\u00a0Si no cuenta con Programa IMMEX proporcionar la siguiente informaci\u00f3n:<\/div>\n<div class=\"Texto\">a)\u00a0\u00a0\u00a0\u00a0\u00a0Que realiz\u00f3 importaciones con un valor mayor a $106,705,330.00 en el a\u00f1o de calendario anterior al que sepresenta la solicitud.<\/div>\n<div class=\"Texto\">b)\u00a0\u00a0\u00a0\u00a0\u00a0Que inicia sus operaciones y estima efectuar en el ejercicio de inicio importaciones con valor superior a$106,705,330.00.<\/div>\n<div class=\"Texto\">5.8.\u00a0\u00a0\u00a0Se\u00f1alar si al momento de ingresar su solicitud se encuentra suspendida en el Padr\u00f3n de Importadores o en\u00a0el Padr\u00f3n de Importadores de Sectores Espec\u00edficos o Padr\u00f3n de Exportadores Sectorial.<\/div>\n<div class=\"Texto\">\u00a0\u00a0\u00a0\u00a0\u00a0\u00a0\u00a0Deber\u00e1 contestar lo que corresponda<\/div>\n<\/td>\n<\/tr>\n<\/tbody>\n<\/table>\n<div class=\"Normal\"><\/div>\n<table>\n<tbody>\n<tr>\n<td>\n<div class=\"Texto\">5.9.\u00a0\u00a0\u00a0Indicar si cuenta con un sistema de control de inventarios, para el registro de sus operaciones de comercioexterior.<\/div>\n<div class=\"Texto\">\u00a0\u00a0\u00a0\u00a0\u00a0\u00a0\u00a0Deber\u00e1 contestar lo que corresponda<\/div>\n<div class=\"Texto\">\u00a0\u00a0\u00a0\u00a0\u00a0\u00a0\u00a0Indique, en su caso, si cuenta con un sistema de control de inventarios de conformidad con las\u00a0disposiciones previstas por el Anexo 24.<\/div>\n<div class=\"Texto\">\u00a0\u00a0\u00a0\u00a0\u00a0\u00a0\u00a0Deber\u00e1 contestar lo que corresponda.<\/div>\n<div class=\"Texto\">\u00a0\u00a0\u00a0\u00a0\u00a0\u00a0\u00a0En caso afirmativo, deber\u00e1 anexar un archivo con el reporte de saldos de mercanc\u00eda de importaci\u00f3n\u00a0temporal o de mercanc\u00edas objeto de operaciones de comercio exterior, de un periodo de un mes, que se\u00a0encuentre dentro de los tres meses anteriores a la fecha de presentaci\u00f3n de la solicitud de registro del\u00a0despacho de mercanc\u00edas de las empresas.<\/div>\n<div class=\"Texto\">\u00a0\u00a0\u00a0\u00a0\u00a0\u00a0\u00a0En cualquier caso, deber\u00e1 se\u00f1alar el nombre del sistema o datos para su identificaci\u00f3n, el lugar de\u00a0radicaci\u00f3n y domicilio o domicilios en M\u00e9xico, con acceso a todas las funciones del sistema.<\/div>\n<div class=\"Texto\">5.10.\u00a0Se\u00f1alar si al momento de ingresar su solicitud el SAT ha interpuesto querella o denuncia penal en contra\u00a0de los socios, accionistas, seg\u00fan corresponda, representante legal e integrantes de la administraci\u00f3n de laempresa solicitante o declaratoria de perjuicio, durante los \u00faltimos tres a\u00f1os anteriores a la presentaci\u00f3n de\u00a0la solicitud.<\/div>\n<div class=\"Texto\">\u00a0\u00a0\u00a0\u00a0\u00a0\u00a0\u00a0Deber\u00e1 contestar lo que corresponda.<\/div>\n<div class=\"Texto\">5.11.\u00a0Se\u00f1alar si al momento de ingresar su solicitud lleva la contabilidad en medios electr\u00f3nicos de conformidad\u00a0con el art\u00edculo 28, fracci\u00f3n III, del CFF y la regla 2.8.1.6 de la RMF.<\/div>\n<div class=\"Texto\">\u00a0\u00a0\u00a0\u00a0\u00a0\u00a0\u00a0Deber\u00e1 contestar lo que corresponda.<\/div>\n<div class=\"Texto\">5.12.\u00a0Se\u00f1ale si ingresa mensualmente su informaci\u00f3n contable a trav\u00e9s del portal del SAT, de conformidad con\u00a0el art\u00edculo 28, fracci\u00f3n IV, del CFF y la regla 2.8.1.7 de la RMF.<\/div>\n<div class=\"Texto\">6.\u00a0\u00a0\u00a0\u00a0\u00a0Manifiesto para su renovaci\u00f3n en el registro del Despacho de Mercanc\u00edas.<\/div>\n<div class=\"Texto\">6.1\u00a0\u00a0\u00a0Se\u00f1alar el n\u00famero de oficio y fecha en que se otorg\u00f3 su registro de despacho de mercanc\u00edas, y en su caso,\u00a0de la \u00faltima renovaci\u00f3n.<\/div>\n<div class=\"Texto\">6.2.\u00a0\u00a0\u00a0Manifestar que se contin\u00faa cumpliendo con las obligaciones inherentes a la autorizaci\u00f3n y con los requisitosprevistos para el otorgamiento de la autorizaci\u00f3n.<\/div>\n<\/td>\n<\/tr>\n<\/tbody>\n<\/table>\n<div class=\"Texto\"><\/div>\n<div class=\"Texto\">Instructivo de tr\u00e1mite del aviso \u00fanico de renovaci\u00f3n en el registro del despacho de mercanc\u00edas<\/div>\n<table>\n<tbody>\n<tr>\n<td>\n<div class=\"Texto\">\u00bfQui\u00e9nes lo presentan?<\/div>\n<div class=\"Texto\">Las personas morales que hayan obtenido la autorizaci\u00f3n en el registro del despacho de mercanc\u00edas de empresas.<\/div>\n<\/td>\n<\/tr>\n<tr>\n<td>\n<div class=\"Texto\">\u00bfC\u00f3mo se presenta?<\/div>\n<div class=\"Texto\">Mediante Ventanilla Digital.<\/div>\n<\/td>\n<\/tr>\n<tr>\n<td>\n<div class=\"Texto\">\u00bfA qui\u00e9n se dirige?<\/div>\n<div class=\"Texto\">A la AGACE.<\/div>\n<\/td>\n<\/tr>\n<tr>\n<td>\n<div class=\"Texto\">\u00bfCu\u00e1ndo se presenta?<\/div>\n<div class=\"Texto\">Dentro de los 30 d\u00edas anteriores a que venza la vigencia de su registro.<\/div>\n<\/td>\n<\/tr>\n<\/tbody>\n<\/table>\n<table>\n<tbody>\n<tr>\n<td>\n<div class=\"Texto\">Requisitos:<\/div>\n<div class=\"Texto\">I.\u00a0\u00a0\u00a0\u00a0\u00a0\u00a0Estar constituidas conforme a la legislaci\u00f3n mexicana.<\/div>\n<div class=\"Texto\">II.\u00a0\u00a0\u00a0\u00a0\u00a0Deber\u00e1n encontrarse al corriente respecto de sus obligaciones fiscales.<\/div>\n<div class=\"Texto\">III.\u00a0\u00a0\u00a0\u00a0Haber realizado a trav\u00e9s del esquema electr\u00f3nico e5cinco, el pago del derecho que corresponda a la fecha depresentaci\u00f3n de la solicitud, a que se refiere el art\u00edculo 40, inciso a) de la LFD.<\/div>\n<div class=\"Texto\">IV.\u00a0\u00a0\u00a0\u00a0No encontrarse al momento de ingresar la solicitud en el listado de empresas publicadas por el SAT en t\u00e9rminos\u00a0de los art\u00edculos 69 con excepci\u00f3n de lo dispuesto en la fracci\u00f3n VI y 69-B, cuarto p\u00e1rrafo del CFF.<\/div>\n<div class=\"Texto\">V.\u00a0\u00a0\u00a0\u00a0\u00a0Que sus certificados de sellos digitales est\u00e9n vigentes y no se hubiere comprobado que se infringi\u00f3 alguno de lossupuestos previstos en el art\u00edculo 17-H, fracci\u00f3n X, del CFF, durante los \u00faltimos 12 meses.<\/div>\n<div class=\"Texto\">VI.\u00a0\u00a0\u00a0\u00a0Haber actualizado su correo electr\u00f3nico para efectos del buz\u00f3n tributario.<\/div>\n<div class=\"Texto\">VII.\u00a0\u00a0\u00a0Manifestar el n\u00famero de Programa IMMEX vigente, o en caso de no contar con dicho Programa, deber\u00e1\u00a0manifestar, bajo protesta de decir verdad, que la persona moral realiz\u00f3 importaciones con un valor mayor a\u00a0$106&#8217;705,330.00 en el a\u00f1o calendario anterior al que se presenta la solicitud, o bien que en el ejercicio de inicio\u00a0de operaciones estima efectuar importaciones con un valor superior a $106&#8217;705,330.00.<\/div>\n<div class=\"Texto\">VIII.\u00a0\u00a0Que no se encuentre suspendida o cancelada en el Padr\u00f3n de Importadores o en el Padr\u00f3n de Importadores deSectores Espec\u00edficos o Padr\u00f3n de Exportadores Sectorial.<\/div>\n<div class=\"Texto\">IX.\u00a0\u00a0\u00a0\u00a0Permitir en todo momento el acceso al personal de la AGACE, en caso de que la autoridad programe una visita\u00a0de inspecci\u00f3n inicial o de supervisi\u00f3n de cumplimiento.<\/div>\n<div class=\"Texto\">X.\u00a0\u00a0\u00a0\u00a0\u00a0Contar con control de inventarios de conformidad con las disposiciones previstas por el SAT en forma\u00a0automatizada, que mantenga en todo momento el registro actualizado de los datos de control de las mercanc\u00edas\u00a0de comercio exterior, mismo que debe estar a disposici\u00f3n de la autoridad aduanera.<\/div>\n<div class=\"Texto\">XI.\u00a0\u00a0\u00a0\u00a0Declaraci\u00f3n bajo protesta de decir verdad en la que manifiesten que las circunstancias por las que se les otorg\u00f3\u00a0la autorizaci\u00f3n, no han variado y que contin\u00faan cumpliendo con los requisitos inherentes a la misma.<\/div>\n<\/td>\n<\/tr>\n<\/tbody>\n<\/table>\n<div class=\"Normal\"><\/div>\n<table>\n<tbody>\n<tr>\n<td>\n<div class=\"Texto\">\u00bfQu\u00e9 procede una vez presentada la solicitud?<\/div>\n<div class=\"Texto\">En el caso de que la autoridad aduanera detecte la falta de alg\u00fan requisito, le requerir\u00e1 por \u00fanica ocasi\u00f3n al promovente\u00a0la informaci\u00f3n o documentaci\u00f3n faltante, se\u00f1alando las causas que lo motivan y le otorgar\u00e1 un plazo de 15 d\u00edas para\u00a0que subsane o desvirt\u00fae la inconsistencia, en caso contrario, se entender\u00e1 que se desisti\u00f3 de la promoci\u00f3n.<\/div>\n<\/td>\n<\/tr>\n<tr>\n<td>\n<div class=\"Texto\">\u00bfEn qu\u00e9 plazo la autoridad dar\u00e1 respuesta?<\/div>\n<div class=\"Texto\">En un plazo no mayor a 30 d\u00edas, contados a partir del d\u00eda siguiente a la fecha del acuse de recepci\u00f3n.<\/div>\n<div class=\"Texto\">El plazo de 30 d\u00edas se computar\u00e1 a partir de que se tengan cubiertos en su totalidad los requisitos establecidos, seg\u00fansea el caso. Transcurrido dicho plazo, sin que se haya resuelto, se entender\u00e1 no favorable la resoluci\u00f3n.<\/div>\n<\/td>\n<\/tr>\n<tr>\n<td>\n<div class=\"Texto\">\u00bfQu\u00e9 documento se obtiene?<\/div>\n<div class=\"Texto\">Resoluci\u00f3n por la que se otorgue el registro del despacho de mercanc\u00edas de las empresas.<\/div>\n<\/td>\n<\/tr>\n<tr>\n<td>\n<div class=\"Texto\">Disposiciones jur\u00eddicas aplicables:<\/div>\n<div class=\"Texto\">Art\u00edculos 98, 100 de la Ley,144 del Reglamento y las reglas 7.5.1., 7.5.4.<\/div>\n<\/td>\n<\/tr>\n<\/tbody>\n<\/table>\n<div class=\"Texto\">&#8230;&#8230;&#8230;&#8230;&#8230;&#8230;&#8230;&#8230;&#8230;&#8230;&#8230;&#8230;&#8230;&#8230;&#8230;&#8230;&#8230;&#8230;&#8230;&#8230;&#8230;&#8230;&#8230;&#8230;&#8230;&#8230;&#8230;&#8230;&#8230;&#8230;&#8230;&#8230;&#8230;&#8230;&#8230;&#8230;&#8230;&#8230;&#8230;&#8230;&#8230;&#8230;&#8230;&#8230;&#8230;&#8230;&#8230;&#8230;&#8230;&#8230;&#8230;&#8230;&#8230;&#8230;&#8230;&#8230;&#8230;<\/div>\n<div class=\"Texto\">E12.<\/div>\n<table>\n<tbody>\n<tr>\n<td>\n<div class=\"texto\"><img decoding=\"async\" src=\"http:\/\/www.dof.gob.mx\/imagenes_diarios\/2018\/09\/20\/MAT\/shcp2a11_Cimg_63052.png\" \/><\/div>\n<\/td>\n<td colspan=\"2\">\n<div class=\"texto\">Formato \u00danico de Garant\u00edas en materia de IVA e IEPS.<\/div>\n<\/td>\n<td>\n<div class=\"texto\"><img decoding=\"async\" src=\"http:\/\/www.dof.gob.mx\/imagenes_diarios\/2018\/09\/20\/MAT\/shcp2a11_Cimg_67644.png\" \/><\/div>\n<\/td>\n<\/tr>\n<\/tbody>\n<\/table>\n<table>\n<tbody>\n<tr>\n<td colspan=\"2\">\n<div class=\"texto\">Para el llenado del formato consultar el instructivo anexo.<\/div>\n<table>\n<tbody>\n<tr>\n<td>\n<div class=\"texto\">Tipo de Garant\u00eda<\/div>\n<div class=\"texto\">Marque con una\u00a0&#8220;X&#8221;\u00a0en el cuadro que aplique.<\/div>\n<\/td>\n<\/tr>\n<\/tbody>\n<\/table>\n<div class=\"texto\"><\/div>\n<table>\n<tbody>\n<tr>\n<td>\n<div class=\"texto\"><\/div>\n<\/td>\n<td>\n<div class=\"texto\">Fianza<\/div>\n<\/td>\n<\/tr>\n<\/tbody>\n<\/table>\n<\/td>\n<td colspan=\"2\">\n<div class=\"texto\"><\/div>\n<\/td>\n<\/tr>\n<\/tbody>\n<\/table>\n<table>\n<tbody>\n<tr>\n<td colspan=\"2\">\n<table>\n<tbody>\n<tr>\n<td>\n<div class=\"texto\"><\/div>\n<\/td>\n<td>\n<div class=\"texto\">Carta de Cr\u00e9dito<\/div>\n<\/td>\n<\/tr>\n<\/tbody>\n<\/table>\n<div class=\"texto\"><\/div>\n<div class=\"texto\">Marque con una\u00a0&#8220;X&#8221;\u00a0en el cuadro que aplique.<\/div>\n<table>\n<tbody>\n<tr>\n<td>\n<div class=\"texto\"><\/div>\n<\/td>\n<td>\n<div class=\"texto\">Garant\u00edarevolvente<\/div>\n<\/td>\n<td>\n<div class=\"texto\"><\/div>\n<\/td>\n<td>\n<div class=\"texto\">Garant\u00edaindividual<\/div>\n<\/td>\n<\/tr>\n<\/tbody>\n<\/table>\n<div class=\"texto\"><\/div>\n<\/td>\n<td colspan=\"2\">\n<table>\n<tbody>\n<tr>\n<td><\/td>\n<\/tr>\n<\/tbody>\n<\/table>\n<\/td>\n<\/tr>\n<\/tbody>\n<\/table>\n<div class=\"texto\"><\/div>\n<table>\n<tbody>\n<tr>\n<td colspan=\"7\">\n<div class=\"texto\">Tipo de Solicitud.<\/div>\n<div class=\"texto\">Marque con una\u00a0&#8220;X&#8221;\u00a0en el cuadro que aplique.<\/div>\n<\/td>\n<\/tr>\n<tr>\n<td colspan=\"2\">\n<div class=\"texto\"><\/div>\n<\/td>\n<td colspan=\"2\">\n<div class=\"texto\">Aceptaci\u00f3n<\/div>\n<\/td>\n<td colspan=\"3\">\n<div class=\"texto\">(Requisitos contenidos en los rubros 1 al 6 y 12)<\/div>\n<\/td>\n<\/tr>\n<tr>\n<td colspan=\"2\">\n<div class=\"texto\"><\/div>\n<\/td>\n<td colspan=\"2\">\n<div class=\"texto\">Renovaci\u00f3n\u00a0(cuando se trate de p\u00f3liza de fianza)<\/div>\n<\/td>\n<td colspan=\"3\">\n<div class=\"texto\">(Requisitos contenidos en los rubros 1, 2, 6, 7 y 12)<\/div>\n<\/td>\n<\/tr>\n<tr>\n<td colspan=\"2\">\n<div class=\"texto\"><\/div>\n<\/td>\n<td colspan=\"2\">\n<div class=\"texto\">Ampliaci\u00f3n de vigencia\u00a0(cuando se trata de carta\u00a0de cr\u00e9dito)<\/div>\n<\/td>\n<td colspan=\"3\">\n<div class=\"texto\">(Requisitos contenidos en los rubros 1, 2, 6, 8 y 12)<\/div>\n<\/td>\n<\/tr>\n<tr>\n<td colspan=\"2\">\n<div class=\"texto\"><\/div>\n<\/td>\n<td colspan=\"2\">\n<div class=\"texto\">Aumento de monto garantizado<\/div>\n<\/td>\n<td colspan=\"3\">\n<div class=\"texto\">(Requisitos contenidos en los rubros 1, 2, 6, 9 y 12)<\/div>\n<\/td>\n<\/tr>\n<tr>\n<td colspan=\"2\">\n<div class=\"texto\"><\/div>\n<\/td>\n<td colspan=\"2\">\n<div class=\"texto\">Cancelaci\u00f3n<\/div>\n<\/td>\n<td colspan=\"3\">\n<div class=\"texto\">(Requisitos contenidos en los rubros 1, 2 y 10)<\/div>\n<\/td>\n<\/tr>\n<tr>\n<td colspan=\"7\">\n<div class=\"texto\">Tipo de Aviso (Avisos que se refieren a las reglas 7.4.8. y 7.4.9., relacionados con el esquema de garant\u00edas en\u00a0materia de IVA e IEPS).<\/div>\n<div class=\"texto\">Marque con una\u00a0&#8220;X&#8221;\u00a0el(los) tipo(s) de aviso de que se trate:<\/div>\n<\/td>\n<\/tr>\n<tr>\n<td colspan=\"2\">\n<div class=\"texto\"><\/div>\n<\/td>\n<td colspan=\"2\">\n<div class=\"texto\">Aviso por cambio de denominaci\u00f3n o raz\u00f3n social.<\/div>\n<\/td>\n<td colspan=\"3\">\n<div class=\"texto\">(Requisitos contenidos en los rubros 1, 2, 11 y 12)<\/div>\n<\/td>\n<\/tr>\n<tr>\n<td colspan=\"2\">\n<div class=\"texto\"><\/div>\n<\/td>\n<td colspan=\"2\">\n<div class=\"texto\">Aviso de fusi\u00f3n de empresas que cuenten con la\u00a0aceptaci\u00f3n de garant\u00edas en materia de IVA e IEPS y\u00a0subsista una de ellas.<\/div>\n<\/td>\n<td colspan=\"3\">\n<div class=\"texto\">(Requisitos contenidos en los rubros 1, 2, 11 y 12)<\/div>\n<\/td>\n<\/tr>\n<tr>\n<td colspan=\"2\">\n<div class=\"texto\"><\/div>\n<\/td>\n<td colspan=\"2\">\n<div class=\"texto\">Aviso de fusi\u00f3n o escisi\u00f3n de empresas que cuenten\u00a0con la aceptaci\u00f3n de garant\u00edas enmateria de IVA e\u00a0IEPS, y resulte una nueva sociedad.<\/div>\n<\/td>\n<td colspan=\"3\">\n<div class=\"texto\">(Requisitos contenidos en los rubros 1, 2, 11 y 12)<\/div>\n<\/td>\n<\/tr>\n<tr>\n<td colspan=\"2\">\n<div class=\"texto\">Proporcione el(los) n\u00famero(s) y fecha(s) del(de los)\u00a0oficio(s) con el(los) que se otorg\u00f3 la aceptaci\u00f3n de la(s)\u00a0garant\u00eda(s) en materia de IVA e IEPS.<\/div>\n<\/td>\n<td colspan=\"4\">\n<div class=\"texto\"><\/div>\n<\/td>\n<\/tr>\n<\/tbody>\n<\/table>\n<div class=\"texto\"><\/div>\n<div class=\"texto\">1. DATOS DEL CONTRIBUYENTE.<\/div>\n<table>\n<tbody>\n<tr>\n<td colspan=\"2\">\n<div class=\"texto\">1.1 Denominaci\u00f3n y\/o raz\u00f3n social.<\/div>\n<\/td>\n<\/tr>\n<tr>\n<td>\n<div class=\"texto\">Denominaci\u00f3n y\/o Raz\u00f3n social:<\/div>\n<\/td>\n<td>\n<div class=\"texto\"><\/div>\n<\/td>\n<\/tr>\n<\/tbody>\n<\/table>\n<div class=\"texto\"><\/div>\n<table>\n<tbody>\n<tr>\n<td>\n<div class=\"texto\">RFC:<\/div>\n<\/td>\n<td>\n<table>\n<tbody>\n<tr>\n<td>\n<div class=\"texto\"><\/div>\n<\/td>\n<td>\n<div class=\"texto\"><\/div>\n<\/td>\n<td>\n<div class=\"texto\"><\/div>\n<\/td>\n<td>\n<div class=\"texto\"><\/div>\n<\/td>\n<td>\n<div class=\"texto\"><\/div>\n<\/td>\n<td>\n<div class=\"texto\"><\/div>\n<\/td>\n<td>\n<div class=\"texto\"><\/div>\n<\/td>\n<td>\n<div class=\"texto\"><\/div>\n<\/td>\n<td>\n<div class=\"texto\"><\/div>\n<\/td>\n<td>\n<div class=\"texto\"><\/div>\n<\/td>\n<td>\n<div class=\"texto\"><\/div>\n<\/td>\n<td>\n<div class=\"texto\"><\/div>\n<\/td>\n<td>\n<div class=\"texto\"><\/div>\n<\/td>\n<\/tr>\n<\/tbody>\n<\/table>\n<div class=\"texto\"><\/div>\n<\/td>\n<\/tr>\n<\/tbody>\n<\/table>\n<div class=\"texto\"><\/div>\n<div class=\"texto\">Para el llenado de los puntos 1.2 y 1.3 deber\u00e1 consultar las claves establecidas en el Anexo 1\u00a0del instructivo.<\/div>\n<table>\n<tbody>\n<tr>\n<td>\n<div class=\"texto\">1.2 Actividad Preponderante.<\/div>\n<\/td>\n<\/tr>\n<tr>\n<td>\n<div class=\"texto\"><\/div>\n<\/td>\n<\/tr>\n<tr>\n<td>\n<div class=\"texto\"><\/div>\n<\/td>\n<\/tr>\n<\/tbody>\n<\/table>\n<div class=\"texto\"><\/div>\n<table>\n<tbody>\n<tr>\n<td>\n<div class=\"texto\">1.3 Sector productivo o Sector servicio.<\/div>\n<\/td>\n<td>\n<div class=\"texto\"><\/div>\n<\/td>\n<td>\n<div class=\"texto\">Concepto.<\/div>\n<\/td>\n<\/tr>\n<tr>\n<td>\n<div class=\"texto\"><\/div>\n<\/td>\n<td>\n<div class=\"texto\"><\/div>\n<\/td>\n<td>\n<div class=\"texto\"><\/div>\n<\/td>\n<\/tr>\n<\/tbody>\n<\/table>\n<div class=\"texto\"><\/div>\n<table>\n<tbody>\n<tr>\n<td colspan=\"5\">\n<div class=\"texto\">1.4 Domicilio fiscal.<\/div>\n<\/td>\n<\/tr>\n<tr>\n<td>\n<div class=\"texto\"><\/div>\n<\/td>\n<td colspan=\"3\">\n<div class=\"texto\"><\/div>\n<\/td>\n<td>\n<div class=\"texto\"><\/div>\n<\/td>\n<\/tr>\n<tr>\n<td>\n<div class=\"texto\">Calle<\/div>\n<\/td>\n<td colspan=\"3\">\n<div class=\"texto\">N\u00famero y\/o letra exterior<\/div>\n<\/td>\n<td>\n<div class=\"texto\">N\u00famero y\/o letra interior<\/div>\n<\/td>\n<\/tr>\n<tr>\n<td colspan=\"5\">\n<div class=\"texto\"><\/div>\n<div class=\"texto\"><\/div>\n<\/td>\n<\/tr>\n<tr>\n<td>\n<div class=\"texto\">Colonia<\/div>\n<\/td>\n<td colspan=\"3\">\n<div class=\"texto\">C\u00f3digo Postal (5 d\u00edgitos)<\/div>\n<\/td>\n<td>\n<div class=\"texto\">Delegaci\u00f3n\/Municipio<\/div>\n<\/td>\n<\/tr>\n<tr>\n<td colspan=\"5\">\n<div class=\"texto\"><\/div>\n<\/td>\n<\/tr>\n<tr>\n<td>\n<div class=\"texto\">Entidad Federativa<\/div>\n<\/td>\n<td colspan=\"3\">\n<div class=\"texto\">Tel\u00e9fono (Lada)<\/div>\n<\/td>\n<td>\n<div class=\"texto\">Correo electr\u00f3nico<\/div>\n<\/td>\n<\/tr>\n<tr>\n<td colspan=\"5\">\n<div class=\"texto\">1.5 Domicilio para o\u00edr y recibir notificaciones.<\/div>\n<\/td>\n<\/tr>\n<tr>\n<td colspan=\"2\">\n<div class=\"texto\"><\/div>\n<\/td>\n<td>\n<div class=\"texto\"><\/div>\n<\/td>\n<td colspan=\"2\">\n<div class=\"texto\"><\/div>\n<\/td>\n<\/tr>\n<tr>\n<td colspan=\"2\">\n<div class=\"texto\">Calle<\/div>\n<\/td>\n<td>\n<div class=\"texto\">N\u00famero y\/o letra exterior<\/div>\n<\/td>\n<td colspan=\"2\">\n<div class=\"texto\">N\u00famero y\/o letra interior<\/div>\n<\/td>\n<\/tr>\n<tr>\n<td colspan=\"2\">\n<div class=\"texto\"><\/div>\n<\/td>\n<td>\n<div class=\"texto\"><\/div>\n<\/td>\n<td colspan=\"2\">\n<div class=\"texto\"><\/div>\n<\/td>\n<\/tr>\n<tr>\n<td colspan=\"2\">\n<div class=\"texto\">Colonia<\/div>\n<\/td>\n<td>\n<div class=\"texto\">C\u00f3digo Postal (5 d\u00edgitos)<\/div>\n<\/td>\n<td colspan=\"2\">\n<div class=\"texto\">Delegaci\u00f3n\/Municipio<\/div>\n<\/td>\n<\/tr>\n<tr>\n<td colspan=\"2\">\n<div class=\"texto\"><\/div>\n<\/td>\n<td>\n<div class=\"texto\"><\/div>\n<\/td>\n<td colspan=\"2\">\n<div class=\"texto\"><\/div>\n<\/td>\n<\/tr>\n<tr>\n<td colspan=\"2\">\n<div class=\"texto\">Entidad Federativa<\/div>\n<\/td>\n<td>\n<div class=\"texto\">Tel\u00e9fono (Lada)<\/div>\n<\/td>\n<td colspan=\"2\">\n<div class=\"texto\">Correo electr\u00f3nico<\/div>\n<\/td>\n<\/tr>\n<\/tbody>\n<\/table>\n<div class=\"texto\"><\/div>\n<div class=\"texto\">2. DATOS DEL REPRESENTANTE LEGAL DEL CONTRIBUYENTE.<\/div>\n<table>\n<tbody>\n<tr>\n<td colspan=\"3\">\n<div class=\"texto\">2.1 Nombre.<\/div>\n<\/td>\n<\/tr>\n<tr>\n<td>\n<div class=\"texto\"><\/div>\n<\/td>\n<td>\n<div class=\"texto\"><\/div>\n<\/td>\n<td>\n<div class=\"texto\"><\/div>\n<\/td>\n<\/tr>\n<tr>\n<td>\n<div class=\"texto\">Apellido paterno<\/div>\n<\/td>\n<td>\n<div class=\"texto\">Apellido materno<\/div>\n<\/td>\n<td>\n<div class=\"texto\">Nombre (s)<\/div>\n<\/td>\n<\/tr>\n<\/tbody>\n<\/table>\n<div class=\"texto\"><\/div>\n<table>\n<tbody>\n<tr>\n<td>\n<div class=\"texto\">RFC: incluyendo la homoclave<\/div>\n<\/td>\n<td colspan=\"2\">\n<table>\n<tbody>\n<tr>\n<td>\n<div class=\"texto\"><\/div>\n<\/td>\n<td>\n<div class=\"texto\"><\/div>\n<\/td>\n<td>\n<div class=\"texto\"><\/div>\n<\/td>\n<td>\n<div class=\"texto\"><\/div>\n<\/td>\n<td>\n<div class=\"texto\"><\/div>\n<\/td>\n<td>\n<div class=\"texto\"><\/div>\n<\/td>\n<td>\n<div class=\"texto\"><\/div>\n<\/td>\n<td>\n<div class=\"texto\"><\/div>\n<\/td>\n<td>\n<div class=\"texto\"><\/div>\n<\/td>\n<td>\n<div class=\"texto\"><\/div>\n<\/td>\n<td>\n<div class=\"texto\"><\/div>\n<\/td>\n<td>\n<div class=\"texto\"><\/div>\n<\/td>\n<td>\n<div class=\"texto\"><\/div>\n<\/td>\n<\/tr>\n<\/tbody>\n<\/table>\n<div class=\"texto\"><\/div>\n<\/td>\n<\/tr>\n<tr>\n<td colspan=\"2\">\n<div class=\"texto\"><\/div>\n<\/td>\n<td>\n<div class=\"texto\"><\/div>\n<\/td>\n<\/tr>\n<tr>\n<td colspan=\"2\">\n<div class=\"texto\">Tel\u00e9fono (Lada)<\/div>\n<\/td>\n<td>\n<div class=\"texto\">Correo electr\u00f3nico<\/div>\n<\/td>\n<\/tr>\n<\/tbody>\n<\/table>\n<div class=\"texto\"><\/div>\n<table>\n<tbody>\n<tr>\n<td colspan=\"14\">\n<div class=\"texto\">2.2 Persona autorizada para o\u00edr y recibir notificaciones.<\/div>\n<\/td>\n<\/tr>\n<tr>\n<td colspan=\"14\">\n<div class=\"texto\"><\/div>\n<\/td>\n<\/tr>\n<tr>\n<td colspan=\"14\">\n<div class=\"texto\">Apellido paterno\u00a0\u00a0\u00a0\u00a0\u00a0\u00a0\u00a0\u00a0\u00a0\u00a0\u00a0\u00a0\u00a0\u00a0\u00a0\u00a0\u00a0\u00a0\u00a0\u00a0\u00a0\u00a0\u00a0\u00a0\u00a0\u00a0\u00a0\u00a0\u00a0\u00a0Apellido materno\u00a0\u00a0\u00a0\u00a0\u00a0\u00a0\u00a0\u00a0\u00a0\u00a0\u00a0\u00a0\u00a0\u00a0\u00a0\u00a0\u00a0\u00a0\u00a0\u00a0\u00a0\u00a0\u00a0\u00a0\u00a0\u00a0\u00a0\u00a0\u00a0\u00a0\u00a0\u00a0\u00a0\u00a0\u00a0Nombre (s)<\/div>\n<div class=\"texto\"><\/div>\n<\/td>\n<\/tr>\n<tr>\n<td>\n<div class=\"texto\">RFC incluyendo la homoclave:<\/div>\n<\/td>\n<td>\n<div class=\"texto\"><\/div>\n<\/td>\n<td>\n<div class=\"texto\"><\/div>\n<\/td>\n<td>\n<div class=\"texto\"><\/div>\n<\/td>\n<td>\n<div class=\"texto\"><\/div>\n<\/td>\n<td>\n<div class=\"texto\"><\/div>\n<\/td>\n<td>\n<div class=\"texto\"><\/div>\n<\/td>\n<td>\n<div class=\"texto\"><\/div>\n<\/td>\n<td>\n<div class=\"texto\"><\/div>\n<\/td>\n<td>\n<div class=\"texto\"><\/div>\n<\/td>\n<td>\n<div class=\"texto\"><\/div>\n<\/td>\n<td>\n<div class=\"texto\"><\/div>\n<\/td>\n<td>\n<div class=\"texto\"><\/div>\n<\/td>\n<td>\n<div class=\"texto\"><\/div>\n<\/td>\n<\/tr>\n<tr>\n<td>\n<div class=\"texto\"><\/div>\n<\/td>\n<td colspan=\"13\">\n<div class=\"texto\"><\/div>\n<\/td>\n<\/tr>\n<tr>\n<td>\n<div class=\"texto\">Tel\u00e9fono (Lada)<\/div>\n<\/td>\n<td colspan=\"13\">\n<div class=\"texto\">Correo electr\u00f3nico<\/div>\n<\/td>\n<\/tr>\n<\/tbody>\n<\/table>\n<div class=\"texto\"><\/div>\n<div class=\"texto\"><\/div>\n<div class=\"texto\">3. DOCUMENTOS QUE ACREDITAN LOS DATOS DEL CONTRIBUYENTE.<\/div>\n<table>\n<tbody>\n<tr>\n<td colspan=\"4\">\n<div class=\"texto\">3.1 Acta constitutiva del contribuyente.<\/div>\n<\/td>\n<\/tr>\n<tr>\n<td colspan=\"2\">\n<div class=\"texto\"><\/div>\n<\/td>\n<td>\n<div class=\"texto\"><\/div>\n<\/td>\n<td>\n<div class=\"texto\"><\/div>\n<\/td>\n<\/tr>\n<tr>\n<td colspan=\"2\">\n<div class=\"texto\">N\u00famero del instrumento notarial o p\u00f3liza mercantil<\/div>\n<\/td>\n<td>\n<div class=\"texto\"><\/div>\n<\/td>\n<td>\n<div class=\"texto\">Fecha:\u00a0\u00a0\u00a0\u00a0\u00a0\u00a0\u00a0\u00a0\u00a0\u00a0\u00a0\u00a0\u00a0\u00a0\u00a0\u00a0\u00a0\u00a0\u00a0\u00a0\u00a0\u00a0\u00a0\u00a0\u00a0\u00a0\u00a0\u00a0\u00a0\u00a0\u00a0dd\/mm\/aaaa<\/div>\n<\/td>\n<\/tr>\n<tr>\n<td colspan=\"4\">\n<div class=\"texto\"><\/div>\n<\/td>\n<\/tr>\n<tr>\n<td colspan=\"4\">\n<div class=\"texto\">Nombre y n\u00famero del Notario o Corredor P\u00fablico<\/div>\n<\/td>\n<\/tr>\n<tr>\n<td colspan=\"2\">\n<div class=\"texto\"><\/div>\n<\/td>\n<td colspan=\"2\">\n<div class=\"texto\"><\/div>\n<div class=\"texto\"><\/div>\n<\/td>\n<\/tr>\n<tr>\n<td colspan=\"2\">\n<div class=\"texto\">Entidad Federativa<\/div>\n<\/td>\n<td colspan=\"2\">\n<div class=\"texto\"><\/div>\n<div class=\"texto\"><\/div>\n<\/td>\n<\/tr>\n<tr>\n<td colspan=\"4\">\n<div class=\"texto\">3.2 Documento con el que se acredita la personalidad del representante legal del contribuyente que firma esta\u00a0solicitud para realizar actos de administraci\u00f3n y\/o dominio en representaci\u00f3n del contribuyente.<\/div>\n<div class=\"texto\">Marque con una\u00a0&#8220;X&#8221;\u00a0en el cuadro, en caso de constar con acta constitutiva.<\/div>\n<\/td>\n<\/tr>\n<tr>\n<td>\n<div class=\"texto\"><\/div>\n<\/td>\n<td colspan=\"3\">\n<div class=\"texto\">Consta en el acta constitutiva<\/div>\n<\/td>\n<\/tr>\n<tr>\n<td colspan=\"4\">\n<div class=\"texto\">En caso de no constar en el acta constitutiva se\u00f1ale los siguientes datos:<\/div>\n<\/td>\n<\/tr>\n<tr>\n<td colspan=\"2\">\n<div class=\"texto\"><\/div>\n<\/td>\n<td>\n<div class=\"texto\"><\/div>\n<\/td>\n<td>\n<div class=\"texto\"><\/div>\n<\/td>\n<\/tr>\n<tr>\n<td colspan=\"2\">\n<div class=\"texto\">N\u00famero del instrumento notarial o p\u00f3liza mercantil<\/div>\n<\/td>\n<td>\n<div class=\"texto\"><\/div>\n<\/td>\n<td>\n<div class=\"texto\">Fecha:\u00a0\u00a0\u00a0\u00a0\u00a0\u00a0\u00a0\u00a0\u00a0\u00a0\u00a0\u00a0\u00a0\u00a0\u00a0\u00a0\u00a0\u00a0\u00a0\u00a0\u00a0\u00a0\u00a0\u00a0\u00a0\u00a0\u00a0\u00a0dd\/mm\/aaaa<\/div>\n<div class=\"texto\"><\/div>\n<\/td>\n<\/tr>\n<tr>\n<td colspan=\"4\">\n<div class=\"texto\"><\/div>\n<\/td>\n<\/tr>\n<tr>\n<td colspan=\"4\">\n<div class=\"texto\">Nombre y n\u00famero del Notario P\u00fablico o Corredor P\u00fablico<\/div>\n<\/td>\n<\/tr>\n<tr>\n<td colspan=\"2\">\n<div class=\"texto\"><\/div>\n<\/td>\n<td colspan=\"2\">\n<div class=\"texto\"><\/div>\n<div class=\"texto\"><\/div>\n<\/td>\n<\/tr>\n<tr>\n<td colspan=\"2\">\n<div class=\"texto\">Entidad Federativa<\/div>\n<\/td>\n<td colspan=\"2\">\n<div class=\"texto\"><\/div>\n<\/td>\n<\/tr>\n<\/tbody>\n<\/table>\n<div class=\"texto\"><\/div>\n<div class=\"texto\">4. R\u00c9GIMEN ADUANERO.<\/div>\n<table>\n<tbody>\n<tr>\n<td colspan=\"2\">\n<div class=\"texto\">4.1 R\u00e9gimen aduanero.<\/div>\n<div class=\"texto\">Marque con una\u00a0&#8220;X&#8221;\u00a0en el (los) cuadro(s) que aplique.<\/div>\n<\/td>\n<\/tr>\n<tr>\n<td>\n<div class=\"texto\"><\/div>\n<\/td>\n<td>\n<div class=\"texto\">Importaci\u00f3n temporal para elaboraci\u00f3n, transformaci\u00f3n o reparaci\u00f3n en programas de maquila o de\u00a0exportaci\u00f3n (IMMEX)<\/div>\n<\/td>\n<\/tr>\n<tr>\n<td>\n<div class=\"texto\"><\/div>\n<\/td>\n<td>\n<div class=\"texto\">Dep\u00f3sito fiscal para someterse al proceso de ensamble y fabricaci\u00f3n de veh\u00edculos a empresas de la industriaautomotriz terminal<\/div>\n<\/td>\n<\/tr>\n<tr>\n<td>\n<div class=\"texto\"><\/div>\n<\/td>\n<td>\n<div class=\"texto\">Elaboraci\u00f3n, transformaci\u00f3n o reparaci\u00f3n en recinto fiscalizado<\/div>\n<\/td>\n<\/tr>\n<tr>\n<td>\n<div class=\"texto\"><\/div>\n<\/td>\n<td>\n<div class=\"texto\">Recinto fiscalizado estrat\u00e9gico<\/div>\n<div class=\"texto\"><\/div>\n<\/td>\n<\/tr>\n<\/tbody>\n<\/table>\n<div class=\"Normal\"><\/div>\n<table>\n<tbody>\n<tr>\n<td>\n<div class=\"texto\">4.2 Indique el n\u00famero de su Programa IMMEX\u00a0y la modalidad.<\/div>\n<\/td>\n<\/tr>\n<\/tbody>\n<\/table>\n<div class=\"texto\"><\/div>\n<table>\n<tbody>\n<tr>\n<td>\n<div class=\"texto\">N\u00famero de Programa\u00a0IMMEX<\/div>\n<\/td>\n<td>\n<div class=\"texto\"><\/div>\n<\/td>\n<\/tr>\n<tr>\n<td>\n<div class=\"texto\">Modalidad del ProgramaIMMEX<\/div>\n<\/td>\n<td>\n<div class=\"texto\"><\/div>\n<\/td>\n<\/tr>\n<\/tbody>\n<\/table>\n<div class=\"texto\"><\/div>\n<div class=\"texto\">5. GARANT\u00cdA.<\/div>\n<table>\n<tbody>\n<tr>\n<td colspan=\"3\">\n<div class=\"texto\"><\/div>\n<div class=\"texto\">5.1 P\u00f3liza de fianza.<\/div>\n<div class=\"texto\">Se\u00f1ale los siguientes datos:<\/div>\n<\/td>\n<\/tr>\n<tr>\n<td>\n<div class=\"texto\"><\/div>\n<\/td>\n<td>\n<div class=\"texto\"><\/div>\n<\/td>\n<td>\n<div class=\"texto\"><\/div>\n<\/td>\n<\/tr>\n<tr>\n<td>\n<div class=\"texto\">N\u00famero de folio de la p\u00f3liza de fianza<\/div>\n<\/td>\n<td>\n<div class=\"texto\"><\/div>\n<\/td>\n<td>\n<div class=\"texto\">Fecha de\u00a0\u00a0\u00a0\u00a0\u00a0\u00a0\u00a0\u00a0\u00a0\u00a0\u00a0\u00a0\u00a0\u00a0\u00a0\u00a0\u00a0\u00a0\u00a0\u00a0\u00a0\u00a0dd\/mm\/aaaa<\/div>\n<div class=\"texto\">Expedici\u00f3n:<\/div>\n<\/td>\n<\/tr>\n<tr>\n<td colspan=\"3\">\n<div class=\"texto\"><\/div>\n<\/td>\n<\/tr>\n<tr>\n<td colspan=\"3\">\n<div class=\"texto\">Nombre de la Instituci\u00f3n de Fianzas que emite el documento<\/div>\n<div class=\"texto\"><\/div>\n<\/td>\n<\/tr>\n<\/tbody>\n<\/table>\n<div class=\"texto\"><\/div>\n<table>\n<tbody>\n<tr>\n<td>\n<div class=\"texto\">RFC de la Instituci\u00f3n de Fianzas:<\/div>\n<\/td>\n<td>\n<table>\n<tbody>\n<tr>\n<td>\n<div class=\"texto\"><\/div>\n<\/td>\n<td>\n<div class=\"texto\"><\/div>\n<\/td>\n<td>\n<div class=\"texto\"><\/div>\n<\/td>\n<td>\n<div class=\"texto\"><\/div>\n<\/td>\n<td>\n<div class=\"texto\"><\/div>\n<\/td>\n<td>\n<div class=\"texto\"><\/div>\n<\/td>\n<td>\n<div class=\"texto\"><\/div>\n<\/td>\n<td>\n<div class=\"texto\"><\/div>\n<\/td>\n<td>\n<div class=\"texto\"><\/div>\n<\/td>\n<td>\n<div class=\"texto\"><\/div>\n<\/td>\n<td>\n<div class=\"texto\"><\/div>\n<\/td>\n<td>\n<div class=\"texto\"><\/div>\n<\/td>\n<\/tr>\n<\/tbody>\n<\/table>\n<div class=\"texto\"><\/div>\n<\/td>\n<\/tr>\n<\/tbody>\n<\/table>\n<div class=\"texto\"><\/div>\n<div class=\"texto\"><\/div>\n<table>\n<tbody>\n<tr>\n<td colspan=\"6\">\n<div class=\"texto\">Fecha de vigencia de la p\u00f3liza de fianza:<\/div>\n<\/td>\n<\/tr>\n<tr>\n<td>\n<div class=\"texto\">De<\/div>\n<\/td>\n<td>\n<div class=\"texto\"><\/div>\n<\/td>\n<td colspan=\"2\">\n<div class=\"texto\">al<\/div>\n<\/td>\n<td colspan=\"2\">\n<div class=\"texto\"><\/div>\n<\/td>\n<\/tr>\n<tr>\n<td colspan=\"3\">\n<div class=\"texto\">dd\/mm\/aaaa<\/div>\n<div class=\"texto\"><\/div>\n<\/td>\n<td colspan=\"3\">\n<div class=\"texto\">dd\/mm\/aaaa<\/div>\n<\/td>\n<\/tr>\n<tr>\n<td>\n<div class=\"texto\">$<\/div>\n<\/td>\n<td>\n<div class=\"texto\"><\/div>\n<\/td>\n<td colspan=\"2\">\n<div class=\"texto\">.<\/div>\n<\/td>\n<td>\n<div class=\"texto\"><\/div>\n<\/td>\n<td>\n<div class=\"texto\"><\/div>\n<\/td>\n<\/tr>\n<tr>\n<td colspan=\"6\">\n<div class=\"texto\">Importe total en moneda nacional que ampara la p\u00f3liza de fianza (con n\u00famero, incluir centavos y sin comas)<\/div>\n<div class=\"texto\">5.1.1 Anexar p\u00f3liza de fianza formulada en documento digital (archivo XML) proporcionado por la Instituci\u00f3n de Fianzas,\u00a0as\u00ed como su representaci\u00f3n impresa (ver 12.1.1 inciso 4), o<\/div>\n<div class=\"texto\">5.1.2 Anexar original de la p\u00f3liza de fianza formulada en documento impreso (papeler\u00eda oficial de la Instituci\u00f3n de\u00a0Fianzas, de conformidad con el art\u00edculo 16 de la Ley de Instituciones de Seguros y de Fianzas) Ver 12.1.1., apartado 4.<\/div>\n<div class=\"texto\"><\/div>\n<\/td>\n<\/tr>\n<tr>\n<td colspan=\"6\">\n<div class=\"texto\"><\/div>\n<div class=\"texto\">5.2 Carta de cr\u00e9dito.<\/div>\n<div class=\"texto\">Se\u00f1ale los siguientes datos:<\/div>\n<\/td>\n<\/tr>\n<tr>\n<td colspan=\"2\">\n<div class=\"texto\"><\/div>\n<\/td>\n<td colspan=\"2\">\n<div class=\"texto\"><\/div>\n<\/td>\n<td colspan=\"2\">\n<div class=\"texto\"><\/div>\n<\/td>\n<\/tr>\n<tr>\n<td colspan=\"2\">\n<div class=\"texto\">N\u00famero de folio de la carta de cr\u00e9dito<\/div>\n<\/td>\n<td colspan=\"2\">\n<div class=\"texto\"><\/div>\n<\/td>\n<td colspan=\"2\">\n<div class=\"texto\">Fecha de\u00a0\u00a0\u00a0\u00a0\u00a0\u00a0\u00a0\u00a0\u00a0\u00a0\u00a0\u00a0\u00a0\u00a0\u00a0\u00a0\u00a0\u00a0\u00a0\u00a0\u00a0dd\/mm\/aaaa<\/div>\n<div class=\"texto\">Expedici\u00f3n:<\/div>\n<\/td>\n<\/tr>\n<tr>\n<td colspan=\"6\">\n<div class=\"texto\"><\/div>\n<\/td>\n<\/tr>\n<tr>\n<td colspan=\"6\">\n<div class=\"texto\">Nombre de la Instituci\u00f3n de Cr\u00e9dito que emite el documento<\/div>\n<\/td>\n<\/tr>\n<\/tbody>\n<\/table>\n<div class=\"texto\"><\/div>\n<table>\n<tbody>\n<tr>\n<td>\n<div class=\"texto\">RFC de la Instituci\u00f3n de Cr\u00e9dito:<\/div>\n<\/td>\n<td>\n<table>\n<tbody>\n<tr>\n<td>\n<div class=\"texto\"><\/div>\n<\/td>\n<td>\n<div class=\"texto\"><\/div>\n<\/td>\n<td>\n<div class=\"texto\"><\/div>\n<\/td>\n<td>\n<div class=\"texto\"><\/div>\n<\/td>\n<td>\n<div class=\"texto\"><\/div>\n<\/td>\n<td>\n<div class=\"texto\"><\/div>\n<\/td>\n<td>\n<div class=\"texto\"><\/div>\n<\/td>\n<td>\n<div class=\"texto\"><\/div>\n<\/td>\n<td>\n<div class=\"texto\"><\/div>\n<\/td>\n<td>\n<div class=\"texto\"><\/div>\n<\/td>\n<td>\n<div class=\"texto\"><\/div>\n<\/td>\n<td>\n<div class=\"texto\"><\/div>\n<\/td>\n<\/tr>\n<\/tbody>\n<\/table>\n<div class=\"texto\"><\/div>\n<\/td>\n<\/tr>\n<\/tbody>\n<\/table>\n<div class=\"texto\"><\/div>\n<table>\n<tbody>\n<tr>\n<td colspan=\"6\">\n<div class=\"texto\">Fecha de vigencia de la carta de cr\u00e9dito:<\/div>\n<\/td>\n<\/tr>\n<tr>\n<td>\n<div class=\"texto\">De<\/div>\n<\/td>\n<td>\n<div class=\"texto\"><\/div>\n<\/td>\n<td colspan=\"2\">\n<div class=\"texto\">al<\/div>\n<\/td>\n<td colspan=\"2\">\n<div class=\"texto\"><\/div>\n<\/td>\n<\/tr>\n<tr>\n<td colspan=\"3\">\n<div class=\"texto\">dd\/mm\/aaaa<\/div>\n<\/td>\n<td colspan=\"3\">\n<div class=\"texto\">dd\/mm\/aaaa<\/div>\n<\/td>\n<\/tr>\n<\/tbody>\n<\/table>\n<table>\n<tbody>\n<tr>\n<td>\n<div class=\"texto\">$<\/div>\n<\/td>\n<td>\n<div class=\"texto\"><\/div>\n<\/td>\n<td colspan=\"2\">\n<div class=\"texto\">.<\/div>\n<\/td>\n<td>\n<div class=\"texto\"><\/div>\n<\/td>\n<td>\n<div class=\"texto\"><\/div>\n<\/td>\n<\/tr>\n<tr>\n<td colspan=\"6\">\n<div class=\"texto\">Importe total en moneda nacional que ampara la carta de cr\u00e9dito (con n\u00famero, incluir centavos y sin comas)<\/div>\n<\/td>\n<\/tr>\n<tr>\n<td colspan=\"6\">\n<div class=\"texto\">5.2.1 Anexar original de la carta de cr\u00e9dito formulada en documento impreso (hoja membretada de la Instituci\u00f3n\u00a0de Cr\u00e9dito que emite el documento) Ver 12.1.1 inciso 5.<\/div>\n<\/td>\n<\/tr>\n<\/tbody>\n<\/table>\n<div class=\"texto\"><\/div>\n<div class=\"texto\">6. MANIFESTACIONES.<\/div>\n<table>\n<tbody>\n<tr>\n<td>\n<div class=\"texto\">6.1 Requisitos generales para la aceptaci\u00f3n de las garant\u00edas.<\/div>\n<div class=\"texto\">Marque con una\u00a0&#8220;X&#8221;\u00a0en el cuadro que aplique.<\/div>\n<\/td>\n<\/tr>\n<\/tbody>\n<\/table>\n<div class=\"texto\"><\/div>\n<div class=\"texto\">6.1.1.\u00a0Se\u00f1ale si al momento de ingresar su solicitud\u00a0se encuentra al corriente en el cumplimiento de sus obligaciones\u00a0fiscales y aduaneras.<\/div>\n<table>\n<tbody>\n<tr>\n<td>\n<div class=\"texto\"><\/div>\n<\/td>\n<td>\n<div class=\"texto\">SI<\/div>\n<\/td>\n<td>\n<div class=\"texto\"><\/div>\n<\/td>\n<td>\n<div class=\"texto\">NO<\/div>\n<\/td>\n<\/tr>\n<\/tbody>\n<\/table>\n<div class=\"texto\"><\/div>\n<div class=\"texto\">6.1.2. Indique si autoriz\u00f3 al SAT hacer p\u00fablica su opini\u00f3n positiva sobre el cumplimiento de obligaciones fiscales.<\/div>\n<table>\n<tbody>\n<tr>\n<td>\n<div class=\"texto\"><\/div>\n<\/td>\n<td>\n<div class=\"texto\">SI<\/div>\n<\/td>\n<td>\n<div class=\"texto\"><\/div>\n<\/td>\n<td>\n<div class=\"texto\">NO<\/div>\n<\/td>\n<\/tr>\n<\/tbody>\n<\/table>\n<div class=\"texto\"><\/div>\n<div class=\"texto\">6.1.3. Se\u00f1al\u00e9 si al momento de ingresar su solicitud se encuentra en el listado de empresas publicadas por el SAT en\u00a0t\u00e9rminos del art\u00edculo 69 del CFF, con excepci\u00f3n de lo dispuesto en las fracciones II y VI del referido art\u00edculo.<\/div>\n<table>\n<tbody>\n<tr>\n<td>\n<div class=\"texto\"><\/div>\n<\/td>\n<td>\n<div class=\"texto\">SI<\/div>\n<\/td>\n<td>\n<div class=\"texto\"><\/div>\n<\/td>\n<td>\n<div class=\"texto\">NO<\/div>\n<\/td>\n<\/tr>\n<\/tbody>\n<\/table>\n<div class=\"texto\"><\/div>\n<div class=\"texto\">Del mismo modo indique si al momento de ingresar su solicitud se encuentra en el listado de empresas publicadas por\u00a0el SAT en t\u00e9rminos del art\u00edculo 69-B, cuarto p\u00e1rrafo del CFF.<\/div>\n<table>\n<tbody>\n<tr>\n<td>\n<div class=\"texto\"><\/div>\n<\/td>\n<td>\n<div class=\"texto\">SI<\/div>\n<\/td>\n<td>\n<div class=\"texto\"><\/div>\n<\/td>\n<td>\n<div class=\"texto\">NO<\/div>\n<\/td>\n<\/tr>\n<\/tbody>\n<\/table>\n<div class=\"texto\">6.1.4. Se\u00f1ale si al momento de ingresar su solicitud sus certificados de sellos digitales est\u00e1n vigentes.<\/div>\n<table>\n<tbody>\n<tr>\n<td>\n<div class=\"texto\"><\/div>\n<\/td>\n<td>\n<div class=\"texto\">SI<\/div>\n<\/td>\n<td>\n<div class=\"texto\"><\/div>\n<\/td>\n<td>\n<div class=\"texto\">NO<\/div>\n<\/td>\n<\/tr>\n<\/tbody>\n<\/table>\n<div class=\"texto\"><\/div>\n<div class=\"texto\">En caso afirmativo se\u00f1ale si se infringi\u00f3 alguno de los supuestos previstos en el art\u00edculo 17-H, fracci\u00f3n X del CFF,\u00a0durante los \u00faltimos 12 meses.<\/div>\n<table>\n<tbody>\n<tr>\n<td>\n<div class=\"texto\"><\/div>\n<\/td>\n<td>\n<div class=\"texto\">SI<\/div>\n<\/td>\n<td>\n<div class=\"texto\"><\/div>\n<\/td>\n<td>\n<div class=\"texto\">NO<\/div>\n<\/td>\n<\/tr>\n<\/tbody>\n<\/table>\n<div class=\"texto\"><\/div>\n<div class=\"texto\">6.1.5. Se\u00f1ale si al momento de ingresar su solicitud tiene actualizado su correo electr\u00f3nico para efectos del buz\u00f3n\u00a0tributario.<\/div>\n<table>\n<tbody>\n<tr>\n<td>\n<div class=\"texto\"><\/div>\n<\/td>\n<td>\n<div class=\"texto\">SI<\/div>\n<\/td>\n<td>\n<div class=\"texto\"><\/div>\n<\/td>\n<td>\n<div class=\"texto\">NO<\/div>\n<\/td>\n<\/tr>\n<\/tbody>\n<\/table>\n<div class=\"texto\">6.1.6. Se\u00f1ale si al momento de ingresar su solicitud lleva la contabilidad en medios electr\u00f3nicos de conformidad con el\u00a0art\u00edculo 28, fracci\u00f3n III, del CFF y la regla 2.8.1.6. de la RMF.<\/div>\n<table>\n<tbody>\n<tr>\n<td>\n<div class=\"texto\"><\/div>\n<\/td>\n<td>\n<div class=\"texto\">SI<\/div>\n<\/td>\n<td>\n<div class=\"texto\"><\/div>\n<\/td>\n<td>\n<div class=\"texto\">NO<\/div>\n<\/td>\n<\/tr>\n<\/tbody>\n<\/table>\n<div class=\"texto\"><\/div>\n<div class=\"texto\">6.1.7. Se\u00f1ale si ingresa mensualmente su informaci\u00f3n contable a trav\u00e9s del Portal del SAT, de conformidad con el<\/div>\n<div class=\"texto\">art\u00edculo 28, fracci\u00f3n IV, del CFF y la regla 2.8.1.7. de la RMF.<\/div>\n<table>\n<tbody>\n<tr>\n<td>\n<div class=\"texto\"><\/div>\n<\/td>\n<td>\n<div class=\"texto\">SI<\/div>\n<\/td>\n<td>\n<div class=\"texto\"><\/div>\n<\/td>\n<td>\n<div class=\"texto\">NO<\/div>\n<\/td>\n<\/tr>\n<\/tbody>\n<\/table>\n<div class=\"texto\"><\/div>\n<div class=\"texto\">7. RENOVACI\u00d3N.<\/div>\n<table>\n<tbody>\n<tr>\n<td colspan=\"5\">\n<div class=\"texto\">7.1 Adicional a lo establecido en los numerales 1, 2 y 6 de este formato, el contribuyente que realice una\u00a0renovaci\u00f3n del plazo de vigencia de la p\u00f3liza de fianza deber\u00e1 indicar lo siguiente:<\/div>\n<\/td>\n<\/tr>\n<tr>\n<td colspan=\"5\">\n<div class=\"texto\"><\/div>\n<\/td>\n<\/tr>\n<tr>\n<td colspan=\"5\">\n<div class=\"texto\">Folio \u00danico de Garant\u00eda<\/div>\n<div class=\"texto\"><\/div>\n<\/td>\n<\/tr>\n<tr>\n<td colspan=\"5\">\n<div class=\"texto\">N\u00famero y\/o folio de p\u00f3liza de fianza<\/div>\n<div class=\"texto\"><\/div>\n<\/td>\n<\/tr>\n<tr>\n<td colspan=\"5\">\n<div class=\"texto\"><\/div>\n<\/td>\n<\/tr>\n<tr>\n<td colspan=\"5\">\n<div class=\"texto\">Nombre de la Instituci\u00f3n de Fianzas<\/div>\n<div class=\"texto\"><\/div>\n<\/td>\n<\/tr>\n<tr>\n<td colspan=\"5\">\n<div class=\"texto\">Plazo de vigencia original\u00a0o\u00a0inicial:<\/div>\n<\/td>\n<\/tr>\n<tr>\n<td>\n<div class=\"texto\"><\/div>\n<div class=\"texto\">Del<\/div>\n<\/td>\n<td>\n<div class=\"texto\"><\/div>\n<\/td>\n<td colspan=\"2\">\n<div class=\"texto\"><\/div>\n<div class=\"texto\">al<\/div>\n<\/td>\n<td>\n<div class=\"texto\"><\/div>\n<\/td>\n<\/tr>\n<tr>\n<td colspan=\"3\">\n<div class=\"texto\">dd\/mm\/aaaa<\/div>\n<\/td>\n<td colspan=\"2\">\n<div class=\"texto\">dd\/mm\/aaaa<\/div>\n<\/td>\n<\/tr>\n<tr>\n<td colspan=\"5\">\n<div class=\"texto\"><\/div>\n<div class=\"texto\">Plazo por el que se solicita la renovaci\u00f3n:<\/div>\n<\/td>\n<\/tr>\n<tr>\n<td>\n<div class=\"texto\"><\/div>\n<div class=\"texto\">Del<\/div>\n<\/td>\n<td>\n<div class=\"texto\"><\/div>\n<\/td>\n<td colspan=\"2\">\n<div class=\"texto\"><\/div>\n<div class=\"texto\">al<\/div>\n<\/td>\n<td>\n<div class=\"texto\"><\/div>\n<\/td>\n<\/tr>\n<tr>\n<td colspan=\"3\">\n<div class=\"texto\">dd\/mm\/aaaa<\/div>\n<\/td>\n<td colspan=\"2\">\n<div class=\"texto\">dd\/mm\/aaaa<\/div>\n<\/td>\n<\/tr>\n<\/tbody>\n<\/table>\n<div class=\"texto\"><\/div>\n<div class=\"texto\">7.1.1 Anexar endoso modificatorio de renovaci\u00f3n, formulado en documento digital (archivo XML) proporcionado por la\u00a0Instituci\u00f3n de Fianzas, as\u00ed como su representaci\u00f3n impresa (ver 11.1.2 inciso 1), o<\/div>\n<div class=\"texto\">7.1.2 Anexar original del endoso modificatorio de renovaci\u00f3n, formulado en documento impreso (papeler\u00eda oficial de la\u00a0Instituci\u00f3n de Fianzas, de conformidad con el art\u00edculo 16 de la Ley de Instituciones de Seguros y de Fianzas), (Ver 11.1.2.,\u00a0inciso 1).<\/div>\n<div class=\"texto\">8. AMPLIACI\u00d3N DE VIGENCIA.<\/div>\n<table>\n<tbody>\n<tr>\n<td colspan=\"5\">\n<div class=\"texto\">8.1 Adicional a lo establecido en los numerales 1, 2 y 6 de este formato, el contribuyente que realice unaampliaci\u00f3n de vigencia de la carta de cr\u00e9dito deber\u00e1 indicar lo siguiente:<\/div>\n<\/td>\n<\/tr>\n<tr>\n<td colspan=\"5\">\n<div class=\"texto\"><\/div>\n<\/td>\n<\/tr>\n<tr>\n<td colspan=\"5\">\n<div class=\"texto\">Folio \u00danico de Garant\u00eda<\/div>\n<\/td>\n<\/tr>\n<\/tbody>\n<\/table>\n<table>\n<tbody>\n<tr>\n<td colspan=\"5\">\n<div class=\"texto\"><\/div>\n<div class=\"texto\"><\/div>\n<\/td>\n<\/tr>\n<tr>\n<td colspan=\"5\">\n<div class=\"texto\">N\u00famero y\/o folio de carta de cr\u00e9dito<\/div>\n<\/td>\n<\/tr>\n<tr>\n<td colspan=\"5\">\n<div class=\"texto\"><\/div>\n<div class=\"texto\"><\/div>\n<\/td>\n<\/tr>\n<tr>\n<td colspan=\"5\">\n<div class=\"texto\">Nombre de la Instituci\u00f3n de Cr\u00e9dito<\/div>\n<\/td>\n<\/tr>\n<tr>\n<td colspan=\"5\">\n<div class=\"texto\"><\/div>\n<div class=\"texto\">Plazo de vigencia original\u00a0o inicial:<\/div>\n<div class=\"texto\"><\/div>\n<\/td>\n<\/tr>\n<tr>\n<td>\n<div class=\"texto\">Del<\/div>\n<\/td>\n<td>\n<div class=\"texto\"><\/div>\n<\/td>\n<td colspan=\"2\">\n<div class=\"texto\">al<\/div>\n<\/td>\n<td>\n<div class=\"texto\"><\/div>\n<\/td>\n<\/tr>\n<tr>\n<td colspan=\"3\">\n<div class=\"texto\">dd\/mm\/aaaa<\/div>\n<\/td>\n<td colspan=\"2\">\n<div class=\"texto\">dd\/mm\/aaaa<\/div>\n<\/td>\n<\/tr>\n<tr>\n<td colspan=\"5\">\n<div class=\"texto\">Plazo por el que se solicita la ampliaci\u00f3n de vigencia:<\/div>\n<div class=\"texto\"><\/div>\n<\/td>\n<\/tr>\n<tr>\n<td>\n<div class=\"texto\">Del<\/div>\n<\/td>\n<td>\n<div class=\"texto\"><\/div>\n<\/td>\n<td colspan=\"2\">\n<div class=\"texto\">al<\/div>\n<\/td>\n<td>\n<div class=\"texto\"><\/div>\n<\/td>\n<\/tr>\n<tr>\n<td colspan=\"3\">\n<div class=\"texto\">dd\/mm\/aaaa<\/div>\n<\/td>\n<td colspan=\"2\">\n<div class=\"texto\">dd\/mm\/aaaa<\/div>\n<\/td>\n<\/tr>\n<\/tbody>\n<\/table>\n<div class=\"texto\"><\/div>\n<div class=\"texto\">8.1.1. Anexar documento modificatorio de ampliaci\u00f3n de vigencia (Formulada en hoja membretada de la empresa\u00a0solicitante), (Ver 12.1.3 inciso 1).<\/div>\n<div class=\"texto\">9. AUMENTO DE MONTO GARANTIZADO.<\/div>\n<table>\n<tbody>\n<tr>\n<td>\n<div class=\"texto\">9.1 Adicional a lo establecido en los numerales 1, 2 y 6 de este formato, el contribuyente que realice un\u00a0aumento del monto garantizado deber\u00e1 cumplir con lo siguiente:<\/div>\n<\/td>\n<\/tr>\n<\/tbody>\n<\/table>\n<div class=\"texto\"><\/div>\n<div class=\"texto\">9.1.1 Se\u00f1ale lo siguiente datos:<\/div>\n<table>\n<tbody>\n<tr>\n<td colspan=\"5\">\n<div class=\"texto\"><\/div>\n<div class=\"texto\"><\/div>\n<\/td>\n<\/tr>\n<tr>\n<td colspan=\"5\">\n<div class=\"texto\">Folio \u00danico de Garant\u00eda<\/div>\n<\/td>\n<\/tr>\n<tr>\n<td colspan=\"5\">\n<div class=\"texto\"><\/div>\n<div class=\"texto\"><\/div>\n<\/td>\n<\/tr>\n<tr>\n<td colspan=\"5\">\n<div class=\"texto\">N\u00famero y\/o folio de p\u00f3liza de fianza o carta de cr\u00e9dito<\/div>\n<\/td>\n<\/tr>\n<tr>\n<td colspan=\"5\">\n<div class=\"texto\"><\/div>\n<div class=\"texto\"><\/div>\n<\/td>\n<\/tr>\n<tr>\n<td colspan=\"5\">\n<div class=\"texto\">Nombre de la Instituci\u00f3n de Fianzas o Instituci\u00f3n de Cr\u00e9dito que emite el documento<\/div>\n<div class=\"texto\"><\/div>\n<\/td>\n<\/tr>\n<tr>\n<td>\n<div class=\"texto\">$<\/div>\n<\/td>\n<td>\n<div class=\"texto\"><\/div>\n<\/td>\n<td>\n<div class=\"texto\">.<\/div>\n<\/td>\n<td>\n<div class=\"texto\"><\/div>\n<\/td>\n<td>\n<div class=\"texto\"><\/div>\n<\/td>\n<\/tr>\n<tr>\n<td colspan=\"5\">\n<div class=\"texto\">Monto inicial u original en moneda nacional que ampara la p\u00f3liza de fianza o carta de cr\u00e9dito (con n\u00famero, incluir\u00a0centavos y sin comas)<\/div>\n<\/td>\n<\/tr>\n<tr>\n<td>\n<div class=\"texto\">$<\/div>\n<\/td>\n<td>\n<div class=\"texto\"><\/div>\n<\/td>\n<td>\n<div class=\"texto\">.<\/div>\n<\/td>\n<td>\n<div class=\"texto\"><\/div>\n<\/td>\n<td>\n<div class=\"texto\"><\/div>\n<\/td>\n<\/tr>\n<tr>\n<td colspan=\"5\">\n<div class=\"texto\">Monto modificado en moneda nacional que ampara la p\u00f3liza de fianza o carta de cr\u00e9dito (con n\u00famero, incluir centavos y\u00a0sin comas)<\/div>\n<\/td>\n<\/tr>\n<\/tbody>\n<\/table>\n<div class=\"texto\"><\/div>\n<div class=\"texto\">9.1.2\u00a0Anexar endoso modificatorio de aumento, formulada en documento digital (archivo XML) proporcionado por la<\/div>\n<div class=\"texto\">Instituci\u00f3n de Fianzas, as\u00ed como su representaci\u00f3n impresa (ver 12.1.4 inciso 1), o<\/div>\n<div class=\"texto\">9.1.3\u00a0Anexar original del endoso modificatorio de aumento, formulada en documento impreso (papeler\u00eda oficial de la\u00a0Instituci\u00f3n de Fianzas, de conformidad con el art\u00edculo 16 de la Ley de Instituciones de Seguros y de Fianzas), (Ver 12.1.4\u00a0inciso 1), o<\/div>\n<div class=\"texto\">9.1.4\u00a0Anexar original de la modificaci\u00f3n a la carta de cr\u00e9dito formulada en documento impreso (hoja membretada de la\u00a0Instituci\u00f3n de Cr\u00e9dito que emite el documento), (ver 12.1.4 inciso 1).<\/div>\n<div class=\"texto\">10. CANCELACI\u00d3N.<\/div>\n<table>\n<tbody>\n<tr>\n<td colspan=\"4\">\n<div class=\"texto\">10.1 Adicional a lo establecido en los numerales 1 y 2 de este formato, el contribuyente que realice una\u00a0cancelaci\u00f3n de la garant\u00eda deber\u00e1 cumplir con lo siguiente:<\/div>\n<div class=\"texto\">Marcar con una\u00a0&#8220;X&#8221;\u00a0en el cuadro, el motivo por el cual se solicita la cancelaci\u00f3n de la garant\u00eda.<\/div>\n<\/td>\n<\/tr>\n<tr>\n<td>\n<div class=\"texto\"><\/div>\n<\/td>\n<td colspan=\"3\">\n<div class=\"texto\">Por sustituci\u00f3n de garant\u00eda (deber\u00e1 llenar el apartado 5)<\/div>\n<\/td>\n<\/tr>\n<tr>\n<td>\n<div class=\"texto\"><\/div>\n<\/td>\n<td colspan=\"3\">\n<div class=\"texto\">Por el pago de la contribuci\u00f3n garantizada<\/div>\n<\/td>\n<\/tr>\n<tr>\n<td>\n<div class=\"texto\"><\/div>\n<\/td>\n<td colspan=\"3\">\n<div class=\"texto\">Por vencimiento de la vigencia de la garant\u00eda<\/div>\n<\/td>\n<\/tr>\n<tr>\n<td>\n<div class=\"texto\"><\/div>\n<\/td>\n<td>\n<div class=\"texto\">Otros<\/div>\n<\/td>\n<td>\n<div class=\"texto\">Especifique:<\/div>\n<\/td>\n<td>\n<div class=\"texto\"><\/div>\n<\/td>\n<\/tr>\n<\/tbody>\n<\/table>\n<div class=\"texto\"><\/div>\n<div class=\"texto\">10.1.1 Se\u00f1ale los siguientes datos:<\/div>\n<table>\n<tbody>\n<tr>\n<td>\n<div class=\"texto\"><\/div>\n<div class=\"texto\"><\/div>\n<\/td>\n<\/tr>\n<tr>\n<td>\n<div class=\"texto\">Folio \u00danico de Garant\u00eda<\/div>\n<\/td>\n<\/tr>\n<tr>\n<td>\n<div class=\"texto\"><\/div>\n<div class=\"texto\"><\/div>\n<\/td>\n<\/tr>\n<tr>\n<td>\n<div class=\"texto\">N\u00famero y\/o folio de p\u00f3liza de fianza o carta de cr\u00e9dito por la cual se solicita la cancelaci\u00f3n<\/div>\n<\/td>\n<\/tr>\n<tr>\n<td>\n<div class=\"texto\"><\/div>\n<div class=\"texto\"><\/div>\n<\/td>\n<\/tr>\n<tr>\n<td>\n<div class=\"texto\">Nombre de la Instituci\u00f3n de Fianzas o Instituci\u00f3n de Cr\u00e9dito<\/div>\n<\/td>\n<\/tr>\n<\/tbody>\n<\/table>\n<div class=\"texto\"><\/div>\n<div class=\"texto\">11. AVISOS.<\/div>\n<table>\n<tbody>\n<tr>\n<td>\n<div class=\"texto\">11.1 Cambio de denominaci\u00f3n o raz\u00f3n social.<\/div>\n<\/td>\n<\/tr>\n<\/tbody>\n<\/table>\n<div class=\"texto\">En caso de haber realizado cambios en la denominaci\u00f3n o raz\u00f3n social:<\/div>\n<div class=\"texto\"><\/div>\n<table>\n<tbody>\n<tr>\n<td>\n<div class=\"texto\">Se\u00f1alar el n\u00famero de folio del acuse de movimientos de actualizaci\u00f3n de situaci\u00f3n fiscal del cambio en ladenominaci\u00f3n o raz\u00f3n social:<\/div>\n<div class=\"texto\">__________________________________________________________________________________<\/div>\n<div class=\"texto\"><\/div>\n<\/td>\n<\/tr>\n<\/tbody>\n<\/table>\n<div class=\"texto\"><\/div>\n<div class=\"texto\">11.1.1 Anexar documento modificatorio correspondiente. Ver 12.1.5 numeral 1.<\/div>\n<table>\n<tbody>\n<tr>\n<td colspan=\"3\">\n<div class=\"texto\">11.2 Aviso de fusi\u00f3n de empresas que cuenten con la aceptaci\u00f3n de garant\u00edas en materia de IVA e IEPS y\u00a0subsista una de ellas.<\/div>\n<\/td>\n<\/tr>\n<tr>\n<td>\n<div class=\"texto\">Fecha en que surteefectos la fusi\u00f3n.<\/div>\n<\/td>\n<td>\n<div class=\"texto\"><\/div>\n<\/td>\n<td>\n<div class=\"texto\">R.F.C.<\/div>\n<\/td>\n<\/tr>\n<\/tbody>\n<\/table>\n<table>\n<tbody>\n<tr>\n<td>\n<div class=\"texto\">Denominaci\u00f3n o\u00a0Raz\u00f3n social de la(s)sociedad(es)fusionada(s):<\/div>\n<\/td>\n<td>\n<div class=\"texto\"><\/div>\n<\/td>\n<td>\n<div class=\"texto\"><\/div>\n<\/td>\n<\/tr>\n<tr>\n<td>\n<div class=\"texto\">Denominaci\u00f3n o\u00a0Raz\u00f3n social de la(s)sociedad(es)fusionante(s).<\/div>\n<\/td>\n<td>\n<div class=\"texto\"><\/div>\n<\/td>\n<td>\n<div class=\"texto\"><\/div>\n<\/td>\n<\/tr>\n<\/tbody>\n<\/table>\n<div class=\"texto\"><\/div>\n<div class=\"texto\">Se\u00f1alar el n\u00famero de folio del acuse de movimientos de actualizaci\u00f3n de situaci\u00f3n fiscal de la fusi\u00f3n:<\/div>\n<div class=\"texto\">__________________________________________________________________________________<\/div>\n<div class=\"texto\">11.2.1 Anexar documento modificatorio correspondiente. Ver 12.1.5 numeral 2.<\/div>\n<table>\n<tbody>\n<tr>\n<td>\n<div class=\"texto\">11.3 Aviso de fusi\u00f3n o escisi\u00f3n de empresas que cuenten con la aceptaci\u00f3n de garant\u00edas en materia de IVA e\u00a0IEPS, y resulte una nueva sociedad.<\/div>\n<\/td>\n<\/tr>\n<\/tbody>\n<\/table>\n<div class=\"texto\"><\/div>\n<table>\n<tbody>\n<tr>\n<td>\n<div class=\"texto\">Fecha en que surteefectos la fusi\u00f3n oescisi\u00f3n:<\/div>\n<\/td>\n<td>\n<div class=\"texto\"><\/div>\n<\/td>\n<td>\n<div class=\"texto\">R.F.C.<\/div>\n<\/td>\n<\/tr>\n<tr>\n<td>\n<div class=\"texto\">Denominaci\u00f3n o\u00a0Raz\u00f3n social de la(s)sociedad(es)fusionada(s) oescindidas:<\/div>\n<\/td>\n<td>\n<div class=\"texto\"><\/div>\n<\/td>\n<td>\n<div class=\"texto\"><\/div>\n<\/td>\n<\/tr>\n<tr>\n<td>\n<div class=\"texto\">Denominaci\u00f3n o\u00a0Raz\u00f3n social de la(s)sociedad(es)fusionante(s) oescindente(s).<\/div>\n<\/td>\n<td>\n<div class=\"texto\"><\/div>\n<\/td>\n<td>\n<div class=\"texto\"><\/div>\n<\/td>\n<\/tr>\n<\/tbody>\n<\/table>\n<div class=\"texto\">Se\u00f1alar el n\u00famero de folio del acuse de movimientos de actualizaci\u00f3n de situaci\u00f3n fiscal de la fusi\u00f3n o escisi\u00f3n.<\/div>\n<div class=\"texto\">___________________________________________________________________________________<\/div>\n<div class=\"texto\">11.3.1 Anexar documento modificatorio correspondiente. Ver 12.1.5 numeral 3.<\/div>\n<table>\n<tbody>\n<tr>\n<td colspan=\"2\">\n<div class=\"texto\">12. DOCUMENTOS QUE SE DEBEN ANEXAR A LA PRESENTE SOLICITUD.<\/div>\n<\/td>\n<\/tr>\n<tr>\n<td colspan=\"2\">\n<div class=\"texto\">12.1 Marque con una\u00a0&#8220;X&#8221;\u00a0en el cuadro, la documentaci\u00f3n que presenta.<\/div>\n<\/td>\n<\/tr>\n<tr>\n<td colspan=\"2\">\n<div class=\"texto\">Presentar la siguiente documentaci\u00f3n seg\u00fan corresponda:<\/div>\n<\/td>\n<\/tr>\n<tr>\n<td colspan=\"2\">\n<div class=\"texto\">12.1.1 Aceptaci\u00f3n.<\/div>\n<\/td>\n<\/tr>\n<tr>\n<td>\n<div class=\"texto\">1.\u00a0\u00a0\u00a0\u00a0\u00a0\u00a0Copia simple del acta constitutiva del contribuyente y original para cotejo.<\/div>\n<\/td>\n<td>\n<div class=\"texto\"><\/div>\n<\/td>\n<\/tr>\n<tr>\n<td>\n<div class=\"texto\">2.\u00a0\u00a0\u00a0\u00a0\u00a0\u00a0Copia simple del instrumento notarial o p\u00f3liza mercantil que acredita la personalidad del\u00a0representante legal del contribuyente y original para cotejo.<\/div>\n<\/td>\n<td>\n<div class=\"texto\"><\/div>\n<\/td>\n<\/tr>\n<tr>\n<td>\n<div class=\"texto\">3.\u00a0\u00a0\u00a0\u00a0\u00a0\u00a0Anexar copia de identificaci\u00f3n oficial y original para cotejo del representante legal del contribuyente.<\/div>\n<\/td>\n<td>\n<div class=\"texto\"><\/div>\n<\/td>\n<\/tr>\n<tr>\n<td>\n<div class=\"texto\">4.\u00a0\u00a0\u00a0\u00a0\u00a0\u00a0P\u00f3liza de fianza (se\u00f1ale s\u00f3lo una de las dos opciones):<\/div>\n<div class=\"texto\">4.1.\u00a0\u00a0\u00a0P\u00f3liza de fianza formulada en documento digital (archivo XML) proporcionado por la Instituci\u00f3n\u00a0de Fianzas y su representaci\u00f3n impresa, o<\/div>\n<div class=\"texto\">4.2.\u00a0\u00a0\u00a0P\u00f3liza de fianza original (papeler\u00eda oficial de las Instituciones de Fianzas, de conformidad con\u00a0el art\u00edculo 16 de la Ley de Instituciones de Seguros y de Fianzas).<\/div>\n<\/td>\n<td>\n<div class=\"texto\"><\/div>\n<div class=\"texto\"><\/div>\n<div class=\"texto\"><\/div>\n<\/td>\n<\/tr>\n<\/tbody>\n<\/table>\n<table>\n<tbody>\n<tr>\n<td>\n<div class=\"texto\">5.\u00a0\u00a0\u00a0\u00a0\u00a0\u00a0Original de carta de cr\u00e9dito.<\/div>\n<\/td>\n<td>\n<div class=\"texto\"><\/div>\n<\/td>\n<\/tr>\n<tr>\n<td>\n<div class=\"texto\">6.\u00a0\u00a0\u00a0\u00a0\u00a0\u00a0Disco compacto (CD) que contenga los documentos digitalizados anexos a la presente solicitud.\u00a0(12.1.1 incisos 1 al 5).<\/div>\n<\/td>\n<td>\n<div class=\"texto\"><\/div>\n<\/td>\n<\/tr>\n<tr>\n<td colspan=\"2\">\n<div class=\"texto\">12.1.2 Renovaci\u00f3n.<\/div>\n<\/td>\n<\/tr>\n<tr>\n<td>\n<div class=\"texto\">1.\u00a0\u00a0\u00a0\u00a0\u00a0\u00a0Trat\u00e1ndose de renovaci\u00f3n, anexar documento modificatorio de renovaci\u00f3n de la vigencia de la p\u00f3liza\u00a0de fianza (se\u00f1ale s\u00f3lo una de las dos opciones).<\/div>\n<div class=\"texto\">1.1.\u00a0\u00a0\u00a0P\u00f3liza de fianza formulada en documento digital (archivo XML) proporcionado por la Instituci\u00f3n\u00a0de\u00a0Fianzas\u00a0y\u00a0su\u00a0representaci\u00f3n impresa.<\/div>\n<div class=\"texto\">1.2.\u00a0\u00a0\u00a0P\u00f3liza de fianza original (papeler\u00eda oficial de las Instituciones de Fianzas, de conformidad con\u00a0el art\u00edculo 16 de la Ley de Instituciones de Seguros y de Fianzas).<\/div>\n<\/td>\n<td>\n<div class=\"texto\"><\/div>\n<div class=\"texto\"><\/div>\n<div class=\"texto\"><\/div>\n<\/td>\n<\/tr>\n<tr>\n<td colspan=\"2\">\n<div class=\"texto\">12.1.3 Ampliaci\u00f3n de vigencia.<\/div>\n<\/td>\n<\/tr>\n<tr>\n<td>\n<div class=\"texto\">1.\u00a0\u00a0\u00a0\u00a0\u00a0\u00a0\u00a0\u00a0\u00a0Trat\u00e1ndose de ampliaci\u00f3n, anexar\u00a0escrito en hoja membretada de la empresa solicitante,manifestando que no anexa documento modificatorio de ampliaci\u00f3n de la vigencia de la carta decr\u00e9dito (Emitida en hoja membretada\u00a0de la instituci\u00f3n de cr\u00e9dito que emite el documento), ya que\u00a0la misma se\u00f1ala que:\u00a0&#8220;La vigencia de esta Carta de Cr\u00e9dito se ampliar\u00e1 en forma autom\u00e1tica porper\u00edodos adicionales de un a\u00f1o a partir de la fecha de vencimiento a menos que el Banco Emisor\u00a0d\u00e9 aviso por escrito a la Administraci\u00f3n Central de Certificaci\u00f3n y Asuntos Internacionales de\u00a0Auditor\u00eda de Comercio Exterior, con por lo menos 60 d\u00edas h\u00e1biles de anticipaci\u00f3n a la fecha de\u00a0vencimiento que corresponda, de su decisi\u00f3n de no ampliar la vigencia por un per\u00edodo adicional&#8221;).<\/div>\n<\/td>\n<td>\n<div class=\"texto\"><\/div>\n<\/td>\n<\/tr>\n<tr>\n<td colspan=\"2\">\n<div class=\"texto\">12.1.4 Aumento del monto garantizado.<\/div>\n<\/td>\n<\/tr>\n<tr>\n<td>\n<div class=\"texto\">1.\u00a0\u00a0\u00a0\u00a0\u00a0\u00a0\u00a0Trat\u00e1ndose de aumento del monto garantizado, anexar documento modificatorio correspondiente(se\u00f1ale s\u00f3lo una de las tres opciones).<\/div>\n<div class=\"texto\">1.1.\u00a0\u00a0\u00a0\u00a0\u00a0P\u00f3liza de fianza formulada en documento digital (archivo XML) proporcionado por la\u00a0Instituci\u00f3n de\u00a0Fianzas\u00a0y\u00a0su\u00a0representaci\u00f3n impresa.<\/div>\n<div class=\"texto\">1.2.\u00a0\u00a0\u00a0\u00a0\u00a0P\u00f3liza de fianza original (papeler\u00eda oficial de las Instituciones de Fianzas, de conformidad\u00a0con el art\u00edculo 16 de la Ley de Instituciones de Seguros y de Fianzas).<\/div>\n<div class=\"texto\">1.3.\u00a0\u00a0\u00a0\u00a0\u00a0Anexar original de la modificaci\u00f3n a la carta de cr\u00e9dito formulada en documento impreso\u00a0(hoja membretada\u00a0de la Instituci\u00f3n de Cr\u00e9dito que emite el documento).<\/div>\n<\/td>\n<td>\n<div class=\"texto\"><\/div>\n<div class=\"texto\"><\/div>\n<div class=\"texto\"><\/div>\n<div class=\"texto\"><\/div>\n<\/td>\n<\/tr>\n<tr>\n<td>\n<div class=\"texto\">1.\u00a0\u00a0\u00a0\u00a0\u00a0\u00a0\u00a0Cambio de denominaci\u00f3n o raz\u00f3n social.<\/div>\n<div class=\"texto\">1.1\u00a0\u00a0\u00a0\u00a0\u00a0Copia simple del instrumento notarial donde conste el cambio en la denominaci\u00f3n o raz\u00f3n social yoriginal para cotejo.<\/div>\n<div class=\"texto\">1.2\u00a0\u00a0\u00a0\u00a0\u00a0Copia simple del instrumento notarial o p\u00f3liza mercantil que acredita la personalidad del\u00a0representante legal del contribuyente y original para cotejo.<\/div>\n<div class=\"texto\">1.3\u00a0\u00a0\u00a0\u00a0\u00a0Anexar copia de identificaci\u00f3n oficial y original para cotejo del representante legal del contribuyente.<\/div>\n<div class=\"texto\">1.4\u00a0\u00a0\u00a0\u00a0\u00a0Trat\u00e1ndose de cambio de denominaci\u00f3n o raz\u00f3n social, anexar documento modificatoriocorrespondiente (se\u00f1ale s\u00f3lo una de las tres opciones).<\/div>\n<\/td>\n<td>\n<div class=\"texto\"><\/div>\n<div class=\"texto\"><\/div>\n<div class=\"texto\"><\/div>\n<div class=\"texto\"><\/div>\n<\/td>\n<\/tr>\n<\/tbody>\n<\/table>\n<table>\n<tbody>\n<tr>\n<td>\n<div class=\"texto\">1.4.1\u00a0\u00a0\u00a0P\u00f3liza de fianza formulada en documento digital (archivo XML) proporcionado por la\u00a0Instituci\u00f3n de\u00a0Fianzas\u00a0y\u00a0su\u00a0representaci\u00f3n impresa.<\/div>\n<div class=\"texto\">1.4.2\u00a0\u00a0\u00a0P\u00f3liza de fianza original (papeler\u00eda oficial de las Instituciones de Fianzas, de conformidad\u00a0con el art\u00edculo 16 de la Ley de Instituciones de Seguros y de Fianzas).<\/div>\n<div class=\"texto\">1.4.3\u00a0\u00a0\u00a0Original de la modificaci\u00f3n a la carta de cr\u00e9dito formulada en documento impreso (hojamembretada\u00a0de la Instituci\u00f3n de Cr\u00e9dito que emite el documento).<\/div>\n<\/td>\n<td>\n<div class=\"texto\"><\/div>\n<div class=\"texto\"><\/div>\n<div class=\"texto\"><\/div>\n<\/td>\n<\/tr>\n<tr>\n<td>\n<div class=\"texto\">2.\u00a0\u00a0\u00a0\u00a0\u00a0\u00a0\u00a0Fusi\u00f3n de empresas que cuenten con la aceptaci\u00f3n de garant\u00edas en materia de IVA e IEPS ysubsista una de ellas.<\/div>\n<div class=\"texto\">2.1\u00a0\u00a0\u00a0\u00a0\u00a0Copia simple del documento notarial debidamente protocolizado en donde conste la fusi\u00f3n y originalpara cotejo.<\/div>\n<div class=\"texto\">2.2\u00a0\u00a0\u00a0\u00a0\u00a0Copia simple del instrumento notarial o p\u00f3liza mercantil que acredita la personalidad del\u00a0representante legal del contribuyente y original para cotejo.<\/div>\n<div class=\"texto\">2.3\u00a0\u00a0\u00a0\u00a0\u00a0Anexar copia de identificaci\u00f3n oficial y original para cotejo del representante legal del contribuyente.<\/div>\n<\/td>\n<td>\n<div class=\"texto\"><\/div>\n<div class=\"texto\"><\/div>\n<div class=\"texto\"><\/div>\n<div class=\"texto\"><\/div>\n<\/td>\n<\/tr>\n<tr>\n<td>\n<div class=\"texto\">2.4\u00a0\u00a0\u00a0\u00a0\u00a0Trat\u00e1ndose de fusi\u00f3n de empresas que cuenten con la aceptaci\u00f3n de garant\u00edas en materia de IVA eIEPS y subsista una de ellas, anexar documento modificatorio correspondiente (se\u00f1ale s\u00f3lo una de\u00a0las tres opciones).<\/div>\n<\/td>\n<td>\n<div class=\"texto\"><\/div>\n<div class=\"texto\"><\/div>\n<\/td>\n<\/tr>\n<tr>\n<td>\n<div class=\"texto\">4.1\u00a0\u00a0\u00a0\u00a0\u00a0P\u00f3liza de fianza formulada en documento digital (archivo XML) proporcionado por la\u00a0Instituci\u00f3n de\u00a0Fianzas\u00a0y\u00a0su\u00a0representaci\u00f3n impresa.<\/div>\n<div class=\"texto\">4.2\u00a0\u00a0\u00a0\u00a0\u00a0P\u00f3liza de fianza original (papeler\u00eda oficial de las Instituciones de Fianzas, de conformidad\u00a0con el art\u00edculo 16 de la Ley de Instituciones de Seguros y de Fianzas).<\/div>\n<div class=\"texto\">4.3\u00a0\u00a0\u00a0\u00a0\u00a0\u00a0Original de la modificaci\u00f3n a la carta de cr\u00e9dito formulada en documento impreso (hojamembretada\u00a0de la Instituci\u00f3n de Cr\u00e9dito que emite el documento).<\/div>\n<\/td>\n<td>\n<div class=\"texto\"><\/div>\n<div class=\"texto\"><\/div>\n<div class=\"texto\"><\/div>\n<\/td>\n<\/tr>\n<tr>\n<td>\n<div class=\"texto\">3.\u00a0\u00a0\u00a0\u00a0\u00a0\u00a0\u00a0Fusi\u00f3n o escisi\u00f3n de empresas que cuenten con la aceptaci\u00f3n de garant\u00edas en materia de IVA\u00a0e IEPS, y resulte una nueva sociedad.<\/div>\n<div class=\"texto\">3.1\u00a0\u00a0\u00a0\u00a0\u00a0Copia simple del documento notarial debidamente protocolizado en donde conste la fusi\u00f3n o\u00a0escisi\u00f3n y original para cotejo.<\/div>\n<div class=\"texto\">3.2\u00a0\u00a0\u00a0\u00a0\u00a0Copia simple del instrumento notarial o p\u00f3liza mercantil que acredita la personalidad del\u00a0representante legal del contribuyente y original para cotejo.<\/div>\n<div class=\"texto\">3.3\u00a0\u00a0\u00a0\u00a0\u00a0Anexar copia de identificaci\u00f3n oficial y original para cotejo del representante legal del contribuyente.<\/div>\n<\/td>\n<td>\n<div class=\"texto\"><\/div>\n<div class=\"texto\"><\/div>\n<div class=\"texto\"><\/div>\n<div class=\"texto\"><\/div>\n<\/td>\n<\/tr>\n<tr>\n<td>\n<div class=\"texto\">3.4\u00a0\u00a0\u00a0\u00a0\u00a0Trat\u00e1ndose de\u00a0fusi\u00f3n o escisi\u00f3n de empresas que cuenten con la aceptaci\u00f3n de garant\u00edas en\u00a0materia de IVA e IEPS, y resulte una nueva sociedad,\u00a0anexar documento modificatorio\u00a0correspondiente (se\u00f1ale s\u00f3lo una de las tres opciones).<\/div>\n<\/td>\n<td>\n<div class=\"texto\"><\/div>\n<div class=\"texto\"><\/div>\n<\/td>\n<\/tr>\n<tr>\n<td>\n<div class=\"texto\">3.4.1\u00a0\u00a0\u00a0P\u00f3liza de fianza formulada en documento digital (archivo XML) proporcionado por la\u00a0Instituci\u00f3n de\u00a0Fianzas\u00a0y\u00a0su\u00a0representaci\u00f3n impresa.<\/div>\n<div class=\"texto\">3.4.2\u00a0\u00a0\u00a0P\u00f3liza de fianza original (papeler\u00eda oficial de las Instituciones de Fianzas, de conformidad\u00a0con el art\u00edculo 16 de la Ley de Instituciones de Seguros y de Fianzas).<\/div>\n<div class=\"texto\">3.4.3\u00a0\u00a0\u00a0Original de la modificaci\u00f3n a la carta de cr\u00e9dito formulada en documento impreso (hojamembretada\u00a0de la Instituci\u00f3n de Cr\u00e9dito que emite el documento).<\/div>\n<\/td>\n<td>\n<div class=\"texto\"><\/div>\n<div class=\"texto\"><\/div>\n<div class=\"texto\"><\/div>\n<\/td>\n<\/tr>\n<\/tbody>\n<\/table>\n<div class=\"texto\"><\/div>\n<div class=\"texto\">Bajo protesta de decir verdad, manifiesto que los datos asentados en el presente documento son ciertos y que las\u00a0facultades que me fueron otorgadas para representar a la solicitante no me han sido modificadas y\/o revocadas.<\/div>\n<table>\n<tbody>\n<tr>\n<td>\n<div class=\"texto\">NOMBRE Y FIRMA DEL REPRESENTANTE LEGAL DEL CONTRIBUYENTE.<\/div>\n<\/td>\n<\/tr>\n<\/tbody>\n<\/table>\n<div class=\"texto\"><\/div>\n<div class=\"texto\">INSTRUCCIONES<\/div>\n<div class=\"texto\">Transmita esta solicitud a trav\u00e9s de la Ventanilla Digital en la p\u00e1gina electr\u00f3nica\u00a0www.ventanillaunica.gob.mx.<\/div>\n<div class=\"texto\">Nota:\u00a0La carta de cr\u00e9dito\u00a0original\u00a0(emitida en\u00a0hoja membretada\u00a0de la Instituci\u00f3n de Cr\u00e9dito autorizada), se\u00a0deber\u00e1 presentar mediante escrito libre en la AGACE.<\/div>\n<div class=\"texto\">* Anexar una copia simple de su escrito libre para asentar su acuse de recibo.<\/div>\n<div class=\"texto\">Tambi\u00e9n puede enviar el escrito libre y la carta de cr\u00e9dito\u00a0mediante SEPOMEX o utilizando los servicios de\u00a0empresas de mensajer\u00eda (Para lo cual deber\u00e1 anexar, Acta constitutiva del contribuyente, Instrumento notarial\u00a0o p\u00f3liza mercantil que acredite la personalidad del representante legal del contribuyente, cuando no conste en\u00a0el acta constitutiva, ambos en original o copia certificada, adem\u00e1s de copia certificada de la identificaci\u00f3n\u00a0oficial del representante legal de la empresa).<\/div>\n<div class=\"texto\">&#8211;\u00a0\u00a0\u00a0\u00a0\u00a0\u00a0Esta forma ser\u00e1 llenada a m\u00e1quina o con letra may\u00fascula de molde, con bol\u00edgrafo a tinta negra y las\u00a0cifras no deber\u00e1n invadir los l\u00edmites de los recuadros.<\/div>\n<div class=\"texto\">&#8211;\u00a0\u00a0\u00a0\u00a0\u00a0\u00a0Esta forma no ser\u00e1 v\u00e1lida si presenta alteraciones, tachaduras, raspaduras o enmendaduras.<\/div>\n<div class=\"texto\">TIPO DE GARANT\u00cdA.<\/div>\n<div class=\"texto\">Deber\u00e1 marcar con una\u00a0&#8220;X&#8221;\u00a0en el cuadro, si el contribuyente opta por garantizar el IVA e IEPS por la\u00a0importaci\u00f3n temporal de mercanc\u00edas a trav\u00e9s de fianza o carta de cr\u00e9dito seg\u00fan corresponda.<\/div>\n<div class=\"texto\">Deber\u00e1 marcar con una\u00a0&#8220;X&#8221;\u00a0en el cuadro seg\u00fan corresponda, si se trata de una garant\u00eda revolvente o\u00a0garant\u00eda individual.<\/div>\n<div class=\"texto\">Trat\u00e1ndose de bienes de activo fijo, el inter\u00e9s fiscal se garantizar\u00e1 a trav\u00e9s de garant\u00eda individual de\u00a0acuerdo a lo establecido en la regla 7.4.7.<\/div>\n<div class=\"texto\">TIPO DE SOLICITUD.<\/div>\n<div class=\"texto\">Deber\u00e1 marcar con una\u00a0&#8220;X&#8221;\u00a0en el cuadro seg\u00fan corresponda, el tipo de solicitud que presenta:<\/div>\n<div class=\"texto\">&#8211;\u00a0\u00a0\u00a0\u00a0\u00a0\u00a0Aceptaci\u00f3n:\u00a0Cuando el contribuyente solicite ante la autoridad fiscal la aceptaci\u00f3n de los\u00a0documentos probatorios que garanticen el pago del inter\u00e9s fiscal de sus importaciones temporales.<\/div>\n<div class=\"texto\">\u00a0\u00a0\u00a0\u00a0\u00a0\u00a0\u00a0Deber\u00e1 cumplir con el llenado de los requisitos del 1 al 6 y 12.1.1<\/div>\n<div class=\"texto\">&#8211;\u00a0\u00a0\u00a0\u00a0\u00a0\u00a0Renovaci\u00f3n:\u00a0Trat\u00e1ndose de p\u00f3liza de fianza,\u00a0cuando el contribuyente notifique a la autoridad fiscal\u00a0la renovaci\u00f3n del plazo de la vigencia.<\/div>\n<div class=\"texto\">\u00a0\u00a0\u00a0\u00a0\u00a0\u00a0\u00a0Deber\u00e1 cumplir con el llenado de los requisitos del 1, 2, 6, 7 y 12.1.2<\/div>\n<div class=\"texto\">&#8211;\u00a0\u00a0\u00a0\u00a0\u00a0\u00a0Ampliaci\u00f3n de vigencia:\u00a0Trat\u00e1ndose de carta de cr\u00e9dito, cuando el contribuyente notifique a la\u00a0autoridad fiscal la ampliaci\u00f3n del plazo de la vigencia.<\/div>\n<div class=\"texto\">\u00a0\u00a0\u00a0\u00a0\u00a0\u00a0\u00a0Deber\u00e1 cumplir con el llenado de los requisitos del 1, 2, 6, 8 y 12.1.3<\/div>\n<div class=\"texto\">&#8211;\u00a0\u00a0\u00a0\u00a0\u00a0\u00a0Aumento de monto garantizado:\u00a0Cuando el contribuyente notifique a la autoridad fiscal el aumento\u00a0del monto de la garant\u00eda.<\/div>\n<div class=\"texto\">\u00a0\u00a0\u00a0\u00a0\u00a0\u00a0\u00a0Deber\u00e1 cumplir con el llenado de los requisitos del 1, 2, 6, 9 y 12.1.4<\/div>\n<div class=\"texto\">&#8211;\u00a0\u00a0\u00a0\u00a0\u00a0\u00a0Cancelaci\u00f3n:\u00a0Cuando el contribuyente solicite la cancelaci\u00f3n de la garant\u00eda conforme a la\u00a0establecido en el art\u00edculo 89 del Reglamento del CFF.<\/div>\n<div class=\"texto\">\u00a0\u00a0\u00a0\u00a0\u00a0\u00a0\u00a0Deber\u00e1 cumplir con el llenado de los requisitos del 1, 2 y 10<\/div>\n<div class=\"texto\">1. DATOS DEL CONTRIBUYENTE.<\/div>\n<div class=\"texto\">1.1 Denominaci\u00f3n y\/o raz\u00f3n social.<\/div>\n<div class=\"texto\">El contribuyente deber\u00e1 indicar la denominaci\u00f3n y\/o raz\u00f3n social de acuerdo a la forma como se encuentra\u00a0constituida y el RFC.<\/div>\n<div class=\"texto\">1.2 Actividad preponderante.<\/div>\n<div class=\"texto\">Deber\u00e1 indicar la actividad econ\u00f3mica preponderante declarada ante el RFC.<\/div>\n<table>\n<tbody>\n<tr>\n<td>\n<div class=\"texto\">1.2 Actividad Preponderante.<\/div>\n<\/td>\n<\/tr>\n<tr>\n<td>\n<div class=\"texto\"><\/div>\n<\/td>\n<\/tr>\n<\/tbody>\n<\/table>\n<div class=\"texto\">1.3 Sector productivo o Sector servicio.<\/div>\n<div class=\"texto\">Deber\u00e1 indicar el sector productivo o de servicio al que pertenece seg\u00fan en el anexo 1.<\/div>\n<div class=\"texto\">Ejemplo:<\/div>\n<div class=\"texto\">Deber\u00e1 indicar el sector al que pertenece seg\u00fan corresponda,\u00a0&#8220;A&#8221;\u00a0si pertenece al sector productivo y\u00a0&#8220;B&#8221;\u00a0si\u00a0es al sector servicio.<\/div>\n<table>\n<tbody>\n<tr>\n<td>\n<div class=\"texto\">1.3 Sector productivo o Sectorservicio.<\/div>\n<\/td>\n<\/tr>\n<tr>\n<td>\n<div class=\"texto\">A.\u00a0\u00a0\u00a0Sector productivo<\/div>\n<\/td>\n<\/tr>\n<\/tbody>\n<\/table>\n<div class=\"texto\"><\/div>\n<div class=\"texto\">Deber\u00e1 indicar el n\u00famero correspondiente al concepto de la actividad a la que pertenece.<\/div>\n<table>\n<tbody>\n<tr>\n<td>\n<div class=\"texto\">Concepto.<\/div>\n<\/td>\n<\/tr>\n<tr>\n<td>\n<div class=\"texto\">15<\/div>\n<\/td>\n<\/tr>\n<\/tbody>\n<\/table>\n<div class=\"texto\">De acuerdo al ejemplo el contribuyente pertenecer\u00eda al Sector Productivo (A), en la Industria Textil (15).<\/div>\n<div class=\"texto\">Anexo 1.<\/div>\n<table>\n<tbody>\n<tr>\n<td>\n<div class=\"texto\">A.\u00a0\u00a0\u00a0\u00a0Sector Productivo<\/div>\n<\/td>\n<td>\n<div class=\"texto\">B.\u00a0\u00a0\u00a0\u00a0Sector Servicio<\/div>\n<\/td>\n<\/tr>\n<\/tbody>\n<\/table>\n<table>\n<tbody>\n<tr>\n<td>\n<div class=\"texto\">1.\u00a0\u00a0\u00a0\u00a0\u00a0Automotriz terminal.<\/div>\n<div class=\"texto\">2.\u00a0\u00a0\u00a0\u00a0\u00a0Autopartes.<\/div>\n<div class=\"texto\">3.\u00a0\u00a0\u00a0\u00a0\u00a0Bebidas y tabacos.<\/div>\n<div class=\"texto\">4.\u00a0\u00a0\u00a0\u00a0\u00a0Fabricaci\u00f3n de art\u00edculos de oficina.<\/div>\n<div class=\"texto\">5.\u00a0\u00a0\u00a0\u00a0\u00a0Fabricaci\u00f3n de equipo ferroviario.<\/div>\n<div class=\"texto\">6.\u00a0\u00a0\u00a0\u00a0\u00a0Fabricaci\u00f3n de juguetes, juegos de recreo yart\u00edculos deportivos.<\/div>\n<div class=\"texto\">7.\u00a0\u00a0\u00a0\u00a0\u00a0Fabricaci\u00f3n de maquinaria y equipo.<\/div>\n<div class=\"texto\">8.\u00a0\u00a0\u00a0\u00a0\u00a0Fabricaci\u00f3n de maquinaria y equipo para lasactividades agropecuarias, para la industria dela construcci\u00f3n o de la industria alimentaria.<\/div>\n<div class=\"texto\">9.\u00a0\u00a0\u00a0\u00a0\u00a0Fabricaci\u00f3n de muebles y productosrelacionados.<\/div>\n<div class=\"texto\">10.\u00a0\u00a0\u00a0Fabricaci\u00f3n de productos a base de mineralesno met\u00e1licos.<\/div>\n<div class=\"texto\">11.\u00a0\u00a0\u00a0Fabricaci\u00f3n de productos derivados del\u00a0petr\u00f3leo y del carb\u00f3n.<\/div>\n<div class=\"texto\">12.\u00a0\u00a0\u00a0Industria alimentaria.<\/div>\n<div class=\"texto\">13.\u00a0\u00a0\u00a0Industria de la madera.<\/div>\n<div class=\"texto\">14.\u00a0\u00a0\u00a0Industria de la miner\u00eda y metal\u00fargica.<\/div>\n<div class=\"texto\">15.\u00a0\u00a0\u00a0Industria del textil-confecci\u00f3n.<\/div>\n<div class=\"texto\">16.\u00a0\u00a0\u00a0Industria del calzado.<\/div>\n<div class=\"texto\">17.\u00a0\u00a0\u00a0Industria del papel y cart\u00f3n.<\/div>\n<div class=\"texto\">18.\u00a0\u00a0\u00a0Industria del pl\u00e1stico y del hule.<\/div>\n<div class=\"texto\">19.\u00a0\u00a0\u00a0Industria farmac\u00e9utica.<\/div>\n<div class=\"texto\">20.\u00a0\u00a0\u00a0Industria m\u00e9dica.<\/div>\n<div class=\"texto\">21.\u00a0\u00a0\u00a0Industria metalmec\u00e1nica.<\/div>\n<div class=\"texto\">22.\u00a0\u00a0\u00a0Industria qu\u00edmica.<\/div>\n<div class=\"texto\">23.\u00a0\u00a0\u00a0Sector aeroespacial.<\/div>\n<div class=\"texto\">24.\u00a0\u00a0\u00a0Sector el\u00e9ctrico.<\/div>\n<div class=\"texto\">25.\u00a0\u00a0\u00a0Sector electr\u00f3nico.<\/div>\n<div class=\"texto\">26.\u00a0\u00a0\u00a0Sider\u00fargicas.<\/div>\n<\/td>\n<td>\n<div class=\"texto\">1.\u00a0\u00a0\u00a0\u00a0\u00a0Abastecimiento, almacenaje o distribuci\u00f3n demercanc\u00edas.<\/div>\n<div class=\"texto\">2.\u00a0\u00a0\u00a0\u00a0\u00a0Blindaje, modificaci\u00f3n o adaptaci\u00f3n de\u00a0veh\u00edculo automotor.<\/div>\n<div class=\"texto\">3.\u00a0\u00a0\u00a0\u00a0\u00a0Bordado o impresi\u00f3n de prendas.<\/div>\n<div class=\"texto\">4.\u00a0\u00a0\u00a0\u00a0\u00a0Clasificaci\u00f3n, inspecci\u00f3n, prueba o verificaci\u00f3nde mercanc\u00edas.<\/div>\n<div class=\"texto\">5.\u00a0\u00a0\u00a0\u00a0\u00a0Dise\u00f1o o ingenier\u00eda de productos.<\/div>\n<div class=\"texto\">6.\u00a0\u00a0\u00a0\u00a0\u00a0Dise\u00f1o o ingenier\u00eda de software.<\/div>\n<div class=\"texto\">7.\u00a0\u00a0\u00a0\u00a0\u00a0Integraci\u00f3n de juegos (kits) o material con\u00a0fines promocionales y que se acompa\u00f1en en\u00a0los productos que se exportan.<\/div>\n<div class=\"texto\">8.\u00a0\u00a0\u00a0\u00a0\u00a0Lavander\u00eda o planchado de prendas.<\/div>\n<div class=\"texto\">9.\u00a0\u00a0\u00a0\u00a0\u00a0Operaciones que no alteren materialmente lascaracter\u00edsticas de las mercanc\u00edas (que incluyeenvase, lijado, engomado, pulido, pintado oencerado, entre otros).<\/div>\n<div class=\"texto\">10.\u00a0\u00a0\u00a0Reciclaje o acopio de desperdicios.<\/div>\n<div class=\"texto\">11.\u00a0\u00a0\u00a0Reparaci\u00f3n, re-trabajo o mantenimiento demercanc\u00edas.<\/div>\n<div class=\"texto\">12.\u00a0\u00a0\u00a0Servicio de subcontrataci\u00f3n de procesos denegocio basados en tecnolog\u00edas de lainformaci\u00f3n.<\/div>\n<div class=\"texto\">13.\u00a0\u00a0\u00a0Servicios soportados con tecnolog\u00eda de lainformaci\u00f3n.<\/div>\n<\/td>\n<\/tr>\n<\/tbody>\n<\/table>\n<div class=\"texto\"><\/div>\n<div class=\"texto\">1.4 Domicilio fiscal del contribuyente.<\/div>\n<div class=\"texto\">Deber\u00e1 indicar el domicilio fiscal manifestado ante el RFC o, en su caso, el declarado a trav\u00e9s del \u00faltimo\u00a0aviso de cambio de situaci\u00f3n fiscal.<\/div>\n<div class=\"texto\">1. 5 Domicilio para o\u00edr y recibir notificaciones.<\/div>\n<div class=\"texto\">Deber\u00e1 indicar el domicilio para o\u00edr y recibir notificaciones.<\/div>\n<div class=\"texto\">2. DATOS DEL REPRESENTANTE LEGAL DEL CONTRIBUYENTE.<\/div>\n<div class=\"texto\">2.1 Nombre.<\/div>\n<div class=\"texto\">Deber\u00e1 indicar los datos del representante legal o apoderado legal con poder general para actos de\u00a0administraci\u00f3n y\/o dominio, de la empresa solicitante que realiza el tr\u00e1mite.<\/div>\n<div class=\"texto\">2.2 Personas autorizadas para o\u00edr y recibir notificaciones.<\/div>\n<div class=\"texto\"><\/div>\n<div class=\"texto\">Deber\u00e1 indicar la informaci\u00f3n de la persona autorizada para o\u00edr y recibir notificaciones, en caso de\u00a0requerirlo.<\/div>\n<div class=\"texto\">3. DOCUMENTOS QUE ACREDITAN LOS DATOS DEL CONTRIBUYENTE.<\/div>\n<div class=\"texto\">3.1 Acta constitutiva del contribuyente.<\/div>\n<div class=\"texto\">Deber\u00e1 anexar copia simple y original o copia certificada para cotejo del acta constitutiva que contenga el\u00a0n\u00famero de instrumento notarial o p\u00f3liza mercantil, con el cual se constituy\u00f3 el contribuyente, fecha, nombre y\u00a0n\u00famero de Notario o Corredor P\u00fablico y la Entidad Federativa donde se realiz\u00f3 dicha acta.<\/div>\n<div class=\"texto\">3.2 Documento con el que se acredita la personalidad del representante legal del contribuyente que\u00a0firma esta solicitud para realizar actos de administraci\u00f3n y\/o dominio en representaci\u00f3n del\u00a0contribuyente.<\/div>\n<div class=\"texto\">Deber\u00e1 marcar con una\u00a0&#8220;X&#8221;\u00a0en el cuadro, si la personalidad de quien firma con poder general para actos\u00a0de administraci\u00f3n y\/o dominio en representaci\u00f3n del contribuyente consta en el acta constitutiva.<\/div>\n<div class=\"texto\">En caso contrario se deber\u00e1 indicar el n\u00famero de instrumento notarial o p\u00f3liza mercantil, fecha, nombre y\u00a0n\u00famero del Notario o Corredor P\u00fablico y Entidad Federativa.<\/div>\n<div class=\"texto\">Deber\u00e1 anexar copia simple del poder notarial o p\u00f3liza mercantil y original o copia certificada para cotejo.<\/div>\n<div class=\"texto\">4. R\u00c9GIMEN ADUANERO.<\/div>\n<div class=\"texto\">4.1 R\u00e9gimen aduanero.<\/div>\n<div class=\"texto\">Deber\u00e1 marcar con una\u00a0&#8220;X&#8221;\u00a0en el(los) cuadro(s) el r\u00e9gimen aduanero en el que introduce mercanc\u00edas de\u00a0importaci\u00f3n, de conformidad con lo establecido en los art\u00edculos 28, 28-A, 15 y 15-A de la Ley del IVA y de la\u00a0Ley del IEPS.<\/div>\n<div class=\"texto\">4.2 Indique el n\u00famero de su Programa IMMEX\u00a0y la modalidad.<\/div>\n<div class=\"texto\">Deber\u00e1 indicar su n\u00famero de Programa IMMEX y la modalidad bajo la cual se encuentra autorizado\u00a0(controladora de empresas, industrial, servicios, albergue o tercerizaci\u00f3n).<\/div>\n<div class=\"texto\">Trat\u00e1ndose de empresas que operan bajo el r\u00e9gimen aduanero de dep\u00f3sito fiscal para someterse al\u00a0proceso de ensamble y fabricaci\u00f3n de veh\u00edculos; de elaboraci\u00f3n, transformaci\u00f3n o reparaci\u00f3n en recinto\u00a0fiscalizado, o de recinto fiscalizado estrat\u00e9gico, deber\u00e1 anexar y se\u00f1alar el n\u00famero de oficio de su autorizaci\u00f3n\u00a0vigente.<\/div>\n<div class=\"texto\">5. GARANT\u00cdA.<\/div>\n<div class=\"texto\">5.1 P\u00f3liza de fianza.<\/div>\n<div class=\"texto\">Se\u00f1ale los siguientes datos:<\/div>\n<div class=\"texto\">Deber\u00e1 indicar el n\u00famero de folio de la p\u00f3liza de fianza, fecha de expedici\u00f3n, Instituci\u00f3n de Fianzas\u00a0autorizada que emite el documento, RFC, fecha de vigencia de la p\u00f3liza de fianza desde el momento en que\u00a0entra en vigor su validez hasta la fecha de t\u00e9rmino de la vigencia (respetar el formato en el orden indicado dd\/mm\/aaaa) y el importe total de la p\u00f3liza de fianza (con n\u00famero, incluir centavos y sin comas).<\/div>\n<div class=\"texto\">5.1.1 Anexar la p\u00f3liza de fianza formulada en documento digital (archivo XML) proporcionado por la\u00a0Instituci\u00f3n de Fianzas, as\u00ed como su representaci\u00f3n impresa.<\/div>\n<div class=\"texto\">5.1.2 Anexar original de la p\u00f3liza de fianza formulada en documento impreso (papeler\u00eda oficial de la\u00a0Instituci\u00f3n de Fianzas, de conformidad con el art\u00edculo 16 de la Ley de Instituciones de Seguros y de\u00a0Fianzas).<\/div>\n<div class=\"texto\">5.2 Carta de Cr\u00e9dito.<\/div>\n<div class=\"texto\">Se\u00f1ale lo siguientes datos:<\/div>\n<div class=\"texto\">Deber\u00e1 indicar el n\u00famero de folio de la carta de cr\u00e9dito, fecha de expedici\u00f3n, Instituci\u00f3n de Cr\u00e9dito\u00a0autorizada que emite el documento, RFC, fecha de vigencia de la carta de cr\u00e9dito desde el momento en que\u00a0entra en vigor su validez hasta la fecha de t\u00e9rmino de la vigencia (respetar el formato en el orden indicado dd\/<\/div>\n<div class=\"texto\">mm\/aaaa) y el importe total de la carta de cr\u00e9dito (con n\u00famero, incluir centavos y sin comas).<\/div>\n<div class=\"texto\">5.2.1 Anexar original de la carta de cr\u00e9dito formulada en documento impreso\u00a0(hoja membretada de la\u00a0Instituci\u00f3n de Cr\u00e9dito que emite el documento).<\/div>\n<div class=\"texto\">6. MANIFESTACIONES.<\/div>\n<div class=\"texto\">6.1 Requisitos generales para la aceptaci\u00f3n de las garant\u00edas\u00a0(deber\u00e1 se\u00f1alar con una\u00a0&#8220;X&#8221;\u00a0todos y cada\u00a0uno de los cuadros seg\u00fan corresponda).<\/div>\n<div class=\"texto\">6.1.1\u00a0Indique si se encuentra al corriente en el cumplimiento de sus obligaciones fiscales y\u00a0aduaneras.<\/div>\n<div class=\"texto\">Deber\u00e1 contestar lo que corresponda.<\/div>\n<div class=\"texto\">6.1.2 Indique si autoriz\u00f3 al SAT hacer p\u00fablica su opini\u00f3n positiva sobre el cumplimiento de\u00a0obligaciones fiscales.<\/div>\n<div class=\"texto\">Deber\u00e1 contestar lo que corresponda.<\/div>\n<div class=\"texto\">6.1.3\u00a0Se\u00f1al\u00e9 si la solicitante no se encuentra al momento de ingresar la solicitud en el listado de\u00a0empresas publicadas por el SAT, en t\u00e9rminos de los art\u00edculos 69 con excepci\u00f3n de lo dispuesto en las\u00a0fracciones II y VI y 69-B, cuarto p\u00e1rrafo del CFF.<\/div>\n<div class=\"texto\">Deber\u00e1 contestar lo que corresponda.<\/div>\n<div class=\"texto\">6.1.4\u00a0Se\u00f1ale si sus certificados de sellos digitales est\u00e1n vigentes y no se hubiere comprobado que\u00a0se infringi\u00f3 alguno de los supuestos previstos en el art\u00edculo 17-H, fracci\u00f3n X del CFF, durante los\u00a0\u00faltimos 12 meses.<\/div>\n<div class=\"texto\">Deber\u00e1 contestar lo que corresponda.<\/div>\n<div class=\"texto\">6.1.5\u00a0Indique si tiene actualizado su correo electr\u00f3nico para efectos del buz\u00f3n tributario.<\/div>\n<div class=\"texto\">Deber\u00e1 contestar lo que corresponda.<\/div>\n<div class=\"texto\">6.1.6\u00a0Se\u00f1ale si al momento de ingresar su solicitud lleva la contabilidad en medios electr\u00f3nicos de\u00a0conformidad con el art\u00edculo 28, fracci\u00f3n III, del CFF y la regla 2.8.1.6. de la RMF.<\/div>\n<div class=\"texto\">Deber\u00e1 contestar lo que corresponda.<\/div>\n<div class=\"texto\">6.1.7 Se\u00f1ale si ingresa mensualmente su informaci\u00f3n contable a trav\u00e9s del Portal del SAT, de\u00a0conformidad con el art\u00edculo 28, fracci\u00f3n IV, del CFF y la regla 2.8.1.7. de la RMF.<\/div>\n<div class=\"texto\">Deber\u00e1 contestar lo que corresponda.<\/div>\n<div class=\"texto\">7. RENOVACI\u00d3N.<\/div>\n<div class=\"texto\">7.1 Adicional a lo establecido en los numerales 1, 2 y 6 de este formato, el contribuyente que realice\u00a0una renovaci\u00f3n del plazo de vigencia de la p\u00f3liza de fianza deber\u00e1 indicar lo siguiente:<\/div>\n<div class=\"texto\">Deber\u00e1 indicar seg\u00fan corresponda el \u00faltimo\u00a0&#8220;folio \u00fanico de garant\u00eda&#8221;\u00a0(contenido dentro del oficio de\u00a0aceptaci\u00f3n de la garant\u00eda ofrecida), el n\u00famero y\/o folio de la\u00a0p\u00f3liza de fianza, nombre de la Instituci\u00f3n de\u00a0Fianzas, plazo de vigencia original o inicial desde el momento que entr\u00f3 en vigor su validez hasta la fecha de\u00a0t\u00e9rmino de vigencia (respetar el formato en el orden indicado dd\/mm\/aaaa) y el plazo por el que se solicita la\u00a0renovaci\u00f3n desde el momento que entrar\u00e1 en vigor su validez hasta la fecha de t\u00e9rmino de vigencia (respetar\u00a0el formato en el orden indicado dd\/mm\/aaaa).<\/div>\n<div class=\"texto\">7.1.1 Anexar endoso modificatorio de renovaci\u00f3n, formulada en documento digital (archivo XML)\u00a0proporcionado por la Instituci\u00f3n de Fianzas, as\u00ed como su representaci\u00f3n impresa.<\/div>\n<div class=\"texto\">7.1.2 Anexar endoso modificatorio de renovaci\u00f3n, formulada en documento impreso (papeler\u00eda\u00a0oficial de la Instituci\u00f3n de Fianzas, de conformidad con el art\u00edculo 16 de la Ley de Instituciones de\u00a0Seguros y de Fianzas)<\/div>\n<div class=\"texto\">8. AMPLIACI\u00d3N DE VIGENCIA.<\/div>\n<div class=\"texto\"><\/div>\n<div class=\"texto\">8.1 Adicional a lo establecido en los numerales 1, 2 y 6 de este formato, el contribuyente que realice\u00a0una ampliaci\u00f3n del plazo de vigencia de la carta de cr\u00e9dito deber\u00e1 indicar lo siguiente:<\/div>\n<div class=\"texto\">Deber\u00e1 indicar seg\u00fan corresponda el \u00faltimo\u00a0&#8220;folio \u00fanico de la garant\u00eda&#8221;\u00a0(contenido dentro del oficio de\u00a0aceptaci\u00f3n de la garant\u00eda ofrecida), el n\u00famero y\/o folio de carta de cr\u00e9dito, nombre de la Instituci\u00f3n de Cr\u00e9dito,\u00a0plazo de vigencia original o inicial desde el momento que entr\u00f3 en vigor su validez hasta la fecha de t\u00e9rmino\u00a0de vigencia (respetar el formato en el orden indicado dd\/mm\/aaaa) y el plazo por el que se solicita la\u00a0ampliaci\u00f3n desde el momento que entrar\u00e1 en vigor su validez hasta la fecha de t\u00e9rmino de vigencia (respetar\u00a0el formato en el orden indicado dd\/mm\/aaaa).<\/div>\n<div class=\"texto\">8.1.1 Anexar documento modificatorio de ampliaci\u00f3n de vigencia\u00a0(Emitida en hoja membretada de la\u00a0empresa solicitante).<\/div>\n<div class=\"texto\">9. AUMENTO DE MONTO GARANTIZADO.<\/div>\n<div class=\"texto\">9.1 Adicional a lo establecido en los numerales 1, 2 y 6 de este formato, el contribuyente que realice\u00a0un aumento en el monto garantizado deber\u00e1 cumplir con lo siguiente:<\/div>\n<div class=\"texto\">9.1.1 Se\u00f1ale los siguientes datos:<\/div>\n<div class=\"texto\">Deber\u00e1 indicar seg\u00fan corresponda el \u00faltimo\u00a0&#8220;folio \u00fanico de la garant\u00eda&#8221;\u00a0(contenido dentro del oficio de\u00a0aceptaci\u00f3n de la garant\u00eda ofrecida), el n\u00famero y\/o folio de p\u00f3liza de fianza o carta de cr\u00e9dito, nombre de la\u00a0Instituci\u00f3n de Fianzas o Instituci\u00f3n de Cr\u00e9dito, monto inicial u original en moneda nacional, con n\u00famero,\u00a0centavos y sin comas que ampara la p\u00f3liza de fianza o carta de cr\u00e9dito; as\u00ed como el monto de aumento en\u00a0moneda nacional, con n\u00famero, centavos y sin comas.<\/div>\n<div class=\"texto\">9.1.2 Anexar documento modificatorio de aumento del monto garantizado.<\/div>\n<div class=\"texto\">Se deber\u00e1 anexar el endoso modificatorio de aumento, formulada en documento digital (archivo XML)\u00a0proporcionado por la Instituci\u00f3n de Fianzas, as\u00ed como su representaci\u00f3n impresa.<\/div>\n<div class=\"texto\">9.1.3\u00a0Anexar original del documento modificatorio de aumento, formulada en documento impreso\u00a0(papeler\u00eda oficial de la Instituci\u00f3n de Fianzas).<\/div>\n<div class=\"texto\">9.1.4\u00a0Anexar original de la modificaci\u00f3n a la carta de cr\u00e9dito formulada en documento impreso (hoja\u00a0membretada de la Instituci\u00f3n de Cr\u00e9dito que emite el documento).<\/div>\n<div class=\"texto\">Se deber\u00e1 anexar original de la modificaci\u00f3n a la carta de cr\u00e9dito formulada en documento impreso (hoja\u00a0membretada de la Instituci\u00f3n de Cr\u00e9dito que emite el documento).<\/div>\n<div class=\"texto\">10. CANCELACI\u00d3N.<\/div>\n<div class=\"texto\">10.1 Adicional a lo establecido en los numerales 1 y 2 de este formato, el contribuyente que realice\u00a0una cancelaci\u00f3n por la garant\u00eda deber\u00e1 cumplir con lo siguiente:<\/div>\n<div class=\"texto\">Deber\u00e1 marcar con una\u00a0&#8220;X&#8221;\u00a0en el cuadro seg\u00fan corresponda, el motivo por el cual se solicita la cancelaci\u00f3n\u00a0de la garant\u00eda.<\/div>\n<div class=\"texto\">10.1.1 Se\u00f1ale lo siguientes datos:\u00a0Deber\u00e1 indicar el \u00faltimo\u00a0&#8220;folio \u00fanico de la garant\u00eda&#8221;\u00a0(contenido dentro\u00a0del oficio de aceptaci\u00f3n de la fianza o carta de cr\u00e9dito a cancelar), el n\u00famero y\/o folio de la p\u00f3liza de fianza o\u00a0carta de cr\u00e9dito por la cual se solicita la cancelaci\u00f3n y el nombre de la Instituci\u00f3n de Fianzas o Instituci\u00f3n de\u00a0Cr\u00e9dito.<\/div>\n<div class=\"texto\">11. AVISOS.<\/div>\n<div class=\"texto\">11.1 Cambio de denominaci\u00f3n o raz\u00f3n social.<\/div>\n<div class=\"texto\">En caso de haber realizado cambios en la denominaci\u00f3n o raz\u00f3n social.<\/div>\n<div class=\"texto\">Se\u00f1alar el n\u00famero de folio del acuse de movimientos de actualizaci\u00f3n de situaci\u00f3n fiscal del cambio en la\u00a0denominaci\u00f3n o raz\u00f3n social.<\/div>\n<div class=\"texto\">Deber\u00e1 adjuntar en original o copia certificada el instrumento notarial donde conste el cambio en la\u00a0denominaci\u00f3n o raz\u00f3n social.<\/div>\n<div class=\"texto\">11.2 Fusi\u00f3n de empresas que cuenten con la aceptaci\u00f3n de garant\u00edas en materia de IVA e IEPS y\u00a0subsista una de ellas.<\/div>\n<div class=\"texto\"><\/div>\n<div class=\"texto\">Se deber\u00e1 llenar la tabla conforme a los datos solicitados, se\u00f1alando el n\u00famero de folio del acuse de\u00a0movimientos de actualizaci\u00f3n de situaci\u00f3n fiscal de la fusi\u00f3n o escisi\u00f3n.<\/div>\n<div class=\"texto\">Deber\u00e1 adjuntar en original o copia certificada el documento notarial debidamente protocolizado en donde\u00a0conste la fusi\u00f3n.<\/div>\n<div class=\"texto\">11.3 Fusi\u00f3n o escisi\u00f3n de empresas que cuenten con la aceptaci\u00f3n de garant\u00edas en materia de IVA\u00a0e IEPS, y resulte una nueva sociedad.<\/div>\n<div class=\"texto\">Se deber\u00e1 llenar la tabla conforme a los datos solicitados, se\u00f1alando el n\u00famero de folio del acuse de\u00a0movimientos de actualizaci\u00f3n de situaci\u00f3n fiscal de la fusi\u00f3n.<\/div>\n<div class=\"texto\">Deber\u00e1 adjuntar en original o copia certificada el documento notarial debidamente protocolizado en donde\u00a0conste la fusi\u00f3n.<\/div>\n<div class=\"texto\">12. DOCUMENTOS QUE SE DEBEN ANEXAR A LA PRESENTE SOLICITUD.<\/div>\n<div class=\"texto\">12.1 Marque con una\u00a0&#8220;X&#8221;\u00a0en el cuadro, la documentaci\u00f3n que presenta.<\/div>\n<div class=\"texto\">Presentar la siguiente documentaci\u00f3n seg\u00fan corresponda:<\/div>\n<div class=\"texto\">12.1.1 Aceptaci\u00f3n.<\/div>\n<div class=\"texto\">Cuando el contribuyente solicite a la autoridad fiscal la aceptaci\u00f3n de la garant\u00eda del inter\u00e9s fiscal a que se\u00a0refiere la regla 7.4.1., deber\u00e1 marcar con una\u00a0&#8220;X&#8221;\u00a0seg\u00fan corresponda, as\u00ed como anexar la documentaci\u00f3n que\u00a0presenta:<\/div>\n<div class=\"texto\">1.\u00a0\u00a0\u00a0\u00a0\u00a0Acta constitutiva del contribuyente (copia simple y original o copia certificada para su cotejo).<\/div>\n<div class=\"texto\">2.\u00a0\u00a0\u00a0\u00a0\u00a0Instrumento notarial o p\u00f3liza mercantil que acredite la personalidad del representante legal del\u00a0contribuyente (copia simple y original o copia certificada para su cotejo).<\/div>\n<div class=\"texto\">3.\u00a0\u00a0\u00a0\u00a0\u00a0Anexar copia de identificaci\u00f3n oficial y original o copia certificada para cotejo del representante legal\u00a0del contribuyente.<\/div>\n<div class=\"texto\">\u00a0\u00a0\u00a0\u00a0\u00a0\u00a0\u00a0De conformidad con la regla 1.1.3., primer p\u00e1rrafo de las RGCE para 2017 podr\u00e1 presentar como\u00a0identificaci\u00f3n oficial cualquiera de los siguientes documentos:<\/div>\n<div class=\"texto\">\u00a0\u00a0\u00a0\u00a0\u00a0\u00a0\u00a0Credencial para votar expedida por el Instituto Nacional Electoral (antes Instituto Federal Electoral).<\/div>\n<div class=\"texto\">\u00a0\u00a0\u00a0\u00a0\u00a0\u00a0\u00a0Pasaporte.<\/div>\n<div class=\"texto\">\u00a0\u00a0\u00a0\u00a0\u00a0\u00a0\u00a0C\u00e9dula profesional.<\/div>\n<div class=\"texto\">\u00a0\u00a0\u00a0\u00a0\u00a0\u00a0\u00a0Licencia de conducir y en el caso de menores de edad permiso para conducir.<\/div>\n<div class=\"texto\">\u00a0\u00a0\u00a0\u00a0\u00a0\u00a0\u00a0En el caso de menores de edad la credencial emitida por la SEP o por instituci\u00f3n oficial acreditada.<\/div>\n<div class=\"texto\">\u00a0\u00a0\u00a0\u00a0\u00a0\u00a0\u00a0En el caso de adultos mayores la credencial del Instituto Nacional de las Personas Adultas Mayores.<\/div>\n<div class=\"texto\">\u00a0\u00a0\u00a0\u00a0\u00a0\u00a0\u00a0Trat\u00e1ndose de extranjeros: el documento migratorio que corresponda, emitido por autoridad\u00a0competente, (en su caso, pr\u00f3rroga o refrendo migratorio).<\/div>\n<div class=\"texto\">4.\u00a0\u00a0\u00a0\u00a0\u00a0P\u00f3liza de fianza formulada por Instituciones de Fianzas, expedida a favor de la TESOFE (se\u00f1alar el\u00a0domicilio fiscal) que contenga: fecha de expedici\u00f3n, n\u00famero de folio legible y sin alteraciones, datos\u00a0de la Instituci\u00f3n de Fianzas (denominaci\u00f3n y\/o raz\u00f3n social, RFC y domicilio), datos del contribuyente\u00a0(denominaci\u00f3n y\/o raz\u00f3n social, RFC y domicilio fiscal) indicar con n\u00famero y letra el importe total por\u00a0el que se expide en moneda de curso legal debiendo coincidir ambos datos, en su caso citar si es\u00a0revolvente o individual, el plazo de vigencia.<\/div>\n<div class=\"texto\">\u00a0\u00a0\u00a0\u00a0\u00a0\u00a0\u00a0Deber\u00e1 se\u00f1alar\u00a0&#8220;4.1.&#8221;, cuando se trate de p\u00f3liza de fianza electr\u00f3nica (archivo XML), o\u00a0&#8220;4.2.&#8221;,\u00a0trat\u00e1ndose de p\u00f3liza de fianza en papeler\u00eda oficial:<\/div>\n<div class=\"texto\">\u00a0\u00a0\u00a0\u00a0\u00a0\u00a0\u00a04.1.\u00a0P\u00f3liza de fianza formulada en documento digital (archivo XML) proporcionado por la Instituci\u00f3n\u00a0de Fianzas y su representaci\u00f3n impresa.<\/div>\n<div class=\"texto\">\u00a0\u00a0\u00a0\u00a0\u00a0\u00a0\u00a04.2.\u00a0P\u00f3liza de fianza original (papeler\u00eda oficial de las Instituciones de Fianzas, de conformidad con el\u00a0art\u00edculo 16 de la Ley de Instituciones de Seguros y de Fianzas).<\/div>\n<div class=\"texto\">5.\u00a0\u00a0\u00a0\u00a0\u00a0Carta de cr\u00e9dito emitida en hoja membretada de la Instituci\u00f3n de Cr\u00e9dito expedida a favor de la<\/div>\n<div class=\"texto\">TESOFE que contenga: fecha de expedici\u00f3n, n\u00famero de folio legible y sin alteraciones, datos de la\u00a0Instituci\u00f3n de Cr\u00e9dito (denominaci\u00f3n y\/o raz\u00f3n social, RFC y domicilio fiscal), datos del contribuyente\u00a0(denominaci\u00f3n y\/o raz\u00f3n social, RFC y domicilio fiscal), indicar con n\u00famero y letra el importe total por\u00a0el que se expide en moneda de curso legal debiendo coincidir ambos datos, plazo de vigencia y\u00a0contener firma aut\u00f3grafa de los funcionarios que la expiden.<\/div>\n<div class=\"texto\">6.\u00a0\u00a0\u00a0\u00a0\u00a0Disco compacto (CD) que contenga los documentos digitalizados que anexa a la presente solicitud.\u00a0(12.1.1 incisos del 1 al 5)<\/div>\n<div class=\"texto\">12.1.2 Renovaci\u00f3n.<\/div>\n<div class=\"texto\">Cuando el contribuyente notifique a la autoridad fiscal la renovaci\u00f3n del plazo de la vigencia de la garant\u00eda,\u00a0deber\u00e1 marcar con una\u00a0&#8220;X&#8221;\u00a0en el cuadro que corresponda, as\u00ed como anexar la documentaci\u00f3n que presenta:<\/div>\n<div class=\"texto\">1.\u00a0\u00a0\u00a0\u00a0\u00a0Trat\u00e1ndose de renovaci\u00f3n anexar documento modificatorio de renovaci\u00f3n del plazo de la vigencia de\u00a0la p\u00f3liza de fianza.<\/div>\n<div class=\"texto\">\u00a0\u00a0\u00a0\u00a0\u00a0\u00a0\u00a0Deber\u00e1 se\u00f1alar\u00a0&#8220;1.1.&#8221;, cuando se trate de p\u00f3liza de fianza electr\u00f3nica (archivo XML), o\u00a0&#8220;1.2.&#8221;,\u00a0trat\u00e1ndose de p\u00f3liza de fianza en papeler\u00eda oficial:<\/div>\n<div class=\"texto\">\u00a0\u00a0\u00a0\u00a0\u00a0\u00a0\u00a01.1.\u00a0P\u00f3liza de fianza formulada en documento digital (archivo XML) proporcionado por la Instituci\u00f3n\u00a0de Fianzas y surepresentaci\u00f3n impresa.<\/div>\n<div class=\"texto\">\u00a0\u00a0\u00a0\u00a0\u00a0\u00a0\u00a01.2.\u00a0P\u00f3liza de fianza original (papeler\u00eda oficial de las Instituciones de Fianzas, de conformidad con el\u00a0art\u00edculo 16 de la Ley de Instituciones de Seguros y de Fianzas).<\/div>\n<div class=\"texto\">12.1.3 Ampliaci\u00f3n de vigencia.<\/div>\n<div class=\"texto\">Cuando el contribuyente notifique a la autoridad fiscal la ampliaci\u00f3n del plazo de la vigencia de la carta de\u00a0cr\u00e9dito, deber\u00e1 marcar con una\u00a0&#8220;X&#8221;\u00a0en el cuadro que corresponda, as\u00ed como anexar la documentaci\u00f3n que\u00a0presenta:<\/div>\n<div class=\"texto\">1.\u00a0\u00a0\u00a0\u00a0\u00a0Trat\u00e1ndose de ampliaci\u00f3n, anexar\u00a0escrito en hoja membretada de la empresa solicitante,\u00a0manifestando que no anexa documento modificatorio de ampliaci\u00f3n de la vigencia de la carta de\u00a0cr\u00e9dito (Emitida en hoja membretada de la instituci\u00f3n de cr\u00e9dito que emite el documento), ya que la\u00a0misma se\u00f1ala que:\u00a0&#8220;La vigencia de esta Carta de Cr\u00e9dito se ampliar\u00e1 en forma autom\u00e1tica por\u00a0per\u00edodos adicionales de un a\u00f1o a partir de la fecha de vencimiento a menos que el Banco Emisor d\u00e9\u00a0aviso por escrito a la Administraci\u00f3n Central de Certificaci\u00f3n y Asuntos Internacionales de Auditor\u00eda\u00a0de Comercio Exterior, con por lo menos 60 d\u00edas h\u00e1biles de anticipaci\u00f3n a la fecha de vencimiento\u00a0que corresponda, de su decisi\u00f3n de no ampliar la vigencia por un per\u00edodo adicional&#8221;).<\/div>\n<div class=\"texto\">12.1.4 Aumento del monto garantizado.<\/div>\n<div class=\"texto\">Cuando el contribuyente notifique a la autoridad fiscal el aumento del monto de la garant\u00eda, deber\u00e1 marcar\u00a0con una\u00a0&#8220;X&#8221;\u00a0el cuadro que corresponda, as\u00ed como anexar la documentaci\u00f3n que presenta:<\/div>\n<div class=\"texto\">1.\u00a0Trat\u00e1ndose de aumento\u00a0del monto garantizado anexar documento modificatorio correspondiente.<\/div>\n<div class=\"texto\">Deber\u00e1 se\u00f1alar\u00a0&#8220;1.1.&#8221;, cuando se trate de p\u00f3liza de fianza electr\u00f3nica (archivo XML); o\u00a0&#8220;1.2.&#8221;, trat\u00e1ndose\u00a0de p\u00f3liza de fianza en papeler\u00eda oficial, o\u00a0&#8220;1.3.&#8221;, cuando se trate de carta de cr\u00e9dito:<\/div>\n<div class=\"texto\">\u00a0\u00a0\u00a0\u00a0\u00a0\u00a0\u00a01.1.\u00a0P\u00f3liza de fianza formulada en documento digital (archivo XML) proporcionado por la Instituci\u00f3n\u00a0de Fianzas y su representaci\u00f3n impresa.<\/div>\n<div class=\"texto\">\u00a0\u00a0\u00a0\u00a0\u00a0\u00a0\u00a01.2.\u00a0P\u00f3liza de fianza original (papeler\u00eda oficial de las Instituciones de Fianzas, de conformidad con el\u00a0art\u00edculo 16 de la Ley de Instituciones de Seguros y de Fianzas).<\/div>\n<div class=\"texto\">\u00a0\u00a0\u00a0\u00a0\u00a0\u00a0\u00a01.3.\u00a0Anexar documento modificatorio de aumento del monto garantizado de la carta de cr\u00e9dito.\u00a0(formulada en documento impreso, es decir, hoja membretada de la Instituci\u00f3n de Cr\u00e9dito que emite\u00a0el documento).<\/div>\n<div class=\"texto\">12.1.5 Avisos.<\/div>\n<div class=\"texto\">Cuando el contribuyente notifique a la autoridad fiscal el Cambio de denominaci\u00f3n o raz\u00f3n social, deber\u00e1\u00a0marcar con una\u00a0&#8220;X&#8221;el cuadro que corresponda, as\u00ed como anexar la documentaci\u00f3n que se se\u00f1ala:<\/div>\n<div class=\"texto\"><\/div>\n<div class=\"texto\">1.\u00a0\u00a0\u00a0\u00a0\u00a0Instrumento notarial donde conste el cambio en la denominaci\u00f3n o raz\u00f3n social (Copia simple y\u00a0original o copia certificada para su cotejo).<\/div>\n<div class=\"texto\">2.\u00a0\u00a0\u00a0\u00a0\u00a0Instrumento notarial o p\u00f3liza mercantil que acredite la personalidad del representante legal del\u00a0contribuyente (Copia simple y original o copia certificada para su cotejo).<\/div>\n<div class=\"texto\">3.\u00a0\u00a0\u00a0\u00a0\u00a0Anexar copia de identificaci\u00f3n oficial y original o copia certificada para cotejo del representante legal\u00a0del contribuyente.<\/div>\n<div class=\"texto\">4.\u00a0\u00a0\u00a0\u00a0\u00a0Trat\u00e1ndose de cambio de denominaci\u00f3n o raz\u00f3n social, anexar documento modificatorio\u00a0correspondiente (se\u00f1ale s\u00f3lo una de las tres opciones).<\/div>\n<div class=\"texto\">\u00a0\u00a0\u00a0\u00a0\u00a0\u00a0\u00a0Deber\u00e1 se\u00f1alar\u00a0&#8220;4.1.&#8221;, cuando se trate de p\u00f3liza de fianza electr\u00f3nica (archivo XML); o\u00a0&#8220;4.2.&#8221;,\u00a0trat\u00e1ndose de p\u00f3liza de fianza en papeler\u00eda oficial, o\u00a0&#8220;4.3.&#8221;, cuando se trate de carta de cr\u00e9dito:<\/div>\n<div class=\"texto\">\u00a0\u00a0\u00a0\u00a0\u00a0\u00a0\u00a04.1.\u00a0P\u00f3liza de fianza formulada en documento digital (archivo XML) proporcionado por la Instituci\u00f3n\u00a0de Fianzas y su representaci\u00f3n impresa.<\/div>\n<div class=\"texto\">\u00a0\u00a0\u00a0\u00a0\u00a0\u00a0\u00a04.2.\u00a0P\u00f3liza de fianza original (papeler\u00eda oficial de las Instituciones de Fianzas, de conformidad con el\u00a0art\u00edculo 16 de la Ley de Instituciones de Seguros y de Fianzas).<\/div>\n<div class=\"texto\">\u00a0\u00a0\u00a0\u00a0\u00a0\u00a0\u00a04.3.\u00a0Original de la modificaci\u00f3n a la carta de cr\u00e9dito formulada en documento impreso (hoja\u00a0membretada\u00a0de la Instituci\u00f3n de Cr\u00e9dito que emite el documento).<\/div>\n<div class=\"texto\">Cuando el contribuyente notifique a la autoridad fiscal la\u00a0fusi\u00f3n de empresas que cuentan con la\u00a0aceptaci\u00f3n de garant\u00edas en materia de IVA e IEPS y subsista una de ellas, deber\u00e1 marcar con una\u00a0&#8220;X&#8221;\u00a0el\u00a0cuadro que corresponda, as\u00ed como anexar la documentaci\u00f3n que se se\u00f1ala:<\/div>\n<div class=\"texto\">1.\u00a0\u00a0\u00a0\u00a0\u00a0Documento notarial debidamente protocolizado en donde conste la fusi\u00f3n\u00a0(original o copia\u00a0certificada).<\/div>\n<div class=\"texto\">2.\u00a0\u00a0\u00a0\u00a0\u00a0Instrumento notarial o p\u00f3liza mercantil que acredite la personalidad del representante legal del\u00a0contribuyente (Copia simple y original o copia certificada para su cotejo).<\/div>\n<div class=\"texto\">3.\u00a0\u00a0\u00a0\u00a0\u00a0Anexar copia de identificaci\u00f3n oficial y original o copia certificada para cotejo del representante legal\u00a0del contribuyente.<\/div>\n<div class=\"texto\">4.\u00a0\u00a0\u00a0\u00a0\u00a0Trat\u00e1ndose de fusi\u00f3n de empresas que cuentan con la aceptaci\u00f3n de garant\u00edas en materia de IVA e\u00a0IEPS y subsista una de ellas, anexar documento modificatorio correspondiente (se\u00f1ale s\u00f3lo una de\u00a0las tres opciones).<\/div>\n<div class=\"texto\">\u00a0\u00a0\u00a0\u00a0\u00a0\u00a0\u00a0Deber\u00e1 se\u00f1alar\u00a0&#8220;4.1.&#8221;, cuando se trate de p\u00f3liza de fianza electr\u00f3nica (archivo XML); o\u00a0&#8220;4.2.&#8221;,\u00a0trat\u00e1ndose de p\u00f3liza de fianza en papeler\u00eda oficial, o\u00a0&#8220;4.3.&#8221;, cuando se trate de carta de cr\u00e9dito:<\/div>\n<div class=\"texto\">\u00a0\u00a0\u00a0\u00a0\u00a0\u00a0\u00a04.1.\u00a0P\u00f3liza de fianza formulada en documento digital (archivo XML) proporcionado por la Instituci\u00f3n\u00a0de Fianzas y su representaci\u00f3n impresa.<\/div>\n<div class=\"texto\">\u00a0\u00a0\u00a0\u00a0\u00a0\u00a0\u00a04.2.\u00a0P\u00f3liza de fianza original (papeler\u00eda oficial de las Instituciones de Fianzas, de conformidad con el\u00a0art\u00edculo 16 de la Ley de Instituciones de Seguros y de Fianzas).<\/div>\n<div class=\"texto\">\u00a0\u00a0\u00a0\u00a0\u00a0\u00a0\u00a04.3.\u00a0Original de la modificaci\u00f3n a la carta de cr\u00e9dito formulada en documento impreso (hoja\u00a0membretada\u00a0de la Instituci\u00f3n de Cr\u00e9dito que emite el documento).<\/div>\n<div class=\"texto\">Cuando el contribuyente notifique a la autoridad fiscal la\u00a0fusi\u00f3n de empresas que cuentan con la\u00a0aceptaci\u00f3n de garant\u00edas en materia de IVA e IEPS y resulte una nueva sociedad, deber\u00e1 marcar con una\u00a0&#8220;X&#8221;\u00a0el cuadro que corresponda, as\u00ed como anexar la documentaci\u00f3n que se se\u00f1ala:<\/div>\n<div class=\"texto\">1.\u00a0\u00a0\u00a0\u00a0\u00a0Documento notarial debidamente protocolizado en donde conste la fusi\u00f3n o escisi\u00f3n\u00a0(original o copia\u00a0certificada).<\/div>\n<div class=\"texto\">2.\u00a0\u00a0\u00a0\u00a0\u00a0Instrumento notarial o p\u00f3liza mercantil que acredite la personalidad del representante legal del\u00a0contribuyente (copia simple y original o copia certificada para su cotejo).<\/div>\n<div class=\"texto\">3.\u00a0\u00a0\u00a0\u00a0\u00a0Anexar copia de identificaci\u00f3n oficial y original o copia certificada para cotejo del representante legal<\/div>\n<div class=\"texto\">del contribuyente.<\/div>\n<div class=\"texto\">4.\u00a0\u00a0\u00a0\u00a0\u00a0Trat\u00e1ndose de\u00a0fusi\u00f3n o escisi\u00f3n de empresas que cuentan con la aceptaci\u00f3n de garant\u00edas en materia\u00a0de IVA e IEPS, y resulte una nueva sociedad,\u00a0anexar documento modificatorio correspondiente\u00a0(se\u00f1ale s\u00f3lo una de las tres opciones).<\/div>\n<div class=\"texto\">\u00a0\u00a0\u00a0\u00a0\u00a0\u00a0\u00a0Deber\u00e1 se\u00f1alar\u00a0&#8220;4.1.&#8221;, cuando se trate de p\u00f3liza de fianza electr\u00f3nica (archivo XML); o\u00a0&#8220;4.2.&#8221;,\u00a0trat\u00e1ndose de p\u00f3liza de fianza en papeler\u00eda oficial, o\u00a0&#8220;4.3.&#8221;, cuando se trate de carta de cr\u00e9dito:<\/div>\n<div class=\"texto\">\u00a0\u00a0\u00a0\u00a0\u00a0\u00a0\u00a04.1.\u00a0P\u00f3liza de fianza formulada en documento digital (archivo XML) proporcionado por la Instituci\u00f3n\u00a0de Fianzas y su representaci\u00f3n impresa.<\/div>\n<div class=\"texto\">\u00a0\u00a0\u00a0\u00a0\u00a0\u00a0\u00a04.2.\u00a0P\u00f3liza de fianza original (papeler\u00eda oficial de las Instituciones de Fianzas, de conformidad con el\u00a0art\u00edculo 16 de la Ley de Instituciones de Seguros y de Fianzas).<\/div>\n<div class=\"texto\">\u00a0\u00a0\u00a0\u00a0\u00a0\u00a0\u00a04.3.\u00a0Original de la modificaci\u00f3n a la carta de cr\u00e9dito formulada en documento impreso (hoja\u00a0membretada\u00a0de la Instituci\u00f3n de Cr\u00e9dito que emite el documento).<\/div>\n<div class=\"texto\">Notas aclaratorias:<\/div>\n<div class=\"texto\">&#8211;\u00a0\u00a0\u00a0\u00a0\u00a0\u00a0Los documentos y archivos que se acompa\u00f1en a la autorizaci\u00f3n deber\u00e1n anexarse se\u00f1alando el\u00a0numeral y nombre del documento que corresponda.<\/div>\n<div class=\"texto\">&#8211;\u00a0\u00a0\u00a0\u00a0\u00a0\u00a0De conformidad con la regla 7.4.1., la autoridad resolver\u00e1 en un t\u00e9rmino de treinta d\u00edas contados a\u00a0partir del d\u00eda siguiente a que el contribuyente presente la solicitud. En el caso de que la autoridad\u00a0detecte la falta de alg\u00fan requisito, le requerir\u00e1 por \u00fanica ocasi\u00f3n al contribuyente la informaci\u00f3n o\u00a0documentaci\u00f3n faltante, para lo cual, el contribuyente contar\u00e1 con un plazo de quince d\u00edas para dar\u00a0atenci\u00f3n al requerimiento, en caso contrario, se entender\u00e1 que se desisti\u00f3 de la promoci\u00f3n. El plazo\u00a0de treinta d\u00edas se computar\u00e1 a partir de que se tengan cubiertos en su totalidad los requisitosmencionados en la regla 7.4.2.<\/div>\n<div class=\"texto\">&#8211;\u00a0\u00a0\u00a0\u00a0\u00a0\u00a0Los contribuyentes que hubieran obtenido la aceptaci\u00f3n en t\u00e9rminos de las reglas 7.4.1. y 7.4.7.,\u00a0deber\u00e1n presentar la renovaci\u00f3n o ampliaci\u00f3n de vigencia de la garant\u00eda con al menos 20 d\u00edas antes\u00a0del t\u00e9rmino de su vigencia.<\/div>\n<div class=\"Texto\">&#8230;&#8230;&#8230;&#8230;&#8230;&#8230;&#8230;&#8230;&#8230;&#8230;&#8230;&#8230;&#8230;&#8230;&#8230;&#8230;&#8230;&#8230;&#8230;&#8230;&#8230;&#8230;&#8230;&#8230;&#8230;&#8230;&#8230;&#8230;&#8230;&#8230;&#8230;&#8230;&#8230;&#8230;&#8230;&#8230;&#8230;&#8230;&#8230;&#8230;&#8230;&#8230;&#8230;&#8230;&#8230;&#8230;&#8230;&#8230;&#8230;&#8230;&#8230;&#8230;&#8230;&#8230;&#8230;&#8230;&#8230;<\/div>\n<div class=\"Texto\">F2.<\/div>\n<table>\n<tbody>\n<tr>\n<td>\n<div class=\"Texto\"><img decoding=\"async\" src=\"http:\/\/www.dof.gob.mx\/imagenes_diarios\/2018\/09\/20\/MAT\/shcp2a11_Cimg_103598.png\" \/><\/div>\n<\/td>\n<td>\n<div class=\"Texto\">Solicitud de registro del despacho\u00a0de mercanc\u00edas de las<br \/>\nempresas.<\/div>\n<\/td>\n<td>\n<div class=\"Texto\"><img decoding=\"async\" src=\"http:\/\/www.dof.gob.mx\/imagenes_diarios\/2018\/09\/20\/MAT\/shcp2a11_Cimg_108190.png\" \/><\/div>\n<\/td>\n<\/tr>\n<\/tbody>\n<\/table>\n<div class=\"Texto\"><\/div>\n<table>\n<tbody>\n<tr>\n<td colspan=\"2\">\n<div class=\"Texto\">1. Nombre, Denominaci\u00f3n y\/o Raz\u00f3n social.<\/div>\n<\/td>\n<\/tr>\n<tr>\n<td>\n<div class=\"Texto\">Nombre, Denominaci\u00f3n y\/o Raz\u00f3nsocial:<\/div>\n<\/td>\n<td>\n<div class=\"Texto\"><\/div>\n<\/td>\n<\/tr>\n<\/tbody>\n<\/table>\n<div class=\"Texto\"><\/div>\n<table>\n<tbody>\n<tr>\n<td>\n<div class=\"Texto\">RFC incluyendo la homoclave.<\/div>\n<\/td>\n<td>\n<div class=\"Texto\"><\/div>\n<\/td>\n<td>\n<div class=\"Texto\"><\/div>\n<\/td>\n<td>\n<div class=\"Texto\"><\/div>\n<\/td>\n<td>\n<div class=\"Texto\"><\/div>\n<\/td>\n<td>\n<div class=\"Texto\"><\/div>\n<\/td>\n<td>\n<div class=\"Texto\"><\/div>\n<\/td>\n<td>\n<div class=\"Texto\"><\/div>\n<\/td>\n<td>\n<div class=\"Texto\"><\/div>\n<\/td>\n<td>\n<div class=\"Texto\"><\/div>\n<\/td>\n<td>\n<div class=\"Texto\"><\/div>\n<\/td>\n<td>\n<div class=\"Texto\"><\/div>\n<\/td>\n<td>\n<div class=\"Texto\"><\/div>\n<\/td>\n<td>\n<div class=\"Texto\"><\/div>\n<\/td>\n<\/tr>\n<\/tbody>\n<\/table>\n<div class=\"Texto\"><\/div>\n<table>\n<tbody>\n<tr>\n<td>\n<div class=\"Texto\">2. Actividad preponderante.<\/div>\n<\/td>\n<\/tr>\n<\/tbody>\n<\/table>\n<div class=\"Texto\"><\/div>\n<table>\n<tbody>\n<tr>\n<td>\n<div class=\"Texto\"><\/div>\n<\/td>\n<\/tr>\n<\/tbody>\n<\/table>\n<div class=\"Texto\"><\/div>\n<table>\n<tbody>\n<tr>\n<td colspan=\"3\">\n<div class=\"Texto\">3. Domicilio para o\u00edr y recibir notificaciones.<\/div>\n<\/td>\n<\/tr>\n<tr>\n<td colspan=\"3\">\n<div class=\"Texto\"><\/div>\n<div class=\"Texto\"><\/div>\n<\/td>\n<\/tr>\n<tr>\n<td colspan=\"3\">\n<div class=\"Texto\">Calle\u00a0\u00a0\u00a0\u00a0\u00a0\u00a0\u00a0\u00a0\u00a0\u00a0\u00a0\u00a0\u00a0\u00a0\u00a0\u00a0\u00a0\u00a0\u00a0\u00a0\u00a0\u00a0\u00a0\u00a0\u00a0\u00a0\u00a0\u00a0\u00a0\u00a0\u00a0\u00a0N\u00famero y\/o letra exterior\u00a0\u00a0\u00a0\u00a0\u00a0\u00a0\u00a0\u00a0\u00a0\u00a0\u00a0\u00a0\u00a0\u00a0\u00a0\u00a0\u00a0\u00a0\u00a0\u00a0\u00a0\u00a0\u00a0\u00a0\u00a0\u00a0\u00a0\u00a0\u00a0\u00a0\u00a0\u00a0\u00a0\u00a0\u00a0N\u00famero y\/o letra interior<\/div>\n<\/td>\n<\/tr>\n<tr>\n<td colspan=\"3\">\n<div class=\"Texto\"><\/div>\n<\/td>\n<\/tr>\n<tr>\n<td colspan=\"3\">\n<div class=\"Texto\">Colonia\u00a0\u00a0\u00a0\u00a0\u00a0\u00a0\u00a0\u00a0\u00a0\u00a0\u00a0\u00a0\u00a0\u00a0\u00a0\u00a0C.P.\u00a0\u00a0\u00a0\u00a0\u00a0\u00a0\u00a0\u00a0\u00a0\u00a0\u00a0\u00a0\u00a0\u00a0\u00a0\u00a0\u00a0\u00a0\u00a0\u00a0\u00a0Municipio\/Delegaci\u00f3n\u00a0\u00a0\u00a0\u00a0\u00a0\u00a0\u00a0\u00a0\u00a0\u00a0\u00a0\u00a0\u00a0\u00a0\u00a0\u00a0\u00a0\u00a0\u00a0\u00a0\u00a0\u00a0\u00a0\u00a0\u00a0\u00a0Entidad Federativa<\/div>\n<\/td>\n<\/tr>\n<tr>\n<td>\n<div class=\"Texto\"><\/div>\n<\/td>\n<td>\n<div class=\"Texto\"><\/div>\n<\/td>\n<td>\n<div class=\"Texto\"><\/div>\n<\/td>\n<\/tr>\n<tr>\n<td>\n<div class=\"Texto\">Tel\u00e9fono<\/div>\n<\/td>\n<td>\n<div class=\"Texto\">Correo electr\u00f3nico<\/div>\n<\/td>\n<td>\n<div class=\"Texto\"><\/div>\n<\/td>\n<\/tr>\n<\/tbody>\n<\/table>\n<div class=\"Texto\"><\/div>\n<div class=\"Texto\">DATOS DEL REPRESENTANTE LEGAL DE LA PERSONA MORAL SOLICITANTE.<\/div>\n<table>\n<tbody>\n<tr>\n<td colspan=\"18\">\n<div class=\"Texto\">4. Datos del representante legal de la persona moral solicitante<\/div>\n<\/td>\n<\/tr>\n<tr>\n<td>\n<div class=\"Texto\"><\/div>\n<\/td>\n<td colspan=\"17\">\n<div class=\"Texto\"><\/div>\n<\/td>\n<\/tr>\n<tr>\n<td>\n<div class=\"Texto\"><\/div>\n<\/td>\n<td colspan=\"17\">\n<div class=\"Texto\">Apellido paterno\u00a0\u00a0\u00a0\u00a0\u00a0\u00a0\u00a0\u00a0\u00a0\u00a0\u00a0\u00a0\u00a0\u00a0\u00a0\u00a0\u00a0\u00a0\u00a0\u00a0\u00a0\u00a0\u00a0\u00a0\u00a0\u00a0\u00a0\u00a0\u00a0\u00a0Apellido materno\u00a0\u00a0\u00a0\u00a0\u00a0\u00a0\u00a0\u00a0\u00a0\u00a0\u00a0\u00a0\u00a0\u00a0\u00a0\u00a0\u00a0\u00a0\u00a0\u00a0\u00a0\u00a0\u00a0\u00a0\u00a0\u00a0\u00a0\u00a0\u00a0\u00a0Nombre<\/div>\n<\/td>\n<\/tr>\n<tr>\n<td>\n<div class=\"Texto\"><\/div>\n<\/td>\n<td colspan=\"17\">\n<div class=\"Texto\"><\/div>\n<\/td>\n<\/tr>\n<tr>\n<td colspan=\"4\">\n<div class=\"Texto\">RFC incluyendo la homoclave<\/div>\n<\/td>\n<td>\n<div class=\"Texto\"><\/div>\n<\/td>\n<td>\n<div class=\"Texto\"><\/div>\n<\/td>\n<td>\n<div class=\"Texto\"><\/div>\n<\/td>\n<td>\n<div class=\"Texto\"><\/div>\n<\/td>\n<td>\n<div class=\"Texto\"><\/div>\n<\/td>\n<td>\n<div class=\"Texto\"><\/div>\n<\/td>\n<td>\n<div class=\"Texto\"><\/div>\n<\/td>\n<td>\n<div class=\"Texto\"><\/div>\n<\/td>\n<td>\n<div class=\"Texto\"><\/div>\n<\/td>\n<td>\n<div class=\"Texto\"><\/div>\n<\/td>\n<td>\n<div class=\"Texto\"><\/div>\n<\/td>\n<td>\n<div class=\"Texto\"><\/div>\n<\/td>\n<td colspan=\"2\">\n<div class=\"Texto\"><\/div>\n<\/td>\n<\/tr>\n<tr>\n<td colspan=\"2\">\n<div class=\"Texto\"><\/div>\n<\/td>\n<td>\n<div class=\"Texto\"><\/div>\n<\/td>\n<td colspan=\"15\">\n<div class=\"Texto\"><\/div>\n<\/td>\n<\/tr>\n<tr>\n<td colspan=\"2\">\n<div class=\"Texto\">Tel\u00e9fono<\/div>\n<\/td>\n<td>\n<div class=\"Texto\"><\/div>\n<\/td>\n<td colspan=\"15\">\n<div class=\"Texto\">Correo electr\u00f3nico<\/div>\n<\/td>\n<\/tr>\n<\/tbody>\n<\/table>\n<div class=\"Texto\">DATOS DE LAS PERSONA MORAL SOLICITANTE.<\/div>\n<table>\n<tbody>\n<tr>\n<td>\n<div class=\"Texto\">5. Documentos que acreditan los datos de la persona moral solicitante.<\/div>\n<\/td>\n<\/tr>\n<\/tbody>\n<\/table>\n<div class=\"Texto\"><\/div>\n<table>\n<tbody>\n<tr>\n<td>\n<div class=\"Texto\">5.1 Acta constitutiva de la persona moral solicitante.<\/div>\n<\/td>\n<\/tr>\n<\/tbody>\n<\/table>\n<div class=\"Texto\"><\/div>\n<table>\n<tbody>\n<tr>\n<td colspan=\"4\">\n<div class=\"Texto\">N\u00famero del instrumento notarial<\/div>\n<\/td>\n<td>\n<div class=\"Texto\">Fecha<\/div>\n<div class=\"Texto\"><\/div>\n<\/td>\n<\/tr>\n<tr>\n<td colspan=\"4\">\n<div class=\"Texto\">Nombre y n\u00famero del Notario o Corredor P\u00fablico<\/div>\n<\/td>\n<td>\n<div class=\"Texto\">Entidad Federativa<\/div>\n<div class=\"Texto\"><\/div>\n<\/td>\n<\/tr>\n<tr>\n<td colspan=\"5\">\n<div class=\"Texto\">5.2 Modificaci\u00f3n (es) al acta constitutiva.<\/div>\n<\/td>\n<\/tr>\n<tr>\n<td colspan=\"2\">\n<div class=\"Texto\"><\/div>\n<\/td>\n<td>\n<div class=\"Texto\"><\/div>\n<\/td>\n<td colspan=\"2\">\n<div class=\"Texto\"><\/div>\n<\/td>\n<\/tr>\n<tr>\n<td>\n<div class=\"Texto\"><\/div>\n<\/td>\n<td colspan=\"4\">\n<div class=\"Texto\">NO APLICA.<\/div>\n<\/td>\n<\/tr>\n<\/tbody>\n<\/table>\n<div class=\"texto\"><\/div>\n<table>\n<tbody>\n<tr>\n<td colspan=\"2\">\n<div class=\"Texto\"><\/div>\n<div class=\"Texto\">En caso contrario, favor de indicar las \u00faltimas dos modificaciones:<\/div>\n<\/td>\n<\/tr>\n<tr>\n<td>\n<div class=\"Texto\">5.2.1 Modificaci\u00f3n al acta constitutiva.<\/div>\n<\/td>\n<td>\n<div class=\"Texto\">5.2.2 Modificaci\u00f3n al acta constitutiva.<\/div>\n<\/td>\n<\/tr>\n<tr>\n<td>\n<div class=\"Texto\"><\/div>\n<\/td>\n<td>\n<div class=\"Texto\"><\/div>\n<\/td>\n<\/tr>\n<\/tbody>\n<\/table>\n<table>\n<tbody>\n<tr>\n<td>\n<div class=\"Texto\">N\u00famero del instrumento notarial o p\u00f3liza mercantil<\/div>\n<\/td>\n<td>\n<div class=\"Texto\">N\u00famero del instrumento notarial o p\u00f3lizamercantil<\/div>\n<\/td>\n<\/tr>\n<tr>\n<td>\n<div class=\"Texto\"><\/div>\n<\/td>\n<td>\n<div class=\"Texto\"><\/div>\n<\/td>\n<\/tr>\n<tr>\n<td>\n<div class=\"Texto\">Fecha<\/div>\n<\/td>\n<td>\n<div class=\"Texto\">Fecha<\/div>\n<\/td>\n<\/tr>\n<tr>\n<td>\n<div class=\"Texto\"><\/div>\n<\/td>\n<td>\n<div class=\"Texto\"><\/div>\n<\/td>\n<\/tr>\n<tr>\n<td>\n<div class=\"Texto\">Nombre y n\u00famero del Notario o Corredor P\u00fablico<\/div>\n<\/td>\n<td>\n<div class=\"Texto\">Nombre y n\u00famero del Notario o Corredor\u00a0P\u00fablico<\/div>\n<\/td>\n<\/tr>\n<tr>\n<td>\n<div class=\"Texto\"><\/div>\n<\/td>\n<td>\n<div class=\"Texto\"><\/div>\n<\/td>\n<\/tr>\n<tr>\n<td>\n<div class=\"Texto\">Entidad Federativa<\/div>\n<\/td>\n<td>\n<div class=\"Texto\">Entidad Federativa<\/div>\n<\/td>\n<\/tr>\n<tr>\n<td>\n<div class=\"Texto\"><\/div>\n<\/td>\n<td>\n<div class=\"Texto\"><\/div>\n<\/td>\n<\/tr>\n<tr>\n<td>\n<div class=\"Texto\">Descripci\u00f3n de la modificaci\u00f3n<\/div>\n<\/td>\n<td>\n<div class=\"Texto\">Descripci\u00f3n de la modificaci\u00f3n<\/div>\n<\/td>\n<\/tr>\n<\/tbody>\n<\/table>\n<div class=\"Texto\"><\/div>\n<table>\n<tbody>\n<tr>\n<td>\n<div class=\"Texto\">5.3 Documento con el que se acredita la personalidad de quien firma esta solicitud para realizar actos deadministraci\u00f3n en representaci\u00f3n de la empresa.<\/div>\n<div class=\"Texto\">* De constar en el acta constitutiva, marque con\u00a0&#8220;X&#8221;\u00a0en el recuadro.<\/div>\n<\/td>\n<\/tr>\n<\/tbody>\n<\/table>\n<div class=\"Texto\"><\/div>\n<table>\n<tbody>\n<tr>\n<td>\n<div class=\"Texto\"><\/div>\n<\/td>\n<td colspan=\"2\">\n<div class=\"Texto\">Consta en el acta constitutiva.<\/div>\n<\/td>\n<\/tr>\n<tr>\n<td colspan=\"3\">\n<div class=\"Texto\"><\/div>\n<div class=\"Texto\">En caso de no constar en el acta constitutiva por favor se\u00f1ale los siguientes datos:<\/div>\n<div class=\"Texto\"><\/div>\n<\/td>\n<\/tr>\n<tr>\n<td colspan=\"2\">\n<div class=\"Texto\">N\u00famero del instrumento notarial o p\u00f3liza mercantil<\/div>\n<\/td>\n<td>\n<div class=\"Texto\">Fecha<\/div>\n<\/td>\n<\/tr>\n<tr>\n<td colspan=\"2\">\n<div class=\"Texto\"><\/div>\n<\/td>\n<td>\n<div class=\"Texto\"><\/div>\n<\/td>\n<\/tr>\n<tr>\n<td colspan=\"2\">\n<div class=\"Texto\">Nombre y n\u00famero del Notario P\u00fablico o Corredor\u00a0P\u00fablico<\/div>\n<\/td>\n<td>\n<div class=\"Texto\">Entidad Federativa<\/div>\n<\/td>\n<\/tr>\n<\/tbody>\n<\/table>\n<div class=\"Texto\"><\/div>\n<div class=\"Texto\">DATOS DE LAS PERSONAS AUTORIZADAS PARA O\u00cdR Y RECIBIR NOTIFICACIONES.<\/div>\n<table>\n<tbody>\n<tr>\n<td colspan=\"17\">\n<div class=\"Texto\">6. Persona autorizada para o\u00edr y recibir notificaciones.<\/div>\n<\/td>\n<\/tr>\n<tr>\n<td colspan=\"17\">\n<div class=\"Texto\"><\/div>\n<\/td>\n<\/tr>\n<tr>\n<td colspan=\"17\">\n<div class=\"Texto\">Apellido paterno\u00a0\u00a0\u00a0\u00a0\u00a0\u00a0\u00a0\u00a0\u00a0\u00a0\u00a0\u00a0\u00a0\u00a0\u00a0\u00a0\u00a0\u00a0\u00a0\u00a0\u00a0\u00a0\u00a0\u00a0\u00a0\u00a0\u00a0\u00a0\u00a0\u00a0Apellido materno\u00a0\u00a0\u00a0\u00a0\u00a0\u00a0\u00a0\u00a0\u00a0\u00a0\u00a0\u00a0\u00a0\u00a0\u00a0\u00a0\u00a0\u00a0\u00a0\u00a0\u00a0\u00a0\u00a0\u00a0\u00a0\u00a0\u00a0\u00a0\u00a0\u00a0\u00a0\u00a0\u00a0\u00a0Nombre<\/div>\n<\/td>\n<\/tr>\n<tr>\n<td colspan=\"17\">\n<div class=\"Texto\"><\/div>\n<\/td>\n<\/tr>\n<tr>\n<td colspan=\"2\">\n<div class=\"Texto\">RFC incluyendo la homoclave<\/div>\n<\/td>\n<td>\n<div class=\"Texto\"><\/div>\n<\/td>\n<td>\n<div class=\"Texto\"><\/div>\n<\/td>\n<td>\n<div class=\"Texto\"><\/div>\n<\/td>\n<td>\n<div class=\"Texto\"><\/div>\n<\/td>\n<td>\n<div class=\"Texto\"><\/div>\n<\/td>\n<td>\n<div class=\"Texto\"><\/div>\n<\/td>\n<td>\n<div class=\"Texto\"><\/div>\n<\/td>\n<td>\n<div class=\"Texto\"><\/div>\n<\/td>\n<td>\n<div class=\"Texto\"><\/div>\n<\/td>\n<td>\n<div class=\"Texto\"><\/div>\n<\/td>\n<td>\n<div class=\"Texto\"><\/div>\n<\/td>\n<td>\n<div class=\"Texto\"><\/div>\n<\/td>\n<td colspan=\"3\">\n<div class=\"Texto\"><\/div>\n<\/td>\n<\/tr>\n<tr>\n<td>\n<div class=\"Texto\"><\/div>\n<\/td>\n<td colspan=\"16\">\n<div class=\"Texto\"><\/div>\n<\/td>\n<\/tr>\n<tr>\n<td>\n<div class=\"Texto\">Tel\u00e9fono<\/div>\n<\/td>\n<td colspan=\"16\">\n<div class=\"Texto\">Correo electr\u00f3nico<\/div>\n<\/td>\n<\/tr>\n<tr>\n<td colspan=\"17\">\n<div class=\"Texto\">6.1. Persona autorizada para o\u00edr y recibir notificaciones.<\/div>\n<\/td>\n<\/tr>\n<tr>\n<td colspan=\"17\">\n<div class=\"Texto\"><\/div>\n<\/td>\n<\/tr>\n<tr>\n<td colspan=\"17\">\n<div class=\"Texto\">Apellido paterno\u00a0\u00a0\u00a0\u00a0\u00a0\u00a0\u00a0\u00a0\u00a0\u00a0\u00a0\u00a0\u00a0\u00a0\u00a0\u00a0\u00a0\u00a0\u00a0\u00a0\u00a0\u00a0\u00a0\u00a0\u00a0\u00a0\u00a0\u00a0\u00a0\u00a0Apellido materno\u00a0\u00a0\u00a0\u00a0\u00a0\u00a0\u00a0\u00a0\u00a0\u00a0\u00a0\u00a0\u00a0\u00a0\u00a0\u00a0\u00a0\u00a0\u00a0\u00a0\u00a0\u00a0\u00a0\u00a0\u00a0\u00a0\u00a0\u00a0\u00a0\u00a0\u00a0\u00a0\u00a0\u00a0Nombre<\/div>\n<\/td>\n<\/tr>\n<tr>\n<td colspan=\"2\">\n<div class=\"Texto\">RFC incluyendo la homoclave<\/div>\n<\/td>\n<td>\n<div class=\"Texto\"><\/div>\n<\/td>\n<td>\n<div class=\"Texto\"><\/div>\n<\/td>\n<td>\n<div class=\"Texto\"><\/div>\n<\/td>\n<td>\n<div class=\"Texto\"><\/div>\n<\/td>\n<td>\n<div class=\"Texto\"><\/div>\n<\/td>\n<td>\n<div class=\"Texto\"><\/div>\n<\/td>\n<td>\n<div class=\"Texto\"><\/div>\n<\/td>\n<td>\n<div class=\"Texto\"><\/div>\n<\/td>\n<td>\n<div class=\"Texto\"><\/div>\n<\/td>\n<td>\n<div class=\"Texto\"><\/div>\n<\/td>\n<td>\n<div class=\"Texto\"><\/div>\n<\/td>\n<td>\n<div class=\"Texto\"><\/div>\n<\/td>\n<td colspan=\"3\">\n<div class=\"Texto\"><\/div>\n<\/td>\n<\/tr>\n<tr>\n<td>\n<div class=\"Texto\"><\/div>\n<\/td>\n<td colspan=\"16\">\n<div class=\"Texto\"><\/div>\n<\/td>\n<\/tr>\n<tr>\n<td>\n<div class=\"Texto\">Tel\u00e9fono<\/div>\n<\/td>\n<td colspan=\"16\">\n<div class=\"Texto\">Correo electr\u00f3nico<\/div>\n<\/td>\n<\/tr>\n<\/tbody>\n<\/table>\n<div class=\"Texto\"><\/div>\n<table>\n<tbody>\n<tr>\n<td colspan=\"16\">\n<div class=\"Texto\">6.2. Persona autorizada para o\u00edr y recibir notificaciones.<\/div>\n<\/td>\n<\/tr>\n<tr>\n<td colspan=\"16\">\n<div class=\"Texto\"><\/div>\n<\/td>\n<\/tr>\n<tr>\n<td colspan=\"16\">\n<div class=\"Texto\">Apellido paterno\u00a0\u00a0\u00a0\u00a0\u00a0\u00a0\u00a0\u00a0\u00a0\u00a0\u00a0\u00a0\u00a0\u00a0\u00a0\u00a0\u00a0\u00a0\u00a0\u00a0\u00a0\u00a0\u00a0\u00a0\u00a0\u00a0\u00a0\u00a0\u00a0\u00a0Apellido materno\u00a0\u00a0\u00a0\u00a0\u00a0\u00a0\u00a0\u00a0\u00a0\u00a0\u00a0\u00a0\u00a0\u00a0\u00a0\u00a0\u00a0\u00a0\u00a0\u00a0\u00a0\u00a0\u00a0\u00a0\u00a0\u00a0\u00a0\u00a0\u00a0\u00a0\u00a0\u00a0\u00a0\u00a0Nombre<\/div>\n<\/td>\n<\/tr>\n<\/tbody>\n<\/table>\n<table>\n<tbody>\n<tr>\n<td colspan=\"2\">\n<div class=\"Texto\">RFC incluyendo la homoclave<\/div>\n<\/td>\n<td>\n<div class=\"Texto\"><\/div>\n<\/td>\n<td>\n<div class=\"Texto\"><\/div>\n<\/td>\n<td>\n<div class=\"Texto\"><\/div>\n<\/td>\n<td>\n<div class=\"Texto\"><\/div>\n<\/td>\n<td>\n<div class=\"Texto\"><\/div>\n<\/td>\n<td>\n<div class=\"Texto\"><\/div>\n<\/td>\n<td>\n<div class=\"Texto\"><\/div>\n<\/td>\n<td>\n<div class=\"Texto\"><\/div>\n<\/td>\n<td>\n<div class=\"Texto\"><\/div>\n<\/td>\n<td>\n<div class=\"Texto\"><\/div>\n<\/td>\n<td>\n<div class=\"Texto\"><\/div>\n<\/td>\n<td>\n<div class=\"Texto\"><\/div>\n<\/td>\n<td colspan=\"2\">\n<div class=\"Texto\"><\/div>\n<\/td>\n<\/tr>\n<tr>\n<td>\n<div class=\"Texto\"><\/div>\n<\/td>\n<td colspan=\"15\">\n<div class=\"Texto\"><\/div>\n<\/td>\n<\/tr>\n<tr>\n<td>\n<div class=\"Texto\">Tel\u00e9fono<\/div>\n<\/td>\n<td colspan=\"15\">\n<div class=\"Texto\">Correo electr\u00f3nico<\/div>\n<\/td>\n<\/tr>\n<\/tbody>\n<\/table>\n<div class=\"Texto\"><\/div>\n<table>\n<tbody>\n<tr>\n<td>\n<div class=\"Texto\">7. REQUISITOS GENERALES.<\/div>\n<\/td>\n<\/tr>\n<\/tbody>\n<\/table>\n<div class=\"Texto\"><\/div>\n<div class=\"Texto\">7.1. Se\u00f1ale si al momento de ingresar su solicitud se encuentra al corriente en el cumplimiento de sus\u00a0obligaciones fiscales y aduaneras.<\/div>\n<table>\n<tbody>\n<tr>\n<td>\n<div class=\"Texto\"><\/div>\n<\/td>\n<td>\n<div class=\"Texto\">SI<\/div>\n<\/td>\n<td>\n<div class=\"Texto\"><\/div>\n<\/td>\n<td>\n<div class=\"Texto\">NO<\/div>\n<\/td>\n<\/tr>\n<\/tbody>\n<\/table>\n<div class=\"texto\"><\/div>\n<div class=\"Texto\">7.2. Indique si autoriz\u00f3 al SAT hacer p\u00fablica su opini\u00f3n positiva sobre el cumplimiento de obligaciones fiscales.<\/div>\n<table>\n<tbody>\n<tr>\n<td>\n<div class=\"Texto\"><\/div>\n<\/td>\n<td>\n<div class=\"Texto\">SI<\/div>\n<\/td>\n<td>\n<div class=\"Texto\"><\/div>\n<\/td>\n<td>\n<div class=\"Texto\">NO<\/div>\n<\/td>\n<\/tr>\n<\/tbody>\n<\/table>\n<div class=\"texto\"><\/div>\n<div class=\"Texto\">7.3. Se\u00f1ale los datos de la constancia de pago del derecho.<\/div>\n<table>\n<tbody>\n<tr>\n<td colspan=\"56\">\n<div class=\"Texto\"><\/div>\n<\/td>\n<\/tr>\n<tr>\n<td colspan=\"2\">\n<div class=\"Texto\"><\/div>\n<\/td>\n<td colspan=\"2\">\n<div class=\"Texto\"><\/div>\n<\/td>\n<td>\n<div class=\"Texto\"><\/div>\n<\/td>\n<td>\n<div class=\"Texto\"><\/div>\n<\/td>\n<td colspan=\"2\">\n<div class=\"Texto\"><\/div>\n<\/td>\n<td colspan=\"2\">\n<div class=\"Texto\"><\/div>\n<\/td>\n<td colspan=\"2\">\n<div class=\"Texto\"><\/div>\n<\/td>\n<td colspan=\"2\">\n<div class=\"Texto\"><\/div>\n<\/td>\n<td colspan=\"2\">\n<div class=\"Texto\"><\/div>\n<\/td>\n<td colspan=\"2\">\n<div class=\"Texto\"><\/div>\n<\/td>\n<td colspan=\"3\">\n<div class=\"Texto\"><\/div>\n<\/td>\n<td colspan=\"2\">\n<div class=\"Texto\">$<\/div>\n<\/td>\n<td colspan=\"2\">\n<div class=\"Texto\"><\/div>\n<\/td>\n<td colspan=\"2\">\n<div class=\"Texto\"><\/div>\n<\/td>\n<td colspan=\"3\">\n<div class=\"Texto\"><\/div>\n<\/td>\n<td colspan=\"2\">\n<div class=\"Texto\"><\/div>\n<\/td>\n<td colspan=\"2\">\n<div class=\"Texto\">.<\/div>\n<\/td>\n<td colspan=\"2\">\n<div class=\"Texto\"><\/div>\n<\/td>\n<td colspan=\"2\">\n<div class=\"Texto\"><\/div>\n<\/td>\n<td colspan=\"2\">\n<div class=\"Texto\"><\/div>\n<\/td>\n<td colspan=\"2\">\n<div class=\"Texto\"><\/div>\n<\/td>\n<td colspan=\"2\">\n<div class=\"Texto\"><\/div>\n<\/td>\n<td colspan=\"2\">\n<div class=\"Texto\"><\/div>\n<\/td>\n<td>\n<div class=\"Texto\"><\/div>\n<\/td>\n<td>\n<div class=\"Texto\"><\/div>\n<\/td>\n<td colspan=\"2\">\n<div class=\"Texto\"><\/div>\n<\/td>\n<td colspan=\"2\">\n<div class=\"Texto\"><\/div>\n<\/td>\n<td colspan=\"2\">\n<div class=\"Texto\"><\/div>\n<\/td>\n<td colspan=\"2\">\n<div class=\"Texto\"><\/div>\n<\/td>\n<\/tr>\n<tr>\n<td colspan=\"19\">\n<div class=\"Texto\">Fecha de pago (dd\/mm\/aa)<\/div>\n<\/td>\n<td colspan=\"37\">\n<div class=\"Texto\">Monto en moneda nacional<\/div>\n<\/td>\n<\/tr>\n<tr>\n<td colspan=\"56\">\n<div class=\"Texto\"><\/div>\n<\/td>\n<\/tr>\n<tr>\n<td>\n<div class=\"Texto\"><\/div>\n<\/td>\n<td colspan=\"2\">\n<div class=\"Texto\"><\/div>\n<\/td>\n<td colspan=\"2\">\n<div class=\"Texto\"><\/div>\n<\/td>\n<td colspan=\"2\">\n<div class=\"Texto\"><\/div>\n<\/td>\n<td colspan=\"2\">\n<div class=\"Texto\"><\/div>\n<\/td>\n<td colspan=\"2\">\n<div class=\"Texto\"><\/div>\n<\/td>\n<td colspan=\"2\">\n<div class=\"Texto\"><\/div>\n<\/td>\n<td colspan=\"2\">\n<div class=\"Texto\"><\/div>\n<\/td>\n<td colspan=\"2\">\n<div class=\"Texto\"><\/div>\n<\/td>\n<td colspan=\"2\">\n<div class=\"Texto\"><\/div>\n<\/td>\n<td>\n<div class=\"Texto\"><\/div>\n<\/td>\n<td colspan=\"2\">\n<div class=\"Texto\"><\/div>\n<\/td>\n<td colspan=\"2\">\n<div class=\"Texto\"><\/div>\n<\/td>\n<td colspan=\"2\">\n<div class=\"Texto\"><\/div>\n<\/td>\n<td colspan=\"3\">\n<div class=\"Texto\"><\/div>\n<\/td>\n<td colspan=\"2\">\n<div class=\"Texto\"><\/div>\n<\/td>\n<td colspan=\"2\">\n<div class=\"Texto\"><\/div>\n<\/td>\n<td colspan=\"2\">\n<div class=\"Texto\"><\/div>\n<\/td>\n<td colspan=\"2\">\n<div class=\"Texto\"><\/div>\n<\/td>\n<td colspan=\"2\">\n<div class=\"Texto\"><\/div>\n<\/td>\n<td colspan=\"2\">\n<div class=\"Texto\"><\/div>\n<\/td>\n<td colspan=\"2\">\n<div class=\"Texto\"><\/div>\n<\/td>\n<td colspan=\"2\">\n<div class=\"Texto\"><\/div>\n<\/td>\n<td colspan=\"2\">\n<div class=\"Texto\"><\/div>\n<\/td>\n<td colspan=\"2\">\n<div class=\"Texto\"><\/div>\n<\/td>\n<td colspan=\"2\">\n<div class=\"Texto\"><\/div>\n<\/td>\n<td colspan=\"2\">\n<div class=\"Texto\"><\/div>\n<\/td>\n<td colspan=\"2\">\n<div class=\"Texto\"><\/div>\n<\/td>\n<td>\n<div class=\"Texto\"><\/div>\n<\/td>\n<\/tr>\n<tr>\n<td colspan=\"28\">\n<div class=\"Texto\">N\u00famero de Operaci\u00f3n Bancaria<\/div>\n<\/td>\n<td colspan=\"28\">\n<div class=\"Texto\">Llave de Pago<\/div>\n<\/td>\n<\/tr>\n<tr>\n<td colspan=\"56\">\n<div class=\"Texto\"><\/div>\n<\/td>\n<\/tr>\n<tr>\n<td colspan=\"56\">\n<div class=\"Texto\">Denominaci\u00f3n o raz\u00f3n social de la instituci\u00f3n en la cual se realiz\u00f3 el pago<\/div>\n<\/td>\n<\/tr>\n<\/tbody>\n<\/table>\n<div class=\"Texto\"><\/div>\n<div class=\"Texto\">7.4. Se\u00f1ale si al momento de ingresar su solicitud sus certificados de sellos digitales est\u00e1n vigentes.<\/div>\n<table>\n<tbody>\n<tr>\n<td>\n<div class=\"Texto\"><\/div>\n<\/td>\n<td>\n<div class=\"Texto\">SI<\/div>\n<\/td>\n<td>\n<div class=\"Texto\"><\/div>\n<\/td>\n<td>\n<div class=\"Texto\">NO<\/div>\n<\/td>\n<\/tr>\n<\/tbody>\n<\/table>\n<div class=\"texto\"><\/div>\n<div class=\"Texto\">En caso afirmativo se\u00f1ale si se infringi\u00f3 alguno de los supuestos previstos en el art\u00edculo 17-H, fracci\u00f3n X, del CFF,\u00a0durante los \u00faltimos 12 meses.<\/div>\n<table>\n<tbody>\n<tr>\n<td>\n<div class=\"Texto\"><\/div>\n<\/td>\n<td>\n<div class=\"Texto\">SI<\/div>\n<\/td>\n<td>\n<div class=\"Texto\"><\/div>\n<\/td>\n<td>\n<div class=\"Texto\">NO<\/div>\n<\/td>\n<\/tr>\n<\/tbody>\n<\/table>\n<div class=\"texto\"><\/div>\n<div class=\"Texto\">7.5. Indiqu\u00e9 si al momento de ingresar la solicitud se encuentra en el listado de empresas publicadas por el SAT\u00a0en t\u00e9rminos de los art\u00edculos 69 con excepci\u00f3n de lo dispuesto en la fracci\u00f3n VI, y 69-B, cuarto p\u00e1rrafo, del CFF.<\/div>\n<table>\n<tbody>\n<tr>\n<td>\n<div class=\"Texto\"><\/div>\n<\/td>\n<td>\n<div class=\"Texto\">SI<\/div>\n<\/td>\n<td>\n<div class=\"Texto\"><\/div>\n<\/td>\n<td>\n<div class=\"Texto\">NO<\/div>\n<\/td>\n<\/tr>\n<\/tbody>\n<\/table>\n<div class=\"texto\"><\/div>\n<div class=\"Texto\">7.6. Se\u00f1ale si al momento de ingresar su solicitud tiene actualizado su correo electr\u00f3nico para efectos del\u00a0buz\u00f3n tributario.<\/div>\n<table>\n<tbody>\n<tr>\n<td>\n<div class=\"Texto\"><\/div>\n<\/td>\n<td>\n<div class=\"Texto\">SI<\/div>\n<\/td>\n<td>\n<div class=\"Texto\"><\/div>\n<\/td>\n<td>\n<div class=\"Texto\">NO<\/div>\n<\/td>\n<\/tr>\n<\/tbody>\n<\/table>\n<div class=\"texto\"><\/div>\n<div class=\"Texto\">7.7. Indique si la persona moral solicitante cuenta con Programa IMMEX<\/div>\n<table>\n<tbody>\n<tr>\n<td colspan=\"3\">\n<div class=\"Texto\"><\/div>\n<div class=\"Texto\"><\/div>\n<\/td>\n<td colspan=\"4\">\n<div class=\"Texto\"><\/div>\n<\/td>\n<\/tr>\n<tr>\n<td>\n<div class=\"Texto\"><\/div>\n<\/td>\n<td>\n<div class=\"Texto\">SI<\/div>\n<\/td>\n<td>\n<div class=\"Texto\">Se\u00f1ale por favor el n\u00famero del Programa<\/div>\n<div class=\"Texto\"><\/div>\n<\/td>\n<td>\n<div class=\"Texto\"><\/div>\n<\/td>\n<td>\n<div class=\"Texto\"><\/div>\n<\/td>\n<td colspan=\"2\">\n<div class=\"Texto\">NO<\/div>\n<\/td>\n<\/tr>\n<\/tbody>\n<\/table>\n<div class=\"Texto\"><\/div>\n<div class=\"Texto\"><\/div>\n<div class=\"Texto\">Si no cuenta con Programa IMMEX por favor proporcione la siguiente informaci\u00f3n:<\/div>\n<table>\n<tbody>\n<tr>\n<td colspan=\"2\">\n<div class=\"Texto\">1.-\u00a0Por favor marque con una\u00a0&#8220;X&#8221;\u00a0el supuesto en que se ubica la persona moral solicitante:<\/div>\n<\/td>\n<\/tr>\n<tr>\n<td>\n<div class=\"Texto\"><\/div>\n<\/td>\n<td>\n<div class=\"Texto\">Realiz\u00f3 importaciones con un valor mayor a\u00a0$106,705,330.00\u00a0en el a\u00f1o de calendario anterior al que se\u00a0presenta la solicitud.<\/div>\n<\/td>\n<\/tr>\n<\/tbody>\n<\/table>\n<div class=\"Texto\"><\/div>\n<table>\n<tbody>\n<tr>\n<td>\n<div class=\"Texto\"><\/div>\n<\/td>\n<td>\n<div class=\"Texto\">Inicia sus operaciones y estima efectuar en el ejercicio de inicio importaciones con valor superior a$106,705,330.00.<\/div>\n<\/td>\n<\/tr>\n<\/tbody>\n<\/table>\n<div class=\"Texto\"><\/div>\n<table>\n<tbody>\n<tr>\n<td colspan=\"4\">\n<div class=\"Texto\">7.8. Anote el nombre y n\u00famero de patente de los agentes aduanales o nombre y n\u00famero de autorizaci\u00f3n de losapoderados aduanales autorizados para promover el despacho a nombre y en representaci\u00f3n de la solicitante.<\/div>\n<\/td>\n<\/tr>\n<tr>\n<td>\n<div class=\"Texto\">Nombre completo<\/div>\n<\/td>\n<td>\n<div class=\"Texto\">Patente o<br \/>\nautorizaci\u00f3n<\/div>\n<\/td>\n<td>\n<div class=\"Texto\">Nombre completo<\/div>\n<\/td>\n<td>\n<div class=\"Texto\">Patente o<br \/>\nautorizaci\u00f3n<\/div>\n<\/td>\n<\/tr>\n<tr>\n<td>\n<div class=\"Texto\"><\/div>\n<\/td>\n<td>\n<div class=\"Texto\"><\/div>\n<\/td>\n<td>\n<div class=\"Texto\"><\/div>\n<\/td>\n<td>\n<div class=\"Texto\"><\/div>\n<\/td>\n<\/tr>\n<tr>\n<td>\n<div class=\"Texto\"><\/div>\n<\/td>\n<td>\n<div class=\"Texto\"><\/div>\n<\/td>\n<td>\n<div class=\"Texto\"><\/div>\n<\/td>\n<td>\n<div class=\"Texto\"><\/div>\n<\/td>\n<\/tr>\n<tr>\n<td>\n<div class=\"Texto\"><\/div>\n<\/td>\n<td>\n<div class=\"Texto\"><\/div>\n<\/td>\n<td>\n<div class=\"Texto\"><\/div>\n<\/td>\n<td>\n<div class=\"Texto\"><\/div>\n<\/td>\n<\/tr>\n<tr>\n<td>\n<div class=\"Texto\"><\/div>\n<\/td>\n<td>\n<div class=\"Texto\"><\/div>\n<\/td>\n<td>\n<div class=\"Texto\"><\/div>\n<\/td>\n<td>\n<div class=\"Texto\"><\/div>\n<\/td>\n<\/tr>\n<\/tbody>\n<\/table>\n<div class=\"Texto\"><\/div>\n<table>\n<tbody>\n<tr>\n<td colspan=\"2\">\n<div class=\"Texto\">7.9. Anote el nombre y RFC de los transportistas que designa para operar bajo el esquema de revisi\u00f3n en\u00a0origen.<\/div>\n<\/td>\n<\/tr>\n<tr>\n<td>\n<div class=\"Texto\">Nombre<\/div>\n<\/td>\n<td>\n<div class=\"Texto\">RFC<\/div>\n<\/td>\n<\/tr>\n<tr>\n<td>\n<div class=\"Texto\"><\/div>\n<\/td>\n<td>\n<div class=\"Texto\"><\/div>\n<\/td>\n<\/tr>\n<tr>\n<td>\n<div class=\"Texto\"><\/div>\n<\/td>\n<td>\n<div class=\"Texto\"><\/div>\n<\/td>\n<\/tr>\n<tr>\n<td>\n<div class=\"Texto\"><\/div>\n<\/td>\n<td>\n<div class=\"Texto\"><\/div>\n<\/td>\n<\/tr>\n<\/tbody>\n<\/table>\n<div class=\"Texto\">7.10. Se\u00f1ale si al momento de ingresar su solicitud se encuentra suspendida en el Padr\u00f3n de Importadores o en\u00a0el Padr\u00f3n de Importadores de Sectores Espec\u00edficos o Padr\u00f3n de Exportadores Sectorial.<\/div>\n<table>\n<tbody>\n<tr>\n<td>\n<div class=\"Texto\"><\/div>\n<\/td>\n<td>\n<div class=\"Texto\">SI<\/div>\n<\/td>\n<td>\n<div class=\"Texto\"><\/div>\n<\/td>\n<td>\n<div class=\"Texto\">NO<\/div>\n<\/td>\n<\/tr>\n<\/tbody>\n<\/table>\n<div class=\"texto\"><\/div>\n<div class=\"Texto\">7.11. Indique si cuenta con un sistema de control de inventarios, para el registro de sus operaciones de\u00a0comercio exterior.<\/div>\n<table>\n<tbody>\n<tr>\n<td>\n<div class=\"Texto\"><\/div>\n<\/td>\n<td>\n<div class=\"Texto\">SI<\/div>\n<\/td>\n<td>\n<div class=\"Texto\"><\/div>\n<\/td>\n<td>\n<div class=\"Texto\">NO<\/div>\n<\/td>\n<\/tr>\n<\/tbody>\n<\/table>\n<div class=\"texto\"><\/div>\n<div class=\"Texto\">Indique, en su caso,\u00a0si cuenta con un sistema de control de inventarios de conformidad con las disposiciones previstas\u00a0por el Anexo 24.<\/div>\n<table>\n<tbody>\n<tr>\n<td>\n<div class=\"Texto\"><\/div>\n<\/td>\n<td>\n<div class=\"Texto\">SI<\/div>\n<\/td>\n<td>\n<div class=\"Texto\"><\/div>\n<\/td>\n<td>\n<div class=\"Texto\">NO<\/div>\n<\/td>\n<\/tr>\n<\/tbody>\n<\/table>\n<div class=\"Texto\"><\/div>\n<table>\n<tbody>\n<tr>\n<td>\n<div class=\"Texto\"><\/div>\n<\/td>\n<td>\n<div class=\"Texto\">En caso afirmativo, anexe un archivo con el reporte de saldos de mercanc\u00eda de importaci\u00f3n temporal o de\u00a0mercanc\u00edas objeto de operaciones de comercio exterior, de un periodo de un mes, que se encuentre dentro de los\u00a0tres meses anteriores a la fecha de la solicitud de registro del despacho de mercanc\u00edas de las empresas.<\/div>\n<\/td>\n<\/tr>\n<\/tbody>\n<\/table>\n<div class=\"Texto\"><\/div>\n<div class=\"Texto\">En cualquier caso, se\u00f1ale la siguiente informaci\u00f3n:<\/div>\n<table>\n<tbody>\n<tr>\n<td>\n<div class=\"Texto\">Nombre del sistema o datos para su identificaci\u00f3n:<\/div>\n<\/td>\n<td>\n<div class=\"Texto\"><\/div>\n<\/td>\n<\/tr>\n<tr>\n<td>\n<div class=\"Texto\">Lugar de radicaci\u00f3n:<\/div>\n<\/td>\n<td>\n<div class=\"Texto\">(Domicilio (s) en M\u00e9xico con acceso a todas susfunciones del sistema)<\/div>\n<\/td>\n<\/tr>\n<\/tbody>\n<\/table>\n<div class=\"Texto\"><\/div>\n<div class=\"Texto\"><\/div>\n<div class=\"Texto\">7.12. Se\u00f1ale si al momento de ingresar su solicitud el SAT ha interpuesto querella o denuncia penal en contra\u00a0de los socios, accionistas, seg\u00fan corresponda, representante legal e integrantes de la administraci\u00f3n de la\u00a0empresa solicitante o declaratoria de perjuicio, durante los \u00faltimos tres a\u00f1os anteriores a la presentaci\u00f3n de la\u00a0solicitud.<\/div>\n<table>\n<tbody>\n<tr>\n<td>\n<div class=\"Texto\"><\/div>\n<\/td>\n<td>\n<div class=\"Texto\">SI<\/div>\n<\/td>\n<td>\n<div class=\"Texto\"><\/div>\n<\/td>\n<td>\n<div class=\"Texto\">NO<\/div>\n<\/td>\n<\/tr>\n<\/tbody>\n<\/table>\n<div class=\"Texto\"><\/div>\n<div class=\"Texto\">7.13. Se\u00f1ale si al momento de ingresar su solicitud lleva la contabilidad en medios electr\u00f3nicos de conformidad\u00a0con el art\u00edculo 28, fracci\u00f3n III, del CFF y la regla 2.8.1.6. de la RMF.<\/div>\n<table>\n<tbody>\n<tr>\n<td>\n<div class=\"Texto\"><\/div>\n<\/td>\n<td>\n<div class=\"Texto\">SI<\/div>\n<\/td>\n<td>\n<div class=\"Texto\"><\/div>\n<\/td>\n<td>\n<div class=\"Texto\">NO<\/div>\n<\/td>\n<\/tr>\n<\/tbody>\n<\/table>\n<div class=\"Texto\"><\/div>\n<div class=\"Texto\">7.14. Se\u00f1ale si ingresa mensualmente su informaci\u00f3n contable a trav\u00e9s del portal del SAT, de conformidad con\u00a0el art\u00edculo 28, fracci\u00f3n IV, CFF y la regla 2.8.1.7. de la RMF.<\/div>\n<table>\n<tbody>\n<tr>\n<td>\n<div class=\"Texto\"><\/div>\n<\/td>\n<td>\n<div class=\"Texto\">SI<\/div>\n<\/td>\n<td>\n<div class=\"Texto\"><\/div>\n<\/td>\n<td>\n<div class=\"Texto\">NO<\/div>\n<\/td>\n<\/tr>\n<\/tbody>\n<\/table>\n<div class=\"Texto\"><\/div>\n<table>\n<tbody>\n<tr>\n<td colspan=\"4\">\n<div class=\"Texto\">Documentos que se deben anexar a la solicitud.<\/div>\n<\/td>\n<\/tr>\n<tr>\n<td>\n<div class=\"Texto\"><\/div>\n<\/td>\n<td>\n<div class=\"Texto\"><\/div>\n<\/td>\n<td colspan=\"2\">\n<div class=\"Texto\"><\/div>\n<\/td>\n<\/tr>\n<tr>\n<td>\n<div class=\"Texto\"><\/div>\n<\/td>\n<td>\n<div class=\"Texto\"><\/div>\n<\/td>\n<td colspan=\"2\">\n<div class=\"Texto\">La informaci\u00f3n incluida en esta solicitud, en formato Word.<\/div>\n<\/td>\n<\/tr>\n<\/tbody>\n<\/table>\n<div class=\"Texto\"><\/div>\n<div class=\"Texto\">Bajo protesta de decir verdad, manifiesto que los datos asentados en el presente documento son ciertos y que las<br \/>\nfacultades que me fueron otorgadas no han sido modificadas o revocadas.<\/div>\n<div class=\"Texto\">_______________________________________________________________<\/div>\n<div class=\"Texto\">NOMBRE Y FIRMA DEL REPRESENTANTE LEGAL DEL SOLICITANTE<\/div>\n<div class=\"Texto\">INSTRUCCIONES<\/div>\n<div class=\"Texto\">Presente esta solicitud a trav\u00e9s de la Ventanilla Digital<\/div>\n<table>\n<tbody>\n<tr>\n<td>\n<div class=\"Texto\">1. Datos de la persona moral.<\/div>\n<\/td>\n<\/tr>\n<\/tbody>\n<\/table>\n<div class=\"Texto\">Se deber\u00e1 asentar su Nombre, Denominaci\u00f3n y\/o Raz\u00f3n social y RFC con homoclave.<\/div>\n<table>\n<tbody>\n<tr>\n<td>\n<div class=\"Texto\">2.\u00a0Actividad preponderante.<\/div>\n<\/td>\n<\/tr>\n<\/tbody>\n<\/table>\n<div class=\"Texto\">Deber\u00e1 se\u00f1alar su Actividad preponderante.<\/div>\n<table>\n<tbody>\n<tr>\n<td>\n<div class=\"Texto\">3.\u00a0Domicilio para o\u00edr y recibir notificaciones.<\/div>\n<\/td>\n<\/tr>\n<\/tbody>\n<\/table>\n<div class=\"Texto\">Deber\u00e1 se\u00f1alar el domicilio para o\u00edr y recibir notificaciones, s\u00f3lo en el caso que sea distinto a su domicilio\u00a0fiscal.<\/div>\n<table>\n<tbody>\n<tr>\n<td>\n<div class=\"Texto\">4. Datos del representante legal de la persona moral solicitante.<\/div>\n<\/td>\n<\/tr>\n<\/tbody>\n<\/table>\n<div class=\"Texto\">Deber\u00e1 proporcionar el nombre completo, RFC, tel\u00e9fono y correo electr\u00f3nico del representante legal de la\u00a0persona moral solicitante.<\/div>\n<table>\n<tbody>\n<tr>\n<td>\n<div class=\"Texto\">5. Documentos que acrediten los datos de la personal moral solicitante.<\/div>\n<\/td>\n<\/tr>\n<\/tbody>\n<\/table>\n<div class=\"Texto\">5.1.\u00a0\u00a0\u00a0\u00a0\u00a0\u00a0\u00a0Acta constitutiva de la persona moral solicitante.<\/div>\n<div class=\"Texto\">\u00a0\u00a0\u00a0\u00a0\u00a0\u00a0\u00a0\u00a0\u00a0\u00a0\u00a0Deber\u00e1 anexar copia certificada del acta constitutiva, e indicar el n\u00famero de instrumento notarial\u00a0con el cual se constituye la empresa solicitante, fecha, nombre y n\u00famero de Notario o Corredor\u00a0P\u00fablico y la Entidad Federativa donde se realiz\u00f3 dicha acta.<\/div>\n<div class=\"Texto\"><\/div>\n<div class=\"Texto\">5.2.\u00a0\u00a0\u00a0\u00a0\u00a0\u00a0\u00a0Modificaci\u00f3n (es) al acta constitutiva.<\/div>\n<div class=\"Texto\">\u00a0\u00a0\u00a0\u00a0\u00a0\u00a0\u00a0\u00a0\u00a0\u00a0\u00a0Deber\u00e1 marcar con\u00a0&#8220;X&#8221;\u00a0en el recuadro, en el supuesto de que no existan modificaciones al acta\u00a0constitutiva de la empresa solicitante.<\/div>\n<div class=\"Texto\">5.2.1.\u00a0\u00a0\u00a0\u00a0Modificaci\u00f3n al acta constitutiva.<\/div>\n<div class=\"Texto\">\u00a0\u00a0\u00a0\u00a0\u00a0\u00a0\u00a0\u00a0\u00a0\u00a0\u00a0En caso contrario, se deber\u00e1 indicar la \u00faltima modificaci\u00f3n al acta constitutiva y se\u00f1alar\u00a0n\u00famero de instrumento notarial o p\u00f3liza mercantil, fecha, nombre y n\u00famero de Notario o\u00a0Corredor P\u00fablico, Entidad Federativa y descripci\u00f3n de la modificaci\u00f3n al acta constitutiva\u00a0de la empresa solicitante.<\/div>\n<div class=\"Texto\">5.2.2.\u00a0\u00a0\u00a0\u00a0Modificaci\u00f3n al acta constitutiva.<\/div>\n<div class=\"Texto\">\u00a0\u00a0\u00a0\u00a0\u00a0\u00a0\u00a0\u00a0\u00a0\u00a0\u00a0Se deber\u00e1 indicar la pen\u00faltima modificaci\u00f3n al acta constitutiva y se\u00f1alar el n\u00famero de\u00a0instrumento notarial o p\u00f3liza mercantil, fecha, nombre y n\u00famero de Notario o Corredor\u00a0P\u00fablico, Entidad Federativa y descripci\u00f3n de la modificaci\u00f3n al acta constitutiva de la\u00a0empresa solicitante.<\/div>\n<div class=\"Texto\">5.3.\u00a0\u00a0\u00a0\u00a0\u00a0\u00a0\u00a0Documento con el que se acredita la personalidad de quien firma esta autorizaci\u00f3n para realizar\u00a0actos de administraci\u00f3n en representaci\u00f3n de la empresa.<\/div>\n<div class=\"Texto\">\u00a0\u00a0\u00a0\u00a0\u00a0\u00a0\u00a0\u00a0\u00a0\u00a0\u00a0Deber\u00e1 marcar con\u00a0&#8220;X&#8221;\u00a0en el recuadro, si la personalidad de quien firma con Poder general para\u00a0actos de administraci\u00f3n y\/o dominio en representaci\u00f3n de la empresa solicitante consta en el acta\u00a0constitutiva.<\/div>\n<div class=\"Texto\">En caso contrario se deber\u00e1 indicar el n\u00famero de instrumento<\/div>\n<table>\n<tbody>\n<tr>\n<td>\n<div class=\"Texto\">6. Persona autorizada para o\u00edr y recibir notificaciones.<\/div>\n<\/td>\n<\/tr>\n<\/tbody>\n<\/table>\n<div class=\"Texto\">Deber\u00e1 proporcionar el nombre completo, RFC, tel\u00e9fono y correo electr\u00f3nico de la persona designada para\u00a0o\u00edr y recibir notificaciones.<\/div>\n<div class=\"Texto\">En caso de requerirlo, podr\u00e1 agregar los campos necesarios para declarar a m\u00e1s de una persona\u00a0autorizada para o\u00edr y recibir notificaciones.<\/div>\n<table>\n<tbody>\n<tr>\n<td>\n<div class=\"Texto\">7. REQUISITOS GENERALES.<\/div>\n<\/td>\n<\/tr>\n<\/tbody>\n<\/table>\n<div class=\"Texto\">7.1.\u00a0\u00a0\u00a0\u00a0\u00a0\u00a0\u00a0Se\u00f1alar si al momento de ingresar su solicitud si se encuentra al corriente en el cumplimiento de\u00a0sus obligaciones fiscales y aduaneras.<\/div>\n<div class=\"Texto\">\u00a0\u00a0\u00a0\u00a0\u00a0\u00a0\u00a0\u00a0\u00a0\u00a0\u00a0Deber\u00e1 manifestar lo que corresponda.<\/div>\n<div class=\"Texto\">7.2.\u00a0\u00a0\u00a0\u00a0\u00a0\u00a0\u00a0Indicar si autoriz\u00f3 al SAT hacer p\u00fablica su opini\u00f3n positiva sobre el cumplimiento de obligaciones\u00a0fiscales.<\/div>\n<div class=\"Texto\">\u00a0\u00a0\u00a0\u00a0\u00a0\u00a0\u00a0\u00a0\u00a0\u00a0\u00a0Deber\u00e1 contestar lo que corresponda.<\/div>\n<div class=\"Texto\">7.3.\u00a0\u00a0\u00a0\u00a0\u00a0\u00a0\u00a0Se\u00f1alar los datos de la constancia de pago del derecho.<\/div>\n<div class=\"Texto\">\u00a0\u00a0\u00a0\u00a0\u00a0\u00a0\u00a0\u00a0\u00a0\u00a0\u00a0Indicando la fecha de pago, monto, n\u00famero de la operaci\u00f3n, llave de pago y nombre de la\u00a0Instituci\u00f3n de Cr\u00e9dito.<\/div>\n<div class=\"Texto\">7.4.\u00a0\u00a0\u00a0\u00a0\u00a0\u00a0\u00a0Indicar si al momento de ingresar su solicitud sus certificados de sellos digitales est\u00e1n vigentes.<\/div>\n<div class=\"Texto\">7.5.\u00a0\u00a0\u00a0\u00a0\u00a0\u00a0\u00a0Indiqu\u00e9 si al momento de ingresar la solicitud se encuentra en el listado de empresas publicadas\u00a0por el SAT en t\u00e9rminos de los art\u00edculos 69 con excepci\u00f3n de lo dispuesto en la fracci\u00f3n VI y 69-B,\u00a0cuarto p\u00e1rrafo, del CFF.<\/div>\n<div class=\"Texto\">\u00a0\u00a0\u00a0\u00a0\u00a0\u00a0\u00a0\u00a0\u00a0\u00a0\u00a0Deber\u00e1 contestar lo que corresponda<\/div>\n<table>\n<tbody>\n<tr>\n<td>\n<div class=\"Texto\">En caso afirmativo se\u00f1ale si se infringi\u00f3 alguno de los supuestos previstos en el art\u00edculo 17-H,fracci\u00f3n X del CFF, durante los \u00faltimos 12 meses.<\/div>\n<\/td>\n<\/tr>\n<\/tbody>\n<\/table>\n<div class=\"Texto\">Deber\u00e1 contestar lo que corresponda.<\/div>\n<div class=\"Texto\">7.6.\u00a0\u00a0\u00a0\u00a0\u00a0\u00a0\u00a0Se\u00f1ale si al momento de ingresar su solicitud tiene actualizado su correo electr\u00f3nico para efectos\u00a0del buz\u00f3n tributario.<\/div>\n<div class=\"Texto\">\u00a0\u00a0\u00a0\u00a0\u00a0\u00a0\u00a0\u00a0\u00a0\u00a0\u00a0Deber\u00e1 contestar lo que corresponda.<\/div>\n<div class=\"Texto\">7.7.\u00a0\u00a0\u00a0\u00a0\u00a0\u00a0\u00a0Indicar si la persona moral solicitante cuenta con Programa IMMEX.<\/div>\n<div class=\"Texto\">\u00a0\u00a0\u00a0\u00a0\u00a0\u00a0\u00a0\u00a0\u00a0\u00a0\u00a0Deber\u00e1 se\u00f1alar el n\u00famero del Programa IMMEX.<\/div>\n<table>\n<tbody>\n<tr>\n<td>\n<div class=\"Texto\">Si no cuenta con Programa IMMEX\u00a0proporcionar la siguiente informaci\u00f3n:<\/div>\n<\/td>\n<\/tr>\n<\/tbody>\n<\/table>\n<div class=\"Texto\">a)\u00a0\u00a0\u00a0\u00a0\u00a0Que realiz\u00f3 importaciones con un valor mayor a $106,705,330.00 en el a\u00f1o de calendario\u00a0anterior al que se presenta la solicitud.<\/div>\n<div class=\"Texto\">b)\u00a0\u00a0\u00a0\u00a0\u00a0Que inicia sus operaciones y estima efectuar en el ejercicio de inicio importaciones con valor\u00a0superior a $106,705,330.00.<\/div>\n<div class=\"Texto\">7.8.\u00a0\u00a0\u00a0\u00a0\u00a0\u00a0\u00a0Anotar el nombre y n\u00famero de patente de los agentes aduanales o nombre y n\u00famero de\u00a0autorizaci\u00f3n de los apoderados aduanales autorizados para promover el despacho a nombre y en\u00a0representaci\u00f3n de la solicitante.<\/div>\n<div class=\"Texto\">7.9.\u00a0\u00a0\u00a0\u00a0\u00a0\u00a0\u00a0Anotar el nombre, RFC y domicilio fiscal de los transportistas que designa para efectuar el\u00a0traslado de las mercanc\u00edas de comercio exterior.<\/div>\n<div class=\"Texto\">\u00a0\u00a0\u00a0\u00a0\u00a0\u00a0\u00a0\u00a0\u00a0\u00a0\u00a0Deber\u00e1 proporcionar el nombre, RFC y domicilio fiscal de los transportistas que designa para\u00a0efectuar el traslado de las mercanc\u00edas de comercio exterior.<\/div>\n<div class=\"Texto\">\u00a0\u00a0\u00a0\u00a0\u00a0\u00a0\u00a0\u00a0\u00a0\u00a0\u00a0En caso de requerirlo, podr\u00e1 agregar los campos necesarios.<\/div>\n<div class=\"Texto\">7.10.\u00a0\u00a0\u00a0\u00a0\u00a0Se\u00f1alar si al momento de ingresar su solicitud se encuentra suspendida en el Padr\u00f3n de\u00a0Importadores o en el Padr\u00f3n de Importadores de Sectores Espec\u00edficos o Padr\u00f3n de Exportadores\u00a0Sectorial.<\/div>\n<div class=\"Texto\">\u00a0\u00a0\u00a0\u00a0\u00a0\u00a0\u00a0\u00a0\u00a0\u00a0\u00a0Deber\u00e1 contestar lo que corresponda.<\/div>\n<div class=\"Texto\">7.11.\u00a0\u00a0\u00a0\u00a0\u00a0Indicar si cuenta con un sistema de control de inventarios, para el registro de sus operaciones de\u00a0comercio exterior.<\/div>\n<div class=\"Texto\">\u00a0\u00a0\u00a0\u00a0\u00a0\u00a0\u00a0\u00a0\u00a0\u00a0\u00a0Deber\u00e1 contestar lo que corresponda.<\/div>\n<table>\n<tbody>\n<tr>\n<td>\n<div class=\"Texto\">Indique, en su caso, si cuenta con un sistema de control de inventarios de conformidad con lasdisposiciones previstas por el Anexo 24.<\/div>\n<\/td>\n<\/tr>\n<\/tbody>\n<\/table>\n<div class=\"Texto\">Deber\u00e1 contestar lo que corresponda.<\/div>\n<div class=\"Texto\">En caso afirmativo, deber\u00e1 anexar un archivo con el reporte de saldos de mercanc\u00eda de importaci\u00f3n\u00a0temporal o de mercanc\u00edas objeto de operaciones de comercio exterior, de un periodo de un mes, que se\u00a0encuentre dentro de los tres meses anteriores a la fecha de presentaci\u00f3n de la solicitud de registro del\u00a0despacho de mercanc\u00edas de las empresas.<\/div>\n<div class=\"Texto\">En cualquier caso, deber\u00e1 se\u00f1alar el nombre del sistema o datos para su identificaci\u00f3n, el lugar de\u00a0radicaci\u00f3n y domicilio o domicilios en M\u00e9xico, con acceso a todas las funciones del sistema.<\/div>\n<div class=\"Texto\">7.12.\u00a0\u00a0\u00a0\u00a0\u00a0Se\u00f1alar si al momento de ingresar su solicitud el SAT ha interpuesto querella o denuncia penal en\u00a0contra de los socios, accionistas, seg\u00fan corresponda, representante legal e integrantes de la\u00a0administraci\u00f3n de la empresa solicitante o declaratoria de perjuicio, durante los \u00faltimos tres a\u00f1os\u00a0anteriores a la presentaci\u00f3n de la solicitud.<\/div>\n<div class=\"Texto\"><\/div>\n<div class=\"Texto\">\u00a0\u00a0\u00a0\u00a0\u00a0\u00a0\u00a0\u00a0\u00a0\u00a0\u00a0Deber\u00e1 contestar lo que corresponda.<\/div>\n<div class=\"Texto\">7.13.\u00a0\u00a0\u00a0\u00a0\u00a0Se\u00f1alar si al momento de ingresar su solicitud lleva la contabilidad en medios electr\u00f3nicos de\u00a0conformidad con el art\u00edculo 28, fracci\u00f3n III, del CFF y la regla 2.8.1.6. de la RMF.<\/div>\n<div class=\"Texto\">\u00a0\u00a0\u00a0\u00a0\u00a0\u00a0\u00a0\u00a0\u00a0\u00a0\u00a0Deber\u00e1 contestar lo que corresponda.<\/div>\n<div class=\"Texto\">7.14.\u00a0\u00a0\u00a0\u00a0\u00a0Se\u00f1ale si ingresa mensualmente su informaci\u00f3n contable a trav\u00e9s del portal del SAT, de\u00a0conformidad con el art\u00edculo 28, fracci\u00f3n IV, del CFF y la regla 2.8.1.7. de la RMF.<\/div>\n<div class=\"Texto\">\u00a0\u00a0\u00a0\u00a0\u00a0\u00a0\u00a0\u00a0\u00a0\u00a0\u00a0Deber\u00e1 contestar lo que corresponda.<\/div>\n<div class=\"Texto\">Instructivo de tr\u00e1mite de la Solicitud de registro del despacho de mercanc\u00edas de las empresas.<\/div>\n<table>\n<tbody>\n<tr>\n<td>\n<div class=\"Texto\">\u00bfQui\u00e9nes lo presentan?<\/div>\n<div class=\"Texto\">Las personas morales interesadas en obtener la autorizaci\u00f3n en el registro del despacho de mercanc\u00edas\u00a0de las empresas.<\/div>\n<\/td>\n<\/tr>\n<tr>\n<td>\n<div class=\"Texto\">\u00bfC\u00f3mo se presenta?<\/div>\n<div class=\"Texto\">A trav\u00e9s de Ventanilla Digital.<\/div>\n<\/td>\n<\/tr>\n<tr>\n<td>\n<div class=\"Texto\">\u00bfEn qu\u00e9 casos se presenta?<\/div>\n<div class=\"Texto\">Cuando solicite el registro del despacho de mercanc\u00edas de las empresas.<\/div>\n<\/td>\n<\/tr>\n<\/tbody>\n<\/table>\n<div class=\"Normal\"><\/div>\n<table>\n<tbody>\n<tr>\n<td>\n<div class=\"Texto\">Requisitos:<\/div>\n<div class=\"Texto\">I.\u00a0\u00a0\u00a0\u00a0\u00a0\u00a0\u00a0\u00a0Estar constituidas conforme a la legislaci\u00f3n mexicana.<\/div>\n<div class=\"Texto\">II.\u00a0\u00a0\u00a0\u00a0\u00a0\u00a0\u00a0Encontrarse al corriente en el cumplimiento de sus obligaciones fiscales.<\/div>\n<div class=\"Texto\">III.\u00a0\u00a0\u00a0\u00a0\u00a0\u00a0Haber realizado a trav\u00e9s del esquema electr\u00f3nico e5cinco, el pago del derecho que corresponda a\u00a0la fecha de la presentaci\u00f3n de la solicitud, a que se refiere el art\u00edculo 40, inciso a) de la LFD.<\/div>\n<div class=\"Texto\">IV.\u00a0\u00a0\u00a0\u00a0\u00a0\u00a0No encontrarse al momento de ingresar la solicitud en el listado de empresas publicadas por el\u00a0SAT en t\u00e9rminos de los art\u00edculos 69 con excepci\u00f3n de lo dispuesto en la fracci\u00f3n VI y 69-B, cuarto\u00a0p\u00e1rrafo, del CFF.<\/div>\n<div class=\"Texto\">V.\u00a0\u00a0\u00a0\u00a0\u00a0\u00a0\u00a0Que sus certificados de sellos digitales est\u00e9n vigentes y no se hubiere comprobado que se infringi\u00f3alguno de los supuestos previstos en el art\u00edculo 17-H, fracci\u00f3n X, del CFF, durante los \u00faltimos 12meses.<\/div>\n<div class=\"Texto\">VI.\u00a0\u00a0\u00a0\u00a0\u00a0\u00a0Haber actualizado su correo electr\u00f3nico para efectos del buz\u00f3n tributario.<\/div>\n<div class=\"Texto\">VII.\u00a0\u00a0\u00a0\u00a0\u00a0Manifestar el n\u00famero de Programa IMMEX vigente, o en caso de no contar con dicho programa,deber\u00e1 manifestar, bajo protesta de decir verdad, que la persona moral realiz\u00f3 importaciones con\u00a0un valor mayor a $106&#8217;705,330.00 en el a\u00f1o calendario anterior al que se presenta la solicitud, o\u00a0bien que en el ejercicio de inicio de operaciones estima efectuar importaciones con un valor\u00a0superior a $106&#8217;705,330.00.<\/div>\n<div class=\"Texto\">VIII.\u00a0\u00a0\u00a0\u00a0Manifestar los nombres y n\u00famero de patentes de los agentes y apoderados aduanales autorizadospara promover en su nombre y representaci\u00f3n el despacho conforme al procedimiento de revisi\u00f3n\u00a0en origen.<\/div>\n<div class=\"Texto\">IX.\u00a0\u00a0\u00a0\u00a0\u00a0\u00a0Designar a las empresas transportistas autorizadas para efectuar el traslado de las mercanc\u00edas decomercio exterior, se\u00f1alando su nombre, denominaci\u00f3n o raz\u00f3n social y clave del RFC.<\/div>\n<div class=\"Texto\">X\u00a0\u00a0\u00a0\u00a0\u00a0\u00a0\u00a0Que no se encuentre suspendida o cancelada en el Padr\u00f3n de Importadores o en el Padr\u00f3n deImportadores de Sectores Espec\u00edficos o Padr\u00f3n de Exportadores Sectorial.<\/div>\n<div class=\"Texto\">XI.\u00a0\u00a0\u00a0\u00a0\u00a0\u00a0Permitir en todo momento el acceso al personal de la AGACE, en caso de que la autoridad\u00a0programe una visita de inspecci\u00f3n inicial o de supervisi\u00f3n de cumplimiento.<\/div>\n<div class=\"Texto\">XII.\u00a0\u00a0\u00a0\u00a0\u00a0Contar con control de inventarios de conformidad con las disposiciones previstas por el SAT en\u00a0forma automatizada, que mantenga en todo momento el registro actualizado de los datos de control\u00a0de las mercanc\u00edas de comercio exterior, mismo que debe estar a disposici\u00f3n de la autoridad\u00a0aduanera.<\/div>\n<\/td>\n<\/tr>\n<\/tbody>\n<\/table>\n<div class=\"Normal\"><\/div>\n<table>\n<tbody>\n<tr>\n<td>\n<div class=\"Texto\">\u00bfQu\u00e9 procede una vez presentada la solicitud?<\/div>\n<div class=\"Texto\">En el caso de que la autoridad aduanera detecte la falta de alg\u00fan requisito, le requerir\u00e1 por \u00fanica ocasi\u00f3n\u00a0al promovente la informaci\u00f3n o documentaci\u00f3n faltante, se\u00f1alando las causas que lo motivan y le otorgar\u00e1\u00a0un plazo de 15 d\u00edas para que subsane o desvirt\u00fae la inconsistencia, en caso contrario, se entender\u00e1 que\u00a0se desisti\u00f3 de la promoci\u00f3n.<\/div>\n<\/td>\n<\/tr>\n<tr>\n<td>\n<div class=\"Texto\">\u00bfEn qu\u00e9 plazo la autoridad dar\u00e1 respuesta?<\/div>\n<div class=\"Texto\">En un plazo no mayor a\u00a030 d\u00edas, contados a partir del d\u00eda siguiente a la fecha del acuse de recepci\u00f3n.<\/div>\n<div class=\"Texto\">El plazo de 30 d\u00edas se computar\u00e1 a partir de que se tengan cubiertos en su totalidad los requisitosestablecidos, seg\u00fan sea el caso. Transcurrido dicho plazo, sin que se haya resuelto, se entender\u00e1 nofavorable la resoluci\u00f3n.<\/div>\n<\/td>\n<\/tr>\n<\/tbody>\n<\/table>\n<table>\n<tbody>\n<tr>\n<td>\n<div class=\"Texto\">\u00bfQu\u00e9 documento se obtiene?<\/div>\n<div class=\"Texto\">Resoluci\u00f3n por la que se otorgue el registro del despacho de mercanc\u00edas de las empresas.<\/div>\n<\/td>\n<\/tr>\n<tr>\n<td>\n<div class=\"Texto\">Disposiciones jur\u00eddicas aplicables:<\/div>\n<div class=\"Texto\">Art\u00edculos 98, 100 de la Ley, 144 del Reglamento, 17-H, 69, 69-B del CFF, 40 de la LFD, la regla 7.5.1.<\/div>\n<\/td>\n<\/tr>\n<\/tbody>\n<\/table>\n<div class=\"Texto\"><\/div>\n<div class=\"Texto\">F3.<\/div>\n<table>\n<tbody>\n<tr>\n<td>\n<div class=\"Texto\"><img decoding=\"async\" src=\"http:\/\/www.dof.gob.mx\/imagenes_diarios\/2018\/09\/20\/MAT\/shcp2a11_Cimg_137563.png\" \/><\/div>\n<\/td>\n<td>\n<div class=\"Texto\">Solicitud de Registro en el Esquema de Certificaci\u00f3n de<br \/>\nEmpresas.<\/div>\n<\/td>\n<td>\n<div class=\"Texto\"><img decoding=\"async\" src=\"http:\/\/www.dof.gob.mx\/imagenes_diarios\/2018\/09\/20\/MAT\/shcp2a11_Cimg_142155.png\" \/><\/div>\n<\/td>\n<\/tr>\n<\/tbody>\n<\/table>\n<div class=\"Texto\"><\/div>\n<table>\n<tbody>\n<tr>\n<td>\n<div class=\"texto\">Marque con una X el tipo de solicitud de que se trate:<\/div>\n<div class=\"texto\"><\/div>\n<table>\n<tbody>\n<tr>\n<td>\n<div class=\"texto\"><\/div>\n<\/td>\n<td colspan=\"5\">\n<div class=\"texto\">Modalidad IVA e IEPS<\/div>\n<\/td>\n<\/tr>\n<tr>\n<td>\n<div class=\"texto\"><\/div>\n<\/td>\n<td colspan=\"3\">\n<div class=\"texto\">Rubro A<\/div>\n<\/td>\n<\/tr>\n<tr>\n<td>\n<div class=\"texto\"><\/div>\n<\/td>\n<td colspan=\"3\">\n<div class=\"texto\">Rubro AA<\/div>\n<\/td>\n<\/tr>\n<tr>\n<td>\n<div class=\"texto\"><\/div>\n<\/td>\n<td colspan=\"3\">\n<div class=\"texto\">Rubro AAA<\/div>\n<\/td>\n<\/tr>\n<tr>\n<td>\n<div class=\"texto\"><\/div>\n<\/td>\n<td colspan=\"3\">\n<div class=\"texto\">Periodo pre operativo<\/div>\n<\/td>\n<\/tr>\n<\/tbody>\n<\/table>\n<div class=\"texto\"><\/div>\n<table>\n<tbody>\n<tr>\n<td>\n<div class=\"texto\"><\/div>\n<\/td>\n<td>\n<div class=\"texto\">Modalidad Comercializadora e importadora<\/div>\n<\/td>\n<\/tr>\n<\/tbody>\n<\/table>\n<div class=\"texto\"><\/div>\n<table>\n<tbody>\n<tr>\n<td>\n<div class=\"texto\"><\/div>\n<\/td>\n<td colspan=\"4\">\n<div class=\"texto\">Modalidad Operador Econ\u00f3mico Autorizado<\/div>\n<\/td>\n<\/tr>\n<tr>\n<td>\n<div class=\"texto\"><\/div>\n<\/td>\n<td colspan=\"2\">\n<div class=\"texto\">Rubro Importaci\u00f3n y\/o Exportaci\u00f3n<\/div>\n<\/td>\n<\/tr>\n<tr>\n<td>\n<div class=\"texto\"><\/div>\n<\/td>\n<td colspan=\"2\">\n<div class=\"texto\">Rubro Controladora<\/div>\n<\/td>\n<\/tr>\n<tr>\n<td>\n<div class=\"texto\"><\/div>\n<\/td>\n<td colspan=\"2\">\n<div class=\"texto\">Rubro Aeronaves<\/div>\n<\/td>\n<\/tr>\n<tr>\n<td>\n<div class=\"texto\"><\/div>\n<\/td>\n<td colspan=\"2\">\n<div class=\"texto\">Rubro SECIIT<\/div>\n<\/td>\n<\/tr>\n<tr>\n<td>\n<div class=\"texto\"><\/div>\n<\/td>\n<td colspan=\"2\">\n<div class=\"texto\">Rubro Textil<\/div>\n<\/td>\n<\/tr>\n<tr>\n<td>\n<div class=\"texto\"><\/div>\n<\/td>\n<td colspan=\"2\">\n<div class=\"texto\">Rubro Recinto Fiscalizado\u00a0Estrat\u00e9gico<\/div>\n<\/td>\n<\/tr>\n<\/tbody>\n<\/table>\n<div class=\"texto\"><\/div>\n<table>\n<tbody>\n<tr>\n<td>\n<div class=\"texto\"><\/div>\n<\/td>\n<td colspan=\"4\">\n<div class=\"texto\">Modalidad Socio Comercial Certificado<\/div>\n<\/td>\n<\/tr>\n<tr>\n<td>\n<div class=\"texto\"><\/div>\n<\/td>\n<td colspan=\"2\">\n<div class=\"texto\">Rubro Auto Transportista Terrestre<\/div>\n<\/td>\n<\/tr>\n<tr>\n<td>\n<div class=\"texto\"><\/div>\n<\/td>\n<td colspan=\"2\">\n<div class=\"texto\">Rubro Agente Aduanal<\/div>\n<\/td>\n<\/tr>\n<tr>\n<td>\n<div class=\"texto\"><\/div>\n<\/td>\n<td colspan=\"2\">\n<div class=\"texto\">Rubro Transporte Ferroviario<\/div>\n<\/td>\n<\/tr>\n<\/tbody>\n<\/table>\n<\/td>\n<td>\n<div class=\"texto\"><\/div>\n<\/td>\n<\/tr>\n<\/tbody>\n<\/table>\n<table>\n<tbody>\n<tr>\n<td>\n<table>\n<tbody>\n<tr>\n<td>\n<div class=\"texto\"><\/div>\n<\/td>\n<td>\n<div class=\"texto\">Rubro Parque Industrial<\/div>\n<\/td>\n<\/tr>\n<tr>\n<td>\n<div class=\"texto\"><\/div>\n<\/td>\n<td>\n<div class=\"texto\">Rubro Recinto Fiscalizado<\/div>\n<\/td>\n<\/tr>\n<tr>\n<td>\n<div class=\"texto\"><\/div>\n<\/td>\n<td>\n<div class=\"texto\">Rubro Mensajer\u00eda y\u00a0Paqueter\u00eda<\/div>\n<\/td>\n<\/tr>\n<\/tbody>\n<\/table>\n<div class=\"texto\"><\/div>\n<\/td>\n<td><\/td>\n<\/tr>\n<\/tbody>\n<\/table>\n<div class=\"Texto\"><\/div>\n<div class=\"Texto\">MODALIDAD IVA E IEPS<\/div>\n<table>\n<tbody>\n<tr>\n<td colspan=\"2\">\n<div class=\"Texto\">En caso de la modalidad IVA e IEPS seleccione el r\u00e9gimen aduanero.\u00a0(Marque con una &#8220;X&#8221;\u00a0en los\u00a0cuadros que aplique)<\/div>\n<\/td>\n<\/tr>\n<tr>\n<td colspan=\"2\">\n<div class=\"Texto\"><\/div>\n<\/td>\n<\/tr>\n<tr>\n<td>\n<div class=\"Texto\"><\/div>\n<\/td>\n<td>\n<div class=\"Texto\">Importaci\u00f3n temporal para elaboraci\u00f3n, transformaci\u00f3n o reparaci\u00f3n en programas de maquila\u00a0o de exportaci\u00f3n (IMMEX).<\/div>\n<\/td>\n<\/tr>\n<tr>\n<td>\n<div class=\"Texto\"><\/div>\n<\/td>\n<td>\n<div class=\"Texto\">Dep\u00f3sito fiscal para someterse al proceso de ensamble y fabricaci\u00f3n de veh\u00edculos a empresasde la industria automotriz terminal.<\/div>\n<\/td>\n<\/tr>\n<tr>\n<td>\n<div class=\"Texto\"><\/div>\n<div class=\"Texto\"><\/div>\n<\/td>\n<td>\n<div class=\"Texto\">Elaboraci\u00f3n, transformaci\u00f3n o reparaci\u00f3n en recinto fiscalizado.<\/div>\n<div class=\"Texto\"><\/div>\n<\/td>\n<\/tr>\n<tr>\n<td>\n<div class=\"Texto\"><\/div>\n<div class=\"Texto\"><\/div>\n<\/td>\n<td>\n<div class=\"Texto\">Recinto fiscalizado estrat\u00e9gico.<\/div>\n<\/td>\n<\/tr>\n<\/tbody>\n<\/table>\n<div class=\"Texto\"><\/div>\n<div class=\"Texto\">EMPRESAS DE GRUPO<\/div>\n<table>\n<tbody>\n<tr>\n<td colspan=\"2\">\n<div class=\"Texto\">Empresas que forman parte de un grupo, para los efectos de la regla 7.1.7.<\/div>\n<\/td>\n<\/tr>\n<tr>\n<td colspan=\"2\">\n<div class=\"Texto\">Indique el nombre de las empresas que forman parte del grupo.\u00a0(A\u00f1ada cuantas casillas sean\u00a0necesarias)<\/div>\n<table>\n<tbody>\n<tr>\n<td>\n<div class=\"Texto\">Nombre<\/div>\n<\/td>\n<td>\n<div class=\"Texto\">RFC<\/div>\n<\/td>\n<\/tr>\n<tr>\n<td>\n<div class=\"Texto\"><\/div>\n<\/td>\n<td>\n<div class=\"Texto\"><\/div>\n<\/td>\n<\/tr>\n<tr>\n<td>\n<div class=\"Texto\"><\/div>\n<\/td>\n<td>\n<div class=\"Texto\"><\/div>\n<\/td>\n<\/tr>\n<tr>\n<td>\n<div class=\"Texto\"><\/div>\n<\/td>\n<td>\n<div class=\"Texto\"><\/div>\n<\/td>\n<\/tr>\n<tr>\n<td>\n<div class=\"Texto\"><\/div>\n<\/td>\n<td>\n<div class=\"Texto\"><\/div>\n<\/td>\n<\/tr>\n<\/tbody>\n<\/table>\n<div class=\"Texto\"><\/div>\n<\/td>\n<\/tr>\n<tr>\n<td>\n<div class=\"Texto\"><\/div>\n<\/td>\n<td>\n<div class=\"Texto\">Para acreditar que forma parte de un grupo, deber\u00e1n anexar un diagrama de la estructura accionaria\u00a0y corporativa, as\u00ed como copia de las escrituras p\u00fablicas, en las que conste la participaci\u00f3n accionaria\u00a0de las empresas que formen parte del grupo.<\/div>\n<\/td>\n<\/tr>\n<\/tbody>\n<\/table>\n<div class=\"Texto\"><\/div>\n<table>\n<tbody>\n<tr>\n<td>\n<div class=\"Texto\"><\/div>\n<\/td>\n<td>\n<div class=\"Texto\">Trat\u00e1ndose de las empresas que se mencionan en la regla 7.1.2., apartado B, fracci\u00f3n I y 7.1.4.,\u00a0primer p\u00e1rrafo, fracci\u00f3n II, podr\u00e1n acreditar el requisito de antig\u00fcedad mediante una de las empresas\u00a0del grupo, deber\u00e1n anexar un escrito en el que asuma la responsabilidad solidaria a que se refiere la\u00a0fracci\u00f3n VIII del art\u00edculo 26 del CFF, de los cr\u00e9ditos fiscales que llegaran a originarse; as\u00ed como exhibir\u00a0copia del poder con el cual acredite la personalidad el representante legal de la empresa que asuma laresponsabilidad solidaria.<\/div>\n<\/td>\n<\/tr>\n<\/tbody>\n<\/table>\n<div class=\"Texto\"><\/div>\n<div class=\"Texto\">Se\u00f1ale, en su caso, el tipo de informaci\u00f3n que la solicitante acredita, a trav\u00e9s de alguna de las empresas\u00a0que forman parte del mismo grupo;<\/div>\n<table>\n<tbody>\n<tr>\n<td>\n<div class=\"Texto\"><\/div>\n<\/td>\n<td>\n<div class=\"Texto\">Empleados.<\/div>\n<\/td>\n<\/tr>\n<tr>\n<td>\n<div class=\"Texto\"><\/div>\n<\/td>\n<td>\n<div class=\"Texto\"><\/div>\n<\/td>\n<\/tr>\n<\/tbody>\n<\/table>\n<table>\n<tbody>\n<tr>\n<td>\n<div class=\"Texto\"><\/div>\n<\/td>\n<td>\n<div class=\"Texto\">Infraestructura.<\/div>\n<\/td>\n<\/tr>\n<tr>\n<td>\n<div class=\"Texto\"><\/div>\n<\/td>\n<td>\n<div class=\"Texto\"><\/div>\n<\/td>\n<\/tr>\n<tr>\n<td>\n<div class=\"Texto\"><\/div>\n<\/td>\n<td>\n<div class=\"Texto\">Monto de inversi\u00f3n.(Inversi\u00f3n en territorio nacional)<\/div>\n<\/td>\n<\/tr>\n<tr>\n<td>\n<div class=\"Texto\"><\/div>\n<\/td>\n<td>\n<div class=\"Texto\"><\/div>\n<\/td>\n<\/tr>\n<tr>\n<td>\n<div class=\"Texto\"><\/div>\n<\/td>\n<td>\n<div class=\"Texto\">Antig\u00fcedad (\u00fanicamente trat\u00e1ndose de las empresas que se mencionan en la regla 7.1.2., apartado Bfracci\u00f3n I y 7.1.4., primer p\u00e1rrafo, fracci\u00f3n II).<\/div>\n<\/td>\n<\/tr>\n<\/tbody>\n<\/table>\n<div class=\"Texto\">EMPRESAS DE ALBERGUE<\/div>\n<table>\n<tbody>\n<tr>\n<td>\n<div class=\"Texto\">Empresas que han operado durante los \u00faltimos 3 ejercicios fiscales, para los efectos de la regla7.1.8.<\/div>\n<\/td>\n<\/tr>\n<\/tbody>\n<\/table>\n<div class=\"Texto\"><\/div>\n<div class=\"Texto\">Se\u00f1ale si ha operado durante los \u00faltimos 3 ejercicios fiscales en t\u00e9rminos del art\u00edculo 183 de la Ley\u00a0del ISR, como empresa extranjera al amparo de otra empresa con Programa IMMEX en la modalidad de\u00a0albergue.<\/div>\n<table>\n<tbody>\n<tr>\n<td>\n<div class=\"Texto\"><\/div>\n<\/td>\n<td>\n<div class=\"Texto\">SI<\/div>\n<\/td>\n<td>\n<div class=\"Texto\"><\/div>\n<\/td>\n<td>\n<div class=\"Texto\">NO<\/div>\n<\/td>\n<\/tr>\n<\/tbody>\n<\/table>\n<div class=\"Texto\"><\/div>\n<table>\n<tbody>\n<tr>\n<td>\n<div class=\"Texto\"><\/div>\n<\/td>\n<td>\n<div class=\"Texto\">Deber\u00e1 anexar copia del contrato celebrado por un m\u00ednimo de 3 a\u00f1os con la empresa que cuenta con\u00a0el programa IMMEX bajo la modalidad de albergue, Declaraci\u00f3n, bajo protesta de decir verdad,\u00a0firmada por el representante legal de la empresa que cuenta con el programa IMMEX bajo la\u00a0modalidad de albergue, sobre la temporalidad en que la solicitante oper\u00f3 como empresa extranjera al\u00a0amparo de su programa IMMEX en modalidad de albergue, asimismo exhibir copia del poder con el\u00a0cual acredite la personalidad el representante legal de la empresa con el programa IMMEX bajo la\u00a0modalidad de albergue.<\/div>\n<\/td>\n<\/tr>\n<\/tbody>\n<\/table>\n<div class=\"Texto\"><\/div>\n<div class=\"Texto\">Indique el nombre de la empresa que cuente con el programa de maquila bajo la modalidad de\u00a0albergue con la que haya operado los \u00faltimos 3 a\u00f1os.<\/div>\n<table>\n<tbody>\n<tr>\n<td>\n<div class=\"Texto\">Nombre<\/div>\n<\/td>\n<td>\n<div class=\"Texto\">RFC<\/div>\n<\/td>\n<td>\n<div class=\"Texto\">Programa IMMEX<\/div>\n<\/td>\n<\/tr>\n<tr>\n<td>\n<div class=\"Texto\"><\/div>\n<div class=\"Texto\"><\/div>\n<\/td>\n<td>\n<div class=\"Texto\"><\/div>\n<\/td>\n<td>\n<div class=\"Texto\"><\/div>\n<\/td>\n<\/tr>\n<tr>\n<td>\n<div class=\"Texto\"><\/div>\n<\/td>\n<td>\n<div class=\"Texto\"><\/div>\n<\/td>\n<td>\n<div class=\"Texto\"><\/div>\n<\/td>\n<\/tr>\n<\/tbody>\n<\/table>\n<div class=\"Texto\"><\/div>\n<div class=\"Texto\">Se\u00f1ale, en su caso, el tipo de informaci\u00f3n que la solicitante acredita mediante la empresa con\u00a0Programa IMMEX en la modalidad de albergue:<\/div>\n<table>\n<tbody>\n<tr>\n<td>\n<div class=\"Texto\"><\/div>\n<\/td>\n<td>\n<div class=\"Texto\">Empleados.<\/div>\n<\/td>\n<\/tr>\n<tr>\n<td>\n<div class=\"Texto\"><\/div>\n<\/td>\n<td>\n<div class=\"Texto\"><\/div>\n<\/td>\n<\/tr>\n<tr>\n<td>\n<div class=\"Texto\"><\/div>\n<\/td>\n<td>\n<div class=\"Texto\">Infraestructura.<\/div>\n<\/td>\n<\/tr>\n<tr>\n<td>\n<div class=\"Texto\"><\/div>\n<\/td>\n<td>\n<div class=\"Texto\"><\/div>\n<\/td>\n<\/tr>\n<tr>\n<td>\n<div class=\"Texto\"><\/div>\n<\/td>\n<td>\n<div class=\"Texto\">Monto de inversi\u00f3n (Inversi\u00f3n en territorio nacional).<\/div>\n<\/td>\n<\/tr>\n<\/tbody>\n<\/table>\n<div class=\"Texto\"><\/div>\n<div class=\"Texto\">Se\u00f1ale si la empresa con el programa de maquila, bajo la modalidad de albergue, con la que ha\u00a0operado, cuenta con el Registro en el Esquema de Certificaci\u00f3n de Empresas, modalidad IVA e IEPS,\u00a0rubro AAA y no se encuentre suspendida o sujeta al inicio de un procedimiento de cancelaci\u00f3n.<\/div>\n<table>\n<tbody>\n<tr>\n<td>\n<div class=\"Texto\"><\/div>\n<\/td>\n<td>\n<div class=\"Texto\">SI<\/div>\n<\/td>\n<td>\n<div class=\"Texto\"><\/div>\n<\/td>\n<td>\n<div class=\"Texto\">NO<\/div>\n<\/td>\n<\/tr>\n<\/tbody>\n<\/table>\n<div class=\"Texto\"><\/div>\n<table>\n<tbody>\n<tr>\n<td colspan=\"3\">\n<div class=\"Texto\">1. Nombre, Denominaci\u00f3n y\/o Raz\u00f3n social.<\/div>\n<\/td>\n<\/tr>\n<\/tbody>\n<\/table>\n<table>\n<tbody>\n<tr>\n<td>\n<div class=\"Texto\">Nombre, Denominaci\u00f3n y\/oRaz\u00f3n social:<\/div>\n<\/td>\n<td colspan=\"2\">\n<div class=\"Texto\"><\/div>\n<\/td>\n<\/tr>\n<tr>\n<td colspan=\"2\">\n<div class=\"Texto\"><\/div>\n<\/td>\n<td>\n<div class=\"Texto\"><\/div>\n<\/td>\n<\/tr>\n<tr>\n<td colspan=\"2\">\n<div class=\"Texto\">RFC incluyendo la homoclave:<\/div>\n<\/td>\n<td>\n<table>\n<tbody>\n<tr>\n<td>\n<div class=\"Texto\"><\/div>\n<\/td>\n<td>\n<div class=\"Texto\"><\/div>\n<\/td>\n<td>\n<div class=\"Texto\"><\/div>\n<\/td>\n<td>\n<div class=\"Texto\"><\/div>\n<\/td>\n<td>\n<div class=\"Texto\"><\/div>\n<\/td>\n<td>\n<div class=\"Texto\"><\/div>\n<\/td>\n<td>\n<div class=\"Texto\"><\/div>\n<\/td>\n<td>\n<div class=\"Texto\"><\/div>\n<\/td>\n<td>\n<div class=\"Texto\"><\/div>\n<\/td>\n<td>\n<div class=\"Texto\"><\/div>\n<\/td>\n<td>\n<div class=\"Texto\"><\/div>\n<\/td>\n<td>\n<div class=\"Texto\"><\/div>\n<\/td>\n<td>\n<div class=\"Texto\"><\/div>\n<\/td>\n<\/tr>\n<tr>\n<td>\n<div class=\"Texto\"><\/div>\n<\/td>\n<td>\n<div class=\"Texto\"><\/div>\n<\/td>\n<td>\n<div class=\"Texto\"><\/div>\n<\/td>\n<td>\n<div class=\"Texto\"><\/div>\n<\/td>\n<td>\n<div class=\"Texto\"><\/div>\n<\/td>\n<td>\n<div class=\"Texto\"><\/div>\n<\/td>\n<td>\n<div class=\"Texto\"><\/div>\n<\/td>\n<td>\n<div class=\"Texto\"><\/div>\n<\/td>\n<td>\n<div class=\"Texto\"><\/div>\n<\/td>\n<td>\n<div class=\"Texto\"><\/div>\n<\/td>\n<td>\n<div class=\"Texto\"><\/div>\n<\/td>\n<td>\n<div class=\"Texto\"><\/div>\n<\/td>\n<td>\n<div class=\"Texto\"><\/div>\n<\/td>\n<\/tr>\n<\/tbody>\n<\/table>\n<div class=\"Texto\"><\/div>\n<\/td>\n<\/tr>\n<\/tbody>\n<\/table>\n<div class=\"Texto\"><\/div>\n<table>\n<tbody>\n<tr>\n<td>\n<div class=\"Texto\">1.1 Actividad econ\u00f3mica preponderante.<\/div>\n<\/td>\n<td>\n<div class=\"Texto\"><\/div>\n<\/td>\n<td>\n<div class=\"Texto\">1.2. Sector productivo.<\/div>\n<\/td>\n<\/tr>\n<tr>\n<td>\n<div class=\"Texto\"><\/div>\n<\/td>\n<td>\n<div class=\"Texto\"><\/div>\n<\/td>\n<td>\n<div class=\"Texto\"><\/div>\n<\/td>\n<\/tr>\n<tr>\n<td>\n<div class=\"Texto\"><\/div>\n<\/td>\n<td>\n<div class=\"Texto\"><\/div>\n<\/td>\n<td>\n<div class=\"Texto\"><\/div>\n<\/td>\n<\/tr>\n<\/tbody>\n<\/table>\n<div class=\"Texto\"><\/div>\n<table>\n<tbody>\n<tr>\n<td colspan=\"17\">\n<div class=\"Texto\">1.3. Domicilio para o\u00edr y recibir notificaciones.<\/div>\n<\/td>\n<\/tr>\n<tr>\n<td colspan=\"17\">\n<div class=\"Texto\"><\/div>\n<\/td>\n<\/tr>\n<tr>\n<td colspan=\"17\">\n<div class=\"Texto\">Calle\u00a0\u00a0\u00a0\u00a0\u00a0\u00a0\u00a0\u00a0\u00a0\u00a0\u00a0\u00a0\u00a0\u00a0\u00a0\u00a0\u00a0\u00a0\u00a0\u00a0\u00a0\u00a0\u00a0\u00a0\u00a0\u00a0\u00a0\u00a0N\u00famero y\/o letra exterior\u00a0\u00a0\u00a0\u00a0\u00a0\u00a0\u00a0\u00a0\u00a0\u00a0\u00a0\u00a0\u00a0\u00a0\u00a0\u00a0\u00a0\u00a0\u00a0\u00a0\u00a0N\u00famero y\/o letra interior<\/div>\n<\/td>\n<\/tr>\n<tr>\n<td colspan=\"17\">\n<div class=\"Texto\"><\/div>\n<\/td>\n<\/tr>\n<tr>\n<td colspan=\"17\">\n<div class=\"Texto\">Colonia\u00a0\u00a0\u00a0\u00a0\u00a0\u00a0\u00a0\u00a0\u00a0\u00a0\u00a0\u00a0\u00a0C.P.\u00a0\u00a0\u00a0\u00a0\u00a0\u00a0\u00a0\u00a0\u00a0\u00a0\u00a0\u00a0\u00a0\u00a0\u00a0\u00a0\u00a0\u00a0\u00a0\u00a0\u00a0\u00a0\u00a0\u00a0\u00a0\u00a0\u00a0\u00a0Municipio\/Delegaci\u00f3n\u00a0\u00a0\u00a0\u00a0\u00a0\u00a0\u00a0\u00a0\u00a0\u00a0\u00a0\u00a0Entidad Federativa<\/div>\n<\/td>\n<\/tr>\n<tr>\n<td colspan=\"2\">\n<div class=\"Texto\"><\/div>\n<\/td>\n<td colspan=\"8\">\n<div class=\"Texto\"><\/div>\n<\/td>\n<td colspan=\"7\">\n<div class=\"Texto\"><\/div>\n<\/td>\n<\/tr>\n<tr>\n<td colspan=\"2\">\n<div class=\"Texto\">Tel\u00e9fono (con clave lada)<\/div>\n<\/td>\n<td colspan=\"8\">\n<div class=\"Texto\">Correo electr\u00f3nico<\/div>\n<\/td>\n<td colspan=\"7\">\n<div class=\"Texto\"><\/div>\n<\/td>\n<\/tr>\n<tr>\n<td colspan=\"17\">\n<div class=\"Texto\"><\/div>\n<\/td>\n<\/tr>\n<tr>\n<td colspan=\"17\">\n<div class=\"Texto\">2.\u00a0Persona autorizada para o\u00edr y recibir notificaciones.<\/div>\n<\/td>\n<\/tr>\n<tr>\n<td colspan=\"17\">\n<div class=\"Texto\"><\/div>\n<\/td>\n<\/tr>\n<tr>\n<td colspan=\"17\">\n<div class=\"Texto\">Apellido paterno\u00a0\u00a0\u00a0\u00a0\u00a0\u00a0\u00a0\u00a0\u00a0\u00a0\u00a0\u00a0\u00a0\u00a0\u00a0\u00a0\u00a0\u00a0\u00a0\u00a0\u00a0\u00a0\u00a0\u00a0\u00a0\u00a0Apellido materno\u00a0\u00a0\u00a0\u00a0\u00a0\u00a0\u00a0\u00a0\u00a0\u00a0\u00a0\u00a0\u00a0\u00a0\u00a0\u00a0\u00a0\u00a0\u00a0\u00a0\u00a0\u00a0\u00a0\u00a0\u00a0\u00a0\u00a0\u00a0\u00a0\u00a0\u00a0Nombre(s)<\/div>\n<\/td>\n<\/tr>\n<tr>\n<td colspan=\"3\">\n<div class=\"Texto\">RFC incluyendo la homoclave<\/div>\n<\/td>\n<td>\n<div class=\"Texto\"><\/div>\n<\/td>\n<td>\n<div class=\"Texto\"><\/div>\n<\/td>\n<td>\n<div class=\"Texto\"><\/div>\n<\/td>\n<td>\n<div class=\"Texto\"><\/div>\n<\/td>\n<td>\n<div class=\"Texto\"><\/div>\n<\/td>\n<td>\n<div class=\"Texto\"><\/div>\n<\/td>\n<td colspan=\"2\">\n<div class=\"Texto\"><\/div>\n<\/td>\n<td>\n<div class=\"Texto\"><\/div>\n<\/td>\n<td>\n<div class=\"Texto\"><\/div>\n<\/td>\n<td>\n<div class=\"Texto\"><\/div>\n<\/td>\n<td>\n<div class=\"Texto\"><\/div>\n<\/td>\n<td>\n<div class=\"Texto\"><\/div>\n<\/td>\n<td>\n<div class=\"Texto\"><\/div>\n<\/td>\n<\/tr>\n<tr>\n<td>\n<div class=\"Texto\"><\/div>\n<\/td>\n<td colspan=\"16\">\n<div class=\"Texto\"><\/div>\n<\/td>\n<\/tr>\n<tr>\n<td>\n<div class=\"Texto\">Tel\u00e9fono (con clave lada)<\/div>\n<\/td>\n<td colspan=\"16\">\n<div class=\"Texto\">Correo electr\u00f3nico<\/div>\n<\/td>\n<\/tr>\n<\/tbody>\n<\/table>\n<div class=\"Texto\"><\/div>\n<div class=\"Texto\">3. Personas autorizadas como enlace operativo con la AGACE.<\/div>\n<div class=\"Texto\">Se requiere que la solicitante designe un contacto que ser\u00e1 el enlace con la autoridad, as\u00ed como la\u00a0designaci\u00f3n de un suplente.<\/div>\n<div class=\"Texto\"><\/div>\n<table>\n<tbody>\n<tr>\n<td colspan=\"14\">\n<div class=\"Texto\">3.1. Persona autorizada como enlace operativo.<\/div>\n<\/td>\n<\/tr>\n<tr>\n<td colspan=\"14\">\n<div class=\"Texto\"><\/div>\n<\/td>\n<\/tr>\n<tr>\n<td colspan=\"14\">\n<div class=\"Texto\">Apellido paterno\u00a0\u00a0\u00a0\u00a0\u00a0\u00a0\u00a0\u00a0\u00a0\u00a0\u00a0\u00a0\u00a0\u00a0\u00a0\u00a0\u00a0\u00a0\u00a0\u00a0\u00a0\u00a0\u00a0\u00a0\u00a0Apellido materno\u00a0\u00a0\u00a0\u00a0\u00a0\u00a0\u00a0\u00a0\u00a0\u00a0\u00a0\u00a0\u00a0\u00a0\u00a0\u00a0\u00a0\u00a0\u00a0\u00a0\u00a0\u00a0\u00a0\u00a0\u00a0\u00a0\u00a0\u00a0\u00a0\u00a0\u00a0\u00a0\u00a0\u00a0\u00a0\u00a0\u00a0Nombre(s)<\/div>\n<div class=\"Texto\"><\/div>\n<\/td>\n<\/tr>\n<tr>\n<td>\n<div class=\"Texto\">RFC incluyendo la homoclave<\/div>\n<\/td>\n<td>\n<div class=\"Texto\"><\/div>\n<\/td>\n<td>\n<div class=\"Texto\"><\/div>\n<\/td>\n<td>\n<div class=\"Texto\"><\/div>\n<\/td>\n<td>\n<div class=\"Texto\"><\/div>\n<\/td>\n<td>\n<div class=\"Texto\"><\/div>\n<\/td>\n<td>\n<div class=\"Texto\"><\/div>\n<\/td>\n<td>\n<div class=\"Texto\"><\/div>\n<\/td>\n<td>\n<div class=\"Texto\"><\/div>\n<\/td>\n<td>\n<div class=\"Texto\"><\/div>\n<\/td>\n<td>\n<div class=\"Texto\"><\/div>\n<\/td>\n<td>\n<div class=\"Texto\"><\/div>\n<\/td>\n<td>\n<div class=\"Texto\"><\/div>\n<\/td>\n<td>\n<div class=\"Texto\"><\/div>\n<\/td>\n<\/tr>\n<tr>\n<td>\n<div class=\"Texto\"><\/div>\n<\/td>\n<td colspan=\"13\">\n<div class=\"Texto\"><\/div>\n<\/td>\n<\/tr>\n<tr>\n<td>\n<div class=\"Texto\">Ciudad y Estado de residencia<\/div>\n<\/td>\n<td colspan=\"13\">\n<div class=\"Texto\">Cargo o Puesto<\/div>\n<\/td>\n<\/tr>\n<tr>\n<td>\n<div class=\"Texto\"><\/div>\n<\/td>\n<td colspan=\"13\">\n<div class=\"Texto\"><\/div>\n<\/td>\n<\/tr>\n<tr>\n<td>\n<div class=\"Texto\">Tel\u00e9fono (con clave lada)<\/div>\n<\/td>\n<td colspan=\"13\">\n<div class=\"Texto\">Correo electr\u00f3nico<\/div>\n<div class=\"Texto\"><\/div>\n<\/td>\n<\/tr>\n<\/tbody>\n<\/table>\n<div class=\"Texto\"><\/div>\n<div class=\"Texto\"><\/div>\n<table>\n<tbody>\n<tr>\n<td colspan=\"14\">\n<div class=\"Texto\">3.2.\u00a0Persona autorizada como enlace operativo (Suplente).<\/div>\n<\/td>\n<\/tr>\n<tr>\n<td colspan=\"14\">\n<div class=\"Texto\"><\/div>\n<\/td>\n<\/tr>\n<tr>\n<td colspan=\"14\">\n<div class=\"Texto\">Apellido paterno\u00a0\u00a0\u00a0\u00a0\u00a0\u00a0\u00a0\u00a0\u00a0\u00a0\u00a0\u00a0\u00a0\u00a0\u00a0\u00a0\u00a0\u00a0\u00a0\u00a0\u00a0\u00a0\u00a0\u00a0\u00a0\u00a0\u00a0Apellido materno\u00a0\u00a0\u00a0\u00a0\u00a0\u00a0\u00a0\u00a0\u00a0\u00a0\u00a0\u00a0\u00a0\u00a0\u00a0\u00a0\u00a0\u00a0\u00a0\u00a0\u00a0\u00a0\u00a0\u00a0\u00a0\u00a0\u00a0\u00a0\u00a0\u00a0\u00a0\u00a0\u00a0\u00a0\u00a0\u00a0\u00a0\u00a0\u00a0Nombre(s)<\/div>\n<div class=\"Texto\"><\/div>\n<\/td>\n<\/tr>\n<tr>\n<td>\n<div class=\"Texto\">RFC incluyendo la homoclave<\/div>\n<\/td>\n<td>\n<div class=\"Texto\"><\/div>\n<\/td>\n<td>\n<div class=\"Texto\"><\/div>\n<\/td>\n<td>\n<div class=\"Texto\"><\/div>\n<\/td>\n<td>\n<div class=\"Texto\"><\/div>\n<\/td>\n<td>\n<div class=\"Texto\"><\/div>\n<\/td>\n<td>\n<div class=\"Texto\"><\/div>\n<\/td>\n<td>\n<div class=\"Texto\"><\/div>\n<\/td>\n<td>\n<div class=\"Texto\"><\/div>\n<\/td>\n<td>\n<div class=\"Texto\"><\/div>\n<\/td>\n<td>\n<div class=\"Texto\"><\/div>\n<\/td>\n<td>\n<div class=\"Texto\"><\/div>\n<\/td>\n<td>\n<div class=\"Texto\"><\/div>\n<\/td>\n<td>\n<div class=\"Texto\"><\/div>\n<\/td>\n<\/tr>\n<tr>\n<td>\n<div class=\"Texto\"><\/div>\n<\/td>\n<td colspan=\"13\">\n<div class=\"Texto\"><\/div>\n<\/td>\n<\/tr>\n<\/tbody>\n<\/table>\n<div class=\"texto\"><\/div>\n<table>\n<tbody>\n<tr>\n<td colspan=\"2\">\n<div class=\"Texto\">Ciudad y Estado de residencia<\/div>\n<\/td>\n<td>\n<div class=\"Texto\">Cargo o Puesto<\/div>\n<\/td>\n<\/tr>\n<tr>\n<td colspan=\"2\">\n<div class=\"Texto\"><\/div>\n<\/td>\n<td>\n<div class=\"Texto\"><\/div>\n<\/td>\n<\/tr>\n<tr>\n<td colspan=\"2\">\n<div class=\"Texto\">Tel\u00e9fono<\/div>\n<\/td>\n<td>\n<div class=\"Texto\">Correo electr\u00f3nico<\/div>\n<\/td>\n<\/tr>\n<tr>\n<td>\n<div class=\"Texto\"><\/div>\n<\/td>\n<td colspan=\"2\">\n<div class=\"Texto\">Anexe copia simple de la documentaci\u00f3n que acredite la relaci\u00f3n laboral de las personas se\u00f1aladas\u00a0como enlaces operativos con la empresa solicitante.<\/div>\n<\/td>\n<\/tr>\n<\/tbody>\n<\/table>\n<div class=\"Texto\"><\/div>\n<table>\n<tbody>\n<tr>\n<td>\n<div class=\"Texto\">4. REQUISITOS GENERALES QUE SE DEBER\u00c1N CUMPLIR EN CUALQUIER R\u00c9GIMEN ADUANERO\u00a0Y MODALIDAD EN QUE SOLICITE SU CERTIFICACI\u00d3N.<\/div>\n<\/td>\n<\/tr>\n<\/tbody>\n<\/table>\n<div class=\"Texto\">4.1. Se\u00f1ale si se encuentra al corriente en el cumplimiento de sus obligaciones fiscales y\u00a0aduaneras.<\/div>\n<table>\n<tbody>\n<tr>\n<td>\n<div class=\"Texto\"><\/div>\n<\/td>\n<td>\n<div class=\"Texto\">SI<\/div>\n<\/td>\n<td>\n<div class=\"Texto\"><\/div>\n<\/td>\n<td>\n<div class=\"Texto\">NO<\/div>\n<\/td>\n<\/tr>\n<\/tbody>\n<\/table>\n<div class=\"Texto\"><\/div>\n<div class=\"Texto\">4.2. Indique si autoriz\u00f3 al SAT hacer p\u00fablica su opini\u00f3n positiva sobre el cumplimiento de\u00a0obligaciones fiscales.<\/div>\n<table>\n<tbody>\n<tr>\n<td>\n<div class=\"Texto\"><\/div>\n<\/td>\n<td>\n<div class=\"Texto\">SI<\/div>\n<\/td>\n<td>\n<div class=\"Texto\"><\/div>\n<\/td>\n<td>\n<div class=\"Texto\">NO<\/div>\n<\/td>\n<\/tr>\n<\/tbody>\n<\/table>\n<div class=\"Texto\"><\/div>\n<div class=\"Texto\">4.3. Presentar constancias de la totalidad de personal registrado ante el IMSS, del SUA, y el soporte\u00a0documental del pago de las cuotas obrero patronales, del \u00faltimo bimestre anterior a la fecha de\u00a0presentaci\u00f3n de la solicitud, as\u00ed como cumplir con la obligaci\u00f3n de retener y enterar el ISR de los\u00a0trabajadores.<\/div>\n<div class=\"Texto\"><\/div>\n<table>\n<tbody>\n<tr>\n<td>\n<div class=\"Texto\"><\/div>\n<\/td>\n<td>\n<div class=\"Texto\">Anexe de todos los registros patronales, las constancias de la totalidad de personal registrado ante elIMSS del \u00faltimo bimestre anterior a la fecha de presentaci\u00f3n de la solicitud, as\u00ed como estar al corriente\u00a0en el cumplimiento de sus obligaciones de retener y enterar el ISR de los trabajadores.<\/div>\n<\/td>\n<\/tr>\n<\/tbody>\n<\/table>\n<div class=\"Texto\"><\/div>\n<table>\n<tbody>\n<tr>\n<td>\n<div class=\"Texto\"><\/div>\n<\/td>\n<td>\n<div class=\"Texto\">Anexe el soporte documental del pago de cuotas obrero patronales del \u00faltimo bimestre anterior a lasolicitud, el cual deber\u00e1 ser acorde al SUA presentado.<\/div>\n<\/td>\n<\/tr>\n<\/tbody>\n<\/table>\n<div class=\"Texto\"><\/div>\n<table>\n<tbody>\n<tr>\n<td>\n<div class=\"Texto\"><\/div>\n<\/td>\n<td>\n<div class=\"Texto\">Acredite que cumple con la obligaci\u00f3n de emitir CFDI\u00b4s de n\u00f3mina, de conformidad con los art\u00edculos 29\u00a0y 29-A del CFF, art\u00edculo 99 de la Ley del ISR las reglas 2.7.1.8. y 2.7.5.1. de la RMF a sus\u00a0trabajadores.<\/div>\n<\/td>\n<\/tr>\n<\/tbody>\n<\/table>\n<div class=\"Texto\"><\/div>\n<table>\n<tbody>\n<tr>\n<td>\n<div class=\"Texto\"><\/div>\n<\/td>\n<td>\n<div class=\"Texto\">En el caso de personal subcontratado anexe constancias de la totalidad de personal registrado ante elIMSS y el soporte documental del pago de cuotas obrero patronales, del \u00faltimo bimestre anterior a lasolicitud, de las empresas proveedoras de personal subcontratado y acreditar la emisi\u00f3n de los CFDI\u00b4sexpedidos por las proveedoras de personal subcontratado a la empresa solicitante por el servicio depersonal subcontratado. Asimismo, estar al corriente en el cumplimiento de sus obligaciones de retener\u00a0y enterar el ISR de los trabajadores y con la obligaci\u00f3n de emitir CFDI\u00b4s de n\u00f3mina, de conformidad\u00a0con los art\u00edculos 29 y 29-A del CFF, 99 de la Ley del ISR y las reglas 2.7.1.8. y 2.7.5.1. de la RMF a\u00a0sus trabajadores.<\/div>\n<\/td>\n<\/tr>\n<\/tbody>\n<\/table>\n<div class=\"Texto\"><\/div>\n<div class=\"Texto\">Se\u00f1ale si al momento de ingresar su solicitud\u00a0la empresa solicitante cuenta con trabajadores\u00a0subcontratados en los t\u00e9rminos y condiciones que establecen los art\u00edculos 15-A al 15-D de la LFT:<\/div>\n<table>\n<tbody>\n<tr>\n<td>\n<div class=\"Texto\"><\/div>\n<\/td>\n<td>\n<div class=\"Texto\">SI<\/div>\n<\/td>\n<td>\n<div class=\"Texto\"><\/div>\n<\/td>\n<td>\n<div class=\"Texto\">NO<\/div>\n<\/td>\n<\/tr>\n<\/tbody>\n<\/table>\n<div class=\"Texto\"><\/div>\n<table>\n<tbody>\n<tr>\n<td>\n<div class=\"Texto\"><\/div>\n<\/td>\n<td>\n<div class=\"Texto\">En caso afirmativo deber\u00e1 anexar un archivo que contenga un listado con la raz\u00f3n social de la totalidadde sus proveedores del servicio, su RFC y la cantidad de empleados que le provee, que cumplen con laobligaci\u00f3n de retener y enterar el ISR de los trabajadores y acreditar la relaci\u00f3n comercial mediante\u00a0copia simple del contrato que acredite la relaci\u00f3n comercial entre la solicitante y todas las empresasproveedoras de personal subcontratado, asimismo acreditar la emisi\u00f3n de los CFDI\u00b4s expedidos por\u00a0la(s) proveedor(as) del servicio de subcontrataci\u00f3n a la solicitante en el cual se observe el pago\u00a0realizado por la solicitante por concepto de la prestaci\u00f3n del servicio.<\/div>\n<\/td>\n<\/tr>\n<\/tbody>\n<\/table>\n<div class=\"Texto\"><\/div>\n<div class=\"Texto\">Se\u00f1ale si las empresas proveedoras de personal subcontratado en los t\u00e9rminos y condiciones que\u00a0establecen los art\u00edculos 15-A al 15-D de la LFT, se encuentran al corriente en el cumplimiento de sus\u00a0obligaciones fiscales.<\/div>\n<table>\n<tbody>\n<tr>\n<td>\n<div class=\"Texto\"><\/div>\n<\/td>\n<td>\n<div class=\"Texto\">SI<\/div>\n<\/td>\n<td>\n<div class=\"Texto\"><\/div>\n<\/td>\n<td>\n<div class=\"Texto\">NO<\/div>\n<\/td>\n<\/tr>\n<\/tbody>\n<\/table>\n<div class=\"Texto\"><\/div>\n<div class=\"Texto\">4.4. Se\u00f1al\u00e9 si se encuentra en el listado de empresas publicadas por el SAT en t\u00e9rminos del art\u00edculo\u00a069 del CFF, con excepci\u00f3n de lo dispuesto en la fracci\u00f3n VI del referido art\u00edculo.<\/div>\n<table>\n<tbody>\n<tr>\n<td>\n<div class=\"Texto\"><\/div>\n<\/td>\n<td>\n<div class=\"Texto\">SI<\/div>\n<\/td>\n<td>\n<div class=\"Texto\"><\/div>\n<\/td>\n<td>\n<div class=\"Texto\">NO<\/div>\n<\/td>\n<\/tr>\n<\/tbody>\n<\/table>\n<div class=\"Texto\"><\/div>\n<div class=\"Texto\">Del mismo modo indique si se encuentra en el listado de empresas publicadas por el SAT en t\u00e9rminos del\u00a0art\u00edculo 69-B, tcuarto p\u00e1rrafo del CFF.<\/div>\n<table>\n<tbody>\n<tr>\n<td>\n<div class=\"Texto\"><\/div>\n<\/td>\n<td>\n<div class=\"Texto\">SI<\/div>\n<\/td>\n<td>\n<div class=\"Texto\"><\/div>\n<\/td>\n<td>\n<div class=\"Texto\">NO<\/div>\n<\/td>\n<\/tr>\n<\/tbody>\n<\/table>\n<div class=\"Texto\"><\/div>\n<div class=\"Texto\">4.5. Se\u00f1ale si sus certificados de sellos digitales est\u00e1n vigentes.<\/div>\n<table>\n<tbody>\n<tr>\n<td>\n<div class=\"Texto\"><\/div>\n<\/td>\n<td>\n<div class=\"Texto\">SI<\/div>\n<\/td>\n<td>\n<div class=\"Texto\"><\/div>\n<\/td>\n<td>\n<div class=\"Texto\">NO<\/div>\n<\/td>\n<\/tr>\n<\/tbody>\n<\/table>\n<div class=\"Texto\"><\/div>\n<div class=\"Texto\">En caso afirmativo se\u00f1ale si se infringi\u00f3 alguno de los supuestos previstos en el art\u00edculo 17-H, fracci\u00f3n X\u00a0del CFF, durante los \u00faltimos 12 meses.<\/div>\n<table>\n<tbody>\n<tr>\n<td>\n<div class=\"Texto\"><\/div>\n<\/td>\n<td>\n<div class=\"Texto\">SI<\/div>\n<\/td>\n<td>\n<div class=\"Texto\"><\/div>\n<\/td>\n<td>\n<div class=\"Texto\">NO<\/div>\n<\/td>\n<\/tr>\n<\/tbody>\n<\/table>\n<div class=\"Texto\"><\/div>\n<div class=\"Texto\">4.6. Indique todos los domicilios registrados ante el RFC de la persona moral solicitante e indique\u00a0aquellos en que se desarrollen actividades relacionadas con su proceso productivo y\/o la prestaci\u00f3n\u00a0de servicios\u00a0(Agregar las filas necesarias de acuerdo al n\u00famero de instalaciones).<\/div>\n<table>\n<tbody>\n<tr>\n<td>\n<div class=\"Texto\">Tipo de<br \/>\ninstalaci\u00f3n<\/div>\n<\/td>\n<td>\n<div class=\"Texto\">Entidad<br \/>\nFederativa<\/div>\n<\/td>\n<td>\n<div class=\"Texto\">Municipio o<br \/>\nDelegaci\u00f3n<\/div>\n<\/td>\n<td>\n<div class=\"Texto\">Colonia, calle<br \/>\ny n\u00famero<\/div>\n<\/td>\n<td>\n<div class=\"Texto\">C\u00f3digo<br \/>\npostal<\/div>\n<\/td>\n<td>\n<div class=\"Texto\">Registro<br \/>\nante SE\/<br \/>\nSAT<\/div>\n<\/td>\n<td>\n<div class=\"Texto\">Realiza<br \/>\nOperaciones<br \/>\nde CE<\/div>\n<\/td>\n<\/tr>\n<tr>\n<td>\n<div class=\"Texto\"><\/div>\n<\/td>\n<td>\n<div class=\"Texto\"><\/div>\n<\/td>\n<td>\n<div class=\"Texto\"><\/div>\n<\/td>\n<td>\n<div class=\"Texto\"><\/div>\n<\/td>\n<td>\n<div class=\"Texto\"><\/div>\n<\/td>\n<td>\n<div class=\"Texto\"><\/div>\n<\/td>\n<td>\n<div class=\"Texto\"><\/div>\n<\/td>\n<\/tr>\n<tr>\n<td>\n<div class=\"Texto\"><\/div>\n<\/td>\n<td>\n<div class=\"Texto\"><\/div>\n<\/td>\n<td>\n<div class=\"Texto\"><\/div>\n<\/td>\n<td>\n<div class=\"Texto\"><\/div>\n<\/td>\n<td>\n<div class=\"Texto\"><\/div>\n<\/td>\n<td>\n<div class=\"Texto\"><\/div>\n<\/td>\n<td>\n<div class=\"Texto\"><\/div>\n<\/td>\n<\/tr>\n<\/tbody>\n<\/table>\n<div class=\"Texto\"><\/div>\n<div class=\"Texto\">De los domicilios declarados en el cuadro que antecede, indique en cu\u00e1l (es) se lleva a cabo la producci\u00f3n\u00a0de su principal producto o servicio relacionado con el r\u00e9gimen aduanero en el cual solicita su certificaci\u00f3n, en\u00a0t\u00e9rminos de valor o de volumen de su producci\u00f3n.<\/div>\n<table>\n<tbody>\n<tr>\n<td>\n<div class=\"Texto\"><\/div>\n<\/td>\n<td>\n<div class=\"Texto\">Anexe documentaci\u00f3n de acuerdo a la legislaci\u00f3n aplicable que ampare la propiedad, uso o gocetemporal del inmueble o inmuebles en donde se llevan a cabo los procesos productivos o la prestaci\u00f3n\u00a0de servicios seg\u00fan se trate, en el que se establezca un plazo forzoso de al menos un a\u00f1o de vigencia,\u00a0y que le reste una vigencia de por lo menos ocho meses a partir de la fecha de presentaci\u00f3n de la\u00a0solicitud.<\/div>\n<\/td>\n<\/tr>\n<\/tbody>\n<\/table>\n<div class=\"Texto\"><\/div>\n<div class=\"Texto\">4.7. Se\u00f1ale si tiene actualizado su correo electr\u00f3nico para efectos del buz\u00f3n tributario en t\u00e9rminos\u00a0del \u00faltimo p\u00e1rrafo del art\u00edculo 17-K del CFF.<\/div>\n<table>\n<tbody>\n<tr>\n<td>\n<div class=\"Texto\"><\/div>\n<\/td>\n<td>\n<div class=\"Texto\">SI<\/div>\n<\/td>\n<td>\n<div class=\"Texto\"><\/div>\n<\/td>\n<td>\n<div class=\"Texto\">NO<\/div>\n<\/td>\n<\/tr>\n<\/tbody>\n<\/table>\n<div class=\"Texto\"><\/div>\n<div class=\"Texto\">4.8. Se\u00f1ale si se encuentra suspendida en el Padr\u00f3n de Importadores o en el Padr\u00f3n de\u00a0Importadores de Sectores Espec\u00edficos o Padr\u00f3n de Exportadores Sectorial.<\/div>\n<table>\n<tbody>\n<tr>\n<td>\n<div class=\"Texto\"><\/div>\n<\/td>\n<td>\n<div class=\"Texto\">SI<\/div>\n<\/td>\n<td>\n<div class=\"Texto\"><\/div>\n<\/td>\n<td>\n<div class=\"Texto\">NO<\/div>\n<\/td>\n<\/tr>\n<\/tbody>\n<\/table>\n<div class=\"Texto\"><\/div>\n<div class=\"Texto\">4.9. Reportar el nombre y direcci\u00f3n de los clientes y proveedores en el extranjero.<\/div>\n<table>\n<tbody>\n<tr>\n<td>\n<div class=\"Texto\"><\/div>\n<\/td>\n<td>\n<div class=\"Texto\">Anexe un archivo que contenga el nombre y direcci\u00f3n de sus clientes y proveedores en el extranjerodirecta o indirectamente vinculados con el r\u00e9gimen aduanero con el que se solicita el registro, con los\u00a0que realiz\u00f3 operaciones de comercio exterior durante los \u00faltimos 6 meses.<\/div>\n<\/td>\n<\/tr>\n<\/tbody>\n<\/table>\n<div class=\"Texto\"><\/div>\n<div class=\"Texto\">4.10. Reportar el nombre y RFC de sus proveedores de insumos adquiridos en territorio nacional,\u00a0vinculados al proceso bajo el r\u00e9gimen que solicita el registro, de los \u00faltimos 6 meses.<\/div>\n<table>\n<tbody>\n<tr>\n<td>\n<div class=\"Texto\"><\/div>\n<\/td>\n<td>\n<div class=\"Texto\">Anexe un archivo que contenga el nombre y RFC de sus proveedores de insumos adquiridos en\u00a0territorio nacional, vinculados al proceso bajo el r\u00e9gimen que solicita, de los \u00faltimos 6 meses.<\/div>\n<\/td>\n<\/tr>\n<\/tbody>\n<\/table>\n<div class=\"Texto\"><\/div>\n<div class=\"Texto\">4.11. Contar con el legal uso o goce del inmueble o inmuebles donde se llevan a cabo los procesos\u00a0productivos o la prestaci\u00f3n del servicio del que se trate. Indique el domicilio del inmueble del que\u00a0pretende acreditar la propiedad, uso o goce temporal.<\/div>\n<table>\n<tbody>\n<tr>\n<td colspan=\"2\">\n<div class=\"Texto\"><\/div>\n<\/td>\n<\/tr>\n<tr>\n<td>\n<div class=\"Texto\"><\/div>\n<\/td>\n<td>\n<div class=\"Texto\"><\/div>\n<\/td>\n<\/tr>\n<tr>\n<td>\n<div class=\"Texto\"><\/div>\n<\/td>\n<td>\n<div class=\"Texto\">Anexe documentaci\u00f3n de acuerdo a la legislaci\u00f3n aplicable que ampare la propiedad, legal uso o gocedel inmueble o inmuebles en donde se llevan a cabo los procesos productivos o la prestaci\u00f3n de\u00a0servicios seg\u00fan se trate, en el que se establezca un plazo forzoso de al menos un a\u00f1o de vigencia, y\u00a0que le reste una vigencia de por lo menos ocho meses a partir de la fecha de presentaci\u00f3n de la\u00a0solicitud.<\/div>\n<\/td>\n<\/tr>\n<\/tbody>\n<\/table>\n<div class=\"Texto\"><\/div>\n<div class=\"Texto\">4.12. Se\u00f1ale si el SAT ha interpuesto querella o denuncia penal en contra de los socios,\u00a0accionistas, seg\u00fan corresponda, representante legal con facultad para actos de dominio, e integrantes\u00a0de la administraci\u00f3n de la empresa solicitante o declaratoria de perjuicio, seg\u00fan corresponda, durante\u00a0los \u00faltimos 3 a\u00f1os anteriores a la presentaci\u00f3n de la solicitud.<\/div>\n<table>\n<tbody>\n<tr>\n<td>\n<div class=\"Texto\"><\/div>\n<\/td>\n<td>\n<div class=\"Texto\">SI<\/div>\n<\/td>\n<td>\n<div class=\"Texto\"><\/div>\n<\/td>\n<td>\n<div class=\"Texto\">NO<\/div>\n<\/td>\n<\/tr>\n<\/tbody>\n<\/table>\n<div class=\"Texto\"><\/div>\n<div class=\"Texto\">4.13. Indique si cuenta con un sistema de control de inventarios, para el registro de sus\u00a0operaciones de comercio exterior de conformidad con el art\u00edculo 59, fracci\u00f3n I de la Ley.<\/div>\n<table>\n<tbody>\n<tr>\n<td>\n<div class=\"Texto\"><\/div>\n<\/td>\n<td>\n<div class=\"Texto\">SI<\/div>\n<\/td>\n<td>\n<div class=\"Texto\"><\/div>\n<\/td>\n<td>\n<div class=\"Texto\">NO<\/div>\n<\/td>\n<\/tr>\n<\/tbody>\n<\/table>\n<div class=\"Texto\"><\/div>\n<div class=\"Texto\">Indique, si cuenta con un sistema de control de inventarios de conformidad con las disposiciones previstas\u00a0por el Anexo 24.<\/div>\n<table>\n<tbody>\n<tr>\n<td>\n<div class=\"Texto\"><\/div>\n<\/td>\n<td>\n<div class=\"Texto\">SI<\/div>\n<\/td>\n<td>\n<div class=\"Texto\"><\/div>\n<\/td>\n<td>\n<div class=\"Texto\">NO<\/div>\n<\/td>\n<\/tr>\n<\/tbody>\n<\/table>\n<div class=\"Texto\"><\/div>\n<table>\n<tbody>\n<tr>\n<td>\n<div class=\"Texto\"><\/div>\n<\/td>\n<td>\n<div class=\"Texto\">Deber\u00e1 anexar un archivo con el reporte de saldos de mercanc\u00eda de importaci\u00f3n temporal o demercanc\u00edas objeto de operaciones de comercio exterior, de un periodo de un mes, que se encuentredentro de los tres meses anteriores a la presentaci\u00f3n de la solicitud.<\/div>\n<\/td>\n<\/tr>\n<\/tbody>\n<\/table>\n<div class=\"Texto\"><\/div>\n<div class=\"Texto\">En cualquier caso, se\u00f1ale la siguiente informaci\u00f3n:<\/div>\n<table>\n<tbody>\n<tr>\n<td>\n<div class=\"Texto\">Nombre del sistema o datos para suidentificaci\u00f3n:<\/div>\n<\/td>\n<td>\n<div class=\"Texto\"><\/div>\n<\/td>\n<\/tr>\n<tr>\n<td>\n<div class=\"Texto\">Lugar de radicaci\u00f3n:<\/div>\n<\/td>\n<td>\n<div class=\"Texto\">(Domicilio (s) en M\u00e9xico con acceso a todas sus<br \/>\nfunciones del sistema)<\/div>\n<\/td>\n<\/tr>\n<\/tbody>\n<\/table>\n<div class=\"Texto\"><\/div>\n<div class=\"Texto\">4.14. Se\u00f1ale si lleva la contabilidad en medios electr\u00f3nicos de conformidad con el art\u00edculo 28,\u00a0fracci\u00f3n III, del CFF y la regla 2.8.1.6. de la RMF.<\/div>\n<table>\n<tbody>\n<tr>\n<td>\n<div class=\"Texto\"><\/div>\n<\/td>\n<td>\n<div class=\"Texto\">SI<\/div>\n<\/td>\n<td>\n<div class=\"Texto\"><\/div>\n<\/td>\n<td>\n<div class=\"Texto\">NO<\/div>\n<\/td>\n<\/tr>\n<\/tbody>\n<\/table>\n<div class=\"Texto\"><\/div>\n<div class=\"Texto\">4.15. Se\u00f1ale si ingresa mensualmente su informaci\u00f3n contable a trav\u00e9s del portal del SAT, de\u00a0conformidad con el art\u00edculo 28, fracci\u00f3n IV, del CFF y la regla 2.8.1.7. de la RMF.<\/div>\n<table>\n<tbody>\n<tr>\n<td>\n<div class=\"Texto\"><\/div>\n<\/td>\n<td>\n<div class=\"Texto\">SI<\/div>\n<\/td>\n<td>\n<div class=\"Texto\"><\/div>\n<\/td>\n<td>\n<div class=\"Texto\">NO<\/div>\n<\/td>\n<\/tr>\n<\/tbody>\n<\/table>\n<div class=\"Texto\"><\/div>\n<div class=\"Texto\">4.16. Se\u00f1ale si los socios, accionistas, seg\u00fan corresponda, representante legal con facultad para\u00a0actos de dominio e integrantes de la administraci\u00f3n de conformidad con la constituci\u00f3n de la empresa\u00a0solicitante, se encuentran al corriente en el cumplimiento de sus obligaciones fiscales.<\/div>\n<table>\n<tbody>\n<tr>\n<td>\n<div class=\"Texto\"><\/div>\n<\/td>\n<td>\n<div class=\"Texto\">SI<\/div>\n<\/td>\n<td>\n<div class=\"Texto\"><\/div>\n<\/td>\n<td>\n<div class=\"Texto\">NO<\/div>\n<\/td>\n<\/tr>\n<\/tbody>\n<\/table>\n<div class=\"Texto\"><\/div>\n<div class=\"Texto\">Enliste a los socios, accionistas, seg\u00fan corresponda, representante legal con facultad para actos de\u00a0dominio e integrantes de la administraci\u00f3n de conformidad con la constituci\u00f3n de la empresa solicitante, se\u00a0encuentren obligados o no a tributar en M\u00e9xico:<\/div>\n<table>\n<tbody>\n<tr>\n<td>\n<div class=\"Texto\">RFC<\/div>\n<\/td>\n<td>\n<div class=\"Texto\">Nombre completo<\/div>\n<\/td>\n<td>\n<div class=\"Texto\">En su car\u00e1cter<br \/>\nde<\/div>\n<\/td>\n<td>\n<div class=\"Texto\">Nacionalidad<\/div>\n<\/td>\n<td>\n<div class=\"Texto\">Obligado a Tributar en<br \/>\nM\u00e9xico<\/div>\n<div class=\"Texto\">(SI\/NO)<\/div>\n<\/td>\n<\/tr>\n<tr>\n<td>\n<div class=\"Texto\"><\/div>\n<\/td>\n<td>\n<div class=\"Texto\"><\/div>\n<\/td>\n<td>\n<div class=\"Texto\"><\/div>\n<\/td>\n<td>\n<div class=\"Texto\"><\/div>\n<\/td>\n<td>\n<div class=\"Texto\"><\/div>\n<\/td>\n<\/tr>\n<tr>\n<td>\n<div class=\"Texto\"><\/div>\n<\/td>\n<td>\n<div class=\"Texto\"><\/div>\n<\/td>\n<td>\n<div class=\"Texto\"><\/div>\n<\/td>\n<td>\n<div class=\"Texto\"><\/div>\n<\/td>\n<td>\n<div class=\"Texto\"><\/div>\n<\/td>\n<\/tr>\n<\/tbody>\n<\/table>\n<table>\n<tbody>\n<tr>\n<td>\n<div class=\"Texto\"><\/div>\n<\/td>\n<td>\n<div class=\"Texto\"><\/div>\n<\/td>\n<td>\n<div class=\"Texto\"><\/div>\n<\/td>\n<td>\n<div class=\"Texto\"><\/div>\n<\/td>\n<td>\n<div class=\"Texto\"><\/div>\n<\/td>\n<\/tr>\n<\/tbody>\n<\/table>\n<div class=\"Texto\"><\/div>\n<div class=\"Texto\">4.17. Manifieste si sus socios o accionistas, e integrantes de la administraci\u00f3n, no se encuentren\u00a0vinculados con alguna empresa a la que se hubiere cancelado su Registro en el Esquema de\u00a0Certificaci\u00f3n de Empresas, de conformidad con las fracciones V, VI y VII del apartado A; II y III del\u00a0apartado B de la regla 7.2.4.; y\/o VI, VII y XI de la regla 7.2.5.<\/div>\n<table>\n<tbody>\n<tr>\n<td>\n<div class=\"Texto\"><\/div>\n<\/td>\n<td>\n<div class=\"Texto\">SI<\/div>\n<\/td>\n<td>\n<div class=\"Texto\"><\/div>\n<\/td>\n<td>\n<div class=\"Texto\">NO<\/div>\n<\/td>\n<\/tr>\n<\/tbody>\n<\/table>\n<div class=\"Texto\"><\/div>\n<table>\n<tbody>\n<tr>\n<td>\n<div class=\"Texto\">5. REQUISITOS ADICIONALES A LOS ESTABLECIDOS EN LA REGLA 7.1.1., QUE DEBER\u00c1NCUMPLIR LAS EMPRESAS QUE PRETENDAN ACCEDER AL REGISTRO EN EL ESQUEMA DECERTIFICACI\u00d3N DE EMPRESAS EN LA MODALIDAD DE IVA E IEPS.<\/div>\n<\/td>\n<\/tr>\n<\/tbody>\n<\/table>\n<div class=\"Texto\"><\/div>\n<div class=\"Texto\">5.1. Proporcionar constancias del personal registrado ante el IMSS, del SUA, y el soporte\u00a0documental del pago de la totalidad de cuotas obrero patronales de por lo menos 10 empleados a\u00a0trav\u00e9s de l\u00ednea de captura del \u00faltimo bimestre anterior a su solicitud de la solicitante y\/o de sus\u00a0proveedoras de personal subcontratado.<\/div>\n<table>\n<tbody>\n<tr>\n<td>\n<div class=\"Texto\"><\/div>\n<\/td>\n<td>\n<div class=\"Texto\">Anexe las constancias del personal registrado ante el IMSS, del \u00faltimo bimestre anterior a la fecha depresentaci\u00f3n de la solicitud y el soporte documental del pago de cuotas obrero patronales de por lomenos 10 empleados del \u00faltimo bimestre anterior a la solicitud, el cual deber\u00e1 ser acorde al SUApresentado.<\/div>\n<\/td>\n<\/tr>\n<\/tbody>\n<\/table>\n<div class=\"Texto\"><\/div>\n<table>\n<tbody>\n<tr>\n<td>\n<div class=\"Texto\"><\/div>\n<\/td>\n<td>\n<div class=\"Texto\">Acredite que cumple con la obligaci\u00f3n de emitir CFDI\u00b4s de n\u00f3mina, de conformidad con los art\u00edculos 29\u00a0y 29-A del CFF, art\u00edculo 99 de la Ley del ISR y las reglas 2.7.1.8.y 2.7.5.1. de la RMF a sus\u00a0trabajadores.<\/div>\n<\/td>\n<\/tr>\n<\/tbody>\n<\/table>\n<div class=\"Texto\"><\/div>\n<table>\n<tbody>\n<tr>\n<td>\n<div class=\"Texto\"><\/div>\n<\/td>\n<td>\n<div class=\"Texto\">En el caso de personal subcontratado anexe las constancias del personal registrado ante el IMSS con\u00a0el que complete el requisito, y el soporte documental del pago de cuotas obrero patronales de por lo\u00a0menos 10 empleados del \u00faltimo bimestre anterior a la solicitud, de las empresas proveedoras de\u00a0personal subcontratado y acreditar la emisi\u00f3n de los CFDI\u00b4s expedidos por las proveedoras de personalsubcontratado a la empresa solicitante por el servicio de personal subcontratado. Asimismo, estar alcorriente en el cumplimiento de sus obligaciones de retener y enterar el ISR de los trabajadores y con\u00a0la obligaci\u00f3n de emitir CFDI\u00b4s de n\u00f3mina, de conformidad con los art\u00edculos 29 y 29-A del CFF, art\u00edculo\u00a099 de la Ley del ISR y las reglas 2.7.1.8. y 2.7.5.1. de la RMF a sus trabajadores.<\/div>\n<\/td>\n<\/tr>\n<\/tbody>\n<\/table>\n<div class=\"Texto\"><\/div>\n<div class=\"Texto\">5.2. Acreditar la inversi\u00f3n en territorio nacional, de acuerdo a lo se\u00f1alado en el Instructivo.<\/div>\n<table>\n<tbody>\n<tr>\n<td>\n<div class=\"Texto\">Tipo de Inversi\u00f3n<\/div>\n<\/td>\n<td>\n<div class=\"Texto\">Descripci\u00f3n general<\/div>\n<\/td>\n<td>\n<div class=\"Texto\">Valor en moneda<br \/>\nnacional<\/div>\n<\/td>\n<\/tr>\n<tr>\n<td>\n<div class=\"Texto\">Bienes inmuebles<\/div>\n<\/td>\n<td>\n<div class=\"Texto\"><\/div>\n<\/td>\n<td>\n<div class=\"Texto\"><\/div>\n<\/td>\n<\/tr>\n<tr>\n<td>\n<div class=\"Texto\">Bienes muebles<\/div>\n<\/td>\n<td>\n<div class=\"Texto\"><\/div>\n<\/td>\n<td>\n<div class=\"Texto\"><\/div>\n<\/td>\n<\/tr>\n<\/tbody>\n<\/table>\n<div class=\"Texto\"><\/div>\n<div class=\"Texto\">5.3. Se\u00f1ale si previamente cont\u00f3 con la Certificaci\u00f3n en materia de IVA e IEPS y\/o el Registro en el\u00a0Esquema de Certificaci\u00f3n de Empresas bajo la modalidad IVA e IEPS.<\/div>\n<table>\n<tbody>\n<tr>\n<td>\n<div class=\"Texto\"><\/div>\n<\/td>\n<td>\n<div class=\"Texto\">SI<\/div>\n<\/td>\n<td>\n<div class=\"Texto\"><\/div>\n<\/td>\n<td>\n<div class=\"Texto\">NO<\/div>\n<\/td>\n<\/tr>\n<\/tbody>\n<\/table>\n<div class=\"Texto\"><\/div>\n<div class=\"Texto\"><\/div>\n<div class=\"Texto\">5.4. En caso afirmativo se\u00f1ale si se encuentra al corriente en el cumplimiento de las obligaciones\u00a0relativas al Anexo 31 sobre dicho registro.<\/div>\n<table>\n<tbody>\n<tr>\n<td>\n<div class=\"Texto\"><\/div>\n<\/td>\n<td>\n<div class=\"Texto\">SI<\/div>\n<\/td>\n<td>\n<div class=\"Texto\"><\/div>\n<\/td>\n<td>\n<div class=\"Texto\">NO<\/div>\n<\/td>\n<\/tr>\n<\/tbody>\n<\/table>\n<div class=\"Texto\"><\/div>\n<div class=\"Texto\">5.5. Sus proveedores se encuentran en el listado de empresas publicadas por el SAT, en t\u00e9rminos\u00a0del art\u00edculo 69-B, cuarto p\u00e1rrafo del CFF.<\/div>\n<table>\n<tbody>\n<tr>\n<td>\n<div class=\"Texto\"><\/div>\n<\/td>\n<td>\n<div class=\"Texto\">SI<\/div>\n<\/td>\n<td>\n<div class=\"Texto\"><\/div>\n<\/td>\n<td>\n<div class=\"Texto\">NO<\/div>\n<\/td>\n<\/tr>\n<\/tbody>\n<\/table>\n<div class=\"Texto\"><\/div>\n<table>\n<tbody>\n<tr>\n<td>\n<div class=\"Texto\">6. REQUISITOS ADICIONALES DE ACUERDO AL R\u00c9GIMEN ADUANERO.<\/div>\n<\/td>\n<\/tr>\n<\/tbody>\n<\/table>\n<div class=\"Texto\"><\/div>\n<div class=\"Texto\">6.1. Indique el n\u00famero de su Programa IMMEX y la modalidad.<\/div>\n<table>\n<tbody>\n<tr>\n<td>\n<div class=\"Texto\">N\u00famero de Programa IMMEX<\/div>\n<\/td>\n<td>\n<div class=\"Texto\"><\/div>\n<\/td>\n<\/tr>\n<tr>\n<td>\n<div class=\"Texto\">Modalidad del Programa IMMEX<\/div>\n<\/td>\n<td>\n<div class=\"Texto\"><\/div>\n<\/td>\n<\/tr>\n<\/tbody>\n<\/table>\n<div class=\"Texto\"><\/div>\n<div class=\"Texto\">Se\u00f1ale si ha realizado operaciones al amparo de su programa IMMEX.<\/div>\n<table>\n<tbody>\n<tr>\n<td>\n<div class=\"Texto\"><\/div>\n<\/td>\n<td>\n<div class=\"Texto\">SI<\/div>\n<\/td>\n<td>\n<div class=\"Texto\"><\/div>\n<\/td>\n<td>\n<div class=\"Texto\">NO<\/div>\n<\/td>\n<\/tr>\n<\/tbody>\n<\/table>\n<div class=\"Texto\"><\/div>\n<div class=\"Texto\">6.2. Se\u00f1ale si al momento de su solicitud cuenta con la infraestructura necesaria para realizar la\u00a0operaci\u00f3n del Programa IMMEX, al proceso industrial o de servicios de conformidad con la modalidad\u00a0de su Programa.<\/div>\n<table>\n<tbody>\n<tr>\n<td>\n<div class=\"Texto\"><\/div>\n<\/td>\n<td>\n<div class=\"Texto\">SI<\/div>\n<\/td>\n<td>\n<div class=\"Texto\"><\/div>\n<\/td>\n<td>\n<div class=\"Texto\">NO<\/div>\n<\/td>\n<\/tr>\n<\/tbody>\n<\/table>\n<div class=\"Texto\"><\/div>\n<table>\n<tbody>\n<tr>\n<td>\n<div class=\"Texto\"><\/div>\n<\/td>\n<td>\n<div class=\"Texto\">Deber\u00e1 anexar evidencia fotogr\u00e1fica de su planta productiva, as\u00ed como de su proceso productivo.<\/div>\n<\/td>\n<\/tr>\n<\/tbody>\n<\/table>\n<div class=\"Texto\"><\/div>\n<div class=\"Texto\">6.3. Indique si durante los \u00faltimos 12 meses ha importado temporalmente mercanc\u00edas y que, al\u00a0menos el 60% de las importaciones temporales de insumos realizadas durante el mismo per\u00edodo\u00a0fueron transformadas y retornadas, retornadas en su mismo estado, transferidas, destruidas, o se les\u00a0prest\u00f3 un servicio.<\/div>\n<table>\n<tbody>\n<tr>\n<td>\n<div class=\"Texto\"><\/div>\n<\/td>\n<td>\n<div class=\"Texto\">SI<\/div>\n<\/td>\n<td>\n<div class=\"Texto\"><\/div>\n<\/td>\n<td>\n<div class=\"Texto\">NO<\/div>\n<\/td>\n<\/tr>\n<\/tbody>\n<\/table>\n<div class=\"Texto\"><\/div>\n<div class=\"Texto\">Capture el valor en aduana total en moneda nacional de sus importaciones temporales de insumos del\u00a0periodo requerido conforme al p\u00e1rrafo anterior:<\/div>\n<div class=\"Texto\"><\/div>\n<table>\n<tbody>\n<tr>\n<td>\n<div class=\"Texto\">(Capture un valor)<\/div>\n<\/td>\n<\/tr>\n<\/tbody>\n<\/table>\n<div class=\"Texto\"><\/div>\n<table>\n<tbody>\n<tr>\n<td>\n<div class=\"Texto\">(A)<\/div>\n<div class=\"Texto\">Concepto<\/div>\n<div class=\"Texto\">(declare solo los que<br \/>\napliquen)<\/div>\n<\/td>\n<td>\n<div class=\"Texto\">(B)<\/div>\n<div class=\"Texto\">Valor comercial del<br \/>\nconcepto indicado en<br \/>\nla Columna A<\/div>\n<div class=\"Texto\">(moneda nacional)<\/div>\n<\/td>\n<td>\n<div class=\"Texto\">(C)<\/div>\n<div class=\"Texto\">Valor en Aduana de los<br \/>\ninsumos importados<br \/>\ntemporalmente<br \/>\nincluidos en concepto<br \/>\nde la columna A<\/div>\n<\/td>\n<td>\n<div class=\"Texto\">(D)<\/div>\n<div class=\"Texto\">Porcentaje que<br \/>\nrepresenta respecto<br \/>\ndel total de<br \/>\nimportaciones<br \/>\ntemporales de<br \/>\nmateriales directos e<br \/>\ninsumos.<\/div>\n<\/td>\n<\/tr>\n<\/tbody>\n<\/table>\n<table>\n<tbody>\n<tr>\n<td>\n<div class=\"Texto\">Retornos<\/div>\n<\/td>\n<td>\n<div class=\"Texto\"><\/div>\n<\/td>\n<td>\n<div class=\"Texto\"><\/div>\n<\/td>\n<td>\n<div class=\"Texto\"><\/div>\n<\/td>\n<\/tr>\n<tr>\n<td>\n<div class=\"Texto\">Transferencias virtuales\u00a0de mercanc\u00edas<\/div>\n<\/td>\n<td>\n<div class=\"Texto\"><\/div>\n<\/td>\n<td>\n<div class=\"Texto\"><\/div>\n<\/td>\n<td>\n<div class=\"Texto\"><\/div>\n<\/td>\n<\/tr>\n<tr>\n<td>\n<div class=\"Texto\">Desperdicios<\/div>\n<\/td>\n<td>\n<div class=\"Texto\"><\/div>\n<\/td>\n<td>\n<div class=\"Texto\"><\/div>\n<\/td>\n<td>\n<div class=\"Texto\"><\/div>\n<\/td>\n<\/tr>\n<tr>\n<td>\n<div class=\"Texto\">Constancias deTransferencia deMercanc\u00edas (CTM)<\/div>\n<\/td>\n<td>\n<div class=\"Texto\"><\/div>\n<\/td>\n<td>\n<div class=\"Texto\"><\/div>\n<\/td>\n<td>\n<div class=\"Texto\"><\/div>\n<\/td>\n<\/tr>\n<tr>\n<td>\n<div class=\"Texto\">Total<\/div>\n<\/td>\n<td>\n<div class=\"Texto\"><\/div>\n<\/td>\n<td>\n<div class=\"Texto\"><\/div>\n<\/td>\n<td>\n<div class=\"Texto\"><\/div>\n<\/td>\n<\/tr>\n<\/tbody>\n<\/table>\n<div class=\"Texto\"><\/div>\n<table>\n<tbody>\n<tr>\n<td>\n<div class=\"Texto\"><\/div>\n<\/td>\n<td>\n<div class=\"Texto\">En caso de haber declarado que realiza Constancias de Transferencia de Mercanc\u00edas (CTM), anexe unarchivo con los nombres y domicilios de las empresas a las que les transfiri\u00f3 mercanc\u00edas medianteConstancias de Transferencia de Mercanc\u00edas (CTM), as\u00ed como los montos en moneda nacional y, en sucaso, dos Constancias de Transferencia de Mercanc\u00edas (CTM).<\/div>\n<\/td>\n<\/tr>\n<\/tbody>\n<\/table>\n<div class=\"Texto\"><\/div>\n<div class=\"Texto\">NOTA:\u00a0(Empresas con reciente obtenci\u00f3n del programa IMMEX)<\/div>\n<div class=\"Texto\">\u00a0\u00a0\u00a0\u00a0\u00a0\u00a0\u00a0\u00a0\u00a0\u00a0\u00a0\u00a0\u00a0Las empresas que hayan obtenido\u00a0por primera vez su Programa IMMEX ante la SE y que tengan\u00a0operando menos de un a\u00f1o, podr\u00e1n cumplir con el requisito general se\u00f1alado en las reglas\u00a07.1.1., fracci\u00f3n III y 7.1.2., primer p\u00e1rrafo, fracci\u00f3n II con el documento que soporte la\u00a0contrataci\u00f3n de los empleados, ya sea directamente o a trav\u00e9s de las subcontrataciones que\u00a0establecen los art\u00edculos 15-A al 15-D de la LFT, y no estar\u00e1n sujetos a los requisitos de la regla\u00a07.1.1., fracciones X y XI, ni al se\u00f1alado en la regla 7.1.2., apartado A, fracci\u00f3n III, sin embargo,\u00a0debe acreditar la emisi\u00f3n de los CFDI\u00b4s de n\u00f3mina expedidos por la solicitante a los trabajadores\u00a0contratados directamente y\/o en su caso expedidos por la(s) empresa(s) proveedor(as) del\u00a0servicio de subcontrataci\u00f3n a la solicitante mediante el cual se observe el pago realizado por la\u00a0solicitante por concepto de la prestaci\u00f3n del servicio.<\/div>\n<div class=\"Texto\">6.4. Descripci\u00f3n de las actividades relacionadas con los procesos productivos o prestaci\u00f3n de\u00a0servicios conforme a la modalidad del programa:<\/div>\n<table>\n<tbody>\n<tr>\n<td>\n<div class=\"Texto\"><\/div>\n<\/td>\n<td>\n<div class=\"Texto\">Anexe documento que describa detalladamente las actividades relacionadas con los procesosproductivos o prestaci\u00f3n de servicios conforme a la modalidad del programa, describiendo desde el\u00a0arribo de la mercanc\u00eda, su almacenamiento, su proceso productivo, y retorno, conforme al Instructivo.<\/div>\n<\/td>\n<\/tr>\n<\/tbody>\n<\/table>\n<div class=\"Texto\"><\/div>\n<div class=\"Texto\">6.5. Continuidad del proyecto de exportaci\u00f3n:<\/div>\n<table>\n<tbody>\n<tr>\n<td>\n<div class=\"Texto\"><\/div>\n<\/td>\n<td>\n<div class=\"Texto\">Anexe contrato de maquila, de compraventa, orden de compra o de servicios, o pedidos en firmevigentes, que acrediten la continuidad del proyecto de exportaci\u00f3n.<\/div>\n<\/td>\n<\/tr>\n<\/tbody>\n<\/table>\n<div class=\"Texto\"><\/div>\n<table>\n<tbody>\n<tr>\n<td>\n<div class=\"Texto\">7. Las empresas que importen temporalmente o pretendan importar mercanc\u00edas de las fraccionesarancelarias listadas en el Anexo II del Decreto IMMEX, y\/o de las fracciones arancelarias listadas\u00a0en el Anexo 28, deber\u00e1n cumplir con los siguientes requisitos y anexar la documentaci\u00f3n que as\u00ed loacredite:<\/div>\n<\/td>\n<\/tr>\n<\/tbody>\n<\/table>\n<div class=\"Texto\">NOTA:<\/div>\n<div class=\"Texto\">No podr\u00e1n presentar la solicitud de registro en el esquema de certificaci\u00f3n de empresas si han operado\u00a0durante menos de doce meses previos a la presentaci\u00f3n de dicha solicitud, salvo aquellas que acrediten ser\u00a0parte de un grupo conforme a la regla 7.1.7.<\/div>\n<div class=\"Texto\">7.1. Contar con al menos 30 empleados registrados ante el IMSS y realizar el pago de la totalidad de\u00a0cuotas obrero patronales de los mismos o mediante subcontrataciones de trabajadores\u00a0en los\u00a0t\u00e9rminos y condiciones que establecen los art\u00edculos 15-A al 15-D de la LFT de los tres \u00faltimos\u00a0bimestres anteriores a la presentaci\u00f3n de la solicitud.<\/div>\n<table>\n<tbody>\n<tr>\n<td>\n<div class=\"Texto\"><\/div>\n<\/td>\n<td>\n<div class=\"Texto\">Anexe constancia del personal registrado ante el IMSS del SUA y soporte documental del pago de\u00a0cuotas obrero patronales de los 3 \u00faltimos bimestres anteriores a la solicitud, de por lo menos 30\u00a0empleados.<\/div>\n<\/td>\n<\/tr>\n<\/tbody>\n<\/table>\n<div class=\"Texto\"><\/div>\n<table>\n<tbody>\n<tr>\n<td>\n<div class=\"Texto\"><\/div>\n<\/td>\n<td>\n<div class=\"Texto\">Acredite que cumple con la obligaci\u00f3n de emitir CFDI\u00b4s de n\u00f3mina, de conformidad con los art\u00edculos 29\u00a0y 29-A del CFF, art\u00edculo 99 de la Ley del ISR y las reglas 2.7.1.8. y 2.7.5.1. de la RMF a sus\u00a0trabajadores.<\/div>\n<\/td>\n<\/tr>\n<\/tbody>\n<\/table>\n<div class=\"Texto\">Se\u00f1ale si la empresa solicitante cuenta con trabajadores subcontratados de conformidad con los\u00a0art\u00edculos 15-A al 15-D de la LFT:<\/div>\n<table>\n<tbody>\n<tr>\n<td>\n<div class=\"Texto\"><\/div>\n<\/td>\n<td>\n<div class=\"Texto\">SI<\/div>\n<\/td>\n<td>\n<div class=\"Texto\"><\/div>\n<\/td>\n<td>\n<div class=\"Texto\">NO<\/div>\n<\/td>\n<\/tr>\n<\/tbody>\n<\/table>\n<div class=\"Texto\"><\/div>\n<table>\n<tbody>\n<tr>\n<td>\n<div class=\"Texto\"><\/div>\n<\/td>\n<td>\n<div class=\"Texto\">Anexe constancia de la totalidad de personal registrado ante el IMSS del SUA y soporte documental delpago de cuotas obrero patronales de los tres \u00faltimos bimestres anteriores a la solicitud, de por lo\u00a0menos 30 empleados, correspondientes a la empresa proveedora de personal subcontratado.<\/div>\n<\/td>\n<\/tr>\n<\/tbody>\n<\/table>\n<div class=\"Texto\"><\/div>\n<table>\n<tbody>\n<tr>\n<td>\n<div class=\"Texto\">8. Dep\u00f3sito fiscal para someterse al proceso de ensamble y fabricaci\u00f3n de veh\u00edculos a empresas\u00a0de la industria automotriz terminal.<\/div>\n<\/td>\n<\/tr>\n<\/tbody>\n<\/table>\n<div class=\"Texto\"><\/div>\n<div class=\"Texto\">8.1. Se\u00f1ale si al momento de la presentaci\u00f3n de su solicitud cuenta con la autorizaci\u00f3n para operar\u00a0el r\u00e9gimen de dep\u00f3sito fiscal para someterse al proceso de ensamble y fabricaci\u00f3n de veh\u00edculos, a\u00a0empresas de la industria automotriz terminal.<\/div>\n<table>\n<tbody>\n<tr>\n<td>\n<div class=\"Texto\"><\/div>\n<\/td>\n<td>\n<div class=\"Texto\">SI<\/div>\n<\/td>\n<td>\n<div class=\"Texto\"><\/div>\n<\/td>\n<td>\n<div class=\"Texto\">NO<\/div>\n<\/td>\n<\/tr>\n<\/tbody>\n<\/table>\n<div class=\"Texto\"><\/div>\n<div class=\"Texto\">Indique el fin de vigencia y el n\u00famero de oficio con el cual se le otorg\u00f3 la autorizaci\u00f3n para operar\u00a0el r\u00e9gimen de dep\u00f3sito fiscal para someterse al proceso de ensamble y fabricaci\u00f3n de veh\u00edculos, a\u00a0empresas de la industria automotriz terminal<\/div>\n<table>\n<tbody>\n<tr>\n<td>\n<div class=\"Texto\">Fecha de fin de vigencia:<\/div>\n<\/td>\n<td>\n<div class=\"Texto\">DD\/MM\/AAAA<\/div>\n<\/td>\n<\/tr>\n<tr>\n<td>\n<div class=\"Texto\">N\u00famero de oficio de autorizaci\u00f3n:<\/div>\n<\/td>\n<td>\n<div class=\"Texto\"><\/div>\n<\/td>\n<\/tr>\n<\/tbody>\n<\/table>\n<div class=\"Texto\"><\/div>\n<div class=\"Texto\">8.2. Se\u00f1ale si al momento de la presentaci\u00f3n de su solicitud se encuentra sujeto a un proceso de\u00a0cancelaci\u00f3n de la autorizaci\u00f3n para operar el r\u00e9gimen de dep\u00f3sito fiscal para someterse al proceso de\u00a0ensamble y fabricaci\u00f3n de veh\u00edculos, a empresas de la industria automotriz terminal.<\/div>\n<table>\n<tbody>\n<tr>\n<td>\n<div class=\"Texto\"><\/div>\n<\/td>\n<td>\n<div class=\"Texto\">SI<\/div>\n<\/td>\n<td>\n<div class=\"Texto\"><\/div>\n<\/td>\n<td>\n<div class=\"Texto\">NO<\/div>\n<\/td>\n<\/tr>\n<\/tbody>\n<\/table>\n<div class=\"Texto\"><\/div>\n<div class=\"Texto\">8.3. Se\u00f1ale si al momento de la presentaci\u00f3n de su solicitud ha cumplido adecuadamente con los\u00a0requisitos de las reglas 4.5.30. y 4.5.32.<\/div>\n<table>\n<tbody>\n<tr>\n<td>\n<div class=\"Texto\"><\/div>\n<\/td>\n<td>\n<div class=\"Texto\">SI<\/div>\n<\/td>\n<td>\n<div class=\"Texto\"><\/div>\n<\/td>\n<td>\n<div class=\"Texto\">NO<\/div>\n<\/td>\n<\/tr>\n<\/tbody>\n<\/table>\n<div class=\"Texto\"><\/div>\n<div class=\"Texto\">8.4. Se\u00f1ale si al momento de su solicitud cuenta con la infraestructura necesaria para realizar la\u00a0operaci\u00f3n de su r\u00e9gimen.<\/div>\n<table>\n<tbody>\n<tr>\n<td>\n<div class=\"Texto\"><\/div>\n<\/td>\n<td>\n<div class=\"Texto\">SI<\/div>\n<\/td>\n<td>\n<div class=\"Texto\"><\/div>\n<\/td>\n<td>\n<div class=\"Texto\">NO<\/div>\n<\/td>\n<\/tr>\n<\/tbody>\n<\/table>\n<div class=\"Texto\"><\/div>\n<div class=\"Texto\">8.5. Descripci\u00f3n de las actividades relacionadas con los procesos productivos o prestaci\u00f3n de\u00a0servicios conforme a su r\u00e9gimen:<\/div>\n<table>\n<tbody>\n<tr>\n<td>\n<div class=\"Texto\"><\/div>\n<\/td>\n<td>\n<div class=\"Texto\">Anexe documento que describa detalladamente las actividades relacionadas con los procesosproductivos o prestaci\u00f3n de servicios conforme al r\u00e9gimen aduanero, describiendo desde el arribo de lamercanc\u00eda, su almacenamiento, su proceso productivo, y retorno, conforme al Instructivo.<\/div>\n<\/td>\n<\/tr>\n<\/tbody>\n<\/table>\n<div class=\"Texto\">8.6. Continuidad del proyecto de exportaci\u00f3n:<\/div>\n<table>\n<tbody>\n<tr>\n<td>\n<div class=\"Texto\"><\/div>\n<\/td>\n<td>\n<div class=\"Texto\">Anexe contrato de maquila, de compraventa, orden de compra o de servicios, o pedidos en firmevigentes, que acrediten la continuidad del proyecto de exportaci\u00f3n.<\/div>\n<\/td>\n<\/tr>\n<\/tbody>\n<\/table>\n<div class=\"Texto\"><\/div>\n<div class=\"Texto\"><\/div>\n<table>\n<tbody>\n<tr>\n<td>\n<div class=\"Texto\">9. Elaboraci\u00f3n, transformaci\u00f3n o reparaci\u00f3n en recinto fiscalizado; o recinto fiscalizado\u00a0estrat\u00e9gico.<\/div>\n<\/td>\n<\/tr>\n<\/tbody>\n<\/table>\n<div class=\"Texto\"><\/div>\n<div class=\"Texto\">9.1. Se\u00f1ale si al momento de la presentaci\u00f3n de su solicitud cuenta con la autorizaci\u00f3n para operar\u00a0el r\u00e9gimen de elaboraci\u00f3n, transformaci\u00f3n o reparaci\u00f3n en Recinto Fiscalizado y\/o Recinto Fiscalizado\u00a0Estrat\u00e9gico.<\/div>\n<table>\n<tbody>\n<tr>\n<td>\n<div class=\"Texto\"><\/div>\n<\/td>\n<td>\n<div class=\"Texto\">SI<\/div>\n<\/td>\n<td>\n<div class=\"Texto\"><\/div>\n<\/td>\n<td>\n<div class=\"Texto\">NO<\/div>\n<\/td>\n<\/tr>\n<\/tbody>\n<\/table>\n<div class=\"Texto\"><\/div>\n<div class=\"Texto\">Indique el fin de vigencia y el n\u00famero de oficio con el cual se le otorg\u00f3 la autorizaci\u00f3n para operar\u00a0el r\u00e9gimen de elaboraci\u00f3n, transformaci\u00f3n o reparaci\u00f3n en Recinto Fiscalizado y\/o Recinto Fiscalizado\u00a0Estrat\u00e9gico.<\/div>\n<table>\n<tbody>\n<tr>\n<td>\n<div class=\"Texto\">Fecha de fin de vigencia:<\/div>\n<\/td>\n<td>\n<div class=\"Texto\">DD\/MM\/AAAA<\/div>\n<\/td>\n<\/tr>\n<tr>\n<td>\n<div class=\"Texto\">N\u00famero de oficio de autorizaci\u00f3n:<\/div>\n<\/td>\n<td>\n<div class=\"Texto\"><\/div>\n<\/td>\n<\/tr>\n<\/tbody>\n<\/table>\n<div class=\"Texto\"><\/div>\n<div class=\"Texto\">9.2. Indique si se encuentra sujeto a un proceso de cancelaci\u00f3n de la autorizaci\u00f3n para operar el\u00a0r\u00e9gimen de elaboraci\u00f3n, transformaci\u00f3n o reparaci\u00f3n en Recinto Fiscalizado y\/o Recinto Fiscalizado\u00a0Estrat\u00e9gico.<\/div>\n<table>\n<tbody>\n<tr>\n<td>\n<div class=\"Texto\"><\/div>\n<\/td>\n<td>\n<div class=\"Texto\">SI<\/div>\n<\/td>\n<td>\n<div class=\"Texto\"><\/div>\n<\/td>\n<td>\n<div class=\"Texto\">NO<\/div>\n<\/td>\n<\/tr>\n<\/tbody>\n<\/table>\n<div class=\"Texto\"><\/div>\n<div class=\"Texto\">9.3. Indique si cumple con los lineamientos que determinen las autoridades aduaneras para el\u00a0control, vigilancia y seguridad del recinto y de las mercanc\u00edas de comercio exterior.<\/div>\n<table>\n<tbody>\n<tr>\n<td>\n<div class=\"Texto\"><\/div>\n<\/td>\n<td>\n<div class=\"Texto\">SI<\/div>\n<\/td>\n<td>\n<div class=\"Texto\"><\/div>\n<\/td>\n<td>\n<div class=\"Texto\">NO<\/div>\n<\/td>\n<\/tr>\n<\/tbody>\n<\/table>\n<div class=\"Texto\"><\/div>\n<div class=\"Texto\">9.4. Se\u00f1ale si al momento de su solicitud cuenta con la infraestructura necesaria para realizar la\u00a0operaci\u00f3n de su r\u00e9gimen.<\/div>\n<table>\n<tbody>\n<tr>\n<td>\n<div class=\"Texto\"><\/div>\n<\/td>\n<td>\n<div class=\"Texto\">SI<\/div>\n<\/td>\n<td>\n<div class=\"Texto\"><\/div>\n<\/td>\n<td>\n<div class=\"Texto\">NO<\/div>\n<\/td>\n<\/tr>\n<\/tbody>\n<\/table>\n<div class=\"Texto\"><\/div>\n<div class=\"Texto\">9.5. Descripci\u00f3n de las actividades relacionadas con los procesos productivos o prestaci\u00f3n de\u00a0servicios conforme a su r\u00e9gimen:<\/div>\n<table>\n<tbody>\n<tr>\n<td>\n<div class=\"Texto\"><\/div>\n<\/td>\n<td>\n<div class=\"Texto\">Anexe documento que describa detalladamente las actividades relacionadas con los procesosproductivos o prestaci\u00f3n de servicios conforme al r\u00e9gimen aduanero, describiendo desde el arribo de lamercanc\u00eda, su almacenamiento, su proceso productivo, y retorno, conforme al Instructivo.<\/div>\n<\/td>\n<\/tr>\n<\/tbody>\n<\/table>\n<div class=\"Texto\"><\/div>\n<div class=\"Texto\">9.6. Continuidad del proyecto de exportaci\u00f3n:<\/div>\n<table>\n<tbody>\n<tr>\n<td>\n<div class=\"Texto\"><\/div>\n<\/td>\n<td>\n<div class=\"Texto\">Anexe contrato de maquila, de compraventa, orden de compra o de servicios, o pedidos en firmevigentes, que acrediten la continuidad del proyecto de exportaci\u00f3n.<\/div>\n<\/td>\n<\/tr>\n<\/tbody>\n<\/table>\n<div class=\"Texto\"><\/div>\n<table>\n<tbody>\n<tr>\n<td>\n<div class=\"Texto\">10. MODALIDAD IVA E IEPS RUBRO AA:<\/div>\n<\/td>\n<\/tr>\n<\/tbody>\n<\/table>\n<div class=\"Texto\"><\/div>\n<div class=\"Texto\">Las empresas que aspiren a obtener modalidad IVA e IEPS rubro AA, adicionalmente a los requisitos\u00a0generales y a los requisitos espec\u00edficos de cada r\u00e9gimen aduanero, deber\u00e1n de cumplir con los siguientes:<\/div>\n<div class=\"Texto\">10.1.\u00a0Que al menos el 40% del valor de los insumos adquiridos en territorio nacional vinculados al proceso\u00a0bajo el r\u00e9gimen que est\u00e9 solicitando la certificaci\u00f3n de los \u00faltimos 6 meses, se realizaron con proveedores que\u00a0a la fecha de la presentaci\u00f3n de la solicitud se encuentran al corriente en el cumplimiento de obligaciones\u00a0fiscales.<\/div>\n<div class=\"Texto\"><\/div>\n<table>\n<tbody>\n<tr>\n<td>\n<div class=\"Texto\"><\/div>\n<\/td>\n<td>\n<div class=\"Texto\">Con el fin de determinar el 40%, anexe un archivo con el listado del total de sus proveedores de losinsumos adquiridos en territorio nacional o de aquellas empresas que les transfieran mercanc\u00edas a\u00a0trav\u00e9s de operaciones virtuales vinculados al proceso bajo el r\u00e9gimen que est\u00e1 solicitando el registro y\u00a0sus valores de los \u00faltimos 6 meses.<\/div>\n<\/td>\n<\/tr>\n<\/tbody>\n<\/table>\n<div class=\"Texto\"><\/div>\n<div class=\"Texto\">10.2. Manifieste si los proveedores se\u00f1alados en el punto anterior se encuentran a la fecha de\u00a0presentaci\u00f3n de la solicitud, en las publicaciones a que hace referencia el art\u00edculo 69, con excepci\u00f3n\u00a0de lo dispuesto en la fracci\u00f3n VI del CFF.<\/div>\n<table>\n<tbody>\n<tr>\n<td>\n<div class=\"Texto\"><\/div>\n<\/td>\n<td>\n<div class=\"Texto\">SI<\/div>\n<\/td>\n<td>\n<div class=\"Texto\"><\/div>\n<\/td>\n<td>\n<div class=\"Texto\">NO<\/div>\n<\/td>\n<\/tr>\n<\/tbody>\n<\/table>\n<div class=\"Texto\"><\/div>\n<div class=\"Texto\">10.3. Seleccione y llene al menos una de las siguientes opciones:<\/div>\n<table>\n<tbody>\n<tr>\n<td>\n<div class=\"Texto\"><\/div>\n<\/td>\n<td>\n<div class=\"Texto\">Que durante los \u00faltimos cuatro a\u00f1os o m\u00e1s han llevado a cabo operaciones al amparo del r\u00e9gimenpara el cual solicitan la modalidad IVA e IEPS.<\/div>\n<\/td>\n<\/tr>\n<\/tbody>\n<\/table>\n<div class=\"Texto\"><\/div>\n<table>\n<tbody>\n<tr>\n<td>\n<div class=\"Texto\">Fecha de inicio de operaciones bajo el r\u00e9gimen<br \/>\naduanero en el cual solicita la modalidad de IVA e<br \/>\nIEPS<\/div>\n<\/td>\n<td>\n<div class=\"Texto\">dd\/mm\/aaaa<\/div>\n<\/td>\n<\/tr>\n<\/tbody>\n<\/table>\n<div class=\"Texto\"><\/div>\n<table>\n<tbody>\n<tr>\n<td>\n<div class=\"Texto\"><\/div>\n<\/td>\n<td>\n<div class=\"Texto\">Que durante los \u00faltimos doce meses en promedio contaron con m\u00e1s de 1,000 empleadosregistrados ante el IMSS.<\/div>\n<\/td>\n<\/tr>\n<\/tbody>\n<\/table>\n<div class=\"Texto\"><\/div>\n<table>\n<tbody>\n<tr>\n<td>\n<div class=\"Texto\">N\u00famero de empleados promedio registrados ante\u00a0el<br \/>\nIMSS<\/div>\n<\/td>\n<td>\n<div class=\"Texto\">Cantidad de empleados<\/div>\n<\/td>\n<\/tr>\n<\/tbody>\n<\/table>\n<div class=\"Texto\"><\/div>\n<table>\n<tbody>\n<tr>\n<td>\n<div class=\"Texto\"><\/div>\n<\/td>\n<td>\n<div class=\"Texto\">Que el valor de su maquinaria y equipo es superior a los $50&#8217;000,000.00 en moneda nacional.<\/div>\n<\/td>\n<\/tr>\n<\/tbody>\n<\/table>\n<div class=\"Texto\"><\/div>\n<table>\n<tbody>\n<tr>\n<td>\n<div class=\"Texto\">Valor total de la maquinaria y equipo<\/div>\n<\/td>\n<td>\n<div class=\"Texto\">$<\/div>\n<\/td>\n<\/tr>\n<\/tbody>\n<\/table>\n<div class=\"Texto\"><\/div>\n<div class=\"Texto\"><\/div>\n<div class=\"Texto\">10.4. Manifieste si se le ha determinado alg\u00fan cr\u00e9dito por parte del SAT en los 12 meses anteriores\u00a0a la fecha de presentaci\u00f3n de la solicitud.<\/div>\n<div class=\"Texto\"><\/div>\n<table>\n<tbody>\n<tr>\n<td>\n<div class=\"Texto\"><\/div>\n<\/td>\n<td>\n<div class=\"Texto\">SI<\/div>\n<\/td>\n<td>\n<div class=\"Texto\"><\/div>\n<\/td>\n<td>\n<div class=\"Texto\">NO<\/div>\n<\/td>\n<\/tr>\n<\/tbody>\n<\/table>\n<div class=\"Texto\"><\/div>\n<table>\n<tbody>\n<tr>\n<td>\n<div class=\"Texto\"><\/div>\n<\/td>\n<td>\n<div class=\"Texto\">En caso afirmativo, acredite que se encuentra autorizado para el pago a plazos en forma diferida de lascontribuciones omitidas y de sus accesorios o que se haya autorizado el pago en parcialidades, o queefectuaron el pago del mismo.<\/div>\n<\/td>\n<\/tr>\n<\/tbody>\n<\/table>\n<div class=\"Texto\"><\/div>\n<div class=\"Texto\">10.5. Manifieste si se le ha emitido resoluci\u00f3n de improcedencia de las devoluciones del IVA\u00a0solicitadas en los \u00faltimos 6 meses, contados a partir de la fecha de presentaci\u00f3n de la solicitud de\u00a0certificaci\u00f3n correspondiente, cuyo monto no represente m\u00e1s del 20% del total de las devoluciones\u00a0autorizadas, y\/o que el monto negado no supere los $5&#8217;000,000.00 en moneda nacional en lo individual\u00a0o en su conjunto.<\/div>\n<table>\n<tbody>\n<tr>\n<td>\n<div class=\"Texto\"><\/div>\n<\/td>\n<td>\n<div class=\"Texto\">SI<\/div>\n<\/td>\n<td>\n<div class=\"Texto\"><\/div>\n<\/td>\n<td>\n<div class=\"Texto\">NO<\/div>\n<\/td>\n<\/tr>\n<\/tbody>\n<\/table>\n<div class=\"Texto\"><\/div>\n<div class=\"Texto\">En caso afirmativo, se\u00f1ale el porcentaje y el monto que representan de la totalidad de solicitudes\u00a0de devoluci\u00f3n autorizadas, aqu\u00e9llas en que la autoridad haya emitido resoluci\u00f3n de improcedencia.<\/div>\n<table>\n<tbody>\n<tr>\n<td>\n<div class=\"Texto\">Porcentaje:<\/div>\n<\/td>\n<td>\n<div class=\"Texto\">%<\/div>\n<\/td>\n<\/tr>\n<tr>\n<td>\n<div class=\"Texto\">Monto:<\/div>\n<\/td>\n<td>\n<div class=\"Texto\">$<\/div>\n<\/td>\n<\/tr>\n<\/tbody>\n<\/table>\n<div class=\"Texto\"><\/div>\n<table>\n<tbody>\n<tr>\n<td>\n<div class=\"Texto\">11. MODALIDAD IVA E IEPS RUBRO AAA:<\/div>\n<\/td>\n<\/tr>\n<\/tbody>\n<\/table>\n<div class=\"Texto\"><\/div>\n<div class=\"Texto\">Las empresas que aspiren a obtener modalidad IVA e IEPS rubro AAA, adicionalmente a los requisitos\u00a0generales y a los requisitos espec\u00edficos de cada r\u00e9gimen aduanero, deber\u00e1n de cumplir con los siguientes:<\/div>\n<div class=\"Texto\">11.1. Que al menos el 70% del valor de los insumos adquiridos en territorio nacional vinculados al\u00a0proceso bajo el r\u00e9gimen que est\u00e9 solicitando la certificaci\u00f3n de los \u00faltimos 6 meses, se realizaron con\u00a0proveedores que a la fecha de la presentaci\u00f3n de la solicitud se encuentran al corriente en el\u00a0cumplimiento de obligaciones fiscales.<\/div>\n<table>\n<tbody>\n<tr>\n<td>\n<div class=\"Texto\"><\/div>\n<\/td>\n<td>\n<div class=\"Texto\">Con el fin de determinar el 70%, anexe un archivo con el listado del total de sus proveedores de losinsumos adquiridos en territorio nacional o de aquellas empresas que les transfieran mercanc\u00edas a\u00a0trav\u00e9s de operaciones virtuales vinculados al proceso bajo el r\u00e9gimen que est\u00e1 solicitando el registro y\u00a0sus valores de los \u00faltimos 6 meses.<\/div>\n<\/td>\n<\/tr>\n<\/tbody>\n<\/table>\n<div class=\"Texto\"><\/div>\n<div class=\"Texto\">11.2. Manifieste si los proveedores se\u00f1alados en el punto anterior se encuentran a la fecha de\u00a0presentaci\u00f3n de la solicitud, en las publicaciones a que hace referencia el art\u00edculo 69, con excepci\u00f3n\u00a0de lo dispuesto en la fracci\u00f3n VI del CFF.<\/div>\n<table>\n<tbody>\n<tr>\n<td>\n<div class=\"Texto\"><\/div>\n<\/td>\n<td>\n<div class=\"Texto\">SI<\/div>\n<\/td>\n<td>\n<div class=\"Texto\"><\/div>\n<\/td>\n<td>\n<div class=\"Texto\">NO<\/div>\n<\/td>\n<\/tr>\n<\/tbody>\n<\/table>\n<div class=\"Texto\"><\/div>\n<div class=\"Texto\">11.3. Seleccione y llene al menos una de las siguientes opciones:<\/div>\n<table>\n<tbody>\n<tr>\n<td>\n<div class=\"Texto\"><\/div>\n<\/td>\n<td>\n<div class=\"Texto\">Que durante los \u00faltimos siete a\u00f1os o m\u00e1s han llevado a cabo operaciones al amparo del r\u00e9gimenpara el cual solicitan la modalidad IVA e IEPS.<\/div>\n<\/td>\n<\/tr>\n<\/tbody>\n<\/table>\n<div class=\"Texto\"><\/div>\n<table>\n<tbody>\n<tr>\n<td>\n<div class=\"Texto\">Fecha de inicio de operaciones bajo el<br \/>\nr\u00e9gimen aduanero en el cual solicita la<br \/>\nmodalidad de IVA e IEPS<\/div>\n<\/td>\n<td>\n<div class=\"Texto\">dd\/mm\/aaaa<\/div>\n<\/td>\n<\/tr>\n<\/tbody>\n<\/table>\n<div class=\"Texto\"><\/div>\n<table>\n<tbody>\n<tr>\n<td>\n<div class=\"Texto\"><\/div>\n<\/td>\n<td>\n<div class=\"Texto\">Que durante los \u00faltimos doce meses en promedio contaron con m\u00e1s de 2,500 empleadosregistrados ante el IMSS.<\/div>\n<\/td>\n<\/tr>\n<\/tbody>\n<\/table>\n<div class=\"Texto\"><\/div>\n<table>\n<tbody>\n<tr>\n<td>\n<div class=\"Texto\">N\u00famero de empleados promedio<br \/>\nregistrados\u00a0ante el IMSS<\/div>\n<\/td>\n<td>\n<div class=\"Texto\">Cantidad de empleados<\/div>\n<\/td>\n<\/tr>\n<\/tbody>\n<\/table>\n<div class=\"Texto\"><\/div>\n<table>\n<tbody>\n<tr>\n<td>\n<div class=\"Texto\"><\/div>\n<\/td>\n<td>\n<div class=\"Texto\">Que el valor de su maquinaria y equipo es superior a los $100&#8217;000,000.00 en moneda nacional.<\/div>\n<\/td>\n<\/tr>\n<\/tbody>\n<\/table>\n<div class=\"Texto\"><\/div>\n<table>\n<tbody>\n<tr>\n<td>\n<div class=\"Texto\">Valor total de la maquinaria y equipo<\/div>\n<\/td>\n<td>\n<div class=\"Texto\">$<\/div>\n<\/td>\n<\/tr>\n<\/tbody>\n<\/table>\n<div class=\"Texto\"><\/div>\n<div class=\"Texto\">11.4. Manifieste si se le ha determinado alg\u00fan cr\u00e9dito por parte del SAT en los \u00faltimos 24 meses\u00a0anteriores a la fecha de presentaci\u00f3n de la solicitud.<\/div>\n<table>\n<tbody>\n<tr>\n<td>\n<div class=\"Texto\"><\/div>\n<\/td>\n<td>\n<div class=\"Texto\">SI<\/div>\n<\/td>\n<td>\n<div class=\"Texto\"><\/div>\n<\/td>\n<td>\n<div class=\"Texto\">NO<\/div>\n<\/td>\n<\/tr>\n<\/tbody>\n<\/table>\n<div class=\"Texto\"><\/div>\n<table>\n<tbody>\n<tr>\n<td>\n<div class=\"Texto\"><\/div>\n<\/td>\n<td>\n<div class=\"Texto\">En caso afirmativo, acredite que se encuentra autorizado para el pago a plazos en forma diferida de lascontribuciones omitidas y de sus accesorios o que se haya autorizado el pago en parcialidades o queefectuaron el pago del mismo.<\/div>\n<\/td>\n<\/tr>\n<\/tbody>\n<\/table>\n<div class=\"Texto\"><\/div>\n<div class=\"Texto\">11.5. Manifieste si se le ha emitido resoluci\u00f3n de improcedencia de las devoluciones del IVA\u00a0solicitadas en los \u00faltimos 6 meses, contados a partir de la fecha de presentaci\u00f3n de la solicitud de\u00a0certificaci\u00f3n correspondiente, cuyo monto no represente m\u00e1s del 20% del total de las devoluciones\u00a0autorizadas, y\/o que el monto negado no supere cinco millones de pesos en lo individual o en su\u00a0conjunto.<\/div>\n<table>\n<tbody>\n<tr>\n<td>\n<div class=\"Texto\"><\/div>\n<\/td>\n<td>\n<div class=\"Texto\">SI<\/div>\n<\/td>\n<td>\n<div class=\"Texto\"><\/div>\n<\/td>\n<td>\n<div class=\"Texto\">NO<\/div>\n<\/td>\n<\/tr>\n<\/tbody>\n<\/table>\n<div class=\"Texto\"><\/div>\n<div class=\"Texto\">En caso afirmativo, se\u00f1ale el porcentaje y el monto que representan de la totalidad de solicitudes\u00a0de devoluci\u00f3n autorizadas, aqu\u00e9llas en que la autoridad haya emitido resoluci\u00f3n de improcedencia.<\/div>\n<table>\n<tbody>\n<tr>\n<td>\n<div class=\"Texto\">Porcentaje:<\/div>\n<\/td>\n<td>\n<div class=\"Texto\">%<\/div>\n<\/td>\n<\/tr>\n<tr>\n<td>\n<div class=\"Texto\">Monto:<\/div>\n<\/td>\n<td>\n<div class=\"Texto\">$<\/div>\n<\/td>\n<\/tr>\n<\/tbody>\n<\/table>\n<div class=\"Texto\"><\/div>\n<table>\n<tbody>\n<tr>\n<td>\n<div class=\"Texto\">12. REQUISITOS PARA LAS MODALIDADES DE COMERCIALIZADORA E IMPORTADORA YOPERADOR ECON\u00d3MICO AUTORIZADO:<\/div>\n<\/td>\n<\/tr>\n<\/tbody>\n<\/table>\n<div class=\"Texto\"><\/div>\n<div class=\"Texto\">12.1. Se\u00f1ale si ha efectuado el pago del derecho correspondiente a la fecha de presentaci\u00f3n de la\u00a0solicitud, a que se refiere el art\u00edculo 40, inciso m) de la LFD.<\/div>\n<table>\n<tbody>\n<tr>\n<td>\n<div class=\"Texto\"><\/div>\n<\/td>\n<td>\n<div class=\"Texto\">SI<\/div>\n<\/td>\n<td>\n<div class=\"Texto\"><\/div>\n<\/td>\n<td>\n<div class=\"Texto\">NO<\/div>\n<\/td>\n<\/tr>\n<\/tbody>\n<\/table>\n<div class=\"Texto\"><\/div>\n<div class=\"Texto\">Indique la fecha en que realiza el pago, el monto, n\u00famero de operaci\u00f3n bancaria y llave de pago.<\/div>\n<table>\n<tbody>\n<tr>\n<td colspan=\"2\">\n<div class=\"Texto\"><\/div>\n<\/td>\n<td>\n<div class=\"Texto\"><\/div>\n<\/td>\n<td>\n<div class=\"Texto\"><\/div>\n<\/td>\n<td colspan=\"2\">\n<div class=\"Texto\"><\/div>\n<\/td>\n<td colspan=\"2\">\n<div class=\"Texto\"><\/div>\n<\/td>\n<td colspan=\"2\">\n<div class=\"Texto\"><\/div>\n<\/td>\n<td colspan=\"2\">\n<div class=\"Texto\"><\/div>\n<\/td>\n<td colspan=\"2\">\n<div class=\"Texto\"><\/div>\n<\/td>\n<td colspan=\"2\">\n<div class=\"Texto\"><\/div>\n<\/td>\n<td colspan=\"2\">\n<div class=\"Texto\"><\/div>\n<\/td>\n<td colspan=\"3\">\n<div class=\"Texto\"><\/div>\n<\/td>\n<td colspan=\"2\">\n<div class=\"Texto\">$<\/div>\n<\/td>\n<td colspan=\"2\">\n<div class=\"Texto\"><\/div>\n<\/td>\n<td colspan=\"2\">\n<div class=\"Texto\"><\/div>\n<\/td>\n<td colspan=\"3\">\n<div class=\"Texto\"><\/div>\n<\/td>\n<td colspan=\"2\">\n<div class=\"Texto\"><\/div>\n<\/td>\n<td colspan=\"2\">\n<div class=\"Texto\">.<\/div>\n<\/td>\n<td>\n<div class=\"Texto\"><\/div>\n<\/td>\n<td>\n<div class=\"Texto\"><\/div>\n<\/td>\n<td colspan=\"2\">\n<div class=\"Texto\"><\/div>\n<\/td>\n<td colspan=\"2\">\n<div class=\"Texto\"><\/div>\n<\/td>\n<td colspan=\"2\">\n<div class=\"Texto\"><\/div>\n<\/td>\n<td colspan=\"2\">\n<div class=\"Texto\"><\/div>\n<\/td>\n<td colspan=\"2\">\n<div class=\"Texto\"><\/div>\n<\/td>\n<td colspan=\"2\">\n<div class=\"Texto\"><\/div>\n<\/td>\n<td colspan=\"2\">\n<div class=\"Texto\"><\/div>\n<\/td>\n<td colspan=\"2\">\n<div class=\"Texto\"><\/div>\n<\/td>\n<td colspan=\"2\">\n<div class=\"Texto\"><\/div>\n<\/td>\n<td>\n<div class=\"Texto\"><\/div>\n<\/td>\n<\/tr>\n<tr>\n<td colspan=\"19\">\n<div class=\"Texto\">Fecha de pago (dd\/mm\/aa)<\/div>\n<\/td>\n<td colspan=\"36\">\n<div class=\"Texto\">\u00a0\u00a0\u00a0\u00a0\u00a0\u00a0\u00a0\u00a0\u00a0Monto en moneda nacional<\/div>\n<\/td>\n<\/tr>\n<tr>\n<td>\n<div class=\"Texto\"><\/div>\n<\/td>\n<td colspan=\"2\">\n<div class=\"Texto\"><\/div>\n<\/td>\n<td colspan=\"2\">\n<div class=\"Texto\"><\/div>\n<\/td>\n<td colspan=\"2\">\n<div class=\"Texto\"><\/div>\n<\/td>\n<td colspan=\"2\">\n<div class=\"Texto\"><\/div>\n<\/td>\n<td colspan=\"2\">\n<div class=\"Texto\"><\/div>\n<\/td>\n<td colspan=\"2\">\n<div class=\"Texto\"><\/div>\n<\/td>\n<td colspan=\"2\">\n<div class=\"Texto\"><\/div>\n<\/td>\n<td colspan=\"2\">\n<div class=\"Texto\"><\/div>\n<\/td>\n<td colspan=\"2\">\n<div class=\"Texto\"><\/div>\n<\/td>\n<td>\n<div class=\"Texto\"><\/div>\n<\/td>\n<td colspan=\"2\">\n<div class=\"Texto\"><\/div>\n<\/td>\n<td colspan=\"2\">\n<div class=\"Texto\"><\/div>\n<\/td>\n<td colspan=\"2\">\n<div class=\"Texto\"><\/div>\n<\/td>\n<td colspan=\"3\">\n<div class=\"Texto\"><\/div>\n<\/td>\n<td colspan=\"2\">\n<div class=\"Texto\"><\/div>\n<\/td>\n<td colspan=\"2\">\n<div class=\"Texto\"><\/div>\n<\/td>\n<td colspan=\"2\">\n<div class=\"Texto\"><\/div>\n<\/td>\n<td colspan=\"2\">\n<div class=\"Texto\"><\/div>\n<\/td>\n<td colspan=\"2\">\n<div class=\"Texto\"><\/div>\n<\/td>\n<td colspan=\"2\">\n<div class=\"Texto\"><\/div>\n<\/td>\n<td colspan=\"2\">\n<div class=\"Texto\"><\/div>\n<\/td>\n<td colspan=\"2\">\n<div class=\"Texto\"><\/div>\n<\/td>\n<td colspan=\"2\">\n<div class=\"Texto\"><\/div>\n<\/td>\n<td colspan=\"2\">\n<div class=\"Texto\"><\/div>\n<\/td>\n<td colspan=\"2\">\n<div class=\"Texto\"><\/div>\n<\/td>\n<td colspan=\"2\">\n<div class=\"Texto\"><\/div>\n<\/td>\n<td colspan=\"2\">\n<div class=\"Texto\"><\/div>\n<\/td>\n<\/tr>\n<tr>\n<td colspan=\"28\">\n<div class=\"Texto\">N\u00famero Operaci\u00f3n Bancaria<\/div>\n<\/td>\n<td colspan=\"27\">\n<div class=\"Texto\">Llave de Pago<\/div>\n<\/td>\n<\/tr>\n<\/tbody>\n<\/table>\n<div class=\"Texto\">12.2. Reportar el nombre y RFC de las empresas transportistas autorizadas para efectuar el\u00a0traslado de las mercanc\u00edas de comercio exterior.<\/div>\n<table>\n<tbody>\n<tr>\n<td>\n<div class=\"Texto\">Nombre, denominaci\u00f3n o raz\u00f3n social<\/div>\n<\/td>\n<td>\n<div class=\"Texto\">RFC<\/div>\n<\/td>\n<td>\n<div class=\"Texto\">Registro CAAT<\/div>\n<\/td>\n<\/tr>\n<tr>\n<td>\n<div class=\"Texto\"><\/div>\n<\/td>\n<td>\n<div class=\"Texto\"><\/div>\n<\/td>\n<td>\n<div class=\"Texto\"><\/div>\n<\/td>\n<\/tr>\n<tr>\n<td>\n<div class=\"Texto\"><\/div>\n<\/td>\n<td>\n<div class=\"Texto\"><\/div>\n<\/td>\n<td>\n<div class=\"Texto\"><\/div>\n<\/td>\n<\/tr>\n<\/tbody>\n<\/table>\n<div class=\"Texto\">Las empresas que aspiren a obtener modalidad de Operador Econ\u00f3mico Autorizado,\u00a0adicionalmente deber\u00e1n cumplir con lo siguiente:<\/div>\n<div class=\"Texto\">12.3. Que, durante los \u00faltimos 2 a\u00f1os anteriores a su solicitud, han efectuado operaciones de\u00a0comercio exterior.<\/div>\n<table>\n<tbody>\n<tr>\n<td>\n<div class=\"Texto\">Fecha de inicio de operaciones<\/div>\n<div class=\"Texto\"><\/div>\n<\/td>\n<td>\n<div class=\"Texto\">dd\/mm\/aaaa<\/div>\n<\/td>\n<\/tr>\n<\/tbody>\n<\/table>\n<div class=\"Texto\"><\/div>\n<div class=\"Texto\">12.4. Cumplir con los est\u00e1ndares m\u00ednimos en materia de seguridad establecidos en el formato\u00a0denominado\u00a0&#8220;Perfil de la empresa&#8221;, seg\u00fan corresponda:<\/div>\n<table>\n<tbody>\n<tr>\n<td>\n<div class=\"Texto\"><\/div>\n<\/td>\n<td>\n<div class=\"Texto\">Anexar el formato del\u00a0&#8220;Perfil de la Empresa&#8221;\u00a0que corresponda por cada una de las instalaciones,\u00a0donde se lleven a cabo operaciones de comercio exterior y en medio magn\u00e9tico.<\/div>\n<\/td>\n<\/tr>\n<\/tbody>\n<\/table>\n<div class=\"Texto\"><\/div>\n<div class=\"Texto\">12.5. En caso de contar con una autorizaci\u00f3n en el registro de empresas certificadas, conforme al\u00a0art\u00edculo 100-A de la Ley, en cualquiera de sus apartados o modalidades, y solicite su inscripci\u00f3n en\u00a0una modalidad distinta a aquel registro con el que cuente, deber\u00e1 indicar lo siguiente:<\/div>\n<div class=\"Texto\">Marque con una\u00a0&#8220;X&#8221;\u00a0en el cuadro que aplique.<\/div>\n<table>\n<tbody>\n<tr>\n<td>\n<div class=\"Texto\">a)\u00a0\u00a0\u00a0\u00a0\u00a0Apartado en el que le fue otorgado su registro:<\/div>\n<\/td>\n<td>\n<div class=\"Texto\"><\/div>\n<\/td>\n<td>\n<div class=\"Texto\"><\/div>\n<\/td>\n<td>\n<div class=\"Texto\"><\/div>\n<\/td>\n<\/tr>\n<\/tbody>\n<\/table>\n<div class=\"Texto\"><\/div>\n<table>\n<tbody>\n<tr>\n<td rowspan=\"2\">\n<div class=\"Texto\">b)\u00a0\u00a0\u00a0\u00a0\u00a0N\u00famero de oficio y fecha en que se otorg\u00f3 suregistro y en su caso, el correspondiente a la\u00faltima renovaci\u00f3n:<\/div>\n<\/td>\n<td>\n<div class=\"Texto\"><\/div>\n<\/td>\n<td>\n<div class=\"Texto\"><\/div>\n<\/td>\n<\/tr>\n<tr>\n<td>\n<div class=\"Texto\"><\/div>\n<\/td>\n<td>\n<div class=\"Texto\"><\/div>\n<\/td>\n<\/tr>\n<\/tbody>\n<\/table>\n<div class=\"Texto\"><\/div>\n<table>\n<tbody>\n<tr>\n<td>\n<div class=\"Texto\">c)\u00a0\u00a0\u00a0\u00a0\u00a0Manifiesto que es del inter\u00e9s de mi representada, en caso de\u00a0acreditar y cumplir con los requisitos para mi inscripci\u00f3n en el\u00a0apartado o modalidad solicitada, dejar sin efectos el registro\u00a0vigente.<\/div>\n<\/td>\n<td>\n<div class=\"Texto\"><\/div>\n<\/td>\n<td>\n<div class=\"Texto\"><\/div>\n<\/td>\n<td>\n<div class=\"Texto\">SI<\/div>\n<\/td>\n<td>\n<div class=\"Texto\"><\/div>\n<\/td>\n<td>\n<div class=\"Texto\">NO<\/div>\n<\/td>\n<td>\n<div class=\"Texto\"><\/div>\n<\/td>\n<\/tr>\n<\/tbody>\n<\/table>\n<div class=\"Texto\"><\/div>\n<div class=\"Texto\"><\/div>\n<div class=\"Texto\">12.6. Homologaci\u00f3n de la vigencia del Registro en el Esquema de Certificaci\u00f3n de Empresas\u00a0modalidad Operador Econ\u00f3mico Autorizado con la modalidad de IVA e IEPS, rubros AA y AAA, seg\u00fan\u00a0corresponda:<\/div>\n<div class=\"Texto\">En caso de las empresas que soliciten simult\u00e1neamente el Registro en el Esquema de Certificaci\u00f3n\u00a0de Empresas en la modalidad de IVA e IEPS, rubros AA y AAA y Operador Econ\u00f3mico Autorizado,\u00a0se\u00f1ale si desea realizar la homologaci\u00f3n de vigencias, a efecto de que prevalezca la vigencia otorgada\u00a0en la modalidad IVA e IEPS, rubros AA y AAA, seg\u00fan corresponda.<\/div>\n<table>\n<tbody>\n<tr>\n<td>\n<div class=\"Texto\"><\/div>\n<\/td>\n<td>\n<div class=\"Texto\">SI<\/div>\n<\/td>\n<td>\n<div class=\"Texto\"><\/div>\n<\/td>\n<td>\n<div class=\"Texto\">NO<\/div>\n<\/td>\n<\/tr>\n<\/tbody>\n<\/table>\n<div class=\"Texto\">Se\u00f1ale si cuenta con el Registro en el Esquema de Certificaci\u00f3n de Empresas bajo la modalidad de\u00a0IVA e IEPS, rubros AA o AAA.<\/div>\n<table>\n<tbody>\n<tr>\n<td>\n<div class=\"Texto\"><\/div>\n<\/td>\n<td>\n<div class=\"Texto\">SI<\/div>\n<\/td>\n<td>\n<div class=\"Texto\"><\/div>\n<\/td>\n<td>\n<div class=\"Texto\">NO<\/div>\n<\/td>\n<\/tr>\n<\/tbody>\n<\/table>\n<div class=\"Texto\"><\/div>\n<div class=\"Texto\">En caso de obtener el Registro en el Esquema de Certificaci\u00f3n de Empresas en la modalidad de\u00a0Operador Econ\u00f3mico Autorizado en cualquiera de sus rubros, se\u00f1ale si desea realizar la\u00a0homologaci\u00f3n de dicha vigencia con la vigencia de la modalidad IVA e IEPS, rubros AA y AAA, seg\u00fan\u00a0corresponda, a efecto de que prevalezca esta \u00faltima.<\/div>\n<table>\n<tbody>\n<tr>\n<td>\n<div class=\"Texto\"><\/div>\n<\/td>\n<td>\n<div class=\"Texto\">SI<\/div>\n<\/td>\n<td>\n<div class=\"Texto\"><\/div>\n<\/td>\n<td>\n<div class=\"Texto\">NO<\/div>\n<\/td>\n<\/tr>\n<\/tbody>\n<\/table>\n<div class=\"Texto\"><\/div>\n<div class=\"Texto\">Se\u00f1ale si cuenta con el Registro en el Esquema de Certificaci\u00f3n de Empresas bajo la modalidad de\u00a0Operador Econ\u00f3mico Autorizado en cualquiera de sus rubros.<\/div>\n<table>\n<tbody>\n<tr>\n<td>\n<div class=\"Texto\"><\/div>\n<\/td>\n<td>\n<div class=\"Texto\">SI<\/div>\n<\/td>\n<td>\n<div class=\"Texto\"><\/div>\n<\/td>\n<td>\n<div class=\"Texto\">NO<\/div>\n<\/td>\n<\/tr>\n<\/tbody>\n<\/table>\n<div class=\"Texto\"><\/div>\n<div class=\"Texto\">En caso de obtener el Registro en el Esquema de Certificaci\u00f3n de Empresas en la modalidad de IVA\u00a0e IEPS, rubros AA y AAA, se\u00f1ale si desea realizar la homologaci\u00f3n de vigencias, a efecto de que\u00a0prevalezca la vigencia de esta \u00faltima, seg\u00fan el rubro otorgado.<\/div>\n<table>\n<tbody>\n<tr>\n<td>\n<div class=\"Texto\"><\/div>\n<\/td>\n<td>\n<div class=\"Texto\">SI<\/div>\n<\/td>\n<td>\n<div class=\"Texto\"><\/div>\n<\/td>\n<td>\n<div class=\"Texto\">NO<\/div>\n<\/td>\n<\/tr>\n<\/tbody>\n<\/table>\n<div class=\"Texto\"><\/div>\n<table>\n<tbody>\n<tr>\n<td>\n<div class=\"Texto\">13. REQUISITOS PARA LA MODALIDAD DE COMERCIALIZADORA E IMPORTADORA:<\/div>\n<\/td>\n<\/tr>\n<\/tbody>\n<\/table>\n<div class=\"Texto\"><\/div>\n<div class=\"Texto\">13.1. Se\u00f1ale si cuenta con un Programa IMMEX.<\/div>\n<table>\n<tbody>\n<tr>\n<td>\n<div class=\"Texto\"><\/div>\n<\/td>\n<td>\n<div class=\"Texto\">SI<\/div>\n<\/td>\n<td>\n<div class=\"Texto\"><\/div>\n<\/td>\n<td>\n<div class=\"Texto\">NO<\/div>\n<\/td>\n<\/tr>\n<\/tbody>\n<\/table>\n<div class=\"Texto\"><\/div>\n<div class=\"Texto\">13.2. Se\u00f1ale si efectu\u00f3 importaciones por un valor en aduana no menor a $300&#8217;000,000.00 en el\u00a0semestre inmediato anterior a aqu\u00e9l en que ingresen su solicitud.<\/div>\n<table>\n<tbody>\n<tr>\n<td>\n<div class=\"Texto\"><\/div>\n<\/td>\n<td>\n<div class=\"Texto\">SI<\/div>\n<\/td>\n<td>\n<div class=\"Texto\"><\/div>\n<\/td>\n<td>\n<div class=\"Texto\">NO<\/div>\n<\/td>\n<\/tr>\n<\/tbody>\n<\/table>\n<div class=\"Texto\"><\/div>\n<table>\n<tbody>\n<tr>\n<td>\n<div class=\"Texto\">14. MODALIDAD OPERADOR ECONOMICO AUTORIZADO RUBRO CONTROLADORA:<\/div>\n<\/td>\n<\/tr>\n<\/tbody>\n<\/table>\n<div class=\"Texto\"><\/div>\n<div class=\"Texto\">14.1. Las empresas con Programa IMMEX\u00a0que aspiren a obtener la certificaci\u00f3n bajo el rubro de\u00a0Controladora, adicionalmente al\u00a0&#8220;Perfil de la empresa&#8221;\u00a0y a lo establecido en las reglas 7.1.1. y 7.1.4.,\u00a0primer p\u00e1rrafo, deber\u00e1n cumplir con lo siguiente:<\/div>\n<div class=\"Texto\"><\/div>\n<div class=\"Texto\"><\/div>\n<table>\n<tbody>\n<tr>\n<td>\n<div class=\"Texto\"><\/div>\n<\/td>\n<td>\n<div class=\"Texto\">Anexar documento emitido por la SE, mediante el cual se acredite que han sido designadas comosociedades controladoras para integrar las operaciones de manufactura o maquila de dos o m\u00e1ssociedades controladas, respecto de las cuales la controladora participe de manera directa o indirecta\u00a0en su administraci\u00f3n, control o capital, cuando alguna de las controladas tenga dicha participaci\u00f3n\u00a0directa o indirecta sobre las otras controladas y la controladora, o bien, cuando una tercera empresa\u00a0ya sea residente en territorio nacional o en el extranjero, participe directa o indirectamente en la\u00a0administraci\u00f3n, control o en el capital tanto de la sociedad controladora como de las sociedades\u00a0controladas.<\/div>\n<\/td>\n<\/tr>\n<\/tbody>\n<\/table>\n<div class=\"texto\"><\/div>\n<table>\n<tbody>\n<tr>\n<td>\n<div class=\"Texto\"><\/div>\n<\/td>\n<td>\n<div class=\"Texto\">Anexar la relaci\u00f3n de las sociedades controladas, indicando su participaci\u00f3n accionaria, sudenominaci\u00f3n o raz\u00f3n social, domicilio fiscal, RFC y el monto de las importaciones y exportacionesrealizadas por cada una de las sociedades.<\/div>\n<\/td>\n<\/tr>\n<tr>\n<td>\n<div class=\"Texto\"><\/div>\n<\/td>\n<td>\n<div class=\"Texto\"><\/div>\n<\/td>\n<\/tr>\n<tr>\n<td>\n<div class=\"Texto\"><\/div>\n<\/td>\n<td>\n<div class=\"Texto\">Anexar un diagrama de la estructura accionaria y corporativa, as\u00ed como copia certificada de lasescrituras p\u00fablicas, en las que conste la participaci\u00f3n accionaria de la controladora y de las\u00a0sociedades controladas.<\/div>\n<\/td>\n<\/tr>\n<tr>\n<td>\n<div class=\"Texto\"><\/div>\n<\/td>\n<td>\n<div class=\"Texto\"><\/div>\n<\/td>\n<\/tr>\n<tr>\n<td colspan=\"2\">\n<div class=\"Texto\">15. MODALIDAD OPERADOR ECONOMICO AUTORIZADO RUBRO AERONAVES:<\/div>\n<\/td>\n<\/tr>\n<\/tbody>\n<\/table>\n<div class=\"Texto\"><\/div>\n<div class=\"Texto\">Las empresas interesadas en obtener el registro en el esquema de certificaci\u00f3n de empresas en la\u00a0modalidad de Operador Econ\u00f3mico Autorizado bajo el rubro Aeronaves dedicadas a la elaboraci\u00f3n,\u00a0transformaci\u00f3n, ensamble, reparaci\u00f3n, mantenimiento y remanufactura de aeronaves, as\u00ed como de sus\u00a0partes y componentes, adicionalmente al\u00a0&#8220;Perfil de la empresa&#8221;\u00a0y a lo establecido en las reglas 7.1.1. y\u00a07.1.4., primer p\u00e1rrafo, deber\u00e1n anexar lo siguiente:<\/div>\n<div class=\"Texto\">15.1. Indique el n\u00famero de su Programa IMMEX\u00a0y la modalidad<\/div>\n<table>\n<tbody>\n<tr>\n<td>\n<div class=\"Texto\">N\u00famero de Programa IMMEX<\/div>\n<\/td>\n<td>\n<div class=\"Texto\"><\/div>\n<\/td>\n<\/tr>\n<tr>\n<td>\n<div class=\"Texto\">Modalidad del Programa IMMEX:<\/div>\n<\/td>\n<td>\n<div class=\"Texto\"><\/div>\n<\/td>\n<\/tr>\n<\/tbody>\n<\/table>\n<div class=\"Texto\"><\/div>\n<div class=\"Texto\">15.2. Contar con el permiso de la Direcci\u00f3n General de Aeron\u00e1utica Civil de la SCT, para el\u00a0establecimiento de talleres de aeronaves, cuando las empresas realicen dichos procesos.<\/div>\n<table>\n<tbody>\n<tr>\n<td>\n<div class=\"Texto\"><\/div>\n<\/td>\n<td>\n<div class=\"Texto\">Anexar copia del permiso de la Direcci\u00f3n General de Aeron\u00e1utica Civil de la SCT, para elestablecimiento de talleres de aeronaves, cuando las empresas realicen dichos procesos.<\/div>\n<\/td>\n<\/tr>\n<\/tbody>\n<\/table>\n<div class=\"Texto\"><\/div>\n<table>\n<tbody>\n<tr>\n<td>\n<div class=\"Texto\">16. MODALIDAD OPERADOR ECONOMICO AUTORIZADO RUBRO SECIIT:<\/div>\n<\/td>\n<\/tr>\n<\/tbody>\n<\/table>\n<div class=\"Texto\">Las empresas con Programa IMMEX\u00a0que aspiren a obtener la certificaci\u00f3n bajo el rubro SECIIT,\u00a0adicionalmente al\u00a0&#8220;Perfil de la empresa&#8221;\u00a0y a lo establecido en las reglas 7.1.1. y 7.1.4., primer p\u00e1rrafo,\u00a0deber\u00e1n cumplir con lo siguiente:<\/div>\n<div class=\"Texto\">16.1. Indique el n\u00famero de su Programa IMMEX\u00a0y la modalidad<\/div>\n<table>\n<tbody>\n<tr>\n<td>\n<div class=\"Texto\">N\u00famero de Programa IMMEX:<\/div>\n<\/td>\n<td>\n<div class=\"Texto\"><\/div>\n<\/td>\n<\/tr>\n<tr>\n<td>\n<div class=\"Texto\">Modalidad del Programa IMMEX:<\/div>\n<\/td>\n<td>\n<div class=\"Texto\"><\/div>\n<\/td>\n<\/tr>\n<\/tbody>\n<\/table>\n<div class=\"Texto\"><\/div>\n<div class=\"Texto\"><\/div>\n<div class=\"Texto\">16.2. Se\u00f1ale si durante los \u00faltimos dos a\u00f1os ha operado bajo el registro de empresas certificadas o\u00a0con certificaci\u00f3n en materia de IVA e IEPS operaciones de comercio exterior.<\/div>\n<table>\n<tbody>\n<tr>\n<td>\n<div class=\"Texto\">Fecha de inicio de operaciones bajo el registro de<br \/>\nempresas certificadas o certificaci\u00f3n de IVA e<br \/>\nIEPS<\/div>\n<\/td>\n<td>\n<div class=\"Texto\">dd\/mm\/aaaa<\/div>\n<\/td>\n<\/tr>\n<\/tbody>\n<\/table>\n<div class=\"Texto\"><\/div>\n<table>\n<tbody>\n<tr>\n<td>\n<div class=\"Texto\"><\/div>\n<\/td>\n<td>\n<div class=\"Texto\">Cumplir con lo se\u00f1alado en el apartado II del Anexo 24 y con los lineamientos que al efecto emita laAGACE.<\/div>\n<\/td>\n<\/tr>\n<\/tbody>\n<\/table>\n<div class=\"Texto\"><\/div>\n<div class=\"Texto\">16.3. Seleccione y llene al menos una de las siguientes opciones:<\/div>\n<table>\n<tbody>\n<tr>\n<td>\n<div class=\"Texto\"><\/div>\n<\/td>\n<td>\n<div class=\"Texto\">Anexe constancia de la totalidad de personal registrado ante el IMSS emitido por el SUA, en la quese pueda visualizar que cuenta con al menos 1,000 trabajadores registrados ante el IMSS, en casode contar con personal subcontratado deber\u00e1 anexar el SUA de la proveedora de personalsubcontratado.<\/div>\n<\/td>\n<\/tr>\n<\/tbody>\n<\/table>\n<div class=\"Texto\"><\/div>\n<table>\n<tbody>\n<tr>\n<td>\n<div class=\"Texto\">N\u00famero de empleados promedio registrados<br \/>\nante\u00a0el IMSS<\/div>\n<\/td>\n<td>\n<div class=\"Texto\">Cantidad de empleados<\/div>\n<\/td>\n<\/tr>\n<\/tbody>\n<\/table>\n<div class=\"Texto\"><\/div>\n<table>\n<tbody>\n<tr>\n<td>\n<div class=\"Texto\"><\/div>\n<\/td>\n<td>\n<div class=\"Texto\">Anexe documentos con los que acredite que cuenta con activos fijos de maquinaria y equipo por\u00a0un monto equivalente en moneda nacional a 30\u00b4000,000 d\u00f3lares.<\/div>\n<\/td>\n<\/tr>\n<\/tbody>\n<\/table>\n<div class=\"Texto\"><\/div>\n<table>\n<tbody>\n<tr>\n<td>\n<div class=\"Texto\">Valor total de la maquinaria y equipo<\/div>\n<\/td>\n<td>\n<div class=\"Texto\">$<\/div>\n<\/td>\n<\/tr>\n<\/tbody>\n<\/table>\n<div class=\"Texto\"><\/div>\n<table>\n<tbody>\n<tr>\n<td>\n<div class=\"Texto\"><\/div>\n<\/td>\n<td>\n<div class=\"Texto\">Anexe documentaci\u00f3n con la que acredite que la empresa cotiza en mercados reconocidos ent\u00e9rminos del art\u00edculo 16-C del CFF. En el caso de que la empresa solicitante no cotice en bolsa,podr\u00e1 presentar la documentaci\u00f3n que demuestre que al menos el 51% de sus acciones conderecho a voto, son propiedad en forma directa o indirecta de una empresa que cotiza en\u00a0mercados reconocidos.<\/div>\n<\/td>\n<\/tr>\n<\/tbody>\n<\/table>\n<div class=\"Texto\"><\/div>\n<div class=\"Texto\">16.4. Se\u00f1ale si los medios de transporte que utilizar\u00e1 para el traslado de las mercanc\u00edas de\u00a0importaci\u00f3n cuyo destino final sea fuera de la franja o regi\u00f3n fronteriza, cuentan con sistemas de\u00a0rastreo.<\/div>\n<table>\n<tbody>\n<tr>\n<td>\n<div class=\"Texto\"><\/div>\n<\/td>\n<td>\n<div class=\"Texto\">SI<\/div>\n<\/td>\n<td>\n<div class=\"Texto\"><\/div>\n<\/td>\n<td>\n<div class=\"Texto\">NO<\/div>\n<\/td>\n<\/tr>\n<\/tbody>\n<\/table>\n<div class=\"Texto\"><\/div>\n<div class=\"Texto\">16.5. Se\u00f1ale si cuenta con un sistema electr\u00f3nico de control corporativo de sus operaciones.<\/div>\n<table>\n<tbody>\n<tr>\n<td>\n<div class=\"Texto\"><\/div>\n<\/td>\n<td>\n<div class=\"Texto\">SI<\/div>\n<\/td>\n<td>\n<div class=\"Texto\"><\/div>\n<\/td>\n<td>\n<div class=\"Texto\">NO<\/div>\n<\/td>\n<\/tr>\n<\/tbody>\n<\/table>\n<div class=\"Texto\"><\/div>\n<div class=\"Texto\">16.6. Describir la operaci\u00f3n del SECIIT<\/div>\n<table>\n<tbody>\n<tr>\n<td>\n<div class=\"Texto\"><\/div>\n<\/td>\n<td>\n<div class=\"Texto\">Anexar un diagrama de flujo que describa la operaci\u00f3n de su SECIIT, que refleje que el mismo cumplecon lo dispuesto en el apartado II del Anexo 24 y con los lineamientos que al efecto emita la AGACE,\u00a0as\u00ed como que la autoridad aduanera cuenta con acceso electr\u00f3nico en l\u00ednea de manera permanente eininterrumpida, lo cual ser\u00e1 verificado por la autoridad aduanera en la visita de inspecci\u00f3n.<\/div>\n<\/td>\n<\/tr>\n<\/tbody>\n<\/table>\n<div class=\"Texto\"><\/div>\n<div class=\"Texto\">16.7. Se\u00f1ale si realizan importaciones temporales y retornan mercanc\u00edas de las fracciones\u00a0arancelarias listadas en el Anexo II, Apartados B y D del Decreto IMMEX:<\/div>\n<table>\n<tbody>\n<tr>\n<td>\n<div class=\"Texto\"><\/div>\n<\/td>\n<td>\n<div class=\"Texto\">SI<\/div>\n<\/td>\n<td>\n<div class=\"Texto\"><\/div>\n<\/td>\n<td>\n<div class=\"Texto\">NO<\/div>\n<\/td>\n<\/tr>\n<\/tbody>\n<\/table>\n<div class=\"Texto\"><\/div>\n<table>\n<tbody>\n<tr>\n<td>\n<div class=\"Texto\">17. MODALIDAD OPERADOR ECON\u00d3MICO AUTORIZADO RUBRO TEXTIL:<\/div>\n<\/td>\n<\/tr>\n<\/tbody>\n<\/table>\n<div class=\"Texto\"><\/div>\n<div class=\"Texto\">Las empresas con Programa IMMEX que aspiren a obtener la certificaci\u00f3n bajo el rubro Textil,\u00a0adicionalmente al\u00a0&#8220;Perfil de la empresa&#8221;\u00a0y a lo establecido en las reglas 7.1.1. y 7.1.4., primer p\u00e1rrafo,\u00a0deber\u00e1n contar con el registro en el esquema de certificaci\u00f3n de empresas bajo la modalidad de IVA e\u00a0IEPS.<\/div>\n<div class=\"Texto\">17.1. Indique si cuenta con el Registro en el Esquema de Certificaci\u00f3n de Empresas modalidad IVA\u00a0e IEPS en cualquiera de sus rubros.<\/div>\n<table>\n<tbody>\n<tr>\n<td>\n<div class=\"Texto\"><\/div>\n<\/td>\n<td>\n<div class=\"Texto\">SI<\/div>\n<\/td>\n<td>\n<div class=\"Texto\"><\/div>\n<\/td>\n<td>\n<div class=\"Texto\">NO<\/div>\n<\/td>\n<\/tr>\n<\/tbody>\n<\/table>\n<div class=\"Texto\"><\/div>\n<table>\n<tbody>\n<tr>\n<td>\n<div class=\"Texto\">Rubro:<\/div>\n<\/td>\n<td>\n<div class=\"Texto\">(A, AA o AAA)<\/div>\n<\/td>\n<\/tr>\n<tr>\n<td>\n<div class=\"Texto\">Fecha de fin de vigencia:<\/div>\n<\/td>\n<td>\n<div class=\"Texto\">DD\/MM\/AAAA<\/div>\n<\/td>\n<\/tr>\n<tr>\n<td>\n<div class=\"Texto\">N\u00famero de oficio de autorizaci\u00f3n:<\/div>\n<\/td>\n<td>\n<div class=\"Texto\"><\/div>\n<\/td>\n<\/tr>\n<\/tbody>\n<\/table>\n<div class=\"Texto\"><\/div>\n<div class=\"Texto\">17.2. En caso de no contar con Programa IMMEX\u00a0deber\u00e1 acreditar el cumplimiento de los siguientes\u00a0requisitos:<\/div>\n<div class=\"Texto\">17.2.1. Contar con al menos 30 empleados registrados ante el IMSS y realizar el pago de la totalidad\u00a0de cuotas obrero patronales de los mismos o mediante subcontrataciones de trabajadores\u00a0en los\u00a0t\u00e9rminos y condiciones que establecen los art\u00edculos 15-A al 15-D de la LFT.<\/div>\n<table>\n<tbody>\n<tr>\n<td>\n<div class=\"Texto\"><\/div>\n<\/td>\n<td>\n<div class=\"Texto\">Anexe constancia de la totalidad de personal registrado ante IMSS del SUA y soporte documental delpago de cuotas obrero patronales de los tres \u00faltimos bimestres anteriores a la solicitud, de por lo\u00a0menos 30 empleados.<\/div>\n<\/td>\n<\/tr>\n<\/tbody>\n<\/table>\n<div class=\"Texto\"><\/div>\n<div class=\"Texto\">17.2.2 Se\u00f1ale si la empresa solicitante cuenta con trabajadores subcontratados de conformidad\u00a0con los art\u00edculos 15-A al 15-D de la LFT:<\/div>\n<table>\n<tbody>\n<tr>\n<td>\n<div class=\"Texto\"><\/div>\n<\/td>\n<td>\n<div class=\"Texto\">SI<\/div>\n<\/td>\n<td>\n<div class=\"Texto\"><\/div>\n<\/td>\n<td>\n<div class=\"Texto\">NO<\/div>\n<\/td>\n<\/tr>\n<\/tbody>\n<\/table>\n<div class=\"Texto\"><\/div>\n<table>\n<tbody>\n<tr>\n<td>\n<div class=\"Texto\"><\/div>\n<\/td>\n<td>\n<div class=\"Texto\">Anexe constancia de la totalidad de personal registrado ante el IMSS del SUA y soporte documental delpago de cuotas obrero patronales de los tres \u00faltimos bimestres anteriores a la solicitud, de por lo\u00a0menos 30 empleados, correspondientes a la empresa proveedora de personal subcontratado.<\/div>\n<\/td>\n<\/tr>\n<\/tbody>\n<\/table>\n<div class=\"Texto\"><\/div>\n<div class=\"Texto\">Enliste a los socios, accionistas, seg\u00fan corresponda, representante legal con facultad para actos de\u00a0dominio, e integrantes de la administraci\u00f3n de conformidad con la constituci\u00f3n de la empresa solicitante. Estos\u00a0deber\u00e1n encontrarse al corriente en el cumplimiento de sus obligaciones fiscales:<\/div>\n<table>\n<tbody>\n<tr>\n<td>\n<div class=\"Texto\">RFC<\/div>\n<\/td>\n<td>\n<div class=\"Texto\">Nombre completo<\/div>\n<\/td>\n<td>\n<div class=\"Texto\">En su car\u00e1cter<br \/>\nde<\/div>\n<\/td>\n<td>\n<div class=\"Texto\">Nacionalidad<\/div>\n<\/td>\n<td>\n<div class=\"Texto\">Obligado a Tributar en<br \/>\nM\u00e9xico<\/div>\n<div class=\"Texto\">(SI\/NO)<\/div>\n<\/td>\n<\/tr>\n<tr>\n<td>\n<div class=\"Texto\"><\/div>\n<\/td>\n<td>\n<div class=\"Texto\"><\/div>\n<\/td>\n<td>\n<div class=\"Texto\"><\/div>\n<\/td>\n<td>\n<div class=\"Texto\"><\/div>\n<\/td>\n<td>\n<div class=\"Texto\"><\/div>\n<\/td>\n<\/tr>\n<tr>\n<td>\n<div class=\"Texto\"><\/div>\n<\/td>\n<td>\n<div class=\"Texto\"><\/div>\n<\/td>\n<td>\n<div class=\"Texto\"><\/div>\n<\/td>\n<td>\n<div class=\"Texto\"><\/div>\n<\/td>\n<td>\n<div class=\"Texto\"><\/div>\n<\/td>\n<\/tr>\n<tr>\n<td>\n<div class=\"Texto\"><\/div>\n<\/td>\n<td>\n<div class=\"Texto\"><\/div>\n<\/td>\n<td>\n<div class=\"Texto\"><\/div>\n<\/td>\n<td>\n<div class=\"Texto\"><\/div>\n<\/td>\n<td>\n<div class=\"Texto\"><\/div>\n<\/td>\n<\/tr>\n<\/tbody>\n<\/table>\n<div class=\"Texto\"><\/div>\n<div class=\"Texto\">17.2.3. Se\u00f1ale si los socios, accionistas, seg\u00fan corresponda, representante legal con facultad para\u00a0actos de dominio, e integrantes de la administraci\u00f3n de conformidad con la constituci\u00f3n de la empresa\u00a0solicitante, declararon ingresos acumulables ante la autoridad fiscal para los fines del ISR\u00a0correspondientes a los dos ejercicios fiscales previos a la solicitud.<\/div>\n<table>\n<tbody>\n<tr>\n<td>\n<div class=\"Texto\"><\/div>\n<\/td>\n<td>\n<div class=\"Texto\">SI<\/div>\n<\/td>\n<td>\n<div class=\"Texto\"><\/div>\n<\/td>\n<td>\n<div class=\"Texto\">NO<\/div>\n<\/td>\n<\/tr>\n<\/tbody>\n<\/table>\n<div class=\"Texto\"><\/div>\n<table>\n<tbody>\n<tr>\n<td>\n<div class=\"Texto\">18. MODALIDAD OPERADOR ECON\u00d3MICO AUTORIZADO RUBRO RECINTO FISCALIZADOESTRAT\u00c9GICO:<\/div>\n<\/td>\n<\/tr>\n<\/tbody>\n<\/table>\n<div class=\"Texto\"><\/div>\n<div class=\"Texto\">18.1. Indique si cuenta con el Registro en el Esquema de Certificaci\u00f3n de Empresas modalidad IVA\u00a0e IEPS en cualquiera de sus rubros.<\/div>\n<table>\n<tbody>\n<tr>\n<td>\n<div class=\"Texto\"><\/div>\n<\/td>\n<td>\n<div class=\"Texto\">SI<\/div>\n<\/td>\n<td>\n<div class=\"Texto\"><\/div>\n<\/td>\n<td>\n<div class=\"Texto\">NO<\/div>\n<\/td>\n<\/tr>\n<\/tbody>\n<\/table>\n<div class=\"Texto\"><\/div>\n<table>\n<tbody>\n<tr>\n<td>\n<div class=\"Texto\">Rubro:<\/div>\n<\/td>\n<td>\n<div class=\"Texto\">(A, AA o AAA)<\/div>\n<\/td>\n<\/tr>\n<tr>\n<td>\n<div class=\"Texto\">Fecha de fin de vigencia:<\/div>\n<\/td>\n<td>\n<div class=\"Texto\">DD\/MM\/AAAA<\/div>\n<\/td>\n<\/tr>\n<tr>\n<td>\n<div class=\"Texto\">N\u00famero de oficio de autorizaci\u00f3n:<\/div>\n<\/td>\n<td>\n<div class=\"Texto\"><\/div>\n<\/td>\n<\/tr>\n<\/tbody>\n<\/table>\n<div class=\"Texto\"><\/div>\n<div class=\"Texto\">18.2. Se\u00f1ale si al momento de la presentaci\u00f3n de su solicitud cuenta con la autorizaci\u00f3n del\u00a0r\u00e9gimen de Recinto Fiscalizado Estrat\u00e9gico.<\/div>\n<table>\n<tbody>\n<tr>\n<td>\n<div class=\"Texto\"><\/div>\n<\/td>\n<td>\n<div class=\"Texto\">SI<\/div>\n<\/td>\n<td>\n<div class=\"Texto\"><\/div>\n<\/td>\n<td>\n<div class=\"Texto\">NO<\/div>\n<\/td>\n<\/tr>\n<\/tbody>\n<\/table>\n<div class=\"Texto\"><\/div>\n<div class=\"Texto\">Indique el fin de vigencia y el n\u00famero de oficio con el cual se le otorg\u00f3 la autorizaci\u00f3n del r\u00e9gimen\u00a0de Recinto Fiscalizado Estrat\u00e9gico.<\/div>\n<table>\n<tbody>\n<tr>\n<td>\n<div class=\"Texto\">Fecha de fin de vigencia:<\/div>\n<\/td>\n<td>\n<div class=\"Texto\">DD\/MM\/AAAA<\/div>\n<\/td>\n<\/tr>\n<tr>\n<td>\n<div class=\"Texto\">N\u00famero de oficio de autorizaci\u00f3n:<\/div>\n<\/td>\n<td>\n<div class=\"Texto\"><\/div>\n<\/td>\n<\/tr>\n<\/tbody>\n<\/table>\n<div class=\"Texto\"><\/div>\n<table>\n<tbody>\n<tr>\n<td>\n<div class=\"Texto\"><\/div>\n<\/td>\n<td>\n<div class=\"Texto\">Anexe copia simple del oficio mediante el cual se le otorg\u00f3 la concesi\u00f3n o la autorizaci\u00f3n para prestar\u00a0los servicios de manejo, almacenaje y custodia de mercanc\u00edas de comercio exterior.<\/div>\n<\/td>\n<\/tr>\n<\/tbody>\n<\/table>\n<div class=\"Texto\"><\/div>\n<div class=\"Texto\">18.3. Indique si se encuentra sujeto a un proceso de cancelaci\u00f3n de la autorizaci\u00f3n del r\u00e9gimen de\u00a0Recinto Fiscalizado Estrat\u00e9gico<\/div>\n<table>\n<tbody>\n<tr>\n<td>\n<div class=\"Texto\"><\/div>\n<\/td>\n<td>\n<div class=\"Texto\">SI<\/div>\n<\/td>\n<td>\n<div class=\"Texto\"><\/div>\n<\/td>\n<td>\n<div class=\"Texto\">NO<\/div>\n<\/td>\n<\/tr>\n<\/tbody>\n<\/table>\n<div class=\"Texto\"><\/div>\n<table>\n<tbody>\n<tr>\n<td>\n<div class=\"Texto\">19. EMPRESAS DE LA MODALIDAD OPERADOR ECON\u00d3MICO AUTORIZADO, QUE CUENTEN CONUNIDADES DE TRANSPORTE PROPIAS Y QUE SOLICITEN EL REGISTRO COMO SOCIO\u00a0COMERCIAL CERTIFICADO, RUBRO AUTO TRANSPORTISTA TERRESTRE, O BIEN, QUE SEAN\u00a0SOCIOS DEL PROGRAMA DENOMINADO\u00a0&#8220;C-TPAT&#8221;:<\/div>\n<\/td>\n<\/tr>\n<\/tbody>\n<\/table>\n<div class=\"Texto\"><\/div>\n<div class=\"Texto\">19.1. Las empresas que soliciten de manera conjunta el Registro en el Esquema de Certificaci\u00f3n de\u00a0Empresas en la modalidad de Operador Econ\u00f3mico Autorizado en cualquiera de sus rubros y, el\u00a0Registro en el Esquema de Certificaci\u00f3n de Empresas en la modalidad de Socio Comercial Certificado,\u00a0rubro Auto Transportista Terrestre, deber\u00e1n cumplir adicionalmente a lo se\u00f1alado en las reglas 7.1.1. y\u00a07.1.4., con lo dispuesto en el cuarto, quinto, sexto y s\u00e9ptimo p\u00e1rrafos de la regla 7.1.4., conforme a lo\u00a0siguiente:<\/div>\n<div class=\"Texto\">19.1.1. Se\u00f1ale si solicita el Registro en el Esquema de Certificaci\u00f3n de Empresas en la modalidad\u00a0de Operador Econ\u00f3mico Autorizado en alguno de sus rubros o, en su caso, se\u00f1ale si cuenta con el\u00a0registro en alguno de dichos rubros:<\/div>\n<div class=\"Texto\">Marque con una\u00a0&#8220;X&#8221;\u00a0en el cuadro que aplique.<\/div>\n<table>\n<tbody>\n<tr>\n<td>\n<div class=\"Texto\"><\/div>\n<\/td>\n<td>\n<div class=\"Texto\">Solicitud inicial<\/div>\n<\/td>\n<\/tr>\n<\/tbody>\n<\/table>\n<div class=\"Texto\"><\/div>\n<table>\n<tbody>\n<tr>\n<td>\n<div class=\"Texto\"><\/div>\n<\/td>\n<td>\n<div class=\"Texto\">Cuenta con Registro.<\/div>\n<\/td>\n<\/tr>\n<\/tbody>\n<\/table>\n<div class=\"Texto\"><\/div>\n<table>\n<tbody>\n<tr>\n<td rowspan=\"2\">\n<div class=\"Texto\">a)\u00a0\u00a0\u00a0\u00a0En caso de contar con registro vigente, se\u00f1ale elrubro, n\u00famero de oficio y fecha en que se otorg\u00f3 suregistro o de la renovaci\u00f3n correspondiente:<\/div>\n<\/td>\n<td colspan=\"2\">\n<div class=\"Texto\">Rubro:<\/div>\n<\/td>\n<td colspan=\"5\">\n<div class=\"Texto\">Fecha y n\u00famero de<br \/>\noficio:<\/div>\n<\/td>\n<\/tr>\n<tr>\n<td colspan=\"2\">\n<div class=\"Texto\"><\/div>\n<\/td>\n<td colspan=\"5\">\n<div class=\"Texto\"><\/div>\n<\/td>\n<\/tr>\n<tr>\n<td>\n<div class=\"Texto\"><\/div>\n<\/td>\n<td colspan=\"2\">\n<div class=\"Texto\"><\/div>\n<\/td>\n<td colspan=\"5\">\n<div class=\"Texto\"><\/div>\n<\/td>\n<\/tr>\n<tr>\n<td colspan=\"2\">\n<div class=\"Texto\">b)\u00a0\u00a0\u00a0\u00a0Se\u00f1ale si su registro se encuentra sujeto a un procedimiento de\u00a0cancelaci\u00f3n:<\/div>\n<\/td>\n<td colspan=\"2\">\n<div class=\"Texto\"><\/div>\n<\/td>\n<td>\n<div class=\"Texto\"><\/div>\n<\/td>\n<td>\n<div class=\"Texto\">SI<\/div>\n<\/td>\n<td>\n<div class=\"Texto\"><\/div>\n<\/td>\n<td>\n<div class=\"Texto\">NO<\/div>\n<\/td>\n<\/tr>\n<tr>\n<td colspan=\"2\">\n<div class=\"Texto\"><\/div>\n<\/td>\n<td colspan=\"2\">\n<div class=\"Texto\"><\/div>\n<\/td>\n<td>\n<div class=\"Texto\"><\/div>\n<\/td>\n<td>\n<div class=\"Texto\"><\/div>\n<\/td>\n<td>\n<div class=\"Texto\"><\/div>\n<\/td>\n<td>\n<div class=\"Texto\"><\/div>\n<\/td>\n<\/tr>\n<tr>\n<td colspan=\"2\">\n<div class=\"Texto\">c)\u00a0\u00a0\u00a0\u00a0Manifieste bajo protesta de decir verdad, que las circunstancias\u00a0por las que se otorg\u00f3 el registro no han variado y que contin\u00faa\u00a0cumpliendo con los requisitos inherentes al mismo:<\/div>\n<\/td>\n<td colspan=\"2\">\n<div class=\"Texto\"><\/div>\n<\/td>\n<td>\n<div class=\"Texto\"><\/div>\n<\/td>\n<td>\n<div class=\"Texto\">SI<\/div>\n<\/td>\n<td>\n<div class=\"Texto\"><\/div>\n<\/td>\n<td>\n<div class=\"Texto\">NO<\/div>\n<\/td>\n<\/tr>\n<tr>\n<td colspan=\"2\">\n<div class=\"Texto\"><\/div>\n<\/td>\n<td colspan=\"2\">\n<div class=\"Texto\"><\/div>\n<\/td>\n<td>\n<div class=\"Texto\"><\/div>\n<\/td>\n<td>\n<div class=\"Texto\"><\/div>\n<\/td>\n<td>\n<div class=\"Texto\"><\/div>\n<\/td>\n<td>\n<div class=\"Texto\"><\/div>\n<\/td>\n<\/tr>\n<\/tbody>\n<\/table>\n<div class=\"Texto\"><\/div>\n<div class=\"Texto\">19.1.2. Se\u00f1ale si cuenta con medios de transportes propios para el traslado de mercanc\u00edas de\u00a0comercio exterior.<\/div>\n<table>\n<tbody>\n<tr>\n<td>\n<div class=\"Texto\"><\/div>\n<\/td>\n<td>\n<div class=\"Texto\">SI<\/div>\n<\/td>\n<td>\n<div class=\"Texto\"><\/div>\n<\/td>\n<td>\n<div class=\"Texto\">NO<\/div>\n<\/td>\n<\/tr>\n<\/tbody>\n<\/table>\n<div class=\"Texto\"><\/div>\n<table>\n<tbody>\n<tr>\n<td>\n<div class=\"Texto\"><\/div>\n<\/td>\n<td>\n<div class=\"Texto\">Anexar el formato denominado\u00a0&#8220;Perfil del Auto Transportista Terrestre&#8221;, debidamente llenado y en\u00a0medio magn\u00e9tico, cumpliendo con los est\u00e1ndares m\u00ednimos en materia de seguridad, de conformidad\u00a0con el instructivo de llenado del citado Perfil.<\/div>\n<\/td>\n<\/tr>\n<\/tbody>\n<\/table>\n<div class=\"Texto\"><\/div>\n<div class=\"Texto\">19.1.3. Contar con el permiso \u00fanico para operar el transporte privado de carga vigente expedido\u00a0por la SCT.<\/div>\n<table>\n<tbody>\n<tr>\n<td>\n<div class=\"Texto\"><\/div>\n<\/td>\n<td>\n<div class=\"Texto\">Anexar copia del documento expedido por la SCT, con el que acredite que cuenta con el permiso\u00a0\u00fanico para operar el transporte privado de carga vigente.<\/div>\n<\/td>\n<\/tr>\n<\/tbody>\n<\/table>\n<div class=\"Texto\"><\/div>\n<div class=\"Texto\"><\/div>\n<div class=\"Texto\">19.1.4. Declaraci\u00f3n bajo protesta de decir verdad, respecto del n\u00famero de unidades propias con las\u00a0que cuenta para operar el transporte privado de carga.<\/div>\n<table>\n<tbody>\n<tr>\n<td>\n<div class=\"Texto\"><\/div>\n<\/td>\n<td>\n<div class=\"Texto\">Anexar escrito libre en donde se declare bajo protesta de decir verdad, la cantidad de unidades\u00a0propias con las que cuenta la solicitante.<\/div>\n<\/td>\n<\/tr>\n<tr>\n<td>\n<div class=\"Texto\"><\/div>\n<\/td>\n<td>\n<div class=\"Texto\"><\/div>\n<\/td>\n<\/tr>\n<\/tbody>\n<\/table>\n<div class=\"Texto\">19.1.5. Se\u00f1ale si los medios de transporte para el traslado de las mercanc\u00edas, cuentan con sistemas\u00a0de rastreo.<\/div>\n<table>\n<tbody>\n<tr>\n<td>\n<div class=\"Texto\"><\/div>\n<\/td>\n<td>\n<div class=\"Texto\">SI<\/div>\n<\/td>\n<td>\n<div class=\"Texto\"><\/div>\n<\/td>\n<td>\n<div class=\"Texto\">NO<\/div>\n<\/td>\n<\/tr>\n<\/tbody>\n<\/table>\n<div class=\"Texto\"><\/div>\n<div class=\"Texto\">19.1.6. Se\u00f1ale si cuenta con el registro CAAT.<\/div>\n<table>\n<tbody>\n<tr>\n<td>\n<div class=\"Texto\"><\/div>\n<\/td>\n<td>\n<div class=\"Texto\">SI<\/div>\n<\/td>\n<td>\n<div class=\"Texto\"><\/div>\n<\/td>\n<td>\n<div class=\"Texto\">NO<\/div>\n<\/td>\n<\/tr>\n<\/tbody>\n<\/table>\n<div class=\"Texto\"><\/div>\n<table>\n<tbody>\n<tr>\n<td>\n<div class=\"Texto\">Fecha de registro:<\/div>\n<\/td>\n<td>\n<div class=\"Texto\">(A, AA o AAA)<\/div>\n<\/td>\n<\/tr>\n<tr>\n<td>\n<div class=\"Texto\">N\u00famero de Registro del CAAT:<\/div>\n<\/td>\n<td>\n<div class=\"Texto\">(n\u00famero)<\/div>\n<\/td>\n<\/tr>\n<\/tbody>\n<\/table>\n<div class=\"Texto\"><\/div>\n<div class=\"Texto\">19.2. Las empresas que soliciten el Registro en el Esquema de Certificaci\u00f3n de Empresas en la\u00a0modalidad de Operador Econ\u00f3mico Autorizado que sean socios del programa denominado C-TPAT\u00a0otorgado por la CBP y est\u00e9n localizados ante el RFC podr\u00e1n acreditar el requisito establecido en la\u00a0regla 7.1.4., primer p\u00e1rrafo, fracci\u00f3n V, conforme a lo siguiente:<\/div>\n<table>\n<tbody>\n<tr>\n<td>\n<div class=\"Texto\"><\/div>\n<\/td>\n<td>\n<div class=\"Texto\">Anexar el reporte de validaci\u00f3n emitido en un periodo no mayor a 3 a\u00f1os a la fecha que se presente lasolicitud, a trav\u00e9s del cual acredite a la solicitante como socio del programa CBP (C-TPAT), con\u00a0estatus certificado-validado, para cada una de las instalaciones validadas por CBP (C-TPAT), as\u00ed\u00a0como anexar su correspondiente traducci\u00f3n simple al espa\u00f1ol.<\/div>\n<\/td>\n<\/tr>\n<\/tbody>\n<\/table>\n<div class=\"Texto\"><\/div>\n<div class=\"Texto\">19.2.1 Se\u00f1ale si autoriz\u00f3 a CBP (C-TPAT) a compartir informaci\u00f3n con M\u00e9xico, a trav\u00e9s de su portal\u00a0de C-TPAT o del mecanismo que la autoridad de dicho pa\u00eds defina:<\/div>\n<table>\n<tbody>\n<tr>\n<td>\n<div class=\"Texto\"><\/div>\n<\/td>\n<td>\n<div class=\"Texto\">SI<\/div>\n<\/td>\n<td>\n<div class=\"Texto\"><\/div>\n<\/td>\n<td>\n<div class=\"Texto\">NO<\/div>\n<\/td>\n<\/tr>\n<\/tbody>\n<\/table>\n<div class=\"Texto\"><\/div>\n<table>\n<tbody>\n<tr>\n<td>\n<div class=\"Texto\"><\/div>\n<\/td>\n<td rowspan=\"2\">\n<div class=\"Texto\">Cumplir con los est\u00e1ndares m\u00ednimos en materia de seguridad establecidos en el formato\u00a0&#8220;Perfil de laempresa&#8221;, para lo cual se deber\u00e1 entregar ante la AGACE el formato debidamente llenado y en mediomagn\u00e9tico, conforme a lo establecido en el instructivo de llenado del perfil, \u00fanicamente por lasinstalaciones no validadas por CBP (C-TPAT).<\/div>\n<div class=\"Texto\">Las instalaciones que se encuentren validadas por CBP (C-TPAT), de las cuales no se presente el\u00a0perfil de la empresa, deber\u00e1n de cumplir en todo momento, con los est\u00e1ndares m\u00ednimos en materia deseguridad establecidos en el\u00a0&#8220;Perfil de la empresa&#8221;,\u00a0conforme a lo previsto en la regla 7.2.1., tercerp\u00e1rrafo, fracci\u00f3n III, p\u00e1rrafo tercero y no estar sujetas a un proceso de suspensi\u00f3n o cancelaci\u00f3n porparte de CBP (C-TPAT).<\/div>\n<\/td>\n<\/tr>\n<tr>\n<td>\n<div class=\"Texto\"><\/div>\n<\/td>\n<\/tr>\n<\/tbody>\n<\/table>\n<div class=\"Texto\"><\/div>\n<div class=\"Texto\">19.3. Se\u00f1ale si ha operado durante los \u00faltimos 3 a\u00f1os como empresa extranjera al amparo de otra\u00a0empresa con Programa IMMEX en la modalidad de albergue.<\/div>\n<table>\n<tbody>\n<tr>\n<td>\n<div class=\"Texto\"><\/div>\n<\/td>\n<td>\n<div class=\"Texto\">SI<\/div>\n<\/td>\n<td>\n<div class=\"Texto\"><\/div>\n<\/td>\n<td>\n<div class=\"Texto\">NO<\/div>\n<\/td>\n<\/tr>\n<\/tbody>\n<\/table>\n<div class=\"Texto\"><\/div>\n<div class=\"Texto\">19.4. Contrato celebrado por un m\u00ednimo de 3 a\u00f1os con la empresa que cuenta con el Programa\u00a0IMMEX\u00a0bajo la modalidad de albergue.<\/div>\n<table>\n<tbody>\n<tr>\n<td>\n<div class=\"Texto\"><\/div>\n<\/td>\n<td>\n<div class=\"Texto\">Anexar copia del contrato celebrado por un m\u00ednimo de 3 a\u00f1os con la empresa que cuenta con elprograma IMMEX bajo la modalidad de albergue.<\/div>\n<\/td>\n<\/tr>\n<\/tbody>\n<\/table>\n<div class=\"Texto\"><\/div>\n<table>\n<tbody>\n<tr>\n<td>\n<div class=\"Texto\">20. MODALIDAD SOCIO COMERCIAL CERTIFICADO, RUBROS: AUTO TRANSPORTISTA\u00a0TERRESTRE, AGENTE ADUANAL, TRANSPORTISTA FERROVIARIO, PARQUE INDUSTRIAL,\u00a0RECINTO FISCALIZADO Y MENSAJER\u00cdA Y PAQUETER\u00cdA:<\/div>\n<\/td>\n<\/tr>\n<\/tbody>\n<\/table>\n<div class=\"Texto\"><\/div>\n<table>\n<tbody>\n<tr>\n<td>\n<div class=\"Texto\">20.1. MODALIDAD SOCIO COMERCIAL CERTIFICADO RUBRO AUTO TRANSPORTISTA\u00a0TERRESTRE:<\/div>\n<\/td>\n<\/tr>\n<\/tbody>\n<\/table>\n<div class=\"Texto\"><\/div>\n<div class=\"Texto\">Las empresas que aspiren a obtener la certificaci\u00f3n bajo la modalidad de Socio Comercial Certificado en el\u00a0rubro de Auto Transportista Terrestre, deber\u00e1n cumplir los requisitos a que se refiere la regla 7.1.1., con\u00a0excepci\u00f3n de lo establecido en las fracciones VIII, X, , XI y XIV, as\u00ed como acreditar el requisito a que se refiere\u00a0la regla 7.1.4., primer p\u00e1rrafo, fracci\u00f3n I; y con los est\u00e1ndares m\u00ednimos en materia de seguridad a que se\u00a0refiere el art\u00edculo 100-A, tercer p\u00e1rrafo de la Ley, con lo siguiente:<\/div>\n<div class=\"Texto\">20.2. Se\u00f1ale si realiza operaciones de autotransporte federal de carga.<\/div>\n<table>\n<tbody>\n<tr>\n<td>\n<div class=\"Texto\"><\/div>\n<\/td>\n<td>\n<div class=\"Texto\">SI<\/div>\n<\/td>\n<td>\n<div class=\"Texto\"><\/div>\n<\/td>\n<td>\n<div class=\"Texto\">NO<\/div>\n<\/td>\n<\/tr>\n<\/tbody>\n<\/table>\n<div class=\"Texto\"><\/div>\n<table>\n<tbody>\n<tr>\n<td>\n<div class=\"Texto\"><\/div>\n<\/td>\n<td>\n<div class=\"Texto\">Anexar el formato denominado\u00a0&#8220;Perfil del Auto Transportista Terrestre&#8221;\u00a0debidamente llenado y en\u00a0medio magn\u00e9tico, cumpliendo con los est\u00e1ndares m\u00ednimos en materia de seguridad establecidos en el\u00a0formato citado.<\/div>\n<\/td>\n<\/tr>\n<\/tbody>\n<\/table>\n<div class=\"Texto\"><\/div>\n<div class=\"Texto\">20.3. Se\u00f1ale si a la fecha de presentaci\u00f3n de su solicitud cuenta con 2 a\u00f1os como m\u00ednimo de\u00a0experiencia en la prestaci\u00f3n de servicios de autotransporte de mercanc\u00edas.<\/div>\n<table>\n<tbody>\n<tr>\n<td>\n<div class=\"Texto\"><\/div>\n<\/td>\n<td>\n<div class=\"Texto\">SI<\/div>\n<\/td>\n<td>\n<div class=\"Texto\"><\/div>\n<\/td>\n<td>\n<div class=\"Texto\">NO<\/div>\n<\/td>\n<\/tr>\n<\/tbody>\n<\/table>\n<div class=\"Texto\"><\/div>\n<div class=\"Texto\">20.4. Contar con el permiso vigente, expedido por la SCT para prestar el servicio de autotransporte\u00a0federal de carga.<\/div>\n<table>\n<tbody>\n<tr>\n<td>\n<div class=\"Texto\"><\/div>\n<\/td>\n<td>\n<div class=\"Texto\">Anexar copia del documento expedido por la SCT, con el que acredite que cuenta con el permisovigente, para prestar el servicio de autotransporte federal de carga.<\/div>\n<\/td>\n<\/tr>\n<\/tbody>\n<\/table>\n<div class=\"Texto\"><\/div>\n<div class=\"Texto\">20.5. Declaraci\u00f3n bajo protesta de decir verdad, respecto del n\u00famero de unidades propias o\u00a0arrendadas, que utiliza para la prestaci\u00f3n del servicio.<\/div>\n<table>\n<tbody>\n<tr>\n<td>\n<div class=\"Texto\"><\/div>\n<\/td>\n<td>\n<div class=\"Texto\">Anexar escrito libre en donde se declare bajo protesta de decir verdad la cantidad de unidades con lasque cuenta la solicitante y cuantas son propias y cuantas arrendadas.<\/div>\n<\/td>\n<\/tr>\n<tr>\n<td>\n<div class=\"Texto\"><\/div>\n<\/td>\n<td>\n<div class=\"Texto\"><\/div>\n<\/td>\n<\/tr>\n<tr>\n<td>\n<div class=\"Texto\"><\/div>\n<\/td>\n<td>\n<div class=\"Texto\">Anexar el contrato con el que acredite las unidades arrendadas.<\/div>\n<\/td>\n<\/tr>\n<\/tbody>\n<\/table>\n<div class=\"Texto\"><\/div>\n<div class=\"Texto\">20.6. Se\u00f1ale si los medios de transporte que utilizar\u00e1 para el traslado de las mercanc\u00edas de\u00a0importaci\u00f3n, cuentan con sistemas de rastreo.<\/div>\n<table>\n<tbody>\n<tr>\n<td>\n<div class=\"Texto\"><\/div>\n<\/td>\n<td>\n<div class=\"Texto\">SI<\/div>\n<\/td>\n<td>\n<div class=\"Texto\"><\/div>\n<\/td>\n<td>\n<div class=\"Texto\">NO<\/div>\n<\/td>\n<\/tr>\n<\/tbody>\n<\/table>\n<div class=\"Texto\"><\/div>\n<div class=\"Texto\">20.7. Se\u00f1ale si a la fecha de presentaci\u00f3n de su solicitud cuenta con el registro CAAT.<\/div>\n<table>\n<tbody>\n<tr>\n<td>\n<div class=\"Texto\"><\/div>\n<\/td>\n<td>\n<div class=\"Texto\">SI<\/div>\n<\/td>\n<td>\n<div class=\"Texto\"><\/div>\n<\/td>\n<td>\n<div class=\"Texto\">NO<\/div>\n<\/td>\n<\/tr>\n<\/tbody>\n<\/table>\n<div class=\"Texto\"><\/div>\n<table>\n<tbody>\n<tr>\n<td>\n<div class=\"Texto\">Fecha de registro:<\/div>\n<\/td>\n<td>\n<div class=\"Texto\">(A, AA o AAA)<\/div>\n<\/td>\n<\/tr>\n<tr>\n<td>\n<div class=\"Texto\">N\u00famero de Registro del CAAT:<\/div>\n<\/td>\n<td>\n<div class=\"Texto\">(n\u00famero)<\/div>\n<\/td>\n<\/tr>\n<\/tbody>\n<\/table>\n<div class=\"Texto\"><\/div>\n<table>\n<tbody>\n<tr>\n<td>\n<div class=\"Texto\">21. MODALIDAD SOCIO COMERCIAL CERTIFICADO AUTO TRANSPORTISTA TERRESTRE Y QUESEAN SOCIOS DEL PROGRAMA DENOMINADO C-TPAT.<\/div>\n<\/td>\n<\/tr>\n<\/tbody>\n<\/table>\n<div class=\"Texto\"><\/div>\n<div class=\"Texto\">Las empresas Auto Transportistas Terrestres que soliciten el Registro en el Esquema de Certificaci\u00f3n de\u00a0Empresas en la modalidad de Socio Comercial Certificado que sean socios del programa denominado\u00a0C-TPAT, otorgado por la CBP y est\u00e9n localizados ante el RFC podr\u00e1n acreditar el requisito establecido en la\u00a0regla 7.1.5., primer p\u00e1rrafo, fracci\u00f3n I, inciso b), conforme a lo siguiente:<\/div>\n<table>\n<tbody>\n<tr>\n<td>\n<div class=\"Texto\"><\/div>\n<\/td>\n<td>\n<div class=\"Texto\">Anexar el reporte de validaci\u00f3n emitido en un periodo no mayor a 3 a\u00f1os a la fecha que se presente lasolicitud, a trav\u00e9s del cual acredite a la solicitante como socio del programa CBP (C-TPAT), con\u00a0estatus certificado-validado, para cada una de las instalaciones validadas por CBP (C-TPAT), as\u00ed\u00a0como anexar su correspondiente traducci\u00f3n simple al espa\u00f1ol.<\/div>\n<\/td>\n<\/tr>\n<\/tbody>\n<\/table>\n<div class=\"Texto\"><\/div>\n<div class=\"Texto\">21.1. Se\u00f1ale si autoriz\u00f3 a CBP (C-TPAT) a compartir informaci\u00f3n con M\u00e9xico, a trav\u00e9s de su portal\u00a0de C-TPAT o del mecanismo que la autoridad de dicho pa\u00eds defina:<\/div>\n<table>\n<tbody>\n<tr>\n<td>\n<div class=\"Texto\"><\/div>\n<\/td>\n<td>\n<div class=\"Texto\">SI<\/div>\n<\/td>\n<td>\n<div class=\"Texto\"><\/div>\n<\/td>\n<td>\n<div class=\"Texto\">NO<\/div>\n<\/td>\n<\/tr>\n<\/tbody>\n<\/table>\n<div class=\"Texto\"><\/div>\n<div class=\"Texto\">21.2. Se\u00f1ale si las instalaciones que cuentan con la certificaci\u00f3n de CBP (C-TPAT) y de las cuales\u00a0no se deber\u00e1 de presentar el\u00a0&#8220;Perfil de Auto Transportista Terrestre&#8221;, cumplen con los est\u00e1ndares\u00a0m\u00ednimos en materia de seguridad:<\/div>\n<table>\n<tbody>\n<tr>\n<td>\n<div class=\"Texto\"><\/div>\n<\/td>\n<td>\n<div class=\"Texto\">SI<\/div>\n<\/td>\n<td>\n<div class=\"Texto\"><\/div>\n<\/td>\n<td>\n<div class=\"Texto\">NO<\/div>\n<\/td>\n<\/tr>\n<\/tbody>\n<\/table>\n<div class=\"Texto\"><\/div>\n<div class=\"Texto\">21.3. Se\u00f1ale si a la fecha de la presentaci\u00f3n de su solicitud se encuentra sujeta a un proceso de\u00a0suspensi\u00f3n o cancelaci\u00f3n por parte de CBP (C-TPAT):<\/div>\n<table>\n<tbody>\n<tr>\n<td>\n<div class=\"Texto\"><\/div>\n<\/td>\n<td>\n<div class=\"Texto\">SI<\/div>\n<\/td>\n<td>\n<div class=\"Texto\"><\/div>\n<\/td>\n<td>\n<div class=\"Texto\">NO<\/div>\n<\/td>\n<\/tr>\n<\/tbody>\n<\/table>\n<div class=\"Texto\"><\/div>\n<table>\n<tbody>\n<tr>\n<td>\n<div class=\"Texto\"><\/div>\n<\/td>\n<td rowspan=\"2\">\n<div class=\"Texto\">Anexar el formato\u00a0&#8220;Perfil del Auto Transportista Terrestre&#8221;\u00a0y en medio magn\u00e9tico, \u00fanicamente por lasinstalaciones no validadas por CBP (C-TPAT).<\/div>\n<div class=\"Texto\">Las instalaciones que se encuentren validadas por CBP (C-TPAT).de las cuales no se presente el\u00a0Perfil del Auto Transportista Terrestre, deber\u00e1n de cumplir en todo momento, con los est\u00e1ndares\u00a0m\u00ednimos en materia de seguridad establecidos en el\u00a0&#8220;Perfil del Auto Transportista Terrestre&#8221;, conforme\u00a0a lo previsto en regla 7.2.1., cuarto p\u00e1rrafo, fracci\u00f3n II, p\u00e1rrafo tercero y no estar sujetas a un proceso\u00a0de suspensi\u00f3n o cancelaci\u00f3n por parte de CBP (C-TPAT).<\/div>\n<\/td>\n<\/tr>\n<tr>\n<td>\n<div class=\"Texto\"><\/div>\n<\/td>\n<\/tr>\n<\/tbody>\n<\/table>\n<div class=\"Texto\"><\/div>\n<table>\n<tbody>\n<tr>\n<td>\n<div class=\"Texto\">22. MODALIDAD SOCIO COMERCIAL CERTIFICADO RUBRO AGENTE ADUANAL:<\/div>\n<\/td>\n<\/tr>\n<\/tbody>\n<\/table>\n<div class=\"Texto\"><\/div>\n<div class=\"Texto\">Las personas f\u00edsicas que aspiren a obtener la certificaci\u00f3n bajo la modalidad de Socio Comercial\u00a0Certificado en el rubro Agente Aduanal, deber\u00e1n cumplir los requisitos a que se refiere la regla 7.1.1., con\u00a0excepci\u00f3n de lo establecido en las fracciones I, VIII, X, XI, XII y XIV; as\u00ed como acreditar el requisito a que se\u00a0refiere la regla 7.1.4., primer p\u00e1rrafo, fracci\u00f3n I, y con los est\u00e1ndares m\u00ednimos en materia de seguridad a que\u00a0se refiere el art\u00edculo 100-A, tercer p\u00e1rrafo de la Ley, con lo siguiente:<\/div>\n<table>\n<tbody>\n<tr>\n<td>\n<div class=\"Texto\"><\/div>\n<\/td>\n<td rowspan=\"2\">\n<div class=\"Texto\">Anexar el formato denominado\u00a0&#8220;Perfil del Agente Aduanal&#8221;\u00a0debidamente llenado\u00a0y en medio magn\u00e9tico\u00a0y, cumpliendo con los est\u00e1ndares m\u00ednimos en materia de seguridad establecidos en el formato citado.<\/div>\n<\/td>\n<\/tr>\n<tr>\n<td>\n<div class=\"Texto\"><\/div>\n<\/td>\n<\/tr>\n<\/tbody>\n<\/table>\n<div class=\"Texto\">22.1. Que sus mandatarios, se encuentren al corriente en el cumplimiento de sus obligaciones\u00a0fiscales, para lo cual se\u00f1alara el nombre de cada uno de sus mandatarios, su RFC y si se encuentran\u00a0al corriente en el cumplimiento de sus obligaciones fiscales:<\/div>\n<table>\n<tbody>\n<tr>\n<td>\n<div class=\"Texto\">Nombre<\/div>\n<\/td>\n<td>\n<div class=\"Texto\">RFC<\/div>\n<\/td>\n<td>\n<div class=\"Texto\">Se\u00f1ale si se encuentran al<br \/>\ncorriente en el<br \/>\ncumplimiento de sus<br \/>\nobligaciones fiscales<\/div>\n<\/td>\n<\/tr>\n<tr>\n<td>\n<div class=\"Texto\"><\/div>\n<\/td>\n<td>\n<div class=\"Texto\"><\/div>\n<\/td>\n<td>\n<div class=\"Texto\"><\/div>\n<\/td>\n<\/tr>\n<tr>\n<td>\n<div class=\"Texto\"><\/div>\n<\/td>\n<td>\n<div class=\"Texto\"><\/div>\n<\/td>\n<td>\n<div class=\"Texto\"><\/div>\n<\/td>\n<\/tr>\n<\/tbody>\n<\/table>\n<div class=\"Texto\"><\/div>\n<div class=\"Texto\"><\/div>\n<div class=\"Texto\">22.2. Se\u00f1ale si a la fecha de la presentaci\u00f3n de su solicitud la patente aduanal se encuentra activa:<\/div>\n<table>\n<tbody>\n<tr>\n<td>\n<div class=\"Texto\"><\/div>\n<\/td>\n<td>\n<div class=\"Texto\">SI<\/div>\n<\/td>\n<td>\n<div class=\"Texto\"><\/div>\n<\/td>\n<td>\n<div class=\"Texto\">NO<\/div>\n<\/td>\n<\/tr>\n<\/tbody>\n<\/table>\n<div class=\"Texto\">22.3. Se\u00f1ale si a la fecha de la presentaci\u00f3n la patente aduanal se encuentra sujeta a un proceso de\u00a0suspensi\u00f3n, cancelaci\u00f3n, extinci\u00f3n, inhabilitaci\u00f3n o suspensi\u00f3n voluntaria a que se refieren los\u00a0art\u00edculos 164, 165 y 166 de la Ley:<\/div>\n<table>\n<tbody>\n<tr>\n<td>\n<div class=\"Texto\"><\/div>\n<\/td>\n<td>\n<div class=\"Texto\">SI<\/div>\n<\/td>\n<td>\n<div class=\"Texto\"><\/div>\n<\/td>\n<td>\n<div class=\"Texto\">NO<\/div>\n<\/td>\n<\/tr>\n<\/tbody>\n<\/table>\n<div class=\"Texto\"><\/div>\n<div class=\"Texto\">22.4. Se\u00f1ale si la patente aduanal ha estado suspendida, cancelada, extinguida o inhabilitada en los\u00a03 a\u00f1os anteriores a la presentaci\u00f3n de su solicitud:<\/div>\n<table>\n<tbody>\n<tr>\n<td>\n<div class=\"Texto\"><\/div>\n<\/td>\n<td>\n<div class=\"Texto\">SI<\/div>\n<\/td>\n<td>\n<div class=\"Texto\"><\/div>\n<\/td>\n<td>\n<div class=\"Texto\">NO<\/div>\n<\/td>\n<\/tr>\n<\/tbody>\n<\/table>\n<div class=\"Texto\"><\/div>\n<div class=\"Texto\">22.5. En caso de haberse incorporado y\/o constituido una o m\u00e1s sociedades, en los t\u00e9rminos del\u00a0art\u00edculo 163, fracci\u00f3n II de la Ley, \u00e9stas deber\u00e1n encontrarse al corriente en el cumplimiento de\u00a0obligaciones fiscales, para lo cual deber\u00e1 se\u00f1alar el nombre y RFC de dichas sociedades:<\/div>\n<table>\n<tbody>\n<tr>\n<td>\n<div class=\"Texto\"><\/div>\n<\/td>\n<td>\n<div class=\"Texto\">SI<\/div>\n<\/td>\n<td>\n<div class=\"Texto\"><\/div>\n<\/td>\n<td>\n<div class=\"Texto\">NO<\/div>\n<\/td>\n<\/tr>\n<\/tbody>\n<\/table>\n<div class=\"Texto\"><\/div>\n<table>\n<tbody>\n<tr>\n<td>\n<div class=\"Texto\">Nombre Completo\u00a0(Nombre(s) y apellido(s),\u00a0sin abreviaturas)<\/div>\n<\/td>\n<td>\n<div class=\"Texto\">RFC<\/div>\n<\/td>\n<td>\n<div class=\"Texto\">Aduana en la que act\u00faa<\/div>\n<\/td>\n<\/tr>\n<tr>\n<td>\n<div class=\"Texto\"><\/div>\n<\/td>\n<td>\n<div class=\"Texto\"><\/div>\n<\/td>\n<td>\n<div class=\"Texto\"><\/div>\n<\/td>\n<\/tr>\n<tr>\n<td>\n<div class=\"Texto\"><\/div>\n<\/td>\n<td>\n<div class=\"Texto\"><\/div>\n<\/td>\n<td>\n<div class=\"Texto\"><\/div>\n<\/td>\n<\/tr>\n<\/tbody>\n<\/table>\n<div class=\"Texto\"><\/div>\n<div class=\"Texto\">22.6. Datos adicionales del agente aduanal.<\/div>\n<table>\n<tbody>\n<tr>\n<td>\n<div class=\"Texto\">Indicar lo siguiente:<\/div>\n<\/td>\n<td colspan=\"5\">\n<div class=\"Texto\">Respuesta.<\/div>\n<\/td>\n<\/tr>\n<tr>\n<td>\n<div class=\"Texto\">Aduana de adscripci\u00f3n.<\/div>\n<\/td>\n<td colspan=\"5\">\n<div class=\"Texto\"><\/div>\n<\/td>\n<\/tr>\n<tr>\n<td rowspan=\"3\">\n<div class=\"Texto\">Aduanas adicionales autorizadas.<\/div>\n<\/td>\n<td colspan=\"5\">\n<div class=\"Texto\"><\/div>\n<\/td>\n<\/tr>\n<tr>\n<td colspan=\"5\">\n<div class=\"Texto\"><\/div>\n<\/td>\n<\/tr>\n<tr>\n<td colspan=\"5\">\n<div class=\"Texto\"><\/div>\n<\/td>\n<\/tr>\n<tr>\n<td>\n<div class=\"Texto\">N\u00famero de trabajadores\u00a0registrados en el IMSS a la fecha\u00a0de esta solicitud.<\/div>\n<\/td>\n<td colspan=\"5\">\n<div class=\"Texto\"><\/div>\n<\/td>\n<\/tr>\n<tr>\n<td>\n<div class=\"Texto\">N\u00famero de trabajadores\u00a0registrados mediante contrato de\u00a0prestaci\u00f3n de servicios.<\/div>\n<\/td>\n<td colspan=\"5\">\n<div class=\"Texto\"><\/div>\n<\/td>\n<\/tr>\n<tr>\n<td>\n<div class=\"Texto\">Manifiesto que la patente querepresento, cuenta con un m\u00ednimo\u00a0de dos a\u00f1os de experiencia en laprestaci\u00f3n de servicios aduanales.<\/div>\n<\/td>\n<td>\n<div class=\"Texto\">SI<\/div>\n<\/td>\n<td>\n<div class=\"Texto\"><\/div>\n<\/td>\n<td>\n<div class=\"Texto\"><\/div>\n<\/td>\n<td>\n<div class=\"Texto\">No<\/div>\n<\/td>\n<td>\n<div class=\"Texto\"><\/div>\n<\/td>\n<\/tr>\n<\/tbody>\n<\/table>\n<div class=\"Texto\"><\/div>\n<div class=\"Texto\">22.7. Describa los servicios adicionales a la gesti\u00f3n aduanera que presta el Agente Aduanal\u00a0(Agregar las l\u00edneas que sean necesarias).<\/div>\n<table>\n<tbody>\n<tr>\n<td>\n<div class=\"Texto\"><\/div>\n<\/td>\n<\/tr>\n<\/tbody>\n<\/table>\n<div class=\"Texto\">22.8. Datos de las instalaciones de la agencia.<\/div>\n<div class=\"Texto\">Es necesario indicar todas las instalaciones que pertenecen a la patente del agente aduanal solicitante.<\/div>\n<table>\n<tbody>\n<tr>\n<td colspan=\"4\">\n<div class=\"Texto\">Nombre y tipo de las instalaciones.<\/div>\n<div class=\"Texto\">(Agregar las filas necesarias de acuerdo al n\u00famero de instalaciones).<\/div>\n<\/td>\n<\/tr>\n<tr>\n<td>\n<div class=\"Texto\">Nombre y\/o<br \/>\nDenominaci\u00f3n:<\/div>\n<\/td>\n<td>\n<div class=\"Texto\"><\/div>\n<\/td>\n<td>\n<div class=\"Texto\">Tipo de<br \/>\nInstalaci\u00f3n:<\/div>\n<\/td>\n<td>\n<div class=\"Texto\">(Agencia Aduanal, Patios, Talleres,almac\u00e9n, centro de distribuci\u00f3n,oficinas administrativas, etc.)<\/div>\n<\/td>\n<\/tr>\n<tr>\n<td>\n<div class=\"Texto\">Direcci\u00f3n:<\/div>\n<\/td>\n<td colspan=\"3\">\n<div class=\"Texto\"><\/div>\n<\/td>\n<\/tr>\n<tr>\n<td>\n<div class=\"Texto\"><\/div>\n<\/td>\n<td colspan=\"3\">\n<div class=\"Texto\"><\/div>\n<\/td>\n<\/tr>\n<tr>\n<td>\n<div class=\"Texto\">Nombre y\/o<br \/>\nDenominaci\u00f3n:<\/div>\n<\/td>\n<td>\n<div class=\"Texto\"><\/div>\n<\/td>\n<td>\n<div class=\"Texto\">Tipo de<br \/>\nInstalaci\u00f3n:<\/div>\n<\/td>\n<td>\n<div class=\"Texto\">(Agencia Aduanal, Patios, Talleres,almac\u00e9n, centro de distribuci\u00f3n,oficinas administrativas, etc.)<\/div>\n<\/td>\n<\/tr>\n<tr>\n<td>\n<div class=\"Texto\">Direcci\u00f3n:<\/div>\n<\/td>\n<td colspan=\"3\">\n<div class=\"Texto\"><\/div>\n<\/td>\n<\/tr>\n<\/tbody>\n<\/table>\n<div class=\"Texto\"><\/div>\n<table>\n<tbody>\n<tr>\n<td>\n<div class=\"Texto\">23. MODALIDAD SOCIO COMERCIAL CERTIFICADO RUBRO TRANSPORTISTA FERROVIARIO:<\/div>\n<\/td>\n<\/tr>\n<\/tbody>\n<\/table>\n<div class=\"Texto\"><\/div>\n<div class=\"Texto\">Las empresas que cuenten con concesi\u00f3n de servicio p\u00fablico de transporte ferroviario y que\u00a0tengan 2 a\u00f1os como m\u00ednimo de experiencia en la prestaci\u00f3n de servicios de transporte de mercanc\u00edas\u00a0por ferrocarril, anteriores a aqu\u00e9l en que soliciten el Registro del Esquema de Certificaci\u00f3n de\u00a0Empresas bajo la modalidad de Socio Comercial Certificado rubro Transportista Ferroviario, adem\u00e1s\u00a0de lo establecido en la regla 7.1.1., con excepci\u00f3n de las fracciones VIII, X, XI y XIV y en la regla\u00a07.1.4.,\u00a0primer p\u00e1rrafo, fracci\u00f3n I deber\u00e1n cumplir con lo siguiente:<\/div>\n<table>\n<tbody>\n<tr>\n<td>\n<div class=\"Texto\"><\/div>\n<\/td>\n<td>\n<div class=\"Texto\">Anexar el formato denominado\u00a0&#8220;Perfil del Transportista Ferroviario&#8221;, debidamente llenado y en mediomagn\u00e9tico, cumpliendo con los est\u00e1ndares m\u00ednimos en materia de seguridad establecidos en el\u00a0formato citado.<\/div>\n<\/td>\n<\/tr>\n<\/tbody>\n<\/table>\n<div class=\"Texto\"><\/div>\n<div class=\"Texto\">23.1. Contar con la concesi\u00f3n o el permiso vigente, expedido por la SCT para prestar el servicio de\u00a0transporte ferroviario de carga:<\/div>\n<table>\n<tbody>\n<tr>\n<td>\n<div class=\"Texto\"><\/div>\n<\/td>\n<td>\n<div class=\"Texto\">Anexar copia del documento expedido por la SCT, con el que acredite que cuenta con la concesi\u00f3n o elpermiso vigente para prestar el servicio de transporte ferroviario de carga.<\/div>\n<\/td>\n<\/tr>\n<\/tbody>\n<\/table>\n<div class=\"Texto\"><\/div>\n<div class=\"Texto\">23.2. Se\u00f1alar si a la fecha de presentaci\u00f3n de su solicitud cuenta con unidades propias,\u00a0arrendadas, en comodato u otra figura jur\u00eddica con la que acredite la posesi\u00f3n de las mismas (equipo\u00a0tractivo), que utiliza para la prestaci\u00f3n del servicio:<\/div>\n<table>\n<tbody>\n<tr>\n<td>\n<div class=\"Texto\"><\/div>\n<\/td>\n<td>\n<div class=\"Texto\">Anexar escrito libre en donde se declare bajo protesta de decir verdad que la cantidad de unidades\u00a0con las que cuenta la solicitante y cuantas son propias y cuantas arrendadas.<\/div>\n<\/td>\n<\/tr>\n<\/tbody>\n<\/table>\n<div class=\"Texto\"><\/div>\n<table>\n<tbody>\n<tr>\n<td>\n<div class=\"Texto\"><\/div>\n<\/td>\n<td>\n<div class=\"Texto\">Anexar el contrato con el que acredite las unidades arrendadas.<\/div>\n<\/td>\n<\/tr>\n<\/tbody>\n<\/table>\n<div class=\"Texto\"><\/div>\n<table>\n<tbody>\n<tr>\n<td>\n<div class=\"Texto\">Manifiesto que se cuentan con 2 a\u00f1os como m\u00ednimo de experiencia\u00a0en la prestaci\u00f3n de servicios de transporte de mercanc\u00edas por\u00a0ferrocarril.<\/div>\n<\/td>\n<td>\n<div class=\"Texto\">SI<\/div>\n<\/td>\n<td>\n<div class=\"Texto\"><\/div>\n<\/td>\n<td>\n<div class=\"Texto\"><\/div>\n<\/td>\n<td>\n<div class=\"Texto\">No<\/div>\n<\/td>\n<td>\n<div class=\"Texto\"><\/div>\n<\/td>\n<\/tr>\n<\/tbody>\n<\/table>\n<div class=\"Texto\"><\/div>\n<div class=\"Texto\">23.3. Se\u00f1ale si los medios de transporte para el traslado de las mercanc\u00edas, cuentan con sistemas\u00a0de rastreo conforme a lo establecido en el formato denominado\u00a0&#8220;Perfil del Transportista Ferroviario&#8221;.<\/div>\n<table>\n<tbody>\n<tr>\n<td>\n<div class=\"Texto\"><\/div>\n<\/td>\n<td>\n<div class=\"Texto\">SI<\/div>\n<\/td>\n<td>\n<div class=\"Texto\"><\/div>\n<\/td>\n<td>\n<div class=\"Texto\">NO<\/div>\n<\/td>\n<\/tr>\n<\/tbody>\n<\/table>\n<div class=\"Texto\"><\/div>\n<table>\n<tbody>\n<tr>\n<td>\n<div class=\"Texto\">24. MODALIDAD SOCIO COMERCIAL CERTIFICADO RUBRO PARQUE INDUSTRIAL:<\/div>\n<\/td>\n<\/tr>\n<\/tbody>\n<\/table>\n<div class=\"Texto\">Las empresas que soliciten el Registro en el Esquema de Certificaci\u00f3n de Empresas bajo la\u00a0modalidad de Socio Comercial Certificado en el rubro Parque Industrial, deber\u00e1n cumplir\u00a0adicionalmente a los requisitos establecidos en la regla 7.1.1., con excepci\u00f3n de las fracciones VIII, X,\u00a0XI y XIV, y con lo se\u00f1alado en la regla 7.1.4., primer p\u00e1rrafo, fracci\u00f3n I, as\u00ed como con los est\u00e1ndares\u00a0m\u00ednimos en materia de seguridad a que se refiere el art\u00edculo 100-A, tercer p\u00e1rrafo de la Ley, con lo\u00a0siguiente:<\/div>\n<div class=\"Texto\"><\/div>\n<table>\n<tbody>\n<tr>\n<td>\n<div class=\"Texto\"><\/div>\n<\/td>\n<td>\n<div class=\"Texto\">Anexar el formato denominado\u00a0&#8220;Perfil de Parques Industriales&#8221;, debidamente llenado por cada ParqueIndustrial que alberguen las empresas o las instalaciones que pertenezcan al mismo RFC delcorporativo, donde se realicen las operaciones de comercio exterior; y en medio magn\u00e9tico,\u00a0cumpliendo con los est\u00e1ndares m\u00ednimos en materia de seguridad establecidos en el formato citado.<\/div>\n<\/td>\n<\/tr>\n<\/tbody>\n<\/table>\n<div class=\"Texto\"><\/div>\n<div class=\"Texto\">24.1. Se\u00f1ale el nombre y\/o denominaci\u00f3n de cada Parque Industrial del que se solicite el registro y\u00a0que pertenezcan y operen bajo el mismo RFC del corporativo. Las instalaciones albergadas pueden\u00a0ser plantas industriales, almacenes, centros de distribuci\u00f3n, etc. y deben realizar operaciones de\u00a0comercio exterior.\u00a0(A\u00f1ada cuantas filas sean necesarias)<\/div>\n<table>\n<tbody>\n<tr>\n<td>\n<div class=\"Texto\">Nombre y\/o<br \/>\nDenominaci\u00f3n del<br \/>\nParque Industrial<\/div>\n<\/td>\n<td>\n<div class=\"Texto\">RFC<\/div>\n<\/td>\n<td>\n<div class=\"Texto\">Tipo de<br \/>\ninstalaci\u00f3n<\/div>\n<\/td>\n<td>\n<div class=\"Texto\">Direcci\u00f3n de la instalaci\u00f3n<\/div>\n<\/td>\n<\/tr>\n<tr>\n<td>\n<div class=\"Texto\"><\/div>\n<\/td>\n<td>\n<div class=\"Texto\"><\/div>\n<\/td>\n<td>\n<div class=\"Texto\"><\/div>\n<\/td>\n<td>\n<div class=\"Texto\"><\/div>\n<\/td>\n<\/tr>\n<tr>\n<td>\n<div class=\"Texto\"><\/div>\n<\/td>\n<td>\n<div class=\"Texto\"><\/div>\n<\/td>\n<td>\n<div class=\"Texto\"><\/div>\n<\/td>\n<td>\n<div class=\"Texto\"><\/div>\n<\/td>\n<\/tr>\n<\/tbody>\n<\/table>\n<div class=\"Texto\"><\/div>\n<div class=\"Texto\">24.2. Contar con la Manifestaci\u00f3n de impacto ambiental:<\/div>\n<table>\n<tbody>\n<tr>\n<td>\n<div class=\"Texto\"><\/div>\n<\/td>\n<td>\n<div class=\"Texto\">Anexar documento emitido por la SEMARNAT sobre el impacto ambiental de acuerdo a la norma\u00a0NMX-R-046-SCFI-2015<\/div>\n<\/td>\n<\/tr>\n<\/tbody>\n<\/table>\n<div class=\"Texto\"><\/div>\n<table>\n<tbody>\n<tr>\n<td>\n<div class=\"Texto\">25. MODALIDAD SOCIO COMERCIAL CERTIFICADO RUBRO RECINTO FISCALIZADO:<\/div>\n<\/td>\n<\/tr>\n<\/tbody>\n<\/table>\n<div class=\"Texto\">Las empresas que aspiren a obtener la certificaci\u00f3n bajo la modalidad de Socio Comercial\u00a0Certificado en el rubro Recinto Fiscalizado, deber\u00e1n cumplir adicionalmente a los requisitos\u00a0establecidos en la regla 7.1.1., con excepci\u00f3n de las fracciones VIII, X, XI, con lo se\u00f1alado en la regla\u00a07.1.4, primer p\u00e1rrafo, fracci\u00f3n I.<\/div>\n<div class=\"Texto\"><\/div>\n<table>\n<tbody>\n<tr>\n<td>\n<div class=\"Texto\"><\/div>\n<\/td>\n<td>\n<div class=\"Texto\">Anexar el formato denominado\u00a0&#8220;Perfil del Recinto Fiscalizado&#8221;, debidamente llenado y en mediomagn\u00e9tico, por cada Recinto Fiscalizado.<\/div>\n<\/td>\n<\/tr>\n<\/tbody>\n<\/table>\n<div class=\"Texto\"><\/div>\n<div class=\"Texto\">25.1. Se\u00f1ale si al momento de la presentaci\u00f3n de su solicitud cuenta con la autorizaci\u00f3n de Recinto\u00a0Fiscalizado.<\/div>\n<table>\n<tbody>\n<tr>\n<td>\n<div class=\"Texto\"><\/div>\n<\/td>\n<td>\n<div class=\"Texto\">SI<\/div>\n<\/td>\n<td>\n<div class=\"Texto\"><\/div>\n<\/td>\n<td>\n<div class=\"Texto\">NO<\/div>\n<\/td>\n<\/tr>\n<\/tbody>\n<\/table>\n<div class=\"Texto\"><\/div>\n<div class=\"Texto\">Indique el fin de vigencia y el n\u00famero de oficio con el cual se le otorg\u00f3 la autorizaci\u00f3n de Recinto\u00a0Fiscalizado:<\/div>\n<table>\n<tbody>\n<tr>\n<td>\n<div class=\"Texto\">Fecha de fin de vigencia:<\/div>\n<\/td>\n<td>\n<div class=\"Texto\">DD\/MM\/AAAA<\/div>\n<\/td>\n<\/tr>\n<tr>\n<td>\n<div class=\"Texto\">N\u00famero de oficio de autorizaci\u00f3n:<\/div>\n<\/td>\n<td>\n<div class=\"Texto\"><\/div>\n<\/td>\n<\/tr>\n<\/tbody>\n<\/table>\n<div class=\"Texto\"><\/div>\n<table>\n<tbody>\n<tr>\n<td>\n<div class=\"Texto\"><\/div>\n<\/td>\n<td>\n<div class=\"Texto\">Anexe copia simple del oficio mediante el cual se le otorg\u00f3 la autorizaci\u00f3n para la elaboraci\u00f3n,transformaci\u00f3n o reparaci\u00f3n en recinto fiscalizado.<\/div>\n<\/td>\n<\/tr>\n<\/tbody>\n<\/table>\n<div class=\"Texto\"><\/div>\n<div class=\"Texto\">25.2. Se\u00f1ale si al momento de la presentaci\u00f3n de su solicitud se encuentra sujeto a un proceso de\u00a0cancelaci\u00f3n de la autorizaci\u00f3n de Recinto Fiscalizado.<\/div>\n<table>\n<tbody>\n<tr>\n<td>\n<div class=\"Texto\"><\/div>\n<\/td>\n<td>\n<div class=\"Texto\">SI<\/div>\n<\/td>\n<td>\n<div class=\"Texto\"><\/div>\n<\/td>\n<td>\n<div class=\"Texto\">NO<\/div>\n<\/td>\n<\/tr>\n<\/tbody>\n<\/table>\n<div class=\"Texto\"><\/div>\n<table>\n<tbody>\n<tr>\n<td>\n<div class=\"Texto\">26. MODALIDAD SOCIO COMERCIAL CERTIFICADO RUBRO MENSAJER\u00cdA Y PAQUETER\u00cdA:<\/div>\n<\/td>\n<\/tr>\n<\/tbody>\n<\/table>\n<div class=\"Texto\">Las empresas interesadas en obtener el registro en el esquema de certificaci\u00f3n de empresas en la\u00a0modalidad de Socio Comercial Certificado bajo el rubro de mensajer\u00eda y paqueter\u00eda, adem\u00e1s de lo\u00a0establecido en la regla 7.1.1.,\u00a0deber\u00e1n anexar lo siguiente:<\/div>\n<table>\n<tbody>\n<tr>\n<td>\n<div class=\"Texto\"><\/div>\n<\/td>\n<td>\n<div class=\"Texto\">Anexar el formato denominado\u00a0&#8220;Perfil de la empresa de Mensajer\u00eda y Paqueter\u00eda&#8221;, debidamente\u00a0llenado y en medio magn\u00e9tico, cumpliendo con los est\u00e1ndares m\u00ednimos en materia de seguridad\u00a0establecidos en el formato citado.<\/div>\n<\/td>\n<\/tr>\n<\/tbody>\n<\/table>\n<div class=\"Texto\"><\/div>\n<div class=\"Texto\">26.1. Marque con una\u00a0&#8220;X&#8221;\u00a0a quien pertenecen las aeronaves en las que realizan la transportaci\u00f3n de\u00a0documento y mercanc\u00edas:<\/div>\n<table>\n<tbody>\n<tr>\n<td>\n<div class=\"Texto\">Propias<\/div>\n<\/td>\n<td>\n<div class=\"Texto\"><\/div>\n<\/td>\n<\/tr>\n<tr>\n<td>\n<div class=\"Texto\">Subsidiaria<\/div>\n<\/td>\n<td>\n<div class=\"Texto\"><\/div>\n<\/td>\n<\/tr>\n<tr>\n<td>\n<div class=\"Texto\">Filial<\/div>\n<\/td>\n<td>\n<div class=\"Texto\"><\/div>\n<\/td>\n<\/tr>\n<tr>\n<td>\n<div class=\"Texto\">Matriz<\/div>\n<\/td>\n<td>\n<div class=\"Texto\"><\/div>\n<\/td>\n<\/tr>\n<\/tbody>\n<\/table>\n<div class=\"Texto\"><\/div>\n<div class=\"Texto\">Indique el nombre de la due\u00f1a de las aeronaves en las que realizan la transportaci\u00f3n de\u00a0documentos y mercanc\u00edas.(A\u00f1ada cuantas casillas sean necesarias)<\/div>\n<table>\n<tbody>\n<tr>\n<td>\n<div class=\"Texto\">Nombre<\/div>\n<\/td>\n<td>\n<div class=\"Texto\">Subsidiaria, Filial o Matriz<\/div>\n<\/td>\n<\/tr>\n<tr>\n<td>\n<div class=\"Texto\"><\/div>\n<\/td>\n<td>\n<div class=\"Texto\"><\/div>\n<\/td>\n<\/tr>\n<tr>\n<td>\n<div class=\"Texto\"><\/div>\n<\/td>\n<td>\n<div class=\"Texto\"><\/div>\n<\/td>\n<\/tr>\n<tr>\n<td>\n<div class=\"Texto\"><\/div>\n<\/td>\n<td>\n<div class=\"Texto\"><\/div>\n<\/td>\n<\/tr>\n<\/tbody>\n<\/table>\n<div class=\"Texto\"><\/div>\n<table>\n<tbody>\n<tr>\n<td>\n<div class=\"Texto\"><\/div>\n<\/td>\n<td>\n<div class=\"Texto\">Anexar contrato de servicios, con una vigencia m\u00ednima de 5 a\u00f1os y no menor a un a\u00f1o a la fecha de susolicitud, celebrado de forma directa o a trav\u00e9s de sus matrices, filiales o subsidiarias, con unconcesionario o permisionario debidamente autorizado por la SCT, mediante el cual pongan adisposici\u00f3n para uso dedicado de las actividades de la empresa de mensajer\u00eda o paqueter\u00eda al menos\u00a030 aeronaves y que provea frecuencias regulares a los aeropuertos donde dicha empresa realiza eldespacho de los documentos o mercanc\u00edas.<\/div>\n<\/td>\n<\/tr>\n<\/tbody>\n<\/table>\n<div class=\"Texto\"><\/div>\n<table>\n<tbody>\n<tr>\n<td>\n<div class=\"Texto\"><\/div>\n<\/td>\n<td>\n<div class=\"Texto\">Anexar documento emitido por la Direcci\u00f3n General de Aeron\u00e1utica Civil de la SCT a favor de laconcesionaria o permisionaria con el que acredite que tienen autorizadas o registradas las rutas\u00a0a\u00e9reas o aerov\u00edas dentro del espacio a\u00e9reo nacional.<\/div>\n<\/td>\n<\/tr>\n<\/tbody>\n<\/table>\n<div class=\"Texto\">26.2. Marque con una\u00a0&#8220;X&#8221;\u00a0quien opera el transporte de aeronaves:<\/div>\n<table>\n<tbody>\n<tr>\n<td>\n<div class=\"Texto\">Solicitante<\/div>\n<\/td>\n<td>\n<div class=\"Texto\"><\/div>\n<\/td>\n<\/tr>\n<tr>\n<td>\n<div class=\"Texto\">Subsidiaria<\/div>\n<\/td>\n<td>\n<div class=\"Texto\"><\/div>\n<\/td>\n<\/tr>\n<tr>\n<td>\n<div class=\"Texto\">Filial<\/div>\n<\/td>\n<td>\n<div class=\"Texto\"><\/div>\n<\/td>\n<\/tr>\n<tr>\n<td>\n<div class=\"Texto\">Matriz<\/div>\n<\/td>\n<td>\n<div class=\"Texto\"><\/div>\n<\/td>\n<\/tr>\n<\/tbody>\n<\/table>\n<div class=\"Texto\"><\/div>\n<table>\n<tbody>\n<tr>\n<td>\n<div class=\"Texto\"><\/div>\n<\/td>\n<td>\n<div class=\"Texto\">Anexar documento emitido por la Direcci\u00f3n General de Aeron\u00e1utica Civil de la SCT con el que acrediteque cuenta con el registro de rutas a\u00e9reas o aerov\u00edas dentro del espacio a\u00e9reo nacional.<\/div>\n<\/td>\n<\/tr>\n<\/tbody>\n<\/table>\n<div class=\"Texto\"><\/div>\n<div class=\"Texto\">26.3. Se\u00f1ale si al momento de la presentaci\u00f3n de su solicitud cuenta con la concesi\u00f3n o\u00a0autorizaci\u00f3n para prestar los servicios de manejo, almacenaje y custodia de mercanc\u00edas de comercio\u00a0exterior de conformidad con los art\u00edculos 14 y 14-A de la Ley.<\/div>\n<table>\n<tbody>\n<tr>\n<td>\n<div class=\"Texto\"><\/div>\n<\/td>\n<td>\n<div class=\"Texto\">SI<\/div>\n<\/td>\n<td>\n<div class=\"Texto\"><\/div>\n<\/td>\n<td>\n<div class=\"Texto\">NO<\/div>\n<\/td>\n<\/tr>\n<\/tbody>\n<\/table>\n<div class=\"texto\"><\/div>\n<div class=\"Texto\">Indique el fin de vigencia y el n\u00famero de oficio con el cual se le otorg\u00f3 la concesi\u00f3n o autorizaci\u00f3n\u00a0para prestar los servicios de manejo, almacenaje y custodia de mercanc\u00edas de comercio exterior de\u00a0conformidad con los art\u00edculos 14 y 14-A de la Ley.<\/div>\n<table>\n<tbody>\n<tr>\n<td>\n<div class=\"Texto\">Fecha de fin de vigencia:<\/div>\n<\/td>\n<td>\n<div class=\"Texto\">DD\/MM\/AAAA<\/div>\n<\/td>\n<\/tr>\n<tr>\n<td>\n<div class=\"Texto\">N\u00famero de oficio de autorizaci\u00f3n:<\/div>\n<\/td>\n<td>\n<div class=\"Texto\"><\/div>\n<\/td>\n<\/tr>\n<\/tbody>\n<\/table>\n<div class=\"texto\"><\/div>\n<div class=\"Texto\">26.4. Se\u00f1ale si a la fecha de presentaci\u00f3n de su solicitud cuenta con una inversi\u00f3n m\u00ednima de\u00a0activos fijos por un monto equivalente en moneda nacional a 1\u00b4000,000 de d\u00f3lares.<\/div>\n<table>\n<tbody>\n<tr>\n<td>\n<div class=\"Texto\"><\/div>\n<\/td>\n<td>\n<div class=\"Texto\">SI<\/div>\n<\/td>\n<td>\n<div class=\"Texto\"><\/div>\n<\/td>\n<td>\n<div class=\"Texto\">NO<\/div>\n<\/td>\n<\/tr>\n<\/tbody>\n<\/table>\n<div class=\"Texto\"><\/div>\n<table>\n<tbody>\n<tr>\n<td>\n<div class=\"Texto\"><\/div>\n<\/td>\n<td>\n<div class=\"Texto\">Anexar documento con el que acredite que a la fecha de presentaci\u00f3n de su solicitud cuenta con unainversi\u00f3n m\u00ednima de activos fijos por un monto equivalente en moneda nacional a 1\u00b4000,000 de\u00a0d\u00f3lares.<\/div>\n<\/td>\n<\/tr>\n<\/tbody>\n<\/table>\n<div class=\"Texto\"><\/div>\n<div class=\"Texto\">26.5. Se\u00f1ale si para efectos del presente rubro se acredita en grupo.<\/div>\n<table>\n<tbody>\n<tr>\n<td>\n<div class=\"Texto\"><\/div>\n<\/td>\n<td>\n<div class=\"Texto\">SI<\/div>\n<\/td>\n<td>\n<div class=\"Texto\"><\/div>\n<\/td>\n<td>\n<div class=\"Texto\">NO<\/div>\n<\/td>\n<\/tr>\n<\/tbody>\n<\/table>\n<div class=\"Texto\"><\/div>\n<div class=\"Texto\">Indique el nombre de las empresas que forman parte del grupo.\u00a0(A\u00f1ada cuantas casillas sean\u00a0necesarias)<\/div>\n<table>\n<tbody>\n<tr>\n<td>\n<div class=\"Texto\">Nombre<\/div>\n<\/td>\n<td>\n<div class=\"Texto\">RFC<\/div>\n<\/td>\n<\/tr>\n<tr>\n<td>\n<div class=\"Texto\"><\/div>\n<\/td>\n<td>\n<div class=\"Texto\"><\/div>\n<\/td>\n<\/tr>\n<tr>\n<td>\n<div class=\"Texto\"><\/div>\n<\/td>\n<td>\n<div class=\"Texto\"><\/div>\n<\/td>\n<\/tr>\n<tr>\n<td>\n<div class=\"Texto\"><\/div>\n<\/td>\n<td>\n<div class=\"Texto\"><\/div>\n<\/td>\n<\/tr>\n<\/tbody>\n<\/table>\n<div class=\"Texto\"><\/div>\n<div class=\"Texto\">26.6. Indique el nombre de las empresas que forman parte del grupo que cuenta con las aeronaves.\u00a0(A\u00f1ada cuantas casillas sean necesarias)<\/div>\n<table>\n<tbody>\n<tr>\n<td>\n<div class=\"Texto\">Nombre<\/div>\n<\/td>\n<td>\n<div class=\"Texto\">RFC<\/div>\n<\/td>\n<\/tr>\n<tr>\n<td>\n<div class=\"Texto\"><\/div>\n<\/td>\n<td>\n<div class=\"Texto\"><\/div>\n<\/td>\n<\/tr>\n<tr>\n<td>\n<div class=\"Texto\"><\/div>\n<\/td>\n<td>\n<div class=\"Texto\"><\/div>\n<\/td>\n<\/tr>\n<tr>\n<td>\n<div class=\"Texto\"><\/div>\n<\/td>\n<td>\n<div class=\"Texto\"><\/div>\n<\/td>\n<\/tr>\n<\/tbody>\n<\/table>\n<div class=\"Texto\"><\/div>\n<table>\n<tbody>\n<tr>\n<td>\n<div class=\"Texto\"><\/div>\n<\/td>\n<td>\n<div class=\"Texto\">Anexar documento con el que acredite que cuentan con aeronaves para la transportaci\u00f3n dedocumentos y mercanc\u00edas, mediante contrato de servicios, celebrado de forma directa o a trav\u00e9s de\u00a0una empresa operadora que forme parte del mismo grupo, que cuente con concesi\u00f3n o permiso\u00a0autorizado por la SCT, mediante el cual ponga a su disposici\u00f3n para uso exclusivo de las actividades\u00a0de mensajer\u00eda y paqueter\u00eda al menos tres aeronaves y provea frecuencias regulares a los aeropuertos\u00a0donde las empresas de mensajer\u00eda y paqueter\u00eda realizan el despacho de los documentos o\u00a0mercanc\u00edas.<\/div>\n<\/td>\n<\/tr>\n<\/tbody>\n<\/table>\n<div class=\"Texto\"><\/div>\n<table>\n<tbody>\n<tr>\n<td>\n<div class=\"Texto\"><\/div>\n<\/td>\n<td>\n<div class=\"Texto\">Anexar permiso por parte de la SCT emitido a favor de la empresa que forma parte del grupo.<\/div>\n<\/td>\n<\/tr>\n<\/tbody>\n<\/table>\n<div class=\"Texto\"><\/div>\n<div class=\"Texto\">26.7. Indique el nombre de las empresas que forman parte del grupo, las cuales operen el\u00a0transporte de las aeronaves se\u00f1aladas en la fracci\u00f3n anterior, tengan autorizadas o registradas sus\u00a0rutas a\u00e9reas o aerov\u00edas dentro del espacio a\u00e9reo nacional ante la Direcci\u00f3n General de Aeron\u00e1utica\u00a0Civil de la SCT.<\/div>\n<table>\n<tbody>\n<tr>\n<td>\n<div class=\"Texto\">Nombre<\/div>\n<\/td>\n<td>\n<div class=\"Texto\">RFC<\/div>\n<\/td>\n<\/tr>\n<tr>\n<td>\n<div class=\"Texto\"><\/div>\n<\/td>\n<td>\n<div class=\"Texto\"><\/div>\n<\/td>\n<\/tr>\n<\/tbody>\n<\/table>\n<div class=\"Texto\"><\/div>\n<table>\n<tbody>\n<tr>\n<td>\n<div class=\"Texto\"><\/div>\n<\/td>\n<td>\n<div class=\"Texto\">Anexar documento emitido por la Direcci\u00f3n General de Aeron\u00e1utica Civil de la SCT con el que acrediteque tienen autorizadas o registradas las rutas a\u00e9reas o aerov\u00edas dentro del espacio a\u00e9reo nacional.<\/div>\n<\/td>\n<\/tr>\n<\/tbody>\n<\/table>\n<div class=\"Texto\"><\/div>\n<div class=\"Texto\">26.8. Indique el nombre de las empresas que forman parte del grupo que cuentan con la concesi\u00f3n\u00a0o autorizaci\u00f3n para prestar los servicios de manejo, almacenaje y custodia de mercanc\u00edas de comercio\u00a0exterior de conformidad con los art\u00edculos 14 y 14-A de la Ley.<\/div>\n<table>\n<tbody>\n<tr>\n<td>\n<div class=\"Texto\">Nombre<\/div>\n<\/td>\n<td>\n<div class=\"Texto\">RFC<\/div>\n<\/td>\n<\/tr>\n<tr>\n<td>\n<div class=\"Texto\"><\/div>\n<\/td>\n<td>\n<div class=\"Texto\"><\/div>\n<\/td>\n<\/tr>\n<\/tbody>\n<\/table>\n<div class=\"Texto\"><\/div>\n<div class=\"Texto\">Indique el fin de vigencia y el n\u00famero de oficio con el cual se le otorg\u00f3 la concesi\u00f3n o autorizaci\u00f3n\u00a0para prestar los servicios de manejo, almacenaje y custodia de mercanc\u00edas de comercio exterior de\u00a0conformidad con los art\u00edculos 14 y 14-A de la Ley.<\/div>\n<table>\n<tbody>\n<tr>\n<td>\n<div class=\"Texto\">Fecha de fin de vigencia:<\/div>\n<\/td>\n<td>\n<div class=\"Texto\">DD\/MM\/AAAA<\/div>\n<\/td>\n<\/tr>\n<tr>\n<td>\n<div class=\"Texto\">N\u00famero de oficio de autorizaci\u00f3n:<\/div>\n<\/td>\n<td>\n<div class=\"Texto\"><\/div>\n<\/td>\n<\/tr>\n<\/tbody>\n<\/table>\n<div class=\"Texto\"><\/div>\n<table>\n<tbody>\n<tr>\n<td>\n<div class=\"texto\">Indique los datos generales queautoriza publicar:<\/div>\n<\/td>\n<td>\n<div class=\"texto\"><\/div>\n<\/td>\n<td>\n<div class=\"texto\">SI<\/div>\n<\/td>\n<td rowspan=\"2\">\n<div class=\"texto\"><\/div>\n<\/td>\n<td>\n<div class=\"texto\">NO<\/div>\n<\/td>\n<td>\n<div class=\"texto\"><\/div>\n<\/td>\n<td>\n<div class=\"texto\"><\/div>\n<\/td>\n<\/tr>\n<tr>\n<td>\n<div class=\"texto\">RFC<\/div>\n<\/td>\n<td>\n<div class=\"texto\"><\/div>\n<\/td>\n<td>\n<div class=\"texto\"><\/div>\n<\/td>\n<td>\n<div class=\"texto\"><\/div>\n<\/td>\n<td>\n<div class=\"texto\"><\/div>\n<\/td>\n<td>\n<div class=\"texto\"><\/div>\n<\/td>\n<\/tr>\n<tr>\n<td>\n<div class=\"texto\">Nombre o Raz\u00f3n Social<\/div>\n<\/td>\n<td>\n<div class=\"texto\"><\/div>\n<\/td>\n<td>\n<div class=\"texto\"><\/div>\n<\/td>\n<td>\n<div class=\"texto\"><\/div>\n<\/td>\n<td>\n<div class=\"texto\"><\/div>\n<\/td>\n<td>\n<div class=\"texto\"><\/div>\n<\/td>\n<td>\n<div class=\"texto\"><\/div>\n<\/td>\n<\/tr>\n<tr>\n<td>\n<div class=\"texto\">Direcci\u00f3n fiscal<\/div>\n<\/td>\n<td>\n<div class=\"texto\"><\/div>\n<\/td>\n<td>\n<div class=\"texto\"><\/div>\n<\/td>\n<td>\n<div class=\"texto\"><\/div>\n<\/td>\n<td>\n<div class=\"texto\"><\/div>\n<\/td>\n<td>\n<div class=\"texto\"><\/div>\n<\/td>\n<td rowspan=\"2\">\n<div class=\"texto\">En caso de autorizar, especifique los datos<br \/>\nde contacto que desean publicar:<\/div>\n<\/td>\n<\/tr>\n<tr>\n<td>\n<div class=\"texto\">P\u00e1gina electr\u00f3nica<\/div>\n<\/td>\n<td>\n<div class=\"texto\"><\/div>\n<\/td>\n<td>\n<div class=\"texto\"><\/div>\n<\/td>\n<td>\n<div class=\"texto\"><\/div>\n<\/td>\n<td>\n<div class=\"texto\"><\/div>\n<\/td>\n<td>\n<div class=\"texto\"><\/div>\n<\/td>\n<\/tr>\n<tr>\n<td>\n<div class=\"texto\">Correo electr\u00f3nico de contacto<\/div>\n<\/td>\n<td>\n<div class=\"texto\"><\/div>\n<\/td>\n<td>\n<div class=\"texto\"><\/div>\n<\/td>\n<td>\n<div class=\"texto\"><\/div>\n<\/td>\n<td>\n<div class=\"texto\"><\/div>\n<\/td>\n<td>\n<div class=\"texto\"><\/div>\n<\/td>\n<td>\n<div class=\"texto\"><\/div>\n<\/td>\n<\/tr>\n<tr>\n<td>\n<div class=\"texto\">Tel\u00e9fono(s) de contacto<\/div>\n<\/td>\n<td>\n<div class=\"texto\"><\/div>\n<\/td>\n<td>\n<div class=\"texto\"><\/div>\n<\/td>\n<td>\n<div class=\"texto\"><\/div>\n<\/td>\n<td>\n<div class=\"texto\"><\/div>\n<\/td>\n<td>\n<div class=\"texto\"><\/div>\n<\/td>\n<td>\n<div class=\"texto\"><\/div>\n<\/td>\n<\/tr>\n<tr>\n<td>\n<div class=\"texto\"><\/div>\n<\/td>\n<td>\n<div class=\"texto\"><\/div>\n<\/td>\n<td>\n<div class=\"texto\"><\/div>\n<\/td>\n<td>\n<div class=\"texto\"><\/div>\n<\/td>\n<td>\n<div class=\"texto\"><\/div>\n<\/td>\n<td>\n<div class=\"texto\"><\/div>\n<\/td>\n<td>\n<div class=\"texto\"><\/div>\n<\/td>\n<\/tr>\n<\/tbody>\n<\/table>\n<div class=\"Texto\"><\/div>\n<table>\n<tbody>\n<tr>\n<td>\n<div class=\"Texto\">27. RECONOCIMIENTO MUTUO PARA LAS MODALIDADES DE OPERADOR ECON\u00d3MICOAUTORIZADO Y SOCIO COMERCIAL CERTIFICADO.<\/div>\n<\/td>\n<\/tr>\n<\/tbody>\n<\/table>\n<table>\n<tbody>\n<tr>\n<td>\n<div class=\"Texto\"><\/div>\n<div class=\"Texto\">La adopci\u00f3n de M\u00e9xico de las normas establecidas en el Marco Normativo SAFE de la OMA para Asegurar\u00a0y Facilitar el Comercio Global publicado por la OMA, donde se incorporan pr\u00e1cticas y normas en materia\u00a0de seguridad, tiene como uno de sus objetivos, alcanzar el\u00a0&#8220;Reconocimiento Mutuo&#8221;\u00a0con aquellos pa\u00edses\u00a0que cuentan con un programa similar en materia de seguridad, que cumplen con la condici\u00f3n de\u00a0Operadores Econ\u00f3micos Autorizados de acuerdo al\u00a0&#8220;Marco SAFE&#8221;\u00a0y la legislaci\u00f3n de cada pa\u00eds.<\/div>\n<div class=\"Texto\">Por lo tanto, como parte de la estrategia para evitar la duplicaci\u00f3n de controles de seguridad y contribuir demanera significativa a la facilitaci\u00f3n y control de las mercanc\u00edas que circulan en la cadena de suministrointernacional, es necesario contar con la participaci\u00f3n de aquellos que logren obtener el Registro en elEsquema de Certificaci\u00f3n de Empresas y autorizar el intercambio de informaci\u00f3n que permita enriquecer\u00a0los sistemas inform\u00e1ticos, eliminar y\/o reducir la redundancia y\/o duplicaci\u00f3n de esfuerzos en el proceso deinscripci\u00f3n.<\/div>\n<div class=\"Texto\">Por lo anterior y de conformidad con lo dispuesto en el art\u00edculo 21 de la Ley Federal de Transparencia yAcceso a la Informaci\u00f3n P\u00fablica Gubernamental, autorizo al sujeto obligado denominado SAT, a trav\u00e9s de\u00a0la AGACE, a compartir, difundir o distribuir con otras autoridades nacionales o extranjeras los datos\u00a0personales y dem\u00e1s informaci\u00f3n de la empresa que represento, y que se genere durante el transcurso en\u00a0que la misma se encuentre inscrita en el Registro en el Esquema de Certificaci\u00f3n de Empresas.<\/div>\n<\/td>\n<\/tr>\n<\/tbody>\n<\/table>\n<div class=\"Texto\"><\/div>\n<table>\n<tbody>\n<tr>\n<td>\n<div class=\"Texto\"><\/div>\n<\/td>\n<td>\n<div class=\"Texto\">Si autorizo<\/div>\n<\/td>\n<td>\n<div class=\"Texto\"><\/div>\n<\/td>\n<td>\n<div class=\"Texto\">No autorizo<\/div>\n<\/td>\n<\/tr>\n<\/tbody>\n<\/table>\n<div class=\"Texto\"><\/div>\n<table>\n<tbody>\n<tr>\n<td>\n<div class=\"Texto\">28. LISTADO DE SOCIO COMERCIAL CERTIFICADO.<\/div>\n<\/td>\n<\/tr>\n<\/tbody>\n<\/table>\n<div class=\"Texto\">Con la finalidad de crear cadenas de suministros m\u00e1s seguras, se establecer\u00e1 un listado con las empresas\u00a0que hayan obtenido la certificaci\u00f3n como Socio Comercial, misma que se publicar\u00e1 en el Portal del SAT que\u00a0incluir\u00e1 los datos generales que la empresa autorice, as\u00ed como el estatus de su certificaci\u00f3n, mismas que\u00a0podr\u00e1n ser consultadas por las empresas que hayan obtenido su inscripci\u00f3n en el Registro de certificaci\u00f3n\u00a0de empresas.<\/div>\n<div class=\"Texto\">CLASIFICACI\u00d3N DE LA INFORMACI\u00d3N.<\/div>\n<table>\n<tbody>\n<tr>\n<td colspan=\"5\">\n<div class=\"Texto\">29. CLASIFICACI\u00d3N DE LA INFORMACI\u00d3N.<\/div>\n<\/td>\n<\/tr>\n<tr>\n<td colspan=\"5\">\n<div class=\"Texto\">La informaci\u00f3n proporcionada, durante este tr\u00e1mite para el Registro en el Esquema de Certificaci\u00f3n deEmpresas es clasificada por la empresa como (Marque con una\u00a0&#8220;X&#8221;\u00a0en el cuadro la opci\u00f3n seleccionada):<\/div>\n<\/td>\n<\/tr>\n<tr>\n<td>\n<div class=\"Texto\"><\/div>\n<\/td>\n<td>\n<div class=\"Texto\">P\u00fablica<\/div>\n<\/td>\n<td>\n<div class=\"Texto\"><\/div>\n<\/td>\n<td colspan=\"2\">\n<div class=\"Texto\">Confidencial<\/div>\n<\/td>\n<\/tr>\n<\/tbody>\n<\/table>\n<div class=\"Texto\">Una vez manifestado lo anterior, se solicita al SAT, a trav\u00e9s de la AGACE, que realice las inspecciones a\u00a0que hace referencia la regla 7.1.1., fracci\u00f3n IX, a las instalaciones en las que se realizan procesos productivos\u00a0con el prop\u00f3sito de verificar la informaci\u00f3n plasmada en la presente solicitud y en el Perfil que corresponda a\u00a0que se refieren las reglas 7.1.4., p\u00e1rrafos primero, fracci\u00f3n V y segundo, fracci\u00f3n IV y 7.1.5., fracciones I,\u00a0inciso c), II, inciso b) III, inciso a), IV, inciso a), mismo(s) que adjunto a la presente solicitud.<\/div>\n<div class=\"Texto\">Bajo protesta de decir verdad, manifiesto que los datos asentados en el presente documento son ciertos y\u00a0que los documentos anexados son verdaderos y que las facultades que me fueron otorgadas para representar\u00a0a la solicitante no me han sido modificadas y\/o revocadas.<\/div>\n<div class=\"Texto\"><\/div>\n<table>\n<tbody>\n<tr>\n<td>\n<div class=\"Texto\">NOMBRE Y FIRMA DEL REPRESENTANTE LEGAL DE LA PERSONA MORAL SOLICITANTE<\/div>\n<div class=\"Texto\"><\/div>\n<\/td>\n<\/tr>\n<\/tbody>\n<\/table>\n<div class=\"Texto\">INSTRUCCIONES<\/div>\n<div class=\"ROMANOS\">1.\u00a0\u00a0\u00a0\u00a0\u00a0Trat\u00e1ndose de la Modalidad IVA e IEPS, transmita esta solicitud a trav\u00e9s de la Ventanilla Digital en la\u00a0p\u00e1gina electr\u00f3nica www.ventanillaunica.gob.mx.<\/div>\n<div class=\"ROMANOS\">2.\u00a0\u00a0\u00a0\u00a0\u00a0Trat\u00e1ndose de la Modalidad de Operador Econ\u00f3mico Autorizado y\/o Socio Comercial:<\/div>\n<div class=\"INCISO\"><\/div>\n<div class=\"INCISO\">a)\u00a0\u00a0\u00a0Presente esta solicitud, los Perfiles correspondientes y los documentos anexos en la AGACE;<\/div>\n<div class=\"INCISO\">b)\u00a0\u00a0\u00a0Tambi\u00e9n puede enviar esta solicitud mediante SEPOMEX o utilizando los servicios de empresas\u00a0de mensajer\u00eda.<\/div>\n<div class=\"Texto\">Notas aclaratorias:<\/div>\n<div class=\"ROMANOS\">&#8211;\u00a0\u00a0\u00a0\u00a0\u00a0\u00a0En los archivos que se acompa\u00f1en a la\u00a0&#8220;Solicitud de Registro en el Esquema de Certificaci\u00f3n de\u00a0Empresas&#8221;, deber\u00e1 se\u00f1alarse el numeral de la solicitud a la que corresponden y nombre del\u00a0documento.<\/div>\n<div class=\"ROMANOS\">&#8211;\u00a0\u00a0\u00a0\u00a0\u00a0\u00a0Todos los documentos deber\u00e1n presentarse en idioma espa\u00f1ol. En caso de que los documentos se\u00a0encuentren en idioma ingl\u00e9s, deber\u00e1 adjuntar adem\u00e1s del documento en su idioma original una\u00a0traducci\u00f3n simple de los mismos; en caso de que se encuentren en cualquier otro idioma, deber\u00e1\u00a0anexar traducciones certificadas al espa\u00f1ol.<\/div>\n<div class=\"ROMANOS\">&#8211;\u00a0\u00a0\u00a0\u00a0\u00a0\u00a0Para efectos de las reglas 7.1.2., 7.1.3. y 7.1.4., Apartado A, la AGACE emitir\u00e1 la resoluci\u00f3n\u00a0correspondiente en un plazo no mayor a 40 d\u00edas, contados a partir del d\u00eda siguiente a la fecha del\u00a0acuse de recepci\u00f3n, en el caso de que la autoridad aduanera detecte la falta de alg\u00fan requisito, le\u00a0requerir\u00e1 por \u00fanica ocasi\u00f3n v\u00eda electr\u00f3nica al promovente la informaci\u00f3n o documentaci\u00f3n faltante.\u00a0Para efectos de las reglas 7.1.4., Apartados B, C, D, E y F y 7.1.5., la resoluci\u00f3n correspondiente se\u00a0emitir\u00e1 en un plazo no mayor a 90 d\u00edas, en el caso de que la autoridad aduanera detecte la falta dealg\u00fan requisito, requerir\u00e1 hasta por dos ocasiones al promovente, para lo cual el contribuyente\u00a0contar\u00e1 con un plazo de 15 d\u00edas contados a partir del d\u00eda siguiente en que surta efectos la\u00a0notificaci\u00f3n, para dar atenci\u00f3n al requerimiento, en caso contrario, se entender\u00e1 que se desisti\u00f3 de la\u00a0solicitud. Las notificaciones se realizar\u00e1n de conformidad con lo establecido en el art\u00edculo 134 del\u00a0CFF y\/o 9-A y 9-B de la Ley.<\/div>\n<div class=\"Texto\">MODALIDAD EN QUE SOLICITA SU REGISTRO<\/div>\n<div class=\"Texto\">Deber\u00e1 seleccionar la modalidad y rubro en la que desea obtener el Registro.<\/div>\n<div class=\"Texto\">Para aquellas empresas que hayan obtenido un programa IMMEX por primera vez por un periodo pre-operativo dentro de los 12 meses anteriores a la fecha de su solicitud de registro, por \u00fanica ocasi\u00f3n, podr\u00e1n\u00a0solicitar el Registro \u00fanicamente para la importaci\u00f3n temporal de activo fijo, debiendo cumplir con los requisitos\u00a0se\u00f1alados en la regla 7.1.1. y los establecidos en la regla 7.1.2., con excepci\u00f3n de la fracci\u00f3n II del Apartado A\u00a0de dicha regla y en su caso, la regla 7.1.3.; caso en el cual, el Registro ser\u00e1 otorgado por un periodo de hasta\u00a06 meses, mismo que podr\u00e1 ser prorrogado, por \u00fanica ocasi\u00f3n, por un plazo de 3 meses adicionales, para lo\u00a0cual deber\u00e1n presentar ante la AGACE su solicitud, hasta 5 d\u00edas antes del vencimiento del Registro, medianteescrito en t\u00e9rminos de la regla 1.2.2., primer p\u00e1rrafo, otorg\u00e1ndose dicha pr\u00f3rroga al d\u00eda siguiente del\u00a0vencimiento del registro.<\/div>\n<div class=\"Texto\">Una vez que cuente con la infraestructura necesaria para realizar la operaci\u00f3n del programa IMMEX o el\u00a0proceso industrial de conformidad con la modalidad de su programa, se deber\u00e1 hacer del conocimiento de la\u00a0AGACE mediante escrito en t\u00e9rminos de la regla 1.2.2., primer p\u00e1rrafo.<\/div>\n<div class=\"Texto\">R\u00c9GIMEN EN IVA E IEPS<\/div>\n<div class=\"Texto\">Seleccione el r\u00e9gimen aduanero.<\/div>\n<div class=\"Texto\">EMPRESAS DE GRUPO<\/div>\n<div class=\"Texto\">Empresas que forman parte de un grupo, para los efectos de la regla 7.1.7.<\/div>\n<div class=\"Texto\">Trat\u00e1ndose de aquellas empresas que pertenezcan a un mismo grupo, podr\u00e1n acreditar el personal,\u00a0infraestructura y los montos de inversi\u00f3n a trav\u00e9s de alguna de las empresas del mismo grupo. Para ello\u00a0deber\u00e1n se\u00f1alar el nombre y RFC de las empresas que forman parte del grupo, anexar un diagrama de la\u00a0estructura accionaria y corporativa, as\u00ed como copia de las escrituras p\u00fablicas, en las que conste la\u00a0participaci\u00f3n accionaria de las empresas que formen parte del grupo.<\/div>\n<div class=\"Texto\">Durante las visitas de inspecci\u00f3n a la empresa solicitante, el verificador podr\u00e1 solicitar la copia certificada\u00a0de la escritura p\u00fablica en la que conste la participaci\u00f3n accionaria.<\/div>\n<div class=\"Texto\">\u00danicamente trat\u00e1ndose de las empresas que se mencionan en las reglas 7.1.2., apartado B, fracci\u00f3n I y\u00a07.1.4., primer p\u00e1rrafo, fracci\u00f3n II, se podr\u00e1n acreditar el requisito de antig\u00fcedad con alguna de las empresas\u00a0que forman parte del grupo que haya tenido operaciones al amparo del Programa IMMEX, en los \u00faltimos 12\u00a0meses y\/o 2 a\u00f1os, respectivamente, siempre y cuando \u00e9sta \u00faltima anexe un escrito en el que asuma la\u00a0responsabilidad solidaria a que se refiere la fracci\u00f3n VIII, del art\u00edculo 26 del CFF, de los cr\u00e9ditos fiscales que\u00a0llegaran a originarse. Dicho escrito se deber\u00e1 transmitir como anexo a trav\u00e9s de Ventanilla Digital, y deber\u00e1exhibirse en copia del poder con el cual acredite la personalidad el representante legal de la empresa que\u00a0asuma la responsabilidad solidaria.<\/div>\n<div class=\"Texto\">Deber\u00e1 marcar el tipo de concepto que acredita como empresa integrante de un grupo, pudiendo elegir\u00a0una o m\u00e1s de las opciones se\u00f1aladas.<\/div>\n<div class=\"Texto\">Se\u00f1ale, en su caso, el tipo de informaci\u00f3n que la solicitante acredita, a trav\u00e9s de alguna de las empresas\u00a0que forman parte del mismo grupo.<\/div>\n<div class=\"Texto\">EMPRESAS DE ALBERGUE<\/div>\n<div class=\"Texto\">Empresas que han operado durante los \u00faltimos 3 ejercicios fiscales, para los efectos de la regla 7.1.8.<\/div>\n<div class=\"Texto\">Para efectos de las empresas que se constituyan conforme a la legislaci\u00f3n mexicana y que hubieren\u00a0operado en los \u00faltimos 3 ejercicios fiscales en t\u00e9rminos del art\u00edculo 183 de la Ley del ISR, podr\u00e1n obtener el\u00a0Registro en el Esquema de Certificaci\u00f3n modalidad IVA e IEPS, cualquier rubro, y podr\u00e1n acreditar los\u00a0requisitos de personal, infraestructura y montos de inversi\u00f3n (inversi\u00f3n en territorio nacional), a trav\u00e9s de la\u00a0empresa que cuente con el programa de maquila bajo la modalidad de albergue con la que haya operado los\u00a0\u00faltimo 3 a\u00f1os, siempre que, la empresa con el programa de maquila, bajo la modalidad de albergue, con la\u00a0que ha operado, cuente con el Registro en el Esquema de Certificaci\u00f3n de Empresas, modalidad IVA e IEPS,\u00a0rubro AAA y no se encuentre suspendida o sujeta al inicio de un procedimiento de cancelaci\u00f3n, la solicitante\u00a0cuente con un Programa IMMEX, obtenido por primera vez durante los \u00faltimos 12 meses previos a su solicitud\u00a0y anexe los siguientes documentos:<\/div>\n<div class=\"Texto\">a) Copia del contrato celebrado, por un m\u00ednimo de 3 a\u00f1os de vigencia, con la empresa que cuenta con el\u00a0Programa IMMEX bajo la modalidad de Albergue.<\/div>\n<div class=\"Texto\">b) Declaraci\u00f3n, bajo protesta de decir verdad, firmada por el representante legal de la empresa que cuenta\u00a0con el programa IMMEX bajo la modalidad de albergue, sobre la temporalidad en que la solicitante oper\u00f3\u00a0como empresa extranjera al amparo de su programa IMMEX en modalidad de albergue.<\/div>\n<div class=\"Texto\">c) Copia del poder con el cual acredite la personalidad del representante legal de la empresa con el\u00a0programa IMMEX bajo la modalidad de albergue.<\/div>\n<div class=\"Texto\">Deber\u00e1 manifestar la denominaci\u00f3n o raz\u00f3n social, RFC y n\u00famero de programa IMMEX de la empresa que\u00a0cuenta con el Programa IMMEX en la modalidad de albergue.<\/div>\n<div class=\"Texto\">Se\u00f1ale el tipo de concepto que desea acreditar con la empresa con el Programa IMMEX en la modalidad\u00a0de albergue. Podr\u00e1 marcar m\u00e1s de una opci\u00f3n.<\/div>\n<div class=\"Texto\">DATOS DE LA PERSONA F\u00cdSICA O MORAL SOLICITANTE.<\/div>\n<div class=\"Texto\">Nombre, Denominaci\u00f3n y\/o Raz\u00f3n social, RFC incluyendo la homoclave, se deber\u00e1 anotar la clave del\u00a0RFC a doce o trece posiciones.<\/div>\n<div class=\"Texto\">1.1. Actividad econ\u00f3mica preponderante.<\/div>\n<div class=\"Texto\">Deber\u00e1 anotar la actividad econ\u00f3mica preponderante declarada ante el RFC.<\/div>\n<div class=\"Texto\">1.2. Sector Productivo.<\/div>\n<div class=\"Texto\">Deber\u00e1 anotar la industria a la que pertenece o el servicio que presta, de conformidad con el siguiente\u00a0cat\u00e1logo:<\/div>\n<div class=\"Texto\">Industria: Industria metalmec\u00e1nica; industria de la miner\u00eda y metal\u00fargica; sider\u00fargica;\u00a0el\u00e9ctrico-electr\u00f3nico;\u00a0aeronaves; qu\u00edmica; farmac\u00e9utica; m\u00e9dica; autopartes; automotriz terminal; industria alimentaria; industria del\u00a0papel y cart\u00f3n; fabricaci\u00f3n de art\u00edculos de oficina; industria de la madera; fabricaci\u00f3n de muebles y productos\u00a0relacionados; fabricaci\u00f3n de productos derivados del petr\u00f3leo y del carb\u00f3n; industria del pl\u00e1stico y del hule;\u00a0fabricaci\u00f3n de productos a base de minerales no met\u00e1licos; fabricaci\u00f3n de maquinaria y equipo; fabricaci\u00f3n de\u00a0equipo ferroviario; bebidas y tabaco; industria de textil-confecci\u00f3n; industria del calzado; y fabricaci\u00f3n de\u00a0juguetes, juegos de recreo y art\u00edculos deportivos.<\/div>\n<div class=\"Texto\"><\/div>\n<div class=\"Texto\">Servicio:\u00a0Abastecimiento, almacenaje o distribuci\u00f3n de mercanc\u00edas; clasificaci\u00f3n, inspecci\u00f3n, prueba o\u00a0verificaci\u00f3n de mercanc\u00edas; operaciones que no alteren materialmente las caracter\u00edsticas de la mercanc\u00eda (que\u00a0incluye envase, lijado, engomado, pulido, pintado o encerado, entre otros); integraci\u00f3n de juegos (kits) o\u00a0material con fines promocionales y que se acompa\u00f1en en los productos que se exportan; reparaci\u00f3n, re-trabajo o mantenimiento de mercanc\u00edas; lavander\u00eda o planchado de prendas; bordado o impresi\u00f3n de prendas;\u00a0blindaje, modificaci\u00f3n o adaptaci\u00f3n de veh\u00edculo automotor; reciclaje o acopio de desperdicios; dise\u00f1o o\u00a0ingenier\u00eda de productos; dise\u00f1o o ingenier\u00eda de software; servicios soportados con tecnolog\u00edas de la\u00a0informaci\u00f3n; servicios de subcontrataci\u00f3n de procesos de negocio basados en tecnolog\u00edas de la informaci\u00f3n.<\/div>\n<div class=\"Texto\">Si no encuadra en los sectores de los cat\u00e1logos, deber\u00e1 seleccionar el m\u00e1s cercano a sus actividades.<\/div>\n<div class=\"Texto\">1.3. Domicilio para o\u00edr y recibir notificaciones.<\/div>\n<div class=\"Texto\">Deber\u00e1 se\u00f1alar el domicilio para o\u00edr y recibir notificaciones.<\/div>\n<div class=\"Texto\">2.\u00a0Persona autorizada para o\u00edr y recibir notificaciones.<\/div>\n<div class=\"Texto\">Deber\u00e1 capturar la informaci\u00f3n de una persona autorizada para o\u00edr y recibir notificaciones, en caso de\u00a0requerirlo.<\/div>\n<div class=\"Texto\">3. PERSONAS AUTORIZADAS COMO ENLACE OPERATIVO CON LA AGACE.<\/div>\n<div class=\"Texto\">3.1.\u00a0Persona autorizada como enlace operativo.<\/div>\n<div class=\"Texto\">Deber\u00e1 capturar los datos de la persona designada por la empresa solicitante que fungir\u00e1 como enlace\u00a0con la AGACE en aspectos operativos y log\u00edsticos.<\/div>\n<div class=\"Texto\">Para acreditar la relaci\u00f3n del enlace operativo con las empresas, deber\u00e1 anexar un documento expedido\u00a0por la solicitante, donde conste el nombre de la persona, el cargo que ocupa en la empresa y la raz\u00f3n social\u00a0de la solicitante, por ejemplo: recibo de n\u00f3mina siempre y cuando contenga el cargo que ocupa; contrato\u00a0laboral; carta firmada por el representante legal que firma la solicitud de certificaci\u00f3n, entre otros.<\/div>\n<div class=\"Texto\">En caso de que se realicen cambios de enlaces operativos, \u00e9stos deber\u00e1n notificarse a la AGACE a trav\u00e9s\u00a0del correo: certificacion.iva.ieps@sat.gob.mx, en un t\u00e9rmino de 5 d\u00edas para la modalidad IVA e IEPS.<\/div>\n<div class=\"Texto\">En caso de que se realicen cambios de enlaces operativos, \u00e9stos deber\u00e1n notificarse a la AGACE a trav\u00e9s\u00a0del correo: oeamexico@sat.gob.mx, en un t\u00e9rmino de 5 d\u00edas para las modalidades Comercializadora e\u00a0importadora, Operador Econ\u00f3mico y Socio Comercial Certificado.<\/div>\n<div class=\"Texto\">3.2.\u00a0Persona autorizada como enlace operativo (Suplente).<\/div>\n<div class=\"Texto\">Adicionalmente al campo anterior, deber\u00e1 establecer un suplente del enlace operativo, cumpliendo con los\u00a0mismos requerimientos del anterior.<\/div>\n<div class=\"Texto\">4. REQUISITOS GENERALES QUE SE DEBER\u00c1N CUMPLIR EN CUALQUIER MODALIDAD EN QUE\u00a0SOLICITE SU REGISTRO EN ESQUEMA DE CERTIFICACI\u00d3N DE EMPRESAS.<\/div>\n<div class=\"Texto\">4.1. Indique si se encuentra al corriente en el cumplimiento de sus obligaciones fiscales y\u00a0aduaneras.<\/div>\n<div class=\"Texto\">Deber\u00e1 contestar lo que corresponda.<\/div>\n<div class=\"Texto\">4.2. Indique si autoriz\u00f3 al SAT hacer p\u00fablica su opini\u00f3n positiva sobre el cumplimiento de\u00a0obligaciones fiscales.<\/div>\n<div class=\"Texto\">Deber\u00e1 contestar lo que corresponda.<\/div>\n<div class=\"Texto\">4.3. Constancia de la totalidad de personal registrado ante el IMSS, del SUA y el comprobante de\u00a0pago de las cuotas obrero patronales, del \u00faltimo bimestre anterior a la fecha de presentaci\u00f3n de la\u00a0solicitud, as\u00ed como cumplir con la obligaci\u00f3n de retener y enterar el ISR de los trabajadores.<\/div>\n<div class=\"Texto\"><\/div>\n<div class=\"Texto\">a)\u00a0Para acreditar la totalidad del personal deber\u00e1 adjuntar de todos los registros patronales constancias de\u00a0la totalidad del personal registrado ante el IMSS, del SUA. La empresa podr\u00e1 adjuntar la primera hoja (donde\u00a0aparece la denominaci\u00f3n social y el periodo) y la \u00faltima hoja (donde consta la totalidad de empleados\u00a0registrados ante el IMSS).<\/div>\n<div class=\"Texto\">&#8211; Documentaci\u00f3n con que acredite la retenci\u00f3n y entero del ISR de la solicitante, para lo cual podr\u00e1\u00a0presentar la \u00faltima declaraci\u00f3n de retenciones de ISR por salarios, as\u00ed como el comprobante que demuestre el\u00a0entero de las contribuciones retenidas de los trabajadores.<\/div>\n<div class=\"Texto\">b)\u00a0Para presentar el comprobante del pago de cuotas obrero patronales del \u00faltimo bimestre anterior a la\u00a0solicitud, deber\u00e1 adjuntar comprobante de pago descargado por el SIPARE o comprobante de pago que sea\u00a0acorde con la informaci\u00f3n del SUA. Aquellos comprobantes que contengan leyendas de que no tienen efectos\u00a0fiscales o legales, no ser\u00e1n v\u00e1lidos para acreditar el requisito.<\/div>\n<div class=\"Texto\">c)\u00a0En el caso de que la solicitante cuente con subcontrataciones de trabajadores en los t\u00e9rminos y\u00a0condiciones que establecen los art\u00edculos 15-A al 15-D de la LFT (outsourcing), adicionalmente deber\u00e1 adjuntar\u00a0lo siguiente:<\/div>\n<div class=\"Texto\">&#8211; Un listado con el nombre y\/o raz\u00f3n social de cada uno de los proveedores del servicio, su RFC y la\u00a0cantidad de trabajadores que le provee.<\/div>\n<div class=\"Texto\">&#8211; Que las mismas se encuentren al corriente en el cumplimiento de sus obligaciones fiscales.<\/div>\n<div class=\"Texto\">&#8211; Copia de la documentaci\u00f3n que acredite la relaci\u00f3n comercial (contrato), mismo que deber\u00e1 ser acorde a\u00a0la legislaci\u00f3n aplicable y estar vigente.<\/div>\n<div class=\"Texto\">-Acreditar la emisi\u00f3n de los CFDI\u00b4s expedidos por la(s) proveedor(as) del servicio de subcontrataci\u00f3n a la\u00a0solicitante mediante el cual se observe el pago realizado por la solicitante por concepto de la prestaci\u00f3n del\u00a0servicio. No ser\u00e1 necesario que anexe documentaci\u00f3n a la solicitud; la autoridad verificar\u00e1 la emisi\u00f3n de los\u00a0CFDI\u00b4s, en el caso de que se detect\u00e9 que no los han emitido, la autoridad podr\u00e1 solicitar se le exhiba\u00a0documentaci\u00f3n que acredite su emisi\u00f3n correspondiente, en todo momento.<\/div>\n<div class=\"Texto\">-La autoridad verificar\u00e1 que la empresa solicitante y\/o sus proveedoras de personal cumplan con la\u00a0emisi\u00f3n de los CFDI\u00b4s de n\u00f3mina a sus trabajadores, en el caso de que se detect\u00e9 alguna inconsistencia, la\u00a0autoridad podr\u00e1 solicitar se le exhiba documentaci\u00f3n que acredite su emisi\u00f3n correspondiente, en todo\u00a0momento.<\/div>\n<div class=\"Texto\">Cuando la empresa solicitante cuente con empleados contratados directamente y con servicios de\u00a0subcontrataci\u00f3n de personal, deber\u00e1 acreditar todos y cada uno de los puntos de los incisos a), b) y c) tanto\u00a0de la empresa solicitante como de las proveedoras de personal subcontratado.<\/div>\n<div class=\"Texto\">No se considera personal subcontratado cuando el objeto del contrato es la prestaci\u00f3n de servicios de\u00a0seguridad, comedor, servicios m\u00e9dicos y servicios de limpieza y mantenimiento.<\/div>\n<div class=\"Texto\">Las empresas que hayan obtenido por primera vez su Programa IMMEX ante la SE, dentro de los 12\u00a0meses previos a la presentaci\u00f3n de la solicitud, podr\u00e1n cumplir el requisito con el documento que soporte la\u00a0contrataci\u00f3n de los empleados, ya sea directamente y\/o a trav\u00e9s de las subcontrataciones que establecen los\u00a0art\u00edculos 15-A al 15-D de la LFT; acreditar la emisi\u00f3n de los CFDI\u00b4s de n\u00f3mina expedidos por la solicitante a\u00a0los trabajadores contratados directamente y\/o en su caso expedidos por la(s) empresa(s) proveedor(as) del\u00a0servicio de subcontrataci\u00f3n a la solicitante, mediante el cual se observe el pago realizado por la solicitante por\u00a0concepto de la prestaci\u00f3n del servicio, no ser\u00e1 necesario que anexe documentaci\u00f3n a la solicitud, la autoridadverificar\u00e1 la emisi\u00f3n de los CFDI\u00b4s; en el caso de que se detecte que no los han emitido, la autoridad podr\u00e1\u00a0solicitar se le exhiba documentaci\u00f3n que acredite su emisi\u00f3n correspondiente, en todo momento.<\/div>\n<div class=\"Texto\">Durante las visitas de inspecci\u00f3n y supervisi\u00f3n a la empresa solicitante, deber\u00e1 comprobar que se cuenta\u00a0con los empleados que se observen en los documentos con los que se pretenda acreditar el presente\u00a0requisito.<\/div>\n<div class=\"Texto\">4.4.\u00a0Se\u00f1al\u00e9 si la solicitante no se encuentra al momento de ingresar la solicitud en el listado de\u00a0empresas publicadas por el SAT, en t\u00e9rminos de los art\u00edculos 69 con excepci\u00f3n de lo dispuesto en la\u00a0fracci\u00f3n VI y 69-B, cuarto p\u00e1rrafo del CFF:<\/div>\n<div class=\"Texto\"><\/div>\n<div class=\"Texto\">4.5. Se\u00f1ale si sus certificados de sellos digitales est\u00e1n vigentes y no se hubiere comprobado que\u00a0se infringi\u00f3 alguno de los supuestos previstos en el art\u00edculo 17-H, fracci\u00f3n X del CFF, durante los\u00a0\u00faltimos 12 meses.<\/div>\n<div class=\"Texto\">4.6. Se\u00f1ale todos los domicilios registrados ante el RFC de la solicitante e indique aquellos en que\u00a0se desarrollen actividades relacionadas con su proceso productivo y\/o la prestaci\u00f3n de servicios.<\/div>\n<div class=\"Texto\">Para el caso de las empresas que soliciten el registro en la modalidad de Comercializadora e Importadora,\u00a0podr\u00e1n presentar un listado en el que se\u00f1ale \u00fanicamente los principales domicilios en que se desarrollen\u00a0actividades relacionadas con su proceso productivo y\/o la prestaci\u00f3n de servicios.<\/div>\n<div class=\"Texto\">4.7. Indique si tiene actualizado su correo electr\u00f3nico para efectos del buz\u00f3n tributario en t\u00e9rminos\u00a0del \u00faltimo p\u00e1rrafo del art\u00edculo 17-K del CFF.<\/div>\n<div class=\"Texto\">4.8. Se\u00f1ale si al momento de ingresar la solicitud se encuentra suspendida en el Padr\u00f3n de\u00a0Importadores o en el Padr\u00f3n de Importadores de Sectores Espec\u00edficos o Padr\u00f3n de Exportadores\u00a0Sectorial.<\/div>\n<div class=\"Texto\">4.9. Anexe un archivo que contenga el nombre y direcci\u00f3n de sus clientes y proveedores en el\u00a0extranjero, con los que realizaron operaciones de comercio exterior relacionados con el r\u00e9gimen en el\u00a0que solicita el registro, durante los \u00faltimos 12 meses, contados a partir de la fecha de presentaci\u00f3n de\u00a0la solicitud.<\/div>\n<div class=\"Texto\">Deber\u00e1 anexar un archivo donde se enlisten nombre, denominaci\u00f3n y\/o raz\u00f3n social, as\u00ed como el domicilio\u00a0de los clientes y proveedores en el extranjero con los que realizaron operaciones de comercio exterior durante\u00a0los \u00faltimos 12 meses. En dicho listado se deber\u00e1 distinguir cuales corresponden a clientes y cuales a\u00a0proveedores y en caso de que tengan los dos roles, deber\u00e1n declararse en ambos.<\/div>\n<div class=\"Texto\">Para el caso de las empresas que soliciten el registro en la modalidad de Comercializadora e Importadora,\u00a0podr\u00e1n presentar un archivo que contenga \u00fanicamente el nombre y direcci\u00f3n de sus principales clientes y\u00a0proveedores en el extranjero, con los que realizaron operaciones de comercio exterior relacionados con el\u00a0r\u00e9gimen en el que solicita el registro, durante los \u00faltimos 12 meses.<\/div>\n<div class=\"Texto\">En el caso de no contar con clientes y\/o proveedores en el extranjero, vinculados al proceso bajo el\u00a0r\u00e9gimen que solicita el registro, deber\u00e1n presentar un escrito libre, manifest\u00e1ndolo.<\/div>\n<div class=\"Texto\">Las empresas que hayan obtenido por primera vez su Programa IMMEX ante la SE durante los \u00faltimos 12\u00a0meses previos a la presentaci\u00f3n de la solicitud, no estar\u00e1n sujetas al cumplimiento de este requisito, siempre\u00a0y cuando no hayan tenido operaciones de comercio exterior.<\/div>\n<div class=\"Texto\">4.10. Anexe un archivo que contenga el nombre y RFC de sus proveedores de insumos adquiridos\u00a0en territorio nacional, vinculados al proceso bajo el r\u00e9gimen que solicita el registro, de los \u00faltimos 6\u00a0meses, contados a partir de la fecha de presentaci\u00f3n de la solicitud.<\/div>\n<div class=\"Texto\">Deber\u00e1 anexar un archivo que contenga nombre y RFC de sus proveedores de insumos adquiridos en\u00a0territorio nacional, vinculados al proceso bajo el r\u00e9gimen que solicita el registro, de los \u00faltimos 6 meses,\u00a0contados a partir de la fecha de presentaci\u00f3n de la solicitud.<\/div>\n<div class=\"Texto\">Para este efecto tambi\u00e9n se consideran proveedores nacionales aquellas empresas con Programa IMMEX\u00a0que les transfieran mercanc\u00edas a trav\u00e9s de operaciones virtuales, en t\u00e9rminos del Anexo 22, con\u00a0independencia que los proveedores o vendedores sean residentes en el extranjero que entregan en territorio\u00a0nacional a trav\u00e9s de una empresa con Programa IMMEX, para lo cual deber\u00e1 de hacer la distinci\u00f3n de las\u00a0empresas con las que realiza transferencias virtuales.<\/div>\n<div class=\"Texto\">Para el caso de las empresas que soliciten el registro en la modalidad de Comercializadora e Importadora,\u00a0podr\u00e1n presentar un archivo que contenga \u00fanicamente el nombre y RFC de sus principales proveedores de\u00a0insumos adquiridos en territorio nacional, vinculados al proceso bajo el r\u00e9gimen que solicita el registro, de los\u00a0\u00faltimos 6 meses, contados a partir de la fecha de presentaci\u00f3n de la solicitud.<\/div>\n<div class=\"Texto\">En el caso de no contar con proveedores de insumos adquiridos en territorio nacional, vinculados al\u00a0proceso bajo el r\u00e9gimen que solicita\u00a0el registro, deber\u00e1n\u00a0presentar un escrito libre, manifest\u00e1ndolo.<\/div>\n<div class=\"Texto\"><\/div>\n<div class=\"Texto\">Las empresas que hayan obtenido por primera vez su Programa IMMEX ante la SE durante los \u00faltimos 12\u00a0meses previos a la presentaci\u00f3n de la solicitud, no estar\u00e1n sujetas al cumplimiento de este requisito,\u00a0siempre\u00a0y cuando no hayan tenido operaciones de comercio exterior.<\/div>\n<div class=\"Texto\">4.11. Acredite que cuenta con el legal uso o goce del inmueble o inmuebles donde se llevan a cabo\u00a0los procesos productivos o la prestaci\u00f3n del servicio, seg\u00fan se trate, en el que se establezca un plazo\u00a0forzoso de al menos un a\u00f1o de vigencia, y que le reste una vigencia de por lo menos ocho meses.<\/div>\n<div class=\"Texto\">Deber\u00e1 declarar el o los domicilios donde se lleven a cabo los procesos productivos o la prestaci\u00f3n del\u00a0servicio, seg\u00fan se trate, de los que pretenda acreditar el legal uso o goce, y anexar un contrato o t\u00edtulo de\u00a0propiedad. Dicho domicilio debe de estar dado de alta ante el SAT.<\/div>\n<div class=\"Texto\">Anexe documentaci\u00f3n de acuerdo a la legislaci\u00f3n aplicable que ampare la propiedad, uso o goce temporal\u00a0del inmueble o inmuebles en donde se llevan a cabo los procesos productivos o la prestaci\u00f3n de servicios\u00a0seg\u00fan se trate, en el que se establezca un plazo forzoso de al menos un a\u00f1o de vigencia, y que le reste una\u00a0vigencia de por lo menos ocho meses a partir de la fecha de presentaci\u00f3n de la solicitud.<\/div>\n<div class=\"Texto\">Es importante que el domicilio objeto del contrato o del t\u00edtulo de propiedad con el que se pretenda acreditar\u00a0el legal uso o goce coincida plenamente con alguno de los domicilios registrados ante el SAT. Cuando los\u00a0domicilios no coincidan plenamente, deber\u00e1 acompa\u00f1ar al t\u00edtulo de propiedad con documentaci\u00f3n que acredite\u00a0que se trata del mismo declarado ante el SAT, por ejemplo: boleta de predial siempre y cuando est\u00e9\u00a0relacionada con la clave de catastro que se observe en el t\u00edtulo de propiedad; documento emitido por catastro\u00a0en el que conste la direcci\u00f3n y el nombre del propietario relacion\u00e1ndose al t\u00edtulo de propiedad por la clave decatastro y\/o la descripci\u00f3n del inmueble; documento del Registro P\u00fablico de la Propiedad donde conste la\u00a0direcci\u00f3n y el nombre del propietario; fe de hechos emitida por Notario P\u00fablico en la cual dicho Fedatario haya\u00a0tenido a la vista el t\u00edtulo de propiedad, se haya apersonado en el inmueble y constate que el domicilio que\u00a0visita es el mismo del t\u00edtulo presentado.<\/div>\n<div class=\"Texto\">Para el caso de contratos en donde el domicilio no coincida plenamente con alguno de los domicilios\u00a0registrados ante el SAT, podr\u00e1 acompa\u00f1arlos de un adendum o convenio modificatorio en el que coincida\u00a0plenamente el domicilio.<\/div>\n<div class=\"Texto\">En caso de contar con un contrato de subarrendamiento, deber\u00e1 exhibir el contrato de arrendamiento\u00a0principal que contenga una vigencia igual o mayor a la del contrato de subarrendamiento, asimismo deber\u00e1\u00a0exhibir la documentaci\u00f3n con la cual se acredite la autorizaci\u00f3n general para dar el inmueble en\u00a0subarrendamiento.<\/div>\n<div class=\"Texto\">Durante las visitas de inspecci\u00f3n y supervisi\u00f3n a la empresa solicitante, el verificador podr\u00e1 solicitar los\u00a0CFDI\u00b4s que se expidan por el pago del arrendamiento del inmueble y\/o inmuebles donde se llevan a cabo los\u00a0procesos productivos y\/o la prestaci\u00f3n del servicio y\/o realicen actividades econ\u00f3micas y de comercio exterior.<\/div>\n<div class=\"Texto\">4.12. Se\u00f1ale si el SAT ha interpuesto querella o denuncia penal en contra de los socios,\u00a0accionistas, seg\u00fan corresponda, representante legal con facultad para actos de dominio, e integrantes\u00a0de la administraci\u00f3n de la empresa solicitante o declaratoria de perjuicio, seg\u00fan corresponda, durante\u00a0los \u00faltimos 3 a\u00f1os anteriores a la presentaci\u00f3n de la solicitud.<\/div>\n<div class=\"Texto\">Deber\u00e1 contestar lo que corresponda.<\/div>\n<div class=\"Texto\">4.13. Indique si cuenta con un sistema de control de inventarios, para el registro de sus\u00a0operaciones de comercio exterior.<\/div>\n<div class=\"Texto\">Independientemente del tipo de sistema de control de inventarios de que se trate, deber\u00e1 capturar el\u00a0nombre o datos para su identificaci\u00f3n e indicar su lugar de radicaci\u00f3n, es decir, todo aquel establecimiento,\u00a0sucursal, planta, etc., donde se tenga acceso a todas las funciones e informaci\u00f3n del sistema de control de\u00a0inventarios.<\/div>\n<div class=\"Texto\">En caso de que tenga m\u00e1s de un sistema de control de inventarios, podr\u00e1 se\u00f1alar los datos de todos\u00a0agregando filas en el cuadro.<\/div>\n<div class=\"Texto\">El sistema de control de inventarios deber\u00e1 cumplir con las disposiciones previstas por el Anexo 24 y\u00a0deber\u00e1 anexar un reporte de saldos de mercanc\u00eda de importaci\u00f3n temporal o de mercanc\u00edas objeto de\u00a0operaciones de comercio exterior, de un periodo de un mes, que se encuentre dentro de los tres meses\u00a0anteriores a la fecha de la presente solicitud. La informaci\u00f3n m\u00ednima requerida para la identificaci\u00f3n de las\u00a0operaciones, de forma enunciativa, m\u00e1s no limitativa, es la siguiente:<\/div>\n<table>\n<tbody>\n<tr>\n<td colspan=\"7\">\n<div class=\"Texto\">PEDIMENTO DE IMPORTACI\u00d3N<\/div>\n<\/td>\n<td colspan=\"2\">\n<div class=\"Texto\">SALDOS<\/div>\n<\/td>\n<\/tr>\n<tr>\n<td>\n<div class=\"Texto\">No. depedimento<\/div>\n<\/td>\n<td>\n<div class=\"Texto\">Fecha de\u00a0pago<\/div>\n<\/td>\n<td colspan=\"2\">\n<div class=\"Texto\">Clave depedimento<\/div>\n<\/td>\n<td>\n<div class=\"Texto\">Fracci\u00f3narancelaria<\/div>\n<\/td>\n<td>\n<div class=\"Texto\">Cantidadimportada<\/div>\n<\/td>\n<td>\n<div class=\"Texto\">Valor de laimportaci\u00f3n<\/div>\n<\/td>\n<td>\n<div class=\"Texto\">Saldo<\/div>\n<\/td>\n<td>\n<div class=\"Texto\">Valor de Saldo<\/div>\n<\/td>\n<\/tr>\n<tr>\n<td>\n<div class=\"Texto\">(15 d\u00edgitos)<\/div>\n<\/td>\n<td>\n<div class=\"Texto\">dd\/mm\/aa<\/div>\n<\/td>\n<td colspan=\"3\">\n<div class=\"Texto\">Conforme a lo declarado\u00a0en el pedimento de\u00a0referencia<\/div>\n<\/td>\n<td>\n<div class=\"Texto\">Unidades<\/div>\n<\/td>\n<td>\n<div class=\"Texto\">MXN<\/div>\n<\/td>\n<td>\n<div class=\"Texto\">Unidades<\/div>\n<\/td>\n<td>\n<div class=\"Texto\">MXN<\/div>\n<\/td>\n<\/tr>\n<tr>\n<td>\n<div class=\"Texto\"><\/div>\n<\/td>\n<td>\n<div class=\"Texto\">29\/11\/31<\/div>\n<\/td>\n<td>\n<div class=\"Texto\">IN<\/div>\n<\/td>\n<td colspan=\"2\">\n<div class=\"Texto\">8708.95.99<\/div>\n<\/td>\n<td>\n<div class=\"Texto\">5200<\/div>\n<\/td>\n<td>\n<div class=\"Texto\">$125,000.00<\/div>\n<\/td>\n<td>\n<div class=\"Texto\">50500<\/div>\n<\/td>\n<td>\n<div class=\"Texto\">$124,376.00<\/div>\n<\/td>\n<\/tr>\n<\/tbody>\n<\/table>\n<div class=\"Texto\"><\/div>\n<div class=\"Texto\">Las empresas que hayan obtenido por primera vez su Programa IMMEX ante la SE, dentro de los 12\u00a0meses anteriores a la fecha de presentaci\u00f3n de su solicitud, no estar\u00e1n obligadas a la presentaci\u00f3n del reporte\u00a0de saldos mencionados en el p\u00e1rrafo anterior,\u00a0no obstante, deber\u00e1n acreditar que cuentan con un control de\u00a0inventarios de conformidad con el art\u00edculo 59, fracci\u00f3n I de la Ley, en relaci\u00f3n con el Anexo 24.<\/div>\n<div class=\"Texto\">4.14. Se\u00f1ale si lleva la contabilidad en medios electr\u00f3nicos de conformidad con el art\u00edculo 28,\u00a0fracci\u00f3n III, del CFF y la regla 2.8.1.6. de la RMF.<\/div>\n<div class=\"Texto\">Deber\u00e1 contestar lo que corresponda.<\/div>\n<div class=\"Texto\">4.15. Se\u00f1ale si ingresa mensualmente su informaci\u00f3n contable a trav\u00e9s del portal del SAT, de\u00a0conformidad con el art\u00edculo 28, fracci\u00f3n IV, del CFF y la regla 2.8.1.7. de la RMF.<\/div>\n<div class=\"Texto\">Deber\u00e1 contestar lo que corresponda.<\/div>\n<div class=\"Texto\">4.16. Indique si los socios, accionistas, seg\u00fan corresponda, representante legal con facultad para\u00a0actos de dominio, e integrantes de la administraci\u00f3n de conformidad con la constituci\u00f3n de la empresa\u00a0solicitante, se encuentran obligados a tributar en M\u00e9xico y no obligados a tributar en M\u00e9xico.<\/div>\n<div class=\"Texto\">Deber\u00e1 enlistar la totalidad de los socios y\/o accionistas:<\/div>\n<div class=\"ROMANOS\">&#8211;\u00a0\u00a0\u00a0\u00a0\u00a0\u00a0Deber\u00e1n encontrarse al corriente en el cumplimiento de sus obligaciones fiscales los socios,\u00a0accionistas, representante legal, administrador \u00fanico o miembros del consejo de administraci\u00f3n que\u00a0est\u00e9n obligados a tributar en M\u00e9xico.<\/div>\n<div class=\"ROMANOS\">&#8211;\u00a0\u00a0\u00a0\u00a0\u00a0\u00a0En caso de que la empresa solicitante cotice mercados reconocidos en t\u00e9rminos del art\u00edculo 16-C del\u00a0CFF, no estar\u00e1 sujeta a contar con la opini\u00f3n positiva vigente sobre el cumplimiento de obligaciones\u00a0fiscales de los tenedores de las acciones que se cotizan en la misma.<\/div>\n<div class=\"ROMANOS\">&#8211;\u00a0\u00a0\u00a0\u00a0\u00a0\u00a0Cuando la misma persona ostente m\u00e1s de una figura (por ejemplo, representante legal y accionista)\u00a0deber\u00e1 declararse en cada una, sin importar que se repita, que se encuentra al corriente en el\u00a0cumplimiento de sus obligaciones fiscales.<\/div>\n<div class=\"Texto\">Para los no obligados a tributar en M\u00e9xico deber\u00e1 tomar en cuenta lo siguiente:<\/div>\n<div class=\"ROMANOS\">&#8211;\u00a0\u00a0\u00a0\u00a0\u00a0\u00a0Trat\u00e1ndose de socios o accionistas, deber\u00e1 presentar el documento denominado &#8220;Relaci\u00f3n de los\u00a0Socios, Accionistas o Asociados, residentes en el extranjero de personas morales residentes en\u00a0M\u00e9xico que optan por no inscribirse en el RFC&#8221;. (Forma oficial 96), correspondiente al ejercicio fiscal\u00a0en curso o del \u00faltimo ejercicio por el que estuvo obligado acompa\u00f1ando su acuse de presentaci\u00f3n\u00a0ante el SAT.<\/div>\n<div class=\"ROMANOS\">\u00a0\u00a0\u00a0\u00a0\u00a0\u00a0\u00a0En caso de que los socios se ostenten adem\u00e1s como miembros del consejo de administraci\u00f3n o\u00a0administrador \u00fanico deber\u00e1n presentar para acreditar que no se encuentran obligados a tributar en el\u00a0Pa\u00eds, \u00fanicamente la Forma Oficial 96 con su respectivo acuse de presentaci\u00f3n.<\/div>\n<div class=\"ROMANOS\">&#8211;\u00a0\u00a0\u00a0\u00a0\u00a0\u00a0Trat\u00e1ndose de representante legal, administrador \u00fanico y\/o miembros del consejo de administraci\u00f3n,<\/div>\n<div class=\"ROMANOS\">de forma enunciativa, m\u00e1s no limitativa, podr\u00e1 presentar documentos que acrediten que dichas\u00a0personas no se encuentran obligadas a tributar en M\u00e9xico, tales como: opini\u00f3n del cumplimiento de\u00a0obligaciones fiscales con la leyenda\u00a0&#8220;Sin obligaciones fiscales&#8221;, constancia de residencia para efectos\u00a0fiscales del pa\u00eds donde tributa, declaraciones fiscales del pa\u00eds donde se encuentren obligados a\u00a0tributar, pasaporte expedido por su pa\u00eds de origen, etc.<\/div>\n<div class=\"ROMANOS\">\u00a0\u00a0\u00a0\u00a0\u00a0\u00a0\u00a0La documentaci\u00f3n que se exhiba para acreditar que los integrantes de la empresa no se encuentran\u00a0obligados a tributar en M\u00e9xico, deber\u00e1 contener el nombre completo y correcto de la persona\u00a0declarada; en caso de que en el documento que se exhiba no contenga el nombre tal cual fue\u00a0declarado en la solicitud inicial, mismo que deber\u00e1 coincidir con el acta constitutiva o modificaci\u00f3n\u00a0respectiva; dicha documentaci\u00f3n no podr\u00e1 ser considerada para acreditar este requisito.<\/div>\n<div class=\"Texto\">4.17. Se\u00f1ale si sus socios o accionistas e integrantes de la administraci\u00f3n, no se encuentren\u00a0vinculados con alguna empresa a la que se hubiere cancelado su Registro en el Esquema de\u00a0Certificaci\u00f3n de Empresas, de conformidad con las fracciones VII, VIII y IX del apartado A; II y III del\u00a0apartado B de la regla 7.2.4.; y\/o VII, VIII y XII de la regla 7.2.5.<\/div>\n<div class=\"Texto\">Deber\u00e1 contestar lo que corresponda.<\/div>\n<div class=\"Texto\">5. Requisitos adicionales a los establecidos en la regla 7.1.1., que deber\u00e1n cumplir las empresas\u00a0que pretendan acceder al Registro en el Esquema de Certificaci\u00f3n de Empresas en su modalidad IVA e\u00a0IEPS.<\/div>\n<div class=\"Texto\">5.1. Proporcionar constancias del personal registrado ante el IMSS, del SUA, y el soporte\u00a0documental del pago de la totalidad de cuotas obrero patronales de por lo menos 10 empleados a\u00a0trav\u00e9s de l\u00ednea de captura del \u00faltimo bimestre anterior a su solicitud de la solicitante y\/o de sus\u00a0proveedoras de personal subcontratado.<\/div>\n<div class=\"Texto\">a)\u00a0Deber\u00e1 adjuntar constancias de al menos 10 cotizantes registrados ante el IMSS, del SUA. La empresa\u00a0podr\u00e1 adjuntar la primera hoja (donde aparece la denominaci\u00f3n social y el periodo) y la \u00faltima hoja (donde\u00a0consta la totalidad de empleados registrados ante el IMSS) del \u00faltimo bimestre anterior a su solicitud.<\/div>\n<div class=\"Texto\">b)\u00a0Deber\u00e1 adjuntar el soporte documental del pago de cuotas obrero patronales descargado por el\u00a0SIPARE o comprobante de pago que sea acorde con la informaci\u00f3n del SUA. Aquellos comprobantes que\u00a0contengan leyendas de que no tienen efectos fiscales o legales, no ser\u00e1n v\u00e1lidos para acreditar el requisito.<\/div>\n<div class=\"Texto\">c)\u00a0Deber\u00e1 presentar un listado con el nombre y el RFC de por lo menos 10 empleados de la solicitante y\/o\u00a0de sus proveedoras de personal subcontratado que puedan visualizarse en constancias del personal\u00a0registrado ante el IMSS, del SUA presentadas, a los cuales le ha emitido los CFDI\u00b4s de n\u00f3mina.<\/div>\n<div class=\"Texto\">La autoridad verificar\u00e1 la emisi\u00f3n de los CFDI\u00b4s, en el caso de que se detect\u00e9 alguna inconsistencia, la\u00a0autoridad podr\u00e1 solicitar se le exhiba documentaci\u00f3n que acredite su emisi\u00f3n correspondiente, en todo\u00a0momento.<\/div>\n<div class=\"Texto\">No se considera personal subcontratado cuando el objeto del contrato es la prestaci\u00f3n de servicios de\u00a0seguridad, comedor, servicios m\u00e9dicos y servicios de limpieza y mantenimiento.<\/div>\n<div class=\"Texto\">Las empresas que hayan obtenido por primera vez su Programa IMMEX ante la SE, dentro de los 12\u00a0meses previos a la presentaci\u00f3n de la solicitud, podr\u00e1n cumplir con el requisito con el documento que soporte\u00a0la contrataci\u00f3n de los empleados, ya sea directamente y\/o a trav\u00e9s de las subcontrataciones que establecen\u00a0los art\u00edculos 15-A al 15-D de la LFT; acreditar la emisi\u00f3n de los CFDI\u00b4s de n\u00f3mina expedidos por la solicitante\u00a0a los trabajadores contratados directamente y\/o en su caso expedidos por la(s) empresa(s) proveedor(as) del\u00a0servicio de subcontrataci\u00f3n a la solicitante mediante el cual se observe el pago realizado por la solicitante por\u00a0concepto de la prestaci\u00f3n del servicio, no ser\u00e1 necesario que anexe documentaci\u00f3n a la solicitud, la autoridadverificar\u00e1 la emisi\u00f3n de los CFDI\u00b4s, en el caso de que se detect\u00e9 que no los han emitido, la autoridad podr\u00e1\u00a0solicitar se le exhiba documentaci\u00f3n que acredite su emisi\u00f3n correspondiente, en todo momento.<\/div>\n<div class=\"Texto\">5.2. Acreditar la inversi\u00f3n en territorio nacional.<\/div>\n<div class=\"Texto\">Deber\u00e1 de capturar el valor global de cada uno de los conceptos que le aplique (bienes inmuebles, bienes\u00a0muebles).<\/div>\n<div class=\"Texto\"><\/div>\n<div class=\"Texto\">Dicho valor podr\u00e1 ser el valor actual de los bienes o el valor en aduana si \u00e9stos proceden de importaciones\u00a0temporales, o una combinaci\u00f3n de ambos. No ser\u00e1 necesario que anexe documentaci\u00f3n a la solicitud, toda\u00a0vez que durante la visita de inspecci\u00f3n inicial o las de supervisi\u00f3n sobre el cumplimiento, la autoridad podr\u00e1\u00a0solicitar se le exhiba documentaci\u00f3n que acredite la inversi\u00f3n en territorio nacional como contratos de\u00a0arrendamiento acompa\u00f1ados con sus CFDI\u00b4s, t\u00edtulos de propiedad, pedimentos de importaci\u00f3n, entre otros.<\/div>\n<div class=\"Texto\">5.3. Manifieste si previamente cont\u00f3 con la Certificaci\u00f3n en materia de IVA e IEPS y\/o el Registro en\u00a0el Esquema de Certificaci\u00f3n de Empresas bajo la modalidad IVA e IEPS.<\/div>\n<div class=\"Texto\">5.4. En caso afirmativo deber\u00e1 se\u00f1alar si se encuentra al corriente en el cumplimiento de las\u00a0obligaciones relativas al Anexo 31, sobre el registro con el que cont\u00f3.<\/div>\n<div class=\"Texto\">5.5. Manifieste si cuenta con proveedores que se encuentren en el listado de empresas publicadas\u00a0por el SAT en t\u00e9rminos del art\u00edculo 69-B, cuarto p\u00e1rrafo del CFF.<\/div>\n<div class=\"Texto\">Se considera como proveedores a aquellos contribuyentes que presten servicios o produzcan,\u00a0comercialicen o entreguen bienes. Tambi\u00e9n se consideran proveedores a aquellas empresas con Programa\u00a0IMMEX que les transfieran mercanc\u00edas a trav\u00e9s de pedimentos virtuales, con independencia que los\u00a0proveedores o vendedores sean residentes en el extranjero que entregan en territorio nacional a trav\u00e9s de una\u00a0empresa con Programa IMMEX, para lo cual deber\u00e1 de hacer la distinci\u00f3n de las empresas con las que realiza\u00a0transferencias virtuales.<\/div>\n<div class=\"Texto\">6. DOCUMENTOS ADICIONALES QUE SE DEBEN ANEXAR A ESTA SOLICITUD DE ACUERDO AL\u00a0R\u00c9GIMEN ADUANERO.<\/div>\n<div class=\"Texto\">6.1. Indique el n\u00famero de su Programa IMMEX y la modalidad<\/div>\n<div class=\"Texto\">Deber\u00e1 capturar su n\u00famero de Programa IMMEX y la modalidad bajo la que se encuentra autorizado\u00a0(industrial, servicios, albergue, tercerizaci\u00f3n, o controladora).<\/div>\n<div class=\"Texto\">Deber\u00e1 manifestar si ha realizado operaciones al amparo de su programa IMMEX.<\/div>\n<div class=\"Texto\">6.2. Indique si cuenta con la infraestructura necesaria para realizar operaciones del Programa\u00a0IMMEX, al proceso industrial o de servicios de conformidad con la modalidad del Programa.<\/div>\n<div class=\"Texto\">Deber\u00e1 contestar lo que corresponda.<\/div>\n<div class=\"Texto\">Deber\u00e1 acreditar mediante CFDI&#8217;s, t\u00edtulos de propiedad, pedimentos de importaci\u00f3n, propios y\/o contratos\u00a0que amparen que cuenta con el legal uso y\/o goce de la maquinaria y equipo con sus respectivos CFDI\u00b4s que\u00a0amparen el pago, seg\u00fan sea el caso, para llevar a cabo el proceso productivo y\/o servicio. Asimismo, deber\u00e1\u00a0anexar evidencia fotogr\u00e1fica de su planta productiva, as\u00ed como de su proceso productivo. En el caso de\u00a0aquellas empresas que pretendan acreditar mediante la figura de grupo, dicha documentaci\u00f3n deber\u00e1\u00a0encontrarse a nombre de la empresa con la cual forma parte del grupo.<\/div>\n<div class=\"Texto\">En caso de las empresas que cuenten con un programa IMMEX, en la modalidad de tercerizaci\u00f3n, podr\u00e1n\u00a0acreditar el requisito a trav\u00e9s de una de las empresas que les realiza la manufactura, para lo cual deber\u00e1n\u00a0presentar el contrato vigente con el que acredite la prestaci\u00f3n del servicio; los CFDI, emitidos por el prestador\u00a0por el concepto del pago del servicio y la autorizaci\u00f3n emitida por la SE, para la realizaci\u00f3n de manufactura.<\/div>\n<div class=\"Texto\">6.3. Indique si durante los \u00faltimos 12 meses ha importado temporalmente mercanc\u00eda y que, al\u00a0menos el 60% de las importaciones temporales de insumos realizadas durante el mismo per\u00edodo,\u00a0fueron transformadas y retornadas, retornadas en su mismo estado, transferidas, destruidas, o se les\u00a0prest\u00f3 un servicio.<\/div>\n<div class=\"Texto\">Deber\u00e1 capturar el valor en aduana total en moneda nacional de sus importaciones temporales de insumos\u00a0realizadas durante los \u00faltimos doce meses.<\/div>\n<div class=\"Texto\">Los \u00faltimos doce meses se podr\u00e1n computar a partir del mes inmediato anterior al que la empresa\u00a0presente su solicitud.<\/div>\n<div class=\"Texto\">Asimismo, deber\u00e1 declarar el valor en moneda nacional (valor comercial) de los descargos realizados para\u00a0cada concepto (retornos, transferencias virtuales, desperdicio, as\u00ed como Constancias de Transferencia de\u00a0Mercanc\u00edas (CTM)), el valor en aduana de los insumos importados temporalmente incluidos en cada concepto\u00a0y el porcentaje que representa respecto del total de importaciones temporales que se hayan capturado en el\u00a0campo correspondiente.<\/div>\n<div class=\"Texto\"><\/div>\n<div class=\"Texto\">En caso de haber declarado que realiza Constancias de Transferencia de Mercanc\u00edas (CTM), deber\u00e1\u00a0anexar un archivo con los nombres y domicilios de las empresas a las que les transfiri\u00f3 mercanc\u00edas mediante\u00a0Constancias de Transferencia de Mercanc\u00edas (CTM), as\u00ed como los montos en moneda nacional y en su caso,\u00a0dos Constancias de Transferencia de Mercanc\u00edas (CTM).<\/div>\n<div class=\"Texto\">Las empresas que hayan obtenido por primera vez su Programa IMMEX otorgado por la SE durante los 12\u00a0meses previos a la presentaci\u00f3n a la solicitud no estar\u00e1n sujetos al cumplimiento de este requisito.<\/div>\n<div class=\"Texto\">6.4. Descripci\u00f3n de las actividades relacionadas con los procesos productivos o prestaci\u00f3n de\u00a0servicios conforme a la modalidad del Programa.<\/div>\n<div class=\"Texto\">Deber\u00e1 de anexar una descripci\u00f3n detallada de su principal proceso productivo (en t\u00e9rminos de valor o de\u00a0volumen de producci\u00f3n) que muestre paso a paso el flujo de las mercanc\u00edas importadas temporalmente,\u00a0desde el punto de origen, el punto de entrada al pa\u00eds (aduanas), su recepci\u00f3n en la empresa, materiales\u00a0utilizados con fracci\u00f3n arancelaria, almacenamiento, su integraci\u00f3n al proceso productivo, realizaci\u00f3n de su\u00a0proceso productivo o servicio punto de salida (aduanas) y su destino (pa\u00eds) o descargo (retorno, transferencia\u00a0virtual, constancias de destrucci\u00f3n de desperdicio, Constancias de Transferencia de Mercanc\u00edas (CTM), entre\u00a0otros), as\u00ed como los procesos complementarios y servicios que le agregan valor a su producto final (procesos\u00a0de submanufactura).<\/div>\n<div class=\"Texto\">La descripci\u00f3n podr\u00e1 presentarse en forma de diagrama de flujo, siempre y cuando contenga la\u00a0descripci\u00f3n de cada paso conforme al p\u00e1rrafo anterior.<\/div>\n<div class=\"Texto\">6.5. Continuidad del proyecto de exportaci\u00f3n.<\/div>\n<div class=\"Texto\">Deber\u00e1 adjuntar contrato de maquila, de compraventa, orden de compra o de servicios, o pedidos en firme\u00a0vigentes, que acrediten la continuidad del proyecto de exportaci\u00f3n; en dichos documentos se deber\u00e1\u00a0identificar la raz\u00f3n social de la solicitante, la vigencia del documento, las firmas de las partes y si se encuentra\u00a0en idioma distinto al espa\u00f1ol, deber\u00e1 de acompa\u00f1arse con una traducci\u00f3n simple o certificada, seg\u00fan sea el\u00a0caso, al espa\u00f1ol. No se tomar\u00e1n en cuenta documentos con una fecha anterior a un mes.<\/div>\n<div class=\"Texto\">Las empresas con que realicen las operaciones mencionadas en el p\u00e1rrafo anterior, deber\u00e1n encontrarse\u00a0en su listado de clientes en el extranjero, en el caso de realizar operaciones de exportaci\u00f3n con clave de\u00a0pedimento\u00a0&#8220;V1&#8221;, del Ap\u00e9ndice 2 del Anexo 22, adicionalmente deber\u00e1 presentar un escrito libre firmado por el\u00a0representante legal de la empresa solicitante donde se manifieste que realiza dichas operaciones, con qu\u00e9\u00a0empresa las realiza y por lo menos un n\u00famero de pedimento.<\/div>\n<div class=\"Texto\">En el caso de realizar Constancias de Transferencia de Mercanc\u00edas (CTM), deber\u00e1 anexar 2 ejemplares de\u00a0dichas constancias realizadas.<\/div>\n<div class=\"Texto\">7. Las empresas que importen o pretendan importar temporalmente mercanc\u00edas de las fracciones\u00a0arancelarias listadas en el Anexo II del Decreto IMMEX, y\/o de las fracciones arancelarias listadas en el\u00a0Anexo 28, deber\u00e1n cumplir con los siguientes requisitos y anexar la documentaci\u00f3n que as\u00ed lo\u00a0acredite:<\/div>\n<div class=\"Texto\">No podr\u00e1n presentar la solicitud en la modalidad IVA e IEPS, si han operado durante menos de doce\u00a0meses previos a la presentaci\u00f3n de dicha solicitud, salvo aquellas que acrediten ser parte de un grupo.<\/div>\n<div class=\"Texto\">Para las empresas que formen parte de un grupo deber\u00e1n de presentar un escrito en el que alguna de las\u00a0empresas que conforman el grupo y tenga m\u00e1s de 12 meses operando al amparo del Programa IMMEX,\u00a0asuma la responsabilidad solidaria a que se refiere la fracci\u00f3n VIII del art\u00edculo 26 del CFF, de los cr\u00e9ditos\u00a0fiscales que llegaran a originarse; as\u00ed como deber\u00e1 exhibir copia del poder con el cual acredite la personalidad\u00a0el representante legal de la empresa que asuma la responsabilidad solidaria.<\/div>\n<div class=\"Texto\">7.1. Constancia del personal registrado ante el IMSS y soporte documental del pago de los 3\u00a0\u00faltimos bimestres anteriores a la solicitud, de por lo menos 30 empleados.<\/div>\n<div class=\"Texto\">a)\u00a0Deber\u00e1 adjuntar constancias de al menos 30 cotizantes registrados ante el IMSS, del SUA. La empresa\u00a0podr\u00e1 adjuntar la primera hoja (donde aparece la denominaci\u00f3n social y el periodo) y la \u00faltima hoja (donde\u00a0consta la totalidad de empleados registrados ante el IMSS) de los 3 \u00faltimos bimestres anteriores a la solicitud.<\/div>\n<div class=\"Texto\"><\/div>\n<div class=\"Texto\">b)\u00a0Deber\u00e1 adjuntar el soporte documental del pago de cuotas obrero patronales descargado por el\u00a0SIPARE o comprobante de pago que sea acorde con la informaci\u00f3n del SUA. Aquellos comprobantes que\u00a0contengan leyendas de que no tienen efectos fiscales o legales, no ser\u00e1n v\u00e1lidos para acreditar el requisito.<\/div>\n<div class=\"Texto\">c)\u00a0Deber\u00e1 presentar un listado con el nombre y el RFC de por lo menos 30 empleados de la solicitante y\/o\u00a0de sus proveedoras de personal subcontratado que puedan visualizarse en constancias del personal\u00a0registrado ante el IMSS, del SUA presentadas, a los cuales le ha emitido los CFDI\u00b4s de n\u00f3mina.<\/div>\n<div class=\"Texto\">La autoridad verificar\u00e1 que la empresa solicitante y\/o sus proveedoras de personal cumplan con la emisi\u00f3n\u00a0de los CFDI\u00b4s de n\u00f3mina a sus trabajadores, en el caso de que se detect\u00e9 alguna inconsistencia, la autoridad\u00a0podr\u00e1 solicitar se le exhiba documentaci\u00f3n que acredite su emisi\u00f3n correspondiente, en todo momento.<\/div>\n<div class=\"Texto\">No se considera personal subcontratado cuando el objeto del contrato es la prestaci\u00f3n de servicios de\u00a0seguridad, comedor, servicios m\u00e9dicos y servicios de limpieza y mantenimiento.<\/div>\n<div class=\"Texto\">8. Dep\u00f3sito fiscal para someterse al proceso de ensamble y fabricaci\u00f3n de veh\u00edculos.<\/div>\n<div class=\"Texto\">8.1. Se\u00f1ale si cuenta con autorizaci\u00f3n para operar el r\u00e9gimen de dep\u00f3sito fiscal para someterse al\u00a0proceso de ensamble y fabricaci\u00f3n de veh\u00edculos a empresas de la industria automotriz terminal\u00a0vigente.<\/div>\n<div class=\"Texto\">Deber\u00e1 contestar lo que corresponda.<\/div>\n<div class=\"Texto\">8.2. Indique si se encuentra sujeto a un proceso de cancelaci\u00f3n.<\/div>\n<div class=\"Texto\">Deber\u00e1 contestar lo que corresponda.<\/div>\n<div class=\"Texto\">8.3. Indique si ha cumplido adecuadamente con los requisitos de las reglas 4.5.30. y 4.5.32.<\/div>\n<div class=\"Texto\">Deber\u00e1 contestar lo que corresponda.<\/div>\n<div class=\"Texto\">8.4. Indique si cuenta con la infraestructura necesaria para realizar operaciones, de conformidad\u00a0con su r\u00e9gimen aduanero.<\/div>\n<div class=\"Texto\">Deber\u00e1 contestar lo que corresponda.<\/div>\n<div class=\"Texto\">Deber\u00e1 acreditar mediante CFDI, t\u00edtulos de propiedad, pedimentos de importaci\u00f3n, propios y\/o contratos\u00a0que amparen que cuenta con el legal uso y\/o goce de la maquinaria y equipo con sus respectivos CFDI que\u00a0amparen el pago, seg\u00fan sea el caso, para llevar a cabo el proceso productivo y\/o servicio, en caso en que la\u00a0autoridad as\u00ed lo requiera. En el caso de aquellas empresas que pretendan acreditar mediante la figura de\u00a0grupo, dicha documentaci\u00f3n deber\u00e1 encontrarse a nombre de la empresa con la cual forma parte del grupo.<\/div>\n<div class=\"Texto\">8.5. Descripci\u00f3n de las actividades relacionadas con los procesos productivos y\/o prestaci\u00f3n de\u00a0servicios conforme a su r\u00e9gimen aduanero.<\/div>\n<div class=\"Texto\">Deber\u00e1 de anexar una descripci\u00f3n detallada de su principal proceso productivo y\/o prestaci\u00f3n del servicio\u00a0(en t\u00e9rminos de valor o de volumen de producci\u00f3n) que muestre paso a paso el flujo de las mercanc\u00edas\u00a0importadas temporalmente, desde el punto de origen, el punto de entrada al pa\u00eds (aduanas), su recepci\u00f3n en\u00a0la empresa, materiales utilizados con fracci\u00f3n arancelaria, almacenamiento, su integraci\u00f3n al proceso\u00a0productivo, realizaci\u00f3n de su proceso productivo o servicio punto de salida (aduanas) y su destino (pa\u00eds) o\u00a0descargo (retorno, transferencia virtual, constancias de destrucci\u00f3n de desperdicio, Constancias deTransferencia de Mercanc\u00edas (CTM), entre otros), as\u00ed como los procesos complementarios y servicios que le\u00a0agregan valor a su producto final (procesos de submanufactura).<\/div>\n<div class=\"Texto\">La descripci\u00f3n podr\u00e1 presentarse en forma de diagrama de flujo, siempre y cuando contenga la\u00a0descripci\u00f3n de cada paso conforme al p\u00e1rrafo anterior.<\/div>\n<div class=\"Texto\">8.6. Continuidad del proyecto de exportaci\u00f3n.<\/div>\n<div class=\"Texto\">Deber\u00e1 adjuntar contrato de maquila, de compraventa, orden de compra o de servicios, o pedidos en firme\u00a0vigentes, que acrediten la continuidad del proyecto de exportaci\u00f3n; en dichos documentos se deber\u00e1\u00a0identificar la raz\u00f3n social de la solicitante, la vigencia del documento, las firmas de las partes y si se encuentra\u00a0en idioma distinto al espa\u00f1ol, deber\u00e1 de acompa\u00f1arse con una traducci\u00f3n simple o certificada, seg\u00fan sea el\u00a0caso, al espa\u00f1ol. No se tomar\u00e1n en cuenta documentos con una fecha anterior a un mes.<\/div>\n<div class=\"Texto\"><\/div>\n<div class=\"Texto\">Las empresas con que realicen las operaciones mencionadas en el p\u00e1rrafo anterior, deber\u00e1n encontrarse\u00a0en su listado de clientes en el extranjero, en el caso de realizar operaciones de exportaci\u00f3n con clave de\u00a0pedimento\u00a0&#8220;V1&#8221;, del Ap\u00e9ndice 2 del Anexo 22, adicionalmente deber\u00e1 presentar un escrito libre en t\u00e9rminos de\u00a0la regla 1.2.2., primer p\u00e1rrafo, firmado por el representante legal de la empresa solicitante donde se manifieste\u00a0que realiza dichas operaciones, con qu\u00e9 empresa las realiza y por lo menos un n\u00famero de pedimento.<\/div>\n<div class=\"Texto\">En el caso de realizar Constancias de Transferencia de Mercanc\u00edas (CTM), deber\u00e1 anexar 2 ejemplares de\u00a0dichas constancias realizadas.<\/div>\n<div class=\"Texto\">9. Elaboraci\u00f3n, transformaci\u00f3n o reparaci\u00f3n en recinto fiscalizado; o recinto fiscalizado estrat\u00e9gico.<\/div>\n<div class=\"Texto\">9.1. Se\u00f1ale si cuenta con la autorizaci\u00f3n vigente, transformaci\u00f3n o reparaci\u00f3n en recinto fiscalizado\u00a0o recinto fiscalizado estrat\u00e9gico.<\/div>\n<div class=\"Texto\">Deber\u00e1 anexar una copia de su autorizaci\u00f3n vigente.<\/div>\n<div class=\"Texto\">9.2. Indique si se encuentra sujeto a un proceso de cancelaci\u00f3n.<\/div>\n<div class=\"Texto\">Deber\u00e1 contestar lo que corresponda.<\/div>\n<div class=\"Texto\">9.3. Indique si cumple con los lineamientos que determinen las autoridades aduaneras para el\u00a0control, vigilancia y seguridad del recinto y de las mercanc\u00edas de comercio exterior.<\/div>\n<div class=\"Texto\">Deber\u00e1 contestar lo que corresponda.<\/div>\n<div class=\"Texto\">9.4. Indique si cuenta con la infraestructura necesaria para realizar operaciones, de conformidad\u00a0con su r\u00e9gimen aduanero.<\/div>\n<div class=\"Texto\">Deber\u00e1 contestar lo que corresponda.<\/div>\n<div class=\"Texto\">Deber\u00e1 acreditar mediante CFDI, t\u00edtulos de propiedad, pedimentos de importaci\u00f3n, propios y\/o contratos\u00a0que amparen que cuenta con el legal uso y\/o goce de la maquinaria y equipo con sus respectivos CFDI que\u00a0amparen el pago, seg\u00fan sea el caso, para llevar a cabo el proceso productivo y\/o servicio, en caso en que la\u00a0autoridad as\u00ed lo requiera. En el caso de aquellas empresas que pretendan acreditar mediante la figura de\u00a0grupo, dicha documentaci\u00f3n deber\u00e1 encontrarse a nombre de la empresa con la cual forma parte del grupo.<\/div>\n<div class=\"Texto\">9.5. Descripci\u00f3n de las actividades relacionadas con los procesos productivos y\/o prestaci\u00f3n de\u00a0servicios conforme a su r\u00e9gimen aduanero.<\/div>\n<div class=\"Texto\">Deber\u00e1 de anexar una descripci\u00f3n detallada de su principal proceso productivo y\/o prestaci\u00f3n del servicio\u00a0(en t\u00e9rminos de valor o de volumen de producci\u00f3n) que muestre paso a paso el flujo de las mercanc\u00edas\u00a0importadas temporalmente, desde el punto de origen, el punto de entrada al pa\u00eds (aduanas), su recepci\u00f3n en\u00a0la empresa, materiales utilizados con fracci\u00f3n arancelaria, almacenamiento, su integraci\u00f3n al proceso\u00a0productivo, realizaci\u00f3n de su proceso productivo o servicio punto de salida (aduanas) y su destino (pa\u00eds) o\u00a0descargo (retorno, transferencia virtual, constancias de destrucci\u00f3n de desperdicio, Constancias deTransferencia de Mercanc\u00edas (CTM), entre otros), as\u00ed como los procesos complementarios y servicios que le\u00a0agregan valor a su producto final (procesos de submanufactura).<\/div>\n<div class=\"Texto\">La descripci\u00f3n podr\u00e1 presentarse en forma de diagrama de flujo, siempre y cuando contenga la\u00a0descripci\u00f3n de cada paso conforme al p\u00e1rrafo anterior.<\/div>\n<div class=\"Texto\">9.6. Continuidad del proyecto de exportaci\u00f3n.<\/div>\n<div class=\"Texto\">Deber\u00e1 adjuntar contrato de maquila, de compraventa, orden de compra o de servicios, o pedidos en firme\u00a0vigentes, que acrediten la continuidad del proyecto de exportaci\u00f3n; en dichos documentos se deber\u00e1\u00a0identificar la raz\u00f3n social de la solicitante, la vigencia del documento, las firmas de las partes y si se encuentra\u00a0en idioma distinto al espa\u00f1ol, deber\u00e1 de acompa\u00f1arse con una traducci\u00f3n simple o certificada, seg\u00fan sea el\u00a0caso, al espa\u00f1ol. No se tomar\u00e1n en cuenta documentos con una fecha anterior a un mes.<\/div>\n<div class=\"Texto\">Las empresas con que realicen las operaciones mencionadas en el p\u00e1rrafo anterior, deber\u00e1n encontrarse\u00a0en su listado de clientes en el extranjero, en el caso de realizar operaciones de exportaci\u00f3n con clave de\u00a0pedimento\u00a0&#8220;V1&#8221;, del Ap\u00e9ndice 2 del Anexo 22, adicionalmente deber\u00e1 presentar un escrito libre en t\u00e9rminos de\u00a0la regla 1.2.2., firmado por el representante legal de la empresa solicitante donde se manifieste que realiza\u00a0dichas operaciones, con qu\u00e9 empresa las realiza y por lo menos un n\u00famero de pedimento.<\/div>\n<div class=\"Texto\">En el caso de realizar Constancias de Transferencia de Mercanc\u00edas (CTM), deber\u00e1 anexar 2 ejemplares de\u00a0dichas constancias realizadas.<\/div>\n<table>\n<tbody>\n<tr>\n<td>\n<div class=\"Texto\">10. MODALIDAD IVA E IEPS RUBRO AA:<\/div>\n<\/td>\n<\/tr>\n<\/tbody>\n<\/table>\n<div class=\"Texto\">Requisitos para el rubro AA.<\/div>\n<div class=\"Texto\">10.1.\u00a0Que al menos el 40% del valor de los insumos adquiridos en territorio nacional vinculados al proceso\u00a0bajo el r\u00e9gimen que est\u00e9 el registro la certificaci\u00f3n durante los \u00faltimos 6 meses, se realizaron con proveedores\u00a0que a la fecha de la presentaci\u00f3n de la solicitud se encuentran al corriente en el cumplimiento de sus\u00a0obligaciones fiscales.<\/div>\n<div class=\"Texto\">Se consideran proveedores \u00fanicamente los de insumos para el proceso productivo, incluidos los recibidos\u00a0a trav\u00e9s de transferencias virtuales de mercanc\u00edas en t\u00e9rminos del Anexo 22.<\/div>\n<div class=\"Texto\">Con el fin de determinar el 40%, deber\u00e1 anexar un archivo con el listado del total de sus proveedores de\u00a0los insumos adquiridos en territorio nacional vinculados al proceso bajo el r\u00e9gimen que est\u00e1 solicitando el\u00a0registro en la modalidad IVA e IEPS y los valores de las operaciones con cada uno, de los \u00faltimos 6 meses.<\/div>\n<div class=\"Texto\">Para este efecto tambi\u00e9n se consideran proveedores nacionales aquellas empresas con Programa IMMEX\u00a0que les transfieran mercanc\u00edas a trav\u00e9s de operaciones virtuales en t\u00e9rminos del Anexo 22, con\u00a0independencia que los proveedores o vendedores sean residentes en el extranjero que entregan en territorio\u00a0nacional a trav\u00e9s de una empresa con Programa IMMEX, para lo cual deber\u00e1 manifestar con cuales empresas\u00a0realiza dichas operaciones.<\/div>\n<div class=\"Texto\">10.2. Manifieste si los proveedores se\u00f1alados en el punto anterior se encuentran a la fecha de\u00a0presentaci\u00f3n de la solicitud, en las publicaciones a que hace referencia el art\u00edculo 69 con excepci\u00f3n de\u00a0lo dispuesto en la fracci\u00f3n VI del CFF.<\/div>\n<div class=\"Texto\">Deber\u00e1 contestar lo que corresponda.<\/div>\n<div class=\"Texto\">10.3. Seleccione y llene al menos una de las siguientes opciones.<\/div>\n<div class=\"Texto\">La empresa solicitante deber\u00e1 cumplir al menos uno de los tres supuestos, no obstante, podr\u00e1 elegir m\u00e1s\u00a0de una opci\u00f3n.<\/div>\n<div class=\"Texto\">En cada uno de los supuestos, la empresa solicitante deber\u00e1 acreditar su cumplimiento:<\/div>\n<div class=\"ROMANOS\">&#8211;\u00a0\u00a0\u00a0\u00a0\u00a0\u00a0Que durante los \u00faltimos cuatro a\u00f1os o m\u00e1s han llevado a cabo operaciones al amparo del r\u00e9gimen\u00a0para el cual solicitan el registro en la modalidad IVA e IEPS. Una vez capturada la fecha de inicio de\u00a0operaciones, la autoridad har\u00e1 la validaci\u00f3n en los sistemas internos.<\/div>\n<div class=\"ROMANOS\">&#8211;\u00a0\u00a0\u00a0\u00a0\u00a0\u00a0Durante el ejercicio anterior en promedio cont\u00f3 con m\u00e1s de 1,000 empleados registrados ante el\u00a0IMSS. A fin de sacar el promedio de la cantidad de empleados, deber\u00e1 de anexar documentaci\u00f3n del\u00a0SUA de los \u00faltimos doce meses, y en caso de que se trate de personal subcontratado, deber\u00e1\u00a0acreditar lo requerido en el punto 4.3. del presente instructivo.<\/div>\n<div class=\"ROMANOS\">&#8211;\u00a0\u00a0\u00a0\u00a0\u00a0\u00a0Valor total de la maquinaria y equipo. Deber\u00e1 anexar documentaci\u00f3n que acredite un valor igual o\u00a0mayor a $50&#8217;000,000.00 en moneda nacional. Por ejemplo: su \u00faltima declaraci\u00f3n fiscal de dichos\u00a0conceptos; facturas y pedimentos de importaci\u00f3n propios, t\u00edtulos de propiedad y\/o CFDI\u00b4s.<\/div>\n<div class=\"Texto\">10.4. Manifieste si se le ha notificado alg\u00fan cr\u00e9dito por parte del SAT en los 12 meses anteriores a\u00a0la fecha de presentaci\u00f3n de la solicitud.<\/div>\n<div class=\"Texto\">En caso afirmativo, deber\u00e1 anexar una copia simple de la autorizaci\u00f3n de pago a plazos, en parcialidades\u00a0o diferido, o el comprobante de pago respectivo.<\/div>\n<div class=\"Texto\">10.5. Manifieste si se le ha emitido resoluci\u00f3n de improcedencia de las devoluciones del IVA\u00a0solicitadas en los \u00faltimos 6 meses, contados a partir de la fecha de presentaci\u00f3n de la solicitud de\u00a0certificaci\u00f3n correspondiente, cuyo monto no represente m\u00e1s del 20% del total de las devoluciones\u00a0autorizadas, y\/o que el monto negado no supere los $5&#8217;000,000.00 en Moneda Nacional en lo individual\u00a0o en su conjunto.<\/div>\n<div class=\"Texto\">En caso afirmativo, se\u00f1ale el porcentaje que representa el monto improcedente en relaci\u00f3n al monto de\u00a0devoluciones autorizadas, en los \u00faltimos 6 meses.<\/div>\n<div class=\"Texto\">El monto improcedente no debe superar el 20% del monto autorizado y dicho porcentaje no debe ser\u00a0mayor a $5&#8217;000,000.00 en moneda nacional en lo individual o en su conjunto.<\/div>\n<table>\n<tbody>\n<tr>\n<td>\n<div class=\"Texto\">11. MODALIDAD IVA E IEPS RUBRO AAA:<\/div>\n<\/td>\n<\/tr>\n<\/tbody>\n<\/table>\n<div class=\"Texto\">Requisitos para el rubro AAA.<\/div>\n<div class=\"Texto\">11.1.\u00a0Que al menos el 70% del valor de los insumos adquiridos en territorio nacional vinculados al proceso\u00a0bajo el r\u00e9gimen que est\u00e9 solicitando el registro durante los \u00faltimos 6 meses, se realizaron con proveedores\u00a0que a la fecha de la presentaci\u00f3n se encuentran al corriente en el cumplimiento de sus obligaciones fiscales.<\/div>\n<div class=\"Texto\">Se consideran proveedores \u00fanicamente los de insumos para el proceso productivo, incluidos los recibidos\u00a0a trav\u00e9s de transferencias virtuales.<\/div>\n<div class=\"Texto\">Con el fin de determinar el 70%, deber\u00e1 anexar un archivo con el listado del total de sus proveedores de\u00a0los insumos adquiridos en territorio nacional vinculados al proceso bajo el r\u00e9gimen que est\u00e1 solicitando la\u00a0certificaci\u00f3n y los valores de las operaciones con cada uno, durante los \u00faltimos 6 meses.<\/div>\n<div class=\"Texto\">Para este efecto tambi\u00e9n se consideran proveedores nacionales aquellas empresas con Programa IMMEX\u00a0que les transfieran mercanc\u00edas a trav\u00e9s de operaciones virtuales en t\u00e9rminos del Anexo 22, con\u00a0independencia que los proveedores o vendedores sean residentes en el extranjero que entregan en territorio\u00a0nacional a trav\u00e9s de una empresa con Programa IMMEX,\u00a0para lo cual deber\u00e1 manifestar con cuales empresas\u00a0realiza dichas operaciones.<\/div>\n<div class=\"Texto\">11.2. Manifieste si los proveedores se\u00f1alados en el punto anterior, se encuentran a la fecha de\u00a0presentaci\u00f3n de la solicitud, en las publicaciones a que hace referencia el art\u00edculo 69 con excepci\u00f3n de\u00a0lo dispuesto en la fracci\u00f3n VI del CFF.<\/div>\n<div class=\"Texto\">Deber\u00e1 contestar lo que corresponda.<\/div>\n<div class=\"Texto\">11.3. Seleccione y llene al menos una de las siguientes opciones.<\/div>\n<div class=\"Texto\">La empresa solicitante deber\u00e1 cumplir al menos uno de los tres supuestos, no obstante, podr\u00e1 elegir m\u00e1s\u00a0de una opci\u00f3n.<\/div>\n<div class=\"Texto\">En cada uno de los supuestos, la empresa solicitante deber\u00e1 acreditar su cumplimiento:<\/div>\n<div class=\"ROMANOS\">&#8211;\u00a0\u00a0\u00a0\u00a0\u00a0\u00a0Que durante los \u00faltimos siete a\u00f1os o m\u00e1s han llevado a cabo operaciones al amparo del r\u00e9gimen\u00a0para el cual solicitan la modalidad IVA e IEPS. Una vez capturada la fecha de inicio de operaciones,\u00a0la autoridad har\u00e1 la validaci\u00f3n en los sistemas internos.<\/div>\n<div class=\"ROMANOS\">&#8211;\u00a0\u00a0\u00a0\u00a0\u00a0\u00a0Que durante el ejercicio anterior en promedio cont\u00f3 con m\u00e1s de 2,500 empleados registrados ante el\u00a0IMSS. A fin de sacar el promedio de la cantidad de empleados, deber\u00e1 de anexar documentaci\u00f3n del\u00a0SUA de los \u00faltimos doce meses, y en caso de que se trate de personal subcontratado, deber\u00e1\u00a0acreditar lo requerido en el punto 4.3 del presente instructivo.<\/div>\n<div class=\"ROMANOS\">&#8211;\u00a0\u00a0\u00a0\u00a0\u00a0\u00a0Valor total de la maquinaria y equipo. Deber\u00e1 anexar documentaci\u00f3n que acredite un valor igual o\u00a0mayor a $100&#8217;000,000.00 en moneda nacional. Por ejemplo: su \u00faltima declaraci\u00f3n fiscal de dichos\u00a0conceptos; facturas y pedimentos de importaci\u00f3n propios, t\u00edtulos de propiedad y\/o CFDI\u00b4s.<\/div>\n<div class=\"Texto\">11.4. Manifieste si se le ha notificado alg\u00fan cr\u00e9dito por parte del SAT en los 24 meses anteriores a\u00a0la fecha de presentaci\u00f3n de la solicitud.<\/div>\n<div class=\"Texto\">En caso afirmativo, deber\u00e1 anexar una copia simple de la autorizaci\u00f3n de pago a plazos, en parcialidades\u00a0o diferido, o el comprobante de pago respectivo.<\/div>\n<div class=\"Texto\">11.5. Manifieste si se le ha emitido resoluci\u00f3n de improcedencia de las devoluciones del IVA\u00a0solicitadas en los \u00faltimos 6 meses, contados a partir de la fecha de presentaci\u00f3n de la solicitud de\u00a0certificaci\u00f3n correspondiente, cuyo monto no represente m\u00e1s del 20% del total de las devoluciones\u00a0autorizadas, y\/o que el monto negado no supere cinco millones en moneda nacional en lo individual o\u00a0en su conjunto.<\/div>\n<div class=\"Texto\">En caso afirmativo, se\u00f1ale el porcentaje que representa el monto improcedente en relaci\u00f3n al monto de\u00a0devoluciones autorizadas, en los \u00faltimos 6 meses.<\/div>\n<div class=\"Texto\">El monto improcedente no debe superar el 20% del monto autorizado y dicho porcentaje no debe ser\u00a0mayor a 5 millones en moneda nacional en lo individual o en su conjunto.<\/div>\n<table>\n<tbody>\n<tr>\n<td>\n<div class=\"Texto\">12. MODALIDAD COMERCIALIZADORA E IMPORTADORA Y OPERADOR ECON\u00d3MICO\u00a0AUTORIZADO:<\/div>\n<\/td>\n<\/tr>\n<\/tbody>\n<\/table>\n<div class=\"Texto\">12.1. Se\u00f1ale si ha efectuado el pago del derecho correspondiente a que refiere el art\u00edculo 40, inciso\u00a0m), de la LFD:<\/div>\n<div class=\"Texto\">Deber\u00e1 contestar lo que corresponda. Y deber\u00e1 de asentar el monto pagado, la fecha de pago, n\u00famero de\u00a0operaci\u00f3n bancaria y la llave de pago correspondiente.<\/div>\n<div class=\"Texto\">12.2. Manifestar el nombre y RFC de las empresas transportistas autorizadas para efectuar el\u00a0traslado de las mercanc\u00edas de comercio exterior:<\/div>\n<div class=\"Texto\">Deber\u00e1 se\u00f1alar el nombre, RFC y registro CAAT de cada una de las empresas transportistas autorizadas\u00a0para efectuar el traslado de las mercanc\u00edas de comercio exterior.<\/div>\n<div class=\"Texto\">12.3. Deber\u00e1 asentar la fecha de inicio de operaciones a fin de acreditar que ha efectuado\u00a0operaciones de comercio exterior durante los \u00faltimos dos a\u00f1os.<\/div>\n<div class=\"Texto\">12.4. Cumplir con los est\u00e1ndares m\u00ednimos en materia de seguridad establecidos en el formato\u00a0denominado\u00a0&#8220;Perfil de la Empresa&#8221;:<\/div>\n<div class=\"Texto\">Deber\u00e1 presentar debidamente llenado el formato denominado\u00a0&#8220;Perfil de la Empresa&#8221;\u00a0y en medio\u00a0magn\u00e9tico, por cada una de las instalaciones.<\/div>\n<div class=\"Texto\">12.5. Deber\u00e1 manifestar si previamente a la presentaci\u00f3n de su solicitud, cuenta con una\u00a0autorizaci\u00f3n en el registro de empresas certificadas, conforme al art\u00edculo 100-A de la Ley, en\u00a0cualquiera de sus apartados o modalidades.<\/div>\n<div class=\"Texto\">Deber\u00e1 se\u00f1alar el apartado en el que le fue otorgado su registro, n\u00famero de oficio y fecha en que se le\u00a0otorg\u00f3 y, en su caso, el correspondiente a la \u00faltima renovaci\u00f3n, as\u00ed como manifestar si es inter\u00e9s de la\u00a0solicitante que, en caso de acreditar y cumplir con los requisitos para la inscripci\u00f3n solicitada, dejar sin efectos\u00a0el registro vigente.<\/div>\n<div class=\"Texto\">12.6. Homologaci\u00f3n de la vigencia del Registro en el Esquema de Certificaci\u00f3n de Empresas\u00a0Modalidad Operador Econ\u00f3mico Autorizado con la Modalidad IVA e IEPS, Rubros AA y AAA, seg\u00fan\u00a0corresponda.<\/div>\n<div class=\"Texto\">En caso de que las empresas soliciten simult\u00e1neamente el Registro en el Esquema de Certificaci\u00f3n de\u00a0Empresas en la modalidad de IVA e IEPS, rubros AA y AAA y Operador Econ\u00f3mico Autorizado, se\u00f1ale si\u00a0desea realizar la homologaci\u00f3n de vigencias, a efecto de que prevalezca la vigencia otorgada en la modalidad\u00a0de IVA e IEPS, rubros AA y AAA, seg\u00fan corresponda.<\/div>\n<div class=\"Texto\">Deber\u00e1 contestar lo que corresponda.<\/div>\n<div class=\"Texto\">Se\u00f1ale si cuenta con el Registro en el Esquema de Certificaci\u00f3n de Empresas bajo la Modalidad de IVA e\u00a0IEPS, rubros AA o AAA.<\/div>\n<div class=\"Texto\">Deber\u00e1 contestar lo que corresponda.<\/div>\n<div class=\"Texto\">En caso de obtener el Registro en el Esquema de Certificaci\u00f3n de Empresas en la modalidad de Operador\u00a0Econ\u00f3mico Autorizado en cualquiera de sus rubros, se\u00f1ale si desea realizar la homologaci\u00f3n de dicha\u00a0vigencia con la vigencia de la modalidad de IVA e IEPS, rubros AA y AAA, seg\u00fan corresponda, a efecto de\u00a0que prevalezca esta \u00faltima.<\/div>\n<div class=\"Texto\">Deber\u00e1 contestar lo que corresponda.<\/div>\n<div class=\"Texto\">Se\u00f1ale si cuenta con el Registro en el Esquema de Certificaci\u00f3n de Empresas bajo la modalidad de\u00a0Operador Econ\u00f3mico Autorizado en cualquiera de sus rubros.<\/div>\n<div class=\"Texto\">Deber\u00e1 contestar lo que corresponda.<\/div>\n<div class=\"Texto\">En caso de obtener el Registro en el Esquema de Certificaci\u00f3n de Empresas en la modalidad de IVA e\u00a0IEPS, rubros AA y AAA, se\u00f1ale si desea realizar la homologaci\u00f3n de vigencias, a efecto de que prevalezca la\u00a0vigencia de esta \u00faltima, seg\u00fan el rubro otorgado.<\/div>\n<div class=\"Texto\">Deber\u00e1 contestar lo que corresponda.<\/div>\n<table>\n<tbody>\n<tr>\n<td>\n<div class=\"Texto\">13. MODALIDAD COMERCIALIZADORA E IMPORTADORA:<\/div>\n<\/td>\n<\/tr>\n<\/tbody>\n<\/table>\n<div class=\"Texto\">13.1. Se\u00f1ale si cuenta con Programa IMMEX.<\/div>\n<div class=\"Texto\">Deber\u00e1 contestar lo que corresponda.<\/div>\n<div class=\"Texto\">13.2. Se\u00f1ale si efectuaron importaciones por un valor en aduana no menor a $300&#8217;000,000.00, en el\u00a0semestre inmediato anterior a aqu\u00e9l en que ingresen su solicitud.<\/div>\n<div class=\"Texto\">Deber\u00e1 contestar lo que corresponda.<\/div>\n<table>\n<tbody>\n<tr>\n<td>\n<div class=\"Texto\">14. MODALIDAD OPERADOR ECON\u00d3MICO AUTORIZADO RUBRO CONTROLADORA:<\/div>\n<\/td>\n<\/tr>\n<\/tbody>\n<\/table>\n<div class=\"Texto\">14.1. Las empresas con Programa IMMEX que aspiren a obtener la certificaci\u00f3n bajo el rubro de\u00a0Controladora, adicionalmente al\u00a0&#8220;Perfil de la Empresa&#8221;\u00a0y a lo establecido en las reglas 7.1.1. y 7.1.4.,\u00a0primer p\u00e1rrafo, deber\u00e1n cumplir con lo siguiente:<\/div>\n<div class=\"Texto\">Anexar documento emitido por la SE, mediante el cual acredite que han sido designadas como sociedades\u00a0controladoras para integrar las operaciones de manufactura o maquila de dos o m\u00e1s sociedades controladas,\u00a0respecto de las cuales la controladora participe de manera directa o indirecta en su administraci\u00f3n, control o\u00a0capital, cuando alguna de las controladas tenga dicha participaci\u00f3n directa o indirecta sobre las otras\u00a0controladas y la controladora, o bien, cuando una tercera empresa ya sea residente en territorio nacional o en\u00a0el extranjero, participe directa o indirectamente en la administraci\u00f3n, control o en el capital tanto de la\u00a0sociedad controladora como de las sociedades controladas.<\/div>\n<div class=\"Texto\">Anexar un archivo con la relaci\u00f3n de las sociedades controladas, indicando su participaci\u00f3n accionaria, su\u00a0denominaci\u00f3n o raz\u00f3n social, domicilio fiscal, RFC y el monto de las importaciones y exportaciones realizadas\u00a0por cada una de las sociedades.<\/div>\n<div class=\"Texto\">Un archivo que contenga un diagrama de la estructura accionaria y corporativa, as\u00ed como copia de las\u00a0escrituras p\u00fablicas, en las que conste la participaci\u00f3n accionaria de la controladora y de las sociedades\u00a0controladas.<\/div>\n<div class=\"Texto\">Durante las visitas de inspecci\u00f3n a la empresa solicitante, el verificador podr\u00e1 solicitar la copia certificada\u00a0de la escritura p\u00fablica en la que conste la participaci\u00f3n accionaria.<\/div>\n<table>\n<tbody>\n<tr>\n<td>\n<div class=\"Texto\">15. MODALIDAD OPERADOR ECON\u00d3MICO AUTORIZADO RUBRO AERONAVES:<\/div>\n<\/td>\n<\/tr>\n<\/tbody>\n<\/table>\n<div class=\"Texto\">Las empresas interesadas en obtener el Registro en el Esquema de Certificaci\u00f3n de Empresas en la\u00a0modalidad de Operador Econ\u00f3mico Autorizado bajo el rubro Aeronaves dedicadas a la elaboraci\u00f3n,\u00a0transformaci\u00f3n, ensamble, reparaci\u00f3n, mantenimiento y remanufactura de aeronaves, as\u00ed como de sus\u00a0partes y componentes, adicionalmente al\u00a0&#8220;Perfil de la Empresa&#8221;\u00a0y a lo establecido en las reglas 7.1.1. y\u00a07.1.4., primer p\u00e1rrafo, deber\u00e1n anexar lo siguiente:<\/div>\n<div class=\"Texto\">15.1. Indique el n\u00famero de su Programa IMMEX y su modalidad.<\/div>\n<div class=\"Texto\">Deber\u00e1 indicar el n\u00famero de su Programa IMMEX y su modalidad.<\/div>\n<div class=\"Texto\">15.2. Contar con el permiso de la Direcci\u00f3n General de Aeron\u00e1utica Civil de la SCT para el\u00a0establecimiento de talleres de aeronaves.<\/div>\n<div class=\"Texto\">Anexar copia del permiso emitido por la Direcci\u00f3n General de Aeron\u00e1utica Civil de la SCT, para el\u00a0establecimiento de talleres de aeronaves, cuando las empresas realicen dichos procesos.<\/div>\n<table>\n<tbody>\n<tr>\n<td>\n<div class=\"Texto\">16. MODALIDAD OPERADOR ECON\u00d3MICO AUTORIZADO RUBRO SECIIT:<\/div>\n<\/td>\n<\/tr>\n<\/tbody>\n<\/table>\n<div class=\"Texto\">Las empresas con Programa IMMEX que aspiren a obtener la certificaci\u00f3n bajo el rubro SECIIT,\u00a0adicionalmente al\u00a0&#8220;Perfil de la empresa&#8221;\u00a0y a lo establecido en las reglas 7.1.1. y 7.1.4., primer p\u00e1rrafo,\u00a0deber\u00e1n cumplir con lo siguiente:<\/div>\n<div class=\"Texto\">16.1. Indique el n\u00famero de su Programa IMMEX y su modalidad.<\/div>\n<div class=\"Texto\">Deber\u00e1 indicar el n\u00famero de su Programa IMMEX y su modalidad.<\/div>\n<div class=\"Texto\"><\/div>\n<div class=\"Texto\">16.2. Indique si durante los \u00faltimos dos a\u00f1os ha operado bajo el Registro de Empresas Certificadas\u00a0o con certificaci\u00f3n en materia de IVA e IEPS operaciones de comercio exterior.<\/div>\n<div class=\"Texto\">Deber\u00e1 contestar lo que corresponda.<\/div>\n<div class=\"Texto\">Cumplir con lo se\u00f1alado en el Apartado II, del Anexo 24 y con los lineamientos que al efecto emita\u00a0la AGACE.<\/div>\n<div class=\"Texto\">Indique si cuenta con un sistema de control de inventarios, para el registro de sus operaciones de\u00a0comercio exterior, de acuerdo con lo se\u00f1alado en el Apartado II, del Anexo 24 y con los lineamientos que al\u00a0efecto emita la AGACE.<\/div>\n<div class=\"Texto\">En caso de contar con un sistema de control de inventarios de conformidad con las disposiciones previstas\u00a0por el Anexo 24, deber\u00e1 anexar un reporte de saldos de mercanc\u00eda de importaci\u00f3n temporal o de mercanc\u00edas\u00a0objeto de operaciones de comercio exterior, de un periodo de un mes, que se encuentre dentro de los tres\u00a0meses anteriores a la fecha de la presente solicitud. La informaci\u00f3n m\u00ednima requerida para la identificaci\u00f3n de\u00a0las operaciones, de forma enunciativa, m\u00e1s no limitativa, es la siguiente:<\/div>\n<table>\n<tbody>\n<tr>\n<td colspan=\"7\">\n<div class=\"Texto\">PEDIMENTO DE IMPORTACI\u00d3N<\/div>\n<\/td>\n<td colspan=\"2\">\n<div class=\"Texto\">SALDOS<\/div>\n<\/td>\n<\/tr>\n<tr>\n<td>\n<div class=\"Texto\">No. depedimento<\/div>\n<div class=\"Texto\">(15 d\u00edgitos)<\/div>\n<\/td>\n<td>\n<div class=\"Texto\">Fecha de\u00a0pago<\/div>\n<\/td>\n<td colspan=\"2\">\n<div class=\"Texto\">Clave depedimento<\/div>\n<\/td>\n<td>\n<div class=\"Texto\">Fracci\u00f3narancelaria<\/div>\n<\/td>\n<td>\n<div class=\"Texto\">Cantidadimportada<\/div>\n<\/td>\n<td>\n<div class=\"Texto\">Valor de laimportaci\u00f3n<\/div>\n<\/td>\n<td>\n<div class=\"Texto\">Saldo<\/div>\n<\/td>\n<td>\n<div class=\"Texto\">Valor de\u00a0Saldo<\/div>\n<\/td>\n<\/tr>\n<tr>\n<td>\n<div class=\"Texto\"><\/div>\n<\/td>\n<td>\n<div class=\"Texto\">dd\/mm\/aa<\/div>\n<\/td>\n<td colspan=\"3\">\n<div class=\"Texto\">Conforme a lo declarado\u00a0en el pedimento de\u00a0referencia<\/div>\n<\/td>\n<td>\n<div class=\"Texto\">Unidades<\/div>\n<\/td>\n<td>\n<div class=\"Texto\">MXN<\/div>\n<\/td>\n<td>\n<div class=\"Texto\">Unidades<\/div>\n<\/td>\n<td>\n<div class=\"Texto\">MXN<\/div>\n<\/td>\n<\/tr>\n<tr>\n<td>\n<div class=\"Texto\"><\/div>\n<\/td>\n<td>\n<div class=\"Texto\">29\/11\/31<\/div>\n<\/td>\n<td>\n<div class=\"Texto\">IN<\/div>\n<\/td>\n<td colspan=\"2\">\n<div class=\"Texto\">8708.95.99<\/div>\n<\/td>\n<td>\n<div class=\"Texto\">5200<\/div>\n<\/td>\n<td>\n<div class=\"Texto\">$125,000.00<\/div>\n<\/td>\n<td>\n<div class=\"Texto\">50500<\/div>\n<\/td>\n<td>\n<div class=\"Texto\">$124,376.00<\/div>\n<\/td>\n<\/tr>\n<\/tbody>\n<\/table>\n<div class=\"Texto\"><\/div>\n<div class=\"Texto\">16.3. Deber\u00e1 acreditar al menos uno de los supuestos siguientes, no obstante, podr\u00e1 elegir m\u00e1s de\u00a0una opci\u00f3n:<\/div>\n<div class=\"ROMANOS\">a)\u00a0\u00a0\u00a0\u00a0Anexar constancia de la totalidad de personal registrado ante el IMSS, del SUA. A fin de evitar que\u00a0se anexe la totalidad del SUA, la empresa podr\u00e1 adjuntar la primera hoja (donde aparece la\u00a0denominaci\u00f3n social y el periodo) y la \u00faltima hoja (donde consta la totalidad de empleados\u00a0registrados ante el IMSS), en caso de contar con personal subcontratado deber\u00e1 de presentar la\u00a0documentaci\u00f3n correspondiente a la proveedora de personal subcontratado.<\/div>\n<div class=\"ROMANOS\">b)\u00a0\u00a0\u00a0\u00a0Anexar documento con el que acredite que cuenta con activos fijos de maquinaria y equipo por un\u00a0monto equivalente en moneda nacional a 30\u00b4000,000 de d\u00f3lares.<\/div>\n<div class=\"ROMANOS\">c)\u00a0\u00a0\u00a0\u00a0Anexar documentaci\u00f3n con el que acredite que la empresa cotiza en mercados reconocidos en\u00a0t\u00e9rminos del art\u00edculo 16-C del CFF.<\/div>\n<div class=\"Texto\">En el caso de que la empresa solicitante no cotice en bolsa, podr\u00e1 presentar la documentaci\u00f3n que\u00a0demuestre que al menos el 51% de sus acciones con derecho a voto, son propiedad en forma directa o\u00a0indirecta de una empresa que cotiza en mercados reconocidos.<\/div>\n<div class=\"Texto\">16.4. Se\u00f1ale si los medios de transporte que utilizar\u00e1 para el traslado de las mercanc\u00edas de\u00a0importaci\u00f3n cuyo destino final sea fuera de la Franja o Regi\u00f3n Fronteriza, cuentan con sistemas de\u00a0rastreo.<\/div>\n<div class=\"Texto\">Deber\u00e1 contestar lo que corresponda.<\/div>\n<div class=\"Texto\">16.5. Se\u00f1ale si cuenta con un sistema electr\u00f3nico de control corporativo de sus operaciones.<\/div>\n<div class=\"Texto\">Deber\u00e1 contestar lo que corresponda.<\/div>\n<div class=\"Texto\">16.6. Describir la operaci\u00f3n del SECIIT:<\/div>\n<div class=\"Texto\">Deber\u00e1 anexar un diagrama de flujo que describa la operaci\u00f3n de su SECIIT, que refleje que el mismo\u00a0cumple con lo dispuesto en el apartado II del Anexo 24 y con los lineamientos que al efecto emita la AGACE,\u00a0as\u00ed como que la autoridad aduanera cuenta con acceso electr\u00f3nico en l\u00ednea de manera permanente e\u00a0ininterrumpida, lo cual ser\u00e1 verificado por la autoridad aduanera en la visita de inspecci\u00f3n.<\/div>\n<div class=\"Texto\"><\/div>\n<div class=\"Texto\">16.7. Se\u00f1ale si realiza importaciones temporales y retornan mercanc\u00edas de las fracciones\u00a0arancelarias listadas en el Anexo II, Apartados B y D del Decreto IMMEX:<\/div>\n<div class=\"Texto\">Deber\u00e1 contestar lo que corresponda.<\/div>\n<table>\n<tbody>\n<tr>\n<td>\n<div class=\"Texto\">17. MODALIDAD OPERADOR ECON\u00d3MICO AUTORIZADO RUBRO TEXTIL:<\/div>\n<\/td>\n<\/tr>\n<\/tbody>\n<\/table>\n<div class=\"Texto\">Las empresas con Programa IMMEX que aspiren a obtener la certificaci\u00f3n bajo el rubro Textil,\u00a0adicionalmente al\u00a0&#8220;Perfil de la empresa&#8221;\u00a0y a lo establecido en las reglas 7.1.1. y 7.1.4., primer p\u00e1rrafo,\u00a0deber\u00e1n contar con el Registro en el Esquema de Certificaci\u00f3n de Empresas bajo la modalidad de IVA\u00a0e IEPS.<\/div>\n<div class=\"Texto\">17.1. Indique si cuenta con el registro en el esquema de certificaci\u00f3n de empresas modalidad IVA e\u00a0IEPS en cualquiera de sus rubros:<\/div>\n<div class=\"Texto\">Deber\u00e1 contestar lo que corresponda.<\/div>\n<div class=\"Texto\">Deber\u00e1 de se\u00f1alar el rubro, la fecha de fin de vigencia y n\u00famero de oficio de autorizaci\u00f3n mediante el cual\u00a0se otorg\u00f3 el Registro en el Esquema de Certificaci\u00f3n de Empresas\u00a0modalidad IVA e IEPS.<\/div>\n<div class=\"Texto\">17.2 Las empresas que no cuenten con Programa IMMEX, deber\u00e1 acreditar el cumplimiento de los\u00a0siguientes requisitos.<\/div>\n<div class=\"Texto\">17.2.1. Constancia del personal registrado ante el IMSS y soporte documental del pago de los tres\u00a0\u00faltimos bimestres anteriores a la solicitud de certificaci\u00f3n, de por lo menos 30 empleados.<\/div>\n<div class=\"Texto\">a)\u00a0Deber\u00e1 adjuntar una constancia de al menos 30 cotizantes registrados ante el IMSS, del SUA. A fin de\u00a0evitar que se anexe la totalidad del SUA, la empresa podr\u00e1 adjuntar la primera hoja (donde aparece la\u00a0denominaci\u00f3n social y el periodo) y la \u00faltima hoja (donde consta la totalidad de empleados registrados ante el\u00a0IMSS).<\/div>\n<div class=\"Texto\">b)\u00a0Para presentar el comprobante del pago de cuotas obrero patronales de por lo menos 30 empleados del\u00a0\u00faltimo bimestre anterior a la solicitud, deber\u00e1 adjuntar comprobante de pago descargado por el SIPARE o\u00a0comprobante de pago que sea acorde con la informaci\u00f3n del SUA, a que se refiere el primer p\u00e1rrafo. Aquellos\u00a0comprobantes que contengan leyendas de que no tienen efectos fiscales o legales, no ser\u00e1n v\u00e1lidos para\u00a0acreditar el requisito.<\/div>\n<div class=\"Texto\">c)\u00a0En caso de que la solicitante cuente \u00fanicamente con personal subcontratado, deber\u00e1 presentar el\u00a0comprobante del pago de cuotas obrero patronales de por lo menos 30 empleados de los \u00faltimos tres\u00a0bimestres anteriores a la solicitud, deber\u00e1 adjuntar comprobante de pago descargado por el SIPARE o\u00a0comprobante de pago que sea acorde con la informaci\u00f3n del SUA, a que se refiere el primer p\u00e1rrafo de la\u00a0proveedora de personal subcontratado.<\/div>\n<div class=\"Texto\">No se considera personal subcontratado cuando el objeto del contrato es la prestaci\u00f3n de servicios de\u00a0seguridad, comedor, servicios m\u00e9dicos, y servicios de limpieza y mantenimiento.<\/div>\n<div class=\"Texto\">17.2.2 Indique si los socios, accionistas, seg\u00fan corresponda, representante legal con facultad para\u00a0actos de dominio, e integrantes de la administraci\u00f3n de conformidad con la constituci\u00f3n de la empresa\u00a0solicitante, se encuentran obligados a tributar en M\u00e9xico y no obligados a tributar en M\u00e9xico.<\/div>\n<div class=\"Texto\">Deber\u00e1 enlistar a los socios, accionistas, seg\u00fan corresponda, representante legal con facultad para actos\u00a0de dominio, e integrantes de la administraci\u00f3n de conformidad con la constituci\u00f3n de la empresa solicitante, se\u00a0encuentren o no obligados a tributar en M\u00e9xico.<\/div>\n<div class=\"Texto\">Para ello deber\u00e1 tomar en cuenta lo siguiente:<\/div>\n<div class=\"ROMANOS\">&#8211;\u00a0\u00a0\u00a0\u00a0\u00a0\u00a0Se entiende por representante legal aqu\u00e9l que en t\u00e9rminos del art\u00edculo 10 de la Ley General de\u00a0Sociedades Mercantiles tenga la representaci\u00f3n legal de la empresa o aquella persona que cuente\u00a0con poder para actos de dominio en t\u00e9rminos del art\u00edculo 2,554 p\u00e1rrafo tercero del C\u00f3digo Civil\u00a0Federal.<\/div>\n<div class=\"ROMANOS\">&#8211;\u00a0\u00a0\u00a0\u00a0\u00a0\u00a0Encontrarse al corriente en el cumplimiento de sus obligaciones fiscales de los socios, accionistas,\u00a0representante legal, administrador \u00fanico o miembros del consejo de administraci\u00f3n que est\u00e9n\u00a0obligados a tributar en M\u00e9xico.<\/div>\n<div class=\"ROMANOS\"><\/div>\n<div class=\"ROMANOS\">&#8211;\u00a0\u00a0\u00a0\u00a0\u00a0\u00a0En caso de que la empresa solicitante cotice mercados reconocidos en t\u00e9rminos del art\u00edculo 16-C del\u00a0CFF, no estar\u00e1 sujeta a contar con la opini\u00f3n positiva vigente sobre el cumplimiento de obligaciones\u00a0fiscales de los tenedores de las acciones que se cotizan en la misma.<\/div>\n<div class=\"ROMANOS\">&#8211;\u00a0\u00a0\u00a0\u00a0\u00a0\u00a0En caso de que la empresa solicitante cuente con m\u00e1s de 20 socios o accionistas, deber\u00e1\u00a0encontrarse al corriente en el cumplimiento de sus obligaciones fiscales de aquellos que en lo\u00a0individual o en su conjunto, representen al menos el 80% de las acciones de la empresa solicitante.<\/div>\n<div class=\"ROMANOS\">&#8211;\u00a0\u00a0\u00a0\u00a0\u00a0\u00a0Cuando la misma persona ostente m\u00e1s de una figura (por ejemplo, representante legal y accionista)\u00a0deber\u00e1 declararse en cada una, sin importar que se repita, que se encuentra al corriente en el\u00a0cumplimiento de obligaciones fiscales.<\/div>\n<div class=\"Texto\">Para los no obligados a tributar en M\u00e9xico deber\u00e1 tomar en cuenta lo siguiente:<\/div>\n<div class=\"ROMANOS\">&#8211;\u00a0\u00a0\u00a0\u00a0\u00a0\u00a0Trat\u00e1ndose de socios o accionistas, deber\u00e1 presentar el documento denominado &#8220;Relaci\u00f3n de los\u00a0Socios, Accionistas o Asociados, residentes en el extranjero de personas morales residentes en\u00a0M\u00e9xico que optan por no inscribirse en el RFC&#8221;. (Forma oficial 96).<\/div>\n<div class=\"ROMANOS\">&#8211;\u00a0\u00a0\u00a0\u00a0\u00a0\u00a0Trat\u00e1ndose de representante legal, administrador \u00fanico y\/o miembros del consejo de administraci\u00f3n,\u00a0de forma enunciativa, m\u00e1s no limitativa, podr\u00e1 presentar documentos que acrediten que dichas\u00a0personas no se encuentran obligadas a tributar en M\u00e9xico, tales como, Opini\u00f3n del cumplimiento de\u00a0obligaciones fiscales con la leyenda\u00a0&#8220;Sin obligaciones fiscales&#8221;, constancia de residencia para efectos\u00a0fiscales del pa\u00eds donde tributa, declaraciones fiscales del pa\u00eds donde se encuentren obligados a\u00a0tributar, etc.<\/div>\n<div class=\"Texto\">17.2.3. Se\u00f1ale si los socios, accionistas, seg\u00fan corresponda, representante legal con facultad para\u00a0actos de dominio, e integrantes de la administraci\u00f3n de conformidad con la constituci\u00f3n de la empresa\u00a0solicitante, declararon ingresos acumulables ante la autoridad fiscal para los fines del ISR\u00a0correspondientes a los dos ejercicios fiscales previos a la solicitud.<\/div>\n<div class=\"Texto\">Deber\u00e1 contestar lo que corresponda<\/div>\n<table>\n<tbody>\n<tr>\n<td>\n<div class=\"Texto\">18. MODALIDAD OPERADOR ECON\u00d3MICO AUTORIZADO RUBRO RECINTO FISCALIZADOESTRAT\u00c9GICO:<\/div>\n<\/td>\n<\/tr>\n<\/tbody>\n<\/table>\n<div class=\"Texto\">Anexar el formato denominado\u00a0&#8220;Perfil del Recinto Fiscalizado Estrat\u00e9gico&#8221;, debidamente llenado y en\u00a0medio magn\u00e9tico, por cada instalaci\u00f3n donde se lleve a cabo el manejo, almacenaje y custodia de mercanc\u00edas\u00a0de comercio exterior, por tramo o por la red completa seg\u00fan sea el caso.<\/div>\n<div class=\"Texto\">18.1. Indique si cuenta con el Registro en el Esquema de Certificaci\u00f3n de Empresas en la\u00a0modalidad IVA e IEPS en cualquiera de sus rubros.<\/div>\n<div class=\"Texto\">Deber\u00e1 contestar lo que corresponda.<\/div>\n<div class=\"Texto\">Deber\u00e1 de se\u00f1alar el rubro, la fecha de fin de vigencia y n\u00famero de oficio de autorizaci\u00f3n mediante el cual\u00a0se otorg\u00f3 el Registro en el Esquema de Certificaci\u00f3n de Empresas, en la\u00a0modalidad IVA e IEPS.<\/div>\n<div class=\"Texto\">18.2. Se\u00f1ale si cuenta con la autorizaci\u00f3n bajo el r\u00e9gimen de recinto fiscalizado estrat\u00e9gico.<\/div>\n<div class=\"Texto\">Deber\u00e1 contestar lo que corresponda.<\/div>\n<div class=\"Texto\">Deber\u00e1 de se\u00f1alar el fin de vigencia y n\u00famero de oficio mediante el cual se le otorg\u00f3 la autorizaci\u00f3n bajo el\u00a0r\u00e9gimen de recinto fiscalizado estrat\u00e9gico.<\/div>\n<div class=\"Texto\">Deber\u00e1 anexar copia simple del oficio mediante el cual se le otorg\u00f3 la concesi\u00f3n o la autorizaci\u00f3n para\u00a0prestar los servicios de manejo, almacenaje y custodia de mercanc\u00edas de comercio exterior.<\/div>\n<div class=\"Texto\">18.3. Indique si se encuentra sujeto a un proceso de cancelaci\u00f3n de la autorizaci\u00f3n del r\u00e9gimen de\u00a0recinto fiscalizado estrat\u00e9gico.<\/div>\n<div class=\"Texto\">Deber\u00e1 contestar lo que corresponda.<\/div>\n<table>\n<tbody>\n<tr>\n<td>\n<div class=\"Texto\">19. EMPRESAS DE LA MODALIDAD OPERADOR ECON\u00d3MICO AUTORIZADO, QUE CUENTEN CONUNIDADES DE TRANSPORTE PROPIAS Y QUE SOLICITEN EL REGISTRO COMO SOCIO\u00a0COMERCIAL CERTIFICADO, RUBRO AUTO TRANSPORTISTA TERRESTRE, O BIEN, QUE SEAN\u00a0SOCIOS DEL PROGRAMA DENOMINADO\u00a0&#8220;C-TPAT&#8221;:<\/div>\n<\/td>\n<\/tr>\n<\/tbody>\n<\/table>\n<div class=\"Texto\">19.1. Las empresas que soliciten de manera conjunta con el Registro en el Esquema de\u00a0Certificaci\u00f3n de Empresas en la modalidad de Operador Econ\u00f3mico Autorizado en cualquiera de sus\u00a0rubros y, el Registro en el Esquema de Certificaci\u00f3n de Empresas en la modalidad de Socio Comercial\u00a0Certificado, rubro Auto Transportista Terrestre, deber\u00e1n cumplir adicionalmente a lo se\u00f1alado en las\u00a0reglas 7.1.1. y 7.1.4., con lo dispuesto en el\u00a0cuarto, quinto, sexto y s\u00e9ptimop\u00e1rrafos de la regla 7.1.4.,\u00a0conforme a lo siguiente:<\/div>\n<div class=\"Texto\">19.1.1. Deber\u00e1 se\u00f1alar si solicita el Registro en el Esquema de Certificaci\u00f3n de Empresas en la\u00a0modalidad de Operador Econ\u00f3mico Autorizado en alguno de sus rubros o, en su caso, se\u00f1alar si\u00a0cuenta con el registro en alguno de dichos rubros, llenando los incisos a), b) y c).<\/div>\n<div class=\"Texto\">19.1.2. Se\u00f1ale si cuenta con medios de transportes propios para el traslado de mercanc\u00edas de\u00a0comercio exterior.<\/div>\n<div class=\"Texto\">Deber\u00e1 contestar lo que corresponda.<\/div>\n<div class=\"Texto\">Anexar el formato denominado\u00a0&#8220;Perfil del Auto Transportista Terrestre&#8221;, debidamente llenado y en medio\u00a0magn\u00e9tico, por cada instalaci\u00f3n donde se lleve a cabo el manejo, almacenaje y custodia de mercanc\u00edas de\u00a0comercio exterior, por tramo o por la red completa seg\u00fan sea el caso.<\/div>\n<div class=\"Texto\">19.1.3. Contar con el permiso \u00fanico para operar el transporte privado de carga vigente expedido\u00a0por la SCT.<\/div>\n<div class=\"Texto\">Deber\u00e1 anexar copia del documento expedido por la SCT, con el cual acredite que cuenta con el permiso\u00a0\u00fanico para operar el transporte privado de carga vigente.<\/div>\n<div class=\"Texto\">19.1.4. Declaraci\u00f3n bajo protesta de decir verdad, respecto del n\u00famero de unidades propias con las\u00a0que cuenta para operar el transporte privado de carga.<\/div>\n<div class=\"Texto\">Deber\u00e1 anexar escrito libre en donde se declare bajo protesta de decir verdad, la cantidad de unidades\u00a0propias con las que cuenta la solicitante.<\/div>\n<div class=\"Texto\">19.1.5. Se\u00f1ale si los medios de transporte para el traslado de las mercanc\u00edas, cuentan con sistemas\u00a0de rastreo.<\/div>\n<div class=\"Texto\">Deber\u00e1 contestar lo que corresponda.<\/div>\n<div class=\"Texto\">19.1.6. Se\u00f1ale si cuenta con el registro CAAT.<\/div>\n<div class=\"Texto\">Deber\u00e1 contestar lo que corresponda.<\/div>\n<div class=\"Texto\">Deber\u00e1 se\u00f1alar la fecha de registro y el n\u00famero de registro CAAT.<\/div>\n<div class=\"Texto\">19.2. Las empresas que soliciten el Registro en el Esquema de Certificaci\u00f3n de Empresas en la\u00a0modalidad de Operador Econ\u00f3mico Autorizado que sean socios del programa denominado C-TPAT,\u00a0otorgado por la CBP y est\u00e9n localizados ante el RFC podr\u00e1n acreditar el requisito establecido en la\u00a0regla 7.1.4., primer p\u00e1rrafo, fracci\u00f3n V, conforme a lo siguiente:<\/div>\n<div class=\"Texto\">Anexar el reporte de validaci\u00f3n emitido en un periodo no mayor a 3 a\u00f1os a la fecha que se presente la\u00a0solicitud, a trav\u00e9s del cual acredite a la solicitante como socio del Programa CBP (C-TPAT), con estatus\u00a0certificado-validado para cada una de las instalaciones validadas por la CBP (C-TPAT), as\u00ed como anexar su\u00a0correspondiente traducci\u00f3n simple al espa\u00f1ol.<\/div>\n<div class=\"Texto\">19.2.1. Manifieste si autoriz\u00f3 a CBP (C-TPAT), a compartir informaci\u00f3n con M\u00e9xico, a trav\u00e9s de su\u00a0portal C-TPAT o del mecanismo que la autoridad de dicho pa\u00eds defina.<\/div>\n<div class=\"Texto\">Deber\u00e1 contestar lo que corresponda.<\/div>\n<div class=\"Texto\">Deber\u00e1n cumplir con los est\u00e1ndares m\u00ednimos en materia de seguridad establecidos en el formato\u00a0&#8220;Perfil de\u00a0la empresa&#8221;, para lo cual deber\u00e1n entregar ante la AGACE el formato debidamente llenado y en medio\u00a0magn\u00e9tico, conforme a lo establecido en el instructivo de llenado del perfil, \u00fanicamente por las instalaciones\u00a0no validadas por CBP (C-TPAT).<\/div>\n<div class=\"Texto\"><\/div>\n<div class=\"Texto\">Las instalaciones que se encuentren validadas por CBP (C-TPAT) de las cuales no se presente el\u00a0&#8220;Perfil\u00a0de la Empresa&#8221;, deber\u00e1n de cumplir en todo momento, con los est\u00e1ndares m\u00ednimos en materia de seguridad\u00a0establecidos en el\u00a0&#8220;Perfil de la Empresa&#8221;, conforme a lo previsto en la regla 7.2.1., tercer p\u00e1rrafo, fracci\u00f3n III,\u00a0p\u00e1rrafo tercero y no estar sujetas a un proceso de suspensi\u00f3n o cancelaci\u00f3n por parte de CBP (C-TPAT).<\/div>\n<div class=\"Texto\">19.3. Se\u00f1ale si para comprobar el plazo de 3 a\u00f1os de operaci\u00f3n ha operado durante los \u00faltimos 2\u00a0a\u00f1os como empresa extranjera al amparo de otra empresa con Programa IMMEX en la modalidad de\u00a0albergue.<\/div>\n<div class=\"Texto\">Deber\u00e1 contestar lo que corresponda.<\/div>\n<div class=\"Texto\">19.4. Contrato celebrado por un m\u00ednimo de 3 a\u00f1os con la empresa que cuenta con el Programa\u00a0IMMEX bajo la modalidad de albergue.<\/div>\n<div class=\"Texto\">Deber\u00e1 anexar copia del contrato celebrado, por un m\u00ednimo de 2 a\u00f1os, con la empresa que cuenta con el\u00a0Programa IMMEX bajo la modalidad de Albergue.<\/div>\n<table>\n<tbody>\n<tr>\n<td>\n<div class=\"Texto\">20. MODALIDAD SOCIO COMERCIAL CERTIFICADO, RUBROS: AUTO TRANSPORTISTA\u00a0TERRESTRE, AGENTE ADUANAL, TRANSPORTISTA FERROVIARIO, PARQUE INDUSTRIAL, Y\u00a0RECINTO FISCALIZADO Y MENSAJER\u00cdA Y PAQUETER\u00cdA.<\/div>\n<\/td>\n<\/tr>\n<\/tbody>\n<\/table>\n<div class=\"Texto\"><\/div>\n<table>\n<tbody>\n<tr>\n<td>\n<div class=\"Texto\">20.1 MODALIDAD SOCIO COMERCIAL RUBRO AUTO TRANSPORTISTA TERRESTRE.<\/div>\n<\/td>\n<\/tr>\n<\/tbody>\n<\/table>\n<div class=\"Texto\">Las empresas que aspiren a obtener la certificaci\u00f3n bajo la modalidad de Socio Comercial Certificado en el\u00a0rubro de Auto Transportista Terrestre, deber\u00e1n cumplir los requisitos a que se refiere la regla 7.1.1., con\u00a0excepci\u00f3n de lo establecido en las fracciones VIII, X, XI y XIV; as\u00ed como acreditar el requisito a que se refiere\u00a0la regla 7.1.4., primer p\u00e1rrafo, fracci\u00f3n I; y con los est\u00e1ndares m\u00ednimos en materia de seguridad a que se\u00a0refiere el art\u00edculo 100-A, tercer p\u00e1rrafo de la Ley, con lo siguiente:<\/div>\n<div class=\"Texto\">Anexar el formato denominado\u00a0&#8220;Perfil del Auto Transportista Terrestre&#8221;, debidamente llenado y en medio\u00a0magn\u00e9tico, por cada instalaci\u00f3n donde se lleve a cabo el manejo, almacenaje y custodia de mercanc\u00edas de\u00a0comercio exterior, por tramo o por la red completa seg\u00fan sea el caso.<\/div>\n<div class=\"Texto\">20.2. Deber\u00e1 se\u00f1alar si realiza operaciones de auto transporte federal.<\/div>\n<div class=\"Texto\">Deber\u00e1 contestar lo que corresponda.<\/div>\n<div class=\"Texto\">Deber\u00e1 anexar el formato denominado\u00a0&#8220;Perfil del Auto Transportista Terrestre&#8221;, debidamente llenado y en\u00a0medio magn\u00e9tico, cumpliendo con los est\u00e1ndares m\u00ednimos en materia de seguridad establecidos en el formato\u00a0citado.<\/div>\n<div class=\"Texto\">20.3. Se\u00f1ale si cuenta con 2 a\u00f1os como m\u00ednimo de experiencia en la prestaci\u00f3n de servicio de auto\u00a0transporte de mercanc\u00edas.<\/div>\n<div class=\"Texto\">Deber\u00e1 contestar lo que corresponda.<\/div>\n<div class=\"Texto\">20.4. Contar con el permiso vigente expedido por la SCT para prestar el servicio de auto transporte\u00a0federal de carga.<\/div>\n<div class=\"Texto\">Deber\u00e1 anexar copia del documento expedido por la SCT con el cual se acredite que cuenta con el\u00a0permiso vigente para prestar el servicio de auto transporte federal de carga.<\/div>\n<div class=\"Texto\">20.5. Declaraci\u00f3n bajo protesta de decir verdad, respecto del n\u00famero de unidades propias o\u00a0arrendadas, que utiliza para la prestaci\u00f3n del servicio.<\/div>\n<div class=\"Texto\">Deber\u00e1 anexar escrito libre en donde se declare bajo protesta de decir verdad, la cantidad de unidades\u00a0con las que cuenta y se\u00f1alar cuantas son propias y cuantas arrendadas.<\/div>\n<div class=\"Texto\">En caso de las unidades arrendadas deber\u00e1 anexar el contrato con el que acredite las unidades\u00a0arrendadas.<\/div>\n<div class=\"Texto\">20.6. Se\u00f1ale si los medios de transporte que utiliza para el traslado de las mercanc\u00edas de\u00a0importaci\u00f3n, cuentan con sistema de rastreo.<\/div>\n<div class=\"Texto\">Deber\u00e1 contestar lo que corresponda.<\/div>\n<div class=\"Texto\"><\/div>\n<div class=\"Texto\">20.7. Se\u00f1ale si cuenta con el registro CAAT.<\/div>\n<div class=\"Texto\">Deber\u00e1 contestar lo que corresponda.<\/div>\n<div class=\"Texto\">Deber\u00e1 se\u00f1alar la fecha de registro y el n\u00famero de registro CAAT.<\/div>\n<table>\n<tbody>\n<tr>\n<td>\n<div class=\"Texto\">21. RUBRO AUTO TRANSPORTISTA TERRESTRE Y QUE SEAN SOCIOS DEL PROGRAMADENOMINADO C-TPAT.<\/div>\n<\/td>\n<\/tr>\n<\/tbody>\n<\/table>\n<div class=\"Texto\">Las empresas Auto Transportistas Terrestres que soliciten el Registro en el Esquema de Certificaci\u00f3n de\u00a0Empresas en la modalidad de Socio Comercial Certificado que sean socios del programa denominado C-TPAT, otorgado por la CBP, podr\u00e1n acreditar el requisito establecido en el primer p\u00e1rrafo, fracci\u00f3n I, inciso b)\u00a0de la regla 7.1.5., conforme a lo siguiente:<\/div>\n<div class=\"Texto\">Anexar el reporte de validaci\u00f3n emitido en un periodo no mayor a 3 a\u00f1os a la fecha que se presente la\u00a0solicitud, a trav\u00e9s del cual acredite a la solicitante como socio del programa CBP (C-TPAT), con estatus\u00a0certificado-validado, para cada una de las instalaciones validadas por CBP (C-TPAT), as\u00ed como anexar su\u00a0correspondiente traducci\u00f3n simple al espa\u00f1ol.<\/div>\n<div class=\"Texto\">21.1. Se\u00f1ale si autoriz\u00f3 a CBP (C-TPAT) a compartir informaci\u00f3n con M\u00e9xico, a trav\u00e9s de su portal\u00a0de C-TPAT o del mecanismo que la autoridad de dicho pa\u00eds defina.<\/div>\n<div class=\"Texto\">Deber\u00e1 contestar lo que corresponda.<\/div>\n<div class=\"Texto\">21.2. Se\u00f1ale si las instalaciones que cuenten con la certificaci\u00f3n de CBP (C-TPAT) y de las cuales\u00a0no se deber\u00e1 de presentar el\u00a0&#8220;Perfil de Auto Transportista Terrestre&#8221;, cumplen con los est\u00e1ndares\u00a0m\u00ednimos en materia de seguridad.<\/div>\n<div class=\"Texto\">Deber\u00e1 contestar lo que corresponda.<\/div>\n<div class=\"Texto\">21.3. Se\u00f1ale si se encuentra sujeta a un proceso de suspensi\u00f3n o cancelaci\u00f3n por parte de CBP (C-TPAT).<\/div>\n<div class=\"Texto\">Deber\u00e1 contestar lo que corresponda.<\/div>\n<div class=\"Texto\">Deber\u00e1 de anexar el formato denominado\u00a0&#8220;Perfil del Auto Transportista Terrestre&#8221;\u00a0y en medio magn\u00e9tico\u00a0\u00fanicamente por las instalaciones no validadas por el CBP (C-TPAT).<\/div>\n<table>\n<tbody>\n<tr>\n<td>\n<div class=\"Texto\">22. MODALIDAD SOCIO COMERCIAL CERTIFICADO RUBRO AGENTE ADUANAL.<\/div>\n<\/td>\n<\/tr>\n<\/tbody>\n<\/table>\n<div class=\"Texto\">Las personas f\u00edsicas que aspiren a obtener la certificaci\u00f3n bajo la modalidad de Socio Comercial en el\u00a0rubro Agente Aduanal, deber\u00e1n cumplir los requisitos a que se refiere la regla 7.1.1., con excepci\u00f3n de lo\u00a0establecido en las fracciones I, VIII, X, XI, XII y XIV; as\u00ed como acreditar el requisito a que se refiere la regla y\u00a07.1.4., primer p\u00e1rrafo, fracci\u00f3n I, y con los est\u00e1ndares m\u00ednimos en materia de seguridad a que se refiere el\u00a0art\u00edculo 100-A, tercer p\u00e1rrafo de la Ley, con lo siguiente:<\/div>\n<div class=\"Texto\">Anexar el formato denominado\u00a0&#8220;Perfil del Agente Aduanal&#8221;, debidamente llenado\u00a0y en medio magn\u00e9tico.<\/div>\n<div class=\"Texto\">22.1. Que sus mandatarios, se encuentren al corriente en el cumplimiento de sus obligaciones\u00a0fiscales, para lo cual se\u00f1alar\u00e1 el nombre de cada uno de sus mandatarios, su RFC y si se encuentran\u00a0al corriente en el cumplimiento de sus obligaciones fiscales.<\/div>\n<div class=\"Texto\">Deber\u00e1 se\u00f1alar el nombre y RFC de sus mandatarios y si se encuentran al corriente en el cumplimiento de\u00a0sus obligaciones fiscales<\/div>\n<div class=\"Texto\">22.2. Se\u00f1ale si la patente aduanal se encuentra activa.<\/div>\n<div class=\"Texto\">Deber\u00e1 contestar lo que corresponda.<\/div>\n<div class=\"Texto\">22.3. Se\u00f1ale si a la fecha de la presentaci\u00f3n la patente aduanal se encuentra sujeta a un proceso de\u00a0suspensi\u00f3n, cancelaci\u00f3n, extinci\u00f3n, inhabilitaci\u00f3n o suspensi\u00f3n voluntaria, a que se refieren los\u00a0art\u00edculos 164, 165 y 166 de la Ley.<\/div>\n<div class=\"Texto\">Deber\u00e1 contestar lo que corresponda.<\/div>\n<div class=\"Texto\"><\/div>\n<div class=\"Texto\">22.4. Se\u00f1ale si la patente aduanal ha estado suspendida, cancelada, extinguida o inhabilitada en los\u00a03 a\u00f1os anteriores a la presentaci\u00f3n de su solicitud.<\/div>\n<div class=\"Texto\">Deber\u00e1 contestar lo que corresponda.<\/div>\n<div class=\"Texto\">22.5. En caso de haberse incorporado y\/o constituido una o m\u00e1s sociedades, en los t\u00e9rminos del\u00a0art\u00edculo 163, fracci\u00f3n II de la Ley, \u00e9stas deber\u00e1n encontrarse al corriente en el cumplimiento de sus\u00a0obligaciones fiscales, para lo cual deber\u00e1 se\u00f1alar el nombre y RFC de dichas sociedades.<\/div>\n<div class=\"Texto\">Deber\u00e1 se\u00f1alar el nombre completo, RFC y aduanas en la que act\u00faan dichas sociedades.<\/div>\n<div class=\"Texto\">22.6. Datos adicionales del agente aduanal.<\/div>\n<div class=\"Texto\">Deber\u00e1 se\u00f1alar la aduana de adscripci\u00f3n, aduanas adicionales autorizadas, n\u00famero de trabajadores\u00a0registrados en el IMSS a la fecha de su solicitud, n\u00famero de trabajadores registrados mediante contrato de\u00a0prestaci\u00f3n de servicios y manifestar que la patente cuenta con un m\u00ednimo de 2 a\u00f1os de experiencia en la\u00a0presentaci\u00f3n de servicios aduanales.<\/div>\n<div class=\"Texto\">22.7. Describa los servicios adicionales a la gesti\u00f3n aduanera que presta el agente aduanal\u00a0(Agregar\u00a0las l\u00edneas que sean necesarias).<\/div>\n<div class=\"Texto\">Deber\u00e1 de describir los servicios que preste el agente aduanal, adicionales a la gesti\u00f3n aduanera.<\/div>\n<div class=\"Texto\">22.8. Datos de las instalaciones de la agencia.<\/div>\n<div class=\"Texto\">Deber\u00e1 indicar el nombre y\/o denominaci\u00f3n, domicilio y tipo de instalaci\u00f3n que pertenecen a la patente del\u00a0agente aduanal solicitante, para tales efectos podr\u00e1n adicionar las filas que sean necesarias.<\/div>\n<table>\n<tbody>\n<tr>\n<td>\n<div class=\"Texto\">23. MODALIDAD SOCIO COMERCIAL CERTIFICADO RUBRO TRANSPORTISTA FERROVIARIO.<\/div>\n<\/td>\n<\/tr>\n<\/tbody>\n<\/table>\n<div class=\"Texto\">Las empresas que aspiren a obtener la certificaci\u00f3n bajo la modalidad de Socio Comercial\u00a0Certificado en el rubro Transportista Ferroviario, adem\u00e1s de lo establecido en la regla 7.1.1., con\u00a0excepci\u00f3n de las fracciones VIII, X, XI y XIV y 7.1.4., primer p\u00e1rrafo, fracci\u00f3n I, deber\u00e1n cumplir con lo\u00a0siguiente:<\/div>\n<div class=\"Texto\">Anexar el formato denominado\u00a0&#8220;Perfil del Transportista Ferroviario&#8221;, debidamente llenado y en medio\u00a0magn\u00e9tico, por cada instalaci\u00f3n donde se lleve a cabo el manejo, almacenaje y custodia de mercanc\u00edas de\u00a0comercio exterior, por tramo o por la red completa seg\u00fan sea el caso<\/div>\n<div class=\"Texto\">23.1. Contar con la concesi\u00f3n o el permiso vigente, expedido por la SCT para prestar el servicio de\u00a0transporte ferroviario de carga.<\/div>\n<div class=\"Texto\">Deber\u00e1 anexar copia del documento expedido por la SCT, con el que acredite que cuenta con la concesi\u00f3n\u00a0o el permiso vigente para prestar el servicio de transporte ferroviario de carga.<\/div>\n<div class=\"Texto\">23.2. Se\u00f1ale si cuenta con unidades propias, arrendadas en comodato u otra figura jur\u00eddica con la\u00a0que acredite la posesi\u00f3n de las mismas (equipo tractivo) que utiliza para la prestaci\u00f3n del servicio:<\/div>\n<div class=\"Texto\">Deber\u00e1 anexar escrito libre en donde se declare bajo protesta de decir verdad, la cantidad de unidades\u00a0con las que cuenta y se\u00f1alar cuantas son propias y cuantas arrendadas.<\/div>\n<div class=\"Texto\">En caso de las unidades arrendadas deber\u00e1 anexar el contrato con el que acredite las unidades\u00a0arrendadas.<\/div>\n<div class=\"Texto\">23.3. Se\u00f1ale si los medios de transporte para el traslado de las mercanc\u00edas, cuentan con sistemas\u00a0de rastreo conforme a lo establecido en el formato denominado\u00a0&#8220;Perfil del Transportista Ferroviario&#8221;.<\/div>\n<div class=\"Texto\">Deber\u00e1 contestar lo que corresponda.<\/div>\n<table>\n<tbody>\n<tr>\n<td>\n<div class=\"Texto\">24. MODALIDAD SOCIO COMERCIAL CERTIFICADO RUBRO PARQUE INDUSTRIAL.<\/div>\n<\/td>\n<\/tr>\n<\/tbody>\n<\/table>\n<div class=\"Texto\">Las empresas que soliciten el Registro en el Esquema de Certificaci\u00f3n de Empresas bajo la\u00a0modalidad de Socio Comercial Certificado en el rubro Parque Industrial, deber\u00e1n cumplir\u00a0adicionalmente a los requisitos establecidos en la regla 7.1.1., con excepci\u00f3n de las fracciones VIII, X,\u00a0XI y XIV, y con lo se\u00f1alado en la regla 7.1.4., primer p\u00e1rrafo, fracci\u00f3n I, as\u00ed como con los est\u00e1ndares\u00a0m\u00ednimos en materia de seguridad a que se refiere el art\u00edculo 100-A, tercer p\u00e1rrafo de la Ley, con lo\u00a0siguiente:<\/div>\n<div class=\"Texto\">Anexar el formato denominado\u00a0&#8220;Perfil de Parques Industriales&#8221;, debidamente llenado por cada Parque\u00a0Industrial que alberguen las empresas o las instalaciones que pertenezcan al mismo RFC del corporativo,\u00a0donde se realicen las operaciones de comercio exterior; y en medio magn\u00e9tico.<\/div>\n<div class=\"Texto\"><\/div>\n<div class=\"Texto\">24.1. Deber\u00e1 se\u00f1alar el nombre y\/o denominaci\u00f3n de cada Parque Industrial del que se solicite el\u00a0registro y que pertenezcan y operen bajo el mismo RFC del Corporativo. Las instalaciones albergadas\u00a0pueden ser plantas industriales, almacenes, centros de distribuci\u00f3n, etc. y deben realizar operaciones\u00a0de comercio exterior.<\/div>\n<div class=\"Texto\">24.2. Contar con la Manifestaci\u00f3n de impacto ambiental.<\/div>\n<div class=\"Texto\">Deber\u00e1 anexar el documento emitido por la SEMARNAT sobre el impacto ambiental de acuerdo a la norma\u00a0NMX-R-046-SCFI-2015.<\/div>\n<table>\n<tbody>\n<tr>\n<td>\n<div class=\"Texto\">25. MODALIDAD SOCIO COMERCIAL CERTIFICADO RUBRO RECINTO FISCALIZADO.<\/div>\n<\/td>\n<\/tr>\n<\/tbody>\n<\/table>\n<div class=\"Texto\">Las empresas interesadas en obtener el Registro en el Esquema de Certificaci\u00f3n de Empresas en la\u00a0modalidad de Socio Comercial Certificado bajo el rubro de Recinto Fiscalizado, adem\u00e1s de lo\u00a0establecido en las reglas 7.1.1., con excepci\u00f3n de las fracciones VIII, X, XI, y 7.1.4., primer p\u00e1rrafo,\u00a0fracci\u00f3n I, deber\u00e1n cumplir con lo siguiente:<\/div>\n<div class=\"Texto\">Anexar el formato denominado\u00a0&#8220;Perfil del Recinto Fiscalizado&#8221;, debidamente llenado y en medio\u00a0magn\u00e9tico, por cada recinto fiscalizado.<\/div>\n<div class=\"Texto\">25.1. Se\u00f1ale si al momento de la presentaci\u00f3n de su solicitud cuenta con la autorizaci\u00f3n de Recinto\u00a0Fiscalizado.<\/div>\n<div class=\"Texto\">Deber\u00e1 contestar lo que corresponda.<\/div>\n<div class=\"Texto\">Deber\u00e1 indicar la fecha de fin de vigencia y n\u00famero de oficio de la autorizaci\u00f3n como recinto fiscalizado.<\/div>\n<div class=\"Texto\">Deber\u00e1 anexar copia simple del oficio mediante el cual se le otorg\u00f3 la autorizaci\u00f3n para la elaboraci\u00f3n,\u00a0transformaci\u00f3n o reparaci\u00f3n en recinto fiscalizado.<\/div>\n<div class=\"Texto\">25.2. Se\u00f1ale si al momento de la presentaci\u00f3n de su solicitud se encuentra sujeto a un proceso de\u00a0cancelaci\u00f3n de la autorizaci\u00f3n de Recinto Fiscalizado.<\/div>\n<div class=\"Texto\">Deber\u00e1 contestar lo que corresponda.<\/div>\n<table>\n<tbody>\n<tr>\n<td>\n<div class=\"Texto\">26. MODALIDAD OPERADOR ECON\u00d3MICO AUTORIZADO RUBRO MENSAJER\u00cdA Y PAQUETER\u00cdA.<\/div>\n<\/td>\n<\/tr>\n<\/tbody>\n<\/table>\n<div class=\"Texto\">Las empresas interesadas en obtener el Registro en el Esquema de Certificaci\u00f3n de Empresas en la\u00a0modalidad de Operador Econ\u00f3mico Autorizado bajo el rubro de mensajer\u00eda y paqueter\u00eda, adem\u00e1s de lo\u00a0establecido en la regla 7.1.1.,deber\u00e1n anexar lo siguiente:<\/div>\n<div class=\"Texto\">Anexar el formato denominado\u00a0&#8220;Perfil de la empresa de Mensajer\u00eda y Paqueter\u00eda&#8221;, debidamente llenado y\u00a0en medio magn\u00e9tico.<\/div>\n<div class=\"Texto\">26.1. Se\u00f1alar a quien pertenecen las aeronaves en las que realizan la transportaci\u00f3n de\u00a0documentos y mercanc\u00edas.<\/div>\n<div class=\"Texto\">Deber\u00e1 de se\u00f1alar si las aeronaves en las que realizan la transportaci\u00f3n de documentos y mercanc\u00edas son\u00a0propias, o pertenecen a su subsidiaria, filial o matriz.<\/div>\n<div class=\"Texto\">Deber\u00e1 indicar el nombre de la due\u00f1a de las aeronaves en las que realizan la transportaci\u00f3n de\u00a0documentos y mercanc\u00edas.<\/div>\n<div class=\"Texto\">Deber\u00e1 de anexar contrato de servicios, con una vigencia m\u00ednima de 5 a\u00f1os y no menor a un a\u00f1o a la\u00a0fecha de su solicitud, celebrado de forma directa o a trav\u00e9s de sus matrices, filiales o subsidiarias, con un\u00a0concesionario o permisionario debidamente autorizado por la SCT, mediante el cual pongan a disposici\u00f3n\u00a0para uso dedicado de las actividades de la empresa de mensajer\u00eda o paqueter\u00eda al menos 30 aeronaves y que\u00a0provea frecuencias regulares a los aeropuertos donde dicha empresa realiza el despacho de los documentos\u00a0o mercanc\u00edas.<\/div>\n<div class=\"Texto\">Asimismo, deber\u00e1 anexar documento emitido por la Direcci\u00f3n General de Aeron\u00e1utica Civil de la SCT a\u00a0favor de la concesionaria o permisionaria con el que acredite que tienen autorizadas o registradas las rutas\u00a0a\u00e9reas o aerov\u00edas dentro del espacio a\u00e9reo nacional.<\/div>\n<div class=\"Texto\">26.2. Se\u00f1alar quien opera el transporte de aeronaves.<\/div>\n<div class=\"Texto\">Deber\u00e1 de se\u00f1alar quien opera el transporte de aeronaves si es la solicitante subsidiaria, filial o matriz.<\/div>\n<div class=\"Texto\">Anexar documento emitido por la Direcci\u00f3n General de Aeron\u00e1utica Civil de la SCT con el que acredite que\u00a0cuenta con el registro de rutas a\u00e9reas o aerov\u00edas dentro del espacio a\u00e9reo nacional.<\/div>\n<div class=\"Texto\"><\/div>\n<div class=\"Texto\">26.3. Se\u00f1ale si cuenta con la concesi\u00f3n o autorizaci\u00f3n para prestar los servicios de manejo,\u00a0almacenaje y custodia de mercanc\u00edas de comercio exterior de conformidad con los art\u00edculos 14 y 14-A\u00a0de la Ley.<\/div>\n<div class=\"Texto\">Deber\u00e1 contestar lo que corresponda.<\/div>\n<div class=\"Texto\">Deber\u00e1 se\u00f1alar el fin de vigencia y el n\u00famero de oficio con el cual se le otorg\u00f3 la concesi\u00f3n o autorizaci\u00f3n\u00a0para prestar los servicios de manejo, almacenaje y custodia de mercanc\u00edas de comercio exterior de\u00a0conformidad con los art\u00edculos 14 y 14-A de la Ley.<\/div>\n<div class=\"Texto\">26.4. Se\u00f1ale si a la fecha de presentaci\u00f3n de su solicitud cuenta con una inversi\u00f3n m\u00ednima de\u00a0activos fijos por un monto equivalente en moneda nacional a 1\u00b4000,000 de d\u00f3lares.<\/div>\n<div class=\"Texto\">Deber\u00e1 contestar lo que corresponda.<\/div>\n<div class=\"Texto\">Deber\u00e1 de anexar la documentaci\u00f3n con la que acredite que a la fecha de presentaci\u00f3n de su solicitud\u00a0cuenta con una inversi\u00f3n m\u00ednima de activos fijos por un monto equivalente en moneda nacional a 1\u00b4000,000\u00a0de d\u00f3lares.<\/div>\n<div class=\"Texto\">26.5. Se\u00f1ale si para efectos del presente rubro se acredita en grupo.<\/div>\n<div class=\"Texto\">Deber\u00e1 contestar lo que corresponda.<\/div>\n<div class=\"Texto\">Deber\u00e1 de se\u00f1alar el nombre de las empresas que forman parte del grupo.<\/div>\n<div class=\"Texto\">26.6. Indique el nombre de las empresas que forman parte del grupo que cuenta con las aeronaves.<\/div>\n<div class=\"Texto\">Deber\u00e1 de se\u00f1alar el nombre y RFC de las empresas que forman parte del grupo que cuentan con las\u00a0aeronaves.<\/div>\n<div class=\"Texto\">Deber\u00e1 anexar la documentaci\u00f3n con la que acredite que cuentan con aeronaves para la transportaci\u00f3n de\u00a0documentos y mercanc\u00edas, mediante contrato de servicios, celebrado de forma directa o a trav\u00e9s de una\u00a0empresa operadora que forme parte del mismo grupo, que cuente con concesi\u00f3n o permiso autorizado por la\u00a0SCT, mediante el cual ponga a su disposici\u00f3n para uso exclusivo de las actividades de mensajer\u00eda y\u00a0paqueter\u00eda al menos 3 aeronaves y provea frecuencias regulares a los aeropuertos donde las empresas de\u00a0mensajer\u00eda y paqueter\u00eda realizan el despacho de los documentos o mercanc\u00edas.<\/div>\n<div class=\"Texto\">Asimismo, deber\u00e1 anexar permiso por parte de la SCT, emitido a favor de la empresa que forma parte del\u00a0grupo.<\/div>\n<div class=\"Texto\">26.7. Indique el nombre de las empresas que forman parte del grupo, las cuales operen el\u00a0transporte de las aeronaves se\u00f1aladas en la fracci\u00f3n anterior, tengan autorizadas o registradas sus\u00a0rutas a\u00e9reas o aerov\u00edas dentro del espacio a\u00e9reo nacional ante la Direcci\u00f3n General de Aeron\u00e1utica\u00a0Civil de la SCT.<\/div>\n<div class=\"Texto\">Deber\u00e1 indicar el nombre y RFC de las empresas que formen parte del grupo, que operen el transporte de\u00a0las aeronaves.<\/div>\n<div class=\"Texto\">Deber\u00e1 de anexar documento emitido por la Direcci\u00f3n General de Aeron\u00e1utica Civil de la SCT, a favor de\u00a0alguna de las empresas que forman parte del grupo con el que acredite que tienen autorizadas o registradas\u00a0las rutas a\u00e9reas o aerov\u00edas dentro del espacio a\u00e9reo nacional.<\/div>\n<div class=\"Texto\">26.8. Indique el nombre de las empresas que forman parte del grupo, que cuentan con la concesi\u00f3n\u00a0o autorizaci\u00f3n para prestar los servicios de manejo, almacenaje y custodia de mercanc\u00edas de comercio\u00a0exterior de conformidad con los art\u00edculos 14 y 14-A de la Ley.<\/div>\n<div class=\"Texto\">Deber\u00e1 indicar el nombre y RFC de las empresas que formen parte del grupo, las cuales cuenten con la\u00a0concesi\u00f3n o autorizaci\u00f3n para prestar los servicios de manejo, almacenaje y custodia de mercanc\u00edas de\u00a0comercio exterior de conformidad con los art\u00edculos 14 y 14-A de la Ley.<\/div>\n<div class=\"Texto\">Deber\u00e1 indicar el fin de vigencia y el n\u00famero de oficio con el cual se le otorg\u00f3 la concesi\u00f3n o autorizaci\u00f3n\u00a0para prestar los servicios de manejo, almacenaje y custodia de mercanc\u00edas de comercio exterior de\u00a0conformidad con los art\u00edculos 14 y 14-A de la Ley.<\/div>\n<div class=\"Texto\">Deber\u00e1 contestar lo que corresponda.<\/div>\n<table>\n<tbody>\n<tr>\n<td>\n<div class=\"Texto\">27. RECONOCIMIENTO MUTUO PARA LAS MODALIDADES DE OPERADOR ECON\u00d3MICOAUTORIZADO Y SOCIO COMERCIAL CERTIFICADO.<\/div>\n<\/td>\n<\/tr>\n<\/tbody>\n<\/table>\n<div class=\"Texto\">Indicar si autorizan o no al sujeto obligado denominado SAT, a trav\u00e9s de la AGACE, a compartir, difundir o\u00a0distribuir con otras autoridades nacionales o extranjeras los datos personales y dem\u00e1s informaci\u00f3n de la\u00a0empresa que representen, y que se genere durante el transcurso en que la misma se encuentre inscrita en el\u00a0Registro en el Esquema de Certificaci\u00f3n de Empresas.<\/div>\n<table>\n<tbody>\n<tr>\n<td>\n<div class=\"Texto\">28. LISTADO DE SOCIO COMERCIAL.<\/div>\n<\/td>\n<\/tr>\n<\/tbody>\n<\/table>\n<div class=\"Texto\">Con la finalidad de crear cadenas de suministros m\u00e1s seguras, se establecer\u00e1 un listado con las empresas\u00a0que hayan obtenido la certificaci\u00f3n como Socio Comercial, mismo que se publicar\u00e1 en el Portal del SAT que\u00a0incluir\u00e1 los datos generales que la empresa autorice, as\u00ed como el estatus de su certificaci\u00f3n, mismo que podr\u00e1\u00a0ser consultado por las empresas que hayan obtenido su inscripci\u00f3n en el Registro en el Esquema de\u00a0Certificaci\u00f3n de Empresas.<\/div>\n<div class=\"Texto\">Indicar los datos generales que autorizan publicar.<\/div>\n<table>\n<tbody>\n<tr>\n<td>\n<div class=\"Texto\">29. CLASIFICACI\u00d3N DE LA INFORMACI\u00d3N.<\/div>\n<\/td>\n<\/tr>\n<\/tbody>\n<\/table>\n<div class=\"Texto\">Indicar si la informaci\u00f3n proporcionada, durante el tr\u00e1mite para el Registro en el Esquema de Certificaci\u00f3n\u00a0de Empresas, es clasificada por la empresa como p\u00fablica o confidencial.<\/div>\n<div class=\"Texto\">F3.1.<\/div>\n<div class=\"Texto\">Instructivo de tr\u00e1mite para obtener el Registro en el Esquema de Certificaci\u00f3n de Empresas en la<br \/>\nmodalidad IVA e IEPS<\/div>\n<table>\n<tbody>\n<tr>\n<td>\n<div class=\"Texto\">\u00bfQui\u00e9nes lo presentan?<\/div>\n<div class=\"Texto\">Los interesados en obtener su Registro en el Esquema de Certificaci\u00f3n de Empresas, modalidad IVA e\u00a0IEPS, bajo los rubros A, AA y AAA.<\/div>\n<\/td>\n<\/tr>\n<tr>\n<td>\n<div class=\"Texto\">\u00bfD\u00f3nde se presenta?<\/div>\n<div class=\"Texto\">Ante la AGACE, a trav\u00e9s de Ventanilla Digital.<\/div>\n<\/td>\n<\/tr>\n<tr>\n<td>\n<div class=\"Texto\">\u00bfQu\u00e9 documento se obtiene al finalizar el tr\u00e1mite?<\/div>\n<div class=\"Texto\">Oficio de respuesta a la solicitud de Registro en el Esquema de Certificaci\u00f3n de Empresas.<\/div>\n<\/td>\n<\/tr>\n<tr>\n<td>\n<div class=\"Texto\">\u00bfCu\u00e1ndo se presenta?<\/div>\n<div class=\"Texto\">En cualquier momento.<\/div>\n<\/td>\n<\/tr>\n<tr>\n<td>\n<div class=\"Texto\">Requisitos:<\/div>\n<div class=\"Texto\">1.\u00a0\u00a0\u00a0\u00a0\u00a0Manifestar:<\/div>\n<div class=\"Texto\">a)\u00a0\u00a0\u00a0\u00a0Si la empresa solicitante cuenta con trabajadores subcontratados en los t\u00e9rminos y condicionesque establecen los art\u00edculos 15-A al 15-D de la LFT.<\/div>\n<div class=\"Texto\">b)\u00a0\u00a0\u00a0\u00a0Nombre y direcci\u00f3n de la totalidad de los clientes y proveedores en el extranjero, con los querealizaron operaciones de comercio exterior durante los \u00faltimos 12 meses, directamentevinculados con el r\u00e9gimen aduanero con el que se solicita la certificaci\u00f3n.<\/div>\n<div class=\"Texto\">c)\u00a0\u00a0\u00a0\u00a0\u00a0Nombre, denominaci\u00f3n o raz\u00f3n social y RFC de la totalidad de sus proveedores de insumosadquiridos en territorio nacional, vinculados al proceso bajo el r\u00e9gimen que est\u00e1 solicitando lacertificaci\u00f3n, durante los \u00faltimos 12 meses, anteriores a la presentaci\u00f3n de la solicitud.<\/div>\n<div class=\"Texto\">2.\u00a0\u00a0\u00a0\u00a0\u00a0Constancias de la totalidad de personal registrado ante el IMSS, del SUA del \u00faltimo bimestre anterior\u00a0a la fecha de presentaci\u00f3n de la solicitud.<\/div>\n<div class=\"Texto\">3.\u00a0\u00a0\u00a0\u00a0\u00a0En caso de que la empresa solicitante, cuente con trabajadores subcontratados en los t\u00e9rminos ycondiciones que establecen los art\u00edculos 15-A al 15-D, de la LFT, anexar un archivo que contenga unlistado con la raz\u00f3n social de la totalidad de sus proveedores del servicio, su RFC y la cantidad deempleados que le provee.<\/div>\n<\/td>\n<\/tr>\n<\/tbody>\n<\/table>\n<div class=\"Normal\"><\/div>\n<table>\n<tbody>\n<tr>\n<td>\n<div class=\"Texto\">4.\u00a0\u00a0\u00a0\u00a0\u00a0Documentaci\u00f3n con la que se acredite que la empresa cuenta con el legal uso o goce del inmueble oinmuebles en donde se llevan a cabo los procesos productivos o la prestaci\u00f3n de servicios seg\u00fan setrate, de al menos un a\u00f1o de vigencia a partir de la fecha de presentaci\u00f3n de la solicitud.<\/div>\n<div class=\"Texto\">5.\u00a0\u00a0\u00a0\u00a0\u00a0Documentaci\u00f3n con la que se acredite el pago de la totalidad de cuotas obrero patronales de por lomenos 10 empleados a trav\u00e9s de l\u00ednea de captura del \u00faltimo bimestre anterior a su solicitud.<\/div>\n<div class=\"Texto\">6.\u00a0\u00a0\u00a0\u00a0\u00a0Para el caso de Importaci\u00f3n temporal para elaboraci\u00f3n, transformaci\u00f3n o reparaci\u00f3n en programas\u00a0de maquila o de exportaci\u00f3n IMMEX, adicionalmente deber\u00e1n anexar:<\/div>\n<div class=\"Texto\">a)\u00a0\u00a0\u00a0\u00a0Archivo con los nombres y domicilios de las empresas a las que les transfiri\u00f3 mercanc\u00edasmediante Constancias de Transferencia de Mercanc\u00edas (CTM), as\u00ed como los montos en\u00a0moneda nacional, y en su caso, 2 Constancias de Transferencia de Mercanc\u00edas (CTM), para\u00a0acreditar el punto 6.3 del formato.<\/div>\n<div class=\"Texto\">b)\u00a0\u00a0\u00a0\u00a0Documento que describa las actividades relacionadas con los procesos productivos o\u00a0prestaci\u00f3n de servicios conforme a la modalidad del programa, describiendo desde el arribo de\u00a0la mercanc\u00eda, su almacenamiento, su proceso productivo, y retorno, conforme al Instructivo.<\/div>\n<div class=\"Texto\">c)\u00a0\u00a0\u00a0\u00a0\u00a0Contrato de maquila, de compraventa, orden de compra o de servicios, o pedidos en firmevigentes, que acrediten la continuidad del proyecto de exportaci\u00f3n.<\/div>\n<div class=\"Texto\">7.\u00a0\u00a0\u00a0\u00a0\u00a0Las empresas que importen o pretendan importar temporalmente mercanc\u00edas de las fraccionesarancelarias listadas en el Anexo II del Decreto IMMEX, y\/o de las fracciones arancelarias listadas en\u00a0el Anexo 28, adicionalmente deber\u00e1n anexar:<\/div>\n<div class=\"Texto\">a)\u00a0\u00a0\u00a0\u00a0Documentaci\u00f3n con la que se acredite que realizaron operaciones al amparo del ProgramaIMMEX en al menos 12 meses previos a la solicitud.<\/div>\n<div class=\"Texto\">b)\u00a0\u00a0\u00a0\u00a0Constancia de la totalidad de personal registrado ante el IMSS y soporte documental del pago\u00a0de cuotas obrero patronales de los 3 \u00faltimos bimestres anteriores a la solicitud, de por lo menos\u00a030 empleados.<\/div>\n<div class=\"Texto\">8.\u00a0\u00a0\u00a0\u00a0\u00a0Para el caso de dep\u00f3sito fiscal para someterse al proceso de ensamble y fabricaci\u00f3n de veh\u00edculos aempresas de la industria automotriz terminal, adicionalmente deber\u00e1n anexar copia simple de laautorizaci\u00f3n para el establecimiento de dep\u00f3sito fiscal para someterse al proceso de ensamble yfabricaci\u00f3n de veh\u00edculos a empresas de la industria automotriz terminal vigente.<\/div>\n<div class=\"Texto\">9.\u00a0\u00a0\u00a0\u00a0\u00a0Para el caso de elaboraci\u00f3n, transformaci\u00f3n o reparaci\u00f3n en recinto fiscalizado o recinto fiscalizadoestrat\u00e9gico, adicionalmente deber\u00e1n anexar copia simple de la autorizaci\u00f3n vigente emitida por el\u00a0SAT para la elaboraci\u00f3n, transformaci\u00f3n o reparaci\u00f3n en recinto fiscalizado o recinto fiscalizado\u00a0estrat\u00e9gico.<\/div>\n<\/td>\n<\/tr>\n<\/tbody>\n<\/table>\n<div class=\"Normal\"><\/div>\n<table>\n<tbody>\n<tr>\n<td>\n<div class=\"Texto\">10.\u00a0\u00a0\u00a0Para los interesados en obtener el Registro en el Esquema de Certificaci\u00f3n de Empresas, rubro AA,adicionalmente deber\u00e1n anexar:<\/div>\n<div class=\"Texto\">a)\u00a0\u00a0\u00a0\u00a0Archivo con el listado del total de sus proveedores de los insumos adquiridos en territorio\u00a0nacional o de aquellas empresas que les transfieran mercanc\u00edas a trav\u00e9s de operaciones\u00a0virtuales vinculados al proceso bajo el r\u00e9gimen que est\u00e1 solicitando el registro y sus valores\u00a0de\u00a0los \u00faltimos 6 meses, a fin de acreditar que el 40%, de los insumos utilizados, son de\u00a0procedencia nacional.<\/div>\n<div class=\"Texto\">b)\u00a0\u00a0\u00a0\u00a0Para cumplir con lo se\u00f1alado en el punto 10.3 seg\u00fan la opci\u00f3n u opciones seleccionadas, sedeber\u00e1 cumplir con lo siguiente:<\/div>\n<div class=\"Texto\">i)\u00a0\u00a0\u00a0\u00a0\u00a0Documentaci\u00f3n con la que se acredite que durante los \u00faltimos 12 meses en promediocontaron con m\u00e1s de 1,000 empleados registrados ante el IMSS, conforme lo se\u00f1alado\u00a0en el punto 4.3 de la parte de instrucciones.<\/div>\n<div class=\"Texto\">ii)\u00a0\u00a0\u00a0\u00a0\u00a0Documentaci\u00f3n con la que se acredite un valor igual o mayor a $50,000,000.00 en\u00a0moneda nacional, para el supuesto del valor de su maquinaria o equipo, tal como: \u00faltima\u00a0declaraci\u00f3n fiscal de dichos conceptos; facturas y pedimentos de importaci\u00f3n.<\/div>\n<div class=\"Texto\">c)\u00a0\u00a0\u00a0\u00a0\u00a0Copia simple de la autorizaci\u00f3n de pago a plazos, en parcialidades o diferido, o bien elcomprobante de pago respectivo, para el caso de tener un cr\u00e9dito fiscal notificado por parte delSAT.<\/div>\n<div class=\"Texto\">11.\u00a0\u00a0\u00a0Para los interesados en obtener el Registro en el Esquema de Certificaci\u00f3n de Empresas, para el\u00a0rubro AAA, adicionalmente deber\u00e1n anexar:<\/div>\n<div class=\"Texto\">a)\u00a0\u00a0\u00a0\u00a0Archivo con el listado del total de sus proveedores de los insumos adquiridos en territorio\u00a0nacional o de aquellas empresas que les transfieran mercanc\u00edas a trav\u00e9s de operaciones\u00a0virtuales vinculados al proceso bajo el r\u00e9gimen que est\u00e1 solicitando el registro y sus valores de\u00a0los \u00faltimos 6 meses.<\/div>\n<div class=\"Texto\">b)\u00a0\u00a0\u00a0\u00a0Para cumplir con lo se\u00f1alado en el punto 10.3 se deber\u00e1 indicar lo siguiente, seg\u00fan la opci\u00f3n uopciones seleccionadas:<\/div>\n<div class=\"Texto\">i)\u00a0\u00a0\u00a0\u00a0\u00a0Acreditar que durante los \u00faltimos 12 meses en promedio contaron con m\u00e1s de 2,500empleados registrados ante el IMSS, conforme lo se\u00f1alado en el punto 4.3 de la parte deinstrucciones.<\/div>\n<div class=\"Texto\">ii)\u00a0\u00a0\u00a0\u00a0\u00a0Documentaci\u00f3n con la que se acredite un valor igual o mayor a $100&#8217;000,000 en monedanacional, para el supuesto del valor de su maquinaria o equipo, tal como: \u00faltima\u00a0declaraci\u00f3n fiscal de dichos conceptos; facturas y pedimentos de importaci\u00f3n.<\/div>\n<div class=\"Texto\">c)\u00a0\u00a0\u00a0\u00a0\u00a0\u00a0\u00a0\u00a0\u00a0Copia simple de la autorizaci\u00f3n de pago a plazos, en parcialidades o diferido, o bien el\u00a0comprobante de pago respectivo, para el caso de tener un cr\u00e9dito fiscal notificado por parte del SAT.<\/div>\n<\/td>\n<\/tr>\n<\/tbody>\n<\/table>\n<div class=\"Normal\"><\/div>\n<table>\n<tbody>\n<tr>\n<td>\n<div class=\"Texto\">Condiciones:<\/div>\n<div class=\"Texto\">1.\u00a0\u00a0\u00a0\u00a0\u00a0Estar al corriente en el cumplimiento de sus obligaciones fiscales.<\/div>\n<div class=\"Texto\">2.\u00a0\u00a0\u00a0\u00a0\u00a0Cumplir con la obligaci\u00f3n de retener y enterar el ISR de los trabajadores.<\/div>\n<div class=\"Texto\">3.\u00a0\u00a0\u00a0\u00a0\u00a0En caso de que la empresa solicitante, cuente con trabajadores subcontratados en los t\u00e9rminos ycondiciones que establecen los art\u00edculos 15-A al 15-D, de la LFT, las empresas proveedoras depersonal subcontratado, deber\u00e1n cumplir con lo previsto en los numerales 1 y 2, del presente\u00a0Apartado; as\u00ed como la relaci\u00f3n comercial mediante el contrato correspondiente.<\/div>\n<div class=\"Texto\">4.\u00a0\u00a0\u00a0\u00a0\u00a0Que sus proveedores no se encuentren en el listado de empresas publicadas por el SAT en t\u00e9rminosdel art\u00edculo 69-B, cuarto p\u00e1rrafo del CFF.<\/div>\n<\/td>\n<\/tr>\n<\/tbody>\n<\/table>\n<table>\n<tbody>\n<tr>\n<td>\n<div class=\"Texto\">Informaci\u00f3n adicional:<\/div>\n<div class=\"Texto\">1.\u00a0\u00a0\u00a0\u00a0\u00a0En el caso de que la autoridad aduanera detecte la falta de alg\u00fan requisito, requerir\u00e1 por \u00fanica\u00a0ocasi\u00f3n al promovente la informaci\u00f3n o documentaci\u00f3n faltante, y otorgar\u00e1 un plazo de 15 d\u00edas para\u00a0que se subsane o desvirt\u00fae las inconsistencias.<\/div>\n<div class=\"Texto\">2.\u00a0\u00a0\u00a0\u00a0\u00a0El oficio de\u00a0respuesta a la solicitud de Registro en el Esquema de Certificaci\u00f3n de Empresas, seotorgar\u00e1 en un plazo no mayor a 40 d\u00edas, contados a partir del d\u00eda siguiente a la fecha de recepci\u00f3n\u00a0del acuse.<\/div>\n<\/td>\n<\/tr>\n<tr>\n<td>\n<div class=\"Texto\">Disposiciones jur\u00eddicas aplicables:<\/div>\n<div class=\"Texto\">Art\u00edculos 28-A de la Ley del IVA, 15-A de la Ley del IEPS, 69-B del CFF, las reglas 7.1.1., 7.1.2., 7.1.3.,\u00a07.1.6.<\/div>\n<\/td>\n<\/tr>\n<\/tbody>\n<\/table>\n<div class=\"Texto\">&#8230;&#8230;&#8230;&#8230;&#8230;&#8230;&#8230;&#8230;&#8230;&#8230;&#8230;&#8230;&#8230;&#8230;&#8230;&#8230;&#8230;&#8230;&#8230;&#8230;&#8230;&#8230;&#8230;&#8230;&#8230;&#8230;&#8230;&#8230;&#8230;&#8230;&#8230;&#8230;&#8230;&#8230;&#8230;&#8230;&#8230;&#8230;&#8230;&#8230;&#8230;&#8230;&#8230;&#8230;&#8230;&#8230;&#8230;&#8230;&#8230;&#8230;&#8230;&#8230;&#8230;&#8230;&#8230;&#8230;&#8230;<\/div>\n<div class=\"Texto\">G7.<\/div>\n<table>\n<tbody>\n<tr>\n<td colspan=\"3\">\n<div class=\"Texto\">DOCUMENTO DE OPERACI\u00d3N PARA DESPACHO ADUANERO.<\/div>\n<\/td>\n<td>\n<div class=\"Texto\">P\u00e1gina 1 de N<\/div>\n<\/td>\n<\/tr>\n<tr>\n<td colspan=\"3\">\n<div class=\"Texto\">No. DE INTEGRACI\u00d3N:\u00a0\u00a0\u00a0\u00a0\u00a0\u00a0\u00a0\u00a0\u00a0\u00a0\u00a0\u00a0\u00a0\u00a0\u00a0\u00a0\u00a0\u00a0\u00a0\u00a0\u00a0\u00a0\u00a0\u00a0\u00a0\u00a0\u00a0\u00a0PATENTE O AUTORIZACI\u00d3N:<\/div>\n<\/td>\n<td>\n<div class=\"Texto\">C\u00d3DIGO DE BARRAS<br \/>\nBIDIMENSIONAL<\/div>\n<\/td>\n<\/tr>\n<tr>\n<td colspan=\"3\">\n<div class=\"Texto\">FECHA DE EMISI\u00d3N:<\/div>\n<\/td>\n<td rowspan=\"7\">\n<div class=\"Texto\"><img decoding=\"async\" src=\"http:\/\/www.dof.gob.mx\/imagenes_diarios\/2018\/09\/20\/MAT\/shcp2a11_Cimg_247772.png\" \/><\/div>\n<\/td>\n<\/tr>\n<tr>\n<td colspan=\"3\">\n<div class=\"Texto\">N\u00b0 TOTAL DE PEDIMENTOS Y\/O AVISOS CONSOLIDADOS DE LA OPERACI\u00d3N:<\/div>\n<\/td>\n<\/tr>\n<tr>\n<td>\n<div class=\"Texto\">CONTENEDORES\/EQUIPO DEFERROCARRIL\/N\u00b0\u00a0ECON\u00d3MICO DEL VEH\u00cdCULO:<\/div>\n<\/td>\n<td>\n<div class=\"Texto\">CANDADOS<\/div>\n<\/td>\n<td>\n<div class=\"Texto\">SECCI\u00d3N ADUANERA DE<br \/>\nDESPACHO:<\/div>\n<\/td>\n<\/tr>\n<tr>\n<td>\n<div class=\"Texto\"><\/div>\n<\/td>\n<td>\n<div class=\"Texto\"><\/div>\n<\/td>\n<td rowspan=\"4\">\n<div class=\"Texto\"><\/div>\n<\/td>\n<\/tr>\n<tr>\n<td>\n<div class=\"Texto\"><\/div>\n<\/td>\n<td>\n<div class=\"Texto\"><\/div>\n<\/td>\n<\/tr>\n<tr>\n<td>\n<div class=\"Texto\"><\/div>\n<\/td>\n<td>\n<div class=\"Texto\"><\/div>\n<\/td>\n<\/tr>\n<tr>\n<td>\n<div class=\"Texto\"><\/div>\n<\/td>\n<td>\n<div class=\"Texto\"><\/div>\n<\/td>\n<\/tr>\n<tr>\n<td colspan=\"4\">\n<div class=\"Texto\">CADENA ORIGINAL:<\/div>\n<div class=\"Texto\"><\/div>\n<\/td>\n<\/tr>\n<tr>\n<td colspan=\"4\">\n<div class=\"Texto\">FIRMA DEL REPRESENTANTE LEGAL, AGENTE O APODERADO:<\/div>\n<\/td>\n<\/tr>\n<tr>\n<td colspan=\"4\">\n<div class=\"Texto\">N\u00b0 DE SERIE DEL CERTIFICADO:<\/div>\n<div class=\"Texto\">SELLO DIGITAL:<\/div>\n<\/td>\n<\/tr>\n<tr>\n<td colspan=\"4\">\n<div class=\"Texto\">SELLO DEL SAT:<\/div>\n<\/td>\n<\/tr>\n<tr>\n<td colspan=\"4\">\n<div class=\"Texto\">N\u00b0 DE SERIE DEL CERTIFICADO:<\/div>\n<div class=\"Texto\">SELLO DIGITAL:<\/div>\n<\/td>\n<\/tr>\n<tr>\n<td colspan=\"4\">\n<div class=\"Texto\">DECLARO BAJO PROTESTA DE DECIR VERDAD, EN LOS T\u00c9RMINOS DE LO DISPUESTO POR EL ART\u00cdCULO 81\u00a0DE LA LEY, REPRESENTANTE LEGAL, AGENTE O APODERADO.<\/div>\n<div class=\"Texto\">*La fecha y hora de emisi\u00f3n corresponden a la hora centro del pa\u00eds.<\/div>\n<\/td>\n<\/tr>\n<\/tbody>\n<\/table>\n<div class=\"Texto\"><\/div>\n<div class=\"Texto\">ENCABEZADO PARA P\u00c1GINAS SECUNDARIAS DEL DOCUMENTO DE OPERACI\u00d3N PARA\u00a0DESPACHO ADUANERO<\/div>\n<div class=\"Texto\">El encabezado de las p\u00e1ginas 2 a la \u00faltima p\u00e1gina es el que se presenta a continuaci\u00f3n.<\/div>\n<table>\n<tbody>\n<tr>\n<td>\n<div class=\"Texto\">DOCUMENTO DE OPERACI\u00d3N PARA DESPACHO ADUANERO<\/div>\n<\/td>\n<td>\n<div class=\"Texto\">P\u00e1gina 1 de N<\/div>\n<\/td>\n<\/tr>\n<tr>\n<td colspan=\"2\">\n<div class=\"Texto\">N\u00b0 DE INTEGRACI\u00d3N:\u00a0\u00a0\u00a0\u00a0\u00a0\u00a0\u00a0\u00a0\u00a0\u00a0\u00a0\u00a0\u00a0\u00a0\u00a0\u00a0\u00a0\u00a0\u00a0\u00a0\u00a0\u00a0\u00a0\u00a0\u00a0\u00a0\u00a0\u00a0\u00a0\u00a0\u00a0\u00a0\u00a0\u00a0\u00a0\u00a0PATENTE O AUTORIZACI\u00d3N.:<\/div>\n<\/td>\n<\/tr>\n<\/tbody>\n<\/table>\n<div class=\"Texto\"><\/div>\n<div class=\"Texto\"><\/div>\n<div class=\"Texto\">PIE DE PAGINA DE TODAS LAS HOJAS DEL DOCUMENTO DE OPERACI\u00d3N PARA DESPACHO\u00a0ADUANERO<\/div>\n<div class=\"Texto\">El pie de p\u00e1gina que se presenta a continuaci\u00f3n deber\u00e1 ser impreso en la parte inferior de todas las hojas.\u00a0Deber\u00e1n aparecer el nombre y firma del representante legal, agente aduanal o apoderado aduanal:<\/div>\n<table>\n<tbody>\n<tr>\n<td>\n<div class=\"Texto\">DECLARO BAJO PROTESTA DE DECIR VERDAD, EN LOS T\u00c9RMINOS DE LO DISPUESTO POR ELART\u00cdCULO 81 DE LA LEY, REPRESENTANTE LEGAL, AGENTE O APODERADO.<\/div>\n<\/td>\n<\/tr>\n<\/tbody>\n<\/table>\n<div class=\"Texto\"><\/div>\n<div class=\"Texto\">INSTRUCCIONES<\/div>\n<div class=\"Texto\">Cuando el representante legal, agente o apoderado aduanal presente sus pedimentos o avisos\u00a0consolidados conforme a la regla 3.1.31., deber\u00e1 llenar el formato\u00a0&#8220;Documento de Operaci\u00f3n para Despacho\u00a0Aduanero&#8221;, se deber\u00e1 presentar este formato en un ejemplar ante el m\u00f3dulo de selecci\u00f3n automatizado, en\u00a0sustituci\u00f3n de los formatos de: pedimento, impresi\u00f3n simplificada del pedimento y\/o aviso consolidado,\u00a0relaci\u00f3n de documentos, Pedimentos Parte II.<\/div>\n<div class=\"Texto\">El formato deber\u00e1 generarlo el representante legal, agente o apoderado cuando realice la transmisi\u00f3n a\u00a0que se refiere la regla 3.1.31., al servicio web o cuando la transmisi\u00f3n se realice por el Portal del SAT, el\u00a0portal lo generar\u00e1 con los datos transmitidos.<\/div>\n<div class=\"Texto\">El formato deber\u00e1 contener las siguientes especificaciones y los campos se llenar\u00e1n como a continuaci\u00f3n\u00a0se indica:<\/div>\n<table>\n<tbody>\n<tr>\n<td>\n<div class=\"Texto\">CAMPO<\/div>\n<\/td>\n<td>\n<div class=\"Texto\">DESCRIPCI\u00d3N<\/div>\n<\/td>\n<\/tr>\n<tr>\n<td>\n<div class=\"Texto\">N\u00b0 DE INTEGRACI\u00d3N<\/div>\n<\/td>\n<td>\n<div class=\"Texto\">N\u00famero de integraci\u00f3n proporcionado por el sistema, por la transmisi\u00f3n a que se\u00a0refiere la regla 3.1.31.<\/div>\n<\/td>\n<\/tr>\n<tr>\n<td>\n<div class=\"Texto\">PATENTE O AUTORIZACI\u00d3N<\/div>\n<\/td>\n<td>\n<div class=\"Texto\">Deber\u00e1 declararse el n\u00famero de la patente o autorizaci\u00f3n que corresponda al\u00a0representante legal, agente o apoderado aduanal que realiza el despacho de las\u00a0mercanc\u00edas.<\/div>\n<div class=\"Texto\">Se conforma por cuatro caracteres alfanum\u00e9ricos.<\/div>\n<\/td>\n<\/tr>\n<tr>\n<td>\n<div class=\"Texto\">C\u00d3DIGO DE BARRASBIDIMENSIONAL<\/div>\n<\/td>\n<td>\n<div class=\"Texto\">La impresi\u00f3n del formato de Documento de Operaci\u00f3n para Despacho Aduanero,\u00a0debe incluir un c\u00f3digo de barras bidimensional conforme al formato de QR Code\u00a0(Quick Response Code) descrito en el est\u00e1ndar ISO\/IEC18004:2000, conteniendo\u00a0los siguientes datos:<\/div>\n<table>\n<tbody>\n<tr>\n<td>\n<div class=\"Normal\">Par\u00e1metro<\/div>\n<\/td>\n<td>\n<div class=\"Normal\">Datos<\/div>\n<\/td>\n<td>\n<div class=\"Normal\">Caracteres<\/div>\n<\/td>\n<\/tr>\n<tr>\n<td>\n<div class=\"Normal\">URL<\/div>\n<\/td>\n<td>\n<div class=\"Normal\">https:\/\/siat.sat.gob.mx\/app\/qr\/faces\/pages\/mobile\/validadorqr.jsf?<\/div>\n<\/td>\n<td>\n<div class=\"Normal\">65<\/div>\n<\/td>\n<\/tr>\n<tr>\n<td>\n<div class=\"Normal\">D1<\/div>\n<\/td>\n<td>\n<div class=\"Normal\">D1=16<\/div>\n<\/td>\n<td>\n<div class=\"Normal\">5<\/div>\n<\/td>\n<\/tr>\n<tr>\n<td>\n<div class=\"Normal\">D2<\/div>\n<\/td>\n<td>\n<div class=\"Normal\">D2=1<\/div>\n<\/td>\n<td>\n<div class=\"Normal\">4<\/div>\n<\/td>\n<\/tr>\n<tr>\n<td>\n<div class=\"Normal\">D3<\/div>\n<\/td>\n<td>\n<div class=\"Normal\">D3=\u00a0&#8220;N\u00famero de\u00a0Integraci\u00f3n&#8221;<\/div>\n<\/td>\n<td>\n<div class=\"Normal\">abierto<\/div>\n<\/td>\n<\/tr>\n<\/tbody>\n<\/table>\n<div class=\"Texto\"><\/div>\n<div class=\"Texto\">Al final de la URL, incluidos los par\u00e1metros URL, D1, D2 y D3, debe contener\u00a0un salto de l\u00ednea.<\/div>\n<div class=\"Texto\">El c\u00f3digo de barras bidimensional deber\u00e1 ser impreso en un cuadrado con\u00a0dimensiones de 100 px x 100 px o 3.75 x 3.75 cm que integra la liga del n\u00famero\u00a0de integraci\u00f3n que se menciona en este formato.<\/div>\n<\/td>\n<\/tr>\n<tr>\n<td>\n<div class=\"Texto\">FECHA DE EMISI\u00d3N<\/div>\n<\/td>\n<td>\n<div class=\"Texto\">Se deber\u00e1 declarar la fecha en que se emite el documento en formato aaaa-mm-dd HH:MM:SS.<\/div>\n<\/td>\n<\/tr>\n<tr>\n<td>\n<div class=\"Texto\">N\u00b0 TOTAL DE PEDIMENTOS Y\/OAVISOS CONSOLIDADO DE LAOPERACI\u00d3N<\/div>\n<\/td>\n<td>\n<div class=\"Texto\">Cantidad total de pedimentos y\/o avisos consolidados que integran la operaci\u00f3n\u00a0de comercio exterior.<\/div>\n<\/td>\n<\/tr>\n<\/tbody>\n<\/table>\n<table>\n<tbody>\n<tr>\n<td>\n<div class=\"Texto\">CONTENEDORES\/EQUIPO DEFERROCARRIL\/N\u00b0 ECON\u00d3MICODEL VEH\u00cdCULO<\/div>\n<\/td>\n<td>\n<div class=\"Texto\">Deber\u00e1 declararse las letras y n\u00famero de los contenedores, equipo ferrocarril on\u00famero econ\u00f3mico del veh\u00edculo.<\/div>\n<\/td>\n<\/tr>\n<tr>\n<td>\n<div class=\"Texto\">CANDADOS OFICIALES<\/div>\n<\/td>\n<td>\n<div class=\"Texto\">Se anotar\u00e1n los n\u00fameros de candados oficiales con los que se aseguran las\u00a0puertas de acceso al veh\u00edculo, cuando proceda.<\/div>\n<\/td>\n<\/tr>\n<tr>\n<td>\n<div class=\"Texto\">SECCI\u00d3N ADUANERA DEDESPACHO<\/div>\n<\/td>\n<td>\n<div class=\"Texto\">Deber\u00e1 declararse la clave y el nombre de la aduana\/secci\u00f3n conforme al\u00a0ap\u00e9ndice 1 del anexo 22, en la que se tramita el despacho aduanero.<\/div>\n<div class=\"Texto\">Este campo est\u00e1 conformado por tres caracteres num\u00e9ricos.<\/div>\n<\/td>\n<\/tr>\n<\/tbody>\n<\/table>\n<div class=\"Normal\"><\/div>\n<table>\n<tbody>\n<tr>\n<td>\n<div class=\"Texto\">CADENA ORIGINAL<\/div>\n<\/td>\n<td>\n<div class=\"Texto\">La cadena original deber\u00e1 iniciar y terminar con doble car\u00e1cter pipe (II), yconformarse de la siguiente manera:<\/div>\n<table>\n<tbody>\n<tr>\n<td>\n<div class=\"Normal\">CAMPO<\/div>\n<\/td>\n<td>\n<div class=\"Normal\">DEFINICI\u00d3N<\/div>\n<\/td>\n<\/tr>\n<tr>\n<td>\n<div class=\"Normal\">Aduana secci\u00f3n<\/div>\n<\/td>\n<td>\n<div class=\"Normal\">Clave de la aduana\/secci\u00f3n en la que se tramita eldespacho aduanero, se deber\u00e1 declarar a 3 d\u00edgitos.<\/div>\n<\/td>\n<\/tr>\n<tr>\n<td>\n<div class=\"Normal\">Patente o<br \/>\nautorizaci\u00f3n<\/div>\n<\/td>\n<td>\n<div class=\"Normal\">Deber\u00e1 declararse el n\u00famero de la patente oautorizaci\u00f3n que corresponda al representante legal,agente o apoderado aduanal que realiza el despachode las mercanc\u00edas.<\/div>\n<div class=\"Normal\">Se conforma por cuatro caracteres alfanum\u00e9ricos.<\/div>\n<\/td>\n<\/tr>\n<tr>\n<td>\n<div class=\"Normal\">Total pedimentos<br \/>\ny\/o avisos<br \/>\nconsolidados<\/div>\n<\/td>\n<td>\n<div class=\"Normal\">N\u00famero total de pedimento que conforman eldocumento.<\/div>\n<\/td>\n<\/tr>\n<tr>\n<td>\n<div class=\"Normal\">N\u00fameros de<br \/>\npedimento y\/o<br \/>\navisos<br \/>\nconsolidados<br \/>\n(acuse de valor)<\/div>\n<\/td>\n<td>\n<div class=\"Normal\">N\u00fameros de todos y cada uno de los pedimentos queconforman el documento, separados por comas,<\/div>\n<\/td>\n<\/tr>\n<tr>\n<td>\n<div class=\"Normal\">N\u00famero de<br \/>\nintegraci\u00f3n<\/div>\n<\/td>\n<td>\n<div class=\"Normal\">N\u00famero de integraci\u00f3n proporcionado por el sistema.<\/div>\n<\/td>\n<\/tr>\n<tr>\n<td>\n<div class=\"Normal\">Placa<\/div>\n<\/td>\n<td>\n<div class=\"Normal\">N\u00famero de placa declarado para cruzar por la aduana.<\/div>\n<\/td>\n<\/tr>\n<tr>\n<td>\n<div class=\"Normal\">Caja o<br \/>\nContenedor(es)<\/div>\n<\/td>\n<td>\n<div class=\"Normal\">N\u00fameros de caja o contenedores separados por\u00a0coma.<\/div>\n<\/td>\n<\/tr>\n<tr>\n<td>\n<div class=\"Normal\">Timestamp<\/div>\n<\/td>\n<td>\n<div class=\"Normal\">Estampa de tiempo de la generaci\u00f3n del documento\u00a0en formato:<\/div>\n<div class=\"Normal\">aaaa-mm-dd hh:mm:ss<\/div>\n<\/td>\n<\/tr>\n<tr>\n<td colspan=\"2\">\n<div class=\"Normal\">Los campos deber\u00e1n estar separados por el car\u00e1cter pipe (I).<\/div>\n<\/td>\n<\/tr>\n<\/tbody>\n<\/table>\n<div class=\"Texto\"><\/div>\n<div class=\"Texto\"><\/div>\n<\/td>\n<\/tr>\n<tr>\n<td>\n<div class=\"Texto\">FIRMA DEL REPRESENTANTELEGAL, AGENTE O\u00a0APODERADO<\/div>\n<\/td>\n<td>\n<div class=\"Texto\"><\/div>\n<\/td>\n<\/tr>\n<tr>\n<td>\n<div class=\"Texto\">N\u00b0 DE SERIE DEL CERTIFICADO<\/div>\n<\/td>\n<td>\n<div class=\"Texto\">N\u00famero de serie del certificado de la e.firma del representante legal, agente oapoderado aduanal.<\/div>\n<\/td>\n<\/tr>\n<tr>\n<td>\n<div class=\"Texto\">SELLO DIGITAL<\/div>\n<\/td>\n<td>\n<div class=\"Texto\">Sello digital del representante legal, agente o apoderado aduanal que permiteacreditar la autor\u00eda de la informaci\u00f3n transmitida para el Documento de Operaci\u00f3npara Despacho Aduanero.<\/div>\n<\/td>\n<\/tr>\n<tr>\n<td>\n<div class=\"Texto\">SELLO DEL SAT<\/div>\n<\/td>\n<td>\n<div class=\"Texto\"><\/div>\n<\/td>\n<\/tr>\n<tr>\n<td>\n<div class=\"Texto\">N\u00b0 DE SERIE DEL CERTIFICADO<\/div>\n<\/td>\n<td>\n<div class=\"Texto\">N\u00famero de serie del certificado de la e.firma del SAT<\/div>\n<\/td>\n<\/tr>\n<tr>\n<td>\n<div class=\"Texto\">SELLO DIGITAL<\/div>\n<\/td>\n<td>\n<div class=\"Texto\">Sello digital del SAT que garantiza que la informaci\u00f3n transmitida fue recibida en\u00a0el SEA.<\/div>\n<\/td>\n<\/tr>\n<tr>\n<td>\n<div class=\"Texto\"><\/div>\n<\/td>\n<td>\n<div class=\"Texto\"><\/div>\n<\/td>\n<\/tr>\n<\/tbody>\n<\/table>\n<div class=\"Texto\"><\/div>\n<div class=\"Texto\">Los tama\u00f1os de letra ser\u00e1n como se indica a continuaci\u00f3n:<\/div>\n<table>\n<tbody>\n<tr>\n<td>\n<div class=\"Texto\">INFORMACI\u00d3N<\/div>\n<\/td>\n<td>\n<div class=\"Texto\">FORMATO DE LETRA<\/div>\n<\/td>\n<\/tr>\n<\/tbody>\n<\/table>\n<table>\n<tbody>\n<tr>\n<td>\n<div class=\"Texto\">Encabezados<\/div>\n<\/td>\n<td>\n<div class=\"Texto\">Arial 8 Negrita u otra letra de tama\u00f1o equivalente.<\/div>\n<div class=\"Texto\">De preferencia, los espacios en donde se presenteencabezados deber\u00e1n imprimirse con sombreado de 15%.<\/div>\n<\/td>\n<\/tr>\n<tr>\n<td>\n<div class=\"Texto\">Nombre del Campo<\/div>\n<\/td>\n<td>\n<div class=\"Texto\">Arial 8 Negrita u otra letra de tama\u00f1o equivalente.<\/div>\n<\/td>\n<\/tr>\n<tr>\n<td>\n<div class=\"Texto\">Informaci\u00f3n Declarada<\/div>\n<\/td>\n<td>\n<div class=\"Texto\">Arial 9 u otra letra de tama\u00f1o equivalente.<\/div>\n<\/td>\n<\/tr>\n<tr>\n<td>\n<div class=\"Texto\">Cadena original<\/div>\n<\/td>\n<td>\n<div class=\"Texto\">Arial 7 u otra letra de tama\u00f1o equivalente.<\/div>\n<\/td>\n<\/tr>\n<\/tbody>\n<\/table>\n<div class=\"Texto\"><\/div>\n<div class=\"Texto\">Atentamente,<\/div>\n<div class=\"Texto\">Ciudad de M\u00e9xico, a 11 de septiembre de 2018.<a name=\"_GoBack\"><\/a>&#8211;\u00a0El Jefe del Servicio de Administraci\u00f3n Tributaria,\u00a0Osvaldo Antonio Sant\u00edn Quiroz.- R\u00fabrica.<\/div>\n","protected":false},"excerpt":{"rendered":"<p>Con fundamento en los art\u00edculos 16 y 31 de la Ley Org\u00e1nica de la Administraci\u00f3n P\u00fablica Federal; 1\u00ba y 144\u00a0de la Ley Aduanera; 33, fracci\u00f3n I, inciso g), del C\u00f3digo Fiscal de la Federaci\u00f3n; 14, fracci\u00f3n III, de la Ley [&hellip;]<\/p>\n","protected":false},"author":1,"featured_media":2016,"comment_status":"open","ping_status":"open","sticky":false,"template":"","format":"standard","meta":{"inline_featured_image":false,"_jetpack_memberships_contains_paid_content":false,"footnotes":""},"categories":[174],"tags":[],"class_list":["post-3501","post","type-post","status-publish","format-standard","has-post-thumbnail","hentry","category-publicaciones-d-o-f"],"yoast_head":"<!-- This site is optimized with the Yoast SEO plugin v20.9 - https:\/\/yoast.com\/wordpress\/plugins\/seo\/ -->\n<title>SEGUNDA RESOLUCI\u00d3N DE MODIFICACIONES A LAS REGLAS GENERALES DE COMERCIO EXTERIOR PARA 2018. - Campa<\/title>\n<meta name=\"robots\" content=\"index, follow, max-snippet:-1, max-image-preview:large, max-video-preview:-1\" \/>\n<link rel=\"canonical\" href=\"https:\/\/www.campa.com.mx\/site\/segunda-resolucion-de-modificaciones-a-las-reglas-generales-de-comercio-exterior-para-2018\/\" \/>\n<meta property=\"og:locale\" content=\"es_ES\" \/>\n<meta property=\"og:type\" content=\"article\" \/>\n<meta property=\"og:title\" content=\"SEGUNDA RESOLUCI\u00d3N DE MODIFICACIONES A LAS REGLAS GENERALES DE COMERCIO EXTERIOR PARA 2018. - Campa\" \/>\n<meta property=\"og:description\" content=\"Con fundamento en los art\u00edculos 16 y 31 de la Ley Org\u00e1nica de la Administraci\u00f3n P\u00fablica Federal; 1\u00ba y 144\u00a0de la Ley Aduanera; 33, fracci\u00f3n I, inciso g), del C\u00f3digo Fiscal de la Federaci\u00f3n; 14, fracci\u00f3n III, de la Ley [&hellip;]\" \/>\n<meta property=\"og:url\" content=\"https:\/\/www.campa.com.mx\/site\/segunda-resolucion-de-modificaciones-a-las-reglas-generales-de-comercio-exterior-para-2018\/\" \/>\n<meta property=\"og:site_name\" content=\"Campa\" \/>\n<meta property=\"article:publisher\" content=\"https:\/\/www.facebook.com\/MovimientoAnexo24\" \/>\n<meta property=\"article:published_time\" content=\"2018-09-21T15:34:29+00:00\" \/>\n<meta property=\"og:image\" content=\"https:\/\/www.campa.com.mx\/site\/wp-content\/uploads\/2017\/09\/diario-oficial-de-la-federacion-logo.png\" \/>\n\t<meta property=\"og:image:width\" content=\"1196\" \/>\n\t<meta property=\"og:image:height\" content=\"696\" \/>\n\t<meta property=\"og:image:type\" content=\"image\/png\" \/>\n<meta name=\"author\" content=\"campa\" \/>\n<meta name=\"twitter:card\" content=\"summary_large_image\" \/>\n<meta name=\"twitter:creator\" content=\"@artycampa\" \/>\n<meta name=\"twitter:site\" content=\"@artycampa\" \/>\n<meta name=\"twitter:label1\" content=\"Escrito por\" \/>\n\t<meta name=\"twitter:data1\" content=\"campa\" \/>\n\t<meta name=\"twitter:label2\" content=\"Tiempo de lectura\" \/>\n\t<meta name=\"twitter:data2\" content=\"290 minutos\" \/>\n<script type=\"application\/ld+json\" class=\"yoast-schema-graph\">{\"@context\":\"https:\/\/schema.org\",\"@graph\":[{\"@type\":\"WebPage\",\"@id\":\"https:\/\/www.campa.com.mx\/site\/segunda-resolucion-de-modificaciones-a-las-reglas-generales-de-comercio-exterior-para-2018\/\",\"url\":\"https:\/\/www.campa.com.mx\/site\/segunda-resolucion-de-modificaciones-a-las-reglas-generales-de-comercio-exterior-para-2018\/\",\"name\":\"SEGUNDA RESOLUCI\u00d3N DE MODIFICACIONES A LAS REGLAS GENERALES DE COMERCIO EXTERIOR PARA 2018. - Campa\",\"isPartOf\":{\"@id\":\"https:\/\/www.campa.com.mx\/site\/#website\"},\"datePublished\":\"2018-09-21T15:34:29+00:00\",\"dateModified\":\"2018-09-21T15:34:29+00:00\",\"author\":{\"@id\":\"https:\/\/www.campa.com.mx\/site\/#\/schema\/person\/5bf1874b81661ed013f5aa29df30761c\"},\"breadcrumb\":{\"@id\":\"https:\/\/www.campa.com.mx\/site\/segunda-resolucion-de-modificaciones-a-las-reglas-generales-de-comercio-exterior-para-2018\/#breadcrumb\"},\"inLanguage\":\"es\",\"potentialAction\":[{\"@type\":\"ReadAction\",\"target\":[\"https:\/\/www.campa.com.mx\/site\/segunda-resolucion-de-modificaciones-a-las-reglas-generales-de-comercio-exterior-para-2018\/\"]}]},{\"@type\":\"BreadcrumbList\",\"@id\":\"https:\/\/www.campa.com.mx\/site\/segunda-resolucion-de-modificaciones-a-las-reglas-generales-de-comercio-exterior-para-2018\/#breadcrumb\",\"itemListElement\":[{\"@type\":\"ListItem\",\"position\":1,\"name\":\"Portada\",\"item\":\"https:\/\/www.campa.com.mx\/site\/\"},{\"@type\":\"ListItem\",\"position\":2,\"name\":\"SEGUNDA RESOLUCI\u00d3N DE MODIFICACIONES A LAS REGLAS GENERALES DE COMERCIO EXTERIOR PARA 2018.\"}]},{\"@type\":\"WebSite\",\"@id\":\"https:\/\/www.campa.com.mx\/site\/#website\",\"url\":\"https:\/\/www.campa.com.mx\/site\/\",\"name\":\"Campa\",\"description\":\"Tecnolog\u00eda - Comercio Exterior - Servicios\",\"potentialAction\":[{\"@type\":\"SearchAction\",\"target\":{\"@type\":\"EntryPoint\",\"urlTemplate\":\"https:\/\/www.campa.com.mx\/site\/?s={search_term_string}\"},\"query-input\":\"required name=search_term_string\"}],\"inLanguage\":\"es\"},{\"@type\":\"Person\",\"@id\":\"https:\/\/www.campa.com.mx\/site\/#\/schema\/person\/5bf1874b81661ed013f5aa29df30761c\",\"name\":\"campa\",\"image\":{\"@type\":\"ImageObject\",\"inLanguage\":\"es\",\"@id\":\"https:\/\/www.campa.com.mx\/site\/#\/schema\/person\/image\/\",\"url\":\"https:\/\/secure.gravatar.com\/avatar\/921e6e5cffb9d78857948e938192591b9fd4168d0b55cc795582b49d9dc52bb1?s=96&d=mm&r=g\",\"contentUrl\":\"https:\/\/secure.gravatar.com\/avatar\/921e6e5cffb9d78857948e938192591b9fd4168d0b55cc795582b49d9dc52bb1?s=96&d=mm&r=g\",\"caption\":\"campa\"}}]}<\/script>\n<!-- \/ Yoast SEO plugin. -->","yoast_head_json":{"title":"SEGUNDA RESOLUCI\u00d3N DE MODIFICACIONES A LAS REGLAS GENERALES DE COMERCIO EXTERIOR PARA 2018. - Campa","robots":{"index":"index","follow":"follow","max-snippet":"max-snippet:-1","max-image-preview":"max-image-preview:large","max-video-preview":"max-video-preview:-1"},"canonical":"https:\/\/www.campa.com.mx\/site\/segunda-resolucion-de-modificaciones-a-las-reglas-generales-de-comercio-exterior-para-2018\/","og_locale":"es_ES","og_type":"article","og_title":"SEGUNDA RESOLUCI\u00d3N DE MODIFICACIONES A LAS REGLAS GENERALES DE COMERCIO EXTERIOR PARA 2018. - Campa","og_description":"Con fundamento en los art\u00edculos 16 y 31 de la Ley Org\u00e1nica de la Administraci\u00f3n P\u00fablica Federal; 1\u00ba y 144\u00a0de la Ley Aduanera; 33, fracci\u00f3n I, inciso g), del C\u00f3digo Fiscal de la Federaci\u00f3n; 14, fracci\u00f3n III, de la Ley [&hellip;]","og_url":"https:\/\/www.campa.com.mx\/site\/segunda-resolucion-de-modificaciones-a-las-reglas-generales-de-comercio-exterior-para-2018\/","og_site_name":"Campa","article_publisher":"https:\/\/www.facebook.com\/MovimientoAnexo24","article_published_time":"2018-09-21T15:34:29+00:00","og_image":[{"width":1196,"height":696,"url":"https:\/\/www.campa.com.mx\/site\/wp-content\/uploads\/2017\/09\/diario-oficial-de-la-federacion-logo.png","type":"image\/png"}],"author":"campa","twitter_card":"summary_large_image","twitter_creator":"@artycampa","twitter_site":"@artycampa","twitter_misc":{"Escrito por":"campa","Tiempo de lectura":"290 minutos"},"schema":{"@context":"https:\/\/schema.org","@graph":[{"@type":"WebPage","@id":"https:\/\/www.campa.com.mx\/site\/segunda-resolucion-de-modificaciones-a-las-reglas-generales-de-comercio-exterior-para-2018\/","url":"https:\/\/www.campa.com.mx\/site\/segunda-resolucion-de-modificaciones-a-las-reglas-generales-de-comercio-exterior-para-2018\/","name":"SEGUNDA RESOLUCI\u00d3N DE MODIFICACIONES A LAS REGLAS GENERALES DE COMERCIO EXTERIOR PARA 2018. - Campa","isPartOf":{"@id":"https:\/\/www.campa.com.mx\/site\/#website"},"datePublished":"2018-09-21T15:34:29+00:00","dateModified":"2018-09-21T15:34:29+00:00","author":{"@id":"https:\/\/www.campa.com.mx\/site\/#\/schema\/person\/5bf1874b81661ed013f5aa29df30761c"},"breadcrumb":{"@id":"https:\/\/www.campa.com.mx\/site\/segunda-resolucion-de-modificaciones-a-las-reglas-generales-de-comercio-exterior-para-2018\/#breadcrumb"},"inLanguage":"es","potentialAction":[{"@type":"ReadAction","target":["https:\/\/www.campa.com.mx\/site\/segunda-resolucion-de-modificaciones-a-las-reglas-generales-de-comercio-exterior-para-2018\/"]}]},{"@type":"BreadcrumbList","@id":"https:\/\/www.campa.com.mx\/site\/segunda-resolucion-de-modificaciones-a-las-reglas-generales-de-comercio-exterior-para-2018\/#breadcrumb","itemListElement":[{"@type":"ListItem","position":1,"name":"Portada","item":"https:\/\/www.campa.com.mx\/site\/"},{"@type":"ListItem","position":2,"name":"SEGUNDA RESOLUCI\u00d3N DE MODIFICACIONES A LAS REGLAS GENERALES DE COMERCIO EXTERIOR PARA 2018."}]},{"@type":"WebSite","@id":"https:\/\/www.campa.com.mx\/site\/#website","url":"https:\/\/www.campa.com.mx\/site\/","name":"Campa","description":"Tecnolog\u00eda - Comercio Exterior - Servicios","potentialAction":[{"@type":"SearchAction","target":{"@type":"EntryPoint","urlTemplate":"https:\/\/www.campa.com.mx\/site\/?s={search_term_string}"},"query-input":"required name=search_term_string"}],"inLanguage":"es"},{"@type":"Person","@id":"https:\/\/www.campa.com.mx\/site\/#\/schema\/person\/5bf1874b81661ed013f5aa29df30761c","name":"campa","image":{"@type":"ImageObject","inLanguage":"es","@id":"https:\/\/www.campa.com.mx\/site\/#\/schema\/person\/image\/","url":"https:\/\/secure.gravatar.com\/avatar\/921e6e5cffb9d78857948e938192591b9fd4168d0b55cc795582b49d9dc52bb1?s=96&d=mm&r=g","contentUrl":"https:\/\/secure.gravatar.com\/avatar\/921e6e5cffb9d78857948e938192591b9fd4168d0b55cc795582b49d9dc52bb1?s=96&d=mm&r=g","caption":"campa"}}]}},"jetpack_featured_media_url":"https:\/\/www.campa.com.mx\/site\/wp-content\/uploads\/2017\/09\/diario-oficial-de-la-federacion-logo.png","jetpack_sharing_enabled":true,"_links":{"self":[{"href":"https:\/\/www.campa.com.mx\/site\/wp-json\/wp\/v2\/posts\/3501","targetHints":{"allow":["GET"]}}],"collection":[{"href":"https:\/\/www.campa.com.mx\/site\/wp-json\/wp\/v2\/posts"}],"about":[{"href":"https:\/\/www.campa.com.mx\/site\/wp-json\/wp\/v2\/types\/post"}],"author":[{"embeddable":true,"href":"https:\/\/www.campa.com.mx\/site\/wp-json\/wp\/v2\/users\/1"}],"replies":[{"embeddable":true,"href":"https:\/\/www.campa.com.mx\/site\/wp-json\/wp\/v2\/comments?post=3501"}],"version-history":[{"count":1,"href":"https:\/\/www.campa.com.mx\/site\/wp-json\/wp\/v2\/posts\/3501\/revisions"}],"predecessor-version":[{"id":3502,"href":"https:\/\/www.campa.com.mx\/site\/wp-json\/wp\/v2\/posts\/3501\/revisions\/3502"}],"wp:featuredmedia":[{"embeddable":true,"href":"https:\/\/www.campa.com.mx\/site\/wp-json\/wp\/v2\/media\/2016"}],"wp:attachment":[{"href":"https:\/\/www.campa.com.mx\/site\/wp-json\/wp\/v2\/media?parent=3501"}],"wp:term":[{"taxonomy":"category","embeddable":true,"href":"https:\/\/www.campa.com.mx\/site\/wp-json\/wp\/v2\/categories?post=3501"},{"taxonomy":"post_tag","embeddable":true,"href":"https:\/\/www.campa.com.mx\/site\/wp-json\/wp\/v2\/tags?post=3501"}],"curies":[{"name":"wp","href":"https:\/\/api.w.org\/{rel}","templated":true}]}}