{"id":3503,"date":"2018-09-27T16:56:02","date_gmt":"2018-09-27T21:56:02","guid":{"rendered":"http:\/\/www.campa.com.mx\/site\/?p=3503"},"modified":"2018-09-27T16:56:02","modified_gmt":"2018-09-27T21:56:02","slug":"preve-omc-desaceleracion-de-comercio","status":"publish","type":"post","link":"https:\/\/www.campa.com.mx\/site\/preve-omc-desaceleracion-de-comercio\/","title":{"rendered":"Prev\u00e9 OMC desaceleraci\u00f3n de Comercio"},"content":{"rendered":"<p>El crecimiento del Comercio\u00a0 global posiblemente se desacelerar\u00e1 en 2018 y 2019 m\u00e1s de lo anticipado, aunque los efectos econ\u00f3micos directos de la guerra arancelaria que surgi\u00f3 este a\u00f1o han sido modestos hasta el momento, dijo este jueves la Organizaci\u00f3n Mundial del Comercio (OMC).<\/p>\n<p>El comercio seguir\u00e1 creciendo, pero de forma m\u00e1s moderada de lo que se hab\u00eda previsto anteriormente. La\u00a0OMC prev\u00e9 un crecimiento del volumen del comercio de mercanc\u00edas del 3,9% en\u00a02018, que en\u00a02019 bajar\u00e1 al\u00a03,7%. El nuevo pron\u00f3stico para\u00a02018 est\u00e1 por debajo de la estimaci\u00f3n del 4,4% que la OMC dio a conocer el\u00a012\u00a0de abril, pero se mantiene dentro del rango del\u00a03,1% al 5,5% indicado en esa fecha. El crecimiento del comercio en 2018 probablemente se sit\u00fae entre el\u00a03,4% y el 4,4% (cuadro 1).<\/p>\n<p>Algunos de los riesgos se\u00f1alados en el comunicado de prensa de abril se han hecho realidad, en particular el aumento de las medidas comerciales reales o propuestas que afectan a varias exportaciones de econom\u00edas importantes. Hasta la fecha los efectos econ\u00f3micos directos de esas medidas han sido limitados, pero la incertidumbre que generan podr\u00eda ya estar teniendo consecuencias al provocar una reducci\u00f3n del gasto en inversi\u00f3n. El endurecimiento de la pol\u00edtica monetaria en las econom\u00edas desarrolladas tambi\u00e9n ha contribuido a la volatilidad de los tipos de cambio y podr\u00eda seguir teniendo ese efecto en los pr\u00f3ximos meses.<\/p>\n<p>El Director General de la OMC, Roberto Azev\u00eado, dijo: &#8220;Si bien el crecimiento del comercio sigue siendo s\u00f3lido, esta rebaja de las perspectivas refleja el aumento de las tensiones que se est\u00e1n produciendo entre socios comerciales importantes. Ahora m\u00e1s que nunca, es vital que los gobiernos diriman sus diferencias y muestren moderaci\u00f3n. La OMC seguir\u00e1 apoyando esos esfuerzos y velar\u00e1 por que el comercio siga impulsando la mejora de las condiciones de vida, el crecimiento y la creaci\u00f3n de empleo en todo el mundo.&#8221;<\/p>\n<p>La actualizaci\u00f3n del pron\u00f3stico comercial se basa en la previsi\u00f3n de que el PIB real mundial crecer\u00e1 a tipos de cambio de mercado del 3,1% en 2018 y del 2,9% en 2019. Esto supone un cociente entre el crecimiento del comercio y el crecimiento del PIB de 1,3 para ambos a\u00f1os.<\/p>\n<p>Las medidas de pol\u00edtica comercial no son, ni mucho menos, el \u00fanico riesgo que contemplan las previsiones. Las econom\u00edas en desarrollo y emergentes podr\u00edan verse afectadas por la salida de capitales y el contagio financiero si los pa\u00edses desarrollados elevan los tipos de inter\u00e9s, lo que tendr\u00eda consecuencias negativas para el comercio. Las tensiones geopol\u00edticas podr\u00edan poner en riesgo el suministro de recursos y perturbar las redes de producci\u00f3n en algunas regiones. Por \u00faltimo, sigue habiendo factores estructurales, como la reorientaci\u00f3n de la econom\u00eda china de la inversi\u00f3n al consumo, que pueden afectar a la demanda de importaciones, debido al alto contenido de importaciones de la inversi\u00f3n. En general, los riesgos contemplados son considerables y pueden empeorar notablemente las previsiones.<\/p>\n<h3>Gr\u00e1fico 1: Exportaciones e importaciones mundiales de mercanc\u00edas por nivel de desarrollo, 2012T1-2018T2<br \/>\n<small>\u00cdndice de volumen, 2012T1 = 100<\/small><\/h3>\n<p><a title=\"Haga clic para ver una imagen m\u00e1s grande;\" data-content=\"Haga clic para ver una imagen m\u00e1s grande;\" data-toggle=\"tooltip\"><img decoding=\"async\" class=\"img-responsive\" src=\"https:\/\/www.wto.org\/images\/img_press\/pr822chart1_s.png\" border=\"0\" \/><\/a><\/p>\n<p><small>Fuentes:\u00a0 OMC y UNCTAD.<\/small><\/p>\n<p>En los gr\u00e1ficos 1 y 2 se muestran los vol\u00famenes de exportaci\u00f3n e importaci\u00f3n, ajustados estacionalmente, desglosados por nivel de desarrollo y regi\u00f3n geogr\u00e1fica. En la primera mitad de\u00a02018, el comercio mundial de mercanc\u00edas creci\u00f3 un 3,8% en comparaci\u00f3n con el mismo per\u00edodo del a\u00f1o anterior. Las exportaciones de las econom\u00edas desarrolladas aumentaron un 3,5% durante el mismo per\u00edodo, y los env\u00edos de las econom\u00edas en desarrollo aumentaron un 3,6%. En cuanto a las importaciones, las econom\u00edas desarrolladas registraron un crecimiento interanual del 3,5% en la primera mitad de\u00a02018, mientras que en el caso de los pa\u00edses en desarrollo ese incremento fue del 4,9%. Por lo general, las importaciones de las econom\u00edas desarrolladas se han mantenido sin cambios en 2018, y las exportaciones de las econom\u00edas en desarrollo han registrado una aton\u00eda similar.<\/p>\n<p>Todas las regiones geogr\u00e1ficas presentaron un crecimiento interanual positivo de las exportaciones y las importaciones en la primera mitad de\u00a02018, si bien algunas obtuvieron mejores resultados que otras. Am\u00e9rica del Norte registr\u00f3 el crecimiento de las exportaciones m\u00e1s r\u00e1pido durante ese per\u00edodo (4,8%), seguida de Asia (4,2%) y Europa (2,8%). Las exportaciones de Otras regiones (a saber, \u00c1frica, el Oriente Medio y la Comunidad de Estados Independientes, incluidos los Estados asociados y los antiguos Estados miembros) aumentaron un 2,7%, y las de Am\u00e9rica del Sur subieron un 1,1%. Asia registr\u00f3 el mayor crecimiento de las importaciones (6,1%), seguido de Am\u00e9rica del Sur (5,5%), Am\u00e9rica del Norte (4,8%), Europa (2,9%) y Otras regiones (0,5%).<\/p>\n<p>Los precios de las materias primas energ\u00e9ticas, como el petr\u00f3leo, han subido un 33% entre comienzos de a\u00f1o y agosto en comparaci\u00f3n con el a\u00f1o pasado, lo que ha hecho aumentar los ingresos de los exportadores de esos productos. Esto todav\u00eda no se ha traducido, como cabr\u00eda esperar, en un fortalecimiento de la demanda de importaciones en las regiones ricas en recursos. Entre tanto, el d\u00f3lar de los Estados Unidos se ha apreciado un 8,4% en t\u00e9rminos efectivos reales desde enero de\u00a02018.<\/p>\n<h3>Gr\u00e1fico 2: Exportaciones e importaciones de mercanc\u00edas por regi\u00f3n, 2012T1-2018T2<br \/>\n<small>\u00cdndice de volumen, 2012T1 = 100<\/small><\/h3>\n<p><a title=\"Haga clic para ver una imagen m\u00e1s grande;\" data-content=\"Haga clic para ver una imagen m\u00e1s grande;\" data-toggle=\"tooltip\"><img decoding=\"async\" class=\"img-responsive\" src=\"https:\/\/www.wto.org\/images\/img_press\/pr822chart2_s.png\" border=\"0\" \/><\/a><\/p>\n<p><small><sup>a<\/sup>\u00a0Se refiere a Am\u00e9rica Central y del Sur y el Caribe.<br \/>\n<sup>b<\/sup>\u00a0La categor\u00eda &#8220;Otras regiones&#8221; comprende \u00c1frica, el Oriente Medio y la Comunidad de Estados Independientes, incluidos los Estados miembros asociados y los antiguos Estados miembros.<br \/>\nFuente:\u00a0\u00a0\u00a0 OMC y UNCTAD.<\/small><\/p>\n<p>La revisi\u00f3n a la baja de las previsiones comerciales es coherente con el Indicador de las Perspectivas del Comercio Mundial de la OMC, que apunta una ralentizaci\u00f3n del ritmo de crecimiento del comercio desde el primer trimestre de\u00a02018. El Indicador combina varios de los principales indicadores comerciales en un \u00fanico indicador compuesto. Entre los indicadores incluidos se encuentran el tr\u00e1fico de contenedores en los puertos, los env\u00edos de carga a\u00e9rea, los pedidos de exportaciones, las ventas de autom\u00f3viles y el comercio de componentes electr\u00f3nicos y materias primas. El indicador de los pedidos de exportaci\u00f3n, derivado de los \u00edndices de gestores de compras, ha pasado de 54,1 en enero a 50,3 en agosto, manteni\u00e9ndose ligeramente por encima del valor de referencia de 50,0 que separa la expansi\u00f3n de la contracci\u00f3n (gr\u00e1fico 3).<\/p>\n<h3>Gr\u00e1fico 3: \u00cdndice mundial de nuevos pedidos de exportaci\u00f3n basado en el \u00edndice de gestores de compras, enero de\u00a02010 &#8211; agosto de\u00a02018<br \/>\n<small>\u00cdndice, base = 50<\/small><\/h3>\n<p><a title=\"Haga clic para ver una imagen m\u00e1s grande;\" data-content=\"Haga clic para ver una imagen m\u00e1s grande;\" data-toggle=\"tooltip\"><img decoding=\"async\" class=\"img-responsive\" src=\"https:\/\/www.wto.org\/images\/img_press\/pr822chart3_s.png\" border=\"0\" \/><\/a><\/p>\n<p><small>Nota: Los valores superiores a 50 indican expansi\u00f3n, en tanto que los inferiores a 50 denotan contracci\u00f3n.<br \/>\n<small>Fuente:\u00a0\u00a0\u00a0 IHS Markit.<\/small><\/small><\/p>\n<p>Otro indicador, en este caso de la incertidumbre de las pol\u00edticas econ\u00f3micas, mide la frecuencia con que aparecen en la prensa palabras clave relacionadas con la incertidumbre (gr\u00e1fico 4). El valor del \u00edndice subi\u00f3 de 113 a 227 entre enero y julio para bajar a 205 en agosto. Si bien \u00faltimamente la incertidumbre se ha moderado ligeramente, sigue siendo mayor que durante la crisis financiera mundial de\u00a02008. La incertidumbre econ\u00f3mica, al ser un factor disuasorio de la inversi\u00f3n, puede repercutir negativamente en el comercio, ya que los bienes de capital suelen tener un alto contenido de importaciones.<\/p>\n<h3>Gr\u00e1fico 4: Incertidumbre mundial sobre las pol\u00edticas econ\u00f3micas, enero de\u00a02005 &#8211; agosto de\u00a02018<br \/>\n<small>(\u00edndice, promedio de\u00a01997-2015 = 100)<\/small><\/h3>\n<p><small><a title=\"Haga clic para ver una imagen m\u00e1s grande;\" data-content=\"Haga clic para ver una imagen m\u00e1s grande;\" data-toggle=\"tooltip\"><img decoding=\"async\" class=\"img-responsive\" src=\"https:\/\/www.wto.org\/images\/img_press\/pr822chart4_s.png\" border=\"0\" \/><\/a><\/small><\/p>\n<p><small>Fuente: PolicyUncertainty.com.<\/small><\/p>\n<p>Las cifras sobre el comercio indicadas m\u00e1s arriba se refieren al comercio de mercanc\u00edas en t\u00e9rminos de volumen, pero tambi\u00e9n cabe destacar el comercio expresado en d\u00f3lares corrientes de los Estados Unidos. El gr\u00e1fico 5 muestra el crecimiento de las exportaciones e importaciones de mercanc\u00edas de determinadas econom\u00edas en d\u00f3lares corrientes de los Estados Unidos. Las exportaciones e importaciones estadounidenses siguen creciendo a buen ritmo a pesar de la apreciaci\u00f3n reciente del d\u00f3lar de los Estados Unidos. Las estad\u00edsticas comerciales basadas en valores nominales deben interpretarse con cautela, ya que pueden estar fuertemente influidas por los precios y los tipos de cambio.<\/p>\n<h3>Cuadro 1: Volumen del comercio de mercanc\u00edas y PIB real, 2014-2019a<br \/>\n<small>Variaci\u00f3n porcentual anual<\/small><\/h3>\n<p><small><a title=\"Haga clic para ver una imagen m\u00e1s grande;\" data-content=\"Haga clic para ver una imagen m\u00e1s grande;\" data-toggle=\"tooltip\"><img decoding=\"async\" class=\"img-responsive\" src=\"https:\/\/www.wto.org\/images\/img_press\/pr822chart5_s.png\" border=\"0\" \/><\/a><\/small><\/p>\n<p><small><sup>a<\/sup>\u00a0Las cifras correspondientes a 2018 y 2019 son previsiones.\u00a0<sup>b<\/sup>\u00a0Promedio de las exportaciones e importaciones.<br \/>\n<sup>c<\/sup>\u00a0Incluye la Comunidad de Estados Independientes (CEI), comprendidos los Estados asociados y los antiguos Estados miembros.<br \/>\n<sup>d<\/sup>\u00a0La categor\u00eda &#8220;Otras regiones&#8221; comprende \u00c1frica, el Oriente Medio y la Comunidad de Estados Independientes (CEI).<\/small><\/p>\n<p>Fuentes:\u00a0 OMC y UNCTAD para el comercio; estimaciones de consenso para el PIB.<\/p>\n<h3>Gr\u00e1fico 5: Exportaciones e importaciones de mercanc\u00edas de determinadas econom\u00edas, enero de 2016-julio de 2018<br \/>\n<small>(Variaci\u00f3n porcentual interanual en d\u00f3lares corrientes)<\/small><\/h3>\n<p><small><a title=\"\" data-content=\"Haga clic para ver una imagen m\u00e1s grande;\" data-toggle=\"tooltip\" data-original-title=\"Haga clic para ver una imagen m\u00e1s grande;\"><img decoding=\"async\" class=\"img-responsive\" src=\"https:\/\/www.wto.org\/images\/img_press\/pr822chart6_s.png\" border=\"0\" \/><\/a><\/small><\/p>\n<div class=\"tooltip fade top in\">\n<div class=\"tooltip-arrow\"><\/div>\n<div class=\"tooltip-inner\">Haga clic para ver una imagen m\u00e1s grande;<\/div>\n<\/div>\n<p><small><sup>a<\/sup>\u00a0Se ha extra\u00eddo la media de los meses de enero y febrero para minimizar las distorsiones asociadas al nuevo a\u00f1o lunar.<br \/>\nFuentes:\u00a0 Estad\u00edsticas Financieras Internacionales del FMI, base de datos GTA de Global Trade Information Services y estad\u00edsticas nacionales.<\/small><\/p>\n<p>&nbsp;<\/p>\n<p><small><\/small>Fuente:\u00a0www.wto.org<\/p>\n","protected":false},"excerpt":{"rendered":"<p>El crecimiento del Comercio\u00a0 global posiblemente se desacelerar\u00e1 en 2018 y 2019 m\u00e1s de lo anticipado, aunque los efectos econ\u00f3micos directos de la guerra arancelaria que surgi\u00f3 este a\u00f1o han sido modestos hasta el momento, dijo este jueves la Organizaci\u00f3n [&hellip;]<\/p>\n","protected":false},"author":1,"featured_media":3504,"comment_status":"open","ping_status":"open","sticky":false,"template":"","format":"standard","meta":{"inline_featured_image":false,"_jetpack_memberships_contains_paid_content":false,"footnotes":""},"categories":[173],"tags":[],"class_list":["post-3503","post","type-post","status-publish","format-standard","has-post-thumbnail","hentry","category-comercio-exterior"],"yoast_head":"<!-- This site is optimized with the Yoast SEO plugin v20.9 - https:\/\/yoast.com\/wordpress\/plugins\/seo\/ -->\n<title>Prev\u00e9 OMC desaceleraci\u00f3n de Comercio - Campa<\/title>\n<meta name=\"robots\" content=\"index, follow, max-snippet:-1, max-image-preview:large, max-video-preview:-1\" \/>\n<link rel=\"canonical\" href=\"https:\/\/www.campa.com.mx\/site\/preve-omc-desaceleracion-de-comercio\/\" \/>\n<meta property=\"og:locale\" content=\"es_ES\" \/>\n<meta property=\"og:type\" content=\"article\" \/>\n<meta property=\"og:title\" content=\"Prev\u00e9 OMC desaceleraci\u00f3n de Comercio - Campa\" \/>\n<meta property=\"og:description\" content=\"El crecimiento del Comercio\u00a0 global posiblemente se desacelerar\u00e1 en 2018 y 2019 m\u00e1s de lo anticipado, aunque los efectos econ\u00f3micos directos de la guerra arancelaria que surgi\u00f3 este a\u00f1o han sido modestos hasta el momento, dijo este jueves la Organizaci\u00f3n [&hellip;]\" \/>\n<meta property=\"og:url\" content=\"https:\/\/www.campa.com.mx\/site\/preve-omc-desaceleracion-de-comercio\/\" \/>\n<meta property=\"og:site_name\" content=\"Campa\" \/>\n<meta property=\"article:publisher\" content=\"https:\/\/www.facebook.com\/MovimientoAnexo24\" \/>\n<meta property=\"article:published_time\" content=\"2018-09-27T21:56:02+00:00\" \/>\n<meta property=\"og:image\" content=\"https:\/\/www.campa.com.mx\/site\/wp-content\/uploads\/2018\/09\/comerciologo-organizacion-mundial-del-comercio-01.jpg\" \/>\n\t<meta property=\"og:image:width\" content=\"1650\" \/>\n\t<meta property=\"og:image:height\" content=\"1275\" \/>\n\t<meta property=\"og:image:type\" content=\"image\/jpeg\" \/>\n<meta name=\"author\" content=\"campa\" \/>\n<meta name=\"twitter:card\" content=\"summary_large_image\" \/>\n<meta name=\"twitter:creator\" content=\"@artycampa\" \/>\n<meta name=\"twitter:site\" content=\"@artycampa\" \/>\n<meta name=\"twitter:label1\" content=\"Escrito por\" \/>\n\t<meta name=\"twitter:data1\" content=\"campa\" \/>\n\t<meta name=\"twitter:label2\" content=\"Tiempo de lectura\" \/>\n\t<meta name=\"twitter:data2\" content=\"8 minutos\" \/>\n<script type=\"application\/ld+json\" class=\"yoast-schema-graph\">{\"@context\":\"https:\/\/schema.org\",\"@graph\":[{\"@type\":\"WebPage\",\"@id\":\"https:\/\/www.campa.com.mx\/site\/preve-omc-desaceleracion-de-comercio\/\",\"url\":\"https:\/\/www.campa.com.mx\/site\/preve-omc-desaceleracion-de-comercio\/\",\"name\":\"Prev\u00e9 OMC desaceleraci\u00f3n de Comercio - Campa\",\"isPartOf\":{\"@id\":\"https:\/\/www.campa.com.mx\/site\/#website\"},\"datePublished\":\"2018-09-27T21:56:02+00:00\",\"dateModified\":\"2018-09-27T21:56:02+00:00\",\"author\":{\"@id\":\"https:\/\/www.campa.com.mx\/site\/#\/schema\/person\/5bf1874b81661ed013f5aa29df30761c\"},\"breadcrumb\":{\"@id\":\"https:\/\/www.campa.com.mx\/site\/preve-omc-desaceleracion-de-comercio\/#breadcrumb\"},\"inLanguage\":\"es\",\"potentialAction\":[{\"@type\":\"ReadAction\",\"target\":[\"https:\/\/www.campa.com.mx\/site\/preve-omc-desaceleracion-de-comercio\/\"]}]},{\"@type\":\"BreadcrumbList\",\"@id\":\"https:\/\/www.campa.com.mx\/site\/preve-omc-desaceleracion-de-comercio\/#breadcrumb\",\"itemListElement\":[{\"@type\":\"ListItem\",\"position\":1,\"name\":\"Portada\",\"item\":\"https:\/\/www.campa.com.mx\/site\/\"},{\"@type\":\"ListItem\",\"position\":2,\"name\":\"Prev\u00e9 OMC desaceleraci\u00f3n de Comercio\"}]},{\"@type\":\"WebSite\",\"@id\":\"https:\/\/www.campa.com.mx\/site\/#website\",\"url\":\"https:\/\/www.campa.com.mx\/site\/\",\"name\":\"Campa\",\"description\":\"Tecnolog\u00eda - Comercio Exterior - Servicios\",\"potentialAction\":[{\"@type\":\"SearchAction\",\"target\":{\"@type\":\"EntryPoint\",\"urlTemplate\":\"https:\/\/www.campa.com.mx\/site\/?s={search_term_string}\"},\"query-input\":\"required name=search_term_string\"}],\"inLanguage\":\"es\"},{\"@type\":\"Person\",\"@id\":\"https:\/\/www.campa.com.mx\/site\/#\/schema\/person\/5bf1874b81661ed013f5aa29df30761c\",\"name\":\"campa\",\"image\":{\"@type\":\"ImageObject\",\"inLanguage\":\"es\",\"@id\":\"https:\/\/www.campa.com.mx\/site\/#\/schema\/person\/image\/\",\"url\":\"https:\/\/secure.gravatar.com\/avatar\/921e6e5cffb9d78857948e938192591b9fd4168d0b55cc795582b49d9dc52bb1?s=96&d=mm&r=g\",\"contentUrl\":\"https:\/\/secure.gravatar.com\/avatar\/921e6e5cffb9d78857948e938192591b9fd4168d0b55cc795582b49d9dc52bb1?s=96&d=mm&r=g\",\"caption\":\"campa\"}}]}<\/script>\n<!-- \/ Yoast SEO plugin. -->","yoast_head_json":{"title":"Prev\u00e9 OMC desaceleraci\u00f3n de Comercio - Campa","robots":{"index":"index","follow":"follow","max-snippet":"max-snippet:-1","max-image-preview":"max-image-preview:large","max-video-preview":"max-video-preview:-1"},"canonical":"https:\/\/www.campa.com.mx\/site\/preve-omc-desaceleracion-de-comercio\/","og_locale":"es_ES","og_type":"article","og_title":"Prev\u00e9 OMC desaceleraci\u00f3n de Comercio - Campa","og_description":"El crecimiento del Comercio\u00a0 global posiblemente se desacelerar\u00e1 en 2018 y 2019 m\u00e1s de lo anticipado, aunque los efectos econ\u00f3micos directos de la guerra arancelaria que surgi\u00f3 este a\u00f1o han sido modestos hasta el momento, dijo este jueves la Organizaci\u00f3n [&hellip;]","og_url":"https:\/\/www.campa.com.mx\/site\/preve-omc-desaceleracion-de-comercio\/","og_site_name":"Campa","article_publisher":"https:\/\/www.facebook.com\/MovimientoAnexo24","article_published_time":"2018-09-27T21:56:02+00:00","og_image":[{"width":1650,"height":1275,"url":"https:\/\/www.campa.com.mx\/site\/wp-content\/uploads\/2018\/09\/comerciologo-organizacion-mundial-del-comercio-01.jpg","type":"image\/jpeg"}],"author":"campa","twitter_card":"summary_large_image","twitter_creator":"@artycampa","twitter_site":"@artycampa","twitter_misc":{"Escrito por":"campa","Tiempo de lectura":"8 minutos"},"schema":{"@context":"https:\/\/schema.org","@graph":[{"@type":"WebPage","@id":"https:\/\/www.campa.com.mx\/site\/preve-omc-desaceleracion-de-comercio\/","url":"https:\/\/www.campa.com.mx\/site\/preve-omc-desaceleracion-de-comercio\/","name":"Prev\u00e9 OMC desaceleraci\u00f3n de Comercio - Campa","isPartOf":{"@id":"https:\/\/www.campa.com.mx\/site\/#website"},"datePublished":"2018-09-27T21:56:02+00:00","dateModified":"2018-09-27T21:56:02+00:00","author":{"@id":"https:\/\/www.campa.com.mx\/site\/#\/schema\/person\/5bf1874b81661ed013f5aa29df30761c"},"breadcrumb":{"@id":"https:\/\/www.campa.com.mx\/site\/preve-omc-desaceleracion-de-comercio\/#breadcrumb"},"inLanguage":"es","potentialAction":[{"@type":"ReadAction","target":["https:\/\/www.campa.com.mx\/site\/preve-omc-desaceleracion-de-comercio\/"]}]},{"@type":"BreadcrumbList","@id":"https:\/\/www.campa.com.mx\/site\/preve-omc-desaceleracion-de-comercio\/#breadcrumb","itemListElement":[{"@type":"ListItem","position":1,"name":"Portada","item":"https:\/\/www.campa.com.mx\/site\/"},{"@type":"ListItem","position":2,"name":"Prev\u00e9 OMC desaceleraci\u00f3n de Comercio"}]},{"@type":"WebSite","@id":"https:\/\/www.campa.com.mx\/site\/#website","url":"https:\/\/www.campa.com.mx\/site\/","name":"Campa","description":"Tecnolog\u00eda - Comercio Exterior - Servicios","potentialAction":[{"@type":"SearchAction","target":{"@type":"EntryPoint","urlTemplate":"https:\/\/www.campa.com.mx\/site\/?s={search_term_string}"},"query-input":"required name=search_term_string"}],"inLanguage":"es"},{"@type":"Person","@id":"https:\/\/www.campa.com.mx\/site\/#\/schema\/person\/5bf1874b81661ed013f5aa29df30761c","name":"campa","image":{"@type":"ImageObject","inLanguage":"es","@id":"https:\/\/www.campa.com.mx\/site\/#\/schema\/person\/image\/","url":"https:\/\/secure.gravatar.com\/avatar\/921e6e5cffb9d78857948e938192591b9fd4168d0b55cc795582b49d9dc52bb1?s=96&d=mm&r=g","contentUrl":"https:\/\/secure.gravatar.com\/avatar\/921e6e5cffb9d78857948e938192591b9fd4168d0b55cc795582b49d9dc52bb1?s=96&d=mm&r=g","caption":"campa"}}]}},"jetpack_featured_media_url":"https:\/\/www.campa.com.mx\/site\/wp-content\/uploads\/2018\/09\/comerciologo-organizacion-mundial-del-comercio-01.jpg","jetpack_sharing_enabled":true,"_links":{"self":[{"href":"https:\/\/www.campa.com.mx\/site\/wp-json\/wp\/v2\/posts\/3503","targetHints":{"allow":["GET"]}}],"collection":[{"href":"https:\/\/www.campa.com.mx\/site\/wp-json\/wp\/v2\/posts"}],"about":[{"href":"https:\/\/www.campa.com.mx\/site\/wp-json\/wp\/v2\/types\/post"}],"author":[{"embeddable":true,"href":"https:\/\/www.campa.com.mx\/site\/wp-json\/wp\/v2\/users\/1"}],"replies":[{"embeddable":true,"href":"https:\/\/www.campa.com.mx\/site\/wp-json\/wp\/v2\/comments?post=3503"}],"version-history":[{"count":1,"href":"https:\/\/www.campa.com.mx\/site\/wp-json\/wp\/v2\/posts\/3503\/revisions"}],"predecessor-version":[{"id":3505,"href":"https:\/\/www.campa.com.mx\/site\/wp-json\/wp\/v2\/posts\/3503\/revisions\/3505"}],"wp:featuredmedia":[{"embeddable":true,"href":"https:\/\/www.campa.com.mx\/site\/wp-json\/wp\/v2\/media\/3504"}],"wp:attachment":[{"href":"https:\/\/www.campa.com.mx\/site\/wp-json\/wp\/v2\/media?parent=3503"}],"wp:term":[{"taxonomy":"category","embeddable":true,"href":"https:\/\/www.campa.com.mx\/site\/wp-json\/wp\/v2\/categories?post=3503"},{"taxonomy":"post_tag","embeddable":true,"href":"https:\/\/www.campa.com.mx\/site\/wp-json\/wp\/v2\/tags?post=3503"}],"curies":[{"name":"wp","href":"https:\/\/api.w.org\/{rel}","templated":true}]}}