{"id":3510,"date":"2018-10-01T09:14:39","date_gmt":"2018-10-01T14:14:39","guid":{"rendered":"http:\/\/www.campa.com.mx\/site\/?p=3510"},"modified":"2018-10-01T09:14:39","modified_gmt":"2018-10-01T14:14:39","slug":"acuerdo-que-modifica-al-diverso-por-el-que-se-da-a-conocer-la-tasa-aplicable-a-partir-del-1-de-julio-de-2012-del-impuesto-general-de-importacion-para-las-mercancias-originarias-de-los-estados-de-la-as","status":"publish","type":"post","link":"https:\/\/www.campa.com.mx\/site\/acuerdo-que-modifica-al-diverso-por-el-que-se-da-a-conocer-la-tasa-aplicable-a-partir-del-1-de-julio-de-2012-del-impuesto-general-de-importacion-para-las-mercancias-originarias-de-los-estados-de-la-as\/","title":{"rendered":"ACUERDO que modifica al diverso por el que se da a conocer la tasa aplicable a partir del 1 de julio de 2012 del Impuesto General de Importaci\u00f3n para las mercanc\u00edas originarias de los Estados de la Asociaci\u00f3n Europea de Libre Comercio."},"content":{"rendered":"<div>\n<h2 class=\"Titulo_2\">Al margen un sello con el Escudo Nacional, que dice: Estados Unidos Mexicanos.- Secretar\u00eda de Econom\u00eda.<\/h2>\n<div class=\"Texto\">Con fundamento en los art\u00edculos 133 de la Constituci\u00f3n Pol\u00edtica de los Estados Unidos Mexicanos; 34\u00a0fracci\u00f3n XXXIII de la Ley Org\u00e1nica de la Administraci\u00f3n P\u00fablica Federal; 5o. fracci\u00f3n X de la Ley de Comercio\u00a0Exterior; 5 fracci\u00f3n XVII del Reglamento Interior de la Secretar\u00eda de Econom\u00eda, y<\/div>\n<div class=\"ANOTACION\">CONSIDERANDO<\/div>\n<div class=\"Texto\">Que el Tratado de Libre Comercio\u00a0entre\u00a0los Estados Unidos Mexicanos y los Estados de la Asociaci\u00f3n\u00a0Europea de Libre Comercio (Tratado) fue aprobado por el Senado de la Rep\u00fablica el 30 de abril de 2001, cuyo\u00a0Decreto Promulgatorio se public\u00f3 en el Diario Oficial de la Federaci\u00f3n el 29 de junio de 2001 y entr\u00f3 en vigor\u00a0el 1 de julio del mismo a\u00f1o.<\/div>\n<div class=\"Texto\">Que el 29 de junio de 2012 se public\u00f3 en el Diario Oficial de la Federaci\u00f3n el Acuerdo por el que se da a\u00a0conocer la tasa aplicable a partir del 1 de julio de 2012 del Impuesto General de Importaci\u00f3n para las\u00a0mercanc\u00edas originarias de los Estados de la Asociaci\u00f3n Europea de Libre Comercio, mediante el cual se dio a\u00a0conocer a los operadores y autoridades aduaneras las condiciones arancelarias y los mecanismos que\u00a0regir\u00edan la importaci\u00f3n de las mercanc\u00edas originarias de la Asociaci\u00f3n Europea de Libre Comercio, a partir del\u00a01 de julio de 2012.<\/div>\n<div class=\"Texto\">Que el 17 de junio de 2014 M\u00e9xico e Islandia suscribieron el Segundo Protocolo Modificatorio al Acuerdo\u00a0sobre Agricultura entre los Estados Unidos Mexicanos y la Rep\u00fablica de Islandia, firmado en la Ciudad de\u00a0M\u00e9xico el 27 de noviembre de 2000, hecho en Ginebra, Suiza, mediante el cual ambos pa\u00edses acordaron,\u00a0entre otros, eliminar los aranceles aduaneros a la importaci\u00f3n a M\u00e9xico de agua, incluidas la mineral natural o\u00a0artificial y la gaseada, sin adici\u00f3n de az\u00facar u otro edulcorante ni aromatizada, as\u00ed como hielo y nieve\u00a0de\u00a0Islandia.<\/div>\n<div class=\"Texto\">Que dicho Protocolo Modificatorio fue aprobado por el Senado de la Rep\u00fablica el 26 de abril de 2018 como\u00a0consta en el Decreto publicado en el Diario Oficial de la Federaci\u00f3n el 18 de junio de 2018, entrando en vigor\u00a0el 1 de septiembre de 2018, en t\u00e9rminos de lo establecido en el Decreto de Promulgaci\u00f3n publicado el 31 de\u00a0agosto de 2018.<\/div>\n<div class=\"Texto\">Que con el prop\u00f3sito de otorgar certeza jur\u00eddica a los operadores y autoridades aduaneras, es necesario\u00a0dar a conocer las condiciones arancelarias que regir\u00e1n la importaci\u00f3n de diversas mercanc\u00edas originarias de la\u00a0Rep\u00fablica de Islandia a partir del 1 de septiembre de 2018, se expide el siguiente:<\/div>\n<div class=\"ANOTACION\">ACUERDO<\/div>\n<div class=\"Texto\">\u00danico.-\u00a0Se modifica el Ap\u00e9ndice del Acuerdo por el que se da a conocer la tasa aplicable a partir del 1 de\u00a0julio de 2012 del Impuesto General de Importaci\u00f3n para las mercanc\u00edas originarias de los Estados de la\u00a0Asociaci\u00f3n Europea de Libre Comercio, publicado en el Diario Oficial de la Federaci\u00f3n el 29 de junio de 2012,\u00a0respecto de la tasa para las fracciones arancelarias siguientes, como a continuaci\u00f3n se indica:<\/div>\n<div class=\"Texto\">&#8220;APENDICE DEL ACUERDO POR EL QUE SE DA A CONOCER LA\u00a0TASA APLICABLE A PARTIR DEL 1 DE JULIO DE<br \/>\n2012 DEL IMPUESTO GENERAL\u00a0DE IMPORTACION PARA LAS MERCANCIAS ORIGINARIAS DE LOS\u00a0ESTADOS DE<br \/>\nLA ASOCIACION EUROPEA DE LIBRE COMERCIO<\/div>\n<table>\n<tbody>\n<tr>\n<td>\n<div class=\"Texto\"><\/div>\n<\/td>\n<td>\n<div class=\"Texto\">Suiza<\/div>\n<\/td>\n<td>\n<div class=\"Texto\">Noruega<\/div>\n<\/td>\n<td>\n<div class=\"Texto\">Islandia<\/div>\n<\/td>\n<td>\n<div class=\"Texto\"><\/div>\n<\/td>\n<\/tr>\n<tr>\n<td>\n<div class=\"Texto\">Fracci\u00f3n<\/div>\n<\/td>\n<td>\n<div class=\"Texto\">Arancel<\/div>\n<\/td>\n<td>\n<div class=\"Texto\">Arancel<\/div>\n<\/td>\n<td>\n<div class=\"Texto\">Arancel<\/div>\n<\/td>\n<td>\n<div class=\"Texto\"><\/div>\n<\/td>\n<\/tr>\n<tr>\n<td>\n<div class=\"Texto\">&#8230;<\/div>\n<\/td>\n<td>\n<div class=\"Texto\">&#8230;<\/div>\n<\/td>\n<td>\n<div class=\"Texto\">&#8230;<\/div>\n<\/td>\n<td>\n<div class=\"Texto\">&#8230;<\/div>\n<\/td>\n<td>\n<div class=\"Texto\"><\/div>\n<\/td>\n<\/tr>\n<tr>\n<td>\n<div class=\"Texto\">2201.10.01<\/div>\n<\/td>\n<td>\n<div class=\"Texto\">&#8230;<\/div>\n<\/td>\n<td>\n<div class=\"Texto\">&#8230;<\/div>\n<\/td>\n<td>\n<div class=\"Texto\">(*)<\/div>\n<\/td>\n<td>\n<div class=\"Texto\"><\/div>\n<\/td>\n<\/tr>\n<tr>\n<td>\n<div class=\"Texto\">2201.10.99<\/div>\n<\/td>\n<td>\n<div class=\"Texto\">&#8230;<\/div>\n<\/td>\n<td>\n<div class=\"Texto\">&#8230;<\/div>\n<\/td>\n<td>\n<div class=\"Texto\">(*)<\/div>\n<\/td>\n<td>\n<div class=\"Texto\"><\/div>\n<\/td>\n<\/tr>\n<tr>\n<td>\n<div class=\"Texto\">2201.90.01<\/div>\n<\/td>\n<td>\n<div class=\"Texto\">&#8230;<\/div>\n<\/td>\n<td>\n<div class=\"Texto\">&#8230;<\/div>\n<\/td>\n<td>\n<div class=\"Texto\">(*)<\/div>\n<\/td>\n<td>\n<div class=\"Texto\"><\/div>\n<\/td>\n<\/tr>\n<tr>\n<td>\n<div class=\"Texto\">2201.90.02<\/div>\n<\/td>\n<td>\n<div class=\"Texto\">&#8230;<\/div>\n<\/td>\n<td>\n<div class=\"Texto\">&#8230;<\/div>\n<\/td>\n<td>\n<div class=\"Texto\">(*)<\/div>\n<\/td>\n<td>\n<div class=\"Texto\"><\/div>\n<\/td>\n<\/tr>\n<tr>\n<td>\n<div class=\"Texto\">2201.90.99<\/div>\n<\/td>\n<td>\n<div class=\"Texto\">&#8230;<\/div>\n<\/td>\n<td>\n<div class=\"Texto\">&#8230;<\/div>\n<\/td>\n<td>\n<div class=\"Texto\">(*)<\/div>\n<\/td>\n<td>\n<div class=\"Texto\"><\/div>\n<\/td>\n<\/tr>\n<tr>\n<td>\n<div class=\"Texto\">&#8230;<\/div>\n<\/td>\n<td>\n<div class=\"Texto\">&#8230;<\/div>\n<\/td>\n<td>\n<div class=\"Texto\">&#8230;<\/div>\n<\/td>\n<td>\n<div class=\"Texto\">&#8230;<\/div>\n<\/td>\n<td>\n<div class=\"Texto\">&#8220;<\/div>\n<\/td>\n<\/tr>\n<\/tbody>\n<\/table>\n<div class=\"Texto\"><\/div>\n<div class=\"ANOTACION\">TRANSITORIOS<\/div>\n<div class=\"Texto\">Primero.-\u00a0El presente Acuerdo\u00a0entrar\u00e1\u00a0en vigor el d\u00eda de su publicaci\u00f3n en el Diario Oficial\u00a0de la\u00a0Federaci\u00f3n.<\/div>\n<div class=\"Texto\">Segundo.-\u00a0La modificaci\u00f3n a la tasa prevista en el Punto \u00danico del presente Acuerdo resulta aplicable a\u00a0partir del 1 de septiembre de 2018, en t\u00e9rminos del Decreto Promulgatorio del Segundo Protocolo\u00a0Modificatorio al Acuerdo sobre Agricultura entre los Estados Unidos Mexicanos y la Rep\u00fablica de Islandia,\u00a0firmado en la Ciudad de M\u00e9xico el 27 de noviembre de 2000, hecho en Ginebra, Suiza, el diecisiete de junio\u00a0de dos mil catorce, publicado en el Diario Oficial de la Federaci\u00f3n el 31 de agosto de 2018.<\/div>\n<div class=\"Texto\">Ciudad de M\u00e9xico, a 20 de septiembre de 2018.- El Secretario de Econom\u00eda,\u00a0Ildefonso Guajardo\u00a0Villarreal.- R\u00fabrica.<\/div>\n<div class=\"Texto\"><\/div>\n<\/div>\n<p>&nbsp;<\/p>\n","protected":false},"excerpt":{"rendered":"<p>Al margen un sello con el Escudo Nacional, que dice: Estados Unidos Mexicanos.- Secretar\u00eda de Econom\u00eda. Con fundamento en los art\u00edculos 133 de la Constituci\u00f3n Pol\u00edtica de los Estados Unidos Mexicanos; 34\u00a0fracci\u00f3n XXXIII de la Ley Org\u00e1nica de la Administraci\u00f3n [&hellip;]<\/p>\n","protected":false},"author":1,"featured_media":2512,"comment_status":"open","ping_status":"open","sticky":false,"template":"","format":"standard","meta":{"inline_featured_image":false,"_jetpack_memberships_contains_paid_content":false,"footnotes":""},"categories":[174],"tags":[916,226,917],"class_list":["post-3510","post","type-post","status-publish","format-standard","has-post-thumbnail","hentry","category-publicaciones-d-o-f","tag-asociacion-europea-de-libre-comercio","tag-diario-oficial-de-la-federacion","tag-tratado-de-libre-comercio-entre-los-estados-unidos-mexicanos-y-los-estados-de-la-asociacion-europea-de-libre-comercio"],"yoast_head":"<!-- This site is optimized with the Yoast SEO plugin v20.9 - https:\/\/yoast.com\/wordpress\/plugins\/seo\/ -->\n<title>ACUERDO que modifica al diverso por el que se da a conocer la tasa aplicable a partir del 1 de julio de 2012 del Impuesto General de Importaci\u00f3n para las mercanc\u00edas originarias de los Estados de la Asociaci\u00f3n Europea de Libre Comercio. - Campa<\/title>\n<meta name=\"robots\" content=\"index, follow, max-snippet:-1, max-image-preview:large, max-video-preview:-1\" \/>\n<link rel=\"canonical\" href=\"https:\/\/www.campa.com.mx\/site\/acuerdo-que-modifica-al-diverso-por-el-que-se-da-a-conocer-la-tasa-aplicable-a-partir-del-1-de-julio-de-2012-del-impuesto-general-de-importacion-para-las-mercancias-originarias-de-los-estados-de-la-as\/\" \/>\n<meta property=\"og:locale\" content=\"es_ES\" \/>\n<meta property=\"og:type\" content=\"article\" \/>\n<meta property=\"og:title\" content=\"ACUERDO que modifica al diverso por el que se da a conocer la tasa aplicable a partir del 1 de julio de 2012 del Impuesto General de Importaci\u00f3n para las mercanc\u00edas originarias de los Estados de la Asociaci\u00f3n Europea de Libre Comercio. - Campa\" \/>\n<meta property=\"og:description\" content=\"Al margen un sello con el Escudo Nacional, que dice: Estados Unidos Mexicanos.- Secretar\u00eda de Econom\u00eda. Con fundamento en los art\u00edculos 133 de la Constituci\u00f3n Pol\u00edtica de los Estados Unidos Mexicanos; 34\u00a0fracci\u00f3n XXXIII de la Ley Org\u00e1nica de la Administraci\u00f3n [&hellip;]\" \/>\n<meta property=\"og:url\" content=\"https:\/\/www.campa.com.mx\/site\/acuerdo-que-modifica-al-diverso-por-el-que-se-da-a-conocer-la-tasa-aplicable-a-partir-del-1-de-julio-de-2012-del-impuesto-general-de-importacion-para-las-mercancias-originarias-de-los-estados-de-la-as\/\" \/>\n<meta property=\"og:site_name\" content=\"Campa\" \/>\n<meta property=\"article:publisher\" content=\"https:\/\/www.facebook.com\/MovimientoAnexo24\" \/>\n<meta property=\"article:published_time\" content=\"2018-10-01T14:14:39+00:00\" \/>\n<meta property=\"og:image\" content=\"https:\/\/www.campa.com.mx\/site\/wp-content\/uploads\/2017\/12\/0dof.png\" \/>\n\t<meta property=\"og:image:width\" content=\"1200\" \/>\n\t<meta property=\"og:image:height\" content=\"700\" \/>\n\t<meta property=\"og:image:type\" content=\"image\/png\" \/>\n<meta name=\"author\" content=\"campa\" \/>\n<meta name=\"twitter:card\" content=\"summary_large_image\" \/>\n<meta name=\"twitter:creator\" content=\"@artycampa\" \/>\n<meta name=\"twitter:site\" content=\"@artycampa\" \/>\n<meta name=\"twitter:label1\" content=\"Escrito por\" \/>\n\t<meta name=\"twitter:data1\" content=\"campa\" \/>\n\t<meta name=\"twitter:label2\" content=\"Tiempo de lectura\" \/>\n\t<meta name=\"twitter:data2\" content=\"3 minutos\" \/>\n<script type=\"application\/ld+json\" class=\"yoast-schema-graph\">{\"@context\":\"https:\/\/schema.org\",\"@graph\":[{\"@type\":\"WebPage\",\"@id\":\"https:\/\/www.campa.com.mx\/site\/acuerdo-que-modifica-al-diverso-por-el-que-se-da-a-conocer-la-tasa-aplicable-a-partir-del-1-de-julio-de-2012-del-impuesto-general-de-importacion-para-las-mercancias-originarias-de-los-estados-de-la-as\/\",\"url\":\"https:\/\/www.campa.com.mx\/site\/acuerdo-que-modifica-al-diverso-por-el-que-se-da-a-conocer-la-tasa-aplicable-a-partir-del-1-de-julio-de-2012-del-impuesto-general-de-importacion-para-las-mercancias-originarias-de-los-estados-de-la-as\/\",\"name\":\"ACUERDO que modifica al diverso por el que se da a conocer la tasa aplicable a partir del 1 de julio de 2012 del Impuesto General de Importaci\u00f3n para las mercanc\u00edas originarias de los Estados de la Asociaci\u00f3n Europea de Libre Comercio. - Campa\",\"isPartOf\":{\"@id\":\"https:\/\/www.campa.com.mx\/site\/#website\"},\"datePublished\":\"2018-10-01T14:14:39+00:00\",\"dateModified\":\"2018-10-01T14:14:39+00:00\",\"author\":{\"@id\":\"https:\/\/www.campa.com.mx\/site\/#\/schema\/person\/5bf1874b81661ed013f5aa29df30761c\"},\"breadcrumb\":{\"@id\":\"https:\/\/www.campa.com.mx\/site\/acuerdo-que-modifica-al-diverso-por-el-que-se-da-a-conocer-la-tasa-aplicable-a-partir-del-1-de-julio-de-2012-del-impuesto-general-de-importacion-para-las-mercancias-originarias-de-los-estados-de-la-as\/#breadcrumb\"},\"inLanguage\":\"es\",\"potentialAction\":[{\"@type\":\"ReadAction\",\"target\":[\"https:\/\/www.campa.com.mx\/site\/acuerdo-que-modifica-al-diverso-por-el-que-se-da-a-conocer-la-tasa-aplicable-a-partir-del-1-de-julio-de-2012-del-impuesto-general-de-importacion-para-las-mercancias-originarias-de-los-estados-de-la-as\/\"]}]},{\"@type\":\"BreadcrumbList\",\"@id\":\"https:\/\/www.campa.com.mx\/site\/acuerdo-que-modifica-al-diverso-por-el-que-se-da-a-conocer-la-tasa-aplicable-a-partir-del-1-de-julio-de-2012-del-impuesto-general-de-importacion-para-las-mercancias-originarias-de-los-estados-de-la-as\/#breadcrumb\",\"itemListElement\":[{\"@type\":\"ListItem\",\"position\":1,\"name\":\"Portada\",\"item\":\"https:\/\/www.campa.com.mx\/site\/\"},{\"@type\":\"ListItem\",\"position\":2,\"name\":\"ACUERDO que modifica al diverso por el que se da a conocer la tasa aplicable a partir del 1 de julio de 2012 del Impuesto General de Importaci\u00f3n para las mercanc\u00edas originarias de los Estados de la Asociaci\u00f3n Europea de Libre Comercio.\"}]},{\"@type\":\"WebSite\",\"@id\":\"https:\/\/www.campa.com.mx\/site\/#website\",\"url\":\"https:\/\/www.campa.com.mx\/site\/\",\"name\":\"Campa\",\"description\":\"Tecnolog\u00eda - Comercio Exterior - Servicios\",\"potentialAction\":[{\"@type\":\"SearchAction\",\"target\":{\"@type\":\"EntryPoint\",\"urlTemplate\":\"https:\/\/www.campa.com.mx\/site\/?s={search_term_string}\"},\"query-input\":\"required name=search_term_string\"}],\"inLanguage\":\"es\"},{\"@type\":\"Person\",\"@id\":\"https:\/\/www.campa.com.mx\/site\/#\/schema\/person\/5bf1874b81661ed013f5aa29df30761c\",\"name\":\"campa\",\"image\":{\"@type\":\"ImageObject\",\"inLanguage\":\"es\",\"@id\":\"https:\/\/www.campa.com.mx\/site\/#\/schema\/person\/image\/\",\"url\":\"https:\/\/secure.gravatar.com\/avatar\/921e6e5cffb9d78857948e938192591b9fd4168d0b55cc795582b49d9dc52bb1?s=96&d=mm&r=g\",\"contentUrl\":\"https:\/\/secure.gravatar.com\/avatar\/921e6e5cffb9d78857948e938192591b9fd4168d0b55cc795582b49d9dc52bb1?s=96&d=mm&r=g\",\"caption\":\"campa\"}}]}<\/script>\n<!-- \/ Yoast SEO plugin. -->","yoast_head_json":{"title":"ACUERDO que modifica al diverso por el que se da a conocer la tasa aplicable a partir del 1 de julio de 2012 del Impuesto General de Importaci\u00f3n para las mercanc\u00edas originarias de los Estados de la Asociaci\u00f3n Europea de Libre Comercio. - Campa","robots":{"index":"index","follow":"follow","max-snippet":"max-snippet:-1","max-image-preview":"max-image-preview:large","max-video-preview":"max-video-preview:-1"},"canonical":"https:\/\/www.campa.com.mx\/site\/acuerdo-que-modifica-al-diverso-por-el-que-se-da-a-conocer-la-tasa-aplicable-a-partir-del-1-de-julio-de-2012-del-impuesto-general-de-importacion-para-las-mercancias-originarias-de-los-estados-de-la-as\/","og_locale":"es_ES","og_type":"article","og_title":"ACUERDO que modifica al diverso por el que se da a conocer la tasa aplicable a partir del 1 de julio de 2012 del Impuesto General de Importaci\u00f3n para las mercanc\u00edas originarias de los Estados de la Asociaci\u00f3n Europea de Libre Comercio. - Campa","og_description":"Al margen un sello con el Escudo Nacional, que dice: Estados Unidos Mexicanos.- Secretar\u00eda de Econom\u00eda. Con fundamento en los art\u00edculos 133 de la Constituci\u00f3n Pol\u00edtica de los Estados Unidos Mexicanos; 34\u00a0fracci\u00f3n XXXIII de la Ley Org\u00e1nica de la Administraci\u00f3n [&hellip;]","og_url":"https:\/\/www.campa.com.mx\/site\/acuerdo-que-modifica-al-diverso-por-el-que-se-da-a-conocer-la-tasa-aplicable-a-partir-del-1-de-julio-de-2012-del-impuesto-general-de-importacion-para-las-mercancias-originarias-de-los-estados-de-la-as\/","og_site_name":"Campa","article_publisher":"https:\/\/www.facebook.com\/MovimientoAnexo24","article_published_time":"2018-10-01T14:14:39+00:00","og_image":[{"width":1200,"height":700,"url":"https:\/\/www.campa.com.mx\/site\/wp-content\/uploads\/2017\/12\/0dof.png","type":"image\/png"}],"author":"campa","twitter_card":"summary_large_image","twitter_creator":"@artycampa","twitter_site":"@artycampa","twitter_misc":{"Escrito por":"campa","Tiempo de lectura":"3 minutos"},"schema":{"@context":"https:\/\/schema.org","@graph":[{"@type":"WebPage","@id":"https:\/\/www.campa.com.mx\/site\/acuerdo-que-modifica-al-diverso-por-el-que-se-da-a-conocer-la-tasa-aplicable-a-partir-del-1-de-julio-de-2012-del-impuesto-general-de-importacion-para-las-mercancias-originarias-de-los-estados-de-la-as\/","url":"https:\/\/www.campa.com.mx\/site\/acuerdo-que-modifica-al-diverso-por-el-que-se-da-a-conocer-la-tasa-aplicable-a-partir-del-1-de-julio-de-2012-del-impuesto-general-de-importacion-para-las-mercancias-originarias-de-los-estados-de-la-as\/","name":"ACUERDO que modifica al diverso por el que se da a conocer la tasa aplicable a partir del 1 de julio de 2012 del Impuesto General de Importaci\u00f3n para las mercanc\u00edas originarias de los Estados de la Asociaci\u00f3n Europea de Libre Comercio. - Campa","isPartOf":{"@id":"https:\/\/www.campa.com.mx\/site\/#website"},"datePublished":"2018-10-01T14:14:39+00:00","dateModified":"2018-10-01T14:14:39+00:00","author":{"@id":"https:\/\/www.campa.com.mx\/site\/#\/schema\/person\/5bf1874b81661ed013f5aa29df30761c"},"breadcrumb":{"@id":"https:\/\/www.campa.com.mx\/site\/acuerdo-que-modifica-al-diverso-por-el-que-se-da-a-conocer-la-tasa-aplicable-a-partir-del-1-de-julio-de-2012-del-impuesto-general-de-importacion-para-las-mercancias-originarias-de-los-estados-de-la-as\/#breadcrumb"},"inLanguage":"es","potentialAction":[{"@type":"ReadAction","target":["https:\/\/www.campa.com.mx\/site\/acuerdo-que-modifica-al-diverso-por-el-que-se-da-a-conocer-la-tasa-aplicable-a-partir-del-1-de-julio-de-2012-del-impuesto-general-de-importacion-para-las-mercancias-originarias-de-los-estados-de-la-as\/"]}]},{"@type":"BreadcrumbList","@id":"https:\/\/www.campa.com.mx\/site\/acuerdo-que-modifica-al-diverso-por-el-que-se-da-a-conocer-la-tasa-aplicable-a-partir-del-1-de-julio-de-2012-del-impuesto-general-de-importacion-para-las-mercancias-originarias-de-los-estados-de-la-as\/#breadcrumb","itemListElement":[{"@type":"ListItem","position":1,"name":"Portada","item":"https:\/\/www.campa.com.mx\/site\/"},{"@type":"ListItem","position":2,"name":"ACUERDO que modifica al diverso por el que se da a conocer la tasa aplicable a partir del 1 de julio de 2012 del Impuesto General de Importaci\u00f3n para las mercanc\u00edas originarias de los Estados de la Asociaci\u00f3n Europea de Libre Comercio."}]},{"@type":"WebSite","@id":"https:\/\/www.campa.com.mx\/site\/#website","url":"https:\/\/www.campa.com.mx\/site\/","name":"Campa","description":"Tecnolog\u00eda - Comercio Exterior - Servicios","potentialAction":[{"@type":"SearchAction","target":{"@type":"EntryPoint","urlTemplate":"https:\/\/www.campa.com.mx\/site\/?s={search_term_string}"},"query-input":"required name=search_term_string"}],"inLanguage":"es"},{"@type":"Person","@id":"https:\/\/www.campa.com.mx\/site\/#\/schema\/person\/5bf1874b81661ed013f5aa29df30761c","name":"campa","image":{"@type":"ImageObject","inLanguage":"es","@id":"https:\/\/www.campa.com.mx\/site\/#\/schema\/person\/image\/","url":"https:\/\/secure.gravatar.com\/avatar\/921e6e5cffb9d78857948e938192591b9fd4168d0b55cc795582b49d9dc52bb1?s=96&d=mm&r=g","contentUrl":"https:\/\/secure.gravatar.com\/avatar\/921e6e5cffb9d78857948e938192591b9fd4168d0b55cc795582b49d9dc52bb1?s=96&d=mm&r=g","caption":"campa"}}]}},"jetpack_featured_media_url":"https:\/\/www.campa.com.mx\/site\/wp-content\/uploads\/2017\/12\/0dof.png","jetpack_sharing_enabled":true,"_links":{"self":[{"href":"https:\/\/www.campa.com.mx\/site\/wp-json\/wp\/v2\/posts\/3510","targetHints":{"allow":["GET"]}}],"collection":[{"href":"https:\/\/www.campa.com.mx\/site\/wp-json\/wp\/v2\/posts"}],"about":[{"href":"https:\/\/www.campa.com.mx\/site\/wp-json\/wp\/v2\/types\/post"}],"author":[{"embeddable":true,"href":"https:\/\/www.campa.com.mx\/site\/wp-json\/wp\/v2\/users\/1"}],"replies":[{"embeddable":true,"href":"https:\/\/www.campa.com.mx\/site\/wp-json\/wp\/v2\/comments?post=3510"}],"version-history":[{"count":1,"href":"https:\/\/www.campa.com.mx\/site\/wp-json\/wp\/v2\/posts\/3510\/revisions"}],"predecessor-version":[{"id":3511,"href":"https:\/\/www.campa.com.mx\/site\/wp-json\/wp\/v2\/posts\/3510\/revisions\/3511"}],"wp:featuredmedia":[{"embeddable":true,"href":"https:\/\/www.campa.com.mx\/site\/wp-json\/wp\/v2\/media\/2512"}],"wp:attachment":[{"href":"https:\/\/www.campa.com.mx\/site\/wp-json\/wp\/v2\/media?parent=3510"}],"wp:term":[{"taxonomy":"category","embeddable":true,"href":"https:\/\/www.campa.com.mx\/site\/wp-json\/wp\/v2\/categories?post=3510"},{"taxonomy":"post_tag","embeddable":true,"href":"https:\/\/www.campa.com.mx\/site\/wp-json\/wp\/v2\/tags?post=3510"}],"curies":[{"name":"wp","href":"https:\/\/api.w.org\/{rel}","templated":true}]}}