{"id":3512,"date":"2018-10-01T09:33:22","date_gmt":"2018-10-01T14:33:22","guid":{"rendered":"http:\/\/www.campa.com.mx\/site\/?p=3512"},"modified":"2018-10-01T13:57:05","modified_gmt":"2018-10-01T18:57:05","slug":"nuevo-acuerdo-comercial-entre-eu-mexico-y-canada-se-firmaria-el-29-de-noviembre-usmca","status":"publish","type":"post","link":"https:\/\/www.campa.com.mx\/site\/nuevo-acuerdo-comercial-entre-eu-mexico-y-canada-se-firmaria-el-29-de-noviembre-usmca\/","title":{"rendered":"Nuevo acuerdo comercial entre EU, M\u00e9xico y Canad\u00e1  USMCA se firmar\u00eda el 29 de noviembre"},"content":{"rendered":"<p class=\"paragraph\" data-count=\"259\" data-wrap=\"44\">El secretario de Econom\u00eda,\u00a0<strong>Ildefonso Guajardo<\/strong>, explic\u00f3 este lunes que la firma del<strong>Acuerdo Estados Unidos M\u00e9xico Canad\u00e1, o USMCA\u00a0<\/strong>(por sus siglas en ingl\u00e9s) por parte de los mandatarios de los tres pa\u00edses se har\u00eda el 29 de noviembre en Buenos Aires, Argentina.<\/p>\n<p class=\"paragraph\" data-count=\"114\" data-wrap=\"19\">Adem\u00e1s, detall\u00f3 que entre los aspectos relevantes del texto comercial est\u00e1 que el Cap\u00edtulo 19 se mantuvo intacto.<\/p>\n<p class=\"paragraph\" data-count=\"248\" data-wrap=\"44\">El acuerdo, anunciado el domingo, ayud\u00f3 a preservar la zona de libre comercio de casi mil 200 millones de d\u00f3lares entre los tres vecinos de Am\u00e9rica del Norte que Trump hab\u00eda tratado de romper como parte de su promesa de sacudir el comercio global.<\/p>\n<p class=\"paragraph\" data-count=\"146\" data-wrap=\"25\">El nuevo\u00a0<strong>Acuerdo Estados Unidos, M\u00e9xico y Canad\u00e1<\/strong>\u00a0tiene como objetivo atraer m\u00e1s empleos a los Estados Unidos, una promesa de la campa\u00f1a de Trump.<\/p>\n<p class=\"paragraph\" data-count=\"153\" data-wrap=\"24\">Si bien evit\u00f3 los aranceles, el acuerdo dificultar\u00e1 a los fabricantes mundiales de autom\u00f3viles fabricar autom\u00f3viles a bajo precio en M\u00e9xico.<\/p>\n<p class=\"paragraph\" data-count=\"258\" data-wrap=\"36\">Tambi\u00e9n preserv\u00f3 un mecanismo de soluci\u00f3n de controversias comerciales buscado por Canad\u00e1 para proteger sus industrias de los aranceles antidumping de Estados Unidos incluso cuando Ottawa acord\u00f3 abrir sus mercados de l\u00e1cteos a los granjeros estadounidenses.<\/p>\n<p class=\"paragraph\" data-count=\"308\" data-wrap=\"45\">Estados Unidos y M\u00e9xico ya hab\u00edan logrado un acuerdo bilateral en agosto. Los funcionarios estadounidenses tienen la intenci\u00f3n de firmar el nuevo acuerdo trilateral a fines de noviembre, despu\u00e9s de lo cual se presentar\u00e1 al Congreso estadounidense para su aprobaci\u00f3n, seg\u00fan un alto funcionario estadounidense.<\/p>\n<p data-count=\"308\" data-wrap=\"45\">Fuente:elfinanciero<\/p>\n","protected":false},"excerpt":{"rendered":"<p>El secretario de Econom\u00eda,\u00a0Ildefonso Guajardo, explic\u00f3 este lunes que la firma delAcuerdo Estados Unidos M\u00e9xico Canad\u00e1, o USMCA\u00a0(por sus siglas en ingl\u00e9s) por parte de los mandatarios de los tres pa\u00edses se har\u00eda el 29 de noviembre en Buenos Aires, [&hellip;]<\/p>\n","protected":false},"author":1,"featured_media":3513,"comment_status":"open","ping_status":"open","sticky":false,"template":"","format":"standard","meta":{"inline_featured_image":false,"_jetpack_memberships_contains_paid_content":false,"footnotes":""},"categories":[1],"tags":[918],"class_list":["post-3512","post","type-post","status-publish","format-standard","has-post-thumbnail","hentry","category-campa","tag-usmca"],"yoast_head":"<!-- This site is optimized with the Yoast SEO plugin v20.9 - https:\/\/yoast.com\/wordpress\/plugins\/seo\/ -->\n<title>Nuevo acuerdo comercial entre EU, M\u00e9xico y Canad\u00e1 USMCA se firmar\u00eda el 29 de noviembre - Campa<\/title>\n<meta name=\"robots\" content=\"index, follow, max-snippet:-1, max-image-preview:large, max-video-preview:-1\" \/>\n<link rel=\"canonical\" href=\"https:\/\/www.campa.com.mx\/site\/nuevo-acuerdo-comercial-entre-eu-mexico-y-canada-se-firmaria-el-29-de-noviembre-usmca\/\" \/>\n<meta property=\"og:locale\" content=\"es_ES\" \/>\n<meta property=\"og:type\" content=\"article\" \/>\n<meta property=\"og:title\" content=\"Nuevo acuerdo comercial entre EU, M\u00e9xico y Canad\u00e1 USMCA se firmar\u00eda el 29 de noviembre - Campa\" \/>\n<meta property=\"og:description\" content=\"El secretario de Econom\u00eda,\u00a0Ildefonso Guajardo, explic\u00f3 este lunes que la firma delAcuerdo Estados Unidos M\u00e9xico Canad\u00e1, o USMCA\u00a0(por sus siglas en ingl\u00e9s) por parte de los mandatarios de los tres pa\u00edses se har\u00eda el 29 de noviembre en Buenos Aires, [&hellip;]\" \/>\n<meta property=\"og:url\" content=\"https:\/\/www.campa.com.mx\/site\/nuevo-acuerdo-comercial-entre-eu-mexico-y-canada-se-firmaria-el-29-de-noviembre-usmca\/\" \/>\n<meta property=\"og:site_name\" content=\"Campa\" \/>\n<meta property=\"article:publisher\" content=\"https:\/\/www.facebook.com\/MovimientoAnexo24\" \/>\n<meta property=\"article:published_time\" content=\"2018-10-01T14:33:22+00:00\" \/>\n<meta property=\"article:modified_time\" content=\"2018-10-01T18:57:05+00:00\" \/>\n<meta property=\"og:image\" content=\"https:\/\/www.campa.com.mx\/site\/wp-content\/uploads\/2018\/10\/Captura-de-pantalla-2018-10-01-a-las-09.31.37.png\" \/>\n\t<meta property=\"og:image:width\" content=\"1195\" \/>\n\t<meta property=\"og:image:height\" content=\"621\" \/>\n\t<meta property=\"og:image:type\" content=\"image\/png\" \/>\n<meta name=\"author\" content=\"campa\" \/>\n<meta name=\"twitter:card\" content=\"summary_large_image\" \/>\n<meta name=\"twitter:creator\" content=\"@artycampa\" \/>\n<meta name=\"twitter:site\" content=\"@artycampa\" \/>\n<meta name=\"twitter:label1\" content=\"Escrito por\" \/>\n\t<meta name=\"twitter:data1\" content=\"campa\" \/>\n\t<meta name=\"twitter:label2\" content=\"Tiempo de lectura\" \/>\n\t<meta name=\"twitter:data2\" content=\"1 minuto\" \/>\n<script type=\"application\/ld+json\" class=\"yoast-schema-graph\">{\"@context\":\"https:\/\/schema.org\",\"@graph\":[{\"@type\":\"WebPage\",\"@id\":\"https:\/\/www.campa.com.mx\/site\/nuevo-acuerdo-comercial-entre-eu-mexico-y-canada-se-firmaria-el-29-de-noviembre-usmca\/\",\"url\":\"https:\/\/www.campa.com.mx\/site\/nuevo-acuerdo-comercial-entre-eu-mexico-y-canada-se-firmaria-el-29-de-noviembre-usmca\/\",\"name\":\"Nuevo acuerdo comercial entre EU, M\u00e9xico y Canad\u00e1 USMCA se firmar\u00eda el 29 de noviembre - Campa\",\"isPartOf\":{\"@id\":\"https:\/\/www.campa.com.mx\/site\/#website\"},\"datePublished\":\"2018-10-01T14:33:22+00:00\",\"dateModified\":\"2018-10-01T18:57:05+00:00\",\"author\":{\"@id\":\"https:\/\/www.campa.com.mx\/site\/#\/schema\/person\/5bf1874b81661ed013f5aa29df30761c\"},\"breadcrumb\":{\"@id\":\"https:\/\/www.campa.com.mx\/site\/nuevo-acuerdo-comercial-entre-eu-mexico-y-canada-se-firmaria-el-29-de-noviembre-usmca\/#breadcrumb\"},\"inLanguage\":\"es\",\"potentialAction\":[{\"@type\":\"ReadAction\",\"target\":[\"https:\/\/www.campa.com.mx\/site\/nuevo-acuerdo-comercial-entre-eu-mexico-y-canada-se-firmaria-el-29-de-noviembre-usmca\/\"]}]},{\"@type\":\"BreadcrumbList\",\"@id\":\"https:\/\/www.campa.com.mx\/site\/nuevo-acuerdo-comercial-entre-eu-mexico-y-canada-se-firmaria-el-29-de-noviembre-usmca\/#breadcrumb\",\"itemListElement\":[{\"@type\":\"ListItem\",\"position\":1,\"name\":\"Portada\",\"item\":\"https:\/\/www.campa.com.mx\/site\/\"},{\"@type\":\"ListItem\",\"position\":2,\"name\":\"Nuevo acuerdo comercial entre EU, M\u00e9xico y Canad\u00e1 USMCA se firmar\u00eda el 29 de noviembre\"}]},{\"@type\":\"WebSite\",\"@id\":\"https:\/\/www.campa.com.mx\/site\/#website\",\"url\":\"https:\/\/www.campa.com.mx\/site\/\",\"name\":\"Campa\",\"description\":\"Tecnolog\u00eda - Comercio Exterior - Servicios\",\"potentialAction\":[{\"@type\":\"SearchAction\",\"target\":{\"@type\":\"EntryPoint\",\"urlTemplate\":\"https:\/\/www.campa.com.mx\/site\/?s={search_term_string}\"},\"query-input\":\"required name=search_term_string\"}],\"inLanguage\":\"es\"},{\"@type\":\"Person\",\"@id\":\"https:\/\/www.campa.com.mx\/site\/#\/schema\/person\/5bf1874b81661ed013f5aa29df30761c\",\"name\":\"campa\",\"image\":{\"@type\":\"ImageObject\",\"inLanguage\":\"es\",\"@id\":\"https:\/\/www.campa.com.mx\/site\/#\/schema\/person\/image\/\",\"url\":\"https:\/\/secure.gravatar.com\/avatar\/921e6e5cffb9d78857948e938192591b9fd4168d0b55cc795582b49d9dc52bb1?s=96&d=mm&r=g\",\"contentUrl\":\"https:\/\/secure.gravatar.com\/avatar\/921e6e5cffb9d78857948e938192591b9fd4168d0b55cc795582b49d9dc52bb1?s=96&d=mm&r=g\",\"caption\":\"campa\"}}]}<\/script>\n<!-- \/ Yoast SEO plugin. -->","yoast_head_json":{"title":"Nuevo acuerdo comercial entre EU, M\u00e9xico y Canad\u00e1 USMCA se firmar\u00eda el 29 de noviembre - Campa","robots":{"index":"index","follow":"follow","max-snippet":"max-snippet:-1","max-image-preview":"max-image-preview:large","max-video-preview":"max-video-preview:-1"},"canonical":"https:\/\/www.campa.com.mx\/site\/nuevo-acuerdo-comercial-entre-eu-mexico-y-canada-se-firmaria-el-29-de-noviembre-usmca\/","og_locale":"es_ES","og_type":"article","og_title":"Nuevo acuerdo comercial entre EU, M\u00e9xico y Canad\u00e1 USMCA se firmar\u00eda el 29 de noviembre - Campa","og_description":"El secretario de Econom\u00eda,\u00a0Ildefonso Guajardo, explic\u00f3 este lunes que la firma delAcuerdo Estados Unidos M\u00e9xico Canad\u00e1, o USMCA\u00a0(por sus siglas en ingl\u00e9s) por parte de los mandatarios de los tres pa\u00edses se har\u00eda el 29 de noviembre en Buenos Aires, [&hellip;]","og_url":"https:\/\/www.campa.com.mx\/site\/nuevo-acuerdo-comercial-entre-eu-mexico-y-canada-se-firmaria-el-29-de-noviembre-usmca\/","og_site_name":"Campa","article_publisher":"https:\/\/www.facebook.com\/MovimientoAnexo24","article_published_time":"2018-10-01T14:33:22+00:00","article_modified_time":"2018-10-01T18:57:05+00:00","og_image":[{"width":1195,"height":621,"url":"https:\/\/www.campa.com.mx\/site\/wp-content\/uploads\/2018\/10\/Captura-de-pantalla-2018-10-01-a-las-09.31.37.png","type":"image\/png"}],"author":"campa","twitter_card":"summary_large_image","twitter_creator":"@artycampa","twitter_site":"@artycampa","twitter_misc":{"Escrito por":"campa","Tiempo de lectura":"1 minuto"},"schema":{"@context":"https:\/\/schema.org","@graph":[{"@type":"WebPage","@id":"https:\/\/www.campa.com.mx\/site\/nuevo-acuerdo-comercial-entre-eu-mexico-y-canada-se-firmaria-el-29-de-noviembre-usmca\/","url":"https:\/\/www.campa.com.mx\/site\/nuevo-acuerdo-comercial-entre-eu-mexico-y-canada-se-firmaria-el-29-de-noviembre-usmca\/","name":"Nuevo acuerdo comercial entre EU, M\u00e9xico y Canad\u00e1 USMCA se firmar\u00eda el 29 de noviembre - Campa","isPartOf":{"@id":"https:\/\/www.campa.com.mx\/site\/#website"},"datePublished":"2018-10-01T14:33:22+00:00","dateModified":"2018-10-01T18:57:05+00:00","author":{"@id":"https:\/\/www.campa.com.mx\/site\/#\/schema\/person\/5bf1874b81661ed013f5aa29df30761c"},"breadcrumb":{"@id":"https:\/\/www.campa.com.mx\/site\/nuevo-acuerdo-comercial-entre-eu-mexico-y-canada-se-firmaria-el-29-de-noviembre-usmca\/#breadcrumb"},"inLanguage":"es","potentialAction":[{"@type":"ReadAction","target":["https:\/\/www.campa.com.mx\/site\/nuevo-acuerdo-comercial-entre-eu-mexico-y-canada-se-firmaria-el-29-de-noviembre-usmca\/"]}]},{"@type":"BreadcrumbList","@id":"https:\/\/www.campa.com.mx\/site\/nuevo-acuerdo-comercial-entre-eu-mexico-y-canada-se-firmaria-el-29-de-noviembre-usmca\/#breadcrumb","itemListElement":[{"@type":"ListItem","position":1,"name":"Portada","item":"https:\/\/www.campa.com.mx\/site\/"},{"@type":"ListItem","position":2,"name":"Nuevo acuerdo comercial entre EU, M\u00e9xico y Canad\u00e1 USMCA se firmar\u00eda el 29 de noviembre"}]},{"@type":"WebSite","@id":"https:\/\/www.campa.com.mx\/site\/#website","url":"https:\/\/www.campa.com.mx\/site\/","name":"Campa","description":"Tecnolog\u00eda - Comercio Exterior - Servicios","potentialAction":[{"@type":"SearchAction","target":{"@type":"EntryPoint","urlTemplate":"https:\/\/www.campa.com.mx\/site\/?s={search_term_string}"},"query-input":"required name=search_term_string"}],"inLanguage":"es"},{"@type":"Person","@id":"https:\/\/www.campa.com.mx\/site\/#\/schema\/person\/5bf1874b81661ed013f5aa29df30761c","name":"campa","image":{"@type":"ImageObject","inLanguage":"es","@id":"https:\/\/www.campa.com.mx\/site\/#\/schema\/person\/image\/","url":"https:\/\/secure.gravatar.com\/avatar\/921e6e5cffb9d78857948e938192591b9fd4168d0b55cc795582b49d9dc52bb1?s=96&d=mm&r=g","contentUrl":"https:\/\/secure.gravatar.com\/avatar\/921e6e5cffb9d78857948e938192591b9fd4168d0b55cc795582b49d9dc52bb1?s=96&d=mm&r=g","caption":"campa"}}]}},"jetpack_featured_media_url":"https:\/\/www.campa.com.mx\/site\/wp-content\/uploads\/2018\/10\/Captura-de-pantalla-2018-10-01-a-las-09.31.37.png","jetpack_sharing_enabled":true,"_links":{"self":[{"href":"https:\/\/www.campa.com.mx\/site\/wp-json\/wp\/v2\/posts\/3512","targetHints":{"allow":["GET"]}}],"collection":[{"href":"https:\/\/www.campa.com.mx\/site\/wp-json\/wp\/v2\/posts"}],"about":[{"href":"https:\/\/www.campa.com.mx\/site\/wp-json\/wp\/v2\/types\/post"}],"author":[{"embeddable":true,"href":"https:\/\/www.campa.com.mx\/site\/wp-json\/wp\/v2\/users\/1"}],"replies":[{"embeddable":true,"href":"https:\/\/www.campa.com.mx\/site\/wp-json\/wp\/v2\/comments?post=3512"}],"version-history":[{"count":3,"href":"https:\/\/www.campa.com.mx\/site\/wp-json\/wp\/v2\/posts\/3512\/revisions"}],"predecessor-version":[{"id":3516,"href":"https:\/\/www.campa.com.mx\/site\/wp-json\/wp\/v2\/posts\/3512\/revisions\/3516"}],"wp:featuredmedia":[{"embeddable":true,"href":"https:\/\/www.campa.com.mx\/site\/wp-json\/wp\/v2\/media\/3513"}],"wp:attachment":[{"href":"https:\/\/www.campa.com.mx\/site\/wp-json\/wp\/v2\/media?parent=3512"}],"wp:term":[{"taxonomy":"category","embeddable":true,"href":"https:\/\/www.campa.com.mx\/site\/wp-json\/wp\/v2\/categories?post=3512"},{"taxonomy":"post_tag","embeddable":true,"href":"https:\/\/www.campa.com.mx\/site\/wp-json\/wp\/v2\/tags?post=3512"}],"curies":[{"name":"wp","href":"https:\/\/api.w.org\/{rel}","templated":true}]}}