{"id":3646,"date":"2018-10-23T12:22:08","date_gmt":"2018-10-23T17:22:08","guid":{"rendered":"http:\/\/www.campa.com.mx\/site\/?p=3646"},"modified":"2018-10-24T09:16:27","modified_gmt":"2018-10-24T14:16:27","slug":"conferencia-taller-de-actualizacion-en-comercio-exterior-2018-2","status":"publish","type":"post","link":"https:\/\/www.campa.com.mx\/site\/conferencia-taller-de-actualizacion-en-comercio-exterior-2018-2\/","title":{"rendered":"Conferencia:\u00a0&#8220;Taller de Actualizaci\u00f3n en Comercio Exterior 2018&#8221;"},"content":{"rendered":"<p>El pasado 16 de Octubre se llevo acabo la Conferencia &#8220;Taller de Actualizaci\u00f3n en Comercio Exterior 2018&#8221; dicho evento tuvo lugar en las instalaciones de Encor Hotel, ubicado en Villa de Pozos, San lu\u00eds Potos\u00ed.<\/p>\n<p>El evento fue organizado por nuestra alianza comercial META &#8220;Modelo Especializado en Tecnolog\u00eda Aduanera&#8221;, los temas que conformaron el temario de la conferencia fueron: Errores comunes y mejores practicas para el cumplimiento del Anexo 24, impartido por LCNI. Karla Mart\u00ednez, Herramientas de Administraci\u00f3n del Expediente Electr\u00f3nico \/ Digital, por LCI. Fred Castro, para concluir la conferencia, el LIC Luis Sahag\u00fan de TRC Group, expuso el tema &#8220;Aseguramiento legal de Activos fijos&#8221;.<\/p>\n<p>&nbsp;<\/p>\n<p><img loading=\"lazy\" decoding=\"async\" class=\"alignnone size-large wp-image-3647\" src=\"http:\/\/www.campa.com.mx\/site\/wp-content\/uploads\/2018\/10\/evento-comercio-exterior-1024x769.png\" alt=\"\" width=\"1024\" height=\"769\" srcset=\"https:\/\/www.campa.com.mx\/site\/wp-content\/uploads\/2018\/10\/evento-comercio-exterior-1024x769.png 1024w, https:\/\/www.campa.com.mx\/site\/wp-content\/uploads\/2018\/10\/evento-comercio-exterior-300x225.png 300w, https:\/\/www.campa.com.mx\/site\/wp-content\/uploads\/2018\/10\/evento-comercio-exterior-768x577.png 768w, https:\/\/www.campa.com.mx\/site\/wp-content\/uploads\/2018\/10\/evento-comercio-exterior.png 1248w\" sizes=\"auto, (max-width: 1024px) 100vw, 1024px\" \/> <img loading=\"lazy\" decoding=\"async\" class=\"alignnone size-large wp-image-3648\" src=\"http:\/\/www.campa.com.mx\/site\/wp-content\/uploads\/2018\/10\/evento-comercio-exterior1-1024x766.png\" alt=\"\" width=\"1024\" height=\"766\" srcset=\"https:\/\/www.campa.com.mx\/site\/wp-content\/uploads\/2018\/10\/evento-comercio-exterior1-1024x766.png 1024w, https:\/\/www.campa.com.mx\/site\/wp-content\/uploads\/2018\/10\/evento-comercio-exterior1-300x225.png 300w, https:\/\/www.campa.com.mx\/site\/wp-content\/uploads\/2018\/10\/evento-comercio-exterior1-768x575.png 768w, https:\/\/www.campa.com.mx\/site\/wp-content\/uploads\/2018\/10\/evento-comercio-exterior1.png 1252w\" sizes=\"auto, (max-width: 1024px) 100vw, 1024px\" \/> <img loading=\"lazy\" decoding=\"async\" class=\"alignnone size-large wp-image-3649\" src=\"http:\/\/www.campa.com.mx\/site\/wp-content\/uploads\/2018\/10\/evento-comercio-exterior2-1024x768.png\" alt=\"\" width=\"1024\" height=\"768\" srcset=\"https:\/\/www.campa.com.mx\/site\/wp-content\/uploads\/2018\/10\/evento-comercio-exterior2-1024x768.png 1024w, https:\/\/www.campa.com.mx\/site\/wp-content\/uploads\/2018\/10\/evento-comercio-exterior2-300x225.png 300w, https:\/\/www.campa.com.mx\/site\/wp-content\/uploads\/2018\/10\/evento-comercio-exterior2-768x576.png 768w, https:\/\/www.campa.com.mx\/site\/wp-content\/uploads\/2018\/10\/evento-comercio-exterior2.png 1251w\" sizes=\"auto, (max-width: 1024px) 100vw, 1024px\" \/> <img loading=\"lazy\" decoding=\"async\" class=\"alignnone size-large wp-image-3650\" src=\"http:\/\/www.campa.com.mx\/site\/wp-content\/uploads\/2018\/10\/evento-comercio-exterior3-1024x765.png\" alt=\"\" width=\"1024\" height=\"765\" srcset=\"https:\/\/www.campa.com.mx\/site\/wp-content\/uploads\/2018\/10\/evento-comercio-exterior3-1024x765.png 1024w, https:\/\/www.campa.com.mx\/site\/wp-content\/uploads\/2018\/10\/evento-comercio-exterior3-300x224.png 300w, https:\/\/www.campa.com.mx\/site\/wp-content\/uploads\/2018\/10\/evento-comercio-exterior3-768x574.png 768w, https:\/\/www.campa.com.mx\/site\/wp-content\/uploads\/2018\/10\/evento-comercio-exterior3.png 1255w\" sizes=\"auto, (max-width: 1024px) 100vw, 1024px\" \/> <img loading=\"lazy\" decoding=\"async\" class=\"alignnone size-large wp-image-3651\" src=\"http:\/\/www.campa.com.mx\/site\/wp-content\/uploads\/2018\/10\/evento-comercio-exterior4-1024x773.png\" alt=\"\" width=\"1024\" height=\"773\" srcset=\"https:\/\/www.campa.com.mx\/site\/wp-content\/uploads\/2018\/10\/evento-comercio-exterior4-1024x773.png 1024w, https:\/\/www.campa.com.mx\/site\/wp-content\/uploads\/2018\/10\/evento-comercio-exterior4-300x227.png 300w, https:\/\/www.campa.com.mx\/site\/wp-content\/uploads\/2018\/10\/evento-comercio-exterior4-768x580.png 768w, https:\/\/www.campa.com.mx\/site\/wp-content\/uploads\/2018\/10\/evento-comercio-exterior4.png 1246w\" sizes=\"auto, (max-width: 1024px) 100vw, 1024px\" \/> <img loading=\"lazy\" decoding=\"async\" class=\"alignnone size-large wp-image-3652\" src=\"http:\/\/www.campa.com.mx\/site\/wp-content\/uploads\/2018\/10\/evento-comercio-exterior5-1024x767.png\" alt=\"\" width=\"1024\" height=\"767\" srcset=\"https:\/\/www.campa.com.mx\/site\/wp-content\/uploads\/2018\/10\/evento-comercio-exterior5-1024x767.png 1024w, https:\/\/www.campa.com.mx\/site\/wp-content\/uploads\/2018\/10\/evento-comercio-exterior5-300x225.png 300w, https:\/\/www.campa.com.mx\/site\/wp-content\/uploads\/2018\/10\/evento-comercio-exterior5-768x575.png 768w, https:\/\/www.campa.com.mx\/site\/wp-content\/uploads\/2018\/10\/evento-comercio-exterior5.png 1251w\" sizes=\"auto, (max-width: 1024px) 100vw, 1024px\" \/> <img loading=\"lazy\" decoding=\"async\" class=\"alignnone size-large wp-image-3653\" src=\"http:\/\/www.campa.com.mx\/site\/wp-content\/uploads\/2018\/10\/evento-comercio-exterior6-1024x766.png\" alt=\"\" width=\"1024\" height=\"766\" srcset=\"https:\/\/www.campa.com.mx\/site\/wp-content\/uploads\/2018\/10\/evento-comercio-exterior6-1024x766.png 1024w, https:\/\/www.campa.com.mx\/site\/wp-content\/uploads\/2018\/10\/evento-comercio-exterior6-300x225.png 300w, https:\/\/www.campa.com.mx\/site\/wp-content\/uploads\/2018\/10\/evento-comercio-exterior6-768x575.png 768w, https:\/\/www.campa.com.mx\/site\/wp-content\/uploads\/2018\/10\/evento-comercio-exterior6.png 1252w\" sizes=\"auto, (max-width: 1024px) 100vw, 1024px\" \/> <img loading=\"lazy\" decoding=\"async\" class=\"alignnone size-large wp-image-3654\" src=\"http:\/\/www.campa.com.mx\/site\/wp-content\/uploads\/2018\/10\/evento-comercio-exterior8-1024x760.png\" alt=\"\" width=\"1024\" height=\"760\" srcset=\"https:\/\/www.campa.com.mx\/site\/wp-content\/uploads\/2018\/10\/evento-comercio-exterior8-1024x760.png 1024w, https:\/\/www.campa.com.mx\/site\/wp-content\/uploads\/2018\/10\/evento-comercio-exterior8-300x223.png 300w, https:\/\/www.campa.com.mx\/site\/wp-content\/uploads\/2018\/10\/evento-comercio-exterior8-768x570.png 768w, https:\/\/www.campa.com.mx\/site\/wp-content\/uploads\/2018\/10\/evento-comercio-exterior8.png 1250w\" sizes=\"auto, (max-width: 1024px) 100vw, 1024px\" \/> <img loading=\"lazy\" decoding=\"async\" class=\"alignnone size-large wp-image-3655\" src=\"http:\/\/www.campa.com.mx\/site\/wp-content\/uploads\/2018\/10\/evento-comercio-exterior9-1024x767.png\" alt=\"\" width=\"1024\" height=\"767\" srcset=\"https:\/\/www.campa.com.mx\/site\/wp-content\/uploads\/2018\/10\/evento-comercio-exterior9-1024x767.png 1024w, https:\/\/www.campa.com.mx\/site\/wp-content\/uploads\/2018\/10\/evento-comercio-exterior9-300x225.png 300w, https:\/\/www.campa.com.mx\/site\/wp-content\/uploads\/2018\/10\/evento-comercio-exterior9-768x575.png 768w, https:\/\/www.campa.com.mx\/site\/wp-content\/uploads\/2018\/10\/evento-comercio-exterior9.png 1253w\" sizes=\"auto, (max-width: 1024px) 100vw, 1024px\" \/> <img loading=\"lazy\" decoding=\"async\" class=\"alignnone size-large wp-image-3656\" src=\"http:\/\/www.campa.com.mx\/site\/wp-content\/uploads\/2018\/10\/evento-comercio-exterior10-1024x764.png\" alt=\"\" width=\"1024\" height=\"764\" srcset=\"https:\/\/www.campa.com.mx\/site\/wp-content\/uploads\/2018\/10\/evento-comercio-exterior10-1024x764.png 1024w, https:\/\/www.campa.com.mx\/site\/wp-content\/uploads\/2018\/10\/evento-comercio-exterior10-300x224.png 300w, https:\/\/www.campa.com.mx\/site\/wp-content\/uploads\/2018\/10\/evento-comercio-exterior10-768x573.png 768w, https:\/\/www.campa.com.mx\/site\/wp-content\/uploads\/2018\/10\/evento-comercio-exterior10.png 1252w\" sizes=\"auto, (max-width: 1024px) 100vw, 1024px\" \/> <img loading=\"lazy\" decoding=\"async\" class=\"alignnone size-large wp-image-3657\" src=\"http:\/\/www.campa.com.mx\/site\/wp-content\/uploads\/2018\/10\/evento-comercio-exterior11-1024x765.png\" alt=\"\" width=\"1024\" height=\"765\" srcset=\"https:\/\/www.campa.com.mx\/site\/wp-content\/uploads\/2018\/10\/evento-comercio-exterior11-1024x765.png 1024w, https:\/\/www.campa.com.mx\/site\/wp-content\/uploads\/2018\/10\/evento-comercio-exterior11-300x224.png 300w, https:\/\/www.campa.com.mx\/site\/wp-content\/uploads\/2018\/10\/evento-comercio-exterior11-768x574.png 768w, https:\/\/www.campa.com.mx\/site\/wp-content\/uploads\/2018\/10\/evento-comercio-exterior11.png 1253w\" sizes=\"auto, (max-width: 1024px) 100vw, 1024px\" \/> <img loading=\"lazy\" decoding=\"async\" class=\"alignnone size-large wp-image-3658\" src=\"http:\/\/www.campa.com.mx\/site\/wp-content\/uploads\/2018\/10\/evento-comercio-exterior12-1024x767.png\" alt=\"\" width=\"1024\" height=\"767\" srcset=\"https:\/\/www.campa.com.mx\/site\/wp-content\/uploads\/2018\/10\/evento-comercio-exterior12-1024x767.png 1024w, https:\/\/www.campa.com.mx\/site\/wp-content\/uploads\/2018\/10\/evento-comercio-exterior12-300x225.png 300w, https:\/\/www.campa.com.mx\/site\/wp-content\/uploads\/2018\/10\/evento-comercio-exterior12-768x576.png 768w, https:\/\/www.campa.com.mx\/site\/wp-content\/uploads\/2018\/10\/evento-comercio-exterior12.png 1253w\" sizes=\"auto, (max-width: 1024px) 100vw, 1024px\" \/> <img loading=\"lazy\" decoding=\"async\" class=\"alignnone size-large wp-image-3659\" src=\"http:\/\/www.campa.com.mx\/site\/wp-content\/uploads\/2018\/10\/evento-comercio-exterior13-1024x767.png\" alt=\"\" width=\"1024\" height=\"767\" srcset=\"https:\/\/www.campa.com.mx\/site\/wp-content\/uploads\/2018\/10\/evento-comercio-exterior13-1024x767.png 1024w, https:\/\/www.campa.com.mx\/site\/wp-content\/uploads\/2018\/10\/evento-comercio-exterior13-300x225.png 300w, https:\/\/www.campa.com.mx\/site\/wp-content\/uploads\/2018\/10\/evento-comercio-exterior13-768x575.png 768w, https:\/\/www.campa.com.mx\/site\/wp-content\/uploads\/2018\/10\/evento-comercio-exterior13.png 1252w\" sizes=\"auto, (max-width: 1024px) 100vw, 1024px\" \/> <img loading=\"lazy\" decoding=\"async\" class=\"alignnone size-large wp-image-3660\" src=\"http:\/\/www.campa.com.mx\/site\/wp-content\/uploads\/2018\/10\/evento-comercio-exterior14-1024x766.png\" alt=\"\" width=\"1024\" height=\"766\" srcset=\"https:\/\/www.campa.com.mx\/site\/wp-content\/uploads\/2018\/10\/evento-comercio-exterior14-1024x766.png 1024w, https:\/\/www.campa.com.mx\/site\/wp-content\/uploads\/2018\/10\/evento-comercio-exterior14-300x224.png 300w, https:\/\/www.campa.com.mx\/site\/wp-content\/uploads\/2018\/10\/evento-comercio-exterior14-768x575.png 768w, https:\/\/www.campa.com.mx\/site\/wp-content\/uploads\/2018\/10\/evento-comercio-exterior14.png 1255w\" sizes=\"auto, (max-width: 1024px) 100vw, 1024px\" \/> <img loading=\"lazy\" decoding=\"async\" class=\"alignnone size-large wp-image-3661\" src=\"http:\/\/www.campa.com.mx\/site\/wp-content\/uploads\/2018\/10\/evento-comercio-exterior15-1024x765.png\" alt=\"\" width=\"1024\" height=\"765\" srcset=\"https:\/\/www.campa.com.mx\/site\/wp-content\/uploads\/2018\/10\/evento-comercio-exterior15-1024x765.png 1024w, https:\/\/www.campa.com.mx\/site\/wp-content\/uploads\/2018\/10\/evento-comercio-exterior15-300x224.png 300w, https:\/\/www.campa.com.mx\/site\/wp-content\/uploads\/2018\/10\/evento-comercio-exterior15-768x574.png 768w, https:\/\/www.campa.com.mx\/site\/wp-content\/uploads\/2018\/10\/evento-comercio-exterior15.png 1254w\" sizes=\"auto, (max-width: 1024px) 100vw, 1024px\" \/><\/p>\n","protected":false},"excerpt":{"rendered":"<p>El pasado 16 de Octubre se llevo acabo la Conferencia &#8220;Taller de Actualizaci\u00f3n en Comercio Exterior 2018&#8221; dicho evento tuvo lugar en las instalaciones de Encor Hotel, ubicado en Villa de Pozos, San lu\u00eds Potos\u00ed. El evento fue organizado por [&hellip;]<\/p>\n","protected":false},"author":1,"featured_media":3647,"comment_status":"open","ping_status":"open","sticky":false,"template":"","format":"standard","meta":{"inline_featured_image":false,"_jetpack_memberships_contains_paid_content":false,"footnotes":""},"categories":[1],"tags":[],"class_list":["post-3646","post","type-post","status-publish","format-standard","has-post-thumbnail","hentry","category-campa"],"yoast_head":"<!-- This site is optimized with the Yoast SEO plugin v20.9 - https:\/\/yoast.com\/wordpress\/plugins\/seo\/ -->\n<title>Conferencia:\u00a0&quot;Taller de Actualizaci\u00f3n en Comercio Exterior 2018&quot; - Campa<\/title>\n<meta name=\"robots\" content=\"index, follow, max-snippet:-1, max-image-preview:large, max-video-preview:-1\" \/>\n<link rel=\"canonical\" href=\"https:\/\/www.campa.com.mx\/site\/conferencia-taller-de-actualizacion-en-comercio-exterior-2018-2\/\" \/>\n<meta property=\"og:locale\" content=\"es_ES\" \/>\n<meta property=\"og:type\" content=\"article\" \/>\n<meta property=\"og:title\" content=\"Conferencia:\u00a0&quot;Taller de Actualizaci\u00f3n en Comercio Exterior 2018&quot; - Campa\" \/>\n<meta property=\"og:description\" content=\"El pasado 16 de Octubre se llevo acabo la Conferencia &#8220;Taller de Actualizaci\u00f3n en Comercio Exterior 2018&#8221; dicho evento tuvo lugar en las instalaciones de Encor Hotel, ubicado en Villa de Pozos, San lu\u00eds Potos\u00ed. El evento fue organizado por [&hellip;]\" \/>\n<meta property=\"og:url\" content=\"https:\/\/www.campa.com.mx\/site\/conferencia-taller-de-actualizacion-en-comercio-exterior-2018-2\/\" \/>\n<meta property=\"og:site_name\" content=\"Campa\" \/>\n<meta property=\"article:publisher\" content=\"https:\/\/www.facebook.com\/MovimientoAnexo24\" \/>\n<meta property=\"article:published_time\" content=\"2018-10-23T17:22:08+00:00\" \/>\n<meta property=\"article:modified_time\" content=\"2018-10-24T14:16:27+00:00\" \/>\n<meta property=\"og:image\" content=\"https:\/\/www.campa.com.mx\/site\/wp-content\/uploads\/2018\/10\/evento-comercio-exterior.png\" \/>\n\t<meta property=\"og:image:width\" content=\"1248\" \/>\n\t<meta property=\"og:image:height\" content=\"937\" \/>\n\t<meta property=\"og:image:type\" content=\"image\/png\" \/>\n<meta name=\"author\" content=\"campa\" \/>\n<meta name=\"twitter:card\" content=\"summary_large_image\" \/>\n<meta name=\"twitter:creator\" content=\"@artycampa\" \/>\n<meta name=\"twitter:site\" content=\"@artycampa\" \/>\n<meta name=\"twitter:label1\" content=\"Escrito por\" \/>\n\t<meta name=\"twitter:data1\" content=\"campa\" \/>\n\t<meta name=\"twitter:label2\" content=\"Tiempo de lectura\" \/>\n\t<meta name=\"twitter:data2\" content=\"1 minuto\" \/>\n<script type=\"application\/ld+json\" class=\"yoast-schema-graph\">{\"@context\":\"https:\/\/schema.org\",\"@graph\":[{\"@type\":\"WebPage\",\"@id\":\"https:\/\/www.campa.com.mx\/site\/conferencia-taller-de-actualizacion-en-comercio-exterior-2018-2\/\",\"url\":\"https:\/\/www.campa.com.mx\/site\/conferencia-taller-de-actualizacion-en-comercio-exterior-2018-2\/\",\"name\":\"Conferencia:\u00a0\\\"Taller de Actualizaci\u00f3n en Comercio Exterior 2018\\\" - Campa\",\"isPartOf\":{\"@id\":\"https:\/\/www.campa.com.mx\/site\/#website\"},\"datePublished\":\"2018-10-23T17:22:08+00:00\",\"dateModified\":\"2018-10-24T14:16:27+00:00\",\"author\":{\"@id\":\"https:\/\/www.campa.com.mx\/site\/#\/schema\/person\/5bf1874b81661ed013f5aa29df30761c\"},\"breadcrumb\":{\"@id\":\"https:\/\/www.campa.com.mx\/site\/conferencia-taller-de-actualizacion-en-comercio-exterior-2018-2\/#breadcrumb\"},\"inLanguage\":\"es\",\"potentialAction\":[{\"@type\":\"ReadAction\",\"target\":[\"https:\/\/www.campa.com.mx\/site\/conferencia-taller-de-actualizacion-en-comercio-exterior-2018-2\/\"]}]},{\"@type\":\"BreadcrumbList\",\"@id\":\"https:\/\/www.campa.com.mx\/site\/conferencia-taller-de-actualizacion-en-comercio-exterior-2018-2\/#breadcrumb\",\"itemListElement\":[{\"@type\":\"ListItem\",\"position\":1,\"name\":\"Portada\",\"item\":\"https:\/\/www.campa.com.mx\/site\/\"},{\"@type\":\"ListItem\",\"position\":2,\"name\":\"Conferencia:\u00a0&#8220;Taller de Actualizaci\u00f3n en Comercio Exterior 2018&#8221;\"}]},{\"@type\":\"WebSite\",\"@id\":\"https:\/\/www.campa.com.mx\/site\/#website\",\"url\":\"https:\/\/www.campa.com.mx\/site\/\",\"name\":\"Campa\",\"description\":\"Tecnolog\u00eda - Comercio Exterior - Servicios\",\"potentialAction\":[{\"@type\":\"SearchAction\",\"target\":{\"@type\":\"EntryPoint\",\"urlTemplate\":\"https:\/\/www.campa.com.mx\/site\/?s={search_term_string}\"},\"query-input\":\"required name=search_term_string\"}],\"inLanguage\":\"es\"},{\"@type\":\"Person\",\"@id\":\"https:\/\/www.campa.com.mx\/site\/#\/schema\/person\/5bf1874b81661ed013f5aa29df30761c\",\"name\":\"campa\",\"image\":{\"@type\":\"ImageObject\",\"inLanguage\":\"es\",\"@id\":\"https:\/\/www.campa.com.mx\/site\/#\/schema\/person\/image\/\",\"url\":\"https:\/\/secure.gravatar.com\/avatar\/921e6e5cffb9d78857948e938192591b9fd4168d0b55cc795582b49d9dc52bb1?s=96&d=mm&r=g\",\"contentUrl\":\"https:\/\/secure.gravatar.com\/avatar\/921e6e5cffb9d78857948e938192591b9fd4168d0b55cc795582b49d9dc52bb1?s=96&d=mm&r=g\",\"caption\":\"campa\"}}]}<\/script>\n<!-- \/ Yoast SEO plugin. -->","yoast_head_json":{"title":"Conferencia:\u00a0\"Taller de Actualizaci\u00f3n en Comercio Exterior 2018\" - Campa","robots":{"index":"index","follow":"follow","max-snippet":"max-snippet:-1","max-image-preview":"max-image-preview:large","max-video-preview":"max-video-preview:-1"},"canonical":"https:\/\/www.campa.com.mx\/site\/conferencia-taller-de-actualizacion-en-comercio-exterior-2018-2\/","og_locale":"es_ES","og_type":"article","og_title":"Conferencia:\u00a0\"Taller de Actualizaci\u00f3n en Comercio Exterior 2018\" - Campa","og_description":"El pasado 16 de Octubre se llevo acabo la Conferencia &#8220;Taller de Actualizaci\u00f3n en Comercio Exterior 2018&#8221; dicho evento tuvo lugar en las instalaciones de Encor Hotel, ubicado en Villa de Pozos, San lu\u00eds Potos\u00ed. El evento fue organizado por [&hellip;]","og_url":"https:\/\/www.campa.com.mx\/site\/conferencia-taller-de-actualizacion-en-comercio-exterior-2018-2\/","og_site_name":"Campa","article_publisher":"https:\/\/www.facebook.com\/MovimientoAnexo24","article_published_time":"2018-10-23T17:22:08+00:00","article_modified_time":"2018-10-24T14:16:27+00:00","og_image":[{"width":1248,"height":937,"url":"https:\/\/www.campa.com.mx\/site\/wp-content\/uploads\/2018\/10\/evento-comercio-exterior.png","type":"image\/png"}],"author":"campa","twitter_card":"summary_large_image","twitter_creator":"@artycampa","twitter_site":"@artycampa","twitter_misc":{"Escrito por":"campa","Tiempo de lectura":"1 minuto"},"schema":{"@context":"https:\/\/schema.org","@graph":[{"@type":"WebPage","@id":"https:\/\/www.campa.com.mx\/site\/conferencia-taller-de-actualizacion-en-comercio-exterior-2018-2\/","url":"https:\/\/www.campa.com.mx\/site\/conferencia-taller-de-actualizacion-en-comercio-exterior-2018-2\/","name":"Conferencia:\u00a0\"Taller de Actualizaci\u00f3n en Comercio Exterior 2018\" - Campa","isPartOf":{"@id":"https:\/\/www.campa.com.mx\/site\/#website"},"datePublished":"2018-10-23T17:22:08+00:00","dateModified":"2018-10-24T14:16:27+00:00","author":{"@id":"https:\/\/www.campa.com.mx\/site\/#\/schema\/person\/5bf1874b81661ed013f5aa29df30761c"},"breadcrumb":{"@id":"https:\/\/www.campa.com.mx\/site\/conferencia-taller-de-actualizacion-en-comercio-exterior-2018-2\/#breadcrumb"},"inLanguage":"es","potentialAction":[{"@type":"ReadAction","target":["https:\/\/www.campa.com.mx\/site\/conferencia-taller-de-actualizacion-en-comercio-exterior-2018-2\/"]}]},{"@type":"BreadcrumbList","@id":"https:\/\/www.campa.com.mx\/site\/conferencia-taller-de-actualizacion-en-comercio-exterior-2018-2\/#breadcrumb","itemListElement":[{"@type":"ListItem","position":1,"name":"Portada","item":"https:\/\/www.campa.com.mx\/site\/"},{"@type":"ListItem","position":2,"name":"Conferencia:\u00a0&#8220;Taller de Actualizaci\u00f3n en Comercio Exterior 2018&#8221;"}]},{"@type":"WebSite","@id":"https:\/\/www.campa.com.mx\/site\/#website","url":"https:\/\/www.campa.com.mx\/site\/","name":"Campa","description":"Tecnolog\u00eda - Comercio Exterior - Servicios","potentialAction":[{"@type":"SearchAction","target":{"@type":"EntryPoint","urlTemplate":"https:\/\/www.campa.com.mx\/site\/?s={search_term_string}"},"query-input":"required name=search_term_string"}],"inLanguage":"es"},{"@type":"Person","@id":"https:\/\/www.campa.com.mx\/site\/#\/schema\/person\/5bf1874b81661ed013f5aa29df30761c","name":"campa","image":{"@type":"ImageObject","inLanguage":"es","@id":"https:\/\/www.campa.com.mx\/site\/#\/schema\/person\/image\/","url":"https:\/\/secure.gravatar.com\/avatar\/921e6e5cffb9d78857948e938192591b9fd4168d0b55cc795582b49d9dc52bb1?s=96&d=mm&r=g","contentUrl":"https:\/\/secure.gravatar.com\/avatar\/921e6e5cffb9d78857948e938192591b9fd4168d0b55cc795582b49d9dc52bb1?s=96&d=mm&r=g","caption":"campa"}}]}},"jetpack_featured_media_url":"https:\/\/www.campa.com.mx\/site\/wp-content\/uploads\/2018\/10\/evento-comercio-exterior.png","jetpack_sharing_enabled":true,"_links":{"self":[{"href":"https:\/\/www.campa.com.mx\/site\/wp-json\/wp\/v2\/posts\/3646","targetHints":{"allow":["GET"]}}],"collection":[{"href":"https:\/\/www.campa.com.mx\/site\/wp-json\/wp\/v2\/posts"}],"about":[{"href":"https:\/\/www.campa.com.mx\/site\/wp-json\/wp\/v2\/types\/post"}],"author":[{"embeddable":true,"href":"https:\/\/www.campa.com.mx\/site\/wp-json\/wp\/v2\/users\/1"}],"replies":[{"embeddable":true,"href":"https:\/\/www.campa.com.mx\/site\/wp-json\/wp\/v2\/comments?post=3646"}],"version-history":[{"count":2,"href":"https:\/\/www.campa.com.mx\/site\/wp-json\/wp\/v2\/posts\/3646\/revisions"}],"predecessor-version":[{"id":3663,"href":"https:\/\/www.campa.com.mx\/site\/wp-json\/wp\/v2\/posts\/3646\/revisions\/3663"}],"wp:featuredmedia":[{"embeddable":true,"href":"https:\/\/www.campa.com.mx\/site\/wp-json\/wp\/v2\/media\/3647"}],"wp:attachment":[{"href":"https:\/\/www.campa.com.mx\/site\/wp-json\/wp\/v2\/media?parent=3646"}],"wp:term":[{"taxonomy":"category","embeddable":true,"href":"https:\/\/www.campa.com.mx\/site\/wp-json\/wp\/v2\/categories?post=3646"},{"taxonomy":"post_tag","embeddable":true,"href":"https:\/\/www.campa.com.mx\/site\/wp-json\/wp\/v2\/tags?post=3646"}],"curies":[{"name":"wp","href":"https:\/\/api.w.org\/{rel}","templated":true}]}}