{"id":3690,"date":"2019-07-17T10:43:41","date_gmt":"2019-07-17T15:43:41","guid":{"rendered":"http:\/\/www.campa.com.mx\/site\/?p=3690"},"modified":"2019-07-17T10:47:43","modified_gmt":"2019-07-17T15:47:43","slug":"conferencia-de-comercio-exterior-2018-19","status":"publish","type":"post","link":"https:\/\/www.campa.com.mx\/site\/conferencia-de-comercio-exterior-2018-19\/","title":{"rendered":"Conferencia de Comercio Exterior 2018-19"},"content":{"rendered":"<p><img loading=\"lazy\" decoding=\"async\" class=\"size-large wp-image-4477 aligncenter\" src=\"http:\/\/www.campa.com.mx\/site\/wp-content\/uploads\/2018\/11\/CICLO-DE-TALLERS-654x1024.jpg\" alt=\"\" width=\"654\" height=\"1024\" srcset=\"https:\/\/www.campa.com.mx\/site\/wp-content\/uploads\/2018\/11\/CICLO-DE-TALLERS-654x1024.jpg 654w, https:\/\/www.campa.com.mx\/site\/wp-content\/uploads\/2018\/11\/CICLO-DE-TALLERS-192x300.jpg 192w, https:\/\/www.campa.com.mx\/site\/wp-content\/uploads\/2018\/11\/CICLO-DE-TALLERS-768x1203.jpg 768w, https:\/\/www.campa.com.mx\/site\/wp-content\/uploads\/2018\/11\/CICLO-DE-TALLERS.jpg 1000w\" sizes=\"auto, (max-width: 654px) 100vw, 654px\" \/><\/p>\n<p>&nbsp;<\/p>\n<p style=\"font-weight: 400;\">Con el fin de que las empresas de la Industria Manufacturera, Maquiladora y Servicios de Exportaci\u00f3n (IMMEX) tengan mejores pr\u00e1cticas aduanales tres empresas especializadas, ICLawyers, META, CAMPA, as\u00ed como la American Chamber of Commerce of Commerce realizaron un ciclo de talleres en Silao, Guadalajara, San Luis Potos\u00ed y Quer\u00e9taro.<\/p>\n<p style=\"font-weight: 400;\">El Lic. Cuauhtli Calder\u00f3n, Director General de CAMPA comenta \u201cEste curso fue creado con la intenci\u00f3n de brindar una asesor\u00eda puntual y efectiva a todos los participantes desde el punto de vista de 3 de las entidades fundamentales para las empresas IMMEX y Certificadas en materia de IVA e IEPS en M\u00e9xico que son el agente aduanal, el consultor en comercio exterior y el desarrollador del software y especialista en el Anexo 24.<\/p>\n<p><img loading=\"lazy\" decoding=\"async\" class=\" wp-image-4455 aligncenter\" src=\"http:\/\/www.campa.com.mx\/site\/wp-content\/uploads\/2018\/11\/grafico-1024x620.png\" alt=\"\" width=\"856\" height=\"518\" srcset=\"https:\/\/www.campa.com.mx\/site\/wp-content\/uploads\/2018\/11\/grafico-1024x620.png 1024w, https:\/\/www.campa.com.mx\/site\/wp-content\/uploads\/2018\/11\/grafico-300x182.png 300w, https:\/\/www.campa.com.mx\/site\/wp-content\/uploads\/2018\/11\/grafico-768x465.png 768w, https:\/\/www.campa.com.mx\/site\/wp-content\/uploads\/2018\/11\/grafico.png 1288w\" sizes=\"auto, (max-width: 856px) 100vw, 856px\" \/><\/p>\n<p style=\"font-weight: 400;\">Por su parte el Lic. Fred Castro, ejecutivo comercial de CAMPA y especialista en Auditor\u00edas invito a los participantes de cada evento a aprovechar el foro para compartir en tiempo real sus conocimientos y experiencias en auditorias de Anexo 24 por parte del SAT, as\u00ed como de las Secretarias de Finanzas de los Gobiernos de los Estados, que cuentan con un Convenio de Colaboraci\u00f3n Administrativa en Materia Fiscal Federal (Anexo\u00a0 8) y de esta manera observar desde distintos \u00e1ngulos sus formas de actuar. As\u00ed los participantes ver\u00edan hasta d\u00f3nde puede llegar la autoridad y visualizaran un panorama m\u00e1s amplio, con el cual sabr\u00e1n actuar en caso de alguna revisi\u00f3n.<\/p>\n<p style=\"font-weight: 400;\">Roberto Carlos Salazar Gonz\u00e1lez, socio de ICLawyers, detall\u00f3 parte de la capacitaci\u00f3n gratuita que tuvieron con empresas del ramo en el Hotel Presidente Intercontinental.<\/p>\n<p>\u201cEstamos totalmente relacionados (en pr\u00e1cticas aduanales) para que los empresarios tengan alternativas para buscar la mejor opci\u00f3n y en su momento pagar lo menos posible acorde a la ley o en su defecto no pagar contribuciones\u201d, coment\u00f3.<\/p>\n<p>Salazar Gonz\u00e1lez explic\u00f3 una estrategia para que legalmente las IMMEX de Jalisco importen su materia prima de Asia sin el cargo de impuestos y, destac\u00f3, las fortalezas de las compa\u00f1\u00edas del Estado.<\/p>\n<p>\u201cLa industria, de manera muy particular aqu\u00ed en Jalisco, es muy diversa, encontramos empresas del sector automotriz y del sector aeron\u00e1utico, el\u00e9ctrico y electr\u00f3nico, sin duda a la gran mayor\u00eda les impacta el tener que importar bienes por costo de pa\u00edses de Asia con los cuales no se tiene ning\u00fan Tratado de Libre Comercio y por consiguiente, tiene un impuesto a la importaci\u00f3n, el mercado natural sigue siendo Estados Unidos y Canad\u00e1, lo que hablamos aqu\u00ed es que el programa IMMEX se vincula con el programa que se llama PROSEC, para efectos de reducir el impuesto de importaci\u00f3n en el entendido de que el programa PROSEC se enfoca \u00fanicamente a empresas productoras, la gran mayor\u00eda fabrica y pueden combinar esos programas para que a pesar de importar de pa\u00edses de Asia donde no hay Tratado, el impuesto de importaci\u00f3n se elimine y ya no tengan una contingencia fiscal\u201d, manifest\u00f3.<\/p>\n<p>V\u00edctor de la Vega Proal, socio director de desarrollo de negocios Modelo Especializado en Tecnolog\u00eda Aduanera (META) y Corporativo Aduanal Especializado (CAE), quien tambi\u00e9n fue ponente en el taller, explic\u00f3 a los asistentes como tener mejores pr\u00e1cticas aduanales.<\/p>\n<p>\u201cEs darles a conocer a las diferentes empresas, los detalles, los tips y las mejores pr\u00e1cticas en el mundo del cumplimiento legal para que ellos tengan sus empresas en orden y en total apego a la normatividad aduanera; se trata de una actualizaci\u00f3n permanente para todos nuestros clientes, lo que buscamos es que las empresas sepan en todo momento que cumplan con sus obligaciones, nos hemos dado cuenta que los principales errores de las compa\u00f1\u00edas es por falta de procedimiento administrativo, por falta de conocimiento legal y t\u00e9cnico, es b\u00e1sicamente ese tema\u201d, sentenci\u00f3.<\/p>\n<p>&nbsp;<\/p>\n<p><img loading=\"lazy\" decoding=\"async\" class=\"alignnone size-large wp-image-4472\" src=\"http:\/\/www.campa.com.mx\/site\/wp-content\/uploads\/2018\/11\/WhatsApp-Image-2019-07-12-at-1.44.09-PM-1024x575.jpeg\" alt=\"\" width=\"1024\" height=\"575\" srcset=\"https:\/\/www.campa.com.mx\/site\/wp-content\/uploads\/2018\/11\/WhatsApp-Image-2019-07-12-at-1.44.09-PM-1024x575.jpeg 1024w, https:\/\/www.campa.com.mx\/site\/wp-content\/uploads\/2018\/11\/WhatsApp-Image-2019-07-12-at-1.44.09-PM-300x169.jpeg 300w, https:\/\/www.campa.com.mx\/site\/wp-content\/uploads\/2018\/11\/WhatsApp-Image-2019-07-12-at-1.44.09-PM-768x431.jpeg 768w, https:\/\/www.campa.com.mx\/site\/wp-content\/uploads\/2018\/11\/WhatsApp-Image-2019-07-12-at-1.44.09-PM.jpeg 1280w\" sizes=\"auto, (max-width: 1024px) 100vw, 1024px\" \/> <img loading=\"lazy\" decoding=\"async\" class=\"alignnone size-large wp-image-4476\" src=\"http:\/\/www.campa.com.mx\/site\/wp-content\/uploads\/2018\/11\/WhatsApp-Image-2019-07-12-at-1.45.40-PM-768x1024.jpeg\" alt=\"\" width=\"768\" height=\"1024\" srcset=\"https:\/\/www.campa.com.mx\/site\/wp-content\/uploads\/2018\/11\/WhatsApp-Image-2019-07-12-at-1.45.40-PM-768x1024.jpeg 768w, https:\/\/www.campa.com.mx\/site\/wp-content\/uploads\/2018\/11\/WhatsApp-Image-2019-07-12-at-1.45.40-PM-225x300.jpeg 225w, https:\/\/www.campa.com.mx\/site\/wp-content\/uploads\/2018\/11\/WhatsApp-Image-2019-07-12-at-1.45.40-PM.jpeg 960w\" sizes=\"auto, (max-width: 768px) 100vw, 768px\" \/> <img loading=\"lazy\" decoding=\"async\" class=\"alignnone size-large wp-image-4471\" src=\"http:\/\/www.campa.com.mx\/site\/wp-content\/uploads\/2018\/11\/WhatsApp-Image-2019-07-12-at-1.43.47-PM1-1024x575.jpeg\" alt=\"\" width=\"1024\" height=\"575\" srcset=\"https:\/\/www.campa.com.mx\/site\/wp-content\/uploads\/2018\/11\/WhatsApp-Image-2019-07-12-at-1.43.47-PM1-1024x575.jpeg 1024w, https:\/\/www.campa.com.mx\/site\/wp-content\/uploads\/2018\/11\/WhatsApp-Image-2019-07-12-at-1.43.47-PM1-300x169.jpeg 300w, https:\/\/www.campa.com.mx\/site\/wp-content\/uploads\/2018\/11\/WhatsApp-Image-2019-07-12-at-1.43.47-PM1-768x431.jpeg 768w, https:\/\/www.campa.com.mx\/site\/wp-content\/uploads\/2018\/11\/WhatsApp-Image-2019-07-12-at-1.43.47-PM1.jpeg 1280w\" sizes=\"auto, (max-width: 1024px) 100vw, 1024px\" \/> <img loading=\"lazy\" decoding=\"async\" class=\"alignnone size-large wp-image-4469\" src=\"http:\/\/www.campa.com.mx\/site\/wp-content\/uploads\/2018\/11\/WhatsApp-Image-2019-07-12-at-1.43.45-PM-1024x575.jpeg\" alt=\"\" width=\"1024\" height=\"575\" srcset=\"https:\/\/www.campa.com.mx\/site\/wp-content\/uploads\/2018\/11\/WhatsApp-Image-2019-07-12-at-1.43.45-PM-1024x575.jpeg 1024w, https:\/\/www.campa.com.mx\/site\/wp-content\/uploads\/2018\/11\/WhatsApp-Image-2019-07-12-at-1.43.45-PM-300x169.jpeg 300w, https:\/\/www.campa.com.mx\/site\/wp-content\/uploads\/2018\/11\/WhatsApp-Image-2019-07-12-at-1.43.45-PM-768x431.jpeg 768w, https:\/\/www.campa.com.mx\/site\/wp-content\/uploads\/2018\/11\/WhatsApp-Image-2019-07-12-at-1.43.45-PM.jpeg 1280w\" sizes=\"auto, (max-width: 1024px) 100vw, 1024px\" \/> <img loading=\"lazy\" decoding=\"async\" class=\"alignnone size-large wp-image-4460\" src=\"http:\/\/www.campa.com.mx\/site\/wp-content\/uploads\/2018\/11\/WhatsApp-Image-2019-07-12-at-1.43.11-PM-768x1024.jpeg\" alt=\"\" width=\"768\" height=\"1024\" srcset=\"https:\/\/www.campa.com.mx\/site\/wp-content\/uploads\/2018\/11\/WhatsApp-Image-2019-07-12-at-1.43.11-PM-768x1024.jpeg 768w, https:\/\/www.campa.com.mx\/site\/wp-content\/uploads\/2018\/11\/WhatsApp-Image-2019-07-12-at-1.43.11-PM-225x300.jpeg 225w, https:\/\/www.campa.com.mx\/site\/wp-content\/uploads\/2018\/11\/WhatsApp-Image-2019-07-12-at-1.43.11-PM.jpeg 960w\" sizes=\"auto, (max-width: 768px) 100vw, 768px\" \/> <img loading=\"lazy\" decoding=\"async\" class=\"alignnone size-large wp-image-4463\" src=\"http:\/\/www.campa.com.mx\/site\/wp-content\/uploads\/2018\/11\/WhatsApp-Image-2019-07-12-at-1.43.13-PM-768x1024.jpeg\" alt=\"\" width=\"768\" height=\"1024\" srcset=\"https:\/\/www.campa.com.mx\/site\/wp-content\/uploads\/2018\/11\/WhatsApp-Image-2019-07-12-at-1.43.13-PM-768x1024.jpeg 768w, https:\/\/www.campa.com.mx\/site\/wp-content\/uploads\/2018\/11\/WhatsApp-Image-2019-07-12-at-1.43.13-PM-225x300.jpeg 225w, https:\/\/www.campa.com.mx\/site\/wp-content\/uploads\/2018\/11\/WhatsApp-Image-2019-07-12-at-1.43.13-PM.jpeg 960w\" sizes=\"auto, (max-width: 768px) 100vw, 768px\" \/> <img loading=\"lazy\" decoding=\"async\" class=\"alignnone size-large wp-image-4456\" src=\"http:\/\/www.campa.com.mx\/site\/wp-content\/uploads\/2018\/11\/imagen-768x1024.jpeg\" alt=\"\" width=\"768\" height=\"1024\" srcset=\"https:\/\/www.campa.com.mx\/site\/wp-content\/uploads\/2018\/11\/imagen.jpeg 768w, https:\/\/www.campa.com.mx\/site\/wp-content\/uploads\/2018\/11\/imagen-225x300.jpeg 225w\" sizes=\"auto, (max-width: 768px) 100vw, 768px\" \/> <img loading=\"lazy\" decoding=\"async\" class=\"alignnone size-large wp-image-4458\" src=\"http:\/\/www.campa.com.mx\/site\/wp-content\/uploads\/2018\/11\/WhatsApp-Image-2019-07-12-at-1.43.09-PM-768x1024.jpeg\" alt=\"\" width=\"768\" height=\"1024\" srcset=\"https:\/\/www.campa.com.mx\/site\/wp-content\/uploads\/2018\/11\/WhatsApp-Image-2019-07-12-at-1.43.09-PM-768x1024.jpeg 768w, https:\/\/www.campa.com.mx\/site\/wp-content\/uploads\/2018\/11\/WhatsApp-Image-2019-07-12-at-1.43.09-PM-225x300.jpeg 225w, https:\/\/www.campa.com.mx\/site\/wp-content\/uploads\/2018\/11\/WhatsApp-Image-2019-07-12-at-1.43.09-PM.jpeg 960w\" sizes=\"auto, (max-width: 768px) 100vw, 768px\" \/> <img loading=\"lazy\" decoding=\"async\" class=\"alignnone size-large wp-image-4467\" src=\"http:\/\/www.campa.com.mx\/site\/wp-content\/uploads\/2018\/11\/WhatsApp-Image-2019-07-12-at-1.43.41-PM-1024x576.jpeg\" alt=\"\" width=\"1024\" height=\"576\" srcset=\"https:\/\/www.campa.com.mx\/site\/wp-content\/uploads\/2018\/11\/WhatsApp-Image-2019-07-12-at-1.43.41-PM-1024x576.jpeg 1024w, https:\/\/www.campa.com.mx\/site\/wp-content\/uploads\/2018\/11\/WhatsApp-Image-2019-07-12-at-1.43.41-PM-300x169.jpeg 300w, https:\/\/www.campa.com.mx\/site\/wp-content\/uploads\/2018\/11\/WhatsApp-Image-2019-07-12-at-1.43.41-PM-768x432.jpeg 768w, https:\/\/www.campa.com.mx\/site\/wp-content\/uploads\/2018\/11\/WhatsApp-Image-2019-07-12-at-1.43.41-PM.jpeg 1280w\" sizes=\"auto, (max-width: 1024px) 100vw, 1024px\" \/> <img loading=\"lazy\" decoding=\"async\" class=\"alignnone size-large wp-image-4457\" src=\"http:\/\/www.campa.com.mx\/site\/wp-content\/uploads\/2018\/11\/WhatsApp-Image-2019-07-12-at-1.43.08-PM-1024x768.jpeg\" alt=\"\" width=\"1024\" height=\"768\" srcset=\"https:\/\/www.campa.com.mx\/site\/wp-content\/uploads\/2018\/11\/WhatsApp-Image-2019-07-12-at-1.43.08-PM-1024x768.jpeg 1024w, https:\/\/www.campa.com.mx\/site\/wp-content\/uploads\/2018\/11\/WhatsApp-Image-2019-07-12-at-1.43.08-PM-300x225.jpeg 300w, https:\/\/www.campa.com.mx\/site\/wp-content\/uploads\/2018\/11\/WhatsApp-Image-2019-07-12-at-1.43.08-PM-768x576.jpeg 768w, https:\/\/www.campa.com.mx\/site\/wp-content\/uploads\/2018\/11\/WhatsApp-Image-2019-07-12-at-1.43.08-PM.jpeg 1280w\" sizes=\"auto, (max-width: 1024px) 100vw, 1024px\" \/><\/p>\n<p style=\"font-weight: 400;\">Fuente:https:\/\/www.mexicoindustry.com\/es\/news\/jalisco\/presentan-ciclo-de-talleres-para-immex-en-mejores-prcticas-aduanales<\/p>\n","protected":false},"excerpt":{"rendered":"<p>&nbsp; Con el fin de que las empresas de la Industria Manufacturera, Maquiladora y Servicios de Exportaci\u00f3n (IMMEX) tengan mejores pr\u00e1cticas aduanales tres empresas especializadas, ICLawyers, META, CAMPA, as\u00ed como la American Chamber of Commerce of Commerce realizaron un ciclo [&hellip;]<\/p>\n","protected":false},"author":101013,"featured_media":4481,"comment_status":"open","ping_status":"open","sticky":false,"template":"","format":"standard","meta":{"inline_featured_image":false,"_jetpack_memberships_contains_paid_content":false,"footnotes":""},"categories":[1],"tags":[],"class_list":["post-3690","post","type-post","status-publish","format-standard","has-post-thumbnail","hentry","category-campa"],"yoast_head":"<!-- This site is optimized with the Yoast SEO plugin v20.9 - https:\/\/yoast.com\/wordpress\/plugins\/seo\/ -->\n<title>Conferencia de Comercio Exterior 2018-19 - Campa<\/title>\n<meta name=\"robots\" content=\"index, follow, max-snippet:-1, max-image-preview:large, max-video-preview:-1\" \/>\n<link rel=\"canonical\" href=\"https:\/\/www.campa.com.mx\/site\/conferencia-de-comercio-exterior-2018-19\/\" \/>\n<meta property=\"og:locale\" content=\"es_ES\" \/>\n<meta property=\"og:type\" content=\"article\" \/>\n<meta property=\"og:title\" content=\"Conferencia de Comercio Exterior 2018-19 - Campa\" \/>\n<meta property=\"og:description\" content=\"&nbsp; Con el fin de que las empresas de la Industria Manufacturera, Maquiladora y Servicios de Exportaci\u00f3n (IMMEX) tengan mejores pr\u00e1cticas aduanales tres empresas especializadas, ICLawyers, META, CAMPA, as\u00ed como la American Chamber of Commerce of Commerce realizaron un ciclo [&hellip;]\" \/>\n<meta property=\"og:url\" content=\"https:\/\/www.campa.com.mx\/site\/conferencia-de-comercio-exterior-2018-19\/\" \/>\n<meta property=\"og:site_name\" content=\"Campa\" \/>\n<meta property=\"article:publisher\" content=\"https:\/\/www.facebook.com\/MovimientoAnexo24\" \/>\n<meta property=\"article:published_time\" content=\"2019-07-17T15:43:41+00:00\" \/>\n<meta property=\"article:modified_time\" content=\"2019-07-17T15:47:43+00:00\" \/>\n<meta property=\"og:image\" content=\"https:\/\/www.campa.com.mx\/site\/wp-content\/uploads\/2019\/07\/Captura-de-pantalla-2019-07-17-a-las-10.45.30.png\" \/>\n\t<meta property=\"og:image:width\" content=\"1550\" \/>\n\t<meta property=\"og:image:height\" content=\"489\" \/>\n\t<meta property=\"og:image:type\" content=\"image\/png\" \/>\n<meta name=\"author\" content=\"artycampa\" \/>\n<meta name=\"twitter:card\" content=\"summary_large_image\" \/>\n<meta name=\"twitter:creator\" content=\"@artycampa\" \/>\n<meta name=\"twitter:site\" content=\"@artycampa\" \/>\n<meta name=\"twitter:label1\" content=\"Escrito por\" \/>\n\t<meta name=\"twitter:data1\" content=\"artycampa\" \/>\n\t<meta name=\"twitter:label2\" content=\"Tiempo de lectura\" \/>\n\t<meta name=\"twitter:data2\" content=\"3 minutos\" \/>\n<script type=\"application\/ld+json\" class=\"yoast-schema-graph\">{\"@context\":\"https:\/\/schema.org\",\"@graph\":[{\"@type\":\"WebPage\",\"@id\":\"https:\/\/www.campa.com.mx\/site\/conferencia-de-comercio-exterior-2018-19\/\",\"url\":\"https:\/\/www.campa.com.mx\/site\/conferencia-de-comercio-exterior-2018-19\/\",\"name\":\"Conferencia de Comercio Exterior 2018-19 - Campa\",\"isPartOf\":{\"@id\":\"https:\/\/www.campa.com.mx\/site\/#website\"},\"datePublished\":\"2019-07-17T15:43:41+00:00\",\"dateModified\":\"2019-07-17T15:47:43+00:00\",\"author\":{\"@id\":\"https:\/\/www.campa.com.mx\/site\/#\/schema\/person\/3890a4360a5ddf7a0dc491d23ad67714\"},\"breadcrumb\":{\"@id\":\"https:\/\/www.campa.com.mx\/site\/conferencia-de-comercio-exterior-2018-19\/#breadcrumb\"},\"inLanguage\":\"es\",\"potentialAction\":[{\"@type\":\"ReadAction\",\"target\":[\"https:\/\/www.campa.com.mx\/site\/conferencia-de-comercio-exterior-2018-19\/\"]}]},{\"@type\":\"BreadcrumbList\",\"@id\":\"https:\/\/www.campa.com.mx\/site\/conferencia-de-comercio-exterior-2018-19\/#breadcrumb\",\"itemListElement\":[{\"@type\":\"ListItem\",\"position\":1,\"name\":\"Portada\",\"item\":\"https:\/\/www.campa.com.mx\/site\/\"},{\"@type\":\"ListItem\",\"position\":2,\"name\":\"Conferencia de Comercio Exterior 2018-19\"}]},{\"@type\":\"WebSite\",\"@id\":\"https:\/\/www.campa.com.mx\/site\/#website\",\"url\":\"https:\/\/www.campa.com.mx\/site\/\",\"name\":\"Campa\",\"description\":\"Tecnolog\u00eda - Comercio Exterior - Servicios\",\"potentialAction\":[{\"@type\":\"SearchAction\",\"target\":{\"@type\":\"EntryPoint\",\"urlTemplate\":\"https:\/\/www.campa.com.mx\/site\/?s={search_term_string}\"},\"query-input\":\"required name=search_term_string\"}],\"inLanguage\":\"es\"},{\"@type\":\"Person\",\"@id\":\"https:\/\/www.campa.com.mx\/site\/#\/schema\/person\/3890a4360a5ddf7a0dc491d23ad67714\",\"name\":\"artycampa\",\"image\":{\"@type\":\"ImageObject\",\"inLanguage\":\"es\",\"@id\":\"https:\/\/www.campa.com.mx\/site\/#\/schema\/person\/image\/\",\"url\":\"https:\/\/secure.gravatar.com\/avatar\/0b7914c6f24c708ce5a1286f8903e9e3d0bd55aca3289853423c47914e0d3391?s=96&d=mm&r=g\",\"contentUrl\":\"https:\/\/secure.gravatar.com\/avatar\/0b7914c6f24c708ce5a1286f8903e9e3d0bd55aca3289853423c47914e0d3391?s=96&d=mm&r=g\",\"caption\":\"artycampa\"}}]}<\/script>\n<!-- \/ Yoast SEO plugin. -->","yoast_head_json":{"title":"Conferencia de Comercio Exterior 2018-19 - Campa","robots":{"index":"index","follow":"follow","max-snippet":"max-snippet:-1","max-image-preview":"max-image-preview:large","max-video-preview":"max-video-preview:-1"},"canonical":"https:\/\/www.campa.com.mx\/site\/conferencia-de-comercio-exterior-2018-19\/","og_locale":"es_ES","og_type":"article","og_title":"Conferencia de Comercio Exterior 2018-19 - Campa","og_description":"&nbsp; Con el fin de que las empresas de la Industria Manufacturera, Maquiladora y Servicios de Exportaci\u00f3n (IMMEX) tengan mejores pr\u00e1cticas aduanales tres empresas especializadas, ICLawyers, META, CAMPA, as\u00ed como la American Chamber of Commerce of Commerce realizaron un ciclo [&hellip;]","og_url":"https:\/\/www.campa.com.mx\/site\/conferencia-de-comercio-exterior-2018-19\/","og_site_name":"Campa","article_publisher":"https:\/\/www.facebook.com\/MovimientoAnexo24","article_published_time":"2019-07-17T15:43:41+00:00","article_modified_time":"2019-07-17T15:47:43+00:00","og_image":[{"width":1550,"height":489,"url":"https:\/\/www.campa.com.mx\/site\/wp-content\/uploads\/2019\/07\/Captura-de-pantalla-2019-07-17-a-las-10.45.30.png","type":"image\/png"}],"author":"artycampa","twitter_card":"summary_large_image","twitter_creator":"@artycampa","twitter_site":"@artycampa","twitter_misc":{"Escrito por":"artycampa","Tiempo de lectura":"3 minutos"},"schema":{"@context":"https:\/\/schema.org","@graph":[{"@type":"WebPage","@id":"https:\/\/www.campa.com.mx\/site\/conferencia-de-comercio-exterior-2018-19\/","url":"https:\/\/www.campa.com.mx\/site\/conferencia-de-comercio-exterior-2018-19\/","name":"Conferencia de Comercio Exterior 2018-19 - Campa","isPartOf":{"@id":"https:\/\/www.campa.com.mx\/site\/#website"},"datePublished":"2019-07-17T15:43:41+00:00","dateModified":"2019-07-17T15:47:43+00:00","author":{"@id":"https:\/\/www.campa.com.mx\/site\/#\/schema\/person\/3890a4360a5ddf7a0dc491d23ad67714"},"breadcrumb":{"@id":"https:\/\/www.campa.com.mx\/site\/conferencia-de-comercio-exterior-2018-19\/#breadcrumb"},"inLanguage":"es","potentialAction":[{"@type":"ReadAction","target":["https:\/\/www.campa.com.mx\/site\/conferencia-de-comercio-exterior-2018-19\/"]}]},{"@type":"BreadcrumbList","@id":"https:\/\/www.campa.com.mx\/site\/conferencia-de-comercio-exterior-2018-19\/#breadcrumb","itemListElement":[{"@type":"ListItem","position":1,"name":"Portada","item":"https:\/\/www.campa.com.mx\/site\/"},{"@type":"ListItem","position":2,"name":"Conferencia de Comercio Exterior 2018-19"}]},{"@type":"WebSite","@id":"https:\/\/www.campa.com.mx\/site\/#website","url":"https:\/\/www.campa.com.mx\/site\/","name":"Campa","description":"Tecnolog\u00eda - Comercio Exterior - Servicios","potentialAction":[{"@type":"SearchAction","target":{"@type":"EntryPoint","urlTemplate":"https:\/\/www.campa.com.mx\/site\/?s={search_term_string}"},"query-input":"required name=search_term_string"}],"inLanguage":"es"},{"@type":"Person","@id":"https:\/\/www.campa.com.mx\/site\/#\/schema\/person\/3890a4360a5ddf7a0dc491d23ad67714","name":"artycampa","image":{"@type":"ImageObject","inLanguage":"es","@id":"https:\/\/www.campa.com.mx\/site\/#\/schema\/person\/image\/","url":"https:\/\/secure.gravatar.com\/avatar\/0b7914c6f24c708ce5a1286f8903e9e3d0bd55aca3289853423c47914e0d3391?s=96&d=mm&r=g","contentUrl":"https:\/\/secure.gravatar.com\/avatar\/0b7914c6f24c708ce5a1286f8903e9e3d0bd55aca3289853423c47914e0d3391?s=96&d=mm&r=g","caption":"artycampa"}}]}},"jetpack_featured_media_url":"https:\/\/www.campa.com.mx\/site\/wp-content\/uploads\/2019\/07\/Captura-de-pantalla-2019-07-17-a-las-10.45.30.png","jetpack_sharing_enabled":true,"_links":{"self":[{"href":"https:\/\/www.campa.com.mx\/site\/wp-json\/wp\/v2\/posts\/3690","targetHints":{"allow":["GET"]}}],"collection":[{"href":"https:\/\/www.campa.com.mx\/site\/wp-json\/wp\/v2\/posts"}],"about":[{"href":"https:\/\/www.campa.com.mx\/site\/wp-json\/wp\/v2\/types\/post"}],"author":[{"embeddable":true,"href":"https:\/\/www.campa.com.mx\/site\/wp-json\/wp\/v2\/users\/101013"}],"replies":[{"embeddable":true,"href":"https:\/\/www.campa.com.mx\/site\/wp-json\/wp\/v2\/comments?post=3690"}],"version-history":[{"count":3,"href":"https:\/\/www.campa.com.mx\/site\/wp-json\/wp\/v2\/posts\/3690\/revisions"}],"predecessor-version":[{"id":4480,"href":"https:\/\/www.campa.com.mx\/site\/wp-json\/wp\/v2\/posts\/3690\/revisions\/4480"}],"wp:featuredmedia":[{"embeddable":true,"href":"https:\/\/www.campa.com.mx\/site\/wp-json\/wp\/v2\/media\/4481"}],"wp:attachment":[{"href":"https:\/\/www.campa.com.mx\/site\/wp-json\/wp\/v2\/media?parent=3690"}],"wp:term":[{"taxonomy":"category","embeddable":true,"href":"https:\/\/www.campa.com.mx\/site\/wp-json\/wp\/v2\/categories?post=3690"},{"taxonomy":"post_tag","embeddable":true,"href":"https:\/\/www.campa.com.mx\/site\/wp-json\/wp\/v2\/tags?post=3690"}],"curies":[{"name":"wp","href":"https:\/\/api.w.org\/{rel}","templated":true}]}}