{"id":3692,"date":"2018-12-03T10:19:46","date_gmt":"2018-12-03T16:19:46","guid":{"rendered":"http:\/\/www.campa.com.mx\/site\/?p=3692"},"modified":"2018-12-03T10:19:46","modified_gmt":"2018-12-03T16:19:46","slug":"trump-afirma-que-en-breve-retirara-a-ee-uu-del-tlcan-con-mexico-y-canada-para-obligar-al-congreso-a-aprobar-version-renovada-del-pacto-conocido-como-t-mec","status":"publish","type":"post","link":"https:\/\/www.campa.com.mx\/site\/trump-afirma-que-en-breve-retirara-a-ee-uu-del-tlcan-con-mexico-y-canada-para-obligar-al-congreso-a-aprobar-version-renovada-del-pacto-conocido-como-t-mec\/","title":{"rendered":"Trump afirma que, en breve, retirar\u00e1 a EE.UU. del TLCAN con M\u00e9xico y Canad\u00e1 para obligar al Congreso a aprobar versi\u00f3n renovada del pacto, conocido como T-MEC."},"content":{"rendered":"<p class=\"introtext\">Trump afirma que, en breve, retirar\u00e1 a EE.UU. del TLCAN con M\u00e9xico y Canad\u00e1 para obligar al Congreso a aprobar versi\u00f3n renovada del pacto, conocido como T-MEC.<\/p>\n<p>\u201cLo cancelar\u00e9 en un per\u00edodo de tiempo relativamente corto. Nos desharemos del TLCAN. Ha sido un desastre para Estados Unidos\u201d, declar\u00f3 el s\u00e1bado el mandatario estadounidense, Donald Trump, en declaraciones a la prensa\u00a0a bordo del avi\u00f3n que lo llevaba\u00a0de vuelta al pa\u00eds norteamericano tras la cumbre del G20 en Buenos Aires, la capital argentina.<\/p>\n<p>En el marco del mencionado evento, Trump, el premier canadiense\u00a0y el presidente saliente de M\u00e9xico, Justin Trudeau y Enrique Pe\u00f1a Nieto, respectivamente,\u00a0rubricaron el\u00a0viernes la renovaci\u00f3n del Tratado\u00a0de Libre Comercio de Am\u00e9rica del Norte (TLCAN o NAFTA, por sus siglas en ingl\u00e9s) tras un a\u00f1o y medio de duras conversaciones\u00a0entre las partes.<\/p>\n<p>Pese a que gran parte\u00a0del nuevo convenio a\u00fan debe ser aprobada\u00a0por los legisladores de los tres Estados, el documento\u00a0establece una serie de protecciones inmediatas, como los aranceles a los autom\u00f3viles.<\/p>\n<p>\u201cEl Congreso estadounidense tendr\u00e1 que elegir entre el T-MEC (Tratado entre M\u00e9xico, Estados Unidos y Canad\u00e1) o la situaci\u00f3n previa al TLCAN, que funcion\u00f3 muy bien\u201d, dijo Trump.<\/p>\n<p>Si bien Trump hab\u00eda asegurado la v\u00edspera que no tendr\u00eda dificultades a la hora de\u00a0conseguir el visto bueno del Congreso al respecto, su\u00a0apuesta es arriesgada, puesto que la oposici\u00f3n dem\u00f3crata tomar\u00e1 en enero las riendas de la C\u00e1mara de Representantes de EE.UU.\u00a0y algunas figuras del partido, entre ellas la posible aspirante presidencial Elizabeth Warren, han expresado su escepticismo sobre el convenio.<\/p>\n<p>Desde su llegada a la Casa Blanca, Trump ya\u00a0ha desmontado diferentes pactos internacionales\u00a0de manera unilateral, medidas que han sido criticadas por\u00a0muchos pa\u00edses, incluidas varias naciones europeas\u00a0antiguas aliadas de Washington.<\/p>\n<p>El 23 de enero de 2017\u00a0el mandatario estadounidense retir\u00f3 a Estados Unidos del Acuerdo\u00a0Transpac\u00edfico de Cooperaci\u00f3n Econ\u00f3mica\u00a0(TPP, por sus siglas en ingl\u00e9s), un pacto suscrito en febrero de 2016 por 12 pa\u00edses que, juntos, representan el 40 % de la econom\u00eda mundial y casi un tercio de todo el flujo del comercio internacional.<\/p>\n<p>Asimismo, en mayo pasado,\u00a0Trump sac\u00f3\u00a0a EE.UU. del acuerdo nuclear\u00a0firmado en\u00a02015 entre Ir\u00e1n y el Grupo 5+1 (entonces formado por EE.UU., el Reino Unido, Rusia, Francia y China, m\u00e1s Alemania), un pacto multilateral que fue respaldado por el Consejo de Seguridad de Naciones Unidas (CSNU) en su resoluci\u00f3n 2231.<\/p>\n<p>De igual modo, el inquilino de la Casa Blanca\u00a0se\u00a0ha salido del Pacto Mundial de la Organizaci\u00f3n de las Naciones Unidas (ONU) sobre Migraci\u00f3n y Refugiados, as\u00ed como de la Organizaci\u00f3n de Naciones Unidas para la Educaci\u00f3n, la Ciencia y la Cultura (Unesco, por sus siglas en ingl\u00e9s), entre otros.<\/p>\n<p>&nbsp;<\/p>\n<p>Fuente:\u00a0hispantv<\/p>\n","protected":false},"excerpt":{"rendered":"<p>Trump afirma que, en breve, retirar\u00e1 a EE.UU. del TLCAN con M\u00e9xico y Canad\u00e1 para obligar al Congreso a aprobar versi\u00f3n renovada del pacto, conocido como T-MEC. \u201cLo cancelar\u00e9 en un per\u00edodo de tiempo relativamente corto. Nos desharemos del TLCAN. [&hellip;]<\/p>\n","protected":false},"author":1,"featured_media":3693,"comment_status":"open","ping_status":"open","sticky":false,"template":"","format":"standard","meta":{"inline_featured_image":false,"_jetpack_memberships_contains_paid_content":false,"footnotes":""},"categories":[173],"tags":[],"class_list":["post-3692","post","type-post","status-publish","format-standard","has-post-thumbnail","hentry","category-comercio-exterior"],"yoast_head":"<!-- This site is optimized with the Yoast SEO plugin v20.9 - https:\/\/yoast.com\/wordpress\/plugins\/seo\/ -->\n<title>Trump afirma que, en breve, retirar\u00e1 a EE.UU. del TLCAN con M\u00e9xico y Canad\u00e1 para obligar al Congreso a aprobar versi\u00f3n renovada del pacto, conocido como T-MEC. - Campa<\/title>\n<meta name=\"robots\" content=\"index, follow, max-snippet:-1, max-image-preview:large, max-video-preview:-1\" \/>\n<link rel=\"canonical\" href=\"https:\/\/www.campa.com.mx\/site\/trump-afirma-que-en-breve-retirara-a-ee-uu-del-tlcan-con-mexico-y-canada-para-obligar-al-congreso-a-aprobar-version-renovada-del-pacto-conocido-como-t-mec\/\" \/>\n<meta property=\"og:locale\" content=\"es_ES\" \/>\n<meta property=\"og:type\" content=\"article\" \/>\n<meta property=\"og:title\" content=\"Trump afirma que, en breve, retirar\u00e1 a EE.UU. del TLCAN con M\u00e9xico y Canad\u00e1 para obligar al Congreso a aprobar versi\u00f3n renovada del pacto, conocido como T-MEC. - Campa\" \/>\n<meta property=\"og:description\" content=\"Trump afirma que, en breve, retirar\u00e1 a EE.UU. del TLCAN con M\u00e9xico y Canad\u00e1 para obligar al Congreso a aprobar versi\u00f3n renovada del pacto, conocido como T-MEC. \u201cLo cancelar\u00e9 en un per\u00edodo de tiempo relativamente corto. Nos desharemos del TLCAN. [&hellip;]\" \/>\n<meta property=\"og:url\" content=\"https:\/\/www.campa.com.mx\/site\/trump-afirma-que-en-breve-retirara-a-ee-uu-del-tlcan-con-mexico-y-canada-para-obligar-al-congreso-a-aprobar-version-renovada-del-pacto-conocido-como-t-mec\/\" \/>\n<meta property=\"og:site_name\" content=\"Campa\" \/>\n<meta property=\"article:publisher\" content=\"https:\/\/www.facebook.com\/MovimientoAnexo24\" \/>\n<meta property=\"article:published_time\" content=\"2018-12-03T16:19:46+00:00\" \/>\n<meta property=\"og:image\" content=\"https:\/\/www.campa.com.mx\/site\/wp-content\/uploads\/2018\/12\/Diciembre1.png\" \/>\n\t<meta property=\"og:image:width\" content=\"1200\" \/>\n\t<meta property=\"og:image:height\" content=\"628\" \/>\n\t<meta property=\"og:image:type\" content=\"image\/png\" \/>\n<meta name=\"author\" content=\"campa\" \/>\n<meta name=\"twitter:card\" content=\"summary_large_image\" \/>\n<meta name=\"twitter:creator\" content=\"@artycampa\" \/>\n<meta name=\"twitter:site\" content=\"@artycampa\" \/>\n<meta name=\"twitter:label1\" content=\"Escrito por\" \/>\n\t<meta name=\"twitter:data1\" content=\"campa\" \/>\n\t<meta name=\"twitter:label2\" content=\"Tiempo de lectura\" \/>\n\t<meta name=\"twitter:data2\" content=\"2 minutos\" \/>\n<script type=\"application\/ld+json\" class=\"yoast-schema-graph\">{\"@context\":\"https:\/\/schema.org\",\"@graph\":[{\"@type\":\"WebPage\",\"@id\":\"https:\/\/www.campa.com.mx\/site\/trump-afirma-que-en-breve-retirara-a-ee-uu-del-tlcan-con-mexico-y-canada-para-obligar-al-congreso-a-aprobar-version-renovada-del-pacto-conocido-como-t-mec\/\",\"url\":\"https:\/\/www.campa.com.mx\/site\/trump-afirma-que-en-breve-retirara-a-ee-uu-del-tlcan-con-mexico-y-canada-para-obligar-al-congreso-a-aprobar-version-renovada-del-pacto-conocido-como-t-mec\/\",\"name\":\"Trump afirma que, en breve, retirar\u00e1 a EE.UU. del TLCAN con M\u00e9xico y Canad\u00e1 para obligar al Congreso a aprobar versi\u00f3n renovada del pacto, conocido como T-MEC. - Campa\",\"isPartOf\":{\"@id\":\"https:\/\/www.campa.com.mx\/site\/#website\"},\"datePublished\":\"2018-12-03T16:19:46+00:00\",\"dateModified\":\"2018-12-03T16:19:46+00:00\",\"author\":{\"@id\":\"https:\/\/www.campa.com.mx\/site\/#\/schema\/person\/5bf1874b81661ed013f5aa29df30761c\"},\"breadcrumb\":{\"@id\":\"https:\/\/www.campa.com.mx\/site\/trump-afirma-que-en-breve-retirara-a-ee-uu-del-tlcan-con-mexico-y-canada-para-obligar-al-congreso-a-aprobar-version-renovada-del-pacto-conocido-como-t-mec\/#breadcrumb\"},\"inLanguage\":\"es\",\"potentialAction\":[{\"@type\":\"ReadAction\",\"target\":[\"https:\/\/www.campa.com.mx\/site\/trump-afirma-que-en-breve-retirara-a-ee-uu-del-tlcan-con-mexico-y-canada-para-obligar-al-congreso-a-aprobar-version-renovada-del-pacto-conocido-como-t-mec\/\"]}]},{\"@type\":\"BreadcrumbList\",\"@id\":\"https:\/\/www.campa.com.mx\/site\/trump-afirma-que-en-breve-retirara-a-ee-uu-del-tlcan-con-mexico-y-canada-para-obligar-al-congreso-a-aprobar-version-renovada-del-pacto-conocido-como-t-mec\/#breadcrumb\",\"itemListElement\":[{\"@type\":\"ListItem\",\"position\":1,\"name\":\"Portada\",\"item\":\"https:\/\/www.campa.com.mx\/site\/\"},{\"@type\":\"ListItem\",\"position\":2,\"name\":\"Trump afirma que, en breve, retirar\u00e1 a EE.UU. del TLCAN con M\u00e9xico y Canad\u00e1 para obligar al Congreso a aprobar versi\u00f3n renovada del pacto, conocido como T-MEC.\"}]},{\"@type\":\"WebSite\",\"@id\":\"https:\/\/www.campa.com.mx\/site\/#website\",\"url\":\"https:\/\/www.campa.com.mx\/site\/\",\"name\":\"Campa\",\"description\":\"Tecnolog\u00eda - Comercio Exterior - Servicios\",\"potentialAction\":[{\"@type\":\"SearchAction\",\"target\":{\"@type\":\"EntryPoint\",\"urlTemplate\":\"https:\/\/www.campa.com.mx\/site\/?s={search_term_string}\"},\"query-input\":\"required name=search_term_string\"}],\"inLanguage\":\"es\"},{\"@type\":\"Person\",\"@id\":\"https:\/\/www.campa.com.mx\/site\/#\/schema\/person\/5bf1874b81661ed013f5aa29df30761c\",\"name\":\"campa\",\"image\":{\"@type\":\"ImageObject\",\"inLanguage\":\"es\",\"@id\":\"https:\/\/www.campa.com.mx\/site\/#\/schema\/person\/image\/\",\"url\":\"https:\/\/secure.gravatar.com\/avatar\/921e6e5cffb9d78857948e938192591b9fd4168d0b55cc795582b49d9dc52bb1?s=96&d=mm&r=g\",\"contentUrl\":\"https:\/\/secure.gravatar.com\/avatar\/921e6e5cffb9d78857948e938192591b9fd4168d0b55cc795582b49d9dc52bb1?s=96&d=mm&r=g\",\"caption\":\"campa\"}}]}<\/script>\n<!-- \/ Yoast SEO plugin. -->","yoast_head_json":{"title":"Trump afirma que, en breve, retirar\u00e1 a EE.UU. del TLCAN con M\u00e9xico y Canad\u00e1 para obligar al Congreso a aprobar versi\u00f3n renovada del pacto, conocido como T-MEC. - Campa","robots":{"index":"index","follow":"follow","max-snippet":"max-snippet:-1","max-image-preview":"max-image-preview:large","max-video-preview":"max-video-preview:-1"},"canonical":"https:\/\/www.campa.com.mx\/site\/trump-afirma-que-en-breve-retirara-a-ee-uu-del-tlcan-con-mexico-y-canada-para-obligar-al-congreso-a-aprobar-version-renovada-del-pacto-conocido-como-t-mec\/","og_locale":"es_ES","og_type":"article","og_title":"Trump afirma que, en breve, retirar\u00e1 a EE.UU. del TLCAN con M\u00e9xico y Canad\u00e1 para obligar al Congreso a aprobar versi\u00f3n renovada del pacto, conocido como T-MEC. - Campa","og_description":"Trump afirma que, en breve, retirar\u00e1 a EE.UU. del TLCAN con M\u00e9xico y Canad\u00e1 para obligar al Congreso a aprobar versi\u00f3n renovada del pacto, conocido como T-MEC. \u201cLo cancelar\u00e9 en un per\u00edodo de tiempo relativamente corto. Nos desharemos del TLCAN. [&hellip;]","og_url":"https:\/\/www.campa.com.mx\/site\/trump-afirma-que-en-breve-retirara-a-ee-uu-del-tlcan-con-mexico-y-canada-para-obligar-al-congreso-a-aprobar-version-renovada-del-pacto-conocido-como-t-mec\/","og_site_name":"Campa","article_publisher":"https:\/\/www.facebook.com\/MovimientoAnexo24","article_published_time":"2018-12-03T16:19:46+00:00","og_image":[{"width":1200,"height":628,"url":"https:\/\/www.campa.com.mx\/site\/wp-content\/uploads\/2018\/12\/Diciembre1.png","type":"image\/png"}],"author":"campa","twitter_card":"summary_large_image","twitter_creator":"@artycampa","twitter_site":"@artycampa","twitter_misc":{"Escrito por":"campa","Tiempo de lectura":"2 minutos"},"schema":{"@context":"https:\/\/schema.org","@graph":[{"@type":"WebPage","@id":"https:\/\/www.campa.com.mx\/site\/trump-afirma-que-en-breve-retirara-a-ee-uu-del-tlcan-con-mexico-y-canada-para-obligar-al-congreso-a-aprobar-version-renovada-del-pacto-conocido-como-t-mec\/","url":"https:\/\/www.campa.com.mx\/site\/trump-afirma-que-en-breve-retirara-a-ee-uu-del-tlcan-con-mexico-y-canada-para-obligar-al-congreso-a-aprobar-version-renovada-del-pacto-conocido-como-t-mec\/","name":"Trump afirma que, en breve, retirar\u00e1 a EE.UU. del TLCAN con M\u00e9xico y Canad\u00e1 para obligar al Congreso a aprobar versi\u00f3n renovada del pacto, conocido como T-MEC. - Campa","isPartOf":{"@id":"https:\/\/www.campa.com.mx\/site\/#website"},"datePublished":"2018-12-03T16:19:46+00:00","dateModified":"2018-12-03T16:19:46+00:00","author":{"@id":"https:\/\/www.campa.com.mx\/site\/#\/schema\/person\/5bf1874b81661ed013f5aa29df30761c"},"breadcrumb":{"@id":"https:\/\/www.campa.com.mx\/site\/trump-afirma-que-en-breve-retirara-a-ee-uu-del-tlcan-con-mexico-y-canada-para-obligar-al-congreso-a-aprobar-version-renovada-del-pacto-conocido-como-t-mec\/#breadcrumb"},"inLanguage":"es","potentialAction":[{"@type":"ReadAction","target":["https:\/\/www.campa.com.mx\/site\/trump-afirma-que-en-breve-retirara-a-ee-uu-del-tlcan-con-mexico-y-canada-para-obligar-al-congreso-a-aprobar-version-renovada-del-pacto-conocido-como-t-mec\/"]}]},{"@type":"BreadcrumbList","@id":"https:\/\/www.campa.com.mx\/site\/trump-afirma-que-en-breve-retirara-a-ee-uu-del-tlcan-con-mexico-y-canada-para-obligar-al-congreso-a-aprobar-version-renovada-del-pacto-conocido-como-t-mec\/#breadcrumb","itemListElement":[{"@type":"ListItem","position":1,"name":"Portada","item":"https:\/\/www.campa.com.mx\/site\/"},{"@type":"ListItem","position":2,"name":"Trump afirma que, en breve, retirar\u00e1 a EE.UU. del TLCAN con M\u00e9xico y Canad\u00e1 para obligar al Congreso a aprobar versi\u00f3n renovada del pacto, conocido como T-MEC."}]},{"@type":"WebSite","@id":"https:\/\/www.campa.com.mx\/site\/#website","url":"https:\/\/www.campa.com.mx\/site\/","name":"Campa","description":"Tecnolog\u00eda - Comercio Exterior - Servicios","potentialAction":[{"@type":"SearchAction","target":{"@type":"EntryPoint","urlTemplate":"https:\/\/www.campa.com.mx\/site\/?s={search_term_string}"},"query-input":"required name=search_term_string"}],"inLanguage":"es"},{"@type":"Person","@id":"https:\/\/www.campa.com.mx\/site\/#\/schema\/person\/5bf1874b81661ed013f5aa29df30761c","name":"campa","image":{"@type":"ImageObject","inLanguage":"es","@id":"https:\/\/www.campa.com.mx\/site\/#\/schema\/person\/image\/","url":"https:\/\/secure.gravatar.com\/avatar\/921e6e5cffb9d78857948e938192591b9fd4168d0b55cc795582b49d9dc52bb1?s=96&d=mm&r=g","contentUrl":"https:\/\/secure.gravatar.com\/avatar\/921e6e5cffb9d78857948e938192591b9fd4168d0b55cc795582b49d9dc52bb1?s=96&d=mm&r=g","caption":"campa"}}]}},"jetpack_featured_media_url":"https:\/\/www.campa.com.mx\/site\/wp-content\/uploads\/2018\/12\/Diciembre1.png","jetpack_sharing_enabled":true,"_links":{"self":[{"href":"https:\/\/www.campa.com.mx\/site\/wp-json\/wp\/v2\/posts\/3692","targetHints":{"allow":["GET"]}}],"collection":[{"href":"https:\/\/www.campa.com.mx\/site\/wp-json\/wp\/v2\/posts"}],"about":[{"href":"https:\/\/www.campa.com.mx\/site\/wp-json\/wp\/v2\/types\/post"}],"author":[{"embeddable":true,"href":"https:\/\/www.campa.com.mx\/site\/wp-json\/wp\/v2\/users\/1"}],"replies":[{"embeddable":true,"href":"https:\/\/www.campa.com.mx\/site\/wp-json\/wp\/v2\/comments?post=3692"}],"version-history":[{"count":1,"href":"https:\/\/www.campa.com.mx\/site\/wp-json\/wp\/v2\/posts\/3692\/revisions"}],"predecessor-version":[{"id":3694,"href":"https:\/\/www.campa.com.mx\/site\/wp-json\/wp\/v2\/posts\/3692\/revisions\/3694"}],"wp:featuredmedia":[{"embeddable":true,"href":"https:\/\/www.campa.com.mx\/site\/wp-json\/wp\/v2\/media\/3693"}],"wp:attachment":[{"href":"https:\/\/www.campa.com.mx\/site\/wp-json\/wp\/v2\/media?parent=3692"}],"wp:term":[{"taxonomy":"category","embeddable":true,"href":"https:\/\/www.campa.com.mx\/site\/wp-json\/wp\/v2\/categories?post=3692"},{"taxonomy":"post_tag","embeddable":true,"href":"https:\/\/www.campa.com.mx\/site\/wp-json\/wp\/v2\/tags?post=3692"}],"curies":[{"name":"wp","href":"https:\/\/api.w.org\/{rel}","templated":true}]}}