{"id":3725,"date":"2018-12-19T12:27:42","date_gmt":"2018-12-19T18:27:42","guid":{"rendered":"http:\/\/www.campa.com.mx\/site\/?p=3725"},"modified":"2018-12-19T12:28:03","modified_gmt":"2018-12-19T18:28:03","slug":"alistan-proyecto-para-el-sector-automotriz-de-queretaro","status":"publish","type":"post","link":"https:\/\/www.campa.com.mx\/site\/alistan-proyecto-para-el-sector-automotriz-de-queretaro\/","title":{"rendered":"Alistan proyecto para el sector automotriz de Quer\u00e9taro"},"content":{"rendered":"\n<p>El sector automotriz del estado alista un proyecto para generar un espacio donde esta industria realice pruebas.<\/p>\n\n\n\n<p>Para el desarrollo de la iniciativa colaboran el Cl\u00faster Automotriz de Quer\u00e9taro, la empresa alemana Continental Automotive, el Instituto Mexicano del Transporte (IMT) y el gobierno estatal.<\/p>\n\n\n\n<p>El director del Cl\u00faster Automotriz de Quer\u00e9taro, Daniel Hern\u00e1ndez Camacho, adelant\u00f3 que se busca generar un espacio para hacer pruebas de desarrollos tecnol\u00f3gicos y de piezas de veh\u00edculos automotores, as\u00ed como para medir el desempe\u00f1o de las unidades.<\/p>\n\n\n\n<p>\u201cAl final es poder contar con un espacio donde se realicen pruebas ya en autos, montados ah\u00ed los desarrollos o las autopartes, y ver el desempe\u00f1o en condiciones controladas, que al final del d\u00eda as\u00ed se hacen. Cuando ustedes compran un auto dice que tiene tal rendimiento, que la gasolina rinde tanto, que se d\u00e9 en un ambiente controlado, en ciertas caracter\u00edsticas, a cierto nivel sobre el mar. Entonces te dicen que ese es el desempe\u00f1o del auto\u201d, explic\u00f3.<\/p>\n\n\n\n<p>Por tanto, se plantea crear un espacio controlado para efectuar dichas pruebas. Entre los aditamentos habr\u00e1 una pista de pruebas.<\/p>\n\n\n\n<p>\u201cEs poder tener a nivel regional un espacio en el que hoy no hay d\u00f3nde llevar a cabo ese tipo de pruebas para la investigaci\u00f3n y desarrollo de productos\u201d, pronunci\u00f3.<\/p>\n\n\n\n<p>Se prev\u00e9 que la iniciativa sea presentada pr\u00f3ximamente por las instancias que colaboran en su ejecuci\u00f3n.<\/p>\n\n\n\n<p>El vicepresidente del Cl\u00faster Automotriz de Quer\u00e9taro, Esteban Renato Villase\u00f1or Mendoza, refiri\u00f3 que con proyectos como \u00e9ste se busca seguir trabajando coordinadamente con instancias claves para la industria, con la finalidad de reforzar acciones de investigaci\u00f3n en esta rama fabril.<\/p>\n\n\n\n<p>\u201cEl cl\u00faster va colaborando de la mano con el gobierno y la industria para poder ir generando un entorno para que sigamos trabajando en investigaci\u00f3n y desarrollo. Seguimos trabajando y poco a poco iremos platic\u00e1ndoles c\u00f3mo va avanzando\u201d, a\u00f1adi\u00f3.<\/p>\n\n\n\n<p>Entre los proyectos que Continental ha impulsado en la entidad se enlista la habilitaci\u00f3n de una pista de pruebas en el IMT, situado en Pedro Escobedo.<\/p>\n\n\n\n<p>Paralelamente a este proyecto con el IMT, el 15 de mayo Continental, en colaboraci\u00f3n con la Universidad Aut\u00f3noma de Quer\u00e9taro, instal\u00f3 una pista de pruebas en el Campus Aeropuerto de la m\u00e1xima casa de estudios del estado.<\/p>\n\n\n\n<h3 class=\"wp-block-heading\">Centro continental<\/h3>\n\n\n\n<p>El establecimiento de las pistas deriva del Centro de Investigaci\u00f3n y Desarrollo de Continental Automotive, Centro de R&amp;D de M\u00e9xico, que se inaugur\u00f3 en mayo del 2018 en el estado.<\/p>\n\n\n\n<p>El centro se especializa en la generaci\u00f3n de tecnolog\u00eda para prevenci\u00f3n y reacci\u00f3n ante accidentes. Para su instalaci\u00f3n, la firma invirti\u00f3 50 millones de euros, albergando las disciplinas de software, algoritmos, pruebas y mec\u00e1nica, entre otras.<\/p>\n\n\n\n<p>Se prev\u00e9 crear tecnolog\u00eda para la conducci\u00f3n autom\u00e1tica, para la detecci\u00f3n de puntos ciegos, de peatones, y alertas de objetos alrededor de veh\u00edculos, las cuales se busca que sean sometidas a pruebas desde la entidad.<\/p>\n\n\n\n<p>Fuente: mexicoxport<\/p>\n","protected":false},"excerpt":{"rendered":"<p>El sector automotriz del estado alista un proyecto para generar un espacio donde esta industria realice pruebas. Para el desarrollo de la iniciativa colaboran el Cl\u00faster Automotriz de Quer\u00e9taro, la empresa alemana Continental Automotive, el Instituto Mexicano del Transporte (IMT) [&hellip;]<\/p>\n","protected":false},"author":1,"featured_media":3726,"comment_status":"open","ping_status":"open","sticky":false,"template":"","format":"standard","meta":{"inline_featured_image":false,"_jetpack_memberships_contains_paid_content":false,"footnotes":""},"categories":[169,1],"tags":[33,93],"class_list":["post-3725","post","type-post","status-publish","format-standard","has-post-thumbnail","hentry","category-automotriz","category-campa","tag-automotriz","tag-queretaro"],"yoast_head":"<!-- This site is optimized with the Yoast SEO plugin v20.9 - https:\/\/yoast.com\/wordpress\/plugins\/seo\/ -->\n<title>Alistan proyecto para el sector automotriz de Quer\u00e9taro - Campa<\/title>\n<meta name=\"robots\" content=\"index, follow, max-snippet:-1, max-image-preview:large, max-video-preview:-1\" \/>\n<link rel=\"canonical\" href=\"https:\/\/www.campa.com.mx\/site\/alistan-proyecto-para-el-sector-automotriz-de-queretaro\/\" \/>\n<meta property=\"og:locale\" content=\"es_ES\" \/>\n<meta property=\"og:type\" content=\"article\" \/>\n<meta property=\"og:title\" content=\"Alistan proyecto para el sector automotriz de Quer\u00e9taro - Campa\" \/>\n<meta property=\"og:description\" content=\"El sector automotriz del estado alista un proyecto para generar un espacio donde esta industria realice pruebas. Para el desarrollo de la iniciativa colaboran el Cl\u00faster Automotriz de Quer\u00e9taro, la empresa alemana Continental Automotive, el Instituto Mexicano del Transporte (IMT) [&hellip;]\" \/>\n<meta property=\"og:url\" content=\"https:\/\/www.campa.com.mx\/site\/alistan-proyecto-para-el-sector-automotriz-de-queretaro\/\" \/>\n<meta property=\"og:site_name\" content=\"Campa\" \/>\n<meta property=\"article:publisher\" content=\"https:\/\/www.facebook.com\/MovimientoAnexo24\" \/>\n<meta property=\"article:published_time\" content=\"2018-12-19T18:27:42+00:00\" \/>\n<meta property=\"article:modified_time\" content=\"2018-12-19T18:28:03+00:00\" \/>\n<meta property=\"og:image\" content=\"https:\/\/www.campa.com.mx\/site\/wp-content\/uploads\/2018\/12\/Captura-de-pantalla-2018-12-19-a-las-10.07.17.png\" \/>\n\t<meta property=\"og:image:width\" content=\"1195\" \/>\n\t<meta property=\"og:image:height\" content=\"621\" \/>\n\t<meta property=\"og:image:type\" content=\"image\/png\" \/>\n<meta name=\"author\" content=\"campa\" \/>\n<meta name=\"twitter:card\" content=\"summary_large_image\" \/>\n<meta name=\"twitter:creator\" content=\"@artycampa\" \/>\n<meta name=\"twitter:site\" content=\"@artycampa\" \/>\n<meta name=\"twitter:label1\" content=\"Escrito por\" \/>\n\t<meta name=\"twitter:data1\" content=\"campa\" \/>\n\t<meta name=\"twitter:label2\" content=\"Tiempo de lectura\" \/>\n\t<meta name=\"twitter:data2\" content=\"3 minutos\" \/>\n<script type=\"application\/ld+json\" class=\"yoast-schema-graph\">{\"@context\":\"https:\/\/schema.org\",\"@graph\":[{\"@type\":\"WebPage\",\"@id\":\"https:\/\/www.campa.com.mx\/site\/alistan-proyecto-para-el-sector-automotriz-de-queretaro\/\",\"url\":\"https:\/\/www.campa.com.mx\/site\/alistan-proyecto-para-el-sector-automotriz-de-queretaro\/\",\"name\":\"Alistan proyecto para el sector automotriz de Quer\u00e9taro - Campa\",\"isPartOf\":{\"@id\":\"https:\/\/www.campa.com.mx\/site\/#website\"},\"datePublished\":\"2018-12-19T18:27:42+00:00\",\"dateModified\":\"2018-12-19T18:28:03+00:00\",\"author\":{\"@id\":\"https:\/\/www.campa.com.mx\/site\/#\/schema\/person\/5bf1874b81661ed013f5aa29df30761c\"},\"breadcrumb\":{\"@id\":\"https:\/\/www.campa.com.mx\/site\/alistan-proyecto-para-el-sector-automotriz-de-queretaro\/#breadcrumb\"},\"inLanguage\":\"es\",\"potentialAction\":[{\"@type\":\"ReadAction\",\"target\":[\"https:\/\/www.campa.com.mx\/site\/alistan-proyecto-para-el-sector-automotriz-de-queretaro\/\"]}]},{\"@type\":\"BreadcrumbList\",\"@id\":\"https:\/\/www.campa.com.mx\/site\/alistan-proyecto-para-el-sector-automotriz-de-queretaro\/#breadcrumb\",\"itemListElement\":[{\"@type\":\"ListItem\",\"position\":1,\"name\":\"Portada\",\"item\":\"https:\/\/www.campa.com.mx\/site\/\"},{\"@type\":\"ListItem\",\"position\":2,\"name\":\"Alistan proyecto para el sector automotriz de Quer\u00e9taro\"}]},{\"@type\":\"WebSite\",\"@id\":\"https:\/\/www.campa.com.mx\/site\/#website\",\"url\":\"https:\/\/www.campa.com.mx\/site\/\",\"name\":\"Campa\",\"description\":\"Tecnolog\u00eda - Comercio Exterior - Servicios\",\"potentialAction\":[{\"@type\":\"SearchAction\",\"target\":{\"@type\":\"EntryPoint\",\"urlTemplate\":\"https:\/\/www.campa.com.mx\/site\/?s={search_term_string}\"},\"query-input\":\"required name=search_term_string\"}],\"inLanguage\":\"es\"},{\"@type\":\"Person\",\"@id\":\"https:\/\/www.campa.com.mx\/site\/#\/schema\/person\/5bf1874b81661ed013f5aa29df30761c\",\"name\":\"campa\",\"image\":{\"@type\":\"ImageObject\",\"inLanguage\":\"es\",\"@id\":\"https:\/\/www.campa.com.mx\/site\/#\/schema\/person\/image\/\",\"url\":\"https:\/\/secure.gravatar.com\/avatar\/921e6e5cffb9d78857948e938192591b9fd4168d0b55cc795582b49d9dc52bb1?s=96&d=mm&r=g\",\"contentUrl\":\"https:\/\/secure.gravatar.com\/avatar\/921e6e5cffb9d78857948e938192591b9fd4168d0b55cc795582b49d9dc52bb1?s=96&d=mm&r=g\",\"caption\":\"campa\"}}]}<\/script>\n<!-- \/ Yoast SEO plugin. -->","yoast_head_json":{"title":"Alistan proyecto para el sector automotriz de Quer\u00e9taro - Campa","robots":{"index":"index","follow":"follow","max-snippet":"max-snippet:-1","max-image-preview":"max-image-preview:large","max-video-preview":"max-video-preview:-1"},"canonical":"https:\/\/www.campa.com.mx\/site\/alistan-proyecto-para-el-sector-automotriz-de-queretaro\/","og_locale":"es_ES","og_type":"article","og_title":"Alistan proyecto para el sector automotriz de Quer\u00e9taro - Campa","og_description":"El sector automotriz del estado alista un proyecto para generar un espacio donde esta industria realice pruebas. Para el desarrollo de la iniciativa colaboran el Cl\u00faster Automotriz de Quer\u00e9taro, la empresa alemana Continental Automotive, el Instituto Mexicano del Transporte (IMT) [&hellip;]","og_url":"https:\/\/www.campa.com.mx\/site\/alistan-proyecto-para-el-sector-automotriz-de-queretaro\/","og_site_name":"Campa","article_publisher":"https:\/\/www.facebook.com\/MovimientoAnexo24","article_published_time":"2018-12-19T18:27:42+00:00","article_modified_time":"2018-12-19T18:28:03+00:00","og_image":[{"width":1195,"height":621,"url":"https:\/\/www.campa.com.mx\/site\/wp-content\/uploads\/2018\/12\/Captura-de-pantalla-2018-12-19-a-las-10.07.17.png","type":"image\/png"}],"author":"campa","twitter_card":"summary_large_image","twitter_creator":"@artycampa","twitter_site":"@artycampa","twitter_misc":{"Escrito por":"campa","Tiempo de lectura":"3 minutos"},"schema":{"@context":"https:\/\/schema.org","@graph":[{"@type":"WebPage","@id":"https:\/\/www.campa.com.mx\/site\/alistan-proyecto-para-el-sector-automotriz-de-queretaro\/","url":"https:\/\/www.campa.com.mx\/site\/alistan-proyecto-para-el-sector-automotriz-de-queretaro\/","name":"Alistan proyecto para el sector automotriz de Quer\u00e9taro - Campa","isPartOf":{"@id":"https:\/\/www.campa.com.mx\/site\/#website"},"datePublished":"2018-12-19T18:27:42+00:00","dateModified":"2018-12-19T18:28:03+00:00","author":{"@id":"https:\/\/www.campa.com.mx\/site\/#\/schema\/person\/5bf1874b81661ed013f5aa29df30761c"},"breadcrumb":{"@id":"https:\/\/www.campa.com.mx\/site\/alistan-proyecto-para-el-sector-automotriz-de-queretaro\/#breadcrumb"},"inLanguage":"es","potentialAction":[{"@type":"ReadAction","target":["https:\/\/www.campa.com.mx\/site\/alistan-proyecto-para-el-sector-automotriz-de-queretaro\/"]}]},{"@type":"BreadcrumbList","@id":"https:\/\/www.campa.com.mx\/site\/alistan-proyecto-para-el-sector-automotriz-de-queretaro\/#breadcrumb","itemListElement":[{"@type":"ListItem","position":1,"name":"Portada","item":"https:\/\/www.campa.com.mx\/site\/"},{"@type":"ListItem","position":2,"name":"Alistan proyecto para el sector automotriz de Quer\u00e9taro"}]},{"@type":"WebSite","@id":"https:\/\/www.campa.com.mx\/site\/#website","url":"https:\/\/www.campa.com.mx\/site\/","name":"Campa","description":"Tecnolog\u00eda - Comercio Exterior - Servicios","potentialAction":[{"@type":"SearchAction","target":{"@type":"EntryPoint","urlTemplate":"https:\/\/www.campa.com.mx\/site\/?s={search_term_string}"},"query-input":"required name=search_term_string"}],"inLanguage":"es"},{"@type":"Person","@id":"https:\/\/www.campa.com.mx\/site\/#\/schema\/person\/5bf1874b81661ed013f5aa29df30761c","name":"campa","image":{"@type":"ImageObject","inLanguage":"es","@id":"https:\/\/www.campa.com.mx\/site\/#\/schema\/person\/image\/","url":"https:\/\/secure.gravatar.com\/avatar\/921e6e5cffb9d78857948e938192591b9fd4168d0b55cc795582b49d9dc52bb1?s=96&d=mm&r=g","contentUrl":"https:\/\/secure.gravatar.com\/avatar\/921e6e5cffb9d78857948e938192591b9fd4168d0b55cc795582b49d9dc52bb1?s=96&d=mm&r=g","caption":"campa"}}]}},"jetpack_featured_media_url":"https:\/\/www.campa.com.mx\/site\/wp-content\/uploads\/2018\/12\/Captura-de-pantalla-2018-12-19-a-las-10.07.17.png","jetpack_sharing_enabled":true,"_links":{"self":[{"href":"https:\/\/www.campa.com.mx\/site\/wp-json\/wp\/v2\/posts\/3725","targetHints":{"allow":["GET"]}}],"collection":[{"href":"https:\/\/www.campa.com.mx\/site\/wp-json\/wp\/v2\/posts"}],"about":[{"href":"https:\/\/www.campa.com.mx\/site\/wp-json\/wp\/v2\/types\/post"}],"author":[{"embeddable":true,"href":"https:\/\/www.campa.com.mx\/site\/wp-json\/wp\/v2\/users\/1"}],"replies":[{"embeddable":true,"href":"https:\/\/www.campa.com.mx\/site\/wp-json\/wp\/v2\/comments?post=3725"}],"version-history":[{"count":2,"href":"https:\/\/www.campa.com.mx\/site\/wp-json\/wp\/v2\/posts\/3725\/revisions"}],"predecessor-version":[{"id":3728,"href":"https:\/\/www.campa.com.mx\/site\/wp-json\/wp\/v2\/posts\/3725\/revisions\/3728"}],"wp:featuredmedia":[{"embeddable":true,"href":"https:\/\/www.campa.com.mx\/site\/wp-json\/wp\/v2\/media\/3726"}],"wp:attachment":[{"href":"https:\/\/www.campa.com.mx\/site\/wp-json\/wp\/v2\/media?parent=3725"}],"wp:term":[{"taxonomy":"category","embeddable":true,"href":"https:\/\/www.campa.com.mx\/site\/wp-json\/wp\/v2\/categories?post=3725"},{"taxonomy":"post_tag","embeddable":true,"href":"https:\/\/www.campa.com.mx\/site\/wp-json\/wp\/v2\/tags?post=3725"}],"curies":[{"name":"wp","href":"https:\/\/api.w.org\/{rel}","templated":true}]}}