{"id":3729,"date":"2018-12-24T12:46:19","date_gmt":"2018-12-24T18:46:19","guid":{"rendered":"http:\/\/www.campa.com.mx\/site\/?p=3729"},"modified":"2018-12-24T12:46:25","modified_gmt":"2018-12-24T18:46:25","slug":"cuarta-resolucion-de-modificaciones-a-las-reglas-generales-de-comercio-exterior-para-2018-y-su-anexo-2","status":"publish","type":"post","link":"https:\/\/www.campa.com.mx\/site\/cuarta-resolucion-de-modificaciones-a-las-reglas-generales-de-comercio-exterior-para-2018-y-su-anexo-2\/","title":{"rendered":"CUARTA Resoluci\u00f3n de Modificaciones a las Reglas Generales de Comercio Exterior para 2018, y su anexo 2."},"content":{"rendered":"\n<h2 class=\"wp-block-heading\">Al margen un sello con el Escudo Nacional, que dice: Estados Unidos Mexicanos.- SHCP.- Secretar\u00eda de&nbsp;Hacienda y Cr\u00e9dito P\u00fablico.- SAT.- Servicio de Administraci\u00f3n Tributaria.<\/h2>\n\n\n\n<p>Con fundamento en los art\u00edculos 16 y 31 de la Ley Org\u00e1nica de la Administraci\u00f3n P\u00fablica Federal;&nbsp;1o. y&nbsp;144 de la Ley Aduanera; 33, fracci\u00f3n I, inciso g), del C\u00f3digo Fiscal de la Federaci\u00f3n; 14, fracci\u00f3n III, de la Ley&nbsp;del Servicio de Administraci\u00f3n Tributaria y 8, primer p\u00e1rrafo, del Reglamento Interior del Servicio de&nbsp;Administraci\u00f3n Tributaria vigente, el Servicio de Administraci\u00f3n Tributaria resuelve expedir la siguiente:<strong>CUARTA RESOLUCI\u00d3N DE MODIFICACIONES A LAS REGLAS GENERALES DE COMERCIO<\/strong><strong>&nbsp;<\/strong><strong>EXTERIOR PARA 2018.<\/strong><strong>Primero.&nbsp;<\/strong>Se realiza la siguiente adici\u00f3n a la Resoluci\u00f3n que establece las RGCE para 2018, publicada en&nbsp;el DOF el 18 de diciembre de 2017:<strong>A.<\/strong>&nbsp;&nbsp;&nbsp;&nbsp;&nbsp;&nbsp;Se adiciona la siguiente regla:\u00b7&nbsp;&nbsp;1.1.7., con una fracci\u00f3n VII.La adici\u00f3n anterior queda como sigue:<strong>Actualizaci\u00f3n de multas y cantidades que establece la Ley y su Reglamento (Anexo 2)<\/strong><strong>1.1.7.<\/strong>&nbsp;&nbsp;&nbsp;&nbsp;&nbsp;&nbsp;&nbsp;&nbsp;&nbsp;&nbsp;&nbsp;&#8230;&#8230;&#8230;&#8230;&#8230;&#8230;&#8230;&#8230;&#8230;&#8230;&#8230;&#8230;&#8230;&#8230;&#8230;&#8230;&#8230;&#8230;&#8230;&#8230;&#8230;&#8230;&#8230;&#8230;&#8230;&#8230;&#8230;&#8230;&#8230;&#8230;&#8230;&#8230;&#8230;&#8230;&#8230;&#8230;&#8230;&#8230;&#8230;&#8230;&#8230;<strong>VII.<\/strong>&nbsp;&nbsp;&nbsp;&nbsp;&nbsp;&nbsp;&nbsp;Conforme a lo expuesto en el segundo p\u00e1rrafo de la presente regla, se dan a&nbsp;conocer las cantidades actualizadas en el Anexo 2 de la presente Resoluci\u00f3n cuya&nbsp;vigencia es a partir del 1 de enero de 2019. La actualizaci\u00f3n efectuada se realiz\u00f3&nbsp;de acuerdo con el procedimiento siguiente:&nbsp;&nbsp;&nbsp;&nbsp;&nbsp;&nbsp;&nbsp;&nbsp;&nbsp;&nbsp;&nbsp;&nbsp;Las cantidades establecidas en los art\u00edculos 184-B, fracciones I y II; 185,&nbsp;fracciones I y XIV as\u00ed como el 187, fracci\u00f3n IV de la Ley Aduanera, entraron en&nbsp;vigor en enero de 2017 y fueron dadas a conocer en el Anexo 2 de las Reglas&nbsp;Generales de Comercio Exterior para 2017 y sus anexos 1-A, 2 y 10,&nbsp;&#8220;Multas y&nbsp;cantidades actualizadas que establece la Ley Aduanera y su Reglamento, vigentes&nbsp;a partir del 1 de enero de 2015&#8221;&nbsp;publicado en el DOF el 27 de enero de 2017.&nbsp;&nbsp;&nbsp;&nbsp;&nbsp;&nbsp;&nbsp;&nbsp;&nbsp;&nbsp;&nbsp;&nbsp;El incremento porcentual acumulado del INPC en el periodo comprendido desde el&nbsp;mes de noviembre de 2016 y hasta el mes de septiembre de 2018, fue de 10.15%,&nbsp;excediendo del 10% mencionado en el art\u00edculo 17-A, sexto p\u00e1rrafo del CFF. Dicho&nbsp;por ciento es el resultado de dividir 100.917 puntos correspondiente al INPC del&nbsp;mes de septiembre de 2018, publicado en el DOF el 10 de octubre de 2018, entre&nbsp;91.616833944348 puntos correspondiente al INPC del mes de noviembre de 2016,publicado en el DOF el 21 de septiembre de 2018, menos la unidad y multiplicado&nbsp;por 100.&nbsp;&nbsp;&nbsp;&nbsp;&nbsp;&nbsp;&nbsp;&nbsp;&nbsp;&nbsp;&nbsp;&nbsp;De esta manera y con base en lo dispuesto en el art\u00edculo 17-A, sexto p\u00e1rrafo del&nbsp;CFF, el periodo de actualizaci\u00f3n que se tom\u00f3 en consideraci\u00f3n es el comprendido&nbsp;del mes de noviembre de 2016 al mes de diciembre de 2018. En estos mismos&nbsp;t\u00e9rminos, el factor de actualizaci\u00f3n aplicable al periodo mencionado, se obtendr\u00e1&nbsp;dividiendo el INPC del mes anterior al m\u00e1s reciente del periodo entre el INPCcorrespondiente al mes de noviembre del ejercicio inmediato anterior a aqu\u00e9l en el&nbsp;que entraron en vigor, por lo que se tom\u00f3 en consideraci\u00f3n el INPC del mes de&nbsp;noviembre de 2018, publicado en el DOF el 10 de diciembre de 2018, que fue de&nbsp;102.303 puntos, entre el \u00edndice correspondiente al mes de noviembre de 2016,&nbsp;publicado en el DOF el 21 de septiembre de 2018, que fue de 91.616833944348puntos. Como resultado de esta operaci\u00f3n, el factor de actualizaci\u00f3n obtenido y&nbsp;aplicado fue de 1.1166.El \u00edndice correspondiente al mes de noviembre de 2016, al que se refiere esta&nbsp;fracci\u00f3n, est\u00e1 expresado con base en la segunda quincena de julio de 2018=100,&nbsp;cuya serie hist\u00f3rica del INPC mensual de enero de 1969 a julio de 2018 fuepublicada por el Instituto Nacional de Estad\u00edstica y Geograf\u00eda en el Diario Oficial de&nbsp;la Federaci\u00f3n el 21 de septiembre de 2018.Los montos de las cantidades mencionadas anteriormente, se han ajustado a lo&nbsp;que establece el art\u00edculo 17-A, octavo p\u00e1rrafo del CFF, de tal forma que las&nbsp;cantidades de 0.01 a 5.00 pesos en exceso de una decena, se han ajustado a la&nbsp;decena inmediata anterior y de 5.01 a 9.99 pesos en exceso de una decena, se&nbsp;han ajustado a la decena inmediata superior.<em>Ley 5, 16-II, 16-A, 16-B, 160-IX, 164-VII, 165-II, VII, 178-II, 183-II, V, 184-B, 185-I a VI, VIII a<\/em><em>&nbsp;<\/em><em>XII, XIV, 185-B, 187-I, II, IV a VI, VIII, X a XII, XIV, XV, 189-I, II, 191-I a IV, 193-I a III, 200,<\/em><em>&nbsp;<\/em><em>CFF 17-A, 70, Reglamento 2, 71-III, 129, 170-III, Anexo<\/em>&nbsp;2<strong>Segundo.&nbsp;<\/strong>Se modifica la fracci\u00f3n I, del Anexo 2&nbsp;&#8220;Multas y cantidades actualizadas que establece la Ley&nbsp;Aduanera y su Reglamento, vigentes a partir del 1 de enero de 2018&#8221;, publicado en el DOF el 22 de diciembre&nbsp;de 2017, en los art\u00edculos 184-B, fracciones I y II; 185, fracciones I, y XIV y 187, fracci\u00f3n IV de la Ley&nbsp;Aduanera.Transitorio.<br><strong>\u00danico.&nbsp;<\/strong>La presente resoluci\u00f3n entrar\u00e1 en vigor a partir del 1\u00ba de enero de 2019.Atentamente,Ciudad de M\u00e9xico, a 18 de diciembre de 2018.- La&nbsp;Jefa del Servicio de&nbsp;Administraci\u00f3n Tributaria,&nbsp;<strong>Ana<\/strong><strong>&nbsp;<\/strong><strong>Margarita R\u00edos Farjat<\/strong>.- R\u00fabrica.ANEXO 2 DE LAS REGLAS GENERALES DE COMERCIO EXTERIOR PARA 2018<br>&#8230;&#8230;&#8230;&#8230;&#8230;&#8230;&#8230;&#8230;&#8230;&#8230;&#8230;&#8230;&#8230;&#8230;&#8230;&#8230;&#8230;&#8230;&#8230;&#8230;&#8230;&#8230;&#8230;&#8230;&#8230;&#8230;&#8230;&#8230;&#8230;&#8230;&#8230;&#8230;&#8230;&#8230;&#8230;&#8230;&#8230;&#8230;&#8230;&#8230;&#8230;&#8230;&#8230;&#8230;&#8230;&#8230;&#8230;.<strong>I.<\/strong>&nbsp;&nbsp;&nbsp;&nbsp;&nbsp;Conforme a las fracciones VI y VII de la regla 1.1.7., se dan a conocer las cantidades actualizadas&nbsp;establecidas en los art\u00edculos que se precisan en dicha regla&#8230;&#8230;&#8230;&#8230;&#8230;&#8230;&#8230;&#8230;&#8230;&#8230;&#8230;&#8230;&#8230;&#8230;&#8230;&#8230;&#8230;&#8230;&#8230;&#8230;&#8230;&#8230;&#8230;&#8230;&#8230;&#8230;&#8230;&#8230;&#8230;&#8230;&#8230;&#8230;&#8230;&#8230;&#8230;&#8230;&#8230;&#8230;&#8230;&#8230;&#8230;&#8230;&#8230;&#8230;&#8230;&#8230;&#8230;&#8230;<strong>ARTICULO 184-B.&nbsp;<\/strong>&#8230;&#8230;&#8230;&#8230;&#8230;&#8230;&#8230;&#8230;&#8230;&#8230;&#8230;&#8230;&#8230;&#8230;&#8230;&#8230;&#8230;&#8230;&#8230;&#8230;&#8230;&#8230;&#8230;&#8230;&#8230;&#8230;&#8230;&#8230;&#8230;&#8230;&#8230;&#8230;&#8230;&#8230;&#8230;&#8230;&#8230;&#8230;..<strong>I.<\/strong>&nbsp;&nbsp;&nbsp;&nbsp;&nbsp;&nbsp;&nbsp;&nbsp;&nbsp;Multa de&nbsp;<strong>$22,900.00&nbsp;<\/strong>a&nbsp;<strong>$38,180.00&nbsp;<\/strong>a la se\u00f1alada en las fracciones I y II.<strong>II.<\/strong>&nbsp;&nbsp;&nbsp;&nbsp;&nbsp;&nbsp;&nbsp;&nbsp;Multa de&nbsp;<strong>$1,810.00<\/strong>&nbsp;a&nbsp;<strong>$2,580.00<\/strong>&nbsp;a la se\u00f1alada en la fracci\u00f3n III.<strong>ARTICULO 185.<\/strong><strong>&nbsp;<\/strong>&#8230;&#8230;&#8230;&#8230;&#8230;&#8230;&#8230;&#8230;&#8230;&#8230;&#8230;&#8230;&#8230;&#8230;&#8230;&#8230;&#8230;&#8230;&#8230;&#8230;&#8230;&#8230;&#8230;&#8230;&#8230;&#8230;&#8230;&#8230;&#8230;&#8230;&#8230;&#8230;&#8230;&#8230;&#8230;&#8230;&#8230;&#8230;.<strong>I.<\/strong>&nbsp;&nbsp;&nbsp;&nbsp;&nbsp;&nbsp;&nbsp;&nbsp;&nbsp;Multa de&nbsp;<strong>$3,730.00<\/strong>&nbsp;a&nbsp;<strong>$5,590.00<\/strong>, en caso de omisi\u00f3n a las mencionadas en las fracciones&nbsp;I y&nbsp;II. Las multas se reducir\u00e1n al 50% cuando la presentaci\u00f3n sea extempor\u00e1nea&#8230;&#8230;&#8230;&#8230;&#8230;&#8230;&#8230;&#8230;&#8230;&#8230;&#8230;&#8230;&#8230;&#8230;&#8230;&#8230;&#8230;&#8230;&#8230;&#8230;&#8230;&#8230;&#8230;&#8230;&#8230;&#8230;&#8230;&#8230;&#8230;&#8230;&#8230;&#8230;&#8230;&#8230;&#8230;&#8230;&#8230;&#8230;&#8230;&#8230;&#8230;&#8230;&#8230;&#8230;.<strong>XIV.<\/strong>&nbsp;&nbsp;&nbsp;&nbsp;&nbsp;Multa de&nbsp;<strong>$18,650.00<\/strong>&nbsp;a&nbsp;<strong>$27,970.00<\/strong>, a la se\u00f1alada en la fracci\u00f3n XVII, en caso de no presentar&nbsp;el aviso dentro del plazo establecido.<strong>ARTICULO 187.<\/strong><strong>&nbsp;<\/strong>&#8230;&#8230;&#8230;&#8230;&#8230;&#8230;&#8230;&#8230;&#8230;&#8230;&#8230;&#8230;&#8230;&#8230;&#8230;&#8230;&#8230;&#8230;&#8230;&#8230;&#8230;&#8230;&#8230;&#8230;&#8230;&#8230;&#8230;&#8230;&#8230;&#8230;&#8230;&#8230;&#8230;&#8230;&#8230;&#8230;&#8230;&#8230;&#8230;&#8230;&#8230;&#8230;&#8230;&#8230;&#8230;&#8230;&#8230;&#8230;&#8230;&#8230;&#8230;&#8230;&#8230;&#8230;&#8230;&#8230;&#8230;&#8230;&#8230;&#8230;&#8230;&#8230;&#8230;&#8230;&#8230;&#8230;&#8230;&#8230;&#8230;&#8230;&#8230;&#8230;&#8230;&#8230;&#8230;&#8230;&#8230;&#8230;&#8230;&#8230;&#8230;&#8230;.<strong>IV.<\/strong>&nbsp;&nbsp;&nbsp;&nbsp;&nbsp;&nbsp;&nbsp;&nbsp;Multa de&nbsp;<strong>$20,850.00<\/strong>&nbsp;a&nbsp;<strong>$31,260.00<\/strong>&nbsp;a las se\u00f1aladas en la fracci\u00f3n IX&#8230;&#8230;&#8230;&#8230;&#8230;&#8230;&#8230;&#8230;&#8230;&#8230;&#8230;&#8230;&#8230;&#8230;&#8230;&#8230;&#8230;&#8230;&#8230;&#8230;&#8230;&#8230;&#8230;&#8230;&#8230;&#8230;&#8230;&#8230;&#8230;&#8230;&#8230;&#8230;&#8230;&#8230;&#8230;&#8230;&#8230;&#8230;&#8230;&#8230;&#8230;&#8230;&#8230;&#8230;&#8230;&#8230;&#8230;&#8230;&#8230;&#8230;&#8230;&#8230;&#8230;&#8230;&#8230;&#8230;&#8230;&#8230;&#8230;&#8230;&#8230;&#8230;&#8230;&#8230;&#8230;&#8230;&#8230;&#8230;&#8230;&#8230;&#8230;&#8230;&#8230;&#8230;&#8230;&#8230;&#8230;&#8230;&#8230;&#8230;&#8230;&#8230;&#8230;&#8230;&#8230;&#8230;&#8230;&#8230;&#8230;&#8230;.Atentamente,Ciudad de M\u00e9xico, a 18 de diciembre de 2018.- La&nbsp;Jefa del Servicio de&nbsp;Administraci\u00f3n Tributaria,&nbsp;<strong>Ana<\/strong><strong>&nbsp;<\/strong><strong>Margarita R\u00edos Farjat<\/strong>.- R\u00fabrica.<\/p>\n","protected":false},"excerpt":{"rendered":"<p>Al margen un sello con el Escudo Nacional, que dice: Estados Unidos Mexicanos.- SHCP.- Secretar\u00eda de&nbsp;Hacienda y Cr\u00e9dito P\u00fablico.- SAT.- Servicio de Administraci\u00f3n Tributaria. Con fundamento en los art\u00edculos 16 y 31 de la Ley Org\u00e1nica de la Administraci\u00f3n P\u00fablica [&hellip;]<\/p>\n","protected":false},"author":1,"featured_media":2016,"comment_status":"open","ping_status":"open","sticky":false,"template":"","format":"standard","meta":{"inline_featured_image":false,"_jetpack_memberships_contains_paid_content":false,"footnotes":""},"categories":[1],"tags":[],"class_list":["post-3729","post","type-post","status-publish","format-standard","has-post-thumbnail","hentry","category-campa"],"yoast_head":"<!-- This site is optimized with the Yoast SEO plugin v20.9 - https:\/\/yoast.com\/wordpress\/plugins\/seo\/ -->\n<title>CUARTA Resoluci\u00f3n de Modificaciones a las Reglas Generales de Comercio Exterior para 2018, y su anexo 2. - Campa<\/title>\n<meta name=\"robots\" content=\"index, follow, max-snippet:-1, max-image-preview:large, max-video-preview:-1\" \/>\n<link rel=\"canonical\" href=\"https:\/\/www.campa.com.mx\/site\/cuarta-resolucion-de-modificaciones-a-las-reglas-generales-de-comercio-exterior-para-2018-y-su-anexo-2\/\" \/>\n<meta property=\"og:locale\" content=\"es_ES\" \/>\n<meta property=\"og:type\" content=\"article\" \/>\n<meta property=\"og:title\" content=\"CUARTA Resoluci\u00f3n de Modificaciones a las Reglas Generales de Comercio Exterior para 2018, y su anexo 2. - Campa\" \/>\n<meta property=\"og:description\" content=\"Al margen un sello con el Escudo Nacional, que dice: Estados Unidos Mexicanos.- SHCP.- Secretar\u00eda de&nbsp;Hacienda y Cr\u00e9dito P\u00fablico.- SAT.- Servicio de Administraci\u00f3n Tributaria. Con fundamento en los art\u00edculos 16 y 31 de la Ley Org\u00e1nica de la Administraci\u00f3n P\u00fablica [&hellip;]\" \/>\n<meta property=\"og:url\" content=\"https:\/\/www.campa.com.mx\/site\/cuarta-resolucion-de-modificaciones-a-las-reglas-generales-de-comercio-exterior-para-2018-y-su-anexo-2\/\" \/>\n<meta property=\"og:site_name\" content=\"Campa\" \/>\n<meta property=\"article:publisher\" content=\"https:\/\/www.facebook.com\/MovimientoAnexo24\" \/>\n<meta property=\"article:published_time\" content=\"2018-12-24T18:46:19+00:00\" \/>\n<meta property=\"article:modified_time\" content=\"2018-12-24T18:46:25+00:00\" \/>\n<meta property=\"og:image\" content=\"https:\/\/www.campa.com.mx\/site\/wp-content\/uploads\/2017\/09\/diario-oficial-de-la-federacion-logo.png\" \/>\n\t<meta property=\"og:image:width\" content=\"1196\" \/>\n\t<meta property=\"og:image:height\" content=\"696\" \/>\n\t<meta property=\"og:image:type\" content=\"image\/png\" \/>\n<meta name=\"author\" content=\"campa\" \/>\n<meta name=\"twitter:card\" content=\"summary_large_image\" \/>\n<meta name=\"twitter:creator\" content=\"@artycampa\" \/>\n<meta name=\"twitter:site\" content=\"@artycampa\" \/>\n<meta name=\"twitter:label1\" content=\"Escrito por\" \/>\n\t<meta name=\"twitter:data1\" content=\"campa\" \/>\n\t<meta name=\"twitter:label2\" content=\"Tiempo de lectura\" \/>\n\t<meta name=\"twitter:data2\" content=\"6 minutos\" \/>\n<script type=\"application\/ld+json\" class=\"yoast-schema-graph\">{\"@context\":\"https:\/\/schema.org\",\"@graph\":[{\"@type\":\"WebPage\",\"@id\":\"https:\/\/www.campa.com.mx\/site\/cuarta-resolucion-de-modificaciones-a-las-reglas-generales-de-comercio-exterior-para-2018-y-su-anexo-2\/\",\"url\":\"https:\/\/www.campa.com.mx\/site\/cuarta-resolucion-de-modificaciones-a-las-reglas-generales-de-comercio-exterior-para-2018-y-su-anexo-2\/\",\"name\":\"CUARTA Resoluci\u00f3n de Modificaciones a las Reglas Generales de Comercio Exterior para 2018, y su anexo 2. - Campa\",\"isPartOf\":{\"@id\":\"https:\/\/www.campa.com.mx\/site\/#website\"},\"datePublished\":\"2018-12-24T18:46:19+00:00\",\"dateModified\":\"2018-12-24T18:46:25+00:00\",\"author\":{\"@id\":\"https:\/\/www.campa.com.mx\/site\/#\/schema\/person\/5bf1874b81661ed013f5aa29df30761c\"},\"breadcrumb\":{\"@id\":\"https:\/\/www.campa.com.mx\/site\/cuarta-resolucion-de-modificaciones-a-las-reglas-generales-de-comercio-exterior-para-2018-y-su-anexo-2\/#breadcrumb\"},\"inLanguage\":\"es\",\"potentialAction\":[{\"@type\":\"ReadAction\",\"target\":[\"https:\/\/www.campa.com.mx\/site\/cuarta-resolucion-de-modificaciones-a-las-reglas-generales-de-comercio-exterior-para-2018-y-su-anexo-2\/\"]}]},{\"@type\":\"BreadcrumbList\",\"@id\":\"https:\/\/www.campa.com.mx\/site\/cuarta-resolucion-de-modificaciones-a-las-reglas-generales-de-comercio-exterior-para-2018-y-su-anexo-2\/#breadcrumb\",\"itemListElement\":[{\"@type\":\"ListItem\",\"position\":1,\"name\":\"Portada\",\"item\":\"https:\/\/www.campa.com.mx\/site\/\"},{\"@type\":\"ListItem\",\"position\":2,\"name\":\"CUARTA Resoluci\u00f3n de Modificaciones a las Reglas Generales de Comercio Exterior para 2018, y su anexo 2.\"}]},{\"@type\":\"WebSite\",\"@id\":\"https:\/\/www.campa.com.mx\/site\/#website\",\"url\":\"https:\/\/www.campa.com.mx\/site\/\",\"name\":\"Campa\",\"description\":\"Tecnolog\u00eda - Comercio Exterior - Servicios\",\"potentialAction\":[{\"@type\":\"SearchAction\",\"target\":{\"@type\":\"EntryPoint\",\"urlTemplate\":\"https:\/\/www.campa.com.mx\/site\/?s={search_term_string}\"},\"query-input\":\"required name=search_term_string\"}],\"inLanguage\":\"es\"},{\"@type\":\"Person\",\"@id\":\"https:\/\/www.campa.com.mx\/site\/#\/schema\/person\/5bf1874b81661ed013f5aa29df30761c\",\"name\":\"campa\",\"image\":{\"@type\":\"ImageObject\",\"inLanguage\":\"es\",\"@id\":\"https:\/\/www.campa.com.mx\/site\/#\/schema\/person\/image\/\",\"url\":\"https:\/\/secure.gravatar.com\/avatar\/921e6e5cffb9d78857948e938192591b9fd4168d0b55cc795582b49d9dc52bb1?s=96&d=mm&r=g\",\"contentUrl\":\"https:\/\/secure.gravatar.com\/avatar\/921e6e5cffb9d78857948e938192591b9fd4168d0b55cc795582b49d9dc52bb1?s=96&d=mm&r=g\",\"caption\":\"campa\"}}]}<\/script>\n<!-- \/ Yoast SEO plugin. -->","yoast_head_json":{"title":"CUARTA Resoluci\u00f3n de Modificaciones a las Reglas Generales de Comercio Exterior para 2018, y su anexo 2. - Campa","robots":{"index":"index","follow":"follow","max-snippet":"max-snippet:-1","max-image-preview":"max-image-preview:large","max-video-preview":"max-video-preview:-1"},"canonical":"https:\/\/www.campa.com.mx\/site\/cuarta-resolucion-de-modificaciones-a-las-reglas-generales-de-comercio-exterior-para-2018-y-su-anexo-2\/","og_locale":"es_ES","og_type":"article","og_title":"CUARTA Resoluci\u00f3n de Modificaciones a las Reglas Generales de Comercio Exterior para 2018, y su anexo 2. - Campa","og_description":"Al margen un sello con el Escudo Nacional, que dice: Estados Unidos Mexicanos.- SHCP.- Secretar\u00eda de&nbsp;Hacienda y Cr\u00e9dito P\u00fablico.- SAT.- Servicio de Administraci\u00f3n Tributaria. Con fundamento en los art\u00edculos 16 y 31 de la Ley Org\u00e1nica de la Administraci\u00f3n P\u00fablica [&hellip;]","og_url":"https:\/\/www.campa.com.mx\/site\/cuarta-resolucion-de-modificaciones-a-las-reglas-generales-de-comercio-exterior-para-2018-y-su-anexo-2\/","og_site_name":"Campa","article_publisher":"https:\/\/www.facebook.com\/MovimientoAnexo24","article_published_time":"2018-12-24T18:46:19+00:00","article_modified_time":"2018-12-24T18:46:25+00:00","og_image":[{"width":1196,"height":696,"url":"https:\/\/www.campa.com.mx\/site\/wp-content\/uploads\/2017\/09\/diario-oficial-de-la-federacion-logo.png","type":"image\/png"}],"author":"campa","twitter_card":"summary_large_image","twitter_creator":"@artycampa","twitter_site":"@artycampa","twitter_misc":{"Escrito por":"campa","Tiempo de lectura":"6 minutos"},"schema":{"@context":"https:\/\/schema.org","@graph":[{"@type":"WebPage","@id":"https:\/\/www.campa.com.mx\/site\/cuarta-resolucion-de-modificaciones-a-las-reglas-generales-de-comercio-exterior-para-2018-y-su-anexo-2\/","url":"https:\/\/www.campa.com.mx\/site\/cuarta-resolucion-de-modificaciones-a-las-reglas-generales-de-comercio-exterior-para-2018-y-su-anexo-2\/","name":"CUARTA Resoluci\u00f3n de Modificaciones a las Reglas Generales de Comercio Exterior para 2018, y su anexo 2. - Campa","isPartOf":{"@id":"https:\/\/www.campa.com.mx\/site\/#website"},"datePublished":"2018-12-24T18:46:19+00:00","dateModified":"2018-12-24T18:46:25+00:00","author":{"@id":"https:\/\/www.campa.com.mx\/site\/#\/schema\/person\/5bf1874b81661ed013f5aa29df30761c"},"breadcrumb":{"@id":"https:\/\/www.campa.com.mx\/site\/cuarta-resolucion-de-modificaciones-a-las-reglas-generales-de-comercio-exterior-para-2018-y-su-anexo-2\/#breadcrumb"},"inLanguage":"es","potentialAction":[{"@type":"ReadAction","target":["https:\/\/www.campa.com.mx\/site\/cuarta-resolucion-de-modificaciones-a-las-reglas-generales-de-comercio-exterior-para-2018-y-su-anexo-2\/"]}]},{"@type":"BreadcrumbList","@id":"https:\/\/www.campa.com.mx\/site\/cuarta-resolucion-de-modificaciones-a-las-reglas-generales-de-comercio-exterior-para-2018-y-su-anexo-2\/#breadcrumb","itemListElement":[{"@type":"ListItem","position":1,"name":"Portada","item":"https:\/\/www.campa.com.mx\/site\/"},{"@type":"ListItem","position":2,"name":"CUARTA Resoluci\u00f3n de Modificaciones a las Reglas Generales de Comercio Exterior para 2018, y su anexo 2."}]},{"@type":"WebSite","@id":"https:\/\/www.campa.com.mx\/site\/#website","url":"https:\/\/www.campa.com.mx\/site\/","name":"Campa","description":"Tecnolog\u00eda - Comercio Exterior - Servicios","potentialAction":[{"@type":"SearchAction","target":{"@type":"EntryPoint","urlTemplate":"https:\/\/www.campa.com.mx\/site\/?s={search_term_string}"},"query-input":"required name=search_term_string"}],"inLanguage":"es"},{"@type":"Person","@id":"https:\/\/www.campa.com.mx\/site\/#\/schema\/person\/5bf1874b81661ed013f5aa29df30761c","name":"campa","image":{"@type":"ImageObject","inLanguage":"es","@id":"https:\/\/www.campa.com.mx\/site\/#\/schema\/person\/image\/","url":"https:\/\/secure.gravatar.com\/avatar\/921e6e5cffb9d78857948e938192591b9fd4168d0b55cc795582b49d9dc52bb1?s=96&d=mm&r=g","contentUrl":"https:\/\/secure.gravatar.com\/avatar\/921e6e5cffb9d78857948e938192591b9fd4168d0b55cc795582b49d9dc52bb1?s=96&d=mm&r=g","caption":"campa"}}]}},"jetpack_featured_media_url":"https:\/\/www.campa.com.mx\/site\/wp-content\/uploads\/2017\/09\/diario-oficial-de-la-federacion-logo.png","jetpack_sharing_enabled":true,"_links":{"self":[{"href":"https:\/\/www.campa.com.mx\/site\/wp-json\/wp\/v2\/posts\/3729","targetHints":{"allow":["GET"]}}],"collection":[{"href":"https:\/\/www.campa.com.mx\/site\/wp-json\/wp\/v2\/posts"}],"about":[{"href":"https:\/\/www.campa.com.mx\/site\/wp-json\/wp\/v2\/types\/post"}],"author":[{"embeddable":true,"href":"https:\/\/www.campa.com.mx\/site\/wp-json\/wp\/v2\/users\/1"}],"replies":[{"embeddable":true,"href":"https:\/\/www.campa.com.mx\/site\/wp-json\/wp\/v2\/comments?post=3729"}],"version-history":[{"count":1,"href":"https:\/\/www.campa.com.mx\/site\/wp-json\/wp\/v2\/posts\/3729\/revisions"}],"predecessor-version":[{"id":3730,"href":"https:\/\/www.campa.com.mx\/site\/wp-json\/wp\/v2\/posts\/3729\/revisions\/3730"}],"wp:featuredmedia":[{"embeddable":true,"href":"https:\/\/www.campa.com.mx\/site\/wp-json\/wp\/v2\/media\/2016"}],"wp:attachment":[{"href":"https:\/\/www.campa.com.mx\/site\/wp-json\/wp\/v2\/media?parent=3729"}],"wp:term":[{"taxonomy":"category","embeddable":true,"href":"https:\/\/www.campa.com.mx\/site\/wp-json\/wp\/v2\/categories?post=3729"},{"taxonomy":"post_tag","embeddable":true,"href":"https:\/\/www.campa.com.mx\/site\/wp-json\/wp\/v2\/tags?post=3729"}],"curies":[{"name":"wp","href":"https:\/\/api.w.org\/{rel}","templated":true}]}}