{"id":3759,"date":"2019-01-02T12:50:15","date_gmt":"2019-01-02T18:50:15","guid":{"rendered":"http:\/\/www.campa.com.mx\/site\/?p=3759"},"modified":"2019-01-02T12:50:15","modified_gmt":"2019-01-02T18:50:15","slug":"tlcan-cumple-25-anos","status":"publish","type":"post","link":"https:\/\/www.campa.com.mx\/site\/tlcan-cumple-25-anos\/","title":{"rendered":"TLCAN cumple 25 a\u00f1os"},"content":{"rendered":"<p style=\"text-align: justify;\">El TLCAN fue modernizado en noviembre de 2018 con la firma del Tratado M\u00e9xico-Estados Unidos-Canad\u00e1.<\/p>\n<p style=\"text-align: justify;\">Hoy 1 de enero se conmemora el 25 aniversario del Tratado de Libre Comercio de Am\u00e9rica del Norte (TLCAN), instrumento que entr\u00f3 en vigor en 1994 y transform\u00f3 la relaci\u00f3n comercial de M\u00e9xico con Estados Unidos y Canad\u00e1, indic\u00f3 la Secretaria de Econom\u00eda (SE). En un comunicado la dependencia que dirige Graciela M\u00e1rquez Col\u00edn, se\u00f1al\u00f3 que el TLCAN ha permitido la modernizaci\u00f3n de la planta productiva manufacturera nacional, as\u00ed como de los sectores agropecuario y agroindustrial, gracias a la inserci\u00f3n de M\u00e9xico en la econom\u00eda mundial por medio de las cadenas globales de valor.<\/p>\n<p style=\"text-align: justify;\">La dependencia agreg\u00f3 que si bien el TLCAN ha sido un \u00e9xito para empresas y consumidores de las tres naciones, a\u00fan persiste el reto de incluir a m\u00e1s sectores productivos y m\u00e1s regiones del pa\u00eds. &#8220;Una de las prioridades en materia econ\u00f3mica del gobierno del presidente Andr\u00e9s Manuel L\u00f3pez Obrador es diversificar la estrategia comercial exportadora y propiciar un crecimiento econ\u00f3mico m\u00e1s incluyente, sobre todo en los estados del sur-sureste, as\u00ed como en otras ramas de la producci\u00f3n manufacturera que siguen mostrando muy bajos niveles de productividad&#8221;, se\u00f1al\u00f3.<\/p>\n<p style=\"text-align: justify;\">Expuso que el gobierno de M\u00e9xico est\u00e1 comprometido en trabajar para que m\u00e1s productores, empresas exportadoras, regiones y consumidores se beneficien de esta asociaci\u00f3n comercial tan importante para los tres pa\u00edses. La dependencia destac\u00f3 que el\u00a0Tratado M\u00e9xico-Estados Unidos-Canad\u00e1(T-MEC), firmado el 30 de noviembre de 2018, deber\u00e1 ser una herramienta para llegar a esa meta, modernizando el\u00a0TLCAN\u00a0al incluir disposiciones innovadoras en temas como medidas anticorrupci\u00f3n, mejores pr\u00e1cticas regulatorias, comercio digital, inclusi\u00f3n de peque\u00f1as y medianas empresas, disciplinas para empresas propiedad del gobierno, protecci\u00f3n del medio ambiente, reglas comerciales con perspectiva de g\u00e9nero, derechos laborales y pr\u00e1cticas sobre tipo de cambio.<\/p>\n<p style=\"text-align: justify;\">Asimismo la secretar\u00eda se\u00f1al\u00f3 que se incluyeron disposiciones que buscan incrementar el contenido de insumos y la competitividad de la regi\u00f3n, lo cual redundar\u00e1 en beneficios para las Pymes en M\u00e9xico al promover su inclusi\u00f3n en cadenas de proveedur\u00eda en Am\u00e9rica del Norte. &#8220;En 2019 el Senado de la Rep\u00fablica debatir\u00e1 el nuevo T-MEC, el cual, de ser ratificado, remplazar\u00e1 al actual TLCAN.<\/p>\n<p style=\"text-align: justify;\">Este nuevo instrumento actualizar\u00e1 la integraci\u00f3n de M\u00e9xico en Am\u00e9rica del Norte a partir de una agenda comercial que promueva la diversificaci\u00f3n de comercio, que genere nuevas oportunidades para productores, prestadores de servicios, exportadores e inversionistas y que permita avanzar a M\u00e9xico en el camino de la inclusi\u00f3n e innovaci\u00f3n productiva para lograr mayores niveles de bienestar&#8221;.<\/p>\n","protected":false},"excerpt":{"rendered":"<p>El TLCAN fue modernizado en noviembre de 2018 con la firma del Tratado M\u00e9xico-Estados Unidos-Canad\u00e1. Hoy 1 de enero se conmemora el 25 aniversario del Tratado de Libre Comercio de Am\u00e9rica del Norte (TLCAN), instrumento que entr\u00f3 en vigor en [&hellip;]<\/p>\n","protected":false},"author":1,"featured_media":3760,"comment_status":"open","ping_status":"open","sticky":false,"template":"","format":"standard","meta":{"inline_featured_image":false,"_jetpack_memberships_contains_paid_content":false,"footnotes":""},"categories":[1],"tags":[],"class_list":["post-3759","post","type-post","status-publish","format-standard","has-post-thumbnail","hentry","category-campa"],"yoast_head":"<!-- This site is optimized with the Yoast SEO plugin v20.9 - https:\/\/yoast.com\/wordpress\/plugins\/seo\/ -->\n<title>TLCAN cumple 25 a\u00f1os - Campa<\/title>\n<meta name=\"robots\" content=\"index, follow, max-snippet:-1, max-image-preview:large, max-video-preview:-1\" \/>\n<link rel=\"canonical\" href=\"https:\/\/www.campa.com.mx\/site\/tlcan-cumple-25-anos\/\" \/>\n<meta property=\"og:locale\" content=\"es_ES\" \/>\n<meta property=\"og:type\" content=\"article\" \/>\n<meta property=\"og:title\" content=\"TLCAN cumple 25 a\u00f1os - Campa\" \/>\n<meta property=\"og:description\" content=\"El TLCAN fue modernizado en noviembre de 2018 con la firma del Tratado M\u00e9xico-Estados Unidos-Canad\u00e1. Hoy 1 de enero se conmemora el 25 aniversario del Tratado de Libre Comercio de Am\u00e9rica del Norte (TLCAN), instrumento que entr\u00f3 en vigor en [&hellip;]\" \/>\n<meta property=\"og:url\" content=\"https:\/\/www.campa.com.mx\/site\/tlcan-cumple-25-anos\/\" \/>\n<meta property=\"og:site_name\" content=\"Campa\" \/>\n<meta property=\"article:publisher\" content=\"https:\/\/www.facebook.com\/MovimientoAnexo24\" \/>\n<meta property=\"article:published_time\" content=\"2019-01-02T18:50:15+00:00\" \/>\n<meta property=\"og:image\" content=\"https:\/\/www.campa.com.mx\/site\/wp-content\/uploads\/2019\/01\/facebook.png\" \/>\n\t<meta property=\"og:image:width\" content=\"1200\" \/>\n\t<meta property=\"og:image:height\" content=\"628\" \/>\n\t<meta property=\"og:image:type\" content=\"image\/png\" \/>\n<meta name=\"author\" content=\"campa\" \/>\n<meta name=\"twitter:card\" content=\"summary_large_image\" \/>\n<meta name=\"twitter:creator\" content=\"@artycampa\" \/>\n<meta name=\"twitter:site\" content=\"@artycampa\" \/>\n<meta name=\"twitter:label1\" content=\"Escrito por\" \/>\n\t<meta name=\"twitter:data1\" content=\"campa\" \/>\n\t<meta name=\"twitter:label2\" content=\"Tiempo de lectura\" \/>\n\t<meta name=\"twitter:data2\" content=\"2 minutos\" \/>\n<script type=\"application\/ld+json\" class=\"yoast-schema-graph\">{\"@context\":\"https:\/\/schema.org\",\"@graph\":[{\"@type\":\"WebPage\",\"@id\":\"https:\/\/www.campa.com.mx\/site\/tlcan-cumple-25-anos\/\",\"url\":\"https:\/\/www.campa.com.mx\/site\/tlcan-cumple-25-anos\/\",\"name\":\"TLCAN cumple 25 a\u00f1os - Campa\",\"isPartOf\":{\"@id\":\"https:\/\/www.campa.com.mx\/site\/#website\"},\"datePublished\":\"2019-01-02T18:50:15+00:00\",\"dateModified\":\"2019-01-02T18:50:15+00:00\",\"author\":{\"@id\":\"https:\/\/www.campa.com.mx\/site\/#\/schema\/person\/5bf1874b81661ed013f5aa29df30761c\"},\"breadcrumb\":{\"@id\":\"https:\/\/www.campa.com.mx\/site\/tlcan-cumple-25-anos\/#breadcrumb\"},\"inLanguage\":\"es\",\"potentialAction\":[{\"@type\":\"ReadAction\",\"target\":[\"https:\/\/www.campa.com.mx\/site\/tlcan-cumple-25-anos\/\"]}]},{\"@type\":\"BreadcrumbList\",\"@id\":\"https:\/\/www.campa.com.mx\/site\/tlcan-cumple-25-anos\/#breadcrumb\",\"itemListElement\":[{\"@type\":\"ListItem\",\"position\":1,\"name\":\"Portada\",\"item\":\"https:\/\/www.campa.com.mx\/site\/\"},{\"@type\":\"ListItem\",\"position\":2,\"name\":\"TLCAN cumple 25 a\u00f1os\"}]},{\"@type\":\"WebSite\",\"@id\":\"https:\/\/www.campa.com.mx\/site\/#website\",\"url\":\"https:\/\/www.campa.com.mx\/site\/\",\"name\":\"Campa\",\"description\":\"Tecnolog\u00eda - Comercio Exterior - Servicios\",\"potentialAction\":[{\"@type\":\"SearchAction\",\"target\":{\"@type\":\"EntryPoint\",\"urlTemplate\":\"https:\/\/www.campa.com.mx\/site\/?s={search_term_string}\"},\"query-input\":\"required name=search_term_string\"}],\"inLanguage\":\"es\"},{\"@type\":\"Person\",\"@id\":\"https:\/\/www.campa.com.mx\/site\/#\/schema\/person\/5bf1874b81661ed013f5aa29df30761c\",\"name\":\"campa\",\"image\":{\"@type\":\"ImageObject\",\"inLanguage\":\"es\",\"@id\":\"https:\/\/www.campa.com.mx\/site\/#\/schema\/person\/image\/\",\"url\":\"https:\/\/secure.gravatar.com\/avatar\/921e6e5cffb9d78857948e938192591b9fd4168d0b55cc795582b49d9dc52bb1?s=96&d=mm&r=g\",\"contentUrl\":\"https:\/\/secure.gravatar.com\/avatar\/921e6e5cffb9d78857948e938192591b9fd4168d0b55cc795582b49d9dc52bb1?s=96&d=mm&r=g\",\"caption\":\"campa\"}}]}<\/script>\n<!-- \/ Yoast SEO plugin. -->","yoast_head_json":{"title":"TLCAN cumple 25 a\u00f1os - Campa","robots":{"index":"index","follow":"follow","max-snippet":"max-snippet:-1","max-image-preview":"max-image-preview:large","max-video-preview":"max-video-preview:-1"},"canonical":"https:\/\/www.campa.com.mx\/site\/tlcan-cumple-25-anos\/","og_locale":"es_ES","og_type":"article","og_title":"TLCAN cumple 25 a\u00f1os - Campa","og_description":"El TLCAN fue modernizado en noviembre de 2018 con la firma del Tratado M\u00e9xico-Estados Unidos-Canad\u00e1. Hoy 1 de enero se conmemora el 25 aniversario del Tratado de Libre Comercio de Am\u00e9rica del Norte (TLCAN), instrumento que entr\u00f3 en vigor en [&hellip;]","og_url":"https:\/\/www.campa.com.mx\/site\/tlcan-cumple-25-anos\/","og_site_name":"Campa","article_publisher":"https:\/\/www.facebook.com\/MovimientoAnexo24","article_published_time":"2019-01-02T18:50:15+00:00","og_image":[{"width":1200,"height":628,"url":"https:\/\/www.campa.com.mx\/site\/wp-content\/uploads\/2019\/01\/facebook.png","type":"image\/png"}],"author":"campa","twitter_card":"summary_large_image","twitter_creator":"@artycampa","twitter_site":"@artycampa","twitter_misc":{"Escrito por":"campa","Tiempo de lectura":"2 minutos"},"schema":{"@context":"https:\/\/schema.org","@graph":[{"@type":"WebPage","@id":"https:\/\/www.campa.com.mx\/site\/tlcan-cumple-25-anos\/","url":"https:\/\/www.campa.com.mx\/site\/tlcan-cumple-25-anos\/","name":"TLCAN cumple 25 a\u00f1os - Campa","isPartOf":{"@id":"https:\/\/www.campa.com.mx\/site\/#website"},"datePublished":"2019-01-02T18:50:15+00:00","dateModified":"2019-01-02T18:50:15+00:00","author":{"@id":"https:\/\/www.campa.com.mx\/site\/#\/schema\/person\/5bf1874b81661ed013f5aa29df30761c"},"breadcrumb":{"@id":"https:\/\/www.campa.com.mx\/site\/tlcan-cumple-25-anos\/#breadcrumb"},"inLanguage":"es","potentialAction":[{"@type":"ReadAction","target":["https:\/\/www.campa.com.mx\/site\/tlcan-cumple-25-anos\/"]}]},{"@type":"BreadcrumbList","@id":"https:\/\/www.campa.com.mx\/site\/tlcan-cumple-25-anos\/#breadcrumb","itemListElement":[{"@type":"ListItem","position":1,"name":"Portada","item":"https:\/\/www.campa.com.mx\/site\/"},{"@type":"ListItem","position":2,"name":"TLCAN cumple 25 a\u00f1os"}]},{"@type":"WebSite","@id":"https:\/\/www.campa.com.mx\/site\/#website","url":"https:\/\/www.campa.com.mx\/site\/","name":"Campa","description":"Tecnolog\u00eda - Comercio Exterior - Servicios","potentialAction":[{"@type":"SearchAction","target":{"@type":"EntryPoint","urlTemplate":"https:\/\/www.campa.com.mx\/site\/?s={search_term_string}"},"query-input":"required name=search_term_string"}],"inLanguage":"es"},{"@type":"Person","@id":"https:\/\/www.campa.com.mx\/site\/#\/schema\/person\/5bf1874b81661ed013f5aa29df30761c","name":"campa","image":{"@type":"ImageObject","inLanguage":"es","@id":"https:\/\/www.campa.com.mx\/site\/#\/schema\/person\/image\/","url":"https:\/\/secure.gravatar.com\/avatar\/921e6e5cffb9d78857948e938192591b9fd4168d0b55cc795582b49d9dc52bb1?s=96&d=mm&r=g","contentUrl":"https:\/\/secure.gravatar.com\/avatar\/921e6e5cffb9d78857948e938192591b9fd4168d0b55cc795582b49d9dc52bb1?s=96&d=mm&r=g","caption":"campa"}}]}},"jetpack_featured_media_url":"https:\/\/www.campa.com.mx\/site\/wp-content\/uploads\/2019\/01\/facebook.png","jetpack_sharing_enabled":true,"_links":{"self":[{"href":"https:\/\/www.campa.com.mx\/site\/wp-json\/wp\/v2\/posts\/3759","targetHints":{"allow":["GET"]}}],"collection":[{"href":"https:\/\/www.campa.com.mx\/site\/wp-json\/wp\/v2\/posts"}],"about":[{"href":"https:\/\/www.campa.com.mx\/site\/wp-json\/wp\/v2\/types\/post"}],"author":[{"embeddable":true,"href":"https:\/\/www.campa.com.mx\/site\/wp-json\/wp\/v2\/users\/1"}],"replies":[{"embeddable":true,"href":"https:\/\/www.campa.com.mx\/site\/wp-json\/wp\/v2\/comments?post=3759"}],"version-history":[{"count":1,"href":"https:\/\/www.campa.com.mx\/site\/wp-json\/wp\/v2\/posts\/3759\/revisions"}],"predecessor-version":[{"id":3761,"href":"https:\/\/www.campa.com.mx\/site\/wp-json\/wp\/v2\/posts\/3759\/revisions\/3761"}],"wp:featuredmedia":[{"embeddable":true,"href":"https:\/\/www.campa.com.mx\/site\/wp-json\/wp\/v2\/media\/3760"}],"wp:attachment":[{"href":"https:\/\/www.campa.com.mx\/site\/wp-json\/wp\/v2\/media?parent=3759"}],"wp:term":[{"taxonomy":"category","embeddable":true,"href":"https:\/\/www.campa.com.mx\/site\/wp-json\/wp\/v2\/categories?post=3759"},{"taxonomy":"post_tag","embeddable":true,"href":"https:\/\/www.campa.com.mx\/site\/wp-json\/wp\/v2\/tags?post=3759"}],"curies":[{"name":"wp","href":"https:\/\/api.w.org\/{rel}","templated":true}]}}