{"id":3765,"date":"2019-01-04T11:13:50","date_gmt":"2019-01-04T17:13:50","guid":{"rendered":"http:\/\/www.campa.com.mx\/site\/?p=3765"},"modified":"2019-01-04T11:18:46","modified_gmt":"2019-01-04T17:18:46","slug":"cptpp-modificacion-al-apendice-8-del-anexo-22","status":"publish","type":"post","link":"https:\/\/www.campa.com.mx\/site\/cptpp-modificacion-al-apendice-8-del-anexo-22\/","title":{"rendered":"CPTPP &#8211; Modificaci\u00f3n al Ap\u00e9ndice 8 del Anexo 22"},"content":{"rendered":"<p>TRATADO INTEGRAL Y PROGRESISTA DE ASOCIACI\u00d3N TRANSPAC\u00cdFICO Derivado de la publicaci\u00f3n de la Resoluci\u00f3n que establece las Reglas de car\u00e1cter general relativas a la aplicaci\u00f3n de las disposiciones en materia aduanera del Tratado Integral y Progresista de Asociaci\u00f3n Transpac\u00edfico y su anexo, en el Diario Oficial de la Federaci\u00f3n del 28 de diciembre de 2018, misma que establece que entra en vigor el 30 del presente mes y a\u00f1o, se solicit\u00f3 a la Administraci\u00f3n General Jur\u00eddica la modificaci\u00f3n al Ap\u00e9ndice 8 del Anexo 22, a fin de que sean publicadas, como sigue:<\/p>\n<p><img loading=\"lazy\" decoding=\"async\" class=\"alignnone wp-image-3766\" src=\"http:\/\/www.campa.com.mx\/site\/wp-content\/uploads\/2019\/01\/Captura-de-pantalla-2019-01-04-a-las-11.11.24.png\" alt=\"\" width=\"857\" height=\"594\" srcset=\"https:\/\/www.campa.com.mx\/site\/wp-content\/uploads\/2019\/01\/Captura-de-pantalla-2019-01-04-a-las-11.11.24.png 845w, https:\/\/www.campa.com.mx\/site\/wp-content\/uploads\/2019\/01\/Captura-de-pantalla-2019-01-04-a-las-11.11.24-300x208.png 300w, https:\/\/www.campa.com.mx\/site\/wp-content\/uploads\/2019\/01\/Captura-de-pantalla-2019-01-04-a-las-11.11.24-768x533.png 768w\" sizes=\"auto, (max-width: 857px) 100vw, 857px\" \/> <img loading=\"lazy\" decoding=\"async\" class=\"alignnone size-full wp-image-3767\" src=\"http:\/\/www.campa.com.mx\/site\/wp-content\/uploads\/2019\/01\/Captura-de-pantalla-2019-01-04-a-las-11.11.32.png\" alt=\"\" width=\"857\" height=\"203\" srcset=\"https:\/\/www.campa.com.mx\/site\/wp-content\/uploads\/2019\/01\/Captura-de-pantalla-2019-01-04-a-las-11.11.32.png 857w, https:\/\/www.campa.com.mx\/site\/wp-content\/uploads\/2019\/01\/Captura-de-pantalla-2019-01-04-a-las-11.11.32-300x71.png 300w, https:\/\/www.campa.com.mx\/site\/wp-content\/uploads\/2019\/01\/Captura-de-pantalla-2019-01-04-a-las-11.11.32-768x182.png 768w\" sizes=\"auto, (max-width: 857px) 100vw, 857px\" \/><\/p>\n","protected":false},"excerpt":{"rendered":"<p>TRATADO INTEGRAL Y PROGRESISTA DE ASOCIACI\u00d3N TRANSPAC\u00cdFICO Derivado de la publicaci\u00f3n de la Resoluci\u00f3n que establece las Reglas de car\u00e1cter general relativas a la aplicaci\u00f3n de las disposiciones en materia aduanera del Tratado Integral y Progresista de Asociaci\u00f3n Transpac\u00edfico y [&hellip;]<\/p>\n","protected":false},"author":1,"featured_media":3768,"comment_status":"open","ping_status":"open","sticky":false,"template":"","format":"standard","meta":{"inline_featured_image":false,"_jetpack_memberships_contains_paid_content":false,"footnotes":""},"categories":[174],"tags":[30,39,97,952,951,258,201,8,332],"class_list":["post-3765","post","type-post","status-publish","format-standard","has-post-thumbnail","hentry","category-publicaciones-d-o-f","tag-anexo-24","tag-anexo-31","tag-anexo-31-immex-queretaro","tag-cptpp-modificacion-al-apendice-8-del-anexo-22","tag-di","tag-diario-oficial-de-la-federacion-dof","tag-dof","tag-immex","tag-publicaciones-dof"],"yoast_head":"<!-- This site is optimized with the Yoast SEO plugin v20.9 - https:\/\/yoast.com\/wordpress\/plugins\/seo\/ -->\n<title>CPTPP - Modificaci\u00f3n al Ap\u00e9ndice 8 del Anexo 22 - Campa<\/title>\n<meta name=\"robots\" content=\"index, follow, max-snippet:-1, max-image-preview:large, max-video-preview:-1\" \/>\n<link rel=\"canonical\" href=\"https:\/\/www.campa.com.mx\/site\/cptpp-modificacion-al-apendice-8-del-anexo-22\/\" \/>\n<meta property=\"og:locale\" content=\"es_ES\" \/>\n<meta property=\"og:type\" content=\"article\" \/>\n<meta property=\"og:title\" content=\"CPTPP - Modificaci\u00f3n al Ap\u00e9ndice 8 del Anexo 22 - Campa\" \/>\n<meta property=\"og:description\" content=\"TRATADO INTEGRAL Y PROGRESISTA DE ASOCIACI\u00d3N TRANSPAC\u00cdFICO Derivado de la publicaci\u00f3n de la Resoluci\u00f3n que establece las Reglas de car\u00e1cter general relativas a la aplicaci\u00f3n de las disposiciones en materia aduanera del Tratado Integral y Progresista de Asociaci\u00f3n Transpac\u00edfico y [&hellip;]\" \/>\n<meta property=\"og:url\" content=\"https:\/\/www.campa.com.mx\/site\/cptpp-modificacion-al-apendice-8-del-anexo-22\/\" \/>\n<meta property=\"og:site_name\" content=\"Campa\" \/>\n<meta property=\"article:publisher\" content=\"https:\/\/www.facebook.com\/MovimientoAnexo24\" \/>\n<meta property=\"article:published_time\" content=\"2019-01-04T17:13:50+00:00\" \/>\n<meta property=\"article:modified_time\" content=\"2019-01-04T17:18:46+00:00\" \/>\n<meta property=\"og:image\" content=\"https:\/\/www.campa.com.mx\/site\/wp-content\/uploads\/2019\/01\/Captura-de-pantalla-2019-01-04-a-las-11.09.35.png\" \/>\n\t<meta property=\"og:image:width\" content=\"1193\" \/>\n\t<meta property=\"og:image:height\" content=\"619\" \/>\n\t<meta property=\"og:image:type\" content=\"image\/png\" \/>\n<meta name=\"author\" content=\"campa\" \/>\n<meta name=\"twitter:card\" content=\"summary_large_image\" \/>\n<meta name=\"twitter:creator\" content=\"@artycampa\" \/>\n<meta name=\"twitter:site\" content=\"@artycampa\" \/>\n<meta name=\"twitter:label1\" content=\"Escrito por\" \/>\n\t<meta name=\"twitter:data1\" content=\"campa\" \/>\n\t<meta name=\"twitter:label2\" content=\"Tiempo de lectura\" \/>\n\t<meta name=\"twitter:data2\" content=\"1 minuto\" \/>\n<script type=\"application\/ld+json\" class=\"yoast-schema-graph\">{\"@context\":\"https:\/\/schema.org\",\"@graph\":[{\"@type\":\"WebPage\",\"@id\":\"https:\/\/www.campa.com.mx\/site\/cptpp-modificacion-al-apendice-8-del-anexo-22\/\",\"url\":\"https:\/\/www.campa.com.mx\/site\/cptpp-modificacion-al-apendice-8-del-anexo-22\/\",\"name\":\"CPTPP - Modificaci\u00f3n al Ap\u00e9ndice 8 del Anexo 22 - Campa\",\"isPartOf\":{\"@id\":\"https:\/\/www.campa.com.mx\/site\/#website\"},\"datePublished\":\"2019-01-04T17:13:50+00:00\",\"dateModified\":\"2019-01-04T17:18:46+00:00\",\"author\":{\"@id\":\"https:\/\/www.campa.com.mx\/site\/#\/schema\/person\/5bf1874b81661ed013f5aa29df30761c\"},\"breadcrumb\":{\"@id\":\"https:\/\/www.campa.com.mx\/site\/cptpp-modificacion-al-apendice-8-del-anexo-22\/#breadcrumb\"},\"inLanguage\":\"es\",\"potentialAction\":[{\"@type\":\"ReadAction\",\"target\":[\"https:\/\/www.campa.com.mx\/site\/cptpp-modificacion-al-apendice-8-del-anexo-22\/\"]}]},{\"@type\":\"BreadcrumbList\",\"@id\":\"https:\/\/www.campa.com.mx\/site\/cptpp-modificacion-al-apendice-8-del-anexo-22\/#breadcrumb\",\"itemListElement\":[{\"@type\":\"ListItem\",\"position\":1,\"name\":\"Portada\",\"item\":\"https:\/\/www.campa.com.mx\/site\/\"},{\"@type\":\"ListItem\",\"position\":2,\"name\":\"CPTPP &#8211; Modificaci\u00f3n al Ap\u00e9ndice 8 del Anexo 22\"}]},{\"@type\":\"WebSite\",\"@id\":\"https:\/\/www.campa.com.mx\/site\/#website\",\"url\":\"https:\/\/www.campa.com.mx\/site\/\",\"name\":\"Campa\",\"description\":\"Tecnolog\u00eda - Comercio Exterior - Servicios\",\"potentialAction\":[{\"@type\":\"SearchAction\",\"target\":{\"@type\":\"EntryPoint\",\"urlTemplate\":\"https:\/\/www.campa.com.mx\/site\/?s={search_term_string}\"},\"query-input\":\"required name=search_term_string\"}],\"inLanguage\":\"es\"},{\"@type\":\"Person\",\"@id\":\"https:\/\/www.campa.com.mx\/site\/#\/schema\/person\/5bf1874b81661ed013f5aa29df30761c\",\"name\":\"campa\",\"image\":{\"@type\":\"ImageObject\",\"inLanguage\":\"es\",\"@id\":\"https:\/\/www.campa.com.mx\/site\/#\/schema\/person\/image\/\",\"url\":\"https:\/\/secure.gravatar.com\/avatar\/921e6e5cffb9d78857948e938192591b9fd4168d0b55cc795582b49d9dc52bb1?s=96&d=mm&r=g\",\"contentUrl\":\"https:\/\/secure.gravatar.com\/avatar\/921e6e5cffb9d78857948e938192591b9fd4168d0b55cc795582b49d9dc52bb1?s=96&d=mm&r=g\",\"caption\":\"campa\"}}]}<\/script>\n<!-- \/ Yoast SEO plugin. -->","yoast_head_json":{"title":"CPTPP - Modificaci\u00f3n al Ap\u00e9ndice 8 del Anexo 22 - Campa","robots":{"index":"index","follow":"follow","max-snippet":"max-snippet:-1","max-image-preview":"max-image-preview:large","max-video-preview":"max-video-preview:-1"},"canonical":"https:\/\/www.campa.com.mx\/site\/cptpp-modificacion-al-apendice-8-del-anexo-22\/","og_locale":"es_ES","og_type":"article","og_title":"CPTPP - Modificaci\u00f3n al Ap\u00e9ndice 8 del Anexo 22 - Campa","og_description":"TRATADO INTEGRAL Y PROGRESISTA DE ASOCIACI\u00d3N TRANSPAC\u00cdFICO Derivado de la publicaci\u00f3n de la Resoluci\u00f3n que establece las Reglas de car\u00e1cter general relativas a la aplicaci\u00f3n de las disposiciones en materia aduanera del Tratado Integral y Progresista de Asociaci\u00f3n Transpac\u00edfico y [&hellip;]","og_url":"https:\/\/www.campa.com.mx\/site\/cptpp-modificacion-al-apendice-8-del-anexo-22\/","og_site_name":"Campa","article_publisher":"https:\/\/www.facebook.com\/MovimientoAnexo24","article_published_time":"2019-01-04T17:13:50+00:00","article_modified_time":"2019-01-04T17:18:46+00:00","og_image":[{"width":1193,"height":619,"url":"https:\/\/www.campa.com.mx\/site\/wp-content\/uploads\/2019\/01\/Captura-de-pantalla-2019-01-04-a-las-11.09.35.png","type":"image\/png"}],"author":"campa","twitter_card":"summary_large_image","twitter_creator":"@artycampa","twitter_site":"@artycampa","twitter_misc":{"Escrito por":"campa","Tiempo de lectura":"1 minuto"},"schema":{"@context":"https:\/\/schema.org","@graph":[{"@type":"WebPage","@id":"https:\/\/www.campa.com.mx\/site\/cptpp-modificacion-al-apendice-8-del-anexo-22\/","url":"https:\/\/www.campa.com.mx\/site\/cptpp-modificacion-al-apendice-8-del-anexo-22\/","name":"CPTPP - Modificaci\u00f3n al Ap\u00e9ndice 8 del Anexo 22 - Campa","isPartOf":{"@id":"https:\/\/www.campa.com.mx\/site\/#website"},"datePublished":"2019-01-04T17:13:50+00:00","dateModified":"2019-01-04T17:18:46+00:00","author":{"@id":"https:\/\/www.campa.com.mx\/site\/#\/schema\/person\/5bf1874b81661ed013f5aa29df30761c"},"breadcrumb":{"@id":"https:\/\/www.campa.com.mx\/site\/cptpp-modificacion-al-apendice-8-del-anexo-22\/#breadcrumb"},"inLanguage":"es","potentialAction":[{"@type":"ReadAction","target":["https:\/\/www.campa.com.mx\/site\/cptpp-modificacion-al-apendice-8-del-anexo-22\/"]}]},{"@type":"BreadcrumbList","@id":"https:\/\/www.campa.com.mx\/site\/cptpp-modificacion-al-apendice-8-del-anexo-22\/#breadcrumb","itemListElement":[{"@type":"ListItem","position":1,"name":"Portada","item":"https:\/\/www.campa.com.mx\/site\/"},{"@type":"ListItem","position":2,"name":"CPTPP &#8211; Modificaci\u00f3n al Ap\u00e9ndice 8 del Anexo 22"}]},{"@type":"WebSite","@id":"https:\/\/www.campa.com.mx\/site\/#website","url":"https:\/\/www.campa.com.mx\/site\/","name":"Campa","description":"Tecnolog\u00eda - Comercio Exterior - Servicios","potentialAction":[{"@type":"SearchAction","target":{"@type":"EntryPoint","urlTemplate":"https:\/\/www.campa.com.mx\/site\/?s={search_term_string}"},"query-input":"required name=search_term_string"}],"inLanguage":"es"},{"@type":"Person","@id":"https:\/\/www.campa.com.mx\/site\/#\/schema\/person\/5bf1874b81661ed013f5aa29df30761c","name":"campa","image":{"@type":"ImageObject","inLanguage":"es","@id":"https:\/\/www.campa.com.mx\/site\/#\/schema\/person\/image\/","url":"https:\/\/secure.gravatar.com\/avatar\/921e6e5cffb9d78857948e938192591b9fd4168d0b55cc795582b49d9dc52bb1?s=96&d=mm&r=g","contentUrl":"https:\/\/secure.gravatar.com\/avatar\/921e6e5cffb9d78857948e938192591b9fd4168d0b55cc795582b49d9dc52bb1?s=96&d=mm&r=g","caption":"campa"}}]}},"jetpack_featured_media_url":"https:\/\/www.campa.com.mx\/site\/wp-content\/uploads\/2019\/01\/Captura-de-pantalla-2019-01-04-a-las-11.09.35.png","jetpack_sharing_enabled":true,"_links":{"self":[{"href":"https:\/\/www.campa.com.mx\/site\/wp-json\/wp\/v2\/posts\/3765","targetHints":{"allow":["GET"]}}],"collection":[{"href":"https:\/\/www.campa.com.mx\/site\/wp-json\/wp\/v2\/posts"}],"about":[{"href":"https:\/\/www.campa.com.mx\/site\/wp-json\/wp\/v2\/types\/post"}],"author":[{"embeddable":true,"href":"https:\/\/www.campa.com.mx\/site\/wp-json\/wp\/v2\/users\/1"}],"replies":[{"embeddable":true,"href":"https:\/\/www.campa.com.mx\/site\/wp-json\/wp\/v2\/comments?post=3765"}],"version-history":[{"count":1,"href":"https:\/\/www.campa.com.mx\/site\/wp-json\/wp\/v2\/posts\/3765\/revisions"}],"predecessor-version":[{"id":3769,"href":"https:\/\/www.campa.com.mx\/site\/wp-json\/wp\/v2\/posts\/3765\/revisions\/3769"}],"wp:featuredmedia":[{"embeddable":true,"href":"https:\/\/www.campa.com.mx\/site\/wp-json\/wp\/v2\/media\/3768"}],"wp:attachment":[{"href":"https:\/\/www.campa.com.mx\/site\/wp-json\/wp\/v2\/media?parent=3765"}],"wp:term":[{"taxonomy":"category","embeddable":true,"href":"https:\/\/www.campa.com.mx\/site\/wp-json\/wp\/v2\/categories?post=3765"},{"taxonomy":"post_tag","embeddable":true,"href":"https:\/\/www.campa.com.mx\/site\/wp-json\/wp\/v2\/tags?post=3765"}],"curies":[{"name":"wp","href":"https:\/\/api.w.org\/{rel}","templated":true}]}}