{"id":3770,"date":"2019-01-08T09:28:29","date_gmt":"2019-01-08T15:28:29","guid":{"rendered":"http:\/\/www.campa.com.mx\/site\/?p=3770"},"modified":"2019-01-08T09:28:29","modified_gmt":"2019-01-08T15:28:29","slug":"inicio-de-implementacion-pita-carga-en-la-aduana-de-reynosa","status":"publish","type":"post","link":"https:\/\/www.campa.com.mx\/site\/inicio-de-implementacion-pita-carga-en-la-aduana-de-reynosa\/","title":{"rendered":"Inicio de implementaci\u00f3n PITA-Carga en la aduana de Reynosa"},"content":{"rendered":"<p style=\"text-align: justify;\">Continuando con las actividades desarrolladas por el Servicio de Administraci\u00f3n Tributaria para fortalecer la modernizaci\u00f3n aduanera, se hace del conocimiento de los usuarios de comercio exterior que, a partir del 7 de enero del a\u00f1o en curso, inicia el periodo de implementaci\u00f3n de la iniciativa de carga del Proyecto de Integraci\u00f3n Tecnol\u00f3gica Aduanera (PITA) en la aduana de Reynosa para operaciones de importaci\u00f3n y exportaci\u00f3n.<\/p>\n<p style=\"text-align: justify;\">Al respecto, se reitera a los usuarios de estas aduanas que los pedimentos de importaci\u00f3n y exportaci\u00f3n que se procesen mediante esta iniciativa, estar\u00e1n asociados al n\u00famero de integraci\u00f3n PITA, mismo que puede obtenerse mediante el portal del SAT, marcando la opci\u00f3n: \u201cDespacho aduanero PITA\u201d o mediante web service en la direcci\u00f3n: https:\/\/200.57.3.82:3443\/AdministradorQr\/WebServiceIntegracionPort Para efectuar el despacho de las mercanc\u00edas, se deber\u00e1 presentar ante la aduana, el medio de control (gafete \u00fanico de identificaci\u00f3n, provisto por VUCEM).<\/p>\n<p style=\"text-align: justify;\">En caso de dudas relacionadas con la operaci\u00f3n de los sistemas que soportan la iniciativa, \u00e9stas ser\u00e1n atendidas por la Administraci\u00f3n Central de Modernizaci\u00f3n Aduanera mediante correo electr\u00f3nico a las siguientes direcciones: soporteacma@sat.gob.mx, modernizacionaduanera@sat.gob.mx, pita@sat.gob.mx, blanca.silva@sat.gob.mx, claudia.rios@sat.gob.mx, maria.lopez@sat.gob.mx, adriana.zeron@sat.gob.mx Sin otro particular, reciban un cordial saludo.<\/p>\n","protected":false},"excerpt":{"rendered":"<p>Continuando con las actividades desarrolladas por el Servicio de Administraci\u00f3n Tributaria para fortalecer la modernizaci\u00f3n aduanera, se hace del conocimiento de los usuarios de comercio exterior que, a partir del 7 de enero del a\u00f1o en curso, inicia el periodo [&hellip;]<\/p>\n","protected":false},"author":1,"featured_media":3771,"comment_status":"open","ping_status":"open","sticky":false,"template":"","format":"standard","meta":{"inline_featured_image":false,"_jetpack_memberships_contains_paid_content":false,"footnotes":""},"categories":[174],"tags":[955,953,605,954,9,312],"class_list":["post-3770","post","type-post","status-publish","format-standard","has-post-thumbnail","hentry","category-publicaciones-d-o-f","tag-despacho-aduanero-pita","tag-inicio-de-implementacion-pita-carga-en-la-aduana-de-reynosa","tag-pita","tag-proyecto-de-integracion-tecnologica-aduanera","tag-sat","tag-servicio-de-administracion-tributaria"],"yoast_head":"<!-- This site is optimized with the Yoast SEO plugin v20.9 - https:\/\/yoast.com\/wordpress\/plugins\/seo\/ -->\n<title>Inicio de implementaci\u00f3n PITA-Carga en la aduana de Reynosa - Campa<\/title>\n<meta name=\"robots\" content=\"index, follow, max-snippet:-1, max-image-preview:large, max-video-preview:-1\" \/>\n<link rel=\"canonical\" href=\"https:\/\/www.campa.com.mx\/site\/inicio-de-implementacion-pita-carga-en-la-aduana-de-reynosa\/\" \/>\n<meta property=\"og:locale\" content=\"es_ES\" \/>\n<meta property=\"og:type\" content=\"article\" \/>\n<meta property=\"og:title\" content=\"Inicio de implementaci\u00f3n PITA-Carga en la aduana de Reynosa - Campa\" \/>\n<meta property=\"og:description\" content=\"Continuando con las actividades desarrolladas por el Servicio de Administraci\u00f3n Tributaria para fortalecer la modernizaci\u00f3n aduanera, se hace del conocimiento de los usuarios de comercio exterior que, a partir del 7 de enero del a\u00f1o en curso, inicia el periodo [&hellip;]\" \/>\n<meta property=\"og:url\" content=\"https:\/\/www.campa.com.mx\/site\/inicio-de-implementacion-pita-carga-en-la-aduana-de-reynosa\/\" \/>\n<meta property=\"og:site_name\" content=\"Campa\" \/>\n<meta property=\"article:publisher\" content=\"https:\/\/www.facebook.com\/MovimientoAnexo24\" \/>\n<meta property=\"article:published_time\" content=\"2019-01-08T15:28:29+00:00\" \/>\n<meta property=\"og:image\" content=\"https:\/\/www.campa.com.mx\/site\/wp-content\/uploads\/2019\/01\/imagen.png\" \/>\n\t<meta property=\"og:image:width\" content=\"1195\" \/>\n\t<meta property=\"og:image:height\" content=\"622\" \/>\n\t<meta property=\"og:image:type\" content=\"image\/png\" \/>\n<meta name=\"author\" content=\"campa\" \/>\n<meta name=\"twitter:card\" content=\"summary_large_image\" \/>\n<meta name=\"twitter:creator\" content=\"@artycampa\" \/>\n<meta name=\"twitter:site\" content=\"@artycampa\" \/>\n<meta name=\"twitter:label1\" content=\"Escrito por\" \/>\n\t<meta name=\"twitter:data1\" content=\"campa\" \/>\n\t<meta name=\"twitter:label2\" content=\"Tiempo de lectura\" \/>\n\t<meta name=\"twitter:data2\" content=\"1 minuto\" \/>\n<script type=\"application\/ld+json\" class=\"yoast-schema-graph\">{\"@context\":\"https:\/\/schema.org\",\"@graph\":[{\"@type\":\"WebPage\",\"@id\":\"https:\/\/www.campa.com.mx\/site\/inicio-de-implementacion-pita-carga-en-la-aduana-de-reynosa\/\",\"url\":\"https:\/\/www.campa.com.mx\/site\/inicio-de-implementacion-pita-carga-en-la-aduana-de-reynosa\/\",\"name\":\"Inicio de implementaci\u00f3n PITA-Carga en la aduana de Reynosa - Campa\",\"isPartOf\":{\"@id\":\"https:\/\/www.campa.com.mx\/site\/#website\"},\"datePublished\":\"2019-01-08T15:28:29+00:00\",\"dateModified\":\"2019-01-08T15:28:29+00:00\",\"author\":{\"@id\":\"https:\/\/www.campa.com.mx\/site\/#\/schema\/person\/5bf1874b81661ed013f5aa29df30761c\"},\"breadcrumb\":{\"@id\":\"https:\/\/www.campa.com.mx\/site\/inicio-de-implementacion-pita-carga-en-la-aduana-de-reynosa\/#breadcrumb\"},\"inLanguage\":\"es\",\"potentialAction\":[{\"@type\":\"ReadAction\",\"target\":[\"https:\/\/www.campa.com.mx\/site\/inicio-de-implementacion-pita-carga-en-la-aduana-de-reynosa\/\"]}]},{\"@type\":\"BreadcrumbList\",\"@id\":\"https:\/\/www.campa.com.mx\/site\/inicio-de-implementacion-pita-carga-en-la-aduana-de-reynosa\/#breadcrumb\",\"itemListElement\":[{\"@type\":\"ListItem\",\"position\":1,\"name\":\"Portada\",\"item\":\"https:\/\/www.campa.com.mx\/site\/\"},{\"@type\":\"ListItem\",\"position\":2,\"name\":\"Inicio de implementaci\u00f3n PITA-Carga en la aduana de Reynosa\"}]},{\"@type\":\"WebSite\",\"@id\":\"https:\/\/www.campa.com.mx\/site\/#website\",\"url\":\"https:\/\/www.campa.com.mx\/site\/\",\"name\":\"Campa\",\"description\":\"Tecnolog\u00eda - Comercio Exterior - Servicios\",\"potentialAction\":[{\"@type\":\"SearchAction\",\"target\":{\"@type\":\"EntryPoint\",\"urlTemplate\":\"https:\/\/www.campa.com.mx\/site\/?s={search_term_string}\"},\"query-input\":\"required name=search_term_string\"}],\"inLanguage\":\"es\"},{\"@type\":\"Person\",\"@id\":\"https:\/\/www.campa.com.mx\/site\/#\/schema\/person\/5bf1874b81661ed013f5aa29df30761c\",\"name\":\"campa\",\"image\":{\"@type\":\"ImageObject\",\"inLanguage\":\"es\",\"@id\":\"https:\/\/www.campa.com.mx\/site\/#\/schema\/person\/image\/\",\"url\":\"https:\/\/secure.gravatar.com\/avatar\/921e6e5cffb9d78857948e938192591b9fd4168d0b55cc795582b49d9dc52bb1?s=96&d=mm&r=g\",\"contentUrl\":\"https:\/\/secure.gravatar.com\/avatar\/921e6e5cffb9d78857948e938192591b9fd4168d0b55cc795582b49d9dc52bb1?s=96&d=mm&r=g\",\"caption\":\"campa\"}}]}<\/script>\n<!-- \/ Yoast SEO plugin. -->","yoast_head_json":{"title":"Inicio de implementaci\u00f3n PITA-Carga en la aduana de Reynosa - Campa","robots":{"index":"index","follow":"follow","max-snippet":"max-snippet:-1","max-image-preview":"max-image-preview:large","max-video-preview":"max-video-preview:-1"},"canonical":"https:\/\/www.campa.com.mx\/site\/inicio-de-implementacion-pita-carga-en-la-aduana-de-reynosa\/","og_locale":"es_ES","og_type":"article","og_title":"Inicio de implementaci\u00f3n PITA-Carga en la aduana de Reynosa - Campa","og_description":"Continuando con las actividades desarrolladas por el Servicio de Administraci\u00f3n Tributaria para fortalecer la modernizaci\u00f3n aduanera, se hace del conocimiento de los usuarios de comercio exterior que, a partir del 7 de enero del a\u00f1o en curso, inicia el periodo [&hellip;]","og_url":"https:\/\/www.campa.com.mx\/site\/inicio-de-implementacion-pita-carga-en-la-aduana-de-reynosa\/","og_site_name":"Campa","article_publisher":"https:\/\/www.facebook.com\/MovimientoAnexo24","article_published_time":"2019-01-08T15:28:29+00:00","og_image":[{"width":1195,"height":622,"url":"https:\/\/www.campa.com.mx\/site\/wp-content\/uploads\/2019\/01\/imagen.png","type":"image\/png"}],"author":"campa","twitter_card":"summary_large_image","twitter_creator":"@artycampa","twitter_site":"@artycampa","twitter_misc":{"Escrito por":"campa","Tiempo de lectura":"1 minuto"},"schema":{"@context":"https:\/\/schema.org","@graph":[{"@type":"WebPage","@id":"https:\/\/www.campa.com.mx\/site\/inicio-de-implementacion-pita-carga-en-la-aduana-de-reynosa\/","url":"https:\/\/www.campa.com.mx\/site\/inicio-de-implementacion-pita-carga-en-la-aduana-de-reynosa\/","name":"Inicio de implementaci\u00f3n PITA-Carga en la aduana de Reynosa - Campa","isPartOf":{"@id":"https:\/\/www.campa.com.mx\/site\/#website"},"datePublished":"2019-01-08T15:28:29+00:00","dateModified":"2019-01-08T15:28:29+00:00","author":{"@id":"https:\/\/www.campa.com.mx\/site\/#\/schema\/person\/5bf1874b81661ed013f5aa29df30761c"},"breadcrumb":{"@id":"https:\/\/www.campa.com.mx\/site\/inicio-de-implementacion-pita-carga-en-la-aduana-de-reynosa\/#breadcrumb"},"inLanguage":"es","potentialAction":[{"@type":"ReadAction","target":["https:\/\/www.campa.com.mx\/site\/inicio-de-implementacion-pita-carga-en-la-aduana-de-reynosa\/"]}]},{"@type":"BreadcrumbList","@id":"https:\/\/www.campa.com.mx\/site\/inicio-de-implementacion-pita-carga-en-la-aduana-de-reynosa\/#breadcrumb","itemListElement":[{"@type":"ListItem","position":1,"name":"Portada","item":"https:\/\/www.campa.com.mx\/site\/"},{"@type":"ListItem","position":2,"name":"Inicio de implementaci\u00f3n PITA-Carga en la aduana de Reynosa"}]},{"@type":"WebSite","@id":"https:\/\/www.campa.com.mx\/site\/#website","url":"https:\/\/www.campa.com.mx\/site\/","name":"Campa","description":"Tecnolog\u00eda - Comercio Exterior - Servicios","potentialAction":[{"@type":"SearchAction","target":{"@type":"EntryPoint","urlTemplate":"https:\/\/www.campa.com.mx\/site\/?s={search_term_string}"},"query-input":"required name=search_term_string"}],"inLanguage":"es"},{"@type":"Person","@id":"https:\/\/www.campa.com.mx\/site\/#\/schema\/person\/5bf1874b81661ed013f5aa29df30761c","name":"campa","image":{"@type":"ImageObject","inLanguage":"es","@id":"https:\/\/www.campa.com.mx\/site\/#\/schema\/person\/image\/","url":"https:\/\/secure.gravatar.com\/avatar\/921e6e5cffb9d78857948e938192591b9fd4168d0b55cc795582b49d9dc52bb1?s=96&d=mm&r=g","contentUrl":"https:\/\/secure.gravatar.com\/avatar\/921e6e5cffb9d78857948e938192591b9fd4168d0b55cc795582b49d9dc52bb1?s=96&d=mm&r=g","caption":"campa"}}]}},"jetpack_featured_media_url":"https:\/\/www.campa.com.mx\/site\/wp-content\/uploads\/2019\/01\/imagen.png","jetpack_sharing_enabled":true,"_links":{"self":[{"href":"https:\/\/www.campa.com.mx\/site\/wp-json\/wp\/v2\/posts\/3770","targetHints":{"allow":["GET"]}}],"collection":[{"href":"https:\/\/www.campa.com.mx\/site\/wp-json\/wp\/v2\/posts"}],"about":[{"href":"https:\/\/www.campa.com.mx\/site\/wp-json\/wp\/v2\/types\/post"}],"author":[{"embeddable":true,"href":"https:\/\/www.campa.com.mx\/site\/wp-json\/wp\/v2\/users\/1"}],"replies":[{"embeddable":true,"href":"https:\/\/www.campa.com.mx\/site\/wp-json\/wp\/v2\/comments?post=3770"}],"version-history":[{"count":1,"href":"https:\/\/www.campa.com.mx\/site\/wp-json\/wp\/v2\/posts\/3770\/revisions"}],"predecessor-version":[{"id":3772,"href":"https:\/\/www.campa.com.mx\/site\/wp-json\/wp\/v2\/posts\/3770\/revisions\/3772"}],"wp:featuredmedia":[{"embeddable":true,"href":"https:\/\/www.campa.com.mx\/site\/wp-json\/wp\/v2\/media\/3771"}],"wp:attachment":[{"href":"https:\/\/www.campa.com.mx\/site\/wp-json\/wp\/v2\/media?parent=3770"}],"wp:term":[{"taxonomy":"category","embeddable":true,"href":"https:\/\/www.campa.com.mx\/site\/wp-json\/wp\/v2\/categories?post=3770"},{"taxonomy":"post_tag","embeddable":true,"href":"https:\/\/www.campa.com.mx\/site\/wp-json\/wp\/v2\/tags?post=3770"}],"curies":[{"name":"wp","href":"https:\/\/api.w.org\/{rel}","templated":true}]}}