{"id":3774,"date":"2019-01-11T12:28:54","date_gmt":"2019-01-11T18:28:54","guid":{"rendered":"http:\/\/www.campa.com.mx\/site\/?p=3774"},"modified":"2019-01-11T12:28:54","modified_gmt":"2019-01-11T18:28:54","slug":"ventana-de-tiempo-con-impacto-en-el-aplicativo-base-marcaria-de-aduanas-impi-a-fin-de-realizar-actividades-de-mantenimiento-a-los-servicios","status":"publish","type":"post","link":"https:\/\/www.campa.com.mx\/site\/ventana-de-tiempo-con-impacto-en-el-aplicativo-base-marcaria-de-aduanas-impi-a-fin-de-realizar-actividades-de-mantenimiento-a-los-servicios\/","title":{"rendered":"Ventana de Tiempo con impacto en el aplicativo Base Marcaria de Aduanas (IMPI), a fin de realizar actividades de mantenimiento a los servicios"},"content":{"rendered":"<p>Bolet\u00edn n\u00fam. P005 Ciudad de M\u00e9xico, a 04 de enero de 2019 Asunto: Ventana de Tiempo Por medio del presente se hace de su conocimiento que se llevar\u00e1 a cabo una Ventana de Tiempo con impacto en el aplicativo Base Marcaria de Aduanas (IMPI), a fin de realizar actividades de mantenimiento a los servicios, iniciando el d\u00eda domingo 20 de enero de 2019 a partir de la 01:00 a.m., finalizando el mismo d\u00eda domingo 20 de enero de 2019 a las 7:00 a.m. (hora del centro). Por lo anterior y con la finalidad de prever sus actividades, se informa que durante dicha ventana de tiempo, el aplicativo en menci\u00f3n tendr\u00e1 una afectaci\u00f3n total, por lo que no se podr\u00e1 realizar el registro ni actualizaci\u00f3n de informaci\u00f3n asociada a los folios IMPI en la Base Marcaria de Aduanas. Una vez concluida la ventana de tiempo, en caso de existir alg\u00fan error, favor de reportarlo al personal de la Administraci\u00f3n Central de Modernizaci\u00f3n Aduanera a trav\u00e9s de las siguientes cuentas de correo electr\u00f3nico:<\/p>\n<p><img loading=\"lazy\" decoding=\"async\" class=\"alignnone size-full wp-image-3775\" src=\"http:\/\/www.campa.com.mx\/site\/wp-content\/uploads\/2019\/01\/Captura-de-pantalla-2019-01-11-a-las-12.27.52.png\" alt=\"\" width=\"619\" height=\"648\" srcset=\"https:\/\/www.campa.com.mx\/site\/wp-content\/uploads\/2019\/01\/Captura-de-pantalla-2019-01-11-a-las-12.27.52.png 619w, https:\/\/www.campa.com.mx\/site\/wp-content\/uploads\/2019\/01\/Captura-de-pantalla-2019-01-11-a-las-12.27.52-287x300.png 287w\" sizes=\"auto, (max-width: 619px) 100vw, 619px\" \/><\/p>\n<p>&nbsp;<\/p>\n","protected":false},"excerpt":{"rendered":"<p>Bolet\u00edn n\u00fam. P005 Ciudad de M\u00e9xico, a 04 de enero de 2019 Asunto: Ventana de Tiempo Por medio del presente se hace de su conocimiento que se llevar\u00e1 a cabo una Ventana de Tiempo con impacto en el aplicativo Base [&hellip;]<\/p>\n","protected":false},"author":1,"featured_media":2756,"comment_status":"open","ping_status":"open","sticky":false,"template":"","format":"standard","meta":{"inline_featured_image":false,"_jetpack_memberships_contains_paid_content":false,"footnotes":""},"categories":[1],"tags":[],"class_list":["post-3774","post","type-post","status-publish","format-standard","has-post-thumbnail","hentry","category-campa"],"yoast_head":"<!-- This site is optimized with the Yoast SEO plugin v20.9 - https:\/\/yoast.com\/wordpress\/plugins\/seo\/ -->\n<title>Ventana de Tiempo con impacto en el aplicativo Base Marcaria de Aduanas (IMPI), a fin de realizar actividades de mantenimiento a los servicios - Campa<\/title>\n<meta name=\"robots\" content=\"index, follow, max-snippet:-1, max-image-preview:large, max-video-preview:-1\" \/>\n<link rel=\"canonical\" href=\"https:\/\/www.campa.com.mx\/site\/ventana-de-tiempo-con-impacto-en-el-aplicativo-base-marcaria-de-aduanas-impi-a-fin-de-realizar-actividades-de-mantenimiento-a-los-servicios\/\" \/>\n<meta property=\"og:locale\" content=\"es_ES\" \/>\n<meta property=\"og:type\" content=\"article\" \/>\n<meta property=\"og:title\" content=\"Ventana de Tiempo con impacto en el aplicativo Base Marcaria de Aduanas (IMPI), a fin de realizar actividades de mantenimiento a los servicios - Campa\" \/>\n<meta property=\"og:description\" content=\"Bolet\u00edn n\u00fam. P005 Ciudad de M\u00e9xico, a 04 de enero de 2019 Asunto: Ventana de Tiempo Por medio del presente se hace de su conocimiento que se llevar\u00e1 a cabo una Ventana de Tiempo con impacto en el aplicativo Base [&hellip;]\" \/>\n<meta property=\"og:url\" content=\"https:\/\/www.campa.com.mx\/site\/ventana-de-tiempo-con-impacto-en-el-aplicativo-base-marcaria-de-aduanas-impi-a-fin-de-realizar-actividades-de-mantenimiento-a-los-servicios\/\" \/>\n<meta property=\"og:site_name\" content=\"Campa\" \/>\n<meta property=\"article:publisher\" content=\"https:\/\/www.facebook.com\/MovimientoAnexo24\" \/>\n<meta property=\"article:published_time\" content=\"2019-01-11T18:28:54+00:00\" \/>\n<meta property=\"og:image\" content=\"https:\/\/www.campa.com.mx\/site\/wp-content\/uploads\/2018\/02\/Mantenimiento-en-los-servicios-centrales-SAT-\u2013-MATCE-\u2013-DODA.jpg\" \/>\n\t<meta property=\"og:image:width\" content=\"847\" \/>\n\t<meta property=\"og:image:height\" content=\"356\" \/>\n\t<meta property=\"og:image:type\" content=\"image\/jpeg\" \/>\n<meta name=\"author\" content=\"campa\" \/>\n<meta name=\"twitter:card\" content=\"summary_large_image\" \/>\n<meta name=\"twitter:creator\" content=\"@artycampa\" \/>\n<meta name=\"twitter:site\" content=\"@artycampa\" \/>\n<meta name=\"twitter:label1\" content=\"Escrito por\" \/>\n\t<meta name=\"twitter:data1\" content=\"campa\" \/>\n\t<meta name=\"twitter:label2\" content=\"Tiempo de lectura\" \/>\n\t<meta name=\"twitter:data2\" content=\"1 minuto\" \/>\n<script type=\"application\/ld+json\" class=\"yoast-schema-graph\">{\"@context\":\"https:\/\/schema.org\",\"@graph\":[{\"@type\":\"WebPage\",\"@id\":\"https:\/\/www.campa.com.mx\/site\/ventana-de-tiempo-con-impacto-en-el-aplicativo-base-marcaria-de-aduanas-impi-a-fin-de-realizar-actividades-de-mantenimiento-a-los-servicios\/\",\"url\":\"https:\/\/www.campa.com.mx\/site\/ventana-de-tiempo-con-impacto-en-el-aplicativo-base-marcaria-de-aduanas-impi-a-fin-de-realizar-actividades-de-mantenimiento-a-los-servicios\/\",\"name\":\"Ventana de Tiempo con impacto en el aplicativo Base Marcaria de Aduanas (IMPI), a fin de realizar actividades de mantenimiento a los servicios - Campa\",\"isPartOf\":{\"@id\":\"https:\/\/www.campa.com.mx\/site\/#website\"},\"datePublished\":\"2019-01-11T18:28:54+00:00\",\"dateModified\":\"2019-01-11T18:28:54+00:00\",\"author\":{\"@id\":\"https:\/\/www.campa.com.mx\/site\/#\/schema\/person\/5bf1874b81661ed013f5aa29df30761c\"},\"breadcrumb\":{\"@id\":\"https:\/\/www.campa.com.mx\/site\/ventana-de-tiempo-con-impacto-en-el-aplicativo-base-marcaria-de-aduanas-impi-a-fin-de-realizar-actividades-de-mantenimiento-a-los-servicios\/#breadcrumb\"},\"inLanguage\":\"es\",\"potentialAction\":[{\"@type\":\"ReadAction\",\"target\":[\"https:\/\/www.campa.com.mx\/site\/ventana-de-tiempo-con-impacto-en-el-aplicativo-base-marcaria-de-aduanas-impi-a-fin-de-realizar-actividades-de-mantenimiento-a-los-servicios\/\"]}]},{\"@type\":\"BreadcrumbList\",\"@id\":\"https:\/\/www.campa.com.mx\/site\/ventana-de-tiempo-con-impacto-en-el-aplicativo-base-marcaria-de-aduanas-impi-a-fin-de-realizar-actividades-de-mantenimiento-a-los-servicios\/#breadcrumb\",\"itemListElement\":[{\"@type\":\"ListItem\",\"position\":1,\"name\":\"Portada\",\"item\":\"https:\/\/www.campa.com.mx\/site\/\"},{\"@type\":\"ListItem\",\"position\":2,\"name\":\"Ventana de Tiempo con impacto en el aplicativo Base Marcaria de Aduanas (IMPI), a fin de realizar actividades de mantenimiento a los servicios\"}]},{\"@type\":\"WebSite\",\"@id\":\"https:\/\/www.campa.com.mx\/site\/#website\",\"url\":\"https:\/\/www.campa.com.mx\/site\/\",\"name\":\"Campa\",\"description\":\"Tecnolog\u00eda - Comercio Exterior - Servicios\",\"potentialAction\":[{\"@type\":\"SearchAction\",\"target\":{\"@type\":\"EntryPoint\",\"urlTemplate\":\"https:\/\/www.campa.com.mx\/site\/?s={search_term_string}\"},\"query-input\":\"required name=search_term_string\"}],\"inLanguage\":\"es\"},{\"@type\":\"Person\",\"@id\":\"https:\/\/www.campa.com.mx\/site\/#\/schema\/person\/5bf1874b81661ed013f5aa29df30761c\",\"name\":\"campa\",\"image\":{\"@type\":\"ImageObject\",\"inLanguage\":\"es\",\"@id\":\"https:\/\/www.campa.com.mx\/site\/#\/schema\/person\/image\/\",\"url\":\"https:\/\/secure.gravatar.com\/avatar\/921e6e5cffb9d78857948e938192591b9fd4168d0b55cc795582b49d9dc52bb1?s=96&d=mm&r=g\",\"contentUrl\":\"https:\/\/secure.gravatar.com\/avatar\/921e6e5cffb9d78857948e938192591b9fd4168d0b55cc795582b49d9dc52bb1?s=96&d=mm&r=g\",\"caption\":\"campa\"}}]}<\/script>\n<!-- \/ Yoast SEO plugin. -->","yoast_head_json":{"title":"Ventana de Tiempo con impacto en el aplicativo Base Marcaria de Aduanas (IMPI), a fin de realizar actividades de mantenimiento a los servicios - Campa","robots":{"index":"index","follow":"follow","max-snippet":"max-snippet:-1","max-image-preview":"max-image-preview:large","max-video-preview":"max-video-preview:-1"},"canonical":"https:\/\/www.campa.com.mx\/site\/ventana-de-tiempo-con-impacto-en-el-aplicativo-base-marcaria-de-aduanas-impi-a-fin-de-realizar-actividades-de-mantenimiento-a-los-servicios\/","og_locale":"es_ES","og_type":"article","og_title":"Ventana de Tiempo con impacto en el aplicativo Base Marcaria de Aduanas (IMPI), a fin de realizar actividades de mantenimiento a los servicios - Campa","og_description":"Bolet\u00edn n\u00fam. P005 Ciudad de M\u00e9xico, a 04 de enero de 2019 Asunto: Ventana de Tiempo Por medio del presente se hace de su conocimiento que se llevar\u00e1 a cabo una Ventana de Tiempo con impacto en el aplicativo Base [&hellip;]","og_url":"https:\/\/www.campa.com.mx\/site\/ventana-de-tiempo-con-impacto-en-el-aplicativo-base-marcaria-de-aduanas-impi-a-fin-de-realizar-actividades-de-mantenimiento-a-los-servicios\/","og_site_name":"Campa","article_publisher":"https:\/\/www.facebook.com\/MovimientoAnexo24","article_published_time":"2019-01-11T18:28:54+00:00","og_image":[{"width":847,"height":356,"url":"https:\/\/www.campa.com.mx\/site\/wp-content\/uploads\/2018\/02\/Mantenimiento-en-los-servicios-centrales-SAT-\u2013-MATCE-\u2013-DODA.jpg","type":"image\/jpeg"}],"author":"campa","twitter_card":"summary_large_image","twitter_creator":"@artycampa","twitter_site":"@artycampa","twitter_misc":{"Escrito por":"campa","Tiempo de lectura":"1 minuto"},"schema":{"@context":"https:\/\/schema.org","@graph":[{"@type":"WebPage","@id":"https:\/\/www.campa.com.mx\/site\/ventana-de-tiempo-con-impacto-en-el-aplicativo-base-marcaria-de-aduanas-impi-a-fin-de-realizar-actividades-de-mantenimiento-a-los-servicios\/","url":"https:\/\/www.campa.com.mx\/site\/ventana-de-tiempo-con-impacto-en-el-aplicativo-base-marcaria-de-aduanas-impi-a-fin-de-realizar-actividades-de-mantenimiento-a-los-servicios\/","name":"Ventana de Tiempo con impacto en el aplicativo Base Marcaria de Aduanas (IMPI), a fin de realizar actividades de mantenimiento a los servicios - Campa","isPartOf":{"@id":"https:\/\/www.campa.com.mx\/site\/#website"},"datePublished":"2019-01-11T18:28:54+00:00","dateModified":"2019-01-11T18:28:54+00:00","author":{"@id":"https:\/\/www.campa.com.mx\/site\/#\/schema\/person\/5bf1874b81661ed013f5aa29df30761c"},"breadcrumb":{"@id":"https:\/\/www.campa.com.mx\/site\/ventana-de-tiempo-con-impacto-en-el-aplicativo-base-marcaria-de-aduanas-impi-a-fin-de-realizar-actividades-de-mantenimiento-a-los-servicios\/#breadcrumb"},"inLanguage":"es","potentialAction":[{"@type":"ReadAction","target":["https:\/\/www.campa.com.mx\/site\/ventana-de-tiempo-con-impacto-en-el-aplicativo-base-marcaria-de-aduanas-impi-a-fin-de-realizar-actividades-de-mantenimiento-a-los-servicios\/"]}]},{"@type":"BreadcrumbList","@id":"https:\/\/www.campa.com.mx\/site\/ventana-de-tiempo-con-impacto-en-el-aplicativo-base-marcaria-de-aduanas-impi-a-fin-de-realizar-actividades-de-mantenimiento-a-los-servicios\/#breadcrumb","itemListElement":[{"@type":"ListItem","position":1,"name":"Portada","item":"https:\/\/www.campa.com.mx\/site\/"},{"@type":"ListItem","position":2,"name":"Ventana de Tiempo con impacto en el aplicativo Base Marcaria de Aduanas (IMPI), a fin de realizar actividades de mantenimiento a los servicios"}]},{"@type":"WebSite","@id":"https:\/\/www.campa.com.mx\/site\/#website","url":"https:\/\/www.campa.com.mx\/site\/","name":"Campa","description":"Tecnolog\u00eda - Comercio Exterior - Servicios","potentialAction":[{"@type":"SearchAction","target":{"@type":"EntryPoint","urlTemplate":"https:\/\/www.campa.com.mx\/site\/?s={search_term_string}"},"query-input":"required name=search_term_string"}],"inLanguage":"es"},{"@type":"Person","@id":"https:\/\/www.campa.com.mx\/site\/#\/schema\/person\/5bf1874b81661ed013f5aa29df30761c","name":"campa","image":{"@type":"ImageObject","inLanguage":"es","@id":"https:\/\/www.campa.com.mx\/site\/#\/schema\/person\/image\/","url":"https:\/\/secure.gravatar.com\/avatar\/921e6e5cffb9d78857948e938192591b9fd4168d0b55cc795582b49d9dc52bb1?s=96&d=mm&r=g","contentUrl":"https:\/\/secure.gravatar.com\/avatar\/921e6e5cffb9d78857948e938192591b9fd4168d0b55cc795582b49d9dc52bb1?s=96&d=mm&r=g","caption":"campa"}}]}},"jetpack_featured_media_url":"https:\/\/www.campa.com.mx\/site\/wp-content\/uploads\/2018\/02\/Mantenimiento-en-los-servicios-centrales-SAT-\u2013-MATCE-\u2013-DODA.jpg","jetpack_sharing_enabled":true,"_links":{"self":[{"href":"https:\/\/www.campa.com.mx\/site\/wp-json\/wp\/v2\/posts\/3774","targetHints":{"allow":["GET"]}}],"collection":[{"href":"https:\/\/www.campa.com.mx\/site\/wp-json\/wp\/v2\/posts"}],"about":[{"href":"https:\/\/www.campa.com.mx\/site\/wp-json\/wp\/v2\/types\/post"}],"author":[{"embeddable":true,"href":"https:\/\/www.campa.com.mx\/site\/wp-json\/wp\/v2\/users\/1"}],"replies":[{"embeddable":true,"href":"https:\/\/www.campa.com.mx\/site\/wp-json\/wp\/v2\/comments?post=3774"}],"version-history":[{"count":1,"href":"https:\/\/www.campa.com.mx\/site\/wp-json\/wp\/v2\/posts\/3774\/revisions"}],"predecessor-version":[{"id":3776,"href":"https:\/\/www.campa.com.mx\/site\/wp-json\/wp\/v2\/posts\/3774\/revisions\/3776"}],"wp:featuredmedia":[{"embeddable":true,"href":"https:\/\/www.campa.com.mx\/site\/wp-json\/wp\/v2\/media\/2756"}],"wp:attachment":[{"href":"https:\/\/www.campa.com.mx\/site\/wp-json\/wp\/v2\/media?parent=3774"}],"wp:term":[{"taxonomy":"category","embeddable":true,"href":"https:\/\/www.campa.com.mx\/site\/wp-json\/wp\/v2\/categories?post=3774"},{"taxonomy":"post_tag","embeddable":true,"href":"https:\/\/www.campa.com.mx\/site\/wp-json\/wp\/v2\/tags?post=3774"}],"curies":[{"name":"wp","href":"https:\/\/api.w.org\/{rel}","templated":true}]}}