{"id":3782,"date":"2019-01-18T09:14:13","date_gmt":"2019-01-18T15:14:13","guid":{"rendered":"http:\/\/www.campa.com.mx\/site\/?p=3782"},"modified":"2019-01-18T09:52:17","modified_gmt":"2019-01-18T15:52:17","slug":"ratificacion-del-t-mec-podria-retrasarse-secretaria-de-economia","status":"publish","type":"post","link":"https:\/\/www.campa.com.mx\/site\/ratificacion-del-t-mec-podria-retrasarse-secretaria-de-economia\/","title":{"rendered":"Ratificaci\u00f3n del T-MEC podr\u00eda retrasarse: Secretar\u00eda de Econom\u00eda"},"content":{"rendered":"<p>Luz Mar\u00eda de la Mora advierte que la aprobaci\u00f3n del Tratado tardar\u00eda m\u00e1s debido a la par\u00e1lisis en el gobierno estadounidense.<\/p>\n<p>La par\u00e1lisis en el gobierno de Estados Unidos podr\u00eda provocar retrasos en la aprobaci\u00f3n del Tratado entre M\u00e9xico, Estados Unidos y Canad\u00e1 (<strong>T-MEC<\/strong>), dijo la subsecretaria de Comercio Exterior de la Secretar\u00eda de Econom\u00eda (SE), Luz Mar\u00eda de la Mora.<\/p>\n<blockquote><p>&#8220;Como ha habido cierre del gobierno y la burocracia no est\u00e1 trabajando ,podr\u00eda pensarse que este cierre de gobierno est\u00e1 retrasando el trabajo administrativo&#8221;<\/p><\/blockquote>\n<p>Explic\u00f3 que el procedimiento en Estados Unidos considera que la Comisi\u00f3n de Comercio Internacional tiene que emitir un informe sobre el T-MEC, lo que debe hacerse en un plazo de 105 d\u00edas despu\u00e9s de la firma de dicho Tratado,\u00a0<strong>lo que significa que debiera estar el documento en febrero de 2019.<\/strong><\/p>\n<p>&#8220;Pero como ha habido cierre del gobierno y la burocracia no est\u00e1 trabajando, podr\u00eda pensarse que este cierre de gobierno est\u00e1 retrasando el trabajo administrativo. Podr\u00eda darse que el informe en vez de 105 d\u00edas tome m\u00e1s tiempo&#8221;, expuso la Subsecretaria de Comercio Exterior.<\/p>\n<p>Si ello sucede entonces se &#8220;podr\u00eda retrasar la aprobaci\u00f3n (del Tratado) en el Congreso, pero podr\u00eda&#8221;,\u00a0<strong>sin embargo es s\u00f3lo una posibilidad y ello no significa que se vaya a llevar la ratificaci\u00f3n al 2020.<\/strong><\/p>\n<p>Esos efectos por el cierre del gobierno si bien podr\u00edan tener un impacto en la emisi\u00f3n del informe y en la ratificaci\u00f3n del T-MEC, no afecta el comercio entre los dos pa\u00edses.<\/p>\n<p>&#8220;Aun cuando pudiera considerarse hasta 2020, estamos cubiertos por el Tratado de Libre Comercio de Am\u00e9rica del Norte (<strong>TLCAN<\/strong>) que est\u00e1 en vigor&#8221;, explic\u00f3 la funcionaria en la conferencia de prensa sobre los avances del Tratado Integral y Progresista de Asociaci\u00f3n Transpac\u00edfico (TPP-11).<\/p>\n<p>Cabe mencionar que\u00a0<strong>la administraci\u00f3n estadounidense est\u00e1 cerrada ante las diferencias por el presupuesto entre el presidente de EU, Donald Trump y los legisladores dem\u00f3cratas<\/strong>, ya que el mandatario pidi\u00f3 que se incluya dentro del presupuesto recursos para la construcci\u00f3n del\u00a0<strong>muro<\/strong>.<\/p>\n<p>&nbsp;<\/p>\n<blockquote class=\"instagram-media\" style=\"background: #FFF; border: 0; border-radius: 3px; box-shadow: 0 0 1px 0 rgba(0,0,0,0.5),0 1px 10px 0 rgba(0,0,0,0.15); margin: 1px; max-width: 540px; min-width: 326px; padding: 0; width: calc(100% - 2px);\" data-instgrm-permalink=\"https:\/\/www.instagram.com\/p\/Bsx9WmsgB8J\/?utm_source=ig_embed&amp;utm_medium=loading\" data-instgrm-version=\"12\">\n<div style=\"padding: 16px;\">\n<p>&nbsp;<\/p>\n<div style=\"display: flex; flex-direction: row; align-items: center;\">\n<div style=\"background-color: #f4f4f4; border-radius: 50%; flex-grow: 0; height: 40px; margin-right: 14px; width: 40px;\"><\/div>\n<div style=\"display: flex; flex-direction: column; flex-grow: 1; justify-content: center;\">\n<div style=\"background-color: #f4f4f4; border-radius: 4px; flex-grow: 0; height: 14px; margin-bottom: 6px; width: 100px;\"><\/div>\n<div style=\"background-color: #f4f4f4; border-radius: 4px; flex-grow: 0; height: 14px; width: 60px;\"><\/div>\n<\/div>\n<\/div>\n<div style=\"padding: 19% 0;\"><\/div>\n<div style=\"display: block; height: 50px; margin: 0 auto 12px; width: 50px;\"><\/div>\n<div style=\"padding-top: 8px;\">\n<div style=\"color: #3897f0; font-family: Arial,sans-serif; font-size: 14px; font-style: normal; font-weight: 550; line-height: 18px;\">Ver esta publicaci\u00f3n en Instagram<\/div>\n<\/div>\n<div style=\"padding: 12.5% 0;\"><\/div>\n<div style=\"display: flex; flex-direction: row; margin-bottom: 14px; align-items: center;\">\n<div>\n<div style=\"background-color: #f4f4f4; border-radius: 50%; height: 12.5px; width: 12.5px; transform: translateX(0px) translateY(7px);\"><\/div>\n<div style=\"background-color: #f4f4f4; height: 12.5px; transform: rotate(-45deg) translateX(3px) translateY(1px); width: 12.5px; flex-grow: 0; margin-right: 14px; margin-left: 2px;\"><\/div>\n<div style=\"background-color: #f4f4f4; border-radius: 50%; height: 12.5px; width: 12.5px; transform: translateX(9px) translateY(-18px);\"><\/div>\n<\/div>\n<div style=\"margin-left: 8px;\">\n<div style=\"background-color: #f4f4f4; border-radius: 50%; flex-grow: 0; height: 20px; width: 20px;\"><\/div>\n<div style=\"width: 0; height: 0; border-top: 2px solid transparent; border-left: 6px solid #f4f4f4; border-bottom: 2px solid transparent; transform: translateX(16px) translateY(-4px) rotate(30deg);\"><\/div>\n<\/div>\n<div style=\"margin-left: auto;\">\n<div style=\"width: 0px; border-top: 8px solid #F4F4F4; border-right: 8px solid transparent; transform: translateY(16px);\"><\/div>\n<div style=\"background-color: #f4f4f4; flex-grow: 0; height: 12px; width: 16px; transform: translateY(-4px);\"><\/div>\n<div style=\"width: 0; height: 0; border-top: 8px solid #F4F4F4; border-left: 8px solid transparent; transform: translateY(-4px) translateX(8px);\"><\/div>\n<\/div>\n<\/div>\n<div style=\"display: flex; flex-direction: column; flex-grow: 1; justify-content: center; margin-bottom: 24px;\">\n<div style=\"background-color: #f4f4f4; border-radius: 4px; flex-grow: 0; height: 14px; margin-bottom: 6px; width: 224px;\"><\/div>\n<div style=\"background-color: #f4f4f4; border-radius: 4px; flex-grow: 0; height: 14px; width: 144px;\"><\/div>\n<\/div>\n<p>&nbsp;<\/p>\n<p style=\"color: #c9c8cd; font-family: Arial,sans-serif; font-size: 14px; line-height: 17px; margin-bottom: 0; margin-top: 8px; overflow: hidden; padding: 8px 0 7px; text-align: center; text-overflow: ellipsis; white-space: nowrap;\"><a style=\"color: #c9c8cd; font-family: Arial,sans-serif; font-size: 14px; font-style: normal; font-weight: normal; line-height: 17px; text-decoration: none;\" href=\"https:\/\/www.instagram.com\/p\/Bsx9WmsgB8J\/?utm_source=ig_embed&amp;utm_medium=loading\" target=\"_blank\" rel=\"noopener\">Una publicaci\u00f3n compartida por CAMPA Software Anexo24 y 31 (@campa_mx)<\/a> el <time style=\"font-family: Arial,sans-serif; font-size: 14px; line-height: 17px;\" datetime=\"2019-01-18T15:16:29+00:00\">18 de Ene de 2019 a las 7:16 PST<\/time><\/p>\n<\/div>\n<\/blockquote>\n<p><script async src=\"\/\/www.instagram.com\/embed.js\"><\/script><\/p>\n<p>&nbsp;<\/p>\n","protected":false},"excerpt":{"rendered":"<p>Luz Mar\u00eda de la Mora advierte que la aprobaci\u00f3n del Tratado tardar\u00eda m\u00e1s debido a la par\u00e1lisis en el gobierno estadounidense. La par\u00e1lisis en el gobierno de Estados Unidos podr\u00eda provocar retrasos en la aprobaci\u00f3n del Tratado entre M\u00e9xico, Estados [&hellip;]<\/p>\n","protected":false},"author":1,"featured_media":3783,"comment_status":"open","ping_status":"open","sticky":false,"template":"","format":"standard","meta":{"inline_featured_image":false,"_jetpack_memberships_contains_paid_content":false,"footnotes":""},"categories":[1],"tags":[627,192,965,963,934,108,382,964,380],"class_list":["post-3782","post","type-post","status-publish","format-standard","has-post-thumbnail","hentry","category-campa","tag-comercio-exterior-de-la-secretaria-de-economia","tag-estados-unidos-y-canada","tag-luz-maria-de-la-mora","tag-ratificacion-del-t-mec-podria-retrasarse-secretaria-de-economia","tag-t-mec","tag-tlcan","tag-tpp-11","tag-tratado-entre-mexico","tag-tratado-integral-y-progresista-de-asociacion-transpacifico"],"yoast_head":"<!-- This site is optimized with the Yoast SEO plugin v20.9 - https:\/\/yoast.com\/wordpress\/plugins\/seo\/ -->\n<title>Ratificaci\u00f3n del T-MEC podr\u00eda retrasarse: Secretar\u00eda de Econom\u00eda - Campa<\/title>\n<meta name=\"robots\" content=\"index, follow, max-snippet:-1, max-image-preview:large, max-video-preview:-1\" \/>\n<link rel=\"canonical\" href=\"https:\/\/www.campa.com.mx\/site\/ratificacion-del-t-mec-podria-retrasarse-secretaria-de-economia\/\" \/>\n<meta property=\"og:locale\" content=\"es_ES\" \/>\n<meta property=\"og:type\" content=\"article\" \/>\n<meta property=\"og:title\" content=\"Ratificaci\u00f3n del T-MEC podr\u00eda retrasarse: Secretar\u00eda de Econom\u00eda - Campa\" \/>\n<meta property=\"og:description\" content=\"Luz Mar\u00eda de la Mora advierte que la aprobaci\u00f3n del Tratado tardar\u00eda m\u00e1s debido a la par\u00e1lisis en el gobierno estadounidense. La par\u00e1lisis en el gobierno de Estados Unidos podr\u00eda provocar retrasos en la aprobaci\u00f3n del Tratado entre M\u00e9xico, Estados [&hellip;]\" \/>\n<meta property=\"og:url\" content=\"https:\/\/www.campa.com.mx\/site\/ratificacion-del-t-mec-podria-retrasarse-secretaria-de-economia\/\" \/>\n<meta property=\"og:site_name\" content=\"Campa\" \/>\n<meta property=\"article:publisher\" content=\"https:\/\/www.facebook.com\/MovimientoAnexo24\" \/>\n<meta property=\"article:published_time\" content=\"2019-01-18T15:14:13+00:00\" \/>\n<meta property=\"article:modified_time\" content=\"2019-01-18T15:52:17+00:00\" \/>\n<meta property=\"og:image\" content=\"https:\/\/www.campa.com.mx\/site\/wp-content\/uploads\/2019\/01\/facebook-1.jpg\" \/>\n\t<meta property=\"og:image:width\" content=\"1200\" \/>\n\t<meta property=\"og:image:height\" content=\"628\" \/>\n\t<meta property=\"og:image:type\" content=\"image\/jpeg\" \/>\n<meta name=\"author\" content=\"campa\" \/>\n<meta name=\"twitter:card\" content=\"summary_large_image\" \/>\n<meta name=\"twitter:creator\" content=\"@artycampa\" \/>\n<meta name=\"twitter:site\" content=\"@artycampa\" \/>\n<meta name=\"twitter:label1\" content=\"Escrito por\" \/>\n\t<meta name=\"twitter:data1\" content=\"campa\" \/>\n\t<meta name=\"twitter:label2\" content=\"Tiempo de lectura\" \/>\n\t<meta name=\"twitter:data2\" content=\"2 minutos\" \/>\n<script type=\"application\/ld+json\" class=\"yoast-schema-graph\">{\"@context\":\"https:\/\/schema.org\",\"@graph\":[{\"@type\":\"WebPage\",\"@id\":\"https:\/\/www.campa.com.mx\/site\/ratificacion-del-t-mec-podria-retrasarse-secretaria-de-economia\/\",\"url\":\"https:\/\/www.campa.com.mx\/site\/ratificacion-del-t-mec-podria-retrasarse-secretaria-de-economia\/\",\"name\":\"Ratificaci\u00f3n del T-MEC podr\u00eda retrasarse: Secretar\u00eda de Econom\u00eda - Campa\",\"isPartOf\":{\"@id\":\"https:\/\/www.campa.com.mx\/site\/#website\"},\"datePublished\":\"2019-01-18T15:14:13+00:00\",\"dateModified\":\"2019-01-18T15:52:17+00:00\",\"author\":{\"@id\":\"https:\/\/www.campa.com.mx\/site\/#\/schema\/person\/5bf1874b81661ed013f5aa29df30761c\"},\"breadcrumb\":{\"@id\":\"https:\/\/www.campa.com.mx\/site\/ratificacion-del-t-mec-podria-retrasarse-secretaria-de-economia\/#breadcrumb\"},\"inLanguage\":\"es\",\"potentialAction\":[{\"@type\":\"ReadAction\",\"target\":[\"https:\/\/www.campa.com.mx\/site\/ratificacion-del-t-mec-podria-retrasarse-secretaria-de-economia\/\"]}]},{\"@type\":\"BreadcrumbList\",\"@id\":\"https:\/\/www.campa.com.mx\/site\/ratificacion-del-t-mec-podria-retrasarse-secretaria-de-economia\/#breadcrumb\",\"itemListElement\":[{\"@type\":\"ListItem\",\"position\":1,\"name\":\"Portada\",\"item\":\"https:\/\/www.campa.com.mx\/site\/\"},{\"@type\":\"ListItem\",\"position\":2,\"name\":\"Ratificaci\u00f3n del T-MEC podr\u00eda retrasarse: Secretar\u00eda de Econom\u00eda\"}]},{\"@type\":\"WebSite\",\"@id\":\"https:\/\/www.campa.com.mx\/site\/#website\",\"url\":\"https:\/\/www.campa.com.mx\/site\/\",\"name\":\"Campa\",\"description\":\"Tecnolog\u00eda - Comercio Exterior - Servicios\",\"potentialAction\":[{\"@type\":\"SearchAction\",\"target\":{\"@type\":\"EntryPoint\",\"urlTemplate\":\"https:\/\/www.campa.com.mx\/site\/?s={search_term_string}\"},\"query-input\":\"required name=search_term_string\"}],\"inLanguage\":\"es\"},{\"@type\":\"Person\",\"@id\":\"https:\/\/www.campa.com.mx\/site\/#\/schema\/person\/5bf1874b81661ed013f5aa29df30761c\",\"name\":\"campa\",\"image\":{\"@type\":\"ImageObject\",\"inLanguage\":\"es\",\"@id\":\"https:\/\/www.campa.com.mx\/site\/#\/schema\/person\/image\/\",\"url\":\"https:\/\/secure.gravatar.com\/avatar\/921e6e5cffb9d78857948e938192591b9fd4168d0b55cc795582b49d9dc52bb1?s=96&d=mm&r=g\",\"contentUrl\":\"https:\/\/secure.gravatar.com\/avatar\/921e6e5cffb9d78857948e938192591b9fd4168d0b55cc795582b49d9dc52bb1?s=96&d=mm&r=g\",\"caption\":\"campa\"}}]}<\/script>\n<!-- \/ Yoast SEO plugin. -->","yoast_head_json":{"title":"Ratificaci\u00f3n del T-MEC podr\u00eda retrasarse: Secretar\u00eda de Econom\u00eda - Campa","robots":{"index":"index","follow":"follow","max-snippet":"max-snippet:-1","max-image-preview":"max-image-preview:large","max-video-preview":"max-video-preview:-1"},"canonical":"https:\/\/www.campa.com.mx\/site\/ratificacion-del-t-mec-podria-retrasarse-secretaria-de-economia\/","og_locale":"es_ES","og_type":"article","og_title":"Ratificaci\u00f3n del T-MEC podr\u00eda retrasarse: Secretar\u00eda de Econom\u00eda - Campa","og_description":"Luz Mar\u00eda de la Mora advierte que la aprobaci\u00f3n del Tratado tardar\u00eda m\u00e1s debido a la par\u00e1lisis en el gobierno estadounidense. La par\u00e1lisis en el gobierno de Estados Unidos podr\u00eda provocar retrasos en la aprobaci\u00f3n del Tratado entre M\u00e9xico, Estados [&hellip;]","og_url":"https:\/\/www.campa.com.mx\/site\/ratificacion-del-t-mec-podria-retrasarse-secretaria-de-economia\/","og_site_name":"Campa","article_publisher":"https:\/\/www.facebook.com\/MovimientoAnexo24","article_published_time":"2019-01-18T15:14:13+00:00","article_modified_time":"2019-01-18T15:52:17+00:00","og_image":[{"width":1200,"height":628,"url":"https:\/\/www.campa.com.mx\/site\/wp-content\/uploads\/2019\/01\/facebook-1.jpg","type":"image\/jpeg"}],"author":"campa","twitter_card":"summary_large_image","twitter_creator":"@artycampa","twitter_site":"@artycampa","twitter_misc":{"Escrito por":"campa","Tiempo de lectura":"2 minutos"},"schema":{"@context":"https:\/\/schema.org","@graph":[{"@type":"WebPage","@id":"https:\/\/www.campa.com.mx\/site\/ratificacion-del-t-mec-podria-retrasarse-secretaria-de-economia\/","url":"https:\/\/www.campa.com.mx\/site\/ratificacion-del-t-mec-podria-retrasarse-secretaria-de-economia\/","name":"Ratificaci\u00f3n del T-MEC podr\u00eda retrasarse: Secretar\u00eda de Econom\u00eda - Campa","isPartOf":{"@id":"https:\/\/www.campa.com.mx\/site\/#website"},"datePublished":"2019-01-18T15:14:13+00:00","dateModified":"2019-01-18T15:52:17+00:00","author":{"@id":"https:\/\/www.campa.com.mx\/site\/#\/schema\/person\/5bf1874b81661ed013f5aa29df30761c"},"breadcrumb":{"@id":"https:\/\/www.campa.com.mx\/site\/ratificacion-del-t-mec-podria-retrasarse-secretaria-de-economia\/#breadcrumb"},"inLanguage":"es","potentialAction":[{"@type":"ReadAction","target":["https:\/\/www.campa.com.mx\/site\/ratificacion-del-t-mec-podria-retrasarse-secretaria-de-economia\/"]}]},{"@type":"BreadcrumbList","@id":"https:\/\/www.campa.com.mx\/site\/ratificacion-del-t-mec-podria-retrasarse-secretaria-de-economia\/#breadcrumb","itemListElement":[{"@type":"ListItem","position":1,"name":"Portada","item":"https:\/\/www.campa.com.mx\/site\/"},{"@type":"ListItem","position":2,"name":"Ratificaci\u00f3n del T-MEC podr\u00eda retrasarse: Secretar\u00eda de Econom\u00eda"}]},{"@type":"WebSite","@id":"https:\/\/www.campa.com.mx\/site\/#website","url":"https:\/\/www.campa.com.mx\/site\/","name":"Campa","description":"Tecnolog\u00eda - Comercio Exterior - Servicios","potentialAction":[{"@type":"SearchAction","target":{"@type":"EntryPoint","urlTemplate":"https:\/\/www.campa.com.mx\/site\/?s={search_term_string}"},"query-input":"required name=search_term_string"}],"inLanguage":"es"},{"@type":"Person","@id":"https:\/\/www.campa.com.mx\/site\/#\/schema\/person\/5bf1874b81661ed013f5aa29df30761c","name":"campa","image":{"@type":"ImageObject","inLanguage":"es","@id":"https:\/\/www.campa.com.mx\/site\/#\/schema\/person\/image\/","url":"https:\/\/secure.gravatar.com\/avatar\/921e6e5cffb9d78857948e938192591b9fd4168d0b55cc795582b49d9dc52bb1?s=96&d=mm&r=g","contentUrl":"https:\/\/secure.gravatar.com\/avatar\/921e6e5cffb9d78857948e938192591b9fd4168d0b55cc795582b49d9dc52bb1?s=96&d=mm&r=g","caption":"campa"}}]}},"jetpack_featured_media_url":"https:\/\/www.campa.com.mx\/site\/wp-content\/uploads\/2019\/01\/facebook-1.jpg","jetpack_sharing_enabled":true,"_links":{"self":[{"href":"https:\/\/www.campa.com.mx\/site\/wp-json\/wp\/v2\/posts\/3782","targetHints":{"allow":["GET"]}}],"collection":[{"href":"https:\/\/www.campa.com.mx\/site\/wp-json\/wp\/v2\/posts"}],"about":[{"href":"https:\/\/www.campa.com.mx\/site\/wp-json\/wp\/v2\/types\/post"}],"author":[{"embeddable":true,"href":"https:\/\/www.campa.com.mx\/site\/wp-json\/wp\/v2\/users\/1"}],"replies":[{"embeddable":true,"href":"https:\/\/www.campa.com.mx\/site\/wp-json\/wp\/v2\/comments?post=3782"}],"version-history":[{"count":2,"href":"https:\/\/www.campa.com.mx\/site\/wp-json\/wp\/v2\/posts\/3782\/revisions"}],"predecessor-version":[{"id":3785,"href":"https:\/\/www.campa.com.mx\/site\/wp-json\/wp\/v2\/posts\/3782\/revisions\/3785"}],"wp:featuredmedia":[{"embeddable":true,"href":"https:\/\/www.campa.com.mx\/site\/wp-json\/wp\/v2\/media\/3783"}],"wp:attachment":[{"href":"https:\/\/www.campa.com.mx\/site\/wp-json\/wp\/v2\/media?parent=3782"}],"wp:term":[{"taxonomy":"category","embeddable":true,"href":"https:\/\/www.campa.com.mx\/site\/wp-json\/wp\/v2\/categories?post=3782"},{"taxonomy":"post_tag","embeddable":true,"href":"https:\/\/www.campa.com.mx\/site\/wp-json\/wp\/v2\/tags?post=3782"}],"curies":[{"name":"wp","href":"https:\/\/api.w.org\/{rel}","templated":true}]}}