{"id":3796,"date":"2019-01-23T12:47:31","date_gmt":"2019-01-23T18:47:31","guid":{"rendered":"http:\/\/www.campa.com.mx\/site\/?p=3796"},"modified":"2019-01-23T12:47:31","modified_gmt":"2019-01-23T18:47:31","slug":"demandas-de-los-democratas-llevarian-al-t-mec-al-limbo","status":"publish","type":"post","link":"https:\/\/www.campa.com.mx\/site\/demandas-de-los-democratas-llevarian-al-t-mec-al-limbo\/","title":{"rendered":"Demandas de los dem\u00f3cratas llevar\u00edan al T-MEC al \u2018limbo\u2019"},"content":{"rendered":"<div class=\"columns margin-b-0\">\n<div class=\"column is-12-touch is-8-desktop\">\n<h2>Esta fracci\u00f3n pol\u00edtica en el Congreso de EU considera que el acuerdo no incluye disposiciones lo suficientemente fuertes para hacer cumplir las normas laborales y ambientales, por lo que podr\u00eda no obtener los suficientes votos para ser aprobado, lo que llevar\u00eda a nuevas negociaciones entre M\u00e9xico, Estados Unidos y Canad\u00e1.<\/h2>\n<\/div>\n<p>&nbsp;<\/p>\n<\/div>\n<div class=\"columns\">\n<p class=\"paragraph\" data-count=\"307\" data-wrap=\"46\">La Casa Blanca y los dem\u00f3cratas del Congreso est\u00e1n encaminados hacia una confrontaci\u00f3n con respecto a la ratificaci\u00f3n del revisado\u00a0<strong>Tratado de Libre Comercio de Am\u00e9rica del Norte (TLCAN)<\/strong>, lo cual plantea la posibilidad de un enfrentamiento prolongado y posiblemente nuevas negociaciones con Canad\u00e1 y M\u00e9xico.<\/p>\n<p class=\"paragraph\" data-count=\"287\" data-wrap=\"44\">Apenas unas semanas despu\u00e9s del inicio del nuevo Congreso, los dem\u00f3cratas principales han dicho que quieren cambios en el acuerdo comercial firmado por Donald Trump con Justin Trudeau, primer ministro de Canad\u00e1, y Enrique Pe\u00f1a Nieto, expresidente de M\u00e9xico, en noviembre del a\u00f1o pasado.<\/p>\n<p class=\"paragraph\" data-count=\"592\" data-wrap=\"90\">Algunos dem\u00f3cratas creen que\u00a0<strong>el acuerdo no incluye disposiciones lo suficientemente fuertes\u00a0<\/strong>para hacer cumplir las<strong>\u00a0normas laborales y ambientales<\/strong>. Otros tambi\u00e9n lamentan que la administraci\u00f3n Trump no haya suspendido las aranceles del acero y el aluminio que ha impuesto a sus vecinos junto con el acuerdo. Sin esas modificaciones, los dem\u00f3cratas advierten que el \u201cnuevo TLCAN\u201d, rebautizado como el Acuerdo entre Estados Unidos y M\u00e9xico-Canad\u00e1 (USMCA, por sus siglas en ingl\u00e9s, T-MEC en espa\u00f1ol) por parte de Trump,\u00a0<strong>podr\u00eda no obtener suficientes votos para lograr la aprobaci\u00f3n del Congreso<\/strong>.<\/p>\n<p class=\"paragraph\" data-count=\"410\" data-wrap=\"68\">\u201cAprecio los esfuerzos que se han hecho para renegociar el TLCAN, pero el presidente no est\u00e1 ni siquiera cerca de la postura correcta con respecto al TLCAN\u201d, dijo Sherrod Brown, senador dem\u00f3crata de Ohio y posible candidato para la nominaci\u00f3n presidencial de su partido en 2020, en un programa noticioso de la radio de este mes. Hizo hincapi\u00e9 en la importancia de a\u00f1adir disposiciones de ejecuci\u00f3n al acuerdo.<\/p>\n<p class=\"paragraph\" data-count=\"373\" data-wrap=\"66\">A medida que ha crecido la oposici\u00f3n dem\u00f3crata al acuerdo,<strong>\u00a0Trump ha amenazado con emitir un aviso de retiro de seis meses<\/strong>\u00a0del acuerdo actual del TLCAN de 1994 para obligar a los dem\u00f3cratas a retirar sus demandas, esencialmente dando un ultim\u00e1tum para elegir entre su acuerdo o un retorno a las reglas que reg\u00edan el comercio en Am\u00e9rica del Norte hace m\u00e1s de una generaci\u00f3n.<\/p>\n<p class=\"paragraph\" data-count=\"151\" data-wrap=\"25\">\u201cNo importa cu\u00e1n bueno sea, es posible que no quieran aprobarlo\u201d, dijo Trump en un discurso este mes ante el grupo de presi\u00f3n agr\u00edcola estadounidense.<\/p>\n<p class=\"paragraph\" data-count=\"552\" data-wrap=\"94\">La creciente lucha por la ratificaci\u00f3n del USMCA\u00a0<strong>est\u00e1 inquietando a los funcionarios de Ottawa y la Ciudad de M\u00e9xico<\/strong>. El acuerdo del a\u00f1o pasado se alcanz\u00f3 despu\u00e9s de meses de negociaciones complicadas. Aunque imperfecto para ambos pa\u00edses, el acuerdo con Trump fue recibido con alivio porque evit\u00f3 la destrucci\u00f3n del TLCAN. La preocupaci\u00f3n es que\u00a0<strong>esto podr\u00eda volver a la mesa de negociaci\u00f3n<\/strong>, en un momento en que Trudeau se enfrenta a una elecci\u00f3n general y Andr\u00e9s Manuel L\u00f3pez Obrador, el nuevo presidente de M\u00e9xico, est\u00e1 en su primer a\u00f1o en el cargo.<\/p>\n<p class=\"paragraph\" data-count=\"181\" data-wrap=\"25\">\u201cEstamos tratando de no involucrarnos, pero obviamente lo estamos vigilando porque los problemas con la ratificaci\u00f3n son relevantes para nosotros\u201d, dijo un funcionario canadiense.<\/p>\n<p class=\"paragraph\" data-count=\"131\" data-wrap=\"21\"><strong>Luz Mar\u00eda de la Mora, subsecretaria de Econom\u00eda de M\u00e9xico,\u00a0<\/strong>le dijo al Financial Times: \u201cPara nosotros, este acuerdo est\u00e1 cerrado\u201d.<\/p>\n<p class=\"paragraph\" data-count=\"226\" data-wrap=\"38\">Los expertos en comercio en Washington dicen que los cambios exigidos por los dem\u00f3cratas podr\u00edan no requerir una renegociaci\u00f3n total y podr\u00edan abordarse en un anexo o en una carta lateral que resultar\u00eda m\u00e1s f\u00e1cil de manejar.<\/p>\n<\/div>\n<p data-count=\"226\" data-wrap=\"38\">Fuente:elfinanciero<\/p>\n","protected":false},"excerpt":{"rendered":"<p>Esta fracci\u00f3n pol\u00edtica en el Congreso de EU considera que el acuerdo no incluye disposiciones lo suficientemente fuertes para hacer cumplir las normas laborales y ambientales, por lo que podr\u00eda no obtener los suficientes votos para ser aprobado, lo que [&hellip;]<\/p>\n","protected":false},"author":1,"featured_media":3797,"comment_status":"open","ping_status":"open","sticky":false,"template":"","format":"standard","meta":{"inline_featured_image":false,"_jetpack_memberships_contains_paid_content":false,"footnotes":""},"categories":[173],"tags":[607,972,971,192,965,7,934,108,190,820,918],"class_list":["post-3796","post","type-post","status-publish","format-standard","has-post-thumbnail","hentry","category-comercio-exterior","tag-andres-manuel-lopez-obrador","tag-congreso-de-eu","tag-demandas-de-los-democratas-llevarian-al-t-mec-al-limbo","tag-estados-unidos-y-canada","tag-luz-maria-de-la-mora","tag-mexico","tag-t-mec","tag-tlcan","tag-tratado-de-libre-comercio-de-america-del-norte","tag-trump","tag-usmca"],"yoast_head":"<!-- This site is optimized with the Yoast SEO plugin v20.9 - https:\/\/yoast.com\/wordpress\/plugins\/seo\/ -->\n<title>Demandas de los dem\u00f3cratas llevar\u00edan al T-MEC al \u2018limbo\u2019 - Campa<\/title>\n<meta name=\"robots\" content=\"index, follow, max-snippet:-1, max-image-preview:large, max-video-preview:-1\" \/>\n<link rel=\"canonical\" href=\"https:\/\/www.campa.com.mx\/site\/demandas-de-los-democratas-llevarian-al-t-mec-al-limbo\/\" \/>\n<meta property=\"og:locale\" content=\"es_ES\" \/>\n<meta property=\"og:type\" content=\"article\" \/>\n<meta property=\"og:title\" content=\"Demandas de los dem\u00f3cratas llevar\u00edan al T-MEC al \u2018limbo\u2019 - Campa\" \/>\n<meta property=\"og:description\" content=\"Esta fracci\u00f3n pol\u00edtica en el Congreso de EU considera que el acuerdo no incluye disposiciones lo suficientemente fuertes para hacer cumplir las normas laborales y ambientales, por lo que podr\u00eda no obtener los suficientes votos para ser aprobado, lo que [&hellip;]\" \/>\n<meta property=\"og:url\" content=\"https:\/\/www.campa.com.mx\/site\/demandas-de-los-democratas-llevarian-al-t-mec-al-limbo\/\" \/>\n<meta property=\"og:site_name\" content=\"Campa\" \/>\n<meta property=\"article:publisher\" content=\"https:\/\/www.facebook.com\/MovimientoAnexo24\" \/>\n<meta property=\"article:published_time\" content=\"2019-01-23T18:47:31+00:00\" \/>\n<meta property=\"og:image\" content=\"https:\/\/www.campa.com.mx\/site\/wp-content\/uploads\/2019\/01\/1facebook.jpg\" \/>\n\t<meta property=\"og:image:width\" content=\"1200\" \/>\n\t<meta property=\"og:image:height\" content=\"628\" \/>\n\t<meta property=\"og:image:type\" content=\"image\/jpeg\" \/>\n<meta name=\"author\" content=\"campa\" \/>\n<meta name=\"twitter:card\" content=\"summary_large_image\" \/>\n<meta name=\"twitter:creator\" content=\"@artycampa\" \/>\n<meta name=\"twitter:site\" content=\"@artycampa\" \/>\n<meta name=\"twitter:label1\" content=\"Escrito por\" \/>\n\t<meta name=\"twitter:data1\" content=\"campa\" \/>\n\t<meta name=\"twitter:label2\" content=\"Tiempo de lectura\" \/>\n\t<meta name=\"twitter:data2\" content=\"3 minutos\" \/>\n<script type=\"application\/ld+json\" class=\"yoast-schema-graph\">{\"@context\":\"https:\/\/schema.org\",\"@graph\":[{\"@type\":\"WebPage\",\"@id\":\"https:\/\/www.campa.com.mx\/site\/demandas-de-los-democratas-llevarian-al-t-mec-al-limbo\/\",\"url\":\"https:\/\/www.campa.com.mx\/site\/demandas-de-los-democratas-llevarian-al-t-mec-al-limbo\/\",\"name\":\"Demandas de los dem\u00f3cratas llevar\u00edan al T-MEC al \u2018limbo\u2019 - Campa\",\"isPartOf\":{\"@id\":\"https:\/\/www.campa.com.mx\/site\/#website\"},\"datePublished\":\"2019-01-23T18:47:31+00:00\",\"dateModified\":\"2019-01-23T18:47:31+00:00\",\"author\":{\"@id\":\"https:\/\/www.campa.com.mx\/site\/#\/schema\/person\/5bf1874b81661ed013f5aa29df30761c\"},\"breadcrumb\":{\"@id\":\"https:\/\/www.campa.com.mx\/site\/demandas-de-los-democratas-llevarian-al-t-mec-al-limbo\/#breadcrumb\"},\"inLanguage\":\"es\",\"potentialAction\":[{\"@type\":\"ReadAction\",\"target\":[\"https:\/\/www.campa.com.mx\/site\/demandas-de-los-democratas-llevarian-al-t-mec-al-limbo\/\"]}]},{\"@type\":\"BreadcrumbList\",\"@id\":\"https:\/\/www.campa.com.mx\/site\/demandas-de-los-democratas-llevarian-al-t-mec-al-limbo\/#breadcrumb\",\"itemListElement\":[{\"@type\":\"ListItem\",\"position\":1,\"name\":\"Portada\",\"item\":\"https:\/\/www.campa.com.mx\/site\/\"},{\"@type\":\"ListItem\",\"position\":2,\"name\":\"Demandas de los dem\u00f3cratas llevar\u00edan al T-MEC al \u2018limbo\u2019\"}]},{\"@type\":\"WebSite\",\"@id\":\"https:\/\/www.campa.com.mx\/site\/#website\",\"url\":\"https:\/\/www.campa.com.mx\/site\/\",\"name\":\"Campa\",\"description\":\"Tecnolog\u00eda - Comercio Exterior - Servicios\",\"potentialAction\":[{\"@type\":\"SearchAction\",\"target\":{\"@type\":\"EntryPoint\",\"urlTemplate\":\"https:\/\/www.campa.com.mx\/site\/?s={search_term_string}\"},\"query-input\":\"required name=search_term_string\"}],\"inLanguage\":\"es\"},{\"@type\":\"Person\",\"@id\":\"https:\/\/www.campa.com.mx\/site\/#\/schema\/person\/5bf1874b81661ed013f5aa29df30761c\",\"name\":\"campa\",\"image\":{\"@type\":\"ImageObject\",\"inLanguage\":\"es\",\"@id\":\"https:\/\/www.campa.com.mx\/site\/#\/schema\/person\/image\/\",\"url\":\"https:\/\/secure.gravatar.com\/avatar\/921e6e5cffb9d78857948e938192591b9fd4168d0b55cc795582b49d9dc52bb1?s=96&d=mm&r=g\",\"contentUrl\":\"https:\/\/secure.gravatar.com\/avatar\/921e6e5cffb9d78857948e938192591b9fd4168d0b55cc795582b49d9dc52bb1?s=96&d=mm&r=g\",\"caption\":\"campa\"}}]}<\/script>\n<!-- \/ Yoast SEO plugin. -->","yoast_head_json":{"title":"Demandas de los dem\u00f3cratas llevar\u00edan al T-MEC al \u2018limbo\u2019 - Campa","robots":{"index":"index","follow":"follow","max-snippet":"max-snippet:-1","max-image-preview":"max-image-preview:large","max-video-preview":"max-video-preview:-1"},"canonical":"https:\/\/www.campa.com.mx\/site\/demandas-de-los-democratas-llevarian-al-t-mec-al-limbo\/","og_locale":"es_ES","og_type":"article","og_title":"Demandas de los dem\u00f3cratas llevar\u00edan al T-MEC al \u2018limbo\u2019 - Campa","og_description":"Esta fracci\u00f3n pol\u00edtica en el Congreso de EU considera que el acuerdo no incluye disposiciones lo suficientemente fuertes para hacer cumplir las normas laborales y ambientales, por lo que podr\u00eda no obtener los suficientes votos para ser aprobado, lo que [&hellip;]","og_url":"https:\/\/www.campa.com.mx\/site\/demandas-de-los-democratas-llevarian-al-t-mec-al-limbo\/","og_site_name":"Campa","article_publisher":"https:\/\/www.facebook.com\/MovimientoAnexo24","article_published_time":"2019-01-23T18:47:31+00:00","og_image":[{"width":1200,"height":628,"url":"https:\/\/www.campa.com.mx\/site\/wp-content\/uploads\/2019\/01\/1facebook.jpg","type":"image\/jpeg"}],"author":"campa","twitter_card":"summary_large_image","twitter_creator":"@artycampa","twitter_site":"@artycampa","twitter_misc":{"Escrito por":"campa","Tiempo de lectura":"3 minutos"},"schema":{"@context":"https:\/\/schema.org","@graph":[{"@type":"WebPage","@id":"https:\/\/www.campa.com.mx\/site\/demandas-de-los-democratas-llevarian-al-t-mec-al-limbo\/","url":"https:\/\/www.campa.com.mx\/site\/demandas-de-los-democratas-llevarian-al-t-mec-al-limbo\/","name":"Demandas de los dem\u00f3cratas llevar\u00edan al T-MEC al \u2018limbo\u2019 - Campa","isPartOf":{"@id":"https:\/\/www.campa.com.mx\/site\/#website"},"datePublished":"2019-01-23T18:47:31+00:00","dateModified":"2019-01-23T18:47:31+00:00","author":{"@id":"https:\/\/www.campa.com.mx\/site\/#\/schema\/person\/5bf1874b81661ed013f5aa29df30761c"},"breadcrumb":{"@id":"https:\/\/www.campa.com.mx\/site\/demandas-de-los-democratas-llevarian-al-t-mec-al-limbo\/#breadcrumb"},"inLanguage":"es","potentialAction":[{"@type":"ReadAction","target":["https:\/\/www.campa.com.mx\/site\/demandas-de-los-democratas-llevarian-al-t-mec-al-limbo\/"]}]},{"@type":"BreadcrumbList","@id":"https:\/\/www.campa.com.mx\/site\/demandas-de-los-democratas-llevarian-al-t-mec-al-limbo\/#breadcrumb","itemListElement":[{"@type":"ListItem","position":1,"name":"Portada","item":"https:\/\/www.campa.com.mx\/site\/"},{"@type":"ListItem","position":2,"name":"Demandas de los dem\u00f3cratas llevar\u00edan al T-MEC al \u2018limbo\u2019"}]},{"@type":"WebSite","@id":"https:\/\/www.campa.com.mx\/site\/#website","url":"https:\/\/www.campa.com.mx\/site\/","name":"Campa","description":"Tecnolog\u00eda - Comercio Exterior - Servicios","potentialAction":[{"@type":"SearchAction","target":{"@type":"EntryPoint","urlTemplate":"https:\/\/www.campa.com.mx\/site\/?s={search_term_string}"},"query-input":"required name=search_term_string"}],"inLanguage":"es"},{"@type":"Person","@id":"https:\/\/www.campa.com.mx\/site\/#\/schema\/person\/5bf1874b81661ed013f5aa29df30761c","name":"campa","image":{"@type":"ImageObject","inLanguage":"es","@id":"https:\/\/www.campa.com.mx\/site\/#\/schema\/person\/image\/","url":"https:\/\/secure.gravatar.com\/avatar\/921e6e5cffb9d78857948e938192591b9fd4168d0b55cc795582b49d9dc52bb1?s=96&d=mm&r=g","contentUrl":"https:\/\/secure.gravatar.com\/avatar\/921e6e5cffb9d78857948e938192591b9fd4168d0b55cc795582b49d9dc52bb1?s=96&d=mm&r=g","caption":"campa"}}]}},"jetpack_featured_media_url":"https:\/\/www.campa.com.mx\/site\/wp-content\/uploads\/2019\/01\/1facebook.jpg","jetpack_sharing_enabled":true,"_links":{"self":[{"href":"https:\/\/www.campa.com.mx\/site\/wp-json\/wp\/v2\/posts\/3796","targetHints":{"allow":["GET"]}}],"collection":[{"href":"https:\/\/www.campa.com.mx\/site\/wp-json\/wp\/v2\/posts"}],"about":[{"href":"https:\/\/www.campa.com.mx\/site\/wp-json\/wp\/v2\/types\/post"}],"author":[{"embeddable":true,"href":"https:\/\/www.campa.com.mx\/site\/wp-json\/wp\/v2\/users\/1"}],"replies":[{"embeddable":true,"href":"https:\/\/www.campa.com.mx\/site\/wp-json\/wp\/v2\/comments?post=3796"}],"version-history":[{"count":1,"href":"https:\/\/www.campa.com.mx\/site\/wp-json\/wp\/v2\/posts\/3796\/revisions"}],"predecessor-version":[{"id":3798,"href":"https:\/\/www.campa.com.mx\/site\/wp-json\/wp\/v2\/posts\/3796\/revisions\/3798"}],"wp:featuredmedia":[{"embeddable":true,"href":"https:\/\/www.campa.com.mx\/site\/wp-json\/wp\/v2\/media\/3797"}],"wp:attachment":[{"href":"https:\/\/www.campa.com.mx\/site\/wp-json\/wp\/v2\/media?parent=3796"}],"wp:term":[{"taxonomy":"category","embeddable":true,"href":"https:\/\/www.campa.com.mx\/site\/wp-json\/wp\/v2\/categories?post=3796"},{"taxonomy":"post_tag","embeddable":true,"href":"https:\/\/www.campa.com.mx\/site\/wp-json\/wp\/v2\/tags?post=3796"}],"curies":[{"name":"wp","href":"https:\/\/api.w.org\/{rel}","templated":true}]}}