{"id":3842,"date":"2019-02-07T11:15:30","date_gmt":"2019-02-07T17:15:30","guid":{"rendered":"http:\/\/www.campa.com.mx\/site\/?p=3842"},"modified":"2019-02-07T11:15:30","modified_gmt":"2019-02-07T17:15:30","slug":"se-publica-en-el-dof-el-acuerdo-por-el-que-se-da-a-conocer-la-decision-no-97-de-la-comision-administradora-del-tratado-de-libre-comercio-entre-los-estados-unidos-mexicanos-y-la-republica-de-colombia","status":"publish","type":"post","link":"https:\/\/www.campa.com.mx\/site\/se-publica-en-el-dof-el-acuerdo-por-el-que-se-da-a-conocer-la-decision-no-97-de-la-comision-administradora-del-tratado-de-libre-comercio-entre-los-estados-unidos-mexicanos-y-la-republica-de-colombia\/","title":{"rendered":"Se publica en el DOF el Acuerdo por el que se da a conocer la Decisi\u00f3n No. 97 de la Comisi\u00f3n Administradora del Tratado de Libre Comercio entre los Estados Unidos Mexicanos y la Rep\u00fablica de Colombia, adoptada el 24 de diciembre de 2018.  Este Acuerdo entra en vigor el 8 de febrero de este a\u00f1o y hasta el 7 de febrero de 2021 y reduce el arancel para productos textiles."},"content":{"rendered":"<h1 class=\"Titulo_1\">ACUERDO\u00a0por el que se da a conocer la Decisi\u00f3n No. 97 de la Comisi\u00f3n Administradora del Tratado de Libre\u00a0Comercio entre los Estados Unidos Mexicanos y la Rep\u00fablica de Colombia, adoptada el 24 de diciembre de 2018.<\/h1>\n<h2 class=\"Titulo_2\">Al margen un sello con el Escudo Nacional, que dice: Estados Unidos Mexicanos.- SE.- Secretar\u00eda de\u00a0Econom\u00eda.<\/h2>\n<div class=\"Texto\">Con fundamento en los art\u00edculos 34 fracci\u00f3n XXXIII de la Ley Org\u00e1nica de la Administraci\u00f3n P\u00fablica\u00a0Federal; 5o. fracci\u00f3n X de la Ley de Comercio Exterior; 5 fracci\u00f3n XVII del Reglamento Interior de la\u00a0Secretar\u00eda de Econom\u00eda, y<\/div>\n<div class=\"ANOTACION\">CONSIDERANDO<\/div>\n<div class=\"Texto\">Que el Tratado de Libre Comercio entre los Estados Unidos Mexicanos y la Rep\u00fablica de Colombia\u00a0(Tratado), de conformidad con su Art\u00edculo 6-20, establece un Comit\u00e9 de Integraci\u00f3n Regional de\u00a0Insumos\u00a0(CIRI).<\/div>\n<div class=\"Texto\">Que el Art\u00edculo 6-24 del Tratado faculta a la Comisi\u00f3n Administradora (Comisi\u00f3n) para que emita una\u00a0resoluci\u00f3n y establezca una dispensa, en los montos y t\u00e9rminos convenidos por el CIRI en su dictamen, para\u00a0la utilizaci\u00f3n de los materiales a que se refiere el p\u00e1rrafo 3 del Art\u00edculo 6-21 del Tratado.<\/div>\n<div class=\"Texto\">Que de conformidad con el Art\u00edculo 6-23 del Tratado, el 17 de diciembre de 2018, el CIRI present\u00f3 un\u00a0dictamen a la Comisi\u00f3n, en el que determin\u00f3 otorgar una dispensa temporal para dos nuevos productos, para\u00a0la utilizaci\u00f3n de ciertos materiales, producidos u obtenidos fuera de la zona de libre comercio, en la\u00a0manufactura de ciertos bienes textiles y del vestido, a fin de que estos bienes puedan recibir el trato\u00a0arancelario preferencial previsto en el Tratado.<\/div>\n<div class=\"Texto\">Que la Comisi\u00f3n, de conformidad con el Art\u00edculo 6-24 del Tratado y tomando en consideraci\u00f3n el dictamen\u00a0presentado por el CIRI, adopt\u00f3 el 24 de diciembre de 2018 la Decisi\u00f3n No. 97, por la que acord\u00f3 otorgar una\u00a0dispensa temporal para la utilizaci\u00f3n de ciertos materiales producidos u obtenidos fuera de la zona de libre\u00a0comercio en la manufactura de ciertos bienes textiles y del vestido, para que estos bienes puedan recibir el\u00a0trato arancelario preferencial del Tratado, por lo que se expide el siguiente:<\/div>\n<div class=\"ANOTACION\">Acuerdo<\/div>\n<div class=\"Texto\">\u00danico.-\u00a0Se da a conocer la Decisi\u00f3n No. 97 de la Comisi\u00f3n Administradora del Tratado de Libre Comercio\u00a0entre los Estados Unidos Mexicanos y la Rep\u00fablica de Colombia, por la que se otorga una dispensa temporal\u00a0para la utilizaci\u00f3n de ciertos materiales producidos u obtenidos fuera de la zona de libre comercio para que\u00a0determinados bienes textiles y del vestido reciban el trato arancelario preferencial establecido en el Tratado de\u00a0Libre Comercio entre los Estados Unidos Mexicanos y la Rep\u00fablica de Colombia, adoptada el 24 de diciembre\u00a0de 2018:<\/div>\n<div class=\"Texto\">&#8220;DECISI\u00d3N No. 97<\/div>\n<div class=\"Texto\">Dispensa temporal para la utilizaci\u00f3n de materiales producidos u obtenidos fuera de la zona de\u00a0libre comercio para que determinados bienes textiles y del vestido reciban el trato arancelario\u00a0preferencial establecido en el Tratado de Libre Comercio entre los Estados Unidos Mexicanos y la\u00a0Rep\u00fablica de Colombia.<\/div>\n<div class=\"Texto\">La Comisi\u00f3n Administradora del Tratado de Libre Comercio entre los Estados Unidos Mexicanos\u00a0y la\u00a0Rep\u00fablica de Colombia (el Tratado), en cumplimiento con lo establecido en los art\u00edculos 6-24 y 20-01\u00a0del\u00a0mismo; tomando en consideraci\u00f3n el Dictamen presentado por el Comit\u00e9 de Integraci\u00f3n Regional de\u00a0Insumos\u00a0(CIRI), de fecha 17 de diciembre de 2018, conforme al Art\u00edculo 6-23 del Tratado, mediante el\u00a0cual\u00a0se\u00a0determina la incapacidad del productor de disponer de los materiales indicados en el p\u00e1rrafo 1 delArt\u00edculo 6-21, los montos y t\u00e9rminos de la dispensa requerida para que un bien pueda recibir el trato arancelario\u00a0preferencial,<\/div>\n<div class=\"Texto\">DECIDE:<\/div>\n<div class=\"ROMANOS\">1.\u00a0\u00a0\u00a0\u00a0\u00a0Otorgar por el per\u00edodo del 8 de febrero de 2019 al 7 de febrero de 2021 una dispensa temporal para\u00a0nuevos productos de conformidad con lo dispuesto en los p\u00e1rrafos 2 y 4 del Art\u00edculo 6-24 del Tratado,\u00a0mediante la cual los Estados Unidos Mexicanos aplicar\u00e1n el arancel de importaci\u00f3n correspondiente\u00a0a los bienes originarios previsto en su calendario de desgravaci\u00f3n del Anexo 1 al Art\u00edculo 3-04 del\u00a0Tratado a:<\/div>\n<div class=\"INCISO\">\u00b7\u00a0\u00a0\u00a0\u00a0Ciertos bienes textiles clasificados en las subpartidas del Sistema Armonizado de Designaci\u00f3n y\u00a0Codificaci\u00f3n de Mercanc\u00edas: 6004.10, 6005.31, 6005.32, 6005.33, 6005.34, 6006.31, 6006.32,\u00a06006.33, 6006.34, 6104.63, 6105.20, 6106.20, 6108.22, 6112.31, 6112.41, 6212.10, 6212.20 y\u00a06212.90, elaborados totalmente en la Rep\u00fablica de Colombia utilizando los materiales\u00a0producidos u obtenidos fuera de la zona de libre comercio, cuya descripci\u00f3n y clasificaci\u00f3n a\u00a0nivel de fracci\u00f3n arancelaria se menciona en las columnas A y B de la Tabla; y que cumplan con\u00a0los dem\u00e1s requisitos establecidos en la regla de origen correspondiente, as\u00ed como con las\u00a0dem\u00e1s condiciones aplicables para el trato arancelario preferencial de conformidad con\u00a0el\u00a0Tratado.<\/div>\n<div class=\"ROMANOS\">2.\u00a0\u00a0\u00a0\u00a0\u00a0Los bienes antes descritos quedan sujetos a los mecanismos de verificaci\u00f3n y certificaci\u00f3n del<\/div>\n<div class=\"ROMANOS\">Cap\u00edtulo VII del Tratado.<\/div>\n<div class=\"ROMANOS\">3.\u00a0\u00a0\u00a0\u00a0\u00a0En la Rep\u00fablica de Colombia se podr\u00e1n utilizar los materiales que se describen en esta Decisi\u00f3n,\u00a0producidos u obtenidos fuera de la zona de libre comercio, en la cantidad m\u00e1xima se\u00f1alada en la\u00a0columna\u00a0&#8220;C&#8221;\u00a0de la siguiente Tabla.<\/div>\n<div class=\"Texto\">Tabla<\/div>\n<table>\n<tbody>\n<tr>\n<td>\n<div class=\"Texto\">Fracci\u00f3n<br \/>\nArancelaria en<br \/>\nColombia<br \/>\n(Insumo)<\/div>\n<\/td>\n<td>\n<div class=\"Texto\">Descripci\u00f3n \/ Observaciones<\/div>\n<\/td>\n<td>\n<div class=\"Texto\">Cantidad<br \/>\n(Kilogramos Netos)<\/div>\n<\/td>\n<\/tr>\n<tr>\n<td>\n<div class=\"Texto\">(A)<\/div>\n<\/td>\n<td>\n<div class=\"Texto\">(B)<\/div>\n<\/td>\n<td>\n<div class=\"Texto\">(C)<\/div>\n<\/td>\n<\/tr>\n<tr>\n<td rowspan=\"3\">\n<div class=\"Texto\"><\/div>\n<div class=\"Texto\">5402.33.00.00<\/div>\n<\/td>\n<td>\n<div class=\"Texto\">Hilados de filamentos sint\u00e9ticos (excepto el hilo de\u00a0coser) sin acondicionar para la venta al por menor,\u00a0incluidos los monofilamentos sint\u00e9ticos de t\u00edtulo inferior\u00a0a 67 decitex.Hilados texturados: De poli\u00e9steres.<\/div>\n<\/td>\n<td>\n<div class=\"Texto\"><\/div>\n<\/td>\n<\/tr>\n<tr>\n<td>\n<div class=\"Texto\">Poli\u00e9ster, 50 Dr, 55 Dx., 144, Poli\u00e9ster 100% Texturizado,Semi-Mate, crudo, apto para urdir.<\/div>\n<\/td>\n<td>\n<div class=\"Texto\">180,000<\/div>\n<\/td>\n<\/tr>\n<tr>\n<td>\n<div class=\"Texto\">TOTAL<\/div>\n<\/td>\n<td>\n<div class=\"Texto\">180,000<\/div>\n<\/td>\n<\/tr>\n<tr>\n<td rowspan=\"2\">\n<div class=\"Texto\"><\/div>\n<div class=\"Texto\">5402.45.00.00<\/div>\n<\/td>\n<td>\n<div class=\"Texto\">Hilados de filamentos sint\u00e9ticos (excepto el hilo de\u00a0coser) sin acondicionar para la venta al por menor,\u00a0incluidos los monofilamentos sint\u00e9ticos de t\u00edtulo inferior\u00a0a 67 decitexLos dem\u00e1s hilados sencillos sin torsi\u00f3n o\u00a0con una torsi\u00f3n inferior o igual a 50 vueltas por metro:\u00a0Los dem\u00e1s de nailon o dem\u00e1s poliamidas.<\/div>\n<\/td>\n<td>\n<div class=\"Texto\"><\/div>\n<\/td>\n<\/tr>\n<tr>\n<td>\n<div class=\"Texto\">Poliamida 6, 55 Dx. 13 filamentos, 1 cabo, 100% Poliamida,R\u00edgido, UltraMate, beige, negro, azul, blanco y rojo, te\u00f1ido enmasa.<\/div>\n<\/td>\n<td>\n<div class=\"Texto\"><\/div>\n<div class=\"Texto\">42,000<\/div>\n<\/td>\n<\/tr>\n<tr>\n<td>\n<div class=\"Texto\"><\/div>\n<\/td>\n<td>\n<div class=\"Texto\">TOTAL<\/div>\n<\/td>\n<td>\n<div class=\"Texto\">42,000<\/div>\n<\/td>\n<\/tr>\n<\/tbody>\n<\/table>\n<div class=\"Texto\"><\/div>\n<div class=\"ROMANOS\">4.\u00a0\u00a0\u00a0\u00a0\u00a0La autoridad competente de la Rep\u00fablica de Colombia deber\u00e1 asegurar que el certificado de origen,\u00a0llenado y firmado por el exportador, indique en el campo de observaciones la siguiente frase:\u00a0&#8220;el bien\u00a0cumple con lo establecido en la Decisi\u00f3n\u00a0No. 97\u00a0de la Comisi\u00f3n Administradora del Tratado y utiliz\u00f3\u00a0(monto(s))\u00a0kgs. de la dispensa otorgada a\u00a0(nombre del (de los) material(es) utilizado(s)),\u00a0clasificado(s) en la fracci\u00f3n (fracciones) arancelaria(s) _______.&#8221;<\/div>\n<div class=\"ROMANOS\">5.\u00a0\u00a0\u00a0\u00a0\u00a0Para los productos que se beneficien de la dispensa establecida en la presente Decisi\u00f3n, el\u00a0certificado de origen deber\u00e1 amparar s\u00f3lo productos clasificados en una misma subpartida (a nivel de\u00a06 d\u00edgitos). Por ello, si un exportador env\u00eda productos clasificados en diferentes subpartidas, \u00e9ste\u00a0deber\u00e1 llenar un certificado para cada una de ellas.<\/div>\n<div class=\"ROMANOS\">6.\u00a0\u00a0\u00a0\u00a0\u00a0Los Estados Unidos Mexicanos podr\u00e1n solicitar a la Rep\u00fablica de Colombia, en cualquier momento,\u00a0informaci\u00f3n que permita comprobar la utilizaci\u00f3n de la dispensa establecida en la presente Decisi\u00f3n,\u00a0as\u00ed como la correcta aplicaci\u00f3n de lo dispuesto en el Dictamen presentado por el CIRI a la Comisi\u00f3n\u00a0Administradora del Tratado, conforme a los t\u00e9rminos establecidos en el Dictamen.<\/div>\n<div class=\"ROMANOS\">7.\u00a0\u00a0\u00a0\u00a0\u00a0Cualquier solicitud de pr\u00f3rroga o aumento al monto determinado para los materiales descritos en la\u00a0Tabla de esta Decisi\u00f3n, se efectuar\u00e1 conforme a lo dispuesto en el Tratado y el Reglamento de\u00a0Operaci\u00f3n del CIRI adoptado por la Comisi\u00f3n Administradora del Tratado mediante la Decisi\u00f3n\u00a0No.\u00a061 de fecha 7 de abril de 2010. En su caso, cualquier pr\u00f3rroga o aumento se dar\u00e1 a conocer a trav\u00e9s\u00a0de la gaceta oficial de los Estados Unidos Mexicanos, y la p\u00e1gina web del Ministerio de Comercio,\u00a0Industria y Turismo de la Rep\u00fablica de Colombia.&#8221;<\/div>\n<div class=\"ANOTACION\">TRANSITORIOS<\/div>\n<div class=\"Texto\">PRIMERO.-\u00a0El presente Acuerdo entrar\u00e1 en vigor el d\u00eda de su publicaci\u00f3n en el Diario Oficial\u00a0de\u00a0la\u00a0Federaci\u00f3n.<\/div>\n<div class=\"Texto\">SEGUNDO.-\u00a0De conformidad con el numeral 1 de la Decisi\u00f3n No. 97 de la Comisi\u00f3n Administradora del\u00a0Tratado de Libre Comercio entre los Estados Unidos Mexicanos y la Rep\u00fablica de Colombia, adoptada el 24\u00a0de diciembre de 2018, la dispensa temporal a que se refiere dicho numeral entrar\u00e1 en vigor a partir del 8 de\u00a0febrero de 2019 y concluir\u00e1 su vigencia el 7 de febrero de 2021.<\/div>\n<div class=\"Texto\">Ciudad de M\u00e9xico, a 1 de febrero de 2019.- La Secretaria de Econom\u00eda,\u00a0Graciela M\u00e1rquez\u00a0Col\u00edn.-\u00a0R\u00fabrica.<\/div>\n<div class=\"Texto\"><\/div>\n","protected":false},"excerpt":{"rendered":"<p>ACUERDO\u00a0por el que se da a conocer la Decisi\u00f3n No. 97 de la Comisi\u00f3n Administradora del Tratado de Libre\u00a0Comercio entre los Estados Unidos Mexicanos y la Rep\u00fablica de Colombia, adoptada el 24 de diciembre de 2018. Al margen un sello [&hellip;]<\/p>\n","protected":false},"author":1,"featured_media":2752,"comment_status":"open","ping_status":"open","sticky":false,"template":"","format":"standard","meta":{"inline_featured_image":false,"_jetpack_memberships_contains_paid_content":false,"footnotes":""},"categories":[174],"tags":[],"class_list":["post-3842","post","type-post","status-publish","format-standard","has-post-thumbnail","hentry","category-publicaciones-d-o-f"],"yoast_head":"<!-- This site is optimized with the Yoast SEO plugin v20.9 - https:\/\/yoast.com\/wordpress\/plugins\/seo\/ -->\n<title>Se publica en el DOF el Acuerdo por el que se da a conocer la Decisi\u00f3n No. 97 de la Comisi\u00f3n Administradora del Tratado de Libre Comercio entre los Estados Unidos Mexicanos y la Rep\u00fablica de Colombia, adoptada el 24 de diciembre de 2018. Este Acuerdo entra en vigor el 8 de febrero de este a\u00f1o y hasta el 7 de febrero de 2021 y reduce el arancel para productos textiles. - Campa<\/title>\n<meta name=\"robots\" content=\"index, follow, max-snippet:-1, max-image-preview:large, max-video-preview:-1\" \/>\n<link rel=\"canonical\" href=\"https:\/\/www.campa.com.mx\/site\/se-publica-en-el-dof-el-acuerdo-por-el-que-se-da-a-conocer-la-decision-no-97-de-la-comision-administradora-del-tratado-de-libre-comercio-entre-los-estados-unidos-mexicanos-y-la-republica-de-colombia\/\" \/>\n<meta property=\"og:locale\" content=\"es_ES\" \/>\n<meta property=\"og:type\" content=\"article\" \/>\n<meta property=\"og:title\" content=\"Se publica en el DOF el Acuerdo por el que se da a conocer la Decisi\u00f3n No. 97 de la Comisi\u00f3n Administradora del Tratado de Libre Comercio entre los Estados Unidos Mexicanos y la Rep\u00fablica de Colombia, adoptada el 24 de diciembre de 2018. Este Acuerdo entra en vigor el 8 de febrero de este a\u00f1o y hasta el 7 de febrero de 2021 y reduce el arancel para productos textiles. - Campa\" \/>\n<meta property=\"og:description\" content=\"ACUERDO\u00a0por el que se da a conocer la Decisi\u00f3n No. 97 de la Comisi\u00f3n Administradora del Tratado de Libre\u00a0Comercio entre los Estados Unidos Mexicanos y la Rep\u00fablica de Colombia, adoptada el 24 de diciembre de 2018. Al margen un sello [&hellip;]\" \/>\n<meta property=\"og:url\" content=\"https:\/\/www.campa.com.mx\/site\/se-publica-en-el-dof-el-acuerdo-por-el-que-se-da-a-conocer-la-decision-no-97-de-la-comision-administradora-del-tratado-de-libre-comercio-entre-los-estados-unidos-mexicanos-y-la-republica-de-colombia\/\" \/>\n<meta property=\"og:site_name\" content=\"Campa\" \/>\n<meta property=\"article:publisher\" content=\"https:\/\/www.facebook.com\/MovimientoAnexo24\" \/>\n<meta property=\"article:published_time\" content=\"2019-02-07T17:15:30+00:00\" \/>\n<meta property=\"og:image\" content=\"https:\/\/www.campa.com.mx\/site\/wp-content\/uploads\/2018\/02\/publicaciones-DOF-diario-oficial-de-la-federacion-dof.png\" \/>\n\t<meta property=\"og:image:width\" content=\"847\" \/>\n\t<meta property=\"og:image:height\" content=\"356\" \/>\n\t<meta property=\"og:image:type\" content=\"image\/png\" \/>\n<meta name=\"author\" content=\"campa\" \/>\n<meta name=\"twitter:card\" content=\"summary_large_image\" \/>\n<meta name=\"twitter:creator\" content=\"@artycampa\" \/>\n<meta name=\"twitter:site\" content=\"@artycampa\" \/>\n<meta name=\"twitter:label1\" content=\"Escrito por\" \/>\n\t<meta name=\"twitter:data1\" content=\"campa\" \/>\n\t<meta name=\"twitter:label2\" content=\"Tiempo de lectura\" \/>\n\t<meta name=\"twitter:data2\" content=\"7 minutos\" \/>\n<script type=\"application\/ld+json\" class=\"yoast-schema-graph\">{\"@context\":\"https:\/\/schema.org\",\"@graph\":[{\"@type\":\"WebPage\",\"@id\":\"https:\/\/www.campa.com.mx\/site\/se-publica-en-el-dof-el-acuerdo-por-el-que-se-da-a-conocer-la-decision-no-97-de-la-comision-administradora-del-tratado-de-libre-comercio-entre-los-estados-unidos-mexicanos-y-la-republica-de-colombia\/\",\"url\":\"https:\/\/www.campa.com.mx\/site\/se-publica-en-el-dof-el-acuerdo-por-el-que-se-da-a-conocer-la-decision-no-97-de-la-comision-administradora-del-tratado-de-libre-comercio-entre-los-estados-unidos-mexicanos-y-la-republica-de-colombia\/\",\"name\":\"Se publica en el DOF el Acuerdo por el que se da a conocer la Decisi\u00f3n No. 97 de la Comisi\u00f3n Administradora del Tratado de Libre Comercio entre los Estados Unidos Mexicanos y la Rep\u00fablica de Colombia, adoptada el 24 de diciembre de 2018. Este Acuerdo entra en vigor el 8 de febrero de este a\u00f1o y hasta el 7 de febrero de 2021 y reduce el arancel para productos textiles. - Campa\",\"isPartOf\":{\"@id\":\"https:\/\/www.campa.com.mx\/site\/#website\"},\"datePublished\":\"2019-02-07T17:15:30+00:00\",\"dateModified\":\"2019-02-07T17:15:30+00:00\",\"author\":{\"@id\":\"https:\/\/www.campa.com.mx\/site\/#\/schema\/person\/5bf1874b81661ed013f5aa29df30761c\"},\"breadcrumb\":{\"@id\":\"https:\/\/www.campa.com.mx\/site\/se-publica-en-el-dof-el-acuerdo-por-el-que-se-da-a-conocer-la-decision-no-97-de-la-comision-administradora-del-tratado-de-libre-comercio-entre-los-estados-unidos-mexicanos-y-la-republica-de-colombia\/#breadcrumb\"},\"inLanguage\":\"es\",\"potentialAction\":[{\"@type\":\"ReadAction\",\"target\":[\"https:\/\/www.campa.com.mx\/site\/se-publica-en-el-dof-el-acuerdo-por-el-que-se-da-a-conocer-la-decision-no-97-de-la-comision-administradora-del-tratado-de-libre-comercio-entre-los-estados-unidos-mexicanos-y-la-republica-de-colombia\/\"]}]},{\"@type\":\"BreadcrumbList\",\"@id\":\"https:\/\/www.campa.com.mx\/site\/se-publica-en-el-dof-el-acuerdo-por-el-que-se-da-a-conocer-la-decision-no-97-de-la-comision-administradora-del-tratado-de-libre-comercio-entre-los-estados-unidos-mexicanos-y-la-republica-de-colombia\/#breadcrumb\",\"itemListElement\":[{\"@type\":\"ListItem\",\"position\":1,\"name\":\"Portada\",\"item\":\"https:\/\/www.campa.com.mx\/site\/\"},{\"@type\":\"ListItem\",\"position\":2,\"name\":\"Se publica en el DOF el Acuerdo por el que se da a conocer la Decisi\u00f3n No. 97 de la Comisi\u00f3n Administradora del Tratado de Libre Comercio entre los Estados Unidos Mexicanos y la Rep\u00fablica de Colombia, adoptada el 24 de diciembre de 2018. Este Acuerdo entra en vigor el 8 de febrero de este a\u00f1o y hasta el 7 de febrero de 2021 y reduce el arancel para productos textiles.\"}]},{\"@type\":\"WebSite\",\"@id\":\"https:\/\/www.campa.com.mx\/site\/#website\",\"url\":\"https:\/\/www.campa.com.mx\/site\/\",\"name\":\"Campa\",\"description\":\"Tecnolog\u00eda - Comercio Exterior - Servicios\",\"potentialAction\":[{\"@type\":\"SearchAction\",\"target\":{\"@type\":\"EntryPoint\",\"urlTemplate\":\"https:\/\/www.campa.com.mx\/site\/?s={search_term_string}\"},\"query-input\":\"required name=search_term_string\"}],\"inLanguage\":\"es\"},{\"@type\":\"Person\",\"@id\":\"https:\/\/www.campa.com.mx\/site\/#\/schema\/person\/5bf1874b81661ed013f5aa29df30761c\",\"name\":\"campa\",\"image\":{\"@type\":\"ImageObject\",\"inLanguage\":\"es\",\"@id\":\"https:\/\/www.campa.com.mx\/site\/#\/schema\/person\/image\/\",\"url\":\"https:\/\/secure.gravatar.com\/avatar\/921e6e5cffb9d78857948e938192591b9fd4168d0b55cc795582b49d9dc52bb1?s=96&d=mm&r=g\",\"contentUrl\":\"https:\/\/secure.gravatar.com\/avatar\/921e6e5cffb9d78857948e938192591b9fd4168d0b55cc795582b49d9dc52bb1?s=96&d=mm&r=g\",\"caption\":\"campa\"}}]}<\/script>\n<!-- \/ Yoast SEO plugin. -->","yoast_head_json":{"title":"Se publica en el DOF el Acuerdo por el que se da a conocer la Decisi\u00f3n No. 97 de la Comisi\u00f3n Administradora del Tratado de Libre Comercio entre los Estados Unidos Mexicanos y la Rep\u00fablica de Colombia, adoptada el 24 de diciembre de 2018. Este Acuerdo entra en vigor el 8 de febrero de este a\u00f1o y hasta el 7 de febrero de 2021 y reduce el arancel para productos textiles. - Campa","robots":{"index":"index","follow":"follow","max-snippet":"max-snippet:-1","max-image-preview":"max-image-preview:large","max-video-preview":"max-video-preview:-1"},"canonical":"https:\/\/www.campa.com.mx\/site\/se-publica-en-el-dof-el-acuerdo-por-el-que-se-da-a-conocer-la-decision-no-97-de-la-comision-administradora-del-tratado-de-libre-comercio-entre-los-estados-unidos-mexicanos-y-la-republica-de-colombia\/","og_locale":"es_ES","og_type":"article","og_title":"Se publica en el DOF el Acuerdo por el que se da a conocer la Decisi\u00f3n No. 97 de la Comisi\u00f3n Administradora del Tratado de Libre Comercio entre los Estados Unidos Mexicanos y la Rep\u00fablica de Colombia, adoptada el 24 de diciembre de 2018. Este Acuerdo entra en vigor el 8 de febrero de este a\u00f1o y hasta el 7 de febrero de 2021 y reduce el arancel para productos textiles. - Campa","og_description":"ACUERDO\u00a0por el que se da a conocer la Decisi\u00f3n No. 97 de la Comisi\u00f3n Administradora del Tratado de Libre\u00a0Comercio entre los Estados Unidos Mexicanos y la Rep\u00fablica de Colombia, adoptada el 24 de diciembre de 2018. Al margen un sello [&hellip;]","og_url":"https:\/\/www.campa.com.mx\/site\/se-publica-en-el-dof-el-acuerdo-por-el-que-se-da-a-conocer-la-decision-no-97-de-la-comision-administradora-del-tratado-de-libre-comercio-entre-los-estados-unidos-mexicanos-y-la-republica-de-colombia\/","og_site_name":"Campa","article_publisher":"https:\/\/www.facebook.com\/MovimientoAnexo24","article_published_time":"2019-02-07T17:15:30+00:00","og_image":[{"width":847,"height":356,"url":"https:\/\/www.campa.com.mx\/site\/wp-content\/uploads\/2018\/02\/publicaciones-DOF-diario-oficial-de-la-federacion-dof.png","type":"image\/png"}],"author":"campa","twitter_card":"summary_large_image","twitter_creator":"@artycampa","twitter_site":"@artycampa","twitter_misc":{"Escrito por":"campa","Tiempo de lectura":"7 minutos"},"schema":{"@context":"https:\/\/schema.org","@graph":[{"@type":"WebPage","@id":"https:\/\/www.campa.com.mx\/site\/se-publica-en-el-dof-el-acuerdo-por-el-que-se-da-a-conocer-la-decision-no-97-de-la-comision-administradora-del-tratado-de-libre-comercio-entre-los-estados-unidos-mexicanos-y-la-republica-de-colombia\/","url":"https:\/\/www.campa.com.mx\/site\/se-publica-en-el-dof-el-acuerdo-por-el-que-se-da-a-conocer-la-decision-no-97-de-la-comision-administradora-del-tratado-de-libre-comercio-entre-los-estados-unidos-mexicanos-y-la-republica-de-colombia\/","name":"Se publica en el DOF el Acuerdo por el que se da a conocer la Decisi\u00f3n No. 97 de la Comisi\u00f3n Administradora del Tratado de Libre Comercio entre los Estados Unidos Mexicanos y la Rep\u00fablica de Colombia, adoptada el 24 de diciembre de 2018. Este Acuerdo entra en vigor el 8 de febrero de este a\u00f1o y hasta el 7 de febrero de 2021 y reduce el arancel para productos textiles. - Campa","isPartOf":{"@id":"https:\/\/www.campa.com.mx\/site\/#website"},"datePublished":"2019-02-07T17:15:30+00:00","dateModified":"2019-02-07T17:15:30+00:00","author":{"@id":"https:\/\/www.campa.com.mx\/site\/#\/schema\/person\/5bf1874b81661ed013f5aa29df30761c"},"breadcrumb":{"@id":"https:\/\/www.campa.com.mx\/site\/se-publica-en-el-dof-el-acuerdo-por-el-que-se-da-a-conocer-la-decision-no-97-de-la-comision-administradora-del-tratado-de-libre-comercio-entre-los-estados-unidos-mexicanos-y-la-republica-de-colombia\/#breadcrumb"},"inLanguage":"es","potentialAction":[{"@type":"ReadAction","target":["https:\/\/www.campa.com.mx\/site\/se-publica-en-el-dof-el-acuerdo-por-el-que-se-da-a-conocer-la-decision-no-97-de-la-comision-administradora-del-tratado-de-libre-comercio-entre-los-estados-unidos-mexicanos-y-la-republica-de-colombia\/"]}]},{"@type":"BreadcrumbList","@id":"https:\/\/www.campa.com.mx\/site\/se-publica-en-el-dof-el-acuerdo-por-el-que-se-da-a-conocer-la-decision-no-97-de-la-comision-administradora-del-tratado-de-libre-comercio-entre-los-estados-unidos-mexicanos-y-la-republica-de-colombia\/#breadcrumb","itemListElement":[{"@type":"ListItem","position":1,"name":"Portada","item":"https:\/\/www.campa.com.mx\/site\/"},{"@type":"ListItem","position":2,"name":"Se publica en el DOF el Acuerdo por el que se da a conocer la Decisi\u00f3n No. 97 de la Comisi\u00f3n Administradora del Tratado de Libre Comercio entre los Estados Unidos Mexicanos y la Rep\u00fablica de Colombia, adoptada el 24 de diciembre de 2018. Este Acuerdo entra en vigor el 8 de febrero de este a\u00f1o y hasta el 7 de febrero de 2021 y reduce el arancel para productos textiles."}]},{"@type":"WebSite","@id":"https:\/\/www.campa.com.mx\/site\/#website","url":"https:\/\/www.campa.com.mx\/site\/","name":"Campa","description":"Tecnolog\u00eda - Comercio Exterior - Servicios","potentialAction":[{"@type":"SearchAction","target":{"@type":"EntryPoint","urlTemplate":"https:\/\/www.campa.com.mx\/site\/?s={search_term_string}"},"query-input":"required name=search_term_string"}],"inLanguage":"es"},{"@type":"Person","@id":"https:\/\/www.campa.com.mx\/site\/#\/schema\/person\/5bf1874b81661ed013f5aa29df30761c","name":"campa","image":{"@type":"ImageObject","inLanguage":"es","@id":"https:\/\/www.campa.com.mx\/site\/#\/schema\/person\/image\/","url":"https:\/\/secure.gravatar.com\/avatar\/921e6e5cffb9d78857948e938192591b9fd4168d0b55cc795582b49d9dc52bb1?s=96&d=mm&r=g","contentUrl":"https:\/\/secure.gravatar.com\/avatar\/921e6e5cffb9d78857948e938192591b9fd4168d0b55cc795582b49d9dc52bb1?s=96&d=mm&r=g","caption":"campa"}}]}},"jetpack_featured_media_url":"https:\/\/www.campa.com.mx\/site\/wp-content\/uploads\/2018\/02\/publicaciones-DOF-diario-oficial-de-la-federacion-dof.png","jetpack_sharing_enabled":true,"_links":{"self":[{"href":"https:\/\/www.campa.com.mx\/site\/wp-json\/wp\/v2\/posts\/3842","targetHints":{"allow":["GET"]}}],"collection":[{"href":"https:\/\/www.campa.com.mx\/site\/wp-json\/wp\/v2\/posts"}],"about":[{"href":"https:\/\/www.campa.com.mx\/site\/wp-json\/wp\/v2\/types\/post"}],"author":[{"embeddable":true,"href":"https:\/\/www.campa.com.mx\/site\/wp-json\/wp\/v2\/users\/1"}],"replies":[{"embeddable":true,"href":"https:\/\/www.campa.com.mx\/site\/wp-json\/wp\/v2\/comments?post=3842"}],"version-history":[{"count":1,"href":"https:\/\/www.campa.com.mx\/site\/wp-json\/wp\/v2\/posts\/3842\/revisions"}],"predecessor-version":[{"id":3843,"href":"https:\/\/www.campa.com.mx\/site\/wp-json\/wp\/v2\/posts\/3842\/revisions\/3843"}],"wp:featuredmedia":[{"embeddable":true,"href":"https:\/\/www.campa.com.mx\/site\/wp-json\/wp\/v2\/media\/2752"}],"wp:attachment":[{"href":"https:\/\/www.campa.com.mx\/site\/wp-json\/wp\/v2\/media?parent=3842"}],"wp:term":[{"taxonomy":"category","embeddable":true,"href":"https:\/\/www.campa.com.mx\/site\/wp-json\/wp\/v2\/categories?post=3842"},{"taxonomy":"post_tag","embeddable":true,"href":"https:\/\/www.campa.com.mx\/site\/wp-json\/wp\/v2\/tags?post=3842"}],"curies":[{"name":"wp","href":"https:\/\/api.w.org\/{rel}","templated":true}]}}