{"id":3844,"date":"2019-02-13T09:35:00","date_gmt":"2019-02-13T15:35:00","guid":{"rendered":"http:\/\/www.campa.com.mx\/site\/?p=3844"},"modified":"2019-02-11T09:39:11","modified_gmt":"2019-02-11T15:39:11","slug":"mexico-desplaza-a-corea-como-6to-productor-de-automoviles","status":"publish","type":"post","link":"https:\/\/www.campa.com.mx\/site\/mexico-desplaza-a-corea-como-6to-productor-de-automoviles\/","title":{"rendered":"M\u00e9xico desplaza a Corea como 6to productor de autom\u00f3viles"},"content":{"rendered":"<p>M\u00e9xico desplaz\u00f3 a Corea del Sur como el sexto mayor productor de autom\u00f3viles del mundo en 2018,\u00a0 incluidos los veh\u00edculos pesados.<\/p>\n<p>En 2018, la producci\u00f3n surcoreana de veh\u00edculos automotores registr\u00f3 una ca\u00edda 2% interanual en 2018, para ubicarse en 4 millones 030,000 unidades, seg\u00fan la Asociaci\u00f3n de Fabricantes de Autom\u00f3viles de Corea.<\/p>\n<p>Por su parte, M\u00e9xico produjo 4 millones 070,606 unidades de autom\u00f3viles y veh\u00edculos pesados, aun con el dato pendiente de diciembre respecto a los veh\u00edculos pesados.<\/p>\n<p>A nivel global, China lidera la producci\u00f3n mundial, con 29 millones de unidades en 2017, seguida por Estados Unidos, Jap\u00f3n, Alemania e India.<\/p>\n<p>En M\u00e9xico, a pesar de su diversidad de productos manufacturados, las exportaciones del sector contin\u00faan dependiendo en buena medida de la industria automotriz e industrias vinculadas, aunque en los \u00faltimos a\u00f1os se ha venido desarrollando r\u00e1pidamente la industria aeron\u00e1utica.<\/p>\n<p>Las principales exportaciones manufactureras mexicanas son los productos de la industria del autom\u00f3vil, que representan alrededor de un tercio de las exportaciones de manufacturas, m\u00e1quinas para oficina y equipos de telecomunicaciones, maquinaria el\u00e9ctrica y no el\u00e9ctrica.<\/p>\n<p>Si se incluyen los alimentos y bebidas, las exportaciones de manufacturas representaron m\u00e1s del 90% del total. El 80% de las exportaciones de manufacturas tienen como destino los Estados Unidos.<\/p>\n<h3>Est\u00edmulos a los autom\u00f3viles<\/h3>\n<p>Por su parte, en Corea del Sur, el Gobierno ha aplicado algunos incentivos fiscales y de otro tipo al sector de los autom\u00f3viles para impulsar el consumo.<\/p>\n<p>Por ejemplo, en el caso de los veh\u00edculos autom\u00f3viles de m\u00e1s de 2.000 cc, el impuesto sobre el consumo individual se redujo del 10% en 2011 al 5% en 2015, y posteriormente al 3.5% del 27 de agosto de 2015 a junio de 2016; en lo que respecta a los dem\u00e1s autom\u00f3viles, el impuesto sobre el consumo individual se redujo del 5% al 3.5% del 27 de agosto de 2015 a junio de 2016.<\/p>\n<p>Para facilitar el desarrollo de \u201cautom\u00f3viles ecol\u00f3gicos\u201d, incluidos los veh\u00edculos el\u00e9ctricos, el Gobierno tiene previsto incrementar el n\u00famero de estaciones p\u00fablicas de carga r\u00e1pida (de las que crear\u00e1 1.400 para 2020 mediante asociaciones p\u00fablico-privadas), diversificar los tipos y m\u00e9todos de carga, desarrollar infraestructuras para la construcci\u00f3n de estaciones de llenado de hidr\u00f3geno, conceder incentivos (27.5 millones de won por veh\u00edculo) a los veh\u00edculos el\u00e9ctricos de celdas de combustible, y alentar a los fabricantes de autom\u00f3viles a reducir los precios de estos veh\u00edculos (en 85 millones de won en 2015 y 64 millones de won en 2018).<\/p>\n<p>&nbsp;<\/p>\n<p>Fuente:opportimes<\/p>\n","protected":false},"excerpt":{"rendered":"<p>M\u00e9xico desplaz\u00f3 a Corea del Sur como el sexto mayor productor de autom\u00f3viles del mundo en 2018,\u00a0 incluidos los veh\u00edculos pesados. En 2018, la producci\u00f3n surcoreana de veh\u00edculos automotores registr\u00f3 una ca\u00edda 2% interanual en 2018, para ubicarse en 4 [&hellip;]<\/p>\n","protected":false},"author":1,"featured_media":3845,"comment_status":"open","ping_status":"open","sticky":false,"template":"","format":"standard","meta":{"inline_featured_image":false,"_jetpack_memberships_contains_paid_content":false,"footnotes":""},"categories":[169],"tags":[991,155,1034,1035,1033],"class_list":["post-3844","post","type-post","status-publish","format-standard","has-post-thumbnail","hentry","category-automotriz","tag-automoviles","tag-estados-unidos","tag-estimulos-a-los-automoviles","tag-exportaciones-del-sector","tag-mexico-desplaza-a-corea-como-6to-productor-de-automoviles"],"yoast_head":"<!-- This site is optimized with the Yoast SEO plugin v20.9 - https:\/\/yoast.com\/wordpress\/plugins\/seo\/ -->\n<title>M\u00e9xico desplaza a Corea como 6to productor de autom\u00f3viles - Campa<\/title>\n<meta name=\"robots\" content=\"index, follow, max-snippet:-1, max-image-preview:large, max-video-preview:-1\" \/>\n<link rel=\"canonical\" href=\"https:\/\/www.campa.com.mx\/site\/mexico-desplaza-a-corea-como-6to-productor-de-automoviles\/\" \/>\n<meta property=\"og:locale\" content=\"es_ES\" \/>\n<meta property=\"og:type\" content=\"article\" \/>\n<meta property=\"og:title\" content=\"M\u00e9xico desplaza a Corea como 6to productor de autom\u00f3viles - Campa\" \/>\n<meta property=\"og:description\" content=\"M\u00e9xico desplaz\u00f3 a Corea del Sur como el sexto mayor productor de autom\u00f3viles del mundo en 2018,\u00a0 incluidos los veh\u00edculos pesados. En 2018, la producci\u00f3n surcoreana de veh\u00edculos automotores registr\u00f3 una ca\u00edda 2% interanual en 2018, para ubicarse en 4 [&hellip;]\" \/>\n<meta property=\"og:url\" content=\"https:\/\/www.campa.com.mx\/site\/mexico-desplaza-a-corea-como-6to-productor-de-automoviles\/\" \/>\n<meta property=\"og:site_name\" content=\"Campa\" \/>\n<meta property=\"article:publisher\" content=\"https:\/\/www.facebook.com\/MovimientoAnexo24\" \/>\n<meta property=\"article:published_time\" content=\"2019-02-13T15:35:00+00:00\" \/>\n<meta property=\"article:modified_time\" content=\"2019-02-11T15:39:11+00:00\" \/>\n<meta property=\"og:image\" content=\"https:\/\/www.campa.com.mx\/site\/wp-content\/uploads\/2019\/02\/13febre.jpg\" \/>\n\t<meta property=\"og:image:width\" content=\"1200\" \/>\n\t<meta property=\"og:image:height\" content=\"628\" \/>\n\t<meta property=\"og:image:type\" content=\"image\/jpeg\" \/>\n<meta name=\"author\" content=\"campa\" \/>\n<meta name=\"twitter:card\" content=\"summary_large_image\" \/>\n<meta name=\"twitter:creator\" content=\"@artycampa\" \/>\n<meta name=\"twitter:site\" content=\"@artycampa\" \/>\n<meta name=\"twitter:label1\" content=\"Escrito por\" \/>\n\t<meta name=\"twitter:data1\" content=\"campa\" \/>\n\t<meta name=\"twitter:label2\" content=\"Tiempo de lectura\" \/>\n\t<meta name=\"twitter:data2\" content=\"2 minutos\" \/>\n<script type=\"application\/ld+json\" class=\"yoast-schema-graph\">{\"@context\":\"https:\/\/schema.org\",\"@graph\":[{\"@type\":\"WebPage\",\"@id\":\"https:\/\/www.campa.com.mx\/site\/mexico-desplaza-a-corea-como-6to-productor-de-automoviles\/\",\"url\":\"https:\/\/www.campa.com.mx\/site\/mexico-desplaza-a-corea-como-6to-productor-de-automoviles\/\",\"name\":\"M\u00e9xico desplaza a Corea como 6to productor de autom\u00f3viles - Campa\",\"isPartOf\":{\"@id\":\"https:\/\/www.campa.com.mx\/site\/#website\"},\"datePublished\":\"2019-02-13T15:35:00+00:00\",\"dateModified\":\"2019-02-11T15:39:11+00:00\",\"author\":{\"@id\":\"https:\/\/www.campa.com.mx\/site\/#\/schema\/person\/5bf1874b81661ed013f5aa29df30761c\"},\"breadcrumb\":{\"@id\":\"https:\/\/www.campa.com.mx\/site\/mexico-desplaza-a-corea-como-6to-productor-de-automoviles\/#breadcrumb\"},\"inLanguage\":\"es\",\"potentialAction\":[{\"@type\":\"ReadAction\",\"target\":[\"https:\/\/www.campa.com.mx\/site\/mexico-desplaza-a-corea-como-6to-productor-de-automoviles\/\"]}]},{\"@type\":\"BreadcrumbList\",\"@id\":\"https:\/\/www.campa.com.mx\/site\/mexico-desplaza-a-corea-como-6to-productor-de-automoviles\/#breadcrumb\",\"itemListElement\":[{\"@type\":\"ListItem\",\"position\":1,\"name\":\"Portada\",\"item\":\"https:\/\/www.campa.com.mx\/site\/\"},{\"@type\":\"ListItem\",\"position\":2,\"name\":\"M\u00e9xico desplaza a Corea como 6to productor de autom\u00f3viles\"}]},{\"@type\":\"WebSite\",\"@id\":\"https:\/\/www.campa.com.mx\/site\/#website\",\"url\":\"https:\/\/www.campa.com.mx\/site\/\",\"name\":\"Campa\",\"description\":\"Tecnolog\u00eda - Comercio Exterior - Servicios\",\"potentialAction\":[{\"@type\":\"SearchAction\",\"target\":{\"@type\":\"EntryPoint\",\"urlTemplate\":\"https:\/\/www.campa.com.mx\/site\/?s={search_term_string}\"},\"query-input\":\"required name=search_term_string\"}],\"inLanguage\":\"es\"},{\"@type\":\"Person\",\"@id\":\"https:\/\/www.campa.com.mx\/site\/#\/schema\/person\/5bf1874b81661ed013f5aa29df30761c\",\"name\":\"campa\",\"image\":{\"@type\":\"ImageObject\",\"inLanguage\":\"es\",\"@id\":\"https:\/\/www.campa.com.mx\/site\/#\/schema\/person\/image\/\",\"url\":\"https:\/\/secure.gravatar.com\/avatar\/921e6e5cffb9d78857948e938192591b9fd4168d0b55cc795582b49d9dc52bb1?s=96&d=mm&r=g\",\"contentUrl\":\"https:\/\/secure.gravatar.com\/avatar\/921e6e5cffb9d78857948e938192591b9fd4168d0b55cc795582b49d9dc52bb1?s=96&d=mm&r=g\",\"caption\":\"campa\"}}]}<\/script>\n<!-- \/ Yoast SEO plugin. -->","yoast_head_json":{"title":"M\u00e9xico desplaza a Corea como 6to productor de autom\u00f3viles - Campa","robots":{"index":"index","follow":"follow","max-snippet":"max-snippet:-1","max-image-preview":"max-image-preview:large","max-video-preview":"max-video-preview:-1"},"canonical":"https:\/\/www.campa.com.mx\/site\/mexico-desplaza-a-corea-como-6to-productor-de-automoviles\/","og_locale":"es_ES","og_type":"article","og_title":"M\u00e9xico desplaza a Corea como 6to productor de autom\u00f3viles - Campa","og_description":"M\u00e9xico desplaz\u00f3 a Corea del Sur como el sexto mayor productor de autom\u00f3viles del mundo en 2018,\u00a0 incluidos los veh\u00edculos pesados. En 2018, la producci\u00f3n surcoreana de veh\u00edculos automotores registr\u00f3 una ca\u00edda 2% interanual en 2018, para ubicarse en 4 [&hellip;]","og_url":"https:\/\/www.campa.com.mx\/site\/mexico-desplaza-a-corea-como-6to-productor-de-automoviles\/","og_site_name":"Campa","article_publisher":"https:\/\/www.facebook.com\/MovimientoAnexo24","article_published_time":"2019-02-13T15:35:00+00:00","article_modified_time":"2019-02-11T15:39:11+00:00","og_image":[{"width":1200,"height":628,"url":"https:\/\/www.campa.com.mx\/site\/wp-content\/uploads\/2019\/02\/13febre.jpg","type":"image\/jpeg"}],"author":"campa","twitter_card":"summary_large_image","twitter_creator":"@artycampa","twitter_site":"@artycampa","twitter_misc":{"Escrito por":"campa","Tiempo de lectura":"2 minutos"},"schema":{"@context":"https:\/\/schema.org","@graph":[{"@type":"WebPage","@id":"https:\/\/www.campa.com.mx\/site\/mexico-desplaza-a-corea-como-6to-productor-de-automoviles\/","url":"https:\/\/www.campa.com.mx\/site\/mexico-desplaza-a-corea-como-6to-productor-de-automoviles\/","name":"M\u00e9xico desplaza a Corea como 6to productor de autom\u00f3viles - Campa","isPartOf":{"@id":"https:\/\/www.campa.com.mx\/site\/#website"},"datePublished":"2019-02-13T15:35:00+00:00","dateModified":"2019-02-11T15:39:11+00:00","author":{"@id":"https:\/\/www.campa.com.mx\/site\/#\/schema\/person\/5bf1874b81661ed013f5aa29df30761c"},"breadcrumb":{"@id":"https:\/\/www.campa.com.mx\/site\/mexico-desplaza-a-corea-como-6to-productor-de-automoviles\/#breadcrumb"},"inLanguage":"es","potentialAction":[{"@type":"ReadAction","target":["https:\/\/www.campa.com.mx\/site\/mexico-desplaza-a-corea-como-6to-productor-de-automoviles\/"]}]},{"@type":"BreadcrumbList","@id":"https:\/\/www.campa.com.mx\/site\/mexico-desplaza-a-corea-como-6to-productor-de-automoviles\/#breadcrumb","itemListElement":[{"@type":"ListItem","position":1,"name":"Portada","item":"https:\/\/www.campa.com.mx\/site\/"},{"@type":"ListItem","position":2,"name":"M\u00e9xico desplaza a Corea como 6to productor de autom\u00f3viles"}]},{"@type":"WebSite","@id":"https:\/\/www.campa.com.mx\/site\/#website","url":"https:\/\/www.campa.com.mx\/site\/","name":"Campa","description":"Tecnolog\u00eda - Comercio Exterior - Servicios","potentialAction":[{"@type":"SearchAction","target":{"@type":"EntryPoint","urlTemplate":"https:\/\/www.campa.com.mx\/site\/?s={search_term_string}"},"query-input":"required name=search_term_string"}],"inLanguage":"es"},{"@type":"Person","@id":"https:\/\/www.campa.com.mx\/site\/#\/schema\/person\/5bf1874b81661ed013f5aa29df30761c","name":"campa","image":{"@type":"ImageObject","inLanguage":"es","@id":"https:\/\/www.campa.com.mx\/site\/#\/schema\/person\/image\/","url":"https:\/\/secure.gravatar.com\/avatar\/921e6e5cffb9d78857948e938192591b9fd4168d0b55cc795582b49d9dc52bb1?s=96&d=mm&r=g","contentUrl":"https:\/\/secure.gravatar.com\/avatar\/921e6e5cffb9d78857948e938192591b9fd4168d0b55cc795582b49d9dc52bb1?s=96&d=mm&r=g","caption":"campa"}}]}},"jetpack_featured_media_url":"https:\/\/www.campa.com.mx\/site\/wp-content\/uploads\/2019\/02\/13febre.jpg","jetpack_sharing_enabled":true,"_links":{"self":[{"href":"https:\/\/www.campa.com.mx\/site\/wp-json\/wp\/v2\/posts\/3844","targetHints":{"allow":["GET"]}}],"collection":[{"href":"https:\/\/www.campa.com.mx\/site\/wp-json\/wp\/v2\/posts"}],"about":[{"href":"https:\/\/www.campa.com.mx\/site\/wp-json\/wp\/v2\/types\/post"}],"author":[{"embeddable":true,"href":"https:\/\/www.campa.com.mx\/site\/wp-json\/wp\/v2\/users\/1"}],"replies":[{"embeddable":true,"href":"https:\/\/www.campa.com.mx\/site\/wp-json\/wp\/v2\/comments?post=3844"}],"version-history":[{"count":1,"href":"https:\/\/www.campa.com.mx\/site\/wp-json\/wp\/v2\/posts\/3844\/revisions"}],"predecessor-version":[{"id":3846,"href":"https:\/\/www.campa.com.mx\/site\/wp-json\/wp\/v2\/posts\/3844\/revisions\/3846"}],"wp:featuredmedia":[{"embeddable":true,"href":"https:\/\/www.campa.com.mx\/site\/wp-json\/wp\/v2\/media\/3845"}],"wp:attachment":[{"href":"https:\/\/www.campa.com.mx\/site\/wp-json\/wp\/v2\/media?parent=3844"}],"wp:term":[{"taxonomy":"category","embeddable":true,"href":"https:\/\/www.campa.com.mx\/site\/wp-json\/wp\/v2\/categories?post=3844"},{"taxonomy":"post_tag","embeddable":true,"href":"https:\/\/www.campa.com.mx\/site\/wp-json\/wp\/v2\/tags?post=3844"}],"curies":[{"name":"wp","href":"https:\/\/api.w.org\/{rel}","templated":true}]}}