{"id":3859,"date":"2019-02-19T10:05:56","date_gmt":"2019-02-19T16:05:56","guid":{"rendered":"http:\/\/www.campa.com.mx\/site\/?p=3859"},"modified":"2019-02-11T10:48:27","modified_gmt":"2019-02-11T16:48:27","slug":"gm-y-vw-pilotan-record-automotor-de-mexico-en-enero","status":"publish","type":"post","link":"https:\/\/www.campa.com.mx\/site\/gm-y-vw-pilotan-record-automotor-de-mexico-en-enero\/","title":{"rendered":"GM y VW pilotan r\u00e9cord automotor de M\u00e9xico en enero"},"content":{"rendered":"<p>La automotriz alemana duplic\u00f3 su ensamble en comparaci\u00f3n interanual debido a la reactivaci\u00f3n de l\u00edneas de producci\u00f3n; avance compens\u00f3 las ca\u00eddas de Nissan, FCA y Mazda.<\/p>\n<div class=\"entry\">\n<div class=\"nota-autor clearfix\">\n<div class=\"entry-author clearfix\">\n<address class=\"clearfix\">\u00a0<\/address>\n<\/div>\n<\/div>\n<figure class=\"img-top\"><img decoding=\"async\" class=\" InImage\" title=\"GM y VW pilotan r\u00e9cord automotor de M\u00e9xico en enero\" src=\"https:\/\/www.eleconomista.com.mx\/__export\/1549862307038\/sites\/eleconomista\/img\/2019\/02\/10\/emp_princi_gm_110219.png_637906713.png\" alt=\"GM y VW pilotan r\u00e9cord automotor de M\u00e9xico en enero\" \/><\/p>\n<div id=\"sas_container_8138778\"><\/div>\n<\/figure>\n<\/div>\n<section class=\"main-content\">\n<div class=\"entry-body\">\n<p>M\u00e9xico arranc\u00f3 el 2019 con el pie en el acelerador y gracias a la demanda del exterior aument\u00f3 su producci\u00f3n de veh\u00edculos ligeros en 9.85% durante enero pasado, al ensamblar 333,677 unidades, cifra que representa la m\u00e1s alta en toda su historia, report\u00f3 el Instituto Nacional de Geograf\u00eda y Estad\u00edstica (Inegi).<\/p>\n<p>De acuerdo con el Registro Administrativo de la Industria Automotriz de Veh\u00edculos Ligeros a enero del 2019, realizado por el Inegi, el comportamiento de las exportaciones fue positivo, con env\u00edos externos por 242,299 unidades, lo que representa incremento de 4.9%, comparado con el primer mes del 2018. Aun cuando la Asociaci\u00f3n Mexicana de la Industria Automotriz (AMIA) anticipaba una baja en la producci\u00f3n y exportaci\u00f3n de veh\u00edculos por el desabasto de gasolina y los bloqueos de la CNTE en Michoac\u00e1n que impiden el ingreso y salida tanto de autopartes como de unidades, la industria automotriz sali\u00f3 bien librada por la recuperaci\u00f3n que tuvieron Grupo Volkswagen y General Motors durante enero pasado, quienes en diciembre del 2018 limitaron su ensamble.<\/p>\n<p>Durante el primer mes del 2019, Volkswagen fue la empresa que registr\u00f3 el mayor aumento en las unidades producidas, con 116.4%, al ensamblar 37,460 veh\u00edculos contra los 17,308 autos de enero del a\u00f1o previo. La aportaci\u00f3n de 20,152 unidades adiciones permiti\u00f3 que el comparativo anual del ensamble de la industria fuera positiva, luego de que marcas como Mazda, Nissan, FCA y KIA presentaran un menor ensamble ante los bloqueos de la CNTE en las v\u00edas de ferrocarril y el desabasto de gasolina en el Baj\u00edo del pa\u00eds, principalmente.<\/p>\n<p>La armadora alemana mencion\u00f3 en un comunicado que \u201cfrente a entorno desafiante para la industria, en donde la empresa instalada en el municipio de Cuautlancingo ha emprendido un programa de ajustes a sus capacidades de producci\u00f3n, este buen arranque de a\u00f1o da la oportunidad para registrar un optimismo mesurado\u201d.<\/p>\n<p>Debido a que su modelo Tiguan es considerado como el m\u00e1s vendido en Estados Unidos, VW M\u00e9xico elev\u00f3 su producci\u00f3n de SUV, al asignarle m\u00e1s de la mitad del ensamble, con 19,515 unidades.<\/p>\n<p>Toyota fue la segunda empresa que m\u00e1s aumento de fabricaci\u00f3n tuvo en 41.7%, de producir 12,140 unidades en enero del 2018 al pasar a 17,201 autos en este a\u00f1o. Y fue su pick up Tacoma, en donde se observ\u00f3 el repunte.<\/p>\n<p>General Motors ocup\u00f3 el tercer lugar en el aumento de veh\u00edculos manufacturados, con 31.7%, repunte que la coloc\u00f3 como la mayor productora de autos en M\u00e9xico con 70,306 unidades, cuando hace un a\u00f1o Nissan ocupaba ese sitio. Equinox es su modelo con mayor ensamble, al representar casi 30% del total de su producci\u00f3n.<\/p>\n<p>Audi y Ford Motors retomaron el camino del crecimiento, pues en el primer caso aument\u00f3 26.3% y 5.2%, respectivamente. Y Honda tambi\u00e9n repunt\u00f3, luego de haber enfrentado el cierre de planta en el Baj\u00edo, al elevar 2.5% su ensamble.<\/p>\n<p>En contraste, la ca\u00edda en la producci\u00f3n m\u00e1s notoria fue la de Mazda, con 63.4%, pues en enero del 2018 habr\u00eda ensamblado 14,553 unidades contra las 5,332 unidades del primer mes del 2019.<\/p>\n<p>Nissan fue la marca con la segunda ca\u00edda de veh\u00edculos producidos, con 9.9%, tendencia que mantiene desde hace un a\u00f1o.<\/p>\n<p>Otras marcas que redujeron su producci\u00f3n son Chrysler, que cay\u00f3 3.3%, y la coreana KIA, que por primera ocasi\u00f3n desde que opera en M\u00e9xico present\u00f3 una ca\u00edda de 0.4%, al dejar de producir el modelo Forte Hatchback y que ahora es importado de Corea.<\/p>\n<h2>Exportaciones en ascenso<\/h2>\n<p>VW tambi\u00e9n fue la marca que m\u00e1s env\u00edos al exterior tuvo durante enero, al crecer 128%, con 30,654 veh\u00edculos, principalmente del modelo Tiguan. Sin embargo, General Motors logr\u00f3 enviar 60,517 unidades al mundo, monto que representa 25% de la participaci\u00f3n total de las exportaciones que realiza M\u00e9xico.<\/p>\n<p>Las cuatro marcas que enfrentaron p\u00e9rdida de producci\u00f3n, tambi\u00e9n se vieron afectadas en sus exportaciones, as\u00ed que Mazda, Nissan, KIA y FCA presentaron descalabros de doble d\u00edgito, puesto que se les vincula como empresas de la industria automotriz que sufren por los bloqueos ferroviarios de maestros en Michoac\u00e1n.<\/p>\n<p>&nbsp;<\/p>\n<div>\n<figure class=\"image\"><img decoding=\"async\" title=\"\" src=\"https:\/\/www.eleconomista.com.mx\/export\/sites\/eleconomista\/img\/2019\/02\/10\/emp_int_gm_110219.png_173496904.png\" alt=\"\" hspace=\"5\" vspace=\"5\" data-height=\"995\" data-size=\"w:600,h:995\" data-width=\"600\" \/><\/figure>\n<\/div>\n<p>Fuente:eleconomista<\/p>\n<\/div>\n<\/section>\n","protected":false},"excerpt":{"rendered":"<p>La automotriz alemana duplic\u00f3 su ensamble en comparaci\u00f3n interanual debido a la reactivaci\u00f3n de l\u00edneas de producci\u00f3n; avance compens\u00f3 las ca\u00eddas de Nissan, FCA y Mazda. \u00a0 M\u00e9xico arranc\u00f3 el 2019 con el pie en el acelerador y gracias a [&hellip;]<\/p>\n","protected":false},"author":1,"featured_media":3860,"comment_status":"open","ping_status":"open","sticky":false,"template":"","format":"standard","meta":{"inline_featured_image":false,"_jetpack_memberships_contains_paid_content":false,"footnotes":""},"categories":[1],"tags":[],"class_list":["post-3859","post","type-post","status-publish","format-standard","has-post-thumbnail","hentry","category-campa"],"yoast_head":"<!-- This site is optimized with the Yoast SEO plugin v20.9 - https:\/\/yoast.com\/wordpress\/plugins\/seo\/ -->\n<title>GM y VW pilotan r\u00e9cord automotor de M\u00e9xico en enero - Campa<\/title>\n<meta name=\"robots\" content=\"index, follow, max-snippet:-1, max-image-preview:large, max-video-preview:-1\" \/>\n<link rel=\"canonical\" href=\"https:\/\/www.campa.com.mx\/site\/gm-y-vw-pilotan-record-automotor-de-mexico-en-enero\/\" \/>\n<meta property=\"og:locale\" content=\"es_ES\" \/>\n<meta property=\"og:type\" content=\"article\" \/>\n<meta property=\"og:title\" content=\"GM y VW pilotan r\u00e9cord automotor de M\u00e9xico en enero - Campa\" \/>\n<meta property=\"og:description\" content=\"La automotriz alemana duplic\u00f3 su ensamble en comparaci\u00f3n interanual debido a la reactivaci\u00f3n de l\u00edneas de producci\u00f3n; avance compens\u00f3 las ca\u00eddas de Nissan, FCA y Mazda. \u00a0 M\u00e9xico arranc\u00f3 el 2019 con el pie en el acelerador y gracias a [&hellip;]\" \/>\n<meta property=\"og:url\" content=\"https:\/\/www.campa.com.mx\/site\/gm-y-vw-pilotan-record-automotor-de-mexico-en-enero\/\" \/>\n<meta property=\"og:site_name\" content=\"Campa\" \/>\n<meta property=\"article:publisher\" content=\"https:\/\/www.facebook.com\/MovimientoAnexo24\" \/>\n<meta property=\"article:published_time\" content=\"2019-02-19T16:05:56+00:00\" \/>\n<meta property=\"article:modified_time\" content=\"2019-02-11T16:48:27+00:00\" \/>\n<meta property=\"og:image\" content=\"https:\/\/www.campa.com.mx\/site\/wp-content\/uploads\/2019\/02\/19febre.jpg\" \/>\n\t<meta property=\"og:image:width\" content=\"1200\" \/>\n\t<meta property=\"og:image:height\" content=\"628\" \/>\n\t<meta property=\"og:image:type\" content=\"image\/jpeg\" \/>\n<meta name=\"author\" content=\"campa\" \/>\n<meta name=\"twitter:card\" content=\"summary_large_image\" \/>\n<meta name=\"twitter:creator\" content=\"@artycampa\" \/>\n<meta name=\"twitter:site\" content=\"@artycampa\" \/>\n<meta name=\"twitter:label1\" content=\"Escrito por\" \/>\n\t<meta name=\"twitter:data1\" content=\"campa\" \/>\n\t<meta name=\"twitter:label2\" content=\"Tiempo de lectura\" \/>\n\t<meta name=\"twitter:data2\" content=\"4 minutos\" \/>\n<script type=\"application\/ld+json\" class=\"yoast-schema-graph\">{\"@context\":\"https:\/\/schema.org\",\"@graph\":[{\"@type\":\"WebPage\",\"@id\":\"https:\/\/www.campa.com.mx\/site\/gm-y-vw-pilotan-record-automotor-de-mexico-en-enero\/\",\"url\":\"https:\/\/www.campa.com.mx\/site\/gm-y-vw-pilotan-record-automotor-de-mexico-en-enero\/\",\"name\":\"GM y VW pilotan r\u00e9cord automotor de M\u00e9xico en enero - Campa\",\"isPartOf\":{\"@id\":\"https:\/\/www.campa.com.mx\/site\/#website\"},\"datePublished\":\"2019-02-19T16:05:56+00:00\",\"dateModified\":\"2019-02-11T16:48:27+00:00\",\"author\":{\"@id\":\"https:\/\/www.campa.com.mx\/site\/#\/schema\/person\/5bf1874b81661ed013f5aa29df30761c\"},\"breadcrumb\":{\"@id\":\"https:\/\/www.campa.com.mx\/site\/gm-y-vw-pilotan-record-automotor-de-mexico-en-enero\/#breadcrumb\"},\"inLanguage\":\"es\",\"potentialAction\":[{\"@type\":\"ReadAction\",\"target\":[\"https:\/\/www.campa.com.mx\/site\/gm-y-vw-pilotan-record-automotor-de-mexico-en-enero\/\"]}]},{\"@type\":\"BreadcrumbList\",\"@id\":\"https:\/\/www.campa.com.mx\/site\/gm-y-vw-pilotan-record-automotor-de-mexico-en-enero\/#breadcrumb\",\"itemListElement\":[{\"@type\":\"ListItem\",\"position\":1,\"name\":\"Portada\",\"item\":\"https:\/\/www.campa.com.mx\/site\/\"},{\"@type\":\"ListItem\",\"position\":2,\"name\":\"GM y VW pilotan r\u00e9cord automotor de M\u00e9xico en enero\"}]},{\"@type\":\"WebSite\",\"@id\":\"https:\/\/www.campa.com.mx\/site\/#website\",\"url\":\"https:\/\/www.campa.com.mx\/site\/\",\"name\":\"Campa\",\"description\":\"Tecnolog\u00eda - Comercio Exterior - Servicios\",\"potentialAction\":[{\"@type\":\"SearchAction\",\"target\":{\"@type\":\"EntryPoint\",\"urlTemplate\":\"https:\/\/www.campa.com.mx\/site\/?s={search_term_string}\"},\"query-input\":\"required name=search_term_string\"}],\"inLanguage\":\"es\"},{\"@type\":\"Person\",\"@id\":\"https:\/\/www.campa.com.mx\/site\/#\/schema\/person\/5bf1874b81661ed013f5aa29df30761c\",\"name\":\"campa\",\"image\":{\"@type\":\"ImageObject\",\"inLanguage\":\"es\",\"@id\":\"https:\/\/www.campa.com.mx\/site\/#\/schema\/person\/image\/\",\"url\":\"https:\/\/secure.gravatar.com\/avatar\/921e6e5cffb9d78857948e938192591b9fd4168d0b55cc795582b49d9dc52bb1?s=96&d=mm&r=g\",\"contentUrl\":\"https:\/\/secure.gravatar.com\/avatar\/921e6e5cffb9d78857948e938192591b9fd4168d0b55cc795582b49d9dc52bb1?s=96&d=mm&r=g\",\"caption\":\"campa\"}}]}<\/script>\n<!-- \/ Yoast SEO plugin. -->","yoast_head_json":{"title":"GM y VW pilotan r\u00e9cord automotor de M\u00e9xico en enero - Campa","robots":{"index":"index","follow":"follow","max-snippet":"max-snippet:-1","max-image-preview":"max-image-preview:large","max-video-preview":"max-video-preview:-1"},"canonical":"https:\/\/www.campa.com.mx\/site\/gm-y-vw-pilotan-record-automotor-de-mexico-en-enero\/","og_locale":"es_ES","og_type":"article","og_title":"GM y VW pilotan r\u00e9cord automotor de M\u00e9xico en enero - Campa","og_description":"La automotriz alemana duplic\u00f3 su ensamble en comparaci\u00f3n interanual debido a la reactivaci\u00f3n de l\u00edneas de producci\u00f3n; avance compens\u00f3 las ca\u00eddas de Nissan, FCA y Mazda. \u00a0 M\u00e9xico arranc\u00f3 el 2019 con el pie en el acelerador y gracias a [&hellip;]","og_url":"https:\/\/www.campa.com.mx\/site\/gm-y-vw-pilotan-record-automotor-de-mexico-en-enero\/","og_site_name":"Campa","article_publisher":"https:\/\/www.facebook.com\/MovimientoAnexo24","article_published_time":"2019-02-19T16:05:56+00:00","article_modified_time":"2019-02-11T16:48:27+00:00","og_image":[{"width":1200,"height":628,"url":"https:\/\/www.campa.com.mx\/site\/wp-content\/uploads\/2019\/02\/19febre.jpg","type":"image\/jpeg"}],"author":"campa","twitter_card":"summary_large_image","twitter_creator":"@artycampa","twitter_site":"@artycampa","twitter_misc":{"Escrito por":"campa","Tiempo de lectura":"4 minutos"},"schema":{"@context":"https:\/\/schema.org","@graph":[{"@type":"WebPage","@id":"https:\/\/www.campa.com.mx\/site\/gm-y-vw-pilotan-record-automotor-de-mexico-en-enero\/","url":"https:\/\/www.campa.com.mx\/site\/gm-y-vw-pilotan-record-automotor-de-mexico-en-enero\/","name":"GM y VW pilotan r\u00e9cord automotor de M\u00e9xico en enero - Campa","isPartOf":{"@id":"https:\/\/www.campa.com.mx\/site\/#website"},"datePublished":"2019-02-19T16:05:56+00:00","dateModified":"2019-02-11T16:48:27+00:00","author":{"@id":"https:\/\/www.campa.com.mx\/site\/#\/schema\/person\/5bf1874b81661ed013f5aa29df30761c"},"breadcrumb":{"@id":"https:\/\/www.campa.com.mx\/site\/gm-y-vw-pilotan-record-automotor-de-mexico-en-enero\/#breadcrumb"},"inLanguage":"es","potentialAction":[{"@type":"ReadAction","target":["https:\/\/www.campa.com.mx\/site\/gm-y-vw-pilotan-record-automotor-de-mexico-en-enero\/"]}]},{"@type":"BreadcrumbList","@id":"https:\/\/www.campa.com.mx\/site\/gm-y-vw-pilotan-record-automotor-de-mexico-en-enero\/#breadcrumb","itemListElement":[{"@type":"ListItem","position":1,"name":"Portada","item":"https:\/\/www.campa.com.mx\/site\/"},{"@type":"ListItem","position":2,"name":"GM y VW pilotan r\u00e9cord automotor de M\u00e9xico en enero"}]},{"@type":"WebSite","@id":"https:\/\/www.campa.com.mx\/site\/#website","url":"https:\/\/www.campa.com.mx\/site\/","name":"Campa","description":"Tecnolog\u00eda - Comercio Exterior - Servicios","potentialAction":[{"@type":"SearchAction","target":{"@type":"EntryPoint","urlTemplate":"https:\/\/www.campa.com.mx\/site\/?s={search_term_string}"},"query-input":"required name=search_term_string"}],"inLanguage":"es"},{"@type":"Person","@id":"https:\/\/www.campa.com.mx\/site\/#\/schema\/person\/5bf1874b81661ed013f5aa29df30761c","name":"campa","image":{"@type":"ImageObject","inLanguage":"es","@id":"https:\/\/www.campa.com.mx\/site\/#\/schema\/person\/image\/","url":"https:\/\/secure.gravatar.com\/avatar\/921e6e5cffb9d78857948e938192591b9fd4168d0b55cc795582b49d9dc52bb1?s=96&d=mm&r=g","contentUrl":"https:\/\/secure.gravatar.com\/avatar\/921e6e5cffb9d78857948e938192591b9fd4168d0b55cc795582b49d9dc52bb1?s=96&d=mm&r=g","caption":"campa"}}]}},"jetpack_featured_media_url":"https:\/\/www.campa.com.mx\/site\/wp-content\/uploads\/2019\/02\/19febre.jpg","jetpack_sharing_enabled":true,"_links":{"self":[{"href":"https:\/\/www.campa.com.mx\/site\/wp-json\/wp\/v2\/posts\/3859","targetHints":{"allow":["GET"]}}],"collection":[{"href":"https:\/\/www.campa.com.mx\/site\/wp-json\/wp\/v2\/posts"}],"about":[{"href":"https:\/\/www.campa.com.mx\/site\/wp-json\/wp\/v2\/types\/post"}],"author":[{"embeddable":true,"href":"https:\/\/www.campa.com.mx\/site\/wp-json\/wp\/v2\/users\/1"}],"replies":[{"embeddable":true,"href":"https:\/\/www.campa.com.mx\/site\/wp-json\/wp\/v2\/comments?post=3859"}],"version-history":[{"count":1,"href":"https:\/\/www.campa.com.mx\/site\/wp-json\/wp\/v2\/posts\/3859\/revisions"}],"predecessor-version":[{"id":3861,"href":"https:\/\/www.campa.com.mx\/site\/wp-json\/wp\/v2\/posts\/3859\/revisions\/3861"}],"wp:featuredmedia":[{"embeddable":true,"href":"https:\/\/www.campa.com.mx\/site\/wp-json\/wp\/v2\/media\/3860"}],"wp:attachment":[{"href":"https:\/\/www.campa.com.mx\/site\/wp-json\/wp\/v2\/media?parent=3859"}],"wp:term":[{"taxonomy":"category","embeddable":true,"href":"https:\/\/www.campa.com.mx\/site\/wp-json\/wp\/v2\/categories?post=3859"},{"taxonomy":"post_tag","embeddable":true,"href":"https:\/\/www.campa.com.mx\/site\/wp-json\/wp\/v2\/tags?post=3859"}],"curies":[{"name":"wp","href":"https:\/\/api.w.org\/{rel}","templated":true}]}}