{"id":3868,"date":"2019-02-22T11:05:42","date_gmt":"2019-02-22T17:05:42","guid":{"rendered":"http:\/\/www.campa.com.mx\/site\/?p=3868"},"modified":"2019-02-11T11:09:15","modified_gmt":"2019-02-11T17:09:15","slug":"empresa-coreana-invertira-400-mdd-para-construir-complejo-industrial-en-guatemala","status":"publish","type":"post","link":"https:\/\/www.campa.com.mx\/site\/empresa-coreana-invertira-400-mdd-para-construir-complejo-industrial-en-guatemala\/","title":{"rendered":"Empresa coreana invertir\u00e1 400 mdd para construir complejo industrial en Guatemala"},"content":{"rendered":"<p>La empresa coreana Sae-A Trading Co. Ltd construir\u00e1 una planta textil de alta tecnolog\u00eda en Guatemala con una inversi\u00f3n aproximada de 400 millones de d\u00f3lares inform\u00f3 el Ministerio de Econom\u00eda (Mineco).<\/p>\n<p>Dicha firma tiene la casa matriz en Se\u00fal, Corea y la construcci\u00f3n en Guatemala ser\u00e1 un complejo industrial de alta tecnolog\u00eda de fibra qu\u00edmica, tejido y te\u00f1ido para la producci\u00f3n de hilados de poli\u00e9ster, a\u00f1adi\u00f3 la entidad.<\/p>\n<p>El proyecto estar\u00eda en funcionamiento en el plazo de tres a\u00f1os \u201cy se convertir\u00eda en el \u00fanico proveedor nacional que coser\u00e1, tejer\u00e1 y te\u00f1ir\u00e1 dentro de una sola operaci\u00f3n\u201d afirma el ministerio en un comunicado divulgado este jueves.<\/p>\n<p>En la actualidad la empresa ya opera en el pa\u00eds una industria de confecci\u00f3n de 71 l\u00edneas y sus planes son convertir la operaci\u00f3n en una f\u00e1brica textil vertical para beneficiarse de la cercan\u00eda geogr\u00e1fica de Guatemala con el mercado estadounidense, as\u00ed como de Centroam\u00e9rica y Am\u00e9rica del Sur.<\/p>\n<p>Estados Unidos es un mercado que demanda grandes vol\u00famenes de hilados de fibra sint\u00e9tica, tejidos y te\u00f1idos a Guatemala.<\/p>\n<p>Aunque el tama\u00f1o del proyecto para el proceso de polimerizaci\u00f3n e hilado para la producci\u00f3n de fibra sint\u00e9tica (poli\u00e9ster) por Sae-A en Guatemala a\u00fan no se conoce, al pasar a hacer otros procesos como producir, tejer, te\u00f1ir y coser hilados de poli\u00e9ster en el pa\u00eds, le permitir\u00e1 a la compa\u00f1\u00eda coreana gozar de una exenci\u00f3n en los aranceles del derecho de exportaci\u00f3n de los Estados Unidos sobre productos terminados.<\/p>\n<p>Eso significa que incrementar\u00e1 su competitividad en el mercado estadounidense con respecto a operaciones que se realizan en Corea explica el Mineco.<\/p>\n<p><strong>El sector en Guatemala<\/strong><\/p>\n<p>Seg\u00fan Alejandro Ceballos, presidente de la Comisi\u00f3n de Vestuario y Textiles (Vestex) de Guatemala, dijo que se trata de la exportadora m\u00e1s grande de Guatemala y la compa\u00f1\u00eda m\u00e1s grandes del mundo.<\/p>\n<p>\u201cEl presidente de la compa\u00f1\u00eda anunci\u00f3 este jueves\u00a0 por medio de un correo esa inversi\u00f3n\u201d a\u00f1adi\u00f3 Ceballos. En el pa\u00eds ya tiene f\u00e1bricas de confecci\u00f3n en Mixco y en Villa Nueva dijo Ceballos aunque indic\u00f3 desconocer en que lugar instalar\u00e1n en complejo anunciado.<\/p>\n<p>El empresario y directivo de Vestex califica como positivo ese anuncio ya que\u00a0 la empresa asi\u00e1tica puede aprovechar las ventajas de Tratado de Libre Comercio con Estados Unidos que brinda aranceles m\u00e1s bajos a los productos de la regi\u00f3n Centroamericana que a la asi\u00e1tica en hilos ejemplific\u00f3, lo cual ayudar\u00e1 a que crezca el valor agregado del producto que salga de Guatemala.<\/p>\n<p>Aparte para Asia es dif\u00edcil cumplir con los contratos debido a la distancia por la forma en que se ha dinamizado la demanda en Estados Unidos, a\u00f1adi\u00f3.<\/p>\n<p>Seg\u00fan el Mineco al ser consultados empresarios del sector de confecci\u00f3n y textiles manifestaron que la inversi\u00f3n ser\u00e1 positiva porque consolidar\u00e1 el cl\u00faster nacional al proveer de abundante materia prima en hilo sint\u00e9tico.<\/p>\n<p>Hasta la fecha esa industria trabaja en su mayor\u00eda a partir de las telas, pero ahora, se podr\u00e1 empezar desde el hilo lo que incrementar\u00e1 el valor agregado de las prendas guatemaltecas del actual 48% hasta un 60%, aproximadamente, agregaron.<\/p>\n<p>Seg\u00fan los empresarios y el Mineco la inversi\u00f3n podr\u00eda significar la creaci\u00f3n de entre 1 mil 500 a 2 mil empleos directos.<\/p>\n<p><strong>\u00bfQu\u00e9 es Sae-A?<\/strong><\/p>\n<ul>\n<li>Es la empresa de manufactura y exportaci\u00f3n de prendas de vestir m\u00e1s grande del mundo y cuenta con m\u00e1s de 40 mil empleados en 24 oficinas y 41 f\u00e1bricas, en 10 pa\u00edses.<\/li>\n<li>Hace exportaciones a importantes marcas y tiendas de moda en los Estados Unidos y Europa.<\/li>\n<li>Invierte en flujos relacionados con la fibra y tambi\u00e9n posee una f\u00e1brica de contrachapados en Ghana.<\/li>\n<li>Est\u00e1 en proceso de establecer una central hidroel\u00e9ctrica a gran escala en Nicaragua, as\u00ed como un complejo industrial en Myanmar, adem\u00e1s de poseer una f\u00e1brica en Costa Rica seg\u00fan los detalles ofrecidos por el Mineco en Guatemala.<\/li>\n<\/ul>\n<p>&nbsp;<\/p>\n","protected":false},"excerpt":{"rendered":"<p>La empresa coreana Sae-A Trading Co. Ltd construir\u00e1 una planta textil de alta tecnolog\u00eda en Guatemala con una inversi\u00f3n aproximada de 400 millones de d\u00f3lares inform\u00f3 el Ministerio de Econom\u00eda (Mineco). Dicha firma tiene la casa matriz en Se\u00fal, Corea [&hellip;]<\/p>\n","protected":false},"author":1,"featured_media":3869,"comment_status":"open","ping_status":"open","sticky":false,"template":"","format":"standard","meta":{"inline_featured_image":false,"_jetpack_memberships_contains_paid_content":false,"footnotes":""},"categories":[1],"tags":[],"class_list":["post-3868","post","type-post","status-publish","format-standard","has-post-thumbnail","hentry","category-campa"],"yoast_head":"<!-- This site is optimized with the Yoast SEO plugin v20.9 - https:\/\/yoast.com\/wordpress\/plugins\/seo\/ -->\n<title>Empresa coreana invertir\u00e1 400 mdd para construir complejo industrial en Guatemala - Campa<\/title>\n<meta name=\"robots\" content=\"index, follow, max-snippet:-1, max-image-preview:large, max-video-preview:-1\" \/>\n<link rel=\"canonical\" href=\"https:\/\/www.campa.com.mx\/site\/empresa-coreana-invertira-400-mdd-para-construir-complejo-industrial-en-guatemala\/\" \/>\n<meta property=\"og:locale\" content=\"es_ES\" \/>\n<meta property=\"og:type\" content=\"article\" \/>\n<meta property=\"og:title\" content=\"Empresa coreana invertir\u00e1 400 mdd para construir complejo industrial en Guatemala - Campa\" \/>\n<meta property=\"og:description\" content=\"La empresa coreana Sae-A Trading Co. Ltd construir\u00e1 una planta textil de alta tecnolog\u00eda en Guatemala con una inversi\u00f3n aproximada de 400 millones de d\u00f3lares inform\u00f3 el Ministerio de Econom\u00eda (Mineco). Dicha firma tiene la casa matriz en Se\u00fal, Corea [&hellip;]\" \/>\n<meta property=\"og:url\" content=\"https:\/\/www.campa.com.mx\/site\/empresa-coreana-invertira-400-mdd-para-construir-complejo-industrial-en-guatemala\/\" \/>\n<meta property=\"og:site_name\" content=\"Campa\" \/>\n<meta property=\"article:publisher\" content=\"https:\/\/www.facebook.com\/MovimientoAnexo24\" \/>\n<meta property=\"article:published_time\" content=\"2019-02-22T17:05:42+00:00\" \/>\n<meta property=\"article:modified_time\" content=\"2019-02-11T17:09:15+00:00\" \/>\n<meta property=\"og:image\" content=\"https:\/\/www.campa.com.mx\/site\/wp-content\/uploads\/2019\/02\/22febre.jpg\" \/>\n\t<meta property=\"og:image:width\" content=\"1200\" \/>\n\t<meta property=\"og:image:height\" content=\"628\" \/>\n\t<meta property=\"og:image:type\" content=\"image\/jpeg\" \/>\n<meta name=\"author\" content=\"campa\" \/>\n<meta name=\"twitter:card\" content=\"summary_large_image\" \/>\n<meta name=\"twitter:creator\" content=\"@artycampa\" \/>\n<meta name=\"twitter:site\" content=\"@artycampa\" \/>\n<meta name=\"twitter:label1\" content=\"Escrito por\" \/>\n\t<meta name=\"twitter:data1\" content=\"campa\" \/>\n\t<meta name=\"twitter:label2\" content=\"Tiempo de lectura\" \/>\n\t<meta name=\"twitter:data2\" content=\"4 minutos\" \/>\n<script type=\"application\/ld+json\" class=\"yoast-schema-graph\">{\"@context\":\"https:\/\/schema.org\",\"@graph\":[{\"@type\":\"WebPage\",\"@id\":\"https:\/\/www.campa.com.mx\/site\/empresa-coreana-invertira-400-mdd-para-construir-complejo-industrial-en-guatemala\/\",\"url\":\"https:\/\/www.campa.com.mx\/site\/empresa-coreana-invertira-400-mdd-para-construir-complejo-industrial-en-guatemala\/\",\"name\":\"Empresa coreana invertir\u00e1 400 mdd para construir complejo industrial en Guatemala - Campa\",\"isPartOf\":{\"@id\":\"https:\/\/www.campa.com.mx\/site\/#website\"},\"datePublished\":\"2019-02-22T17:05:42+00:00\",\"dateModified\":\"2019-02-11T17:09:15+00:00\",\"author\":{\"@id\":\"https:\/\/www.campa.com.mx\/site\/#\/schema\/person\/5bf1874b81661ed013f5aa29df30761c\"},\"breadcrumb\":{\"@id\":\"https:\/\/www.campa.com.mx\/site\/empresa-coreana-invertira-400-mdd-para-construir-complejo-industrial-en-guatemala\/#breadcrumb\"},\"inLanguage\":\"es\",\"potentialAction\":[{\"@type\":\"ReadAction\",\"target\":[\"https:\/\/www.campa.com.mx\/site\/empresa-coreana-invertira-400-mdd-para-construir-complejo-industrial-en-guatemala\/\"]}]},{\"@type\":\"BreadcrumbList\",\"@id\":\"https:\/\/www.campa.com.mx\/site\/empresa-coreana-invertira-400-mdd-para-construir-complejo-industrial-en-guatemala\/#breadcrumb\",\"itemListElement\":[{\"@type\":\"ListItem\",\"position\":1,\"name\":\"Portada\",\"item\":\"https:\/\/www.campa.com.mx\/site\/\"},{\"@type\":\"ListItem\",\"position\":2,\"name\":\"Empresa coreana invertir\u00e1 400 mdd para construir complejo industrial en Guatemala\"}]},{\"@type\":\"WebSite\",\"@id\":\"https:\/\/www.campa.com.mx\/site\/#website\",\"url\":\"https:\/\/www.campa.com.mx\/site\/\",\"name\":\"Campa\",\"description\":\"Tecnolog\u00eda - Comercio Exterior - Servicios\",\"potentialAction\":[{\"@type\":\"SearchAction\",\"target\":{\"@type\":\"EntryPoint\",\"urlTemplate\":\"https:\/\/www.campa.com.mx\/site\/?s={search_term_string}\"},\"query-input\":\"required name=search_term_string\"}],\"inLanguage\":\"es\"},{\"@type\":\"Person\",\"@id\":\"https:\/\/www.campa.com.mx\/site\/#\/schema\/person\/5bf1874b81661ed013f5aa29df30761c\",\"name\":\"campa\",\"image\":{\"@type\":\"ImageObject\",\"inLanguage\":\"es\",\"@id\":\"https:\/\/www.campa.com.mx\/site\/#\/schema\/person\/image\/\",\"url\":\"https:\/\/secure.gravatar.com\/avatar\/921e6e5cffb9d78857948e938192591b9fd4168d0b55cc795582b49d9dc52bb1?s=96&d=mm&r=g\",\"contentUrl\":\"https:\/\/secure.gravatar.com\/avatar\/921e6e5cffb9d78857948e938192591b9fd4168d0b55cc795582b49d9dc52bb1?s=96&d=mm&r=g\",\"caption\":\"campa\"}}]}<\/script>\n<!-- \/ Yoast SEO plugin. -->","yoast_head_json":{"title":"Empresa coreana invertir\u00e1 400 mdd para construir complejo industrial en Guatemala - Campa","robots":{"index":"index","follow":"follow","max-snippet":"max-snippet:-1","max-image-preview":"max-image-preview:large","max-video-preview":"max-video-preview:-1"},"canonical":"https:\/\/www.campa.com.mx\/site\/empresa-coreana-invertira-400-mdd-para-construir-complejo-industrial-en-guatemala\/","og_locale":"es_ES","og_type":"article","og_title":"Empresa coreana invertir\u00e1 400 mdd para construir complejo industrial en Guatemala - Campa","og_description":"La empresa coreana Sae-A Trading Co. Ltd construir\u00e1 una planta textil de alta tecnolog\u00eda en Guatemala con una inversi\u00f3n aproximada de 400 millones de d\u00f3lares inform\u00f3 el Ministerio de Econom\u00eda (Mineco). Dicha firma tiene la casa matriz en Se\u00fal, Corea [&hellip;]","og_url":"https:\/\/www.campa.com.mx\/site\/empresa-coreana-invertira-400-mdd-para-construir-complejo-industrial-en-guatemala\/","og_site_name":"Campa","article_publisher":"https:\/\/www.facebook.com\/MovimientoAnexo24","article_published_time":"2019-02-22T17:05:42+00:00","article_modified_time":"2019-02-11T17:09:15+00:00","og_image":[{"width":1200,"height":628,"url":"https:\/\/www.campa.com.mx\/site\/wp-content\/uploads\/2019\/02\/22febre.jpg","type":"image\/jpeg"}],"author":"campa","twitter_card":"summary_large_image","twitter_creator":"@artycampa","twitter_site":"@artycampa","twitter_misc":{"Escrito por":"campa","Tiempo de lectura":"4 minutos"},"schema":{"@context":"https:\/\/schema.org","@graph":[{"@type":"WebPage","@id":"https:\/\/www.campa.com.mx\/site\/empresa-coreana-invertira-400-mdd-para-construir-complejo-industrial-en-guatemala\/","url":"https:\/\/www.campa.com.mx\/site\/empresa-coreana-invertira-400-mdd-para-construir-complejo-industrial-en-guatemala\/","name":"Empresa coreana invertir\u00e1 400 mdd para construir complejo industrial en Guatemala - Campa","isPartOf":{"@id":"https:\/\/www.campa.com.mx\/site\/#website"},"datePublished":"2019-02-22T17:05:42+00:00","dateModified":"2019-02-11T17:09:15+00:00","author":{"@id":"https:\/\/www.campa.com.mx\/site\/#\/schema\/person\/5bf1874b81661ed013f5aa29df30761c"},"breadcrumb":{"@id":"https:\/\/www.campa.com.mx\/site\/empresa-coreana-invertira-400-mdd-para-construir-complejo-industrial-en-guatemala\/#breadcrumb"},"inLanguage":"es","potentialAction":[{"@type":"ReadAction","target":["https:\/\/www.campa.com.mx\/site\/empresa-coreana-invertira-400-mdd-para-construir-complejo-industrial-en-guatemala\/"]}]},{"@type":"BreadcrumbList","@id":"https:\/\/www.campa.com.mx\/site\/empresa-coreana-invertira-400-mdd-para-construir-complejo-industrial-en-guatemala\/#breadcrumb","itemListElement":[{"@type":"ListItem","position":1,"name":"Portada","item":"https:\/\/www.campa.com.mx\/site\/"},{"@type":"ListItem","position":2,"name":"Empresa coreana invertir\u00e1 400 mdd para construir complejo industrial en Guatemala"}]},{"@type":"WebSite","@id":"https:\/\/www.campa.com.mx\/site\/#website","url":"https:\/\/www.campa.com.mx\/site\/","name":"Campa","description":"Tecnolog\u00eda - Comercio Exterior - Servicios","potentialAction":[{"@type":"SearchAction","target":{"@type":"EntryPoint","urlTemplate":"https:\/\/www.campa.com.mx\/site\/?s={search_term_string}"},"query-input":"required name=search_term_string"}],"inLanguage":"es"},{"@type":"Person","@id":"https:\/\/www.campa.com.mx\/site\/#\/schema\/person\/5bf1874b81661ed013f5aa29df30761c","name":"campa","image":{"@type":"ImageObject","inLanguage":"es","@id":"https:\/\/www.campa.com.mx\/site\/#\/schema\/person\/image\/","url":"https:\/\/secure.gravatar.com\/avatar\/921e6e5cffb9d78857948e938192591b9fd4168d0b55cc795582b49d9dc52bb1?s=96&d=mm&r=g","contentUrl":"https:\/\/secure.gravatar.com\/avatar\/921e6e5cffb9d78857948e938192591b9fd4168d0b55cc795582b49d9dc52bb1?s=96&d=mm&r=g","caption":"campa"}}]}},"jetpack_featured_media_url":"https:\/\/www.campa.com.mx\/site\/wp-content\/uploads\/2019\/02\/22febre.jpg","jetpack_sharing_enabled":true,"_links":{"self":[{"href":"https:\/\/www.campa.com.mx\/site\/wp-json\/wp\/v2\/posts\/3868","targetHints":{"allow":["GET"]}}],"collection":[{"href":"https:\/\/www.campa.com.mx\/site\/wp-json\/wp\/v2\/posts"}],"about":[{"href":"https:\/\/www.campa.com.mx\/site\/wp-json\/wp\/v2\/types\/post"}],"author":[{"embeddable":true,"href":"https:\/\/www.campa.com.mx\/site\/wp-json\/wp\/v2\/users\/1"}],"replies":[{"embeddable":true,"href":"https:\/\/www.campa.com.mx\/site\/wp-json\/wp\/v2\/comments?post=3868"}],"version-history":[{"count":1,"href":"https:\/\/www.campa.com.mx\/site\/wp-json\/wp\/v2\/posts\/3868\/revisions"}],"predecessor-version":[{"id":3870,"href":"https:\/\/www.campa.com.mx\/site\/wp-json\/wp\/v2\/posts\/3868\/revisions\/3870"}],"wp:featuredmedia":[{"embeddable":true,"href":"https:\/\/www.campa.com.mx\/site\/wp-json\/wp\/v2\/media\/3869"}],"wp:attachment":[{"href":"https:\/\/www.campa.com.mx\/site\/wp-json\/wp\/v2\/media?parent=3868"}],"wp:term":[{"taxonomy":"category","embeddable":true,"href":"https:\/\/www.campa.com.mx\/site\/wp-json\/wp\/v2\/categories?post=3868"},{"taxonomy":"post_tag","embeddable":true,"href":"https:\/\/www.campa.com.mx\/site\/wp-json\/wp\/v2\/tags?post=3868"}],"curies":[{"name":"wp","href":"https:\/\/api.w.org\/{rel}","templated":true}]}}