{"id":3908,"date":"2019-03-06T11:20:00","date_gmt":"2019-03-06T17:20:00","guid":{"rendered":"http:\/\/www.campa.com.mx\/site\/?p=3908"},"modified":"2019-03-06T11:20:00","modified_gmt":"2019-03-06T17:20:00","slug":"octava-resolucion-de-modificaciones-a-la-resolucion-miscelanea-fiscal-para-2018","status":"publish","type":"post","link":"https:\/\/www.campa.com.mx\/site\/octava-resolucion-de-modificaciones-a-la-resolucion-miscelanea-fiscal-para-2018\/","title":{"rendered":"OCTAVA RESOLUCI\u00d3N DE MODIFICACIONES A LA RESOLUCI\u00d3N MISCEL\u00c1NEA FISCAL PARA 2018"},"content":{"rendered":"<div class=\"texto\">Con fundamento en los art\u00edculos 16 y 31 de la Ley Org\u00e1nica de la Administraci\u00f3n P\u00fablica Federal, 33,\u00a0fracci\u00f3n I, inciso g) del C\u00f3digo Fiscal de la Federaci\u00f3n, 14, fracci\u00f3n III de la Ley del Servicio de Administraci\u00f3n\u00a0Tributaria y 8, primer p\u00e1rrafo del Reglamento Interior del Servicio de Administraci\u00f3n Tributaria se resuelve:<\/div>\n<div class=\"texto\">PRIMERO.\u00a0Se reforman\u00a0las reglas 2.1.6., fracci\u00f3n I; 3.21.1.1., en su ep\u00edgrafe, primer p\u00e1rrafo y referencias,\u00a0de la Resoluci\u00f3n Miscel\u00e1nea Fiscal para 2018, para quedar de la siguiente manera:<\/div>\n<div class=\"texto\">\u00a0\u00a0\u00a0\u00a0\u00a0\u00a0\u00a0\u00a0\u00a0\u00a0\u00a0\u00a0\u00a0\u00a0\u00a0\u00a0\u00a0\u00a0\u00a0&#8220;D\u00edas inh\u00e1biles<\/div>\n<div class=\"texto\">2.1.6.\u00a0\u00a0\u00a0\u00a0\u00a0\u00a0\u00a0\u00a0\u00a0\u00a0\u00a0Para los efectos del art\u00edculo 12, primer y segundo p\u00e1rrafos del CFF, se estar\u00e1 a lo siguiente:<\/div>\n<div class=\"texto\">I.\u00a0\u00a0\u00a0\u00a0El segundo periodo general de vacaciones del 2018 para el SAT, comprende los d\u00edas\u00a0del 20 de diciembre de 2018 al 4 de enero de 2019. Son d\u00edas inh\u00e1biles para el SAT el\u00a018 y 19 de abril de 2019.<\/div>\n<div class=\"texto\">&#8230;&#8230;&#8230;&#8230;&#8230;&#8230;&#8230;&#8230;&#8230;&#8230;&#8230;&#8230;&#8230;&#8230;&#8230;&#8230;&#8230;&#8230;&#8230;&#8230;&#8230;&#8230;&#8230;&#8230;&#8230;&#8230;&#8230;&#8230;&#8230;&#8230;&#8230;&#8230;&#8230;&#8230;&#8230;&#8230;&#8230;&#8230;&#8230;.<\/div>\n<div class=\"texto\">CFF 5, 12, 13, 17-H, \u00faltimo p\u00e1rrafo, 22, 41, 41-A, 42, 46-A, 48, 49, 50,\u00a052, 52-A, 53, 53-A,\u00a063, segundo p\u00e1rrafo, 67, 69-B, 69-B Bis, 69-D, segundo p\u00e1rrafo, 121, LISR 91, C\u00f3digo\u00a0Federal de Procedimientos Civiles 365, Ley de Coordinaci\u00f3n Fiscal 13, 14<\/div>\n<div class=\"texto\">\u00a0\u00a0\u00a0\u00a0\u00a0\u00a0\u00a0\u00a0\u00a0\u00a0\u00a0\u00a0\u00a0\u00a0\u00a0\u00a0\u00a0\u00a0\u00a0Tratamientos y est\u00edmulos fiscales que no son aplicables conjuntamente con los\u00a0est\u00edmulos fiscales a la producci\u00f3n teatral nacional, artes visuales, danza, m\u00fasica,\u00a0investigaci\u00f3n y desarrollo de tecnolog\u00eda, deporte de alto rendimiento y proyectos de\u00a0inversi\u00f3n en la producci\u00f3n y distribuci\u00f3n cinematogr\u00e1fica nacional<\/div>\n<div class=\"texto\">3.21.1.1.\u00a0\u00a0\u00a0\u00a0\u00a0\u00a0\u00a0Para los efectos de los art\u00edculos 189, 190, \u00faltimo p\u00e1rrafo, 202, \u00faltimo p\u00e1rrafo y 203, \u00faltimo\u00a0p\u00e1rrafo de la Ley del ISR, as\u00ed como 25, fracci\u00f3n V de la Ley de Ingresos de la Federaci\u00f3n\u00a0para el Ejercicio Fiscal de 2019, los tratamientos fiscales que no podr\u00e1n aplicarse\u00a0conjuntamente con los est\u00edmulos fiscales a que se refieren los art\u00edculos antes se\u00f1alados son\u00a0los siguientes:<\/div>\n<div class=\"texto\">&#8230;&#8230;&#8230;&#8230;&#8230;&#8230;&#8230;&#8230;&#8230;&#8230;&#8230;&#8230;&#8230;&#8230;&#8230;&#8230;&#8230;&#8230;&#8230;&#8230;&#8230;&#8230;&#8230;&#8230;&#8230;&#8230;&#8230;&#8230;&#8230;&#8230;&#8230;&#8230;&#8230;&#8230;&#8230;&#8230;&#8230;&#8230;&#8230;.<\/div>\n<div class=\"texto\">\u00a0\u00a0\u00a0\u00a0\u00a0\u00a0\u00a0\u00a0\u00a0\u00a0\u00a0\u00a0\u00a0\u00a0\u00a0\u00a0\u00a0\u00a0\u00a0LISR 182, 187, 189, 190, 202, 203, LIF 2019 25&#8243;<\/div>\n<div class=\"texto\">SEGUNDO.\u00a0\u00a0\u00a0De conformidad con lo dispuesto en el art\u00edculo 5 de la Ley Federal de los Derechos del\u00a0Contribuyente, se da a conocer el texto actualizado de las reglas a que se refiere el\u00a0Resolutivo Primero de la presente Resoluci\u00f3n.<\/div>\n<div class=\"texto\">\u00a0\u00a0\u00a0\u00a0\u00a0\u00a0\u00a0\u00a0\u00a0\u00a0\u00a0\u00a0\u00a0\u00a0\u00a0\u00a0\u00a0\u00a0\u00a0En caso de discrepancia entre el contenido del Resolutivo Primero y del presente, prevalece\u00a0el texto del Resolutivo Primero.<\/div>\n<div class=\"texto\">\u00a0\u00a0\u00a0\u00a0\u00a0\u00a0\u00a0\u00a0\u00a0\u00a0\u00a0\u00a0\u00a0\u00a0\u00a0\u00a0\u00a0\u00a0\u00a0&#8220;D\u00edas inh\u00e1biles<\/div>\n<div class=\"texto\">2.1.6.\u00a0\u00a0\u00a0\u00a0\u00a0\u00a0\u00a0\u00a0\u00a0\u00a0\u00a0Para los efectos del art\u00edculo 12, primer y segundo p\u00e1rrafos del CFF, se estar\u00e1 a lo siguiente:<\/div>\n<div class=\"texto\">I.\u00a0\u00a0\u00a0\u00a0El segundo periodo general de vacaciones del 2018 para el SAT, comprende los d\u00edas\u00a0del 20 de diciembre de 2018 al 4 de enero de 2019. Son d\u00edas inh\u00e1biles para el SAT el\u00a018 y 19 de abril de 2019.<\/div>\n<div class=\"texto\">II.\u00a0\u00a0\u00a0Son d\u00edas inh\u00e1biles para las Administraciones Desconcentradas de Servicios al\u00a0Contribuyente, de Auditor\u00eda Fiscal, Jur\u00eddica y de Recaudaci\u00f3n del SAT de Veracruz\u00a0&#8220;3&#8221;\u00a0y Veracruz\u00a0&#8220;5&#8221;\u00a0del\u00a07 al 31 de enero de 2019.<\/div>\n<div class=\"texto\">\u00a0\u00a0\u00a0\u00a0\u00a0\u00a0Para los efectos del art\u00edculo 46-A, segundo p\u00e1rrafo, fracci\u00f3n VI del CFF, en virtud de\u00a0que los accesos a las instalaciones de las autoridades fiscales se\u00f1aladas en el p\u00e1rrafo\u00a0anterior fueron bloqueados por diversas personas, impidiendo el ejercicio de sus\u00a0facultades, se suspenden los plazos para concluir las visitas domiciliarias o las\u00a0revisiones de la contabilidad que, al 19 de diciembre de 2018, se encontraban iniciadaspor las administraciones desconcentradas mencionadas en el p\u00e1rrafo anterior.<\/div>\n<div class=\"texto\">\u00a0\u00a0\u00a0\u00a0\u00a0\u00a0Asimismo, para los efectos de los art\u00edculos 17-H, \u00faltimo p\u00e1rrafo, 22, 41, 41-A, 48, 49,\u00a050, 52, 52-A, 53, 53-A, 63, segundo p\u00e1rrafo, 67, 69-B, 69-B Bis, 69-D, segundo p\u00e1rrafo,<\/div>\n<div class=\"texto\">121, as\u00ed como 91 de la Ley del ISR, en relaci\u00f3n con el art\u00edculo 365 del C\u00f3digo Federal\u00a0de Procedimientos Civiles, aplicado supletoriamente de conformidad con el art\u00edculo 5\u00a0del CFF, por los motivos se\u00f1alados en el p\u00e1rrafo anterior, se suspenden los plazos\u00a0contenidos en los citados preceptos legales que al 19 de diciembre de 2018 se\u00a0encontraban transcurriendo en las administraciones desconcentradas se\u00f1aladas en el\u00a0primer p\u00e1rrafo de la presente fracci\u00f3n.<\/div>\n<div class=\"texto\">\u00a0\u00a0\u00a0\u00a0\u00a0\u00a0Las suspensiones a que se refiere esta fracci\u00f3n inician el 7 de enero de 2019 y\u00a0terminan el 31 de enero del propio a\u00f1o.<\/div>\n<div class=\"texto\">\u00a0\u00a0\u00a0\u00a0\u00a0\u00a0En virtud de las suspensiones a que se refiere la presente regla, no correr\u00e1n los plazos\u00a0otorgados en los preceptos legales citados en la presente fracci\u00f3n para el cumplimiento\u00a0de obligaciones a cargo de los contribuyentes, responsables solidaros o terceros con\u00a0ellos relacionados, as\u00ed como contadores p\u00fablicos inscritos, con motivo de las facultades\u00a0de comprobaci\u00f3n ejercidas por las citadas autoridades que se encontrar\u00e1n\u00a0transcurriendo del 7 de enero de 2019 al 31 de enero del mismo a\u00f1o.<\/div>\n<div class=\"texto\">III.\u00a0\u00a0\u00a0Considerando que los accesos al inmueble ubicado en calle Jos\u00e9 Luis Garizurieta,\u00a0n\u00famero 40, colonia Centro, c\u00f3digo postal 92800, Tuxpan, Veracruz, se encuentran\u00a0bloqueados por factores externos no atribuibles a la autoridad fiscal, desde el d\u00eda 1 de\u00a0febrero de 2019, impidiendo el acceso a los expedientes f\u00edsicos y electr\u00f3nicos de los\u00a0asuntos que se encuentran en proceso y a cargo de las AdministracionesDesconcentradas de Servicios al Contribuyente, de Auditor\u00eda Fiscal, Jur\u00eddica y de\u00a0Recaudaci\u00f3n de Veracruz\u00a0&#8220;5&#8221;, causa de fuerza mayor que hace imposible, material y\u00a0jur\u00eddicamente, continuar con el ejercicio de sus facultades, los plazos a que se refiere la\u00a0fracci\u00f3n II, segundo, tercero y quinto p\u00e1rrafos de esta regla, seguir\u00e1n suspendidos\u00a0respecto de dichas administraciones desconcentradas, desde el 1 de febrero de 2019,\u00a0hasta que la causa que dio origen desaparezca.<\/div>\n<div class=\"texto\">IV.\u00a0\u00a0Las autoridades estatales y municipales que act\u00faen como coordinadas en materia fiscal\u00a0en t\u00e9rminos de los art\u00edculos 13 y 14 de la Ley de Coordinaci\u00f3n Fiscal, podr\u00e1n\u00a0considerar los d\u00edas inh\u00e1biles se\u00f1alados en esta regla, siempre que los den a conocer\u00a0con ese car\u00e1cter en su \u00f3rgano o medio de difusi\u00f3n oficial, de acuerdo a las\u00a0disposiciones legales y administrativas que las rigen.<\/div>\n<div class=\"texto\">CFF 5, 12, 13, 17-H, \u00faltimo p\u00e1rrafo, 22, 41, 41-A, 42, 46-A, 48, 49, 50,\u00a052, 52-A, 53, 53-A,\u00a063, segundo p\u00e1rrafo, 67, 69-B, 69-B Bis, 69-D, segundo p\u00e1rrafo, 121, LISR 91, C\u00f3digo\u00a0Federal de Procedimientos Civiles 365, Ley de Coordinaci\u00f3n Fiscal 13, 14<\/div>\n<div class=\"texto\">\u00a0\u00a0\u00a0\u00a0\u00a0\u00a0\u00a0\u00a0\u00a0\u00a0\u00a0\u00a0\u00a0\u00a0\u00a0\u00a0\u00a0\u00a0\u00a0Tratamientos y est\u00edmulos fiscales que no son aplicables conjuntamente con los\u00a0est\u00edmulos fiscales a la producci\u00f3n teatral nacional, artes visuales, danza, m\u00fasica,\u00a0investigaci\u00f3n y desarrollo de tecnolog\u00eda, deporte de alto rendimiento y proyectos de\u00a0inversi\u00f3n en la producci\u00f3n y distribuci\u00f3n cinematogr\u00e1fica nacional<\/div>\n<div class=\"texto\">3.21.1.1.\u00a0\u00a0\u00a0\u00a0\u00a0\u00a0\u00a0Para los efectos de los art\u00edculos 189, 190, \u00faltimo p\u00e1rrafo, 202, \u00faltimo p\u00e1rrafo y 203, \u00faltimo\u00a0p\u00e1rrafo de la Ley del ISR, as\u00ed como 25, fracci\u00f3n V de la Ley de Ingresos de la Federaci\u00f3n\u00a0para el Ejercicio Fiscal de 2019, los tratamientos fiscales que no podr\u00e1n aplicarse\u00a0conjuntamente con los est\u00edmulos fiscales a que se refieren los art\u00edculos antes se\u00f1alados son\u00a0los siguientes:<\/div>\n<div class=\"texto\">a)\u00a0\u00a0\u00a0El previsto en el Cap\u00edtulo VI del T\u00edtulo II de la Ley del ISR, respecto de las sociedades\u00a0que hubieran optado por este r\u00e9gimen.<\/div>\n<div class=\"texto\">b)\u00a0\u00a0\u00a0El previsto en el art\u00edculo 182 de la Ley del ISR, respecto de los contribuyentes que\u00a0lleven a cabo operaciones de maquila.<\/div>\n<div class=\"texto\">c)\u00a0\u00a0\u00a0El previsto en el art\u00edculo 187 de la Ley del ISR, respecto de los fideicomisos dedicados\u00a0a la adquisici\u00f3n o construcci\u00f3n de inmuebles.<\/div>\n<div class=\"texto\">\u00a0\u00a0\u00a0\u00a0\u00a0\u00a0\u00a0\u00a0\u00a0\u00a0\u00a0\u00a0\u00a0\u00a0\u00a0\u00a0\u00a0\u00a0\u00a0LISR 182, 187, 189, 190, 202, 203, LIF 2019 25&#8243;<\/div>\n<div class=\"ANOTACION\">Transitorios<\/div>\n<div class=\"texto\">Primero.\u00a0\u00a0\u00a0\u00a0\u00a0\u00a0\u00a0La presente Resoluci\u00f3n entrar\u00e1 en vigor el d\u00eda siguiente al de su publicaci\u00f3n en el DOF.<\/div>\n<div class=\"texto\">Atentamente,<\/div>\n<div class=\"texto\">Ciudad de M\u00e9xico, a 25 de febrero de 2019.- La\u00a0Jefa del Servicio de Administraci\u00f3n Tributaria,\u00a0Ana\u00a0Margarita R\u00edos Farjat.- R\u00fabrica.<\/div>\n","protected":false},"excerpt":{"rendered":"<p>Con fundamento en los art\u00edculos 16 y 31 de la Ley Org\u00e1nica de la Administraci\u00f3n P\u00fablica Federal, 33,\u00a0fracci\u00f3n I, inciso g) del C\u00f3digo Fiscal de la Federaci\u00f3n, 14, fracci\u00f3n III de la Ley del Servicio de Administraci\u00f3n\u00a0Tributaria y 8, primer [&hellip;]<\/p>\n","protected":false},"author":1,"featured_media":2016,"comment_status":"open","ping_status":"open","sticky":false,"template":"","format":"standard","meta":{"inline_featured_image":false,"_jetpack_memberships_contains_paid_content":false,"footnotes":""},"categories":[174],"tags":[],"class_list":["post-3908","post","type-post","status-publish","format-standard","has-post-thumbnail","hentry","category-publicaciones-d-o-f"],"yoast_head":"<!-- This site is optimized with the Yoast SEO plugin v20.9 - https:\/\/yoast.com\/wordpress\/plugins\/seo\/ -->\n<title>OCTAVA RESOLUCI\u00d3N DE MODIFICACIONES A LA RESOLUCI\u00d3N MISCEL\u00c1NEA FISCAL PARA 2018 - Campa<\/title>\n<meta name=\"robots\" content=\"index, follow, max-snippet:-1, max-image-preview:large, max-video-preview:-1\" \/>\n<link rel=\"canonical\" href=\"https:\/\/www.campa.com.mx\/site\/octava-resolucion-de-modificaciones-a-la-resolucion-miscelanea-fiscal-para-2018\/\" \/>\n<meta property=\"og:locale\" content=\"es_ES\" \/>\n<meta property=\"og:type\" content=\"article\" \/>\n<meta property=\"og:title\" content=\"OCTAVA RESOLUCI\u00d3N DE MODIFICACIONES A LA RESOLUCI\u00d3N MISCEL\u00c1NEA FISCAL PARA 2018 - Campa\" \/>\n<meta property=\"og:description\" content=\"Con fundamento en los art\u00edculos 16 y 31 de la Ley Org\u00e1nica de la Administraci\u00f3n P\u00fablica Federal, 33,\u00a0fracci\u00f3n I, inciso g) del C\u00f3digo Fiscal de la Federaci\u00f3n, 14, fracci\u00f3n III de la Ley del Servicio de Administraci\u00f3n\u00a0Tributaria y 8, primer [&hellip;]\" \/>\n<meta property=\"og:url\" content=\"https:\/\/www.campa.com.mx\/site\/octava-resolucion-de-modificaciones-a-la-resolucion-miscelanea-fiscal-para-2018\/\" \/>\n<meta property=\"og:site_name\" content=\"Campa\" \/>\n<meta property=\"article:publisher\" content=\"https:\/\/www.facebook.com\/MovimientoAnexo24\" \/>\n<meta property=\"article:published_time\" content=\"2019-03-06T17:20:00+00:00\" \/>\n<meta property=\"og:image\" content=\"https:\/\/www.campa.com.mx\/site\/wp-content\/uploads\/2017\/09\/diario-oficial-de-la-federacion-logo.png\" \/>\n\t<meta property=\"og:image:width\" content=\"1196\" \/>\n\t<meta property=\"og:image:height\" content=\"696\" \/>\n\t<meta property=\"og:image:type\" content=\"image\/png\" \/>\n<meta name=\"author\" content=\"campa\" \/>\n<meta name=\"twitter:card\" content=\"summary_large_image\" \/>\n<meta name=\"twitter:creator\" content=\"@artycampa\" \/>\n<meta name=\"twitter:site\" content=\"@artycampa\" \/>\n<meta name=\"twitter:label1\" content=\"Escrito por\" \/>\n\t<meta name=\"twitter:data1\" content=\"campa\" \/>\n\t<meta name=\"twitter:label2\" content=\"Tiempo de lectura\" \/>\n\t<meta name=\"twitter:data2\" content=\"6 minutos\" \/>\n<script type=\"application\/ld+json\" class=\"yoast-schema-graph\">{\"@context\":\"https:\/\/schema.org\",\"@graph\":[{\"@type\":\"WebPage\",\"@id\":\"https:\/\/www.campa.com.mx\/site\/octava-resolucion-de-modificaciones-a-la-resolucion-miscelanea-fiscal-para-2018\/\",\"url\":\"https:\/\/www.campa.com.mx\/site\/octava-resolucion-de-modificaciones-a-la-resolucion-miscelanea-fiscal-para-2018\/\",\"name\":\"OCTAVA RESOLUCI\u00d3N DE MODIFICACIONES A LA RESOLUCI\u00d3N MISCEL\u00c1NEA FISCAL PARA 2018 - Campa\",\"isPartOf\":{\"@id\":\"https:\/\/www.campa.com.mx\/site\/#website\"},\"datePublished\":\"2019-03-06T17:20:00+00:00\",\"dateModified\":\"2019-03-06T17:20:00+00:00\",\"author\":{\"@id\":\"https:\/\/www.campa.com.mx\/site\/#\/schema\/person\/5bf1874b81661ed013f5aa29df30761c\"},\"breadcrumb\":{\"@id\":\"https:\/\/www.campa.com.mx\/site\/octava-resolucion-de-modificaciones-a-la-resolucion-miscelanea-fiscal-para-2018\/#breadcrumb\"},\"inLanguage\":\"es\",\"potentialAction\":[{\"@type\":\"ReadAction\",\"target\":[\"https:\/\/www.campa.com.mx\/site\/octava-resolucion-de-modificaciones-a-la-resolucion-miscelanea-fiscal-para-2018\/\"]}]},{\"@type\":\"BreadcrumbList\",\"@id\":\"https:\/\/www.campa.com.mx\/site\/octava-resolucion-de-modificaciones-a-la-resolucion-miscelanea-fiscal-para-2018\/#breadcrumb\",\"itemListElement\":[{\"@type\":\"ListItem\",\"position\":1,\"name\":\"Portada\",\"item\":\"https:\/\/www.campa.com.mx\/site\/\"},{\"@type\":\"ListItem\",\"position\":2,\"name\":\"OCTAVA RESOLUCI\u00d3N DE MODIFICACIONES A LA RESOLUCI\u00d3N MISCEL\u00c1NEA FISCAL PARA 2018\"}]},{\"@type\":\"WebSite\",\"@id\":\"https:\/\/www.campa.com.mx\/site\/#website\",\"url\":\"https:\/\/www.campa.com.mx\/site\/\",\"name\":\"Campa\",\"description\":\"Tecnolog\u00eda - Comercio Exterior - Servicios\",\"potentialAction\":[{\"@type\":\"SearchAction\",\"target\":{\"@type\":\"EntryPoint\",\"urlTemplate\":\"https:\/\/www.campa.com.mx\/site\/?s={search_term_string}\"},\"query-input\":\"required name=search_term_string\"}],\"inLanguage\":\"es\"},{\"@type\":\"Person\",\"@id\":\"https:\/\/www.campa.com.mx\/site\/#\/schema\/person\/5bf1874b81661ed013f5aa29df30761c\",\"name\":\"campa\",\"image\":{\"@type\":\"ImageObject\",\"inLanguage\":\"es\",\"@id\":\"https:\/\/www.campa.com.mx\/site\/#\/schema\/person\/image\/\",\"url\":\"https:\/\/secure.gravatar.com\/avatar\/921e6e5cffb9d78857948e938192591b9fd4168d0b55cc795582b49d9dc52bb1?s=96&d=mm&r=g\",\"contentUrl\":\"https:\/\/secure.gravatar.com\/avatar\/921e6e5cffb9d78857948e938192591b9fd4168d0b55cc795582b49d9dc52bb1?s=96&d=mm&r=g\",\"caption\":\"campa\"}}]}<\/script>\n<!-- \/ Yoast SEO plugin. -->","yoast_head_json":{"title":"OCTAVA RESOLUCI\u00d3N DE MODIFICACIONES A LA RESOLUCI\u00d3N MISCEL\u00c1NEA FISCAL PARA 2018 - Campa","robots":{"index":"index","follow":"follow","max-snippet":"max-snippet:-1","max-image-preview":"max-image-preview:large","max-video-preview":"max-video-preview:-1"},"canonical":"https:\/\/www.campa.com.mx\/site\/octava-resolucion-de-modificaciones-a-la-resolucion-miscelanea-fiscal-para-2018\/","og_locale":"es_ES","og_type":"article","og_title":"OCTAVA RESOLUCI\u00d3N DE MODIFICACIONES A LA RESOLUCI\u00d3N MISCEL\u00c1NEA FISCAL PARA 2018 - Campa","og_description":"Con fundamento en los art\u00edculos 16 y 31 de la Ley Org\u00e1nica de la Administraci\u00f3n P\u00fablica Federal, 33,\u00a0fracci\u00f3n I, inciso g) del C\u00f3digo Fiscal de la Federaci\u00f3n, 14, fracci\u00f3n III de la Ley del Servicio de Administraci\u00f3n\u00a0Tributaria y 8, primer [&hellip;]","og_url":"https:\/\/www.campa.com.mx\/site\/octava-resolucion-de-modificaciones-a-la-resolucion-miscelanea-fiscal-para-2018\/","og_site_name":"Campa","article_publisher":"https:\/\/www.facebook.com\/MovimientoAnexo24","article_published_time":"2019-03-06T17:20:00+00:00","og_image":[{"width":1196,"height":696,"url":"https:\/\/www.campa.com.mx\/site\/wp-content\/uploads\/2017\/09\/diario-oficial-de-la-federacion-logo.png","type":"image\/png"}],"author":"campa","twitter_card":"summary_large_image","twitter_creator":"@artycampa","twitter_site":"@artycampa","twitter_misc":{"Escrito por":"campa","Tiempo de lectura":"6 minutos"},"schema":{"@context":"https:\/\/schema.org","@graph":[{"@type":"WebPage","@id":"https:\/\/www.campa.com.mx\/site\/octava-resolucion-de-modificaciones-a-la-resolucion-miscelanea-fiscal-para-2018\/","url":"https:\/\/www.campa.com.mx\/site\/octava-resolucion-de-modificaciones-a-la-resolucion-miscelanea-fiscal-para-2018\/","name":"OCTAVA RESOLUCI\u00d3N DE MODIFICACIONES A LA RESOLUCI\u00d3N MISCEL\u00c1NEA FISCAL PARA 2018 - Campa","isPartOf":{"@id":"https:\/\/www.campa.com.mx\/site\/#website"},"datePublished":"2019-03-06T17:20:00+00:00","dateModified":"2019-03-06T17:20:00+00:00","author":{"@id":"https:\/\/www.campa.com.mx\/site\/#\/schema\/person\/5bf1874b81661ed013f5aa29df30761c"},"breadcrumb":{"@id":"https:\/\/www.campa.com.mx\/site\/octava-resolucion-de-modificaciones-a-la-resolucion-miscelanea-fiscal-para-2018\/#breadcrumb"},"inLanguage":"es","potentialAction":[{"@type":"ReadAction","target":["https:\/\/www.campa.com.mx\/site\/octava-resolucion-de-modificaciones-a-la-resolucion-miscelanea-fiscal-para-2018\/"]}]},{"@type":"BreadcrumbList","@id":"https:\/\/www.campa.com.mx\/site\/octava-resolucion-de-modificaciones-a-la-resolucion-miscelanea-fiscal-para-2018\/#breadcrumb","itemListElement":[{"@type":"ListItem","position":1,"name":"Portada","item":"https:\/\/www.campa.com.mx\/site\/"},{"@type":"ListItem","position":2,"name":"OCTAVA RESOLUCI\u00d3N DE MODIFICACIONES A LA RESOLUCI\u00d3N MISCEL\u00c1NEA FISCAL PARA 2018"}]},{"@type":"WebSite","@id":"https:\/\/www.campa.com.mx\/site\/#website","url":"https:\/\/www.campa.com.mx\/site\/","name":"Campa","description":"Tecnolog\u00eda - Comercio Exterior - Servicios","potentialAction":[{"@type":"SearchAction","target":{"@type":"EntryPoint","urlTemplate":"https:\/\/www.campa.com.mx\/site\/?s={search_term_string}"},"query-input":"required name=search_term_string"}],"inLanguage":"es"},{"@type":"Person","@id":"https:\/\/www.campa.com.mx\/site\/#\/schema\/person\/5bf1874b81661ed013f5aa29df30761c","name":"campa","image":{"@type":"ImageObject","inLanguage":"es","@id":"https:\/\/www.campa.com.mx\/site\/#\/schema\/person\/image\/","url":"https:\/\/secure.gravatar.com\/avatar\/921e6e5cffb9d78857948e938192591b9fd4168d0b55cc795582b49d9dc52bb1?s=96&d=mm&r=g","contentUrl":"https:\/\/secure.gravatar.com\/avatar\/921e6e5cffb9d78857948e938192591b9fd4168d0b55cc795582b49d9dc52bb1?s=96&d=mm&r=g","caption":"campa"}}]}},"jetpack_featured_media_url":"https:\/\/www.campa.com.mx\/site\/wp-content\/uploads\/2017\/09\/diario-oficial-de-la-federacion-logo.png","jetpack_sharing_enabled":true,"_links":{"self":[{"href":"https:\/\/www.campa.com.mx\/site\/wp-json\/wp\/v2\/posts\/3908","targetHints":{"allow":["GET"]}}],"collection":[{"href":"https:\/\/www.campa.com.mx\/site\/wp-json\/wp\/v2\/posts"}],"about":[{"href":"https:\/\/www.campa.com.mx\/site\/wp-json\/wp\/v2\/types\/post"}],"author":[{"embeddable":true,"href":"https:\/\/www.campa.com.mx\/site\/wp-json\/wp\/v2\/users\/1"}],"replies":[{"embeddable":true,"href":"https:\/\/www.campa.com.mx\/site\/wp-json\/wp\/v2\/comments?post=3908"}],"version-history":[{"count":1,"href":"https:\/\/www.campa.com.mx\/site\/wp-json\/wp\/v2\/posts\/3908\/revisions"}],"predecessor-version":[{"id":3909,"href":"https:\/\/www.campa.com.mx\/site\/wp-json\/wp\/v2\/posts\/3908\/revisions\/3909"}],"wp:featuredmedia":[{"embeddable":true,"href":"https:\/\/www.campa.com.mx\/site\/wp-json\/wp\/v2\/media\/2016"}],"wp:attachment":[{"href":"https:\/\/www.campa.com.mx\/site\/wp-json\/wp\/v2\/media?parent=3908"}],"wp:term":[{"taxonomy":"category","embeddable":true,"href":"https:\/\/www.campa.com.mx\/site\/wp-json\/wp\/v2\/categories?post=3908"},{"taxonomy":"post_tag","embeddable":true,"href":"https:\/\/www.campa.com.mx\/site\/wp-json\/wp\/v2\/tags?post=3908"}],"curies":[{"name":"wp","href":"https:\/\/api.w.org\/{rel}","templated":true}]}}