{"id":4244,"date":"2019-05-30T17:01:37","date_gmt":"2019-05-30T22:01:37","guid":{"rendered":"http:\/\/www.campa.com.mx\/site\/?p=4244"},"modified":"2019-05-30T17:07:22","modified_gmt":"2019-05-30T22:07:22","slug":"proceso-de-aprobacion-de-acuerdos-comerciales-de-usmca-de-la-casa-blanca","status":"publish","type":"post","link":"https:\/\/www.campa.com.mx\/site\/proceso-de-aprobacion-de-acuerdos-comerciales-de-usmca-de-la-casa-blanca\/","title":{"rendered":"Proceso de aprobaci\u00f3n de acuerdos comerciales de USMCA de la Casa Blanca"},"content":{"rendered":"<ul>\n<li>La administraci\u00f3n de Trump da un paso formal para dar inicio a la aprobaci\u00f3n del Acuerdo de Estados Unidos con M\u00e9xico y Canad\u00e1.<\/li>\n<li><span class=\"\">El Representante de Comercio de los Estados Unidos, Robert Lighthizer, envi\u00f3 una carta a los l\u00edderes del Congreso el jueves, iniciando el proceso de aprobaci\u00f3n de las actualizaciones del Tratado de Libre Comercio de Am\u00e9rica del Norte.<\/span><\/li>\n<li><span class=\"\">La Casa Blanca ha presionado a la presidenta de la C\u00e1mara de Representantes, Nancy Pelosi, ya los dem\u00f3cratas para que aprueben el acuerdo a pesar de las preocupaciones de los legisladores<\/span><\/li>\n<\/ul>\n<p>El Representante de Comercio de los Estados Unidos, Robert Lighthizer, envi\u00f3 una carta a los l\u00edderes del Congreso el jueves, iniciando el proceso de aprobaci\u00f3n de las actualizaciones del Tratado de Libre Comercio de Am\u00e9rica del Norte.<\/p>\n<p>De acuerdo con una copia de una carta obtenida por CNBC, Lighthizer present\u00f3 un borrador de la llamada Declaraci\u00f3n de Acci\u00f3n Administrativa, que permitir\u00eda a la administraci\u00f3n de Trump enviar el acuerdo comercial al Congreso dentro de los 30 d\u00edas.\u00a0El presidente\u00a0Donald Trump\u00a0quiere cumplir r\u00e1pidamente con su promesa de revisar las relaciones comerciales con Canad\u00e1 y M\u00e9xico, pero el Congreso a\u00fan se opone a la ratificaci\u00f3n del Acuerdo entre Estados Unidos, M\u00e9xico y Canad\u00e1.\u00a0La Casa Blanca quiere ratificar el acuerdo este verano.<\/p>\n<div class=\"BoxInline-container \">\n<div id=\"BoxInline-ArticleBody-6\" class=\"BoxInline-container\" data-module=\"mps-slot\"><\/div>\n<\/div>\n<p>El gobierno ha presionado a la presidenta de la C\u00e1mara de Representantes, Nancy Pelosi, y a los dem\u00f3cratas para que aprueben el acuerdo comercial a pesar de las inquietudes persistentes sobre el acuerdo dentro de la C\u00e1mara de Representantes Dem\u00f3crata.\u00a0El orador previamente inst\u00f3 a Lighthizer a no dar el paso formal para acelerar la ratificaci\u00f3n hasta que los legisladores tuvieran m\u00e1s tiempo para aclarar las preocupaciones con la Casa Blanca, seg\u00fan\u00a0The Washington Post\u00a0, que inform\u00f3 por primera vez la posibilidad de que Trump tomara la decisi\u00f3n el jueves.<\/p>\n<p>\u201cLa decisi\u00f3n de la Administraci\u00f3n Trump de enviar al Congreso un borrador de declaraci\u00f3n de acci\u00f3n administrativa antes de que terminemos de trabajar con el Representante de Comercio de los Estados Unidos, Lighthizer, para garantizar que la USMCA beneficie a los trabajadores y agricultores estadounidenses no es un paso positivo\u201d, dijo Pelosi en un comunicado el jueves.\u00a0\u201cIndica una falta de conocimiento por parte de la Administraci\u00f3n sobre la pol\u00edtica y el proceso para aprobar un acuerdo comercial\u201d.<\/p>\n<p>A\u00f1adi\u00f3 que los dem\u00f3cratas \u201chan estado en el camino\u201d para votar \u201cs\u00ed\u201d al aprobar el acuerdo, pero dijo que \u201cdebe ser un camino que conduzca a un acuerdo que brinde resultados positivos para los trabajadores y agricultores estadounidenses\u201d.<\/p>\n<p>La decisi\u00f3n de la Casa Blanca de avanzar m\u00e1s r\u00e1pido de lo que pidieron los dem\u00f3cratas luego de una tensa reuni\u00f3n entre el presidente y los l\u00edderes dem\u00f3cratas del Congreso la semana pasada.\u00a0Trump le dijo a Pelosi y al l\u00edder de la minor\u00eda en el Senado, Chuck Schumer, que no negociar\u00eda con ellos sobre legislaci\u00f3n mientras los comit\u00e9s de la C\u00e1mara lo investigan.<\/p>\n<p>Los dem\u00f3cratas han expresado varias preocupaciones sobre el acuerdo, incluida la aplicaci\u00f3n de las protecciones laborales y ambientales y el posible efecto del acuerdo en los precios de los medicamentos.<\/p>\n<div id=\"MidResponsive-ArticleBody-6\" class=\"\" data-module=\"mps-slot\"><\/div>\n<p>Mientras el gobierno presiona para aprobar el acuerdo, el vicepresidente Mike Pence se reuni\u00f3 con el primer ministro canadiense, Justin Trudeau, el jueves.\u00a0Mientras se encontraba en Ottawa, el vicepresidente prometi\u00f3 que los Estados Unidos \u201char\u00edan el USMCA este a\u00f1o\u201d.<\/p>\n<p>Canad\u00e1 ha aclamado la\u00a0decisi\u00f3n\u00a0del gobierno de Trump a\u00a0principios de este mes de elevar los aranceles sobre las importaciones\u00a0de\u00a0acero y aluminio\u00a0de Canad\u00e1 y M\u00e9xico, a lo que ambos pa\u00edses se opusieron.\u00a0Algunos republicanos en el Congreso hab\u00edan dicho que no avanzar\u00edan con el acuerdo mientras se cumplieran los deberes.<\/p>\n<p>Canad\u00e1\u00a0tambi\u00e9n dio un paso formal a principios de esta semana\u00a0para avanzar hacia la ratificaci\u00f3n del acuerdo.<\/p>\n","protected":false},"excerpt":{"rendered":"<p>La administraci\u00f3n de Trump da un paso formal para dar inicio a la aprobaci\u00f3n del Acuerdo de Estados Unidos con M\u00e9xico y Canad\u00e1. El Representante de Comercio de los Estados Unidos, Robert Lighthizer, envi\u00f3 una carta a los l\u00edderes del [&hellip;]<\/p>\n","protected":false},"author":1,"featured_media":4245,"comment_status":"open","ping_status":"open","sticky":false,"template":"","format":"standard","meta":{"inline_featured_image":false,"_jetpack_memberships_contains_paid_content":false,"footnotes":""},"categories":[1],"tags":[],"class_list":["post-4244","post","type-post","status-publish","format-standard","has-post-thumbnail","hentry","category-campa"],"yoast_head":"<!-- This site is optimized with the Yoast SEO plugin v20.9 - https:\/\/yoast.com\/wordpress\/plugins\/seo\/ -->\n<title>Proceso de aprobaci\u00f3n de acuerdos comerciales de USMCA de la Casa Blanca - Campa<\/title>\n<meta name=\"robots\" content=\"index, follow, max-snippet:-1, max-image-preview:large, max-video-preview:-1\" \/>\n<link rel=\"canonical\" href=\"https:\/\/www.campa.com.mx\/site\/proceso-de-aprobacion-de-acuerdos-comerciales-de-usmca-de-la-casa-blanca\/\" \/>\n<meta property=\"og:locale\" content=\"es_ES\" \/>\n<meta property=\"og:type\" content=\"article\" \/>\n<meta property=\"og:title\" content=\"Proceso de aprobaci\u00f3n de acuerdos comerciales de USMCA de la Casa Blanca - Campa\" \/>\n<meta property=\"og:description\" content=\"La administraci\u00f3n de Trump da un paso formal para dar inicio a la aprobaci\u00f3n del Acuerdo de Estados Unidos con M\u00e9xico y Canad\u00e1. El Representante de Comercio de los Estados Unidos, Robert Lighthizer, envi\u00f3 una carta a los l\u00edderes del [&hellip;]\" \/>\n<meta property=\"og:url\" content=\"https:\/\/www.campa.com.mx\/site\/proceso-de-aprobacion-de-acuerdos-comerciales-de-usmca-de-la-casa-blanca\/\" \/>\n<meta property=\"og:site_name\" content=\"Campa\" \/>\n<meta property=\"article:publisher\" content=\"https:\/\/www.facebook.com\/MovimientoAnexo24\" \/>\n<meta property=\"article:published_time\" content=\"2019-05-30T22:01:37+00:00\" \/>\n<meta property=\"article:modified_time\" content=\"2019-05-30T22:07:22+00:00\" \/>\n<meta property=\"og:image\" content=\"https:\/\/www.campa.com.mx\/site\/wp-content\/uploads\/2019\/05\/facebook1-1.jpg\" \/>\n\t<meta property=\"og:image:width\" content=\"1200\" \/>\n\t<meta property=\"og:image:height\" content=\"628\" \/>\n\t<meta property=\"og:image:type\" content=\"image\/jpeg\" \/>\n<meta name=\"author\" content=\"campa\" \/>\n<meta name=\"twitter:card\" content=\"summary_large_image\" \/>\n<meta name=\"twitter:creator\" content=\"@artycampa\" \/>\n<meta name=\"twitter:site\" content=\"@artycampa\" \/>\n<meta name=\"twitter:label1\" content=\"Escrito por\" \/>\n\t<meta name=\"twitter:data1\" content=\"campa\" \/>\n\t<meta name=\"twitter:label2\" content=\"Tiempo de lectura\" \/>\n\t<meta name=\"twitter:data2\" content=\"3 minutos\" \/>\n<script type=\"application\/ld+json\" class=\"yoast-schema-graph\">{\"@context\":\"https:\/\/schema.org\",\"@graph\":[{\"@type\":\"WebPage\",\"@id\":\"https:\/\/www.campa.com.mx\/site\/proceso-de-aprobacion-de-acuerdos-comerciales-de-usmca-de-la-casa-blanca\/\",\"url\":\"https:\/\/www.campa.com.mx\/site\/proceso-de-aprobacion-de-acuerdos-comerciales-de-usmca-de-la-casa-blanca\/\",\"name\":\"Proceso de aprobaci\u00f3n de acuerdos comerciales de USMCA de la Casa Blanca - Campa\",\"isPartOf\":{\"@id\":\"https:\/\/www.campa.com.mx\/site\/#website\"},\"datePublished\":\"2019-05-30T22:01:37+00:00\",\"dateModified\":\"2019-05-30T22:07:22+00:00\",\"author\":{\"@id\":\"https:\/\/www.campa.com.mx\/site\/#\/schema\/person\/5bf1874b81661ed013f5aa29df30761c\"},\"breadcrumb\":{\"@id\":\"https:\/\/www.campa.com.mx\/site\/proceso-de-aprobacion-de-acuerdos-comerciales-de-usmca-de-la-casa-blanca\/#breadcrumb\"},\"inLanguage\":\"es\",\"potentialAction\":[{\"@type\":\"ReadAction\",\"target\":[\"https:\/\/www.campa.com.mx\/site\/proceso-de-aprobacion-de-acuerdos-comerciales-de-usmca-de-la-casa-blanca\/\"]}]},{\"@type\":\"BreadcrumbList\",\"@id\":\"https:\/\/www.campa.com.mx\/site\/proceso-de-aprobacion-de-acuerdos-comerciales-de-usmca-de-la-casa-blanca\/#breadcrumb\",\"itemListElement\":[{\"@type\":\"ListItem\",\"position\":1,\"name\":\"Portada\",\"item\":\"https:\/\/www.campa.com.mx\/site\/\"},{\"@type\":\"ListItem\",\"position\":2,\"name\":\"Proceso de aprobaci\u00f3n de acuerdos comerciales de USMCA de la Casa Blanca\"}]},{\"@type\":\"WebSite\",\"@id\":\"https:\/\/www.campa.com.mx\/site\/#website\",\"url\":\"https:\/\/www.campa.com.mx\/site\/\",\"name\":\"Campa\",\"description\":\"Tecnolog\u00eda - Comercio Exterior - Servicios\",\"potentialAction\":[{\"@type\":\"SearchAction\",\"target\":{\"@type\":\"EntryPoint\",\"urlTemplate\":\"https:\/\/www.campa.com.mx\/site\/?s={search_term_string}\"},\"query-input\":\"required name=search_term_string\"}],\"inLanguage\":\"es\"},{\"@type\":\"Person\",\"@id\":\"https:\/\/www.campa.com.mx\/site\/#\/schema\/person\/5bf1874b81661ed013f5aa29df30761c\",\"name\":\"campa\",\"image\":{\"@type\":\"ImageObject\",\"inLanguage\":\"es\",\"@id\":\"https:\/\/www.campa.com.mx\/site\/#\/schema\/person\/image\/\",\"url\":\"https:\/\/secure.gravatar.com\/avatar\/921e6e5cffb9d78857948e938192591b9fd4168d0b55cc795582b49d9dc52bb1?s=96&d=mm&r=g\",\"contentUrl\":\"https:\/\/secure.gravatar.com\/avatar\/921e6e5cffb9d78857948e938192591b9fd4168d0b55cc795582b49d9dc52bb1?s=96&d=mm&r=g\",\"caption\":\"campa\"}}]}<\/script>\n<!-- \/ Yoast SEO plugin. -->","yoast_head_json":{"title":"Proceso de aprobaci\u00f3n de acuerdos comerciales de USMCA de la Casa Blanca - Campa","robots":{"index":"index","follow":"follow","max-snippet":"max-snippet:-1","max-image-preview":"max-image-preview:large","max-video-preview":"max-video-preview:-1"},"canonical":"https:\/\/www.campa.com.mx\/site\/proceso-de-aprobacion-de-acuerdos-comerciales-de-usmca-de-la-casa-blanca\/","og_locale":"es_ES","og_type":"article","og_title":"Proceso de aprobaci\u00f3n de acuerdos comerciales de USMCA de la Casa Blanca - Campa","og_description":"La administraci\u00f3n de Trump da un paso formal para dar inicio a la aprobaci\u00f3n del Acuerdo de Estados Unidos con M\u00e9xico y Canad\u00e1. El Representante de Comercio de los Estados Unidos, Robert Lighthizer, envi\u00f3 una carta a los l\u00edderes del [&hellip;]","og_url":"https:\/\/www.campa.com.mx\/site\/proceso-de-aprobacion-de-acuerdos-comerciales-de-usmca-de-la-casa-blanca\/","og_site_name":"Campa","article_publisher":"https:\/\/www.facebook.com\/MovimientoAnexo24","article_published_time":"2019-05-30T22:01:37+00:00","article_modified_time":"2019-05-30T22:07:22+00:00","og_image":[{"width":1200,"height":628,"url":"https:\/\/www.campa.com.mx\/site\/wp-content\/uploads\/2019\/05\/facebook1-1.jpg","type":"image\/jpeg"}],"author":"campa","twitter_card":"summary_large_image","twitter_creator":"@artycampa","twitter_site":"@artycampa","twitter_misc":{"Escrito por":"campa","Tiempo de lectura":"3 minutos"},"schema":{"@context":"https:\/\/schema.org","@graph":[{"@type":"WebPage","@id":"https:\/\/www.campa.com.mx\/site\/proceso-de-aprobacion-de-acuerdos-comerciales-de-usmca-de-la-casa-blanca\/","url":"https:\/\/www.campa.com.mx\/site\/proceso-de-aprobacion-de-acuerdos-comerciales-de-usmca-de-la-casa-blanca\/","name":"Proceso de aprobaci\u00f3n de acuerdos comerciales de USMCA de la Casa Blanca - Campa","isPartOf":{"@id":"https:\/\/www.campa.com.mx\/site\/#website"},"datePublished":"2019-05-30T22:01:37+00:00","dateModified":"2019-05-30T22:07:22+00:00","author":{"@id":"https:\/\/www.campa.com.mx\/site\/#\/schema\/person\/5bf1874b81661ed013f5aa29df30761c"},"breadcrumb":{"@id":"https:\/\/www.campa.com.mx\/site\/proceso-de-aprobacion-de-acuerdos-comerciales-de-usmca-de-la-casa-blanca\/#breadcrumb"},"inLanguage":"es","potentialAction":[{"@type":"ReadAction","target":["https:\/\/www.campa.com.mx\/site\/proceso-de-aprobacion-de-acuerdos-comerciales-de-usmca-de-la-casa-blanca\/"]}]},{"@type":"BreadcrumbList","@id":"https:\/\/www.campa.com.mx\/site\/proceso-de-aprobacion-de-acuerdos-comerciales-de-usmca-de-la-casa-blanca\/#breadcrumb","itemListElement":[{"@type":"ListItem","position":1,"name":"Portada","item":"https:\/\/www.campa.com.mx\/site\/"},{"@type":"ListItem","position":2,"name":"Proceso de aprobaci\u00f3n de acuerdos comerciales de USMCA de la Casa Blanca"}]},{"@type":"WebSite","@id":"https:\/\/www.campa.com.mx\/site\/#website","url":"https:\/\/www.campa.com.mx\/site\/","name":"Campa","description":"Tecnolog\u00eda - Comercio Exterior - Servicios","potentialAction":[{"@type":"SearchAction","target":{"@type":"EntryPoint","urlTemplate":"https:\/\/www.campa.com.mx\/site\/?s={search_term_string}"},"query-input":"required name=search_term_string"}],"inLanguage":"es"},{"@type":"Person","@id":"https:\/\/www.campa.com.mx\/site\/#\/schema\/person\/5bf1874b81661ed013f5aa29df30761c","name":"campa","image":{"@type":"ImageObject","inLanguage":"es","@id":"https:\/\/www.campa.com.mx\/site\/#\/schema\/person\/image\/","url":"https:\/\/secure.gravatar.com\/avatar\/921e6e5cffb9d78857948e938192591b9fd4168d0b55cc795582b49d9dc52bb1?s=96&d=mm&r=g","contentUrl":"https:\/\/secure.gravatar.com\/avatar\/921e6e5cffb9d78857948e938192591b9fd4168d0b55cc795582b49d9dc52bb1?s=96&d=mm&r=g","caption":"campa"}}]}},"jetpack_featured_media_url":"https:\/\/www.campa.com.mx\/site\/wp-content\/uploads\/2019\/05\/facebook1-1.jpg","jetpack_sharing_enabled":true,"_links":{"self":[{"href":"https:\/\/www.campa.com.mx\/site\/wp-json\/wp\/v2\/posts\/4244","targetHints":{"allow":["GET"]}}],"collection":[{"href":"https:\/\/www.campa.com.mx\/site\/wp-json\/wp\/v2\/posts"}],"about":[{"href":"https:\/\/www.campa.com.mx\/site\/wp-json\/wp\/v2\/types\/post"}],"author":[{"embeddable":true,"href":"https:\/\/www.campa.com.mx\/site\/wp-json\/wp\/v2\/users\/1"}],"replies":[{"embeddable":true,"href":"https:\/\/www.campa.com.mx\/site\/wp-json\/wp\/v2\/comments?post=4244"}],"version-history":[{"count":2,"href":"https:\/\/www.campa.com.mx\/site\/wp-json\/wp\/v2\/posts\/4244\/revisions"}],"predecessor-version":[{"id":4247,"href":"https:\/\/www.campa.com.mx\/site\/wp-json\/wp\/v2\/posts\/4244\/revisions\/4247"}],"wp:featuredmedia":[{"embeddable":true,"href":"https:\/\/www.campa.com.mx\/site\/wp-json\/wp\/v2\/media\/4245"}],"wp:attachment":[{"href":"https:\/\/www.campa.com.mx\/site\/wp-json\/wp\/v2\/media?parent=4244"}],"wp:term":[{"taxonomy":"category","embeddable":true,"href":"https:\/\/www.campa.com.mx\/site\/wp-json\/wp\/v2\/categories?post=4244"},{"taxonomy":"post_tag","embeddable":true,"href":"https:\/\/www.campa.com.mx\/site\/wp-json\/wp\/v2\/tags?post=4244"}],"curies":[{"name":"wp","href":"https:\/\/api.w.org\/{rel}","templated":true}]}}