{"id":4248,"date":"2019-05-31T09:04:35","date_gmt":"2019-05-31T14:04:35","guid":{"rendered":"http:\/\/www.campa.com.mx\/site\/?p=4248"},"modified":"2019-05-31T09:04:35","modified_gmt":"2019-05-31T14:04:35","slug":"trump-declara-guerra-de-aranceles-a-mexico","status":"publish","type":"post","link":"https:\/\/www.campa.com.mx\/site\/trump-declara-guerra-de-aranceles-a-mexico\/","title":{"rendered":"Trump declara \u2018guerra\u2019 de aranceles a M\u00e9xico"},"content":{"rendered":"<p class=\"paragraph\" data-count=\"353\" data-wrap=\"58\">El presidente de Estados Unidos, Donald Trump, anunci\u00f3 este jueves que impondr\u00e1 a partir del 10 de junio un nuevo arancel gradual, que inicia en 5 por ciento a todos los productos importados desde M\u00e9xico, en represalia porque considera que el pa\u00eds no redobla esfuerzos para detener el flujo de migrantes centroamericanos que llegan a la Uni\u00f3n Americana.<\/p>\n<p class=\"paragraph\" data-count=\"270\" data-wrap=\"41\">&#8220;La cooperaci\u00f3n pasiva de M\u00e9xico para permitir esta incursi\u00f3n masiva (de migraci\u00f3n ilegal) constituye una emergencia y una amenaza extraordinaria para la seguridad nacional y la econom\u00eda de los Estados Unidos&#8221;, dijo Trump en una declaraci\u00f3n publicada por la Casa Blanca.<\/p>\n<p class=\"paragraph\" data-count=\"368\" data-wrap=\"65\">A trav\u00e9s de su Twitter, el mandatario de EU escribi\u00f3 que \u201cel 10 de junio, Estados Unidos impondr\u00e1n un arancel 5% a todos los bienes que entran en nuestro pa\u00eds desde M\u00e9xico, hasta el momento en que los migrantes ilegales que vienen a trav\u00e9s de M\u00e9xico y a nuestro pa\u00eds PAREN. La tarifa aumentar\u00e1 gradualmente hasta que se solucione el problema de la inmigraci\u00f3n ilegal\u201d.<\/p>\n<p class=\"paragraph\" data-count=\"213\" data-wrap=\"33\">Los aranceles permanecer\u00e1n, dijo, hasta que se detenga el flujo de migrantes ilegales que pasan por M\u00e9xico, y adem\u00e1s amenaz\u00f3 con aumentarlos gradualmente &#8220;hasta que se resuelva el problema de la migraci\u00f3n ilegal&#8221;.<\/p>\n<p class=\"paragraph\" data-count=\"145\" data-wrap=\"22\">La Casa Blanca detall\u00f3 que el presidente Trump recurrir\u00eda a la Ley de Poderes Econ\u00f3micos de Emergencia Internacional para implementar el arancel.<\/p>\n<p class=\"paragraph\" data-count=\"222\" data-wrap=\"33\">\u201cSi la crisis de migraci\u00f3n ilegal se alivia a trav\u00e9s de acciones efectivas tomadas por M\u00e9xico, que se determinar\u00e1n a nuestra exclusiva discreci\u00f3n y criterio, se eliminar\u00e1n los aranceles\u201d, apunt\u00f3 la residencia presidencial.<\/p>\n<p class=\"paragraph\" data-count=\"83\" data-wrap=\"14\">Pero si Trump no est\u00e1 satisfecho los aranceles aumentar\u00edan de la siguiente manera:<\/p>\n<p class=\"paragraph\" data-count=\"42\" data-wrap=\"10\">-Del 5 por ciento a partir del 10 de junio<\/p>\n<p class=\"paragraph\" data-count=\"50\" data-wrap=\"12\">-Del 10 por ciento a partir del 1 de julio de 2019<\/p>\n<p class=\"paragraph\" data-count=\"33\" data-wrap=\"8\">-Del 15 por ciento el 1 de agosto<\/p>\n<p class=\"paragraph\" data-count=\"37\" data-wrap=\"8\">-Del 20 por ciento el 1 de septiembre<\/p>\n<p class=\"paragraph\" data-count=\"35\" data-wrap=\"8\">-Del 25 por ciento el 1 de octubre.<\/p>\n<p class=\"paragraph\" data-count=\"276\" data-wrap=\"43\">&#8220;Las tarifas se mantendr\u00e1n en el nivel del 25 por ciento hasta que M\u00e9xico detenga sustancialmente la entrada ilegal de extranjeros (&#8230;) Por lo tanto, esperamos y apreciamos las acciones r\u00e1pidas y efectivas que esperamos que M\u00e9xico instale de inmediato&#8221;, a\u00f1adi\u00f3 el comunicado.<\/p>\n<p class=\"paragraph\" data-count=\"433\" data-wrap=\"65\">&#8220;El estado actual de las cosas es profundamente injusto para el contribuyente estadounidense, que asume el extraordinario costo financiero impuesto por la migraci\u00f3n ilegal a gran escala. A\u00fan peor es la terrible y prevenible p\u00e9rdida de vidas humanas. Algunas de las pandillas m\u00e1s mort\u00edferas y viciosas del planeta operan al otro lado de nuestra frontera y aterrorizan a las comunidades inocentes&#8221;, se\u00f1al\u00f3 el presidente estadounidense.<\/p>\n<p class=\"paragraph\" data-count=\"138\" data-wrap=\"21\">Durante a\u00f1os, M\u00e9xico no nos ha tratado de manera justa, pero ahora estamos afirmando nuestros derechos como una naci\u00f3n soberana, continu\u00f3.<\/p>\n<p class=\"paragraph\" data-count=\"189\" data-wrap=\"28\">&#8220;Si M\u00e9xico decide no cooperar para reducir la migraci\u00f3n ilegal, la imposici\u00f3n sostenida de aranceles producir\u00e1 un retorno masivo de empleos a las ciudades y pueblos estadounidenses&#8221;, dijo.<\/p>\n<p class=\"paragraph\" data-count=\"152\" data-wrap=\"24\">Donald Trump indic\u00f3 que tiene confianza en que M\u00e9xico actuar\u00e1 r\u00e1pidamente y agreg\u00f3 quelos &#8220;coyotes&#8221; y &#8220;c\u00e1rteles&#8221; son una amenaza que debe ser eliminada.<\/p>\n<p class=\"paragraph\" data-count=\"303\" data-wrap=\"54\">El anuncio se dio horas despu\u00e9s de que la Casa Blanca iniciara una acci\u00f3n para acelerar la votaci\u00f3n en el Congreso sobre el nuevo acuerdo comercial de Am\u00e9rica del Norte (el T-MEC), y que M\u00e9xico hiciera lo mismo para ratificar lo m\u00e1s pronto posible el pacto que incluye tambi\u00e9n a Estados Unidos y Canad\u00e1.<\/p>\n<p class=\"paragraph\" data-count=\"335\" data-wrap=\"55\">Por ello, algunos asesores de la Casa Blanca est\u00e1n tratando de convencer a Trump de que no haga este viernes el anuncio formal del nuevo arancel, como estaba previsto, argumentando que tal amenaza afectar\u00eda a los mercados financieros y podr\u00eda poner en peligro la aprobaci\u00f3n del acuerdo comercial entre M\u00e9xico, Canad\u00e1 y Estados Unidos.<\/p>\n<p class=\"paragraph\" data-count=\"145\" data-wrap=\"26\">El argumento de la afectaci\u00f3n a los mercados fue real, pues las acciones de Toyota, Honda, Nissan y Mazda se hund\u00edan despu\u00e9s de anuncio de Trump.<\/p>\n","protected":false},"excerpt":{"rendered":"<p>El presidente de Estados Unidos, Donald Trump, anunci\u00f3 este jueves que impondr\u00e1 a partir del 10 de junio un nuevo arancel gradual, que inicia en 5 por ciento a todos los productos importados desde M\u00e9xico, en represalia porque considera que [&hellip;]<\/p>\n","protected":false},"author":1,"featured_media":4249,"comment_status":"open","ping_status":"open","sticky":false,"template":"","format":"standard","meta":{"inline_featured_image":false,"_jetpack_memberships_contains_paid_content":false,"footnotes":""},"categories":[1],"tags":[],"class_list":["post-4248","post","type-post","status-publish","format-standard","has-post-thumbnail","hentry","category-campa"],"yoast_head":"<!-- This site is optimized with the Yoast SEO plugin v20.9 - https:\/\/yoast.com\/wordpress\/plugins\/seo\/ -->\n<title>Trump declara \u2018guerra\u2019 de aranceles a M\u00e9xico - Campa<\/title>\n<meta name=\"robots\" content=\"index, follow, max-snippet:-1, max-image-preview:large, max-video-preview:-1\" \/>\n<link rel=\"canonical\" href=\"https:\/\/www.campa.com.mx\/site\/trump-declara-guerra-de-aranceles-a-mexico\/\" \/>\n<meta property=\"og:locale\" content=\"es_ES\" \/>\n<meta property=\"og:type\" content=\"article\" \/>\n<meta property=\"og:title\" content=\"Trump declara \u2018guerra\u2019 de aranceles a M\u00e9xico - Campa\" \/>\n<meta property=\"og:description\" content=\"El presidente de Estados Unidos, Donald Trump, anunci\u00f3 este jueves que impondr\u00e1 a partir del 10 de junio un nuevo arancel gradual, que inicia en 5 por ciento a todos los productos importados desde M\u00e9xico, en represalia porque considera que [&hellip;]\" \/>\n<meta property=\"og:url\" content=\"https:\/\/www.campa.com.mx\/site\/trump-declara-guerra-de-aranceles-a-mexico\/\" \/>\n<meta property=\"og:site_name\" content=\"Campa\" \/>\n<meta property=\"article:publisher\" content=\"https:\/\/www.facebook.com\/MovimientoAnexo24\" \/>\n<meta property=\"article:published_time\" content=\"2019-05-31T14:04:35+00:00\" \/>\n<meta property=\"og:image\" content=\"https:\/\/www.campa.com.mx\/site\/wp-content\/uploads\/2019\/05\/facebook-3.jpg\" \/>\n\t<meta property=\"og:image:width\" content=\"1200\" \/>\n\t<meta property=\"og:image:height\" content=\"628\" \/>\n\t<meta property=\"og:image:type\" content=\"image\/jpeg\" \/>\n<meta name=\"author\" content=\"campa\" \/>\n<meta name=\"twitter:card\" content=\"summary_large_image\" \/>\n<meta name=\"twitter:creator\" content=\"@artycampa\" \/>\n<meta name=\"twitter:site\" content=\"@artycampa\" \/>\n<meta name=\"twitter:label1\" content=\"Escrito por\" \/>\n\t<meta name=\"twitter:data1\" content=\"campa\" \/>\n\t<meta name=\"twitter:label2\" content=\"Tiempo de lectura\" \/>\n\t<meta name=\"twitter:data2\" content=\"3 minutos\" \/>\n<script type=\"application\/ld+json\" class=\"yoast-schema-graph\">{\"@context\":\"https:\/\/schema.org\",\"@graph\":[{\"@type\":\"WebPage\",\"@id\":\"https:\/\/www.campa.com.mx\/site\/trump-declara-guerra-de-aranceles-a-mexico\/\",\"url\":\"https:\/\/www.campa.com.mx\/site\/trump-declara-guerra-de-aranceles-a-mexico\/\",\"name\":\"Trump declara \u2018guerra\u2019 de aranceles a M\u00e9xico - Campa\",\"isPartOf\":{\"@id\":\"https:\/\/www.campa.com.mx\/site\/#website\"},\"datePublished\":\"2019-05-31T14:04:35+00:00\",\"dateModified\":\"2019-05-31T14:04:35+00:00\",\"author\":{\"@id\":\"https:\/\/www.campa.com.mx\/site\/#\/schema\/person\/5bf1874b81661ed013f5aa29df30761c\"},\"breadcrumb\":{\"@id\":\"https:\/\/www.campa.com.mx\/site\/trump-declara-guerra-de-aranceles-a-mexico\/#breadcrumb\"},\"inLanguage\":\"es\",\"potentialAction\":[{\"@type\":\"ReadAction\",\"target\":[\"https:\/\/www.campa.com.mx\/site\/trump-declara-guerra-de-aranceles-a-mexico\/\"]}]},{\"@type\":\"BreadcrumbList\",\"@id\":\"https:\/\/www.campa.com.mx\/site\/trump-declara-guerra-de-aranceles-a-mexico\/#breadcrumb\",\"itemListElement\":[{\"@type\":\"ListItem\",\"position\":1,\"name\":\"Portada\",\"item\":\"https:\/\/www.campa.com.mx\/site\/\"},{\"@type\":\"ListItem\",\"position\":2,\"name\":\"Trump declara \u2018guerra\u2019 de aranceles a M\u00e9xico\"}]},{\"@type\":\"WebSite\",\"@id\":\"https:\/\/www.campa.com.mx\/site\/#website\",\"url\":\"https:\/\/www.campa.com.mx\/site\/\",\"name\":\"Campa\",\"description\":\"Tecnolog\u00eda - Comercio Exterior - Servicios\",\"potentialAction\":[{\"@type\":\"SearchAction\",\"target\":{\"@type\":\"EntryPoint\",\"urlTemplate\":\"https:\/\/www.campa.com.mx\/site\/?s={search_term_string}\"},\"query-input\":\"required name=search_term_string\"}],\"inLanguage\":\"es\"},{\"@type\":\"Person\",\"@id\":\"https:\/\/www.campa.com.mx\/site\/#\/schema\/person\/5bf1874b81661ed013f5aa29df30761c\",\"name\":\"campa\",\"image\":{\"@type\":\"ImageObject\",\"inLanguage\":\"es\",\"@id\":\"https:\/\/www.campa.com.mx\/site\/#\/schema\/person\/image\/\",\"url\":\"https:\/\/secure.gravatar.com\/avatar\/921e6e5cffb9d78857948e938192591b9fd4168d0b55cc795582b49d9dc52bb1?s=96&d=mm&r=g\",\"contentUrl\":\"https:\/\/secure.gravatar.com\/avatar\/921e6e5cffb9d78857948e938192591b9fd4168d0b55cc795582b49d9dc52bb1?s=96&d=mm&r=g\",\"caption\":\"campa\"}}]}<\/script>\n<!-- \/ Yoast SEO plugin. -->","yoast_head_json":{"title":"Trump declara \u2018guerra\u2019 de aranceles a M\u00e9xico - Campa","robots":{"index":"index","follow":"follow","max-snippet":"max-snippet:-1","max-image-preview":"max-image-preview:large","max-video-preview":"max-video-preview:-1"},"canonical":"https:\/\/www.campa.com.mx\/site\/trump-declara-guerra-de-aranceles-a-mexico\/","og_locale":"es_ES","og_type":"article","og_title":"Trump declara \u2018guerra\u2019 de aranceles a M\u00e9xico - Campa","og_description":"El presidente de Estados Unidos, Donald Trump, anunci\u00f3 este jueves que impondr\u00e1 a partir del 10 de junio un nuevo arancel gradual, que inicia en 5 por ciento a todos los productos importados desde M\u00e9xico, en represalia porque considera que [&hellip;]","og_url":"https:\/\/www.campa.com.mx\/site\/trump-declara-guerra-de-aranceles-a-mexico\/","og_site_name":"Campa","article_publisher":"https:\/\/www.facebook.com\/MovimientoAnexo24","article_published_time":"2019-05-31T14:04:35+00:00","og_image":[{"width":1200,"height":628,"url":"https:\/\/www.campa.com.mx\/site\/wp-content\/uploads\/2019\/05\/facebook-3.jpg","type":"image\/jpeg"}],"author":"campa","twitter_card":"summary_large_image","twitter_creator":"@artycampa","twitter_site":"@artycampa","twitter_misc":{"Escrito por":"campa","Tiempo de lectura":"3 minutos"},"schema":{"@context":"https:\/\/schema.org","@graph":[{"@type":"WebPage","@id":"https:\/\/www.campa.com.mx\/site\/trump-declara-guerra-de-aranceles-a-mexico\/","url":"https:\/\/www.campa.com.mx\/site\/trump-declara-guerra-de-aranceles-a-mexico\/","name":"Trump declara \u2018guerra\u2019 de aranceles a M\u00e9xico - Campa","isPartOf":{"@id":"https:\/\/www.campa.com.mx\/site\/#website"},"datePublished":"2019-05-31T14:04:35+00:00","dateModified":"2019-05-31T14:04:35+00:00","author":{"@id":"https:\/\/www.campa.com.mx\/site\/#\/schema\/person\/5bf1874b81661ed013f5aa29df30761c"},"breadcrumb":{"@id":"https:\/\/www.campa.com.mx\/site\/trump-declara-guerra-de-aranceles-a-mexico\/#breadcrumb"},"inLanguage":"es","potentialAction":[{"@type":"ReadAction","target":["https:\/\/www.campa.com.mx\/site\/trump-declara-guerra-de-aranceles-a-mexico\/"]}]},{"@type":"BreadcrumbList","@id":"https:\/\/www.campa.com.mx\/site\/trump-declara-guerra-de-aranceles-a-mexico\/#breadcrumb","itemListElement":[{"@type":"ListItem","position":1,"name":"Portada","item":"https:\/\/www.campa.com.mx\/site\/"},{"@type":"ListItem","position":2,"name":"Trump declara \u2018guerra\u2019 de aranceles a M\u00e9xico"}]},{"@type":"WebSite","@id":"https:\/\/www.campa.com.mx\/site\/#website","url":"https:\/\/www.campa.com.mx\/site\/","name":"Campa","description":"Tecnolog\u00eda - Comercio Exterior - Servicios","potentialAction":[{"@type":"SearchAction","target":{"@type":"EntryPoint","urlTemplate":"https:\/\/www.campa.com.mx\/site\/?s={search_term_string}"},"query-input":"required name=search_term_string"}],"inLanguage":"es"},{"@type":"Person","@id":"https:\/\/www.campa.com.mx\/site\/#\/schema\/person\/5bf1874b81661ed013f5aa29df30761c","name":"campa","image":{"@type":"ImageObject","inLanguage":"es","@id":"https:\/\/www.campa.com.mx\/site\/#\/schema\/person\/image\/","url":"https:\/\/secure.gravatar.com\/avatar\/921e6e5cffb9d78857948e938192591b9fd4168d0b55cc795582b49d9dc52bb1?s=96&d=mm&r=g","contentUrl":"https:\/\/secure.gravatar.com\/avatar\/921e6e5cffb9d78857948e938192591b9fd4168d0b55cc795582b49d9dc52bb1?s=96&d=mm&r=g","caption":"campa"}}]}},"jetpack_featured_media_url":"https:\/\/www.campa.com.mx\/site\/wp-content\/uploads\/2019\/05\/facebook-3.jpg","jetpack_sharing_enabled":true,"_links":{"self":[{"href":"https:\/\/www.campa.com.mx\/site\/wp-json\/wp\/v2\/posts\/4248","targetHints":{"allow":["GET"]}}],"collection":[{"href":"https:\/\/www.campa.com.mx\/site\/wp-json\/wp\/v2\/posts"}],"about":[{"href":"https:\/\/www.campa.com.mx\/site\/wp-json\/wp\/v2\/types\/post"}],"author":[{"embeddable":true,"href":"https:\/\/www.campa.com.mx\/site\/wp-json\/wp\/v2\/users\/1"}],"replies":[{"embeddable":true,"href":"https:\/\/www.campa.com.mx\/site\/wp-json\/wp\/v2\/comments?post=4248"}],"version-history":[{"count":1,"href":"https:\/\/www.campa.com.mx\/site\/wp-json\/wp\/v2\/posts\/4248\/revisions"}],"predecessor-version":[{"id":4250,"href":"https:\/\/www.campa.com.mx\/site\/wp-json\/wp\/v2\/posts\/4248\/revisions\/4250"}],"wp:featuredmedia":[{"embeddable":true,"href":"https:\/\/www.campa.com.mx\/site\/wp-json\/wp\/v2\/media\/4249"}],"wp:attachment":[{"href":"https:\/\/www.campa.com.mx\/site\/wp-json\/wp\/v2\/media?parent=4248"}],"wp:term":[{"taxonomy":"category","embeddable":true,"href":"https:\/\/www.campa.com.mx\/site\/wp-json\/wp\/v2\/categories?post=4248"},{"taxonomy":"post_tag","embeddable":true,"href":"https:\/\/www.campa.com.mx\/site\/wp-json\/wp\/v2\/tags?post=4248"}],"curies":[{"name":"wp","href":"https:\/\/api.w.org\/{rel}","templated":true}]}}