{"id":4309,"date":"2019-06-28T12:06:04","date_gmt":"2019-06-28T17:06:04","guid":{"rendered":"http:\/\/www.campa.com.mx\/site\/?p=4309"},"modified":"2019-06-28T12:06:04","modified_gmt":"2019-06-28T17:06:04","slug":"anexo-4-de-las-reglas-generales-de-comercio-exterior-para-2019","status":"publish","type":"post","link":"https:\/\/www.campa.com.mx\/site\/anexo-4-de-las-reglas-generales-de-comercio-exterior-para-2019\/","title":{"rendered":"ANEXO\u00a04\u00a0DE\u00a0LAS\u00a0REGLAS\u00a0GENERALES\u00a0DE\u00a0COMERCIO\u00a0EXTERIOR\u00a0PARA\u00a02019"},"content":{"rendered":"<table style=\"height: 326px;\" border=\"0\" width=\"95%\" cellspacing=\"0\" cellpadding=\"0\" align=\"center\">\n<tbody>\n<tr style=\"height: 24px;\">\n<td class=\"txt\" style=\"height: 24px;\" height=\"24\"><b>DOF: 28\/06\/2019<\/b><\/td>\n<\/tr>\n<tr style=\"height: 302px;\">\n<td style=\"height: 302px;\">\n<div id=\"DivDetalleNota\" align=\"justify\">\n<div>\n<h1 class=\"Titulo_1\">ANEXOS\u00a04, 5, 6, 7, 8, 9, 10, 11, 12, 14, 15, 16, 17, 19, 21, 23, 24, 25, 26, 27, 28, 29, 30 y 31 de las Reglas Generales de\u00a0Comercio Exterior para 2019, publicadas el 24 de junio de 2019.<\/h1>\n<h2 class=\"Titulo_2\">Al margen un sello con el Escudo Nacional, que dice: Estados Unidos Mexicanos.- SHCP.- Secretar\u00eda de\u00a0Hacienda y Cr\u00e9dito P\u00fablico.- Servicio de Administraci\u00f3n Tributaria.<\/h2>\n<div class=\"ANOTACION\">ANEXO\u00a04\u00a0DE\u00a0LAS\u00a0REGLAS\u00a0GENERALES\u00a0DE\u00a0COMERCIO\u00a0EXTERIOR\u00a0PARA\u00a02019<\/div>\n<\/div>\n<\/div>\n<\/td>\n<\/tr>\n<\/tbody>\n<\/table>\n<p>&nbsp;<\/p>\n<p>Para m\u00e1s informaci\u00f3n consulta el siguiente link:<\/p>\n<p>https:\/\/www.dof.gob.mx\/nota_detalle.php?codigo=5564487&#038;fecha=28\/06\/2019<\/p>\n","protected":false},"excerpt":{"rendered":"<p>DOF: 28\/06\/2019 ANEXOS\u00a04, 5, 6, 7, 8, 9, 10, 11, 12, 14, 15, 16, 17, 19, 21, 23, 24, 25, 26, 27, 28, 29, 30 y 31 de las Reglas Generales de\u00a0Comercio Exterior para 2019, publicadas el 24 de junio [&hellip;]<\/p>\n","protected":false},"author":1,"featured_media":2016,"comment_status":"open","ping_status":"open","sticky":false,"template":"","format":"standard","meta":{"inline_featured_image":false,"_jetpack_memberships_contains_paid_content":false,"footnotes":""},"categories":[1],"tags":[],"class_list":["post-4309","post","type-post","status-publish","format-standard","has-post-thumbnail","hentry","category-campa"],"yoast_head":"<!-- This site is optimized with the Yoast SEO plugin v20.9 - https:\/\/yoast.com\/wordpress\/plugins\/seo\/ -->\n<title>ANEXO\u00a04\u00a0DE\u00a0LAS\u00a0REGLAS\u00a0GENERALES\u00a0DE\u00a0COMERCIO\u00a0EXTERIOR\u00a0PARA\u00a02019 - Campa<\/title>\n<meta name=\"robots\" content=\"index, follow, max-snippet:-1, max-image-preview:large, max-video-preview:-1\" \/>\n<link rel=\"canonical\" href=\"https:\/\/www.campa.com.mx\/site\/anexo-4-de-las-reglas-generales-de-comercio-exterior-para-2019\/\" \/>\n<meta property=\"og:locale\" content=\"es_ES\" \/>\n<meta property=\"og:type\" content=\"article\" \/>\n<meta property=\"og:title\" content=\"ANEXO\u00a04\u00a0DE\u00a0LAS\u00a0REGLAS\u00a0GENERALES\u00a0DE\u00a0COMERCIO\u00a0EXTERIOR\u00a0PARA\u00a02019 - Campa\" \/>\n<meta property=\"og:description\" content=\"DOF: 28\/06\/2019 ANEXOS\u00a04, 5, 6, 7, 8, 9, 10, 11, 12, 14, 15, 16, 17, 19, 21, 23, 24, 25, 26, 27, 28, 29, 30 y 31 de las Reglas Generales de\u00a0Comercio Exterior para 2019, publicadas el 24 de junio [&hellip;]\" \/>\n<meta property=\"og:url\" content=\"https:\/\/www.campa.com.mx\/site\/anexo-4-de-las-reglas-generales-de-comercio-exterior-para-2019\/\" \/>\n<meta property=\"og:site_name\" content=\"Campa\" \/>\n<meta property=\"article:publisher\" content=\"https:\/\/www.facebook.com\/MovimientoAnexo24\" \/>\n<meta property=\"article:published_time\" content=\"2019-06-28T17:06:04+00:00\" \/>\n<meta property=\"og:image\" content=\"https:\/\/www.campa.com.mx\/site\/wp-content\/uploads\/2017\/09\/diario-oficial-de-la-federacion-logo.png\" \/>\n\t<meta property=\"og:image:width\" content=\"1196\" \/>\n\t<meta property=\"og:image:height\" content=\"696\" \/>\n\t<meta property=\"og:image:type\" content=\"image\/png\" \/>\n<meta name=\"author\" content=\"campa\" \/>\n<meta name=\"twitter:card\" content=\"summary_large_image\" \/>\n<meta name=\"twitter:creator\" content=\"@artycampa\" \/>\n<meta name=\"twitter:site\" content=\"@artycampa\" \/>\n<meta name=\"twitter:label1\" content=\"Escrito por\" \/>\n\t<meta name=\"twitter:data1\" content=\"campa\" \/>\n<script type=\"application\/ld+json\" class=\"yoast-schema-graph\">{\"@context\":\"https:\/\/schema.org\",\"@graph\":[{\"@type\":\"WebPage\",\"@id\":\"https:\/\/www.campa.com.mx\/site\/anexo-4-de-las-reglas-generales-de-comercio-exterior-para-2019\/\",\"url\":\"https:\/\/www.campa.com.mx\/site\/anexo-4-de-las-reglas-generales-de-comercio-exterior-para-2019\/\",\"name\":\"ANEXO\u00a04\u00a0DE\u00a0LAS\u00a0REGLAS\u00a0GENERALES\u00a0DE\u00a0COMERCIO\u00a0EXTERIOR\u00a0PARA\u00a02019 - Campa\",\"isPartOf\":{\"@id\":\"https:\/\/www.campa.com.mx\/site\/#website\"},\"datePublished\":\"2019-06-28T17:06:04+00:00\",\"dateModified\":\"2019-06-28T17:06:04+00:00\",\"author\":{\"@id\":\"https:\/\/www.campa.com.mx\/site\/#\/schema\/person\/5bf1874b81661ed013f5aa29df30761c\"},\"breadcrumb\":{\"@id\":\"https:\/\/www.campa.com.mx\/site\/anexo-4-de-las-reglas-generales-de-comercio-exterior-para-2019\/#breadcrumb\"},\"inLanguage\":\"es\",\"potentialAction\":[{\"@type\":\"ReadAction\",\"target\":[\"https:\/\/www.campa.com.mx\/site\/anexo-4-de-las-reglas-generales-de-comercio-exterior-para-2019\/\"]}]},{\"@type\":\"BreadcrumbList\",\"@id\":\"https:\/\/www.campa.com.mx\/site\/anexo-4-de-las-reglas-generales-de-comercio-exterior-para-2019\/#breadcrumb\",\"itemListElement\":[{\"@type\":\"ListItem\",\"position\":1,\"name\":\"Portada\",\"item\":\"https:\/\/www.campa.com.mx\/site\/\"},{\"@type\":\"ListItem\",\"position\":2,\"name\":\"ANEXO\u00a04\u00a0DE\u00a0LAS\u00a0REGLAS\u00a0GENERALES\u00a0DE\u00a0COMERCIO\u00a0EXTERIOR\u00a0PARA\u00a02019\"}]},{\"@type\":\"WebSite\",\"@id\":\"https:\/\/www.campa.com.mx\/site\/#website\",\"url\":\"https:\/\/www.campa.com.mx\/site\/\",\"name\":\"Campa\",\"description\":\"Tecnolog\u00eda - Comercio Exterior - Servicios\",\"potentialAction\":[{\"@type\":\"SearchAction\",\"target\":{\"@type\":\"EntryPoint\",\"urlTemplate\":\"https:\/\/www.campa.com.mx\/site\/?s={search_term_string}\"},\"query-input\":\"required name=search_term_string\"}],\"inLanguage\":\"es\"},{\"@type\":\"Person\",\"@id\":\"https:\/\/www.campa.com.mx\/site\/#\/schema\/person\/5bf1874b81661ed013f5aa29df30761c\",\"name\":\"campa\",\"image\":{\"@type\":\"ImageObject\",\"inLanguage\":\"es\",\"@id\":\"https:\/\/www.campa.com.mx\/site\/#\/schema\/person\/image\/\",\"url\":\"https:\/\/secure.gravatar.com\/avatar\/921e6e5cffb9d78857948e938192591b9fd4168d0b55cc795582b49d9dc52bb1?s=96&d=mm&r=g\",\"contentUrl\":\"https:\/\/secure.gravatar.com\/avatar\/921e6e5cffb9d78857948e938192591b9fd4168d0b55cc795582b49d9dc52bb1?s=96&d=mm&r=g\",\"caption\":\"campa\"}}]}<\/script>\n<!-- \/ Yoast SEO plugin. -->","yoast_head_json":{"title":"ANEXO\u00a04\u00a0DE\u00a0LAS\u00a0REGLAS\u00a0GENERALES\u00a0DE\u00a0COMERCIO\u00a0EXTERIOR\u00a0PARA\u00a02019 - Campa","robots":{"index":"index","follow":"follow","max-snippet":"max-snippet:-1","max-image-preview":"max-image-preview:large","max-video-preview":"max-video-preview:-1"},"canonical":"https:\/\/www.campa.com.mx\/site\/anexo-4-de-las-reglas-generales-de-comercio-exterior-para-2019\/","og_locale":"es_ES","og_type":"article","og_title":"ANEXO\u00a04\u00a0DE\u00a0LAS\u00a0REGLAS\u00a0GENERALES\u00a0DE\u00a0COMERCIO\u00a0EXTERIOR\u00a0PARA\u00a02019 - Campa","og_description":"DOF: 28\/06\/2019 ANEXOS\u00a04, 5, 6, 7, 8, 9, 10, 11, 12, 14, 15, 16, 17, 19, 21, 23, 24, 25, 26, 27, 28, 29, 30 y 31 de las Reglas Generales de\u00a0Comercio Exterior para 2019, publicadas el 24 de junio [&hellip;]","og_url":"https:\/\/www.campa.com.mx\/site\/anexo-4-de-las-reglas-generales-de-comercio-exterior-para-2019\/","og_site_name":"Campa","article_publisher":"https:\/\/www.facebook.com\/MovimientoAnexo24","article_published_time":"2019-06-28T17:06:04+00:00","og_image":[{"width":1196,"height":696,"url":"https:\/\/www.campa.com.mx\/site\/wp-content\/uploads\/2017\/09\/diario-oficial-de-la-federacion-logo.png","type":"image\/png"}],"author":"campa","twitter_card":"summary_large_image","twitter_creator":"@artycampa","twitter_site":"@artycampa","twitter_misc":{"Escrito por":"campa"},"schema":{"@context":"https:\/\/schema.org","@graph":[{"@type":"WebPage","@id":"https:\/\/www.campa.com.mx\/site\/anexo-4-de-las-reglas-generales-de-comercio-exterior-para-2019\/","url":"https:\/\/www.campa.com.mx\/site\/anexo-4-de-las-reglas-generales-de-comercio-exterior-para-2019\/","name":"ANEXO\u00a04\u00a0DE\u00a0LAS\u00a0REGLAS\u00a0GENERALES\u00a0DE\u00a0COMERCIO\u00a0EXTERIOR\u00a0PARA\u00a02019 - Campa","isPartOf":{"@id":"https:\/\/www.campa.com.mx\/site\/#website"},"datePublished":"2019-06-28T17:06:04+00:00","dateModified":"2019-06-28T17:06:04+00:00","author":{"@id":"https:\/\/www.campa.com.mx\/site\/#\/schema\/person\/5bf1874b81661ed013f5aa29df30761c"},"breadcrumb":{"@id":"https:\/\/www.campa.com.mx\/site\/anexo-4-de-las-reglas-generales-de-comercio-exterior-para-2019\/#breadcrumb"},"inLanguage":"es","potentialAction":[{"@type":"ReadAction","target":["https:\/\/www.campa.com.mx\/site\/anexo-4-de-las-reglas-generales-de-comercio-exterior-para-2019\/"]}]},{"@type":"BreadcrumbList","@id":"https:\/\/www.campa.com.mx\/site\/anexo-4-de-las-reglas-generales-de-comercio-exterior-para-2019\/#breadcrumb","itemListElement":[{"@type":"ListItem","position":1,"name":"Portada","item":"https:\/\/www.campa.com.mx\/site\/"},{"@type":"ListItem","position":2,"name":"ANEXO\u00a04\u00a0DE\u00a0LAS\u00a0REGLAS\u00a0GENERALES\u00a0DE\u00a0COMERCIO\u00a0EXTERIOR\u00a0PARA\u00a02019"}]},{"@type":"WebSite","@id":"https:\/\/www.campa.com.mx\/site\/#website","url":"https:\/\/www.campa.com.mx\/site\/","name":"Campa","description":"Tecnolog\u00eda - Comercio Exterior - Servicios","potentialAction":[{"@type":"SearchAction","target":{"@type":"EntryPoint","urlTemplate":"https:\/\/www.campa.com.mx\/site\/?s={search_term_string}"},"query-input":"required name=search_term_string"}],"inLanguage":"es"},{"@type":"Person","@id":"https:\/\/www.campa.com.mx\/site\/#\/schema\/person\/5bf1874b81661ed013f5aa29df30761c","name":"campa","image":{"@type":"ImageObject","inLanguage":"es","@id":"https:\/\/www.campa.com.mx\/site\/#\/schema\/person\/image\/","url":"https:\/\/secure.gravatar.com\/avatar\/921e6e5cffb9d78857948e938192591b9fd4168d0b55cc795582b49d9dc52bb1?s=96&d=mm&r=g","contentUrl":"https:\/\/secure.gravatar.com\/avatar\/921e6e5cffb9d78857948e938192591b9fd4168d0b55cc795582b49d9dc52bb1?s=96&d=mm&r=g","caption":"campa"}}]}},"jetpack_featured_media_url":"https:\/\/www.campa.com.mx\/site\/wp-content\/uploads\/2017\/09\/diario-oficial-de-la-federacion-logo.png","jetpack_sharing_enabled":true,"_links":{"self":[{"href":"https:\/\/www.campa.com.mx\/site\/wp-json\/wp\/v2\/posts\/4309","targetHints":{"allow":["GET"]}}],"collection":[{"href":"https:\/\/www.campa.com.mx\/site\/wp-json\/wp\/v2\/posts"}],"about":[{"href":"https:\/\/www.campa.com.mx\/site\/wp-json\/wp\/v2\/types\/post"}],"author":[{"embeddable":true,"href":"https:\/\/www.campa.com.mx\/site\/wp-json\/wp\/v2\/users\/1"}],"replies":[{"embeddable":true,"href":"https:\/\/www.campa.com.mx\/site\/wp-json\/wp\/v2\/comments?post=4309"}],"version-history":[{"count":1,"href":"https:\/\/www.campa.com.mx\/site\/wp-json\/wp\/v2\/posts\/4309\/revisions"}],"predecessor-version":[{"id":4311,"href":"https:\/\/www.campa.com.mx\/site\/wp-json\/wp\/v2\/posts\/4309\/revisions\/4311"}],"wp:featuredmedia":[{"embeddable":true,"href":"https:\/\/www.campa.com.mx\/site\/wp-json\/wp\/v2\/media\/2016"}],"wp:attachment":[{"href":"https:\/\/www.campa.com.mx\/site\/wp-json\/wp\/v2\/media?parent=4309"}],"wp:term":[{"taxonomy":"category","embeddable":true,"href":"https:\/\/www.campa.com.mx\/site\/wp-json\/wp\/v2\/categories?post=4309"},{"taxonomy":"post_tag","embeddable":true,"href":"https:\/\/www.campa.com.mx\/site\/wp-json\/wp\/v2\/tags?post=4309"}],"curies":[{"name":"wp","href":"https:\/\/api.w.org\/{rel}","templated":true}]}}