{"id":4526,"date":"2019-07-30T11:17:31","date_gmt":"2019-07-30T16:17:31","guid":{"rendered":"http:\/\/www.campa.com.mx\/site\/?p=4526"},"modified":"2019-07-30T11:17:31","modified_gmt":"2019-07-30T16:17:31","slug":"decreto-aprobatorio-del-tratado-entre-mexico-estados-unidos-y-canada-t-mec","status":"publish","type":"post","link":"https:\/\/www.campa.com.mx\/site\/decreto-aprobatorio-del-tratado-entre-mexico-estados-unidos-y-canada-t-mec\/","title":{"rendered":"Decreto aprobatorio del Tratado entre M\u00e9xico, Estados Unidos y Canad\u00e1 (T-MEC)"},"content":{"rendered":"<div class=\"col-sm-7 pull-left\" tabindex=\"0\">\n<h2>Hoy se dio a conocer en el Diario Oficial de la Federaci\u00f3n el Decreto por el que se aprueba el Protocolo que sustituye el Tratado de Libre Comercio de Am\u00e9rica del Norte por el Tratado entre los Estados Unidos Mexicanos, los Estados Unidos de Am\u00e9rica y Canad\u00e1 (T-MEC).<\/h2>\n<\/div>\n<div class=\"col-md-4 col-xs-12 pull-right\"><\/div>\n<div><\/div>\n<div>\n<p>Comunicado No. 088<\/p>\n<p>El pasado 19 de junio de 2019 el Senado de la Rep\u00fablica aprob\u00f3 el T-MEC y los instrumentos jur\u00eddicos relacionados.<\/p>\n<p>Para que el Tratado entre en vigor, Estados Unidos y Canad\u00e1 deben concluir sus procedimientos jur\u00eddicos internos de aprobaci\u00f3n.<\/p>\n<p>Posteriormente, las partes del T-MEC deber\u00e1n realizar un intercambio de notas diplom\u00e1ticas, se\u00f1alando que han concluido dichos procedimientos con objeto de que entre en vigor el Tratado, lo cual se dar\u00e1 a conocer mediante decreto promulgatorio expedido por el Presidente de la Rep\u00fablica.<\/p>\n<p>La publicaci\u00f3n de hoy es parte del procedimiento habitual que sigue M\u00e9xico en materia de tratados internacionales.<\/p>\n<p>Liga en la que pude consultarse el\u00a0<strong>Decreto aprobatorio<\/strong>:\u00a0<a href=\"https:\/\/www.dof.gob.mx\/nota_detalle.php?codigo=5566696&amp;fecha=29\/07\/2019\">https:\/\/www.dof.gob.mx\/nota_detalle.php?codigo=5566696&amp;fecha=29\/07\/2019<\/a><\/p>\n<\/div>\n","protected":false},"excerpt":{"rendered":"<p>Hoy se dio a conocer en el Diario Oficial de la Federaci\u00f3n el Decreto por el que se aprueba el Protocolo que sustituye el Tratado de Libre Comercio de Am\u00e9rica del Norte por el Tratado entre los Estados Unidos Mexicanos, [&hellip;]<\/p>\n","protected":false},"author":1,"featured_media":4527,"comment_status":"open","ping_status":"open","sticky":false,"template":"","format":"standard","meta":{"inline_featured_image":false,"_jetpack_memberships_contains_paid_content":false,"footnotes":""},"categories":[1],"tags":[],"class_list":["post-4526","post","type-post","status-publish","format-standard","has-post-thumbnail","hentry","category-campa"],"yoast_head":"<!-- This site is optimized with the Yoast SEO plugin v20.9 - https:\/\/yoast.com\/wordpress\/plugins\/seo\/ -->\n<title>Decreto aprobatorio del Tratado entre M\u00e9xico, Estados Unidos y Canad\u00e1 (T-MEC) - Campa<\/title>\n<meta name=\"robots\" content=\"index, follow, max-snippet:-1, max-image-preview:large, max-video-preview:-1\" \/>\n<link rel=\"canonical\" href=\"https:\/\/www.campa.com.mx\/site\/decreto-aprobatorio-del-tratado-entre-mexico-estados-unidos-y-canada-t-mec\/\" \/>\n<meta property=\"og:locale\" content=\"es_ES\" \/>\n<meta property=\"og:type\" content=\"article\" \/>\n<meta property=\"og:title\" content=\"Decreto aprobatorio del Tratado entre M\u00e9xico, Estados Unidos y Canad\u00e1 (T-MEC) - Campa\" \/>\n<meta property=\"og:description\" content=\"Hoy se dio a conocer en el Diario Oficial de la Federaci\u00f3n el Decreto por el que se aprueba el Protocolo que sustituye el Tratado de Libre Comercio de Am\u00e9rica del Norte por el Tratado entre los Estados Unidos Mexicanos, [&hellip;]\" \/>\n<meta property=\"og:url\" content=\"https:\/\/www.campa.com.mx\/site\/decreto-aprobatorio-del-tratado-entre-mexico-estados-unidos-y-canada-t-mec\/\" \/>\n<meta property=\"og:site_name\" content=\"Campa\" \/>\n<meta property=\"article:publisher\" content=\"https:\/\/www.facebook.com\/MovimientoAnexo24\" \/>\n<meta property=\"article:published_time\" content=\"2019-07-30T16:17:31+00:00\" \/>\n<meta property=\"og:image\" content=\"https:\/\/www.campa.com.mx\/site\/wp-content\/uploads\/2019\/07\/30image.jpg\" \/>\n\t<meta property=\"og:image:width\" content=\"1200\" \/>\n\t<meta property=\"og:image:height\" content=\"628\" \/>\n\t<meta property=\"og:image:type\" content=\"image\/jpeg\" \/>\n<meta name=\"author\" content=\"campa\" \/>\n<meta name=\"twitter:card\" content=\"summary_large_image\" \/>\n<meta name=\"twitter:creator\" content=\"@artycampa\" \/>\n<meta name=\"twitter:site\" content=\"@artycampa\" \/>\n<meta name=\"twitter:label1\" content=\"Escrito por\" \/>\n\t<meta name=\"twitter:data1\" content=\"campa\" \/>\n\t<meta name=\"twitter:label2\" content=\"Tiempo de lectura\" \/>\n\t<meta name=\"twitter:data2\" content=\"1 minuto\" \/>\n<script type=\"application\/ld+json\" class=\"yoast-schema-graph\">{\"@context\":\"https:\/\/schema.org\",\"@graph\":[{\"@type\":\"WebPage\",\"@id\":\"https:\/\/www.campa.com.mx\/site\/decreto-aprobatorio-del-tratado-entre-mexico-estados-unidos-y-canada-t-mec\/\",\"url\":\"https:\/\/www.campa.com.mx\/site\/decreto-aprobatorio-del-tratado-entre-mexico-estados-unidos-y-canada-t-mec\/\",\"name\":\"Decreto aprobatorio del Tratado entre M\u00e9xico, Estados Unidos y Canad\u00e1 (T-MEC) - Campa\",\"isPartOf\":{\"@id\":\"https:\/\/www.campa.com.mx\/site\/#website\"},\"datePublished\":\"2019-07-30T16:17:31+00:00\",\"dateModified\":\"2019-07-30T16:17:31+00:00\",\"author\":{\"@id\":\"https:\/\/www.campa.com.mx\/site\/#\/schema\/person\/5bf1874b81661ed013f5aa29df30761c\"},\"breadcrumb\":{\"@id\":\"https:\/\/www.campa.com.mx\/site\/decreto-aprobatorio-del-tratado-entre-mexico-estados-unidos-y-canada-t-mec\/#breadcrumb\"},\"inLanguage\":\"es\",\"potentialAction\":[{\"@type\":\"ReadAction\",\"target\":[\"https:\/\/www.campa.com.mx\/site\/decreto-aprobatorio-del-tratado-entre-mexico-estados-unidos-y-canada-t-mec\/\"]}]},{\"@type\":\"BreadcrumbList\",\"@id\":\"https:\/\/www.campa.com.mx\/site\/decreto-aprobatorio-del-tratado-entre-mexico-estados-unidos-y-canada-t-mec\/#breadcrumb\",\"itemListElement\":[{\"@type\":\"ListItem\",\"position\":1,\"name\":\"Portada\",\"item\":\"https:\/\/www.campa.com.mx\/site\/\"},{\"@type\":\"ListItem\",\"position\":2,\"name\":\"Decreto aprobatorio del Tratado entre M\u00e9xico, Estados Unidos y Canad\u00e1 (T-MEC)\"}]},{\"@type\":\"WebSite\",\"@id\":\"https:\/\/www.campa.com.mx\/site\/#website\",\"url\":\"https:\/\/www.campa.com.mx\/site\/\",\"name\":\"Campa\",\"description\":\"Tecnolog\u00eda - Comercio Exterior - Servicios\",\"potentialAction\":[{\"@type\":\"SearchAction\",\"target\":{\"@type\":\"EntryPoint\",\"urlTemplate\":\"https:\/\/www.campa.com.mx\/site\/?s={search_term_string}\"},\"query-input\":\"required name=search_term_string\"}],\"inLanguage\":\"es\"},{\"@type\":\"Person\",\"@id\":\"https:\/\/www.campa.com.mx\/site\/#\/schema\/person\/5bf1874b81661ed013f5aa29df30761c\",\"name\":\"campa\",\"image\":{\"@type\":\"ImageObject\",\"inLanguage\":\"es\",\"@id\":\"https:\/\/www.campa.com.mx\/site\/#\/schema\/person\/image\/\",\"url\":\"https:\/\/secure.gravatar.com\/avatar\/921e6e5cffb9d78857948e938192591b9fd4168d0b55cc795582b49d9dc52bb1?s=96&d=mm&r=g\",\"contentUrl\":\"https:\/\/secure.gravatar.com\/avatar\/921e6e5cffb9d78857948e938192591b9fd4168d0b55cc795582b49d9dc52bb1?s=96&d=mm&r=g\",\"caption\":\"campa\"}}]}<\/script>\n<!-- \/ Yoast SEO plugin. -->","yoast_head_json":{"title":"Decreto aprobatorio del Tratado entre M\u00e9xico, Estados Unidos y Canad\u00e1 (T-MEC) - Campa","robots":{"index":"index","follow":"follow","max-snippet":"max-snippet:-1","max-image-preview":"max-image-preview:large","max-video-preview":"max-video-preview:-1"},"canonical":"https:\/\/www.campa.com.mx\/site\/decreto-aprobatorio-del-tratado-entre-mexico-estados-unidos-y-canada-t-mec\/","og_locale":"es_ES","og_type":"article","og_title":"Decreto aprobatorio del Tratado entre M\u00e9xico, Estados Unidos y Canad\u00e1 (T-MEC) - Campa","og_description":"Hoy se dio a conocer en el Diario Oficial de la Federaci\u00f3n el Decreto por el que se aprueba el Protocolo que sustituye el Tratado de Libre Comercio de Am\u00e9rica del Norte por el Tratado entre los Estados Unidos Mexicanos, [&hellip;]","og_url":"https:\/\/www.campa.com.mx\/site\/decreto-aprobatorio-del-tratado-entre-mexico-estados-unidos-y-canada-t-mec\/","og_site_name":"Campa","article_publisher":"https:\/\/www.facebook.com\/MovimientoAnexo24","article_published_time":"2019-07-30T16:17:31+00:00","og_image":[{"width":1200,"height":628,"url":"https:\/\/www.campa.com.mx\/site\/wp-content\/uploads\/2019\/07\/30image.jpg","type":"image\/jpeg"}],"author":"campa","twitter_card":"summary_large_image","twitter_creator":"@artycampa","twitter_site":"@artycampa","twitter_misc":{"Escrito por":"campa","Tiempo de lectura":"1 minuto"},"schema":{"@context":"https:\/\/schema.org","@graph":[{"@type":"WebPage","@id":"https:\/\/www.campa.com.mx\/site\/decreto-aprobatorio-del-tratado-entre-mexico-estados-unidos-y-canada-t-mec\/","url":"https:\/\/www.campa.com.mx\/site\/decreto-aprobatorio-del-tratado-entre-mexico-estados-unidos-y-canada-t-mec\/","name":"Decreto aprobatorio del Tratado entre M\u00e9xico, Estados Unidos y Canad\u00e1 (T-MEC) - Campa","isPartOf":{"@id":"https:\/\/www.campa.com.mx\/site\/#website"},"datePublished":"2019-07-30T16:17:31+00:00","dateModified":"2019-07-30T16:17:31+00:00","author":{"@id":"https:\/\/www.campa.com.mx\/site\/#\/schema\/person\/5bf1874b81661ed013f5aa29df30761c"},"breadcrumb":{"@id":"https:\/\/www.campa.com.mx\/site\/decreto-aprobatorio-del-tratado-entre-mexico-estados-unidos-y-canada-t-mec\/#breadcrumb"},"inLanguage":"es","potentialAction":[{"@type":"ReadAction","target":["https:\/\/www.campa.com.mx\/site\/decreto-aprobatorio-del-tratado-entre-mexico-estados-unidos-y-canada-t-mec\/"]}]},{"@type":"BreadcrumbList","@id":"https:\/\/www.campa.com.mx\/site\/decreto-aprobatorio-del-tratado-entre-mexico-estados-unidos-y-canada-t-mec\/#breadcrumb","itemListElement":[{"@type":"ListItem","position":1,"name":"Portada","item":"https:\/\/www.campa.com.mx\/site\/"},{"@type":"ListItem","position":2,"name":"Decreto aprobatorio del Tratado entre M\u00e9xico, Estados Unidos y Canad\u00e1 (T-MEC)"}]},{"@type":"WebSite","@id":"https:\/\/www.campa.com.mx\/site\/#website","url":"https:\/\/www.campa.com.mx\/site\/","name":"Campa","description":"Tecnolog\u00eda - Comercio Exterior - Servicios","potentialAction":[{"@type":"SearchAction","target":{"@type":"EntryPoint","urlTemplate":"https:\/\/www.campa.com.mx\/site\/?s={search_term_string}"},"query-input":"required name=search_term_string"}],"inLanguage":"es"},{"@type":"Person","@id":"https:\/\/www.campa.com.mx\/site\/#\/schema\/person\/5bf1874b81661ed013f5aa29df30761c","name":"campa","image":{"@type":"ImageObject","inLanguage":"es","@id":"https:\/\/www.campa.com.mx\/site\/#\/schema\/person\/image\/","url":"https:\/\/secure.gravatar.com\/avatar\/921e6e5cffb9d78857948e938192591b9fd4168d0b55cc795582b49d9dc52bb1?s=96&d=mm&r=g","contentUrl":"https:\/\/secure.gravatar.com\/avatar\/921e6e5cffb9d78857948e938192591b9fd4168d0b55cc795582b49d9dc52bb1?s=96&d=mm&r=g","caption":"campa"}}]}},"jetpack_featured_media_url":"https:\/\/www.campa.com.mx\/site\/wp-content\/uploads\/2019\/07\/30image.jpg","jetpack_sharing_enabled":true,"_links":{"self":[{"href":"https:\/\/www.campa.com.mx\/site\/wp-json\/wp\/v2\/posts\/4526","targetHints":{"allow":["GET"]}}],"collection":[{"href":"https:\/\/www.campa.com.mx\/site\/wp-json\/wp\/v2\/posts"}],"about":[{"href":"https:\/\/www.campa.com.mx\/site\/wp-json\/wp\/v2\/types\/post"}],"author":[{"embeddable":true,"href":"https:\/\/www.campa.com.mx\/site\/wp-json\/wp\/v2\/users\/1"}],"replies":[{"embeddable":true,"href":"https:\/\/www.campa.com.mx\/site\/wp-json\/wp\/v2\/comments?post=4526"}],"version-history":[{"count":1,"href":"https:\/\/www.campa.com.mx\/site\/wp-json\/wp\/v2\/posts\/4526\/revisions"}],"predecessor-version":[{"id":4528,"href":"https:\/\/www.campa.com.mx\/site\/wp-json\/wp\/v2\/posts\/4526\/revisions\/4528"}],"wp:featuredmedia":[{"embeddable":true,"href":"https:\/\/www.campa.com.mx\/site\/wp-json\/wp\/v2\/media\/4527"}],"wp:attachment":[{"href":"https:\/\/www.campa.com.mx\/site\/wp-json\/wp\/v2\/media?parent=4526"}],"wp:term":[{"taxonomy":"category","embeddable":true,"href":"https:\/\/www.campa.com.mx\/site\/wp-json\/wp\/v2\/categories?post=4526"},{"taxonomy":"post_tag","embeddable":true,"href":"https:\/\/www.campa.com.mx\/site\/wp-json\/wp\/v2\/tags?post=4526"}],"curies":[{"name":"wp","href":"https:\/\/api.w.org\/{rel}","templated":true}]}}