{"id":4529,"date":"2019-07-31T09:18:40","date_gmt":"2019-07-31T14:18:40","guid":{"rendered":"http:\/\/www.campa.com.mx\/site\/?p=4529"},"modified":"2019-07-31T09:18:40","modified_gmt":"2019-07-31T14:18:40","slug":"intercambio-electronico-del-certificado-fitosanitario-internacional-emitidos-por-la-sader-bajo-el-acuerdo-alianza-del-pacifico","status":"publish","type":"post","link":"https:\/\/www.campa.com.mx\/site\/intercambio-electronico-del-certificado-fitosanitario-internacional-emitidos-por-la-sader-bajo-el-acuerdo-alianza-del-pacifico\/","title":{"rendered":"INTERCAMBIO ELECTR\u00d3NICO DEL CERTIFICADO FITOSANITARIO INTERNACIONAL, EMITIDOS POR LA SADER, BAJO EL ACUERDO ALIANZA DEL PAC\u00cdFICO"},"content":{"rendered":"<p>INTERCAMBIO ELECTR\u00d3NICO DEL CERTIFICADO FITOSANITARIO INTERNACIONAL, EMITIDOS POR LA SADER, BAJO EL ACUERDO ALIANZA DEL PAC\u00cdFICO<\/p>\n<p>&nbsp;<\/p>\n<p>Por medio de la presente, se informa a todos los exportadores, importadores y agentes aduanales que, a partir del d\u00eda 1 de agosto del presente a\u00f1o, comenzar\u00e1 el intercambio totalmente digital de Certificados Fitosanitarios Internacionales regulados por la Secretar\u00eda de Agricultura, bajo el acuerdo Alianza del Pac\u00edfico, por lo tanto, todas las exportaciones con mercanc\u00eda bajo ese acuerdo, cuyo pa\u00eds destino es Colombia, Chile o Per\u00fa deben solicitarse a trav\u00e9s de la Ventanilla \u00danica de Comercio Exterior Mexicana utilizando el tr\u00e1mite que se encuentra en el men\u00fa SADER- &gt;Certificados y Solicitud de Requisitos-&gt; Certificados de Exportaci\u00f3n-&gt; SENASICA-05-001-A Certificado Fitosanitario Internacional para la Exportaci\u00f3n de vegetales, sus productos y subproductos. Consulte el manual de usuario para conocer el estado de env\u00edo-recepci\u00f3n de su certificado en el pa\u00eds destino: https:\/\/www.ventanillaunica.gob.mx\/vucem\/Manualesa\/SAGARPA\/WSDLWS\/Manual_Consulta_Estado_de_Envio_del _CIF_AP.pdf Cabe mencionar que Colombia y Per\u00fa emitir\u00e1n certificados fitosanitarios internacionales de manera digital, es decir: sus exportadores obtendr\u00e1n el certificado electr\u00f3nico que ser\u00e1 transmitido a trav\u00e9s de las ventanillas \u00fanicas, por lo que s\u00f3lo \u00e9ste ser\u00e1 v\u00e1lido para las importaciones en M\u00e9xico.<\/p>\n","protected":false},"excerpt":{"rendered":"<p>INTERCAMBIO ELECTR\u00d3NICO DEL CERTIFICADO FITOSANITARIO INTERNACIONAL, EMITIDOS POR LA SADER, BAJO EL ACUERDO ALIANZA DEL PAC\u00cdFICO &nbsp; Por medio de la presente, se informa a todos los exportadores, importadores y agentes aduanales que, a partir del d\u00eda 1 de agosto [&hellip;]<\/p>\n","protected":false},"author":1,"featured_media":4530,"comment_status":"open","ping_status":"open","sticky":false,"template":"","format":"standard","meta":{"inline_featured_image":false,"_jetpack_memberships_contains_paid_content":false,"footnotes":""},"categories":[1],"tags":[],"class_list":["post-4529","post","type-post","status-publish","format-standard","has-post-thumbnail","hentry","category-campa"],"yoast_head":"<!-- This site is optimized with the Yoast SEO plugin v20.9 - https:\/\/yoast.com\/wordpress\/plugins\/seo\/ -->\n<title>INTERCAMBIO ELECTR\u00d3NICO DEL CERTIFICADO FITOSANITARIO INTERNACIONAL, EMITIDOS POR LA SADER, BAJO EL ACUERDO ALIANZA DEL PAC\u00cdFICO - Campa<\/title>\n<meta name=\"robots\" content=\"index, follow, max-snippet:-1, max-image-preview:large, max-video-preview:-1\" \/>\n<link rel=\"canonical\" href=\"https:\/\/www.campa.com.mx\/site\/intercambio-electronico-del-certificado-fitosanitario-internacional-emitidos-por-la-sader-bajo-el-acuerdo-alianza-del-pacifico\/\" \/>\n<meta property=\"og:locale\" content=\"es_ES\" \/>\n<meta property=\"og:type\" content=\"article\" \/>\n<meta property=\"og:title\" content=\"INTERCAMBIO ELECTR\u00d3NICO DEL CERTIFICADO FITOSANITARIO INTERNACIONAL, EMITIDOS POR LA SADER, BAJO EL ACUERDO ALIANZA DEL PAC\u00cdFICO - Campa\" \/>\n<meta property=\"og:description\" content=\"INTERCAMBIO ELECTR\u00d3NICO DEL CERTIFICADO FITOSANITARIO INTERNACIONAL, EMITIDOS POR LA SADER, BAJO EL ACUERDO ALIANZA DEL PAC\u00cdFICO &nbsp; Por medio de la presente, se informa a todos los exportadores, importadores y agentes aduanales que, a partir del d\u00eda 1 de agosto [&hellip;]\" \/>\n<meta property=\"og:url\" content=\"https:\/\/www.campa.com.mx\/site\/intercambio-electronico-del-certificado-fitosanitario-internacional-emitidos-por-la-sader-bajo-el-acuerdo-alianza-del-pacifico\/\" \/>\n<meta property=\"og:site_name\" content=\"Campa\" \/>\n<meta property=\"article:publisher\" content=\"https:\/\/www.facebook.com\/MovimientoAnexo24\" \/>\n<meta property=\"article:published_time\" content=\"2019-07-31T14:18:40+00:00\" \/>\n<meta property=\"og:image\" content=\"https:\/\/www.campa.com.mx\/site\/wp-content\/uploads\/2019\/07\/anexo24-immex.jpg\" \/>\n\t<meta property=\"og:image:width\" content=\"1200\" \/>\n\t<meta property=\"og:image:height\" content=\"628\" \/>\n\t<meta property=\"og:image:type\" content=\"image\/jpeg\" \/>\n<meta name=\"author\" content=\"campa\" \/>\n<meta name=\"twitter:card\" content=\"summary_large_image\" \/>\n<meta name=\"twitter:creator\" content=\"@artycampa\" \/>\n<meta name=\"twitter:site\" content=\"@artycampa\" \/>\n<meta name=\"twitter:label1\" content=\"Escrito por\" \/>\n\t<meta name=\"twitter:data1\" content=\"campa\" \/>\n\t<meta name=\"twitter:label2\" content=\"Tiempo de lectura\" \/>\n\t<meta name=\"twitter:data2\" content=\"1 minuto\" \/>\n<script type=\"application\/ld+json\" class=\"yoast-schema-graph\">{\"@context\":\"https:\/\/schema.org\",\"@graph\":[{\"@type\":\"WebPage\",\"@id\":\"https:\/\/www.campa.com.mx\/site\/intercambio-electronico-del-certificado-fitosanitario-internacional-emitidos-por-la-sader-bajo-el-acuerdo-alianza-del-pacifico\/\",\"url\":\"https:\/\/www.campa.com.mx\/site\/intercambio-electronico-del-certificado-fitosanitario-internacional-emitidos-por-la-sader-bajo-el-acuerdo-alianza-del-pacifico\/\",\"name\":\"INTERCAMBIO ELECTR\u00d3NICO DEL CERTIFICADO FITOSANITARIO INTERNACIONAL, EMITIDOS POR LA SADER, BAJO EL ACUERDO ALIANZA DEL PAC\u00cdFICO - Campa\",\"isPartOf\":{\"@id\":\"https:\/\/www.campa.com.mx\/site\/#website\"},\"datePublished\":\"2019-07-31T14:18:40+00:00\",\"dateModified\":\"2019-07-31T14:18:40+00:00\",\"author\":{\"@id\":\"https:\/\/www.campa.com.mx\/site\/#\/schema\/person\/5bf1874b81661ed013f5aa29df30761c\"},\"breadcrumb\":{\"@id\":\"https:\/\/www.campa.com.mx\/site\/intercambio-electronico-del-certificado-fitosanitario-internacional-emitidos-por-la-sader-bajo-el-acuerdo-alianza-del-pacifico\/#breadcrumb\"},\"inLanguage\":\"es\",\"potentialAction\":[{\"@type\":\"ReadAction\",\"target\":[\"https:\/\/www.campa.com.mx\/site\/intercambio-electronico-del-certificado-fitosanitario-internacional-emitidos-por-la-sader-bajo-el-acuerdo-alianza-del-pacifico\/\"]}]},{\"@type\":\"BreadcrumbList\",\"@id\":\"https:\/\/www.campa.com.mx\/site\/intercambio-electronico-del-certificado-fitosanitario-internacional-emitidos-por-la-sader-bajo-el-acuerdo-alianza-del-pacifico\/#breadcrumb\",\"itemListElement\":[{\"@type\":\"ListItem\",\"position\":1,\"name\":\"Portada\",\"item\":\"https:\/\/www.campa.com.mx\/site\/\"},{\"@type\":\"ListItem\",\"position\":2,\"name\":\"INTERCAMBIO ELECTR\u00d3NICO DEL CERTIFICADO FITOSANITARIO INTERNACIONAL, EMITIDOS POR LA SADER, BAJO EL ACUERDO ALIANZA DEL PAC\u00cdFICO\"}]},{\"@type\":\"WebSite\",\"@id\":\"https:\/\/www.campa.com.mx\/site\/#website\",\"url\":\"https:\/\/www.campa.com.mx\/site\/\",\"name\":\"Campa\",\"description\":\"Tecnolog\u00eda - Comercio Exterior - Servicios\",\"potentialAction\":[{\"@type\":\"SearchAction\",\"target\":{\"@type\":\"EntryPoint\",\"urlTemplate\":\"https:\/\/www.campa.com.mx\/site\/?s={search_term_string}\"},\"query-input\":\"required name=search_term_string\"}],\"inLanguage\":\"es\"},{\"@type\":\"Person\",\"@id\":\"https:\/\/www.campa.com.mx\/site\/#\/schema\/person\/5bf1874b81661ed013f5aa29df30761c\",\"name\":\"campa\",\"image\":{\"@type\":\"ImageObject\",\"inLanguage\":\"es\",\"@id\":\"https:\/\/www.campa.com.mx\/site\/#\/schema\/person\/image\/\",\"url\":\"https:\/\/secure.gravatar.com\/avatar\/921e6e5cffb9d78857948e938192591b9fd4168d0b55cc795582b49d9dc52bb1?s=96&d=mm&r=g\",\"contentUrl\":\"https:\/\/secure.gravatar.com\/avatar\/921e6e5cffb9d78857948e938192591b9fd4168d0b55cc795582b49d9dc52bb1?s=96&d=mm&r=g\",\"caption\":\"campa\"}}]}<\/script>\n<!-- \/ Yoast SEO plugin. -->","yoast_head_json":{"title":"INTERCAMBIO ELECTR\u00d3NICO DEL CERTIFICADO FITOSANITARIO INTERNACIONAL, EMITIDOS POR LA SADER, BAJO EL ACUERDO ALIANZA DEL PAC\u00cdFICO - Campa","robots":{"index":"index","follow":"follow","max-snippet":"max-snippet:-1","max-image-preview":"max-image-preview:large","max-video-preview":"max-video-preview:-1"},"canonical":"https:\/\/www.campa.com.mx\/site\/intercambio-electronico-del-certificado-fitosanitario-internacional-emitidos-por-la-sader-bajo-el-acuerdo-alianza-del-pacifico\/","og_locale":"es_ES","og_type":"article","og_title":"INTERCAMBIO ELECTR\u00d3NICO DEL CERTIFICADO FITOSANITARIO INTERNACIONAL, EMITIDOS POR LA SADER, BAJO EL ACUERDO ALIANZA DEL PAC\u00cdFICO - Campa","og_description":"INTERCAMBIO ELECTR\u00d3NICO DEL CERTIFICADO FITOSANITARIO INTERNACIONAL, EMITIDOS POR LA SADER, BAJO EL ACUERDO ALIANZA DEL PAC\u00cdFICO &nbsp; Por medio de la presente, se informa a todos los exportadores, importadores y agentes aduanales que, a partir del d\u00eda 1 de agosto [&hellip;]","og_url":"https:\/\/www.campa.com.mx\/site\/intercambio-electronico-del-certificado-fitosanitario-internacional-emitidos-por-la-sader-bajo-el-acuerdo-alianza-del-pacifico\/","og_site_name":"Campa","article_publisher":"https:\/\/www.facebook.com\/MovimientoAnexo24","article_published_time":"2019-07-31T14:18:40+00:00","og_image":[{"width":1200,"height":628,"url":"https:\/\/www.campa.com.mx\/site\/wp-content\/uploads\/2019\/07\/anexo24-immex.jpg","type":"image\/jpeg"}],"author":"campa","twitter_card":"summary_large_image","twitter_creator":"@artycampa","twitter_site":"@artycampa","twitter_misc":{"Escrito por":"campa","Tiempo de lectura":"1 minuto"},"schema":{"@context":"https:\/\/schema.org","@graph":[{"@type":"WebPage","@id":"https:\/\/www.campa.com.mx\/site\/intercambio-electronico-del-certificado-fitosanitario-internacional-emitidos-por-la-sader-bajo-el-acuerdo-alianza-del-pacifico\/","url":"https:\/\/www.campa.com.mx\/site\/intercambio-electronico-del-certificado-fitosanitario-internacional-emitidos-por-la-sader-bajo-el-acuerdo-alianza-del-pacifico\/","name":"INTERCAMBIO ELECTR\u00d3NICO DEL CERTIFICADO FITOSANITARIO INTERNACIONAL, EMITIDOS POR LA SADER, BAJO EL ACUERDO ALIANZA DEL PAC\u00cdFICO - Campa","isPartOf":{"@id":"https:\/\/www.campa.com.mx\/site\/#website"},"datePublished":"2019-07-31T14:18:40+00:00","dateModified":"2019-07-31T14:18:40+00:00","author":{"@id":"https:\/\/www.campa.com.mx\/site\/#\/schema\/person\/5bf1874b81661ed013f5aa29df30761c"},"breadcrumb":{"@id":"https:\/\/www.campa.com.mx\/site\/intercambio-electronico-del-certificado-fitosanitario-internacional-emitidos-por-la-sader-bajo-el-acuerdo-alianza-del-pacifico\/#breadcrumb"},"inLanguage":"es","potentialAction":[{"@type":"ReadAction","target":["https:\/\/www.campa.com.mx\/site\/intercambio-electronico-del-certificado-fitosanitario-internacional-emitidos-por-la-sader-bajo-el-acuerdo-alianza-del-pacifico\/"]}]},{"@type":"BreadcrumbList","@id":"https:\/\/www.campa.com.mx\/site\/intercambio-electronico-del-certificado-fitosanitario-internacional-emitidos-por-la-sader-bajo-el-acuerdo-alianza-del-pacifico\/#breadcrumb","itemListElement":[{"@type":"ListItem","position":1,"name":"Portada","item":"https:\/\/www.campa.com.mx\/site\/"},{"@type":"ListItem","position":2,"name":"INTERCAMBIO ELECTR\u00d3NICO DEL CERTIFICADO FITOSANITARIO INTERNACIONAL, EMITIDOS POR LA SADER, BAJO EL ACUERDO ALIANZA DEL PAC\u00cdFICO"}]},{"@type":"WebSite","@id":"https:\/\/www.campa.com.mx\/site\/#website","url":"https:\/\/www.campa.com.mx\/site\/","name":"Campa","description":"Tecnolog\u00eda - Comercio Exterior - Servicios","potentialAction":[{"@type":"SearchAction","target":{"@type":"EntryPoint","urlTemplate":"https:\/\/www.campa.com.mx\/site\/?s={search_term_string}"},"query-input":"required name=search_term_string"}],"inLanguage":"es"},{"@type":"Person","@id":"https:\/\/www.campa.com.mx\/site\/#\/schema\/person\/5bf1874b81661ed013f5aa29df30761c","name":"campa","image":{"@type":"ImageObject","inLanguage":"es","@id":"https:\/\/www.campa.com.mx\/site\/#\/schema\/person\/image\/","url":"https:\/\/secure.gravatar.com\/avatar\/921e6e5cffb9d78857948e938192591b9fd4168d0b55cc795582b49d9dc52bb1?s=96&d=mm&r=g","contentUrl":"https:\/\/secure.gravatar.com\/avatar\/921e6e5cffb9d78857948e938192591b9fd4168d0b55cc795582b49d9dc52bb1?s=96&d=mm&r=g","caption":"campa"}}]}},"jetpack_featured_media_url":"https:\/\/www.campa.com.mx\/site\/wp-content\/uploads\/2019\/07\/anexo24-immex.jpg","jetpack_sharing_enabled":true,"_links":{"self":[{"href":"https:\/\/www.campa.com.mx\/site\/wp-json\/wp\/v2\/posts\/4529","targetHints":{"allow":["GET"]}}],"collection":[{"href":"https:\/\/www.campa.com.mx\/site\/wp-json\/wp\/v2\/posts"}],"about":[{"href":"https:\/\/www.campa.com.mx\/site\/wp-json\/wp\/v2\/types\/post"}],"author":[{"embeddable":true,"href":"https:\/\/www.campa.com.mx\/site\/wp-json\/wp\/v2\/users\/1"}],"replies":[{"embeddable":true,"href":"https:\/\/www.campa.com.mx\/site\/wp-json\/wp\/v2\/comments?post=4529"}],"version-history":[{"count":1,"href":"https:\/\/www.campa.com.mx\/site\/wp-json\/wp\/v2\/posts\/4529\/revisions"}],"predecessor-version":[{"id":4531,"href":"https:\/\/www.campa.com.mx\/site\/wp-json\/wp\/v2\/posts\/4529\/revisions\/4531"}],"wp:featuredmedia":[{"embeddable":true,"href":"https:\/\/www.campa.com.mx\/site\/wp-json\/wp\/v2\/media\/4530"}],"wp:attachment":[{"href":"https:\/\/www.campa.com.mx\/site\/wp-json\/wp\/v2\/media?parent=4529"}],"wp:term":[{"taxonomy":"category","embeddable":true,"href":"https:\/\/www.campa.com.mx\/site\/wp-json\/wp\/v2\/categories?post=4529"},{"taxonomy":"post_tag","embeddable":true,"href":"https:\/\/www.campa.com.mx\/site\/wp-json\/wp\/v2\/tags?post=4529"}],"curies":[{"name":"wp","href":"https:\/\/api.w.org\/{rel}","templated":true}]}}