{"id":4543,"date":"2019-08-19T11:44:53","date_gmt":"2019-08-19T16:44:53","guid":{"rendered":"http:\/\/www.campa.com.mx\/site\/?p=4543"},"modified":"2019-08-19T11:44:53","modified_gmt":"2019-08-19T16:44:53","slug":"acuerdo-que-modifica-al-diverso-por-el-que-la-secretaria-de-economia-emite-reglas-y-criterios-de-caracter-general-en-materia-de-comercio-exterior-6","status":"publish","type":"post","link":"https:\/\/www.campa.com.mx\/site\/acuerdo-que-modifica-al-diverso-por-el-que-la-secretaria-de-economia-emite-reglas-y-criterios-de-caracter-general-en-materia-de-comercio-exterior-6\/","title":{"rendered":"Acuerdo que modifica al diverso por el que la Secretar\u00eda de Econom\u00eda emite reglas y criterios de car\u00e1cter general en materia de Comercio Exterior"},"content":{"rendered":"<div class=\"list-group-item\">\n<p>Comentario emitido por: Daniel Aquino D\u00edaz<\/p>\n<p>Dr. C\u00e9sar Emiliano Hern\u00e1ndez Ochoa Comisionado Nacional CONAMER: Comisi\u00f3n Nacional de Mejora Regulatoria P r e s e n t e . Distinguido Comisionado Nacional: En atenci\u00f3n a la publicaci\u00f3n del Acuerdo por el que la Secretar\u00eda de Econom\u00eda emite reglas y criterios de car\u00e1cter general en materia de Comercio Exterior (Acuerdo de Reglas), publicado el martes 23 de julio de 2019 con el n\u00famero de expediente 03\/0057\/230719, esta Asociaci\u00f3n Nacional de Fabricantes de Aparatos Dom\u00e9sticos (ANFAD), A. C., identifico la necesidad de solicitar atenta y respetuosamente se incorporen las propuestas que enseguida se indican. Primero.- Que el cuarto p\u00e1rrafo del Considerando del Acuerdo de Reglas, indica que es necesario modificar el Anexo de NOM para sujetar la importaci\u00f3n de lavadoras clasificadas en las fracciones arancelaria 8450.19.01 y 8450.20.01 al cumplimiento de la NOM-005-ENER-2012; no obstante, el cumplimiento debe ser conforme a la NOM-005-ENER-2016, Eficiencia energ\u00e9tica de lavadoras de ropa electrodom\u00e9sticas. L\u00edmites, m\u00e9todos de prueba y etiquetado, publicada en el Diario Oficial de la Federaci\u00f3n el 15 de noviembre de 2016 y que entr\u00f3 en vigor el 14 de mayo de 2017 en sustituci\u00f3n de la NOM-005-ENER-2012. Segundo.- En las fracciones arancelar\u00edas 8450.19.01 y 8450.20.01 previstas en la tabla del Anexo 2.4.1, no se observa la incorporaci\u00f3n de la NOM-024-SCFI-2013, Informaci\u00f3n comercial para empaques, instructivos y garant\u00edas de los productos electr\u00f3nicos, el\u00e9ctricos y electrodom\u00e9sticos, tal y como s\u00ed se indica en el Considerando de la modificaci\u00f3n al Acuerdo de Reglas. Tercero.- Para la fracci\u00f3n 8450.19.01 prevista en la tabla del Anexo 2.4.1, en lo relativo a la NOM-005-ENER-2016, Eficiencia energ\u00e9tica de lavadoras de ropa electrodom\u00e9sticas. L\u00edmites, m\u00e9todos de prueba y etiquetado, se estima pertinente incorporar en el campo de descripci\u00f3n, la leyenda \u201c\u00danicamente: Electrodom\u00e9sticas\u201d \u2013como se establece en la descripci\u00f3n de la fracci\u00f3n 8450.20.01-, a fin de que sea acorde al campo de aplicaci\u00f3n de la NOM-005-ENER-2016. Cuarto.- En la fracci\u00f3n arancelar\u00eda 8415.10.01 inciso c), se indica: c) Acondicionadores de aire tipo dividido, descarga libre y sin conductos de aire NOM-023-ENER2018 17-07-18 Ficha 6 Quinta Sesi\u00f3n Extraordinaria\/05 de junio de 2019 (conocidos como minisplit y multisplit); de ciclo simple (s\u00f3lo fr\u00edo) o con ciclo reversible (bomba de calor), que utilizan condensadores enfriados por aire, operados con energ\u00eda el\u00e9ctrica, en capacidades nominales de enfriamiento de 1 Wt hasta 19 050 Wt que funcionan por compresi\u00f3n mec\u00e1nica, que no sean del tipo \u201cInverter\u201d. A fin de dar claridad al inciso c) citado, se propone emplear la siguiente redacci\u00f3n, pues observa lo dispuesto en el Objetivo y campo de aplicaci\u00f3n de la NOM-023-ENER-2018: c) Acondicionadores de aire tipo dividido, descarga libre y sin conductos de aire conocidos como minisplit y multisplit); de ciclo simple (s\u00f3lo fr\u00edo) o con ciclo reversible (bomba de calor), que utilizan condensadores enfriados por aire, operados con energ\u00eda el\u00e9ctrica, en capacidades nominales de enfriamiento de 1 Wt hasta 19 050 Wt que funcionan por compresi\u00f3n mec\u00e1nica. Excepto los acondicionadores de aire con compresor de frecuencia variable, conocidos como INVETER. Quinto.- Se incorpore la obligatoriedad del cumplimiento con la NOM-003-ENER-2011, Eficiencia t\u00e9rmica de calentadores de agua para uso dom\u00e9stico y comercial. L\u00edmites, m\u00e9todo de prueba y etiquetado, en las fracciones arancelarias 8419.11.01, 8419.19.01 y 8419.19.19, tal como solicit\u00f3 ANFAD el 12 de diciembre de 2017 mediante el escrito ANFAD\/DG\/087\/2017, que obra en los expedientes de la Secretaria de Econom\u00eda, con n\u00fameros 21027 y B000180488 (Se anexan para su pronta referencia). Sexto.- Para certidumbre de la Industria ANFAD y el debido respeto de los procedimientos de evaluaci\u00f3n de la conformidad dispuestos en las NOM indicadas en el Anexo 2.4.1, es indispensable se indique el reconocimiento de la validez y vigencia de los certificados de conformidad de producto. Para tales fines, se propone incorporar el siguiente art\u00edculo transitorio en el Acuerdo de reglas: Los certificados de conformidad de producto que se expidieron conforme a las Normas Oficiales Mexicanas aplicables y vigentes, podr\u00e1n ser utilizados hasta el t\u00e9rmino de su vigencia. Lo anterior para validar\/reconocer los certificados de producto cuando se encuentren vigentes, aun y cuando exista una actualizaci\u00f3n de la NOM correspondiente. Agradeci\u00e9ndole de antemano sus atenciones, queda de Usted. Atentamente Jos\u00e9 Luis Alba Costal Director General<\/p>\n<p align=\"left\">Fecha: 16\/08\/2019 17:18:22<\/p>\n<\/div>\n<div class=\"list-group-item\">\n<p>Comentario emitido por: Alejandro Lomeli Olvera<\/p>\n<p>En d\u00edas pasados elabore un comentario al respecto sin embargo por X circunstancia no se subi\u00f3 a la pagina. Es importante se analicen las subpartidas arancelarias 9405.10 y 9405.20 ya que en las mismas se clasifican luminarios que se encuentran sujetos al cumplimiento tanto de la NOM-003-SCFI-2014 (La presente NOM aplica a los productos el\u00e9ctricos que utilizan para su alimentaci\u00f3n la energ\u00eda el\u00e9ctrica del servicio p\u00fablico, as\u00ed como de otras fuentes de energ\u00eda, tales como pilas, bater\u00edas, acumuladores y autogeneraci\u00f3n, en corriente alterna y\/o corriente continua, con una tensi\u00f3n nominal hasta 1 000 V en corriente alterna y de hasta 1 500 V en corriente continua) como de la NOM-064-SCFI-2000 (La presente NOM es aplicable a los luminarios tipo interior y exterior, con l\u00e1mparas, ya sea fluorescentes, de descarga de alta intensidad, de tungsteno-hal\u00f3geno, o de vapor de sodio de baja presi\u00f3n), sin embargo la \u00fanica fracci\u00f3n arancelaria que contempla ambas normas es la 9405.10.99, dejando al resto (9405.10.01, 9405.10.02, 9405.10.03, 9405.20.01 y 9405.20.99) en una laguna donde los organismos de certificaci\u00f3n no pueden transmitir la informaci\u00f3n, me explico: Como ejemplo, un luminario de interior que utiliza l\u00e1mparas fluorescentes, sujeto al cumplimiento de la NOM-064-SCFI-2000, sin embargo se clasifica por su materia constitutiva se clasifica en la fracci\u00f3n 9405.10.03, la cual \u00fanicamente contempla el cumplimiento de la NOM-003-SCFI-2014. En este caso practico el organismo certificador esta imposibilitado en transmitir el certificado de conformidad de producto ya que la fracci\u00f3n arancelaria citada no contempla la NOM-064-SCFI-2000. En otro orden de ideas, leyendo la redacci\u00f3n del Acuerdo que modifica al diverso por el que la Secretar\u00eda de Econom\u00eda emite reglas y criterios de car\u00e1cter general en materia de Comercio Exterior me doy cuenta que dentro del articulo segundo, anexo 2.4.1, numeral 10 fracci\u00f3n VII no se actualizo la nomenclatura de la NOM-015-ENER-2018, aun menciona la versi\u00f3n 2012 y dentro del mismo ordenamiento tanto para las fracciones VII y VIII no se actualizo la nomenclatura de la NOM-028-ENER-2017, aun menciona la versi\u00f3n 2010. Lo anterior considero que se puede tomar en cuenta a fin de que la publicaci\u00f3n en el DOF sea correcta y se eviten retrasos o malas interpretaciones por parte de los eslabones que conforman el comercio exterior (contribuyentes, agentes aduanales, organismos de certificaci\u00f3n, autoridad aduanera o cualquier que ejerza facultades de comprobaci\u00f3n, etc.). Por ultimo, es importante que para la redacci\u00f3n de estos comentarios el sistema permita saltos entre p\u00e1rrafos para una mejor comprensi\u00f3n. Gracias.<\/p>\n<p align=\"left\">Fecha: 16\/08\/2019 10:50:23<\/p>\n<\/div>\n","protected":false},"excerpt":{"rendered":"<p>Comentario emitido por: Daniel Aquino D\u00edaz Dr. C\u00e9sar Emiliano Hern\u00e1ndez Ochoa Comisionado Nacional CONAMER: Comisi\u00f3n Nacional de Mejora Regulatoria P r e s e n t e . Distinguido Comisionado Nacional: En atenci\u00f3n a la publicaci\u00f3n del Acuerdo por el [&hellip;]<\/p>\n","protected":false},"author":1,"featured_media":4544,"comment_status":"open","ping_status":"open","sticky":false,"template":"","format":"standard","meta":{"inline_featured_image":false,"_jetpack_memberships_contains_paid_content":false,"footnotes":""},"categories":[1],"tags":[],"class_list":["post-4543","post","type-post","status-publish","format-standard","has-post-thumbnail","hentry","category-campa"],"yoast_head":"<!-- This site is optimized with the Yoast SEO plugin v20.9 - https:\/\/yoast.com\/wordpress\/plugins\/seo\/ -->\n<title>Acuerdo que modifica al diverso por el que la Secretar\u00eda de Econom\u00eda emite reglas y criterios de car\u00e1cter general en materia de Comercio Exterior - Campa<\/title>\n<meta name=\"robots\" content=\"index, follow, max-snippet:-1, max-image-preview:large, max-video-preview:-1\" \/>\n<link rel=\"canonical\" href=\"https:\/\/www.campa.com.mx\/site\/acuerdo-que-modifica-al-diverso-por-el-que-la-secretaria-de-economia-emite-reglas-y-criterios-de-caracter-general-en-materia-de-comercio-exterior-6\/\" \/>\n<meta property=\"og:locale\" content=\"es_ES\" \/>\n<meta property=\"og:type\" content=\"article\" \/>\n<meta property=\"og:title\" content=\"Acuerdo que modifica al diverso por el que la Secretar\u00eda de Econom\u00eda emite reglas y criterios de car\u00e1cter general en materia de Comercio Exterior - Campa\" \/>\n<meta property=\"og:description\" content=\"Comentario emitido por: Daniel Aquino D\u00edaz Dr. C\u00e9sar Emiliano Hern\u00e1ndez Ochoa Comisionado Nacional CONAMER: Comisi\u00f3n Nacional de Mejora Regulatoria P r e s e n t e . Distinguido Comisionado Nacional: En atenci\u00f3n a la publicaci\u00f3n del Acuerdo por el [&hellip;]\" \/>\n<meta property=\"og:url\" content=\"https:\/\/www.campa.com.mx\/site\/acuerdo-que-modifica-al-diverso-por-el-que-la-secretaria-de-economia-emite-reglas-y-criterios-de-caracter-general-en-materia-de-comercio-exterior-6\/\" \/>\n<meta property=\"og:site_name\" content=\"Campa\" \/>\n<meta property=\"article:publisher\" content=\"https:\/\/www.facebook.com\/MovimientoAnexo24\" \/>\n<meta property=\"article:published_time\" content=\"2019-08-19T16:44:53+00:00\" \/>\n<meta property=\"og:image\" content=\"https:\/\/www.campa.com.mx\/site\/wp-content\/uploads\/2019\/08\/26.jpg\" \/>\n\t<meta property=\"og:image:width\" content=\"3756\" \/>\n\t<meta property=\"og:image:height\" content=\"2550\" \/>\n\t<meta property=\"og:image:type\" content=\"image\/jpeg\" \/>\n<meta name=\"author\" content=\"campa\" \/>\n<meta name=\"twitter:card\" content=\"summary_large_image\" \/>\n<meta name=\"twitter:creator\" content=\"@artycampa\" \/>\n<meta name=\"twitter:site\" content=\"@artycampa\" \/>\n<meta name=\"twitter:label1\" content=\"Escrito por\" \/>\n\t<meta name=\"twitter:data1\" content=\"campa\" \/>\n\t<meta name=\"twitter:label2\" content=\"Tiempo de lectura\" \/>\n\t<meta name=\"twitter:data2\" content=\"6 minutos\" \/>\n<script type=\"application\/ld+json\" class=\"yoast-schema-graph\">{\"@context\":\"https:\/\/schema.org\",\"@graph\":[{\"@type\":\"WebPage\",\"@id\":\"https:\/\/www.campa.com.mx\/site\/acuerdo-que-modifica-al-diverso-por-el-que-la-secretaria-de-economia-emite-reglas-y-criterios-de-caracter-general-en-materia-de-comercio-exterior-6\/\",\"url\":\"https:\/\/www.campa.com.mx\/site\/acuerdo-que-modifica-al-diverso-por-el-que-la-secretaria-de-economia-emite-reglas-y-criterios-de-caracter-general-en-materia-de-comercio-exterior-6\/\",\"name\":\"Acuerdo que modifica al diverso por el que la Secretar\u00eda de Econom\u00eda emite reglas y criterios de car\u00e1cter general en materia de Comercio Exterior - Campa\",\"isPartOf\":{\"@id\":\"https:\/\/www.campa.com.mx\/site\/#website\"},\"datePublished\":\"2019-08-19T16:44:53+00:00\",\"dateModified\":\"2019-08-19T16:44:53+00:00\",\"author\":{\"@id\":\"https:\/\/www.campa.com.mx\/site\/#\/schema\/person\/5bf1874b81661ed013f5aa29df30761c\"},\"breadcrumb\":{\"@id\":\"https:\/\/www.campa.com.mx\/site\/acuerdo-que-modifica-al-diverso-por-el-que-la-secretaria-de-economia-emite-reglas-y-criterios-de-caracter-general-en-materia-de-comercio-exterior-6\/#breadcrumb\"},\"inLanguage\":\"es\",\"potentialAction\":[{\"@type\":\"ReadAction\",\"target\":[\"https:\/\/www.campa.com.mx\/site\/acuerdo-que-modifica-al-diverso-por-el-que-la-secretaria-de-economia-emite-reglas-y-criterios-de-caracter-general-en-materia-de-comercio-exterior-6\/\"]}]},{\"@type\":\"BreadcrumbList\",\"@id\":\"https:\/\/www.campa.com.mx\/site\/acuerdo-que-modifica-al-diverso-por-el-que-la-secretaria-de-economia-emite-reglas-y-criterios-de-caracter-general-en-materia-de-comercio-exterior-6\/#breadcrumb\",\"itemListElement\":[{\"@type\":\"ListItem\",\"position\":1,\"name\":\"Portada\",\"item\":\"https:\/\/www.campa.com.mx\/site\/\"},{\"@type\":\"ListItem\",\"position\":2,\"name\":\"Acuerdo que modifica al diverso por el que la Secretar\u00eda de Econom\u00eda emite reglas y criterios de car\u00e1cter general en materia de Comercio Exterior\"}]},{\"@type\":\"WebSite\",\"@id\":\"https:\/\/www.campa.com.mx\/site\/#website\",\"url\":\"https:\/\/www.campa.com.mx\/site\/\",\"name\":\"Campa\",\"description\":\"Tecnolog\u00eda - Comercio Exterior - Servicios\",\"potentialAction\":[{\"@type\":\"SearchAction\",\"target\":{\"@type\":\"EntryPoint\",\"urlTemplate\":\"https:\/\/www.campa.com.mx\/site\/?s={search_term_string}\"},\"query-input\":\"required name=search_term_string\"}],\"inLanguage\":\"es\"},{\"@type\":\"Person\",\"@id\":\"https:\/\/www.campa.com.mx\/site\/#\/schema\/person\/5bf1874b81661ed013f5aa29df30761c\",\"name\":\"campa\",\"image\":{\"@type\":\"ImageObject\",\"inLanguage\":\"es\",\"@id\":\"https:\/\/www.campa.com.mx\/site\/#\/schema\/person\/image\/\",\"url\":\"https:\/\/secure.gravatar.com\/avatar\/921e6e5cffb9d78857948e938192591b9fd4168d0b55cc795582b49d9dc52bb1?s=96&d=mm&r=g\",\"contentUrl\":\"https:\/\/secure.gravatar.com\/avatar\/921e6e5cffb9d78857948e938192591b9fd4168d0b55cc795582b49d9dc52bb1?s=96&d=mm&r=g\",\"caption\":\"campa\"}}]}<\/script>\n<!-- \/ Yoast SEO plugin. -->","yoast_head_json":{"title":"Acuerdo que modifica al diverso por el que la Secretar\u00eda de Econom\u00eda emite reglas y criterios de car\u00e1cter general en materia de Comercio Exterior - Campa","robots":{"index":"index","follow":"follow","max-snippet":"max-snippet:-1","max-image-preview":"max-image-preview:large","max-video-preview":"max-video-preview:-1"},"canonical":"https:\/\/www.campa.com.mx\/site\/acuerdo-que-modifica-al-diverso-por-el-que-la-secretaria-de-economia-emite-reglas-y-criterios-de-caracter-general-en-materia-de-comercio-exterior-6\/","og_locale":"es_ES","og_type":"article","og_title":"Acuerdo que modifica al diverso por el que la Secretar\u00eda de Econom\u00eda emite reglas y criterios de car\u00e1cter general en materia de Comercio Exterior - Campa","og_description":"Comentario emitido por: Daniel Aquino D\u00edaz Dr. C\u00e9sar Emiliano Hern\u00e1ndez Ochoa Comisionado Nacional CONAMER: Comisi\u00f3n Nacional de Mejora Regulatoria P r e s e n t e . Distinguido Comisionado Nacional: En atenci\u00f3n a la publicaci\u00f3n del Acuerdo por el [&hellip;]","og_url":"https:\/\/www.campa.com.mx\/site\/acuerdo-que-modifica-al-diverso-por-el-que-la-secretaria-de-economia-emite-reglas-y-criterios-de-caracter-general-en-materia-de-comercio-exterior-6\/","og_site_name":"Campa","article_publisher":"https:\/\/www.facebook.com\/MovimientoAnexo24","article_published_time":"2019-08-19T16:44:53+00:00","og_image":[{"width":3756,"height":2550,"url":"https:\/\/www.campa.com.mx\/site\/wp-content\/uploads\/2019\/08\/26.jpg","type":"image\/jpeg"}],"author":"campa","twitter_card":"summary_large_image","twitter_creator":"@artycampa","twitter_site":"@artycampa","twitter_misc":{"Escrito por":"campa","Tiempo de lectura":"6 minutos"},"schema":{"@context":"https:\/\/schema.org","@graph":[{"@type":"WebPage","@id":"https:\/\/www.campa.com.mx\/site\/acuerdo-que-modifica-al-diverso-por-el-que-la-secretaria-de-economia-emite-reglas-y-criterios-de-caracter-general-en-materia-de-comercio-exterior-6\/","url":"https:\/\/www.campa.com.mx\/site\/acuerdo-que-modifica-al-diverso-por-el-que-la-secretaria-de-economia-emite-reglas-y-criterios-de-caracter-general-en-materia-de-comercio-exterior-6\/","name":"Acuerdo que modifica al diverso por el que la Secretar\u00eda de Econom\u00eda emite reglas y criterios de car\u00e1cter general en materia de Comercio Exterior - Campa","isPartOf":{"@id":"https:\/\/www.campa.com.mx\/site\/#website"},"datePublished":"2019-08-19T16:44:53+00:00","dateModified":"2019-08-19T16:44:53+00:00","author":{"@id":"https:\/\/www.campa.com.mx\/site\/#\/schema\/person\/5bf1874b81661ed013f5aa29df30761c"},"breadcrumb":{"@id":"https:\/\/www.campa.com.mx\/site\/acuerdo-que-modifica-al-diverso-por-el-que-la-secretaria-de-economia-emite-reglas-y-criterios-de-caracter-general-en-materia-de-comercio-exterior-6\/#breadcrumb"},"inLanguage":"es","potentialAction":[{"@type":"ReadAction","target":["https:\/\/www.campa.com.mx\/site\/acuerdo-que-modifica-al-diverso-por-el-que-la-secretaria-de-economia-emite-reglas-y-criterios-de-caracter-general-en-materia-de-comercio-exterior-6\/"]}]},{"@type":"BreadcrumbList","@id":"https:\/\/www.campa.com.mx\/site\/acuerdo-que-modifica-al-diverso-por-el-que-la-secretaria-de-economia-emite-reglas-y-criterios-de-caracter-general-en-materia-de-comercio-exterior-6\/#breadcrumb","itemListElement":[{"@type":"ListItem","position":1,"name":"Portada","item":"https:\/\/www.campa.com.mx\/site\/"},{"@type":"ListItem","position":2,"name":"Acuerdo que modifica al diverso por el que la Secretar\u00eda de Econom\u00eda emite reglas y criterios de car\u00e1cter general en materia de Comercio Exterior"}]},{"@type":"WebSite","@id":"https:\/\/www.campa.com.mx\/site\/#website","url":"https:\/\/www.campa.com.mx\/site\/","name":"Campa","description":"Tecnolog\u00eda - Comercio Exterior - Servicios","potentialAction":[{"@type":"SearchAction","target":{"@type":"EntryPoint","urlTemplate":"https:\/\/www.campa.com.mx\/site\/?s={search_term_string}"},"query-input":"required name=search_term_string"}],"inLanguage":"es"},{"@type":"Person","@id":"https:\/\/www.campa.com.mx\/site\/#\/schema\/person\/5bf1874b81661ed013f5aa29df30761c","name":"campa","image":{"@type":"ImageObject","inLanguage":"es","@id":"https:\/\/www.campa.com.mx\/site\/#\/schema\/person\/image\/","url":"https:\/\/secure.gravatar.com\/avatar\/921e6e5cffb9d78857948e938192591b9fd4168d0b55cc795582b49d9dc52bb1?s=96&d=mm&r=g","contentUrl":"https:\/\/secure.gravatar.com\/avatar\/921e6e5cffb9d78857948e938192591b9fd4168d0b55cc795582b49d9dc52bb1?s=96&d=mm&r=g","caption":"campa"}}]}},"jetpack_featured_media_url":"https:\/\/www.campa.com.mx\/site\/wp-content\/uploads\/2019\/08\/26.jpg","jetpack_sharing_enabled":true,"_links":{"self":[{"href":"https:\/\/www.campa.com.mx\/site\/wp-json\/wp\/v2\/posts\/4543","targetHints":{"allow":["GET"]}}],"collection":[{"href":"https:\/\/www.campa.com.mx\/site\/wp-json\/wp\/v2\/posts"}],"about":[{"href":"https:\/\/www.campa.com.mx\/site\/wp-json\/wp\/v2\/types\/post"}],"author":[{"embeddable":true,"href":"https:\/\/www.campa.com.mx\/site\/wp-json\/wp\/v2\/users\/1"}],"replies":[{"embeddable":true,"href":"https:\/\/www.campa.com.mx\/site\/wp-json\/wp\/v2\/comments?post=4543"}],"version-history":[{"count":1,"href":"https:\/\/www.campa.com.mx\/site\/wp-json\/wp\/v2\/posts\/4543\/revisions"}],"predecessor-version":[{"id":4545,"href":"https:\/\/www.campa.com.mx\/site\/wp-json\/wp\/v2\/posts\/4543\/revisions\/4545"}],"wp:featuredmedia":[{"embeddable":true,"href":"https:\/\/www.campa.com.mx\/site\/wp-json\/wp\/v2\/media\/4544"}],"wp:attachment":[{"href":"https:\/\/www.campa.com.mx\/site\/wp-json\/wp\/v2\/media?parent=4543"}],"wp:term":[{"taxonomy":"category","embeddable":true,"href":"https:\/\/www.campa.com.mx\/site\/wp-json\/wp\/v2\/categories?post=4543"},{"taxonomy":"post_tag","embeddable":true,"href":"https:\/\/www.campa.com.mx\/site\/wp-json\/wp\/v2\/tags?post=4543"}],"curies":[{"name":"wp","href":"https:\/\/api.w.org\/{rel}","templated":true}]}}