{"id":4546,"date":"2019-08-20T13:50:11","date_gmt":"2019-08-20T18:50:11","guid":{"rendered":"http:\/\/www.campa.com.mx\/site\/?p=4546"},"modified":"2019-08-20T13:50:11","modified_gmt":"2019-08-20T18:50:11","slug":"primera-resolucion-de-modificaciones-a-la-resolucion-miscelanea-fiscal-para-2019-y-sus-anexos-1-y-1-a","status":"publish","type":"post","link":"https:\/\/www.campa.com.mx\/site\/primera-resolucion-de-modificaciones-a-la-resolucion-miscelanea-fiscal-para-2019-y-sus-anexos-1-y-1-a\/","title":{"rendered":"PRIMERA Resoluci\u00f3n de Modificaciones a la Resoluci\u00f3n Miscel\u00e1nea Fiscal para 2019 y sus anexos 1 y 1-A."},"content":{"rendered":"<h1 class=\"Titulo_1\">PRIMERA\u00a0Resoluci\u00f3n de Modificaciones a la Resoluci\u00f3n Miscel\u00e1nea Fiscal para 2019 y sus anexos 1 y 1-A.<\/h1>\n<h2 class=\"Titulo_2\">Al margen un sello con el Escudo Nacional, que dice: Estados Unidos Mexicanos.- HACIENDA.- Secretar\u00eda de\u00a0Hacienda y Cr\u00e9dito P\u00fablico.-\u00a0Servicio de Administraci\u00f3n Tributaria.<\/h2>\n<div class=\"Texto\">PRIMERA RESOLUCI\u00d3N DE MODIFICACIONES A LA RESOLUCI\u00d3N MISCEL\u00c1NEA FISCAL PARA 2019\u00a0Y SUS<br \/>\nANEXOS 1, 1-A, 3, 6, 7, 11, 14, 15, 23, 24, 30, 31 y 32<\/div>\n<div class=\"Texto\">Con fundamento en los art\u00edculos 16 y 31 de la Ley Org\u00e1nica de la Administraci\u00f3n P\u00fablica Federal, 33,\u00a0fracci\u00f3n I, inciso g) del C\u00f3digo Fiscal de la Federaci\u00f3n, 14, fracci\u00f3n III de la Ley del Servicio de Administraci\u00f3n\u00a0Tributaria y 8, primer p\u00e1rrafo del Reglamento Interior del Servicio de Administraci\u00f3n Tributaria se resuelve:<\/div>\n<div class=\"Texto\">PRIMERO. Se reforman\u00a0las reglas 1.6., segundo p\u00e1rrafo, fracci\u00f3n II, 2.1.1., primer p\u00e1rrafo, fracci\u00f3n II,\u00a0inciso h), tercero, cuarto y octavo p\u00e1rrafos, 2.1.29., segundo p\u00e1rrafo, 2.1.40., primer p\u00e1rrafo, 2.1.41., 2.2.1.,\u00a02.2.14., tercer p\u00e1rrafo, 2.3.13., primer p\u00e1rrafo, 2.4.10., primer p\u00e1rrafo, 2.4.11., 2.4.13., segundo p\u00e1rrafo,\u00a02.6.1.4., fracci\u00f3n VIII, 2.6.1.5., fracci\u00f3n V, 2.7.1.13., 2.7.1.37., 2.7.1.46., fracci\u00f3n VI, 2.7.2.2., tercer p\u00e1rrafo,\u00a02.7.2.4., quinto p\u00e1rrafo, apartado A, numeral 1, tercer p\u00e1rrafo, 2.7.2.9., segundo p\u00e1rrafo fracci\u00f3n I, 2.7.2.12.,\u00a0primer p\u00e1rrafo, fracci\u00f3n II, tercero y octavo p\u00e1rrafos, 2.7.2.13., 2.8.1.13., fracciones I y II, 2.8.1.14., cuarto\u00a0p\u00e1rrafo, 2.8.1.16., primero y segundo p\u00e1rrafos, 2.8.1.22., 2.8.1.24., primer p\u00e1rrafo, fracci\u00f3n I, 2.8.1.26.,\u00a02.8.2.3., tercer p\u00e1rrafo, 2.8.2.4., tercero y cuarto p\u00e1rrafos, 2.8.2.5., 2.8.2.10., 2.8.2.11., 2.8.5.1., fracci\u00f3n V,\u00a02.8.6.5., primer p\u00e1rrafo, 2.8.8.1., fracci\u00f3n III, 2.8.8.2., primer p\u00e1rrafo, 2.11.1., fracciones I y II,\u00a02.13.2., primer y\u00a0segundo p\u00e1rrafos, 2.13.16., fracci\u00f3n XVI, incisos a), b), c) y d), 2.14.1., primer p\u00e1rrafo, fracci\u00f3n I, segundo,\u00a0tercero y cuarto p\u00e1rrafos y fracci\u00f3n II, primero y segundo p\u00e1rrafos, 2.15.6., primer p\u00e1rrafo, fracci\u00f3n II, segundo\u00a0p\u00e1rrafo, fracci\u00f3n I, incisos b) y e), fracci\u00f3n II, incisos a), b) y e), fracci\u00f3n III, incisos a), d) y f), fracci\u00f3n IV,\u00a0incisos a), c), d), g) y h) y tercer p\u00e1rrafo, 2.15.8., 2.17.3., en referencias, 2.17.4., octavo p\u00e1rrafo y referencias,\u00a02.17.10., fracciones I y III, segundo p\u00e1rrafo, 2.17.12., tercer p\u00e1rrafo, 2.17.17., fracci\u00f3n XII y referencias,\u00a03.2.28., tercer p\u00e1rrafo, 3.9.6., 3.9.7., 3.9.11., 3.9.15., cuarto p\u00e1rrafo, 3.9.1.3., fracciones III y IV, 3.10.2.,\u00a0fracci\u00f3n III, 3.10.3. primer p\u00e1rrafo, 3.10.4., 3.10.11., cuarto p\u00e1rrafo, 3.10.15., fracci\u00f3n VIII, 3.10.20., quinto\u00a0p\u00e1rrafo, 3.10.23., tercer p\u00e1rrafo, 3.13.1., tercero y s\u00e9ptimo p\u00e1rrafos, 3.13.7., quinto y s\u00e9ptimo p\u00e1rrafos, 3.15.6.,\u00a0segundo, tercero, sexto y s\u00e9ptimo p\u00e1rrafos, 3.17.2., primer p\u00e1rrafo, 3.19.10., 3.21.6.1., segundo y tercer\u00a0p\u00e1rrafos, 3.21.6.6., fracci\u00f3n III, 3.23.7., segundo p\u00e1rrafo, 3.23.12., fracci\u00f3n VII, segundo p\u00e1rrafo, 5.2.24.,\u00a0primer p\u00e1rrafo, 5.2.25., 5.2.29., segundo p\u00e1rrafo, 5.2.31., fracci\u00f3n III, inciso i), 10.22., 11.4.1., 11.4.4. y\u00a011.4.14.\u00a0se adicionan\u00a0las reglas 2.7.2.1., octavo p\u00e1rrafo, 2.7.2.2., cuarto p\u00e1rrafo, 2.7.2.6., segundo p\u00e1rrafo,\u00a0pasando el actual segundo a ser tercero, 2.7.2.11., fracciones VIII, inciso d), XII y segundo p\u00e1rrafo, 2.7.2.12.,\u00a0segundo p\u00e1rrafo, 2.7.2.16., cuarto p\u00e1rrafo, pasando el actual cuarto a ser quinto, 2.8.2.3., cuarto p\u00e1rrafo,\u00a02.8.2.7., segundo p\u00e1rrafo, 2.8.2.9., segundo p\u00e1rrafo, 2.16.19., 2.17.6., fracci\u00f3n VII, 2.17.10., fracci\u00f3n III,tercero y cuarto p\u00e1rrafos, 3.10.3., fracci\u00f3n IV, 3.10.6., fracci\u00f3n VII, 3.10.11., sexto p\u00e1rrafo, 3.10.13., tercero,\u00a0cuarto y quinto p\u00e1rrafos, 3.10.15., fracciones IX y X, 3.10.16., segundo y tercer p\u00e1rrafos y referencias,\u00a03.10.20., sexto p\u00e1rrafo, pasando los actuales p\u00e1rrafos sexto y s\u00e9ptimo a ser s\u00e9ptimo y octavo, 3.10.22., tercer\u00a0p\u00e1rrafo, 3.10.23., segundo p\u00e1rrafo, pasando el actual segundo a ser tercero, 3.10.31., 3.13.7., segundo\u00a0p\u00e1rrafo, pasando los actuales segundo a sexto a ser tercero a s\u00e9ptimo p\u00e1rrafos, 3.18.38., 3.18.39, 3.21.3.12.,\u00a05.2.24., segundo p\u00e1rrafo, 5.2.49., 7.41., 11.4.16., y 11.4.17. y\u00a0se derogan\u00a0las reglas 1.9, fracci\u00f3n V, pasando\u00a0las actuales fracciones VI a XXXVI a ser V a XXXV, 2.1.1., fracci\u00f3n II, inciso i), pasando el actual inciso j) a ser\u00a0i), 2.4.7., 2.4.15., fracci\u00f3n XII, 2.7.1.42., 2.8.1.25., 2.8.4.2., 3.3.1.44., 3.3.1.45., 3.3.1.46., 3.3.1.47., 3.3.1.48.,\u00a03.23.12., fracci\u00f3n III, pasando las actuales IV a IX a ser III a VIII, 11.9.1., 11.9.2., y 11.9.3. de la Resoluci\u00f3n\u00a0Miscel\u00e1nea Fiscal para 2019, para quedar de la siguiente manera:<\/div>\n<div class=\"Texto\">\u00a0\u00a0\u00a0\u00a0\u00a0\u00a0\u00a0\u00a0\u00a0\u00a0\u00a0\u00a0\u00a0\u00a0\u00a0\u00a0\u00a0\u00a0\u00a0Lugar y forma para presentar documentaci\u00f3n<\/div>\n<div class=\"Texto\">1.6.\u00a0\u00a0\u00a0\u00a0\u00a0\u00a0\u00a0\u00a0\u00a0\u00a0\u00a0\u00a0\u00a0\u00a0&#8230;&#8230;&#8230;&#8230;&#8230;&#8230;&#8230;&#8230;&#8230;&#8230;&#8230;&#8230;&#8230;&#8230;&#8230;&#8230;&#8230;&#8230;&#8230;&#8230;&#8230;&#8230;&#8230;&#8230;&#8230;&#8230;&#8230;&#8230;<\/div>\n<div class=\"Texto\">II.\u00a0\u00a0\u00a0\u00a0\u00a0\u00a0\u00a0\u00a0\u00a0Trat\u00e1ndose de tr\u00e1mites de contribuyentes competencia de la AGH, ante dicha\u00a0unidad administrativa en Valerio Trujano No. 15, m\u00f3dulo VIII, planta baja, colonia\u00a0Guerrero, alcald\u00eda Cuauht\u00e9moc, C.P. 06300, Ciudad de M\u00e9xico. Lo anterior, con\u00a0independencia de las distintas ubicaciones de sus administraciones centrales,\u00a0se\u00f1aladas en el Anexo 23.<\/div>\n<div class=\"Texto\">\u00a0\u00a0\u00a0\u00a0\u00a0\u00a0\u00a0\u00a0\u00a0\u00a0\u00a0\u00a0\u00a0\u00a0\u00a0\u00a0\u00a0\u00a0\u00a0&#8230;&#8230;&#8230;&#8230;&#8230;&#8230;&#8230;&#8230;&#8230;&#8230;&#8230;&#8230;&#8230;&#8230;&#8230;&#8230;&#8230;&#8230;&#8230;&#8230;&#8230;&#8230;&#8230;&#8230;&#8230;&#8230;&#8230;&#8230;<\/div>\n<div class=\"Texto\">\u00a0\u00a0\u00a0\u00a0\u00a0\u00a0\u00a0\u00a0\u00a0\u00a0\u00a0\u00a0\u00a0\u00a0\u00a0\u00a0\u00a0\u00a0\u00a0CFF 18, 18-A, 22, 23, 31, RISAT 32<\/div>\n<div class=\"Texto\"><\/div>\n<div class=\"Texto\">\u00a0\u00a0\u00a0\u00a0\u00a0\u00a0\u00a0\u00a0\u00a0\u00a0\u00a0\u00a0\u00a0\u00a0\u00a0\u00a0\u00a0\u00a0\u00a0Anexos de la RMF<\/div>\n<div class=\"Texto\">1.9.\u00a0\u00a0\u00a0\u00a0\u00a0\u00a0\u00a0\u00a0\u00a0\u00a0\u00a0\u00a0\u00a0\u00a0&#8230;&#8230;&#8230;&#8230;&#8230;&#8230;&#8230;&#8230;&#8230;&#8230;&#8230;&#8230;&#8230;&#8230;&#8230;&#8230;&#8230;&#8230;&#8230;&#8230;&#8230;&#8230;&#8230;&#8230;&#8230;&#8230;&#8230;&#8230;<\/div>\n<div class=\"Texto\">V.\u00a0\u00a0\u00a0\u00a0(Se deroga)<\/div>\n<div class=\"Texto\">\u00a0\u00a0\u00a0\u00a0\u00a0\u00a0\u00a0\u00a0\u00a0\u00a0\u00a0\u00a0\u00a0\u00a0\u00a0\u00a0\u00a0\u00a0\u00a0&#8230;&#8230;&#8230;&#8230;&#8230;&#8230;&#8230;&#8230;&#8230;&#8230;&#8230;&#8230;&#8230;&#8230;&#8230;&#8230;&#8230;&#8230;&#8230;&#8230;&#8230;&#8230;&#8230;&#8230;&#8230;&#8230;&#8230;&#8230;<\/div>\n<div class=\"Texto\">\u00a0\u00a0\u00a0\u00a0\u00a0\u00a0\u00a0\u00a0\u00a0\u00a0\u00a0\u00a0\u00a0\u00a0\u00a0\u00a0\u00a0\u00a0\u00a0CFF 28, 31, 32, 33, 35, 81, 82, LISR 5, 121, 178, RCFF 45, RMF 2019 3.5.8., 3.15.1.<\/div>\n<div class=\"Texto\">\u00a0\u00a0\u00a0\u00a0\u00a0\u00a0\u00a0\u00a0\u00a0\u00a0\u00a0\u00a0\u00a0\u00a0\u00a0\u00a0\u00a0\u00a0\u00a0Cobro de cr\u00e9ditos fiscales determinados por autoridades federales<\/div>\n<div class=\"Texto\">2.1.1.\u00a0\u00a0\u00a0\u00a0\u00a0\u00a0\u00a0\u00a0\u00a0\u00a0\u00a0Para los efectos del art\u00edculo 4, pen\u00faltimo y \u00faltimo p\u00e1rrafos del CFF, las autoridades\u00a0federales que remitan cr\u00e9ditos fiscales al SAT y las autoridades administrativas federales no\u00a0fiscales que remitan cr\u00e9ditos derivados de multas administrativas federales no fiscales a las\u00a0entidades federativas coordinadas con la Secretar\u00eda en t\u00e9rminos del art\u00edculo 13 de la Ley de\u00a0Coordinaci\u00f3n Fiscal para su cobro, a trav\u00e9s del procedimiento administrativo de ejecuci\u00f3n,\u00a0deber\u00e1n enviar el documento determinante del cr\u00e9dito fiscal, en original o en copiacertificada dentro del plazo m\u00e1ximo de un a\u00f1o, contado a partir de la fecha en que se\u00a0encuentre firme dicho cr\u00e9dito, no pagado ni garantizado, y cumplir adem\u00e1s con los\u00a0siguientes requisitos:<\/div>\n<div class=\"Texto\">\u00a0\u00a0\u00a0\u00a0\u00a0\u00a0\u00a0\u00a0\u00a0\u00a0\u00a0\u00a0\u00a0\u00a0\u00a0\u00a0\u00a0\u00a0\u00a0&#8230;&#8230;&#8230;&#8230;&#8230;&#8230;&#8230;&#8230;&#8230;&#8230;&#8230;&#8230;&#8230;&#8230;&#8230;&#8230;&#8230;&#8230;&#8230;&#8230;&#8230;&#8230;&#8230;&#8230;&#8230;&#8230;&#8230;&#8230;<\/div>\n<div class=\"Texto\">II.\u00a0\u00a0\u00a0\u00a0\u00a0\u00a0\u00a0\u00a0\u00a0Determinaci\u00f3n del cr\u00e9dito fiscal.<\/div>\n<div class=\"Texto\">\u00a0\u00a0\u00a0\u00a0\u00a0\u00a0\u00a0\u00a0\u00a0\u00a0\u00a0\u00a0&#8230;&#8230;&#8230;&#8230;&#8230;&#8230;&#8230;&#8230;&#8230;&#8230;&#8230;&#8230;&#8230;&#8230;&#8230;&#8230;&#8230;&#8230;&#8230;&#8230;&#8230;&#8230;&#8230;&#8230;&#8230;&#8230;&#8230;&#8230;<\/div>\n<div class=\"Texto\">h)\u00a0\u00a0\u00a0\u00a0Las multas emitidas por autoridades federales o las emitidas por autoridades\u00a0administrativas federales no fiscales, que tengan un destino espec\u00edfico o sean\u00a0participables con terceros, se deber\u00e1n remitir para su cobro, al SAT.<\/div>\n<div class=\"Texto\">\u00a0\u00a0\u00a0\u00a0\u00a0\u00a0\u00a0Las multas emitidas por autoridades federales o las emitidas por autoridades\u00a0administrativas federales no fiscales, que no tengan un destino espec\u00edfico o\u00a0no sean participables con terceros, deber\u00e1n remitirse para su cobro, a las\u00a0entidades federativas coordinadas con la Secretar\u00eda en t\u00e9rminos del art\u00edculo\u00a013 de la Ley de Coordinaci\u00f3n Fiscal.<\/div>\n<div class=\"Texto\">i)\u00a0\u00a0\u00a0\u00a0\u00a0Constancia de notificaci\u00f3n y citatorio, en su caso, del documento\u00a0determinante del cr\u00e9dito fiscal, en original o en copia certificada.<\/div>\n<div class=\"Texto\">\u00a0\u00a0\u00a0\u00a0\u00a0\u00a0\u00a0\u00a0\u00a0\u00a0\u00a0\u00a0\u00a0\u00a0\u00a0\u00a0\u00a0\u00a0\u00a0&#8230;&#8230;&#8230;&#8230;&#8230;&#8230;&#8230;&#8230;&#8230;&#8230;&#8230;&#8230;&#8230;&#8230;&#8230;&#8230;&#8230;&#8230;&#8230;&#8230;&#8230;&#8230;&#8230;&#8230;&#8230;&#8230;&#8230;&#8230;<\/div>\n<div class=\"Texto\">\u00a0\u00a0\u00a0\u00a0\u00a0\u00a0\u00a0\u00a0\u00a0\u00a0\u00a0\u00a0\u00a0\u00a0\u00a0\u00a0\u00a0\u00a0\u00a0El SAT y las entidades federativas coordinadas, seg\u00fan corresponda, no podr\u00e1n recibir\u00a0documentos determinantes de cr\u00e9ditos fiscales\u00a0que excedan del plazo m\u00e1ximo de un a\u00f1o,\u00a0contado a partir de la fecha en que se encuentre firme, no pagado o garantizado, o\u00a0si\u00a0\u00e9stos\u00a0no contienen por lo menos, la siguiente informaci\u00f3n: nombre, denominaci\u00f3n o raz\u00f3n social;\u00a0domicilio o bien que se se\u00f1ale un domicilio en el extranjero; clave\u00a0en el\u00a0RFC con homoclave\u00a0del deudor y en general si no se cuenta con un sujeto o domicilio determinado a qui\u00e9n y en\u00a0d\u00f3nde hacer efectivo el cobro de los cr\u00e9ditos fiscales. En los supuestos que se reciba\u00a0documentaci\u00f3n incompleta o faltante de alguno de los requisitos se\u00f1alados en la presente\u00a0regla, se devolver\u00e1 la documentaci\u00f3n en un plazo no mayor a cinco d\u00edas contados a partir\u00a0del d\u00eda de la recepci\u00f3n, a efecto de que la autoridad emisora subsane las omisiones.<\/div>\n<div class=\"Texto\">\u00a0\u00a0\u00a0\u00a0\u00a0\u00a0\u00a0\u00a0\u00a0\u00a0\u00a0\u00a0\u00a0\u00a0\u00a0\u00a0\u00a0\u00a0\u00a0Trat\u00e1ndose de multas y de la reparaci\u00f3n del da\u00f1o que imponga el Poder Judicial de la\u00a0Federaci\u00f3n que se remitan al SAT, resulta necesario que se proporcionen los datos de la\u00a0clave en el RFC con homoclave, CURP o fecha de nacimiento, nombre, denominaci\u00f3n o\u00a0raz\u00f3n social y, en su caso, del representante legal que permitan la identificaci\u00f3n del deudor\u00a0y su domicilio precisando calle, n\u00famero exterior, n\u00famero interior, colonia, localidad, c\u00f3digo\u00a0postal, municipio o alcald\u00eda, entidad federativa, seg\u00fan se trate, o aquel domicilio en que\u00a0pueda ser localizado el sancionado, en el entendido de que cuando se trate de funcionarios\u00a0p\u00fablicos, la multa deber\u00e1 estar determinada a la persona f\u00edsica que cometi\u00f3 la infracci\u00f3n.<\/div>\n<div class=\"Texto\">\u00a0\u00a0\u00a0\u00a0\u00a0\u00a0\u00a0\u00a0\u00a0\u00a0\u00a0\u00a0\u00a0\u00a0\u00a0\u00a0\u00a0\u00a0\u00a0&#8230;&#8230;&#8230;&#8230;&#8230;&#8230;&#8230;&#8230;&#8230;&#8230;&#8230;&#8230;&#8230;&#8230;&#8230;&#8230;&#8230;&#8230;&#8230;&#8230;&#8230;&#8230;&#8230;&#8230;&#8230;&#8230;&#8230;&#8230;<\/div>\n<div class=\"Texto\">\u00a0\u00a0\u00a0\u00a0\u00a0\u00a0\u00a0\u00a0\u00a0\u00a0\u00a0\u00a0\u00a0\u00a0\u00a0\u00a0\u00a0\u00a0\u00a0Para las multas administrativas federales no fiscales que se env\u00eden a las entidades<\/div>\n<div class=\"Texto\">federativas, los requisitos contenidos en el inciso b) de la fracci\u00f3n I que antecede, se podr\u00e1n\u00a0requisitar de manera opcional en caso de que se cuente con dicha informaci\u00f3n. Asimismo,\u00a0el requisito de la fracci\u00f3n II, inciso h) de la presente regla, no ser\u00e1 aplicable para las multas\u00a0referidas en este p\u00e1rrafo.<\/div>\n<div class=\"Texto\">\u00a0\u00a0\u00a0\u00a0\u00a0\u00a0\u00a0\u00a0\u00a0\u00a0\u00a0\u00a0\u00a0\u00a0\u00a0\u00a0\u00a0\u00a0\u00a0CFF 4, Ley de Coordinaci\u00f3n Fiscal 13, RMF 2019 2.1.42.<\/div>\n<div class=\"Texto\">\u00a0\u00a0\u00a0\u00a0\u00a0\u00a0\u00a0\u00a0\u00a0\u00a0\u00a0\u00a0\u00a0\u00a0\u00a0\u00a0\u00a0\u00a0\u00a0Opci\u00f3n para no presentar la declaraci\u00f3n informativa de fiduciarias e informaci\u00f3n de\u00a0fideicomisos que generan ingresos<\/div>\n<div><\/div>\n<div><\/div>\n<div>Para mayor informaci\u00f3n consulta el siguiente link: https:\/\/www.dof.gob.mx\/nota_detalle.php?codigo=5568414&amp;fecha=20\/08\/2019<\/div>\n","protected":false},"excerpt":{"rendered":"<p>PRIMERA\u00a0Resoluci\u00f3n de Modificaciones a la Resoluci\u00f3n Miscel\u00e1nea Fiscal para 2019 y sus anexos 1 y 1-A. Al margen un sello con el Escudo Nacional, que dice: Estados Unidos Mexicanos.- HACIENDA.- Secretar\u00eda de\u00a0Hacienda y Cr\u00e9dito P\u00fablico.-\u00a0Servicio de Administraci\u00f3n Tributaria. PRIMERA RESOLUCI\u00d3N [&hellip;]<\/p>\n","protected":false},"author":1,"featured_media":2016,"comment_status":"open","ping_status":"open","sticky":false,"template":"","format":"standard","meta":{"inline_featured_image":false,"_jetpack_memberships_contains_paid_content":false,"footnotes":""},"categories":[174],"tags":[],"class_list":["post-4546","post","type-post","status-publish","format-standard","has-post-thumbnail","hentry","category-publicaciones-d-o-f"],"yoast_head":"<!-- This site is optimized with the Yoast SEO plugin v20.9 - https:\/\/yoast.com\/wordpress\/plugins\/seo\/ -->\n<title>PRIMERA Resoluci\u00f3n de Modificaciones a la Resoluci\u00f3n Miscel\u00e1nea Fiscal para 2019 y sus anexos 1 y 1-A. - Campa<\/title>\n<meta name=\"robots\" content=\"index, follow, max-snippet:-1, max-image-preview:large, max-video-preview:-1\" \/>\n<link rel=\"canonical\" href=\"https:\/\/www.campa.com.mx\/site\/primera-resolucion-de-modificaciones-a-la-resolucion-miscelanea-fiscal-para-2019-y-sus-anexos-1-y-1-a\/\" \/>\n<meta property=\"og:locale\" content=\"es_ES\" \/>\n<meta property=\"og:type\" content=\"article\" \/>\n<meta property=\"og:title\" content=\"PRIMERA Resoluci\u00f3n de Modificaciones a la Resoluci\u00f3n Miscel\u00e1nea Fiscal para 2019 y sus anexos 1 y 1-A. - Campa\" \/>\n<meta property=\"og:description\" content=\"PRIMERA\u00a0Resoluci\u00f3n de Modificaciones a la Resoluci\u00f3n Miscel\u00e1nea Fiscal para 2019 y sus anexos 1 y 1-A. Al margen un sello con el Escudo Nacional, que dice: Estados Unidos Mexicanos.- HACIENDA.- Secretar\u00eda de\u00a0Hacienda y Cr\u00e9dito P\u00fablico.-\u00a0Servicio de Administraci\u00f3n Tributaria. PRIMERA RESOLUCI\u00d3N [&hellip;]\" \/>\n<meta property=\"og:url\" content=\"https:\/\/www.campa.com.mx\/site\/primera-resolucion-de-modificaciones-a-la-resolucion-miscelanea-fiscal-para-2019-y-sus-anexos-1-y-1-a\/\" \/>\n<meta property=\"og:site_name\" content=\"Campa\" \/>\n<meta property=\"article:publisher\" content=\"https:\/\/www.facebook.com\/MovimientoAnexo24\" \/>\n<meta property=\"article:published_time\" content=\"2019-08-20T18:50:11+00:00\" \/>\n<meta property=\"og:image\" content=\"https:\/\/www.campa.com.mx\/site\/wp-content\/uploads\/2017\/09\/diario-oficial-de-la-federacion-logo.png\" \/>\n\t<meta property=\"og:image:width\" content=\"1196\" \/>\n\t<meta property=\"og:image:height\" content=\"696\" \/>\n\t<meta property=\"og:image:type\" content=\"image\/png\" \/>\n<meta name=\"author\" content=\"campa\" \/>\n<meta name=\"twitter:card\" content=\"summary_large_image\" \/>\n<meta name=\"twitter:creator\" content=\"@artycampa\" \/>\n<meta name=\"twitter:site\" content=\"@artycampa\" \/>\n<meta name=\"twitter:label1\" content=\"Escrito por\" \/>\n\t<meta name=\"twitter:data1\" content=\"campa\" \/>\n\t<meta name=\"twitter:label2\" content=\"Tiempo de lectura\" \/>\n\t<meta name=\"twitter:data2\" content=\"7 minutos\" \/>\n<script type=\"application\/ld+json\" class=\"yoast-schema-graph\">{\"@context\":\"https:\/\/schema.org\",\"@graph\":[{\"@type\":\"WebPage\",\"@id\":\"https:\/\/www.campa.com.mx\/site\/primera-resolucion-de-modificaciones-a-la-resolucion-miscelanea-fiscal-para-2019-y-sus-anexos-1-y-1-a\/\",\"url\":\"https:\/\/www.campa.com.mx\/site\/primera-resolucion-de-modificaciones-a-la-resolucion-miscelanea-fiscal-para-2019-y-sus-anexos-1-y-1-a\/\",\"name\":\"PRIMERA Resoluci\u00f3n de Modificaciones a la Resoluci\u00f3n Miscel\u00e1nea Fiscal para 2019 y sus anexos 1 y 1-A. - Campa\",\"isPartOf\":{\"@id\":\"https:\/\/www.campa.com.mx\/site\/#website\"},\"datePublished\":\"2019-08-20T18:50:11+00:00\",\"dateModified\":\"2019-08-20T18:50:11+00:00\",\"author\":{\"@id\":\"https:\/\/www.campa.com.mx\/site\/#\/schema\/person\/5bf1874b81661ed013f5aa29df30761c\"},\"breadcrumb\":{\"@id\":\"https:\/\/www.campa.com.mx\/site\/primera-resolucion-de-modificaciones-a-la-resolucion-miscelanea-fiscal-para-2019-y-sus-anexos-1-y-1-a\/#breadcrumb\"},\"inLanguage\":\"es\",\"potentialAction\":[{\"@type\":\"ReadAction\",\"target\":[\"https:\/\/www.campa.com.mx\/site\/primera-resolucion-de-modificaciones-a-la-resolucion-miscelanea-fiscal-para-2019-y-sus-anexos-1-y-1-a\/\"]}]},{\"@type\":\"BreadcrumbList\",\"@id\":\"https:\/\/www.campa.com.mx\/site\/primera-resolucion-de-modificaciones-a-la-resolucion-miscelanea-fiscal-para-2019-y-sus-anexos-1-y-1-a\/#breadcrumb\",\"itemListElement\":[{\"@type\":\"ListItem\",\"position\":1,\"name\":\"Portada\",\"item\":\"https:\/\/www.campa.com.mx\/site\/\"},{\"@type\":\"ListItem\",\"position\":2,\"name\":\"PRIMERA Resoluci\u00f3n de Modificaciones a la Resoluci\u00f3n Miscel\u00e1nea Fiscal para 2019 y sus anexos 1 y 1-A.\"}]},{\"@type\":\"WebSite\",\"@id\":\"https:\/\/www.campa.com.mx\/site\/#website\",\"url\":\"https:\/\/www.campa.com.mx\/site\/\",\"name\":\"Campa\",\"description\":\"Tecnolog\u00eda - Comercio Exterior - Servicios\",\"potentialAction\":[{\"@type\":\"SearchAction\",\"target\":{\"@type\":\"EntryPoint\",\"urlTemplate\":\"https:\/\/www.campa.com.mx\/site\/?s={search_term_string}\"},\"query-input\":\"required name=search_term_string\"}],\"inLanguage\":\"es\"},{\"@type\":\"Person\",\"@id\":\"https:\/\/www.campa.com.mx\/site\/#\/schema\/person\/5bf1874b81661ed013f5aa29df30761c\",\"name\":\"campa\",\"image\":{\"@type\":\"ImageObject\",\"inLanguage\":\"es\",\"@id\":\"https:\/\/www.campa.com.mx\/site\/#\/schema\/person\/image\/\",\"url\":\"https:\/\/secure.gravatar.com\/avatar\/921e6e5cffb9d78857948e938192591b9fd4168d0b55cc795582b49d9dc52bb1?s=96&d=mm&r=g\",\"contentUrl\":\"https:\/\/secure.gravatar.com\/avatar\/921e6e5cffb9d78857948e938192591b9fd4168d0b55cc795582b49d9dc52bb1?s=96&d=mm&r=g\",\"caption\":\"campa\"}}]}<\/script>\n<!-- \/ Yoast SEO plugin. -->","yoast_head_json":{"title":"PRIMERA Resoluci\u00f3n de Modificaciones a la Resoluci\u00f3n Miscel\u00e1nea Fiscal para 2019 y sus anexos 1 y 1-A. - Campa","robots":{"index":"index","follow":"follow","max-snippet":"max-snippet:-1","max-image-preview":"max-image-preview:large","max-video-preview":"max-video-preview:-1"},"canonical":"https:\/\/www.campa.com.mx\/site\/primera-resolucion-de-modificaciones-a-la-resolucion-miscelanea-fiscal-para-2019-y-sus-anexos-1-y-1-a\/","og_locale":"es_ES","og_type":"article","og_title":"PRIMERA Resoluci\u00f3n de Modificaciones a la Resoluci\u00f3n Miscel\u00e1nea Fiscal para 2019 y sus anexos 1 y 1-A. - Campa","og_description":"PRIMERA\u00a0Resoluci\u00f3n de Modificaciones a la Resoluci\u00f3n Miscel\u00e1nea Fiscal para 2019 y sus anexos 1 y 1-A. Al margen un sello con el Escudo Nacional, que dice: Estados Unidos Mexicanos.- HACIENDA.- Secretar\u00eda de\u00a0Hacienda y Cr\u00e9dito P\u00fablico.-\u00a0Servicio de Administraci\u00f3n Tributaria. PRIMERA RESOLUCI\u00d3N [&hellip;]","og_url":"https:\/\/www.campa.com.mx\/site\/primera-resolucion-de-modificaciones-a-la-resolucion-miscelanea-fiscal-para-2019-y-sus-anexos-1-y-1-a\/","og_site_name":"Campa","article_publisher":"https:\/\/www.facebook.com\/MovimientoAnexo24","article_published_time":"2019-08-20T18:50:11+00:00","og_image":[{"width":1196,"height":696,"url":"https:\/\/www.campa.com.mx\/site\/wp-content\/uploads\/2017\/09\/diario-oficial-de-la-federacion-logo.png","type":"image\/png"}],"author":"campa","twitter_card":"summary_large_image","twitter_creator":"@artycampa","twitter_site":"@artycampa","twitter_misc":{"Escrito por":"campa","Tiempo de lectura":"7 minutos"},"schema":{"@context":"https:\/\/schema.org","@graph":[{"@type":"WebPage","@id":"https:\/\/www.campa.com.mx\/site\/primera-resolucion-de-modificaciones-a-la-resolucion-miscelanea-fiscal-para-2019-y-sus-anexos-1-y-1-a\/","url":"https:\/\/www.campa.com.mx\/site\/primera-resolucion-de-modificaciones-a-la-resolucion-miscelanea-fiscal-para-2019-y-sus-anexos-1-y-1-a\/","name":"PRIMERA Resoluci\u00f3n de Modificaciones a la Resoluci\u00f3n Miscel\u00e1nea Fiscal para 2019 y sus anexos 1 y 1-A. - Campa","isPartOf":{"@id":"https:\/\/www.campa.com.mx\/site\/#website"},"datePublished":"2019-08-20T18:50:11+00:00","dateModified":"2019-08-20T18:50:11+00:00","author":{"@id":"https:\/\/www.campa.com.mx\/site\/#\/schema\/person\/5bf1874b81661ed013f5aa29df30761c"},"breadcrumb":{"@id":"https:\/\/www.campa.com.mx\/site\/primera-resolucion-de-modificaciones-a-la-resolucion-miscelanea-fiscal-para-2019-y-sus-anexos-1-y-1-a\/#breadcrumb"},"inLanguage":"es","potentialAction":[{"@type":"ReadAction","target":["https:\/\/www.campa.com.mx\/site\/primera-resolucion-de-modificaciones-a-la-resolucion-miscelanea-fiscal-para-2019-y-sus-anexos-1-y-1-a\/"]}]},{"@type":"BreadcrumbList","@id":"https:\/\/www.campa.com.mx\/site\/primera-resolucion-de-modificaciones-a-la-resolucion-miscelanea-fiscal-para-2019-y-sus-anexos-1-y-1-a\/#breadcrumb","itemListElement":[{"@type":"ListItem","position":1,"name":"Portada","item":"https:\/\/www.campa.com.mx\/site\/"},{"@type":"ListItem","position":2,"name":"PRIMERA Resoluci\u00f3n de Modificaciones a la Resoluci\u00f3n Miscel\u00e1nea Fiscal para 2019 y sus anexos 1 y 1-A."}]},{"@type":"WebSite","@id":"https:\/\/www.campa.com.mx\/site\/#website","url":"https:\/\/www.campa.com.mx\/site\/","name":"Campa","description":"Tecnolog\u00eda - Comercio Exterior - Servicios","potentialAction":[{"@type":"SearchAction","target":{"@type":"EntryPoint","urlTemplate":"https:\/\/www.campa.com.mx\/site\/?s={search_term_string}"},"query-input":"required name=search_term_string"}],"inLanguage":"es"},{"@type":"Person","@id":"https:\/\/www.campa.com.mx\/site\/#\/schema\/person\/5bf1874b81661ed013f5aa29df30761c","name":"campa","image":{"@type":"ImageObject","inLanguage":"es","@id":"https:\/\/www.campa.com.mx\/site\/#\/schema\/person\/image\/","url":"https:\/\/secure.gravatar.com\/avatar\/921e6e5cffb9d78857948e938192591b9fd4168d0b55cc795582b49d9dc52bb1?s=96&d=mm&r=g","contentUrl":"https:\/\/secure.gravatar.com\/avatar\/921e6e5cffb9d78857948e938192591b9fd4168d0b55cc795582b49d9dc52bb1?s=96&d=mm&r=g","caption":"campa"}}]}},"jetpack_featured_media_url":"https:\/\/www.campa.com.mx\/site\/wp-content\/uploads\/2017\/09\/diario-oficial-de-la-federacion-logo.png","jetpack_sharing_enabled":true,"_links":{"self":[{"href":"https:\/\/www.campa.com.mx\/site\/wp-json\/wp\/v2\/posts\/4546","targetHints":{"allow":["GET"]}}],"collection":[{"href":"https:\/\/www.campa.com.mx\/site\/wp-json\/wp\/v2\/posts"}],"about":[{"href":"https:\/\/www.campa.com.mx\/site\/wp-json\/wp\/v2\/types\/post"}],"author":[{"embeddable":true,"href":"https:\/\/www.campa.com.mx\/site\/wp-json\/wp\/v2\/users\/1"}],"replies":[{"embeddable":true,"href":"https:\/\/www.campa.com.mx\/site\/wp-json\/wp\/v2\/comments?post=4546"}],"version-history":[{"count":1,"href":"https:\/\/www.campa.com.mx\/site\/wp-json\/wp\/v2\/posts\/4546\/revisions"}],"predecessor-version":[{"id":4547,"href":"https:\/\/www.campa.com.mx\/site\/wp-json\/wp\/v2\/posts\/4546\/revisions\/4547"}],"wp:featuredmedia":[{"embeddable":true,"href":"https:\/\/www.campa.com.mx\/site\/wp-json\/wp\/v2\/media\/2016"}],"wp:attachment":[{"href":"https:\/\/www.campa.com.mx\/site\/wp-json\/wp\/v2\/media?parent=4546"}],"wp:term":[{"taxonomy":"category","embeddable":true,"href":"https:\/\/www.campa.com.mx\/site\/wp-json\/wp\/v2\/categories?post=4546"},{"taxonomy":"post_tag","embeddable":true,"href":"https:\/\/www.campa.com.mx\/site\/wp-json\/wp\/v2\/tags?post=4546"}],"curies":[{"name":"wp","href":"https:\/\/api.w.org\/{rel}","templated":true}]}}